{"id":10153,"date":"2025-05-02T17:14:16","date_gmt":"2025-05-02T15:14:16","guid":{"rendered":"https:\/\/www.forbes.be\/fr\/?p=10153"},"modified":"2025-05-03T21:31:46","modified_gmt":"2025-05-03T19:31:46","slug":"aedifica-veut-gentiment-avaler-cofinimmo","status":"publish","type":"post","link":"https:\/\/www.forbes.be\/fr\/aedifica-veut-gentiment-avaler-cofinimmo\/","title":{"rendered":"Aedifica veut \u00ab\u00a0gentiment\u00a0\u00bb avaler Cofinimmo"},"content":{"rendered":"<p style=\"font-weight: 400;\"><strong>Le sp\u00e9cialiste de l&rsquo;immobilier de sant\u00e9 Aedifica a lanc\u00e9 hier une offre d&rsquo;\u00e9change d&rsquo;actions qui fait sens \u00e0 l\u2019attention de son concurrent Cofinimmo. Si l&rsquo;op\u00e9ration r\u00e9ussit, elle accouchera du plus gros propri\u00e9taire immobilier cot\u00e9 belge.<\/strong><\/p>\n<p style=\"font-weight: 400;\">De m\u00e9moire de journaliste immobilier, c\u2019est une op\u00e9ration boursi\u00e8re qui fera date, quelle qu\u2019en soit l\u2019issue. Et elle tombe sous le sens: elle concerne en effet deux soci\u00e9t\u00e9s immobili\u00e8res r\u00e9glement\u00e9es du Bel 20 leaders europ\u00e9ennes sur le m\u00eame segment de march\u00e9 de la sant\u00e9, \u00e0 savoir <a href=\"https:\/\/aedifica.eu\">Aedifica<\/a>, l\u2019acheteuse, et <a href=\"https:\/\/www.cofinimmo.com\/accueil\/\">Cofinimmo<\/a>, l\u2019achet\u00e9e potentielle.<\/p>\n<p style=\"font-weight: 400;\"><img loading=\"lazy\" decoding=\"async\" class=\"alignnone size-full wp-image-10160\" src=\"https:\/\/www.forbes.be\/fr\/wp-content\/uploads\/2025\/05\/aedcof.jpg\" alt=\"\" width=\"390\" height=\"200\" \/><\/p>\n<p style=\"font-weight: 400;\">Les cours des deux soci\u00e9t\u00e9s concern\u00e9es ont \u00e9t\u00e9 suspendus d\u00e8s mercredi apr\u00e8s-midi, moment choisi par la premi\u00e8re pour annoncer officiellement aux autorit\u00e9s de march\u00e9 son offre d&rsquo;\u00e9change (OPE) lanc\u00e9e sur sa concurrente. Dans le communiqu\u00e9 officiel d\u2019Aedifica re\u00e7u jeudi apr\u00e8s cl\u00f4ture de Bourse, on peut lire qu\u2019il s\u2019agit d\u2019une \u00ab\u00a0offre volontaire sur 100% des actions Cofinimmo sur la base d\u2019un ratio d\u2019\u00e9change propos\u00e9 de 1,16 nouvelle action Aedifica par action Cofinimmo\u00a0\u00bb avec un seuil d&rsquo;acceptation minimum de 50% plus une action sans quoi l&rsquo;op\u00e9ration n&rsquo;aura pas lieu. L&rsquo;intention avou\u00e9e est de parvenir rapidement \u00e0 un <em>squeeze out<\/em> si le seuil des 95% est atteint.<\/p>\n<p style=\"font-weight: 400;\">Depuis l\u2019annonce de cette OPE qui fera date, l\u2019action Cofinimmo est repartie \u00e0 la hausse (+7%). Une hausse justifi\u00e9e car \u00ab\u00a0<strong>le prix d\u2019offre implicite de 80,91 euros par action<\/strong> repr\u00e9sente une <strong>prime de 20,8%<\/strong> par rapport au prix de l\u2019action Cofinimmo non perturb\u00e9 de 67 euros au 30 avril 2025 \u00e0 16h02&Prime;, motive, chiffres \u00e0 l\u2019appui, Aedifica.<\/p>\n<p style=\"font-weight: 400;\">Pour <strong><a href=\"https:\/\/www.linkedin.com\/posts\/eric-verlinden-b0339313_la-communaut%C3%A9-de-communes-de-l%C3%AEle-dol%C3%A9ron-activity-7323009948638973952-8Pkn?utm_source=share&amp;utm_medium=member_ios&amp;rcm=ACoAAAEVY48ByNhak5QowELkK8fz1jLjTFtbaaQ\">Eric Verlinden<\/a>, observateur averti du march\u00e9 belge et ex-CEO de Trevi<\/strong>, il s\u2019agit d\u2019un \u00ab Excellent coup de Stefaan Gielens, un patron humble et ambitieux dont l\u2019opportunisme n\u2019est plus \u00e0 d\u00e9montrer. En cotant Cofinimmo \u00e0 81\u20ac euros, il donne une plus-value de 15% sur le cours actuel\u2026 mais offre une valeur encore tr\u00e8s attractive \u00bb. Selon lui, endormie depuis quelques ann\u00e9es d\u00e9j\u00e0, Cofinimmo paie son inertie: \u00ab Il y a 15 ans, Aedifica \u00e9tait une petite SIR tr\u00e8s r\u00e9sidentielle en comparaison du g\u00e9ant Cofinimmo, alors l\u2019empereur des bureaux \u00bb. Et de conclure: \u00ab Il s\u2019agit d\u2019une belle le\u00e7on d\u2019humilit\u00e9 pour tous les CEO. Les actionnaires de Cofinimmo auraient tout int\u00e9r\u00eat \u00e0 accepter: le cours de l\u2019action retrouvera certainement plus vite ses couleurs avec un management tr\u00e8s efficace et performant! \u00bb<\/p>\n<h3 style=\"font-weight: 400;\"><strong>Le plus gros investisseur immobilier cot\u00e9 du pays<\/strong><\/h3>\n<p style=\"font-weight: 400;\">Pour Aedifica, qui profite du cours d\u00e9pr\u00e9ci\u00e9 de la plupart des soci\u00e9t\u00e9s immobili\u00e8res cot\u00e9es depuis l\u2019intronisation de Donald Trump \u00e0 la pr\u00e9sidence US et de l\u2019effet d\u00e9l\u00e9t\u00e8re de ses d\u00e9cisions sur les march\u00e9s mondiaux, le moment est particuli\u00e8rement choisi: <strong>en 2021, le cours de l&rsquo;action Cofinimmo a culmin\u00e9 \u00e0 140 euros<\/strong>. Mais au-del\u00e0 de l\u2019opportunit\u00e9 financi\u00e8re conjoncturelle exploit\u00e9e par <a href=\"https:\/\/www.linkedin.com\/in\/stefaan-gielens-5122684\/?originalSubdomain=be\"><strong>Stefaan Gielens<\/strong><\/a>, son opportuniste CEO depuis 20 ans, <strong>l\u2019offre d&rsquo;Aedifica <\/strong><strong>est surtout pertinente en termes industriels, les deux portefeuilles immobiliers historiques \u00e9tant \u00e0 la fois g\u00e9ographiquement compl\u00e9mentaires et fonctionnellement proches<\/strong>.<\/p>\n<p style=\"font-weight: 400;\">\u00ab\u00a0La transaction combinera le portefeuille d\u2019Aedifica sur ses march\u00e9s principaux actuels avec celui de Cofinimmo (<strong>Belgique, Allemagne, Pays-Bas, Royaume-Uni, Finlande et Irlande<\/strong>), augmentera sa pr\u00e9sence en Espagne et installera une premi\u00e8re pr\u00e9sence en France et en Italie\u00a0\u00bb, motive d&rsquo;ailleurs Aedifica avant d\u2019ajouter que le portefeuille combin\u00e9 devrait diversifier davantage le profil des locataires, le poids des 10 principaux occupants passant de 47% chez Aedifica \u00e0 43% dans le groupe combin\u00e9.<\/p>\n<p>Valoris\u00e9 \u00e0 quelque 2,68 milliards d\u2019euros, le portfolio d\u00e9tenu par Cofinimmo avoisine actuellement les<strong> 6 milliards d&rsquo;euros de capitalisation brute<\/strong> (Gross Asset Value) et est majoritairement compos\u00e9 d\u2019immobilier de sant\u00e9 (77%).<\/p>\n<figure id=\"attachment_10158\" aria-describedby=\"caption-attachment-10158\" style=\"width: 2560px\" class=\"wp-caption alignnone\"><img loading=\"lazy\" decoding=\"async\" class=\"size-full wp-image-10158\" src=\"https:\/\/www.forbes.be\/fr\/wp-content\/uploads\/2025\/05\/cofinimmo-tableau1-q3-2021-scaled.png\" alt=\"\" width=\"2560\" height=\"1078\" srcset=\"https:\/\/www.forbes.be\/fr\/wp-content\/uploads\/2025\/05\/cofinimmo-tableau1-q3-2021-scaled.png 2560w, https:\/\/www.forbes.be\/fr\/wp-content\/uploads\/2025\/05\/cofinimmo-tableau1-q3-2021-300x126.png 300w, https:\/\/www.forbes.be\/fr\/wp-content\/uploads\/2025\/05\/cofinimmo-tableau1-q3-2021-1024x431.png 1024w, https:\/\/www.forbes.be\/fr\/wp-content\/uploads\/2025\/05\/cofinimmo-tableau1-q3-2021-768x323.png 768w, https:\/\/www.forbes.be\/fr\/wp-content\/uploads\/2025\/05\/cofinimmo-tableau1-q3-2021-1536x647.png 1536w, https:\/\/www.forbes.be\/fr\/wp-content\/uploads\/2025\/05\/cofinimmo-tableau1-q3-2021-2048x862.png 2048w, https:\/\/www.forbes.be\/fr\/wp-content\/uploads\/2025\/05\/cofinimmo-tableau1-q3-2021-696x293.png 696w, https:\/\/www.forbes.be\/fr\/wp-content\/uploads\/2025\/05\/cofinimmo-tableau1-q3-2021-1068x450.png 1068w, https:\/\/www.forbes.be\/fr\/wp-content\/uploads\/2025\/05\/cofinimmo-tableau1-q3-2021-1920x808.png 1920w, https:\/\/www.forbes.be\/fr\/wp-content\/uploads\/2025\/05\/cofinimmo-tableau1-q3-2021-600x253.png 600w\" sizes=\"auto, (max-width: 2560px) 100vw, 2560px\" \/><figcaption id=\"caption-attachment-10158\" class=\"wp-caption-text\">R\u00e9partition par fonction (occupants) du portefeuille immobilier de Cofiimmo, 2021<\/figcaption><\/figure>\n<p style=\"font-weight: 400;\">Aedifica, dont la derni\u00e8re capitalisation boursi\u00e8re flottante culminait \u00e0 <strong>3,36 milliards d&rsquo;euros<\/strong>, est pour sa part quasi totalement focalis\u00e9e sur l\u2019immobilier de soins avec un portefeuille estim\u00e9 lui aussi \u00e0 <strong>plus de 6 milliards d\u2019euros (GAV)<\/strong>.<\/p>\n<figure id=\"attachment_10156\" aria-describedby=\"caption-attachment-10156\" style=\"width: 2038px\" class=\"wp-caption alignnone\"><img loading=\"lazy\" decoding=\"async\" class=\"size-full wp-image-10156\" src=\"https:\/\/www.forbes.be\/fr\/wp-content\/uploads\/2025\/05\/portefeuille-aedifica4.png\" alt=\"\" width=\"2038\" height=\"748\" srcset=\"https:\/\/www.forbes.be\/fr\/wp-content\/uploads\/2025\/05\/portefeuille-aedifica4.png 2038w, https:\/\/www.forbes.be\/fr\/wp-content\/uploads\/2025\/05\/portefeuille-aedifica4-300x110.png 300w, https:\/\/www.forbes.be\/fr\/wp-content\/uploads\/2025\/05\/portefeuille-aedifica4-1024x376.png 1024w, https:\/\/www.forbes.be\/fr\/wp-content\/uploads\/2025\/05\/portefeuille-aedifica4-768x282.png 768w, https:\/\/www.forbes.be\/fr\/wp-content\/uploads\/2025\/05\/portefeuille-aedifica4-1536x564.png 1536w, https:\/\/www.forbes.be\/fr\/wp-content\/uploads\/2025\/05\/portefeuille-aedifica4-696x255.png 696w, https:\/\/www.forbes.be\/fr\/wp-content\/uploads\/2025\/05\/portefeuille-aedifica4-1068x392.png 1068w, https:\/\/www.forbes.be\/fr\/wp-content\/uploads\/2025\/05\/portefeuille-aedifica4-1920x705.png 1920w, https:\/\/www.forbes.be\/fr\/wp-content\/uploads\/2025\/05\/portefeuille-aedifica4-600x220.png 600w\" sizes=\"auto, (max-width: 2038px) 100vw, 2038px\" \/><figcaption id=\"caption-attachment-10156\" class=\"wp-caption-text\">R\u00e9partition g\u00e9ographique et fonctionnelle du portefeuille immobilier d&rsquo;Aedifica, 2021<\/figcaption><\/figure>\n<p style=\"font-weight: 400;\">En cas de r\u00e9ussite de l\u2019op\u00e9ration d\u2019\u00e9change, la nouvelle entit\u00e9 belge fusionn\u00e9e disposera d\u2019un portefeuille immobilier pan-europ\u00e9en valoris\u00e9 \u00e0 <strong>12,1 milliards d&rsquo;euros (<\/strong>GAV) et affichant une capitalisation boursi\u00e8re flottante d\u00e9passant <strong>5,8 milliards d\u2019euros<\/strong>, <strong>devenant de facto le plus gros investisseur immobilier cot\u00e9 du pays et le premier de sa classe sur le march\u00e9 europ\u00e9en.<\/strong><\/p>\n<p style=\"font-weight: 400;\">Mais rien n\u2019est encore fait pour l\u2019instant. Sur le coup de 22 heures hier jeudi, <a href=\"https:\/\/www.cofinimmo.com\/actualites-media\/communiques-de-presse\/\">Cofinimmo r\u00e9agissait par un (tr\u00e8s) laconique communiqu\u00e9 officiel<\/a> pour indiquer que son Conseil d&rsquo;Administration \u00e9valuait la proposition d&rsquo;Aedifica dans l\u2019int\u00e9r\u00eat de Cofinimmo et de ses actionnaires, que la proposition d&rsquo;Aedifica \u00e9tait non-liante et conditionnelle et qu\u2019il n&rsquo;y avait \u00e0 ce stade aucune certitude que Cofinimmo entame des discussions avec Aedifica, ni qu&rsquo;Aedifica fasse une offre. Cofinimmo concluait en annon\u00e7ant qu\u2019elle informerait le march\u00e9 en temps utile conform\u00e9ment \u00e0 ses obligations l\u00e9gales.<\/p>\n<h3><strong>D\u00e9lit d\u2019initi\u00e9 ?<\/strong><\/h3>\n<p style=\"font-weight: 400;\">Selon nos confr\u00e8res de L\u2019Echo, des soup\u00e7ons existaient autour de l\u2019op\u00e9ration d\u00e8s la s\u00e9ance boursi\u00e8re de mercredi. Juste avant sa suspension, l\u2019action avait en effet brusquement bondi de 67 \u00e0 plus de 70 euros en quelques minutes. Des rumeurs de march\u00e9 sur l\u2019op\u00e9ration circulaient d\u2019ailleurs sur certains blogs comme celui de <a href=\"https:\/\/www.betaville.co.uk\/betaville-intelligence\/o2wwzpy3bnrti8c5zzb45k8yi5pam7u8t0en\">Betaville<\/a> et rien n\u2019exclut que certains acteurs, au fait de la transaction qui se pr\u00e9parait, en aient profit\u00e9 pour passer \u00e0 l\u2019achat, ce qui rel\u00e8verait de ce qu\u2019on appelle un d\u00e9lit d\u2019initi\u00e9. La FSMA s\u2019appr\u00eate d\u2019ailleurs \u00e0 lancer une enqu\u00eate sur ces mouvements suspects.<\/p>\n<p style=\"font-weight: 400;\">\n","protected":false},"excerpt":{"rendered":"<p>Le sp\u00e9cialiste de l&rsquo;immobilier de sant\u00e9 Aedifica a lanc\u00e9 hier une offre d&rsquo;\u00e9change d&rsquo;actions qui fait sens \u00e0 l\u2019attention de son concurrent Cofinimmo. Si l&rsquo;op\u00e9ration r\u00e9ussit, elle accouchera du plus gros propri\u00e9taire immobilier cot\u00e9 belge. De m\u00e9moire de journaliste immobilier, c\u2019est une op\u00e9ration boursi\u00e8re qui fera date, quelle qu\u2019en soit l\u2019issue. Et elle tombe sous [&hellip;]<\/p>\n","protected":false},"author":15,"featured_media":10161,"comment_status":"closed","ping_status":"closed","sticky":false,"template":"","format":"standard","meta":{"_acf_changed":false,"inline_featured_image":false,"footnotes":""},"categories":[1,19,16,24],"tags":[],"class_list":{"0":"post-10153","1":"post","2":"type-post","3":"status-publish","4":"format-standard","5":"has-post-thumbnail","7":"category-actualite","8":"category-entrepreneurs","9":"category-finance","10":"category-immobilier"},"acf":[],"_yoast_wpseo_title":null,"_yoast_wpseo_metadesc":"Aedifica a lanc\u00e9 hier une offre d'\u00e9change d'actions sur Cofinimmo. L'op\u00e9ration pourrait accoucher du plus gros propri\u00e9taire immobilier cot\u00e9 belge.","auteur_traducteur":"","yoast_head":"<!-- This site is optimized with the Yoast SEO plugin v27.4 - https:\/\/yoast.com\/product\/yoast-seo-wordpress\/ -->\n<title>Aedifica veut \u00ab\u00a0gentiment\u00a0\u00bb avaler Cofinimmo | Forbes Belgique<\/title>\n<meta name=\"description\" content=\"Aedifica a lanc\u00e9 hier une offre d&#039;\u00e9change d&#039;actions sur Cofinimmo. L&#039;op\u00e9ration pourrait accoucher du plus gros propri\u00e9taire immobilier cot\u00e9 belge.\" \/>\n<meta name=\"robots\" content=\"index, follow, max-snippet:-1, max-image-preview:large, max-video-preview:-1\" \/>\n<link rel=\"canonical\" href=\"https:\/\/www.forbes.be\/fr\/aedifica-veut-gentiment-avaler-cofinimmo\/\" \/>\n<meta property=\"og:locale\" content=\"fr_FR\" \/>\n<meta property=\"og:type\" content=\"article\" \/>\n<meta property=\"og:title\" content=\"Aedifica veut \u00ab\u00a0gentiment\u00a0\u00bb avaler Cofinimmo | Forbes Belgique\" \/>\n<meta property=\"og:description\" content=\"Aedifica a lanc\u00e9 hier une offre d&#039;\u00e9change d&#039;actions sur Cofinimmo. L&#039;op\u00e9ration pourrait accoucher du plus gros propri\u00e9taire immobilier cot\u00e9 belge.\" \/>\n<meta property=\"og:url\" content=\"https:\/\/www.forbes.be\/fr\/aedifica-veut-gentiment-avaler-cofinimmo\/\" \/>\n<meta property=\"og:site_name\" content=\"Forbes Belgique\" \/>\n<meta property=\"article:publisher\" content=\"https:\/\/www.facebook.com\/forbesbelgique\/\" \/>\n<meta property=\"article:published_time\" content=\"2025-05-02T15:14:16+00:00\" \/>\n<meta property=\"article:modified_time\" content=\"2025-05-03T19:31:46+00:00\" \/>\n<meta property=\"og:image\" content=\"https:\/\/www.forbes.be\/fr\/wp-content\/uploads\/2025\/05\/capture-decran-2025-05-02-a-171057.png\" \/>\n\t<meta property=\"og:image:width\" content=\"1826\" \/>\n\t<meta property=\"og:image:height\" content=\"890\" \/>\n\t<meta property=\"og:image:type\" content=\"image\/png\" \/>\n<meta name=\"author\" content=\"Philippe Coul\u00e9e\" \/>\n<meta name=\"twitter:card\" content=\"summary_large_image\" \/>\n<meta name=\"twitter:label1\" content=\"\u00c9crit par\" \/>\n\t<meta name=\"twitter:data1\" content=\"Philippe Coul\u00e9e\" \/>\n\t<meta name=\"twitter:label2\" content=\"Dur\u00e9e de lecture estim\u00e9e\" \/>\n\t<meta name=\"twitter:data2\" content=\"6 minutes\" \/>\n<script type=\"application\/ld+json\" class=\"yoast-schema-graph\">{\"@context\":\"https:\\\/\\\/schema.org\",\"@graph\":[{\"@type\":\"NewsArticle\",\"@id\":\"https:\\\/\\\/www.forbes.be\\\/fr\\\/aedifica-veut-gentiment-avaler-cofinimmo\\\/#article\",\"isPartOf\":{\"@id\":\"https:\\\/\\\/www.forbes.be\\\/fr\\\/aedifica-veut-gentiment-avaler-cofinimmo\\\/\"},\"author\":{\"name\":\"Philippe Coul\u00e9e\",\"@id\":\"https:\\\/\\\/www.forbes.be\\\/fr\\\/#\\\/schema\\\/person\\\/22bfc3335e560f4084ef5af17ecdad87\"},\"headline\":\"Aedifica veut \u00ab\u00a0gentiment\u00a0\u00bb avaler Cofinimmo\",\"datePublished\":\"2025-05-02T15:14:16+00:00\",\"dateModified\":\"2025-05-03T19:31:46+00:00\",\"mainEntityOfPage\":{\"@id\":\"https:\\\/\\\/www.forbes.be\\\/fr\\\/aedifica-veut-gentiment-avaler-cofinimmo\\\/\"},\"wordCount\":983,\"publisher\":{\"@id\":\"https:\\\/\\\/www.forbes.be\\\/fr\\\/#organization\"},\"image\":{\"@id\":\"https:\\\/\\\/www.forbes.be\\\/fr\\\/aedifica-veut-gentiment-avaler-cofinimmo\\\/#primaryimage\"},\"thumbnailUrl\":\"https:\\\/\\\/www.forbes.be\\\/fr\\\/wp-content\\\/uploads\\\/2025\\\/05\\\/capture-decran-2025-05-02-a-171057.png\",\"articleSection\":[\"Actualit\u00e9s\",\"Entrepreneurs\",\"Finance\",\"Immobilier\"],\"inLanguage\":\"fr-FR\"},{\"@type\":\"WebPage\",\"@id\":\"https:\\\/\\\/www.forbes.be\\\/fr\\\/aedifica-veut-gentiment-avaler-cofinimmo\\\/\",\"url\":\"https:\\\/\\\/www.forbes.be\\\/fr\\\/aedifica-veut-gentiment-avaler-cofinimmo\\\/\",\"name\":\"Aedifica veut \u00ab\u00a0gentiment\u00a0\u00bb avaler Cofinimmo | Forbes Belgique\",\"isPartOf\":{\"@id\":\"https:\\\/\\\/www.forbes.be\\\/fr\\\/#website\"},\"primaryImageOfPage\":{\"@id\":\"https:\\\/\\\/www.forbes.be\\\/fr\\\/aedifica-veut-gentiment-avaler-cofinimmo\\\/#primaryimage\"},\"image\":{\"@id\":\"https:\\\/\\\/www.forbes.be\\\/fr\\\/aedifica-veut-gentiment-avaler-cofinimmo\\\/#primaryimage\"},\"thumbnailUrl\":\"https:\\\/\\\/www.forbes.be\\\/fr\\\/wp-content\\\/uploads\\\/2025\\\/05\\\/capture-decran-2025-05-02-a-171057.png\",\"datePublished\":\"2025-05-02T15:14:16+00:00\",\"dateModified\":\"2025-05-03T19:31:46+00:00\",\"description\":\"Aedifica a lanc\u00e9 hier une offre d'\u00e9change d'actions sur Cofinimmo. L'op\u00e9ration pourrait accoucher du plus gros propri\u00e9taire immobilier cot\u00e9 belge.\",\"breadcrumb\":{\"@id\":\"https:\\\/\\\/www.forbes.be\\\/fr\\\/aedifica-veut-gentiment-avaler-cofinimmo\\\/#breadcrumb\"},\"inLanguage\":\"fr-FR\",\"potentialAction\":[{\"@type\":\"ReadAction\",\"target\":[\"https:\\\/\\\/www.forbes.be\\\/fr\\\/aedifica-veut-gentiment-avaler-cofinimmo\\\/\"]}]},{\"@type\":\"ImageObject\",\"inLanguage\":\"fr-FR\",\"@id\":\"https:\\\/\\\/www.forbes.be\\\/fr\\\/aedifica-veut-gentiment-avaler-cofinimmo\\\/#primaryimage\",\"url\":\"https:\\\/\\\/www.forbes.be\\\/fr\\\/wp-content\\\/uploads\\\/2025\\\/05\\\/capture-decran-2025-05-02-a-171057.png\",\"contentUrl\":\"https:\\\/\\\/www.forbes.be\\\/fr\\\/wp-content\\\/uploads\\\/2025\\\/05\\\/capture-decran-2025-05-02-a-171057.png\",\"width\":1826,\"height\":890,\"caption\":\"Stefaan Gielens, le CEO d'Aedifica depuis 2006, n'en est pas \u00e0 son coup d'essai. Mais cette fois, la croissance externe serait \u00e9norme.\"},{\"@type\":\"BreadcrumbList\",\"@id\":\"https:\\\/\\\/www.forbes.be\\\/fr\\\/aedifica-veut-gentiment-avaler-cofinimmo\\\/#breadcrumb\",\"itemListElement\":[{\"@type\":\"ListItem\",\"position\":1,\"name\":\"Accueil\",\"item\":\"https:\\\/\\\/www.forbes.be\\\/fr\\\/\"},{\"@type\":\"ListItem\",\"position\":2,\"name\":\"Aedifica veut \u00ab\u00a0gentiment\u00a0\u00bb avaler Cofinimmo\"}]},{\"@type\":\"WebSite\",\"@id\":\"https:\\\/\\\/www.forbes.be\\\/fr\\\/#website\",\"url\":\"https:\\\/\\\/www.forbes.be\\\/fr\\\/\",\"name\":\"Forbes Belgique\",\"description\":\"\",\"publisher\":{\"@id\":\"https:\\\/\\\/www.forbes.be\\\/fr\\\/#organization\"},\"potentialAction\":[{\"@type\":\"SearchAction\",\"target\":{\"@type\":\"EntryPoint\",\"urlTemplate\":\"https:\\\/\\\/www.forbes.be\\\/fr\\\/?s={search_term_string}\"},\"query-input\":{\"@type\":\"PropertyValueSpecification\",\"valueRequired\":true,\"valueName\":\"search_term_string\"}}],\"inLanguage\":\"fr-FR\"},{\"@type\":\"Organization\",\"@id\":\"https:\\\/\\\/www.forbes.be\\\/fr\\\/#organization\",\"name\":\"Forbes Belgique\",\"url\":\"https:\\\/\\\/www.forbes.be\\\/fr\\\/\",\"logo\":{\"@type\":\"ImageObject\",\"inLanguage\":\"fr-FR\",\"@id\":\"https:\\\/\\\/www.forbes.be\\\/fr\\\/#\\\/schema\\\/logo\\\/image\\\/\",\"url\":\"https:\\\/\\\/www.forbes.be\\\/fr\\\/wp-content\\\/uploads\\\/2024\\\/02\\\/forbes.be_.png\",\"contentUrl\":\"https:\\\/\\\/www.forbes.be\\\/fr\\\/wp-content\\\/uploads\\\/2024\\\/02\\\/forbes.be_.png\",\"width\":1200,\"height\":675,\"caption\":\"Forbes Belgique\"},\"image\":{\"@id\":\"https:\\\/\\\/www.forbes.be\\\/fr\\\/#\\\/schema\\\/logo\\\/image\\\/\"},\"sameAs\":[\"https:\\\/\\\/www.facebook.com\\\/forbesbelgique\\\/\",\"https:\\\/\\\/www.instagram.com\\\/Forbes_Belgium\",\"https:\\\/\\\/www.linkedin.com\\\/company\\\/forbes-belgium\\\/\"]},{\"@type\":\"Person\",\"@id\":\"https:\\\/\\\/www.forbes.be\\\/fr\\\/#\\\/schema\\\/person\\\/22bfc3335e560f4084ef5af17ecdad87\",\"name\":\"Philippe Coul\u00e9e\",\"image\":{\"@type\":\"ImageObject\",\"inLanguage\":\"fr-FR\",\"@id\":\"https:\\\/\\\/www.forbes.be\\\/fr\\\/wp-content\\\/uploads\\\/2024\\\/01\\\/unnamed-150x150.jpg\",\"url\":\"https:\\\/\\\/www.forbes.be\\\/fr\\\/wp-content\\\/uploads\\\/2024\\\/01\\\/unnamed-150x150.jpg\",\"contentUrl\":\"https:\\\/\\\/www.forbes.be\\\/fr\\\/wp-content\\\/uploads\\\/2024\\\/01\\\/unnamed-150x150.jpg\",\"caption\":\"Philippe Coul\u00e9e\"},\"url\":\"https:\\\/\\\/www.forbes.be\\\/fr\\\/author\\\/philippe-couleeicloud-com\\\/\"}]}<\/script>\n<!-- \/ Yoast SEO plugin. -->","yoast_head_json":{"title":"Aedifica veut \u00ab\u00a0gentiment\u00a0\u00bb avaler Cofinimmo | Forbes Belgique","description":"Aedifica a lanc\u00e9 hier une offre d'\u00e9change d'actions sur Cofinimmo. L'op\u00e9ration pourrait accoucher du plus gros propri\u00e9taire immobilier cot\u00e9 belge.","robots":{"index":"index","follow":"follow","max-snippet":"max-snippet:-1","max-image-preview":"max-image-preview:large","max-video-preview":"max-video-preview:-1"},"canonical":"https:\/\/www.forbes.be\/fr\/aedifica-veut-gentiment-avaler-cofinimmo\/","og_locale":"fr_FR","og_type":"article","og_title":"Aedifica veut \u00ab\u00a0gentiment\u00a0\u00bb avaler Cofinimmo | Forbes Belgique","og_description":"Aedifica a lanc\u00e9 hier une offre d'\u00e9change d'actions sur Cofinimmo. L'op\u00e9ration pourrait accoucher du plus gros propri\u00e9taire immobilier cot\u00e9 belge.","og_url":"https:\/\/www.forbes.be\/fr\/aedifica-veut-gentiment-avaler-cofinimmo\/","og_site_name":"Forbes Belgique","article_publisher":"https:\/\/www.facebook.com\/forbesbelgique\/","article_published_time":"2025-05-02T15:14:16+00:00","article_modified_time":"2025-05-03T19:31:46+00:00","og_image":[{"width":1826,"height":890,"url":"https:\/\/www.forbes.be\/fr\/wp-content\/uploads\/2025\/05\/capture-decran-2025-05-02-a-171057.png","type":"image\/png"}],"author":"Philippe Coul\u00e9e","twitter_card":"summary_large_image","twitter_misc":{"\u00c9crit par":"Philippe Coul\u00e9e","Dur\u00e9e de lecture estim\u00e9e":"6 minutes"},"schema":{"@context":"https:\/\/schema.org","@graph":[{"@type":"NewsArticle","@id":"https:\/\/www.forbes.be\/fr\/aedifica-veut-gentiment-avaler-cofinimmo\/#article","isPartOf":{"@id":"https:\/\/www.forbes.be\/fr\/aedifica-veut-gentiment-avaler-cofinimmo\/"},"author":{"name":"Philippe Coul\u00e9e","@id":"https:\/\/www.forbes.be\/fr\/#\/schema\/person\/22bfc3335e560f4084ef5af17ecdad87"},"headline":"Aedifica veut \u00ab\u00a0gentiment\u00a0\u00bb avaler Cofinimmo","datePublished":"2025-05-02T15:14:16+00:00","dateModified":"2025-05-03T19:31:46+00:00","mainEntityOfPage":{"@id":"https:\/\/www.forbes.be\/fr\/aedifica-veut-gentiment-avaler-cofinimmo\/"},"wordCount":983,"publisher":{"@id":"https:\/\/www.forbes.be\/fr\/#organization"},"image":{"@id":"https:\/\/www.forbes.be\/fr\/aedifica-veut-gentiment-avaler-cofinimmo\/#primaryimage"},"thumbnailUrl":"https:\/\/www.forbes.be\/fr\/wp-content\/uploads\/2025\/05\/capture-decran-2025-05-02-a-171057.png","articleSection":["Actualit\u00e9s","Entrepreneurs","Finance","Immobilier"],"inLanguage":"fr-FR"},{"@type":"WebPage","@id":"https:\/\/www.forbes.be\/fr\/aedifica-veut-gentiment-avaler-cofinimmo\/","url":"https:\/\/www.forbes.be\/fr\/aedifica-veut-gentiment-avaler-cofinimmo\/","name":"Aedifica veut \u00ab\u00a0gentiment\u00a0\u00bb avaler Cofinimmo | Forbes Belgique","isPartOf":{"@id":"https:\/\/www.forbes.be\/fr\/#website"},"primaryImageOfPage":{"@id":"https:\/\/www.forbes.be\/fr\/aedifica-veut-gentiment-avaler-cofinimmo\/#primaryimage"},"image":{"@id":"https:\/\/www.forbes.be\/fr\/aedifica-veut-gentiment-avaler-cofinimmo\/#primaryimage"},"thumbnailUrl":"https:\/\/www.forbes.be\/fr\/wp-content\/uploads\/2025\/05\/capture-decran-2025-05-02-a-171057.png","datePublished":"2025-05-02T15:14:16+00:00","dateModified":"2025-05-03T19:31:46+00:00","description":"Aedifica a lanc\u00e9 hier une offre d'\u00e9change d'actions sur Cofinimmo. L'op\u00e9ration pourrait accoucher du plus gros propri\u00e9taire immobilier cot\u00e9 belge.","breadcrumb":{"@id":"https:\/\/www.forbes.be\/fr\/aedifica-veut-gentiment-avaler-cofinimmo\/#breadcrumb"},"inLanguage":"fr-FR","potentialAction":[{"@type":"ReadAction","target":["https:\/\/www.forbes.be\/fr\/aedifica-veut-gentiment-avaler-cofinimmo\/"]}]},{"@type":"ImageObject","inLanguage":"fr-FR","@id":"https:\/\/www.forbes.be\/fr\/aedifica-veut-gentiment-avaler-cofinimmo\/#primaryimage","url":"https:\/\/www.forbes.be\/fr\/wp-content\/uploads\/2025\/05\/capture-decran-2025-05-02-a-171057.png","contentUrl":"https:\/\/www.forbes.be\/fr\/wp-content\/uploads\/2025\/05\/capture-decran-2025-05-02-a-171057.png","width":1826,"height":890,"caption":"Stefaan Gielens, le CEO d'Aedifica depuis 2006, n'en est pas \u00e0 son coup d'essai. Mais cette fois, la croissance externe serait \u00e9norme."},{"@type":"BreadcrumbList","@id":"https:\/\/www.forbes.be\/fr\/aedifica-veut-gentiment-avaler-cofinimmo\/#breadcrumb","itemListElement":[{"@type":"ListItem","position":1,"name":"Accueil","item":"https:\/\/www.forbes.be\/fr\/"},{"@type":"ListItem","position":2,"name":"Aedifica veut \u00ab\u00a0gentiment\u00a0\u00bb avaler Cofinimmo"}]},{"@type":"WebSite","@id":"https:\/\/www.forbes.be\/fr\/#website","url":"https:\/\/www.forbes.be\/fr\/","name":"Forbes Belgique","description":"","publisher":{"@id":"https:\/\/www.forbes.be\/fr\/#organization"},"potentialAction":[{"@type":"SearchAction","target":{"@type":"EntryPoint","urlTemplate":"https:\/\/www.forbes.be\/fr\/?s={search_term_string}"},"query-input":{"@type":"PropertyValueSpecification","valueRequired":true,"valueName":"search_term_string"}}],"inLanguage":"fr-FR"},{"@type":"Organization","@id":"https:\/\/www.forbes.be\/fr\/#organization","name":"Forbes Belgique","url":"https:\/\/www.forbes.be\/fr\/","logo":{"@type":"ImageObject","inLanguage":"fr-FR","@id":"https:\/\/www.forbes.be\/fr\/#\/schema\/logo\/image\/","url":"https:\/\/www.forbes.be\/fr\/wp-content\/uploads\/2024\/02\/forbes.be_.png","contentUrl":"https:\/\/www.forbes.be\/fr\/wp-content\/uploads\/2024\/02\/forbes.be_.png","width":1200,"height":675,"caption":"Forbes Belgique"},"image":{"@id":"https:\/\/www.forbes.be\/fr\/#\/schema\/logo\/image\/"},"sameAs":["https:\/\/www.facebook.com\/forbesbelgique\/","https:\/\/www.instagram.com\/Forbes_Belgium","https:\/\/www.linkedin.com\/company\/forbes-belgium\/"]},{"@type":"Person","@id":"https:\/\/www.forbes.be\/fr\/#\/schema\/person\/22bfc3335e560f4084ef5af17ecdad87","name":"Philippe Coul\u00e9e","image":{"@type":"ImageObject","inLanguage":"fr-FR","@id":"https:\/\/www.forbes.be\/fr\/wp-content\/uploads\/2024\/01\/unnamed-150x150.jpg","url":"https:\/\/www.forbes.be\/fr\/wp-content\/uploads\/2024\/01\/unnamed-150x150.jpg","contentUrl":"https:\/\/www.forbes.be\/fr\/wp-content\/uploads\/2024\/01\/unnamed-150x150.jpg","caption":"Philippe Coul\u00e9e"},"url":"https:\/\/www.forbes.be\/fr\/author\/philippe-couleeicloud-com\/"}]}},"_links":{"self":[{"href":"https:\/\/www.forbes.be\/fr\/wp-json\/wp\/v2\/posts\/10153","targetHints":{"allow":["GET"]}}],"collection":[{"href":"https:\/\/www.forbes.be\/fr\/wp-json\/wp\/v2\/posts"}],"about":[{"href":"https:\/\/www.forbes.be\/fr\/wp-json\/wp\/v2\/types\/post"}],"author":[{"embeddable":true,"href":"https:\/\/www.forbes.be\/fr\/wp-json\/wp\/v2\/users\/15"}],"replies":[{"embeddable":true,"href":"https:\/\/www.forbes.be\/fr\/wp-json\/wp\/v2\/comments?post=10153"}],"version-history":[{"count":11,"href":"https:\/\/www.forbes.be\/fr\/wp-json\/wp\/v2\/posts\/10153\/revisions"}],"predecessor-version":[{"id":10172,"href":"https:\/\/www.forbes.be\/fr\/wp-json\/wp\/v2\/posts\/10153\/revisions\/10172"}],"wp:featuredmedia":[{"embeddable":true,"href":"https:\/\/www.forbes.be\/fr\/wp-json\/wp\/v2\/media\/10161"}],"wp:attachment":[{"href":"https:\/\/www.forbes.be\/fr\/wp-json\/wp\/v2\/media?parent=10153"}],"wp:term":[{"taxonomy":"category","embeddable":true,"href":"https:\/\/www.forbes.be\/fr\/wp-json\/wp\/v2\/categories?post=10153"},{"taxonomy":"post_tag","embeddable":true,"href":"https:\/\/www.forbes.be\/fr\/wp-json\/wp\/v2\/tags?post=10153"}],"curies":[{"name":"wp","href":"https:\/\/api.w.org\/{rel}","templated":true}]}}