{"id":10183,"date":"2025-05-06T04:00:25","date_gmt":"2025-05-06T02:00:25","guid":{"rendered":"https:\/\/www.forbes.be\/fr\/?p=10183"},"modified":"2025-05-07T12:00:53","modified_gmt":"2025-05-07T10:00:53","slug":"retour-aux-sources-pour-belfius-qui-entre-au-capital-de-candriam","status":"publish","type":"post","link":"https:\/\/www.forbes.be\/fr\/retour-aux-sources-pour-belfius-qui-entre-au-capital-de-candriam\/","title":{"rendered":"Retour aux sources pour Belfius, qui entre au capital de Candriam"},"content":{"rendered":"<p><strong>Douze ans plus tard, voil\u00e0 que les routes du bancassureur belge <a href=\"https:\/\/www.belfius.be\/about-us\/fr\">Belfius<\/a> et du gestionnaire d&rsquo;actifs <a href=\"https:\/\/www.candriam.com\/fr-be\/private\/\">Candriam<\/a> vont se recroiser. Certes, les deux entreprises avaient nou\u00e9 un partenariat strat\u00e9gique depuis de nombreuses ann\u00e9es mais il est d\u00e9sormais question d&rsquo;un <a href=\"https:\/\/www.belfius.be\/about-us\/dam\/corporate\/press-room\/press-articles\/downloads\/fr\/2025\/Communiqu%C3%A9%20de%20presse_Belfius%20et%20Candriam%20renforcent%20leur%20partenariat%20strat%C3%A9gique%20%C3%A0%20long%20terme_05%2005%202025.pdf\">rachat de 33% des parts de Candriam par la banque<\/a>, filiale \u00e0 100% de l&rsquo;Etat belge.<\/strong><\/p>\n<p>Belfius et le gestionnaire d&rsquo;actifs se connaissent depuis longtemps. Et pour cause : Candriam (pour Conviction and Responsability in Asset Management) n&rsquo;est autre que le successeur de Dexia Asset Management, la division de gestion du patrimoine du groupe bancaire Dexia, que ce dernier avait vendue en 2013 \u00e0 l&rsquo;Am\u00e9ricain <a href=\"https:\/\/www.newyorklifeinvestments.com\/\">New York Life Investments<\/a>.<\/p>\n<p>Candriam est d\u00e9sormais bas\u00e9e au Luxembourg et est active dans plus de 20 pays en Europe, au Royaume-Uni et au Moyen-Orient. Elle poss\u00e8de environ 155 milliards\u00a0d\u2019euros d\u2019actifs sous gestion.<\/p>\n<p>Moyennant l&rsquo;approbation des autorit\u00e9s de r\u00e9gulation, Belfius va \u00e0 pr\u00e9sent prendre une participation (minoritaire) de 33% dans le gestionnaire d&rsquo;actifs. Le bancassureur n&rsquo;a pas pr\u00e9cis\u00e9 le montant de la transaction, qui intervient alors qu&rsquo;il lui aurait r\u00e9cemment \u00e9t\u00e9 demand\u00e9 de fournir des dividendes exceptionnels de 500 millions d&rsquo;euros (en plus du dividende ordinaire de 444,5 millions d&rsquo;euros pour 2024) en 2025 et 2026 \u00e0 l&rsquo;Etat belge, son unique actionnaire. Des montants qui seront consacr\u00e9s \u00e0 la D\u00e9fense.<\/p>\n<p>Fort de cette transaction, le partenariat strat\u00e9gique \u00e0 long terme entre Belfius et Candriam a \u00e9t\u00e9 renouvel\u00e9. L&rsquo;objectif est d&rsquo;offrir aux clients de la banque un acc\u00e8s toujours plus \u00e9tendu \u00e0 l\u2019expertise internationale du gestionnaire d&rsquo;actifs, en particulier les march\u00e9s priv\u00e9s, et d\u2019acc\u00e9l\u00e9rer l\u2019ambition de Belfius Banque de devenir la banque priv\u00e9e de r\u00e9f\u00e9rence en Belgique.<\/p>\n","protected":false},"excerpt":{"rendered":"<p>Douze ans plus tard, voil\u00e0 que les routes du bancassureur belge Belfius et du gestionnaire d&rsquo;actifs Candriam vont se recroiser. Certes, les deux entreprises avaient nou\u00e9 un partenariat strat\u00e9gique depuis de nombreuses ann\u00e9es mais il est d\u00e9sormais question d&rsquo;un rachat de 33% des parts de Candriam par la banque, filiale \u00e0 100% de l&rsquo;Etat belge. [&hellip;]<\/p>\n","protected":false},"author":37,"featured_media":10185,"comment_status":"closed","ping_status":"closed","sticky":false,"template":"","format":"standard","meta":{"_acf_changed":false,"inline_featured_image":false,"footnotes":""},"categories":[1],"tags":[],"class_list":{"0":"post-10183","1":"post","2":"type-post","3":"status-publish","4":"format-standard","5":"has-post-thumbnail","7":"category-actualite"},"acf":[],"_yoast_wpseo_title":null,"_yoast_wpseo_metadesc":"Belfius acquiert 33% de Candriam et renforce son partenariat strat\u00e9gique avec le gestionnaire d'actifs.","auteur_traducteur":"","yoast_head":"<!-- This site is optimized with the Yoast SEO plugin v27.4 - https:\/\/yoast.com\/product\/yoast-seo-wordpress\/ -->\n<title>Retour aux sources pour Belfius, qui entre au capital de Candriam | Forbes Belgique<\/title>\n<meta name=\"description\" content=\"Belfius acquiert 33% de Candriam et renforce son partenariat strat\u00e9gique avec le gestionnaire d&#039;actifs.\" \/>\n<meta name=\"robots\" content=\"index, follow, max-snippet:-1, max-image-preview:large, max-video-preview:-1\" \/>\n<link rel=\"canonical\" href=\"https:\/\/www.forbes.be\/fr\/retour-aux-sources-pour-belfius-qui-entre-au-capital-de-candriam\/\" \/>\n<meta property=\"og:locale\" content=\"fr_FR\" \/>\n<meta property=\"og:type\" content=\"article\" \/>\n<meta property=\"og:title\" content=\"Retour aux sources pour Belfius, qui entre au capital de Candriam | Forbes Belgique\" \/>\n<meta property=\"og:description\" content=\"Belfius acquiert 33% de Candriam et renforce son partenariat strat\u00e9gique avec le gestionnaire d&#039;actifs.\" \/>\n<meta property=\"og:url\" content=\"https:\/\/www.forbes.be\/fr\/retour-aux-sources-pour-belfius-qui-entre-au-capital-de-candriam\/\" \/>\n<meta property=\"og:site_name\" content=\"Forbes Belgique\" \/>\n<meta property=\"article:publisher\" content=\"https:\/\/www.facebook.com\/forbesbelgique\/\" \/>\n<meta property=\"article:published_time\" content=\"2025-05-06T02:00:25+00:00\" \/>\n<meta property=\"article:modified_time\" content=\"2025-05-07T10:00:53+00:00\" \/>\n<meta property=\"og:image\" content=\"https:\/\/www.forbes.be\/fr\/wp-content\/uploads\/2025\/05\/adobestock-333244985-editorial-use-only-scaled-e1746612037229.jpeg\" \/>\n\t<meta property=\"og:image:width\" content=\"2560\" \/>\n\t<meta property=\"og:image:height\" content=\"1340\" \/>\n\t<meta property=\"og:image:type\" content=\"image\/jpeg\" \/>\n<meta name=\"author\" content=\"Juan Godbille\" \/>\n<meta name=\"twitter:card\" content=\"summary_large_image\" \/>\n<meta name=\"twitter:label1\" content=\"\u00c9crit par\" \/>\n\t<meta name=\"twitter:data1\" content=\"Juan Godbille\" \/>\n\t<meta name=\"twitter:label2\" content=\"Dur\u00e9e de lecture estim\u00e9e\" \/>\n\t<meta name=\"twitter:data2\" content=\"2 minutes\" \/>\n<script type=\"application\/ld+json\" class=\"yoast-schema-graph\">{\"@context\":\"https:\\\/\\\/schema.org\",\"@graph\":[{\"@type\":\"NewsArticle\",\"@id\":\"https:\\\/\\\/www.forbes.be\\\/fr\\\/retour-aux-sources-pour-belfius-qui-entre-au-capital-de-candriam\\\/#article\",\"isPartOf\":{\"@id\":\"https:\\\/\\\/www.forbes.be\\\/fr\\\/retour-aux-sources-pour-belfius-qui-entre-au-capital-de-candriam\\\/\"},\"author\":{\"name\":\"Juan Godbille\",\"@id\":\"https:\\\/\\\/www.forbes.be\\\/fr\\\/#\\\/schema\\\/person\\\/0d449791ef6199da3d469eca714eb773\"},\"headline\":\"Retour aux sources pour Belfius, qui entre au capital de Candriam\",\"datePublished\":\"2025-05-06T02:00:25+00:00\",\"dateModified\":\"2025-05-07T10:00:53+00:00\",\"mainEntityOfPage\":{\"@id\":\"https:\\\/\\\/www.forbes.be\\\/fr\\\/retour-aux-sources-pour-belfius-qui-entre-au-capital-de-candriam\\\/\"},\"wordCount\":291,\"publisher\":{\"@id\":\"https:\\\/\\\/www.forbes.be\\\/fr\\\/#organization\"},\"image\":{\"@id\":\"https:\\\/\\\/www.forbes.be\\\/fr\\\/retour-aux-sources-pour-belfius-qui-entre-au-capital-de-candriam\\\/#primaryimage\"},\"thumbnailUrl\":\"https:\\\/\\\/www.forbes.be\\\/fr\\\/wp-content\\\/uploads\\\/2025\\\/05\\\/adobestock-333244985-editorial-use-only-scaled-e1746612037229.jpeg\",\"articleSection\":[\"Actualit\u00e9s\"],\"inLanguage\":\"fr-FR\"},{\"@type\":\"WebPage\",\"@id\":\"https:\\\/\\\/www.forbes.be\\\/fr\\\/retour-aux-sources-pour-belfius-qui-entre-au-capital-de-candriam\\\/\",\"url\":\"https:\\\/\\\/www.forbes.be\\\/fr\\\/retour-aux-sources-pour-belfius-qui-entre-au-capital-de-candriam\\\/\",\"name\":\"Retour aux sources pour Belfius, qui entre au capital de Candriam | Forbes Belgique\",\"isPartOf\":{\"@id\":\"https:\\\/\\\/www.forbes.be\\\/fr\\\/#website\"},\"primaryImageOfPage\":{\"@id\":\"https:\\\/\\\/www.forbes.be\\\/fr\\\/retour-aux-sources-pour-belfius-qui-entre-au-capital-de-candriam\\\/#primaryimage\"},\"image\":{\"@id\":\"https:\\\/\\\/www.forbes.be\\\/fr\\\/retour-aux-sources-pour-belfius-qui-entre-au-capital-de-candriam\\\/#primaryimage\"},\"thumbnailUrl\":\"https:\\\/\\\/www.forbes.be\\\/fr\\\/wp-content\\\/uploads\\\/2025\\\/05\\\/adobestock-333244985-editorial-use-only-scaled-e1746612037229.jpeg\",\"datePublished\":\"2025-05-06T02:00:25+00:00\",\"dateModified\":\"2025-05-07T10:00:53+00:00\",\"description\":\"Belfius acquiert 33% de Candriam et renforce son partenariat strat\u00e9gique avec le gestionnaire d'actifs.\",\"breadcrumb\":{\"@id\":\"https:\\\/\\\/www.forbes.be\\\/fr\\\/retour-aux-sources-pour-belfius-qui-entre-au-capital-de-candriam\\\/#breadcrumb\"},\"inLanguage\":\"fr-FR\",\"potentialAction\":[{\"@type\":\"ReadAction\",\"target\":[\"https:\\\/\\\/www.forbes.be\\\/fr\\\/retour-aux-sources-pour-belfius-qui-entre-au-capital-de-candriam\\\/\"]}]},{\"@type\":\"ImageObject\",\"inLanguage\":\"fr-FR\",\"@id\":\"https:\\\/\\\/www.forbes.be\\\/fr\\\/retour-aux-sources-pour-belfius-qui-entre-au-capital-de-candriam\\\/#primaryimage\",\"url\":\"https:\\\/\\\/www.forbes.be\\\/fr\\\/wp-content\\\/uploads\\\/2025\\\/05\\\/adobestock-333244985-editorial-use-only-scaled-e1746612037229.jpeg\",\"contentUrl\":\"https:\\\/\\\/www.forbes.be\\\/fr\\\/wp-content\\\/uploads\\\/2025\\\/05\\\/adobestock-333244985-editorial-use-only-scaled-e1746612037229.jpeg\",\"width\":2560,\"height\":1340},{\"@type\":\"BreadcrumbList\",\"@id\":\"https:\\\/\\\/www.forbes.be\\\/fr\\\/retour-aux-sources-pour-belfius-qui-entre-au-capital-de-candriam\\\/#breadcrumb\",\"itemListElement\":[{\"@type\":\"ListItem\",\"position\":1,\"name\":\"Accueil\",\"item\":\"https:\\\/\\\/www.forbes.be\\\/fr\\\/\"},{\"@type\":\"ListItem\",\"position\":2,\"name\":\"Retour aux sources pour Belfius, qui entre au capital de Candriam\"}]},{\"@type\":\"WebSite\",\"@id\":\"https:\\\/\\\/www.forbes.be\\\/fr\\\/#website\",\"url\":\"https:\\\/\\\/www.forbes.be\\\/fr\\\/\",\"name\":\"Forbes Belgique\",\"description\":\"\",\"publisher\":{\"@id\":\"https:\\\/\\\/www.forbes.be\\\/fr\\\/#organization\"},\"potentialAction\":[{\"@type\":\"SearchAction\",\"target\":{\"@type\":\"EntryPoint\",\"urlTemplate\":\"https:\\\/\\\/www.forbes.be\\\/fr\\\/?s={search_term_string}\"},\"query-input\":{\"@type\":\"PropertyValueSpecification\",\"valueRequired\":true,\"valueName\":\"search_term_string\"}}],\"inLanguage\":\"fr-FR\"},{\"@type\":\"Organization\",\"@id\":\"https:\\\/\\\/www.forbes.be\\\/fr\\\/#organization\",\"name\":\"Forbes Belgique\",\"url\":\"https:\\\/\\\/www.forbes.be\\\/fr\\\/\",\"logo\":{\"@type\":\"ImageObject\",\"inLanguage\":\"fr-FR\",\"@id\":\"https:\\\/\\\/www.forbes.be\\\/fr\\\/#\\\/schema\\\/logo\\\/image\\\/\",\"url\":\"https:\\\/\\\/www.forbes.be\\\/fr\\\/wp-content\\\/uploads\\\/2024\\\/02\\\/forbes.be_.png\",\"contentUrl\":\"https:\\\/\\\/www.forbes.be\\\/fr\\\/wp-content\\\/uploads\\\/2024\\\/02\\\/forbes.be_.png\",\"width\":1200,\"height\":675,\"caption\":\"Forbes Belgique\"},\"image\":{\"@id\":\"https:\\\/\\\/www.forbes.be\\\/fr\\\/#\\\/schema\\\/logo\\\/image\\\/\"},\"sameAs\":[\"https:\\\/\\\/www.facebook.com\\\/forbesbelgique\\\/\",\"https:\\\/\\\/www.instagram.com\\\/Forbes_Belgium\",\"https:\\\/\\\/www.linkedin.com\\\/company\\\/forbes-belgium\\\/\"]},{\"@type\":\"Person\",\"@id\":\"https:\\\/\\\/www.forbes.be\\\/fr\\\/#\\\/schema\\\/person\\\/0d449791ef6199da3d469eca714eb773\",\"name\":\"Juan Godbille\",\"image\":{\"@type\":\"ImageObject\",\"inLanguage\":\"fr-FR\",\"@id\":\"https:\\\/\\\/secure.gravatar.com\\\/avatar\\\/de6d740453251c69ae34e42cfef9688bc2a5c942d7cab09074e7064fbac13ac9?s=96&d=mm&r=g\",\"url\":\"https:\\\/\\\/secure.gravatar.com\\\/avatar\\\/de6d740453251c69ae34e42cfef9688bc2a5c942d7cab09074e7064fbac13ac9?s=96&d=mm&r=g\",\"contentUrl\":\"https:\\\/\\\/secure.gravatar.com\\\/avatar\\\/de6d740453251c69ae34e42cfef9688bc2a5c942d7cab09074e7064fbac13ac9?s=96&d=mm&r=g\",\"caption\":\"Juan Godbille\"},\"url\":\"https:\\\/\\\/www.forbes.be\\\/fr\\\/author\\\/juan-godbille\\\/\"}]}<\/script>\n<!-- \/ Yoast SEO plugin. -->","yoast_head_json":{"title":"Retour aux sources pour Belfius, qui entre au capital de Candriam | Forbes Belgique","description":"Belfius acquiert 33% de Candriam et renforce son partenariat strat\u00e9gique avec le gestionnaire d'actifs.","robots":{"index":"index","follow":"follow","max-snippet":"max-snippet:-1","max-image-preview":"max-image-preview:large","max-video-preview":"max-video-preview:-1"},"canonical":"https:\/\/www.forbes.be\/fr\/retour-aux-sources-pour-belfius-qui-entre-au-capital-de-candriam\/","og_locale":"fr_FR","og_type":"article","og_title":"Retour aux sources pour Belfius, qui entre au capital de Candriam | Forbes Belgique","og_description":"Belfius acquiert 33% de Candriam et renforce son partenariat strat\u00e9gique avec le gestionnaire d'actifs.","og_url":"https:\/\/www.forbes.be\/fr\/retour-aux-sources-pour-belfius-qui-entre-au-capital-de-candriam\/","og_site_name":"Forbes Belgique","article_publisher":"https:\/\/www.facebook.com\/forbesbelgique\/","article_published_time":"2025-05-06T02:00:25+00:00","article_modified_time":"2025-05-07T10:00:53+00:00","og_image":[{"width":2560,"height":1340,"url":"https:\/\/www.forbes.be\/fr\/wp-content\/uploads\/2025\/05\/adobestock-333244985-editorial-use-only-scaled-e1746612037229.jpeg","type":"image\/jpeg"}],"author":"Juan Godbille","twitter_card":"summary_large_image","twitter_misc":{"\u00c9crit par":"Juan Godbille","Dur\u00e9e de lecture estim\u00e9e":"2 minutes"},"schema":{"@context":"https:\/\/schema.org","@graph":[{"@type":"NewsArticle","@id":"https:\/\/www.forbes.be\/fr\/retour-aux-sources-pour-belfius-qui-entre-au-capital-de-candriam\/#article","isPartOf":{"@id":"https:\/\/www.forbes.be\/fr\/retour-aux-sources-pour-belfius-qui-entre-au-capital-de-candriam\/"},"author":{"name":"Juan Godbille","@id":"https:\/\/www.forbes.be\/fr\/#\/schema\/person\/0d449791ef6199da3d469eca714eb773"},"headline":"Retour aux sources pour Belfius, qui entre au capital de Candriam","datePublished":"2025-05-06T02:00:25+00:00","dateModified":"2025-05-07T10:00:53+00:00","mainEntityOfPage":{"@id":"https:\/\/www.forbes.be\/fr\/retour-aux-sources-pour-belfius-qui-entre-au-capital-de-candriam\/"},"wordCount":291,"publisher":{"@id":"https:\/\/www.forbes.be\/fr\/#organization"},"image":{"@id":"https:\/\/www.forbes.be\/fr\/retour-aux-sources-pour-belfius-qui-entre-au-capital-de-candriam\/#primaryimage"},"thumbnailUrl":"https:\/\/www.forbes.be\/fr\/wp-content\/uploads\/2025\/05\/adobestock-333244985-editorial-use-only-scaled-e1746612037229.jpeg","articleSection":["Actualit\u00e9s"],"inLanguage":"fr-FR"},{"@type":"WebPage","@id":"https:\/\/www.forbes.be\/fr\/retour-aux-sources-pour-belfius-qui-entre-au-capital-de-candriam\/","url":"https:\/\/www.forbes.be\/fr\/retour-aux-sources-pour-belfius-qui-entre-au-capital-de-candriam\/","name":"Retour aux sources pour Belfius, qui entre au capital de Candriam | Forbes Belgique","isPartOf":{"@id":"https:\/\/www.forbes.be\/fr\/#website"},"primaryImageOfPage":{"@id":"https:\/\/www.forbes.be\/fr\/retour-aux-sources-pour-belfius-qui-entre-au-capital-de-candriam\/#primaryimage"},"image":{"@id":"https:\/\/www.forbes.be\/fr\/retour-aux-sources-pour-belfius-qui-entre-au-capital-de-candriam\/#primaryimage"},"thumbnailUrl":"https:\/\/www.forbes.be\/fr\/wp-content\/uploads\/2025\/05\/adobestock-333244985-editorial-use-only-scaled-e1746612037229.jpeg","datePublished":"2025-05-06T02:00:25+00:00","dateModified":"2025-05-07T10:00:53+00:00","description":"Belfius acquiert 33% de Candriam et renforce son partenariat strat\u00e9gique avec le gestionnaire d'actifs.","breadcrumb":{"@id":"https:\/\/www.forbes.be\/fr\/retour-aux-sources-pour-belfius-qui-entre-au-capital-de-candriam\/#breadcrumb"},"inLanguage":"fr-FR","potentialAction":[{"@type":"ReadAction","target":["https:\/\/www.forbes.be\/fr\/retour-aux-sources-pour-belfius-qui-entre-au-capital-de-candriam\/"]}]},{"@type":"ImageObject","inLanguage":"fr-FR","@id":"https:\/\/www.forbes.be\/fr\/retour-aux-sources-pour-belfius-qui-entre-au-capital-de-candriam\/#primaryimage","url":"https:\/\/www.forbes.be\/fr\/wp-content\/uploads\/2025\/05\/adobestock-333244985-editorial-use-only-scaled-e1746612037229.jpeg","contentUrl":"https:\/\/www.forbes.be\/fr\/wp-content\/uploads\/2025\/05\/adobestock-333244985-editorial-use-only-scaled-e1746612037229.jpeg","width":2560,"height":1340},{"@type":"BreadcrumbList","@id":"https:\/\/www.forbes.be\/fr\/retour-aux-sources-pour-belfius-qui-entre-au-capital-de-candriam\/#breadcrumb","itemListElement":[{"@type":"ListItem","position":1,"name":"Accueil","item":"https:\/\/www.forbes.be\/fr\/"},{"@type":"ListItem","position":2,"name":"Retour aux sources pour Belfius, qui entre au capital de Candriam"}]},{"@type":"WebSite","@id":"https:\/\/www.forbes.be\/fr\/#website","url":"https:\/\/www.forbes.be\/fr\/","name":"Forbes Belgique","description":"","publisher":{"@id":"https:\/\/www.forbes.be\/fr\/#organization"},"potentialAction":[{"@type":"SearchAction","target":{"@type":"EntryPoint","urlTemplate":"https:\/\/www.forbes.be\/fr\/?s={search_term_string}"},"query-input":{"@type":"PropertyValueSpecification","valueRequired":true,"valueName":"search_term_string"}}],"inLanguage":"fr-FR"},{"@type":"Organization","@id":"https:\/\/www.forbes.be\/fr\/#organization","name":"Forbes Belgique","url":"https:\/\/www.forbes.be\/fr\/","logo":{"@type":"ImageObject","inLanguage":"fr-FR","@id":"https:\/\/www.forbes.be\/fr\/#\/schema\/logo\/image\/","url":"https:\/\/www.forbes.be\/fr\/wp-content\/uploads\/2024\/02\/forbes.be_.png","contentUrl":"https:\/\/www.forbes.be\/fr\/wp-content\/uploads\/2024\/02\/forbes.be_.png","width":1200,"height":675,"caption":"Forbes Belgique"},"image":{"@id":"https:\/\/www.forbes.be\/fr\/#\/schema\/logo\/image\/"},"sameAs":["https:\/\/www.facebook.com\/forbesbelgique\/","https:\/\/www.instagram.com\/Forbes_Belgium","https:\/\/www.linkedin.com\/company\/forbes-belgium\/"]},{"@type":"Person","@id":"https:\/\/www.forbes.be\/fr\/#\/schema\/person\/0d449791ef6199da3d469eca714eb773","name":"Juan Godbille","image":{"@type":"ImageObject","inLanguage":"fr-FR","@id":"https:\/\/secure.gravatar.com\/avatar\/de6d740453251c69ae34e42cfef9688bc2a5c942d7cab09074e7064fbac13ac9?s=96&d=mm&r=g","url":"https:\/\/secure.gravatar.com\/avatar\/de6d740453251c69ae34e42cfef9688bc2a5c942d7cab09074e7064fbac13ac9?s=96&d=mm&r=g","contentUrl":"https:\/\/secure.gravatar.com\/avatar\/de6d740453251c69ae34e42cfef9688bc2a5c942d7cab09074e7064fbac13ac9?s=96&d=mm&r=g","caption":"Juan Godbille"},"url":"https:\/\/www.forbes.be\/fr\/author\/juan-godbille\/"}]}},"_links":{"self":[{"href":"https:\/\/www.forbes.be\/fr\/wp-json\/wp\/v2\/posts\/10183","targetHints":{"allow":["GET"]}}],"collection":[{"href":"https:\/\/www.forbes.be\/fr\/wp-json\/wp\/v2\/posts"}],"about":[{"href":"https:\/\/www.forbes.be\/fr\/wp-json\/wp\/v2\/types\/post"}],"author":[{"embeddable":true,"href":"https:\/\/www.forbes.be\/fr\/wp-json\/wp\/v2\/users\/37"}],"replies":[{"embeddable":true,"href":"https:\/\/www.forbes.be\/fr\/wp-json\/wp\/v2\/comments?post=10183"}],"version-history":[{"count":3,"href":"https:\/\/www.forbes.be\/fr\/wp-json\/wp\/v2\/posts\/10183\/revisions"}],"predecessor-version":[{"id":10198,"href":"https:\/\/www.forbes.be\/fr\/wp-json\/wp\/v2\/posts\/10183\/revisions\/10198"}],"wp:featuredmedia":[{"embeddable":true,"href":"https:\/\/www.forbes.be\/fr\/wp-json\/wp\/v2\/media\/10185"}],"wp:attachment":[{"href":"https:\/\/www.forbes.be\/fr\/wp-json\/wp\/v2\/media?parent=10183"}],"wp:term":[{"taxonomy":"category","embeddable":true,"href":"https:\/\/www.forbes.be\/fr\/wp-json\/wp\/v2\/categories?post=10183"},{"taxonomy":"post_tag","embeddable":true,"href":"https:\/\/www.forbes.be\/fr\/wp-json\/wp\/v2\/tags?post=10183"}],"curies":[{"name":"wp","href":"https:\/\/api.w.org\/{rel}","templated":true}]}}