{"id":10365,"date":"2025-05-21T06:52:21","date_gmt":"2025-05-21T04:52:21","guid":{"rendered":"https:\/\/www.forbes.be\/fr\/?p=10365"},"modified":"2025-05-20T10:55:08","modified_gmt":"2025-05-20T08:55:08","slug":"elle-lance-sa-marque-dediee-au-luxe-avec-2000e-en-poche-lhistoire-de-lucie-vanlier-fondatrice-de-luxury-care","status":"publish","type":"post","link":"https:\/\/www.forbes.be\/fr\/elle-lance-sa-marque-dediee-au-luxe-avec-2000e-en-poche-lhistoire-de-lucie-vanlier-fondatrice-de-luxury-care\/","title":{"rendered":"Elle lance sa marque d\u00e9di\u00e9e au luxe avec 2000\u20ac en poche : l\u2019histoire de Lucie Vanlier, fondatrice de Luxury Care"},"content":{"rendered":"<p><strong>Apr\u00e8s un passage chez Chanel \u00e0 Bruxelles et Globalty Investment \u00e0 Miami, Lucie Vanlier lance sa propre marque de soins pour maroquinerie de luxe, <a href=\"https:\/\/luxurycare.fr\/\">Luxury Care<\/a>. \u00c0 24 ans, la jeune femme prouve qu\u2019on peut conjuguer audace entrepreneuriale et engagement durable, m\u00eame dans l\u2019univers feutr\u00e9 du luxe. Rencontre avec la fondatrice qui r\u00e9invente les codes du secteur.<\/strong><\/p>\n<p><em>\u00ab\u00a0Luxury Care est n\u00e9 d\u2019un manque. J\u2019avais un sac que j\u2019adorais, mais que je n\u2019osais jamais porter, de peur de l\u2019ab\u00eemer. Aucun produit ne me convenait.\u00a0\u00bb<\/em> Ce sac, c\u2019est un Kelly d\u2019Herm\u00e8s h\u00e9rit\u00e9 de sa grand-m\u00e8re. Une pi\u00e8ce pr\u00e9cieuse, symbole d\u2019une autre \u00e9poque du luxe \u2013 moins tourn\u00e9e vers l\u2019accumulation que vers la transmission. Pour Lucie Vanlier, il devient le point de d\u00e9part d\u2019un projet qui m\u00eale affectif, savoir-faire et entrepreneuriat.<\/p>\n<figure id=\"attachment_10366\" aria-describedby=\"caption-attachment-10366\" style=\"width: 696px\" class=\"wp-caption aligncenter\"><img loading=\"lazy\" decoding=\"async\" class=\"wp-image-10366 size-large\" src=\"https:\/\/www.forbes.be\/fr\/wp-content\/uploads\/2025\/05\/luxury-care-mai2025-lucie-vanlier-916x1024.jpg\" alt=\"\u00a0Lucie Vanlier\" width=\"696\" height=\"778\" srcset=\"https:\/\/www.forbes.be\/fr\/wp-content\/uploads\/2025\/05\/luxury-care-mai2025-lucie-vanlier-916x1024.jpg 916w, https:\/\/www.forbes.be\/fr\/wp-content\/uploads\/2025\/05\/luxury-care-mai2025-lucie-vanlier-268x300.jpg 268w, https:\/\/www.forbes.be\/fr\/wp-content\/uploads\/2025\/05\/luxury-care-mai2025-lucie-vanlier-768x858.jpg 768w, https:\/\/www.forbes.be\/fr\/wp-content\/uploads\/2025\/05\/luxury-care-mai2025-lucie-vanlier-1374x1536.jpg 1374w, https:\/\/www.forbes.be\/fr\/wp-content\/uploads\/2025\/05\/luxury-care-mai2025-lucie-vanlier-1832x2048.jpg 1832w, https:\/\/www.forbes.be\/fr\/wp-content\/uploads\/2025\/05\/luxury-care-mai2025-lucie-vanlier-696x778.jpg 696w, https:\/\/www.forbes.be\/fr\/wp-content\/uploads\/2025\/05\/luxury-care-mai2025-lucie-vanlier-1068x1194.jpg 1068w, https:\/\/www.forbes.be\/fr\/wp-content\/uploads\/2025\/05\/luxury-care-mai2025-lucie-vanlier-1920x2146.jpg 1920w, https:\/\/www.forbes.be\/fr\/wp-content\/uploads\/2025\/05\/luxury-care-mai2025-lucie-vanlier-600x671.jpg 600w\" sizes=\"auto, (max-width: 696px) 100vw, 696px\" \/><figcaption id=\"caption-attachment-10366\" class=\"wp-caption-text\">Lucie Vanlier<\/figcaption><\/figure>\n<p><strong>De la mode \u00e0 l\u2019ind\u00e9pendance<\/strong><\/p>\n<p>\u00c0 20 ans seulement, la jeune Belge d\u00e9croche un poste chez Chanel \u00e0 Bruxelles, en tant qu\u2019Assistant Merchandising. Ensuite, elle s\u2019envole pour Miami, chez Globalty Investment, o\u00f9 elle s\u2019occupait du marketing pour des biens immobiliers de prestige. Une trajectoire toute trac\u00e9e dans l\u2019univers du haut de gamme. Mais quand l\u2019aventure am\u00e9ricaine s\u2019arr\u00eate brutalement, en raison d\u2019un visa de travail refus\u00e9, elle revient en Belgique sans plan B. Et surtout, avec l\u2019intuition que sa place est ailleurs. <em>\u00ab\u00a0Lancer mon propre projet me demandait moins de courage que de repartir dans une bo\u00eete,\u00a0\u00bb<\/em> glisse-t-elle. Ce projet, ce sera <strong>Luxury Care<\/strong>, une marque de soins pour sacs en cuir, naturels, efficaces et fabriqu\u00e9s en France, lanc\u00e9e en ao\u00fbt 2024.<\/p>\n<p><strong>Un mod\u00e8le construit \u00e0 l\u2019instinct<\/strong><\/p>\n<p>Ni lev\u00e9e de fonds, ni pr\u00eat, ni business plan en b\u00e9ton. Juste 2000 euros d\u2019\u00e9conomies, un artisan fran\u00e7ais et une envie visc\u00e9rale de faire diff\u00e9remment. \u00ab\u00a0<em>Ce n\u2019\u00e9tait pas un choix, mais une contrainte. Pourtant, je suis fi\u00e8re d\u2019avoir d\u00e9marr\u00e9 seule.\u00a0\u00bb <\/em>Elle se forme au e-commerce via la <a href=\"https:\/\/blog.business-woman.fr\/\"><strong>Business Women Academy<\/strong><\/a>, d\u00e9veloppe un site, apprend \u00e0 piloter ses pubs <strong>Meta<\/strong>, et d\u00e9marre seule sa production. En d\u00e9cembre 2024, le d\u00e9collage : 8000 euros de chiffre d\u2019affaires sur le mois. En avril 2025, elle atteint les 22 000 euros mensuels. Objectif pour l\u2019ann\u00e9e 2025\u00a0? Atteindre les 400 000 euros de CA annuel.<\/p>\n<p>En moins d\u2019un an, Luxury Care est d\u00e9j\u00e0 pr\u00e9sente en France, Belgique, Suisse, Luxembourg, Pays-Bas et Allemagne, reflet d&rsquo;une grande ambition de la part de Lucie qui ajoute : \u00ab\u00a0<em>Aujourd\u2019hui, avec une id\u00e9e, un ordi et un compte Insta, on peut aller tr\u00e8s loin. On n\u2019a jamais eu autant de libert\u00e9 d\u2019entreprendre qu\u2019en ce moment. Il faut en profiter et se lancer.\u00a0\u00bb<\/em><\/p>\n<blockquote class=\"instagram-media\" style=\"background: #FFF; border: 0; border-radius: 3px; margin: 1px; max-width: 540px; min-width: 326px; padding: 0; width: calc(100% - 2px);\" data-instgrm-captioned=\"\" data-instgrm-permalink=\"https:\/\/www.instagram.com\/reel\/DG3bWTwo9C6\/?utm_source=ig_embed&amp;utm_campaign=loading\" data-instgrm-version=\"14\">\n<div style=\"padding: 16px;\">\n<p>&nbsp;<\/p>\n<div style=\"flex-direction: row; align-items: center;\">\n<div style=\"background-color: #f4f4f4; border-radius: 50%; flex-grow: 0; height: 40px; margin-right: 14px; width: 40px;\"><\/div>\n<div style=\"flex-direction: column; flex-grow: 1; justify-content: center;\">\n<div style=\"background-color: #f4f4f4; border-radius: 4px; flex-grow: 0; height: 14px; margin-bottom: 6px; width: 100px;\"><\/div>\n<div style=\"background-color: #f4f4f4; border-radius: 4px; flex-grow: 0; height: 14px; width: 60px;\"><\/div>\n<\/div>\n<\/div>\n<div style=\"padding: 19% 0;\"><\/div>\n<div style=\"height: 50px; margin: 0 auto 12px; width: 50px;\"><\/div>\n<div style=\"padding-top: 8px;\">\n<div style=\"color: #3897f0; font-family: Arial,sans-serif; font-size: 14px; font-style: normal; font-weight: 550; line-height: 18px;\">Voir cette publication sur Instagram<\/div>\n<\/div>\n<div style=\"padding: 12.5% 0;\"><\/div>\n<div style=\"flex-direction: row; margin-bottom: 14px; align-items: center;\">\n<div>\n<div style=\"background-color: #f4f4f4; border-radius: 50%; height: 12.5px; width: 12.5px;\"><\/div>\n<div style=\"background-color: #f4f4f4; height: 12.5px; width: 12.5px; flex-grow: 0; margin-right: 14px; margin-left: 2px;\"><\/div>\n<div style=\"background-color: #f4f4f4; border-radius: 50%; height: 12.5px; width: 12.5px;\"><\/div>\n<\/div>\n<div style=\"margin-left: 8px;\">\n<div style=\"background-color: #f4f4f4; border-radius: 50%; flex-grow: 0; height: 20px; width: 20px;\"><\/div>\n<div style=\"width: 0; height: 0; border-top: 2px solid transparent; border-left: 6px solid #f4f4f4; border-bottom: 2px solid transparent;\"><\/div>\n<\/div>\n<div style=\"margin-left: auto;\">\n<div style=\"width: 0px; border-top: 8px solid #F4F4F4; border-right: 8px solid transparent;\"><\/div>\n<div style=\"background-color: #f4f4f4; flex-grow: 0; height: 12px; width: 16px;\"><\/div>\n<div style=\"width: 0; height: 0; border-top: 8px solid #F4F4F4; border-left: 8px solid transparent;\"><\/div>\n<\/div>\n<\/div>\n<div style=\"flex-direction: column; flex-grow: 1; justify-content: center; margin-bottom: 24px;\">\n<div style=\"background-color: #f4f4f4; border-radius: 4px; flex-grow: 0; height: 14px; margin-bottom: 6px; width: 224px;\"><\/div>\n<div style=\"background-color: #f4f4f4; border-radius: 4px; flex-grow: 0; height: 14px; width: 144px;\"><\/div>\n<\/div>\n<p>&nbsp;<\/p>\n<p style=\"color: #c9c8cd; font-family: Arial,sans-serif; font-size: 14px; line-height: 17px; margin-bottom: 0; margin-top: 8px; overflow: hidden; padding: 8px 0 7px; text-align: center;\"><a style=\"color: #c9c8cd; font-family: Arial,sans-serif; font-size: 14px; font-style: normal; font-weight: normal; line-height: 17px; text-decoration: none;\" href=\"https:\/\/www.instagram.com\/reel\/DG3bWTwo9C6\/?utm_source=ig_embed&amp;utm_campaign=loading\" target=\"_blank\" rel=\"noopener\">Une publication partag\u00e9e par LuxuryCare (@luxurycare.fr)<\/a><\/p>\n<\/div>\n<\/blockquote>\n<p><strong>Un produit de niche\u2026 qui parle \u00e0 tous.tes<\/strong><\/p>\n<p>\u00ab\u00a0<em>Luxury Care est la seule marque \u00e0 proposer une formule naturelle sp\u00e9cialement con\u00e7ue pour les sacs.\u00a0\u00bb<\/em> Pas de spray multi-usages ou de produits d\u00e9capants : ici, les soins contiennent cire d\u2019abeille, huile de jojoba ou encore carnauba, pens\u00e9s pour les cuirs les plus sensibles (agneau, veau\u2026) particuli\u00e8rement utilis\u00e9s pour les sacs de luxe. Sa cible ? Des femmes (et des hommes) passionn\u00e9es, soigneuses, de 20 \u00e0 65 ans. Pour toucher cette client\u00e8le, Lucie mise sur le bouche-\u00e0-oreille, le contenu sur Instagram et des partenariats bien choisis : \u00ab\u00a0<em>J\u2019ai eu la chance d\u2019\u00eatre soutenue par des profils comme <a href=\"https:\/\/www.instagram.com\/p\/DEDL0kKsqYs\/\"><strong>Chlo\u00e9<\/strong> <strong>Penel<\/strong><\/a> ou <a href=\"https:\/\/www.instagram.com\/p\/DIos8jWIOOq\/\"><strong>Pepita<\/strong><\/a>, qui ont compris l\u2019ADN de la marque et qui ont su repr\u00e9senter les valeurs de Luxury Care.\u00a0\u00bb<\/em><\/p>\n<p>Plus qu\u2019une gamme de produits, elle d\u00e9fend une nouvelle id\u00e9e du luxe. \u00ab\u00a0<em>Ce sac Herm\u00e8s m\u2019a fait comprendre que le vrai luxe, aujourd\u2019hui, c\u2019est de faire durer. Je ne voulais plus participer \u00e0 cette logique de consommation constante. Je voulais prendre soin de ce qu\u2019on poss\u00e8de d\u00e9j\u00e0.\u00a0\u00bb<\/em> Un positionnement en phase avec une g\u00e9n\u00e9ration qui veut consommer moins, mais mieux.<\/p>\n<p><img loading=\"lazy\" decoding=\"async\" class=\"aligncenter wp-image-10367 size-large\" src=\"https:\/\/www.forbes.be\/fr\/wp-content\/uploads\/2025\/05\/luxury-care-mai20253-1024x819.png\" alt=\"\" width=\"696\" height=\"557\" srcset=\"https:\/\/www.forbes.be\/fr\/wp-content\/uploads\/2025\/05\/luxury-care-mai20253-1024x819.png 1024w, https:\/\/www.forbes.be\/fr\/wp-content\/uploads\/2025\/05\/luxury-care-mai20253-300x240.png 300w, https:\/\/www.forbes.be\/fr\/wp-content\/uploads\/2025\/05\/luxury-care-mai20253-768x614.png 768w, https:\/\/www.forbes.be\/fr\/wp-content\/uploads\/2025\/05\/luxury-care-mai20253-1536x1229.png 1536w, https:\/\/www.forbes.be\/fr\/wp-content\/uploads\/2025\/05\/luxury-care-mai20253-2048x1638.png 2048w, https:\/\/www.forbes.be\/fr\/wp-content\/uploads\/2025\/05\/luxury-care-mai20253-696x557.png 696w, https:\/\/www.forbes.be\/fr\/wp-content\/uploads\/2025\/05\/luxury-care-mai20253-1068x854.png 1068w, https:\/\/www.forbes.be\/fr\/wp-content\/uploads\/2025\/05\/luxury-care-mai20253-1920x1536.png 1920w, https:\/\/www.forbes.be\/fr\/wp-content\/uploads\/2025\/05\/luxury-care-mai20253-600x480.png 600w\" sizes=\"auto, (max-width: 696px) 100vw, 696px\" \/><\/p>\n","protected":false},"excerpt":{"rendered":"<p>Apr\u00e8s un passage chez Chanel \u00e0 Bruxelles et Globalty Investment \u00e0 Miami, Lucie Vanlier lance sa propre marque de soins pour maroquinerie de luxe, Luxury Care. \u00c0 24 ans, la jeune femme prouve qu\u2019on peut conjuguer audace entrepreneuriale et engagement durable, m\u00eame dans l\u2019univers feutr\u00e9 du luxe. Rencontre avec la fondatrice qui r\u00e9invente les codes [&hellip;]<\/p>\n","protected":false},"author":9,"featured_media":10368,"comment_status":"closed","ping_status":"closed","sticky":false,"template":"","format":"standard","meta":{"_acf_changed":false,"inline_featured_image":false,"footnotes":""},"categories":[19,22,18],"tags":[],"class_list":{"0":"post-10365","1":"post","2":"type-post","3":"status-publish","4":"format-standard","5":"has-post-thumbnail","7":"category-entrepreneurs","8":"category-femmes-forbes","9":"category-luxe"},"acf":[],"_yoast_wpseo_title":null,"_yoast_wpseo_metadesc":"\u00c0 24 ans, Lucie Vanlier lance Luxury Care, des soins naturels pour maroquinerie de luxe, avec 2000\u20ac en poche !","auteur_traducteur":"","yoast_head":"<!-- This site is optimized with the Yoast SEO plugin v27.4 - https:\/\/yoast.com\/product\/yoast-seo-wordpress\/ -->\n<title>Elle lance sa marque d\u00e9di\u00e9e au luxe avec 2000\u20ac en poche : l\u2019histoire de Lucie Vanlier, fondatrice de Luxury Care | Forbes Belgique<\/title>\n<meta name=\"description\" content=\"\u00c0 24 ans, Lucie Vanlier lance Luxury Care, des soins naturels pour maroquinerie de luxe, avec 2000\u20ac en poche !\" \/>\n<meta name=\"robots\" content=\"index, follow, max-snippet:-1, max-image-preview:large, max-video-preview:-1\" \/>\n<link rel=\"canonical\" href=\"https:\/\/www.forbes.be\/fr\/elle-lance-sa-marque-dediee-au-luxe-avec-2000e-en-poche-lhistoire-de-lucie-vanlier-fondatrice-de-luxury-care\/\" \/>\n<meta property=\"og:locale\" content=\"fr_FR\" \/>\n<meta property=\"og:type\" content=\"article\" \/>\n<meta property=\"og:title\" content=\"Elle lance sa marque d\u00e9di\u00e9e au luxe avec 2000\u20ac en poche : l\u2019histoire de Lucie Vanlier, fondatrice de Luxury Care | Forbes Belgique\" \/>\n<meta property=\"og:description\" content=\"\u00c0 24 ans, Lucie Vanlier lance Luxury Care, des soins naturels pour maroquinerie de luxe, avec 2000\u20ac en poche !\" \/>\n<meta property=\"og:url\" content=\"https:\/\/www.forbes.be\/fr\/elle-lance-sa-marque-dediee-au-luxe-avec-2000e-en-poche-lhistoire-de-lucie-vanlier-fondatrice-de-luxury-care\/\" \/>\n<meta property=\"og:site_name\" content=\"Forbes Belgique\" \/>\n<meta property=\"article:publisher\" content=\"https:\/\/www.facebook.com\/forbesbelgique\/\" \/>\n<meta property=\"article:published_time\" content=\"2025-05-21T04:52:21+00:00\" \/>\n<meta property=\"og:image\" content=\"https:\/\/www.forbes.be\/fr\/wp-content\/uploads\/2025\/05\/luxury-care-mai20257-scaled.jpg\" \/>\n\t<meta property=\"og:image:width\" content=\"2560\" \/>\n\t<meta property=\"og:image:height\" content=\"1707\" \/>\n\t<meta property=\"og:image:type\" content=\"image\/jpeg\" \/>\n<meta name=\"author\" content=\"Marine Dehossay\" \/>\n<meta name=\"twitter:card\" content=\"summary_large_image\" \/>\n<meta name=\"twitter:label1\" content=\"\u00c9crit par\" \/>\n\t<meta name=\"twitter:data1\" content=\"Marine Dehossay\" \/>\n\t<meta name=\"twitter:label2\" content=\"Dur\u00e9e de lecture estim\u00e9e\" \/>\n\t<meta name=\"twitter:data2\" content=\"4 minutes\" \/>\n<script type=\"application\/ld+json\" class=\"yoast-schema-graph\">{\"@context\":\"https:\\\/\\\/schema.org\",\"@graph\":[{\"@type\":\"NewsArticle\",\"@id\":\"https:\\\/\\\/www.forbes.be\\\/fr\\\/elle-lance-sa-marque-dediee-au-luxe-avec-2000e-en-poche-lhistoire-de-lucie-vanlier-fondatrice-de-luxury-care\\\/#article\",\"isPartOf\":{\"@id\":\"https:\\\/\\\/www.forbes.be\\\/fr\\\/elle-lance-sa-marque-dediee-au-luxe-avec-2000e-en-poche-lhistoire-de-lucie-vanlier-fondatrice-de-luxury-care\\\/\"},\"author\":{\"name\":\"Marine Dehossay\",\"@id\":\"https:\\\/\\\/www.forbes.be\\\/fr\\\/#\\\/schema\\\/person\\\/f5953efe0bcca5ad70caa5b2cea66270\"},\"headline\":\"Elle lance sa marque d\u00e9di\u00e9e au luxe avec 2000\u20ac en poche : l\u2019histoire de Lucie Vanlier, fondatrice de Luxury Care\",\"datePublished\":\"2025-05-21T04:52:21+00:00\",\"mainEntityOfPage\":{\"@id\":\"https:\\\/\\\/www.forbes.be\\\/fr\\\/elle-lance-sa-marque-dediee-au-luxe-avec-2000e-en-poche-lhistoire-de-lucie-vanlier-fondatrice-de-luxury-care\\\/\"},\"wordCount\":713,\"publisher\":{\"@id\":\"https:\\\/\\\/www.forbes.be\\\/fr\\\/#organization\"},\"image\":{\"@id\":\"https:\\\/\\\/www.forbes.be\\\/fr\\\/elle-lance-sa-marque-dediee-au-luxe-avec-2000e-en-poche-lhistoire-de-lucie-vanlier-fondatrice-de-luxury-care\\\/#primaryimage\"},\"thumbnailUrl\":\"https:\\\/\\\/www.forbes.be\\\/fr\\\/wp-content\\\/uploads\\\/2025\\\/05\\\/luxury-care-mai20257-scaled.jpg\",\"articleSection\":[\"Entrepreneurs\",\"Femmes Forbes\",\"Luxe\"],\"inLanguage\":\"fr-FR\"},{\"@type\":\"WebPage\",\"@id\":\"https:\\\/\\\/www.forbes.be\\\/fr\\\/elle-lance-sa-marque-dediee-au-luxe-avec-2000e-en-poche-lhistoire-de-lucie-vanlier-fondatrice-de-luxury-care\\\/\",\"url\":\"https:\\\/\\\/www.forbes.be\\\/fr\\\/elle-lance-sa-marque-dediee-au-luxe-avec-2000e-en-poche-lhistoire-de-lucie-vanlier-fondatrice-de-luxury-care\\\/\",\"name\":\"Elle lance sa marque d\u00e9di\u00e9e au luxe avec 2000\u20ac en poche : l\u2019histoire de Lucie Vanlier, fondatrice de Luxury Care | Forbes Belgique\",\"isPartOf\":{\"@id\":\"https:\\\/\\\/www.forbes.be\\\/fr\\\/#website\"},\"primaryImageOfPage\":{\"@id\":\"https:\\\/\\\/www.forbes.be\\\/fr\\\/elle-lance-sa-marque-dediee-au-luxe-avec-2000e-en-poche-lhistoire-de-lucie-vanlier-fondatrice-de-luxury-care\\\/#primaryimage\"},\"image\":{\"@id\":\"https:\\\/\\\/www.forbes.be\\\/fr\\\/elle-lance-sa-marque-dediee-au-luxe-avec-2000e-en-poche-lhistoire-de-lucie-vanlier-fondatrice-de-luxury-care\\\/#primaryimage\"},\"thumbnailUrl\":\"https:\\\/\\\/www.forbes.be\\\/fr\\\/wp-content\\\/uploads\\\/2025\\\/05\\\/luxury-care-mai20257-scaled.jpg\",\"datePublished\":\"2025-05-21T04:52:21+00:00\",\"description\":\"\u00c0 24 ans, Lucie Vanlier lance Luxury Care, des soins naturels pour maroquinerie de luxe, avec 2000\u20ac en poche !\",\"breadcrumb\":{\"@id\":\"https:\\\/\\\/www.forbes.be\\\/fr\\\/elle-lance-sa-marque-dediee-au-luxe-avec-2000e-en-poche-lhistoire-de-lucie-vanlier-fondatrice-de-luxury-care\\\/#breadcrumb\"},\"inLanguage\":\"fr-FR\",\"potentialAction\":[{\"@type\":\"ReadAction\",\"target\":[\"https:\\\/\\\/www.forbes.be\\\/fr\\\/elle-lance-sa-marque-dediee-au-luxe-avec-2000e-en-poche-lhistoire-de-lucie-vanlier-fondatrice-de-luxury-care\\\/\"]}]},{\"@type\":\"ImageObject\",\"inLanguage\":\"fr-FR\",\"@id\":\"https:\\\/\\\/www.forbes.be\\\/fr\\\/elle-lance-sa-marque-dediee-au-luxe-avec-2000e-en-poche-lhistoire-de-lucie-vanlier-fondatrice-de-luxury-care\\\/#primaryimage\",\"url\":\"https:\\\/\\\/www.forbes.be\\\/fr\\\/wp-content\\\/uploads\\\/2025\\\/05\\\/luxury-care-mai20257-scaled.jpg\",\"contentUrl\":\"https:\\\/\\\/www.forbes.be\\\/fr\\\/wp-content\\\/uploads\\\/2025\\\/05\\\/luxury-care-mai20257-scaled.jpg\",\"width\":2560,\"height\":1707},{\"@type\":\"BreadcrumbList\",\"@id\":\"https:\\\/\\\/www.forbes.be\\\/fr\\\/elle-lance-sa-marque-dediee-au-luxe-avec-2000e-en-poche-lhistoire-de-lucie-vanlier-fondatrice-de-luxury-care\\\/#breadcrumb\",\"itemListElement\":[{\"@type\":\"ListItem\",\"position\":1,\"name\":\"Accueil\",\"item\":\"https:\\\/\\\/www.forbes.be\\\/fr\\\/\"},{\"@type\":\"ListItem\",\"position\":2,\"name\":\"Elle lance sa marque d\u00e9di\u00e9e au luxe avec 2000\u20ac en poche : l\u2019histoire de Lucie Vanlier, fondatrice de Luxury Care\"}]},{\"@type\":\"WebSite\",\"@id\":\"https:\\\/\\\/www.forbes.be\\\/fr\\\/#website\",\"url\":\"https:\\\/\\\/www.forbes.be\\\/fr\\\/\",\"name\":\"Forbes Belgique\",\"description\":\"\",\"publisher\":{\"@id\":\"https:\\\/\\\/www.forbes.be\\\/fr\\\/#organization\"},\"potentialAction\":[{\"@type\":\"SearchAction\",\"target\":{\"@type\":\"EntryPoint\",\"urlTemplate\":\"https:\\\/\\\/www.forbes.be\\\/fr\\\/?s={search_term_string}\"},\"query-input\":{\"@type\":\"PropertyValueSpecification\",\"valueRequired\":true,\"valueName\":\"search_term_string\"}}],\"inLanguage\":\"fr-FR\"},{\"@type\":\"Organization\",\"@id\":\"https:\\\/\\\/www.forbes.be\\\/fr\\\/#organization\",\"name\":\"Forbes Belgique\",\"url\":\"https:\\\/\\\/www.forbes.be\\\/fr\\\/\",\"logo\":{\"@type\":\"ImageObject\",\"inLanguage\":\"fr-FR\",\"@id\":\"https:\\\/\\\/www.forbes.be\\\/fr\\\/#\\\/schema\\\/logo\\\/image\\\/\",\"url\":\"https:\\\/\\\/www.forbes.be\\\/fr\\\/wp-content\\\/uploads\\\/2024\\\/02\\\/forbes.be_.png\",\"contentUrl\":\"https:\\\/\\\/www.forbes.be\\\/fr\\\/wp-content\\\/uploads\\\/2024\\\/02\\\/forbes.be_.png\",\"width\":1200,\"height\":675,\"caption\":\"Forbes Belgique\"},\"image\":{\"@id\":\"https:\\\/\\\/www.forbes.be\\\/fr\\\/#\\\/schema\\\/logo\\\/image\\\/\"},\"sameAs\":[\"https:\\\/\\\/www.facebook.com\\\/forbesbelgique\\\/\",\"https:\\\/\\\/www.instagram.com\\\/Forbes_Belgium\",\"https:\\\/\\\/www.linkedin.com\\\/company\\\/forbes-belgium\\\/\"]},{\"@type\":\"Person\",\"@id\":\"https:\\\/\\\/www.forbes.be\\\/fr\\\/#\\\/schema\\\/person\\\/f5953efe0bcca5ad70caa5b2cea66270\",\"name\":\"Marine Dehossay\",\"image\":{\"@type\":\"ImageObject\",\"inLanguage\":\"fr-FR\",\"@id\":\"https:\\\/\\\/www.forbes.be\\\/fr\\\/wp-content\\\/uploads\\\/2024\\\/01\\\/Capture-de\u0301cran-2024-01-07-a\u0300-17.21.17-e1707416501889-150x150.png\",\"url\":\"https:\\\/\\\/www.forbes.be\\\/fr\\\/wp-content\\\/uploads\\\/2024\\\/01\\\/Capture-de\u0301cran-2024-01-07-a\u0300-17.21.17-e1707416501889-150x150.png\",\"contentUrl\":\"https:\\\/\\\/www.forbes.be\\\/fr\\\/wp-content\\\/uploads\\\/2024\\\/01\\\/Capture-de\u0301cran-2024-01-07-a\u0300-17.21.17-e1707416501889-150x150.png\",\"caption\":\"Marine Dehossay\"},\"description\":\"Apr\u00e8s avoir \u00e9crit pour divers m\u00e9dias tels que le webzine li\u00e9geois Boulettes Magazine, son extension papier Sirop, le magazine B2B PUB, ou encore le ELLE Belgique, la plume de cette publicitaire de formation, s'est pos\u00e9e chez Forbes. Ses sujets de pr\u00e9dilection ? Les small businesses, les r\u00e9seaux sociaux, le lifestyle, le leadership, l\u2019innovation, les tendances et toutes les personnalit\u00e9s belges (ou non) qui auront un impact positif en Belgique. Ses valeurs ? La cr\u00e9ativit\u00e9, la durabilit\u00e9 et mettre les femmes \u00e0 l\u2019honneur !\",\"url\":\"https:\\\/\\\/www.forbes.be\\\/fr\\\/author\\\/marine-dehossay\\\/\"}]}<\/script>\n<!-- \/ Yoast SEO plugin. -->","yoast_head_json":{"title":"Elle lance sa marque d\u00e9di\u00e9e au luxe avec 2000\u20ac en poche : l\u2019histoire de Lucie Vanlier, fondatrice de Luxury Care | Forbes Belgique","description":"\u00c0 24 ans, Lucie Vanlier lance Luxury Care, des soins naturels pour maroquinerie de luxe, avec 2000\u20ac en poche !","robots":{"index":"index","follow":"follow","max-snippet":"max-snippet:-1","max-image-preview":"max-image-preview:large","max-video-preview":"max-video-preview:-1"},"canonical":"https:\/\/www.forbes.be\/fr\/elle-lance-sa-marque-dediee-au-luxe-avec-2000e-en-poche-lhistoire-de-lucie-vanlier-fondatrice-de-luxury-care\/","og_locale":"fr_FR","og_type":"article","og_title":"Elle lance sa marque d\u00e9di\u00e9e au luxe avec 2000\u20ac en poche : l\u2019histoire de Lucie Vanlier, fondatrice de Luxury Care | Forbes Belgique","og_description":"\u00c0 24 ans, Lucie Vanlier lance Luxury Care, des soins naturels pour maroquinerie de luxe, avec 2000\u20ac en poche !","og_url":"https:\/\/www.forbes.be\/fr\/elle-lance-sa-marque-dediee-au-luxe-avec-2000e-en-poche-lhistoire-de-lucie-vanlier-fondatrice-de-luxury-care\/","og_site_name":"Forbes Belgique","article_publisher":"https:\/\/www.facebook.com\/forbesbelgique\/","article_published_time":"2025-05-21T04:52:21+00:00","og_image":[{"width":2560,"height":1707,"url":"https:\/\/www.forbes.be\/fr\/wp-content\/uploads\/2025\/05\/luxury-care-mai20257-scaled.jpg","type":"image\/jpeg"}],"author":"Marine Dehossay","twitter_card":"summary_large_image","twitter_misc":{"\u00c9crit par":"Marine Dehossay","Dur\u00e9e de lecture estim\u00e9e":"4 minutes"},"schema":{"@context":"https:\/\/schema.org","@graph":[{"@type":"NewsArticle","@id":"https:\/\/www.forbes.be\/fr\/elle-lance-sa-marque-dediee-au-luxe-avec-2000e-en-poche-lhistoire-de-lucie-vanlier-fondatrice-de-luxury-care\/#article","isPartOf":{"@id":"https:\/\/www.forbes.be\/fr\/elle-lance-sa-marque-dediee-au-luxe-avec-2000e-en-poche-lhistoire-de-lucie-vanlier-fondatrice-de-luxury-care\/"},"author":{"name":"Marine Dehossay","@id":"https:\/\/www.forbes.be\/fr\/#\/schema\/person\/f5953efe0bcca5ad70caa5b2cea66270"},"headline":"Elle lance sa marque d\u00e9di\u00e9e au luxe avec 2000\u20ac en poche : l\u2019histoire de Lucie Vanlier, fondatrice de Luxury Care","datePublished":"2025-05-21T04:52:21+00:00","mainEntityOfPage":{"@id":"https:\/\/www.forbes.be\/fr\/elle-lance-sa-marque-dediee-au-luxe-avec-2000e-en-poche-lhistoire-de-lucie-vanlier-fondatrice-de-luxury-care\/"},"wordCount":713,"publisher":{"@id":"https:\/\/www.forbes.be\/fr\/#organization"},"image":{"@id":"https:\/\/www.forbes.be\/fr\/elle-lance-sa-marque-dediee-au-luxe-avec-2000e-en-poche-lhistoire-de-lucie-vanlier-fondatrice-de-luxury-care\/#primaryimage"},"thumbnailUrl":"https:\/\/www.forbes.be\/fr\/wp-content\/uploads\/2025\/05\/luxury-care-mai20257-scaled.jpg","articleSection":["Entrepreneurs","Femmes Forbes","Luxe"],"inLanguage":"fr-FR"},{"@type":"WebPage","@id":"https:\/\/www.forbes.be\/fr\/elle-lance-sa-marque-dediee-au-luxe-avec-2000e-en-poche-lhistoire-de-lucie-vanlier-fondatrice-de-luxury-care\/","url":"https:\/\/www.forbes.be\/fr\/elle-lance-sa-marque-dediee-au-luxe-avec-2000e-en-poche-lhistoire-de-lucie-vanlier-fondatrice-de-luxury-care\/","name":"Elle lance sa marque d\u00e9di\u00e9e au luxe avec 2000\u20ac en poche : l\u2019histoire de Lucie Vanlier, fondatrice de Luxury Care | Forbes Belgique","isPartOf":{"@id":"https:\/\/www.forbes.be\/fr\/#website"},"primaryImageOfPage":{"@id":"https:\/\/www.forbes.be\/fr\/elle-lance-sa-marque-dediee-au-luxe-avec-2000e-en-poche-lhistoire-de-lucie-vanlier-fondatrice-de-luxury-care\/#primaryimage"},"image":{"@id":"https:\/\/www.forbes.be\/fr\/elle-lance-sa-marque-dediee-au-luxe-avec-2000e-en-poche-lhistoire-de-lucie-vanlier-fondatrice-de-luxury-care\/#primaryimage"},"thumbnailUrl":"https:\/\/www.forbes.be\/fr\/wp-content\/uploads\/2025\/05\/luxury-care-mai20257-scaled.jpg","datePublished":"2025-05-21T04:52:21+00:00","description":"\u00c0 24 ans, Lucie Vanlier lance Luxury Care, des soins naturels pour maroquinerie de luxe, avec 2000\u20ac en poche !","breadcrumb":{"@id":"https:\/\/www.forbes.be\/fr\/elle-lance-sa-marque-dediee-au-luxe-avec-2000e-en-poche-lhistoire-de-lucie-vanlier-fondatrice-de-luxury-care\/#breadcrumb"},"inLanguage":"fr-FR","potentialAction":[{"@type":"ReadAction","target":["https:\/\/www.forbes.be\/fr\/elle-lance-sa-marque-dediee-au-luxe-avec-2000e-en-poche-lhistoire-de-lucie-vanlier-fondatrice-de-luxury-care\/"]}]},{"@type":"ImageObject","inLanguage":"fr-FR","@id":"https:\/\/www.forbes.be\/fr\/elle-lance-sa-marque-dediee-au-luxe-avec-2000e-en-poche-lhistoire-de-lucie-vanlier-fondatrice-de-luxury-care\/#primaryimage","url":"https:\/\/www.forbes.be\/fr\/wp-content\/uploads\/2025\/05\/luxury-care-mai20257-scaled.jpg","contentUrl":"https:\/\/www.forbes.be\/fr\/wp-content\/uploads\/2025\/05\/luxury-care-mai20257-scaled.jpg","width":2560,"height":1707},{"@type":"BreadcrumbList","@id":"https:\/\/www.forbes.be\/fr\/elle-lance-sa-marque-dediee-au-luxe-avec-2000e-en-poche-lhistoire-de-lucie-vanlier-fondatrice-de-luxury-care\/#breadcrumb","itemListElement":[{"@type":"ListItem","position":1,"name":"Accueil","item":"https:\/\/www.forbes.be\/fr\/"},{"@type":"ListItem","position":2,"name":"Elle lance sa marque d\u00e9di\u00e9e au luxe avec 2000\u20ac en poche : l\u2019histoire de Lucie Vanlier, fondatrice de Luxury Care"}]},{"@type":"WebSite","@id":"https:\/\/www.forbes.be\/fr\/#website","url":"https:\/\/www.forbes.be\/fr\/","name":"Forbes Belgique","description":"","publisher":{"@id":"https:\/\/www.forbes.be\/fr\/#organization"},"potentialAction":[{"@type":"SearchAction","target":{"@type":"EntryPoint","urlTemplate":"https:\/\/www.forbes.be\/fr\/?s={search_term_string}"},"query-input":{"@type":"PropertyValueSpecification","valueRequired":true,"valueName":"search_term_string"}}],"inLanguage":"fr-FR"},{"@type":"Organization","@id":"https:\/\/www.forbes.be\/fr\/#organization","name":"Forbes Belgique","url":"https:\/\/www.forbes.be\/fr\/","logo":{"@type":"ImageObject","inLanguage":"fr-FR","@id":"https:\/\/www.forbes.be\/fr\/#\/schema\/logo\/image\/","url":"https:\/\/www.forbes.be\/fr\/wp-content\/uploads\/2024\/02\/forbes.be_.png","contentUrl":"https:\/\/www.forbes.be\/fr\/wp-content\/uploads\/2024\/02\/forbes.be_.png","width":1200,"height":675,"caption":"Forbes Belgique"},"image":{"@id":"https:\/\/www.forbes.be\/fr\/#\/schema\/logo\/image\/"},"sameAs":["https:\/\/www.facebook.com\/forbesbelgique\/","https:\/\/www.instagram.com\/Forbes_Belgium","https:\/\/www.linkedin.com\/company\/forbes-belgium\/"]},{"@type":"Person","@id":"https:\/\/www.forbes.be\/fr\/#\/schema\/person\/f5953efe0bcca5ad70caa5b2cea66270","name":"Marine Dehossay","image":{"@type":"ImageObject","inLanguage":"fr-FR","@id":"https:\/\/www.forbes.be\/fr\/wp-content\/uploads\/2024\/01\/Capture-de\u0301cran-2024-01-07-a\u0300-17.21.17-e1707416501889-150x150.png","url":"https:\/\/www.forbes.be\/fr\/wp-content\/uploads\/2024\/01\/Capture-de\u0301cran-2024-01-07-a\u0300-17.21.17-e1707416501889-150x150.png","contentUrl":"https:\/\/www.forbes.be\/fr\/wp-content\/uploads\/2024\/01\/Capture-de\u0301cran-2024-01-07-a\u0300-17.21.17-e1707416501889-150x150.png","caption":"Marine Dehossay"},"description":"Apr\u00e8s avoir \u00e9crit pour divers m\u00e9dias tels que le webzine li\u00e9geois Boulettes Magazine, son extension papier Sirop, le magazine B2B PUB, ou encore le ELLE Belgique, la plume de cette publicitaire de formation, s'est pos\u00e9e chez Forbes. Ses sujets de pr\u00e9dilection ? Les small businesses, les r\u00e9seaux sociaux, le lifestyle, le leadership, l\u2019innovation, les tendances et toutes les personnalit\u00e9s belges (ou non) qui auront un impact positif en Belgique. Ses valeurs ? La cr\u00e9ativit\u00e9, la durabilit\u00e9 et mettre les femmes \u00e0 l\u2019honneur !","url":"https:\/\/www.forbes.be\/fr\/author\/marine-dehossay\/"}]}},"_links":{"self":[{"href":"https:\/\/www.forbes.be\/fr\/wp-json\/wp\/v2\/posts\/10365","targetHints":{"allow":["GET"]}}],"collection":[{"href":"https:\/\/www.forbes.be\/fr\/wp-json\/wp\/v2\/posts"}],"about":[{"href":"https:\/\/www.forbes.be\/fr\/wp-json\/wp\/v2\/types\/post"}],"author":[{"embeddable":true,"href":"https:\/\/www.forbes.be\/fr\/wp-json\/wp\/v2\/users\/9"}],"replies":[{"embeddable":true,"href":"https:\/\/www.forbes.be\/fr\/wp-json\/wp\/v2\/comments?post=10365"}],"version-history":[{"count":4,"href":"https:\/\/www.forbes.be\/fr\/wp-json\/wp\/v2\/posts\/10365\/revisions"}],"predecessor-version":[{"id":10482,"href":"https:\/\/www.forbes.be\/fr\/wp-json\/wp\/v2\/posts\/10365\/revisions\/10482"}],"wp:featuredmedia":[{"embeddable":true,"href":"https:\/\/www.forbes.be\/fr\/wp-json\/wp\/v2\/media\/10368"}],"wp:attachment":[{"href":"https:\/\/www.forbes.be\/fr\/wp-json\/wp\/v2\/media?parent=10365"}],"wp:term":[{"taxonomy":"category","embeddable":true,"href":"https:\/\/www.forbes.be\/fr\/wp-json\/wp\/v2\/categories?post=10365"},{"taxonomy":"post_tag","embeddable":true,"href":"https:\/\/www.forbes.be\/fr\/wp-json\/wp\/v2\/tags?post=10365"}],"curies":[{"name":"wp","href":"https:\/\/api.w.org\/{rel}","templated":true}]}}