{"id":10454,"date":"2025-05-16T16:44:31","date_gmt":"2025-05-16T14:44:31","guid":{"rendered":"https:\/\/www.forbes.be\/fr\/?p=10454"},"modified":"2025-05-16T16:44:31","modified_gmt":"2025-05-16T14:44:31","slug":"ouverture-de-la-stockholm-art-week","status":"publish","type":"post","link":"https:\/\/www.forbes.be\/fr\/ouverture-de-la-stockholm-art-week\/","title":{"rendered":"Ouverture de la Stockholm Art Week"},"content":{"rendered":"<p><b>La Stockholm Art Week associe des institutions aussi diverses que la Stockholm School of Economics et le Spritmuseum, temple des alcools su\u00e9dois.<\/b><\/p>\n<p><span style=\"font-weight: 400;\">En 2011, \u00e0 la t\u00eate de son agence Part Projects, Joanna Sundstr\u00f6m a fond\u00e9 <a href=\"https:\/\/stockholmartweek.se\/\">Stockholm Art Week<\/a> (SAW). Elle conna\u00eet les lieux d\u2019art de sa ville mieux que le dos de sa main\u00a0: \u00ab\u00a0\u00c0 Djurg\u00e5rden, \u00e9quilibre de culture, art et nature, vous trouvez le Liljevachs, Thielska Galleriet, le\u00a0Princess Estelle Sculpture Park et le Spritmuseum. Ce mus\u00e9e des alcools et des traditions su\u00e9doise, voisin du c\u00e9l\u00e8bre Vasa, \u00e9pave de vaisseau de haut-bord enti\u00e8rement restaur\u00e9e, abrite les 800 \u0153uvres de la collection Absolut (la marque de vodka). Une exposition Warhol, <\/span><i><span style=\"font-weight: 400;\">The Money on the Wall<\/span><\/i><span style=\"font-weight: 400;\">, y pr\u00e9sente le Business Art, le stade sup\u00e9rieur de l\u2019art selon le sorcier du pop art am\u00e9ricain. \u00c0 propos de la vodka Absolut, Warhol confiait\u00a0: \u00ab\u00a0J\u2019adore cette bouteille, j\u2019ai envie d\u2019en faire quelque chose\u00a0\u00bb. Deux ans avant sa mort, ce fut <\/span><i><span style=\"font-weight: 400;\">Absolut Warhol<\/span><\/i><span style=\"font-weight: 400;\">, en 1985, \u0153uvre qui fut \u00e0 l\u2019origine de la collection Absolut, soulignent Mia Sundberg, directrice artistique, et Blake Gopnik, curateur.<\/span><\/p>\n<p><span style=\"font-weight: 400;\">Vers le centre, le quartier d\u2019\u00d6stermalm foisonne de galeries de haut vol\u00a0:\u00a0 Saskia Neuman, la su\u00e9do-parisienne Andr\u00e9hn-Schiptjenko, Nordenhake\u2026\u00a0\u00bb Bj\u00f6rn Wetterling, l\u2019a\u00een\u00e9 de tous, expose son ami Ed Ruscha (Figure It), apr\u00e8s Rosenquist, Stella, Wesselmann, Rauschenberg (\u00ab\u00a0Il \u00e9tait compliqu\u00e9 : en Floride, il me servait de l\u2019Absolut au petit-d\u00e9j\u2019\u00a0\u00bb.) Il expose aussi la Crim\u00e9enne Natalia Edenmont (Out of Body). Ses photos de nus et d\u2019\u0153ufs le subjuguent\u00a0: \u00ab\u00a0pour obtenir cette couleur, elle les bout dans l\u2019urine, les brise entre ses doigts, les emporte \u00e0 Carrare et les sculpte dans le marbre\u00a0\u00bb. Autre a\u00een\u00e9e, Nordenhake, fond\u00e9e en 1976, est aussi \u00e0 Berlin et Mexico.\u00a0<\/span><\/p>\n<p><b>Le\u00e7on d\u2019\u00e9conomie<\/b><\/p>\n<p><span style=\"font-weight: 400;\">Une fois par an, Stockholm Art Week met en lumi\u00e8re un r\u00e9seau d\u2019institutions. Ainsi, la Stockholm School of Economics qui d\u00e9die huit de ses salles de classe \u00e0 des artistes, notamment Clout, de Jens F\u00e4nge, une clarinette \u00e0 l\u2019embouchure bloqu\u00e9e par une pipe magrittienne, parabole du chercheur en \u00e9conomie, qui \u00ab\u00a0d\u00e9bouche\u00a0\u00bb la r\u00e9alit\u00e9. Sur le m\u00eame registre, une autre salle expose White Noise, pi\u00e8ce du Belge Emmanuel van der Auwera\u00a0: un dispositif de lentille optique \u00ab\u00a0lit\u00a0\u00bb un \u00e9cran blanc et r\u00e9v\u00e8le la r\u00e9alit\u00e9 qu\u2019il rec\u00e8le. Le directeur de l\u2019\u00e9cole, Lars Stranneg\u00e5rd, conseill\u00e9 par Joanna Sundstr\u00f6m, n\u2019est pas peu fier d\u2019inaugurer l\u2019installation permanente des \u0153uvres de Jan H\u00e5fstr\u00f6m, \u00ab\u00a0grand-p\u00e8re\u00a0\u00bb\u00a0 de l\u2019art contemporain su\u00e9dois, quatre fois expos\u00e9 \u00e0 la Biennale de Venise.<\/span><\/p>\n<p><span style=\"font-weight: 400;\">Cette ann\u00e9e, Market Art Fair (MAF), foire-boutique cr\u00e9\u00e9e en 2006 par des galeries de Finlande, Islande, Norv\u00e8ge, Danemark et Su\u00e8de, \u00e0 l\u2019\u00e9picentre de la Stockholm Art Week, investit les deux ailes, ancienne et moderne, du mus\u00e9e historique de Liljevachs. Sara Berner Bengtsson, directrice de la MAF, compl\u00e8te la le\u00e7on d\u2019\u00e9conomie entam\u00e9e par Andy Warhol\u00a0: \u00ab\u00a0Nous sommes locaux et internationaux, avec 51 participantes, \u00e0 60% scandinaves, modestes compar\u00e9es \u00e0 Art Basel, mais certaines vendent mieux ici qu\u2019\u00e0 B\u00e2le\u2026.\u00a0\u00bb.<\/span><\/p>\n<p><span style=\"font-weight: 400;\">Stockholm Art Week est \u00e9troitement li\u00e9 \u00e0 la Belgique \u00e0 travers le r\u00e9seau Spider, qui f\u00e9d\u00e8re les Art Week d\u2019Europe, notamment celles de Bruxelles, fond\u00e9e par les galeristes Laure Decock et Evelyn Simons, et d\u2019Anvers, anim\u00e9e par Frederick Keteleer (galerie Keteleer) et Bart van den Biese (galerie Base-Alpha).<\/span><\/p>\n<p>&nbsp;<\/p>\n","protected":false},"excerpt":{"rendered":"<p>La Stockholm Art Week associe des institutions aussi diverses que la Stockholm School of Economics et le Spritmuseum, temple des alcools su\u00e9dois. En 2011, \u00e0 la t\u00eate de son agence Part Projects, Joanna Sundstr\u00f6m a fond\u00e9 Stockholm Art Week (SAW). Elle conna\u00eet les lieux d\u2019art de sa ville mieux que le dos de sa main\u00a0: [&hellip;]<\/p>\n","protected":false},"author":27,"featured_media":10456,"comment_status":"closed","ping_status":"closed","sticky":false,"template":"","format":"standard","meta":{"_acf_changed":false,"inline_featured_image":false,"footnotes":""},"categories":[63],"tags":[],"class_list":{"0":"post-10454","1":"post","2":"type-post","3":"status-publish","4":"format-standard","5":"has-post-thumbnail","7":"category-culture"},"acf":[],"_yoast_wpseo_title":null,"_yoast_wpseo_metadesc":"La Stockholm Art Week associe des institutions aussi diverses que la Stockholm School of Economics et le Spritmuseum.","auteur_traducteur":"","yoast_head":"<!-- This site is optimized with the Yoast SEO plugin v27.4 - https:\/\/yoast.com\/product\/yoast-seo-wordpress\/ -->\n<title>Ouverture de la Stockholm Art Week | Forbes Belgique<\/title>\n<meta name=\"description\" content=\"La Stockholm Art Week associe des institutions aussi diverses que la Stockholm School of Economics et le Spritmuseum.\" \/>\n<meta name=\"robots\" content=\"index, follow, max-snippet:-1, max-image-preview:large, max-video-preview:-1\" \/>\n<link rel=\"canonical\" href=\"https:\/\/www.forbes.be\/fr\/ouverture-de-la-stockholm-art-week\/\" \/>\n<meta property=\"og:locale\" content=\"fr_FR\" \/>\n<meta property=\"og:type\" content=\"article\" \/>\n<meta property=\"og:title\" content=\"Ouverture de la Stockholm Art Week | Forbes Belgique\" \/>\n<meta property=\"og:description\" content=\"La Stockholm Art Week associe des institutions aussi diverses que la Stockholm School of Economics et le Spritmuseum.\" \/>\n<meta property=\"og:url\" content=\"https:\/\/www.forbes.be\/fr\/ouverture-de-la-stockholm-art-week\/\" \/>\n<meta property=\"og:site_name\" content=\"Forbes Belgique\" \/>\n<meta property=\"article:publisher\" content=\"https:\/\/www.facebook.com\/forbesbelgique\/\" \/>\n<meta property=\"article:published_time\" content=\"2025-05-16T14:44:31+00:00\" \/>\n<meta property=\"og:image\" content=\"https:\/\/www.forbes.be\/fr\/wp-content\/uploads\/2025\/05\/liljevalchs-konsthall-photo-credit-miles-evans-scaled-e1747406654977.jpg\" \/>\n\t<meta property=\"og:image:width\" content=\"1910\" \/>\n\t<meta property=\"og:image:height\" content=\"1900\" \/>\n\t<meta property=\"og:image:type\" content=\"image\/jpeg\" \/>\n<meta name=\"author\" content=\"Johan-Fr\u00e9d\u00e9rik Hel Guedj\" \/>\n<meta name=\"twitter:card\" content=\"summary_large_image\" \/>\n<meta name=\"twitter:label1\" content=\"\u00c9crit par\" \/>\n\t<meta name=\"twitter:data1\" content=\"Johan-Fr\u00e9d\u00e9rik Hel Guedj\" \/>\n\t<meta name=\"twitter:label2\" content=\"Dur\u00e9e de lecture estim\u00e9e\" \/>\n\t<meta name=\"twitter:data2\" content=\"3 minutes\" \/>\n<script type=\"application\/ld+json\" class=\"yoast-schema-graph\">{\"@context\":\"https:\\\/\\\/schema.org\",\"@graph\":[{\"@type\":\"NewsArticle\",\"@id\":\"https:\\\/\\\/www.forbes.be\\\/fr\\\/ouverture-de-la-stockholm-art-week\\\/#article\",\"isPartOf\":{\"@id\":\"https:\\\/\\\/www.forbes.be\\\/fr\\\/ouverture-de-la-stockholm-art-week\\\/\"},\"author\":{\"name\":\"Johan-Fr\u00e9d\u00e9rik Hel Guedj\",\"@id\":\"https:\\\/\\\/www.forbes.be\\\/fr\\\/#\\\/schema\\\/person\\\/ad1bb0e83419af89356b7b11a6622c80\"},\"headline\":\"Ouverture de la Stockholm Art Week\",\"datePublished\":\"2025-05-16T14:44:31+00:00\",\"mainEntityOfPage\":{\"@id\":\"https:\\\/\\\/www.forbes.be\\\/fr\\\/ouverture-de-la-stockholm-art-week\\\/\"},\"wordCount\":596,\"publisher\":{\"@id\":\"https:\\\/\\\/www.forbes.be\\\/fr\\\/#organization\"},\"image\":{\"@id\":\"https:\\\/\\\/www.forbes.be\\\/fr\\\/ouverture-de-la-stockholm-art-week\\\/#primaryimage\"},\"thumbnailUrl\":\"https:\\\/\\\/www.forbes.be\\\/fr\\\/wp-content\\\/uploads\\\/2025\\\/05\\\/liljevalchs-konsthall-photo-credit-miles-evans-scaled-e1747406654977.jpg\",\"articleSection\":[\"Culture\"],\"inLanguage\":\"fr-FR\"},{\"@type\":\"WebPage\",\"@id\":\"https:\\\/\\\/www.forbes.be\\\/fr\\\/ouverture-de-la-stockholm-art-week\\\/\",\"url\":\"https:\\\/\\\/www.forbes.be\\\/fr\\\/ouverture-de-la-stockholm-art-week\\\/\",\"name\":\"Ouverture de la Stockholm Art Week | Forbes Belgique\",\"isPartOf\":{\"@id\":\"https:\\\/\\\/www.forbes.be\\\/fr\\\/#website\"},\"primaryImageOfPage\":{\"@id\":\"https:\\\/\\\/www.forbes.be\\\/fr\\\/ouverture-de-la-stockholm-art-week\\\/#primaryimage\"},\"image\":{\"@id\":\"https:\\\/\\\/www.forbes.be\\\/fr\\\/ouverture-de-la-stockholm-art-week\\\/#primaryimage\"},\"thumbnailUrl\":\"https:\\\/\\\/www.forbes.be\\\/fr\\\/wp-content\\\/uploads\\\/2025\\\/05\\\/liljevalchs-konsthall-photo-credit-miles-evans-scaled-e1747406654977.jpg\",\"datePublished\":\"2025-05-16T14:44:31+00:00\",\"description\":\"La Stockholm Art Week associe des institutions aussi diverses que la Stockholm School of Economics et le Spritmuseum.\",\"breadcrumb\":{\"@id\":\"https:\\\/\\\/www.forbes.be\\\/fr\\\/ouverture-de-la-stockholm-art-week\\\/#breadcrumb\"},\"inLanguage\":\"fr-FR\",\"potentialAction\":[{\"@type\":\"ReadAction\",\"target\":[\"https:\\\/\\\/www.forbes.be\\\/fr\\\/ouverture-de-la-stockholm-art-week\\\/\"]}]},{\"@type\":\"ImageObject\",\"inLanguage\":\"fr-FR\",\"@id\":\"https:\\\/\\\/www.forbes.be\\\/fr\\\/ouverture-de-la-stockholm-art-week\\\/#primaryimage\",\"url\":\"https:\\\/\\\/www.forbes.be\\\/fr\\\/wp-content\\\/uploads\\\/2025\\\/05\\\/liljevalchs-konsthall-photo-credit-miles-evans-scaled-e1747406654977.jpg\",\"contentUrl\":\"https:\\\/\\\/www.forbes.be\\\/fr\\\/wp-content\\\/uploads\\\/2025\\\/05\\\/liljevalchs-konsthall-photo-credit-miles-evans-scaled-e1747406654977.jpg\",\"width\":1910,\"height\":1900,\"caption\":\"\u00a9 Miles Evans\"},{\"@type\":\"BreadcrumbList\",\"@id\":\"https:\\\/\\\/www.forbes.be\\\/fr\\\/ouverture-de-la-stockholm-art-week\\\/#breadcrumb\",\"itemListElement\":[{\"@type\":\"ListItem\",\"position\":1,\"name\":\"Accueil\",\"item\":\"https:\\\/\\\/www.forbes.be\\\/fr\\\/\"},{\"@type\":\"ListItem\",\"position\":2,\"name\":\"Ouverture de la Stockholm Art Week\"}]},{\"@type\":\"WebSite\",\"@id\":\"https:\\\/\\\/www.forbes.be\\\/fr\\\/#website\",\"url\":\"https:\\\/\\\/www.forbes.be\\\/fr\\\/\",\"name\":\"Forbes Belgique\",\"description\":\"\",\"publisher\":{\"@id\":\"https:\\\/\\\/www.forbes.be\\\/fr\\\/#organization\"},\"potentialAction\":[{\"@type\":\"SearchAction\",\"target\":{\"@type\":\"EntryPoint\",\"urlTemplate\":\"https:\\\/\\\/www.forbes.be\\\/fr\\\/?s={search_term_string}\"},\"query-input\":{\"@type\":\"PropertyValueSpecification\",\"valueRequired\":true,\"valueName\":\"search_term_string\"}}],\"inLanguage\":\"fr-FR\"},{\"@type\":\"Organization\",\"@id\":\"https:\\\/\\\/www.forbes.be\\\/fr\\\/#organization\",\"name\":\"Forbes Belgique\",\"url\":\"https:\\\/\\\/www.forbes.be\\\/fr\\\/\",\"logo\":{\"@type\":\"ImageObject\",\"inLanguage\":\"fr-FR\",\"@id\":\"https:\\\/\\\/www.forbes.be\\\/fr\\\/#\\\/schema\\\/logo\\\/image\\\/\",\"url\":\"https:\\\/\\\/www.forbes.be\\\/fr\\\/wp-content\\\/uploads\\\/2024\\\/02\\\/forbes.be_.png\",\"contentUrl\":\"https:\\\/\\\/www.forbes.be\\\/fr\\\/wp-content\\\/uploads\\\/2024\\\/02\\\/forbes.be_.png\",\"width\":1200,\"height\":675,\"caption\":\"Forbes Belgique\"},\"image\":{\"@id\":\"https:\\\/\\\/www.forbes.be\\\/fr\\\/#\\\/schema\\\/logo\\\/image\\\/\"},\"sameAs\":[\"https:\\\/\\\/www.facebook.com\\\/forbesbelgique\\\/\",\"https:\\\/\\\/www.instagram.com\\\/Forbes_Belgium\",\"https:\\\/\\\/www.linkedin.com\\\/company\\\/forbes-belgium\\\/\"]},{\"@type\":\"Person\",\"@id\":\"https:\\\/\\\/www.forbes.be\\\/fr\\\/#\\\/schema\\\/person\\\/ad1bb0e83419af89356b7b11a6622c80\",\"name\":\"Johan-Fr\u00e9d\u00e9rik Hel Guedj\",\"image\":{\"@type\":\"ImageObject\",\"inLanguage\":\"fr-FR\",\"@id\":\"https:\\\/\\\/secure.gravatar.com\\\/avatar\\\/65333543693434f2cc9fdefb3173b162df98712d00606b00b3d43914f79a1598?s=96&d=mm&r=g\",\"url\":\"https:\\\/\\\/secure.gravatar.com\\\/avatar\\\/65333543693434f2cc9fdefb3173b162df98712d00606b00b3d43914f79a1598?s=96&d=mm&r=g\",\"contentUrl\":\"https:\\\/\\\/secure.gravatar.com\\\/avatar\\\/65333543693434f2cc9fdefb3173b162df98712d00606b00b3d43914f79a1598?s=96&d=mm&r=g\",\"caption\":\"Johan-Fr\u00e9d\u00e9rik Hel Guedj\"},\"description\":\"Johan-Frederik Hel Guedj est journaliste et auteur fran\u00e7ais. R\u00e9dacteur en chef pendant 7 ans de la revue Pouvoirs Locaux, consacr\u00e9e aux politiques culturelles, il a publi\u00e9 huit ouvrages chez des \u00e9diteurs fran\u00e7ais et belges, dont deux romans, un essai consacr\u00e9 \u00e0 Orson Welles, et quatre livres d\u2019art. En plus de Forbes, il collabore \u00e0 L\u2019Echo et au Quotidien de l\u2019Art (Paris).\",\"url\":\"https:\\\/\\\/www.forbes.be\\\/fr\\\/author\\\/johan-frederik-hel-guedj\\\/\"}]}<\/script>\n<!-- \/ Yoast SEO plugin. -->","yoast_head_json":{"title":"Ouverture de la Stockholm Art Week | Forbes Belgique","description":"La Stockholm Art Week associe des institutions aussi diverses que la Stockholm School of Economics et le Spritmuseum.","robots":{"index":"index","follow":"follow","max-snippet":"max-snippet:-1","max-image-preview":"max-image-preview:large","max-video-preview":"max-video-preview:-1"},"canonical":"https:\/\/www.forbes.be\/fr\/ouverture-de-la-stockholm-art-week\/","og_locale":"fr_FR","og_type":"article","og_title":"Ouverture de la Stockholm Art Week | Forbes Belgique","og_description":"La Stockholm Art Week associe des institutions aussi diverses que la Stockholm School of Economics et le Spritmuseum.","og_url":"https:\/\/www.forbes.be\/fr\/ouverture-de-la-stockholm-art-week\/","og_site_name":"Forbes Belgique","article_publisher":"https:\/\/www.facebook.com\/forbesbelgique\/","article_published_time":"2025-05-16T14:44:31+00:00","og_image":[{"width":1910,"height":1900,"url":"https:\/\/www.forbes.be\/fr\/wp-content\/uploads\/2025\/05\/liljevalchs-konsthall-photo-credit-miles-evans-scaled-e1747406654977.jpg","type":"image\/jpeg"}],"author":"Johan-Fr\u00e9d\u00e9rik Hel Guedj","twitter_card":"summary_large_image","twitter_misc":{"\u00c9crit par":"Johan-Fr\u00e9d\u00e9rik Hel Guedj","Dur\u00e9e de lecture estim\u00e9e":"3 minutes"},"schema":{"@context":"https:\/\/schema.org","@graph":[{"@type":"NewsArticle","@id":"https:\/\/www.forbes.be\/fr\/ouverture-de-la-stockholm-art-week\/#article","isPartOf":{"@id":"https:\/\/www.forbes.be\/fr\/ouverture-de-la-stockholm-art-week\/"},"author":{"name":"Johan-Fr\u00e9d\u00e9rik Hel Guedj","@id":"https:\/\/www.forbes.be\/fr\/#\/schema\/person\/ad1bb0e83419af89356b7b11a6622c80"},"headline":"Ouverture de la Stockholm Art Week","datePublished":"2025-05-16T14:44:31+00:00","mainEntityOfPage":{"@id":"https:\/\/www.forbes.be\/fr\/ouverture-de-la-stockholm-art-week\/"},"wordCount":596,"publisher":{"@id":"https:\/\/www.forbes.be\/fr\/#organization"},"image":{"@id":"https:\/\/www.forbes.be\/fr\/ouverture-de-la-stockholm-art-week\/#primaryimage"},"thumbnailUrl":"https:\/\/www.forbes.be\/fr\/wp-content\/uploads\/2025\/05\/liljevalchs-konsthall-photo-credit-miles-evans-scaled-e1747406654977.jpg","articleSection":["Culture"],"inLanguage":"fr-FR"},{"@type":"WebPage","@id":"https:\/\/www.forbes.be\/fr\/ouverture-de-la-stockholm-art-week\/","url":"https:\/\/www.forbes.be\/fr\/ouverture-de-la-stockholm-art-week\/","name":"Ouverture de la Stockholm Art Week | Forbes Belgique","isPartOf":{"@id":"https:\/\/www.forbes.be\/fr\/#website"},"primaryImageOfPage":{"@id":"https:\/\/www.forbes.be\/fr\/ouverture-de-la-stockholm-art-week\/#primaryimage"},"image":{"@id":"https:\/\/www.forbes.be\/fr\/ouverture-de-la-stockholm-art-week\/#primaryimage"},"thumbnailUrl":"https:\/\/www.forbes.be\/fr\/wp-content\/uploads\/2025\/05\/liljevalchs-konsthall-photo-credit-miles-evans-scaled-e1747406654977.jpg","datePublished":"2025-05-16T14:44:31+00:00","description":"La Stockholm Art Week associe des institutions aussi diverses que la Stockholm School of Economics et le Spritmuseum.","breadcrumb":{"@id":"https:\/\/www.forbes.be\/fr\/ouverture-de-la-stockholm-art-week\/#breadcrumb"},"inLanguage":"fr-FR","potentialAction":[{"@type":"ReadAction","target":["https:\/\/www.forbes.be\/fr\/ouverture-de-la-stockholm-art-week\/"]}]},{"@type":"ImageObject","inLanguage":"fr-FR","@id":"https:\/\/www.forbes.be\/fr\/ouverture-de-la-stockholm-art-week\/#primaryimage","url":"https:\/\/www.forbes.be\/fr\/wp-content\/uploads\/2025\/05\/liljevalchs-konsthall-photo-credit-miles-evans-scaled-e1747406654977.jpg","contentUrl":"https:\/\/www.forbes.be\/fr\/wp-content\/uploads\/2025\/05\/liljevalchs-konsthall-photo-credit-miles-evans-scaled-e1747406654977.jpg","width":1910,"height":1900,"caption":"\u00a9 Miles Evans"},{"@type":"BreadcrumbList","@id":"https:\/\/www.forbes.be\/fr\/ouverture-de-la-stockholm-art-week\/#breadcrumb","itemListElement":[{"@type":"ListItem","position":1,"name":"Accueil","item":"https:\/\/www.forbes.be\/fr\/"},{"@type":"ListItem","position":2,"name":"Ouverture de la Stockholm Art Week"}]},{"@type":"WebSite","@id":"https:\/\/www.forbes.be\/fr\/#website","url":"https:\/\/www.forbes.be\/fr\/","name":"Forbes Belgique","description":"","publisher":{"@id":"https:\/\/www.forbes.be\/fr\/#organization"},"potentialAction":[{"@type":"SearchAction","target":{"@type":"EntryPoint","urlTemplate":"https:\/\/www.forbes.be\/fr\/?s={search_term_string}"},"query-input":{"@type":"PropertyValueSpecification","valueRequired":true,"valueName":"search_term_string"}}],"inLanguage":"fr-FR"},{"@type":"Organization","@id":"https:\/\/www.forbes.be\/fr\/#organization","name":"Forbes Belgique","url":"https:\/\/www.forbes.be\/fr\/","logo":{"@type":"ImageObject","inLanguage":"fr-FR","@id":"https:\/\/www.forbes.be\/fr\/#\/schema\/logo\/image\/","url":"https:\/\/www.forbes.be\/fr\/wp-content\/uploads\/2024\/02\/forbes.be_.png","contentUrl":"https:\/\/www.forbes.be\/fr\/wp-content\/uploads\/2024\/02\/forbes.be_.png","width":1200,"height":675,"caption":"Forbes Belgique"},"image":{"@id":"https:\/\/www.forbes.be\/fr\/#\/schema\/logo\/image\/"},"sameAs":["https:\/\/www.facebook.com\/forbesbelgique\/","https:\/\/www.instagram.com\/Forbes_Belgium","https:\/\/www.linkedin.com\/company\/forbes-belgium\/"]},{"@type":"Person","@id":"https:\/\/www.forbes.be\/fr\/#\/schema\/person\/ad1bb0e83419af89356b7b11a6622c80","name":"Johan-Fr\u00e9d\u00e9rik Hel Guedj","image":{"@type":"ImageObject","inLanguage":"fr-FR","@id":"https:\/\/secure.gravatar.com\/avatar\/65333543693434f2cc9fdefb3173b162df98712d00606b00b3d43914f79a1598?s=96&d=mm&r=g","url":"https:\/\/secure.gravatar.com\/avatar\/65333543693434f2cc9fdefb3173b162df98712d00606b00b3d43914f79a1598?s=96&d=mm&r=g","contentUrl":"https:\/\/secure.gravatar.com\/avatar\/65333543693434f2cc9fdefb3173b162df98712d00606b00b3d43914f79a1598?s=96&d=mm&r=g","caption":"Johan-Fr\u00e9d\u00e9rik Hel Guedj"},"description":"Johan-Frederik Hel Guedj est journaliste et auteur fran\u00e7ais. R\u00e9dacteur en chef pendant 7 ans de la revue Pouvoirs Locaux, consacr\u00e9e aux politiques culturelles, il a publi\u00e9 huit ouvrages chez des \u00e9diteurs fran\u00e7ais et belges, dont deux romans, un essai consacr\u00e9 \u00e0 Orson Welles, et quatre livres d\u2019art. En plus de Forbes, il collabore \u00e0 L\u2019Echo et au Quotidien de l\u2019Art (Paris).","url":"https:\/\/www.forbes.be\/fr\/author\/johan-frederik-hel-guedj\/"}]}},"_links":{"self":[{"href":"https:\/\/www.forbes.be\/fr\/wp-json\/wp\/v2\/posts\/10454","targetHints":{"allow":["GET"]}}],"collection":[{"href":"https:\/\/www.forbes.be\/fr\/wp-json\/wp\/v2\/posts"}],"about":[{"href":"https:\/\/www.forbes.be\/fr\/wp-json\/wp\/v2\/types\/post"}],"author":[{"embeddable":true,"href":"https:\/\/www.forbes.be\/fr\/wp-json\/wp\/v2\/users\/27"}],"replies":[{"embeddable":true,"href":"https:\/\/www.forbes.be\/fr\/wp-json\/wp\/v2\/comments?post=10454"}],"version-history":[{"count":1,"href":"https:\/\/www.forbes.be\/fr\/wp-json\/wp\/v2\/posts\/10454\/revisions"}],"predecessor-version":[{"id":10455,"href":"https:\/\/www.forbes.be\/fr\/wp-json\/wp\/v2\/posts\/10454\/revisions\/10455"}],"wp:featuredmedia":[{"embeddable":true,"href":"https:\/\/www.forbes.be\/fr\/wp-json\/wp\/v2\/media\/10456"}],"wp:attachment":[{"href":"https:\/\/www.forbes.be\/fr\/wp-json\/wp\/v2\/media?parent=10454"}],"wp:term":[{"taxonomy":"category","embeddable":true,"href":"https:\/\/www.forbes.be\/fr\/wp-json\/wp\/v2\/categories?post=10454"},{"taxonomy":"post_tag","embeddable":true,"href":"https:\/\/www.forbes.be\/fr\/wp-json\/wp\/v2\/tags?post=10454"}],"curies":[{"name":"wp","href":"https:\/\/api.w.org\/{rel}","templated":true}]}}