{"id":10541,"date":"2025-05-22T09:47:56","date_gmt":"2025-05-22T07:47:56","guid":{"rendered":"https:\/\/www.forbes.be\/fr\/?p=10541"},"modified":"2025-05-22T09:47:56","modified_gmt":"2025-05-22T07:47:56","slug":"bruxelles-et-liege-sous-le-prisme-du-running-ce-week-end","status":"publish","type":"post","link":"https:\/\/www.forbes.be\/fr\/bruxelles-et-liege-sous-le-prisme-du-running-ce-week-end\/","title":{"rendered":"Bruxelles et Li\u00e8ge sous le prisme du running ce week-end"},"content":{"rendered":"<p><strong>\u00c0 l\u2019occasion des 20 km de Bruxelles, la capitale vibre au gr\u00e9 de rassemblements inspir\u00e9s qui dessinent, le temps d\u2019un week-end, une cartographie alternative de la ville. Une tendance\u00a0qui n\u2019\u00e9chappe pas \u00e0 la cit\u00e9 ardente, elle aussi gagn\u00e9e par l\u2019\u00e9nergie des runs cr\u00e9atifs et communautaires.<\/strong><\/p>\n<p style=\"font-weight: 400;\">Antoine Lema\u00eetre\u00a0ouvre le bal ce jeudi 22 mai, avec une soir\u00e9e marquant l\u2019arriv\u00e9e d\u2019Adidas dans la s\u00e9lection de son store <a href=\"https:\/\/www.forbes.be\/fr\/la-fievre-du-running-handshake-cest-la-tape-dans-la-main-apres-leffort\/\" target=\"_blank\" rel=\"noopener\">Handshake<\/a>. \u00ab Adidas, c\u2019est une marque qui m\u2019a toujours parl\u00e9. Elle avait pris un peu de retard en running, mais elle a op\u00e9r\u00e9 un vrai tournant ces derni\u00e8res ann\u00e9es. \u00bb Autre nouveaut\u00e9 : la Handshake Racing Team, une \u00e9quipe d\u2019athl\u00e8tes de haut \u2013 et moins haut \u2013 niveau qui portera les couleurs de la boutique et de la marque aux trois bandes sur les 20 km de Bruxelles. Place aussi \u00e0 \u00ab Protect Ya Nip \u00bb, un afterwork aux accents hip-hop inspir\u00e9 de \u00ab Protect Ya Neck \u00bb, titre culte du Wu-Tang Clan. En vedette ? \u00ab Des caches-t\u00e9tons floqu\u00e9s Handshake, pour pr\u00e9venir les frottements parfois redoutables des v\u00eatements sur la peau des coureurs masculins \u00bb, sourit Antoine. Point d\u2019orgue de la soir\u00e9e : la projection du film \u00ab <a href=\"https:\/\/www.instagram.com\/reel\/DJ8b6lvIhh8\/?igsh=dnMzbXBsanJrYXJ4\" target=\"_blank\" rel=\"noopener\">Together against time<\/a> \u00bb produit par Antoine de Bellefroid et Usman Abdul, un duo \u00e0 suivre de pr\u00e8s.<\/p>\n<figure id=\"attachment_10561\" aria-describedby=\"caption-attachment-10561\" style=\"width: 696px\" class=\"wp-caption alignnone\"><img loading=\"lazy\" decoding=\"async\" class=\"wp-image-10561 size-large\" src=\"https:\/\/www.forbes.be\/fr\/wp-content\/uploads\/2025\/05\/handshake-visual-1024x724.jpg\" alt=\"\" width=\"696\" height=\"492\" srcset=\"https:\/\/www.forbes.be\/fr\/wp-content\/uploads\/2025\/05\/handshake-visual-1024x724.jpg 1024w, https:\/\/www.forbes.be\/fr\/wp-content\/uploads\/2025\/05\/handshake-visual-300x212.jpg 300w, https:\/\/www.forbes.be\/fr\/wp-content\/uploads\/2025\/05\/handshake-visual-768x543.jpg 768w, https:\/\/www.forbes.be\/fr\/wp-content\/uploads\/2025\/05\/handshake-visual-1536x1086.jpg 1536w, https:\/\/www.forbes.be\/fr\/wp-content\/uploads\/2025\/05\/handshake-visual-2048x1448.jpg 2048w, https:\/\/www.forbes.be\/fr\/wp-content\/uploads\/2025\/05\/handshake-visual-696x492.jpg 696w, https:\/\/www.forbes.be\/fr\/wp-content\/uploads\/2025\/05\/handshake-visual-1068x755.jpg 1068w, https:\/\/www.forbes.be\/fr\/wp-content\/uploads\/2025\/05\/handshake-visual-1920x1357.jpg 1920w, https:\/\/www.forbes.be\/fr\/wp-content\/uploads\/2025\/05\/handshake-visual-600x424.jpg 600w\" sizes=\"auto, (max-width: 696px) 100vw, 696px\" \/><figcaption id=\"caption-attachment-10561\" class=\"wp-caption-text\">Parmi les favorites des 20 km, Elisabetta Ribera d\u2019Alcal\u00e0 dans \u00ab Together against time \u00bb<\/figcaption><\/figure>\n<p style=\"font-weight: 400;\">Dans la foul\u00e9e, les crews Carbon, fond\u00e9 par Antoine Lema\u00eetre et L\u00e9opold de Vaucleroy, et <a href=\"https:\/\/www.instagram.com\/p\/DJ11bTZolFp\/?img_index=1\" target=\"_blank\" rel=\"noopener\">Octane<\/a> s\u2019associent \u00e0 la marque suisse On pour un long week-end vibrant au tout nouveau Social Wellness &amp; Performance Club d\u2019<a href=\"https:\/\/www.forbes.be\/fr\/animo-devoile-une-nouvelle-mecque-du-bien-etre-fitness\/\" target=\"_blank\" rel=\"noopener\">Animo<\/a>, \u00e0 port\u00e9e de sprint du Cinquantenaire, point de d\u00e9part des 20 km.<\/p>\n<p style=\"font-weight: 400;\"><strong>Capital of Motion<\/strong><\/p>\n<figure id=\"attachment_10544\" aria-describedby=\"caption-attachment-10544\" style=\"width: 683px\" class=\"wp-caption alignnone\"><img loading=\"lazy\" decoding=\"async\" class=\"wp-image-10544 size-large\" src=\"https:\/\/www.forbes.be\/fr\/wp-content\/uploads\/2025\/05\/cadence-3-683x1024.jpeg\" alt=\"\" width=\"683\" height=\"1024\" srcset=\"https:\/\/www.forbes.be\/fr\/wp-content\/uploads\/2025\/05\/cadence-3-683x1024.jpeg 683w, https:\/\/www.forbes.be\/fr\/wp-content\/uploads\/2025\/05\/cadence-3-200x300.jpeg 200w, https:\/\/www.forbes.be\/fr\/wp-content\/uploads\/2025\/05\/cadence-3-768x1152.jpeg 768w, https:\/\/www.forbes.be\/fr\/wp-content\/uploads\/2025\/05\/cadence-3-1024x1536.jpeg 1024w, https:\/\/www.forbes.be\/fr\/wp-content\/uploads\/2025\/05\/cadence-3-696x1044.jpeg 696w, https:\/\/www.forbes.be\/fr\/wp-content\/uploads\/2025\/05\/cadence-3-1068x1602.jpeg 1068w, https:\/\/www.forbes.be\/fr\/wp-content\/uploads\/2025\/05\/cadence-3-600x900.jpeg 600w, https:\/\/www.forbes.be\/fr\/wp-content\/uploads\/2025\/05\/cadence-3.jpeg 1365w\" sizes=\"auto, (max-width: 683px) 100vw, 683px\" \/><figcaption id=\"caption-attachment-10544\" class=\"wp-caption-text\">Cadence Athletics x New Balance<\/figcaption><\/figure>\n<p style=\"font-weight: 400;\">En complicit\u00e9 avec l\u2019\u00e9quipementier am\u00e9ricain New Balance, le running crew <a href=\"https:\/\/www.forbes.be\/fr\/la-fievre-du-running-handshake-cest-la-tape-dans-la-main-apres-leffort\/\" target=\"_blank\" rel=\"noopener\">Cadence Athletics<\/a> orchestre \u00ab <a href=\"https:\/\/www.instagram.com\/p\/DJq_frBNRX7\/?img_index=1\" target=\"_blank\" rel=\"noopener\">Capital of Motion<\/a> \u00bb. \u00ab Clin d\u2019\u0153il \u00e0 Bruxelles, capitale europ\u00e9enne, cette initiative transformera la ville en capitale du mouvement \u00bb, se r\u00e9jouit Max Van Santen, fondateur de Cadence. Entre camp de base sportif et lieu de vie ouvert \u00e0 tous, le QG s\u2019installera au 67, rue de la R\u00e9gence. Parmi les temps forts de ces trois jours d\u2019activations, du 23 au 25 mai : coffee run, pop-up Cadence x New Balance, talks en pr\u00e9sence de Strava, ateliers nutrition anim\u00e9s par la marque su\u00e9doise Maurten, sessions de yoga et d\u2019\u00e9tirements, shake-out run \u2013 \u00ab Un rituel bien connu des coureurs pour d\u00e9lier les jambes la veille d\u2019une course \u00bb, souligne Max \u2013 et pasta party\u2026<\/p>\n<p style=\"font-weight: 400;\">Le jour J, une cheerzone, dop\u00e9e au son et \u00e0 l\u2019\u00e9nergie, investira le km 17, au pied de l\u2019ascension embl\u00e9matique de l\u2019avenue de Tervuren. Enfin, un recovery parc avec massages et comfort food pr\u00e9c\u00e8dera l\u2019afterparty au Bar du Matin, rendez-vous incontournable de tout l\u2019\u00e9cosyst\u00e8me running bruxellois, qui sera rejoint, pour l&rsquo;occasion, par des communaut\u00e9s venues de Paris, Berlin&#8230;<\/p>\n<p style=\"font-weight: 400;\"><strong>Pendant ce temps-l\u00e0, \u00e0 Li\u00e8ge<\/strong><\/p>\n<figure id=\"attachment_10551\" aria-describedby=\"caption-attachment-10551\" style=\"width: 684px\" class=\"wp-caption alignnone\"><img loading=\"lazy\" decoding=\"async\" class=\"wp-image-10551 size-large\" src=\"https:\/\/www.forbes.be\/fr\/wp-content\/uploads\/2025\/05\/dsc08263-684x1024.jpeg\" alt=\"\" width=\"684\" height=\"1024\" srcset=\"https:\/\/www.forbes.be\/fr\/wp-content\/uploads\/2025\/05\/dsc08263-684x1024.jpeg 684w, https:\/\/www.forbes.be\/fr\/wp-content\/uploads\/2025\/05\/dsc08263-200x300.jpeg 200w, https:\/\/www.forbes.be\/fr\/wp-content\/uploads\/2025\/05\/dsc08263-768x1149.jpeg 768w, https:\/\/www.forbes.be\/fr\/wp-content\/uploads\/2025\/05\/dsc08263-1027x1536.jpeg 1027w, https:\/\/www.forbes.be\/fr\/wp-content\/uploads\/2025\/05\/dsc08263-696x1041.jpeg 696w, https:\/\/www.forbes.be\/fr\/wp-content\/uploads\/2025\/05\/dsc08263-1068x1598.jpeg 1068w, https:\/\/www.forbes.be\/fr\/wp-content\/uploads\/2025\/05\/dsc08263-600x898.jpeg 600w, https:\/\/www.forbes.be\/fr\/wp-content\/uploads\/2025\/05\/dsc08263.jpeg 1080w\" sizes=\"auto, (max-width: 684px) 100vw, 684px\" \/><figcaption id=\"caption-attachment-10551\" class=\"wp-caption-text\">Super Super Run \u00a9Antoan Kurti<\/figcaption><\/figure>\n<p style=\"font-weight: 400;\">Dans la cit\u00e9 ardente, le <a href=\"https:\/\/www.instagram.com\/fox_running_club\/\" target=\"_blank\" rel=\"noopener\">Fox Running Club<\/a> dynamite le running avec la seconde \u00e9dition de son <a href=\"https:\/\/docs.google.com\/forms\/d\/1QT059AvOkykC0UA_wMk9YpOLROjEaQdPOKpf_ipLDLA\/viewform?pli=1&amp;pli=1&amp;edit_requested=true\" target=\"_blank\" rel=\"noopener\">Super Super Run<\/a> ce samedi 24 mai, organis\u00e9 avec le coffee bar Grand Maison. Le concept\u202f? \u00ab Une course en cinq \u00e9tapes surprises, chaque d\u00e9fi \u00e9tant d\u00e9voil\u00e9 apr\u00e8s la r\u00e9ussite du pr\u00e9c\u00e9dent \u00bb, pr\u00e9cise Farid Abdelli, cofondateur. \u00c0 l\u2019arriv\u00e9e : ravito g\u00e9n\u00e9reux et ambiance mi-sueur mi-fun. Une proposition de plus, bien ancr\u00e9e dans son \u00e9poque, \u00e0 la fois sportive, sociale et urbaine.<\/p>\n<p style=\"font-weight: 400;\">\n","protected":false},"excerpt":{"rendered":"<p>\u00c0 l\u2019occasion des 20 km de Bruxelles, la capitale vibre au gr\u00e9 de rassemblements inspir\u00e9s qui dessinent, le temps d\u2019un week-end, une cartographie alternative de la ville. Une tendance\u00a0qui n\u2019\u00e9chappe pas \u00e0 la cit\u00e9 ardente, elle aussi gagn\u00e9e par l\u2019\u00e9nergie des runs cr\u00e9atifs et communautaires. Antoine Lema\u00eetre\u00a0ouvre le bal ce jeudi 22 mai, avec une [&hellip;]<\/p>\n","protected":false},"author":52,"featured_media":10543,"comment_status":"closed","ping_status":"closed","sticky":false,"template":"","format":"standard","meta":{"_acf_changed":false,"inline_featured_image":false,"footnotes":""},"categories":[1,27,28],"tags":[73],"class_list":{"0":"post-10541","1":"post","2":"type-post","3":"status-publish","4":"format-standard","5":"has-post-thumbnail","7":"category-actualite","8":"category-societe","9":"category-sports","10":"tag-running"},"acf":[],"_yoast_wpseo_title":null,"_yoast_wpseo_metadesc":"\u00c0 l\u2019occasion des 20 km de Bruxelles, la capitale vibre au gr\u00e9 de rassemblements inspir\u00e9s qui dessinent, le temps d\u2019un week-end, une cartographie alternative de la ville. Une tendance\u00a0qui n\u2019\u00e9chappe pas \u00e0 la cit\u00e9 ardente, elle aussi gagn\u00e9e par l\u2019\u00e9nergie des runs cr\u00e9atifs et communautaires.","auteur_traducteur":"","yoast_head":"<!-- This site is optimized with the Yoast SEO plugin v27.4 - https:\/\/yoast.com\/product\/yoast-seo-wordpress\/ -->\n<title>Bruxelles et Li\u00e8ge sous le prisme du running ce week-end | Forbes Belgique<\/title>\n<meta name=\"description\" content=\"\u00c0 l\u2019occasion des 20 km de Bruxelles, la capitale vibre au gr\u00e9 de rassemblements inspir\u00e9s qui dessinent, le temps d\u2019un week-end, une cartographie alternative de la ville. Une tendance\u00a0qui n\u2019\u00e9chappe pas \u00e0 la cit\u00e9 ardente, elle aussi gagn\u00e9e par l\u2019\u00e9nergie des runs cr\u00e9atifs et communautaires.\" \/>\n<meta name=\"robots\" content=\"index, follow, max-snippet:-1, max-image-preview:large, max-video-preview:-1\" \/>\n<link rel=\"canonical\" href=\"https:\/\/www.forbes.be\/fr\/bruxelles-et-liege-sous-le-prisme-du-running-ce-week-end\/\" \/>\n<meta property=\"og:locale\" content=\"fr_FR\" \/>\n<meta property=\"og:type\" content=\"article\" \/>\n<meta property=\"og:title\" content=\"Bruxelles et Li\u00e8ge sous le prisme du running ce week-end | Forbes Belgique\" \/>\n<meta property=\"og:description\" content=\"\u00c0 l\u2019occasion des 20 km de Bruxelles, la capitale vibre au gr\u00e9 de rassemblements inspir\u00e9s qui dessinent, le temps d\u2019un week-end, une cartographie alternative de la ville. Une tendance\u00a0qui n\u2019\u00e9chappe pas \u00e0 la cit\u00e9 ardente, elle aussi gagn\u00e9e par l\u2019\u00e9nergie des runs cr\u00e9atifs et communautaires.\" \/>\n<meta property=\"og:url\" content=\"https:\/\/www.forbes.be\/fr\/bruxelles-et-liege-sous-le-prisme-du-running-ce-week-end\/\" \/>\n<meta property=\"og:site_name\" content=\"Forbes Belgique\" \/>\n<meta property=\"article:publisher\" content=\"https:\/\/www.facebook.com\/forbesbelgique\/\" \/>\n<meta property=\"article:published_time\" content=\"2025-05-22T07:47:56+00:00\" \/>\n<meta property=\"og:image\" content=\"https:\/\/www.forbes.be\/fr\/wp-content\/uploads\/2025\/05\/cadence-2.jpeg\" \/>\n\t<meta property=\"og:image:width\" content=\"1280\" \/>\n\t<meta property=\"og:image:height\" content=\"853\" \/>\n\t<meta property=\"og:image:type\" content=\"image\/jpeg\" \/>\n<meta name=\"author\" content=\"Virginie Dupont\" \/>\n<meta name=\"twitter:card\" content=\"summary_large_image\" \/>\n<meta name=\"twitter:label1\" content=\"\u00c9crit par\" \/>\n\t<meta name=\"twitter:data1\" content=\"Virginie Dupont\" \/>\n\t<meta name=\"twitter:label2\" content=\"Dur\u00e9e de lecture estim\u00e9e\" \/>\n\t<meta name=\"twitter:data2\" content=\"4 minutes\" \/>\n<script type=\"application\/ld+json\" class=\"yoast-schema-graph\">{\"@context\":\"https:\\\/\\\/schema.org\",\"@graph\":[{\"@type\":\"NewsArticle\",\"@id\":\"https:\\\/\\\/www.forbes.be\\\/fr\\\/bruxelles-et-liege-sous-le-prisme-du-running-ce-week-end\\\/#article\",\"isPartOf\":{\"@id\":\"https:\\\/\\\/www.forbes.be\\\/fr\\\/bruxelles-et-liege-sous-le-prisme-du-running-ce-week-end\\\/\"},\"author\":{\"name\":\"Virginie Dupont\",\"@id\":\"https:\\\/\\\/www.forbes.be\\\/fr\\\/#\\\/schema\\\/person\\\/e6c7d1c27bdb6578ccbeec1cb74bbb43\"},\"headline\":\"Bruxelles et Li\u00e8ge sous le prisme du running ce week-end\",\"datePublished\":\"2025-05-22T07:47:56+00:00\",\"mainEntityOfPage\":{\"@id\":\"https:\\\/\\\/www.forbes.be\\\/fr\\\/bruxelles-et-liege-sous-le-prisme-du-running-ce-week-end\\\/\"},\"wordCount\":615,\"publisher\":{\"@id\":\"https:\\\/\\\/www.forbes.be\\\/fr\\\/#organization\"},\"image\":{\"@id\":\"https:\\\/\\\/www.forbes.be\\\/fr\\\/bruxelles-et-liege-sous-le-prisme-du-running-ce-week-end\\\/#primaryimage\"},\"thumbnailUrl\":\"https:\\\/\\\/www.forbes.be\\\/fr\\\/wp-content\\\/uploads\\\/2025\\\/05\\\/cadence-2.jpeg\",\"keywords\":[\"running\"],\"articleSection\":[\"Actualit\u00e9s\",\"Soci\u00e9t\u00e9\",\"Sports\"],\"inLanguage\":\"fr-FR\"},{\"@type\":\"WebPage\",\"@id\":\"https:\\\/\\\/www.forbes.be\\\/fr\\\/bruxelles-et-liege-sous-le-prisme-du-running-ce-week-end\\\/\",\"url\":\"https:\\\/\\\/www.forbes.be\\\/fr\\\/bruxelles-et-liege-sous-le-prisme-du-running-ce-week-end\\\/\",\"name\":\"Bruxelles et Li\u00e8ge sous le prisme du running ce week-end | Forbes Belgique\",\"isPartOf\":{\"@id\":\"https:\\\/\\\/www.forbes.be\\\/fr\\\/#website\"},\"primaryImageOfPage\":{\"@id\":\"https:\\\/\\\/www.forbes.be\\\/fr\\\/bruxelles-et-liege-sous-le-prisme-du-running-ce-week-end\\\/#primaryimage\"},\"image\":{\"@id\":\"https:\\\/\\\/www.forbes.be\\\/fr\\\/bruxelles-et-liege-sous-le-prisme-du-running-ce-week-end\\\/#primaryimage\"},\"thumbnailUrl\":\"https:\\\/\\\/www.forbes.be\\\/fr\\\/wp-content\\\/uploads\\\/2025\\\/05\\\/cadence-2.jpeg\",\"datePublished\":\"2025-05-22T07:47:56+00:00\",\"description\":\"\u00c0 l\u2019occasion des 20 km de Bruxelles, la capitale vibre au gr\u00e9 de rassemblements inspir\u00e9s qui dessinent, le temps d\u2019un week-end, une cartographie alternative de la ville. Une tendance\u00a0qui n\u2019\u00e9chappe pas \u00e0 la cit\u00e9 ardente, elle aussi gagn\u00e9e par l\u2019\u00e9nergie des runs cr\u00e9atifs et communautaires.\",\"breadcrumb\":{\"@id\":\"https:\\\/\\\/www.forbes.be\\\/fr\\\/bruxelles-et-liege-sous-le-prisme-du-running-ce-week-end\\\/#breadcrumb\"},\"inLanguage\":\"fr-FR\",\"potentialAction\":[{\"@type\":\"ReadAction\",\"target\":[\"https:\\\/\\\/www.forbes.be\\\/fr\\\/bruxelles-et-liege-sous-le-prisme-du-running-ce-week-end\\\/\"]}]},{\"@type\":\"ImageObject\",\"inLanguage\":\"fr-FR\",\"@id\":\"https:\\\/\\\/www.forbes.be\\\/fr\\\/bruxelles-et-liege-sous-le-prisme-du-running-ce-week-end\\\/#primaryimage\",\"url\":\"https:\\\/\\\/www.forbes.be\\\/fr\\\/wp-content\\\/uploads\\\/2025\\\/05\\\/cadence-2.jpeg\",\"contentUrl\":\"https:\\\/\\\/www.forbes.be\\\/fr\\\/wp-content\\\/uploads\\\/2025\\\/05\\\/cadence-2.jpeg\",\"width\":1280,\"height\":853,\"caption\":\"Cadence Athletics x New Balance\"},{\"@type\":\"BreadcrumbList\",\"@id\":\"https:\\\/\\\/www.forbes.be\\\/fr\\\/bruxelles-et-liege-sous-le-prisme-du-running-ce-week-end\\\/#breadcrumb\",\"itemListElement\":[{\"@type\":\"ListItem\",\"position\":1,\"name\":\"Accueil\",\"item\":\"https:\\\/\\\/www.forbes.be\\\/fr\\\/\"},{\"@type\":\"ListItem\",\"position\":2,\"name\":\"Bruxelles et Li\u00e8ge sous le prisme du running ce week-end\"}]},{\"@type\":\"WebSite\",\"@id\":\"https:\\\/\\\/www.forbes.be\\\/fr\\\/#website\",\"url\":\"https:\\\/\\\/www.forbes.be\\\/fr\\\/\",\"name\":\"Forbes Belgique\",\"description\":\"\",\"publisher\":{\"@id\":\"https:\\\/\\\/www.forbes.be\\\/fr\\\/#organization\"},\"potentialAction\":[{\"@type\":\"SearchAction\",\"target\":{\"@type\":\"EntryPoint\",\"urlTemplate\":\"https:\\\/\\\/www.forbes.be\\\/fr\\\/?s={search_term_string}\"},\"query-input\":{\"@type\":\"PropertyValueSpecification\",\"valueRequired\":true,\"valueName\":\"search_term_string\"}}],\"inLanguage\":\"fr-FR\"},{\"@type\":\"Organization\",\"@id\":\"https:\\\/\\\/www.forbes.be\\\/fr\\\/#organization\",\"name\":\"Forbes Belgique\",\"url\":\"https:\\\/\\\/www.forbes.be\\\/fr\\\/\",\"logo\":{\"@type\":\"ImageObject\",\"inLanguage\":\"fr-FR\",\"@id\":\"https:\\\/\\\/www.forbes.be\\\/fr\\\/#\\\/schema\\\/logo\\\/image\\\/\",\"url\":\"https:\\\/\\\/www.forbes.be\\\/fr\\\/wp-content\\\/uploads\\\/2024\\\/02\\\/forbes.be_.png\",\"contentUrl\":\"https:\\\/\\\/www.forbes.be\\\/fr\\\/wp-content\\\/uploads\\\/2024\\\/02\\\/forbes.be_.png\",\"width\":1200,\"height\":675,\"caption\":\"Forbes Belgique\"},\"image\":{\"@id\":\"https:\\\/\\\/www.forbes.be\\\/fr\\\/#\\\/schema\\\/logo\\\/image\\\/\"},\"sameAs\":[\"https:\\\/\\\/www.facebook.com\\\/forbesbelgique\\\/\",\"https:\\\/\\\/www.instagram.com\\\/Forbes_Belgium\",\"https:\\\/\\\/www.linkedin.com\\\/company\\\/forbes-belgium\\\/\"]},{\"@type\":\"Person\",\"@id\":\"https:\\\/\\\/www.forbes.be\\\/fr\\\/#\\\/schema\\\/person\\\/e6c7d1c27bdb6578ccbeec1cb74bbb43\",\"name\":\"Virginie Dupont\",\"image\":{\"@type\":\"ImageObject\",\"inLanguage\":\"fr-FR\",\"@id\":\"https:\\\/\\\/www.forbes.be\\\/fr\\\/wp-content\\\/uploads\\\/2025\\\/05\\\/03022025-z63-7020-100x100.jpg\",\"url\":\"https:\\\/\\\/www.forbes.be\\\/fr\\\/wp-content\\\/uploads\\\/2025\\\/05\\\/03022025-z63-7020-100x100.jpg\",\"contentUrl\":\"https:\\\/\\\/www.forbes.be\\\/fr\\\/wp-content\\\/uploads\\\/2025\\\/05\\\/03022025-z63-7020-100x100.jpg\",\"caption\":\"Virginie Dupont\"},\"url\":\"https:\\\/\\\/www.forbes.be\\\/fr\\\/author\\\/bonjourtlkwlk-be\\\/\"}]}<\/script>\n<!-- \/ Yoast SEO plugin. -->","yoast_head_json":{"title":"Bruxelles et Li\u00e8ge sous le prisme du running ce week-end | Forbes Belgique","description":"\u00c0 l\u2019occasion des 20 km de Bruxelles, la capitale vibre au gr\u00e9 de rassemblements inspir\u00e9s qui dessinent, le temps d\u2019un week-end, une cartographie alternative de la ville. Une tendance\u00a0qui n\u2019\u00e9chappe pas \u00e0 la cit\u00e9 ardente, elle aussi gagn\u00e9e par l\u2019\u00e9nergie des runs cr\u00e9atifs et communautaires.","robots":{"index":"index","follow":"follow","max-snippet":"max-snippet:-1","max-image-preview":"max-image-preview:large","max-video-preview":"max-video-preview:-1"},"canonical":"https:\/\/www.forbes.be\/fr\/bruxelles-et-liege-sous-le-prisme-du-running-ce-week-end\/","og_locale":"fr_FR","og_type":"article","og_title":"Bruxelles et Li\u00e8ge sous le prisme du running ce week-end | Forbes Belgique","og_description":"\u00c0 l\u2019occasion des 20 km de Bruxelles, la capitale vibre au gr\u00e9 de rassemblements inspir\u00e9s qui dessinent, le temps d\u2019un week-end, une cartographie alternative de la ville. Une tendance\u00a0qui n\u2019\u00e9chappe pas \u00e0 la cit\u00e9 ardente, elle aussi gagn\u00e9e par l\u2019\u00e9nergie des runs cr\u00e9atifs et communautaires.","og_url":"https:\/\/www.forbes.be\/fr\/bruxelles-et-liege-sous-le-prisme-du-running-ce-week-end\/","og_site_name":"Forbes Belgique","article_publisher":"https:\/\/www.facebook.com\/forbesbelgique\/","article_published_time":"2025-05-22T07:47:56+00:00","og_image":[{"width":1280,"height":853,"url":"https:\/\/www.forbes.be\/fr\/wp-content\/uploads\/2025\/05\/cadence-2.jpeg","type":"image\/jpeg"}],"author":"Virginie Dupont","twitter_card":"summary_large_image","twitter_misc":{"\u00c9crit par":"Virginie Dupont","Dur\u00e9e de lecture estim\u00e9e":"4 minutes"},"schema":{"@context":"https:\/\/schema.org","@graph":[{"@type":"NewsArticle","@id":"https:\/\/www.forbes.be\/fr\/bruxelles-et-liege-sous-le-prisme-du-running-ce-week-end\/#article","isPartOf":{"@id":"https:\/\/www.forbes.be\/fr\/bruxelles-et-liege-sous-le-prisme-du-running-ce-week-end\/"},"author":{"name":"Virginie Dupont","@id":"https:\/\/www.forbes.be\/fr\/#\/schema\/person\/e6c7d1c27bdb6578ccbeec1cb74bbb43"},"headline":"Bruxelles et Li\u00e8ge sous le prisme du running ce week-end","datePublished":"2025-05-22T07:47:56+00:00","mainEntityOfPage":{"@id":"https:\/\/www.forbes.be\/fr\/bruxelles-et-liege-sous-le-prisme-du-running-ce-week-end\/"},"wordCount":615,"publisher":{"@id":"https:\/\/www.forbes.be\/fr\/#organization"},"image":{"@id":"https:\/\/www.forbes.be\/fr\/bruxelles-et-liege-sous-le-prisme-du-running-ce-week-end\/#primaryimage"},"thumbnailUrl":"https:\/\/www.forbes.be\/fr\/wp-content\/uploads\/2025\/05\/cadence-2.jpeg","keywords":["running"],"articleSection":["Actualit\u00e9s","Soci\u00e9t\u00e9","Sports"],"inLanguage":"fr-FR"},{"@type":"WebPage","@id":"https:\/\/www.forbes.be\/fr\/bruxelles-et-liege-sous-le-prisme-du-running-ce-week-end\/","url":"https:\/\/www.forbes.be\/fr\/bruxelles-et-liege-sous-le-prisme-du-running-ce-week-end\/","name":"Bruxelles et Li\u00e8ge sous le prisme du running ce week-end | Forbes Belgique","isPartOf":{"@id":"https:\/\/www.forbes.be\/fr\/#website"},"primaryImageOfPage":{"@id":"https:\/\/www.forbes.be\/fr\/bruxelles-et-liege-sous-le-prisme-du-running-ce-week-end\/#primaryimage"},"image":{"@id":"https:\/\/www.forbes.be\/fr\/bruxelles-et-liege-sous-le-prisme-du-running-ce-week-end\/#primaryimage"},"thumbnailUrl":"https:\/\/www.forbes.be\/fr\/wp-content\/uploads\/2025\/05\/cadence-2.jpeg","datePublished":"2025-05-22T07:47:56+00:00","description":"\u00c0 l\u2019occasion des 20 km de Bruxelles, la capitale vibre au gr\u00e9 de rassemblements inspir\u00e9s qui dessinent, le temps d\u2019un week-end, une cartographie alternative de la ville. Une tendance\u00a0qui n\u2019\u00e9chappe pas \u00e0 la cit\u00e9 ardente, elle aussi gagn\u00e9e par l\u2019\u00e9nergie des runs cr\u00e9atifs et communautaires.","breadcrumb":{"@id":"https:\/\/www.forbes.be\/fr\/bruxelles-et-liege-sous-le-prisme-du-running-ce-week-end\/#breadcrumb"},"inLanguage":"fr-FR","potentialAction":[{"@type":"ReadAction","target":["https:\/\/www.forbes.be\/fr\/bruxelles-et-liege-sous-le-prisme-du-running-ce-week-end\/"]}]},{"@type":"ImageObject","inLanguage":"fr-FR","@id":"https:\/\/www.forbes.be\/fr\/bruxelles-et-liege-sous-le-prisme-du-running-ce-week-end\/#primaryimage","url":"https:\/\/www.forbes.be\/fr\/wp-content\/uploads\/2025\/05\/cadence-2.jpeg","contentUrl":"https:\/\/www.forbes.be\/fr\/wp-content\/uploads\/2025\/05\/cadence-2.jpeg","width":1280,"height":853,"caption":"Cadence Athletics x New Balance"},{"@type":"BreadcrumbList","@id":"https:\/\/www.forbes.be\/fr\/bruxelles-et-liege-sous-le-prisme-du-running-ce-week-end\/#breadcrumb","itemListElement":[{"@type":"ListItem","position":1,"name":"Accueil","item":"https:\/\/www.forbes.be\/fr\/"},{"@type":"ListItem","position":2,"name":"Bruxelles et Li\u00e8ge sous le prisme du running ce week-end"}]},{"@type":"WebSite","@id":"https:\/\/www.forbes.be\/fr\/#website","url":"https:\/\/www.forbes.be\/fr\/","name":"Forbes Belgique","description":"","publisher":{"@id":"https:\/\/www.forbes.be\/fr\/#organization"},"potentialAction":[{"@type":"SearchAction","target":{"@type":"EntryPoint","urlTemplate":"https:\/\/www.forbes.be\/fr\/?s={search_term_string}"},"query-input":{"@type":"PropertyValueSpecification","valueRequired":true,"valueName":"search_term_string"}}],"inLanguage":"fr-FR"},{"@type":"Organization","@id":"https:\/\/www.forbes.be\/fr\/#organization","name":"Forbes Belgique","url":"https:\/\/www.forbes.be\/fr\/","logo":{"@type":"ImageObject","inLanguage":"fr-FR","@id":"https:\/\/www.forbes.be\/fr\/#\/schema\/logo\/image\/","url":"https:\/\/www.forbes.be\/fr\/wp-content\/uploads\/2024\/02\/forbes.be_.png","contentUrl":"https:\/\/www.forbes.be\/fr\/wp-content\/uploads\/2024\/02\/forbes.be_.png","width":1200,"height":675,"caption":"Forbes Belgique"},"image":{"@id":"https:\/\/www.forbes.be\/fr\/#\/schema\/logo\/image\/"},"sameAs":["https:\/\/www.facebook.com\/forbesbelgique\/","https:\/\/www.instagram.com\/Forbes_Belgium","https:\/\/www.linkedin.com\/company\/forbes-belgium\/"]},{"@type":"Person","@id":"https:\/\/www.forbes.be\/fr\/#\/schema\/person\/e6c7d1c27bdb6578ccbeec1cb74bbb43","name":"Virginie Dupont","image":{"@type":"ImageObject","inLanguage":"fr-FR","@id":"https:\/\/www.forbes.be\/fr\/wp-content\/uploads\/2025\/05\/03022025-z63-7020-100x100.jpg","url":"https:\/\/www.forbes.be\/fr\/wp-content\/uploads\/2025\/05\/03022025-z63-7020-100x100.jpg","contentUrl":"https:\/\/www.forbes.be\/fr\/wp-content\/uploads\/2025\/05\/03022025-z63-7020-100x100.jpg","caption":"Virginie Dupont"},"url":"https:\/\/www.forbes.be\/fr\/author\/bonjourtlkwlk-be\/"}]}},"_links":{"self":[{"href":"https:\/\/www.forbes.be\/fr\/wp-json\/wp\/v2\/posts\/10541","targetHints":{"allow":["GET"]}}],"collection":[{"href":"https:\/\/www.forbes.be\/fr\/wp-json\/wp\/v2\/posts"}],"about":[{"href":"https:\/\/www.forbes.be\/fr\/wp-json\/wp\/v2\/types\/post"}],"author":[{"embeddable":true,"href":"https:\/\/www.forbes.be\/fr\/wp-json\/wp\/v2\/users\/52"}],"replies":[{"embeddable":true,"href":"https:\/\/www.forbes.be\/fr\/wp-json\/wp\/v2\/comments?post=10541"}],"version-history":[{"count":18,"href":"https:\/\/www.forbes.be\/fr\/wp-json\/wp\/v2\/posts\/10541\/revisions"}],"predecessor-version":[{"id":10565,"href":"https:\/\/www.forbes.be\/fr\/wp-json\/wp\/v2\/posts\/10541\/revisions\/10565"}],"wp:featuredmedia":[{"embeddable":true,"href":"https:\/\/www.forbes.be\/fr\/wp-json\/wp\/v2\/media\/10543"}],"wp:attachment":[{"href":"https:\/\/www.forbes.be\/fr\/wp-json\/wp\/v2\/media?parent=10541"}],"wp:term":[{"taxonomy":"category","embeddable":true,"href":"https:\/\/www.forbes.be\/fr\/wp-json\/wp\/v2\/categories?post=10541"},{"taxonomy":"post_tag","embeddable":true,"href":"https:\/\/www.forbes.be\/fr\/wp-json\/wp\/v2\/tags?post=10541"}],"curies":[{"name":"wp","href":"https:\/\/api.w.org\/{rel}","templated":true}]}}