{"id":10628,"date":"2025-05-28T12:22:27","date_gmt":"2025-05-28T10:22:27","guid":{"rendered":"https:\/\/www.forbes.be\/fr\/?p=10628"},"modified":"2025-05-28T14:26:19","modified_gmt":"2025-05-28T12:26:19","slug":"antonio-filosa-succede-a-carlos-tavares-a-la-tete-de-stellantis","status":"publish","type":"post","link":"https:\/\/www.forbes.be\/fr\/antonio-filosa-succede-a-carlos-tavares-a-la-tete-de-stellantis\/","title":{"rendered":"Antonio Filosa succ\u00e8de \u00e0 Carlos Tavares \u00e0 la t\u00eate de Stellantis"},"content":{"rendered":"<p><strong>C\u2019est un tournant strat\u00e9gique pour Stellantis. Le groupe automobile n\u00e9 de la<\/strong><br \/>\n<strong>fusion entre PSA et Fiat Chrysler annonce aujourd\u2019hui la nomination d\u2019Antonio<\/strong><br \/>\n<strong>Filosa au poste de CEO, marquant ainsi la fin d\u2019un processus de s\u00e9lection<\/strong><br \/>\n<strong>rigoureux pilot\u00e9 par le Conseil d\u2019administration. \u00c0 52 ans, ce v\u00e9t\u00e9ran de<\/strong><br \/>\n<strong>l\u2019industrie automobile, fort de 25 ans d\u2019exp\u00e9rience au sein du groupe, prendra<\/strong><br \/>\n<strong>officiellement ses fonctions le 23 juin 2025. Une nomination d\u00e9terminante pour un groupe dont les r\u00e9sultats en Belgique ont r\u00e9cemment \u00e9t\u00e9 qualifi\u00e9 par la direction de \u00ab\u00a0honteux\u00a0\u00bb.<\/strong><\/p>\n<p>Actuellement COO pour les Am\u00e9riques et Directeur de la qualit\u00e9, <strong>Antonio Filosa<\/strong> a<br \/>\n\u00e9t\u00e9 d\u00e9sign\u00e9 \u00e0 l\u2019unanimit\u00e9 par le Conseil d\u2019administration, au terme d\u2019une \u00e9valuation<br \/>\napprofondie de candidats internes et externes men\u00e9e par un comit\u00e9 pr\u00e9sid\u00e9 par<br \/>\n<strong>John Elkann<\/strong>, Pr\u00e9sident ex\u00e9cutif de <strong>Stellantis<\/strong>.<\/p>\n<p>Cette nomination vise \u00e0 assurer une transition fluide dans un contexte o\u00f9 l\u2019industrie<br \/>\nautomobile traverse une p\u00e9riode de mutation sans pr\u00e9c\u00e9dent : \u00e9lectrification,<br \/>\ndigitalisation, pression r\u00e9glementaire et r\u00e9organisation industrielle. Filosa, qui a d\u00e9j\u00e0<br \/>\npilot\u00e9 la transformation de Stellantis en Am\u00e9rique latine et en Am\u00e9rique du Nord,<br \/>\nincarne une continuit\u00e9 strat\u00e9gique alli\u00e9e \u00e0 une fine compr\u00e9hension des enjeux<br \/>\nlocaux et globaux.<\/p>\n<h2>Un leadership fa\u00e7onn\u00e9 sur deux continents<\/h2>\n<p>Sous sa direction, Fiat est redevenue num\u00e9ro 1 en Am\u00e9rique du Sud, tandis que les<br \/>\nmarques Jeep, Peugeot, Citro\u00ebn et Ram ont connu une forte progression. Il est<br \/>\nnotamment \u00e0 l\u2019origine de la construction de l\u2019usine de Pernambuco, devenue un<br \/>\ncentre strat\u00e9gique pour le groupe. En tant que CEO de Jeep, <strong>Antonio Filosa<\/strong> a amplifi\u00e9 la<br \/>\npr\u00e9sence internationale de la marque, notamment en Europe, o\u00f9 la Jeep Avenger<br \/>\ncontinue de dominer les ventes.<\/p>\n<p>Nomm\u00e9 COO pour les Am\u00e9riques en d\u00e9cembre 2024, il a d\u00e9j\u00e0 laiss\u00e9 son empreinte<br \/>\nen rationalisant les stocks, r\u00e9organisant les \u00e9quipes dirigeantes, et en renfor\u00e7ant les<br \/>\nrelations avec les concessionnaires et fournisseurs, tout en pilotant le lancement de<br \/>\nnouveaux mod\u00e8les et groupes motopropulseurs.<\/p>\n<h2>Une reconnaissance unanime<\/h2>\n<p>\u00ab Son <em>leadership<\/em> est fort, efficace et ancr\u00e9 dans la r\u00e9alit\u00e9 des march\u00e9s \u00bb, a d\u00e9clar\u00e9<br \/>\n<strong>John Elkann<\/strong>, qui conservera son poste de Pr\u00e9sident ex\u00e9cutif. \u00ab Durant les six<br \/>\nderniers mois, Antonio a prouv\u00e9 qu\u2019il poss\u00e9dait toutes les qualit\u00e9s n\u00e9cessaires pour<br \/>\ndiriger Stellantis \u00e0 un moment critique de son \u00e9volution. \u00bb<br \/>\nLe soutien est \u00e9galement venu de <strong>Robert Peugeot<\/strong>, Vice-Pr\u00e9sident de <strong>Stellantis<\/strong>, et<br \/>\nde <strong>Nicolas Dufourcq<\/strong>, CEO de <strong>Bpifrance<\/strong>, actionnaire de r\u00e9f\u00e9rence du groupe. Tous<br \/>\nsaluent un dirigeant exp\u00e9riment\u00e9, pragmatique et visionnaire, capable de guider<br \/>\nStellantis dans une industrie en pleine reconfiguration.<\/p>\n<h2>Cap sur l\u2019excellence op\u00e9rationnelle<\/h2>\n<p>Dans son premier message en tant que CEO d\u00e9sign\u00e9, <strong>Antonia Filosa<\/strong> a insist\u00e9 sur<br \/>\nl\u2019importance du capital humain : \u00ab J\u2019ai toujours \u00e9t\u00e9 inspir\u00e9 par le talent, la passion et<br \/>\nl\u2019engagement de nos \u00e9quipes. C\u2019est ensemble que nous continuerons \u00e0 \u00e9crire<br \/>\nl\u2019histoire d\u2019un groupe riche de marques iconiques et d\u2019un si\u00e8cle d\u2019innovation. \u00bb<br \/>\nD\u00e8s sa prise de fonction, il d\u00e9voilera la nouvelle \u00e9quipe de direction, cens\u00e9e incarner<br \/>\nla prochaine phase de croissance du groupe, \u00e0 la fois plus agile, durable et centr\u00e9e<br \/>\nsur le client.<\/p>\n<h2>Un nouveau chapitre pour Stellantis, aussi en Belgique<\/h2>\n<p>Avec cette nomination, <strong>Stellantis<\/strong> mise sur la continuit\u00e9 \u00e9clair\u00e9e : un dirigeant form\u00e9<br \/>\n\u00e0 l\u2019int\u00e9rieur du groupe, qui combine ma\u00eetrise des rouages industriels, <em>leadership<\/em><br \/>\ninterculturel et volont\u00e9 de transformation.<\/p>\n<p>Cette volont\u00e9 de transformation et d\u2019excellence op\u00e9rationnelle trouve un \u00e9cho en<br \/>\nBelgique, o\u00f9 <strong>Stellantis Belux<\/strong> entame \u00e9galement une phase de reconqu\u00eate du<br \/>\nmarch\u00e9. <strong>Laurent Barria<\/strong>, Managing Director de<strong> Stellantis Belux<\/strong>, l\u2019a r\u00e9cemment<br \/>\nreconnu\u00a0: \u00ab <strong>Stellantis<\/strong> a termin\u00e9 l\u2019ann\u00e9e 2024 avec une part de march\u00e9 de 13,5%.<br \/>\nSoyons clairs\u00a0: elle aurait d\u00fb \u00eatre \u00e0 plus de 20%. Nos r\u00e9sultats ont donc \u00e9t\u00e9<br \/>\nlitt\u00e9ralement honteux, \u00e0 cause de probl\u00e8mes rencontr\u00e9s lors du changement de<br \/>\nmod\u00e8le de distribution sur notre march\u00e9\u00a0\u00bb.<\/p>\n<figure id=\"attachment_10630\" aria-describedby=\"caption-attachment-10630\" style=\"width: 2560px\" class=\"wp-caption alignnone\"><img loading=\"lazy\" decoding=\"async\" class=\"size-full wp-image-10630\" src=\"https:\/\/www.forbes.be\/fr\/wp-content\/uploads\/2025\/05\/laurent-barria-stellantis-belux-scaled.jpg\" alt=\"\" width=\"2560\" height=\"1707\" srcset=\"https:\/\/www.forbes.be\/fr\/wp-content\/uploads\/2025\/05\/laurent-barria-stellantis-belux-scaled.jpg 2560w, https:\/\/www.forbes.be\/fr\/wp-content\/uploads\/2025\/05\/laurent-barria-stellantis-belux-300x200.jpg 300w, https:\/\/www.forbes.be\/fr\/wp-content\/uploads\/2025\/05\/laurent-barria-stellantis-belux-1024x683.jpg 1024w, https:\/\/www.forbes.be\/fr\/wp-content\/uploads\/2025\/05\/laurent-barria-stellantis-belux-768x512.jpg 768w, https:\/\/www.forbes.be\/fr\/wp-content\/uploads\/2025\/05\/laurent-barria-stellantis-belux-1536x1024.jpg 1536w, https:\/\/www.forbes.be\/fr\/wp-content\/uploads\/2025\/05\/laurent-barria-stellantis-belux-2048x1365.jpg 2048w, https:\/\/www.forbes.be\/fr\/wp-content\/uploads\/2025\/05\/laurent-barria-stellantis-belux-696x464.jpg 696w, https:\/\/www.forbes.be\/fr\/wp-content\/uploads\/2025\/05\/laurent-barria-stellantis-belux-1068x712.jpg 1068w, https:\/\/www.forbes.be\/fr\/wp-content\/uploads\/2025\/05\/laurent-barria-stellantis-belux-1920x1280.jpg 1920w, https:\/\/www.forbes.be\/fr\/wp-content\/uploads\/2025\/05\/laurent-barria-stellantis-belux-600x400.jpg 600w\" sizes=\"auto, (max-width: 2560px) 100vw, 2560px\" \/><figcaption id=\"caption-attachment-10630\" class=\"wp-caption-text\">Laurent Barria, Stellantis Belux \u00a9 David Plas Photography<\/figcaption><\/figure>\n<p>Le march\u00e9 belge fut en effet pilote pour le groupe <strong>Stellantis<\/strong>, qui a voulu op\u00e9rer un<br \/>\nchangement structurel en adoptant le mod\u00e8le d\u2019agence \u00e0 la place du mod\u00e8le<br \/>\ntraditionnel de concession. \u00ab\u00a0D\u00e9sormais, le prix d\u2019un v\u00e9hicule est fixe, non-<br \/>\nn\u00e9gociable et identique dans tout le pays, garantissant au client le meilleur prix d\u00e8s<br \/>\nle d\u00e9part, sans devoir n\u00e9gocier\u00a0\u00bb, explique <strong>Laurent Barria<\/strong>.<\/p>\n<p>Le directeur du march\u00e9 belgo-luxembourgeois poursuit\u00a0: \u00ab\u00a0Cette transformation a<br \/>\nentra\u00een\u00e9 d\u2019importants d\u00e9fis logistiques et informatiques, notamment parce que le<br \/>\nconstructeur facture d\u00e9sormais directement le client et g\u00e8re lui-m\u00eame les stocks.<br \/>\nL\u2019ajustement au nouveau syst\u00e8me et \u00e0 une philosophie de prix nets a \u00e9t\u00e9 complexe,<br \/>\nprovoquant une perte de parts de march\u00e9 significative\u00a0\u00bb.<\/p>\n<p>\u00c0 cela sont venus s\u2019ajouter de tr\u00e8s gros probl\u00e8mes sur le moteur essence PureTech<br \/>\npour lequel le constructeur a d\u2019ailleurs cr\u00e9\u00e9 tr\u00e8s r\u00e9cemment une plateforme<br \/>\nd\u2019indemnisation des clients europ\u00e9ens.<\/p>\n<h2>\u00ab\u00a0Une politique de prix agressive\u00a0\u00bb<\/h2>\n<p>Mais aujourd\u2019hui, <strong>Stellantis Belux<\/strong> se montre enthousiaste. \u00ab\u00a0Les ventes sont<br \/>\nreparties \u00e0 la hausse depuis septembre dernier\u00a0\u00bb, d\u00e9clare <strong>Laurent Barria<\/strong>, satisfait.<\/p>\n<p>Cet enthousiasme commence \u00e0 se refl\u00e9ter dans les immatriculations ces derni\u00e8res<br \/>\nsemaines. \u00ab\u00a0Nous menons une politique de prix agressive, destin\u00e9e \u00e0 rendre les<br \/>\nbons r\u00e9sultats des premiers mois de cette ann\u00e9e encore meilleurs\u00a0\u00bb, a confirm\u00e9<br \/>\n<strong>Laurent Delmotte<\/strong>, responsable des ventes aux entreprises chez <strong>Stellantis Belux<\/strong>.<br \/>\n\u00ab\u00a0Dans le segment des v\u00e9hicules utilitaires l\u00e9gers (o\u00f9 Opel, Citro\u00ebn, Peugeot et Fiat<br \/>\nrepr\u00e9sentent le groupe, ndlr),<strong> Stellantis<\/strong> est num\u00e9ro un, avec une croissance de 35%.<br \/>\nSur les quatre premiers mois de l\u2019ann\u00e9e, le groupe a vendu environ 4.000 v\u00e9hicules<br \/>\nde plus en fleet (voitures particuli\u00e8res et utilitaires l\u00e9gers) par rapport \u00e0 la m\u00eame<br \/>\np\u00e9riode l\u2019an dernier.\u00a0\u00bb<\/p>\n<p>Ce redressement local refl\u00e8te la dynamique globale insuffl\u00e9e par le groupe, avec une<br \/>\nambition claire : remettre <strong>Stellantis<\/strong> au c\u0153ur de la comp\u00e9titivit\u00e9 europ\u00e9enne, en<br \/>\ns\u2019appuyant sur des \u00e9quipes locales redynamis\u00e9es et des strat\u00e9gies de marque plus<br \/>\npercutantes.<\/p>\n","protected":false},"excerpt":{"rendered":"<p>C\u2019est un tournant strat\u00e9gique pour Stellantis. Le groupe automobile n\u00e9 de la fusion entre PSA et Fiat Chrysler annonce aujourd\u2019hui la nomination d\u2019Antonio Filosa au poste de CEO, marquant ainsi la fin d\u2019un processus de s\u00e9lection rigoureux pilot\u00e9 par le Conseil d\u2019administration. \u00c0 52 ans, ce v\u00e9t\u00e9ran de l\u2019industrie automobile, fort de 25 ans d\u2019exp\u00e9rience [&hellip;]<\/p>\n","protected":false},"author":54,"featured_media":10629,"comment_status":"closed","ping_status":"closed","sticky":false,"template":"","format":"standard","meta":{"_acf_changed":false,"inline_featured_image":false,"footnotes":""},"categories":[1,15,27],"tags":[],"class_list":{"0":"post-10628","1":"post","2":"type-post","3":"status-publish","4":"format-standard","5":"has-post-thumbnail","7":"category-actualite","8":"category-leadership","9":"category-societe"},"acf":[],"_yoast_wpseo_title":null,"_yoast_wpseo_metadesc":"Le groupe automobile Stellantis n\u00e9 de la fusion entre PSA et Fiat Chrysler annonce aujourd\u2019hui la nomination d\u2019Antonio Filosa au poste de CEO, marquant ainsi la fin d\u2019un processus de s\u00e9lection rigoureux pilot\u00e9 par le Conseil d\u2019administration.","auteur_traducteur":"","yoast_head":"<!-- This site is optimized with the Yoast SEO plugin v27.4 - https:\/\/yoast.com\/product\/yoast-seo-wordpress\/ -->\n<title>Antonio Filosa succ\u00e8de \u00e0 Carlos Tavares \u00e0 la t\u00eate de Stellantis | Forbes Belgique<\/title>\n<meta name=\"description\" content=\"Le groupe automobile Stellantis n\u00e9 de la fusion entre PSA et Fiat Chrysler annonce aujourd\u2019hui la nomination d\u2019Antonio Filosa au poste de CEO, marquant ainsi la fin d\u2019un processus de s\u00e9lection rigoureux pilot\u00e9 par le Conseil d\u2019administration.\" \/>\n<meta name=\"robots\" content=\"index, follow, max-snippet:-1, max-image-preview:large, max-video-preview:-1\" \/>\n<link rel=\"canonical\" href=\"https:\/\/www.forbes.be\/fr\/antonio-filosa-succede-a-carlos-tavares-a-la-tete-de-stellantis\/\" \/>\n<meta property=\"og:locale\" content=\"fr_FR\" \/>\n<meta property=\"og:type\" content=\"article\" \/>\n<meta property=\"og:title\" content=\"Antonio Filosa succ\u00e8de \u00e0 Carlos Tavares \u00e0 la t\u00eate de Stellantis | Forbes Belgique\" \/>\n<meta property=\"og:description\" content=\"Le groupe automobile Stellantis n\u00e9 de la fusion entre PSA et Fiat Chrysler annonce aujourd\u2019hui la nomination d\u2019Antonio Filosa au poste de CEO, marquant ainsi la fin d\u2019un processus de s\u00e9lection rigoureux pilot\u00e9 par le Conseil d\u2019administration.\" \/>\n<meta property=\"og:url\" content=\"https:\/\/www.forbes.be\/fr\/antonio-filosa-succede-a-carlos-tavares-a-la-tete-de-stellantis\/\" \/>\n<meta property=\"og:site_name\" content=\"Forbes Belgique\" \/>\n<meta property=\"article:publisher\" content=\"https:\/\/www.facebook.com\/forbesbelgique\/\" \/>\n<meta property=\"article:published_time\" content=\"2025-05-28T10:22:27+00:00\" \/>\n<meta property=\"article:modified_time\" content=\"2025-05-28T12:26:19+00:00\" \/>\n<meta property=\"og:image\" content=\"https:\/\/www.forbes.be\/fr\/wp-content\/uploads\/2025\/05\/antonio-filosa-stellantis-scaled-e1748435166439.jpg\" \/>\n\t<meta property=\"og:image:width\" content=\"1707\" \/>\n\t<meta property=\"og:image:height\" content=\"893\" \/>\n\t<meta property=\"og:image:type\" content=\"image\/jpeg\" \/>\n<meta name=\"author\" content=\"Igor Lihaut\" \/>\n<meta name=\"twitter:card\" content=\"summary_large_image\" \/>\n<meta name=\"twitter:label1\" content=\"\u00c9crit par\" \/>\n\t<meta name=\"twitter:data1\" content=\"Igor Lihaut\" \/>\n\t<meta name=\"twitter:label2\" content=\"Dur\u00e9e de lecture estim\u00e9e\" \/>\n\t<meta name=\"twitter:data2\" content=\"6 minutes\" \/>\n<script type=\"application\/ld+json\" class=\"yoast-schema-graph\">{\"@context\":\"https:\\\/\\\/schema.org\",\"@graph\":[{\"@type\":\"NewsArticle\",\"@id\":\"https:\\\/\\\/www.forbes.be\\\/fr\\\/antonio-filosa-succede-a-carlos-tavares-a-la-tete-de-stellantis\\\/#article\",\"isPartOf\":{\"@id\":\"https:\\\/\\\/www.forbes.be\\\/fr\\\/antonio-filosa-succede-a-carlos-tavares-a-la-tete-de-stellantis\\\/\"},\"author\":{\"name\":\"Igor Lihaut\",\"@id\":\"https:\\\/\\\/www.forbes.be\\\/fr\\\/#\\\/schema\\\/person\\\/c3092240d98bc6606f1342fb37d786a1\"},\"headline\":\"Antonio Filosa succ\u00e8de \u00e0 Carlos Tavares \u00e0 la t\u00eate de Stellantis\",\"datePublished\":\"2025-05-28T10:22:27+00:00\",\"dateModified\":\"2025-05-28T12:26:19+00:00\",\"mainEntityOfPage\":{\"@id\":\"https:\\\/\\\/www.forbes.be\\\/fr\\\/antonio-filosa-succede-a-carlos-tavares-a-la-tete-de-stellantis\\\/\"},\"wordCount\":1054,\"publisher\":{\"@id\":\"https:\\\/\\\/www.forbes.be\\\/fr\\\/#organization\"},\"image\":{\"@id\":\"https:\\\/\\\/www.forbes.be\\\/fr\\\/antonio-filosa-succede-a-carlos-tavares-a-la-tete-de-stellantis\\\/#primaryimage\"},\"thumbnailUrl\":\"https:\\\/\\\/www.forbes.be\\\/fr\\\/wp-content\\\/uploads\\\/2025\\\/05\\\/antonio-filosa-stellantis-scaled-e1748435166439.jpg\",\"articleSection\":[\"Actualit\u00e9s\",\"Leadership\",\"Soci\u00e9t\u00e9\"],\"inLanguage\":\"fr-FR\"},{\"@type\":\"WebPage\",\"@id\":\"https:\\\/\\\/www.forbes.be\\\/fr\\\/antonio-filosa-succede-a-carlos-tavares-a-la-tete-de-stellantis\\\/\",\"url\":\"https:\\\/\\\/www.forbes.be\\\/fr\\\/antonio-filosa-succede-a-carlos-tavares-a-la-tete-de-stellantis\\\/\",\"name\":\"Antonio Filosa succ\u00e8de \u00e0 Carlos Tavares \u00e0 la t\u00eate de Stellantis | Forbes Belgique\",\"isPartOf\":{\"@id\":\"https:\\\/\\\/www.forbes.be\\\/fr\\\/#website\"},\"primaryImageOfPage\":{\"@id\":\"https:\\\/\\\/www.forbes.be\\\/fr\\\/antonio-filosa-succede-a-carlos-tavares-a-la-tete-de-stellantis\\\/#primaryimage\"},\"image\":{\"@id\":\"https:\\\/\\\/www.forbes.be\\\/fr\\\/antonio-filosa-succede-a-carlos-tavares-a-la-tete-de-stellantis\\\/#primaryimage\"},\"thumbnailUrl\":\"https:\\\/\\\/www.forbes.be\\\/fr\\\/wp-content\\\/uploads\\\/2025\\\/05\\\/antonio-filosa-stellantis-scaled-e1748435166439.jpg\",\"datePublished\":\"2025-05-28T10:22:27+00:00\",\"dateModified\":\"2025-05-28T12:26:19+00:00\",\"description\":\"Le groupe automobile Stellantis n\u00e9 de la fusion entre PSA et Fiat Chrysler annonce aujourd\u2019hui la nomination d\u2019Antonio Filosa au poste de CEO, marquant ainsi la fin d\u2019un processus de s\u00e9lection rigoureux pilot\u00e9 par le Conseil d\u2019administration.\",\"breadcrumb\":{\"@id\":\"https:\\\/\\\/www.forbes.be\\\/fr\\\/antonio-filosa-succede-a-carlos-tavares-a-la-tete-de-stellantis\\\/#breadcrumb\"},\"inLanguage\":\"fr-FR\",\"potentialAction\":[{\"@type\":\"ReadAction\",\"target\":[\"https:\\\/\\\/www.forbes.be\\\/fr\\\/antonio-filosa-succede-a-carlos-tavares-a-la-tete-de-stellantis\\\/\"]}]},{\"@type\":\"ImageObject\",\"inLanguage\":\"fr-FR\",\"@id\":\"https:\\\/\\\/www.forbes.be\\\/fr\\\/antonio-filosa-succede-a-carlos-tavares-a-la-tete-de-stellantis\\\/#primaryimage\",\"url\":\"https:\\\/\\\/www.forbes.be\\\/fr\\\/wp-content\\\/uploads\\\/2025\\\/05\\\/antonio-filosa-stellantis-scaled-e1748435166439.jpg\",\"contentUrl\":\"https:\\\/\\\/www.forbes.be\\\/fr\\\/wp-content\\\/uploads\\\/2025\\\/05\\\/antonio-filosa-stellantis-scaled-e1748435166439.jpg\",\"width\":1707,\"height\":893,\"caption\":\"Antonio Filosa, CEO du groupe Stellantis - \u00a9 Stellantis\"},{\"@type\":\"BreadcrumbList\",\"@id\":\"https:\\\/\\\/www.forbes.be\\\/fr\\\/antonio-filosa-succede-a-carlos-tavares-a-la-tete-de-stellantis\\\/#breadcrumb\",\"itemListElement\":[{\"@type\":\"ListItem\",\"position\":1,\"name\":\"Accueil\",\"item\":\"https:\\\/\\\/www.forbes.be\\\/fr\\\/\"},{\"@type\":\"ListItem\",\"position\":2,\"name\":\"Antonio Filosa succ\u00e8de \u00e0 Carlos Tavares \u00e0 la t\u00eate de Stellantis\"}]},{\"@type\":\"WebSite\",\"@id\":\"https:\\\/\\\/www.forbes.be\\\/fr\\\/#website\",\"url\":\"https:\\\/\\\/www.forbes.be\\\/fr\\\/\",\"name\":\"Forbes Belgique\",\"description\":\"\",\"publisher\":{\"@id\":\"https:\\\/\\\/www.forbes.be\\\/fr\\\/#organization\"},\"potentialAction\":[{\"@type\":\"SearchAction\",\"target\":{\"@type\":\"EntryPoint\",\"urlTemplate\":\"https:\\\/\\\/www.forbes.be\\\/fr\\\/?s={search_term_string}\"},\"query-input\":{\"@type\":\"PropertyValueSpecification\",\"valueRequired\":true,\"valueName\":\"search_term_string\"}}],\"inLanguage\":\"fr-FR\"},{\"@type\":\"Organization\",\"@id\":\"https:\\\/\\\/www.forbes.be\\\/fr\\\/#organization\",\"name\":\"Forbes Belgique\",\"url\":\"https:\\\/\\\/www.forbes.be\\\/fr\\\/\",\"logo\":{\"@type\":\"ImageObject\",\"inLanguage\":\"fr-FR\",\"@id\":\"https:\\\/\\\/www.forbes.be\\\/fr\\\/#\\\/schema\\\/logo\\\/image\\\/\",\"url\":\"https:\\\/\\\/www.forbes.be\\\/fr\\\/wp-content\\\/uploads\\\/2024\\\/02\\\/forbes.be_.png\",\"contentUrl\":\"https:\\\/\\\/www.forbes.be\\\/fr\\\/wp-content\\\/uploads\\\/2024\\\/02\\\/forbes.be_.png\",\"width\":1200,\"height\":675,\"caption\":\"Forbes Belgique\"},\"image\":{\"@id\":\"https:\\\/\\\/www.forbes.be\\\/fr\\\/#\\\/schema\\\/logo\\\/image\\\/\"},\"sameAs\":[\"https:\\\/\\\/www.facebook.com\\\/forbesbelgique\\\/\",\"https:\\\/\\\/www.instagram.com\\\/Forbes_Belgium\",\"https:\\\/\\\/www.linkedin.com\\\/company\\\/forbes-belgium\\\/\"]},{\"@type\":\"Person\",\"@id\":\"https:\\\/\\\/www.forbes.be\\\/fr\\\/#\\\/schema\\\/person\\\/c3092240d98bc6606f1342fb37d786a1\",\"name\":\"Igor Lihaut\",\"image\":{\"@type\":\"ImageObject\",\"inLanguage\":\"fr-FR\",\"@id\":\"https:\\\/\\\/secure.gravatar.com\\\/avatar\\\/96ee194e85cfc604c40d77778a57130425bb8cff0d6206dfbb9672e7ad8275de?s=96&d=mm&r=g\",\"url\":\"https:\\\/\\\/secure.gravatar.com\\\/avatar\\\/96ee194e85cfc604c40d77778a57130425bb8cff0d6206dfbb9672e7ad8275de?s=96&d=mm&r=g\",\"contentUrl\":\"https:\\\/\\\/secure.gravatar.com\\\/avatar\\\/96ee194e85cfc604c40d77778a57130425bb8cff0d6206dfbb9672e7ad8275de?s=96&d=mm&r=g\",\"caption\":\"Igor Lihaut\"},\"url\":\"https:\\\/\\\/www.forbes.be\\\/fr\\\/author\\\/gregorylivishotmail-com\\\/\"}]}<\/script>\n<!-- \/ Yoast SEO plugin. -->","yoast_head_json":{"title":"Antonio Filosa succ\u00e8de \u00e0 Carlos Tavares \u00e0 la t\u00eate de Stellantis | Forbes Belgique","description":"Le groupe automobile Stellantis n\u00e9 de la fusion entre PSA et Fiat Chrysler annonce aujourd\u2019hui la nomination d\u2019Antonio Filosa au poste de CEO, marquant ainsi la fin d\u2019un processus de s\u00e9lection rigoureux pilot\u00e9 par le Conseil d\u2019administration.","robots":{"index":"index","follow":"follow","max-snippet":"max-snippet:-1","max-image-preview":"max-image-preview:large","max-video-preview":"max-video-preview:-1"},"canonical":"https:\/\/www.forbes.be\/fr\/antonio-filosa-succede-a-carlos-tavares-a-la-tete-de-stellantis\/","og_locale":"fr_FR","og_type":"article","og_title":"Antonio Filosa succ\u00e8de \u00e0 Carlos Tavares \u00e0 la t\u00eate de Stellantis | Forbes Belgique","og_description":"Le groupe automobile Stellantis n\u00e9 de la fusion entre PSA et Fiat Chrysler annonce aujourd\u2019hui la nomination d\u2019Antonio Filosa au poste de CEO, marquant ainsi la fin d\u2019un processus de s\u00e9lection rigoureux pilot\u00e9 par le Conseil d\u2019administration.","og_url":"https:\/\/www.forbes.be\/fr\/antonio-filosa-succede-a-carlos-tavares-a-la-tete-de-stellantis\/","og_site_name":"Forbes Belgique","article_publisher":"https:\/\/www.facebook.com\/forbesbelgique\/","article_published_time":"2025-05-28T10:22:27+00:00","article_modified_time":"2025-05-28T12:26:19+00:00","og_image":[{"width":1707,"height":893,"url":"https:\/\/www.forbes.be\/fr\/wp-content\/uploads\/2025\/05\/antonio-filosa-stellantis-scaled-e1748435166439.jpg","type":"image\/jpeg"}],"author":"Igor Lihaut","twitter_card":"summary_large_image","twitter_misc":{"\u00c9crit par":"Igor Lihaut","Dur\u00e9e de lecture estim\u00e9e":"6 minutes"},"schema":{"@context":"https:\/\/schema.org","@graph":[{"@type":"NewsArticle","@id":"https:\/\/www.forbes.be\/fr\/antonio-filosa-succede-a-carlos-tavares-a-la-tete-de-stellantis\/#article","isPartOf":{"@id":"https:\/\/www.forbes.be\/fr\/antonio-filosa-succede-a-carlos-tavares-a-la-tete-de-stellantis\/"},"author":{"name":"Igor Lihaut","@id":"https:\/\/www.forbes.be\/fr\/#\/schema\/person\/c3092240d98bc6606f1342fb37d786a1"},"headline":"Antonio Filosa succ\u00e8de \u00e0 Carlos Tavares \u00e0 la t\u00eate de Stellantis","datePublished":"2025-05-28T10:22:27+00:00","dateModified":"2025-05-28T12:26:19+00:00","mainEntityOfPage":{"@id":"https:\/\/www.forbes.be\/fr\/antonio-filosa-succede-a-carlos-tavares-a-la-tete-de-stellantis\/"},"wordCount":1054,"publisher":{"@id":"https:\/\/www.forbes.be\/fr\/#organization"},"image":{"@id":"https:\/\/www.forbes.be\/fr\/antonio-filosa-succede-a-carlos-tavares-a-la-tete-de-stellantis\/#primaryimage"},"thumbnailUrl":"https:\/\/www.forbes.be\/fr\/wp-content\/uploads\/2025\/05\/antonio-filosa-stellantis-scaled-e1748435166439.jpg","articleSection":["Actualit\u00e9s","Leadership","Soci\u00e9t\u00e9"],"inLanguage":"fr-FR"},{"@type":"WebPage","@id":"https:\/\/www.forbes.be\/fr\/antonio-filosa-succede-a-carlos-tavares-a-la-tete-de-stellantis\/","url":"https:\/\/www.forbes.be\/fr\/antonio-filosa-succede-a-carlos-tavares-a-la-tete-de-stellantis\/","name":"Antonio Filosa succ\u00e8de \u00e0 Carlos Tavares \u00e0 la t\u00eate de Stellantis | Forbes Belgique","isPartOf":{"@id":"https:\/\/www.forbes.be\/fr\/#website"},"primaryImageOfPage":{"@id":"https:\/\/www.forbes.be\/fr\/antonio-filosa-succede-a-carlos-tavares-a-la-tete-de-stellantis\/#primaryimage"},"image":{"@id":"https:\/\/www.forbes.be\/fr\/antonio-filosa-succede-a-carlos-tavares-a-la-tete-de-stellantis\/#primaryimage"},"thumbnailUrl":"https:\/\/www.forbes.be\/fr\/wp-content\/uploads\/2025\/05\/antonio-filosa-stellantis-scaled-e1748435166439.jpg","datePublished":"2025-05-28T10:22:27+00:00","dateModified":"2025-05-28T12:26:19+00:00","description":"Le groupe automobile Stellantis n\u00e9 de la fusion entre PSA et Fiat Chrysler annonce aujourd\u2019hui la nomination d\u2019Antonio Filosa au poste de CEO, marquant ainsi la fin d\u2019un processus de s\u00e9lection rigoureux pilot\u00e9 par le Conseil d\u2019administration.","breadcrumb":{"@id":"https:\/\/www.forbes.be\/fr\/antonio-filosa-succede-a-carlos-tavares-a-la-tete-de-stellantis\/#breadcrumb"},"inLanguage":"fr-FR","potentialAction":[{"@type":"ReadAction","target":["https:\/\/www.forbes.be\/fr\/antonio-filosa-succede-a-carlos-tavares-a-la-tete-de-stellantis\/"]}]},{"@type":"ImageObject","inLanguage":"fr-FR","@id":"https:\/\/www.forbes.be\/fr\/antonio-filosa-succede-a-carlos-tavares-a-la-tete-de-stellantis\/#primaryimage","url":"https:\/\/www.forbes.be\/fr\/wp-content\/uploads\/2025\/05\/antonio-filosa-stellantis-scaled-e1748435166439.jpg","contentUrl":"https:\/\/www.forbes.be\/fr\/wp-content\/uploads\/2025\/05\/antonio-filosa-stellantis-scaled-e1748435166439.jpg","width":1707,"height":893,"caption":"Antonio Filosa, CEO du groupe Stellantis - \u00a9 Stellantis"},{"@type":"BreadcrumbList","@id":"https:\/\/www.forbes.be\/fr\/antonio-filosa-succede-a-carlos-tavares-a-la-tete-de-stellantis\/#breadcrumb","itemListElement":[{"@type":"ListItem","position":1,"name":"Accueil","item":"https:\/\/www.forbes.be\/fr\/"},{"@type":"ListItem","position":2,"name":"Antonio Filosa succ\u00e8de \u00e0 Carlos Tavares \u00e0 la t\u00eate de Stellantis"}]},{"@type":"WebSite","@id":"https:\/\/www.forbes.be\/fr\/#website","url":"https:\/\/www.forbes.be\/fr\/","name":"Forbes Belgique","description":"","publisher":{"@id":"https:\/\/www.forbes.be\/fr\/#organization"},"potentialAction":[{"@type":"SearchAction","target":{"@type":"EntryPoint","urlTemplate":"https:\/\/www.forbes.be\/fr\/?s={search_term_string}"},"query-input":{"@type":"PropertyValueSpecification","valueRequired":true,"valueName":"search_term_string"}}],"inLanguage":"fr-FR"},{"@type":"Organization","@id":"https:\/\/www.forbes.be\/fr\/#organization","name":"Forbes Belgique","url":"https:\/\/www.forbes.be\/fr\/","logo":{"@type":"ImageObject","inLanguage":"fr-FR","@id":"https:\/\/www.forbes.be\/fr\/#\/schema\/logo\/image\/","url":"https:\/\/www.forbes.be\/fr\/wp-content\/uploads\/2024\/02\/forbes.be_.png","contentUrl":"https:\/\/www.forbes.be\/fr\/wp-content\/uploads\/2024\/02\/forbes.be_.png","width":1200,"height":675,"caption":"Forbes Belgique"},"image":{"@id":"https:\/\/www.forbes.be\/fr\/#\/schema\/logo\/image\/"},"sameAs":["https:\/\/www.facebook.com\/forbesbelgique\/","https:\/\/www.instagram.com\/Forbes_Belgium","https:\/\/www.linkedin.com\/company\/forbes-belgium\/"]},{"@type":"Person","@id":"https:\/\/www.forbes.be\/fr\/#\/schema\/person\/c3092240d98bc6606f1342fb37d786a1","name":"Igor Lihaut","image":{"@type":"ImageObject","inLanguage":"fr-FR","@id":"https:\/\/secure.gravatar.com\/avatar\/96ee194e85cfc604c40d77778a57130425bb8cff0d6206dfbb9672e7ad8275de?s=96&d=mm&r=g","url":"https:\/\/secure.gravatar.com\/avatar\/96ee194e85cfc604c40d77778a57130425bb8cff0d6206dfbb9672e7ad8275de?s=96&d=mm&r=g","contentUrl":"https:\/\/secure.gravatar.com\/avatar\/96ee194e85cfc604c40d77778a57130425bb8cff0d6206dfbb9672e7ad8275de?s=96&d=mm&r=g","caption":"Igor Lihaut"},"url":"https:\/\/www.forbes.be\/fr\/author\/gregorylivishotmail-com\/"}]}},"_links":{"self":[{"href":"https:\/\/www.forbes.be\/fr\/wp-json\/wp\/v2\/posts\/10628","targetHints":{"allow":["GET"]}}],"collection":[{"href":"https:\/\/www.forbes.be\/fr\/wp-json\/wp\/v2\/posts"}],"about":[{"href":"https:\/\/www.forbes.be\/fr\/wp-json\/wp\/v2\/types\/post"}],"author":[{"embeddable":true,"href":"https:\/\/www.forbes.be\/fr\/wp-json\/wp\/v2\/users\/54"}],"replies":[{"embeddable":true,"href":"https:\/\/www.forbes.be\/fr\/wp-json\/wp\/v2\/comments?post=10628"}],"version-history":[{"count":1,"href":"https:\/\/www.forbes.be\/fr\/wp-json\/wp\/v2\/posts\/10628\/revisions"}],"predecessor-version":[{"id":10631,"href":"https:\/\/www.forbes.be\/fr\/wp-json\/wp\/v2\/posts\/10628\/revisions\/10631"}],"wp:featuredmedia":[{"embeddable":true,"href":"https:\/\/www.forbes.be\/fr\/wp-json\/wp\/v2\/media\/10629"}],"wp:attachment":[{"href":"https:\/\/www.forbes.be\/fr\/wp-json\/wp\/v2\/media?parent=10628"}],"wp:term":[{"taxonomy":"category","embeddable":true,"href":"https:\/\/www.forbes.be\/fr\/wp-json\/wp\/v2\/categories?post=10628"},{"taxonomy":"post_tag","embeddable":true,"href":"https:\/\/www.forbes.be\/fr\/wp-json\/wp\/v2\/tags?post=10628"}],"curies":[{"name":"wp","href":"https:\/\/api.w.org\/{rel}","templated":true}]}}