{"id":1074,"date":"2024-02-01T11:30:21","date_gmt":"2024-02-01T10:30:21","guid":{"rendered":"https:\/\/www.forbes.be\/fr\/?p=1074"},"modified":"2024-02-08T17:40:08","modified_gmt":"2024-02-08T16:40:08","slug":"leurope-a-enregistre-un-niveau-record-demissions-de-carbone-en-2023","status":"publish","type":"post","link":"https:\/\/www.forbes.be\/fr\/leurope-a-enregistre-un-niveau-record-demissions-de-carbone-en-2023\/","title":{"rendered":"Allemagne: les \u00e9missions de dioxyde de carbone \u00e0 leur niveau le plus bas depuis les ann\u00e9es 1950"},"content":{"rendered":"<h2><span style=\"font-weight: 400;\">\u00c9oliennes et panneaux solaires en Allemagne<\/span><\/h2>\n<p><span style=\"font-weight: 400;\">Selon <a href=\"https:\/\/www.forbes.com\/sites\/tylerroush\/2024\/01\/04\/germanys-carbon-emissions-hit-70-year-low-in-2023-study-says\/?sh=5e2baad84fca\">une nouvelle \u00e9tude<\/a>, les \u00e9missions de dioxyde de carbone en Allemagne atteindront en 2023 leur niveau le plus bas depuis les ann\u00e9es 1950. Cela souligne les efforts d\u00e9ploy\u00e9s par la plus grande \u00e9conomie d&rsquo;Europe pour r\u00e9duire les \u00e9missions de gaz \u00e0 effet de serre et s&rsquo;appuyer davantage sur des sources d&rsquo;\u00e9nergie durables. Le rapport indique que le pays a \u00e9mis 673 millions de tonnes de dioxyde de carbone en 2023, soit une baisse de 73 millions de tonnes par rapport \u00e0 2022. La majeure partie de cette baisse est due \u00e0 la diminution de la production d&rsquo;\u00e9lectricit\u00e9 \u00e0 partir du charbon, mais les probl\u00e8mes \u00e9conomiques auxquels le pays a \u00e9t\u00e9 confront\u00e9 l&rsquo;ann\u00e9e derni\u00e8re, qui ont entra\u00een\u00e9 une baisse de la production industrielle dans le pays, y ont \u00e9galement contribu\u00e9. Cela signifie qu&rsquo;une baisse drastique est peu probable en 2024. On peut cependant s&rsquo;attendre \u00e0 un d\u00e9clin \u00e0 long terme, surtout apr\u00e8s que le corps l\u00e9gislatif allemand a adopt\u00e9 l&rsquo;automne dernier un projet de loi qui \u00e9liminera progressivement l&rsquo;utilisation des syst\u00e8mes de chauffage au mazout et au gaz d&rsquo;ici \u00e0 2030.<\/span><\/p>\n<h2><span style=\"font-weight: 400;\">Production d&rsquo;\u00e9nergie renouvelable \u00e0 partir d&rsquo;hydrog\u00e8ne<\/span><\/h2>\n<p><img loading=\"lazy\" decoding=\"async\" class=\"alignnone wp-image-1135 size-large\" src=\"https:\/\/www.forbes.be\/fr\/wp-content\/uploads\/2024\/01\/1960x0-2-1024x550.webp\" alt=\"\" width=\"696\" height=\"374\" srcset=\"https:\/\/www.forbes.be\/fr\/wp-content\/uploads\/2024\/01\/1960x0-2-1024x550.webp 1024w, https:\/\/www.forbes.be\/fr\/wp-content\/uploads\/2024\/01\/1960x0-2-300x161.webp 300w, https:\/\/www.forbes.be\/fr\/wp-content\/uploads\/2024\/01\/1960x0-2-768x413.webp 768w, https:\/\/www.forbes.be\/fr\/wp-content\/uploads\/2024\/01\/1960x0-2-696x374.webp 696w, https:\/\/www.forbes.be\/fr\/wp-content\/uploads\/2024\/01\/1960x0-2-1068x574.webp 1068w, https:\/\/www.forbes.be\/fr\/wp-content\/uploads\/2024\/01\/1960x0-2.webp 1440w\" sizes=\"auto, (max-width: 696px) 100vw, 696px\" \/><\/p>\n<h3><span style=\"font-weight: 400;\">L&rsquo; hydrog\u00e8ne gazeux pour une production d&rsquo;\u00e9lectricit\u00e9 propre par des installations solaires et \u00e9oliennes<\/span><\/h3>\n<p><span style=\"font-weight: 400;\">Les fabricants d&rsquo;hydrog\u00e8ne \u00ab\u00a0vert\u00a0\u00bb affirment que les r\u00e8gles f\u00e9d\u00e9rales strictes en mati\u00e8re de cr\u00e9dit d&rsquo;imp\u00f4t vont freiner l&rsquo;essor de l&rsquo;hydrog\u00e8ne aux \u00c9tats-Unis <\/span><span style=\"font-weight: 400;\">L&rsquo;administration Biden a pr\u00e9sent\u00e9 l&rsquo;hydrog\u00e8ne comme un \u00e9l\u00e9ment essentiel pour aider les \u00c9tats-Unis \u00e0 r\u00e9duire les \u00e9missions de dioxyde de carbone qui d\u00e9truisent la plan\u00e8te. Toutefois, les nouvelles r\u00e8gles propos\u00e9es pour un cr\u00e9dit d&rsquo;imp\u00f4t f\u00e9d\u00e9ral destin\u00e9 \u00e0 stimuler la production massive des formes les plus propres du combustible \u00e9l\u00e9mentaire ne semblent pas aider les entreprises qui essaient d\u00e9j\u00e0 de le faire, et pourraient les amener \u00e0 se tourner vers l&rsquo;Europe.<\/span><\/p>\n<h2><span style=\"font-weight: 400;\">La grande histoire des transports<\/span><\/h2>\n<p><img loading=\"lazy\" decoding=\"async\" class=\"alignnone wp-image-1133 size-large\" src=\"https:\/\/www.forbes.be\/fr\/wp-content\/uploads\/2024\/01\/0x0-1-1-1024x576.webp\" alt=\"\" width=\"696\" height=\"392\" srcset=\"https:\/\/www.forbes.be\/fr\/wp-content\/uploads\/2024\/01\/0x0-1-1-1024x576.webp 1024w, https:\/\/www.forbes.be\/fr\/wp-content\/uploads\/2024\/01\/0x0-1-1-300x169.webp 300w, https:\/\/www.forbes.be\/fr\/wp-content\/uploads\/2024\/01\/0x0-1-1-768x432.webp 768w, https:\/\/www.forbes.be\/fr\/wp-content\/uploads\/2024\/01\/0x0-1-1-696x392.webp 696w, https:\/\/www.forbes.be\/fr\/wp-content\/uploads\/2024\/01\/0x0-1-1-1068x601.webp 1068w, https:\/\/www.forbes.be\/fr\/wp-content\/uploads\/2024\/01\/0x0-1-1.webp 1440w\" sizes=\"auto, (max-width: 696px) 100vw, 696px\" \/><\/p>\n<h3><span style=\"font-weight: 400;\">Un cofondateur de Tesla veut \u00e9lectrifier les v\u00e9hicules tout-terrain, en commen\u00e7ant par les tondeuses \u00e0 gazon encrass\u00e9es<\/span><\/h3>\n<p><span style=\"font-weight: 400;\">Ian Wright, cofondateur de Tesla qui a quitt\u00e9 le constructeur automobile bien avant qu&rsquo;Elon Musk n&rsquo;en devienne le PDG, veut r\u00e9volutionner diff\u00e9rents types de v\u00e9hicules \u00e9lectriques. Au lieu de cr\u00e9er de nouvelles voitures et de nouveaux SUV aliment\u00e9s par batterie, il s&rsquo;efforce de cr\u00e9er des v\u00e9hicules de travail tout-terrain (tondeuses \u00e0 gazon, VTT et tracteurs) qui ne rejettent pas de gaz d&rsquo;\u00e9chappement polluants ni de dioxyde de carbone. Le premier produit est une tondeuse \u00e9lectrique commerciale qui arrive juste au moment o\u00f9 la Californie s&rsquo;appr\u00eate \u00e0 interdire la vente de toutes les nouvelles tondeuses \u00e0 essence.<\/span><\/p>\n<h2><span style=\"font-weight: 400;\">Autres nouvelles sur le d\u00e9veloppement durable<\/span><\/h2>\n<p><span style=\"font-weight: 400;\"><a href=\"https:\/\/bydauto.be\/en\/\">BYD<\/a> a d\u00e9pass\u00e9 Tesla en tant que premier constructeur mondial de v\u00e9hicules \u00e9lectriques, et d&rsquo;autres fabricants chinois le rejoindront bient\u00f4t.<\/span><\/p>\n<p><span style=\"font-weight: 400;\">L&rsquo;essor des ventes de voitures \u00e9lectriques place les marques automobiles traditionnelles devant des choix difficiles pour les ann\u00e9es \u00e0 venir.<\/span><\/p>\n<p><span style=\"font-weight: 400;\">Beno\u00eet Bazin, CEO de Saint-Gobain, explique \u00e0 Forbes comment il transforme la culture de son entreprise pour faire du d\u00e9veloppement durable le fondement de la mani\u00e8re dont elle innove et commercialise ses produits.<\/span><\/p>\n<p><span style=\"font-weight: 400;\">Gaza est confront\u00e9e \u00e0 des probl\u00e8mes environnementaux depuis des ann\u00e9es, la population n&rsquo;ayant qu&rsquo;un acc\u00e8s limit\u00e9 \u00e0 l&rsquo;\u00e9nergie, \u00e0 l&rsquo;assainissement, \u00e0 l&rsquo;eau potable ou \u00e0 l&rsquo;air. Selon les experts, le conflit actuel ne fait qu&rsquo;aggraver la situation.<\/span><\/p>\n<p><span style=\"font-weight: 400;\">Une collaboration internationale d&rsquo;entreprises visant \u00e0 utiliser l&rsquo;informatique quantique pour rendre les b\u00e2timents plus durables vient de franchir une \u00e9tape cl\u00e9 de son processus en d\u00e9montrant des conceptions plus efficaces que celles dont sont capables les ordinateurs traditionnels.<\/span><\/p>\n","protected":false},"excerpt":{"rendered":"<p>\u00c9oliennes et panneaux solaires en Allemagne Selon une nouvelle \u00e9tude, les \u00e9missions de dioxyde de carbone en Allemagne atteindront en 2023 leur niveau le plus bas depuis les ann\u00e9es 1950. Cela souligne les efforts d\u00e9ploy\u00e9s par la plus grande \u00e9conomie d&rsquo;Europe pour r\u00e9duire les \u00e9missions de gaz \u00e0 effet de serre et s&rsquo;appuyer davantage sur [&hellip;]<\/p>\n","protected":false},"author":5,"featured_media":1134,"comment_status":"closed","ping_status":"closed","sticky":false,"template":"","format":"standard","meta":{"_acf_changed":false,"inline_featured_image":false,"footnotes":""},"categories":[25,14],"tags":[],"class_list":{"0":"post-1074","1":"post","2":"type-post","3":"status-publish","4":"format-standard","5":"has-post-thumbnail","7":"category-climat","8":"category-innovation"},"acf":[],"_yoast_wpseo_title":null,"_yoast_wpseo_metadesc":"Selon une nouvelle \u00e9tude, les \u00e9missions de dioxyde de carbone en Allemagne atteindront en 2023 leur niveau le plus bas depuis les ann\u00e9es 1950.","auteur_traducteur":null,"yoast_head":"<!-- This site is optimized with the Yoast SEO plugin v27.4 - https:\/\/yoast.com\/product\/yoast-seo-wordpress\/ -->\n<title>Allemagne: les \u00e9missions de dioxyde de carbone \u00e0 leur niveau le plus bas depuis les ann\u00e9es 1950 | Forbes Belgique<\/title>\n<meta name=\"description\" content=\"Selon une nouvelle \u00e9tude, les \u00e9missions de dioxyde de carbone en Allemagne atteindront en 2023 leur niveau le plus bas depuis les ann\u00e9es 1950.\" \/>\n<meta name=\"robots\" content=\"index, follow, max-snippet:-1, max-image-preview:large, max-video-preview:-1\" \/>\n<link rel=\"canonical\" href=\"https:\/\/www.forbes.be\/fr\/leurope-a-enregistre-un-niveau-record-demissions-de-carbone-en-2023\/\" \/>\n<meta property=\"og:locale\" content=\"fr_FR\" \/>\n<meta property=\"og:type\" content=\"article\" \/>\n<meta property=\"og:title\" content=\"Allemagne: les \u00e9missions de dioxyde de carbone \u00e0 leur niveau le plus bas depuis les ann\u00e9es 1950 | Forbes Belgique\" \/>\n<meta property=\"og:description\" content=\"Selon une nouvelle \u00e9tude, les \u00e9missions de dioxyde de carbone en Allemagne atteindront en 2023 leur niveau le plus bas depuis les ann\u00e9es 1950.\" \/>\n<meta property=\"og:url\" content=\"https:\/\/www.forbes.be\/fr\/leurope-a-enregistre-un-niveau-record-demissions-de-carbone-en-2023\/\" \/>\n<meta property=\"og:site_name\" content=\"Forbes Belgique\" \/>\n<meta property=\"article:publisher\" content=\"https:\/\/www.facebook.com\/forbesbelgique\/\" \/>\n<meta property=\"article:published_time\" content=\"2024-02-01T10:30:21+00:00\" \/>\n<meta property=\"article:modified_time\" content=\"2024-02-08T16:40:08+00:00\" \/>\n<meta property=\"og:image\" content=\"https:\/\/www.forbes.be\/fr\/wp-content\/uploads\/2024\/01\/0x0-6.webp\" \/>\n\t<meta property=\"og:image:width\" content=\"1440\" \/>\n\t<meta property=\"og:image:height\" content=\"960\" \/>\n\t<meta property=\"og:image:type\" content=\"image\/webp\" \/>\n<meta name=\"author\" content=\"Forbes Belgique\" \/>\n<meta name=\"twitter:card\" content=\"summary_large_image\" \/>\n<meta name=\"twitter:label1\" content=\"\u00c9crit par\" \/>\n\t<meta name=\"twitter:data1\" content=\"Forbes Belgique\" \/>\n\t<meta name=\"twitter:label2\" content=\"Dur\u00e9e de lecture estim\u00e9e\" \/>\n\t<meta name=\"twitter:data2\" content=\"4 minutes\" \/>\n<script type=\"application\/ld+json\" class=\"yoast-schema-graph\">{\"@context\":\"https:\\\/\\\/schema.org\",\"@graph\":[{\"@type\":\"NewsArticle\",\"@id\":\"https:\\\/\\\/www.forbes.be\\\/fr\\\/leurope-a-enregistre-un-niveau-record-demissions-de-carbone-en-2023\\\/#article\",\"isPartOf\":{\"@id\":\"https:\\\/\\\/www.forbes.be\\\/fr\\\/leurope-a-enregistre-un-niveau-record-demissions-de-carbone-en-2023\\\/\"},\"author\":{\"name\":\"Forbes Belgique\",\"@id\":\"https:\\\/\\\/www.forbes.be\\\/fr\\\/#\\\/schema\\\/person\\\/147c95cac22c7a4a8056e69e1f287b1f\"},\"headline\":\"Allemagne: les \u00e9missions de dioxyde de carbone \u00e0 leur niveau le plus bas depuis les ann\u00e9es 1950\",\"datePublished\":\"2024-02-01T10:30:21+00:00\",\"dateModified\":\"2024-02-08T16:40:08+00:00\",\"mainEntityOfPage\":{\"@id\":\"https:\\\/\\\/www.forbes.be\\\/fr\\\/leurope-a-enregistre-un-niveau-record-demissions-de-carbone-en-2023\\\/\"},\"wordCount\":623,\"publisher\":{\"@id\":\"https:\\\/\\\/www.forbes.be\\\/fr\\\/#organization\"},\"image\":{\"@id\":\"https:\\\/\\\/www.forbes.be\\\/fr\\\/leurope-a-enregistre-un-niveau-record-demissions-de-carbone-en-2023\\\/#primaryimage\"},\"thumbnailUrl\":\"https:\\\/\\\/www.forbes.be\\\/fr\\\/wp-content\\\/uploads\\\/2024\\\/01\\\/0x0-6.webp\",\"articleSection\":[\"Climat\",\"Innovation\"],\"inLanguage\":\"fr-FR\"},{\"@type\":\"WebPage\",\"@id\":\"https:\\\/\\\/www.forbes.be\\\/fr\\\/leurope-a-enregistre-un-niveau-record-demissions-de-carbone-en-2023\\\/\",\"url\":\"https:\\\/\\\/www.forbes.be\\\/fr\\\/leurope-a-enregistre-un-niveau-record-demissions-de-carbone-en-2023\\\/\",\"name\":\"Allemagne: les \u00e9missions de dioxyde de carbone \u00e0 leur niveau le plus bas depuis les ann\u00e9es 1950 | Forbes Belgique\",\"isPartOf\":{\"@id\":\"https:\\\/\\\/www.forbes.be\\\/fr\\\/#website\"},\"primaryImageOfPage\":{\"@id\":\"https:\\\/\\\/www.forbes.be\\\/fr\\\/leurope-a-enregistre-un-niveau-record-demissions-de-carbone-en-2023\\\/#primaryimage\"},\"image\":{\"@id\":\"https:\\\/\\\/www.forbes.be\\\/fr\\\/leurope-a-enregistre-un-niveau-record-demissions-de-carbone-en-2023\\\/#primaryimage\"},\"thumbnailUrl\":\"https:\\\/\\\/www.forbes.be\\\/fr\\\/wp-content\\\/uploads\\\/2024\\\/01\\\/0x0-6.webp\",\"datePublished\":\"2024-02-01T10:30:21+00:00\",\"dateModified\":\"2024-02-08T16:40:08+00:00\",\"description\":\"Selon une nouvelle \u00e9tude, les \u00e9missions de dioxyde de carbone en Allemagne atteindront en 2023 leur niveau le plus bas depuis les ann\u00e9es 1950.\",\"breadcrumb\":{\"@id\":\"https:\\\/\\\/www.forbes.be\\\/fr\\\/leurope-a-enregistre-un-niveau-record-demissions-de-carbone-en-2023\\\/#breadcrumb\"},\"inLanguage\":\"fr-FR\",\"potentialAction\":[{\"@type\":\"ReadAction\",\"target\":[\"https:\\\/\\\/www.forbes.be\\\/fr\\\/leurope-a-enregistre-un-niveau-record-demissions-de-carbone-en-2023\\\/\"]}]},{\"@type\":\"ImageObject\",\"inLanguage\":\"fr-FR\",\"@id\":\"https:\\\/\\\/www.forbes.be\\\/fr\\\/leurope-a-enregistre-un-niveau-record-demissions-de-carbone-en-2023\\\/#primaryimage\",\"url\":\"https:\\\/\\\/www.forbes.be\\\/fr\\\/wp-content\\\/uploads\\\/2024\\\/01\\\/0x0-6.webp\",\"contentUrl\":\"https:\\\/\\\/www.forbes.be\\\/fr\\\/wp-content\\\/uploads\\\/2024\\\/01\\\/0x0-6.webp\",\"width\":1440,\"height\":960},{\"@type\":\"BreadcrumbList\",\"@id\":\"https:\\\/\\\/www.forbes.be\\\/fr\\\/leurope-a-enregistre-un-niveau-record-demissions-de-carbone-en-2023\\\/#breadcrumb\",\"itemListElement\":[{\"@type\":\"ListItem\",\"position\":1,\"name\":\"Accueil\",\"item\":\"https:\\\/\\\/www.forbes.be\\\/fr\\\/\"},{\"@type\":\"ListItem\",\"position\":2,\"name\":\"Allemagne: les \u00e9missions de dioxyde de carbone \u00e0 leur niveau le plus bas depuis les ann\u00e9es 1950\"}]},{\"@type\":\"WebSite\",\"@id\":\"https:\\\/\\\/www.forbes.be\\\/fr\\\/#website\",\"url\":\"https:\\\/\\\/www.forbes.be\\\/fr\\\/\",\"name\":\"Forbes Belgique\",\"description\":\"\",\"publisher\":{\"@id\":\"https:\\\/\\\/www.forbes.be\\\/fr\\\/#organization\"},\"potentialAction\":[{\"@type\":\"SearchAction\",\"target\":{\"@type\":\"EntryPoint\",\"urlTemplate\":\"https:\\\/\\\/www.forbes.be\\\/fr\\\/?s={search_term_string}\"},\"query-input\":{\"@type\":\"PropertyValueSpecification\",\"valueRequired\":true,\"valueName\":\"search_term_string\"}}],\"inLanguage\":\"fr-FR\"},{\"@type\":\"Organization\",\"@id\":\"https:\\\/\\\/www.forbes.be\\\/fr\\\/#organization\",\"name\":\"Forbes Belgique\",\"url\":\"https:\\\/\\\/www.forbes.be\\\/fr\\\/\",\"logo\":{\"@type\":\"ImageObject\",\"inLanguage\":\"fr-FR\",\"@id\":\"https:\\\/\\\/www.forbes.be\\\/fr\\\/#\\\/schema\\\/logo\\\/image\\\/\",\"url\":\"https:\\\/\\\/www.forbes.be\\\/fr\\\/wp-content\\\/uploads\\\/2024\\\/02\\\/forbes.be_.png\",\"contentUrl\":\"https:\\\/\\\/www.forbes.be\\\/fr\\\/wp-content\\\/uploads\\\/2024\\\/02\\\/forbes.be_.png\",\"width\":1200,\"height\":675,\"caption\":\"Forbes Belgique\"},\"image\":{\"@id\":\"https:\\\/\\\/www.forbes.be\\\/fr\\\/#\\\/schema\\\/logo\\\/image\\\/\"},\"sameAs\":[\"https:\\\/\\\/www.facebook.com\\\/forbesbelgique\\\/\",\"https:\\\/\\\/www.instagram.com\\\/Forbes_Belgium\",\"https:\\\/\\\/www.linkedin.com\\\/company\\\/forbes-belgium\\\/\"]},{\"@type\":\"Person\",\"@id\":\"https:\\\/\\\/www.forbes.be\\\/fr\\\/#\\\/schema\\\/person\\\/147c95cac22c7a4a8056e69e1f287b1f\",\"name\":\"Forbes Belgique\",\"image\":{\"@type\":\"ImageObject\",\"inLanguage\":\"fr-FR\",\"@id\":\"https:\\\/\\\/www.forbes.be\\\/fr\\\/wp-content\\\/uploads\\\/2024\\\/01\\\/forbes-thumb-150x150.jpg\",\"url\":\"https:\\\/\\\/www.forbes.be\\\/fr\\\/wp-content\\\/uploads\\\/2024\\\/01\\\/forbes-thumb-150x150.jpg\",\"contentUrl\":\"https:\\\/\\\/www.forbes.be\\\/fr\\\/wp-content\\\/uploads\\\/2024\\\/01\\\/forbes-thumb-150x150.jpg\",\"caption\":\"Forbes Belgique\"},\"url\":\"https:\\\/\\\/www.forbes.be\\\/fr\\\/author\\\/forbes-be\\\/\"}]}<\/script>\n<!-- \/ Yoast SEO plugin. -->","yoast_head_json":{"title":"Allemagne: les \u00e9missions de dioxyde de carbone \u00e0 leur niveau le plus bas depuis les ann\u00e9es 1950 | Forbes Belgique","description":"Selon une nouvelle \u00e9tude, les \u00e9missions de dioxyde de carbone en Allemagne atteindront en 2023 leur niveau le plus bas depuis les ann\u00e9es 1950.","robots":{"index":"index","follow":"follow","max-snippet":"max-snippet:-1","max-image-preview":"max-image-preview:large","max-video-preview":"max-video-preview:-1"},"canonical":"https:\/\/www.forbes.be\/fr\/leurope-a-enregistre-un-niveau-record-demissions-de-carbone-en-2023\/","og_locale":"fr_FR","og_type":"article","og_title":"Allemagne: les \u00e9missions de dioxyde de carbone \u00e0 leur niveau le plus bas depuis les ann\u00e9es 1950 | Forbes Belgique","og_description":"Selon une nouvelle \u00e9tude, les \u00e9missions de dioxyde de carbone en Allemagne atteindront en 2023 leur niveau le plus bas depuis les ann\u00e9es 1950.","og_url":"https:\/\/www.forbes.be\/fr\/leurope-a-enregistre-un-niveau-record-demissions-de-carbone-en-2023\/","og_site_name":"Forbes Belgique","article_publisher":"https:\/\/www.facebook.com\/forbesbelgique\/","article_published_time":"2024-02-01T10:30:21+00:00","article_modified_time":"2024-02-08T16:40:08+00:00","og_image":[{"width":1440,"height":960,"url":"https:\/\/www.forbes.be\/fr\/wp-content\/uploads\/2024\/01\/0x0-6.webp","type":"image\/webp"}],"author":"Forbes Belgique","twitter_card":"summary_large_image","twitter_misc":{"\u00c9crit par":"Forbes Belgique","Dur\u00e9e de lecture estim\u00e9e":"4 minutes"},"schema":{"@context":"https:\/\/schema.org","@graph":[{"@type":"NewsArticle","@id":"https:\/\/www.forbes.be\/fr\/leurope-a-enregistre-un-niveau-record-demissions-de-carbone-en-2023\/#article","isPartOf":{"@id":"https:\/\/www.forbes.be\/fr\/leurope-a-enregistre-un-niveau-record-demissions-de-carbone-en-2023\/"},"author":{"name":"Forbes Belgique","@id":"https:\/\/www.forbes.be\/fr\/#\/schema\/person\/147c95cac22c7a4a8056e69e1f287b1f"},"headline":"Allemagne: les \u00e9missions de dioxyde de carbone \u00e0 leur niveau le plus bas depuis les ann\u00e9es 1950","datePublished":"2024-02-01T10:30:21+00:00","dateModified":"2024-02-08T16:40:08+00:00","mainEntityOfPage":{"@id":"https:\/\/www.forbes.be\/fr\/leurope-a-enregistre-un-niveau-record-demissions-de-carbone-en-2023\/"},"wordCount":623,"publisher":{"@id":"https:\/\/www.forbes.be\/fr\/#organization"},"image":{"@id":"https:\/\/www.forbes.be\/fr\/leurope-a-enregistre-un-niveau-record-demissions-de-carbone-en-2023\/#primaryimage"},"thumbnailUrl":"https:\/\/www.forbes.be\/fr\/wp-content\/uploads\/2024\/01\/0x0-6.webp","articleSection":["Climat","Innovation"],"inLanguage":"fr-FR"},{"@type":"WebPage","@id":"https:\/\/www.forbes.be\/fr\/leurope-a-enregistre-un-niveau-record-demissions-de-carbone-en-2023\/","url":"https:\/\/www.forbes.be\/fr\/leurope-a-enregistre-un-niveau-record-demissions-de-carbone-en-2023\/","name":"Allemagne: les \u00e9missions de dioxyde de carbone \u00e0 leur niveau le plus bas depuis les ann\u00e9es 1950 | Forbes Belgique","isPartOf":{"@id":"https:\/\/www.forbes.be\/fr\/#website"},"primaryImageOfPage":{"@id":"https:\/\/www.forbes.be\/fr\/leurope-a-enregistre-un-niveau-record-demissions-de-carbone-en-2023\/#primaryimage"},"image":{"@id":"https:\/\/www.forbes.be\/fr\/leurope-a-enregistre-un-niveau-record-demissions-de-carbone-en-2023\/#primaryimage"},"thumbnailUrl":"https:\/\/www.forbes.be\/fr\/wp-content\/uploads\/2024\/01\/0x0-6.webp","datePublished":"2024-02-01T10:30:21+00:00","dateModified":"2024-02-08T16:40:08+00:00","description":"Selon une nouvelle \u00e9tude, les \u00e9missions de dioxyde de carbone en Allemagne atteindront en 2023 leur niveau le plus bas depuis les ann\u00e9es 1950.","breadcrumb":{"@id":"https:\/\/www.forbes.be\/fr\/leurope-a-enregistre-un-niveau-record-demissions-de-carbone-en-2023\/#breadcrumb"},"inLanguage":"fr-FR","potentialAction":[{"@type":"ReadAction","target":["https:\/\/www.forbes.be\/fr\/leurope-a-enregistre-un-niveau-record-demissions-de-carbone-en-2023\/"]}]},{"@type":"ImageObject","inLanguage":"fr-FR","@id":"https:\/\/www.forbes.be\/fr\/leurope-a-enregistre-un-niveau-record-demissions-de-carbone-en-2023\/#primaryimage","url":"https:\/\/www.forbes.be\/fr\/wp-content\/uploads\/2024\/01\/0x0-6.webp","contentUrl":"https:\/\/www.forbes.be\/fr\/wp-content\/uploads\/2024\/01\/0x0-6.webp","width":1440,"height":960},{"@type":"BreadcrumbList","@id":"https:\/\/www.forbes.be\/fr\/leurope-a-enregistre-un-niveau-record-demissions-de-carbone-en-2023\/#breadcrumb","itemListElement":[{"@type":"ListItem","position":1,"name":"Accueil","item":"https:\/\/www.forbes.be\/fr\/"},{"@type":"ListItem","position":2,"name":"Allemagne: les \u00e9missions de dioxyde de carbone \u00e0 leur niveau le plus bas depuis les ann\u00e9es 1950"}]},{"@type":"WebSite","@id":"https:\/\/www.forbes.be\/fr\/#website","url":"https:\/\/www.forbes.be\/fr\/","name":"Forbes Belgique","description":"","publisher":{"@id":"https:\/\/www.forbes.be\/fr\/#organization"},"potentialAction":[{"@type":"SearchAction","target":{"@type":"EntryPoint","urlTemplate":"https:\/\/www.forbes.be\/fr\/?s={search_term_string}"},"query-input":{"@type":"PropertyValueSpecification","valueRequired":true,"valueName":"search_term_string"}}],"inLanguage":"fr-FR"},{"@type":"Organization","@id":"https:\/\/www.forbes.be\/fr\/#organization","name":"Forbes Belgique","url":"https:\/\/www.forbes.be\/fr\/","logo":{"@type":"ImageObject","inLanguage":"fr-FR","@id":"https:\/\/www.forbes.be\/fr\/#\/schema\/logo\/image\/","url":"https:\/\/www.forbes.be\/fr\/wp-content\/uploads\/2024\/02\/forbes.be_.png","contentUrl":"https:\/\/www.forbes.be\/fr\/wp-content\/uploads\/2024\/02\/forbes.be_.png","width":1200,"height":675,"caption":"Forbes Belgique"},"image":{"@id":"https:\/\/www.forbes.be\/fr\/#\/schema\/logo\/image\/"},"sameAs":["https:\/\/www.facebook.com\/forbesbelgique\/","https:\/\/www.instagram.com\/Forbes_Belgium","https:\/\/www.linkedin.com\/company\/forbes-belgium\/"]},{"@type":"Person","@id":"https:\/\/www.forbes.be\/fr\/#\/schema\/person\/147c95cac22c7a4a8056e69e1f287b1f","name":"Forbes Belgique","image":{"@type":"ImageObject","inLanguage":"fr-FR","@id":"https:\/\/www.forbes.be\/fr\/wp-content\/uploads\/2024\/01\/forbes-thumb-150x150.jpg","url":"https:\/\/www.forbes.be\/fr\/wp-content\/uploads\/2024\/01\/forbes-thumb-150x150.jpg","contentUrl":"https:\/\/www.forbes.be\/fr\/wp-content\/uploads\/2024\/01\/forbes-thumb-150x150.jpg","caption":"Forbes Belgique"},"url":"https:\/\/www.forbes.be\/fr\/author\/forbes-be\/"}]}},"_links":{"self":[{"href":"https:\/\/www.forbes.be\/fr\/wp-json\/wp\/v2\/posts\/1074","targetHints":{"allow":["GET"]}}],"collection":[{"href":"https:\/\/www.forbes.be\/fr\/wp-json\/wp\/v2\/posts"}],"about":[{"href":"https:\/\/www.forbes.be\/fr\/wp-json\/wp\/v2\/types\/post"}],"author":[{"embeddable":true,"href":"https:\/\/www.forbes.be\/fr\/wp-json\/wp\/v2\/users\/5"}],"replies":[{"embeddable":true,"href":"https:\/\/www.forbes.be\/fr\/wp-json\/wp\/v2\/comments?post=1074"}],"version-history":[{"count":6,"href":"https:\/\/www.forbes.be\/fr\/wp-json\/wp\/v2\/posts\/1074\/revisions"}],"predecessor-version":[{"id":1216,"href":"https:\/\/www.forbes.be\/fr\/wp-json\/wp\/v2\/posts\/1074\/revisions\/1216"}],"wp:featuredmedia":[{"embeddable":true,"href":"https:\/\/www.forbes.be\/fr\/wp-json\/wp\/v2\/media\/1134"}],"wp:attachment":[{"href":"https:\/\/www.forbes.be\/fr\/wp-json\/wp\/v2\/media?parent=1074"}],"wp:term":[{"taxonomy":"category","embeddable":true,"href":"https:\/\/www.forbes.be\/fr\/wp-json\/wp\/v2\/categories?post=1074"},{"taxonomy":"post_tag","embeddable":true,"href":"https:\/\/www.forbes.be\/fr\/wp-json\/wp\/v2\/tags?post=1074"}],"curies":[{"name":"wp","href":"https:\/\/api.w.org\/{rel}","templated":true}]}}