{"id":10774,"date":"2025-06-06T14:48:32","date_gmt":"2025-06-06T12:48:32","guid":{"rendered":"https:\/\/www.forbes.be\/fr\/?p=10774"},"modified":"2025-06-06T14:49:47","modified_gmt":"2025-06-06T12:49:47","slug":"nouvel-accord-europeen-cadrant-les-dedommagements-pour-les-passagers-aeriens","status":"publish","type":"post","link":"https:\/\/www.forbes.be\/fr\/nouvel-accord-europeen-cadrant-les-dedommagements-pour-les-passagers-aeriens\/","title":{"rendered":"Nouvel accord europ\u00e9en cadrant les d\u00e9dommagements pour les passagers a\u00e9riens"},"content":{"rendered":"<p style=\"font-weight: 400;\"><strong>R\u00e9unis \u00e0 Luxembourg, les ministres des transports europ\u00e9ens ont valid\u00e9 hier un nouvel accord fixant les futures r\u00e8gles en mati\u00e8re de d\u00e9dommagements des passagers a\u00e9riens en cas de retard.<\/strong><\/p>\n<p style=\"font-weight: 400;\">\u00ab<em>Un accord laborieux, mais un accord quand m\u00eame, sur les droits des passagers a\u00e9riens dans un dossier bloqu\u00e9 depuis plus de dix ans<\/em>\u00bb. C\u2019est en ces termes que nos coll\u00e8gues du m\u00e9dia sp\u00e9cialis\u00e9 ind\u00e9pendant <em>Contexte<\/em> qualifient l\u2019accord \u00e0 majorit\u00e9 qualifi\u00e9e vot\u00e9 au forceps hier jeudi par les 27 ministres des transports r\u00e9unis \u00e0 Luxembourg. Il aura en effet fallu des pourparlers bilat\u00e9raux et un dernier compromis r\u00e9dig\u00e9 par la pr\u00e9sidence polonaise au cours de la r\u00e9union pour y parvenir. Une premi\u00e8re session le matin, autour d\u2019un compromis envoy\u00e9 la veille, n\u2019avait pas abouti.<\/p>\n<p style=\"font-weight: 400;\">Sans surprise, toute la discussion a port\u00e9 sur <strong>la r\u00e9vision des seuils de d\u00e9clenchement des compensations en cas de retard ou d\u2019annulation des vols, <\/strong>au terme d&rsquo;un lobbying intense des compagnies a\u00e9riennes qui souhaitaient <strong>recadrer ces compensations \u00e0 la baisse<\/strong>. Le nouvel accord des 27 pr\u00e9voit que les voyageurs pourront \u00eatre indemnis\u00e9s \u00e0 hauteur de <strong>300 euros\u00a0<\/strong>\u00e0 partir d\u2019un <strong>retard de 4 heures<\/strong>\u00a0pour les\u00a0<strong>vols de moins de 3.500 kilom\u00e8tres et les vols intra-UE (y compris Outre-mer)<\/strong>, et de\u00a0<strong>500 euros\u00a0<\/strong>\u00e0 partir d\u2019un\u00a0<strong>retard de 6 heures pour les vols plus longs<\/strong>.<\/p>\n<h3 style=\"font-weight: 400;\">Exceptions multiples et r\u00e9actions n\u00e9gatives des deux parties<\/h3>\n<p style=\"font-weight: 400;\">Mais une\u00a0<strong><a href=\"https:\/\/data.consilium.europa.eu\/doc\/document\/ST-9430-2025-ADD-2\/en\/pdf\">longue liste de circonstances qualifi\u00e9es d\u2019extraordinaires<\/a><\/strong> exemptera en outre les compagnies de ces d\u00e9dommagements recadr\u00e9s. Parmi celles-ci, sont point\u00e9es une s\u00e9rie de circonstances impr\u00e9visibles qui mettraient en danger l\u2019avion et ses passagers : catastrophes naturelles et environnementales, conditions m\u00e9t\u00e9orologiques extr\u00eames, guerre ou insurrections, menaces transfrontali\u00e8res pour la sant\u00e9 ou urgence m\u00e9dicale, collision avec un corps \u00e9tranger, incidents concernant un passager, actes de terrorisme ou sabotage, fermeture impr\u00e9vue de l\u2019espace a\u00e9rien ou d\u2019un a\u00e9roport, etc.<\/p>\n<p style=\"font-weight: 400;\">Selon <em>Contexte<\/em>, le nouvel accord et ses multiples exceptions sont d\u00e9j\u00e0 d\u00e9cri\u00e9s \u00e0 la fois par les associations de protection des consommateurs, qui estiment qu\u2019il constitue un <strong>pas en arri\u00e8re par rapport aux r\u00e8gles actuelles<\/strong> sur plusieurs points, et par les compagnies a\u00e9riennes, pour lesquelles il \u00abajoute de la complexit\u00e9\u00bb au syst\u00e8me actuel. N\u00e9anmoins, certains pays qui soutenaient l\u2019accord, dont la France, se f\u00e9licitent n\u00e9anmoins d\u2019un texte qui consacre plus de <strong>30 nouveaux droits<\/strong> pour les passagers m\u00eame s\u2019il aurait pu \u00eatre plus ambitieux.<\/p>\n","protected":false},"excerpt":{"rendered":"<p>R\u00e9unis \u00e0 Luxembourg, les ministres des transports europ\u00e9ens ont valid\u00e9 hier un nouvel accord fixant les futures r\u00e8gles en mati\u00e8re de d\u00e9dommagements des passagers a\u00e9riens en cas de retard. \u00abUn accord laborieux, mais un accord quand m\u00eame, sur les droits des passagers a\u00e9riens dans un dossier bloqu\u00e9 depuis plus de dix ans\u00bb. C\u2019est en ces [&hellip;]<\/p>\n","protected":false},"author":15,"featured_media":10775,"comment_status":"closed","ping_status":"closed","sticky":false,"template":"","format":"standard","meta":{"_acf_changed":false,"inline_featured_image":false,"footnotes":""},"categories":[1,30],"tags":[],"class_list":{"0":"post-10774","1":"post","2":"type-post","3":"status-publish","4":"format-standard","5":"has-post-thumbnail","7":"category-actualite","8":"category-commerce"},"acf":[],"_yoast_wpseo_title":null,"_yoast_wpseo_metadesc":"Les ministres des transports europ\u00e9ens ont valid\u00e9 un nouvel accord fixant les r\u00e8gles en mati\u00e8re de d\u00e9dommagements des passagers a\u00e9riens en cas de retard.","auteur_traducteur":"","yoast_head":"<!-- This site is optimized with the Yoast SEO plugin v27.4 - https:\/\/yoast.com\/product\/yoast-seo-wordpress\/ -->\n<title>Nouvel accord europ\u00e9en cadrant les d\u00e9dommagements pour les passagers a\u00e9riens | Forbes Belgique<\/title>\n<meta name=\"description\" content=\"Les ministres des transports europ\u00e9ens ont valid\u00e9 un nouvel accord fixant les r\u00e8gles en mati\u00e8re de d\u00e9dommagements des passagers a\u00e9riens en cas de retard.\" \/>\n<meta name=\"robots\" content=\"index, follow, max-snippet:-1, max-image-preview:large, max-video-preview:-1\" \/>\n<link rel=\"canonical\" href=\"https:\/\/www.forbes.be\/fr\/nouvel-accord-europeen-cadrant-les-dedommagements-pour-les-passagers-aeriens\/\" \/>\n<meta property=\"og:locale\" content=\"fr_FR\" \/>\n<meta property=\"og:type\" content=\"article\" \/>\n<meta property=\"og:title\" content=\"Nouvel accord europ\u00e9en cadrant les d\u00e9dommagements pour les passagers a\u00e9riens | Forbes Belgique\" \/>\n<meta property=\"og:description\" content=\"Les ministres des transports europ\u00e9ens ont valid\u00e9 un nouvel accord fixant les r\u00e8gles en mati\u00e8re de d\u00e9dommagements des passagers a\u00e9riens en cas de retard.\" \/>\n<meta property=\"og:url\" content=\"https:\/\/www.forbes.be\/fr\/nouvel-accord-europeen-cadrant-les-dedommagements-pour-les-passagers-aeriens\/\" \/>\n<meta property=\"og:site_name\" content=\"Forbes Belgique\" \/>\n<meta property=\"article:publisher\" content=\"https:\/\/www.facebook.com\/forbesbelgique\/\" \/>\n<meta property=\"article:published_time\" content=\"2025-06-06T12:48:32+00:00\" \/>\n<meta property=\"article:modified_time\" content=\"2025-06-06T12:49:47+00:00\" \/>\n<meta property=\"og:image\" content=\"https:\/\/www.forbes.be\/fr\/wp-content\/uploads\/2026\/02\/forbes-belgique.png\" \/>\n\t<meta property=\"og:image:width\" content=\"1200\" \/>\n\t<meta property=\"og:image:height\" content=\"675\" \/>\n\t<meta property=\"og:image:type\" content=\"image\/png\" \/>\n<meta name=\"author\" content=\"Philippe Coul\u00e9e\" \/>\n<meta name=\"twitter:card\" content=\"summary_large_image\" \/>\n<meta name=\"twitter:label1\" content=\"\u00c9crit par\" \/>\n\t<meta name=\"twitter:data1\" content=\"Philippe Coul\u00e9e\" \/>\n\t<meta name=\"twitter:label2\" content=\"Dur\u00e9e de lecture estim\u00e9e\" \/>\n\t<meta name=\"twitter:data2\" content=\"3 minutes\" \/>\n<script type=\"application\/ld+json\" class=\"yoast-schema-graph\">{\"@context\":\"https:\\\/\\\/schema.org\",\"@graph\":[{\"@type\":\"NewsArticle\",\"@id\":\"https:\\\/\\\/www.forbes.be\\\/fr\\\/nouvel-accord-europeen-cadrant-les-dedommagements-pour-les-passagers-aeriens\\\/#article\",\"isPartOf\":{\"@id\":\"https:\\\/\\\/www.forbes.be\\\/fr\\\/nouvel-accord-europeen-cadrant-les-dedommagements-pour-les-passagers-aeriens\\\/\"},\"author\":{\"name\":\"Philippe Coul\u00e9e\",\"@id\":\"https:\\\/\\\/www.forbes.be\\\/fr\\\/#\\\/schema\\\/person\\\/22bfc3335e560f4084ef5af17ecdad87\"},\"headline\":\"Nouvel accord europ\u00e9en cadrant les d\u00e9dommagements pour les passagers a\u00e9riens\",\"datePublished\":\"2025-06-06T12:48:32+00:00\",\"dateModified\":\"2025-06-06T12:49:47+00:00\",\"mainEntityOfPage\":{\"@id\":\"https:\\\/\\\/www.forbes.be\\\/fr\\\/nouvel-accord-europeen-cadrant-les-dedommagements-pour-les-passagers-aeriens\\\/\"},\"wordCount\":448,\"publisher\":{\"@id\":\"https:\\\/\\\/www.forbes.be\\\/fr\\\/#organization\"},\"image\":{\"@id\":\"https:\\\/\\\/www.forbes.be\\\/fr\\\/nouvel-accord-europeen-cadrant-les-dedommagements-pour-les-passagers-aeriens\\\/#primaryimage\"},\"thumbnailUrl\":\"https:\\\/\\\/www.forbes.be\\\/fr\\\/wp-content\\\/uploads\\\/2025\\\/06\\\/IMG_7217.heic\",\"articleSection\":[\"Actualit\u00e9s\",\"Commerce\"],\"inLanguage\":\"fr-FR\"},{\"@type\":\"WebPage\",\"@id\":\"https:\\\/\\\/www.forbes.be\\\/fr\\\/nouvel-accord-europeen-cadrant-les-dedommagements-pour-les-passagers-aeriens\\\/\",\"url\":\"https:\\\/\\\/www.forbes.be\\\/fr\\\/nouvel-accord-europeen-cadrant-les-dedommagements-pour-les-passagers-aeriens\\\/\",\"name\":\"Nouvel accord europ\u00e9en cadrant les d\u00e9dommagements pour les passagers a\u00e9riens | Forbes Belgique\",\"isPartOf\":{\"@id\":\"https:\\\/\\\/www.forbes.be\\\/fr\\\/#website\"},\"primaryImageOfPage\":{\"@id\":\"https:\\\/\\\/www.forbes.be\\\/fr\\\/nouvel-accord-europeen-cadrant-les-dedommagements-pour-les-passagers-aeriens\\\/#primaryimage\"},\"image\":{\"@id\":\"https:\\\/\\\/www.forbes.be\\\/fr\\\/nouvel-accord-europeen-cadrant-les-dedommagements-pour-les-passagers-aeriens\\\/#primaryimage\"},\"thumbnailUrl\":\"https:\\\/\\\/www.forbes.be\\\/fr\\\/wp-content\\\/uploads\\\/2025\\\/06\\\/IMG_7217.heic\",\"datePublished\":\"2025-06-06T12:48:32+00:00\",\"dateModified\":\"2025-06-06T12:49:47+00:00\",\"description\":\"Les ministres des transports europ\u00e9ens ont valid\u00e9 un nouvel accord fixant les r\u00e8gles en mati\u00e8re de d\u00e9dommagements des passagers a\u00e9riens en cas de retard.\",\"breadcrumb\":{\"@id\":\"https:\\\/\\\/www.forbes.be\\\/fr\\\/nouvel-accord-europeen-cadrant-les-dedommagements-pour-les-passagers-aeriens\\\/#breadcrumb\"},\"inLanguage\":\"fr-FR\",\"potentialAction\":[{\"@type\":\"ReadAction\",\"target\":[\"https:\\\/\\\/www.forbes.be\\\/fr\\\/nouvel-accord-europeen-cadrant-les-dedommagements-pour-les-passagers-aeriens\\\/\"]}]},{\"@type\":\"ImageObject\",\"inLanguage\":\"fr-FR\",\"@id\":\"https:\\\/\\\/www.forbes.be\\\/fr\\\/nouvel-accord-europeen-cadrant-les-dedommagements-pour-les-passagers-aeriens\\\/#primaryimage\",\"url\":\"https:\\\/\\\/www.forbes.be\\\/fr\\\/wp-content\\\/uploads\\\/2025\\\/06\\\/IMG_7217.heic\",\"contentUrl\":\"https:\\\/\\\/www.forbes.be\\\/fr\\\/wp-content\\\/uploads\\\/2025\\\/06\\\/IMG_7217.heic\"},{\"@type\":\"BreadcrumbList\",\"@id\":\"https:\\\/\\\/www.forbes.be\\\/fr\\\/nouvel-accord-europeen-cadrant-les-dedommagements-pour-les-passagers-aeriens\\\/#breadcrumb\",\"itemListElement\":[{\"@type\":\"ListItem\",\"position\":1,\"name\":\"Accueil\",\"item\":\"https:\\\/\\\/www.forbes.be\\\/fr\\\/\"},{\"@type\":\"ListItem\",\"position\":2,\"name\":\"Nouvel accord europ\u00e9en cadrant les d\u00e9dommagements pour les passagers a\u00e9riens\"}]},{\"@type\":\"WebSite\",\"@id\":\"https:\\\/\\\/www.forbes.be\\\/fr\\\/#website\",\"url\":\"https:\\\/\\\/www.forbes.be\\\/fr\\\/\",\"name\":\"Forbes Belgique\",\"description\":\"\",\"publisher\":{\"@id\":\"https:\\\/\\\/www.forbes.be\\\/fr\\\/#organization\"},\"potentialAction\":[{\"@type\":\"SearchAction\",\"target\":{\"@type\":\"EntryPoint\",\"urlTemplate\":\"https:\\\/\\\/www.forbes.be\\\/fr\\\/?s={search_term_string}\"},\"query-input\":{\"@type\":\"PropertyValueSpecification\",\"valueRequired\":true,\"valueName\":\"search_term_string\"}}],\"inLanguage\":\"fr-FR\"},{\"@type\":\"Organization\",\"@id\":\"https:\\\/\\\/www.forbes.be\\\/fr\\\/#organization\",\"name\":\"Forbes Belgique\",\"url\":\"https:\\\/\\\/www.forbes.be\\\/fr\\\/\",\"logo\":{\"@type\":\"ImageObject\",\"inLanguage\":\"fr-FR\",\"@id\":\"https:\\\/\\\/www.forbes.be\\\/fr\\\/#\\\/schema\\\/logo\\\/image\\\/\",\"url\":\"https:\\\/\\\/www.forbes.be\\\/fr\\\/wp-content\\\/uploads\\\/2024\\\/02\\\/forbes.be_.png\",\"contentUrl\":\"https:\\\/\\\/www.forbes.be\\\/fr\\\/wp-content\\\/uploads\\\/2024\\\/02\\\/forbes.be_.png\",\"width\":1200,\"height\":675,\"caption\":\"Forbes Belgique\"},\"image\":{\"@id\":\"https:\\\/\\\/www.forbes.be\\\/fr\\\/#\\\/schema\\\/logo\\\/image\\\/\"},\"sameAs\":[\"https:\\\/\\\/www.facebook.com\\\/forbesbelgique\\\/\",\"https:\\\/\\\/www.instagram.com\\\/Forbes_Belgium\",\"https:\\\/\\\/www.linkedin.com\\\/company\\\/forbes-belgium\\\/\"]},{\"@type\":\"Person\",\"@id\":\"https:\\\/\\\/www.forbes.be\\\/fr\\\/#\\\/schema\\\/person\\\/22bfc3335e560f4084ef5af17ecdad87\",\"name\":\"Philippe Coul\u00e9e\",\"image\":{\"@type\":\"ImageObject\",\"inLanguage\":\"fr-FR\",\"@id\":\"https:\\\/\\\/www.forbes.be\\\/fr\\\/wp-content\\\/uploads\\\/2024\\\/01\\\/unnamed-150x150.jpg\",\"url\":\"https:\\\/\\\/www.forbes.be\\\/fr\\\/wp-content\\\/uploads\\\/2024\\\/01\\\/unnamed-150x150.jpg\",\"contentUrl\":\"https:\\\/\\\/www.forbes.be\\\/fr\\\/wp-content\\\/uploads\\\/2024\\\/01\\\/unnamed-150x150.jpg\",\"caption\":\"Philippe Coul\u00e9e\"},\"url\":\"https:\\\/\\\/www.forbes.be\\\/fr\\\/author\\\/philippe-couleeicloud-com\\\/\"}]}<\/script>\n<!-- \/ Yoast SEO plugin. -->","yoast_head_json":{"title":"Nouvel accord europ\u00e9en cadrant les d\u00e9dommagements pour les passagers a\u00e9riens | Forbes Belgique","description":"Les ministres des transports europ\u00e9ens ont valid\u00e9 un nouvel accord fixant les r\u00e8gles en mati\u00e8re de d\u00e9dommagements des passagers a\u00e9riens en cas de retard.","robots":{"index":"index","follow":"follow","max-snippet":"max-snippet:-1","max-image-preview":"max-image-preview:large","max-video-preview":"max-video-preview:-1"},"canonical":"https:\/\/www.forbes.be\/fr\/nouvel-accord-europeen-cadrant-les-dedommagements-pour-les-passagers-aeriens\/","og_locale":"fr_FR","og_type":"article","og_title":"Nouvel accord europ\u00e9en cadrant les d\u00e9dommagements pour les passagers a\u00e9riens | Forbes Belgique","og_description":"Les ministres des transports europ\u00e9ens ont valid\u00e9 un nouvel accord fixant les r\u00e8gles en mati\u00e8re de d\u00e9dommagements des passagers a\u00e9riens en cas de retard.","og_url":"https:\/\/www.forbes.be\/fr\/nouvel-accord-europeen-cadrant-les-dedommagements-pour-les-passagers-aeriens\/","og_site_name":"Forbes Belgique","article_publisher":"https:\/\/www.facebook.com\/forbesbelgique\/","article_published_time":"2025-06-06T12:48:32+00:00","article_modified_time":"2025-06-06T12:49:47+00:00","og_image":[{"width":1200,"height":675,"url":"https:\/\/www.forbes.be\/fr\/wp-content\/uploads\/2026\/02\/forbes-belgique.png","type":"image\/png"}],"author":"Philippe Coul\u00e9e","twitter_card":"summary_large_image","twitter_misc":{"\u00c9crit par":"Philippe Coul\u00e9e","Dur\u00e9e de lecture estim\u00e9e":"3 minutes"},"schema":{"@context":"https:\/\/schema.org","@graph":[{"@type":"NewsArticle","@id":"https:\/\/www.forbes.be\/fr\/nouvel-accord-europeen-cadrant-les-dedommagements-pour-les-passagers-aeriens\/#article","isPartOf":{"@id":"https:\/\/www.forbes.be\/fr\/nouvel-accord-europeen-cadrant-les-dedommagements-pour-les-passagers-aeriens\/"},"author":{"name":"Philippe Coul\u00e9e","@id":"https:\/\/www.forbes.be\/fr\/#\/schema\/person\/22bfc3335e560f4084ef5af17ecdad87"},"headline":"Nouvel accord europ\u00e9en cadrant les d\u00e9dommagements pour les passagers a\u00e9riens","datePublished":"2025-06-06T12:48:32+00:00","dateModified":"2025-06-06T12:49:47+00:00","mainEntityOfPage":{"@id":"https:\/\/www.forbes.be\/fr\/nouvel-accord-europeen-cadrant-les-dedommagements-pour-les-passagers-aeriens\/"},"wordCount":448,"publisher":{"@id":"https:\/\/www.forbes.be\/fr\/#organization"},"image":{"@id":"https:\/\/www.forbes.be\/fr\/nouvel-accord-europeen-cadrant-les-dedommagements-pour-les-passagers-aeriens\/#primaryimage"},"thumbnailUrl":"https:\/\/www.forbes.be\/fr\/wp-content\/uploads\/2025\/06\/IMG_7217.heic","articleSection":["Actualit\u00e9s","Commerce"],"inLanguage":"fr-FR"},{"@type":"WebPage","@id":"https:\/\/www.forbes.be\/fr\/nouvel-accord-europeen-cadrant-les-dedommagements-pour-les-passagers-aeriens\/","url":"https:\/\/www.forbes.be\/fr\/nouvel-accord-europeen-cadrant-les-dedommagements-pour-les-passagers-aeriens\/","name":"Nouvel accord europ\u00e9en cadrant les d\u00e9dommagements pour les passagers a\u00e9riens | Forbes Belgique","isPartOf":{"@id":"https:\/\/www.forbes.be\/fr\/#website"},"primaryImageOfPage":{"@id":"https:\/\/www.forbes.be\/fr\/nouvel-accord-europeen-cadrant-les-dedommagements-pour-les-passagers-aeriens\/#primaryimage"},"image":{"@id":"https:\/\/www.forbes.be\/fr\/nouvel-accord-europeen-cadrant-les-dedommagements-pour-les-passagers-aeriens\/#primaryimage"},"thumbnailUrl":"https:\/\/www.forbes.be\/fr\/wp-content\/uploads\/2025\/06\/IMG_7217.heic","datePublished":"2025-06-06T12:48:32+00:00","dateModified":"2025-06-06T12:49:47+00:00","description":"Les ministres des transports europ\u00e9ens ont valid\u00e9 un nouvel accord fixant les r\u00e8gles en mati\u00e8re de d\u00e9dommagements des passagers a\u00e9riens en cas de retard.","breadcrumb":{"@id":"https:\/\/www.forbes.be\/fr\/nouvel-accord-europeen-cadrant-les-dedommagements-pour-les-passagers-aeriens\/#breadcrumb"},"inLanguage":"fr-FR","potentialAction":[{"@type":"ReadAction","target":["https:\/\/www.forbes.be\/fr\/nouvel-accord-europeen-cadrant-les-dedommagements-pour-les-passagers-aeriens\/"]}]},{"@type":"ImageObject","inLanguage":"fr-FR","@id":"https:\/\/www.forbes.be\/fr\/nouvel-accord-europeen-cadrant-les-dedommagements-pour-les-passagers-aeriens\/#primaryimage","url":"https:\/\/www.forbes.be\/fr\/wp-content\/uploads\/2025\/06\/IMG_7217.heic","contentUrl":"https:\/\/www.forbes.be\/fr\/wp-content\/uploads\/2025\/06\/IMG_7217.heic"},{"@type":"BreadcrumbList","@id":"https:\/\/www.forbes.be\/fr\/nouvel-accord-europeen-cadrant-les-dedommagements-pour-les-passagers-aeriens\/#breadcrumb","itemListElement":[{"@type":"ListItem","position":1,"name":"Accueil","item":"https:\/\/www.forbes.be\/fr\/"},{"@type":"ListItem","position":2,"name":"Nouvel accord europ\u00e9en cadrant les d\u00e9dommagements pour les passagers a\u00e9riens"}]},{"@type":"WebSite","@id":"https:\/\/www.forbes.be\/fr\/#website","url":"https:\/\/www.forbes.be\/fr\/","name":"Forbes Belgique","description":"","publisher":{"@id":"https:\/\/www.forbes.be\/fr\/#organization"},"potentialAction":[{"@type":"SearchAction","target":{"@type":"EntryPoint","urlTemplate":"https:\/\/www.forbes.be\/fr\/?s={search_term_string}"},"query-input":{"@type":"PropertyValueSpecification","valueRequired":true,"valueName":"search_term_string"}}],"inLanguage":"fr-FR"},{"@type":"Organization","@id":"https:\/\/www.forbes.be\/fr\/#organization","name":"Forbes Belgique","url":"https:\/\/www.forbes.be\/fr\/","logo":{"@type":"ImageObject","inLanguage":"fr-FR","@id":"https:\/\/www.forbes.be\/fr\/#\/schema\/logo\/image\/","url":"https:\/\/www.forbes.be\/fr\/wp-content\/uploads\/2024\/02\/forbes.be_.png","contentUrl":"https:\/\/www.forbes.be\/fr\/wp-content\/uploads\/2024\/02\/forbes.be_.png","width":1200,"height":675,"caption":"Forbes Belgique"},"image":{"@id":"https:\/\/www.forbes.be\/fr\/#\/schema\/logo\/image\/"},"sameAs":["https:\/\/www.facebook.com\/forbesbelgique\/","https:\/\/www.instagram.com\/Forbes_Belgium","https:\/\/www.linkedin.com\/company\/forbes-belgium\/"]},{"@type":"Person","@id":"https:\/\/www.forbes.be\/fr\/#\/schema\/person\/22bfc3335e560f4084ef5af17ecdad87","name":"Philippe Coul\u00e9e","image":{"@type":"ImageObject","inLanguage":"fr-FR","@id":"https:\/\/www.forbes.be\/fr\/wp-content\/uploads\/2024\/01\/unnamed-150x150.jpg","url":"https:\/\/www.forbes.be\/fr\/wp-content\/uploads\/2024\/01\/unnamed-150x150.jpg","contentUrl":"https:\/\/www.forbes.be\/fr\/wp-content\/uploads\/2024\/01\/unnamed-150x150.jpg","caption":"Philippe Coul\u00e9e"},"url":"https:\/\/www.forbes.be\/fr\/author\/philippe-couleeicloud-com\/"}]}},"_links":{"self":[{"href":"https:\/\/www.forbes.be\/fr\/wp-json\/wp\/v2\/posts\/10774","targetHints":{"allow":["GET"]}}],"collection":[{"href":"https:\/\/www.forbes.be\/fr\/wp-json\/wp\/v2\/posts"}],"about":[{"href":"https:\/\/www.forbes.be\/fr\/wp-json\/wp\/v2\/types\/post"}],"author":[{"embeddable":true,"href":"https:\/\/www.forbes.be\/fr\/wp-json\/wp\/v2\/users\/15"}],"replies":[{"embeddable":true,"href":"https:\/\/www.forbes.be\/fr\/wp-json\/wp\/v2\/comments?post=10774"}],"version-history":[{"count":3,"href":"https:\/\/www.forbes.be\/fr\/wp-json\/wp\/v2\/posts\/10774\/revisions"}],"predecessor-version":[{"id":10778,"href":"https:\/\/www.forbes.be\/fr\/wp-json\/wp\/v2\/posts\/10774\/revisions\/10778"}],"wp:featuredmedia":[{"embeddable":true,"href":"https:\/\/www.forbes.be\/fr\/wp-json\/wp\/v2\/media\/10775"}],"wp:attachment":[{"href":"https:\/\/www.forbes.be\/fr\/wp-json\/wp\/v2\/media?parent=10774"}],"wp:term":[{"taxonomy":"category","embeddable":true,"href":"https:\/\/www.forbes.be\/fr\/wp-json\/wp\/v2\/categories?post=10774"},{"taxonomy":"post_tag","embeddable":true,"href":"https:\/\/www.forbes.be\/fr\/wp-json\/wp\/v2\/tags?post=10774"}],"curies":[{"name":"wp","href":"https:\/\/api.w.org\/{rel}","templated":true}]}}