{"id":10800,"date":"2025-06-12T12:49:11","date_gmt":"2025-06-12T10:49:11","guid":{"rendered":"https:\/\/www.forbes.be\/fr\/?p=10800"},"modified":"2025-06-12T12:49:11","modified_gmt":"2025-06-12T10:49:11","slug":"uber-renforce-son-offre-a-la-cote-belge","status":"publish","type":"post","link":"https:\/\/www.forbes.be\/fr\/uber-renforce-son-offre-a-la-cote-belge\/","title":{"rendered":"Uber renforce son offre \u00e0 la C\u00f4te belge"},"content":{"rendered":"<p><strong>Avis aux amateurs: <a href=\"https:\/\/uber-be.prezly.com\/uber-se-lance-a-la-cote-belge?utm_source=prezly.com&amp;utm_medium=campaign&amp;utm_campaign=Communiqu%C3%A9%20de%20presse%20-%20Uber%20se%20lance%20%C3%A0%20la%20c%C3%B4te%20belge&amp;utm_id=1a6ecf7e-d15b-4f4e-9a72-e5af955a0d37&amp;utm_content=story%20title\">Uber se lance \u00e0 la C\u00f4te belge<\/a> \u00e0 partir de cet \u00e9t\u00e9. Voil\u00e0 pour l&rsquo;annonce faite cette semaine par la plateforme am\u00e9ricaine de r\u00e9servation de v\u00e9hicules avec chauffeur. L&rsquo;objectif est d&rsquo;abord de desservir les grandes villes du littoral. Mais l&rsquo;entreprise assure qu&rsquo;elle continuera \u00e0 se d\u00e9ployer dans d\u2019autres localit\u00e9s c\u00f4ti\u00e8res tout au long de l\u2019\u00e9t\u00e9.<\/strong><\/p>\n<p>En r\u00e9alit\u00e9, <a href=\"https:\/\/www.uber.com\/be\/fr\/\">Uber<\/a> est d\u00e9j\u00e0 actif en Flandre depuis 2020, mais s&rsquo;\u00e9tait d&rsquo;abord focalis\u00e9 sur les grandes villes telles que Louvain, Gand ou Anvers. L&rsquo;entreprise a \u00e0 pr\u00e9sent renforc\u00e9 son offre \u00e0 la C\u00f4te, afin de proposer une solution de mobilit\u00e9 \u00e9quivalente le long du littoral. Pour ce faire, elle va collaborer avec des chauffeurs de taxi locaux.<\/p>\n<p>Concr\u00e8tement, l\u2019application est d\u00e9sormais disponible dans toutes les grandes villes c\u00f4ti\u00e8res que sont Blankenberge, Bredene, Le Coq, Duinbergen, Heist-Aan-Zee, Le Zoute, Knokke, Lombardsijde, Mariakerke, Middelkerke, Ostende, Wenduine et Zeebruges. Uber continuera en outre \u00e0 se d\u00e9ployer dans d\u2019autres villes du littoral tout au long de l\u2019\u00e9t\u00e9.<\/p>\n<p class=\"styles_paragraph__6o_o7\">Les services disponibles incluent UberX (le service le plus utilis\u00e9), ainsi que Uber Van, Comfort et Green.<\/p>\n<p>Plus largement, la plateforme est, pour rappel, disponible dans tout le pays, avec un focus particulier sur les grandes villes. Depuis le mois de d\u00e9cembre 2024 et l&rsquo;entr\u00e9e en vigueur d&rsquo;une nouvelle l\u00e9gislation r\u00e9gionale au sud du pays, le service UberX est en effet aussi <a href=\"https:\/\/uber-be.prezly.com\/uber-va-etendre-ses-services-dans-lensemble-de-la-wallonie-devenant-ainsi-disponible-partout-en-belgique\">op\u00e9rationnel \u00e0 travers toute la Wallonie<\/a>.<\/p>\n","protected":false},"excerpt":{"rendered":"<p>Avis aux amateurs: Uber se lance \u00e0 la C\u00f4te belge \u00e0 partir de cet \u00e9t\u00e9. Voil\u00e0 pour l&rsquo;annonce faite cette semaine par la plateforme am\u00e9ricaine de r\u00e9servation de v\u00e9hicules avec chauffeur. L&rsquo;objectif est d&rsquo;abord de desservir les grandes villes du littoral. Mais l&rsquo;entreprise assure qu&rsquo;elle continuera \u00e0 se d\u00e9ployer dans d\u2019autres localit\u00e9s c\u00f4ti\u00e8res tout au [&hellip;]<\/p>\n","protected":false},"author":37,"featured_media":10802,"comment_status":"closed","ping_status":"closed","sticky":false,"template":"","format":"standard","meta":{"_acf_changed":false,"inline_featured_image":false,"footnotes":""},"categories":[1,75],"tags":[],"class_list":{"0":"post-10800","1":"post","2":"type-post","3":"status-publish","4":"format-standard","5":"has-post-thumbnail","7":"category-actualite","8":"category-entreprise"},"acf":[],"_yoast_wpseo_title":null,"_yoast_wpseo_metadesc":"Apr\u00e8s Bruxelles, la Flandre et la Wallonie, Uber lance son offre \u00e0 la C\u00f4te belge, gr\u00e2ce \u00e0 une collaboration avec des chauffeurs de taxis.","auteur_traducteur":"","yoast_head":"<!-- This site is optimized with the Yoast SEO plugin v27.4 - https:\/\/yoast.com\/product\/yoast-seo-wordpress\/ -->\n<title>Uber renforce son offre \u00e0 la C\u00f4te belge | Forbes Belgique<\/title>\n<meta name=\"description\" content=\"Apr\u00e8s Bruxelles, la Flandre et la Wallonie, Uber lance son offre \u00e0 la C\u00f4te belge, gr\u00e2ce \u00e0 une collaboration avec des chauffeurs de taxis.\" \/>\n<meta name=\"robots\" content=\"index, follow, max-snippet:-1, max-image-preview:large, max-video-preview:-1\" \/>\n<link rel=\"canonical\" href=\"https:\/\/www.forbes.be\/fr\/uber-renforce-son-offre-a-la-cote-belge\/\" \/>\n<meta property=\"og:locale\" content=\"fr_FR\" \/>\n<meta property=\"og:type\" content=\"article\" \/>\n<meta property=\"og:title\" content=\"Uber renforce son offre \u00e0 la C\u00f4te belge | Forbes Belgique\" \/>\n<meta property=\"og:description\" content=\"Apr\u00e8s Bruxelles, la Flandre et la Wallonie, Uber lance son offre \u00e0 la C\u00f4te belge, gr\u00e2ce \u00e0 une collaboration avec des chauffeurs de taxis.\" \/>\n<meta property=\"og:url\" content=\"https:\/\/www.forbes.be\/fr\/uber-renforce-son-offre-a-la-cote-belge\/\" \/>\n<meta property=\"og:site_name\" content=\"Forbes Belgique\" \/>\n<meta property=\"article:publisher\" content=\"https:\/\/www.facebook.com\/forbesbelgique\/\" \/>\n<meta property=\"article:published_time\" content=\"2025-06-12T10:49:11+00:00\" \/>\n<meta property=\"og:image\" content=\"https:\/\/www.forbes.be\/fr\/wp-content\/uploads\/2025\/06\/adobestock-525383591-editorial-use-only-scaled.jpeg\" \/>\n\t<meta property=\"og:image:width\" content=\"2560\" \/>\n\t<meta property=\"og:image:height\" content=\"1707\" \/>\n\t<meta property=\"og:image:type\" content=\"image\/jpeg\" \/>\n<meta name=\"author\" content=\"Juan Godbille\" \/>\n<meta name=\"twitter:card\" content=\"summary_large_image\" \/>\n<meta name=\"twitter:label1\" content=\"\u00c9crit par\" \/>\n\t<meta name=\"twitter:data1\" content=\"Juan Godbille\" \/>\n\t<meta name=\"twitter:label2\" content=\"Dur\u00e9e de lecture estim\u00e9e\" \/>\n\t<meta name=\"twitter:data2\" content=\"2 minutes\" \/>\n<script type=\"application\/ld+json\" class=\"yoast-schema-graph\">{\"@context\":\"https:\\\/\\\/schema.org\",\"@graph\":[{\"@type\":\"NewsArticle\",\"@id\":\"https:\\\/\\\/www.forbes.be\\\/fr\\\/uber-renforce-son-offre-a-la-cote-belge\\\/#article\",\"isPartOf\":{\"@id\":\"https:\\\/\\\/www.forbes.be\\\/fr\\\/uber-renforce-son-offre-a-la-cote-belge\\\/\"},\"author\":{\"name\":\"Juan Godbille\",\"@id\":\"https:\\\/\\\/www.forbes.be\\\/fr\\\/#\\\/schema\\\/person\\\/0d449791ef6199da3d469eca714eb773\"},\"headline\":\"Uber renforce son offre \u00e0 la C\u00f4te belge\",\"datePublished\":\"2025-06-12T10:49:11+00:00\",\"mainEntityOfPage\":{\"@id\":\"https:\\\/\\\/www.forbes.be\\\/fr\\\/uber-renforce-son-offre-a-la-cote-belge\\\/\"},\"wordCount\":257,\"publisher\":{\"@id\":\"https:\\\/\\\/www.forbes.be\\\/fr\\\/#organization\"},\"image\":{\"@id\":\"https:\\\/\\\/www.forbes.be\\\/fr\\\/uber-renforce-son-offre-a-la-cote-belge\\\/#primaryimage\"},\"thumbnailUrl\":\"https:\\\/\\\/www.forbes.be\\\/fr\\\/wp-content\\\/uploads\\\/2025\\\/06\\\/adobestock-525383591-editorial-use-only-scaled-e1750237956708.jpeg\",\"articleSection\":[\"Actualit\u00e9s\",\"Entreprise\"],\"inLanguage\":\"fr-FR\"},{\"@type\":\"WebPage\",\"@id\":\"https:\\\/\\\/www.forbes.be\\\/fr\\\/uber-renforce-son-offre-a-la-cote-belge\\\/\",\"url\":\"https:\\\/\\\/www.forbes.be\\\/fr\\\/uber-renforce-son-offre-a-la-cote-belge\\\/\",\"name\":\"Uber renforce son offre \u00e0 la C\u00f4te belge | Forbes Belgique\",\"isPartOf\":{\"@id\":\"https:\\\/\\\/www.forbes.be\\\/fr\\\/#website\"},\"primaryImageOfPage\":{\"@id\":\"https:\\\/\\\/www.forbes.be\\\/fr\\\/uber-renforce-son-offre-a-la-cote-belge\\\/#primaryimage\"},\"image\":{\"@id\":\"https:\\\/\\\/www.forbes.be\\\/fr\\\/uber-renforce-son-offre-a-la-cote-belge\\\/#primaryimage\"},\"thumbnailUrl\":\"https:\\\/\\\/www.forbes.be\\\/fr\\\/wp-content\\\/uploads\\\/2025\\\/06\\\/adobestock-525383591-editorial-use-only-scaled-e1750237956708.jpeg\",\"datePublished\":\"2025-06-12T10:49:11+00:00\",\"description\":\"Apr\u00e8s Bruxelles, la Flandre et la Wallonie, Uber lance son offre \u00e0 la C\u00f4te belge, gr\u00e2ce \u00e0 une collaboration avec des chauffeurs de taxis.\",\"breadcrumb\":{\"@id\":\"https:\\\/\\\/www.forbes.be\\\/fr\\\/uber-renforce-son-offre-a-la-cote-belge\\\/#breadcrumb\"},\"inLanguage\":\"fr-FR\",\"potentialAction\":[{\"@type\":\"ReadAction\",\"target\":[\"https:\\\/\\\/www.forbes.be\\\/fr\\\/uber-renforce-son-offre-a-la-cote-belge\\\/\"]}]},{\"@type\":\"ImageObject\",\"inLanguage\":\"fr-FR\",\"@id\":\"https:\\\/\\\/www.forbes.be\\\/fr\\\/uber-renforce-son-offre-a-la-cote-belge\\\/#primaryimage\",\"url\":\"https:\\\/\\\/www.forbes.be\\\/fr\\\/wp-content\\\/uploads\\\/2025\\\/06\\\/adobestock-525383591-editorial-use-only-scaled-e1750237956708.jpeg\",\"contentUrl\":\"https:\\\/\\\/www.forbes.be\\\/fr\\\/wp-content\\\/uploads\\\/2025\\\/06\\\/adobestock-525383591-editorial-use-only-scaled-e1750237956708.jpeg\",\"width\":2560,\"height\":1340,\"caption\":\"Girl inside car holding smartphone with Uber app on screen. Rio de Janeiro, RJ, Brazil. August 2022.\"},{\"@type\":\"BreadcrumbList\",\"@id\":\"https:\\\/\\\/www.forbes.be\\\/fr\\\/uber-renforce-son-offre-a-la-cote-belge\\\/#breadcrumb\",\"itemListElement\":[{\"@type\":\"ListItem\",\"position\":1,\"name\":\"Accueil\",\"item\":\"https:\\\/\\\/www.forbes.be\\\/fr\\\/\"},{\"@type\":\"ListItem\",\"position\":2,\"name\":\"Uber renforce son offre \u00e0 la C\u00f4te belge\"}]},{\"@type\":\"WebSite\",\"@id\":\"https:\\\/\\\/www.forbes.be\\\/fr\\\/#website\",\"url\":\"https:\\\/\\\/www.forbes.be\\\/fr\\\/\",\"name\":\"Forbes Belgique\",\"description\":\"\",\"publisher\":{\"@id\":\"https:\\\/\\\/www.forbes.be\\\/fr\\\/#organization\"},\"potentialAction\":[{\"@type\":\"SearchAction\",\"target\":{\"@type\":\"EntryPoint\",\"urlTemplate\":\"https:\\\/\\\/www.forbes.be\\\/fr\\\/?s={search_term_string}\"},\"query-input\":{\"@type\":\"PropertyValueSpecification\",\"valueRequired\":true,\"valueName\":\"search_term_string\"}}],\"inLanguage\":\"fr-FR\"},{\"@type\":\"Organization\",\"@id\":\"https:\\\/\\\/www.forbes.be\\\/fr\\\/#organization\",\"name\":\"Forbes Belgique\",\"url\":\"https:\\\/\\\/www.forbes.be\\\/fr\\\/\",\"logo\":{\"@type\":\"ImageObject\",\"inLanguage\":\"fr-FR\",\"@id\":\"https:\\\/\\\/www.forbes.be\\\/fr\\\/#\\\/schema\\\/logo\\\/image\\\/\",\"url\":\"https:\\\/\\\/www.forbes.be\\\/fr\\\/wp-content\\\/uploads\\\/2024\\\/02\\\/forbes.be_.png\",\"contentUrl\":\"https:\\\/\\\/www.forbes.be\\\/fr\\\/wp-content\\\/uploads\\\/2024\\\/02\\\/forbes.be_.png\",\"width\":1200,\"height\":675,\"caption\":\"Forbes Belgique\"},\"image\":{\"@id\":\"https:\\\/\\\/www.forbes.be\\\/fr\\\/#\\\/schema\\\/logo\\\/image\\\/\"},\"sameAs\":[\"https:\\\/\\\/www.facebook.com\\\/forbesbelgique\\\/\",\"https:\\\/\\\/www.instagram.com\\\/Forbes_Belgium\",\"https:\\\/\\\/www.linkedin.com\\\/company\\\/forbes-belgium\\\/\"]},{\"@type\":\"Person\",\"@id\":\"https:\\\/\\\/www.forbes.be\\\/fr\\\/#\\\/schema\\\/person\\\/0d449791ef6199da3d469eca714eb773\",\"name\":\"Juan Godbille\",\"image\":{\"@type\":\"ImageObject\",\"inLanguage\":\"fr-FR\",\"@id\":\"https:\\\/\\\/secure.gravatar.com\\\/avatar\\\/de6d740453251c69ae34e42cfef9688bc2a5c942d7cab09074e7064fbac13ac9?s=96&d=mm&r=g\",\"url\":\"https:\\\/\\\/secure.gravatar.com\\\/avatar\\\/de6d740453251c69ae34e42cfef9688bc2a5c942d7cab09074e7064fbac13ac9?s=96&d=mm&r=g\",\"contentUrl\":\"https:\\\/\\\/secure.gravatar.com\\\/avatar\\\/de6d740453251c69ae34e42cfef9688bc2a5c942d7cab09074e7064fbac13ac9?s=96&d=mm&r=g\",\"caption\":\"Juan Godbille\"},\"url\":\"https:\\\/\\\/www.forbes.be\\\/fr\\\/author\\\/juan-godbille\\\/\"}]}<\/script>\n<!-- \/ Yoast SEO plugin. -->","yoast_head_json":{"title":"Uber renforce son offre \u00e0 la C\u00f4te belge | Forbes Belgique","description":"Apr\u00e8s Bruxelles, la Flandre et la Wallonie, Uber lance son offre \u00e0 la C\u00f4te belge, gr\u00e2ce \u00e0 une collaboration avec des chauffeurs de taxis.","robots":{"index":"index","follow":"follow","max-snippet":"max-snippet:-1","max-image-preview":"max-image-preview:large","max-video-preview":"max-video-preview:-1"},"canonical":"https:\/\/www.forbes.be\/fr\/uber-renforce-son-offre-a-la-cote-belge\/","og_locale":"fr_FR","og_type":"article","og_title":"Uber renforce son offre \u00e0 la C\u00f4te belge | Forbes Belgique","og_description":"Apr\u00e8s Bruxelles, la Flandre et la Wallonie, Uber lance son offre \u00e0 la C\u00f4te belge, gr\u00e2ce \u00e0 une collaboration avec des chauffeurs de taxis.","og_url":"https:\/\/www.forbes.be\/fr\/uber-renforce-son-offre-a-la-cote-belge\/","og_site_name":"Forbes Belgique","article_publisher":"https:\/\/www.facebook.com\/forbesbelgique\/","article_published_time":"2025-06-12T10:49:11+00:00","og_image":[{"width":2560,"height":1707,"url":"https:\/\/www.forbes.be\/fr\/wp-content\/uploads\/2025\/06\/adobestock-525383591-editorial-use-only-scaled.jpeg","type":"image\/jpeg"}],"author":"Juan Godbille","twitter_card":"summary_large_image","twitter_misc":{"\u00c9crit par":"Juan Godbille","Dur\u00e9e de lecture estim\u00e9e":"2 minutes"},"schema":{"@context":"https:\/\/schema.org","@graph":[{"@type":"NewsArticle","@id":"https:\/\/www.forbes.be\/fr\/uber-renforce-son-offre-a-la-cote-belge\/#article","isPartOf":{"@id":"https:\/\/www.forbes.be\/fr\/uber-renforce-son-offre-a-la-cote-belge\/"},"author":{"name":"Juan Godbille","@id":"https:\/\/www.forbes.be\/fr\/#\/schema\/person\/0d449791ef6199da3d469eca714eb773"},"headline":"Uber renforce son offre \u00e0 la C\u00f4te belge","datePublished":"2025-06-12T10:49:11+00:00","mainEntityOfPage":{"@id":"https:\/\/www.forbes.be\/fr\/uber-renforce-son-offre-a-la-cote-belge\/"},"wordCount":257,"publisher":{"@id":"https:\/\/www.forbes.be\/fr\/#organization"},"image":{"@id":"https:\/\/www.forbes.be\/fr\/uber-renforce-son-offre-a-la-cote-belge\/#primaryimage"},"thumbnailUrl":"https:\/\/www.forbes.be\/fr\/wp-content\/uploads\/2025\/06\/adobestock-525383591-editorial-use-only-scaled-e1750237956708.jpeg","articleSection":["Actualit\u00e9s","Entreprise"],"inLanguage":"fr-FR"},{"@type":"WebPage","@id":"https:\/\/www.forbes.be\/fr\/uber-renforce-son-offre-a-la-cote-belge\/","url":"https:\/\/www.forbes.be\/fr\/uber-renforce-son-offre-a-la-cote-belge\/","name":"Uber renforce son offre \u00e0 la C\u00f4te belge | Forbes Belgique","isPartOf":{"@id":"https:\/\/www.forbes.be\/fr\/#website"},"primaryImageOfPage":{"@id":"https:\/\/www.forbes.be\/fr\/uber-renforce-son-offre-a-la-cote-belge\/#primaryimage"},"image":{"@id":"https:\/\/www.forbes.be\/fr\/uber-renforce-son-offre-a-la-cote-belge\/#primaryimage"},"thumbnailUrl":"https:\/\/www.forbes.be\/fr\/wp-content\/uploads\/2025\/06\/adobestock-525383591-editorial-use-only-scaled-e1750237956708.jpeg","datePublished":"2025-06-12T10:49:11+00:00","description":"Apr\u00e8s Bruxelles, la Flandre et la Wallonie, Uber lance son offre \u00e0 la C\u00f4te belge, gr\u00e2ce \u00e0 une collaboration avec des chauffeurs de taxis.","breadcrumb":{"@id":"https:\/\/www.forbes.be\/fr\/uber-renforce-son-offre-a-la-cote-belge\/#breadcrumb"},"inLanguage":"fr-FR","potentialAction":[{"@type":"ReadAction","target":["https:\/\/www.forbes.be\/fr\/uber-renforce-son-offre-a-la-cote-belge\/"]}]},{"@type":"ImageObject","inLanguage":"fr-FR","@id":"https:\/\/www.forbes.be\/fr\/uber-renforce-son-offre-a-la-cote-belge\/#primaryimage","url":"https:\/\/www.forbes.be\/fr\/wp-content\/uploads\/2025\/06\/adobestock-525383591-editorial-use-only-scaled-e1750237956708.jpeg","contentUrl":"https:\/\/www.forbes.be\/fr\/wp-content\/uploads\/2025\/06\/adobestock-525383591-editorial-use-only-scaled-e1750237956708.jpeg","width":2560,"height":1340,"caption":"Girl inside car holding smartphone with Uber app on screen. Rio de Janeiro, RJ, Brazil. August 2022."},{"@type":"BreadcrumbList","@id":"https:\/\/www.forbes.be\/fr\/uber-renforce-son-offre-a-la-cote-belge\/#breadcrumb","itemListElement":[{"@type":"ListItem","position":1,"name":"Accueil","item":"https:\/\/www.forbes.be\/fr\/"},{"@type":"ListItem","position":2,"name":"Uber renforce son offre \u00e0 la C\u00f4te belge"}]},{"@type":"WebSite","@id":"https:\/\/www.forbes.be\/fr\/#website","url":"https:\/\/www.forbes.be\/fr\/","name":"Forbes Belgique","description":"","publisher":{"@id":"https:\/\/www.forbes.be\/fr\/#organization"},"potentialAction":[{"@type":"SearchAction","target":{"@type":"EntryPoint","urlTemplate":"https:\/\/www.forbes.be\/fr\/?s={search_term_string}"},"query-input":{"@type":"PropertyValueSpecification","valueRequired":true,"valueName":"search_term_string"}}],"inLanguage":"fr-FR"},{"@type":"Organization","@id":"https:\/\/www.forbes.be\/fr\/#organization","name":"Forbes Belgique","url":"https:\/\/www.forbes.be\/fr\/","logo":{"@type":"ImageObject","inLanguage":"fr-FR","@id":"https:\/\/www.forbes.be\/fr\/#\/schema\/logo\/image\/","url":"https:\/\/www.forbes.be\/fr\/wp-content\/uploads\/2024\/02\/forbes.be_.png","contentUrl":"https:\/\/www.forbes.be\/fr\/wp-content\/uploads\/2024\/02\/forbes.be_.png","width":1200,"height":675,"caption":"Forbes Belgique"},"image":{"@id":"https:\/\/www.forbes.be\/fr\/#\/schema\/logo\/image\/"},"sameAs":["https:\/\/www.facebook.com\/forbesbelgique\/","https:\/\/www.instagram.com\/Forbes_Belgium","https:\/\/www.linkedin.com\/company\/forbes-belgium\/"]},{"@type":"Person","@id":"https:\/\/www.forbes.be\/fr\/#\/schema\/person\/0d449791ef6199da3d469eca714eb773","name":"Juan Godbille","image":{"@type":"ImageObject","inLanguage":"fr-FR","@id":"https:\/\/secure.gravatar.com\/avatar\/de6d740453251c69ae34e42cfef9688bc2a5c942d7cab09074e7064fbac13ac9?s=96&d=mm&r=g","url":"https:\/\/secure.gravatar.com\/avatar\/de6d740453251c69ae34e42cfef9688bc2a5c942d7cab09074e7064fbac13ac9?s=96&d=mm&r=g","contentUrl":"https:\/\/secure.gravatar.com\/avatar\/de6d740453251c69ae34e42cfef9688bc2a5c942d7cab09074e7064fbac13ac9?s=96&d=mm&r=g","caption":"Juan Godbille"},"url":"https:\/\/www.forbes.be\/fr\/author\/juan-godbille\/"}]}},"_links":{"self":[{"href":"https:\/\/www.forbes.be\/fr\/wp-json\/wp\/v2\/posts\/10800","targetHints":{"allow":["GET"]}}],"collection":[{"href":"https:\/\/www.forbes.be\/fr\/wp-json\/wp\/v2\/posts"}],"about":[{"href":"https:\/\/www.forbes.be\/fr\/wp-json\/wp\/v2\/types\/post"}],"author":[{"embeddable":true,"href":"https:\/\/www.forbes.be\/fr\/wp-json\/wp\/v2\/users\/37"}],"replies":[{"embeddable":true,"href":"https:\/\/www.forbes.be\/fr\/wp-json\/wp\/v2\/comments?post=10800"}],"version-history":[{"count":3,"href":"https:\/\/www.forbes.be\/fr\/wp-json\/wp\/v2\/posts\/10800\/revisions"}],"predecessor-version":[{"id":10835,"href":"https:\/\/www.forbes.be\/fr\/wp-json\/wp\/v2\/posts\/10800\/revisions\/10835"}],"wp:featuredmedia":[{"embeddable":true,"href":"https:\/\/www.forbes.be\/fr\/wp-json\/wp\/v2\/media\/10802"}],"wp:attachment":[{"href":"https:\/\/www.forbes.be\/fr\/wp-json\/wp\/v2\/media?parent=10800"}],"wp:term":[{"taxonomy":"category","embeddable":true,"href":"https:\/\/www.forbes.be\/fr\/wp-json\/wp\/v2\/categories?post=10800"},{"taxonomy":"post_tag","embeddable":true,"href":"https:\/\/www.forbes.be\/fr\/wp-json\/wp\/v2\/tags?post=10800"}],"curies":[{"name":"wp","href":"https:\/\/api.w.org\/{rel}","templated":true}]}}