{"id":10974,"date":"2025-06-20T12:19:37","date_gmt":"2025-06-20T10:19:37","guid":{"rendered":"https:\/\/www.forbes.be\/fr\/?p=10974"},"modified":"2025-06-20T12:45:05","modified_gmt":"2025-06-20T10:45:05","slug":"avec-laudas-val-dieu-veut-revolutionner-le-marche-de-la-pils","status":"publish","type":"post","link":"https:\/\/www.forbes.be\/fr\/avec-laudas-val-dieu-veut-revolutionner-le-marche-de-la-pils\/","title":{"rendered":"Avec l\u2019Audas, Val-Dieu veut r\u00e9volutionner le march\u00e9 de la pils"},"content":{"rendered":"<p><strong>\u00c0 l\u2019heure o\u00f9 les bi\u00e8res sp\u00e9ciales s\u00e9duisent par leur diversit\u00e9, la Brasserie de l\u2019Abbaye du Val-Dieu prend le contrepied en lan\u00e7ant\u2026une pils. Mais cette pils joue la carte de l\u2019originalit\u00e9. Baptis\u00e9e \u00ab\u00a0Audas\u00a0\u00bb, cette nouvelle blonde revendique sa simplicit\u00e9, sa fra\u00eecheur, et une certaine forme de minimalisme assum\u00e9, dans un march\u00e9 o\u00f9 l\u2019authenticit\u00e9 se cherche souvent du c\u00f4t\u00e9 des IPA ou des triples houblonn\u00e9es. On savait les Li\u00e9geois ardents, voici qu\u2019ils nous prouvent qu\u2019ils ont aussi de l\u2019audace\u2026<\/strong><\/p>\n<p>Se lancer en 2025 dans la production d\u2019une <strong>pils<\/strong>, c\u2019est un pari os\u00e9 pour la <a href=\"https:\/\/www.val-dieu.com\/\" target=\"_blank\" rel=\"noopener\">Brasserie de l\u2019Abbaye de Val Dieu<\/a>. En effet, si l<a href=\"https:\/\/www.forbes.be\/fr\/brasserie-sous-presssion\/\" target=\"_blank\" rel=\"noopener\">e march\u00e9 de la bi\u00e8re est en net recul, en Belgique<\/a> comme dans le monde, c\u2019est essentiellement \u00e0 cause de la baisse de consommation des <strong>pils<\/strong>. \u00ab Sur les 15 derni\u00e8res ann\u00e9es, on a vendu 20% de bi\u00e8res en moins en Belgique, une d\u00e9croissance qui suit la chute des ventes de la pils \u00bb souligne <strong>Lionel Delbart<\/strong>, directeur commercial chez <strong>Val-Dieu<\/strong>. \u00ab Jusqu\u2019en 2020, la perte sur le march\u00e9 belge \u00e9tait compens\u00e9e par la croissance de la vente des <strong>bi\u00e8res belges<\/strong> \u00e0 l\u2019\u00e9tranger, mais depuis le COVID, la d\u00e9croissance est g\u00e9n\u00e9ralis\u00e9e \u00e0 cause du recul de la <strong>pils<\/strong>. Les Belges boivent moins de <strong>bi\u00e8re<\/strong>, mais de meilleure qualit\u00e9, en se tournant vers les bi\u00e8res sp\u00e9ciales \u00bb.<\/p>\n<h2>Se diversifier sans perdre son \u00e2me<\/h2>\n<p>\u00c9tonnant, dans ce contexte, de voir <strong>Val-Dieu<\/strong>, un <strong>brasseur<\/strong> historiquement tourn\u00e9 vers les bi\u00e8res sp\u00e9ciales, avancer dans un univers inconnu et fortement concurrentiel, celui de la pils. \u00ab Il faut savoir que la pils repr\u00e9sente tout de m\u00eame 70% des ventes globales d bi\u00e8re \u00bb, poursuit <strong>Lionel Delbart<\/strong>.<\/p>\n<p>Pour <strong>Val-Dieu<\/strong> donc, il s\u2019agit d\u2019occuper ce segment de march\u00e9 extr\u00eamement important, sans perdre son \u00e2me de producteur artisanal de bi\u00e8re d\u2019abbaye et de qualit\u00e9. \u00ab C\u2019est pour cette raison que notre <strong>pils<\/strong>, l\u2019<strong>Audas<\/strong>, n\u2019a rien d\u2019une pils ordinaire, nous avons voulu sortir un produit de qualit\u00e9, audacieux, moderne, convivial qui est en phase avec les nouvelles g\u00e9n\u00e9rations \u00bb, enchaine le directeur marketing du groupe <strong>Vincent Brossel<\/strong>, en pr\u00e9sentant une marque, une identit\u00e9 visuelle et un caract\u00e8re originaux, entre vintage et de modernit\u00e9.<br \/>\nBeaucoup moins de sucre que les autres<strong> pils<\/strong><\/p>\n<figure id=\"attachment_10978\" aria-describedby=\"caption-attachment-10978\" style=\"width: 2352px\" class=\"wp-caption alignnone\"><img loading=\"lazy\" decoding=\"async\" class=\"size-full wp-image-10978\" src=\"https:\/\/www.forbes.be\/fr\/wp-content\/uploads\/2025\/06\/capture-deecran-2025-06-19-ae-184354.png\" alt=\"\" width=\"2352\" height=\"1768\" srcset=\"https:\/\/www.forbes.be\/fr\/wp-content\/uploads\/2025\/06\/capture-deecran-2025-06-19-ae-184354.png 2352w, https:\/\/www.forbes.be\/fr\/wp-content\/uploads\/2025\/06\/capture-deecran-2025-06-19-ae-184354-300x226.png 300w, https:\/\/www.forbes.be\/fr\/wp-content\/uploads\/2025\/06\/capture-deecran-2025-06-19-ae-184354-1024x770.png 1024w, https:\/\/www.forbes.be\/fr\/wp-content\/uploads\/2025\/06\/capture-deecran-2025-06-19-ae-184354-768x577.png 768w, https:\/\/www.forbes.be\/fr\/wp-content\/uploads\/2025\/06\/capture-deecran-2025-06-19-ae-184354-1536x1155.png 1536w, https:\/\/www.forbes.be\/fr\/wp-content\/uploads\/2025\/06\/capture-deecran-2025-06-19-ae-184354-2048x1539.png 2048w, https:\/\/www.forbes.be\/fr\/wp-content\/uploads\/2025\/06\/capture-deecran-2025-06-19-ae-184354-696x523.png 696w, https:\/\/www.forbes.be\/fr\/wp-content\/uploads\/2025\/06\/capture-deecran-2025-06-19-ae-184354-1068x803.png 1068w, https:\/\/www.forbes.be\/fr\/wp-content\/uploads\/2025\/06\/capture-deecran-2025-06-19-ae-184354-1920x1443.png 1920w, https:\/\/www.forbes.be\/fr\/wp-content\/uploads\/2025\/06\/capture-deecran-2025-06-19-ae-184354-600x451.png 600w\" sizes=\"auto, (max-width: 2352px) 100vw, 2352px\" \/><figcaption id=\"caption-attachment-10978\" class=\"wp-caption-text\">Vincent Brossel, Alain Pinckaers et Lionel Delbart \u00a9 DR<\/figcaption><\/figure>\n<p>\u00ab Nous avons voulu offrir une <strong>pils<\/strong> tr\u00e8s diff\u00e9rente des marques industrielles, l\u2019<strong>Audas<\/strong> a du caract\u00e8re, de l\u2019amertume mais surtout, elle contient beaucoup moins de sucre (NDLR : entre 10 et 20% de moins que la moyenne des autres <strong>pils<\/strong>) ce qui la rend plus l\u00e9g\u00e8re 4,5\u00b0 contre 5,5\u00b0 en moyenne), plus d\u00e9salt\u00e9rante et plus digeste \u00bb, assure <strong>Alain Pinckaers<\/strong>, responsable de la <strong>brasserie<\/strong> et de la fabrication des <strong>bi\u00e8res<\/strong>. \u00ab Nous utilisons des produits tri\u00e9s sur le volet, houblon et pilsener et bien entendu l\u2019eau de la Gileppe, connue pour sa puret\u00e9 et sa stabilit\u00e9 \u00bb.<\/p>\n<h2>Innovation et prise de risques<\/h2>\n<p>Avec cette <strong>Belgian Craft Pils<\/strong> \u00e0 4,5 % d\u2019alcool, brass\u00e9e \u00e0 fermentation basse pendant quatre semaines, <strong>Val-Dieu<\/strong> entend faire red\u00e9couvrir un style parfois jug\u00e9 trop classique. Ici, l\u2019amertume est franche, le go\u00fbt net, et la promesse claire : proposer une alternative artisanale aux <strong>pils<\/strong> industrielles omnipr\u00e9sentes. La <strong>brasserie<\/strong> mise sur un positionnement \u00e0 la fois accessible (10 cents de plus qu\u2019une <strong>pils<\/strong> industrielle, ndlr) et identitaire.<\/p>\n<p>Ce lancement s\u2019inscrit dans une dynamique de renouveau entam\u00e9e l\u2019ann\u00e9e derni\u00e8re par <strong>Val-Dieu<\/strong>, avec la gamme \u00ab\u00a0Excellence\u00a0\u00bb. Jusqu\u2019ici, cette strat\u00e9gie s\u2019est av\u00e9r\u00e9e payante. Car si le <strong>march\u00e9 brassicole<\/strong> belge souffre, <strong>Val-Dieu<\/strong> encha\u00eene les ann\u00e9es de croissance. \u00ab De 2016 \u00e0 aujourd\u2019hui, nous avons presque tripl\u00e9 nos ventes, en passant de 8.000 \u00e0 30.000 hectolitres \u00bb, pr\u00e9cise <strong>Lionel Delbart<\/strong>. La cl\u00e9 de ce succ\u00e8s ? L\u2019innovation et la prise de risques. \u00ab Nous appartenons \u00e0 un grand groupe, <strong>Unibox<\/strong>, qui a des moyens et nous permet de lancer des nouveaux projets \u00bb, se r\u00e9jouit <strong>Vincent Brossel<\/strong>. D\u2019ailleurs, cette <strong>pils<\/strong> pourrait en cacher une autre, la<strong> brasserie<\/strong> ne cache son ambition de lancer une <strong>bi\u00e8re sans alcool<\/strong>.<\/p>\n<figure id=\"attachment_10976\" aria-describedby=\"caption-attachment-10976\" style=\"width: 2560px\" class=\"wp-caption alignnone\"><img loading=\"lazy\" decoding=\"async\" class=\"size-full wp-image-10976\" src=\"https:\/\/www.forbes.be\/fr\/wp-content\/uploads\/2025\/06\/250425-vlad-vdk-audas-mooviz-0016-vdk4081-scaled.jpg\" alt=\"\" width=\"2560\" height=\"1920\" srcset=\"https:\/\/www.forbes.be\/fr\/wp-content\/uploads\/2025\/06\/250425-vlad-vdk-audas-mooviz-0016-vdk4081-scaled.jpg 2560w, https:\/\/www.forbes.be\/fr\/wp-content\/uploads\/2025\/06\/250425-vlad-vdk-audas-mooviz-0016-vdk4081-300x225.jpg 300w, https:\/\/www.forbes.be\/fr\/wp-content\/uploads\/2025\/06\/250425-vlad-vdk-audas-mooviz-0016-vdk4081-1024x768.jpg 1024w, https:\/\/www.forbes.be\/fr\/wp-content\/uploads\/2025\/06\/250425-vlad-vdk-audas-mooviz-0016-vdk4081-768x576.jpg 768w, https:\/\/www.forbes.be\/fr\/wp-content\/uploads\/2025\/06\/250425-vlad-vdk-audas-mooviz-0016-vdk4081-1536x1152.jpg 1536w, https:\/\/www.forbes.be\/fr\/wp-content\/uploads\/2025\/06\/250425-vlad-vdk-audas-mooviz-0016-vdk4081-2048x1536.jpg 2048w, https:\/\/www.forbes.be\/fr\/wp-content\/uploads\/2025\/06\/250425-vlad-vdk-audas-mooviz-0016-vdk4081-696x522.jpg 696w, https:\/\/www.forbes.be\/fr\/wp-content\/uploads\/2025\/06\/250425-vlad-vdk-audas-mooviz-0016-vdk4081-1068x801.jpg 1068w, https:\/\/www.forbes.be\/fr\/wp-content\/uploads\/2025\/06\/250425-vlad-vdk-audas-mooviz-0016-vdk4081-1920x1440.jpg 1920w, https:\/\/www.forbes.be\/fr\/wp-content\/uploads\/2025\/06\/250425-vlad-vdk-audas-mooviz-0016-vdk4081-600x450.jpg 600w\" sizes=\"auto, (max-width: 2560px) 100vw, 2560px\" \/><figcaption id=\"caption-attachment-10976\" class=\"wp-caption-text\">\u00a9 Vlad VDK<\/figcaption><\/figure>\n<p><strong>Audas<\/strong> vise d\u2019abord l\u2019Horeca r\u00e9gional, en particulier la province de Li\u00e8ge, avant un d\u00e9ploiement plus large dans les grandes surfaces. Objectif de la premi\u00e8re ann\u00e9e : 1.000 hectolitres, pour atteindre les 3.000 hectolitres fin 2026. La <strong>bi\u00e8re<\/strong> sera aussi pr\u00e9sente lors de festivals et grands \u00e9v\u00e9nements, comme les Francofolies de Spa, afin de se faire une place dans un segment qui repr\u00e9sente encore 70 % du march\u00e9 belge.<\/p>\n<h2>Unibox, d\u2019un garage de Lambermont \u00e0 un groupe r\u00e9gional multicarte<\/h2>\n<p>Derri\u00e8re ce repositionnement brassicole se trouve un acteur \u00e9conomique discret mais actif : le groupe <strong>Unibox<\/strong>, bas\u00e9 \u00e0 Chaineux (Li\u00e8ge). Historiquement li\u00e9 aux jeux de caf\u00e9 et aux appareils de divertissement, le groupe a entam\u00e9 un virage strat\u00e9gique il y a une dizaine d\u2019ann\u00e9es, pour devenir une structure diversifi\u00e9e, active dans l\u2019horeca, le loisir, l\u2019immobilier ou encore les services informatiques.<\/p>\n<p>Aujourd\u2019hui, <strong>Unibox<\/strong> chapeaute plus de 50 soci\u00e9t\u00e9s et emploie environ 450 collaborateurs. On lui doit, entre autres, la brasserie de <strong>Val-Dieu<\/strong>, les centres de loisirs <strong>S\u2019pace<\/strong>, les h\u00f4tels <strong>MyHotel<\/strong>, ou encore les jardineries <strong>Univert<\/strong>. \u00c0 la man\u0153uvre, <strong>Victor L\u00e9opold Bosquin<\/strong> et <strong>Jean-Marc Corteil<\/strong>, poursuivent une logique de d\u00e9veloppement r\u00e9gional, avec un ancrage affirm\u00e9 en province de Li\u00e8ge.<\/p>\n<p>La strat\u00e9gie repose sur la diversification mais aussi sur l\u2019impact local. Dernier exemple en date : le fonds <strong>So Impact Invest<\/strong>, destin\u00e9 \u00e0 soutenir des projets dans la sant\u00e9, l\u2019\u00e9nergie ou l\u2019\u00e9conomie collaborative. Quant au volet brassicole, il continue d\u2019\u00e9voluer entre tradition (les <strong>bi\u00e8res<\/strong> d\u2019abbaye) et exp\u00e9rimentations plus r\u00e9centes, comme un gin maison ou, d\u00e9sormais, cette nouvelle pils.<\/p>\n","protected":false},"excerpt":{"rendered":"<p>\u00c0 l\u2019heure o\u00f9 les bi\u00e8res sp\u00e9ciales s\u00e9duisent par leur diversit\u00e9, la Brasserie de l\u2019Abbaye du Val-Dieu prend le contrepied en lan\u00e7ant\u2026une pils. Mais cette pils joue la carte de l\u2019originalit\u00e9. Baptis\u00e9e \u00ab\u00a0Audas\u00a0\u00bb, cette nouvelle blonde revendique sa simplicit\u00e9, sa fra\u00eecheur, et une certaine forme de minimalisme assum\u00e9, dans un march\u00e9 o\u00f9 l\u2019authenticit\u00e9 se cherche souvent [&hellip;]<\/p>\n","protected":false},"author":46,"featured_media":10977,"comment_status":"closed","ping_status":"closed","sticky":false,"template":"","format":"standard","meta":{"_acf_changed":false,"inline_featured_image":false,"footnotes":""},"categories":[1,75,60,27],"tags":[],"class_list":{"0":"post-10974","1":"post","2":"type-post","3":"status-publish","4":"format-standard","5":"has-post-thumbnail","7":"category-actualite","8":"category-entreprise","9":"category-lifestyle","10":"category-societe"},"acf":[],"_yoast_wpseo_title":null,"_yoast_wpseo_metadesc":"Avec Audas, la Brasserie Val-Dieu surprend en lan\u00e7ant une pils artisanale, l\u00e9g\u00e8re, am\u00e8re et innovante, dans un march\u00e9 en pleine mutation. Pari audacieux et local.","auteur_traducteur":"","yoast_head":"<!-- This site is optimized with the Yoast SEO plugin v27.4 - https:\/\/yoast.com\/product\/yoast-seo-wordpress\/ -->\n<title>Avec l\u2019Audas, Val-Dieu veut r\u00e9volutionner le march\u00e9 de la pils | Forbes Belgique<\/title>\n<meta name=\"description\" content=\"Avec Audas, la Brasserie Val-Dieu surprend en lan\u00e7ant une pils artisanale, l\u00e9g\u00e8re, am\u00e8re et innovante, dans un march\u00e9 en pleine mutation. Pari audacieux et local.\" \/>\n<meta name=\"robots\" content=\"index, follow, max-snippet:-1, max-image-preview:large, max-video-preview:-1\" \/>\n<link rel=\"canonical\" href=\"https:\/\/www.forbes.be\/fr\/avec-laudas-val-dieu-veut-revolutionner-le-marche-de-la-pils\/\" \/>\n<meta property=\"og:locale\" content=\"fr_FR\" \/>\n<meta property=\"og:type\" content=\"article\" \/>\n<meta property=\"og:title\" content=\"Avec l\u2019Audas, Val-Dieu veut r\u00e9volutionner le march\u00e9 de la pils | Forbes Belgique\" \/>\n<meta property=\"og:description\" content=\"Avec Audas, la Brasserie Val-Dieu surprend en lan\u00e7ant une pils artisanale, l\u00e9g\u00e8re, am\u00e8re et innovante, dans un march\u00e9 en pleine mutation. Pari audacieux et local.\" \/>\n<meta property=\"og:url\" content=\"https:\/\/www.forbes.be\/fr\/avec-laudas-val-dieu-veut-revolutionner-le-marche-de-la-pils\/\" \/>\n<meta property=\"og:site_name\" content=\"Forbes Belgique\" \/>\n<meta property=\"article:publisher\" content=\"https:\/\/www.facebook.com\/forbesbelgique\/\" \/>\n<meta property=\"article:published_time\" content=\"2025-06-20T10:19:37+00:00\" \/>\n<meta property=\"article:modified_time\" content=\"2025-06-20T10:45:05+00:00\" \/>\n<meta property=\"og:image\" content=\"https:\/\/www.forbes.be\/fr\/wp-content\/uploads\/2025\/06\/250425-vlad-vdk-audas-mooviz-0017-vdk4089-scaled.jpg\" \/>\n\t<meta property=\"og:image:width\" content=\"2560\" \/>\n\t<meta property=\"og:image:height\" content=\"1920\" \/>\n\t<meta property=\"og:image:type\" content=\"image\/jpeg\" \/>\n<meta name=\"author\" content=\"Demetrio Scagliola\" \/>\n<meta name=\"twitter:card\" content=\"summary_large_image\" \/>\n<meta name=\"twitter:label1\" content=\"\u00c9crit par\" \/>\n\t<meta name=\"twitter:data1\" content=\"Demetrio Scagliola\" \/>\n\t<meta name=\"twitter:label2\" content=\"Dur\u00e9e de lecture estim\u00e9e\" \/>\n\t<meta name=\"twitter:data2\" content=\"6 minutes\" \/>\n<script type=\"application\/ld+json\" class=\"yoast-schema-graph\">{\"@context\":\"https:\\\/\\\/schema.org\",\"@graph\":[{\"@type\":\"NewsArticle\",\"@id\":\"https:\\\/\\\/www.forbes.be\\\/fr\\\/avec-laudas-val-dieu-veut-revolutionner-le-marche-de-la-pils\\\/#article\",\"isPartOf\":{\"@id\":\"https:\\\/\\\/www.forbes.be\\\/fr\\\/avec-laudas-val-dieu-veut-revolutionner-le-marche-de-la-pils\\\/\"},\"author\":{\"name\":\"Demetrio Scagliola\",\"@id\":\"https:\\\/\\\/www.forbes.be\\\/fr\\\/#\\\/schema\\\/person\\\/c3a4e3b397a1f526ce7b310355f9f037\"},\"headline\":\"Avec l\u2019Audas, Val-Dieu veut r\u00e9volutionner le march\u00e9 de la pils\",\"datePublished\":\"2025-06-20T10:19:37+00:00\",\"dateModified\":\"2025-06-20T10:45:05+00:00\",\"mainEntityOfPage\":{\"@id\":\"https:\\\/\\\/www.forbes.be\\\/fr\\\/avec-laudas-val-dieu-veut-revolutionner-le-marche-de-la-pils\\\/\"},\"wordCount\":1010,\"publisher\":{\"@id\":\"https:\\\/\\\/www.forbes.be\\\/fr\\\/#organization\"},\"image\":{\"@id\":\"https:\\\/\\\/www.forbes.be\\\/fr\\\/avec-laudas-val-dieu-veut-revolutionner-le-marche-de-la-pils\\\/#primaryimage\"},\"thumbnailUrl\":\"https:\\\/\\\/www.forbes.be\\\/fr\\\/wp-content\\\/uploads\\\/2025\\\/06\\\/250425-vlad-vdk-audas-mooviz-0017-vdk4089-scaled.jpg\",\"articleSection\":[\"Actualit\u00e9s\",\"Entreprise\",\"Lifestyle\",\"Soci\u00e9t\u00e9\"],\"inLanguage\":\"fr-FR\"},{\"@type\":\"WebPage\",\"@id\":\"https:\\\/\\\/www.forbes.be\\\/fr\\\/avec-laudas-val-dieu-veut-revolutionner-le-marche-de-la-pils\\\/\",\"url\":\"https:\\\/\\\/www.forbes.be\\\/fr\\\/avec-laudas-val-dieu-veut-revolutionner-le-marche-de-la-pils\\\/\",\"name\":\"Avec l\u2019Audas, Val-Dieu veut r\u00e9volutionner le march\u00e9 de la pils | Forbes Belgique\",\"isPartOf\":{\"@id\":\"https:\\\/\\\/www.forbes.be\\\/fr\\\/#website\"},\"primaryImageOfPage\":{\"@id\":\"https:\\\/\\\/www.forbes.be\\\/fr\\\/avec-laudas-val-dieu-veut-revolutionner-le-marche-de-la-pils\\\/#primaryimage\"},\"image\":{\"@id\":\"https:\\\/\\\/www.forbes.be\\\/fr\\\/avec-laudas-val-dieu-veut-revolutionner-le-marche-de-la-pils\\\/#primaryimage\"},\"thumbnailUrl\":\"https:\\\/\\\/www.forbes.be\\\/fr\\\/wp-content\\\/uploads\\\/2025\\\/06\\\/250425-vlad-vdk-audas-mooviz-0017-vdk4089-scaled.jpg\",\"datePublished\":\"2025-06-20T10:19:37+00:00\",\"dateModified\":\"2025-06-20T10:45:05+00:00\",\"description\":\"Avec Audas, la Brasserie Val-Dieu surprend en lan\u00e7ant une pils artisanale, l\u00e9g\u00e8re, am\u00e8re et innovante, dans un march\u00e9 en pleine mutation. Pari audacieux et local.\",\"breadcrumb\":{\"@id\":\"https:\\\/\\\/www.forbes.be\\\/fr\\\/avec-laudas-val-dieu-veut-revolutionner-le-marche-de-la-pils\\\/#breadcrumb\"},\"inLanguage\":\"fr-FR\",\"potentialAction\":[{\"@type\":\"ReadAction\",\"target\":[\"https:\\\/\\\/www.forbes.be\\\/fr\\\/avec-laudas-val-dieu-veut-revolutionner-le-marche-de-la-pils\\\/\"]}]},{\"@type\":\"ImageObject\",\"inLanguage\":\"fr-FR\",\"@id\":\"https:\\\/\\\/www.forbes.be\\\/fr\\\/avec-laudas-val-dieu-veut-revolutionner-le-marche-de-la-pils\\\/#primaryimage\",\"url\":\"https:\\\/\\\/www.forbes.be\\\/fr\\\/wp-content\\\/uploads\\\/2025\\\/06\\\/250425-vlad-vdk-audas-mooviz-0017-vdk4089-scaled.jpg\",\"contentUrl\":\"https:\\\/\\\/www.forbes.be\\\/fr\\\/wp-content\\\/uploads\\\/2025\\\/06\\\/250425-vlad-vdk-audas-mooviz-0017-vdk4089-scaled.jpg\",\"width\":2560,\"height\":1920,\"caption\":\"\u00a9 Vlad VDK\"},{\"@type\":\"BreadcrumbList\",\"@id\":\"https:\\\/\\\/www.forbes.be\\\/fr\\\/avec-laudas-val-dieu-veut-revolutionner-le-marche-de-la-pils\\\/#breadcrumb\",\"itemListElement\":[{\"@type\":\"ListItem\",\"position\":1,\"name\":\"Accueil\",\"item\":\"https:\\\/\\\/www.forbes.be\\\/fr\\\/\"},{\"@type\":\"ListItem\",\"position\":2,\"name\":\"Avec l\u2019Audas, Val-Dieu veut r\u00e9volutionner le march\u00e9 de la pils\"}]},{\"@type\":\"WebSite\",\"@id\":\"https:\\\/\\\/www.forbes.be\\\/fr\\\/#website\",\"url\":\"https:\\\/\\\/www.forbes.be\\\/fr\\\/\",\"name\":\"Forbes Belgique\",\"description\":\"\",\"publisher\":{\"@id\":\"https:\\\/\\\/www.forbes.be\\\/fr\\\/#organization\"},\"potentialAction\":[{\"@type\":\"SearchAction\",\"target\":{\"@type\":\"EntryPoint\",\"urlTemplate\":\"https:\\\/\\\/www.forbes.be\\\/fr\\\/?s={search_term_string}\"},\"query-input\":{\"@type\":\"PropertyValueSpecification\",\"valueRequired\":true,\"valueName\":\"search_term_string\"}}],\"inLanguage\":\"fr-FR\"},{\"@type\":\"Organization\",\"@id\":\"https:\\\/\\\/www.forbes.be\\\/fr\\\/#organization\",\"name\":\"Forbes Belgique\",\"url\":\"https:\\\/\\\/www.forbes.be\\\/fr\\\/\",\"logo\":{\"@type\":\"ImageObject\",\"inLanguage\":\"fr-FR\",\"@id\":\"https:\\\/\\\/www.forbes.be\\\/fr\\\/#\\\/schema\\\/logo\\\/image\\\/\",\"url\":\"https:\\\/\\\/www.forbes.be\\\/fr\\\/wp-content\\\/uploads\\\/2024\\\/02\\\/forbes.be_.png\",\"contentUrl\":\"https:\\\/\\\/www.forbes.be\\\/fr\\\/wp-content\\\/uploads\\\/2024\\\/02\\\/forbes.be_.png\",\"width\":1200,\"height\":675,\"caption\":\"Forbes Belgique\"},\"image\":{\"@id\":\"https:\\\/\\\/www.forbes.be\\\/fr\\\/#\\\/schema\\\/logo\\\/image\\\/\"},\"sameAs\":[\"https:\\\/\\\/www.facebook.com\\\/forbesbelgique\\\/\",\"https:\\\/\\\/www.instagram.com\\\/Forbes_Belgium\",\"https:\\\/\\\/www.linkedin.com\\\/company\\\/forbes-belgium\\\/\"]},{\"@type\":\"Person\",\"@id\":\"https:\\\/\\\/www.forbes.be\\\/fr\\\/#\\\/schema\\\/person\\\/c3a4e3b397a1f526ce7b310355f9f037\",\"name\":\"Demetrio Scagliola\",\"image\":{\"@type\":\"ImageObject\",\"inLanguage\":\"fr-FR\",\"@id\":\"https:\\\/\\\/secure.gravatar.com\\\/avatar\\\/232582365ad68ea54815b307423ac8533cd4a8567f6856361d06fe18e55bd62d?s=96&d=mm&r=g\",\"url\":\"https:\\\/\\\/secure.gravatar.com\\\/avatar\\\/232582365ad68ea54815b307423ac8533cd4a8567f6856361d06fe18e55bd62d?s=96&d=mm&r=g\",\"contentUrl\":\"https:\\\/\\\/secure.gravatar.com\\\/avatar\\\/232582365ad68ea54815b307423ac8533cd4a8567f6856361d06fe18e55bd62d?s=96&d=mm&r=g\",\"caption\":\"Demetrio Scagliola\"},\"url\":\"https:\\\/\\\/www.forbes.be\\\/fr\\\/author\\\/demetrioscagliola\\\/\"}]}<\/script>\n<!-- \/ Yoast SEO plugin. -->","yoast_head_json":{"title":"Avec l\u2019Audas, Val-Dieu veut r\u00e9volutionner le march\u00e9 de la pils | Forbes Belgique","description":"Avec Audas, la Brasserie Val-Dieu surprend en lan\u00e7ant une pils artisanale, l\u00e9g\u00e8re, am\u00e8re et innovante, dans un march\u00e9 en pleine mutation. Pari audacieux et local.","robots":{"index":"index","follow":"follow","max-snippet":"max-snippet:-1","max-image-preview":"max-image-preview:large","max-video-preview":"max-video-preview:-1"},"canonical":"https:\/\/www.forbes.be\/fr\/avec-laudas-val-dieu-veut-revolutionner-le-marche-de-la-pils\/","og_locale":"fr_FR","og_type":"article","og_title":"Avec l\u2019Audas, Val-Dieu veut r\u00e9volutionner le march\u00e9 de la pils | Forbes Belgique","og_description":"Avec Audas, la Brasserie Val-Dieu surprend en lan\u00e7ant une pils artisanale, l\u00e9g\u00e8re, am\u00e8re et innovante, dans un march\u00e9 en pleine mutation. Pari audacieux et local.","og_url":"https:\/\/www.forbes.be\/fr\/avec-laudas-val-dieu-veut-revolutionner-le-marche-de-la-pils\/","og_site_name":"Forbes Belgique","article_publisher":"https:\/\/www.facebook.com\/forbesbelgique\/","article_published_time":"2025-06-20T10:19:37+00:00","article_modified_time":"2025-06-20T10:45:05+00:00","og_image":[{"width":2560,"height":1920,"url":"https:\/\/www.forbes.be\/fr\/wp-content\/uploads\/2025\/06\/250425-vlad-vdk-audas-mooviz-0017-vdk4089-scaled.jpg","type":"image\/jpeg"}],"author":"Demetrio Scagliola","twitter_card":"summary_large_image","twitter_misc":{"\u00c9crit par":"Demetrio Scagliola","Dur\u00e9e de lecture estim\u00e9e":"6 minutes"},"schema":{"@context":"https:\/\/schema.org","@graph":[{"@type":"NewsArticle","@id":"https:\/\/www.forbes.be\/fr\/avec-laudas-val-dieu-veut-revolutionner-le-marche-de-la-pils\/#article","isPartOf":{"@id":"https:\/\/www.forbes.be\/fr\/avec-laudas-val-dieu-veut-revolutionner-le-marche-de-la-pils\/"},"author":{"name":"Demetrio Scagliola","@id":"https:\/\/www.forbes.be\/fr\/#\/schema\/person\/c3a4e3b397a1f526ce7b310355f9f037"},"headline":"Avec l\u2019Audas, Val-Dieu veut r\u00e9volutionner le march\u00e9 de la pils","datePublished":"2025-06-20T10:19:37+00:00","dateModified":"2025-06-20T10:45:05+00:00","mainEntityOfPage":{"@id":"https:\/\/www.forbes.be\/fr\/avec-laudas-val-dieu-veut-revolutionner-le-marche-de-la-pils\/"},"wordCount":1010,"publisher":{"@id":"https:\/\/www.forbes.be\/fr\/#organization"},"image":{"@id":"https:\/\/www.forbes.be\/fr\/avec-laudas-val-dieu-veut-revolutionner-le-marche-de-la-pils\/#primaryimage"},"thumbnailUrl":"https:\/\/www.forbes.be\/fr\/wp-content\/uploads\/2025\/06\/250425-vlad-vdk-audas-mooviz-0017-vdk4089-scaled.jpg","articleSection":["Actualit\u00e9s","Entreprise","Lifestyle","Soci\u00e9t\u00e9"],"inLanguage":"fr-FR"},{"@type":"WebPage","@id":"https:\/\/www.forbes.be\/fr\/avec-laudas-val-dieu-veut-revolutionner-le-marche-de-la-pils\/","url":"https:\/\/www.forbes.be\/fr\/avec-laudas-val-dieu-veut-revolutionner-le-marche-de-la-pils\/","name":"Avec l\u2019Audas, Val-Dieu veut r\u00e9volutionner le march\u00e9 de la pils | Forbes Belgique","isPartOf":{"@id":"https:\/\/www.forbes.be\/fr\/#website"},"primaryImageOfPage":{"@id":"https:\/\/www.forbes.be\/fr\/avec-laudas-val-dieu-veut-revolutionner-le-marche-de-la-pils\/#primaryimage"},"image":{"@id":"https:\/\/www.forbes.be\/fr\/avec-laudas-val-dieu-veut-revolutionner-le-marche-de-la-pils\/#primaryimage"},"thumbnailUrl":"https:\/\/www.forbes.be\/fr\/wp-content\/uploads\/2025\/06\/250425-vlad-vdk-audas-mooviz-0017-vdk4089-scaled.jpg","datePublished":"2025-06-20T10:19:37+00:00","dateModified":"2025-06-20T10:45:05+00:00","description":"Avec Audas, la Brasserie Val-Dieu surprend en lan\u00e7ant une pils artisanale, l\u00e9g\u00e8re, am\u00e8re et innovante, dans un march\u00e9 en pleine mutation. Pari audacieux et local.","breadcrumb":{"@id":"https:\/\/www.forbes.be\/fr\/avec-laudas-val-dieu-veut-revolutionner-le-marche-de-la-pils\/#breadcrumb"},"inLanguage":"fr-FR","potentialAction":[{"@type":"ReadAction","target":["https:\/\/www.forbes.be\/fr\/avec-laudas-val-dieu-veut-revolutionner-le-marche-de-la-pils\/"]}]},{"@type":"ImageObject","inLanguage":"fr-FR","@id":"https:\/\/www.forbes.be\/fr\/avec-laudas-val-dieu-veut-revolutionner-le-marche-de-la-pils\/#primaryimage","url":"https:\/\/www.forbes.be\/fr\/wp-content\/uploads\/2025\/06\/250425-vlad-vdk-audas-mooviz-0017-vdk4089-scaled.jpg","contentUrl":"https:\/\/www.forbes.be\/fr\/wp-content\/uploads\/2025\/06\/250425-vlad-vdk-audas-mooviz-0017-vdk4089-scaled.jpg","width":2560,"height":1920,"caption":"\u00a9 Vlad VDK"},{"@type":"BreadcrumbList","@id":"https:\/\/www.forbes.be\/fr\/avec-laudas-val-dieu-veut-revolutionner-le-marche-de-la-pils\/#breadcrumb","itemListElement":[{"@type":"ListItem","position":1,"name":"Accueil","item":"https:\/\/www.forbes.be\/fr\/"},{"@type":"ListItem","position":2,"name":"Avec l\u2019Audas, Val-Dieu veut r\u00e9volutionner le march\u00e9 de la pils"}]},{"@type":"WebSite","@id":"https:\/\/www.forbes.be\/fr\/#website","url":"https:\/\/www.forbes.be\/fr\/","name":"Forbes Belgique","description":"","publisher":{"@id":"https:\/\/www.forbes.be\/fr\/#organization"},"potentialAction":[{"@type":"SearchAction","target":{"@type":"EntryPoint","urlTemplate":"https:\/\/www.forbes.be\/fr\/?s={search_term_string}"},"query-input":{"@type":"PropertyValueSpecification","valueRequired":true,"valueName":"search_term_string"}}],"inLanguage":"fr-FR"},{"@type":"Organization","@id":"https:\/\/www.forbes.be\/fr\/#organization","name":"Forbes Belgique","url":"https:\/\/www.forbes.be\/fr\/","logo":{"@type":"ImageObject","inLanguage":"fr-FR","@id":"https:\/\/www.forbes.be\/fr\/#\/schema\/logo\/image\/","url":"https:\/\/www.forbes.be\/fr\/wp-content\/uploads\/2024\/02\/forbes.be_.png","contentUrl":"https:\/\/www.forbes.be\/fr\/wp-content\/uploads\/2024\/02\/forbes.be_.png","width":1200,"height":675,"caption":"Forbes Belgique"},"image":{"@id":"https:\/\/www.forbes.be\/fr\/#\/schema\/logo\/image\/"},"sameAs":["https:\/\/www.facebook.com\/forbesbelgique\/","https:\/\/www.instagram.com\/Forbes_Belgium","https:\/\/www.linkedin.com\/company\/forbes-belgium\/"]},{"@type":"Person","@id":"https:\/\/www.forbes.be\/fr\/#\/schema\/person\/c3a4e3b397a1f526ce7b310355f9f037","name":"Demetrio Scagliola","image":{"@type":"ImageObject","inLanguage":"fr-FR","@id":"https:\/\/secure.gravatar.com\/avatar\/232582365ad68ea54815b307423ac8533cd4a8567f6856361d06fe18e55bd62d?s=96&d=mm&r=g","url":"https:\/\/secure.gravatar.com\/avatar\/232582365ad68ea54815b307423ac8533cd4a8567f6856361d06fe18e55bd62d?s=96&d=mm&r=g","contentUrl":"https:\/\/secure.gravatar.com\/avatar\/232582365ad68ea54815b307423ac8533cd4a8567f6856361d06fe18e55bd62d?s=96&d=mm&r=g","caption":"Demetrio Scagliola"},"url":"https:\/\/www.forbes.be\/fr\/author\/demetrioscagliola\/"}]}},"_links":{"self":[{"href":"https:\/\/www.forbes.be\/fr\/wp-json\/wp\/v2\/posts\/10974","targetHints":{"allow":["GET"]}}],"collection":[{"href":"https:\/\/www.forbes.be\/fr\/wp-json\/wp\/v2\/posts"}],"about":[{"href":"https:\/\/www.forbes.be\/fr\/wp-json\/wp\/v2\/types\/post"}],"author":[{"embeddable":true,"href":"https:\/\/www.forbes.be\/fr\/wp-json\/wp\/v2\/users\/46"}],"replies":[{"embeddable":true,"href":"https:\/\/www.forbes.be\/fr\/wp-json\/wp\/v2\/comments?post=10974"}],"version-history":[{"count":2,"href":"https:\/\/www.forbes.be\/fr\/wp-json\/wp\/v2\/posts\/10974\/revisions"}],"predecessor-version":[{"id":10980,"href":"https:\/\/www.forbes.be\/fr\/wp-json\/wp\/v2\/posts\/10974\/revisions\/10980"}],"wp:featuredmedia":[{"embeddable":true,"href":"https:\/\/www.forbes.be\/fr\/wp-json\/wp\/v2\/media\/10977"}],"wp:attachment":[{"href":"https:\/\/www.forbes.be\/fr\/wp-json\/wp\/v2\/media?parent=10974"}],"wp:term":[{"taxonomy":"category","embeddable":true,"href":"https:\/\/www.forbes.be\/fr\/wp-json\/wp\/v2\/categories?post=10974"},{"taxonomy":"post_tag","embeddable":true,"href":"https:\/\/www.forbes.be\/fr\/wp-json\/wp\/v2\/tags?post=10974"}],"curies":[{"name":"wp","href":"https:\/\/api.w.org\/{rel}","templated":true}]}}