{"id":10987,"date":"2025-06-23T14:59:01","date_gmt":"2025-06-23T12:59:01","guid":{"rendered":"https:\/\/www.forbes.be\/fr\/?p=10987"},"modified":"2025-06-23T14:59:01","modified_gmt":"2025-06-23T12:59:01","slug":"le-secteur-belge-de-la-defense-en-plein-envol-au-salon-du-bourget","status":"publish","type":"post","link":"https:\/\/www.forbes.be\/fr\/le-secteur-belge-de-la-defense-en-plein-envol-au-salon-du-bourget\/","title":{"rendered":"Le secteur belge de la d\u00e9fense en plein envol au Salon du Bourget"},"content":{"rendered":"<p><strong>Le <a href=\"https:\/\/www.siae.fr\/\">Salon du Bourget<\/a>, officiellement connu comme le Salon international de l&rsquo;a\u00e9ronautique et de l&rsquo;espace, ferait bien de changer de nom&#8230; et d&rsquo;y ajouter le mot d\u00e9fense. Jamais auparavant, ce secteur n&rsquo;avait \u00e9t\u00e9 aussi omnipr\u00e9sent lors de cet \u00e9v\u00e9nement biennal, organis\u00e9 en banlieue parisienne. Et les entreprises belges qui y avaient fait le d\u00e9placement en ont bien compris l&rsquo;int\u00e9r\u00eat, multipliant les contrats et partenariats.<\/strong><\/p>\n<p>Avions de chasse, drones, missiles sol-air et autres technologies de d\u00e9fense, il y en avait pour tous les go\u00fbts au Bourget durant ce salon. Sans oublier les d\u00e9monstrations en vol des h\u00e9licopt\u00e8res, des gros porteurs militaires et des Rafale, F-35 et autres Eurofighter Typhoon. Il se raconte que quelques fen\u00eatres ont m\u00eame c\u00e9d\u00e9 sous l&rsquo;ampleur des vibrations dues au moteurs surpuissants de ces chasseurs&#8230;<\/p>\n<p>L&rsquo;\u00e9v\u00e9nement a accueilli, durant une semaine, plus de 2.400 exposants issus de 48 pays sur un site \u00e9quivalent \u00e0 100 terrains de football. Parmi ces exposants, la Belgique \u00e9tait le 4e pays au stand le plus grand. C&rsquo;est dire si le Salon du Bourget est d&rsquo;importance pour le march\u00e9 a\u00e9ronautique, spatial et de la d\u00e9fense belge!<\/p>\n<p>Sous l&rsquo;\u00e9gide de l&rsquo;<a href=\"https:\/\/www.awex.be\/\">Agence wallonne aux exportations et aux investissements \u00e9trangers<\/a> (Awex) et de <a href=\"https:\/\/corporate.flandersinvestmentandtrade.com\/en\">Flanders Investment &amp; Trade<\/a> (FIT), plus de 80 entreprises avaient fait le d\u00e9placement. Et pas des moindres: <a href=\"https:\/\/www.sabca.be\/\">Sabca<\/a>, <a href=\"https:\/\/www.sabena-engineering.com\/\">Sabena Engineering<\/a>, <a href=\"https:\/\/www.amos.be\/\">Amos<\/a> (<a href=\"https:\/\/www.aerospacelab.com\/\">Aerospacelab<\/a>), <a href=\"https:\/\/www.coexpair.com\/\">Coexpair<\/a>, <a href=\"https:\/\/fnherstal.com\/en\/\">FN Herstal<\/a>, <a href=\"https:\/\/www.safran-group.com\/fr\/societes\/safran-aero-boosters\">Safran Aero Boosters<\/a>, <a href=\"https:\/\/www.sonaca.com\/fr\/\">Sonaca<\/a>, <a href=\"https:\/\/www.thalesgroup.com\/en\/countries\/europe\/thales-belgium\">Thales<\/a>, <a href=\"https:\/\/www.thalesaleniaspace.com\/fr\">Thales Alenia Space Belgium,<\/a> <a href=\"https:\/\/johncockerill.com\/fr\/\">John Cockerill<\/a> ou encore <a href=\"https:\/\/www.syensqo.com\/en\/\">Syensqo<\/a>. Sans compter les multiples PME qui soutiennent pour la plupart ces grands acteurs.<\/p>\n<p>L&rsquo;a\u00e9ronautique est l&rsquo;un des piliers de l&rsquo;\u00e9conomie wallonne et cela s&rsquo;est ressenti sur place, puisque pr\u00e8s de trois quarts des exposants belges venaient du sud du pays. Comme l&rsquo;y soulignait le ministre-pr\u00e9sident wallon <a href=\"https:\/\/www.linkedin.com\/in\/adrien-dolimont-phd-768b4b47\">Adrien Dolimont<\/a>, des 12.000 emplois indirects g\u00e9n\u00e9r\u00e9s par cette industrie, 9.000 sont situ\u00e9s en Wallonie. Plus de la moiti\u00e9 des 80 entreprises belges du secteur y sont install\u00e9es, pour 4.000 emplois directs. Le chiffre d&rsquo;affaires belge du secteur de la d\u00e9fense est de 2 milliards d&rsquo;euros, dont 1,8 milliard rien que pour le sud du pays.<\/p>\n<p>Parmi les contrats sign\u00e9s, on peut citer la FN Herstal qui s&rsquo;est associ\u00e9e au groupe fran\u00e7ais <a href=\"https:\/\/eurenco.com\/fr\/\">Eurenco<\/a> pour s&rsquo;assurer, sur le long terme, de la fourniture de poudres de haute performance pour munitions de petit calibre. Safran Aero Boosters, filiale du groupe fran\u00e7ais Safran, testera, elle, prochainement la nouvelle g\u00e9n\u00e9ration de moteurs qu&rsquo;elle a d\u00e9velopp\u00e9e. Cela se fera \u00e0 Milmort, pr\u00e8s de Li\u00e8ge, chez <a href=\"https:\/\/becover.eu\/\">BeCover,<\/a> un banc d&rsquo;essais a\u00e9rodynamiques dans lequel elle a co-investi.<\/p>\n<p>Toujours dans le bassin li\u00e9geois, <a href=\"https:\/\/mpp.be\/\">MPP<\/a>, situ\u00e9e \u00e0 Herstal et sp\u00e9cialis\u00e9e dans le contr\u00f4le des pi\u00e8ces pour les secteurs a\u00e9ronautique, spatial et la d\u00e9fense, a annonc\u00e9 qu&rsquo;elle s&rsquo;implantait d\u00e9sormais au Canada. Dans ses clients, on retrouve tous les grands noms belges de l&rsquo;a\u00e9ronautique et de la d\u00e9fense et quelques grands acteurs internationaux.<\/p>\n<p>La division belge de Thales Alenia Space, bas\u00e9e \u00e0 Charleroi, va, pour sa part, continuer \u00e0 \u00e9quiper les fus\u00e9es Ariane 6 de syst\u00e8mes de sauvegarde, dont le r\u00f4le est de d\u00e9truire le lanceur en cas de soucis de trajectoire et d&rsquo;\u00e9viter des retomb\u00e9es de d\u00e9bris au sol.<\/p>\n<div class=\"html-preview ng-binding\">C\u00f4t\u00e9 flamand, le groupe <a href=\"https:\/\/euramec.com\/\">Euramec<\/a> se lance d\u00e9sormais sur le march\u00e9 indien avec ses simulateurs de vol, en plus d&rsquo;un accord conclu avec un partenaire britannique.<\/div>\n<div><\/div>\n<p>Le long de la fronti\u00e8re linguistique, la soci\u00e9t\u00e9 mouscronnoise <a href=\"https:\/\/www.feronyl.com\/fr\/injection-des-plastiques\">Feronyl<\/a> poursuivra, elle, sa coop\u00e9ration durant dix ans avec Lockheed Martin, le fabricant du F-35. Sp\u00e9cialis\u00e9e dans les composites avanc\u00e9s \u00e0 utiliser sur des surfaces \u00e0 tr\u00e8s haute temp\u00e9rature, elle pourrait fournir des pi\u00e8ces de tr\u00e8s haute technologie pour les avions de chasse suppl\u00e9mentaires que la Belgique pourrait acheter prochainement.<\/p>\n<p>Le sujet des F-35 est d&rsquo;ailleurs revenu dans de nombreuses discussions belgo-belges dans les all\u00e9es du Bourget, le ministre de la D\u00e9fense Theo Francken ne manquant pas de s&rsquo;y positionner et d&rsquo;insister sur la n\u00e9cessit\u00e9 d&rsquo;en acqu\u00e9rir quelques-uns de plus (on parle de 21) que les 34 qu&rsquo;avaient achet\u00e9s le gouvernement f\u00e9d\u00e9ral en 2018. Une d\u00e9cision est attendue tr\u00e8s prochainement, le prochain sommet de l&rsquo;Otan, \u00e0 La Haye (Pays-Bas) \u00e9tant pr\u00e9vu dans quelques jours \u00e0 peine.<\/p>\n","protected":false},"excerpt":{"rendered":"<p>Le Salon du Bourget, officiellement connu comme le Salon international de l&rsquo;a\u00e9ronautique et de l&rsquo;espace, ferait bien de changer de nom&#8230; et d&rsquo;y ajouter le mot d\u00e9fense. Jamais auparavant, ce secteur n&rsquo;avait \u00e9t\u00e9 aussi omnipr\u00e9sent lors de cet \u00e9v\u00e9nement biennal, organis\u00e9 en banlieue parisienne. Et les entreprises belges qui y avaient fait le d\u00e9placement en [&hellip;]<\/p>\n","protected":false},"author":37,"featured_media":11017,"comment_status":"closed","ping_status":"closed","sticky":false,"template":"","format":"standard","meta":{"_acf_changed":false,"inline_featured_image":false,"footnotes":""},"categories":[1,30,14,31],"tags":[],"class_list":{"0":"post-10987","1":"post","2":"type-post","3":"status-publish","4":"format-standard","5":"has-post-thumbnail","7":"category-actualite","8":"category-commerce","9":"category-innovation","10":"category-politique"},"acf":[],"_yoast_wpseo_title":null,"_yoast_wpseo_metadesc":"Les entreprises belges des secteurs de l'a\u00e9ronautique et de la d\u00e9fense ont tir\u00e9 profit du Salon du Bourget pour signer des contrats.","auteur_traducteur":"","yoast_head":"<!-- This site is optimized with the Yoast SEO plugin v27.4 - https:\/\/yoast.com\/product\/yoast-seo-wordpress\/ -->\n<title>Le secteur belge de la d\u00e9fense en plein envol au Salon du Bourget | Forbes Belgique<\/title>\n<meta name=\"description\" content=\"Les entreprises belges des secteurs de l&#039;a\u00e9ronautique et de la d\u00e9fense ont tir\u00e9 profit du Salon du Bourget pour signer des contrats.\" \/>\n<meta name=\"robots\" content=\"index, follow, max-snippet:-1, max-image-preview:large, max-video-preview:-1\" \/>\n<link rel=\"canonical\" href=\"https:\/\/www.forbes.be\/fr\/le-secteur-belge-de-la-defense-en-plein-envol-au-salon-du-bourget\/\" \/>\n<meta property=\"og:locale\" content=\"fr_FR\" \/>\n<meta property=\"og:type\" content=\"article\" \/>\n<meta property=\"og:title\" content=\"Le secteur belge de la d\u00e9fense en plein envol au Salon du Bourget | Forbes Belgique\" \/>\n<meta property=\"og:description\" content=\"Les entreprises belges des secteurs de l&#039;a\u00e9ronautique et de la d\u00e9fense ont tir\u00e9 profit du Salon du Bourget pour signer des contrats.\" \/>\n<meta property=\"og:url\" content=\"https:\/\/www.forbes.be\/fr\/le-secteur-belge-de-la-defense-en-plein-envol-au-salon-du-bourget\/\" \/>\n<meta property=\"og:site_name\" content=\"Forbes Belgique\" \/>\n<meta property=\"article:publisher\" content=\"https:\/\/www.facebook.com\/forbesbelgique\/\" \/>\n<meta property=\"article:published_time\" content=\"2025-06-23T12:59:01+00:00\" \/>\n<meta property=\"og:image\" content=\"https:\/\/www.forbes.be\/fr\/wp-content\/uploads\/2025\/06\/adobestock-485351687-editorial-use-only-scaled.jpeg\" \/>\n\t<meta property=\"og:image:width\" content=\"2560\" \/>\n\t<meta property=\"og:image:height\" content=\"1446\" \/>\n\t<meta property=\"og:image:type\" content=\"image\/jpeg\" \/>\n<meta name=\"author\" content=\"Juan Godbille\" \/>\n<meta name=\"twitter:card\" content=\"summary_large_image\" \/>\n<meta name=\"twitter:label1\" content=\"\u00c9crit par\" \/>\n\t<meta name=\"twitter:data1\" content=\"Juan Godbille\" \/>\n\t<meta name=\"twitter:label2\" content=\"Dur\u00e9e de lecture estim\u00e9e\" \/>\n\t<meta name=\"twitter:data2\" content=\"4 minutes\" \/>\n<script type=\"application\/ld+json\" class=\"yoast-schema-graph\">{\"@context\":\"https:\\\/\\\/schema.org\",\"@graph\":[{\"@type\":\"NewsArticle\",\"@id\":\"https:\\\/\\\/www.forbes.be\\\/fr\\\/le-secteur-belge-de-la-defense-en-plein-envol-au-salon-du-bourget\\\/#article\",\"isPartOf\":{\"@id\":\"https:\\\/\\\/www.forbes.be\\\/fr\\\/le-secteur-belge-de-la-defense-en-plein-envol-au-salon-du-bourget\\\/\"},\"author\":{\"name\":\"Juan Godbille\",\"@id\":\"https:\\\/\\\/www.forbes.be\\\/fr\\\/#\\\/schema\\\/person\\\/0d449791ef6199da3d469eca714eb773\"},\"headline\":\"Le secteur belge de la d\u00e9fense en plein envol au Salon du Bourget\",\"datePublished\":\"2025-06-23T12:59:01+00:00\",\"mainEntityOfPage\":{\"@id\":\"https:\\\/\\\/www.forbes.be\\\/fr\\\/le-secteur-belge-de-la-defense-en-plein-envol-au-salon-du-bourget\\\/\"},\"wordCount\":748,\"publisher\":{\"@id\":\"https:\\\/\\\/www.forbes.be\\\/fr\\\/#organization\"},\"image\":{\"@id\":\"https:\\\/\\\/www.forbes.be\\\/fr\\\/le-secteur-belge-de-la-defense-en-plein-envol-au-salon-du-bourget\\\/#primaryimage\"},\"thumbnailUrl\":\"https:\\\/\\\/www.forbes.be\\\/fr\\\/wp-content\\\/uploads\\\/2025\\\/06\\\/adobestock-485351687-editorial-use-only-scaled-e1750858165919.jpeg\",\"articleSection\":[\"Actualit\u00e9s\",\"Commerce\",\"Innovation\",\"Politique\"],\"inLanguage\":\"fr-FR\"},{\"@type\":\"WebPage\",\"@id\":\"https:\\\/\\\/www.forbes.be\\\/fr\\\/le-secteur-belge-de-la-defense-en-plein-envol-au-salon-du-bourget\\\/\",\"url\":\"https:\\\/\\\/www.forbes.be\\\/fr\\\/le-secteur-belge-de-la-defense-en-plein-envol-au-salon-du-bourget\\\/\",\"name\":\"Le secteur belge de la d\u00e9fense en plein envol au Salon du Bourget | Forbes Belgique\",\"isPartOf\":{\"@id\":\"https:\\\/\\\/www.forbes.be\\\/fr\\\/#website\"},\"primaryImageOfPage\":{\"@id\":\"https:\\\/\\\/www.forbes.be\\\/fr\\\/le-secteur-belge-de-la-defense-en-plein-envol-au-salon-du-bourget\\\/#primaryimage\"},\"image\":{\"@id\":\"https:\\\/\\\/www.forbes.be\\\/fr\\\/le-secteur-belge-de-la-defense-en-plein-envol-au-salon-du-bourget\\\/#primaryimage\"},\"thumbnailUrl\":\"https:\\\/\\\/www.forbes.be\\\/fr\\\/wp-content\\\/uploads\\\/2025\\\/06\\\/adobestock-485351687-editorial-use-only-scaled-e1750858165919.jpeg\",\"datePublished\":\"2025-06-23T12:59:01+00:00\",\"description\":\"Les entreprises belges des secteurs de l'a\u00e9ronautique et de la d\u00e9fense ont tir\u00e9 profit du Salon du Bourget pour signer des contrats.\",\"breadcrumb\":{\"@id\":\"https:\\\/\\\/www.forbes.be\\\/fr\\\/le-secteur-belge-de-la-defense-en-plein-envol-au-salon-du-bourget\\\/#breadcrumb\"},\"inLanguage\":\"fr-FR\",\"potentialAction\":[{\"@type\":\"ReadAction\",\"target\":[\"https:\\\/\\\/www.forbes.be\\\/fr\\\/le-secteur-belge-de-la-defense-en-plein-envol-au-salon-du-bourget\\\/\"]}]},{\"@type\":\"ImageObject\",\"inLanguage\":\"fr-FR\",\"@id\":\"https:\\\/\\\/www.forbes.be\\\/fr\\\/le-secteur-belge-de-la-defense-en-plein-envol-au-salon-du-bourget\\\/#primaryimage\",\"url\":\"https:\\\/\\\/www.forbes.be\\\/fr\\\/wp-content\\\/uploads\\\/2025\\\/06\\\/adobestock-485351687-editorial-use-only-scaled-e1750858165919.jpeg\",\"contentUrl\":\"https:\\\/\\\/www.forbes.be\\\/fr\\\/wp-content\\\/uploads\\\/2025\\\/06\\\/adobestock-485351687-editorial-use-only-scaled-e1750858165919.jpeg\",\"width\":2560,\"height\":1340},{\"@type\":\"BreadcrumbList\",\"@id\":\"https:\\\/\\\/www.forbes.be\\\/fr\\\/le-secteur-belge-de-la-defense-en-plein-envol-au-salon-du-bourget\\\/#breadcrumb\",\"itemListElement\":[{\"@type\":\"ListItem\",\"position\":1,\"name\":\"Accueil\",\"item\":\"https:\\\/\\\/www.forbes.be\\\/fr\\\/\"},{\"@type\":\"ListItem\",\"position\":2,\"name\":\"Le secteur belge de la d\u00e9fense en plein envol au Salon du Bourget\"}]},{\"@type\":\"WebSite\",\"@id\":\"https:\\\/\\\/www.forbes.be\\\/fr\\\/#website\",\"url\":\"https:\\\/\\\/www.forbes.be\\\/fr\\\/\",\"name\":\"Forbes Belgique\",\"description\":\"\",\"publisher\":{\"@id\":\"https:\\\/\\\/www.forbes.be\\\/fr\\\/#organization\"},\"potentialAction\":[{\"@type\":\"SearchAction\",\"target\":{\"@type\":\"EntryPoint\",\"urlTemplate\":\"https:\\\/\\\/www.forbes.be\\\/fr\\\/?s={search_term_string}\"},\"query-input\":{\"@type\":\"PropertyValueSpecification\",\"valueRequired\":true,\"valueName\":\"search_term_string\"}}],\"inLanguage\":\"fr-FR\"},{\"@type\":\"Organization\",\"@id\":\"https:\\\/\\\/www.forbes.be\\\/fr\\\/#organization\",\"name\":\"Forbes Belgique\",\"url\":\"https:\\\/\\\/www.forbes.be\\\/fr\\\/\",\"logo\":{\"@type\":\"ImageObject\",\"inLanguage\":\"fr-FR\",\"@id\":\"https:\\\/\\\/www.forbes.be\\\/fr\\\/#\\\/schema\\\/logo\\\/image\\\/\",\"url\":\"https:\\\/\\\/www.forbes.be\\\/fr\\\/wp-content\\\/uploads\\\/2024\\\/02\\\/forbes.be_.png\",\"contentUrl\":\"https:\\\/\\\/www.forbes.be\\\/fr\\\/wp-content\\\/uploads\\\/2024\\\/02\\\/forbes.be_.png\",\"width\":1200,\"height\":675,\"caption\":\"Forbes Belgique\"},\"image\":{\"@id\":\"https:\\\/\\\/www.forbes.be\\\/fr\\\/#\\\/schema\\\/logo\\\/image\\\/\"},\"sameAs\":[\"https:\\\/\\\/www.facebook.com\\\/forbesbelgique\\\/\",\"https:\\\/\\\/www.instagram.com\\\/Forbes_Belgium\",\"https:\\\/\\\/www.linkedin.com\\\/company\\\/forbes-belgium\\\/\"]},{\"@type\":\"Person\",\"@id\":\"https:\\\/\\\/www.forbes.be\\\/fr\\\/#\\\/schema\\\/person\\\/0d449791ef6199da3d469eca714eb773\",\"name\":\"Juan Godbille\",\"image\":{\"@type\":\"ImageObject\",\"inLanguage\":\"fr-FR\",\"@id\":\"https:\\\/\\\/secure.gravatar.com\\\/avatar\\\/de6d740453251c69ae34e42cfef9688bc2a5c942d7cab09074e7064fbac13ac9?s=96&d=mm&r=g\",\"url\":\"https:\\\/\\\/secure.gravatar.com\\\/avatar\\\/de6d740453251c69ae34e42cfef9688bc2a5c942d7cab09074e7064fbac13ac9?s=96&d=mm&r=g\",\"contentUrl\":\"https:\\\/\\\/secure.gravatar.com\\\/avatar\\\/de6d740453251c69ae34e42cfef9688bc2a5c942d7cab09074e7064fbac13ac9?s=96&d=mm&r=g\",\"caption\":\"Juan Godbille\"},\"url\":\"https:\\\/\\\/www.forbes.be\\\/fr\\\/author\\\/juan-godbille\\\/\"}]}<\/script>\n<!-- \/ Yoast SEO plugin. -->","yoast_head_json":{"title":"Le secteur belge de la d\u00e9fense en plein envol au Salon du Bourget | Forbes Belgique","description":"Les entreprises belges des secteurs de l'a\u00e9ronautique et de la d\u00e9fense ont tir\u00e9 profit du Salon du Bourget pour signer des contrats.","robots":{"index":"index","follow":"follow","max-snippet":"max-snippet:-1","max-image-preview":"max-image-preview:large","max-video-preview":"max-video-preview:-1"},"canonical":"https:\/\/www.forbes.be\/fr\/le-secteur-belge-de-la-defense-en-plein-envol-au-salon-du-bourget\/","og_locale":"fr_FR","og_type":"article","og_title":"Le secteur belge de la d\u00e9fense en plein envol au Salon du Bourget | Forbes Belgique","og_description":"Les entreprises belges des secteurs de l'a\u00e9ronautique et de la d\u00e9fense ont tir\u00e9 profit du Salon du Bourget pour signer des contrats.","og_url":"https:\/\/www.forbes.be\/fr\/le-secteur-belge-de-la-defense-en-plein-envol-au-salon-du-bourget\/","og_site_name":"Forbes Belgique","article_publisher":"https:\/\/www.facebook.com\/forbesbelgique\/","article_published_time":"2025-06-23T12:59:01+00:00","og_image":[{"width":2560,"height":1446,"url":"https:\/\/www.forbes.be\/fr\/wp-content\/uploads\/2025\/06\/adobestock-485351687-editorial-use-only-scaled.jpeg","type":"image\/jpeg"}],"author":"Juan Godbille","twitter_card":"summary_large_image","twitter_misc":{"\u00c9crit par":"Juan Godbille","Dur\u00e9e de lecture estim\u00e9e":"4 minutes"},"schema":{"@context":"https:\/\/schema.org","@graph":[{"@type":"NewsArticle","@id":"https:\/\/www.forbes.be\/fr\/le-secteur-belge-de-la-defense-en-plein-envol-au-salon-du-bourget\/#article","isPartOf":{"@id":"https:\/\/www.forbes.be\/fr\/le-secteur-belge-de-la-defense-en-plein-envol-au-salon-du-bourget\/"},"author":{"name":"Juan Godbille","@id":"https:\/\/www.forbes.be\/fr\/#\/schema\/person\/0d449791ef6199da3d469eca714eb773"},"headline":"Le secteur belge de la d\u00e9fense en plein envol au Salon du Bourget","datePublished":"2025-06-23T12:59:01+00:00","mainEntityOfPage":{"@id":"https:\/\/www.forbes.be\/fr\/le-secteur-belge-de-la-defense-en-plein-envol-au-salon-du-bourget\/"},"wordCount":748,"publisher":{"@id":"https:\/\/www.forbes.be\/fr\/#organization"},"image":{"@id":"https:\/\/www.forbes.be\/fr\/le-secteur-belge-de-la-defense-en-plein-envol-au-salon-du-bourget\/#primaryimage"},"thumbnailUrl":"https:\/\/www.forbes.be\/fr\/wp-content\/uploads\/2025\/06\/adobestock-485351687-editorial-use-only-scaled-e1750858165919.jpeg","articleSection":["Actualit\u00e9s","Commerce","Innovation","Politique"],"inLanguage":"fr-FR"},{"@type":"WebPage","@id":"https:\/\/www.forbes.be\/fr\/le-secteur-belge-de-la-defense-en-plein-envol-au-salon-du-bourget\/","url":"https:\/\/www.forbes.be\/fr\/le-secteur-belge-de-la-defense-en-plein-envol-au-salon-du-bourget\/","name":"Le secteur belge de la d\u00e9fense en plein envol au Salon du Bourget | Forbes Belgique","isPartOf":{"@id":"https:\/\/www.forbes.be\/fr\/#website"},"primaryImageOfPage":{"@id":"https:\/\/www.forbes.be\/fr\/le-secteur-belge-de-la-defense-en-plein-envol-au-salon-du-bourget\/#primaryimage"},"image":{"@id":"https:\/\/www.forbes.be\/fr\/le-secteur-belge-de-la-defense-en-plein-envol-au-salon-du-bourget\/#primaryimage"},"thumbnailUrl":"https:\/\/www.forbes.be\/fr\/wp-content\/uploads\/2025\/06\/adobestock-485351687-editorial-use-only-scaled-e1750858165919.jpeg","datePublished":"2025-06-23T12:59:01+00:00","description":"Les entreprises belges des secteurs de l'a\u00e9ronautique et de la d\u00e9fense ont tir\u00e9 profit du Salon du Bourget pour signer des contrats.","breadcrumb":{"@id":"https:\/\/www.forbes.be\/fr\/le-secteur-belge-de-la-defense-en-plein-envol-au-salon-du-bourget\/#breadcrumb"},"inLanguage":"fr-FR","potentialAction":[{"@type":"ReadAction","target":["https:\/\/www.forbes.be\/fr\/le-secteur-belge-de-la-defense-en-plein-envol-au-salon-du-bourget\/"]}]},{"@type":"ImageObject","inLanguage":"fr-FR","@id":"https:\/\/www.forbes.be\/fr\/le-secteur-belge-de-la-defense-en-plein-envol-au-salon-du-bourget\/#primaryimage","url":"https:\/\/www.forbes.be\/fr\/wp-content\/uploads\/2025\/06\/adobestock-485351687-editorial-use-only-scaled-e1750858165919.jpeg","contentUrl":"https:\/\/www.forbes.be\/fr\/wp-content\/uploads\/2025\/06\/adobestock-485351687-editorial-use-only-scaled-e1750858165919.jpeg","width":2560,"height":1340},{"@type":"BreadcrumbList","@id":"https:\/\/www.forbes.be\/fr\/le-secteur-belge-de-la-defense-en-plein-envol-au-salon-du-bourget\/#breadcrumb","itemListElement":[{"@type":"ListItem","position":1,"name":"Accueil","item":"https:\/\/www.forbes.be\/fr\/"},{"@type":"ListItem","position":2,"name":"Le secteur belge de la d\u00e9fense en plein envol au Salon du Bourget"}]},{"@type":"WebSite","@id":"https:\/\/www.forbes.be\/fr\/#website","url":"https:\/\/www.forbes.be\/fr\/","name":"Forbes Belgique","description":"","publisher":{"@id":"https:\/\/www.forbes.be\/fr\/#organization"},"potentialAction":[{"@type":"SearchAction","target":{"@type":"EntryPoint","urlTemplate":"https:\/\/www.forbes.be\/fr\/?s={search_term_string}"},"query-input":{"@type":"PropertyValueSpecification","valueRequired":true,"valueName":"search_term_string"}}],"inLanguage":"fr-FR"},{"@type":"Organization","@id":"https:\/\/www.forbes.be\/fr\/#organization","name":"Forbes Belgique","url":"https:\/\/www.forbes.be\/fr\/","logo":{"@type":"ImageObject","inLanguage":"fr-FR","@id":"https:\/\/www.forbes.be\/fr\/#\/schema\/logo\/image\/","url":"https:\/\/www.forbes.be\/fr\/wp-content\/uploads\/2024\/02\/forbes.be_.png","contentUrl":"https:\/\/www.forbes.be\/fr\/wp-content\/uploads\/2024\/02\/forbes.be_.png","width":1200,"height":675,"caption":"Forbes Belgique"},"image":{"@id":"https:\/\/www.forbes.be\/fr\/#\/schema\/logo\/image\/"},"sameAs":["https:\/\/www.facebook.com\/forbesbelgique\/","https:\/\/www.instagram.com\/Forbes_Belgium","https:\/\/www.linkedin.com\/company\/forbes-belgium\/"]},{"@type":"Person","@id":"https:\/\/www.forbes.be\/fr\/#\/schema\/person\/0d449791ef6199da3d469eca714eb773","name":"Juan Godbille","image":{"@type":"ImageObject","inLanguage":"fr-FR","@id":"https:\/\/secure.gravatar.com\/avatar\/de6d740453251c69ae34e42cfef9688bc2a5c942d7cab09074e7064fbac13ac9?s=96&d=mm&r=g","url":"https:\/\/secure.gravatar.com\/avatar\/de6d740453251c69ae34e42cfef9688bc2a5c942d7cab09074e7064fbac13ac9?s=96&d=mm&r=g","contentUrl":"https:\/\/secure.gravatar.com\/avatar\/de6d740453251c69ae34e42cfef9688bc2a5c942d7cab09074e7064fbac13ac9?s=96&d=mm&r=g","caption":"Juan Godbille"},"url":"https:\/\/www.forbes.be\/fr\/author\/juan-godbille\/"}]}},"_links":{"self":[{"href":"https:\/\/www.forbes.be\/fr\/wp-json\/wp\/v2\/posts\/10987","targetHints":{"allow":["GET"]}}],"collection":[{"href":"https:\/\/www.forbes.be\/fr\/wp-json\/wp\/v2\/posts"}],"about":[{"href":"https:\/\/www.forbes.be\/fr\/wp-json\/wp\/v2\/types\/post"}],"author":[{"embeddable":true,"href":"https:\/\/www.forbes.be\/fr\/wp-json\/wp\/v2\/users\/37"}],"replies":[{"embeddable":true,"href":"https:\/\/www.forbes.be\/fr\/wp-json\/wp\/v2\/comments?post=10987"}],"version-history":[{"count":5,"href":"https:\/\/www.forbes.be\/fr\/wp-json\/wp\/v2\/posts\/10987\/revisions"}],"predecessor-version":[{"id":11024,"href":"https:\/\/www.forbes.be\/fr\/wp-json\/wp\/v2\/posts\/10987\/revisions\/11024"}],"wp:featuredmedia":[{"embeddable":true,"href":"https:\/\/www.forbes.be\/fr\/wp-json\/wp\/v2\/media\/11017"}],"wp:attachment":[{"href":"https:\/\/www.forbes.be\/fr\/wp-json\/wp\/v2\/media?parent=10987"}],"wp:term":[{"taxonomy":"category","embeddable":true,"href":"https:\/\/www.forbes.be\/fr\/wp-json\/wp\/v2\/categories?post=10987"},{"taxonomy":"post_tag","embeddable":true,"href":"https:\/\/www.forbes.be\/fr\/wp-json\/wp\/v2\/tags?post=10987"}],"curies":[{"name":"wp","href":"https:\/\/api.w.org\/{rel}","templated":true}]}}