{"id":11042,"date":"2025-06-27T11:31:09","date_gmt":"2025-06-27T09:31:09","guid":{"rendered":"https:\/\/www.forbes.be\/fr\/?p=11042"},"modified":"2025-06-27T11:31:09","modified_gmt":"2025-06-27T09:31:09","slug":"17-milliardaires-belges","status":"publish","type":"post","link":"https:\/\/www.forbes.be\/fr\/17-milliardaires-belges\/","title":{"rendered":"17 milliardaires belges"},"content":{"rendered":"<p class=\"p1\"><strong><span class=\"s1\">Forbes pr\u00e9sente la<\/span><span class=\"s2\"> liste<\/span><span class=\"s1\"> des <\/span><span class=\"s2\">milliardaires<\/span><span class=\"s1\"> belges en 2025. Les fortunes combin\u00e9es de ces quinze hommes et deux femmes s\u2019\u00e9l\u00e8vent \u00e0 <\/span><span class=\"s2\">50,5 milliards de dollars<\/span><\/strong><span class=\"s1\"><strong>.<\/strong> <span class=\"Apple-converted-space\">\u00a0<\/span><\/span><\/p>\n<p class=\"p1\"><span class=\"s1\">Depuis 1987, Forbes publie chaque ann\u00e9e la liste actualis\u00e9e des milliardaires, exprim\u00e9e en dollars am\u00e9ricains. Cette liste, qui prend en compte les dettes et d\u2019autres facteurs, se base sur les actifs document\u00e9s. Une \u00e9quipe de plus de 50 journalistes, originaires de diff\u00e9rents pays, examinent minutieusement les actifs en question. Des rapports sont envoy\u00e9s pour examiner et corroborer les chiffres. Les valeurs des actions sont \u00e9galement mises \u00e0 jour jusqu\u2019\u00e0 un mois avant la publication, de fa\u00e7on \u00e0 prendre en compte les fluctuations parfois violentes.<span class=\"Apple-converted-space\">\u00a0<\/span><\/span><\/p>\n<p class=\"p1\"><span class=\"s2\">Aujourd\u2019hui, sur la base des m\u00eames crit\u00e8res, nous publions le classement pour la Belgique, qui compte dix-sept milliardaires. Comme nous nous concentrons sur les individus, et non sur les familles, il s\u2019agit \u00e9videmment d\u2019une estimation \u00e0 la baisse. Ainsi, \u00e0 l\u2019exception d\u2019Alexandre Van Damme, on ne trouve aucune trace des autres actionnaires familiaux du g\u00e9ant brassicole AB InBev,. Il en va de m\u00eame pour les familles Bo\u00ebl ou Janssen (UCB, Solvay). Ce classement offre toutefois une image fascinante de l\u2019\u00e9lite patrimoniale belge, o\u00f9 tradition et innovation vont main dans la main.<span class=\"Apple-converted-space\">\u00a0<\/span><\/span><\/p>\n<p class=\"p1\"><span class=\"s1\">L\u2019\u00e2ge moyen de ces Belges fortun\u00e9s s\u2019\u00e9l\u00e8ve \u00e0 65 ans. Aux deux extr\u00eames de la pyramide des \u00e2ges, on trouve Pierre Van der Mersch (90 ans) et Jonas Dhaenens (43 ans). Avec des fortunes cumul\u00e9es de pr\u00e8s de 50 milliards de dollars, ces individus d\u00e9tiennent un pouvoir certain, lequel s\u2019accompagne de responsabilit\u00e9s. \u00c0 travers leurs investissements, ils contr\u00f4lent de nombreuses entreprises et influencent donc la vie de nombreuses familles. Ils ont parfois fait fortune gr\u00e2ce \u00e0 l\u2019innovation, \u00e0 des investissements judicieux ou tout simplement \u00e0 la chance. D\u2019autres sont les h\u00e9ritiers de fortunes qui circulent dans la famille depuis des g\u00e9n\u00e9rations. Mais il faut aussi souligner que pr\u00e8s de la moiti\u00e9 d\u2019entre eux ont fait fortune gr\u00e2ce \u00e0 leur sens des affaires et \u00e0 leur pers\u00e9v\u00e9rance. Voil\u00e0 qui m\u00e9rite d\u2019\u00eatre soulign\u00e9. \u00ab N\u2019essayez pas de devenir un homme qui a du succ\u00e8s. Essayez de devenir un homme qui a de la valeur \u00bb, disait d\u00e9j\u00e0 Albert Einstein. <span class=\"Apple-converted-space\">\u00a0<\/span><\/span><\/p>\n<h2 class=\"p3\"><span class=\"s2\">Dynasties familiales et transmission de patrimoine<span class=\"Apple-converted-space\">\u00a0<\/span><\/span><\/h2>\n<p class=\"p1\"><span class=\"s1\">Les dynasties familiales continuent de jouer un r\u00f4le central dans la richesse belge. Les familles D\u2019Ieteren, Fr\u00e8re et Van Damme dominent le haut de la liste. Au sein de celles-ci, le transfert d\u2019actions et le maintien du contr\u00f4le familial sont cruciaux pour les rapports de force. Nicolas D\u2019Ieteren et S\u00e9gol\u00e8ne Fr\u00e8re repr\u00e9sentent la nouvelle g\u00e9n\u00e9ration qui prend les commandes, tandis que les a\u00een\u00e9s, comme Catheline P\u00e9rier-D\u2019Ieteren ou Gerald Fr\u00e8re, cherchent \u00e0 endosser de nouveaux r\u00f4les. Ce changement g\u00e9n\u00e9rationnel assure la continuit\u00e9 tout en amor\u00e7ant un renouveau dans les entreprises familiales.<span class=\"Apple-converted-space\">\u00a0<\/span><\/span><\/p>\n<h2 class=\"p3\"><span class=\"s2\">Entrepreneurs autodidactes et essor technologique<span class=\"Apple-converted-space\">\u00a0<\/span><\/span><\/h2>\n<p class=\"p1\"><span class=\"s1\">En parall\u00e8le des familles \u00e9tablies, les entrepreneurs autodidactes se font une place au soleil. Des noms comme Fabien Pinckaers (Odoo), Jonas Dhaenens (team.blue) et Pascal Vanhalst (TVH, Quva) montrent que l\u2019innovation et l\u2019entrepreneuriat peuvent permettre de constituer des fortunes impressionnantes. Fabien Pinckaers, fondateur de l\u2019entreprise de logiciels Odoo, est celui qui progresse le plus cette ann\u00e9e, avec une augmentation de fortune de 42 %, principalement gr\u00e2ce \u00e0 l\u2019expansion internationale et \u00e0 la valorisation de son entreprise. Jonas Dhaenens a \u00e9galement boost\u00e9 la valeur de sa soci\u00e9t\u00e9 \u00e0 travers des fusions et des partenariats. Ces entrepreneurs qui tr\u00f4nent au sommet du classement prouvent que la technologie, les logiciels et les services num\u00e9riques deviennent essentiels dans l\u2019\u00e9conomie belge. Roland Duch\u00e2telet les a pr\u00e9c\u00e9d\u00e9s sur cette voie.<span class=\"Apple-converted-space\">\u00a0<\/span><\/span><\/p>\n<blockquote>\n<p class=\"p4\"><span class=\"s3\">La <\/span><span class=\"s1\">technologie<\/span><span class=\"s3\">, les <\/span><span class=\"s1\">logiciels<\/span><span class=\"s3\"> et les <\/span><span class=\"s1\">services num\u00e9riques<\/span><span class=\"s3\"> deviennent <\/span><span class=\"s1\">essentiels<\/span><span class=\"s3\"> dans<br \/>\nl\u2019<\/span><span class=\"s1\">\u00e9conomie<\/span><span class=\"s3\"> belge.<span class=\"Apple-converted-space\">\u00a0<\/span><\/span><\/p>\n<\/blockquote>\n<h2 class=\"p3\"><span class=\"s2\">Internationalisation et innovation comme moteurs de croissance<span class=\"Apple-converted-space\">\u00a0<\/span><\/span><\/h2>\n<p class=\"p1\"><span class=\"s1\">De nombreux grands patrimoines ont encore accru leurs capitaux gr\u00e2ce \u00e0 l\u2019internationalisation et l\u2019innovation. L\u2019expansion mondiale d\u2019AB InBev, la croissance internationale de Odoo et la strat\u00e9gie pan-europ\u00e9enne de team.blue sont des exemples parfaits de la mani\u00e8re dont les entreprises belges repoussent leurs fronti\u00e8res. Les investissements dans la technologie et la biotechnologie, tels que ceux d\u2019Eric Wittouck via le groupe Artal, sont r\u00e9currents au sein des patrimoines les plus avant-gardistes. Ce focus international ne favorise pas seulement la croissance de la fortune, mais rend \u00e9galement l\u2019\u00e9lite belge moins d\u00e9pendante du march\u00e9 local.<span class=\"Apple-converted-space\">\u00a0<\/span><\/span><\/p>\n<h2 class=\"p6\"><span class=\"s2\">Discr\u00e9tion et modestie<span class=\"Apple-converted-space\">\u00a0<\/span><\/span><\/h2>\n<p class=\"p1\">La discr\u00e9tion est un trait saillant de nombreux milliardaires belges. Malgr\u00e9 leur immense fortune, des figures de premier plan comme Pascal Vanhalst, Alexandre Van Damme ou Eric Wittouck se tiennent \u00e0 bonne distance des m\u00e9dias, faisant preuve de modestie et de r\u00e9serve. Cette attitude contraste avec la visibilit\u00e9 publique affich\u00e9e par certains entrepreneurs fortun\u00e9s dans d\u2019autres pays mais s\u2019inscrit dans la tradition belge, marqu\u00e9e par la discr\u00e9tion autour de l\u2019argent et du succ\u00e8s.<span class=\"Apple-converted-space\">\u00a0<\/span><\/p>\n<figure id=\"attachment_11047\" aria-describedby=\"caption-attachment-11047\" style=\"width: 212px\" class=\"wp-caption alignleft\"><img loading=\"lazy\" decoding=\"async\" class=\"size-medium wp-image-11047\" src=\"https:\/\/www.forbes.be\/fr\/wp-content\/uploads\/2025\/06\/eric-wittouck-illu-1-212x300.jpg\" alt=\"\" width=\"212\" height=\"300\" srcset=\"https:\/\/www.forbes.be\/fr\/wp-content\/uploads\/2025\/06\/eric-wittouck-illu-1-212x300.jpg 212w, https:\/\/www.forbes.be\/fr\/wp-content\/uploads\/2025\/06\/eric-wittouck-illu-1-724x1024.jpg 724w, https:\/\/www.forbes.be\/fr\/wp-content\/uploads\/2025\/06\/eric-wittouck-illu-1-768x1086.jpg 768w, https:\/\/www.forbes.be\/fr\/wp-content\/uploads\/2025\/06\/eric-wittouck-illu-1-1086x1536.jpg 1086w, https:\/\/www.forbes.be\/fr\/wp-content\/uploads\/2025\/06\/eric-wittouck-illu-1-1448x2048.jpg 1448w, https:\/\/www.forbes.be\/fr\/wp-content\/uploads\/2025\/06\/eric-wittouck-illu-1-696x985.jpg 696w, https:\/\/www.forbes.be\/fr\/wp-content\/uploads\/2025\/06\/eric-wittouck-illu-1-1068x1511.jpg 1068w, https:\/\/www.forbes.be\/fr\/wp-content\/uploads\/2025\/06\/eric-wittouck-illu-1-1920x2716.jpg 1920w, https:\/\/www.forbes.be\/fr\/wp-content\/uploads\/2025\/06\/eric-wittouck-illu-1-600x849.jpg 600w, https:\/\/www.forbes.be\/fr\/wp-content\/uploads\/2025\/06\/eric-wittouck-illu-1-scaled.jpg 1810w\" sizes=\"auto, (max-width: 212px) 100vw, 212px\" \/><figcaption id=\"caption-attachment-11047\" class=\"wp-caption-text\">\u00a9 Mathilde Manka<\/figcaption><\/figure>\n<h3><span class=\"s1\">1. Eric Wittouck<span class=\"Apple-converted-space\">\u00a0<\/span><\/span><\/h3>\n<p class=\"p2\"><span class=\"s1\">(78 ans, 9 milliards de dollars)<span class=\"Apple-converted-space\">\u00a0<\/span><\/span><\/p>\n<p class=\"p3\"><span class=\"s2\">Eric Wittouck a b\u00e2ti sa fortune \u00e0 partir de 1989, dans le sillage de la vente de la Sucrerie de Tirlemont. Avec son fonds d\u2019investissement Artal Group, il a constitu\u00e9 un portefeuille impressionnant. R\u00e9cemment, il a r\u00e9alis\u00e9 un b\u00e9n\u00e9fice de plusieurs milliards en vendant des actions de la cha\u00eene am\u00e9ricaine de falafels Cava Group, \u00e0 hauteur de plus de 2 milliards d\u2019euros. Artal conserve toutefois une participation importante dans Cava, ce qui accroit encore sa fortune. En 1979, Eric Wittouck a \u00e9pous\u00e9 Brigitte Baiwir, avec qui il a eu cinq enfants. Apr\u00e8s leur divorce en 2001, il s\u2019est remari\u00e9 avec Mayu Amano, directrice de The High Life Monaco, une agence \u00e9v\u00e9nementielle active dans le secteur caritatif au Japon et \u00e0 Monaco. Le couple vit d\u2019ailleurs dans la Principaut\u00e9. Les investissements du milliardaire se concentrent sur la technologie et la biotechnologie, avec un focus sur l\u2019innovation et la croissance. Avec une fortune estim\u00e9e \u00e0 9 milliards de dollars, il r\u00e8gne sans partage sur le classement des fortunes belges. En 2014, l\u2019affaire LuxLeaks a mis en lumi\u00e8re des accords fiscaux secrets entre Artal et le fisc luxembourgeois, r\u00e9v\u00e9lant du m\u00eame coup un r\u00e9seau de soci\u00e9t\u00e9s bas\u00e9es au Luxembourg et dans d\u2019autres paradis fiscaux.<span class=\"Apple-converted-space\">\u00a0 \u00a0<\/span><\/span><\/p>\n<p>&nbsp;<\/p>\n<figure id=\"attachment_11049\" aria-describedby=\"caption-attachment-11049\" style=\"width: 212px\" class=\"wp-caption alignleft\"><img loading=\"lazy\" decoding=\"async\" class=\"size-medium wp-image-11049\" src=\"https:\/\/www.forbes.be\/fr\/wp-content\/uploads\/2025\/06\/nicolas-dieteren-212x300.jpg\" alt=\"\" width=\"212\" height=\"300\" srcset=\"https:\/\/www.forbes.be\/fr\/wp-content\/uploads\/2025\/06\/nicolas-dieteren-212x300.jpg 212w, https:\/\/www.forbes.be\/fr\/wp-content\/uploads\/2025\/06\/nicolas-dieteren-724x1024.jpg 724w, https:\/\/www.forbes.be\/fr\/wp-content\/uploads\/2025\/06\/nicolas-dieteren-768x1086.jpg 768w, https:\/\/www.forbes.be\/fr\/wp-content\/uploads\/2025\/06\/nicolas-dieteren-1086x1536.jpg 1086w, https:\/\/www.forbes.be\/fr\/wp-content\/uploads\/2025\/06\/nicolas-dieteren-1448x2048.jpg 1448w, https:\/\/www.forbes.be\/fr\/wp-content\/uploads\/2025\/06\/nicolas-dieteren-696x985.jpg 696w, https:\/\/www.forbes.be\/fr\/wp-content\/uploads\/2025\/06\/nicolas-dieteren-1068x1511.jpg 1068w, https:\/\/www.forbes.be\/fr\/wp-content\/uploads\/2025\/06\/nicolas-dieteren-1920x2716.jpg 1920w, https:\/\/www.forbes.be\/fr\/wp-content\/uploads\/2025\/06\/nicolas-dieteren-600x849.jpg 600w, https:\/\/www.forbes.be\/fr\/wp-content\/uploads\/2025\/06\/nicolas-dieteren-scaled.jpg 1810w\" sizes=\"auto, (max-width: 212px) 100vw, 212px\" \/><figcaption id=\"caption-attachment-11049\" class=\"wp-caption-text\">\u00a9 Mathilde Manka<\/figcaption><\/figure>\n<h3 class=\"p1\"><span class=\"s1\">2. Nicolas D\u2019Ieteren<span class=\"Apple-converted-space\">\u00a0<\/span><\/span><\/h3>\n<p class=\"p2\"><strong><span class=\"s1\">(50 ans, 5,2 milliards de dollars)<span class=\"Apple-converted-space\">\u00a0<\/span><\/span><\/strong><\/p>\n<p class=\"p3\"><span class=\"s2\">Nicolas D\u2019Ieteren se classe deuxi\u00e8me, avec une fortune de 5,2 milliards de dollars. En tant que pr\u00e9sident du Groupe D\u2019Ieteren, actif dans le secteur automobile, la r\u00e9paration de pare-brises et l\u2019immobilier, il joue un r\u00f4le cl\u00e9 dans l\u2019entreprise familiale. Fils unique de l\u2019ancien homme fort Roland D\u2019Ieteren, il a \u00e9tudi\u00e9 \u00e0 l\u2019Universit\u00e9 de Londres et \u00e0 l\u2019INSEAD. De 2003 \u00e0 2005, il a \u00e9t\u00e9 directeur financier d\u2019une division de Total UK. Depuis 2005, il est administrateur d\u00e9l\u00e9gu\u00e9 d\u2019un fonds de capital-investissement. En 2016, D\u2019Ieteren a acquis la marque de luxe italienne Moleskine, malgr\u00e9 ses pertes importantes. D\u2019Ieteren a \u00e9galement achet\u00e9 pour 1,2 milliard d\u2019euros une participation minoritaire de 40 % dans TVH Parts de Pascal Vanhalst (cf. 11). En septembre 2024, il a renforc\u00e9 son contr\u00f4le en rachetant des actions de son cousin Olivier P\u00e9rier, financ\u00e9es par un dividende exceptionnel de la filiale Belron (Carglass). Ce mouvement renforce son contr\u00f4le familial. <span class=\"Apple-converted-space\">\u00a0<\/span><\/span><\/p>\n<p>&nbsp;<\/p>\n<figure id=\"attachment_11048\" aria-describedby=\"caption-attachment-11048\" style=\"width: 212px\" class=\"wp-caption alignleft\"><img loading=\"lazy\" decoding=\"async\" class=\"size-medium wp-image-11048\" src=\"https:\/\/www.forbes.be\/fr\/wp-content\/uploads\/2025\/06\/fernand-huts-212x300.jpg\" alt=\"\" width=\"212\" height=\"300\" srcset=\"https:\/\/www.forbes.be\/fr\/wp-content\/uploads\/2025\/06\/fernand-huts-212x300.jpg 212w, https:\/\/www.forbes.be\/fr\/wp-content\/uploads\/2025\/06\/fernand-huts-724x1024.jpg 724w, https:\/\/www.forbes.be\/fr\/wp-content\/uploads\/2025\/06\/fernand-huts-768x1086.jpg 768w, https:\/\/www.forbes.be\/fr\/wp-content\/uploads\/2025\/06\/fernand-huts-1086x1536.jpg 1086w, https:\/\/www.forbes.be\/fr\/wp-content\/uploads\/2025\/06\/fernand-huts-1448x2048.jpg 1448w, https:\/\/www.forbes.be\/fr\/wp-content\/uploads\/2025\/06\/fernand-huts-696x985.jpg 696w, https:\/\/www.forbes.be\/fr\/wp-content\/uploads\/2025\/06\/fernand-huts-1068x1511.jpg 1068w, https:\/\/www.forbes.be\/fr\/wp-content\/uploads\/2025\/06\/fernand-huts-1920x2716.jpg 1920w, https:\/\/www.forbes.be\/fr\/wp-content\/uploads\/2025\/06\/fernand-huts-600x849.jpg 600w, https:\/\/www.forbes.be\/fr\/wp-content\/uploads\/2025\/06\/fernand-huts-scaled.jpg 1810w\" sizes=\"auto, (max-width: 212px) 100vw, 212px\" \/><figcaption id=\"caption-attachment-11048\" class=\"wp-caption-text\">\u00a9 Mathilde Manka<\/figcaption><\/figure>\n<h3 class=\"p1\"><span class=\"s1\">3. Fernand Huts<\/span><\/h3>\n<p class=\"p2\"><strong><span class=\"s1\">(75 ans, 5 milliards de dollars)<span class=\"Apple-converted-space\">\u00a0<\/span><\/span><\/strong><\/p>\n<p class=\"p3\">Fernand Huts grimpe cette ann\u00e9e \u00e0 la troisi\u00e8me place avec une fortune de 5 milliards de dollars, en augmentation de 38 %. Il dirige Katoen Natie, qui compte plus de 10 000 employ\u00e9s et r\u00e9alise un chiffre d\u2019affaires de plus de 1 milliard d\u2019euros. Huts investit massivement dans la croissance, comme en t\u00e9moignent les 125 millions d\u2019euros inject\u00e9s dans la filiale Indaver. \u00c9lu \u00ab\u202fmanager de l\u2019ann\u00e9e\u202f\u00bb par le magazine Trends en 1987, ce passionn\u00e9 d\u2019art et m\u00e9c\u00e8ne encha\u00eene les succ\u00e8s commerciaux. Sa d\u00e9termination et sa vision renforcent sa position comme l\u2019un des entrepreneurs belges les plus influents. Fernand Huts a grandi \u00e0 Seefhoek et a suivi ses \u00e9tudes secondaires au coll\u00e8ge Saint-Jean Berchmans \u00e0 Anvers. Ensuite, il a \u00e9tudi\u00e9 le droit \u00e0 la KU Leuven. Fin 2020, Huts a achet\u00e9 par le biais de Katoen Natie la Boerentoren d\u2019Anvers, \u00e9galement connue sous le nom de Tour KBC, qu\u2019il veut notamment m\u00e9tamorphoser en tour culturelle en y int\u00e9grant des espaces d\u2019exposition, des ateliers de restauration d\u2019art, des salles de cin\u00e9ma, un d\u00e9p\u00f4t d\u2019\u0153uvres d\u2019art et une librairie.<span class=\"Apple-converted-space\">\u00a0 \u00a0<\/span><\/p>\n<p>&nbsp;<\/p>\n<figure id=\"attachment_11046\" aria-describedby=\"caption-attachment-11046\" style=\"width: 212px\" class=\"wp-caption alignleft\"><img loading=\"lazy\" decoding=\"async\" class=\"size-medium wp-image-11046\" src=\"https:\/\/www.forbes.be\/fr\/wp-content\/uploads\/2025\/06\/alexandre-van-damme-illu-212x300.jpg\" alt=\"\" width=\"212\" height=\"300\" srcset=\"https:\/\/www.forbes.be\/fr\/wp-content\/uploads\/2025\/06\/alexandre-van-damme-illu-212x300.jpg 212w, https:\/\/www.forbes.be\/fr\/wp-content\/uploads\/2025\/06\/alexandre-van-damme-illu-724x1024.jpg 724w, https:\/\/www.forbes.be\/fr\/wp-content\/uploads\/2025\/06\/alexandre-van-damme-illu-768x1086.jpg 768w, https:\/\/www.forbes.be\/fr\/wp-content\/uploads\/2025\/06\/alexandre-van-damme-illu-1086x1536.jpg 1086w, https:\/\/www.forbes.be\/fr\/wp-content\/uploads\/2025\/06\/alexandre-van-damme-illu-1448x2048.jpg 1448w, https:\/\/www.forbes.be\/fr\/wp-content\/uploads\/2025\/06\/alexandre-van-damme-illu-696x985.jpg 696w, https:\/\/www.forbes.be\/fr\/wp-content\/uploads\/2025\/06\/alexandre-van-damme-illu-1068x1511.jpg 1068w, https:\/\/www.forbes.be\/fr\/wp-content\/uploads\/2025\/06\/alexandre-van-damme-illu-1920x2716.jpg 1920w, https:\/\/www.forbes.be\/fr\/wp-content\/uploads\/2025\/06\/alexandre-van-damme-illu-600x849.jpg 600w, https:\/\/www.forbes.be\/fr\/wp-content\/uploads\/2025\/06\/alexandre-van-damme-illu-scaled.jpg 1810w\" sizes=\"auto, (max-width: 212px) 100vw, 212px\" \/><figcaption id=\"caption-attachment-11046\" class=\"wp-caption-text\">\u00a9 Mathilde Manka<\/figcaption><\/figure>\n<h3><span class=\"s1\">4. Alexandre Van Damme<span class=\"Apple-converted-space\">\u00a0<\/span><\/span><\/h3>\n<p class=\"p2\"><strong><span class=\"s1\">(63 ans, 3,9 milliards de dollars)<span class=\"Apple-converted-space\">\u00a0<\/span><\/span><\/strong><\/p>\n<p class=\"p3\"><span class=\"s2\">Alexandre Van Damme a construit sa fortune gr\u00e2ce \u00e0 sa participation dans AB InBev, le plus grand brasseur de bi\u00e8re au monde. Il est le petit-fils d\u2019Albert Van Damme et le fils de Jean Van Damme et Rossana del Marco Pinferetti. Son grand-p\u00e8re dirigeait la brasserie Piedb\u0153uf, connue pour la bi\u00e8re Jupiler. En tant qu\u2019investisseur strat\u00e9gique et membre du conseil d\u2019administration, il a vu sa fortune cro\u00eetre r\u00e9guli\u00e8rement gr\u00e2ce \u00e0 l\u2019expansion mondiale de l\u2019entreprise. Van Damme se tient en retrait mais demeure un acteur important de la sc\u00e8ne \u00e9conomique belge. Son implication dans AB InBev t\u00e9moigne d\u2019un regard ac\u00e9r\u00e9 pour la croissance strat\u00e9gique et la domination du march\u00e9. Il continue d\u2019investir pour renforcer son portefeuille, en misant principalement sur la croissance durable et l\u2019innovation dans le secteur des boissons, tout en scrutant les opportunit\u00e9s d\u2019investissement plus larges. En 2015, il a rejoint le fonds anti-cancer de Luc Verelst. L\u2019ancien haut responsable d\u2019AB InBev, Jo Van Biesbroeck, a rejoint le conseil d\u2019administration au nom de Van Damme.<span class=\"Apple-converted-space\">\u00a0 \u00a0<\/span><\/span><\/p>\n<p>&nbsp;<\/p>\n<figure id=\"attachment_11051\" aria-describedby=\"caption-attachment-11051\" style=\"width: 212px\" class=\"wp-caption alignleft\"><img loading=\"lazy\" decoding=\"async\" class=\"size-medium wp-image-11051\" src=\"https:\/\/www.forbes.be\/fr\/wp-content\/uploads\/2025\/06\/catheline-souriante-212x300.jpg\" alt=\"\" width=\"212\" height=\"300\" srcset=\"https:\/\/www.forbes.be\/fr\/wp-content\/uploads\/2025\/06\/catheline-souriante-212x300.jpg 212w, https:\/\/www.forbes.be\/fr\/wp-content\/uploads\/2025\/06\/catheline-souriante-724x1024.jpg 724w, https:\/\/www.forbes.be\/fr\/wp-content\/uploads\/2025\/06\/catheline-souriante-768x1086.jpg 768w, https:\/\/www.forbes.be\/fr\/wp-content\/uploads\/2025\/06\/catheline-souriante-1086x1536.jpg 1086w, https:\/\/www.forbes.be\/fr\/wp-content\/uploads\/2025\/06\/catheline-souriante-1448x2048.jpg 1448w, https:\/\/www.forbes.be\/fr\/wp-content\/uploads\/2025\/06\/catheline-souriante-696x985.jpg 696w, https:\/\/www.forbes.be\/fr\/wp-content\/uploads\/2025\/06\/catheline-souriante-1068x1511.jpg 1068w, https:\/\/www.forbes.be\/fr\/wp-content\/uploads\/2025\/06\/catheline-souriante-1920x2716.jpg 1920w, https:\/\/www.forbes.be\/fr\/wp-content\/uploads\/2025\/06\/catheline-souriante-600x849.jpg 600w, https:\/\/www.forbes.be\/fr\/wp-content\/uploads\/2025\/06\/catheline-souriante-scaled.jpg 1810w\" sizes=\"auto, (max-width: 212px) 100vw, 212px\" \/><figcaption id=\"caption-attachment-11051\" class=\"wp-caption-text\">\u00a9 Mathilde Manka<\/figcaption><\/figure>\n<h3 class=\"p1\"><span class=\"s1\">5. Catheline P\u00e9rier-D\u2019Ieteren<span class=\"Apple-converted-space\">\u00a0<\/span><\/span><\/h3>\n<p class=\"p2\"><span class=\"s2\"><strong>(81 ans, 3,4 milliards de dollars)<\/strong><span class=\"Apple-converted-space\">\u00a0<\/span><\/span><\/p>\n<p class=\"p3\"><span class=\"s2\">H\u00e9riti\u00e8re du Groupe D\u2019Ieteren, Catheline P\u00e9rier-D\u2019Ieteren est professeure \u00e9m\u00e9rite d\u2019histoire de l\u2019art et sa fortune est estim\u00e9e \u00e0 3,4 milliards de dollars. Son influence dans le monde de l\u2019art reste consid\u00e9rable. En juin 2024, un livre est paru en hommage \u00e0 ses contributions dans les domaines de histoire de l\u2019art et de la restauration. Outre sa carri\u00e8re acad\u00e9mique, elle joue un r\u00f4le secondaire dans l\u2019entreprise familiale, et c\u2019est son mari Maurice P\u00e9rier qui devient gestionnaire de l\u2019entreprise D\u2019Ieteren \u00e0 sa place jusqu\u2019\u00e0 ce qu\u2019il atteigne la limite d\u2019\u00e2ge. Le transfert d\u2019actions en 2024 de son fils Olivier \u00e0 Nicolas D\u2019Ieteren (cf. 2) marque un changement familial et strat\u00e9gique important.<span class=\"Apple-converted-space\">\u00a0 \u00a0<\/span><\/span><\/p>\n<p>&nbsp;<\/p>\n<figure id=\"attachment_11055\" aria-describedby=\"caption-attachment-11055\" style=\"width: 212px\" class=\"wp-caption alignleft\"><img loading=\"lazy\" decoding=\"async\" class=\"size-medium wp-image-11055\" src=\"https:\/\/www.forbes.be\/fr\/wp-content\/uploads\/2025\/06\/segolene-souriante-212x300.jpg\" alt=\"\" width=\"212\" height=\"300\" srcset=\"https:\/\/www.forbes.be\/fr\/wp-content\/uploads\/2025\/06\/segolene-souriante-212x300.jpg 212w, https:\/\/www.forbes.be\/fr\/wp-content\/uploads\/2025\/06\/segolene-souriante-724x1024.jpg 724w, https:\/\/www.forbes.be\/fr\/wp-content\/uploads\/2025\/06\/segolene-souriante-768x1086.jpg 768w, https:\/\/www.forbes.be\/fr\/wp-content\/uploads\/2025\/06\/segolene-souriante-1086x1536.jpg 1086w, https:\/\/www.forbes.be\/fr\/wp-content\/uploads\/2025\/06\/segolene-souriante-1448x2048.jpg 1448w, https:\/\/www.forbes.be\/fr\/wp-content\/uploads\/2025\/06\/segolene-souriante-696x985.jpg 696w, https:\/\/www.forbes.be\/fr\/wp-content\/uploads\/2025\/06\/segolene-souriante-1068x1511.jpg 1068w, https:\/\/www.forbes.be\/fr\/wp-content\/uploads\/2025\/06\/segolene-souriante-1920x2716.jpg 1920w, https:\/\/www.forbes.be\/fr\/wp-content\/uploads\/2025\/06\/segolene-souriante-600x849.jpg 600w, https:\/\/www.forbes.be\/fr\/wp-content\/uploads\/2025\/06\/segolene-souriante-scaled.jpg 1810w\" sizes=\"auto, (max-width: 212px) 100vw, 212px\" \/><figcaption id=\"caption-attachment-11055\" class=\"wp-caption-text\">\u00a9 Mathilde Manka<\/figcaption><\/figure>\n<h3 class=\"p2\"><span class=\"s2\">6. S\u00e9gol\u00e8ne Fr\u00e8re-Gallienne<\/span><span class=\"s3\"><span class=\"Apple-converted-space\">\u00a0<\/span><\/span><\/h3>\n<p class=\"p3\"><span class=\"s1\"><strong>(47 ans, 3,3 milliards de dollars)<\/strong><span class=\"Apple-converted-space\">\u00a0<\/span><\/span><\/p>\n<p class=\"p4\"><span class=\"s4\">S\u00e9gol\u00e8ne Fr\u00e8re-Gallienne est la fille du d\u00e9funt milliardaire wallon Albert Fr\u00e8re et de sa seconde \u00e9pouse Christine Hennuy. Avec son mari Ian Gallienne, CEO de GBL, elle contr\u00f4le la moiti\u00e9 de Fr\u00e8re-Bourgeois via la Holding Fr\u00e8re-Bourgeois. Elle si\u00e8ge aux conseils d\u2019administration de GBL et de Pargesa, et incarne un nouveau chapitre de l\u2019entreprise familiale. La r\u00e9partition \u00e9quilibr\u00e9e avec son fr\u00e8re G\u00e9rald (cf. 9) marque une \u00e9tape strat\u00e9gique importante. Leurs investissements se concentrent sur l\u2019\u00e9nergie, les finances et les m\u00e9dias. S\u00e9gol\u00e8ne allie les valeurs familiales \u00e0 un sens aigu des affaires et joue un r\u00f4le actif dans le renforcement et l\u2019expansion de l\u2019empire familial dans divers secteurs.<span class=\"Apple-converted-space\">\u00a0<\/span><\/span><\/p>\n<p>&nbsp;<\/p>\n<figure id=\"attachment_11052\" aria-describedby=\"caption-attachment-11052\" style=\"width: 212px\" class=\"wp-caption alignleft\"><img loading=\"lazy\" decoding=\"async\" class=\"size-medium wp-image-11052\" src=\"https:\/\/www.forbes.be\/fr\/wp-content\/uploads\/2025\/06\/fabien-pinckaers-illu-2-212x300.jpg\" alt=\"\" width=\"212\" height=\"300\" srcset=\"https:\/\/www.forbes.be\/fr\/wp-content\/uploads\/2025\/06\/fabien-pinckaers-illu-2-212x300.jpg 212w, https:\/\/www.forbes.be\/fr\/wp-content\/uploads\/2025\/06\/fabien-pinckaers-illu-2-724x1024.jpg 724w, https:\/\/www.forbes.be\/fr\/wp-content\/uploads\/2025\/06\/fabien-pinckaers-illu-2-768x1086.jpg 768w, https:\/\/www.forbes.be\/fr\/wp-content\/uploads\/2025\/06\/fabien-pinckaers-illu-2-1086x1536.jpg 1086w, https:\/\/www.forbes.be\/fr\/wp-content\/uploads\/2025\/06\/fabien-pinckaers-illu-2-1448x2048.jpg 1448w, https:\/\/www.forbes.be\/fr\/wp-content\/uploads\/2025\/06\/fabien-pinckaers-illu-2-696x985.jpg 696w, https:\/\/www.forbes.be\/fr\/wp-content\/uploads\/2025\/06\/fabien-pinckaers-illu-2-1068x1511.jpg 1068w, https:\/\/www.forbes.be\/fr\/wp-content\/uploads\/2025\/06\/fabien-pinckaers-illu-2-1920x2716.jpg 1920w, https:\/\/www.forbes.be\/fr\/wp-content\/uploads\/2025\/06\/fabien-pinckaers-illu-2-600x849.jpg 600w, https:\/\/www.forbes.be\/fr\/wp-content\/uploads\/2025\/06\/fabien-pinckaers-illu-2-scaled.jpg 1810w\" sizes=\"auto, (max-width: 212px) 100vw, 212px\" \/><figcaption id=\"caption-attachment-11052\" class=\"wp-caption-text\">\u00a9 Mathilde Manka<\/figcaption><\/figure>\n<h3 class=\"p1\"><span class=\"s1\">7. Fabien Pinckaers<\/span><span class=\"s2\"><span class=\"Apple-converted-space\">\u00a0<\/span><\/span><\/h3>\n<p class=\"p2\"><strong><span class=\"s3\">(46 ans, 3,1 milliards de dollars)<span class=\"Apple-converted-space\">\u00a0<\/span><\/span><\/strong><\/p>\n<p class=\"p3\"><span class=\"s4\">Fabien Pinckaers est celui qui a connu la plus forte progression avec une fortune de 3,1 milliards de dollars, soit une augmentation de 42 %. Il est le fondateur et actuel CEO de Odoo, une entreprise de logiciels en pleine croissance qui propose des solutions abordables pour les PME. Depuis 2021, Odoo est la premi\u00e8re entreprise wallonne \u00e0 atteindre le statut de licorne. En novembre 2024, Odoo a lev\u00e9 500 millions d\u2019euros aupr\u00e8s d\u2019investisseurs, dont Alphabet (Google), ce qui a valoris\u00e9 l\u2019entreprise \u00e0<br \/>\n5 milliards d\u2019euros.<span class=\"Apple-converted-space\">\u00a0<\/span><\/span><\/p>\n<p>&nbsp;<\/p>\n<p>&nbsp;<\/p>\n<figure id=\"attachment_11056\" aria-describedby=\"caption-attachment-11056\" style=\"width: 212px\" class=\"wp-caption alignleft\"><img loading=\"lazy\" decoding=\"async\" class=\"size-medium wp-image-11056\" src=\"https:\/\/www.forbes.be\/fr\/wp-content\/uploads\/2025\/06\/theo-roussis-illu-212x300.jpg\" alt=\"\" width=\"212\" height=\"300\" srcset=\"https:\/\/www.forbes.be\/fr\/wp-content\/uploads\/2025\/06\/theo-roussis-illu-212x300.jpg 212w, https:\/\/www.forbes.be\/fr\/wp-content\/uploads\/2025\/06\/theo-roussis-illu-724x1024.jpg 724w, https:\/\/www.forbes.be\/fr\/wp-content\/uploads\/2025\/06\/theo-roussis-illu-768x1086.jpg 768w, https:\/\/www.forbes.be\/fr\/wp-content\/uploads\/2025\/06\/theo-roussis-illu-1086x1536.jpg 1086w, https:\/\/www.forbes.be\/fr\/wp-content\/uploads\/2025\/06\/theo-roussis-illu-1448x2048.jpg 1448w, https:\/\/www.forbes.be\/fr\/wp-content\/uploads\/2025\/06\/theo-roussis-illu-696x985.jpg 696w, https:\/\/www.forbes.be\/fr\/wp-content\/uploads\/2025\/06\/theo-roussis-illu-1068x1511.jpg 1068w, https:\/\/www.forbes.be\/fr\/wp-content\/uploads\/2025\/06\/theo-roussis-illu-1920x2716.jpg 1920w, https:\/\/www.forbes.be\/fr\/wp-content\/uploads\/2025\/06\/theo-roussis-illu-600x849.jpg 600w, https:\/\/www.forbes.be\/fr\/wp-content\/uploads\/2025\/06\/theo-roussis-illu-scaled.jpg 1810w\" sizes=\"auto, (max-width: 212px) 100vw, 212px\" \/><figcaption id=\"caption-attachment-11056\" class=\"wp-caption-text\">\u00a9 Mathilde Manka<\/figcaption><\/figure>\n<h3 class=\"p1\"><span class=\"s1\">8. Theo Roussis<span class=\"Apple-converted-space\">\u00a0<\/span><\/span><\/h3>\n<p class=\"p2\"><span class=\"s1\"><strong>(71 ans, 3 milliards de dollars)<\/strong><span class=\"Apple-converted-space\">\u00a0<\/span><\/span><\/p>\n<p class=\"p3\"><span class=\"s1\">La fortune de Theo Roussis, 71 ans, s\u2019\u00e9l\u00e8ve \u00e0 3 milliards de dollars, un statut quo par rapport \u00e0 l\u2019ann\u00e9e derni\u00e8re. Mari\u00e9 \u00e0 Gunhilde Van Gorp, il a dirig\u00e9 la multinationale familiale des plastiques Ravago, fond\u00e9e par Raf Van Gorp. En 2023, son fils Axel l\u2019a remplac\u00e9 au poste de CEO. Roussis investit activement et r\u00e9investit les b\u00e9n\u00e9fices\u202f; il a \u00e9galement des parts dans le fonds de capital-risque Pentahold, notamment avec Filip Balcaen et Philippe Vlerick. Son exp\u00e9rience et son engagement lui garantissent une position stable au sein des entrepreneurs belges de premier plan. Bien qu\u2019il soit moins sous les feux des projecteurs, son impact \u00e9conomique est significatif et ses choix strat\u00e9giques sont pr\u00e9cieux pour ses entreprises et ses investissements.<span class=\"Apple-converted-space\">\u00a0 \u00a0<\/span><\/span><\/p>\n<p>&nbsp;<\/p>\n<figure id=\"attachment_11053\" aria-describedby=\"caption-attachment-11053\" style=\"width: 212px\" class=\"wp-caption alignleft\"><img loading=\"lazy\" decoding=\"async\" class=\"size-medium wp-image-11053\" src=\"https:\/\/www.forbes.be\/fr\/wp-content\/uploads\/2025\/06\/gerald-frere-illu-212x300.jpg\" alt=\"\" width=\"212\" height=\"300\" srcset=\"https:\/\/www.forbes.be\/fr\/wp-content\/uploads\/2025\/06\/gerald-frere-illu-212x300.jpg 212w, https:\/\/www.forbes.be\/fr\/wp-content\/uploads\/2025\/06\/gerald-frere-illu-724x1024.jpg 724w, https:\/\/www.forbes.be\/fr\/wp-content\/uploads\/2025\/06\/gerald-frere-illu-768x1086.jpg 768w, https:\/\/www.forbes.be\/fr\/wp-content\/uploads\/2025\/06\/gerald-frere-illu-1086x1536.jpg 1086w, https:\/\/www.forbes.be\/fr\/wp-content\/uploads\/2025\/06\/gerald-frere-illu-1448x2048.jpg 1448w, https:\/\/www.forbes.be\/fr\/wp-content\/uploads\/2025\/06\/gerald-frere-illu-696x985.jpg 696w, https:\/\/www.forbes.be\/fr\/wp-content\/uploads\/2025\/06\/gerald-frere-illu-1068x1511.jpg 1068w, https:\/\/www.forbes.be\/fr\/wp-content\/uploads\/2025\/06\/gerald-frere-illu-1920x2716.jpg 1920w, https:\/\/www.forbes.be\/fr\/wp-content\/uploads\/2025\/06\/gerald-frere-illu-600x849.jpg 600w, https:\/\/www.forbes.be\/fr\/wp-content\/uploads\/2025\/06\/gerald-frere-illu-scaled.jpg 1810w\" sizes=\"auto, (max-width: 212px) 100vw, 212px\" \/><figcaption id=\"caption-attachment-11053\" class=\"wp-caption-text\">\u00a9 Mathilde Manka<\/figcaption><\/figure>\n<h3 class=\"p2\"><span class=\"s1\">9. G\u00e9rald Fr\u00e8re<\/span><span class=\"s2\"><span class=\"Apple-converted-space\">\u00a0<\/span><\/span><\/h3>\n<p class=\"p3\"><strong><span class=\"s1\">(73 ans, 2,9 milliards de dollars)<span class=\"Apple-converted-space\">\u00a0<\/span><\/span><\/strong><\/p>\n<p class=\"p4\"><span class=\"s1\">G\u00e9rald Fr\u00e8re marche dans les pas de son p\u00e8re Albert Fr\u00e8re, avec une fortune de 2,9 milliards de dollars, en baisse cette ann\u00e9e de plus de 18%. Il occupe des fonctions administratives dans diverses soci\u00e9t\u00e9s d\u2019investissement et holdings, dont Loverval Finance, Stichting Administratiekantoor Bierlaire et Domaines Fr\u00e8re-Bourgeois. Il reste un acteur cl\u00e9 dans le paysage de l\u2019investissement belge. Fr\u00e8re est connu pour sa perspicacit\u00e9 commerciale et sa capacit\u00e9 \u00e0 g\u00e9rer avec succ\u00e8s les entreprises familiales et les investissements. Son r\u00f4le demeure crucial dans la pr\u00e9servation et l\u2019expansion du capital familial, op\u00e9rant de mani\u00e8re strat\u00e9gique et prudente dans un contexte \u00e9conomique en \u00e9volution.<span class=\"Apple-converted-space\">\u00a0 \u00a0<\/span><\/span><\/p>\n<p>&nbsp;<\/p>\n<figure id=\"attachment_11054\" aria-describedby=\"caption-attachment-11054\" style=\"width: 212px\" class=\"wp-caption alignleft\"><img loading=\"lazy\" decoding=\"async\" class=\"size-medium wp-image-11054\" src=\"https:\/\/www.forbes.be\/fr\/wp-content\/uploads\/2025\/06\/pierre-van-der-merschillu-212x300.jpg\" alt=\"\" width=\"212\" height=\"300\" srcset=\"https:\/\/www.forbes.be\/fr\/wp-content\/uploads\/2025\/06\/pierre-van-der-merschillu-212x300.jpg 212w, https:\/\/www.forbes.be\/fr\/wp-content\/uploads\/2025\/06\/pierre-van-der-merschillu-724x1024.jpg 724w, https:\/\/www.forbes.be\/fr\/wp-content\/uploads\/2025\/06\/pierre-van-der-merschillu-768x1086.jpg 768w, https:\/\/www.forbes.be\/fr\/wp-content\/uploads\/2025\/06\/pierre-van-der-merschillu-1086x1536.jpg 1086w, https:\/\/www.forbes.be\/fr\/wp-content\/uploads\/2025\/06\/pierre-van-der-merschillu-1448x2048.jpg 1448w, https:\/\/www.forbes.be\/fr\/wp-content\/uploads\/2025\/06\/pierre-van-der-merschillu-696x985.jpg 696w, https:\/\/www.forbes.be\/fr\/wp-content\/uploads\/2025\/06\/pierre-van-der-merschillu-1068x1511.jpg 1068w, https:\/\/www.forbes.be\/fr\/wp-content\/uploads\/2025\/06\/pierre-van-der-merschillu-1920x2716.jpg 1920w, https:\/\/www.forbes.be\/fr\/wp-content\/uploads\/2025\/06\/pierre-van-der-merschillu-600x849.jpg 600w, https:\/\/www.forbes.be\/fr\/wp-content\/uploads\/2025\/06\/pierre-van-der-merschillu-scaled.jpg 1810w\" sizes=\"auto, (max-width: 212px) 100vw, 212px\" \/><figcaption id=\"caption-attachment-11054\" class=\"wp-caption-text\">\u00a9 Mathilde Manka<\/figcaption><\/figure>\n<h3 class=\"p1\"><span class=\"s1\">10. Pierre Van Der Mersch<\/span><\/h3>\n<p class=\"p2\"><strong><span class=\"s1\">(90 ans, 2,7 milliards de dollars)<span class=\"Apple-converted-space\">\u00a0<\/span><\/span><\/strong><\/p>\n<p class=\"p3\"><span class=\"s1\">Pierre Van Der Mersch poss\u00e8de une fortune de 2,7 milliards de dollars. Acteur \u00e9conomique influent en Belgique, il a pilot\u00e9 la soci\u00e9t\u00e9 d\u2019investissement cot\u00e9e Brederode. Bien qu\u2019il ait renonc\u00e9 \u00e0 ses mandats actifs, il reste strat\u00e9giquement impliqu\u00e9 via des investissements dans divers secteurs. Sa fortune s\u2019est construite gr\u00e2ce \u00e0 des ann\u00e9es d\u2019investissements r\u00e9ussis et une perspicacit\u00e9 commerciale aiguis\u00e9e. Van Der Mersch est reconnu pour sa patience et sa vision \u00e0 long terme.<span class=\"Apple-converted-space\">\u00a0<\/span><\/span><\/p>\n<p>&nbsp;<\/p>\n<p>&nbsp;<\/p>\n<figure id=\"attachment_11062\" aria-describedby=\"caption-attachment-11062\" style=\"width: 212px\" class=\"wp-caption alignleft\"><img loading=\"lazy\" decoding=\"async\" class=\"size-medium wp-image-11062\" src=\"https:\/\/www.forbes.be\/fr\/wp-content\/uploads\/2025\/06\/pvanhalst-212x300.jpg\" alt=\"\" width=\"212\" height=\"300\" srcset=\"https:\/\/www.forbes.be\/fr\/wp-content\/uploads\/2025\/06\/pvanhalst-212x300.jpg 212w, https:\/\/www.forbes.be\/fr\/wp-content\/uploads\/2025\/06\/pvanhalst-724x1024.jpg 724w, https:\/\/www.forbes.be\/fr\/wp-content\/uploads\/2025\/06\/pvanhalst-768x1086.jpg 768w, https:\/\/www.forbes.be\/fr\/wp-content\/uploads\/2025\/06\/pvanhalst-1086x1536.jpg 1086w, https:\/\/www.forbes.be\/fr\/wp-content\/uploads\/2025\/06\/pvanhalst-1448x2048.jpg 1448w, https:\/\/www.forbes.be\/fr\/wp-content\/uploads\/2025\/06\/pvanhalst-696x985.jpg 696w, https:\/\/www.forbes.be\/fr\/wp-content\/uploads\/2025\/06\/pvanhalst-1068x1511.jpg 1068w, https:\/\/www.forbes.be\/fr\/wp-content\/uploads\/2025\/06\/pvanhalst-1920x2716.jpg 1920w, https:\/\/www.forbes.be\/fr\/wp-content\/uploads\/2025\/06\/pvanhalst-600x849.jpg 600w, https:\/\/www.forbes.be\/fr\/wp-content\/uploads\/2025\/06\/pvanhalst-scaled.jpg 1810w\" sizes=\"auto, (max-width: 212px) 100vw, 212px\" \/><figcaption id=\"caption-attachment-11062\" class=\"wp-caption-text\">\u00a9 Mathilde Manka<\/figcaption><\/figure>\n<h3 class=\"p1\"><span class=\"s1\">11. Pascal Vanhalst<span class=\"Apple-converted-space\">\u00a0<\/span><\/span><\/h3>\n<p class=\"p2\"><strong><span class=\"s1\">(59 ans, 1,6 milliard de dollars)<span class=\"Apple-converted-space\">\u00a0<\/span><\/span><\/strong><\/p>\n<p class=\"p3\"><span class=\"s1\">Entrepreneur connu pour sa modestie, Pascal Vanhalst se distingue \u00e9galement par ses comp\u00e9tences techniques. Avec une formation en technologie industrielle et une passion pour l\u2019efficacit\u00e9 op\u00e9rationnelle, il a transform\u00e9 TVH en leader mondial des pi\u00e8ces et accessoires pour v\u00e9hicules industriels, comme les chariots \u00e9l\u00e9vateurs et les machines d\u2019entrep\u00f4t. L\u2019entreprise compte aujourd\u2019hui 7 000 employ\u00e9s et d\u00e9ploie ses activit\u00e9s dans 26 pays. En 2021, il a vendu sa participation de 40% dans TVH pour 1,5 milliard d\u2019euros, tout en conservant pleinement Mateco, sp\u00e9cialiste de la\u00a0 \u00a0 \u00a0 \u00a0 <\/span><span class=\"s1\">location de nacelles \u00e9l\u00e9vatrices. Via sa holding familiale Quva, il investit dans les principaux leaders industriels europ\u00e9ens comme Resilux et Abriso. Vanhalst est connu pour son approche directe et sa pr\u00e9dilection pour la cr\u00e9ation de valeur durable.<span class=\"Apple-converted-space\">\u00a0 \u00a0<\/span><\/span><\/p>\n<p>&nbsp;<\/p>\n<figure id=\"attachment_11063\" aria-describedby=\"caption-attachment-11063\" style=\"width: 212px\" class=\"wp-caption alignleft\"><img loading=\"lazy\" decoding=\"async\" class=\"size-medium wp-image-11063\" src=\"https:\/\/www.forbes.be\/fr\/wp-content\/uploads\/2025\/06\/rduchatalet-212x300.jpg\" alt=\"\" width=\"212\" height=\"300\" srcset=\"https:\/\/www.forbes.be\/fr\/wp-content\/uploads\/2025\/06\/rduchatalet-212x300.jpg 212w, https:\/\/www.forbes.be\/fr\/wp-content\/uploads\/2025\/06\/rduchatalet-724x1024.jpg 724w, https:\/\/www.forbes.be\/fr\/wp-content\/uploads\/2025\/06\/rduchatalet-768x1086.jpg 768w, https:\/\/www.forbes.be\/fr\/wp-content\/uploads\/2025\/06\/rduchatalet-1086x1536.jpg 1086w, https:\/\/www.forbes.be\/fr\/wp-content\/uploads\/2025\/06\/rduchatalet-1448x2048.jpg 1448w, https:\/\/www.forbes.be\/fr\/wp-content\/uploads\/2025\/06\/rduchatalet-696x985.jpg 696w, https:\/\/www.forbes.be\/fr\/wp-content\/uploads\/2025\/06\/rduchatalet-1068x1511.jpg 1068w, https:\/\/www.forbes.be\/fr\/wp-content\/uploads\/2025\/06\/rduchatalet-1920x2716.jpg 1920w, https:\/\/www.forbes.be\/fr\/wp-content\/uploads\/2025\/06\/rduchatalet-600x849.jpg 600w, https:\/\/www.forbes.be\/fr\/wp-content\/uploads\/2025\/06\/rduchatalet-scaled.jpg 1810w\" sizes=\"auto, (max-width: 212px) 100vw, 212px\" \/><figcaption id=\"caption-attachment-11063\" class=\"wp-caption-text\">\u00a9 Mathilde Manka<\/figcaption><\/figure>\n<h3 class=\"p2\"><span class=\"s1\">12. Roland Duch\u00e2telet<span class=\"Apple-converted-space\">\u00a0<\/span><\/span><\/h3>\n<p class=\"p3\"><span class=\"s1\"><strong>(78 ans, 1,5 milliard de dollars)<\/strong><span class=\"Apple-converted-space\">\u00a0<\/span><\/span><\/p>\n<p class=\"p4\"><span class=\"s1\">Fondateur et pr\u00e9sident de Xtrion, d\u00e9tenteur d\u2019entreprises cot\u00e9es comme Melexis et X-Fab, Roland Duch\u00e2telet fait figure de pionnier dans les semi-conducteurs pour l\u2019industrie automobile, avec une fortune d\u2019environ 1,5 milliard de dollars. Duch\u00e2telet a investi \u00e9galement dans des clubs de football, dont le Standard et Charlton Athletic. Il est par ailleurs propri\u00e9taire du stade de Charlton et du FC Carl Zeiss I\u00e9na. Duch\u00e2telet \u00e9tait \u00e9galement actif en politique en tant qu\u2019ancien s\u00e9nateur et fondateur de Vivant. Il est connu pour sa vision tr\u00e8s personnelle de l\u2019\u00e9conomie et de l\u2019innovation. <span class=\"Apple-converted-space\">\u00a0<\/span><\/span><\/p>\n<p>&nbsp;<\/p>\n<p>&nbsp;<\/p>\n<p>&nbsp;<\/p>\n<figure id=\"attachment_11059\" aria-describedby=\"caption-attachment-11059\" style=\"width: 212px\" class=\"wp-caption alignleft\"><img loading=\"lazy\" decoding=\"async\" class=\"size-medium wp-image-11059\" src=\"https:\/\/www.forbes.be\/fr\/wp-content\/uploads\/2025\/06\/fbalcaen-212x300.jpg\" alt=\"\" width=\"212\" height=\"300\" srcset=\"https:\/\/www.forbes.be\/fr\/wp-content\/uploads\/2025\/06\/fbalcaen-212x300.jpg 212w, https:\/\/www.forbes.be\/fr\/wp-content\/uploads\/2025\/06\/fbalcaen-724x1024.jpg 724w, https:\/\/www.forbes.be\/fr\/wp-content\/uploads\/2025\/06\/fbalcaen-768x1086.jpg 768w, https:\/\/www.forbes.be\/fr\/wp-content\/uploads\/2025\/06\/fbalcaen-1086x1536.jpg 1086w, https:\/\/www.forbes.be\/fr\/wp-content\/uploads\/2025\/06\/fbalcaen-1448x2048.jpg 1448w, https:\/\/www.forbes.be\/fr\/wp-content\/uploads\/2025\/06\/fbalcaen-696x985.jpg 696w, https:\/\/www.forbes.be\/fr\/wp-content\/uploads\/2025\/06\/fbalcaen-1068x1511.jpg 1068w, https:\/\/www.forbes.be\/fr\/wp-content\/uploads\/2025\/06\/fbalcaen-1920x2716.jpg 1920w, https:\/\/www.forbes.be\/fr\/wp-content\/uploads\/2025\/06\/fbalcaen-600x849.jpg 600w, https:\/\/www.forbes.be\/fr\/wp-content\/uploads\/2025\/06\/fbalcaen-scaled.jpg 1810w\" sizes=\"auto, (max-width: 212px) 100vw, 212px\" \/><figcaption id=\"caption-attachment-11059\" class=\"wp-caption-text\">\u00a9 Mathilde Manka<\/figcaption><\/figure>\n<h3 class=\"p1\"><span class=\"s1\">13. Filip Balcaen<span class=\"Apple-converted-space\">\u00a0<\/span><\/span><\/h3>\n<p class=\"p2\"><strong><span class=\"s1\">(65 ans, 1,4 milliard de dollars)<span class=\"Apple-converted-space\">\u00a0<\/span><\/span><\/strong><\/p>\n<p class=\"p3\"><span class=\"s1\">Filip Balcaen est un investisseur belge et ancien CEO d\u2019entreprises de rev\u00eatements de sol, Balta et IVC, qu\u2019il a d\u00e9velopp\u00e9es au point d\u2019en faire des acteurs mondiaux de premier plan. Apr\u00e8s la vente d\u2019IVC en 2015, il a fond\u00e9 Baltisse, une soci\u00e9t\u00e9 d\u2019investissement active dans le capital-investissement et l\u2019immobilier. Baltisse d\u00e9tient des participations dans des entreprises industrielles et orient\u00e9es consommateur, dont Baobab Collection et Recticel. Il prend \u00e9galement part \u00e0 des initiatives philanthropiques. <\/span><\/p>\n<p class=\"p3\"><span class=\"s1\"><span class=\"Apple-converted-space\">\u00a0<\/span><\/span><\/p>\n<p>&nbsp;<\/p>\n<figure id=\"attachment_11058\" aria-describedby=\"caption-attachment-11058\" style=\"width: 212px\" class=\"wp-caption alignleft\"><img loading=\"lazy\" decoding=\"async\" class=\"size-medium wp-image-11058\" src=\"https:\/\/www.forbes.be\/fr\/wp-content\/uploads\/2025\/06\/cbeauduin-212x300.jpg\" alt=\"\" width=\"212\" height=\"300\" srcset=\"https:\/\/www.forbes.be\/fr\/wp-content\/uploads\/2025\/06\/cbeauduin-212x300.jpg 212w, https:\/\/www.forbes.be\/fr\/wp-content\/uploads\/2025\/06\/cbeauduin-724x1024.jpg 724w, https:\/\/www.forbes.be\/fr\/wp-content\/uploads\/2025\/06\/cbeauduin-768x1086.jpg 768w, https:\/\/www.forbes.be\/fr\/wp-content\/uploads\/2025\/06\/cbeauduin-1086x1536.jpg 1086w, https:\/\/www.forbes.be\/fr\/wp-content\/uploads\/2025\/06\/cbeauduin-1448x2048.jpg 1448w, https:\/\/www.forbes.be\/fr\/wp-content\/uploads\/2025\/06\/cbeauduin-696x985.jpg 696w, https:\/\/www.forbes.be\/fr\/wp-content\/uploads\/2025\/06\/cbeauduin-1068x1511.jpg 1068w, https:\/\/www.forbes.be\/fr\/wp-content\/uploads\/2025\/06\/cbeauduin-1920x2716.jpg 1920w, https:\/\/www.forbes.be\/fr\/wp-content\/uploads\/2025\/06\/cbeauduin-600x849.jpg 600w, https:\/\/www.forbes.be\/fr\/wp-content\/uploads\/2025\/06\/cbeauduin-scaled.jpg 1810w\" sizes=\"auto, (max-width: 212px) 100vw, 212px\" \/><figcaption id=\"caption-attachment-11058\" class=\"wp-caption-text\">\u00a9 Mathilde Manka<\/figcaption><\/figure>\n<h3 class=\"p1\"><span class=\"s1\">14. Charles Beauduin<span class=\"Apple-converted-space\">\u00a0<\/span><\/span><\/h3>\n<p class=\"p2\"><strong><span class=\"s1\">(66 ans, 1,3 milliard de dollars)<span class=\"Apple-converted-space\">\u00a0<\/span><\/span><\/strong><\/p>\n<p class=\"p3\">Charles Beauduin est CEO et propri\u00e9taire de Vandewiele, leader sur le march\u00e9 des machines textiles de haute technologie, qui compte plusieurs implantations dans le monde. Vandewiele a renforc\u00e9 sa position avec l\u2019acquisition du groupe italien Savio. Beauduin est \u00e9galement co-CEO et principal actionnaire de l\u2019entreprise technologique Barco. Dipl\u00f4m\u00e9 en droit, il a obtenu un MBA \u00e0 Harvard.<span class=\"Apple-converted-space\">\u00a0<\/span><\/p>\n<p>&nbsp;<\/p>\n<p>&nbsp;<\/p>\n<p>&nbsp;<\/p>\n<figure id=\"attachment_11061\" aria-describedby=\"caption-attachment-11061\" style=\"width: 212px\" class=\"wp-caption alignleft\"><img loading=\"lazy\" decoding=\"async\" class=\"size-medium wp-image-11061\" src=\"https:\/\/www.forbes.be\/fr\/wp-content\/uploads\/2025\/06\/ltack-212x300.jpg\" alt=\"\" width=\"212\" height=\"300\" srcset=\"https:\/\/www.forbes.be\/fr\/wp-content\/uploads\/2025\/06\/ltack-212x300.jpg 212w, https:\/\/www.forbes.be\/fr\/wp-content\/uploads\/2025\/06\/ltack-724x1024.jpg 724w, https:\/\/www.forbes.be\/fr\/wp-content\/uploads\/2025\/06\/ltack-768x1086.jpg 768w, https:\/\/www.forbes.be\/fr\/wp-content\/uploads\/2025\/06\/ltack-1086x1536.jpg 1086w, https:\/\/www.forbes.be\/fr\/wp-content\/uploads\/2025\/06\/ltack-1448x2048.jpg 1448w, https:\/\/www.forbes.be\/fr\/wp-content\/uploads\/2025\/06\/ltack-696x985.jpg 696w, https:\/\/www.forbes.be\/fr\/wp-content\/uploads\/2025\/06\/ltack-1068x1511.jpg 1068w, https:\/\/www.forbes.be\/fr\/wp-content\/uploads\/2025\/06\/ltack-1920x2716.jpg 1920w, https:\/\/www.forbes.be\/fr\/wp-content\/uploads\/2025\/06\/ltack-600x849.jpg 600w, https:\/\/www.forbes.be\/fr\/wp-content\/uploads\/2025\/06\/ltack-scaled.jpg 1810w\" sizes=\"auto, (max-width: 212px) 100vw, 212px\" \/><figcaption id=\"caption-attachment-11061\" class=\"wp-caption-text\">\u00a9 Mathilde Manka<\/figcaption><\/figure>\n<h3 class=\"p1\"><span class=\"s1\">15. Luc Tack<span class=\"Apple-converted-space\">\u00a0<\/span><\/span><\/h3>\n<p class=\"p2\"><strong><span class=\"s1\">(64 ans, 1,1 milliard de dollars)<\/span><\/strong><\/p>\n<p class=\"p3\"><span class=\"s1\">Luc Tack est la t\u00eate pensante de Picanol et du Groupe Tessenderlo. En tant que CEO de Picanol depuis 2011, il a conduit la restructuration de l\u2019entreprise et a su la propulser \u00e0 nouveau au sommet. Depuis 2013, il dirige \u00e9galement le Groupe Tessenderlo, actif dans la chimie. En 2022, les entreprises ont fusionn\u00e9 pour acqu\u00e9rir davantage de puissance financi\u00e8re. La fortune de Tack est estim\u00e9e \u00e0 plus de 1,1 milliard de dollars. Optimiste malgr\u00e9 les fluctuations du march\u00e9, il a inaugur\u00e9 en 2025 un nouveau si\u00e8ge \u00e0 Ypres.<span class=\"Apple-converted-space\">\u00a0<\/span><\/span><\/p>\n<p>&nbsp;<\/p>\n<p>&nbsp;<\/p>\n<figure id=\"attachment_11060\" aria-describedby=\"caption-attachment-11060\" style=\"width: 212px\" class=\"wp-caption alignleft\"><img loading=\"lazy\" decoding=\"async\" class=\"size-medium wp-image-11060\" src=\"https:\/\/www.forbes.be\/fr\/wp-content\/uploads\/2025\/06\/jdhaeenes-212x300.jpg\" alt=\"\" width=\"212\" height=\"300\" srcset=\"https:\/\/www.forbes.be\/fr\/wp-content\/uploads\/2025\/06\/jdhaeenes-212x300.jpg 212w, https:\/\/www.forbes.be\/fr\/wp-content\/uploads\/2025\/06\/jdhaeenes-724x1024.jpg 724w, https:\/\/www.forbes.be\/fr\/wp-content\/uploads\/2025\/06\/jdhaeenes-768x1086.jpg 768w, https:\/\/www.forbes.be\/fr\/wp-content\/uploads\/2025\/06\/jdhaeenes-1086x1536.jpg 1086w, https:\/\/www.forbes.be\/fr\/wp-content\/uploads\/2025\/06\/jdhaeenes-1448x2048.jpg 1448w, https:\/\/www.forbes.be\/fr\/wp-content\/uploads\/2025\/06\/jdhaeenes-696x985.jpg 696w, https:\/\/www.forbes.be\/fr\/wp-content\/uploads\/2025\/06\/jdhaeenes-1068x1511.jpg 1068w, https:\/\/www.forbes.be\/fr\/wp-content\/uploads\/2025\/06\/jdhaeenes-1920x2716.jpg 1920w, https:\/\/www.forbes.be\/fr\/wp-content\/uploads\/2025\/06\/jdhaeenes-600x849.jpg 600w, https:\/\/www.forbes.be\/fr\/wp-content\/uploads\/2025\/06\/jdhaeenes-scaled.jpg 1810w\" sizes=\"auto, (max-width: 212px) 100vw, 212px\" \/><figcaption id=\"caption-attachment-11060\" class=\"wp-caption-text\">\u00a9 Mathilde Manka<\/figcaption><\/figure>\n<h3 class=\"p1\"><span class=\"s1\">16. Jonas Dhaenens<span class=\"Apple-converted-space\">\u00a0<\/span><\/span><\/h3>\n<p class=\"p2\"><strong><span class=\"s1\">(43 ans, 1,1 milliard de dollars)<span class=\"Apple-converted-space\">\u00a0<\/span><\/span><\/strong><\/p>\n<p class=\"p3\"><span class=\"s1\">Jonas Dhaenens a lanc\u00e9 \u00e0 16 ans Combell, rapidement devenu le leader du march\u00e9 de l\u2019h\u00e9bergement web. En 2019, il a dirig\u00e9 la fusion pour former team.blue, un fournisseur de services num\u00e9riques pour plus de 3,3 millions de clients dans 22 pays. Team.blue offre des services dans les secteurs des noms de domaines, du commerce en ligne, du marketing et de la facturation. Le plus jeune milliardaire de la liste investit \u00e9galement dans les entreprises technologiques.<span class=\"Apple-converted-space\">\u00a0<\/span><\/span><\/p>\n<p>&nbsp;<\/p>\n<p>&nbsp;<\/p>\n<figure id=\"attachment_11057\" aria-describedby=\"caption-attachment-11057\" style=\"width: 212px\" class=\"wp-caption alignleft\"><img loading=\"lazy\" decoding=\"async\" class=\"size-medium wp-image-11057\" src=\"https:\/\/www.forbes.be\/fr\/wp-content\/uploads\/2025\/06\/bvmalderen-212x300.jpg\" alt=\"\" width=\"212\" height=\"300\" srcset=\"https:\/\/www.forbes.be\/fr\/wp-content\/uploads\/2025\/06\/bvmalderen-212x300.jpg 212w, https:\/\/www.forbes.be\/fr\/wp-content\/uploads\/2025\/06\/bvmalderen-724x1024.jpg 724w, https:\/\/www.forbes.be\/fr\/wp-content\/uploads\/2025\/06\/bvmalderen-768x1086.jpg 768w, https:\/\/www.forbes.be\/fr\/wp-content\/uploads\/2025\/06\/bvmalderen-1086x1536.jpg 1086w, https:\/\/www.forbes.be\/fr\/wp-content\/uploads\/2025\/06\/bvmalderen-1448x2048.jpg 1448w, https:\/\/www.forbes.be\/fr\/wp-content\/uploads\/2025\/06\/bvmalderen-696x985.jpg 696w, https:\/\/www.forbes.be\/fr\/wp-content\/uploads\/2025\/06\/bvmalderen-1068x1511.jpg 1068w, https:\/\/www.forbes.be\/fr\/wp-content\/uploads\/2025\/06\/bvmalderen-1920x2716.jpg 1920w, https:\/\/www.forbes.be\/fr\/wp-content\/uploads\/2025\/06\/bvmalderen-600x849.jpg 600w, https:\/\/www.forbes.be\/fr\/wp-content\/uploads\/2025\/06\/bvmalderen-scaled.jpg 1810w\" sizes=\"auto, (max-width: 212px) 100vw, 212px\" \/><figcaption id=\"caption-attachment-11057\" class=\"wp-caption-text\">\u00a9 Mathilde Manka<\/figcaption><\/figure>\n<h3 class=\"p1\"><span class=\"s1\">17. Bart Van Malderen<span class=\"Apple-converted-space\">\u00a0<\/span><\/span><\/h3>\n<p class=\"p2\"><strong><span class=\"s1\">(59 ans, 1 milliard de dollars)<span class=\"Apple-converted-space\">\u00a0<\/span><\/span><\/strong><\/p>\n<p class=\"p3\"><span class=\"s1\">Bart Van Malderen est fondateur et CEO de Drylock Technologies, sp\u00e9cialis\u00e9 dans les produits d\u2019hygi\u00e8ne innovants. Apr\u00e8s son succ\u00e8s chez Ontex, il a fond\u00e9 Drylock en 2011 et l\u2019a d\u00e9velopp\u00e9 pour en faire un acteur international comptant plus de 2 500 employ\u00e9s et un chiffre d\u2019affaires d\u20191,2 milliard d\u2019euros. Le fonds d\u2019investissement Sofina d\u00e9tient 25% des parts de l\u2019entreprise, mais Van Malderen en conserve 75% et garde donc le contr\u00f4le. Il est connu pour son audace, et sa pr\u00e9dilection pour l\u2019innovation.<span class=\"Apple-converted-space\">\u00a0<\/span><\/span><\/p>\n","protected":false},"excerpt":{"rendered":"<p>Forbes pr\u00e9sente la liste des milliardaires belges en 2025. Les fortunes combin\u00e9es de ces quinze hommes et deux femmes s\u2019\u00e9l\u00e8vent \u00e0 50,5 milliards de dollars. \u00a0 Depuis 1987, Forbes publie chaque ann\u00e9e la liste actualis\u00e9e des milliardaires, exprim\u00e9e en dollars am\u00e9ricains. Cette liste, qui prend en compte les dettes et d\u2019autres facteurs, se base sur [&hellip;]<\/p>\n","protected":false},"author":12,"featured_media":11106,"comment_status":"closed","ping_status":"closed","sticky":false,"template":"","format":"standard","meta":{"_acf_changed":false,"inline_featured_image":false,"footnotes":""},"categories":[1,19,16,15,21,27],"tags":[],"class_list":{"0":"post-11042","1":"post","2":"type-post","3":"status-publish","4":"format-standard","5":"has-post-thumbnail","7":"category-actualite","8":"category-entrepreneurs","9":"category-finance","10":"category-leadership","11":"category-liste","12":"category-societe"},"acf":[],"_yoast_wpseo_title":null,"_yoast_wpseo_metadesc":"Qui sont les 17 milliardaires belges de 2025 ? D\u00e9couvrez les fortunes, parcours et dynasties familiales qui fa\u00e7onnent le sommet de l'\u00e9conomie belge.","auteur_traducteur":"","yoast_head":"<!-- This site is optimized with the Yoast SEO plugin v27.4 - https:\/\/yoast.com\/product\/yoast-seo-wordpress\/ -->\n<title>17 milliardaires belges | Forbes Belgique<\/title>\n<meta name=\"description\" content=\"Qui sont les 17 milliardaires belges de 2025 ? D\u00e9couvrez les fortunes, parcours et dynasties familiales qui fa\u00e7onnent le sommet de l&#039;\u00e9conomie belge.\" \/>\n<meta name=\"robots\" content=\"index, follow, max-snippet:-1, max-image-preview:large, max-video-preview:-1\" \/>\n<link rel=\"canonical\" href=\"https:\/\/www.forbes.be\/fr\/17-milliardaires-belges\/\" \/>\n<meta property=\"og:locale\" content=\"fr_FR\" \/>\n<meta property=\"og:type\" content=\"article\" \/>\n<meta property=\"og:title\" content=\"17 milliardaires belges | Forbes Belgique\" \/>\n<meta property=\"og:description\" content=\"Qui sont les 17 milliardaires belges de 2025 ? D\u00e9couvrez les fortunes, parcours et dynasties familiales qui fa\u00e7onnent le sommet de l&#039;\u00e9conomie belge.\" \/>\n<meta property=\"og:url\" content=\"https:\/\/www.forbes.be\/fr\/17-milliardaires-belges\/\" \/>\n<meta property=\"og:site_name\" content=\"Forbes Belgique\" \/>\n<meta property=\"article:publisher\" content=\"https:\/\/www.facebook.com\/forbesbelgique\/\" \/>\n<meta property=\"article:published_time\" content=\"2025-06-27T09:31:09+00:00\" \/>\n<meta property=\"og:image\" content=\"https:\/\/www.forbes.be\/fr\/wp-content\/uploads\/2025\/06\/admin-ajax-1.png\" \/>\n\t<meta property=\"og:image:width\" content=\"600\" \/>\n\t<meta property=\"og:image:height\" content=\"338\" \/>\n\t<meta property=\"og:image:type\" content=\"image\/png\" \/>\n<meta name=\"author\" content=\"Lieven Desmet\" \/>\n<meta name=\"twitter:card\" content=\"summary_large_image\" \/>\n<meta name=\"twitter:label1\" content=\"\u00c9crit par\" \/>\n\t<meta name=\"twitter:data1\" content=\"Lieven Desmet\" \/>\n\t<meta name=\"twitter:label2\" content=\"Dur\u00e9e de lecture estim\u00e9e\" \/>\n\t<meta name=\"twitter:data2\" content=\"19 minutes\" \/>\n<script type=\"application\/ld+json\" class=\"yoast-schema-graph\">{\"@context\":\"https:\\\/\\\/schema.org\",\"@graph\":[{\"@type\":\"NewsArticle\",\"@id\":\"https:\\\/\\\/www.forbes.be\\\/fr\\\/17-milliardaires-belges\\\/#article\",\"isPartOf\":{\"@id\":\"https:\\\/\\\/www.forbes.be\\\/fr\\\/17-milliardaires-belges\\\/\"},\"author\":{\"name\":\"Lieven Desmet\",\"@id\":\"https:\\\/\\\/www.forbes.be\\\/fr\\\/#\\\/schema\\\/person\\\/87d98a9bc7c6fb6996cabbdf269dd70a\"},\"headline\":\"17 milliardaires belges\",\"datePublished\":\"2025-06-27T09:31:09+00:00\",\"mainEntityOfPage\":{\"@id\":\"https:\\\/\\\/www.forbes.be\\\/fr\\\/17-milliardaires-belges\\\/\"},\"wordCount\":3209,\"publisher\":{\"@id\":\"https:\\\/\\\/www.forbes.be\\\/fr\\\/#organization\"},\"image\":{\"@id\":\"https:\\\/\\\/www.forbes.be\\\/fr\\\/17-milliardaires-belges\\\/#primaryimage\"},\"thumbnailUrl\":\"https:\\\/\\\/www.forbes.be\\\/fr\\\/wp-content\\\/uploads\\\/2025\\\/06\\\/admin-ajax-1-e1751460008455.png\",\"articleSection\":[\"Actualit\u00e9s\",\"Entrepreneurs\",\"Finance\",\"Leadership\",\"Listes\",\"Soci\u00e9t\u00e9\"],\"inLanguage\":\"fr-FR\"},{\"@type\":\"WebPage\",\"@id\":\"https:\\\/\\\/www.forbes.be\\\/fr\\\/17-milliardaires-belges\\\/\",\"url\":\"https:\\\/\\\/www.forbes.be\\\/fr\\\/17-milliardaires-belges\\\/\",\"name\":\"17 milliardaires belges | Forbes Belgique\",\"isPartOf\":{\"@id\":\"https:\\\/\\\/www.forbes.be\\\/fr\\\/#website\"},\"primaryImageOfPage\":{\"@id\":\"https:\\\/\\\/www.forbes.be\\\/fr\\\/17-milliardaires-belges\\\/#primaryimage\"},\"image\":{\"@id\":\"https:\\\/\\\/www.forbes.be\\\/fr\\\/17-milliardaires-belges\\\/#primaryimage\"},\"thumbnailUrl\":\"https:\\\/\\\/www.forbes.be\\\/fr\\\/wp-content\\\/uploads\\\/2025\\\/06\\\/admin-ajax-1-e1751460008455.png\",\"datePublished\":\"2025-06-27T09:31:09+00:00\",\"description\":\"Qui sont les 17 milliardaires belges de 2025 ? D\u00e9couvrez les fortunes, parcours et dynasties familiales qui fa\u00e7onnent le sommet de l'\u00e9conomie belge.\",\"breadcrumb\":{\"@id\":\"https:\\\/\\\/www.forbes.be\\\/fr\\\/17-milliardaires-belges\\\/#breadcrumb\"},\"inLanguage\":\"fr-FR\",\"potentialAction\":[{\"@type\":\"ReadAction\",\"target\":[\"https:\\\/\\\/www.forbes.be\\\/fr\\\/17-milliardaires-belges\\\/\"]}]},{\"@type\":\"ImageObject\",\"inLanguage\":\"fr-FR\",\"@id\":\"https:\\\/\\\/www.forbes.be\\\/fr\\\/17-milliardaires-belges\\\/#primaryimage\",\"url\":\"https:\\\/\\\/www.forbes.be\\\/fr\\\/wp-content\\\/uploads\\\/2025\\\/06\\\/admin-ajax-1-e1751460008455.png\",\"contentUrl\":\"https:\\\/\\\/www.forbes.be\\\/fr\\\/wp-content\\\/uploads\\\/2025\\\/06\\\/admin-ajax-1-e1751460008455.png\",\"width\":600,\"height\":314,\"caption\":\"\u00a9 Mathilde Manka\"},{\"@type\":\"BreadcrumbList\",\"@id\":\"https:\\\/\\\/www.forbes.be\\\/fr\\\/17-milliardaires-belges\\\/#breadcrumb\",\"itemListElement\":[{\"@type\":\"ListItem\",\"position\":1,\"name\":\"Accueil\",\"item\":\"https:\\\/\\\/www.forbes.be\\\/fr\\\/\"},{\"@type\":\"ListItem\",\"position\":2,\"name\":\"17 milliardaires belges\"}]},{\"@type\":\"WebSite\",\"@id\":\"https:\\\/\\\/www.forbes.be\\\/fr\\\/#website\",\"url\":\"https:\\\/\\\/www.forbes.be\\\/fr\\\/\",\"name\":\"Forbes Belgique\",\"description\":\"\",\"publisher\":{\"@id\":\"https:\\\/\\\/www.forbes.be\\\/fr\\\/#organization\"},\"potentialAction\":[{\"@type\":\"SearchAction\",\"target\":{\"@type\":\"EntryPoint\",\"urlTemplate\":\"https:\\\/\\\/www.forbes.be\\\/fr\\\/?s={search_term_string}\"},\"query-input\":{\"@type\":\"PropertyValueSpecification\",\"valueRequired\":true,\"valueName\":\"search_term_string\"}}],\"inLanguage\":\"fr-FR\"},{\"@type\":\"Organization\",\"@id\":\"https:\\\/\\\/www.forbes.be\\\/fr\\\/#organization\",\"name\":\"Forbes Belgique\",\"url\":\"https:\\\/\\\/www.forbes.be\\\/fr\\\/\",\"logo\":{\"@type\":\"ImageObject\",\"inLanguage\":\"fr-FR\",\"@id\":\"https:\\\/\\\/www.forbes.be\\\/fr\\\/#\\\/schema\\\/logo\\\/image\\\/\",\"url\":\"https:\\\/\\\/www.forbes.be\\\/fr\\\/wp-content\\\/uploads\\\/2024\\\/02\\\/forbes.be_.png\",\"contentUrl\":\"https:\\\/\\\/www.forbes.be\\\/fr\\\/wp-content\\\/uploads\\\/2024\\\/02\\\/forbes.be_.png\",\"width\":1200,\"height\":675,\"caption\":\"Forbes Belgique\"},\"image\":{\"@id\":\"https:\\\/\\\/www.forbes.be\\\/fr\\\/#\\\/schema\\\/logo\\\/image\\\/\"},\"sameAs\":[\"https:\\\/\\\/www.facebook.com\\\/forbesbelgique\\\/\",\"https:\\\/\\\/www.instagram.com\\\/Forbes_Belgium\",\"https:\\\/\\\/www.linkedin.com\\\/company\\\/forbes-belgium\\\/\"]},{\"@type\":\"Person\",\"@id\":\"https:\\\/\\\/www.forbes.be\\\/fr\\\/#\\\/schema\\\/person\\\/87d98a9bc7c6fb6996cabbdf269dd70a\",\"name\":\"Lieven Desmet\",\"image\":{\"@type\":\"ImageObject\",\"inLanguage\":\"fr-FR\",\"@id\":\"https:\\\/\\\/www.forbes.be\\\/fr\\\/wp-content\\\/uploads\\\/2024\\\/01\\\/65-150x150.jpg\",\"url\":\"https:\\\/\\\/www.forbes.be\\\/fr\\\/wp-content\\\/uploads\\\/2024\\\/01\\\/65-150x150.jpg\",\"contentUrl\":\"https:\\\/\\\/www.forbes.be\\\/fr\\\/wp-content\\\/uploads\\\/2024\\\/01\\\/65-150x150.jpg\",\"caption\":\"Lieven Desmet\"},\"url\":\"https:\\\/\\\/www.forbes.be\\\/fr\\\/author\\\/lieven-desmet\\\/\"}]}<\/script>\n<!-- \/ Yoast SEO plugin. -->","yoast_head_json":{"title":"17 milliardaires belges | Forbes Belgique","description":"Qui sont les 17 milliardaires belges de 2025 ? D\u00e9couvrez les fortunes, parcours et dynasties familiales qui fa\u00e7onnent le sommet de l'\u00e9conomie belge.","robots":{"index":"index","follow":"follow","max-snippet":"max-snippet:-1","max-image-preview":"max-image-preview:large","max-video-preview":"max-video-preview:-1"},"canonical":"https:\/\/www.forbes.be\/fr\/17-milliardaires-belges\/","og_locale":"fr_FR","og_type":"article","og_title":"17 milliardaires belges | Forbes Belgique","og_description":"Qui sont les 17 milliardaires belges de 2025 ? D\u00e9couvrez les fortunes, parcours et dynasties familiales qui fa\u00e7onnent le sommet de l'\u00e9conomie belge.","og_url":"https:\/\/www.forbes.be\/fr\/17-milliardaires-belges\/","og_site_name":"Forbes Belgique","article_publisher":"https:\/\/www.facebook.com\/forbesbelgique\/","article_published_time":"2025-06-27T09:31:09+00:00","og_image":[{"width":600,"height":338,"url":"https:\/\/www.forbes.be\/fr\/wp-content\/uploads\/2025\/06\/admin-ajax-1.png","type":"image\/png"}],"author":"Lieven Desmet","twitter_card":"summary_large_image","twitter_misc":{"\u00c9crit par":"Lieven Desmet","Dur\u00e9e de lecture estim\u00e9e":"19 minutes"},"schema":{"@context":"https:\/\/schema.org","@graph":[{"@type":"NewsArticle","@id":"https:\/\/www.forbes.be\/fr\/17-milliardaires-belges\/#article","isPartOf":{"@id":"https:\/\/www.forbes.be\/fr\/17-milliardaires-belges\/"},"author":{"name":"Lieven Desmet","@id":"https:\/\/www.forbes.be\/fr\/#\/schema\/person\/87d98a9bc7c6fb6996cabbdf269dd70a"},"headline":"17 milliardaires belges","datePublished":"2025-06-27T09:31:09+00:00","mainEntityOfPage":{"@id":"https:\/\/www.forbes.be\/fr\/17-milliardaires-belges\/"},"wordCount":3209,"publisher":{"@id":"https:\/\/www.forbes.be\/fr\/#organization"},"image":{"@id":"https:\/\/www.forbes.be\/fr\/17-milliardaires-belges\/#primaryimage"},"thumbnailUrl":"https:\/\/www.forbes.be\/fr\/wp-content\/uploads\/2025\/06\/admin-ajax-1-e1751460008455.png","articleSection":["Actualit\u00e9s","Entrepreneurs","Finance","Leadership","Listes","Soci\u00e9t\u00e9"],"inLanguage":"fr-FR"},{"@type":"WebPage","@id":"https:\/\/www.forbes.be\/fr\/17-milliardaires-belges\/","url":"https:\/\/www.forbes.be\/fr\/17-milliardaires-belges\/","name":"17 milliardaires belges | Forbes Belgique","isPartOf":{"@id":"https:\/\/www.forbes.be\/fr\/#website"},"primaryImageOfPage":{"@id":"https:\/\/www.forbes.be\/fr\/17-milliardaires-belges\/#primaryimage"},"image":{"@id":"https:\/\/www.forbes.be\/fr\/17-milliardaires-belges\/#primaryimage"},"thumbnailUrl":"https:\/\/www.forbes.be\/fr\/wp-content\/uploads\/2025\/06\/admin-ajax-1-e1751460008455.png","datePublished":"2025-06-27T09:31:09+00:00","description":"Qui sont les 17 milliardaires belges de 2025 ? D\u00e9couvrez les fortunes, parcours et dynasties familiales qui fa\u00e7onnent le sommet de l'\u00e9conomie belge.","breadcrumb":{"@id":"https:\/\/www.forbes.be\/fr\/17-milliardaires-belges\/#breadcrumb"},"inLanguage":"fr-FR","potentialAction":[{"@type":"ReadAction","target":["https:\/\/www.forbes.be\/fr\/17-milliardaires-belges\/"]}]},{"@type":"ImageObject","inLanguage":"fr-FR","@id":"https:\/\/www.forbes.be\/fr\/17-milliardaires-belges\/#primaryimage","url":"https:\/\/www.forbes.be\/fr\/wp-content\/uploads\/2025\/06\/admin-ajax-1-e1751460008455.png","contentUrl":"https:\/\/www.forbes.be\/fr\/wp-content\/uploads\/2025\/06\/admin-ajax-1-e1751460008455.png","width":600,"height":314,"caption":"\u00a9 Mathilde Manka"},{"@type":"BreadcrumbList","@id":"https:\/\/www.forbes.be\/fr\/17-milliardaires-belges\/#breadcrumb","itemListElement":[{"@type":"ListItem","position":1,"name":"Accueil","item":"https:\/\/www.forbes.be\/fr\/"},{"@type":"ListItem","position":2,"name":"17 milliardaires belges"}]},{"@type":"WebSite","@id":"https:\/\/www.forbes.be\/fr\/#website","url":"https:\/\/www.forbes.be\/fr\/","name":"Forbes Belgique","description":"","publisher":{"@id":"https:\/\/www.forbes.be\/fr\/#organization"},"potentialAction":[{"@type":"SearchAction","target":{"@type":"EntryPoint","urlTemplate":"https:\/\/www.forbes.be\/fr\/?s={search_term_string}"},"query-input":{"@type":"PropertyValueSpecification","valueRequired":true,"valueName":"search_term_string"}}],"inLanguage":"fr-FR"},{"@type":"Organization","@id":"https:\/\/www.forbes.be\/fr\/#organization","name":"Forbes Belgique","url":"https:\/\/www.forbes.be\/fr\/","logo":{"@type":"ImageObject","inLanguage":"fr-FR","@id":"https:\/\/www.forbes.be\/fr\/#\/schema\/logo\/image\/","url":"https:\/\/www.forbes.be\/fr\/wp-content\/uploads\/2024\/02\/forbes.be_.png","contentUrl":"https:\/\/www.forbes.be\/fr\/wp-content\/uploads\/2024\/02\/forbes.be_.png","width":1200,"height":675,"caption":"Forbes Belgique"},"image":{"@id":"https:\/\/www.forbes.be\/fr\/#\/schema\/logo\/image\/"},"sameAs":["https:\/\/www.facebook.com\/forbesbelgique\/","https:\/\/www.instagram.com\/Forbes_Belgium","https:\/\/www.linkedin.com\/company\/forbes-belgium\/"]},{"@type":"Person","@id":"https:\/\/www.forbes.be\/fr\/#\/schema\/person\/87d98a9bc7c6fb6996cabbdf269dd70a","name":"Lieven Desmet","image":{"@type":"ImageObject","inLanguage":"fr-FR","@id":"https:\/\/www.forbes.be\/fr\/wp-content\/uploads\/2024\/01\/65-150x150.jpg","url":"https:\/\/www.forbes.be\/fr\/wp-content\/uploads\/2024\/01\/65-150x150.jpg","contentUrl":"https:\/\/www.forbes.be\/fr\/wp-content\/uploads\/2024\/01\/65-150x150.jpg","caption":"Lieven Desmet"},"url":"https:\/\/www.forbes.be\/fr\/author\/lieven-desmet\/"}]}},"_links":{"self":[{"href":"https:\/\/www.forbes.be\/fr\/wp-json\/wp\/v2\/posts\/11042","targetHints":{"allow":["GET"]}}],"collection":[{"href":"https:\/\/www.forbes.be\/fr\/wp-json\/wp\/v2\/posts"}],"about":[{"href":"https:\/\/www.forbes.be\/fr\/wp-json\/wp\/v2\/types\/post"}],"author":[{"embeddable":true,"href":"https:\/\/www.forbes.be\/fr\/wp-json\/wp\/v2\/users\/12"}],"replies":[{"embeddable":true,"href":"https:\/\/www.forbes.be\/fr\/wp-json\/wp\/v2\/comments?post=11042"}],"version-history":[{"count":7,"href":"https:\/\/www.forbes.be\/fr\/wp-json\/wp\/v2\/posts\/11042\/revisions"}],"predecessor-version":[{"id":11270,"href":"https:\/\/www.forbes.be\/fr\/wp-json\/wp\/v2\/posts\/11042\/revisions\/11270"}],"wp:featuredmedia":[{"embeddable":true,"href":"https:\/\/www.forbes.be\/fr\/wp-json\/wp\/v2\/media\/11106"}],"wp:attachment":[{"href":"https:\/\/www.forbes.be\/fr\/wp-json\/wp\/v2\/media?parent=11042"}],"wp:term":[{"taxonomy":"category","embeddable":true,"href":"https:\/\/www.forbes.be\/fr\/wp-json\/wp\/v2\/categories?post=11042"},{"taxonomy":"post_tag","embeddable":true,"href":"https:\/\/www.forbes.be\/fr\/wp-json\/wp\/v2\/tags?post=11042"}],"curies":[{"name":"wp","href":"https:\/\/api.w.org\/{rel}","templated":true}]}}