{"id":11077,"date":"2025-09-20T07:15:09","date_gmt":"2025-09-20T05:15:09","guid":{"rendered":"https:\/\/www.forbes.be\/fr\/?p=11077"},"modified":"2025-09-16T15:19:59","modified_gmt":"2025-09-16T13:19:59","slug":"balls-glory-lhistoire-derriere-le-succes-du-chef-qui-a-tout-quitte","status":"publish","type":"post","link":"https:\/\/www.forbes.be\/fr\/balls-glory-lhistoire-derriere-le-succes-du-chef-qui-a-tout-quitte\/","title":{"rendered":"Balls &#038; Glory : l\u2019histoire derri\u00e8re le succ\u00e8s du chef qui a tout quitt\u00e9"},"content":{"rendered":"<p class=\"p1\"><strong><span class=\"s1\">Quelle question a pouss\u00e9 <\/span><span class=\"s2\">Wim Ballieu <\/span><span class=\"s1\">\u00e0 changer sa vie ? <\/span><\/strong><strong><span class=\"s1\">\u00abTu vas faire attention ? \u00bb\u202f<span class=\"Apple-converted-space\">\u00a0<\/span><\/span><\/strong><\/p>\n<p class=\"p1\"><span class=\"s1\">Apr\u00e8s de nombreuses ann\u00e9es\u202f\u00e0 cr\u00e9er des plats pour des clients embl\u00e9matiques tels que Louis Vuitton et la famille royale belge via son entreprise de catering Alfin, Wim Ballieu a d\u00e9cid\u00e9 en 2012 qu\u2019il \u00e9tait temps de changer. C\u2019est ainsi qu\u2019est n\u00e9 Balls &amp; Glory, un concept de restaurant qui \u00e9l\u00e8ve la cuisine r\u00e9confortante, sobre et traditionnelle, \u00e0 un niveau sup\u00e9rieur. Des boulettes de viande artisanales, garnies de saveurs surprenantes et servies avec des ingr\u00e9dients frais et locaux\u2014simples, mais toujours ponctu\u00e9s d\u2019une touche d\u2019originalit\u00e9.<span class=\"Apple-converted-space\">\u00a0<\/span><\/span><\/p>\n<p class=\"p1\"><span class=\"s1\">Le chef-entrepreneur-auteur, familier des plateaux t\u00e9l\u00e9 o\u00f9 il inspire, par son enthousiasme contagieux, tout le monde \u00e0 se lancer en cuisine, m\u00e8ne une vie tr\u00e9pidante \u00e0 Bruxelles. \u00ab <i>O\u00f9 le rythme de la ville me pousse en avant.<\/i> \u00bb\u202f<span class=\"Apple-converted-space\">\u00a0<\/span><\/span><\/p>\n<h2 class=\"p1\"><span class=\"s2\">Cependant, une question le hante en permanence: <\/span><\/h2>\n<p class=\"p1\"><span class=\"s2\">\u00ab <i>\u201cTu vas faire attention ?\u201d On dirait une remarque innocente, quelque chose que l\u2019on dit \u00e0 la l\u00e9g\u00e8re en partant. Cette question ne m\u2019a jamais quitt\u00e9. Enfant, \u00e0 la ferme de mes grands-parents, quand je manigan\u00e7ais une imprudence. \u201cTu vas faire attention, Wim ? \u201d. \u00c0 l\u2019\u00e9poque, je trouvais \u00e7a p\u00e9nible, maintenant je comprends cette inqui\u00e9tude.<\/i> \u00bb\u202f<span class=\"Apple-converted-space\">\u00a0<\/span><\/span><\/p>\n<h2 class=\"p1\"><span class=\"s1\">La vie lui a appris l\u2019importance de cette question. <\/span><\/h2>\n<p class=\"p1\"><span class=\"s1\">\u00ab <i>\u00c0 19 ans, je me croyais invincible. Un jeune homme t\u00eatu qui pouvait tout affronter &#8211; jusqu\u2019\u00e0 ce que je rate une marche. Un moment d\u2019inattention, une chute d\u2019un \u00e9tage, et me voil\u00e0 avec le dos bris\u00e9 <\/i>\u00bb. Les mois de r\u00e9\u00e9ducation sont difficiles. Une r\u00e9habilitation qui ne se limite pas au corps. \u00ab <i>Cette exp\u00e9rience m\u2019a forc\u00e9 \u00e0 rester immobile. M\u00eame moi, ambitieux et d\u00e9termin\u00e9,<span class=\"Apple-converted-space\">\u00a0 <\/span>je n\u2019\u00e9tais pas invuln\u00e9rable. Aujourd\u2019hui, mon compagnon me pose la m\u00eame question. Chaque fois que je sors, il me demande de faire attention. Pour quelqu\u2019un qui vit \u00e0 cent \u00e0 l\u2019heure et qui a souvent la t\u00eate dans les nuages, \u00e7a peut \u00eatre un peu \u00e9nervant, mais c\u2019est n\u00e9cessaire.<\/i> \u00bb Chef et entrepreneur, il est toujours en mouvement. \u00ab <i>Cette volont\u00e9 constante de cr\u00e9er et d\u2019innover peut me faire perdre de vue la r\u00e9alit\u00e9. C\u2019est alors que cette simple question me ram\u00e8ne sur terre. <\/i>\u00bb\u202f<span class=\"Apple-converted-space\">\u00a0<\/span><\/span><\/p>\n<h2 class=\"p1\"><span class=\"s1\">Il essaie d\u2019int\u00e9grer des moments de pause.<span class=\"Apple-converted-space\">\u00a0<\/span><\/span><\/h2>\n<p class=\"p1\"><span class=\"s1\">\u00ab <i>Pas seulement pour moi, mais aussi pour les gens qui m\u2019entourent. Je leur demande souvent : \u201cComment te sens-tu r\u00e9ellement ?\u201d Ce n\u2019est pas du bavardage, mais un int\u00e9r\u00eat sinc\u00e8re, car la vie est trop courte pour \u00eatre v\u00e9cue en pilote automatique. Donc, oui, cette question peut m\u2019\u00e9nerver, mais j\u2019ai besoin de l\u2019entendre. Elle me rappelle le besoin de freiner parfois pour vivre plus pleinement.<\/i> \u00bb\u202f<\/span><\/p>\n","protected":false},"excerpt":{"rendered":"<p>Quelle question a pouss\u00e9 Wim Ballieu \u00e0 changer sa vie ? \u00abTu vas faire attention ? \u00bb\u202f\u00a0 Apr\u00e8s de nombreuses ann\u00e9es\u202f\u00e0 cr\u00e9er des plats pour des clients embl\u00e9matiques tels que Louis Vuitton et la famille royale belge via son entreprise de catering Alfin, Wim Ballieu a d\u00e9cid\u00e9 en 2012 qu\u2019il \u00e9tait temps de changer. C\u2019est [&hellip;]<\/p>\n","protected":false},"author":12,"featured_media":11078,"comment_status":"closed","ping_status":"closed","sticky":false,"template":"","format":"standard","meta":{"_acf_changed":false,"inline_featured_image":false,"footnotes":""},"categories":[19],"tags":[],"class_list":{"0":"post-11077","1":"post","2":"type-post","3":"status-publish","4":"format-standard","5":"has-post-thumbnail","7":"category-entrepreneurs"},"acf":[],"_yoast_wpseo_title":null,"_yoast_wpseo_metadesc":"Wim Ballieu, fondateur de Balls & Glory, raconte comment une simple question \u2014 \u00ab Tu vas faire attention ? \u00bb \u2014 a transform\u00e9 sa vie et sa vision de la cuisine.","auteur_traducteur":"","yoast_head":"<!-- This site is optimized with the Yoast SEO plugin v27.4 - https:\/\/yoast.com\/product\/yoast-seo-wordpress\/ -->\n<title>Balls &amp; Glory : l\u2019histoire derri\u00e8re le succ\u00e8s du chef qui a tout quitt\u00e9 | Forbes Belgique<\/title>\n<meta name=\"description\" content=\"Wim Ballieu, fondateur de Balls &amp; Glory, raconte comment une simple question \u2014 \u00ab Tu vas faire attention ? \u00bb \u2014 a transform\u00e9 sa vie et sa vision de la cuisine.\" \/>\n<meta name=\"robots\" content=\"index, follow, max-snippet:-1, max-image-preview:large, max-video-preview:-1\" \/>\n<link rel=\"canonical\" href=\"https:\/\/www.forbes.be\/fr\/balls-glory-lhistoire-derriere-le-succes-du-chef-qui-a-tout-quitte\/\" \/>\n<meta property=\"og:locale\" content=\"fr_FR\" \/>\n<meta property=\"og:type\" content=\"article\" \/>\n<meta property=\"og:title\" content=\"Balls &amp; Glory : l\u2019histoire derri\u00e8re le succ\u00e8s du chef qui a tout quitt\u00e9 | Forbes Belgique\" \/>\n<meta property=\"og:description\" content=\"Wim Ballieu, fondateur de Balls &amp; Glory, raconte comment une simple question \u2014 \u00ab Tu vas faire attention ? \u00bb \u2014 a transform\u00e9 sa vie et sa vision de la cuisine.\" \/>\n<meta property=\"og:url\" content=\"https:\/\/www.forbes.be\/fr\/balls-glory-lhistoire-derriere-le-succes-du-chef-qui-a-tout-quitte\/\" \/>\n<meta property=\"og:site_name\" content=\"Forbes Belgique\" \/>\n<meta property=\"article:publisher\" content=\"https:\/\/www.facebook.com\/forbesbelgique\/\" \/>\n<meta property=\"article:published_time\" content=\"2025-09-20T05:15:09+00:00\" \/>\n<meta property=\"og:image\" content=\"https:\/\/www.forbes.be\/fr\/wp-content\/uploads\/2025\/06\/wim-ballieu.jpg\" \/>\n\t<meta property=\"og:image:width\" content=\"1200\" \/>\n\t<meta property=\"og:image:height\" content=\"628\" \/>\n\t<meta property=\"og:image:type\" content=\"image\/jpeg\" \/>\n<meta name=\"author\" content=\"Lieven Desmet\" \/>\n<meta name=\"twitter:card\" content=\"summary_large_image\" \/>\n<meta name=\"twitter:label1\" content=\"\u00c9crit par\" \/>\n\t<meta name=\"twitter:data1\" content=\"Lieven Desmet\" \/>\n\t<meta name=\"twitter:label2\" content=\"Dur\u00e9e de lecture estim\u00e9e\" \/>\n\t<meta name=\"twitter:data2\" content=\"3 minutes\" \/>\n<script type=\"application\/ld+json\" class=\"yoast-schema-graph\">{\"@context\":\"https:\\\/\\\/schema.org\",\"@graph\":[{\"@type\":\"NewsArticle\",\"@id\":\"https:\\\/\\\/www.forbes.be\\\/fr\\\/balls-glory-lhistoire-derriere-le-succes-du-chef-qui-a-tout-quitte\\\/#article\",\"isPartOf\":{\"@id\":\"https:\\\/\\\/www.forbes.be\\\/fr\\\/balls-glory-lhistoire-derriere-le-succes-du-chef-qui-a-tout-quitte\\\/\"},\"author\":{\"name\":\"Lieven Desmet\",\"@id\":\"https:\\\/\\\/www.forbes.be\\\/fr\\\/#\\\/schema\\\/person\\\/87d98a9bc7c6fb6996cabbdf269dd70a\"},\"headline\":\"Balls &#038; Glory : l\u2019histoire derri\u00e8re le succ\u00e8s du chef qui a tout quitt\u00e9\",\"datePublished\":\"2025-09-20T05:15:09+00:00\",\"mainEntityOfPage\":{\"@id\":\"https:\\\/\\\/www.forbes.be\\\/fr\\\/balls-glory-lhistoire-derriere-le-succes-du-chef-qui-a-tout-quitte\\\/\"},\"wordCount\":484,\"publisher\":{\"@id\":\"https:\\\/\\\/www.forbes.be\\\/fr\\\/#organization\"},\"image\":{\"@id\":\"https:\\\/\\\/www.forbes.be\\\/fr\\\/balls-glory-lhistoire-derriere-le-succes-du-chef-qui-a-tout-quitte\\\/#primaryimage\"},\"thumbnailUrl\":\"https:\\\/\\\/www.forbes.be\\\/fr\\\/wp-content\\\/uploads\\\/2025\\\/06\\\/wim-ballieu.jpg\",\"articleSection\":[\"Entrepreneurs\"],\"inLanguage\":\"fr-FR\"},{\"@type\":\"WebPage\",\"@id\":\"https:\\\/\\\/www.forbes.be\\\/fr\\\/balls-glory-lhistoire-derriere-le-succes-du-chef-qui-a-tout-quitte\\\/\",\"url\":\"https:\\\/\\\/www.forbes.be\\\/fr\\\/balls-glory-lhistoire-derriere-le-succes-du-chef-qui-a-tout-quitte\\\/\",\"name\":\"Balls & Glory : l\u2019histoire derri\u00e8re le succ\u00e8s du chef qui a tout quitt\u00e9 | Forbes Belgique\",\"isPartOf\":{\"@id\":\"https:\\\/\\\/www.forbes.be\\\/fr\\\/#website\"},\"primaryImageOfPage\":{\"@id\":\"https:\\\/\\\/www.forbes.be\\\/fr\\\/balls-glory-lhistoire-derriere-le-succes-du-chef-qui-a-tout-quitte\\\/#primaryimage\"},\"image\":{\"@id\":\"https:\\\/\\\/www.forbes.be\\\/fr\\\/balls-glory-lhistoire-derriere-le-succes-du-chef-qui-a-tout-quitte\\\/#primaryimage\"},\"thumbnailUrl\":\"https:\\\/\\\/www.forbes.be\\\/fr\\\/wp-content\\\/uploads\\\/2025\\\/06\\\/wim-ballieu.jpg\",\"datePublished\":\"2025-09-20T05:15:09+00:00\",\"description\":\"Wim Ballieu, fondateur de Balls & Glory, raconte comment une simple question \u2014 \u00ab Tu vas faire attention ? \u00bb \u2014 a transform\u00e9 sa vie et sa vision de la cuisine.\",\"breadcrumb\":{\"@id\":\"https:\\\/\\\/www.forbes.be\\\/fr\\\/balls-glory-lhistoire-derriere-le-succes-du-chef-qui-a-tout-quitte\\\/#breadcrumb\"},\"inLanguage\":\"fr-FR\",\"potentialAction\":[{\"@type\":\"ReadAction\",\"target\":[\"https:\\\/\\\/www.forbes.be\\\/fr\\\/balls-glory-lhistoire-derriere-le-succes-du-chef-qui-a-tout-quitte\\\/\"]}]},{\"@type\":\"ImageObject\",\"inLanguage\":\"fr-FR\",\"@id\":\"https:\\\/\\\/www.forbes.be\\\/fr\\\/balls-glory-lhistoire-derriere-le-succes-du-chef-qui-a-tout-quitte\\\/#primaryimage\",\"url\":\"https:\\\/\\\/www.forbes.be\\\/fr\\\/wp-content\\\/uploads\\\/2025\\\/06\\\/wim-ballieu.jpg\",\"contentUrl\":\"https:\\\/\\\/www.forbes.be\\\/fr\\\/wp-content\\\/uploads\\\/2025\\\/06\\\/wim-ballieu.jpg\",\"width\":1200,\"height\":628,\"caption\":\"Wim Ballieu Chef, entrepreneur & auteur\u202f \u00c2ge : 43 ans\u202f - \u00a9 DR\"},{\"@type\":\"BreadcrumbList\",\"@id\":\"https:\\\/\\\/www.forbes.be\\\/fr\\\/balls-glory-lhistoire-derriere-le-succes-du-chef-qui-a-tout-quitte\\\/#breadcrumb\",\"itemListElement\":[{\"@type\":\"ListItem\",\"position\":1,\"name\":\"Accueil\",\"item\":\"https:\\\/\\\/www.forbes.be\\\/fr\\\/\"},{\"@type\":\"ListItem\",\"position\":2,\"name\":\"Balls &#038; Glory : l\u2019histoire derri\u00e8re le succ\u00e8s du chef qui a tout quitt\u00e9\"}]},{\"@type\":\"WebSite\",\"@id\":\"https:\\\/\\\/www.forbes.be\\\/fr\\\/#website\",\"url\":\"https:\\\/\\\/www.forbes.be\\\/fr\\\/\",\"name\":\"Forbes Belgique\",\"description\":\"\",\"publisher\":{\"@id\":\"https:\\\/\\\/www.forbes.be\\\/fr\\\/#organization\"},\"potentialAction\":[{\"@type\":\"SearchAction\",\"target\":{\"@type\":\"EntryPoint\",\"urlTemplate\":\"https:\\\/\\\/www.forbes.be\\\/fr\\\/?s={search_term_string}\"},\"query-input\":{\"@type\":\"PropertyValueSpecification\",\"valueRequired\":true,\"valueName\":\"search_term_string\"}}],\"inLanguage\":\"fr-FR\"},{\"@type\":\"Organization\",\"@id\":\"https:\\\/\\\/www.forbes.be\\\/fr\\\/#organization\",\"name\":\"Forbes Belgique\",\"url\":\"https:\\\/\\\/www.forbes.be\\\/fr\\\/\",\"logo\":{\"@type\":\"ImageObject\",\"inLanguage\":\"fr-FR\",\"@id\":\"https:\\\/\\\/www.forbes.be\\\/fr\\\/#\\\/schema\\\/logo\\\/image\\\/\",\"url\":\"https:\\\/\\\/www.forbes.be\\\/fr\\\/wp-content\\\/uploads\\\/2024\\\/02\\\/forbes.be_.png\",\"contentUrl\":\"https:\\\/\\\/www.forbes.be\\\/fr\\\/wp-content\\\/uploads\\\/2024\\\/02\\\/forbes.be_.png\",\"width\":1200,\"height\":675,\"caption\":\"Forbes Belgique\"},\"image\":{\"@id\":\"https:\\\/\\\/www.forbes.be\\\/fr\\\/#\\\/schema\\\/logo\\\/image\\\/\"},\"sameAs\":[\"https:\\\/\\\/www.facebook.com\\\/forbesbelgique\\\/\",\"https:\\\/\\\/www.instagram.com\\\/Forbes_Belgium\",\"https:\\\/\\\/www.linkedin.com\\\/company\\\/forbes-belgium\\\/\"]},{\"@type\":\"Person\",\"@id\":\"https:\\\/\\\/www.forbes.be\\\/fr\\\/#\\\/schema\\\/person\\\/87d98a9bc7c6fb6996cabbdf269dd70a\",\"name\":\"Lieven Desmet\",\"image\":{\"@type\":\"ImageObject\",\"inLanguage\":\"fr-FR\",\"@id\":\"https:\\\/\\\/www.forbes.be\\\/fr\\\/wp-content\\\/uploads\\\/2024\\\/01\\\/65-150x150.jpg\",\"url\":\"https:\\\/\\\/www.forbes.be\\\/fr\\\/wp-content\\\/uploads\\\/2024\\\/01\\\/65-150x150.jpg\",\"contentUrl\":\"https:\\\/\\\/www.forbes.be\\\/fr\\\/wp-content\\\/uploads\\\/2024\\\/01\\\/65-150x150.jpg\",\"caption\":\"Lieven Desmet\"},\"url\":\"https:\\\/\\\/www.forbes.be\\\/fr\\\/author\\\/lieven-desmet\\\/\"}]}<\/script>\n<!-- \/ Yoast SEO plugin. -->","yoast_head_json":{"title":"Balls & Glory : l\u2019histoire derri\u00e8re le succ\u00e8s du chef qui a tout quitt\u00e9 | Forbes Belgique","description":"Wim Ballieu, fondateur de Balls & Glory, raconte comment une simple question \u2014 \u00ab Tu vas faire attention ? \u00bb \u2014 a transform\u00e9 sa vie et sa vision de la cuisine.","robots":{"index":"index","follow":"follow","max-snippet":"max-snippet:-1","max-image-preview":"max-image-preview:large","max-video-preview":"max-video-preview:-1"},"canonical":"https:\/\/www.forbes.be\/fr\/balls-glory-lhistoire-derriere-le-succes-du-chef-qui-a-tout-quitte\/","og_locale":"fr_FR","og_type":"article","og_title":"Balls & Glory : l\u2019histoire derri\u00e8re le succ\u00e8s du chef qui a tout quitt\u00e9 | Forbes Belgique","og_description":"Wim Ballieu, fondateur de Balls & Glory, raconte comment une simple question \u2014 \u00ab Tu vas faire attention ? \u00bb \u2014 a transform\u00e9 sa vie et sa vision de la cuisine.","og_url":"https:\/\/www.forbes.be\/fr\/balls-glory-lhistoire-derriere-le-succes-du-chef-qui-a-tout-quitte\/","og_site_name":"Forbes Belgique","article_publisher":"https:\/\/www.facebook.com\/forbesbelgique\/","article_published_time":"2025-09-20T05:15:09+00:00","og_image":[{"width":1200,"height":628,"url":"https:\/\/www.forbes.be\/fr\/wp-content\/uploads\/2025\/06\/wim-ballieu.jpg","type":"image\/jpeg"}],"author":"Lieven Desmet","twitter_card":"summary_large_image","twitter_misc":{"\u00c9crit par":"Lieven Desmet","Dur\u00e9e de lecture estim\u00e9e":"3 minutes"},"schema":{"@context":"https:\/\/schema.org","@graph":[{"@type":"NewsArticle","@id":"https:\/\/www.forbes.be\/fr\/balls-glory-lhistoire-derriere-le-succes-du-chef-qui-a-tout-quitte\/#article","isPartOf":{"@id":"https:\/\/www.forbes.be\/fr\/balls-glory-lhistoire-derriere-le-succes-du-chef-qui-a-tout-quitte\/"},"author":{"name":"Lieven Desmet","@id":"https:\/\/www.forbes.be\/fr\/#\/schema\/person\/87d98a9bc7c6fb6996cabbdf269dd70a"},"headline":"Balls &#038; Glory : l\u2019histoire derri\u00e8re le succ\u00e8s du chef qui a tout quitt\u00e9","datePublished":"2025-09-20T05:15:09+00:00","mainEntityOfPage":{"@id":"https:\/\/www.forbes.be\/fr\/balls-glory-lhistoire-derriere-le-succes-du-chef-qui-a-tout-quitte\/"},"wordCount":484,"publisher":{"@id":"https:\/\/www.forbes.be\/fr\/#organization"},"image":{"@id":"https:\/\/www.forbes.be\/fr\/balls-glory-lhistoire-derriere-le-succes-du-chef-qui-a-tout-quitte\/#primaryimage"},"thumbnailUrl":"https:\/\/www.forbes.be\/fr\/wp-content\/uploads\/2025\/06\/wim-ballieu.jpg","articleSection":["Entrepreneurs"],"inLanguage":"fr-FR"},{"@type":"WebPage","@id":"https:\/\/www.forbes.be\/fr\/balls-glory-lhistoire-derriere-le-succes-du-chef-qui-a-tout-quitte\/","url":"https:\/\/www.forbes.be\/fr\/balls-glory-lhistoire-derriere-le-succes-du-chef-qui-a-tout-quitte\/","name":"Balls & Glory : l\u2019histoire derri\u00e8re le succ\u00e8s du chef qui a tout quitt\u00e9 | Forbes Belgique","isPartOf":{"@id":"https:\/\/www.forbes.be\/fr\/#website"},"primaryImageOfPage":{"@id":"https:\/\/www.forbes.be\/fr\/balls-glory-lhistoire-derriere-le-succes-du-chef-qui-a-tout-quitte\/#primaryimage"},"image":{"@id":"https:\/\/www.forbes.be\/fr\/balls-glory-lhistoire-derriere-le-succes-du-chef-qui-a-tout-quitte\/#primaryimage"},"thumbnailUrl":"https:\/\/www.forbes.be\/fr\/wp-content\/uploads\/2025\/06\/wim-ballieu.jpg","datePublished":"2025-09-20T05:15:09+00:00","description":"Wim Ballieu, fondateur de Balls & Glory, raconte comment une simple question \u2014 \u00ab Tu vas faire attention ? \u00bb \u2014 a transform\u00e9 sa vie et sa vision de la cuisine.","breadcrumb":{"@id":"https:\/\/www.forbes.be\/fr\/balls-glory-lhistoire-derriere-le-succes-du-chef-qui-a-tout-quitte\/#breadcrumb"},"inLanguage":"fr-FR","potentialAction":[{"@type":"ReadAction","target":["https:\/\/www.forbes.be\/fr\/balls-glory-lhistoire-derriere-le-succes-du-chef-qui-a-tout-quitte\/"]}]},{"@type":"ImageObject","inLanguage":"fr-FR","@id":"https:\/\/www.forbes.be\/fr\/balls-glory-lhistoire-derriere-le-succes-du-chef-qui-a-tout-quitte\/#primaryimage","url":"https:\/\/www.forbes.be\/fr\/wp-content\/uploads\/2025\/06\/wim-ballieu.jpg","contentUrl":"https:\/\/www.forbes.be\/fr\/wp-content\/uploads\/2025\/06\/wim-ballieu.jpg","width":1200,"height":628,"caption":"Wim Ballieu Chef, entrepreneur & auteur\u202f \u00c2ge : 43 ans\u202f - \u00a9 DR"},{"@type":"BreadcrumbList","@id":"https:\/\/www.forbes.be\/fr\/balls-glory-lhistoire-derriere-le-succes-du-chef-qui-a-tout-quitte\/#breadcrumb","itemListElement":[{"@type":"ListItem","position":1,"name":"Accueil","item":"https:\/\/www.forbes.be\/fr\/"},{"@type":"ListItem","position":2,"name":"Balls &#038; Glory : l\u2019histoire derri\u00e8re le succ\u00e8s du chef qui a tout quitt\u00e9"}]},{"@type":"WebSite","@id":"https:\/\/www.forbes.be\/fr\/#website","url":"https:\/\/www.forbes.be\/fr\/","name":"Forbes Belgique","description":"","publisher":{"@id":"https:\/\/www.forbes.be\/fr\/#organization"},"potentialAction":[{"@type":"SearchAction","target":{"@type":"EntryPoint","urlTemplate":"https:\/\/www.forbes.be\/fr\/?s={search_term_string}"},"query-input":{"@type":"PropertyValueSpecification","valueRequired":true,"valueName":"search_term_string"}}],"inLanguage":"fr-FR"},{"@type":"Organization","@id":"https:\/\/www.forbes.be\/fr\/#organization","name":"Forbes Belgique","url":"https:\/\/www.forbes.be\/fr\/","logo":{"@type":"ImageObject","inLanguage":"fr-FR","@id":"https:\/\/www.forbes.be\/fr\/#\/schema\/logo\/image\/","url":"https:\/\/www.forbes.be\/fr\/wp-content\/uploads\/2024\/02\/forbes.be_.png","contentUrl":"https:\/\/www.forbes.be\/fr\/wp-content\/uploads\/2024\/02\/forbes.be_.png","width":1200,"height":675,"caption":"Forbes Belgique"},"image":{"@id":"https:\/\/www.forbes.be\/fr\/#\/schema\/logo\/image\/"},"sameAs":["https:\/\/www.facebook.com\/forbesbelgique\/","https:\/\/www.instagram.com\/Forbes_Belgium","https:\/\/www.linkedin.com\/company\/forbes-belgium\/"]},{"@type":"Person","@id":"https:\/\/www.forbes.be\/fr\/#\/schema\/person\/87d98a9bc7c6fb6996cabbdf269dd70a","name":"Lieven Desmet","image":{"@type":"ImageObject","inLanguage":"fr-FR","@id":"https:\/\/www.forbes.be\/fr\/wp-content\/uploads\/2024\/01\/65-150x150.jpg","url":"https:\/\/www.forbes.be\/fr\/wp-content\/uploads\/2024\/01\/65-150x150.jpg","contentUrl":"https:\/\/www.forbes.be\/fr\/wp-content\/uploads\/2024\/01\/65-150x150.jpg","caption":"Lieven Desmet"},"url":"https:\/\/www.forbes.be\/fr\/author\/lieven-desmet\/"}]}},"_links":{"self":[{"href":"https:\/\/www.forbes.be\/fr\/wp-json\/wp\/v2\/posts\/11077","targetHints":{"allow":["GET"]}}],"collection":[{"href":"https:\/\/www.forbes.be\/fr\/wp-json\/wp\/v2\/posts"}],"about":[{"href":"https:\/\/www.forbes.be\/fr\/wp-json\/wp\/v2\/types\/post"}],"author":[{"embeddable":true,"href":"https:\/\/www.forbes.be\/fr\/wp-json\/wp\/v2\/users\/12"}],"replies":[{"embeddable":true,"href":"https:\/\/www.forbes.be\/fr\/wp-json\/wp\/v2\/comments?post=11077"}],"version-history":[{"count":7,"href":"https:\/\/www.forbes.be\/fr\/wp-json\/wp\/v2\/posts\/11077\/revisions"}],"predecessor-version":[{"id":12409,"href":"https:\/\/www.forbes.be\/fr\/wp-json\/wp\/v2\/posts\/11077\/revisions\/12409"}],"wp:featuredmedia":[{"embeddable":true,"href":"https:\/\/www.forbes.be\/fr\/wp-json\/wp\/v2\/media\/11078"}],"wp:attachment":[{"href":"https:\/\/www.forbes.be\/fr\/wp-json\/wp\/v2\/media?parent=11077"}],"wp:term":[{"taxonomy":"category","embeddable":true,"href":"https:\/\/www.forbes.be\/fr\/wp-json\/wp\/v2\/categories?post=11077"},{"taxonomy":"post_tag","embeddable":true,"href":"https:\/\/www.forbes.be\/fr\/wp-json\/wp\/v2\/tags?post=11077"}],"curies":[{"name":"wp","href":"https:\/\/api.w.org\/{rel}","templated":true}]}}