{"id":11105,"date":"2025-06-26T12:55:03","date_gmt":"2025-06-26T10:55:03","guid":{"rendered":"https:\/\/www.forbes.be\/fr\/?p=11105"},"modified":"2025-06-27T11:36:24","modified_gmt":"2025-06-27T09:36:24","slug":"resultats-annuels-satisfaisants-pour-thomas-piron","status":"publish","type":"post","link":"https:\/\/www.forbes.be\/fr\/resultats-annuels-satisfaisants-pour-thomas-piron\/","title":{"rendered":"R\u00e9sultats annuels \u00ab\u00a0satisfaisants\u00a0\u00bb pour Thomas &#038; Piron"},"content":{"rendered":"<p><strong>Actif dans le secteur de la construction, de la promotion immobili\u00e8re et du g\u00e9nie civil, le Groupe Thomas &amp; Piron publie ce jeudi matin des r\u00e9sultats 2024 rassurants malgr\u00e9 un march\u00e9 toujours chahut\u00e9.<\/strong><\/p>\n<p>En d\u00e9pit de conditions de march\u00e9s encore difficiles, le Groupe wallon leader du march\u00e9 de la construction (3.000 collaborateurs) a r\u00e9alis\u00e9 un <strong>chiffre d\u2019affaires consolid\u00e9 2024 de 865 millions d\u2019euros<\/strong> et des r\u00e9sultats op\u00e9rationnels jug\u00e9s conformes \u00e0 ses pr\u00e9visions par la direction, qui dit avoir r\u00e9ceptionn\u00e9 l\u2019an dernier un total de <strong>1.257 maisons et appartements neufs et 28 chantiers de g\u00e9nie civil.<\/strong><\/p>\n<figure id=\"attachment_11110\" aria-describedby=\"caption-attachment-11110\" style=\"width: 2560px\" class=\"wp-caption alignnone\"><img loading=\"lazy\" decoding=\"async\" class=\"size-full wp-image-11110\" src=\"https:\/\/www.forbes.be\/fr\/wp-content\/uploads\/2025\/06\/photos-des-administrateurs-scaled.jpg\" alt=\"\" width=\"2560\" height=\"1708\" srcset=\"https:\/\/www.forbes.be\/fr\/wp-content\/uploads\/2025\/06\/photos-des-administrateurs-scaled.jpg 2560w, https:\/\/www.forbes.be\/fr\/wp-content\/uploads\/2025\/06\/photos-des-administrateurs-300x200.jpg 300w, https:\/\/www.forbes.be\/fr\/wp-content\/uploads\/2025\/06\/photos-des-administrateurs-1024x683.jpg 1024w, https:\/\/www.forbes.be\/fr\/wp-content\/uploads\/2025\/06\/photos-des-administrateurs-768x512.jpg 768w, https:\/\/www.forbes.be\/fr\/wp-content\/uploads\/2025\/06\/photos-des-administrateurs-1536x1025.jpg 1536w, https:\/\/www.forbes.be\/fr\/wp-content\/uploads\/2025\/06\/photos-des-administrateurs-2048x1366.jpg 2048w, https:\/\/www.forbes.be\/fr\/wp-content\/uploads\/2025\/06\/photos-des-administrateurs-696x464.jpg 696w, https:\/\/www.forbes.be\/fr\/wp-content\/uploads\/2025\/06\/photos-des-administrateurs-1068x712.jpg 1068w, https:\/\/www.forbes.be\/fr\/wp-content\/uploads\/2025\/06\/photos-des-administrateurs-1920x1281.jpg 1920w, https:\/\/www.forbes.be\/fr\/wp-content\/uploads\/2025\/06\/photos-des-administrateurs-600x400.jpg 600w\" sizes=\"auto, (max-width: 2560px) 100vw, 2560px\" \/><figcaption id=\"caption-attachment-11110\" class=\"wp-caption-text\">Fran\u00e7ois Piron et Edouard Herinckx, les copilotes actuels du Groupe TP<\/figcaption><\/figure>\n<p>\u00abL\u2019exercice 2024 s\u2019est inscrit dans la continuit\u00e9 de 2023, avec des signes d\u2019am\u00e9lioration du march\u00e9 en fin d\u2019ann\u00e9e au niveau des commandes. En d\u00e9pit des crises successives depuis 2020 \u2013dont les r\u00e9percussions se sont fait sentir de mani\u00e8re accrue ces deux derni\u00e8res ann\u00e9es\u2013, nos r\u00e9sultats sont en ligne avec les \u00e9volutions r\u00e9centes du secteur de la construction\u00bb, r\u00e9sume Edouard Herinckx, le co-CEO du Groupe, qui admet un repli de 3% \u00e0 p\u00e9rim\u00e8tre constant, sans exclure l\u2019activit\u00e9 au Maroc vendue en cours d\u2019exercice.<\/p>\n<h3>Diversification strat\u00e9gique judicieuse<\/h3>\n<p>\u00abAu vu de la conjoncture depuis cinq ans, nous ne pouvons que nous f\u00e9liciter des acquisitions (Belgique, France, Suisse) qui nous ont permis d\u2019\u00e9largir notre p\u00e9rim\u00e8tre g\u00e9ographique et de diversifier nos activit\u00e9s pour \u00eatre plus solides face aux al\u00e9as du march\u00e9. Cela a largement contribu\u00e9 \u00e0 maintenir notre EBITDA \u00e0 un bon niveau\u00bb, ajoute <strong>Fran\u00e7ois Piron, le pr\u00e9sident du conseil d\u2019administration et co-CEO du Groupe Thomas &amp; Piron.<\/strong><\/p>\n<p>Qualifi\u00e9 de \u00abconforme aux pr\u00e9visions\u00bb, cet exc\u00e9dent brut d\u2019exploitation se tasse toutefois \u00e0 <strong>60 millions d\u2019euros (-13%) contre 68 millions d\u2019euros en<\/strong> <strong>2023<\/strong>, marges incompressibles obligent. Mais le r\u00e9sultat d\u2019exploitation a quant \u00e0 lui repris des couleurs, \u00e0 <strong>31 millions d\u2019euros (+24%)<\/strong>, tandis que le total bilantaire et les fonds propres sont rest\u00e9s stables.<\/p>\n<h3>Carnets de commande remplis<\/h3>\n<figure id=\"attachment_11111\" aria-describedby=\"caption-attachment-11111\" style=\"width: 2560px\" class=\"wp-caption alignnone\"><img loading=\"lazy\" decoding=\"async\" class=\"size-full wp-image-11111\" src=\"https:\/\/www.forbes.be\/fr\/wp-content\/uploads\/2025\/06\/projet-gaia-hills-a-porto-chantier-scaled.jpg\" alt=\"\" width=\"2560\" height=\"1440\" srcset=\"https:\/\/www.forbes.be\/fr\/wp-content\/uploads\/2025\/06\/projet-gaia-hills-a-porto-chantier-scaled.jpg 2560w, https:\/\/www.forbes.be\/fr\/wp-content\/uploads\/2025\/06\/projet-gaia-hills-a-porto-chantier-300x169.jpg 300w, https:\/\/www.forbes.be\/fr\/wp-content\/uploads\/2025\/06\/projet-gaia-hills-a-porto-chantier-1024x576.jpg 1024w, https:\/\/www.forbes.be\/fr\/wp-content\/uploads\/2025\/06\/projet-gaia-hills-a-porto-chantier-768x432.jpg 768w, https:\/\/www.forbes.be\/fr\/wp-content\/uploads\/2025\/06\/projet-gaia-hills-a-porto-chantier-1536x864.jpg 1536w, https:\/\/www.forbes.be\/fr\/wp-content\/uploads\/2025\/06\/projet-gaia-hills-a-porto-chantier-2048x1152.jpg 2048w, https:\/\/www.forbes.be\/fr\/wp-content\/uploads\/2025\/06\/projet-gaia-hills-a-porto-chantier-696x392.jpg 696w, https:\/\/www.forbes.be\/fr\/wp-content\/uploads\/2025\/06\/projet-gaia-hills-a-porto-chantier-1068x601.jpg 1068w, https:\/\/www.forbes.be\/fr\/wp-content\/uploads\/2025\/06\/projet-gaia-hills-a-porto-chantier-1920x1080.jpg 1920w, https:\/\/www.forbes.be\/fr\/wp-content\/uploads\/2025\/06\/projet-gaia-hills-a-porto-chantier-600x338.jpg 600w\" sizes=\"auto, (max-width: 2560px) 100vw, 2560px\" \/><figcaption id=\"caption-attachment-11111\" class=\"wp-caption-text\">L\u2019important projet r\u00e9sidentiel Gaia Hills, sur les rives du Douro, face \u00e0 Porto.<\/figcaption><\/figure>\n<p>Sur le plan commercial, si les r\u00e9sultats 2024 ont \u00e9t\u00e9 l\u00e9g\u00e8rement en-de\u00e7\u00e0 des pr\u00e9visions de ventes du Groupe, des signaux de reprise sont confirm\u00e9s sur les premiers mois de 2025: fin mai, les ventes enregistraient m\u00eame une progression remarquable, d\u00e9passant les objectifs de 10%. \u00abCette reprise des ventes dans nos soci\u00e9t\u00e9s de promotion immobili\u00e8re est particuli\u00e8rement notoire en Belgique et m\u00eame au Luxembourg, o\u00f9 le march\u00e9 est reste quasi \u00e0 l\u2019arr\u00eat plis de deux ans. Globalement, nos carnets de commandes sont bien remplis, ce qui nous rend confiants pour la suite de l\u2019ann\u00e9e, y compris au Portugal o\u00f9 nous commercialisons pour l\u2019instant avec succ\u00e8s deux projets importants\u00bb, se r\u00e9jouit Edouard Herinckx.<\/p>\n","protected":false},"excerpt":{"rendered":"<p>Actif dans le secteur de la construction, de la promotion immobili\u00e8re et du g\u00e9nie civil, le Groupe Thomas &amp; Piron publie ce jeudi matin des r\u00e9sultats 2024 rassurants malgr\u00e9 un march\u00e9 toujours chahut\u00e9. En d\u00e9pit de conditions de march\u00e9s encore difficiles, le Groupe wallon leader du march\u00e9 de la construction (3.000 collaborateurs) a r\u00e9alis\u00e9 un [&hellip;]<\/p>\n","protected":false},"author":15,"featured_media":11112,"comment_status":"closed","ping_status":"closed","sticky":false,"template":"","format":"standard","meta":{"_acf_changed":false,"inline_featured_image":false,"footnotes":""},"categories":[1,30,75,24],"tags":[],"class_list":{"0":"post-11105","1":"post","2":"type-post","3":"status-publish","4":"format-standard","5":"has-post-thumbnail","7":"category-actualite","8":"category-commerce","9":"category-entreprise","10":"category-immobilier"},"acf":[],"_yoast_wpseo_title":null,"_yoast_wpseo_metadesc":"le Groupe Thomas & Piron publie ce jeudi matin des r\u00e9sultats 2024 rassurants malgr\u00e9 un march\u00e9 immobilier toujours chahut\u00e9.","auteur_traducteur":"","yoast_head":"<!-- This site is optimized with the Yoast SEO plugin v27.4 - https:\/\/yoast.com\/product\/yoast-seo-wordpress\/ -->\n<title>R\u00e9sultats annuels &quot;satisfaisants&quot; pour Thomas &amp; Piron | Forbes Belgique<\/title>\n<meta name=\"description\" content=\"le Groupe Thomas &amp; Piron publie ce jeudi matin des r\u00e9sultats 2024 rassurants malgr\u00e9 un march\u00e9 immobilier toujours chahut\u00e9.\" \/>\n<meta name=\"robots\" content=\"index, follow, max-snippet:-1, max-image-preview:large, max-video-preview:-1\" \/>\n<link rel=\"canonical\" href=\"https:\/\/www.forbes.be\/fr\/resultats-annuels-satisfaisants-pour-thomas-piron\/\" \/>\n<meta property=\"og:locale\" content=\"fr_FR\" \/>\n<meta property=\"og:type\" content=\"article\" \/>\n<meta property=\"og:title\" content=\"R\u00e9sultats annuels &quot;satisfaisants&quot; pour Thomas &amp; Piron | Forbes Belgique\" \/>\n<meta property=\"og:description\" content=\"le Groupe Thomas &amp; Piron publie ce jeudi matin des r\u00e9sultats 2024 rassurants malgr\u00e9 un march\u00e9 immobilier toujours chahut\u00e9.\" \/>\n<meta property=\"og:url\" content=\"https:\/\/www.forbes.be\/fr\/resultats-annuels-satisfaisants-pour-thomas-piron\/\" \/>\n<meta property=\"og:site_name\" content=\"Forbes Belgique\" \/>\n<meta property=\"article:publisher\" content=\"https:\/\/www.facebook.com\/forbesbelgique\/\" \/>\n<meta property=\"article:published_time\" content=\"2025-06-26T10:55:03+00:00\" \/>\n<meta property=\"article:modified_time\" content=\"2025-06-27T09:36:24+00:00\" \/>\n<meta property=\"og:image\" content=\"https:\/\/www.forbes.be\/fr\/wp-content\/uploads\/2025\/06\/projet-emaillerie-a-saint-servais-e1751016896568.jpeg\" \/>\n\t<meta property=\"og:image:width\" content=\"1800\" \/>\n\t<meta property=\"og:image:height\" content=\"942\" \/>\n\t<meta property=\"og:image:type\" content=\"image\/jpeg\" \/>\n<meta name=\"author\" content=\"Philippe Coul\u00e9e\" \/>\n<meta name=\"twitter:card\" content=\"summary_large_image\" \/>\n<meta name=\"twitter:label1\" content=\"\u00c9crit par\" \/>\n\t<meta name=\"twitter:data1\" content=\"Philippe Coul\u00e9e\" \/>\n\t<meta name=\"twitter:label2\" content=\"Dur\u00e9e de lecture estim\u00e9e\" \/>\n\t<meta name=\"twitter:data2\" content=\"3 minutes\" \/>\n<script type=\"application\/ld+json\" class=\"yoast-schema-graph\">{\"@context\":\"https:\\\/\\\/schema.org\",\"@graph\":[{\"@type\":\"NewsArticle\",\"@id\":\"https:\\\/\\\/www.forbes.be\\\/fr\\\/resultats-annuels-satisfaisants-pour-thomas-piron\\\/#article\",\"isPartOf\":{\"@id\":\"https:\\\/\\\/www.forbes.be\\\/fr\\\/resultats-annuels-satisfaisants-pour-thomas-piron\\\/\"},\"author\":{\"name\":\"Philippe Coul\u00e9e\",\"@id\":\"https:\\\/\\\/www.forbes.be\\\/fr\\\/#\\\/schema\\\/person\\\/22bfc3335e560f4084ef5af17ecdad87\"},\"headline\":\"R\u00e9sultats annuels \u00ab\u00a0satisfaisants\u00a0\u00bb pour Thomas &#038; Piron\",\"datePublished\":\"2025-06-26T10:55:03+00:00\",\"dateModified\":\"2025-06-27T09:36:24+00:00\",\"mainEntityOfPage\":{\"@id\":\"https:\\\/\\\/www.forbes.be\\\/fr\\\/resultats-annuels-satisfaisants-pour-thomas-piron\\\/\"},\"wordCount\":510,\"publisher\":{\"@id\":\"https:\\\/\\\/www.forbes.be\\\/fr\\\/#organization\"},\"image\":{\"@id\":\"https:\\\/\\\/www.forbes.be\\\/fr\\\/resultats-annuels-satisfaisants-pour-thomas-piron\\\/#primaryimage\"},\"thumbnailUrl\":\"https:\\\/\\\/www.forbes.be\\\/fr\\\/wp-content\\\/uploads\\\/2025\\\/06\\\/projet-emaillerie-a-saint-servais-e1751460180584.jpeg\",\"articleSection\":[\"Actualit\u00e9s\",\"Commerce\",\"Entreprise\",\"Immobilier\"],\"inLanguage\":\"fr-FR\"},{\"@type\":\"WebPage\",\"@id\":\"https:\\\/\\\/www.forbes.be\\\/fr\\\/resultats-annuels-satisfaisants-pour-thomas-piron\\\/\",\"url\":\"https:\\\/\\\/www.forbes.be\\\/fr\\\/resultats-annuels-satisfaisants-pour-thomas-piron\\\/\",\"name\":\"R\u00e9sultats annuels \\\"satisfaisants\\\" pour Thomas & Piron | Forbes Belgique\",\"isPartOf\":{\"@id\":\"https:\\\/\\\/www.forbes.be\\\/fr\\\/#website\"},\"primaryImageOfPage\":{\"@id\":\"https:\\\/\\\/www.forbes.be\\\/fr\\\/resultats-annuels-satisfaisants-pour-thomas-piron\\\/#primaryimage\"},\"image\":{\"@id\":\"https:\\\/\\\/www.forbes.be\\\/fr\\\/resultats-annuels-satisfaisants-pour-thomas-piron\\\/#primaryimage\"},\"thumbnailUrl\":\"https:\\\/\\\/www.forbes.be\\\/fr\\\/wp-content\\\/uploads\\\/2025\\\/06\\\/projet-emaillerie-a-saint-servais-e1751460180584.jpeg\",\"datePublished\":\"2025-06-26T10:55:03+00:00\",\"dateModified\":\"2025-06-27T09:36:24+00:00\",\"description\":\"le Groupe Thomas & Piron publie ce jeudi matin des r\u00e9sultats 2024 rassurants malgr\u00e9 un march\u00e9 immobilier toujours chahut\u00e9.\",\"breadcrumb\":{\"@id\":\"https:\\\/\\\/www.forbes.be\\\/fr\\\/resultats-annuels-satisfaisants-pour-thomas-piron\\\/#breadcrumb\"},\"inLanguage\":\"fr-FR\",\"potentialAction\":[{\"@type\":\"ReadAction\",\"target\":[\"https:\\\/\\\/www.forbes.be\\\/fr\\\/resultats-annuels-satisfaisants-pour-thomas-piron\\\/\"]}]},{\"@type\":\"ImageObject\",\"inLanguage\":\"fr-FR\",\"@id\":\"https:\\\/\\\/www.forbes.be\\\/fr\\\/resultats-annuels-satisfaisants-pour-thomas-piron\\\/#primaryimage\",\"url\":\"https:\\\/\\\/www.forbes.be\\\/fr\\\/wp-content\\\/uploads\\\/2025\\\/06\\\/projet-emaillerie-a-saint-servais-e1751460180584.jpeg\",\"contentUrl\":\"https:\\\/\\\/www.forbes.be\\\/fr\\\/wp-content\\\/uploads\\\/2025\\\/06\\\/projet-emaillerie-a-saint-servais-e1751460180584.jpeg\",\"width\":1800,\"height\":936,\"caption\":\"Projet r\u00e9sidentiel \u00e0 Saint-Servais (Namur) d\u00e9velopp\u00e9 sur le site reconverti dit de l\u2019\u00e9maillerie. TP B\u00e2timent.\"},{\"@type\":\"BreadcrumbList\",\"@id\":\"https:\\\/\\\/www.forbes.be\\\/fr\\\/resultats-annuels-satisfaisants-pour-thomas-piron\\\/#breadcrumb\",\"itemListElement\":[{\"@type\":\"ListItem\",\"position\":1,\"name\":\"Accueil\",\"item\":\"https:\\\/\\\/www.forbes.be\\\/fr\\\/\"},{\"@type\":\"ListItem\",\"position\":2,\"name\":\"R\u00e9sultats annuels \u00ab\u00a0satisfaisants\u00a0\u00bb pour Thomas &#038; Piron\"}]},{\"@type\":\"WebSite\",\"@id\":\"https:\\\/\\\/www.forbes.be\\\/fr\\\/#website\",\"url\":\"https:\\\/\\\/www.forbes.be\\\/fr\\\/\",\"name\":\"Forbes Belgique\",\"description\":\"\",\"publisher\":{\"@id\":\"https:\\\/\\\/www.forbes.be\\\/fr\\\/#organization\"},\"potentialAction\":[{\"@type\":\"SearchAction\",\"target\":{\"@type\":\"EntryPoint\",\"urlTemplate\":\"https:\\\/\\\/www.forbes.be\\\/fr\\\/?s={search_term_string}\"},\"query-input\":{\"@type\":\"PropertyValueSpecification\",\"valueRequired\":true,\"valueName\":\"search_term_string\"}}],\"inLanguage\":\"fr-FR\"},{\"@type\":\"Organization\",\"@id\":\"https:\\\/\\\/www.forbes.be\\\/fr\\\/#organization\",\"name\":\"Forbes Belgique\",\"url\":\"https:\\\/\\\/www.forbes.be\\\/fr\\\/\",\"logo\":{\"@type\":\"ImageObject\",\"inLanguage\":\"fr-FR\",\"@id\":\"https:\\\/\\\/www.forbes.be\\\/fr\\\/#\\\/schema\\\/logo\\\/image\\\/\",\"url\":\"https:\\\/\\\/www.forbes.be\\\/fr\\\/wp-content\\\/uploads\\\/2024\\\/02\\\/forbes.be_.png\",\"contentUrl\":\"https:\\\/\\\/www.forbes.be\\\/fr\\\/wp-content\\\/uploads\\\/2024\\\/02\\\/forbes.be_.png\",\"width\":1200,\"height\":675,\"caption\":\"Forbes Belgique\"},\"image\":{\"@id\":\"https:\\\/\\\/www.forbes.be\\\/fr\\\/#\\\/schema\\\/logo\\\/image\\\/\"},\"sameAs\":[\"https:\\\/\\\/www.facebook.com\\\/forbesbelgique\\\/\",\"https:\\\/\\\/www.instagram.com\\\/Forbes_Belgium\",\"https:\\\/\\\/www.linkedin.com\\\/company\\\/forbes-belgium\\\/\"]},{\"@type\":\"Person\",\"@id\":\"https:\\\/\\\/www.forbes.be\\\/fr\\\/#\\\/schema\\\/person\\\/22bfc3335e560f4084ef5af17ecdad87\",\"name\":\"Philippe Coul\u00e9e\",\"image\":{\"@type\":\"ImageObject\",\"inLanguage\":\"fr-FR\",\"@id\":\"https:\\\/\\\/www.forbes.be\\\/fr\\\/wp-content\\\/uploads\\\/2024\\\/01\\\/unnamed-150x150.jpg\",\"url\":\"https:\\\/\\\/www.forbes.be\\\/fr\\\/wp-content\\\/uploads\\\/2024\\\/01\\\/unnamed-150x150.jpg\",\"contentUrl\":\"https:\\\/\\\/www.forbes.be\\\/fr\\\/wp-content\\\/uploads\\\/2024\\\/01\\\/unnamed-150x150.jpg\",\"caption\":\"Philippe Coul\u00e9e\"},\"url\":\"https:\\\/\\\/www.forbes.be\\\/fr\\\/author\\\/philippe-couleeicloud-com\\\/\"}]}<\/script>\n<!-- \/ Yoast SEO plugin. -->","yoast_head_json":{"title":"R\u00e9sultats annuels \"satisfaisants\" pour Thomas & Piron | Forbes Belgique","description":"le Groupe Thomas & Piron publie ce jeudi matin des r\u00e9sultats 2024 rassurants malgr\u00e9 un march\u00e9 immobilier toujours chahut\u00e9.","robots":{"index":"index","follow":"follow","max-snippet":"max-snippet:-1","max-image-preview":"max-image-preview:large","max-video-preview":"max-video-preview:-1"},"canonical":"https:\/\/www.forbes.be\/fr\/resultats-annuels-satisfaisants-pour-thomas-piron\/","og_locale":"fr_FR","og_type":"article","og_title":"R\u00e9sultats annuels \"satisfaisants\" pour Thomas & Piron | Forbes Belgique","og_description":"le Groupe Thomas & Piron publie ce jeudi matin des r\u00e9sultats 2024 rassurants malgr\u00e9 un march\u00e9 immobilier toujours chahut\u00e9.","og_url":"https:\/\/www.forbes.be\/fr\/resultats-annuels-satisfaisants-pour-thomas-piron\/","og_site_name":"Forbes Belgique","article_publisher":"https:\/\/www.facebook.com\/forbesbelgique\/","article_published_time":"2025-06-26T10:55:03+00:00","article_modified_time":"2025-06-27T09:36:24+00:00","og_image":[{"width":1800,"height":942,"url":"https:\/\/www.forbes.be\/fr\/wp-content\/uploads\/2025\/06\/projet-emaillerie-a-saint-servais-e1751016896568.jpeg","type":"image\/jpeg"}],"author":"Philippe Coul\u00e9e","twitter_card":"summary_large_image","twitter_misc":{"\u00c9crit par":"Philippe Coul\u00e9e","Dur\u00e9e de lecture estim\u00e9e":"3 minutes"},"schema":{"@context":"https:\/\/schema.org","@graph":[{"@type":"NewsArticle","@id":"https:\/\/www.forbes.be\/fr\/resultats-annuels-satisfaisants-pour-thomas-piron\/#article","isPartOf":{"@id":"https:\/\/www.forbes.be\/fr\/resultats-annuels-satisfaisants-pour-thomas-piron\/"},"author":{"name":"Philippe Coul\u00e9e","@id":"https:\/\/www.forbes.be\/fr\/#\/schema\/person\/22bfc3335e560f4084ef5af17ecdad87"},"headline":"R\u00e9sultats annuels \u00ab\u00a0satisfaisants\u00a0\u00bb pour Thomas &#038; Piron","datePublished":"2025-06-26T10:55:03+00:00","dateModified":"2025-06-27T09:36:24+00:00","mainEntityOfPage":{"@id":"https:\/\/www.forbes.be\/fr\/resultats-annuels-satisfaisants-pour-thomas-piron\/"},"wordCount":510,"publisher":{"@id":"https:\/\/www.forbes.be\/fr\/#organization"},"image":{"@id":"https:\/\/www.forbes.be\/fr\/resultats-annuels-satisfaisants-pour-thomas-piron\/#primaryimage"},"thumbnailUrl":"https:\/\/www.forbes.be\/fr\/wp-content\/uploads\/2025\/06\/projet-emaillerie-a-saint-servais-e1751460180584.jpeg","articleSection":["Actualit\u00e9s","Commerce","Entreprise","Immobilier"],"inLanguage":"fr-FR"},{"@type":"WebPage","@id":"https:\/\/www.forbes.be\/fr\/resultats-annuels-satisfaisants-pour-thomas-piron\/","url":"https:\/\/www.forbes.be\/fr\/resultats-annuels-satisfaisants-pour-thomas-piron\/","name":"R\u00e9sultats annuels \"satisfaisants\" pour Thomas & Piron | Forbes Belgique","isPartOf":{"@id":"https:\/\/www.forbes.be\/fr\/#website"},"primaryImageOfPage":{"@id":"https:\/\/www.forbes.be\/fr\/resultats-annuels-satisfaisants-pour-thomas-piron\/#primaryimage"},"image":{"@id":"https:\/\/www.forbes.be\/fr\/resultats-annuels-satisfaisants-pour-thomas-piron\/#primaryimage"},"thumbnailUrl":"https:\/\/www.forbes.be\/fr\/wp-content\/uploads\/2025\/06\/projet-emaillerie-a-saint-servais-e1751460180584.jpeg","datePublished":"2025-06-26T10:55:03+00:00","dateModified":"2025-06-27T09:36:24+00:00","description":"le Groupe Thomas & Piron publie ce jeudi matin des r\u00e9sultats 2024 rassurants malgr\u00e9 un march\u00e9 immobilier toujours chahut\u00e9.","breadcrumb":{"@id":"https:\/\/www.forbes.be\/fr\/resultats-annuels-satisfaisants-pour-thomas-piron\/#breadcrumb"},"inLanguage":"fr-FR","potentialAction":[{"@type":"ReadAction","target":["https:\/\/www.forbes.be\/fr\/resultats-annuels-satisfaisants-pour-thomas-piron\/"]}]},{"@type":"ImageObject","inLanguage":"fr-FR","@id":"https:\/\/www.forbes.be\/fr\/resultats-annuels-satisfaisants-pour-thomas-piron\/#primaryimage","url":"https:\/\/www.forbes.be\/fr\/wp-content\/uploads\/2025\/06\/projet-emaillerie-a-saint-servais-e1751460180584.jpeg","contentUrl":"https:\/\/www.forbes.be\/fr\/wp-content\/uploads\/2025\/06\/projet-emaillerie-a-saint-servais-e1751460180584.jpeg","width":1800,"height":936,"caption":"Projet r\u00e9sidentiel \u00e0 Saint-Servais (Namur) d\u00e9velopp\u00e9 sur le site reconverti dit de l\u2019\u00e9maillerie. TP B\u00e2timent."},{"@type":"BreadcrumbList","@id":"https:\/\/www.forbes.be\/fr\/resultats-annuels-satisfaisants-pour-thomas-piron\/#breadcrumb","itemListElement":[{"@type":"ListItem","position":1,"name":"Accueil","item":"https:\/\/www.forbes.be\/fr\/"},{"@type":"ListItem","position":2,"name":"R\u00e9sultats annuels \u00ab\u00a0satisfaisants\u00a0\u00bb pour Thomas &#038; Piron"}]},{"@type":"WebSite","@id":"https:\/\/www.forbes.be\/fr\/#website","url":"https:\/\/www.forbes.be\/fr\/","name":"Forbes Belgique","description":"","publisher":{"@id":"https:\/\/www.forbes.be\/fr\/#organization"},"potentialAction":[{"@type":"SearchAction","target":{"@type":"EntryPoint","urlTemplate":"https:\/\/www.forbes.be\/fr\/?s={search_term_string}"},"query-input":{"@type":"PropertyValueSpecification","valueRequired":true,"valueName":"search_term_string"}}],"inLanguage":"fr-FR"},{"@type":"Organization","@id":"https:\/\/www.forbes.be\/fr\/#organization","name":"Forbes Belgique","url":"https:\/\/www.forbes.be\/fr\/","logo":{"@type":"ImageObject","inLanguage":"fr-FR","@id":"https:\/\/www.forbes.be\/fr\/#\/schema\/logo\/image\/","url":"https:\/\/www.forbes.be\/fr\/wp-content\/uploads\/2024\/02\/forbes.be_.png","contentUrl":"https:\/\/www.forbes.be\/fr\/wp-content\/uploads\/2024\/02\/forbes.be_.png","width":1200,"height":675,"caption":"Forbes Belgique"},"image":{"@id":"https:\/\/www.forbes.be\/fr\/#\/schema\/logo\/image\/"},"sameAs":["https:\/\/www.facebook.com\/forbesbelgique\/","https:\/\/www.instagram.com\/Forbes_Belgium","https:\/\/www.linkedin.com\/company\/forbes-belgium\/"]},{"@type":"Person","@id":"https:\/\/www.forbes.be\/fr\/#\/schema\/person\/22bfc3335e560f4084ef5af17ecdad87","name":"Philippe Coul\u00e9e","image":{"@type":"ImageObject","inLanguage":"fr-FR","@id":"https:\/\/www.forbes.be\/fr\/wp-content\/uploads\/2024\/01\/unnamed-150x150.jpg","url":"https:\/\/www.forbes.be\/fr\/wp-content\/uploads\/2024\/01\/unnamed-150x150.jpg","contentUrl":"https:\/\/www.forbes.be\/fr\/wp-content\/uploads\/2024\/01\/unnamed-150x150.jpg","caption":"Philippe Coul\u00e9e"},"url":"https:\/\/www.forbes.be\/fr\/author\/philippe-couleeicloud-com\/"}]}},"_links":{"self":[{"href":"https:\/\/www.forbes.be\/fr\/wp-json\/wp\/v2\/posts\/11105","targetHints":{"allow":["GET"]}}],"collection":[{"href":"https:\/\/www.forbes.be\/fr\/wp-json\/wp\/v2\/posts"}],"about":[{"href":"https:\/\/www.forbes.be\/fr\/wp-json\/wp\/v2\/types\/post"}],"author":[{"embeddable":true,"href":"https:\/\/www.forbes.be\/fr\/wp-json\/wp\/v2\/users\/15"}],"replies":[{"embeddable":true,"href":"https:\/\/www.forbes.be\/fr\/wp-json\/wp\/v2\/comments?post=11105"}],"version-history":[{"count":8,"href":"https:\/\/www.forbes.be\/fr\/wp-json\/wp\/v2\/posts\/11105\/revisions"}],"predecessor-version":[{"id":11271,"href":"https:\/\/www.forbes.be\/fr\/wp-json\/wp\/v2\/posts\/11105\/revisions\/11271"}],"wp:featuredmedia":[{"embeddable":true,"href":"https:\/\/www.forbes.be\/fr\/wp-json\/wp\/v2\/media\/11112"}],"wp:attachment":[{"href":"https:\/\/www.forbes.be\/fr\/wp-json\/wp\/v2\/media?parent=11105"}],"wp:term":[{"taxonomy":"category","embeddable":true,"href":"https:\/\/www.forbes.be\/fr\/wp-json\/wp\/v2\/categories?post=11105"},{"taxonomy":"post_tag","embeddable":true,"href":"https:\/\/www.forbes.be\/fr\/wp-json\/wp\/v2\/tags?post=11105"}],"curies":[{"name":"wp","href":"https:\/\/api.w.org\/{rel}","templated":true}]}}