{"id":11133,"date":"2025-06-30T22:54:56","date_gmt":"2025-06-30T20:54:56","guid":{"rendered":"https:\/\/www.forbes.be\/fr\/?p=11133"},"modified":"2025-06-30T22:55:14","modified_gmt":"2025-06-30T20:55:14","slug":"voici-les-premiers-contours-de-la-future-taxe-sur-les-plus-values","status":"publish","type":"post","link":"https:\/\/www.forbes.be\/fr\/voici-les-premiers-contours-de-la-future-taxe-sur-les-plus-values\/","title":{"rendered":"Voici les premiers contours de la future taxe sur les plus-values"},"content":{"rendered":"<p><strong>Ca y est! Apr\u00e8s des semaines de tensions et des derniers jours et heures d&rsquo;\u00e2pres n\u00e9gociations, le gouvernement f\u00e9d\u00e9ral s&rsquo;est enfin entendu sur les contours de la future taxe sur les plus-values. Elle consistera en un pr\u00e9l\u00e8vement de 10% sur les plus-values r\u00e9alis\u00e9es sur des actifs financiers, tels que les actions et les crypto-actifs. Elle prendra effet \u00e0 partir du 1er janvier 2026 et ne sera pas r\u00e9tro-active.<\/strong><\/p>\n<p>Faire contribuer les \u00e9paules les plus larges afin d\u2019am\u00e9liorer la situation budg\u00e9taire du pays et de r\u00e9duire la charge fiscale globale, voil\u00e0 le mantra des socialistes flamands de Vooruit depuis qu&rsquo;ils ont accept\u00e9 d&rsquo;int\u00e9grer la coalition Arizona \u00e0 la fin janvier. Ils avaient d&rsquo;ailleurs mis en balance leur approbation de la limitation dans le temps des allocations de ch\u00f4mage et celle de la r\u00e9cente vision strat\u00e9gique pour la D\u00e9fense \u00e0 la mise en place de cette mesure.<\/p>\n<p>Apr\u00e8s une longue journ\u00e9e de n\u00e9gociations vendredi, suivie d&rsquo;une nuit enti\u00e8re de d\u00e9bats entre dimanche et lundi, le kern, le comit\u00e9 minist\u00e9riel restreint, s&rsquo;est entendu lundi matin sur cette fameuse taxe, qui doit rapporter 500 millions d&rsquo;euros sur base annuelle. Elle ne s\u2019appliquera que lorsque la plus-value est effectivement r\u00e9alis\u00e9e, par exemple lors de la vente ou d\u2019un transfert. Les gains r\u00e9alis\u00e9s par le pass\u00e9 ne sont pas concern\u00e9s.<\/p>\n<p>Une <strong>exon\u00e9ration annuelle de 10.000 euros<\/strong> est pr\u00e9vue par personne afin de prot\u00e9ger les petits et moyens investisseurs. Ce montant sera index\u00e9 chaque ann\u00e9e. L\u2019exon\u00e9ration annuelle pourra augmenter de maximum 1.000 euros par an, ce qui permet d\u2019atteindre un plafond d\u2019exon\u00e9ration maximal de 15.000 euros si aucune plus-value n\u2019a \u00e9t\u00e9 r\u00e9alis\u00e9e au cours des cinq derni\u00e8res ann\u00e9es, a expliqu\u00e9 le ministre des Finances Jan Jambon (N-VA).<\/p>\n<p>Un<strong> taux r\u00e9duit et progressif<\/strong> est pr\u00e9vu pour les contribuables <strong>d\u00e9tenant une participation d\u2019au moins 20% dans une soci\u00e9t\u00e9<\/strong>. Le r\u00e9gime s\u2019appliquera d&rsquo;ailleurs \u00e0 tous les types de soci\u00e9t\u00e9s. Pour ces entrepreneurs, une exon\u00e9ration d&rsquo;1 million d\u2019euros est accord\u00e9e sur une p\u00e9riode de cinq ans.<\/p>\n<p>A noter encore qu&rsquo;aucune distinction n\u2019est faite entre actions cot\u00e9es et non cot\u00e9es et que les pensions compl\u00e9mentaires du deuxi\u00e8me et du troisi\u00e8me pilier ne seront pas tax\u00e9es davantage. Les <strong>produits d\u2019\u00e9pargne-pension et les assurances groupe<\/strong> ont en effet \u00e9t\u00e9 <strong>exclues<\/strong> du champ d\u2019application.<\/p>\n","protected":false},"excerpt":{"rendered":"<p>Ca y est! Apr\u00e8s des semaines de tensions et des derniers jours et heures d&rsquo;\u00e2pres n\u00e9gociations, le gouvernement f\u00e9d\u00e9ral s&rsquo;est enfin entendu sur les contours de la future taxe sur les plus-values. Elle consistera en un pr\u00e9l\u00e8vement de 10% sur les plus-values r\u00e9alis\u00e9es sur des actifs financiers, tels que les actions et les crypto-actifs. Elle [&hellip;]<\/p>\n","protected":false},"author":37,"featured_media":11135,"comment_status":"closed","ping_status":"closed","sticky":false,"template":"","format":"standard","meta":{"_acf_changed":false,"inline_featured_image":false,"footnotes":""},"categories":[1,16],"tags":[],"class_list":{"0":"post-11133","1":"post","2":"type-post","3":"status-publish","4":"format-standard","5":"has-post-thumbnail","7":"category-actualite","8":"category-finance"},"acf":[],"_yoast_wpseo_title":null,"_yoast_wpseo_metadesc":"Les d\u00e9tails de la nouvelle taxe belge sur les plus-values financi\u00e8res, les exon\u00e9rations pr\u00e9vues et sa date d'entr\u00e9e en vigueur.\"","auteur_traducteur":"","yoast_head":"<!-- This site is optimized with the Yoast SEO plugin v27.4 - https:\/\/yoast.com\/product\/yoast-seo-wordpress\/ -->\n<title>Voici les premiers contours de la future taxe sur les plus-values | Forbes Belgique<\/title>\n<meta name=\"description\" content=\"Les d\u00e9tails de la nouvelle taxe belge sur les plus-values financi\u00e8res, les exon\u00e9rations pr\u00e9vues et sa date d&#039;entr\u00e9e en vigueur.&quot;\" \/>\n<meta name=\"robots\" content=\"index, follow, max-snippet:-1, max-image-preview:large, max-video-preview:-1\" \/>\n<link rel=\"canonical\" href=\"https:\/\/www.forbes.be\/fr\/voici-les-premiers-contours-de-la-future-taxe-sur-les-plus-values\/\" \/>\n<meta property=\"og:locale\" content=\"fr_FR\" \/>\n<meta property=\"og:type\" content=\"article\" \/>\n<meta property=\"og:title\" content=\"Voici les premiers contours de la future taxe sur les plus-values | Forbes Belgique\" \/>\n<meta property=\"og:description\" content=\"Les d\u00e9tails de la nouvelle taxe belge sur les plus-values financi\u00e8res, les exon\u00e9rations pr\u00e9vues et sa date d&#039;entr\u00e9e en vigueur.&quot;\" \/>\n<meta property=\"og:url\" content=\"https:\/\/www.forbes.be\/fr\/voici-les-premiers-contours-de-la-future-taxe-sur-les-plus-values\/\" \/>\n<meta property=\"og:site_name\" content=\"Forbes Belgique\" \/>\n<meta property=\"article:publisher\" content=\"https:\/\/www.facebook.com\/forbesbelgique\/\" \/>\n<meta property=\"article:published_time\" content=\"2025-06-30T20:54:56+00:00\" \/>\n<meta property=\"article:modified_time\" content=\"2025-06-30T20:55:14+00:00\" \/>\n<meta property=\"og:image\" content=\"https:\/\/www.forbes.be\/fr\/wp-content\/uploads\/2025\/06\/adobestock-1194171436-scaled.jpeg\" \/>\n\t<meta property=\"og:image:width\" content=\"2560\" \/>\n\t<meta property=\"og:image:height\" content=\"2048\" \/>\n\t<meta property=\"og:image:type\" content=\"image\/jpeg\" \/>\n<meta name=\"author\" content=\"Juan Godbille\" \/>\n<meta name=\"twitter:card\" content=\"summary_large_image\" \/>\n<meta name=\"twitter:label1\" content=\"\u00c9crit par\" \/>\n\t<meta name=\"twitter:data1\" content=\"Juan Godbille\" \/>\n\t<meta name=\"twitter:label2\" content=\"Dur\u00e9e de lecture estim\u00e9e\" \/>\n\t<meta name=\"twitter:data2\" content=\"3 minutes\" \/>\n<script type=\"application\/ld+json\" class=\"yoast-schema-graph\">{\"@context\":\"https:\\\/\\\/schema.org\",\"@graph\":[{\"@type\":\"NewsArticle\",\"@id\":\"https:\\\/\\\/www.forbes.be\\\/fr\\\/voici-les-premiers-contours-de-la-future-taxe-sur-les-plus-values\\\/#article\",\"isPartOf\":{\"@id\":\"https:\\\/\\\/www.forbes.be\\\/fr\\\/voici-les-premiers-contours-de-la-future-taxe-sur-les-plus-values\\\/\"},\"author\":{\"name\":\"Juan Godbille\",\"@id\":\"https:\\\/\\\/www.forbes.be\\\/fr\\\/#\\\/schema\\\/person\\\/0d449791ef6199da3d469eca714eb773\"},\"headline\":\"Voici les premiers contours de la future taxe sur les plus-values\",\"datePublished\":\"2025-06-30T20:54:56+00:00\",\"dateModified\":\"2025-06-30T20:55:14+00:00\",\"mainEntityOfPage\":{\"@id\":\"https:\\\/\\\/www.forbes.be\\\/fr\\\/voici-les-premiers-contours-de-la-future-taxe-sur-les-plus-values\\\/\"},\"wordCount\":437,\"publisher\":{\"@id\":\"https:\\\/\\\/www.forbes.be\\\/fr\\\/#organization\"},\"image\":{\"@id\":\"https:\\\/\\\/www.forbes.be\\\/fr\\\/voici-les-premiers-contours-de-la-future-taxe-sur-les-plus-values\\\/#primaryimage\"},\"thumbnailUrl\":\"https:\\\/\\\/www.forbes.be\\\/fr\\\/wp-content\\\/uploads\\\/2025\\\/06\\\/adobestock-1194171436-scaled-e1751317071731.jpeg\",\"articleSection\":[\"Actualit\u00e9s\",\"Finance\"],\"inLanguage\":\"fr-FR\"},{\"@type\":\"WebPage\",\"@id\":\"https:\\\/\\\/www.forbes.be\\\/fr\\\/voici-les-premiers-contours-de-la-future-taxe-sur-les-plus-values\\\/\",\"url\":\"https:\\\/\\\/www.forbes.be\\\/fr\\\/voici-les-premiers-contours-de-la-future-taxe-sur-les-plus-values\\\/\",\"name\":\"Voici les premiers contours de la future taxe sur les plus-values | Forbes Belgique\",\"isPartOf\":{\"@id\":\"https:\\\/\\\/www.forbes.be\\\/fr\\\/#website\"},\"primaryImageOfPage\":{\"@id\":\"https:\\\/\\\/www.forbes.be\\\/fr\\\/voici-les-premiers-contours-de-la-future-taxe-sur-les-plus-values\\\/#primaryimage\"},\"image\":{\"@id\":\"https:\\\/\\\/www.forbes.be\\\/fr\\\/voici-les-premiers-contours-de-la-future-taxe-sur-les-plus-values\\\/#primaryimage\"},\"thumbnailUrl\":\"https:\\\/\\\/www.forbes.be\\\/fr\\\/wp-content\\\/uploads\\\/2025\\\/06\\\/adobestock-1194171436-scaled-e1751317071731.jpeg\",\"datePublished\":\"2025-06-30T20:54:56+00:00\",\"dateModified\":\"2025-06-30T20:55:14+00:00\",\"description\":\"Les d\u00e9tails de la nouvelle taxe belge sur les plus-values financi\u00e8res, les exon\u00e9rations pr\u00e9vues et sa date d'entr\u00e9e en vigueur.\\\"\",\"breadcrumb\":{\"@id\":\"https:\\\/\\\/www.forbes.be\\\/fr\\\/voici-les-premiers-contours-de-la-future-taxe-sur-les-plus-values\\\/#breadcrumb\"},\"inLanguage\":\"fr-FR\",\"potentialAction\":[{\"@type\":\"ReadAction\",\"target\":[\"https:\\\/\\\/www.forbes.be\\\/fr\\\/voici-les-premiers-contours-de-la-future-taxe-sur-les-plus-values\\\/\"]}]},{\"@type\":\"ImageObject\",\"inLanguage\":\"fr-FR\",\"@id\":\"https:\\\/\\\/www.forbes.be\\\/fr\\\/voici-les-premiers-contours-de-la-future-taxe-sur-les-plus-values\\\/#primaryimage\",\"url\":\"https:\\\/\\\/www.forbes.be\\\/fr\\\/wp-content\\\/uploads\\\/2025\\\/06\\\/adobestock-1194171436-scaled-e1751317071731.jpeg\",\"contentUrl\":\"https:\\\/\\\/www.forbes.be\\\/fr\\\/wp-content\\\/uploads\\\/2025\\\/06\\\/adobestock-1194171436-scaled-e1751317071731.jpeg\",\"width\":2560,\"height\":1340,\"caption\":\"A Capital gains tax graph displayed on tablet, showcasing financial trends\"},{\"@type\":\"BreadcrumbList\",\"@id\":\"https:\\\/\\\/www.forbes.be\\\/fr\\\/voici-les-premiers-contours-de-la-future-taxe-sur-les-plus-values\\\/#breadcrumb\",\"itemListElement\":[{\"@type\":\"ListItem\",\"position\":1,\"name\":\"Accueil\",\"item\":\"https:\\\/\\\/www.forbes.be\\\/fr\\\/\"},{\"@type\":\"ListItem\",\"position\":2,\"name\":\"Voici les premiers contours de la future taxe sur les plus-values\"}]},{\"@type\":\"WebSite\",\"@id\":\"https:\\\/\\\/www.forbes.be\\\/fr\\\/#website\",\"url\":\"https:\\\/\\\/www.forbes.be\\\/fr\\\/\",\"name\":\"Forbes Belgique\",\"description\":\"\",\"publisher\":{\"@id\":\"https:\\\/\\\/www.forbes.be\\\/fr\\\/#organization\"},\"potentialAction\":[{\"@type\":\"SearchAction\",\"target\":{\"@type\":\"EntryPoint\",\"urlTemplate\":\"https:\\\/\\\/www.forbes.be\\\/fr\\\/?s={search_term_string}\"},\"query-input\":{\"@type\":\"PropertyValueSpecification\",\"valueRequired\":true,\"valueName\":\"search_term_string\"}}],\"inLanguage\":\"fr-FR\"},{\"@type\":\"Organization\",\"@id\":\"https:\\\/\\\/www.forbes.be\\\/fr\\\/#organization\",\"name\":\"Forbes Belgique\",\"url\":\"https:\\\/\\\/www.forbes.be\\\/fr\\\/\",\"logo\":{\"@type\":\"ImageObject\",\"inLanguage\":\"fr-FR\",\"@id\":\"https:\\\/\\\/www.forbes.be\\\/fr\\\/#\\\/schema\\\/logo\\\/image\\\/\",\"url\":\"https:\\\/\\\/www.forbes.be\\\/fr\\\/wp-content\\\/uploads\\\/2024\\\/02\\\/forbes.be_.png\",\"contentUrl\":\"https:\\\/\\\/www.forbes.be\\\/fr\\\/wp-content\\\/uploads\\\/2024\\\/02\\\/forbes.be_.png\",\"width\":1200,\"height\":675,\"caption\":\"Forbes Belgique\"},\"image\":{\"@id\":\"https:\\\/\\\/www.forbes.be\\\/fr\\\/#\\\/schema\\\/logo\\\/image\\\/\"},\"sameAs\":[\"https:\\\/\\\/www.facebook.com\\\/forbesbelgique\\\/\",\"https:\\\/\\\/www.instagram.com\\\/Forbes_Belgium\",\"https:\\\/\\\/www.linkedin.com\\\/company\\\/forbes-belgium\\\/\"]},{\"@type\":\"Person\",\"@id\":\"https:\\\/\\\/www.forbes.be\\\/fr\\\/#\\\/schema\\\/person\\\/0d449791ef6199da3d469eca714eb773\",\"name\":\"Juan Godbille\",\"image\":{\"@type\":\"ImageObject\",\"inLanguage\":\"fr-FR\",\"@id\":\"https:\\\/\\\/secure.gravatar.com\\\/avatar\\\/de6d740453251c69ae34e42cfef9688bc2a5c942d7cab09074e7064fbac13ac9?s=96&d=mm&r=g\",\"url\":\"https:\\\/\\\/secure.gravatar.com\\\/avatar\\\/de6d740453251c69ae34e42cfef9688bc2a5c942d7cab09074e7064fbac13ac9?s=96&d=mm&r=g\",\"contentUrl\":\"https:\\\/\\\/secure.gravatar.com\\\/avatar\\\/de6d740453251c69ae34e42cfef9688bc2a5c942d7cab09074e7064fbac13ac9?s=96&d=mm&r=g\",\"caption\":\"Juan Godbille\"},\"url\":\"https:\\\/\\\/www.forbes.be\\\/fr\\\/author\\\/juan-godbille\\\/\"}]}<\/script>\n<!-- \/ Yoast SEO plugin. -->","yoast_head_json":{"title":"Voici les premiers contours de la future taxe sur les plus-values | Forbes Belgique","description":"Les d\u00e9tails de la nouvelle taxe belge sur les plus-values financi\u00e8res, les exon\u00e9rations pr\u00e9vues et sa date d'entr\u00e9e en vigueur.\"","robots":{"index":"index","follow":"follow","max-snippet":"max-snippet:-1","max-image-preview":"max-image-preview:large","max-video-preview":"max-video-preview:-1"},"canonical":"https:\/\/www.forbes.be\/fr\/voici-les-premiers-contours-de-la-future-taxe-sur-les-plus-values\/","og_locale":"fr_FR","og_type":"article","og_title":"Voici les premiers contours de la future taxe sur les plus-values | Forbes Belgique","og_description":"Les d\u00e9tails de la nouvelle taxe belge sur les plus-values financi\u00e8res, les exon\u00e9rations pr\u00e9vues et sa date d'entr\u00e9e en vigueur.\"","og_url":"https:\/\/www.forbes.be\/fr\/voici-les-premiers-contours-de-la-future-taxe-sur-les-plus-values\/","og_site_name":"Forbes Belgique","article_publisher":"https:\/\/www.facebook.com\/forbesbelgique\/","article_published_time":"2025-06-30T20:54:56+00:00","article_modified_time":"2025-06-30T20:55:14+00:00","og_image":[{"width":2560,"height":2048,"url":"https:\/\/www.forbes.be\/fr\/wp-content\/uploads\/2025\/06\/adobestock-1194171436-scaled.jpeg","type":"image\/jpeg"}],"author":"Juan Godbille","twitter_card":"summary_large_image","twitter_misc":{"\u00c9crit par":"Juan Godbille","Dur\u00e9e de lecture estim\u00e9e":"3 minutes"},"schema":{"@context":"https:\/\/schema.org","@graph":[{"@type":"NewsArticle","@id":"https:\/\/www.forbes.be\/fr\/voici-les-premiers-contours-de-la-future-taxe-sur-les-plus-values\/#article","isPartOf":{"@id":"https:\/\/www.forbes.be\/fr\/voici-les-premiers-contours-de-la-future-taxe-sur-les-plus-values\/"},"author":{"name":"Juan Godbille","@id":"https:\/\/www.forbes.be\/fr\/#\/schema\/person\/0d449791ef6199da3d469eca714eb773"},"headline":"Voici les premiers contours de la future taxe sur les plus-values","datePublished":"2025-06-30T20:54:56+00:00","dateModified":"2025-06-30T20:55:14+00:00","mainEntityOfPage":{"@id":"https:\/\/www.forbes.be\/fr\/voici-les-premiers-contours-de-la-future-taxe-sur-les-plus-values\/"},"wordCount":437,"publisher":{"@id":"https:\/\/www.forbes.be\/fr\/#organization"},"image":{"@id":"https:\/\/www.forbes.be\/fr\/voici-les-premiers-contours-de-la-future-taxe-sur-les-plus-values\/#primaryimage"},"thumbnailUrl":"https:\/\/www.forbes.be\/fr\/wp-content\/uploads\/2025\/06\/adobestock-1194171436-scaled-e1751317071731.jpeg","articleSection":["Actualit\u00e9s","Finance"],"inLanguage":"fr-FR"},{"@type":"WebPage","@id":"https:\/\/www.forbes.be\/fr\/voici-les-premiers-contours-de-la-future-taxe-sur-les-plus-values\/","url":"https:\/\/www.forbes.be\/fr\/voici-les-premiers-contours-de-la-future-taxe-sur-les-plus-values\/","name":"Voici les premiers contours de la future taxe sur les plus-values | Forbes Belgique","isPartOf":{"@id":"https:\/\/www.forbes.be\/fr\/#website"},"primaryImageOfPage":{"@id":"https:\/\/www.forbes.be\/fr\/voici-les-premiers-contours-de-la-future-taxe-sur-les-plus-values\/#primaryimage"},"image":{"@id":"https:\/\/www.forbes.be\/fr\/voici-les-premiers-contours-de-la-future-taxe-sur-les-plus-values\/#primaryimage"},"thumbnailUrl":"https:\/\/www.forbes.be\/fr\/wp-content\/uploads\/2025\/06\/adobestock-1194171436-scaled-e1751317071731.jpeg","datePublished":"2025-06-30T20:54:56+00:00","dateModified":"2025-06-30T20:55:14+00:00","description":"Les d\u00e9tails de la nouvelle taxe belge sur les plus-values financi\u00e8res, les exon\u00e9rations pr\u00e9vues et sa date d'entr\u00e9e en vigueur.\"","breadcrumb":{"@id":"https:\/\/www.forbes.be\/fr\/voici-les-premiers-contours-de-la-future-taxe-sur-les-plus-values\/#breadcrumb"},"inLanguage":"fr-FR","potentialAction":[{"@type":"ReadAction","target":["https:\/\/www.forbes.be\/fr\/voici-les-premiers-contours-de-la-future-taxe-sur-les-plus-values\/"]}]},{"@type":"ImageObject","inLanguage":"fr-FR","@id":"https:\/\/www.forbes.be\/fr\/voici-les-premiers-contours-de-la-future-taxe-sur-les-plus-values\/#primaryimage","url":"https:\/\/www.forbes.be\/fr\/wp-content\/uploads\/2025\/06\/adobestock-1194171436-scaled-e1751317071731.jpeg","contentUrl":"https:\/\/www.forbes.be\/fr\/wp-content\/uploads\/2025\/06\/adobestock-1194171436-scaled-e1751317071731.jpeg","width":2560,"height":1340,"caption":"A Capital gains tax graph displayed on tablet, showcasing financial trends"},{"@type":"BreadcrumbList","@id":"https:\/\/www.forbes.be\/fr\/voici-les-premiers-contours-de-la-future-taxe-sur-les-plus-values\/#breadcrumb","itemListElement":[{"@type":"ListItem","position":1,"name":"Accueil","item":"https:\/\/www.forbes.be\/fr\/"},{"@type":"ListItem","position":2,"name":"Voici les premiers contours de la future taxe sur les plus-values"}]},{"@type":"WebSite","@id":"https:\/\/www.forbes.be\/fr\/#website","url":"https:\/\/www.forbes.be\/fr\/","name":"Forbes Belgique","description":"","publisher":{"@id":"https:\/\/www.forbes.be\/fr\/#organization"},"potentialAction":[{"@type":"SearchAction","target":{"@type":"EntryPoint","urlTemplate":"https:\/\/www.forbes.be\/fr\/?s={search_term_string}"},"query-input":{"@type":"PropertyValueSpecification","valueRequired":true,"valueName":"search_term_string"}}],"inLanguage":"fr-FR"},{"@type":"Organization","@id":"https:\/\/www.forbes.be\/fr\/#organization","name":"Forbes Belgique","url":"https:\/\/www.forbes.be\/fr\/","logo":{"@type":"ImageObject","inLanguage":"fr-FR","@id":"https:\/\/www.forbes.be\/fr\/#\/schema\/logo\/image\/","url":"https:\/\/www.forbes.be\/fr\/wp-content\/uploads\/2024\/02\/forbes.be_.png","contentUrl":"https:\/\/www.forbes.be\/fr\/wp-content\/uploads\/2024\/02\/forbes.be_.png","width":1200,"height":675,"caption":"Forbes Belgique"},"image":{"@id":"https:\/\/www.forbes.be\/fr\/#\/schema\/logo\/image\/"},"sameAs":["https:\/\/www.facebook.com\/forbesbelgique\/","https:\/\/www.instagram.com\/Forbes_Belgium","https:\/\/www.linkedin.com\/company\/forbes-belgium\/"]},{"@type":"Person","@id":"https:\/\/www.forbes.be\/fr\/#\/schema\/person\/0d449791ef6199da3d469eca714eb773","name":"Juan Godbille","image":{"@type":"ImageObject","inLanguage":"fr-FR","@id":"https:\/\/secure.gravatar.com\/avatar\/de6d740453251c69ae34e42cfef9688bc2a5c942d7cab09074e7064fbac13ac9?s=96&d=mm&r=g","url":"https:\/\/secure.gravatar.com\/avatar\/de6d740453251c69ae34e42cfef9688bc2a5c942d7cab09074e7064fbac13ac9?s=96&d=mm&r=g","contentUrl":"https:\/\/secure.gravatar.com\/avatar\/de6d740453251c69ae34e42cfef9688bc2a5c942d7cab09074e7064fbac13ac9?s=96&d=mm&r=g","caption":"Juan Godbille"},"url":"https:\/\/www.forbes.be\/fr\/author\/juan-godbille\/"}]}},"_links":{"self":[{"href":"https:\/\/www.forbes.be\/fr\/wp-json\/wp\/v2\/posts\/11133","targetHints":{"allow":["GET"]}}],"collection":[{"href":"https:\/\/www.forbes.be\/fr\/wp-json\/wp\/v2\/posts"}],"about":[{"href":"https:\/\/www.forbes.be\/fr\/wp-json\/wp\/v2\/types\/post"}],"author":[{"embeddable":true,"href":"https:\/\/www.forbes.be\/fr\/wp-json\/wp\/v2\/users\/37"}],"replies":[{"embeddable":true,"href":"https:\/\/www.forbes.be\/fr\/wp-json\/wp\/v2\/comments?post=11133"}],"version-history":[{"count":4,"href":"https:\/\/www.forbes.be\/fr\/wp-json\/wp\/v2\/posts\/11133\/revisions"}],"predecessor-version":[{"id":11140,"href":"https:\/\/www.forbes.be\/fr\/wp-json\/wp\/v2\/posts\/11133\/revisions\/11140"}],"wp:featuredmedia":[{"embeddable":true,"href":"https:\/\/www.forbes.be\/fr\/wp-json\/wp\/v2\/media\/11135"}],"wp:attachment":[{"href":"https:\/\/www.forbes.be\/fr\/wp-json\/wp\/v2\/media?parent=11133"}],"wp:term":[{"taxonomy":"category","embeddable":true,"href":"https:\/\/www.forbes.be\/fr\/wp-json\/wp\/v2\/categories?post=11133"},{"taxonomy":"post_tag","embeddable":true,"href":"https:\/\/www.forbes.be\/fr\/wp-json\/wp\/v2\/tags?post=11133"}],"curies":[{"name":"wp","href":"https:\/\/api.w.org\/{rel}","templated":true}]}}