{"id":11224,"date":"2025-07-02T15:22:05","date_gmt":"2025-07-02T13:22:05","guid":{"rendered":"https:\/\/www.forbes.be\/fr\/?p=11224"},"modified":"2025-07-16T18:23:20","modified_gmt":"2025-07-16T16:23:20","slug":"les-maisons-cab-la-ou-lart-est-en-vie","status":"publish","type":"post","link":"https:\/\/www.forbes.be\/fr\/les-maisons-cab-la-ou-lart-est-en-vie\/","title":{"rendered":"Les Maisons CAB, l\u00e0 o\u00f9 l&rsquo;art est en vie"},"content":{"rendered":"<p class=\"p1\"><strong><span class=\"s1\">Voyager dans les Maisons CAB, c\u2019est visiter une collection de lieux qui allient architecture locale, design et \u0153uvres d\u2019art.<\/span><\/strong><\/p>\n<p class=\"p1\"><span class=\"s1\">En 1997, Hubert Bonnet fondait H Group, \u00e0 la crois\u00e9e du private equity et de la r\u00e9habilitation de b\u00e2timents historiques en Europe. Passionn\u00e9 par l\u2019art minimal et conceptuel,<span class=\"Apple-converted-space\">\u00a0 <\/span>qui repousse les limites de l\u2019art europ\u00e9en, il cr\u00e9e la Fondation CAB \u00e0 Bruxelles en 2012, puis un second espace \u00e0 Saint-Paul de Vence en 2021.<span class=\"Apple-converted-space\">\u00a0<\/span><\/span><\/p>\n<p class=\"p1\"><span class=\"s1\">La Fondation CAB compte donc deux vaisseaux amiraux : l\u2019ancien entrep\u00f4t ann\u00e9es 1930 de style Art D\u00e9co restaur\u00e9 par le Belge Olivier Dwek, rue Borrens \u00e0 Bruxelles, et une demeure ann\u00e9es 1950, dans le sud de la France, restaur\u00e9e par le Fran\u00e7ais Charles Zana, \u00e0 un jet de pierre de la Fondation Maeght, site majeur de l\u2019art moderne, \u00e0 Saint-Paul de Vence.<span class=\"Apple-converted-space\">\u00a0<\/span><\/span><\/p>\n<p class=\"p1\"><span class=\"s1\">En 2024, Hubert Bonnet \u00e9toffe cet univers croisant art, design, architecture, histoire et voyage avec <a href=\"https:\/\/lesmaisonscab.com\/\">Les Maisons CAB<\/a>, une \u00ab\u00a0collection\u00a0\u00bb de r\u00e9sidences modernistes restaur\u00e9es. Elles prolongent cette immersion dans l\u2019art minimal et conceptuel dans des lieux de vie en Europe et dans les Cara\u00efbes. Et elles ont une particularit\u00e9\u00a0: Hubert Bonnet les a toutes habit\u00e9es, f\u00fbt-ce bri\u00e8vement.<span class=\"Apple-converted-space\">\u00a0<\/span><\/span><\/p>\n<figure id=\"attachment_11259\" aria-describedby=\"caption-attachment-11259\" style=\"width: 696px\" class=\"wp-caption aligncenter\"><img loading=\"lazy\" decoding=\"async\" class=\"wp-image-11259 size-large\" src=\"https:\/\/www.forbes.be\/fr\/wp-content\/uploads\/2025\/05\/whatsapp-image-2025-07-02-a-141111-570b6f4f-1024x682.jpg\" alt=\"Les Ailes \u00e0 Gen\u00e8ve \u00a9 Maisons CAB\" width=\"696\" height=\"464\" srcset=\"https:\/\/www.forbes.be\/fr\/wp-content\/uploads\/2025\/05\/whatsapp-image-2025-07-02-a-141111-570b6f4f-1024x682.jpg 1024w, https:\/\/www.forbes.be\/fr\/wp-content\/uploads\/2025\/05\/whatsapp-image-2025-07-02-a-141111-570b6f4f-300x200.jpg 300w, https:\/\/www.forbes.be\/fr\/wp-content\/uploads\/2025\/05\/whatsapp-image-2025-07-02-a-141111-570b6f4f-768x512.jpg 768w, https:\/\/www.forbes.be\/fr\/wp-content\/uploads\/2025\/05\/whatsapp-image-2025-07-02-a-141111-570b6f4f-1536x1023.jpg 1536w, https:\/\/www.forbes.be\/fr\/wp-content\/uploads\/2025\/05\/whatsapp-image-2025-07-02-a-141111-570b6f4f-696x464.jpg 696w, https:\/\/www.forbes.be\/fr\/wp-content\/uploads\/2025\/05\/whatsapp-image-2025-07-02-a-141111-570b6f4f-1068x712.jpg 1068w, https:\/\/www.forbes.be\/fr\/wp-content\/uploads\/2025\/05\/whatsapp-image-2025-07-02-a-141111-570b6f4f-600x400.jpg 600w, https:\/\/www.forbes.be\/fr\/wp-content\/uploads\/2025\/05\/whatsapp-image-2025-07-02-a-141111-570b6f4f.jpg 1600w\" sizes=\"auto, (max-width: 696px) 100vw, 696px\" \/><figcaption id=\"caption-attachment-11259\" class=\"wp-caption-text\">Les Ailes \u00e0 Gen\u00e8ve \u00a9 Maisons CAB<\/figcaption><\/figure>\n<p class=\"p1\"><span class=\"s1\">Ces maisons invitent le voyageur dans deux \u00eeles (la Dominique et Panarea), sur les sommets suisses (Verbier), dans quatre m\u00e9tropoles (Londres, Paris, Bruxelles, Gen\u00e8ve), et sur les hauteurs du village fran\u00e7ais de Saint-Paul de Vence, qui occupe une place embl\u00e9matique dans l\u2019histoire de l\u2019art.<span class=\"Apple-converted-space\">\u00a0<\/span><\/span><\/p>\n<p class=\"p3\"><span class=\"s2\"><i>\u00ab Pour moi, l\u2019id\u00e9e d\u2019<\/i><\/span><span class=\"s3\"><i>accumuler <\/i><\/span><span class=\"s2\"><i>de l\u2019art sans vivre avec ses \u0153uvres n\u2019a <\/i><\/span><span class=\"s3\"><i>pas<\/i><\/span><span class=\"s2\"><i> de <\/i><\/span><span class=\"s3\"><i>sens<\/i><\/span><span class=\"s2\"><i>\u00a0\u00bb<\/i><\/span><\/p>\n<p class=\"p1\"><span class=\"s1\">En suivant les pas de leur concepteur, le voyageur filera d\u2019abord vers la premi\u00e8re et la plus lointaine, construite par Marc Corbiau \u00e0 Las Terrenas, en R\u00e9publique dominicaine. De prime abord, l\u2019art n\u2019y \u00e9tait pas pr\u00e9sent. Le ma\u00eetre des maisons expose sa conception du collectionneur\u00a0: \u00ab\u00a0<i>Le terme m\u00eame me g\u00eane. Pour moi, l\u2019id\u00e9e d\u2019accumuler de l\u2019art sans vivre avec ses \u0153uvres n\u2019a pas de sens. L\u2019art se partage, dans des lieux.\u00a0<\/i>\u00bb C\u2019est pourquoi il a voulu y exposer des \u0153uvres devenues des objets \u00e0 vivre au quotidien, au milieu d\u2019espaces architectur\u00e9s, destin\u00e9s \u00e0 \u00e9veiller les sens et \u00e0 susciter la r\u00e9flexion. \u00ab\u00a0<i>Dans la maison de Las Terrenas, une maison simple, des mat\u00e9riaux simples, locaux, sans ostentation, nous avons donc rapidement int\u00e9gr\u00e9 des \u0153uvres et des livres.<\/i>\u00a0\u00bb L\u2019\u0153il peut s\u2019y attarder sur les <i>Dryades<\/i> du peintre fran\u00e7ais Xavier Noiret-Thom\u00e9 ou s\u2019y \u00e9garer dans un labyrinthe de lignes noires du Belge Jean-Luc Moerman (<i>Connecting Things<\/i>).<\/span><\/p>\n<figure id=\"attachment_11260\" aria-describedby=\"caption-attachment-11260\" style=\"width: 696px\" class=\"wp-caption aligncenter\"><img loading=\"lazy\" decoding=\"async\" class=\"wp-image-11260 size-large\" src=\"https:\/\/www.forbes.be\/fr\/wp-content\/uploads\/2025\/05\/whatsapp-image-2025-07-02-a-141040-aac1ec58-1024x682.jpg\" alt=\"Les Ailes \u00e0 Gen\u00e8ve \u00a9 Maisons CAB\" width=\"696\" height=\"464\" srcset=\"https:\/\/www.forbes.be\/fr\/wp-content\/uploads\/2025\/05\/whatsapp-image-2025-07-02-a-141040-aac1ec58-1024x682.jpg 1024w, https:\/\/www.forbes.be\/fr\/wp-content\/uploads\/2025\/05\/whatsapp-image-2025-07-02-a-141040-aac1ec58-300x200.jpg 300w, https:\/\/www.forbes.be\/fr\/wp-content\/uploads\/2025\/05\/whatsapp-image-2025-07-02-a-141040-aac1ec58-768x512.jpg 768w, https:\/\/www.forbes.be\/fr\/wp-content\/uploads\/2025\/05\/whatsapp-image-2025-07-02-a-141040-aac1ec58-1536x1023.jpg 1536w, https:\/\/www.forbes.be\/fr\/wp-content\/uploads\/2025\/05\/whatsapp-image-2025-07-02-a-141040-aac1ec58-696x464.jpg 696w, https:\/\/www.forbes.be\/fr\/wp-content\/uploads\/2025\/05\/whatsapp-image-2025-07-02-a-141040-aac1ec58-1068x712.jpg 1068w, https:\/\/www.forbes.be\/fr\/wp-content\/uploads\/2025\/05\/whatsapp-image-2025-07-02-a-141040-aac1ec58-600x400.jpg 600w, https:\/\/www.forbes.be\/fr\/wp-content\/uploads\/2025\/05\/whatsapp-image-2025-07-02-a-141040-aac1ec58.jpg 1600w\" sizes=\"auto, (max-width: 696px) 100vw, 696px\" \/><figcaption id=\"caption-attachment-11260\" class=\"wp-caption-text\">Les Ailes \u00e0 Gen\u00e8ve \u00a9 Maisons CAB<\/figcaption><\/figure>\n<p class=\"p4\"><span class=\"s1\"><b>Sommet, \u00eele, paquebot<\/b><\/span><\/p>\n<p class=\"p1\"><span class=\"s1\">Franchissant l\u2019oc\u00e9an et respectant la chronologie, le globe-trotter grimpera vers la deuxi\u00e8me maison, la plus en altitude, un chalet \u00e0 Verbier, agr\u00e9ment\u00e9 d\u2019une <i>Composition<\/i> d\u2019Alexandre Calder, qui inscrit sa g\u00e9om\u00e9trie de couleurs au-dessus de la chemin\u00e9e du salon.<\/span><\/p>\n<p class=\"p1\"><span class=\"s1\">Filant plein sud, l\u2019amateur de lieux et d\u2019art gagnera la troisi\u00e8me casa, \u00e0 Panarea, l\u2019une des Iles \u00c9oliennes, dans le d\u00e9troit de Messine. Le Fran\u00e7ais Mathias Bensimon, re\u00e7u l\u00e0-bas plusieurs semaines en r\u00e9sidence, y a peint une fresque intitul\u00e9e <i>La Mer Int\u00e9rieure<\/i>, inspir\u00e9e par les reflets de la lumi\u00e8re sur les flots. Il y est accompagn\u00e9 par les \u0153uvres de Meryem Bayram (<i>Fourfold<\/i>) et un tableau de Luca Dellaverson.<\/span><\/p>\n<p class=\"p1\"><span class=\"s1\">Piquant au nord, vous embarquerez \u00e0 bord de la villa \u00ab Paquebot \u00bb con\u00e7ue \u00e0 Knokke en 1936 par l\u2019architecte bruxellois Louis-Herman de Koninck. \u00ab\u00a0<i>Cette maison class\u00e9e<\/i> \u00bb, souligne Hubert Bonnet, \u00ab <i>a \u00e9t\u00e9 restaur\u00e9e en accord avec les chercheurs de l\u2019universit\u00e9 de Gand et les services des monuments et sites historiques<\/i>.\u00a0\u00bb Le salon du \u00ab\u00a0Paquebot\u00a0\u00bb est dignement orn\u00e9 de deux \u0153uvres de Marthe W\u00e9ry, figure de l\u2019abstraction belge, et du grand minimaliste am\u00e9ricain Donald Judd, d\u2019une fresque de l\u2019Am\u00e9ricain Sol LeWitt, <i>Double pyramides asym\u00e9triques.<\/i> Le mobilier offre une conversation entre l\u2019architecte de Koninck et son homologue le Finlandais Alvar Aalto. On s\u2019y assoit dans son si\u00e8ge <i>Paimio<\/i>, sur ses chaises <i>Stackable<\/i>, on y fait la conversation dans une paire de fauteuils mod. 34\/402, \u00e9clair\u00e9 par ses <i>Plafonniers<\/i> et par une <i>Applique sp\u00e9ciale<\/i>, un ensemble \u00e9labor\u00e9 avec l\u2019antiquaire Fran\u00e7ois Laffanour. Enfin, un boudoir d\u00e9pouill\u00e9 accueille une \u0153uvre de l\u2019Am\u00e9ricaine Jenny Holzer, <i>Inflammatory Essays<\/i> et l\u2019un de ses b\u00e2tons mythiques, intitul\u00e9 <i>A 00321040<\/i>, d\u2019Andr\u00e9 Cadere, le ma\u00eetre roumain du minimalisme ritualis\u00e9.<\/span><\/p>\n<figure id=\"attachment_11264\" aria-describedby=\"caption-attachment-11264\" style=\"width: 696px\" class=\"wp-caption aligncenter\"><img loading=\"lazy\" decoding=\"async\" class=\"wp-image-11264 size-large\" src=\"https:\/\/www.forbes.be\/fr\/wp-content\/uploads\/2025\/05\/whatsapp-image-2025-07-02-a-142055-571bbda2-1024x682.jpg\" alt=\"La fresque de l\u2019Am\u00e9ricain Sol LeWitt, Double pyramides asym\u00e9triques, \u00e0 Knokke. \u00a9 Maisons Cab\" width=\"696\" height=\"464\" srcset=\"https:\/\/www.forbes.be\/fr\/wp-content\/uploads\/2025\/05\/whatsapp-image-2025-07-02-a-142055-571bbda2-1024x682.jpg 1024w, https:\/\/www.forbes.be\/fr\/wp-content\/uploads\/2025\/05\/whatsapp-image-2025-07-02-a-142055-571bbda2-300x200.jpg 300w, https:\/\/www.forbes.be\/fr\/wp-content\/uploads\/2025\/05\/whatsapp-image-2025-07-02-a-142055-571bbda2-768x512.jpg 768w, https:\/\/www.forbes.be\/fr\/wp-content\/uploads\/2025\/05\/whatsapp-image-2025-07-02-a-142055-571bbda2-1536x1023.jpg 1536w, https:\/\/www.forbes.be\/fr\/wp-content\/uploads\/2025\/05\/whatsapp-image-2025-07-02-a-142055-571bbda2-696x464.jpg 696w, https:\/\/www.forbes.be\/fr\/wp-content\/uploads\/2025\/05\/whatsapp-image-2025-07-02-a-142055-571bbda2-1068x712.jpg 1068w, https:\/\/www.forbes.be\/fr\/wp-content\/uploads\/2025\/05\/whatsapp-image-2025-07-02-a-142055-571bbda2-600x400.jpg 600w, https:\/\/www.forbes.be\/fr\/wp-content\/uploads\/2025\/05\/whatsapp-image-2025-07-02-a-142055-571bbda2.jpg 1600w\" sizes=\"auto, (max-width: 696px) 100vw, 696px\" \/><figcaption id=\"caption-attachment-11264\" class=\"wp-caption-text\">La fresque de l\u2019Am\u00e9ricain Sol LeWitt, Double pyramides asym\u00e9triques, \u00e0 Knokke.\u00a9 Maisons CAB<\/figcaption><\/figure>\n<p class=\"p4\"><span class=\"s1\"><b>Capitales<\/b><\/span><\/p>\n<p class=\"p1\"><span class=\"s1\">Apr\u00e8s les mers et les sommets, l\u2019explorateur aura envie de capitales. \u00c0 Paris, dans un appartement illumin\u00e9 par une verri\u00e8re sous plafond de cinq m\u00e8tres, il accrochera son imperm\u00e9able \u00e0 un porte-manteau mural de Pierre Jeanneret et, le temps de noter quelques impressions, se posera sur une chaise avec bureau de Jean Prouv\u00e9. Il pourra ensuite m\u00e9diter confortablement dans le <i>Shorty Sofa<\/i> de Vladimir Kagan devant une \u0153uvre conceptuelle, <i>17 juil, 1984<\/i>, du Fran\u00e7ais Michel Parmentier (qui forma le groupe B.M.P.T. avec un autre Fran\u00e7ais, Daniel Buren, et les Suisses Olivier Mosset et Niele Toroni). Et, l\u2019esprit repos\u00e9, il se plongera enfin dans un tableau historique de Joseph Kosuth, <i>Language<\/i> et une <i>Grille<\/i> de Nicolas Chardon.<\/span><\/p>\n<p class=\"p1\"><span class=\"s1\">Dans la capitale suivante, Londres, un <i>mews<\/i> s\u2019enorgueillit d\u2019un petit Autoportrait rouge de Louise Bourgeois et d\u2019une toile intense de Joan Mir\u00f3. Enfin, \u00e0 Gen\u00e8ve, il sera accueilli par les si\u00e8ges de Charlotte Perriand, l\u2019assistante trop longtemps m\u00e9connue du Corbusier (<i>10 chaises, Edition Steph Simon<\/i>). L\u2019architecte-designer franco-iranienne India Mahdavi a con\u00e7u tout le salon (notamment avec 8 chaises Best Friend) et, dans une chambre, une <i>Full moon<\/i> du Franco-suisse Hugo Schuwer-Boss tr\u00f4ne au-dessus du lit.<span class=\"Apple-converted-space\">\u00a0<\/span><\/span><\/p>\n<figure id=\"attachment_11272\" aria-describedby=\"caption-attachment-11272\" style=\"width: 696px\" class=\"wp-caption aligncenter\"><img loading=\"lazy\" decoding=\"async\" class=\"wp-image-11272 size-large\" src=\"https:\/\/www.forbes.be\/fr\/wp-content\/uploads\/2025\/05\/whatsapp-image-2025-07-02-a-144608-07916d44-1024x682.jpg\" alt=\"Le chalet Bibi \u00e0 Verbier \u00a9 Maisons Cab\" width=\"696\" height=\"464\" srcset=\"https:\/\/www.forbes.be\/fr\/wp-content\/uploads\/2025\/05\/whatsapp-image-2025-07-02-a-144608-07916d44-1024x682.jpg 1024w, https:\/\/www.forbes.be\/fr\/wp-content\/uploads\/2025\/05\/whatsapp-image-2025-07-02-a-144608-07916d44-300x200.jpg 300w, https:\/\/www.forbes.be\/fr\/wp-content\/uploads\/2025\/05\/whatsapp-image-2025-07-02-a-144608-07916d44-768x512.jpg 768w, https:\/\/www.forbes.be\/fr\/wp-content\/uploads\/2025\/05\/whatsapp-image-2025-07-02-a-144608-07916d44-1536x1023.jpg 1536w, https:\/\/www.forbes.be\/fr\/wp-content\/uploads\/2025\/05\/whatsapp-image-2025-07-02-a-144608-07916d44-696x464.jpg 696w, https:\/\/www.forbes.be\/fr\/wp-content\/uploads\/2025\/05\/whatsapp-image-2025-07-02-a-144608-07916d44-1068x712.jpg 1068w, https:\/\/www.forbes.be\/fr\/wp-content\/uploads\/2025\/05\/whatsapp-image-2025-07-02-a-144608-07916d44-600x400.jpg 600w, https:\/\/www.forbes.be\/fr\/wp-content\/uploads\/2025\/05\/whatsapp-image-2025-07-02-a-144608-07916d44.jpg 1600w\" sizes=\"auto, (max-width: 696px) 100vw, 696px\" \/><figcaption id=\"caption-attachment-11272\" class=\"wp-caption-text\">Le chalet Bibi \u00e0 Verbier \u00a9 Maisons Cab<\/figcaption><\/figure>\n<p class=\"p4\"><span class=\"s1\"><b>Maisons minimales,<span class=\"Apple-converted-space\">\u00a0<\/span><\/b><\/span><span class=\"s1\"><b>\u00e9motions maximales<\/b><\/span><\/p>\n<p class=\"p1\"><span class=\"s1\">Au total, ce sont une quarantaine d\u2019\u0153uvres de la collection de la Fondation CAB, tableaux, dessins, mobiliers, installations, qui ornent ces r\u00e9sidences qui invitent \u00e0 toucher du doigt l\u2019art minimal et conceptuel.<span class=\"Apple-converted-space\">\u00a0<\/span><\/span><\/p>\n<p class=\"p1\"><span class=\"s1\">Chacune rec\u00e8le des livres de design historiques et des \u0153uvres dont l\u2019accrochage change tous les deux ans. El\u00e9onore de Sadeleer en est l\u2019orchestratrice et Ngo Quoc Tuan le ma\u00eetre d\u2019h\u00f4tel.<\/span><\/p>\n<p class=\"p1\"><span class=\"s4\">Des artistes y sont accueillis en r\u00e9sidence\u00a0(une cinquantaine \u00e0 ce jour) : deux \u00e0 Saint-Paul de Vence les mois d\u2019hiver, six autres \u00e0 Bruxelles (notamment l\u2019an dernier le Belge Thomas Tavernier, dipl\u00f4m\u00e9 de La Cambre, laur\u00e9at du prix Fondation CAB 2023), et quelques-uns dans les Maisons CAB, selon le principe d\u2019un \u00e9change artistique ou intellectuelle.<span class=\"Apple-converted-space\">\u00a0<\/span><\/span><\/p>\n<p class=\"p1\"><span class=\"s1\">Ces maisons minimales qui abritent des \u00e9motions maximales sont souvent le fruit du hasard.<\/span><\/p>\n<figure id=\"attachment_11265\" aria-describedby=\"caption-attachment-11265\" style=\"width: 681px\" class=\"wp-caption aligncenter\"><img loading=\"lazy\" decoding=\"async\" class=\"wp-image-11265 size-large\" src=\"https:\/\/www.forbes.be\/fr\/wp-content\/uploads\/2025\/05\/whatsapp-image-2025-07-02-a-142033-a320dc4a-681x1024.jpg\" alt=\"L'int\u00e9rieur de la ville Paquebot \u00e0 Knokke \u00a9 Maisons CAB\" width=\"681\" height=\"1024\" srcset=\"https:\/\/www.forbes.be\/fr\/wp-content\/uploads\/2025\/05\/whatsapp-image-2025-07-02-a-142033-a320dc4a-681x1024.jpg 681w, https:\/\/www.forbes.be\/fr\/wp-content\/uploads\/2025\/05\/whatsapp-image-2025-07-02-a-142033-a320dc4a-200x300.jpg 200w, https:\/\/www.forbes.be\/fr\/wp-content\/uploads\/2025\/05\/whatsapp-image-2025-07-02-a-142033-a320dc4a-768x1155.jpg 768w, https:\/\/www.forbes.be\/fr\/wp-content\/uploads\/2025\/05\/whatsapp-image-2025-07-02-a-142033-a320dc4a-1021x1536.jpg 1021w, https:\/\/www.forbes.be\/fr\/wp-content\/uploads\/2025\/05\/whatsapp-image-2025-07-02-a-142033-a320dc4a-696x1047.jpg 696w, https:\/\/www.forbes.be\/fr\/wp-content\/uploads\/2025\/05\/whatsapp-image-2025-07-02-a-142033-a320dc4a-600x902.jpg 600w, https:\/\/www.forbes.be\/fr\/wp-content\/uploads\/2025\/05\/whatsapp-image-2025-07-02-a-142033-a320dc4a.jpg 1064w\" sizes=\"auto, (max-width: 681px) 100vw, 681px\" \/><figcaption id=\"caption-attachment-11265\" class=\"wp-caption-text\">L&rsquo;int\u00e9rieur de la villa Paquebot \u00e0 Knokke \u00a9 Maisons CAB<\/figcaption><\/figure>\n<p class=\"p1\"><span class=\"s1\">Hubert Bonnet raconte\u00a0: \u00ab <i>En 2023, en janvier, en Suisse, o\u00f9 je vis, je re\u00e7ois un message de l\u2019artiste, Mathias Bensimon, \u00e0 Stromboli. Nous \u00e9voquons la lumi\u00e8re d\u2019hiver. Je lui parle de la casa de Panarea. Deux semaines apr\u00e8s, il s\u2019y est install\u00e9 un mois. En \u00e9change, il a cr\u00e9\u00e9 une \u0153uvre in situ, sa fresque murale. Aujourd\u2019hui, nous envisageons une autre fresque avec l\u2019artiste belge Pieter Vermeersch, dans la maison de Las Terrenas.<\/i> \u00bb<\/span><\/p>\n<p class=\"p1\"><span class=\"s1\">Autre hasard\u00a0: en 2016, le galeriste parisien Edward Mitterrand ouvre son parc de sculpture dans le Domaine du Muy, avec une \u0153uvre de Claudia Comte, un mur intitul\u00e9 <i>128 Squares and Their Demonstration. \u00ab\u00a0 Je n\u2019avais pas les moyens d\u2019acheter une pi\u00e8ce pareille. Puis Claudia Comte vient au CAB-Bruxelles r\u00e9aliser une \u0153uvre d\u2019art mural pour l\u2019une de nos expositions. En 2025, je suis \u201cFounding Member\u201d du Verbier Art Summit, j\u2019organise un d\u00eener o\u00f9 elle est convi\u00e9e\u00a0: nous sommes convenus qu\u2019elle cr\u00e9e un mur de<br \/>\n6 m par 3 m, au CAB de Saint-Paul de Vence, ou pour un prochain lieu<\/i>.<span class=\"Apple-converted-space\">\u00a0 <\/span>\u00bb<\/span><\/p>\n<p class=\"p1\"><span class=\"s1\">Une maison \u00e0 Essaouira, au Maroc est l\u2019un de ces projets en gestation. La Fondation CAB a aussi conclu un accord avec la commune d\u2019Epfig en Alsace pour r\u00e9cup\u00e9rer une maison Jean Prouv\u00e9 de 110 m<sup>2<\/sup> actuellement d\u00e9mont\u00e9e et en restauration. \u00ab\u00a0<i>Nous cherchons un lieu o\u00f9 l\u2019installer\u00a0<\/i>\u00bb. Ce sera la seconde maison Prouv\u00e9 restaur\u00e9e et install\u00e9e par la Fondation\u00a0: \u00e0 Saint-Paul de Vence, la premi\u00e8re, command\u00e9e en 1944 par le minist\u00e8re de la Reconstruction pour les r\u00e9fugi\u00e9s de Lorraine, a d\u00e9j\u00e0 \u00e9t\u00e9 install\u00e9e sur les bassins du parc, qui sont aux m\u00eames dimensions (6m x 6 m).<\/span><\/p>\n<p class=\"p1\"><span class=\"s1\">Quant aux sponsors, ils soutiennent l\u2019entreprise dans le cadre d\u2019un partenariat g\u00e9n\u00e9ral \u00e0 long terme \u2014 on citera l\u2019horloger suisse De Bethune, les banques Pictet et BNP Paribas Fortis, l\u2019assureur Eeckman, le brasseur Duvel, l&rsquo;immobili\u00e8re Barnes, La Cambre Tailoring et d\u2019autres \u2014, avec un acc\u00e8s privil\u00e9gi\u00e9 aux deux lieux d\u2019exposition de la Fondation.<\/span><\/p>\n<figure id=\"attachment_11273\" aria-describedby=\"caption-attachment-11273\" style=\"width: 696px\" class=\"wp-caption aligncenter\"><img loading=\"lazy\" decoding=\"async\" class=\"wp-image-11273 size-large\" src=\"https:\/\/www.forbes.be\/fr\/wp-content\/uploads\/2025\/05\/whatsapp-image-2025-07-02-a-145627-05a0d614-1024x682.jpg\" alt=\"La Casa Bibi, une villa nich\u00e9e au coeur de Las Terrenas en R\u00e9publique Dominicaine \u00a9 Maisons Cab\" width=\"696\" height=\"464\" srcset=\"https:\/\/www.forbes.be\/fr\/wp-content\/uploads\/2025\/05\/whatsapp-image-2025-07-02-a-145627-05a0d614-1024x682.jpg 1024w, https:\/\/www.forbes.be\/fr\/wp-content\/uploads\/2025\/05\/whatsapp-image-2025-07-02-a-145627-05a0d614-300x200.jpg 300w, https:\/\/www.forbes.be\/fr\/wp-content\/uploads\/2025\/05\/whatsapp-image-2025-07-02-a-145627-05a0d614-768x512.jpg 768w, https:\/\/www.forbes.be\/fr\/wp-content\/uploads\/2025\/05\/whatsapp-image-2025-07-02-a-145627-05a0d614-1536x1023.jpg 1536w, https:\/\/www.forbes.be\/fr\/wp-content\/uploads\/2025\/05\/whatsapp-image-2025-07-02-a-145627-05a0d614-696x464.jpg 696w, https:\/\/www.forbes.be\/fr\/wp-content\/uploads\/2025\/05\/whatsapp-image-2025-07-02-a-145627-05a0d614-1068x712.jpg 1068w, https:\/\/www.forbes.be\/fr\/wp-content\/uploads\/2025\/05\/whatsapp-image-2025-07-02-a-145627-05a0d614-600x400.jpg 600w, https:\/\/www.forbes.be\/fr\/wp-content\/uploads\/2025\/05\/whatsapp-image-2025-07-02-a-145627-05a0d614.jpg 1600w\" sizes=\"auto, (max-width: 696px) 100vw, 696px\" \/><figcaption id=\"caption-attachment-11273\" class=\"wp-caption-text\">La Casa Bibi, une villa nich\u00e9e au coeur de Las Terrenas en R\u00e9publique Dominicaine \u00a9 Maisons Cab<\/figcaption><\/figure>\n<p>&nbsp;<\/p>\n","protected":false},"excerpt":{"rendered":"<p>Voyager dans les Maisons CAB, c\u2019est visiter une collection de lieux qui allient architecture locale, design et \u0153uvres d\u2019art. En 1997, Hubert Bonnet fondait H Group, \u00e0 la crois\u00e9e du private equity et de la r\u00e9habilitation de b\u00e2timents historiques en Europe. Passionn\u00e9 par l\u2019art minimal et conceptuel,\u00a0 qui repousse les limites de l\u2019art europ\u00e9en, il [&hellip;]<\/p>\n","protected":false},"author":27,"featured_media":11267,"comment_status":"closed","ping_status":"closed","sticky":false,"template":"","format":"standard","meta":{"_acf_changed":false,"inline_featured_image":false,"footnotes":""},"categories":[63],"tags":[],"class_list":{"0":"post-11224","1":"post","2":"type-post","3":"status-publish","4":"format-standard","5":"has-post-thumbnail","7":"category-culture"},"acf":[],"_yoast_wpseo_title":null,"_yoast_wpseo_metadesc":"Voyager dans les Maisons CAB, c\u2019est visiter une collection de lieux qui allient architecture locale, design et \u0153uvres d\u2019art.","auteur_traducteur":"","yoast_head":"<!-- This site is optimized with the Yoast SEO plugin v27.4 - https:\/\/yoast.com\/product\/yoast-seo-wordpress\/ -->\n<title>Les Maisons CAB, l\u00e0 o\u00f9 l&#039;art est en vie | Forbes Belgique<\/title>\n<meta name=\"description\" content=\"Voyager dans les Maisons CAB, c\u2019est visiter une collection de lieux qui allient architecture locale, design et \u0153uvres d\u2019art.\" \/>\n<meta name=\"robots\" content=\"index, follow, max-snippet:-1, max-image-preview:large, max-video-preview:-1\" \/>\n<link rel=\"canonical\" href=\"https:\/\/www.forbes.be\/fr\/les-maisons-cab-la-ou-lart-est-en-vie\/\" \/>\n<meta property=\"og:locale\" content=\"fr_FR\" \/>\n<meta property=\"og:type\" content=\"article\" \/>\n<meta property=\"og:title\" content=\"Les Maisons CAB, l\u00e0 o\u00f9 l&#039;art est en vie | Forbes Belgique\" \/>\n<meta property=\"og:description\" content=\"Voyager dans les Maisons CAB, c\u2019est visiter une collection de lieux qui allient architecture locale, design et \u0153uvres d\u2019art.\" \/>\n<meta property=\"og:url\" content=\"https:\/\/www.forbes.be\/fr\/les-maisons-cab-la-ou-lart-est-en-vie\/\" \/>\n<meta property=\"og:site_name\" content=\"Forbes Belgique\" \/>\n<meta property=\"article:publisher\" content=\"https:\/\/www.facebook.com\/forbesbelgique\/\" \/>\n<meta property=\"article:published_time\" content=\"2025-07-02T13:22:05+00:00\" \/>\n<meta property=\"article:modified_time\" content=\"2025-07-16T16:23:20+00:00\" \/>\n<meta property=\"og:image\" content=\"https:\/\/www.forbes.be\/fr\/wp-content\/uploads\/2025\/05\/whatsapp-image-2025-07-02-a-142455-4733f03d-e1752066647125.jpg\" \/>\n\t<meta property=\"og:image:width\" content=\"1600\" \/>\n\t<meta property=\"og:image:height\" content=\"837\" \/>\n\t<meta property=\"og:image:type\" content=\"image\/jpeg\" \/>\n<meta name=\"author\" content=\"Johan-Fr\u00e9d\u00e9rik Hel Guedj\" \/>\n<meta name=\"twitter:card\" content=\"summary_large_image\" \/>\n<meta name=\"twitter:label1\" content=\"\u00c9crit par\" \/>\n\t<meta name=\"twitter:data1\" content=\"Johan-Fr\u00e9d\u00e9rik Hel Guedj\" \/>\n\t<meta name=\"twitter:label2\" content=\"Dur\u00e9e de lecture estim\u00e9e\" \/>\n\t<meta name=\"twitter:data2\" content=\"9 minutes\" \/>\n<script type=\"application\/ld+json\" class=\"yoast-schema-graph\">{\"@context\":\"https:\\\/\\\/schema.org\",\"@graph\":[{\"@type\":\"NewsArticle\",\"@id\":\"https:\\\/\\\/www.forbes.be\\\/fr\\\/les-maisons-cab-la-ou-lart-est-en-vie\\\/#article\",\"isPartOf\":{\"@id\":\"https:\\\/\\\/www.forbes.be\\\/fr\\\/les-maisons-cab-la-ou-lart-est-en-vie\\\/\"},\"author\":{\"name\":\"Johan-Fr\u00e9d\u00e9rik Hel Guedj\",\"@id\":\"https:\\\/\\\/www.forbes.be\\\/fr\\\/#\\\/schema\\\/person\\\/ad1bb0e83419af89356b7b11a6622c80\"},\"headline\":\"Les Maisons CAB, l\u00e0 o\u00f9 l&rsquo;art est en vie\",\"datePublished\":\"2025-07-02T13:22:05+00:00\",\"dateModified\":\"2025-07-16T16:23:20+00:00\",\"mainEntityOfPage\":{\"@id\":\"https:\\\/\\\/www.forbes.be\\\/fr\\\/les-maisons-cab-la-ou-lart-est-en-vie\\\/\"},\"wordCount\":1583,\"publisher\":{\"@id\":\"https:\\\/\\\/www.forbes.be\\\/fr\\\/#organization\"},\"image\":{\"@id\":\"https:\\\/\\\/www.forbes.be\\\/fr\\\/les-maisons-cab-la-ou-lart-est-en-vie\\\/#primaryimage\"},\"thumbnailUrl\":\"https:\\\/\\\/www.forbes.be\\\/fr\\\/wp-content\\\/uploads\\\/2025\\\/05\\\/whatsapp-image-2025-07-02-a-142455-4733f03d-e1752066647125.jpg\",\"articleSection\":[\"Culture\"],\"inLanguage\":\"fr-FR\"},{\"@type\":\"WebPage\",\"@id\":\"https:\\\/\\\/www.forbes.be\\\/fr\\\/les-maisons-cab-la-ou-lart-est-en-vie\\\/\",\"url\":\"https:\\\/\\\/www.forbes.be\\\/fr\\\/les-maisons-cab-la-ou-lart-est-en-vie\\\/\",\"name\":\"Les Maisons CAB, l\u00e0 o\u00f9 l'art est en vie | Forbes Belgique\",\"isPartOf\":{\"@id\":\"https:\\\/\\\/www.forbes.be\\\/fr\\\/#website\"},\"primaryImageOfPage\":{\"@id\":\"https:\\\/\\\/www.forbes.be\\\/fr\\\/les-maisons-cab-la-ou-lart-est-en-vie\\\/#primaryimage\"},\"image\":{\"@id\":\"https:\\\/\\\/www.forbes.be\\\/fr\\\/les-maisons-cab-la-ou-lart-est-en-vie\\\/#primaryimage\"},\"thumbnailUrl\":\"https:\\\/\\\/www.forbes.be\\\/fr\\\/wp-content\\\/uploads\\\/2025\\\/05\\\/whatsapp-image-2025-07-02-a-142455-4733f03d-e1752066647125.jpg\",\"datePublished\":\"2025-07-02T13:22:05+00:00\",\"dateModified\":\"2025-07-16T16:23:20+00:00\",\"description\":\"Voyager dans les Maisons CAB, c\u2019est visiter une collection de lieux qui allient architecture locale, design et \u0153uvres d\u2019art.\",\"breadcrumb\":{\"@id\":\"https:\\\/\\\/www.forbes.be\\\/fr\\\/les-maisons-cab-la-ou-lart-est-en-vie\\\/#breadcrumb\"},\"inLanguage\":\"fr-FR\",\"potentialAction\":[{\"@type\":\"ReadAction\",\"target\":[\"https:\\\/\\\/www.forbes.be\\\/fr\\\/les-maisons-cab-la-ou-lart-est-en-vie\\\/\"]}]},{\"@type\":\"ImageObject\",\"inLanguage\":\"fr-FR\",\"@id\":\"https:\\\/\\\/www.forbes.be\\\/fr\\\/les-maisons-cab-la-ou-lart-est-en-vie\\\/#primaryimage\",\"url\":\"https:\\\/\\\/www.forbes.be\\\/fr\\\/wp-content\\\/uploads\\\/2025\\\/05\\\/whatsapp-image-2025-07-02-a-142455-4733f03d-e1752066647125.jpg\",\"contentUrl\":\"https:\\\/\\\/www.forbes.be\\\/fr\\\/wp-content\\\/uploads\\\/2025\\\/05\\\/whatsapp-image-2025-07-02-a-142455-4733f03d-e1752066647125.jpg\",\"width\":1600,\"height\":837,\"caption\":\"La Villa Paquebot \u00e0 Knokke \u00a9 Maisons Cab\"},{\"@type\":\"BreadcrumbList\",\"@id\":\"https:\\\/\\\/www.forbes.be\\\/fr\\\/les-maisons-cab-la-ou-lart-est-en-vie\\\/#breadcrumb\",\"itemListElement\":[{\"@type\":\"ListItem\",\"position\":1,\"name\":\"Accueil\",\"item\":\"https:\\\/\\\/www.forbes.be\\\/fr\\\/\"},{\"@type\":\"ListItem\",\"position\":2,\"name\":\"Les Maisons CAB, l\u00e0 o\u00f9 l&rsquo;art est en vie\"}]},{\"@type\":\"WebSite\",\"@id\":\"https:\\\/\\\/www.forbes.be\\\/fr\\\/#website\",\"url\":\"https:\\\/\\\/www.forbes.be\\\/fr\\\/\",\"name\":\"Forbes Belgique\",\"description\":\"\",\"publisher\":{\"@id\":\"https:\\\/\\\/www.forbes.be\\\/fr\\\/#organization\"},\"potentialAction\":[{\"@type\":\"SearchAction\",\"target\":{\"@type\":\"EntryPoint\",\"urlTemplate\":\"https:\\\/\\\/www.forbes.be\\\/fr\\\/?s={search_term_string}\"},\"query-input\":{\"@type\":\"PropertyValueSpecification\",\"valueRequired\":true,\"valueName\":\"search_term_string\"}}],\"inLanguage\":\"fr-FR\"},{\"@type\":\"Organization\",\"@id\":\"https:\\\/\\\/www.forbes.be\\\/fr\\\/#organization\",\"name\":\"Forbes Belgique\",\"url\":\"https:\\\/\\\/www.forbes.be\\\/fr\\\/\",\"logo\":{\"@type\":\"ImageObject\",\"inLanguage\":\"fr-FR\",\"@id\":\"https:\\\/\\\/www.forbes.be\\\/fr\\\/#\\\/schema\\\/logo\\\/image\\\/\",\"url\":\"https:\\\/\\\/www.forbes.be\\\/fr\\\/wp-content\\\/uploads\\\/2024\\\/02\\\/forbes.be_.png\",\"contentUrl\":\"https:\\\/\\\/www.forbes.be\\\/fr\\\/wp-content\\\/uploads\\\/2024\\\/02\\\/forbes.be_.png\",\"width\":1200,\"height\":675,\"caption\":\"Forbes Belgique\"},\"image\":{\"@id\":\"https:\\\/\\\/www.forbes.be\\\/fr\\\/#\\\/schema\\\/logo\\\/image\\\/\"},\"sameAs\":[\"https:\\\/\\\/www.facebook.com\\\/forbesbelgique\\\/\",\"https:\\\/\\\/www.instagram.com\\\/Forbes_Belgium\",\"https:\\\/\\\/www.linkedin.com\\\/company\\\/forbes-belgium\\\/\"]},{\"@type\":\"Person\",\"@id\":\"https:\\\/\\\/www.forbes.be\\\/fr\\\/#\\\/schema\\\/person\\\/ad1bb0e83419af89356b7b11a6622c80\",\"name\":\"Johan-Fr\u00e9d\u00e9rik Hel Guedj\",\"image\":{\"@type\":\"ImageObject\",\"inLanguage\":\"fr-FR\",\"@id\":\"https:\\\/\\\/secure.gravatar.com\\\/avatar\\\/65333543693434f2cc9fdefb3173b162df98712d00606b00b3d43914f79a1598?s=96&d=mm&r=g\",\"url\":\"https:\\\/\\\/secure.gravatar.com\\\/avatar\\\/65333543693434f2cc9fdefb3173b162df98712d00606b00b3d43914f79a1598?s=96&d=mm&r=g\",\"contentUrl\":\"https:\\\/\\\/secure.gravatar.com\\\/avatar\\\/65333543693434f2cc9fdefb3173b162df98712d00606b00b3d43914f79a1598?s=96&d=mm&r=g\",\"caption\":\"Johan-Fr\u00e9d\u00e9rik Hel Guedj\"},\"description\":\"Johan-Frederik Hel Guedj est journaliste et auteur fran\u00e7ais. R\u00e9dacteur en chef pendant 7 ans de la revue Pouvoirs Locaux, consacr\u00e9e aux politiques culturelles, il a publi\u00e9 huit ouvrages chez des \u00e9diteurs fran\u00e7ais et belges, dont deux romans, un essai consacr\u00e9 \u00e0 Orson Welles, et quatre livres d\u2019art. En plus de Forbes, il collabore \u00e0 L\u2019Echo et au Quotidien de l\u2019Art (Paris).\",\"url\":\"https:\\\/\\\/www.forbes.be\\\/fr\\\/author\\\/johan-frederik-hel-guedj\\\/\"}]}<\/script>\n<!-- \/ Yoast SEO plugin. -->","yoast_head_json":{"title":"Les Maisons CAB, l\u00e0 o\u00f9 l'art est en vie | Forbes Belgique","description":"Voyager dans les Maisons CAB, c\u2019est visiter une collection de lieux qui allient architecture locale, design et \u0153uvres d\u2019art.","robots":{"index":"index","follow":"follow","max-snippet":"max-snippet:-1","max-image-preview":"max-image-preview:large","max-video-preview":"max-video-preview:-1"},"canonical":"https:\/\/www.forbes.be\/fr\/les-maisons-cab-la-ou-lart-est-en-vie\/","og_locale":"fr_FR","og_type":"article","og_title":"Les Maisons CAB, l\u00e0 o\u00f9 l'art est en vie | Forbes Belgique","og_description":"Voyager dans les Maisons CAB, c\u2019est visiter une collection de lieux qui allient architecture locale, design et \u0153uvres d\u2019art.","og_url":"https:\/\/www.forbes.be\/fr\/les-maisons-cab-la-ou-lart-est-en-vie\/","og_site_name":"Forbes Belgique","article_publisher":"https:\/\/www.facebook.com\/forbesbelgique\/","article_published_time":"2025-07-02T13:22:05+00:00","article_modified_time":"2025-07-16T16:23:20+00:00","og_image":[{"width":1600,"height":837,"url":"https:\/\/www.forbes.be\/fr\/wp-content\/uploads\/2025\/05\/whatsapp-image-2025-07-02-a-142455-4733f03d-e1752066647125.jpg","type":"image\/jpeg"}],"author":"Johan-Fr\u00e9d\u00e9rik Hel Guedj","twitter_card":"summary_large_image","twitter_misc":{"\u00c9crit par":"Johan-Fr\u00e9d\u00e9rik Hel Guedj","Dur\u00e9e de lecture estim\u00e9e":"9 minutes"},"schema":{"@context":"https:\/\/schema.org","@graph":[{"@type":"NewsArticle","@id":"https:\/\/www.forbes.be\/fr\/les-maisons-cab-la-ou-lart-est-en-vie\/#article","isPartOf":{"@id":"https:\/\/www.forbes.be\/fr\/les-maisons-cab-la-ou-lart-est-en-vie\/"},"author":{"name":"Johan-Fr\u00e9d\u00e9rik Hel Guedj","@id":"https:\/\/www.forbes.be\/fr\/#\/schema\/person\/ad1bb0e83419af89356b7b11a6622c80"},"headline":"Les Maisons CAB, l\u00e0 o\u00f9 l&rsquo;art est en vie","datePublished":"2025-07-02T13:22:05+00:00","dateModified":"2025-07-16T16:23:20+00:00","mainEntityOfPage":{"@id":"https:\/\/www.forbes.be\/fr\/les-maisons-cab-la-ou-lart-est-en-vie\/"},"wordCount":1583,"publisher":{"@id":"https:\/\/www.forbes.be\/fr\/#organization"},"image":{"@id":"https:\/\/www.forbes.be\/fr\/les-maisons-cab-la-ou-lart-est-en-vie\/#primaryimage"},"thumbnailUrl":"https:\/\/www.forbes.be\/fr\/wp-content\/uploads\/2025\/05\/whatsapp-image-2025-07-02-a-142455-4733f03d-e1752066647125.jpg","articleSection":["Culture"],"inLanguage":"fr-FR"},{"@type":"WebPage","@id":"https:\/\/www.forbes.be\/fr\/les-maisons-cab-la-ou-lart-est-en-vie\/","url":"https:\/\/www.forbes.be\/fr\/les-maisons-cab-la-ou-lart-est-en-vie\/","name":"Les Maisons CAB, l\u00e0 o\u00f9 l'art est en vie | Forbes Belgique","isPartOf":{"@id":"https:\/\/www.forbes.be\/fr\/#website"},"primaryImageOfPage":{"@id":"https:\/\/www.forbes.be\/fr\/les-maisons-cab-la-ou-lart-est-en-vie\/#primaryimage"},"image":{"@id":"https:\/\/www.forbes.be\/fr\/les-maisons-cab-la-ou-lart-est-en-vie\/#primaryimage"},"thumbnailUrl":"https:\/\/www.forbes.be\/fr\/wp-content\/uploads\/2025\/05\/whatsapp-image-2025-07-02-a-142455-4733f03d-e1752066647125.jpg","datePublished":"2025-07-02T13:22:05+00:00","dateModified":"2025-07-16T16:23:20+00:00","description":"Voyager dans les Maisons CAB, c\u2019est visiter une collection de lieux qui allient architecture locale, design et \u0153uvres d\u2019art.","breadcrumb":{"@id":"https:\/\/www.forbes.be\/fr\/les-maisons-cab-la-ou-lart-est-en-vie\/#breadcrumb"},"inLanguage":"fr-FR","potentialAction":[{"@type":"ReadAction","target":["https:\/\/www.forbes.be\/fr\/les-maisons-cab-la-ou-lart-est-en-vie\/"]}]},{"@type":"ImageObject","inLanguage":"fr-FR","@id":"https:\/\/www.forbes.be\/fr\/les-maisons-cab-la-ou-lart-est-en-vie\/#primaryimage","url":"https:\/\/www.forbes.be\/fr\/wp-content\/uploads\/2025\/05\/whatsapp-image-2025-07-02-a-142455-4733f03d-e1752066647125.jpg","contentUrl":"https:\/\/www.forbes.be\/fr\/wp-content\/uploads\/2025\/05\/whatsapp-image-2025-07-02-a-142455-4733f03d-e1752066647125.jpg","width":1600,"height":837,"caption":"La Villa Paquebot \u00e0 Knokke \u00a9 Maisons Cab"},{"@type":"BreadcrumbList","@id":"https:\/\/www.forbes.be\/fr\/les-maisons-cab-la-ou-lart-est-en-vie\/#breadcrumb","itemListElement":[{"@type":"ListItem","position":1,"name":"Accueil","item":"https:\/\/www.forbes.be\/fr\/"},{"@type":"ListItem","position":2,"name":"Les Maisons CAB, l\u00e0 o\u00f9 l&rsquo;art est en vie"}]},{"@type":"WebSite","@id":"https:\/\/www.forbes.be\/fr\/#website","url":"https:\/\/www.forbes.be\/fr\/","name":"Forbes Belgique","description":"","publisher":{"@id":"https:\/\/www.forbes.be\/fr\/#organization"},"potentialAction":[{"@type":"SearchAction","target":{"@type":"EntryPoint","urlTemplate":"https:\/\/www.forbes.be\/fr\/?s={search_term_string}"},"query-input":{"@type":"PropertyValueSpecification","valueRequired":true,"valueName":"search_term_string"}}],"inLanguage":"fr-FR"},{"@type":"Organization","@id":"https:\/\/www.forbes.be\/fr\/#organization","name":"Forbes Belgique","url":"https:\/\/www.forbes.be\/fr\/","logo":{"@type":"ImageObject","inLanguage":"fr-FR","@id":"https:\/\/www.forbes.be\/fr\/#\/schema\/logo\/image\/","url":"https:\/\/www.forbes.be\/fr\/wp-content\/uploads\/2024\/02\/forbes.be_.png","contentUrl":"https:\/\/www.forbes.be\/fr\/wp-content\/uploads\/2024\/02\/forbes.be_.png","width":1200,"height":675,"caption":"Forbes Belgique"},"image":{"@id":"https:\/\/www.forbes.be\/fr\/#\/schema\/logo\/image\/"},"sameAs":["https:\/\/www.facebook.com\/forbesbelgique\/","https:\/\/www.instagram.com\/Forbes_Belgium","https:\/\/www.linkedin.com\/company\/forbes-belgium\/"]},{"@type":"Person","@id":"https:\/\/www.forbes.be\/fr\/#\/schema\/person\/ad1bb0e83419af89356b7b11a6622c80","name":"Johan-Fr\u00e9d\u00e9rik Hel Guedj","image":{"@type":"ImageObject","inLanguage":"fr-FR","@id":"https:\/\/secure.gravatar.com\/avatar\/65333543693434f2cc9fdefb3173b162df98712d00606b00b3d43914f79a1598?s=96&d=mm&r=g","url":"https:\/\/secure.gravatar.com\/avatar\/65333543693434f2cc9fdefb3173b162df98712d00606b00b3d43914f79a1598?s=96&d=mm&r=g","contentUrl":"https:\/\/secure.gravatar.com\/avatar\/65333543693434f2cc9fdefb3173b162df98712d00606b00b3d43914f79a1598?s=96&d=mm&r=g","caption":"Johan-Fr\u00e9d\u00e9rik Hel Guedj"},"description":"Johan-Frederik Hel Guedj est journaliste et auteur fran\u00e7ais. R\u00e9dacteur en chef pendant 7 ans de la revue Pouvoirs Locaux, consacr\u00e9e aux politiques culturelles, il a publi\u00e9 huit ouvrages chez des \u00e9diteurs fran\u00e7ais et belges, dont deux romans, un essai consacr\u00e9 \u00e0 Orson Welles, et quatre livres d\u2019art. En plus de Forbes, il collabore \u00e0 L\u2019Echo et au Quotidien de l\u2019Art (Paris).","url":"https:\/\/www.forbes.be\/fr\/author\/johan-frederik-hel-guedj\/"}]}},"_links":{"self":[{"href":"https:\/\/www.forbes.be\/fr\/wp-json\/wp\/v2\/posts\/11224","targetHints":{"allow":["GET"]}}],"collection":[{"href":"https:\/\/www.forbes.be\/fr\/wp-json\/wp\/v2\/posts"}],"about":[{"href":"https:\/\/www.forbes.be\/fr\/wp-json\/wp\/v2\/types\/post"}],"author":[{"embeddable":true,"href":"https:\/\/www.forbes.be\/fr\/wp-json\/wp\/v2\/users\/27"}],"replies":[{"embeddable":true,"href":"https:\/\/www.forbes.be\/fr\/wp-json\/wp\/v2\/comments?post=11224"}],"version-history":[{"count":16,"href":"https:\/\/www.forbes.be\/fr\/wp-json\/wp\/v2\/posts\/11224\/revisions"}],"predecessor-version":[{"id":11499,"href":"https:\/\/www.forbes.be\/fr\/wp-json\/wp\/v2\/posts\/11224\/revisions\/11499"}],"wp:featuredmedia":[{"embeddable":true,"href":"https:\/\/www.forbes.be\/fr\/wp-json\/wp\/v2\/media\/11267"}],"wp:attachment":[{"href":"https:\/\/www.forbes.be\/fr\/wp-json\/wp\/v2\/media?parent=11224"}],"wp:term":[{"taxonomy":"category","embeddable":true,"href":"https:\/\/www.forbes.be\/fr\/wp-json\/wp\/v2\/categories?post=11224"},{"taxonomy":"post_tag","embeddable":true,"href":"https:\/\/www.forbes.be\/fr\/wp-json\/wp\/v2\/tags?post=11224"}],"curies":[{"name":"wp","href":"https:\/\/api.w.org\/{rel}","templated":true}]}}