{"id":11507,"date":"2025-07-17T15:01:37","date_gmt":"2025-07-17T13:01:37","guid":{"rendered":"https:\/\/www.forbes.be\/fr\/?p=11507"},"modified":"2025-07-18T14:10:13","modified_gmt":"2025-07-18T12:10:13","slug":"dorsan-van-hecke-quitte-la-barre-chez-wilink","status":"publish","type":"post","link":"https:\/\/www.forbes.be\/fr\/dorsan-van-hecke-quitte-la-barre-chez-wilink\/","title":{"rendered":"Dorsan van Hecke quitte la barre chez Wilink"},"content":{"rendered":"<hr \/>\n<p style=\"font-weight: 400;\"><strong>L\u2019actuel CEO de Wilink, soumis \u00e0 des vents contraires depuis des mois, vient de remettre sa d\u00e9mission. Il sera remplac\u00e9 par Henri Steyaert, ex-CEO de Marsh Belgique, qui reprend la barre de la soci\u00e9t\u00e9 d&rsquo;assurance.<\/strong><\/p>\n<p style=\"font-weight: 400;\">Contact\u00e9 par Forbes Belgium, le CEO sortant insiste: s\u2019il quitte la t\u00eate du navire Wilink, r\u00e9duit aujourd\u2019hui \u00e0 l\u2019activit\u00e9 assurance (ex-Wilink Insurance) et <a href=\"https:\/\/www.forbes.be\/fr\/la-liquidation-de-la-holding-belge-de-lex-groupe-wilink-fait-des-degats-a-tous-les-etages\/\">revendu depuis 2020 au groupe fran\u00e7ais LFPI<\/a> (Financi\u00e8re Patrimoine d&rsquo;Investissement), c\u2019est parce qu\u2019il ne pouvait pas refuser l\u2019offre professionnelle qui vient de tomber sur son bureau. Il en dira davantage \u00e0 ce sujet dans les tout prochains jours.<\/p>\n<p style=\"font-weight: 400;\">Mais il ajoute que le travail de fond ex\u00e9cut\u00e9 depuis deux ans avec le soutien -moral et financier- des nouveaux actionnaires et des \u00e9quipes toujours en place porte ses fruits au niveau industriel et op\u00e9rationnel m\u00eame si les dettes historiques de la fa\u00eeti\u00e8re belge Copawin, auquel le navire Wilink est toujours historiquement arrim\u00e9, continuent \u00e0 ternir ces marges \u00e0 nouveau profitables. L\u2019autre boulet du pass\u00e9 \u00e0 moiti\u00e9 avou\u00e9 est le d\u00e9part de plusieurs partenaires historiques de la premi\u00e8re heure, forts d\u2019un portefeuille de clients fid\u00e8les, qui ont tout perdu apr\u00e8s \u00eatre devenus actionnaires de <a href=\"https:\/\/www.forbes.be\/fr\/faisceau-de-turbulences-autour-du-groupe-wilink\/\">la holding AFI Lux aujourd\u2019hui faillie.<\/a><\/p>\n<h3 style=\"font-weight: 400;\"><strong>Tourner r\u00e9solument la page. Maintenir le cap<\/strong><\/h3>\n<p style=\"font-weight: 400;\"><a href=\"https:\/\/www.linkedin.com\/in\/dorsan-van-hecke-a02714\/?originalSubdomain=be\">En d\u00e9j\u00e0 vieux briscard du secteur, Dorsan van Hecke<\/a> ne nie pas ces difficult\u00e9s h\u00e9rit\u00e9es du pass\u00e9 tumultueux du groupe Wilink. Mais il assure c\u00e9der les r\u00eanes d\u2019une soci\u00e9t\u00e9 qu\u2019il estime aujourd\u2019hui restructur\u00e9e, assainie et \u00e0 nouveau rentable. Selon lui, le pedigree de <a href=\"https:\/\/www.linkedin.com\/in\/henri-steyaert\/\">Henri Steyaert<\/a> prouve \u00e0 lui seul que son successeur d\u00e9sign\u00e9 ne reprend pas la barre pour faire de la figuration et pour ex\u00e9cuter les ordres venus d\u2019en haut.<\/p>\n<figure id=\"attachment_11509\" aria-describedby=\"caption-attachment-11509\" style=\"width: 400px\" class=\"wp-caption alignnone\"><img loading=\"lazy\" decoding=\"async\" class=\"size-full wp-image-11509\" src=\"https:\/\/www.forbes.be\/fr\/wp-content\/uploads\/2025\/07\/1710240489520.jpeg\" alt=\"\" width=\"400\" height=\"400\" srcset=\"https:\/\/www.forbes.be\/fr\/wp-content\/uploads\/2025\/07\/1710240489520.jpeg 400w, https:\/\/www.forbes.be\/fr\/wp-content\/uploads\/2025\/07\/1710240489520-300x300.jpeg 300w, https:\/\/www.forbes.be\/fr\/wp-content\/uploads\/2025\/07\/1710240489520-150x150.jpeg 150w, https:\/\/www.forbes.be\/fr\/wp-content\/uploads\/2025\/07\/1710240489520-100x100.jpeg 100w\" sizes=\"auto, (max-width: 400px) 100vw, 400px\" \/><figcaption id=\"caption-attachment-11509\" class=\"wp-caption-text\">Henri Steyaert, le nouveau CEO de Wilink<\/figcaption><\/figure>\n<p style=\"font-weight: 400;\">On jugera sur pi\u00e8ce dans les prochains mois sur base de la profitabilit\u00e9 engrang\u00e9e par les nouvelles \u00e9quipes rajeunies mises en place ces derniers mois. Reste une ombre de taille au tableau d\u00e9crit: pour le dernier exercice social cl\u00f4tur\u00e9 fin 2024 et les comptes consolid\u00e9s d\u00e9pos\u00e9s \u00e0 la Centrale des bilans de la Banque nationale en date du 8 juillet dernier, le Conseil de surveillance de la holding Copawin, actionnaire de Wilink \u00e0 100%, fait encore \u00e9tat d\u2019une <strong>perte annuelle de 10,7 millions d\u2019euros<\/strong>, portant les <strong>pertes cumul\u00e9es consolid\u00e9es du groupe \u00e0 hauteur de 41,5 millions d\u2019euros<\/strong>.<\/p>\n<p style=\"font-weight: 400;\">\n","protected":false},"excerpt":{"rendered":"<p>L\u2019actuel CEO de Wilink, soumis \u00e0 des vents contraires depuis des mois, vient de remettre sa d\u00e9mission. Il sera remplac\u00e9 par Henri Steyaert, ex-CEO de Marsh Belgique, qui reprend la barre de la soci\u00e9t\u00e9 d&rsquo;assurance. Contact\u00e9 par Forbes Belgium, le CEO sortant insiste: s\u2019il quitte la t\u00eate du navire Wilink, r\u00e9duit aujourd\u2019hui \u00e0 l\u2019activit\u00e9 assurance [&hellip;]<\/p>\n","protected":false},"author":15,"featured_media":11508,"comment_status":"closed","ping_status":"closed","sticky":false,"template":"","format":"standard","meta":{"_acf_changed":false,"inline_featured_image":false,"footnotes":""},"categories":[1,30,19,24,15],"tags":[],"class_list":{"0":"post-11507","1":"post","2":"type-post","3":"status-publish","4":"format-standard","5":"has-post-thumbnail","7":"category-actualite","8":"category-commerce","9":"category-entrepreneurs","10":"category-immobilier","11":"category-leadership"},"acf":[],"_yoast_wpseo_title":null,"_yoast_wpseo_metadesc":"L\u2019actuel CEO de Wilink vient de remettre sa d\u00e9mission. C'est Henri Steyaert, ex-CEO de Marsh Belgique, qui reprend la barre de la soci\u00e9t\u00e9 d'assurance.","auteur_traducteur":"","yoast_head":"<!-- This site is optimized with the Yoast SEO plugin v27.4 - https:\/\/yoast.com\/product\/yoast-seo-wordpress\/ -->\n<title>Dorsan van Hecke quitte la barre chez Wilink | Forbes Belgique<\/title>\n<meta name=\"description\" content=\"L\u2019actuel CEO de Wilink vient de remettre sa d\u00e9mission. C&#039;est Henri Steyaert, ex-CEO de Marsh Belgique, qui reprend la barre de la soci\u00e9t\u00e9 d&#039;assurance.\" \/>\n<meta name=\"robots\" content=\"index, follow, max-snippet:-1, max-image-preview:large, max-video-preview:-1\" \/>\n<link rel=\"canonical\" href=\"https:\/\/www.forbes.be\/fr\/dorsan-van-hecke-quitte-la-barre-chez-wilink\/\" \/>\n<meta property=\"og:locale\" content=\"fr_FR\" \/>\n<meta property=\"og:type\" content=\"article\" \/>\n<meta property=\"og:title\" content=\"Dorsan van Hecke quitte la barre chez Wilink | Forbes Belgique\" \/>\n<meta property=\"og:description\" content=\"L\u2019actuel CEO de Wilink vient de remettre sa d\u00e9mission. C&#039;est Henri Steyaert, ex-CEO de Marsh Belgique, qui reprend la barre de la soci\u00e9t\u00e9 d&#039;assurance.\" \/>\n<meta property=\"og:url\" content=\"https:\/\/www.forbes.be\/fr\/dorsan-van-hecke-quitte-la-barre-chez-wilink\/\" \/>\n<meta property=\"og:site_name\" content=\"Forbes Belgique\" \/>\n<meta property=\"article:publisher\" content=\"https:\/\/www.facebook.com\/forbesbelgique\/\" \/>\n<meta property=\"article:published_time\" content=\"2025-07-17T13:01:37+00:00\" \/>\n<meta property=\"article:modified_time\" content=\"2025-07-18T12:10:13+00:00\" \/>\n<meta property=\"og:image\" content=\"https:\/\/www.forbes.be\/fr\/wp-content\/uploads\/2025\/07\/expertinsurance-11-dorsan-van-hecke.jpeg\" \/>\n\t<meta property=\"og:image:width\" content=\"1500\" \/>\n\t<meta property=\"og:image:height\" content=\"1000\" \/>\n\t<meta property=\"og:image:type\" content=\"image\/jpeg\" \/>\n<meta name=\"author\" content=\"Philippe Coul\u00e9e\" \/>\n<meta name=\"twitter:card\" content=\"summary_large_image\" \/>\n<meta name=\"twitter:label1\" content=\"\u00c9crit par\" \/>\n\t<meta name=\"twitter:data1\" content=\"Philippe Coul\u00e9e\" \/>\n\t<meta name=\"twitter:label2\" content=\"Dur\u00e9e de lecture estim\u00e9e\" \/>\n\t<meta name=\"twitter:data2\" content=\"3 minutes\" \/>\n<script type=\"application\/ld+json\" class=\"yoast-schema-graph\">{\"@context\":\"https:\\\/\\\/schema.org\",\"@graph\":[{\"@type\":\"NewsArticle\",\"@id\":\"https:\\\/\\\/www.forbes.be\\\/fr\\\/dorsan-van-hecke-quitte-la-barre-chez-wilink\\\/#article\",\"isPartOf\":{\"@id\":\"https:\\\/\\\/www.forbes.be\\\/fr\\\/dorsan-van-hecke-quitte-la-barre-chez-wilink\\\/\"},\"author\":{\"name\":\"Philippe Coul\u00e9e\",\"@id\":\"https:\\\/\\\/www.forbes.be\\\/fr\\\/#\\\/schema\\\/person\\\/22bfc3335e560f4084ef5af17ecdad87\"},\"headline\":\"Dorsan van Hecke quitte la barre chez Wilink\",\"datePublished\":\"2025-07-17T13:01:37+00:00\",\"dateModified\":\"2025-07-18T12:10:13+00:00\",\"mainEntityOfPage\":{\"@id\":\"https:\\\/\\\/www.forbes.be\\\/fr\\\/dorsan-van-hecke-quitte-la-barre-chez-wilink\\\/\"},\"wordCount\":428,\"publisher\":{\"@id\":\"https:\\\/\\\/www.forbes.be\\\/fr\\\/#organization\"},\"image\":{\"@id\":\"https:\\\/\\\/www.forbes.be\\\/fr\\\/dorsan-van-hecke-quitte-la-barre-chez-wilink\\\/#primaryimage\"},\"thumbnailUrl\":\"https:\\\/\\\/www.forbes.be\\\/fr\\\/wp-content\\\/uploads\\\/2025\\\/07\\\/expertinsurance-11-dorsan-van-hecke-e1753261396415.jpeg\",\"articleSection\":[\"Actualit\u00e9s\",\"Commerce\",\"Entrepreneurs\",\"Immobilier\",\"Leadership\"],\"inLanguage\":\"fr-FR\"},{\"@type\":\"WebPage\",\"@id\":\"https:\\\/\\\/www.forbes.be\\\/fr\\\/dorsan-van-hecke-quitte-la-barre-chez-wilink\\\/\",\"url\":\"https:\\\/\\\/www.forbes.be\\\/fr\\\/dorsan-van-hecke-quitte-la-barre-chez-wilink\\\/\",\"name\":\"Dorsan van Hecke quitte la barre chez Wilink | Forbes Belgique\",\"isPartOf\":{\"@id\":\"https:\\\/\\\/www.forbes.be\\\/fr\\\/#website\"},\"primaryImageOfPage\":{\"@id\":\"https:\\\/\\\/www.forbes.be\\\/fr\\\/dorsan-van-hecke-quitte-la-barre-chez-wilink\\\/#primaryimage\"},\"image\":{\"@id\":\"https:\\\/\\\/www.forbes.be\\\/fr\\\/dorsan-van-hecke-quitte-la-barre-chez-wilink\\\/#primaryimage\"},\"thumbnailUrl\":\"https:\\\/\\\/www.forbes.be\\\/fr\\\/wp-content\\\/uploads\\\/2025\\\/07\\\/expertinsurance-11-dorsan-van-hecke-e1753261396415.jpeg\",\"datePublished\":\"2025-07-17T13:01:37+00:00\",\"dateModified\":\"2025-07-18T12:10:13+00:00\",\"description\":\"L\u2019actuel CEO de Wilink vient de remettre sa d\u00e9mission. C'est Henri Steyaert, ex-CEO de Marsh Belgique, qui reprend la barre de la soci\u00e9t\u00e9 d'assurance.\",\"breadcrumb\":{\"@id\":\"https:\\\/\\\/www.forbes.be\\\/fr\\\/dorsan-van-hecke-quitte-la-barre-chez-wilink\\\/#breadcrumb\"},\"inLanguage\":\"fr-FR\",\"potentialAction\":[{\"@type\":\"ReadAction\",\"target\":[\"https:\\\/\\\/www.forbes.be\\\/fr\\\/dorsan-van-hecke-quitte-la-barre-chez-wilink\\\/\"]}]},{\"@type\":\"ImageObject\",\"inLanguage\":\"fr-FR\",\"@id\":\"https:\\\/\\\/www.forbes.be\\\/fr\\\/dorsan-van-hecke-quitte-la-barre-chez-wilink\\\/#primaryimage\",\"url\":\"https:\\\/\\\/www.forbes.be\\\/fr\\\/wp-content\\\/uploads\\\/2025\\\/07\\\/expertinsurance-11-dorsan-van-hecke-e1753261396415.jpeg\",\"contentUrl\":\"https:\\\/\\\/www.forbes.be\\\/fr\\\/wp-content\\\/uploads\\\/2025\\\/07\\\/expertinsurance-11-dorsan-van-hecke-e1753261396415.jpeg\",\"width\":1500,\"height\":785,\"caption\":\"Dorsan van Hecke, le CEO sortant de Wilink.\"},{\"@type\":\"BreadcrumbList\",\"@id\":\"https:\\\/\\\/www.forbes.be\\\/fr\\\/dorsan-van-hecke-quitte-la-barre-chez-wilink\\\/#breadcrumb\",\"itemListElement\":[{\"@type\":\"ListItem\",\"position\":1,\"name\":\"Accueil\",\"item\":\"https:\\\/\\\/www.forbes.be\\\/fr\\\/\"},{\"@type\":\"ListItem\",\"position\":2,\"name\":\"Dorsan van Hecke quitte la barre chez Wilink\"}]},{\"@type\":\"WebSite\",\"@id\":\"https:\\\/\\\/www.forbes.be\\\/fr\\\/#website\",\"url\":\"https:\\\/\\\/www.forbes.be\\\/fr\\\/\",\"name\":\"Forbes Belgique\",\"description\":\"\",\"publisher\":{\"@id\":\"https:\\\/\\\/www.forbes.be\\\/fr\\\/#organization\"},\"potentialAction\":[{\"@type\":\"SearchAction\",\"target\":{\"@type\":\"EntryPoint\",\"urlTemplate\":\"https:\\\/\\\/www.forbes.be\\\/fr\\\/?s={search_term_string}\"},\"query-input\":{\"@type\":\"PropertyValueSpecification\",\"valueRequired\":true,\"valueName\":\"search_term_string\"}}],\"inLanguage\":\"fr-FR\"},{\"@type\":\"Organization\",\"@id\":\"https:\\\/\\\/www.forbes.be\\\/fr\\\/#organization\",\"name\":\"Forbes Belgique\",\"url\":\"https:\\\/\\\/www.forbes.be\\\/fr\\\/\",\"logo\":{\"@type\":\"ImageObject\",\"inLanguage\":\"fr-FR\",\"@id\":\"https:\\\/\\\/www.forbes.be\\\/fr\\\/#\\\/schema\\\/logo\\\/image\\\/\",\"url\":\"https:\\\/\\\/www.forbes.be\\\/fr\\\/wp-content\\\/uploads\\\/2024\\\/02\\\/forbes.be_.png\",\"contentUrl\":\"https:\\\/\\\/www.forbes.be\\\/fr\\\/wp-content\\\/uploads\\\/2024\\\/02\\\/forbes.be_.png\",\"width\":1200,\"height\":675,\"caption\":\"Forbes Belgique\"},\"image\":{\"@id\":\"https:\\\/\\\/www.forbes.be\\\/fr\\\/#\\\/schema\\\/logo\\\/image\\\/\"},\"sameAs\":[\"https:\\\/\\\/www.facebook.com\\\/forbesbelgique\\\/\",\"https:\\\/\\\/www.instagram.com\\\/Forbes_Belgium\",\"https:\\\/\\\/www.linkedin.com\\\/company\\\/forbes-belgium\\\/\"]},{\"@type\":\"Person\",\"@id\":\"https:\\\/\\\/www.forbes.be\\\/fr\\\/#\\\/schema\\\/person\\\/22bfc3335e560f4084ef5af17ecdad87\",\"name\":\"Philippe Coul\u00e9e\",\"image\":{\"@type\":\"ImageObject\",\"inLanguage\":\"fr-FR\",\"@id\":\"https:\\\/\\\/www.forbes.be\\\/fr\\\/wp-content\\\/uploads\\\/2024\\\/01\\\/unnamed-150x150.jpg\",\"url\":\"https:\\\/\\\/www.forbes.be\\\/fr\\\/wp-content\\\/uploads\\\/2024\\\/01\\\/unnamed-150x150.jpg\",\"contentUrl\":\"https:\\\/\\\/www.forbes.be\\\/fr\\\/wp-content\\\/uploads\\\/2024\\\/01\\\/unnamed-150x150.jpg\",\"caption\":\"Philippe Coul\u00e9e\"},\"url\":\"https:\\\/\\\/www.forbes.be\\\/fr\\\/author\\\/philippe-couleeicloud-com\\\/\"}]}<\/script>\n<!-- \/ Yoast SEO plugin. -->","yoast_head_json":{"title":"Dorsan van Hecke quitte la barre chez Wilink | Forbes Belgique","description":"L\u2019actuel CEO de Wilink vient de remettre sa d\u00e9mission. C'est Henri Steyaert, ex-CEO de Marsh Belgique, qui reprend la barre de la soci\u00e9t\u00e9 d'assurance.","robots":{"index":"index","follow":"follow","max-snippet":"max-snippet:-1","max-image-preview":"max-image-preview:large","max-video-preview":"max-video-preview:-1"},"canonical":"https:\/\/www.forbes.be\/fr\/dorsan-van-hecke-quitte-la-barre-chez-wilink\/","og_locale":"fr_FR","og_type":"article","og_title":"Dorsan van Hecke quitte la barre chez Wilink | Forbes Belgique","og_description":"L\u2019actuel CEO de Wilink vient de remettre sa d\u00e9mission. C'est Henri Steyaert, ex-CEO de Marsh Belgique, qui reprend la barre de la soci\u00e9t\u00e9 d'assurance.","og_url":"https:\/\/www.forbes.be\/fr\/dorsan-van-hecke-quitte-la-barre-chez-wilink\/","og_site_name":"Forbes Belgique","article_publisher":"https:\/\/www.facebook.com\/forbesbelgique\/","article_published_time":"2025-07-17T13:01:37+00:00","article_modified_time":"2025-07-18T12:10:13+00:00","og_image":[{"width":1500,"height":1000,"url":"https:\/\/www.forbes.be\/fr\/wp-content\/uploads\/2025\/07\/expertinsurance-11-dorsan-van-hecke.jpeg","type":"image\/jpeg"}],"author":"Philippe Coul\u00e9e","twitter_card":"summary_large_image","twitter_misc":{"\u00c9crit par":"Philippe Coul\u00e9e","Dur\u00e9e de lecture estim\u00e9e":"3 minutes"},"schema":{"@context":"https:\/\/schema.org","@graph":[{"@type":"NewsArticle","@id":"https:\/\/www.forbes.be\/fr\/dorsan-van-hecke-quitte-la-barre-chez-wilink\/#article","isPartOf":{"@id":"https:\/\/www.forbes.be\/fr\/dorsan-van-hecke-quitte-la-barre-chez-wilink\/"},"author":{"name":"Philippe Coul\u00e9e","@id":"https:\/\/www.forbes.be\/fr\/#\/schema\/person\/22bfc3335e560f4084ef5af17ecdad87"},"headline":"Dorsan van Hecke quitte la barre chez Wilink","datePublished":"2025-07-17T13:01:37+00:00","dateModified":"2025-07-18T12:10:13+00:00","mainEntityOfPage":{"@id":"https:\/\/www.forbes.be\/fr\/dorsan-van-hecke-quitte-la-barre-chez-wilink\/"},"wordCount":428,"publisher":{"@id":"https:\/\/www.forbes.be\/fr\/#organization"},"image":{"@id":"https:\/\/www.forbes.be\/fr\/dorsan-van-hecke-quitte-la-barre-chez-wilink\/#primaryimage"},"thumbnailUrl":"https:\/\/www.forbes.be\/fr\/wp-content\/uploads\/2025\/07\/expertinsurance-11-dorsan-van-hecke-e1753261396415.jpeg","articleSection":["Actualit\u00e9s","Commerce","Entrepreneurs","Immobilier","Leadership"],"inLanguage":"fr-FR"},{"@type":"WebPage","@id":"https:\/\/www.forbes.be\/fr\/dorsan-van-hecke-quitte-la-barre-chez-wilink\/","url":"https:\/\/www.forbes.be\/fr\/dorsan-van-hecke-quitte-la-barre-chez-wilink\/","name":"Dorsan van Hecke quitte la barre chez Wilink | Forbes Belgique","isPartOf":{"@id":"https:\/\/www.forbes.be\/fr\/#website"},"primaryImageOfPage":{"@id":"https:\/\/www.forbes.be\/fr\/dorsan-van-hecke-quitte-la-barre-chez-wilink\/#primaryimage"},"image":{"@id":"https:\/\/www.forbes.be\/fr\/dorsan-van-hecke-quitte-la-barre-chez-wilink\/#primaryimage"},"thumbnailUrl":"https:\/\/www.forbes.be\/fr\/wp-content\/uploads\/2025\/07\/expertinsurance-11-dorsan-van-hecke-e1753261396415.jpeg","datePublished":"2025-07-17T13:01:37+00:00","dateModified":"2025-07-18T12:10:13+00:00","description":"L\u2019actuel CEO de Wilink vient de remettre sa d\u00e9mission. C'est Henri Steyaert, ex-CEO de Marsh Belgique, qui reprend la barre de la soci\u00e9t\u00e9 d'assurance.","breadcrumb":{"@id":"https:\/\/www.forbes.be\/fr\/dorsan-van-hecke-quitte-la-barre-chez-wilink\/#breadcrumb"},"inLanguage":"fr-FR","potentialAction":[{"@type":"ReadAction","target":["https:\/\/www.forbes.be\/fr\/dorsan-van-hecke-quitte-la-barre-chez-wilink\/"]}]},{"@type":"ImageObject","inLanguage":"fr-FR","@id":"https:\/\/www.forbes.be\/fr\/dorsan-van-hecke-quitte-la-barre-chez-wilink\/#primaryimage","url":"https:\/\/www.forbes.be\/fr\/wp-content\/uploads\/2025\/07\/expertinsurance-11-dorsan-van-hecke-e1753261396415.jpeg","contentUrl":"https:\/\/www.forbes.be\/fr\/wp-content\/uploads\/2025\/07\/expertinsurance-11-dorsan-van-hecke-e1753261396415.jpeg","width":1500,"height":785,"caption":"Dorsan van Hecke, le CEO sortant de Wilink."},{"@type":"BreadcrumbList","@id":"https:\/\/www.forbes.be\/fr\/dorsan-van-hecke-quitte-la-barre-chez-wilink\/#breadcrumb","itemListElement":[{"@type":"ListItem","position":1,"name":"Accueil","item":"https:\/\/www.forbes.be\/fr\/"},{"@type":"ListItem","position":2,"name":"Dorsan van Hecke quitte la barre chez Wilink"}]},{"@type":"WebSite","@id":"https:\/\/www.forbes.be\/fr\/#website","url":"https:\/\/www.forbes.be\/fr\/","name":"Forbes Belgique","description":"","publisher":{"@id":"https:\/\/www.forbes.be\/fr\/#organization"},"potentialAction":[{"@type":"SearchAction","target":{"@type":"EntryPoint","urlTemplate":"https:\/\/www.forbes.be\/fr\/?s={search_term_string}"},"query-input":{"@type":"PropertyValueSpecification","valueRequired":true,"valueName":"search_term_string"}}],"inLanguage":"fr-FR"},{"@type":"Organization","@id":"https:\/\/www.forbes.be\/fr\/#organization","name":"Forbes Belgique","url":"https:\/\/www.forbes.be\/fr\/","logo":{"@type":"ImageObject","inLanguage":"fr-FR","@id":"https:\/\/www.forbes.be\/fr\/#\/schema\/logo\/image\/","url":"https:\/\/www.forbes.be\/fr\/wp-content\/uploads\/2024\/02\/forbes.be_.png","contentUrl":"https:\/\/www.forbes.be\/fr\/wp-content\/uploads\/2024\/02\/forbes.be_.png","width":1200,"height":675,"caption":"Forbes Belgique"},"image":{"@id":"https:\/\/www.forbes.be\/fr\/#\/schema\/logo\/image\/"},"sameAs":["https:\/\/www.facebook.com\/forbesbelgique\/","https:\/\/www.instagram.com\/Forbes_Belgium","https:\/\/www.linkedin.com\/company\/forbes-belgium\/"]},{"@type":"Person","@id":"https:\/\/www.forbes.be\/fr\/#\/schema\/person\/22bfc3335e560f4084ef5af17ecdad87","name":"Philippe Coul\u00e9e","image":{"@type":"ImageObject","inLanguage":"fr-FR","@id":"https:\/\/www.forbes.be\/fr\/wp-content\/uploads\/2024\/01\/unnamed-150x150.jpg","url":"https:\/\/www.forbes.be\/fr\/wp-content\/uploads\/2024\/01\/unnamed-150x150.jpg","contentUrl":"https:\/\/www.forbes.be\/fr\/wp-content\/uploads\/2024\/01\/unnamed-150x150.jpg","caption":"Philippe Coul\u00e9e"},"url":"https:\/\/www.forbes.be\/fr\/author\/philippe-couleeicloud-com\/"}]}},"_links":{"self":[{"href":"https:\/\/www.forbes.be\/fr\/wp-json\/wp\/v2\/posts\/11507","targetHints":{"allow":["GET"]}}],"collection":[{"href":"https:\/\/www.forbes.be\/fr\/wp-json\/wp\/v2\/posts"}],"about":[{"href":"https:\/\/www.forbes.be\/fr\/wp-json\/wp\/v2\/types\/post"}],"author":[{"embeddable":true,"href":"https:\/\/www.forbes.be\/fr\/wp-json\/wp\/v2\/users\/15"}],"replies":[{"embeddable":true,"href":"https:\/\/www.forbes.be\/fr\/wp-json\/wp\/v2\/comments?post=11507"}],"version-history":[{"count":5,"href":"https:\/\/www.forbes.be\/fr\/wp-json\/wp\/v2\/posts\/11507\/revisions"}],"predecessor-version":[{"id":11536,"href":"https:\/\/www.forbes.be\/fr\/wp-json\/wp\/v2\/posts\/11507\/revisions\/11536"}],"wp:featuredmedia":[{"embeddable":true,"href":"https:\/\/www.forbes.be\/fr\/wp-json\/wp\/v2\/media\/11508"}],"wp:attachment":[{"href":"https:\/\/www.forbes.be\/fr\/wp-json\/wp\/v2\/media?parent=11507"}],"wp:term":[{"taxonomy":"category","embeddable":true,"href":"https:\/\/www.forbes.be\/fr\/wp-json\/wp\/v2\/categories?post=11507"},{"taxonomy":"post_tag","embeddable":true,"href":"https:\/\/www.forbes.be\/fr\/wp-json\/wp\/v2\/tags?post=11507"}],"curies":[{"name":"wp","href":"https:\/\/api.w.org\/{rel}","templated":true}]}}