{"id":11608,"date":"2025-07-25T07:05:16","date_gmt":"2025-07-25T05:05:16","guid":{"rendered":"https:\/\/www.forbes.be\/fr\/?p=11608"},"modified":"2025-07-23T15:18:14","modified_gmt":"2025-07-23T13:18:14","slug":"grand-prix-de-spa-un-euro-dinvesti-dix-euros-de-retombees","status":"publish","type":"post","link":"https:\/\/www.forbes.be\/fr\/grand-prix-de-spa-un-euro-dinvesti-dix-euros-de-retombees\/","title":{"rendered":"Grand Prix de Spa : un euro d\u2019investi, dix euros de retomb\u00e9es"},"content":{"rendered":"<p class=\"p1\"><strong><span class=\"s1\">Depuis 2018, Vanessa Maes et son \u00e9quipe de Spa GP sont en charge de l\u2019organisation du Grand Prix de Belgique de Formule 1, qui attire quelque 380.000 personnes au total. Chaque ann\u00e9e, ils accueillent la caravane des \u00e9quipes et les 5.000 personnes qui la composent sur le circuit de Spa-Francorchamps, \u00ab le plus beau circuit du monde \u00bb comme aiment \u00e0 le qualifier les pilotes de toutes g\u00e9n\u00e9rations. Plong\u00e9e dans les coulisses de cet \u00e9v\u00e9nement \u00e0 l\u2019envergure mondiale et de la mani\u00e8re dont la CEO et ses coll\u00e8gues s\u2019efforcent de faire rayonner les savoir-faire belge et wallon.<\/span><\/strong><\/p>\n<p class=\"p1\">\u00ab<i> Le c\u0153ur du r\u00e9acteur, c\u2019est ici !<\/i> \u00bb, illustre d\u2019embl\u00e9e Vanessa Maes depuis le si\u00e8ge de Spa GP, avec une vue plongeante sur la ligne de d\u00e9part du circuit. Au d\u00e9part, rien, absolument rien ne pr\u00e9destinait pourtant l\u2019organisatrice \u00e0 devenir la patronne de Spa GP. Experte en immobilier, elle a rejoint son p\u00e8re (et ancien patron) Andr\u00e9 Maes \u00e0 la cr\u00e9ation de l\u2019entreprise en 2007. Elle y a occup\u00e9 des fonctions de marketing manager avant de prendre en main la gestion des VIP. Ses fonctions se sont peu \u00e0 peu \u00e9largies jusqu\u2019\u00e0 ce qu\u2019elle en prenne la direction en 2018. \u00ab <i>Alors que ce devait, au d\u00e9part, \u00eatre une histoire de quelques mois, me voil\u00e0 toujours bien l\u00e0 en 2025, et pour de nombreuses ann\u00e9es encore, je l\u2019esp\u00e8re <\/i>\u00bb, confie-t-elle.<\/p>\n<blockquote>\n<p class=\"p3\"><span class=\"s1\"><i>\u00ab La <\/i><\/span><span class=\"s2\"><i>F1<\/i><\/span><span class=\"s1\"><i> a <\/i><\/span><span class=\"s2\"><i>75 ans c<\/i><\/span><span class=\"s1\"><i>ette ann\u00e9e et le <\/i><\/span><span class=\"s2\"><i>GP<\/i><\/span><span class=\"s1\"><i> de <\/i><\/span><span class=\"s2\"><i>Belgique<\/i><\/span><span class=\"s1\"><i> \u00e9tait pr\u00e9sent d\u00e8s le d\u00e9but \u00bb<\/i><\/span><\/p>\n<\/blockquote>\n<p class=\"p1\">Au quotidien, la CEO et son \u00e9quipe de sept personnes, qu\u2019elle n\u2019a de cesse de mettre en avant plut\u00f4t que de se placer, elle, sous les projecteurs, avancent avec deux principes fondateurs : mettre en avant l\u2019outil \u00ab <i>incroyable et unique au monde<\/i> \u00bb et \u00ab <i>la vitrine exceptionnelle <\/i>\u00bb qu\u2019est le circuit de Spa-Francorchamps et pr\u00e9server l\u2019h\u00e9ritage de la F1. \u00ab <i>Digne du pass\u00e9, responsable du futur, voil\u00e0 mon mantra. La F1 a 75 ans cette ann\u00e9e et le GP de Belgique \u00e9tait pr\u00e9sent d\u00e8s le d\u00e9but. Nous sommes tous bien conscients de cet h\u00e9ritage.<\/i> \u00bb<\/p>\n<figure id=\"attachment_11610\" aria-describedby=\"caption-attachment-11610\" style=\"width: 2560px\" class=\"wp-caption alignnone\"><img loading=\"lazy\" decoding=\"async\" class=\"wp-image-11610 size-full\" src=\"https:\/\/www.forbes.be\/fr\/wp-content\/uploads\/2025\/07\/as-280724-f12024-spagrandprix-dimanche-10-scaled.jpg\" alt=\"L\u2019\u00e9quipe Aston Martin - \u00a9 SPA GP\" width=\"2560\" height=\"1707\" srcset=\"https:\/\/www.forbes.be\/fr\/wp-content\/uploads\/2025\/07\/as-280724-f12024-spagrandprix-dimanche-10-scaled.jpg 2560w, https:\/\/www.forbes.be\/fr\/wp-content\/uploads\/2025\/07\/as-280724-f12024-spagrandprix-dimanche-10-300x200.jpg 300w, https:\/\/www.forbes.be\/fr\/wp-content\/uploads\/2025\/07\/as-280724-f12024-spagrandprix-dimanche-10-1024x683.jpg 1024w, https:\/\/www.forbes.be\/fr\/wp-content\/uploads\/2025\/07\/as-280724-f12024-spagrandprix-dimanche-10-768x512.jpg 768w, https:\/\/www.forbes.be\/fr\/wp-content\/uploads\/2025\/07\/as-280724-f12024-spagrandprix-dimanche-10-1536x1024.jpg 1536w, https:\/\/www.forbes.be\/fr\/wp-content\/uploads\/2025\/07\/as-280724-f12024-spagrandprix-dimanche-10-2048x1365.jpg 2048w, https:\/\/www.forbes.be\/fr\/wp-content\/uploads\/2025\/07\/as-280724-f12024-spagrandprix-dimanche-10-696x464.jpg 696w, https:\/\/www.forbes.be\/fr\/wp-content\/uploads\/2025\/07\/as-280724-f12024-spagrandprix-dimanche-10-1068x712.jpg 1068w, https:\/\/www.forbes.be\/fr\/wp-content\/uploads\/2025\/07\/as-280724-f12024-spagrandprix-dimanche-10-1920x1280.jpg 1920w, https:\/\/www.forbes.be\/fr\/wp-content\/uploads\/2025\/07\/as-280724-f12024-spagrandprix-dimanche-10-600x400.jpg 600w\" sizes=\"auto, (max-width: 2560px) 100vw, 2560px\" \/><figcaption id=\"caption-attachment-11610\" class=\"wp-caption-text\">L\u2019\u00e9quipe Aston Martin &#8211; \u00a9 SPA GP<\/figcaption><\/figure>\n<p class=\"p1\">C\u2019est d\u2019ailleurs sur ce patrimoine historique que, des ann\u00e9es durant, le GP de Belgique a pu s\u2019appuyer pour s\u2019assurer d\u2019\u00eatre pr\u00e9sent au calendrier de la F1. Mais, en 2025, cela ne suffit plus. \u00ab <i>Apr\u00e8s le GP 2021, les Am\u00e9ricains de Liberty nous ont dit : \u2018c\u2019est bien beau d\u2019avoir un trac\u00e9 historique, mais cela ne suffit plus. Nous ne viendrons plus\u2019<\/i> \u00bb, se souvient l\u2019organisatrice. SPA GP avait m\u00eame re\u00e7u un courrier l\u2019informant que le GP de Belgique allait devenir une course de r\u00e9serve. \u00ab <i>Nous leur avons r\u00e9pondu : \u2018Non, nous allons vous prouver qu\u2019il faut continuer et nous allons r\u00e9pondre \u00e0 vos standards\u2019 <\/i>\u00bb, se rem\u00e9more encore Vanessa Maes.<\/p>\n<p class=\"p1\">Il ne s\u2019agit en effet plus seulement de mettre en place une course automobile. \u00ab <i>Liberty, c\u2019est une grosse machine. Il y a la course, oui, mais aussi tous les divertissements et les animations qui l\u2019entourent, comme des concerts ou des DJ sets. Aujourd\u2019hui, la F1, c\u2019est une exp\u00e9rience globale qui doit satisfaire le plus grand nombre. <\/i>\u00bb<\/p>\n<p class=\"p1\">Et cette obstination a pay\u00e9 ! Nous sommes en 2025 et le GP est encore et toujours en calendrier, et pour plusieurs ann\u00e9es encore, les organisateurs ayant r\u00e9ussi \u00e0 m\u00e9langer un ADN belgo-wallon \u00e0 cet \u00e9v\u00e9nement mondial et aux contraintes qui l\u2019accompagnent. Il y aura des courses au moins jusqu\u2019en 2031, \u00e0 l\u2019exception, pour le moment, des saisons 2028 et 2030.<\/p>\n<figure id=\"attachment_11611\" aria-describedby=\"caption-attachment-11611\" style=\"width: 1920px\" class=\"wp-caption alignnone\"><img loading=\"lazy\" decoding=\"async\" class=\"wp-image-11611 size-full\" src=\"https:\/\/www.forbes.be\/fr\/wp-content\/uploads\/2025\/07\/photo-dequipe-spa-grand-prix.jpg\" alt=\"Julien Lalmand , Christian Haag , Vanessa Maes, Stijn De Boever, Elisabeth De Laveleye , C\u00e9line Remacle et Fran\u00e7ois Detroux - \u00a9 SPA GP\" width=\"1920\" height=\"1080\" srcset=\"https:\/\/www.forbes.be\/fr\/wp-content\/uploads\/2025\/07\/photo-dequipe-spa-grand-prix.jpg 1920w, https:\/\/www.forbes.be\/fr\/wp-content\/uploads\/2025\/07\/photo-dequipe-spa-grand-prix-300x169.jpg 300w, https:\/\/www.forbes.be\/fr\/wp-content\/uploads\/2025\/07\/photo-dequipe-spa-grand-prix-1024x576.jpg 1024w, https:\/\/www.forbes.be\/fr\/wp-content\/uploads\/2025\/07\/photo-dequipe-spa-grand-prix-768x432.jpg 768w, https:\/\/www.forbes.be\/fr\/wp-content\/uploads\/2025\/07\/photo-dequipe-spa-grand-prix-1536x864.jpg 1536w, https:\/\/www.forbes.be\/fr\/wp-content\/uploads\/2025\/07\/photo-dequipe-spa-grand-prix-696x392.jpg 696w, https:\/\/www.forbes.be\/fr\/wp-content\/uploads\/2025\/07\/photo-dequipe-spa-grand-prix-1068x601.jpg 1068w, https:\/\/www.forbes.be\/fr\/wp-content\/uploads\/2025\/07\/photo-dequipe-spa-grand-prix-600x338.jpg 600w\" sizes=\"auto, (max-width: 1920px) 100vw, 1920px\" \/><figcaption id=\"caption-attachment-11611\" class=\"wp-caption-text\">Julien Lalmand , Christian Haag , Vanessa Maes, Stijn De Boever, Elisabeth De Laveleye , C\u00e9line Remacle et Fran\u00e7ois Detroux &#8211; \u00a9 SPA GP<\/figcaption><\/figure>\n<p class=\"p1\">Mettre en place la principale course automobile disput\u00e9e en Belgique n\u2019est pas une affaire de quelques mois, bien au contraire. \u00ab <i>En fait, notre organisation de l\u2019\u00e9dition suivante d\u00e9bute d\u00e8s le week-end du GP. Nous devons pr\u00e9parer le site internet pour pouvoir vendre des billets d\u00e8s le dimanche de course. Et le lendemain du GP, nous sommes tous au bureau. Nous ne disposons que d\u2019une semaine pour tout d\u00e9monter, sauf les tribunes, et rendre le circuit propre, tel que nous l\u2019avions re\u00e7u une semaine avant la course. <\/i>\u00bb<\/p>\n<p class=\"p1\">Durant l\u2019ann\u00e9e, Spa GP doit aussi pr\u00e9parer les plans de mobilit\u00e9 et de s\u00e9curit\u00e9. Accueillir 380.000 personnes ne s\u2019improvise pas et cela demande un \u00e9norme travail de pr\u00e9paration. \u00c0 partir du mois d\u2019avril, ce sont les constructions des tribunes install\u00e9es sp\u00e9cialement pour le GP qui d\u00e9butent. L\u2019ann\u00e9e est aussi faite de visites de travail sur d\u2019autres circuits, pointe encore l\u2019organisatrice, \u00e0 peine de retour du GP d\u2019Arabie saoudite.<\/p>\n<p class=\"p1\">Fin mai, Spa GP rentre vraiment \u00ab <i>dans la derni\u00e8re ligne droite<\/i> \u00bb et les journ\u00e9es deviennent tr\u00e8s intenses afin de finaliser la mise en place concr\u00e8te du \u00ab <i>week-end de l\u2019ann\u00e9e<\/i> \u00bb. La quantit\u00e9 de travail est telle que, durant la semaine qui pr\u00e9c\u00e8de la course et durant le week-end de comp\u00e9tition, l\u2019\u00e9quipe s\u2019\u00e9largit \u00e0 une vingtaine de personnes. Les heures de sommeil deviennent alors rares et pr\u00e9cieuses.<\/p>\n<p class=\"p1\">Autant d\u2019efforts qui paient, puisque le succ\u00e8s est au rendez-vous dans les tribunes, mais aussi en dehors. En 2024, Spa GP s\u2019est en effet vu d\u00e9cerner un prix par la F1 pour sa politique d\u2019ESG. \u00ab <i>C\u2019est une r\u00e9compense qui correspond parfaitement \u00e0 nos valeurs d\u2019entreprise <\/i>\u00bb, se f\u00e9licite l\u2019organisatrice. \u00ab <i>\u00c0 titre d\u2019exemple, nous avons fait venir l\u2019an dernier des enfants de milieux d\u00e9favoris\u00e9s durant la journ\u00e9e de jeudi, pour leur faire d\u00e9couvrir les coulisses de la F1. Sur l\u2019ensemble du week-end, nous avons fait pour 2,2 tonnes de donation de nourriture \u00e0 des associations. Nous mettons aussi en avant des partenaires et fournisseurs locaux. Quant aux \u00e9quipes, elles sont aussi attentives aux questions environnementales. Toute l\u2019\u00e9quipe McLaren est ainsi d\u00e9j\u00e0 venue en train depuis l\u2019Angleterre, tandis qu\u2019Aston Martin fait transiter tout son mat\u00e9riel en bateau jusqu\u2019\u00e0 Anvers, avant de le faire parvenir dans les Ardennes. <\/i>\u00bb<\/p>\n<blockquote>\n<p class=\"p3\"><span class=\"s1\"><i>\u00ab Les <\/i><\/span><span class=\"s2\"><i>retomb\u00e9es<\/i><\/span><span class=\"s1\"><i> \u00e9conomiques du GP de F1 ont \u00e9t\u00e9 \u00e9valu\u00e9es par Deloitte \u00e0 <\/i><\/span><span class=\"s2\"><i>41,8 millions<\/i><\/span><span class=\"s1\"><i> d\u2019euros pour la <\/i><\/span><span class=\"s2\"><i>Wallonie<\/i><\/span><span class=\"s1\"><i> \u00bb<\/i><\/span><\/p>\n<\/blockquote>\n<p class=\"p1\">La relation entre Spa GP et la F1 est donc bien plus \u00e9troite qu\u2019auparavant. Mais aussi avec le gouvernement wallon, propri\u00e9taire \u00e0 100 % de la soci\u00e9t\u00e9 organisatrice. \u00ab <i>Il faut bien se dire que sans lui, nous n\u2019existons pas et qu\u2019il n\u2019y pas de course. Les diff\u00e9rents gouvernements sont sensibles \u00e0 l\u2019importance de l\u2019outil qu\u2019est le circuit pour la R\u00e9gion wallonne et pour la Belgique et \u00e0 sa mise en lumi\u00e8re en mondovision. En 2022, les retomb\u00e9es \u00e9conomiques du GP de F1 ont \u00e9t\u00e9 \u00e9valu\u00e9es par Deloitte \u00e0 41,8 millions d\u2019euros pour la Wallonie apr\u00e8s d\u00e9duction des investissements publics wallons.<\/i> \u00bb<\/p>\n<p class=\"p1\">D\u2019ann\u00e9e en ann\u00e9e, le gouvernement wallon \u00e9ponge les dettes de Spa GP. L\u2019\u00e9dition 2024 devrait afficher une perte financi\u00e8re situ\u00e9e en dessous de 3 millions d\u2019euros, apr\u00e8s un bilan n\u00e9gatif de 2,3 millions d\u2019euros en 2023. \u00ab <i>Cette intervention de la R\u00e9gion wallonne doit \u00eatre consid\u00e9r\u00e9e comme un investissement \u00e0 court terme. Chaque euro qu\u2019elle investit dans l\u2019organisation du Grand Prix de Belgique g\u00e9n\u00e8re 9.67 euros de retour sur investissement. Ce n\u2019est pas n\u00e9gligeable dans l\u2019\u00e9quilibre \u00e9conomique de notre R\u00e9gion<\/i> \u00bb, conclut Vanessa Maes.<span class=\"s3\"><span class=\"Apple-converted-space\">\u00a0<\/span><\/span><\/p>\n","protected":false},"excerpt":{"rendered":"<p>Depuis 2018, Vanessa Maes et son \u00e9quipe de Spa GP sont en charge de l\u2019organisation du Grand Prix de Belgique de Formule 1, qui attire quelque 380.000 personnes au total. Chaque ann\u00e9e, ils accueillent la caravane des \u00e9quipes et les 5.000 personnes qui la composent sur le circuit de Spa-Francorchamps, \u00ab le plus beau circuit [&hellip;]<\/p>\n","protected":false},"author":37,"featured_media":11609,"comment_status":"closed","ping_status":"closed","sticky":false,"template":"","format":"standard","meta":{"_acf_changed":false,"inline_featured_image":false,"footnotes":""},"categories":[74,19,27,29],"tags":[],"class_list":{"0":"post-11608","1":"post","2":"type-post","3":"status-publish","4":"format-standard","5":"has-post-thumbnail","7":"category-automobile","8":"category-entrepreneurs","9":"category-societe","10":"category-sports-moteurs"},"acf":[],"_yoast_wpseo_title":null,"_yoast_wpseo_metadesc":"Vanessa Maes, CEO de Spa GP, orchestre avec son \u00e9quipe l\u2019un des \u00e9v\u00e9nements les plus embl\u00e9matiques de Wallonie : le Grand Prix de Belgique de F1 \u00e0 Spa-Francorchamps. Plong\u00e9e dans les coulisses d\u2019une organisation hors norme, entre enjeux \u00e9conomiques, h\u00e9ritage sportif et innovation durable.","auteur_traducteur":"","yoast_head":"<!-- This site is optimized with the Yoast SEO plugin v27.4 - https:\/\/yoast.com\/product\/yoast-seo-wordpress\/ -->\n<title>Grand Prix de Spa : un euro d\u2019investi, dix euros de retomb\u00e9es | Forbes Belgique<\/title>\n<meta name=\"description\" content=\"Vanessa Maes, CEO de Spa GP, orchestre avec son \u00e9quipe l\u2019un des \u00e9v\u00e9nements les plus embl\u00e9matiques de Wallonie : le Grand Prix de Belgique de F1 \u00e0 Spa-Francorchamps. Plong\u00e9e dans les coulisses d\u2019une organisation hors norme, entre enjeux \u00e9conomiques, h\u00e9ritage sportif et innovation durable.\" \/>\n<meta name=\"robots\" content=\"index, follow, max-snippet:-1, max-image-preview:large, max-video-preview:-1\" \/>\n<link rel=\"canonical\" href=\"https:\/\/www.forbes.be\/fr\/grand-prix-de-spa-un-euro-dinvesti-dix-euros-de-retombees\/\" \/>\n<meta property=\"og:locale\" content=\"fr_FR\" \/>\n<meta property=\"og:type\" content=\"article\" \/>\n<meta property=\"og:title\" content=\"Grand Prix de Spa : un euro d\u2019investi, dix euros de retomb\u00e9es | Forbes Belgique\" \/>\n<meta property=\"og:description\" content=\"Vanessa Maes, CEO de Spa GP, orchestre avec son \u00e9quipe l\u2019un des \u00e9v\u00e9nements les plus embl\u00e9matiques de Wallonie : le Grand Prix de Belgique de F1 \u00e0 Spa-Francorchamps. Plong\u00e9e dans les coulisses d\u2019une organisation hors norme, entre enjeux \u00e9conomiques, h\u00e9ritage sportif et innovation durable.\" \/>\n<meta property=\"og:url\" content=\"https:\/\/www.forbes.be\/fr\/grand-prix-de-spa-un-euro-dinvesti-dix-euros-de-retombees\/\" \/>\n<meta property=\"og:site_name\" content=\"Forbes Belgique\" \/>\n<meta property=\"article:publisher\" content=\"https:\/\/www.facebook.com\/forbesbelgique\/\" \/>\n<meta property=\"article:published_time\" content=\"2025-07-25T05:05:16+00:00\" \/>\n<meta property=\"og:image\" content=\"https:\/\/www.forbes.be\/fr\/wp-content\/uploads\/2025\/07\/76a5fd11-deaf-4999-9fca-1dc91605dfc1-scaled.jpg\" \/>\n\t<meta property=\"og:image:width\" content=\"2560\" \/>\n\t<meta property=\"og:image:height\" content=\"1340\" \/>\n\t<meta property=\"og:image:type\" content=\"image\/jpeg\" \/>\n<meta name=\"author\" content=\"Juan Godbille\" \/>\n<meta name=\"twitter:card\" content=\"summary_large_image\" \/>\n<meta name=\"twitter:label1\" content=\"\u00c9crit par\" \/>\n\t<meta name=\"twitter:data1\" content=\"Juan Godbille\" \/>\n\t<meta name=\"twitter:label2\" content=\"Dur\u00e9e de lecture estim\u00e9e\" \/>\n\t<meta name=\"twitter:data2\" content=\"7 minutes\" \/>\n<script type=\"application\/ld+json\" class=\"yoast-schema-graph\">{\"@context\":\"https:\\\/\\\/schema.org\",\"@graph\":[{\"@type\":\"NewsArticle\",\"@id\":\"https:\\\/\\\/www.forbes.be\\\/fr\\\/grand-prix-de-spa-un-euro-dinvesti-dix-euros-de-retombees\\\/#article\",\"isPartOf\":{\"@id\":\"https:\\\/\\\/www.forbes.be\\\/fr\\\/grand-prix-de-spa-un-euro-dinvesti-dix-euros-de-retombees\\\/\"},\"author\":{\"name\":\"Juan Godbille\",\"@id\":\"https:\\\/\\\/www.forbes.be\\\/fr\\\/#\\\/schema\\\/person\\\/0d449791ef6199da3d469eca714eb773\"},\"headline\":\"Grand Prix de Spa : un euro d\u2019investi, dix euros de retomb\u00e9es\",\"datePublished\":\"2025-07-25T05:05:16+00:00\",\"mainEntityOfPage\":{\"@id\":\"https:\\\/\\\/www.forbes.be\\\/fr\\\/grand-prix-de-spa-un-euro-dinvesti-dix-euros-de-retombees\\\/\"},\"wordCount\":1301,\"publisher\":{\"@id\":\"https:\\\/\\\/www.forbes.be\\\/fr\\\/#organization\"},\"image\":{\"@id\":\"https:\\\/\\\/www.forbes.be\\\/fr\\\/grand-prix-de-spa-un-euro-dinvesti-dix-euros-de-retombees\\\/#primaryimage\"},\"thumbnailUrl\":\"https:\\\/\\\/www.forbes.be\\\/fr\\\/wp-content\\\/uploads\\\/2025\\\/07\\\/76a5fd11-deaf-4999-9fca-1dc91605dfc1-scaled.jpg\",\"articleSection\":[\"Automobile\",\"Entrepreneurs\",\"Soci\u00e9t\u00e9\",\"Sports moteurs\"],\"inLanguage\":\"fr-FR\"},{\"@type\":\"WebPage\",\"@id\":\"https:\\\/\\\/www.forbes.be\\\/fr\\\/grand-prix-de-spa-un-euro-dinvesti-dix-euros-de-retombees\\\/\",\"url\":\"https:\\\/\\\/www.forbes.be\\\/fr\\\/grand-prix-de-spa-un-euro-dinvesti-dix-euros-de-retombees\\\/\",\"name\":\"Grand Prix de Spa : un euro d\u2019investi, dix euros de retomb\u00e9es | Forbes Belgique\",\"isPartOf\":{\"@id\":\"https:\\\/\\\/www.forbes.be\\\/fr\\\/#website\"},\"primaryImageOfPage\":{\"@id\":\"https:\\\/\\\/www.forbes.be\\\/fr\\\/grand-prix-de-spa-un-euro-dinvesti-dix-euros-de-retombees\\\/#primaryimage\"},\"image\":{\"@id\":\"https:\\\/\\\/www.forbes.be\\\/fr\\\/grand-prix-de-spa-un-euro-dinvesti-dix-euros-de-retombees\\\/#primaryimage\"},\"thumbnailUrl\":\"https:\\\/\\\/www.forbes.be\\\/fr\\\/wp-content\\\/uploads\\\/2025\\\/07\\\/76a5fd11-deaf-4999-9fca-1dc91605dfc1-scaled.jpg\",\"datePublished\":\"2025-07-25T05:05:16+00:00\",\"description\":\"Vanessa Maes, CEO de Spa GP, orchestre avec son \u00e9quipe l\u2019un des \u00e9v\u00e9nements les plus embl\u00e9matiques de Wallonie : le Grand Prix de Belgique de F1 \u00e0 Spa-Francorchamps. Plong\u00e9e dans les coulisses d\u2019une organisation hors norme, entre enjeux \u00e9conomiques, h\u00e9ritage sportif et innovation durable.\",\"breadcrumb\":{\"@id\":\"https:\\\/\\\/www.forbes.be\\\/fr\\\/grand-prix-de-spa-un-euro-dinvesti-dix-euros-de-retombees\\\/#breadcrumb\"},\"inLanguage\":\"fr-FR\",\"potentialAction\":[{\"@type\":\"ReadAction\",\"target\":[\"https:\\\/\\\/www.forbes.be\\\/fr\\\/grand-prix-de-spa-un-euro-dinvesti-dix-euros-de-retombees\\\/\"]}]},{\"@type\":\"ImageObject\",\"inLanguage\":\"fr-FR\",\"@id\":\"https:\\\/\\\/www.forbes.be\\\/fr\\\/grand-prix-de-spa-un-euro-dinvesti-dix-euros-de-retombees\\\/#primaryimage\",\"url\":\"https:\\\/\\\/www.forbes.be\\\/fr\\\/wp-content\\\/uploads\\\/2025\\\/07\\\/76a5fd11-deaf-4999-9fca-1dc91605dfc1-scaled.jpg\",\"contentUrl\":\"https:\\\/\\\/www.forbes.be\\\/fr\\\/wp-content\\\/uploads\\\/2025\\\/07\\\/76a5fd11-deaf-4999-9fca-1dc91605dfc1-scaled.jpg\",\"width\":2560,\"height\":1340,\"caption\":\"\u00a9 SPA GP\"},{\"@type\":\"BreadcrumbList\",\"@id\":\"https:\\\/\\\/www.forbes.be\\\/fr\\\/grand-prix-de-spa-un-euro-dinvesti-dix-euros-de-retombees\\\/#breadcrumb\",\"itemListElement\":[{\"@type\":\"ListItem\",\"position\":1,\"name\":\"Accueil\",\"item\":\"https:\\\/\\\/www.forbes.be\\\/fr\\\/\"},{\"@type\":\"ListItem\",\"position\":2,\"name\":\"Grand Prix de Spa : un euro d\u2019investi, dix euros de retomb\u00e9es\"}]},{\"@type\":\"WebSite\",\"@id\":\"https:\\\/\\\/www.forbes.be\\\/fr\\\/#website\",\"url\":\"https:\\\/\\\/www.forbes.be\\\/fr\\\/\",\"name\":\"Forbes Belgique\",\"description\":\"\",\"publisher\":{\"@id\":\"https:\\\/\\\/www.forbes.be\\\/fr\\\/#organization\"},\"potentialAction\":[{\"@type\":\"SearchAction\",\"target\":{\"@type\":\"EntryPoint\",\"urlTemplate\":\"https:\\\/\\\/www.forbes.be\\\/fr\\\/?s={search_term_string}\"},\"query-input\":{\"@type\":\"PropertyValueSpecification\",\"valueRequired\":true,\"valueName\":\"search_term_string\"}}],\"inLanguage\":\"fr-FR\"},{\"@type\":\"Organization\",\"@id\":\"https:\\\/\\\/www.forbes.be\\\/fr\\\/#organization\",\"name\":\"Forbes Belgique\",\"url\":\"https:\\\/\\\/www.forbes.be\\\/fr\\\/\",\"logo\":{\"@type\":\"ImageObject\",\"inLanguage\":\"fr-FR\",\"@id\":\"https:\\\/\\\/www.forbes.be\\\/fr\\\/#\\\/schema\\\/logo\\\/image\\\/\",\"url\":\"https:\\\/\\\/www.forbes.be\\\/fr\\\/wp-content\\\/uploads\\\/2024\\\/02\\\/forbes.be_.png\",\"contentUrl\":\"https:\\\/\\\/www.forbes.be\\\/fr\\\/wp-content\\\/uploads\\\/2024\\\/02\\\/forbes.be_.png\",\"width\":1200,\"height\":675,\"caption\":\"Forbes Belgique\"},\"image\":{\"@id\":\"https:\\\/\\\/www.forbes.be\\\/fr\\\/#\\\/schema\\\/logo\\\/image\\\/\"},\"sameAs\":[\"https:\\\/\\\/www.facebook.com\\\/forbesbelgique\\\/\",\"https:\\\/\\\/www.instagram.com\\\/Forbes_Belgium\",\"https:\\\/\\\/www.linkedin.com\\\/company\\\/forbes-belgium\\\/\"]},{\"@type\":\"Person\",\"@id\":\"https:\\\/\\\/www.forbes.be\\\/fr\\\/#\\\/schema\\\/person\\\/0d449791ef6199da3d469eca714eb773\",\"name\":\"Juan Godbille\",\"image\":{\"@type\":\"ImageObject\",\"inLanguage\":\"fr-FR\",\"@id\":\"https:\\\/\\\/secure.gravatar.com\\\/avatar\\\/de6d740453251c69ae34e42cfef9688bc2a5c942d7cab09074e7064fbac13ac9?s=96&d=mm&r=g\",\"url\":\"https:\\\/\\\/secure.gravatar.com\\\/avatar\\\/de6d740453251c69ae34e42cfef9688bc2a5c942d7cab09074e7064fbac13ac9?s=96&d=mm&r=g\",\"contentUrl\":\"https:\\\/\\\/secure.gravatar.com\\\/avatar\\\/de6d740453251c69ae34e42cfef9688bc2a5c942d7cab09074e7064fbac13ac9?s=96&d=mm&r=g\",\"caption\":\"Juan Godbille\"},\"url\":\"https:\\\/\\\/www.forbes.be\\\/fr\\\/author\\\/juan-godbille\\\/\"}]}<\/script>\n<!-- \/ Yoast SEO plugin. -->","yoast_head_json":{"title":"Grand Prix de Spa : un euro d\u2019investi, dix euros de retomb\u00e9es | Forbes Belgique","description":"Vanessa Maes, CEO de Spa GP, orchestre avec son \u00e9quipe l\u2019un des \u00e9v\u00e9nements les plus embl\u00e9matiques de Wallonie : le Grand Prix de Belgique de F1 \u00e0 Spa-Francorchamps. Plong\u00e9e dans les coulisses d\u2019une organisation hors norme, entre enjeux \u00e9conomiques, h\u00e9ritage sportif et innovation durable.","robots":{"index":"index","follow":"follow","max-snippet":"max-snippet:-1","max-image-preview":"max-image-preview:large","max-video-preview":"max-video-preview:-1"},"canonical":"https:\/\/www.forbes.be\/fr\/grand-prix-de-spa-un-euro-dinvesti-dix-euros-de-retombees\/","og_locale":"fr_FR","og_type":"article","og_title":"Grand Prix de Spa : un euro d\u2019investi, dix euros de retomb\u00e9es | Forbes Belgique","og_description":"Vanessa Maes, CEO de Spa GP, orchestre avec son \u00e9quipe l\u2019un des \u00e9v\u00e9nements les plus embl\u00e9matiques de Wallonie : le Grand Prix de Belgique de F1 \u00e0 Spa-Francorchamps. Plong\u00e9e dans les coulisses d\u2019une organisation hors norme, entre enjeux \u00e9conomiques, h\u00e9ritage sportif et innovation durable.","og_url":"https:\/\/www.forbes.be\/fr\/grand-prix-de-spa-un-euro-dinvesti-dix-euros-de-retombees\/","og_site_name":"Forbes Belgique","article_publisher":"https:\/\/www.facebook.com\/forbesbelgique\/","article_published_time":"2025-07-25T05:05:16+00:00","og_image":[{"width":2560,"height":1340,"url":"https:\/\/www.forbes.be\/fr\/wp-content\/uploads\/2025\/07\/76a5fd11-deaf-4999-9fca-1dc91605dfc1-scaled.jpg","type":"image\/jpeg"}],"author":"Juan Godbille","twitter_card":"summary_large_image","twitter_misc":{"\u00c9crit par":"Juan Godbille","Dur\u00e9e de lecture estim\u00e9e":"7 minutes"},"schema":{"@context":"https:\/\/schema.org","@graph":[{"@type":"NewsArticle","@id":"https:\/\/www.forbes.be\/fr\/grand-prix-de-spa-un-euro-dinvesti-dix-euros-de-retombees\/#article","isPartOf":{"@id":"https:\/\/www.forbes.be\/fr\/grand-prix-de-spa-un-euro-dinvesti-dix-euros-de-retombees\/"},"author":{"name":"Juan Godbille","@id":"https:\/\/www.forbes.be\/fr\/#\/schema\/person\/0d449791ef6199da3d469eca714eb773"},"headline":"Grand Prix de Spa : un euro d\u2019investi, dix euros de retomb\u00e9es","datePublished":"2025-07-25T05:05:16+00:00","mainEntityOfPage":{"@id":"https:\/\/www.forbes.be\/fr\/grand-prix-de-spa-un-euro-dinvesti-dix-euros-de-retombees\/"},"wordCount":1301,"publisher":{"@id":"https:\/\/www.forbes.be\/fr\/#organization"},"image":{"@id":"https:\/\/www.forbes.be\/fr\/grand-prix-de-spa-un-euro-dinvesti-dix-euros-de-retombees\/#primaryimage"},"thumbnailUrl":"https:\/\/www.forbes.be\/fr\/wp-content\/uploads\/2025\/07\/76a5fd11-deaf-4999-9fca-1dc91605dfc1-scaled.jpg","articleSection":["Automobile","Entrepreneurs","Soci\u00e9t\u00e9","Sports moteurs"],"inLanguage":"fr-FR"},{"@type":"WebPage","@id":"https:\/\/www.forbes.be\/fr\/grand-prix-de-spa-un-euro-dinvesti-dix-euros-de-retombees\/","url":"https:\/\/www.forbes.be\/fr\/grand-prix-de-spa-un-euro-dinvesti-dix-euros-de-retombees\/","name":"Grand Prix de Spa : un euro d\u2019investi, dix euros de retomb\u00e9es | Forbes Belgique","isPartOf":{"@id":"https:\/\/www.forbes.be\/fr\/#website"},"primaryImageOfPage":{"@id":"https:\/\/www.forbes.be\/fr\/grand-prix-de-spa-un-euro-dinvesti-dix-euros-de-retombees\/#primaryimage"},"image":{"@id":"https:\/\/www.forbes.be\/fr\/grand-prix-de-spa-un-euro-dinvesti-dix-euros-de-retombees\/#primaryimage"},"thumbnailUrl":"https:\/\/www.forbes.be\/fr\/wp-content\/uploads\/2025\/07\/76a5fd11-deaf-4999-9fca-1dc91605dfc1-scaled.jpg","datePublished":"2025-07-25T05:05:16+00:00","description":"Vanessa Maes, CEO de Spa GP, orchestre avec son \u00e9quipe l\u2019un des \u00e9v\u00e9nements les plus embl\u00e9matiques de Wallonie : le Grand Prix de Belgique de F1 \u00e0 Spa-Francorchamps. Plong\u00e9e dans les coulisses d\u2019une organisation hors norme, entre enjeux \u00e9conomiques, h\u00e9ritage sportif et innovation durable.","breadcrumb":{"@id":"https:\/\/www.forbes.be\/fr\/grand-prix-de-spa-un-euro-dinvesti-dix-euros-de-retombees\/#breadcrumb"},"inLanguage":"fr-FR","potentialAction":[{"@type":"ReadAction","target":["https:\/\/www.forbes.be\/fr\/grand-prix-de-spa-un-euro-dinvesti-dix-euros-de-retombees\/"]}]},{"@type":"ImageObject","inLanguage":"fr-FR","@id":"https:\/\/www.forbes.be\/fr\/grand-prix-de-spa-un-euro-dinvesti-dix-euros-de-retombees\/#primaryimage","url":"https:\/\/www.forbes.be\/fr\/wp-content\/uploads\/2025\/07\/76a5fd11-deaf-4999-9fca-1dc91605dfc1-scaled.jpg","contentUrl":"https:\/\/www.forbes.be\/fr\/wp-content\/uploads\/2025\/07\/76a5fd11-deaf-4999-9fca-1dc91605dfc1-scaled.jpg","width":2560,"height":1340,"caption":"\u00a9 SPA GP"},{"@type":"BreadcrumbList","@id":"https:\/\/www.forbes.be\/fr\/grand-prix-de-spa-un-euro-dinvesti-dix-euros-de-retombees\/#breadcrumb","itemListElement":[{"@type":"ListItem","position":1,"name":"Accueil","item":"https:\/\/www.forbes.be\/fr\/"},{"@type":"ListItem","position":2,"name":"Grand Prix de Spa : un euro d\u2019investi, dix euros de retomb\u00e9es"}]},{"@type":"WebSite","@id":"https:\/\/www.forbes.be\/fr\/#website","url":"https:\/\/www.forbes.be\/fr\/","name":"Forbes Belgique","description":"","publisher":{"@id":"https:\/\/www.forbes.be\/fr\/#organization"},"potentialAction":[{"@type":"SearchAction","target":{"@type":"EntryPoint","urlTemplate":"https:\/\/www.forbes.be\/fr\/?s={search_term_string}"},"query-input":{"@type":"PropertyValueSpecification","valueRequired":true,"valueName":"search_term_string"}}],"inLanguage":"fr-FR"},{"@type":"Organization","@id":"https:\/\/www.forbes.be\/fr\/#organization","name":"Forbes Belgique","url":"https:\/\/www.forbes.be\/fr\/","logo":{"@type":"ImageObject","inLanguage":"fr-FR","@id":"https:\/\/www.forbes.be\/fr\/#\/schema\/logo\/image\/","url":"https:\/\/www.forbes.be\/fr\/wp-content\/uploads\/2024\/02\/forbes.be_.png","contentUrl":"https:\/\/www.forbes.be\/fr\/wp-content\/uploads\/2024\/02\/forbes.be_.png","width":1200,"height":675,"caption":"Forbes Belgique"},"image":{"@id":"https:\/\/www.forbes.be\/fr\/#\/schema\/logo\/image\/"},"sameAs":["https:\/\/www.facebook.com\/forbesbelgique\/","https:\/\/www.instagram.com\/Forbes_Belgium","https:\/\/www.linkedin.com\/company\/forbes-belgium\/"]},{"@type":"Person","@id":"https:\/\/www.forbes.be\/fr\/#\/schema\/person\/0d449791ef6199da3d469eca714eb773","name":"Juan Godbille","image":{"@type":"ImageObject","inLanguage":"fr-FR","@id":"https:\/\/secure.gravatar.com\/avatar\/de6d740453251c69ae34e42cfef9688bc2a5c942d7cab09074e7064fbac13ac9?s=96&d=mm&r=g","url":"https:\/\/secure.gravatar.com\/avatar\/de6d740453251c69ae34e42cfef9688bc2a5c942d7cab09074e7064fbac13ac9?s=96&d=mm&r=g","contentUrl":"https:\/\/secure.gravatar.com\/avatar\/de6d740453251c69ae34e42cfef9688bc2a5c942d7cab09074e7064fbac13ac9?s=96&d=mm&r=g","caption":"Juan Godbille"},"url":"https:\/\/www.forbes.be\/fr\/author\/juan-godbille\/"}]}},"_links":{"self":[{"href":"https:\/\/www.forbes.be\/fr\/wp-json\/wp\/v2\/posts\/11608","targetHints":{"allow":["GET"]}}],"collection":[{"href":"https:\/\/www.forbes.be\/fr\/wp-json\/wp\/v2\/posts"}],"about":[{"href":"https:\/\/www.forbes.be\/fr\/wp-json\/wp\/v2\/types\/post"}],"author":[{"embeddable":true,"href":"https:\/\/www.forbes.be\/fr\/wp-json\/wp\/v2\/users\/37"}],"replies":[{"embeddable":true,"href":"https:\/\/www.forbes.be\/fr\/wp-json\/wp\/v2\/comments?post=11608"}],"version-history":[{"count":5,"href":"https:\/\/www.forbes.be\/fr\/wp-json\/wp\/v2\/posts\/11608\/revisions"}],"predecessor-version":[{"id":11628,"href":"https:\/\/www.forbes.be\/fr\/wp-json\/wp\/v2\/posts\/11608\/revisions\/11628"}],"wp:featuredmedia":[{"embeddable":true,"href":"https:\/\/www.forbes.be\/fr\/wp-json\/wp\/v2\/media\/11609"}],"wp:attachment":[{"href":"https:\/\/www.forbes.be\/fr\/wp-json\/wp\/v2\/media?parent=11608"}],"wp:term":[{"taxonomy":"category","embeddable":true,"href":"https:\/\/www.forbes.be\/fr\/wp-json\/wp\/v2\/categories?post=11608"},{"taxonomy":"post_tag","embeddable":true,"href":"https:\/\/www.forbes.be\/fr\/wp-json\/wp\/v2\/tags?post=11608"}],"curies":[{"name":"wp","href":"https:\/\/api.w.org\/{rel}","templated":true}]}}