{"id":11616,"date":"2025-07-30T07:42:37","date_gmt":"2025-07-30T05:42:37","guid":{"rendered":"https:\/\/www.forbes.be\/fr\/?p=11616"},"modified":"2025-08-11T15:01:47","modified_gmt":"2025-08-11T13:01:47","slug":"mathieu-nayis-vision-rh-et-reseau-larchitecture-dune-marque-de-coiffure","status":"publish","type":"post","link":"https:\/\/www.forbes.be\/fr\/mathieu-nayis-vision-rh-et-reseau-larchitecture-dune-marque-de-coiffure\/","title":{"rendered":"Mathieu Nayis : \u00ab\u202fVision, RH et r\u00e9seau : l\u2019architecture d\u2019une marque de coiffure\u202f\u00bb"},"content":{"rendered":"<p><strong>\u00c0 33 ans, Mathieu Nayis pilote dix salons de coiffure en Belgique dans un mod\u00e8le qu\u2019il affine et pr\u00e9pare d\u00e9j\u00e0 \u00e0 l\u2019\u00e9chelle sup\u00e9rieure. Il vise une structuration de son r\u00e9seau avec un d\u00e9veloppement de franchises en Belgique et \u00e0 l\u2019international. \u00c0 terme, un cinqui\u00e8me lui appartiendra en direct, les autres seront en franchise. L\u2019objectif est clair : seize salons d\u2019ici fin 2025 et un \u00e9cosyst\u00e8me int\u00e9gr\u00e9 allant des produits aux outils digitaux. Dans un secteur \u00e9clat\u00e9, il trace une ligne ambitieuse et structur\u00e9e. Il parle peu de cheveux, beaucoup de strat\u00e9gie.<\/strong><\/p>\n<p><span style=\"font-weight: 400;\">La notori\u00e9t\u00e9 s\u2019est construite sans effet d\u2019annonce, avec m\u00e9thode. D\u00e8s 2015, sa pr\u00e9sence active sur les r\u00e9seaux attire l\u2019attention. D\u2019abord chez les joueurs d\u2019Anderlecht, puis chez Anthony Vanden Borre, son premier client issu des Diables Rouges. Youri Tielemans suivra, et le nom circule. De bouche en bouche, de vestiaire en vestiaire, jusqu\u2019\u00e0 Chelsea, Valence ou Benfica. Quelques rappeurs, aussi. \u00ab\u202fC\u2019\u00e9tait naturel.\u202f\u00bb Pas de coupes extravagantes, mais des exigences simples et soign\u00e9es. \u00ab\u202fJe les coiffe comme tout le monde. Comme des gars qui prennent soin d\u2019eux.\u202f\u00bb Ce qu\u2019il vise, c\u2019est l\u2019effet de levier. \u00ab\u202fSi les gens importants me font confiance, les autres clients le feront aussi.\u202f\u00bb La notori\u00e9t\u00e9 devient un outil : produit d\u2019abord, puis le marketing.<br \/>\n<\/span><\/p>\n<p>Son obsession : l\u2019exp\u00e9rience. \u00ab Chaque personne doit \u00eatre coiff\u00e9e comme une star, pour se sentir forte. \u00bb L\u2019attention au d\u00e9tail, l\u2019image, les codes du luxe adapt\u00e9s \u00e0 la rue. Mais surtout, une m\u00e9canique humaine. \u00ab Je ne cherche pas des talents exceptionnels, je les construis. Ce qui compte, c\u2019est que la personne aime profond\u00e9ment ce qu\u2019elle fait. Le matin, je suis de bonne humeur quand je pars au travail. Si toi, tu ne l\u2019es pas, tu n\u2019es pas la bonne personne. \u00bb<\/p>\n<figure id=\"attachment_11619\" aria-describedby=\"caption-attachment-11619\" style=\"width: 1707px\" class=\"wp-caption alignnone\"><img loading=\"lazy\" decoding=\"async\" class=\"size-full wp-image-11619\" src=\"https:\/\/www.forbes.be\/fr\/wp-content\/uploads\/2025\/07\/bls00470-avec-accentuation-bruit-scaled.jpg\" alt=\"\" width=\"1707\" height=\"2560\" srcset=\"https:\/\/www.forbes.be\/fr\/wp-content\/uploads\/2025\/07\/bls00470-avec-accentuation-bruit-scaled.jpg 1707w, https:\/\/www.forbes.be\/fr\/wp-content\/uploads\/2025\/07\/bls00470-avec-accentuation-bruit-200x300.jpg 200w, https:\/\/www.forbes.be\/fr\/wp-content\/uploads\/2025\/07\/bls00470-avec-accentuation-bruit-683x1024.jpg 683w, https:\/\/www.forbes.be\/fr\/wp-content\/uploads\/2025\/07\/bls00470-avec-accentuation-bruit-768x1152.jpg 768w, https:\/\/www.forbes.be\/fr\/wp-content\/uploads\/2025\/07\/bls00470-avec-accentuation-bruit-1024x1536.jpg 1024w, https:\/\/www.forbes.be\/fr\/wp-content\/uploads\/2025\/07\/bls00470-avec-accentuation-bruit-1365x2048.jpg 1365w, https:\/\/www.forbes.be\/fr\/wp-content\/uploads\/2025\/07\/bls00470-avec-accentuation-bruit-696x1044.jpg 696w, https:\/\/www.forbes.be\/fr\/wp-content\/uploads\/2025\/07\/bls00470-avec-accentuation-bruit-1068x1602.jpg 1068w, https:\/\/www.forbes.be\/fr\/wp-content\/uploads\/2025\/07\/bls00470-avec-accentuation-bruit-1920x2880.jpg 1920w, https:\/\/www.forbes.be\/fr\/wp-content\/uploads\/2025\/07\/bls00470-avec-accentuation-bruit-600x900.jpg 600w\" sizes=\"auto, (max-width: 1707px) 100vw, 1707px\" \/><figcaption id=\"caption-attachment-11619\" class=\"wp-caption-text\">\u00a9 DR<\/figcaption><\/figure>\n<p>Chez Mathieu Nayis, les ressources humaines sont un sport d\u2019anticipation. Il positionne, d\u00e9place, ajuste les r\u00f4les comme dans un organigramme vivant. \u00ab J\u2019ai une obsession pour le bon endroit. Tu ne peux pas \u00eatre manager si tu n\u2019aimes pas l\u2019humain. Et si tu veux \u00eatre CEO, il faut aimer les chiffres. \u00bb Il parle de r\u00e9flexes, de profils, d\u2019alignement. \u00ab Je regarde uniquement les qualit\u00e9s des gens. Tout le monde a des d\u00e9fauts. Mais il faut que les bons traits soient au bon endroit. \u00bb<\/p>\n<p>En 2018, une fracture change la donne. Jambe cass\u00e9e, huit semaines d\u2019arr\u00eat, et un tiers du chiffre d\u2019affaires qui dispara\u00eet. \u00ab Ce jour-l\u00e0, j\u2019ai compris que si je ne suis plus l\u00e0, le salon ne vaut rien. \u00bb Il arr\u00eate alors de penser en artisan et commence \u00e0 construire comme un entrepreneur. La suite, il la structure : des process solides, une m\u00e9thode duplicable, des \u00e9quipes qui tournent sans lui. \u00c0 Brenal, l\u2019ambiance est dynamique, rapide, intense. \u00c0 Louise, plus feutr\u00e9e, haut de gamme. Chaque salon a son identit\u00e9, chaque \u00e9quipe sa mission.<\/p>\n<figure id=\"attachment_11618\" aria-describedby=\"caption-attachment-11618\" style=\"width: 1707px\" class=\"wp-caption alignnone\"><img loading=\"lazy\" decoding=\"async\" class=\"size-full wp-image-11618\" src=\"https:\/\/www.forbes.be\/fr\/wp-content\/uploads\/2025\/07\/bls00437-avec-accentuation-bruit-scaled.jpg\" alt=\"\" width=\"1707\" height=\"2560\" srcset=\"https:\/\/www.forbes.be\/fr\/wp-content\/uploads\/2025\/07\/bls00437-avec-accentuation-bruit-scaled.jpg 1707w, https:\/\/www.forbes.be\/fr\/wp-content\/uploads\/2025\/07\/bls00437-avec-accentuation-bruit-200x300.jpg 200w, https:\/\/www.forbes.be\/fr\/wp-content\/uploads\/2025\/07\/bls00437-avec-accentuation-bruit-683x1024.jpg 683w, https:\/\/www.forbes.be\/fr\/wp-content\/uploads\/2025\/07\/bls00437-avec-accentuation-bruit-768x1152.jpg 768w, https:\/\/www.forbes.be\/fr\/wp-content\/uploads\/2025\/07\/bls00437-avec-accentuation-bruit-1024x1536.jpg 1024w, https:\/\/www.forbes.be\/fr\/wp-content\/uploads\/2025\/07\/bls00437-avec-accentuation-bruit-1365x2048.jpg 1365w, https:\/\/www.forbes.be\/fr\/wp-content\/uploads\/2025\/07\/bls00437-avec-accentuation-bruit-696x1044.jpg 696w, https:\/\/www.forbes.be\/fr\/wp-content\/uploads\/2025\/07\/bls00437-avec-accentuation-bruit-1068x1602.jpg 1068w, https:\/\/www.forbes.be\/fr\/wp-content\/uploads\/2025\/07\/bls00437-avec-accentuation-bruit-1920x2880.jpg 1920w, https:\/\/www.forbes.be\/fr\/wp-content\/uploads\/2025\/07\/bls00437-avec-accentuation-bruit-600x900.jpg 600w\" sizes=\"auto, (max-width: 1707px) 100vw, 1707px\" \/><figcaption id=\"caption-attachment-11618\" class=\"wp-caption-text\">\u00a9 DR<\/figcaption><\/figure>\n<p>Il ne coiffe presque plus, sauf parfois, \u00ab juste pour le plaisir, pour garder la main. \u00bb Ce qu\u2019il aime vraiment, dit-il, c\u2019est anticiper. \u00ab Ma vraie zone de g\u00e9nie, c\u2019est de penser \u00e0 dix ans. Structurer. Visualiser ce qui va venir. \u00bb C\u2019est ce qui l\u2019a pouss\u00e9 \u00e0 ajouter d\u00e8s 2020 des services comme la manucure, les soins visage ou la p\u00e9dicure, bien avant que cela ne se g\u00e9n\u00e9ralise. \u00ab \u00c0 Duba\u00ef ou L.A., c\u2019\u00e9tait d\u00e9j\u00e0 la norme depuis longtemps. \u00bb<\/p>\n<p>Son entr\u00e9e dans le m\u00e9tier, elle aussi, tient \u00e0 un alignement intuitif plus qu\u2019\u00e0 un plan de carri\u00e8re. \u00ab Je voulais \u00eatre policier. Mais les inscriptions \u00e9taient closes. Mon p\u00e8re m\u2019a dit : \u201cTrouve un truc.\u201d On est all\u00e9s \u00e0 l\u2019INFAC. J\u2019ai dit coiffure un peu au hasard. Et j\u2019en suis jamais sorti. \u00bb<\/p>\n<figure id=\"attachment_11621\" aria-describedby=\"caption-attachment-11621\" style=\"width: 1707px\" class=\"wp-caption alignnone\"><img loading=\"lazy\" decoding=\"async\" class=\"size-full wp-image-11621\" src=\"https:\/\/www.forbes.be\/fr\/wp-content\/uploads\/2025\/07\/bls09816-avec-accentuation-bruit-scaled.jpg\" alt=\"\" width=\"1707\" height=\"2560\" srcset=\"https:\/\/www.forbes.be\/fr\/wp-content\/uploads\/2025\/07\/bls09816-avec-accentuation-bruit-scaled.jpg 1707w, https:\/\/www.forbes.be\/fr\/wp-content\/uploads\/2025\/07\/bls09816-avec-accentuation-bruit-200x300.jpg 200w, https:\/\/www.forbes.be\/fr\/wp-content\/uploads\/2025\/07\/bls09816-avec-accentuation-bruit-683x1024.jpg 683w, https:\/\/www.forbes.be\/fr\/wp-content\/uploads\/2025\/07\/bls09816-avec-accentuation-bruit-768x1152.jpg 768w, https:\/\/www.forbes.be\/fr\/wp-content\/uploads\/2025\/07\/bls09816-avec-accentuation-bruit-1024x1536.jpg 1024w, https:\/\/www.forbes.be\/fr\/wp-content\/uploads\/2025\/07\/bls09816-avec-accentuation-bruit-1365x2048.jpg 1365w, https:\/\/www.forbes.be\/fr\/wp-content\/uploads\/2025\/07\/bls09816-avec-accentuation-bruit-696x1044.jpg 696w, https:\/\/www.forbes.be\/fr\/wp-content\/uploads\/2025\/07\/bls09816-avec-accentuation-bruit-1068x1602.jpg 1068w, https:\/\/www.forbes.be\/fr\/wp-content\/uploads\/2025\/07\/bls09816-avec-accentuation-bruit-1920x2880.jpg 1920w, https:\/\/www.forbes.be\/fr\/wp-content\/uploads\/2025\/07\/bls09816-avec-accentuation-bruit-600x900.jpg 600w\" sizes=\"auto, (max-width: 1707px) 100vw, 1707px\" \/><figcaption id=\"caption-attachment-11621\" class=\"wp-caption-text\">\u00a9 DR<\/figcaption><\/figure>\n<p>Dans le miroir, il ne voit plus seulement une coupe, il voit un syst\u00e8me qui prend forme.<\/p>\n","protected":false},"excerpt":{"rendered":"<p>\u00c0 33 ans, Mathieu Nayis pilote dix salons de coiffure en Belgique dans un mod\u00e8le qu\u2019il affine et pr\u00e9pare d\u00e9j\u00e0 \u00e0 l\u2019\u00e9chelle sup\u00e9rieure. Il vise une structuration de son r\u00e9seau avec un d\u00e9veloppement de franchises en Belgique et \u00e0 l\u2019international. \u00c0 terme, un cinqui\u00e8me lui appartiendra en direct, les autres seront en franchise. L\u2019objectif est [&hellip;]<\/p>\n","protected":false},"author":18,"featured_media":11617,"comment_status":"closed","ping_status":"closed","sticky":false,"template":"","format":"standard","meta":{"_acf_changed":false,"inline_featured_image":false,"footnotes":""},"categories":[19],"tags":[],"class_list":{"0":"post-11616","1":"post","2":"type-post","3":"status-publish","4":"format-standard","5":"has-post-thumbnail","7":"category-entrepreneurs"},"acf":[],"_yoast_wpseo_title":null,"_yoast_wpseo_metadesc":"\u00c0 33 ans, Mathieu Nayis dirige un r\u00e9seau en croissance de salons de coiffure en Belgique et \u00e0 l\u2019international. Vision, RH et strat\u00e9gie entrepreneuriale : il b\u00e2tit une marque de beaut\u00e9 structur\u00e9e, pens\u00e9e pour l\u2019exp\u00e9rience client et la croissance durable.","auteur_traducteur":"","yoast_head":"<!-- This site is optimized with the Yoast SEO plugin v27.4 - https:\/\/yoast.com\/product\/yoast-seo-wordpress\/ -->\n<title>Mathieu Nayis : \u00ab\u202fVision, RH et r\u00e9seau : l\u2019architecture d\u2019une marque de coiffure\u202f\u00bb | Forbes Belgique<\/title>\n<meta name=\"description\" content=\"\u00c0 33 ans, Mathieu Nayis dirige un r\u00e9seau en croissance de salons de coiffure en Belgique et \u00e0 l\u2019international. Vision, RH et strat\u00e9gie entrepreneuriale : il b\u00e2tit une marque de beaut\u00e9 structur\u00e9e, pens\u00e9e pour l\u2019exp\u00e9rience client et la croissance durable.\" \/>\n<meta name=\"robots\" content=\"index, follow, max-snippet:-1, max-image-preview:large, max-video-preview:-1\" \/>\n<link rel=\"canonical\" href=\"https:\/\/www.forbes.be\/fr\/mathieu-nayis-vision-rh-et-reseau-larchitecture-dune-marque-de-coiffure\/\" \/>\n<meta property=\"og:locale\" content=\"fr_FR\" \/>\n<meta property=\"og:type\" content=\"article\" \/>\n<meta property=\"og:title\" content=\"Mathieu Nayis : \u00ab\u202fVision, RH et r\u00e9seau : l\u2019architecture d\u2019une marque de coiffure\u202f\u00bb | Forbes Belgique\" \/>\n<meta property=\"og:description\" content=\"\u00c0 33 ans, Mathieu Nayis dirige un r\u00e9seau en croissance de salons de coiffure en Belgique et \u00e0 l\u2019international. Vision, RH et strat\u00e9gie entrepreneuriale : il b\u00e2tit une marque de beaut\u00e9 structur\u00e9e, pens\u00e9e pour l\u2019exp\u00e9rience client et la croissance durable.\" \/>\n<meta property=\"og:url\" content=\"https:\/\/www.forbes.be\/fr\/mathieu-nayis-vision-rh-et-reseau-larchitecture-dune-marque-de-coiffure\/\" \/>\n<meta property=\"og:site_name\" content=\"Forbes Belgique\" \/>\n<meta property=\"article:publisher\" content=\"https:\/\/www.facebook.com\/forbesbelgique\/\" \/>\n<meta property=\"article:published_time\" content=\"2025-07-30T05:42:37+00:00\" \/>\n<meta property=\"article:modified_time\" content=\"2025-08-11T13:01:47+00:00\" \/>\n<meta property=\"og:image\" content=\"https:\/\/www.forbes.be\/fr\/wp-content\/uploads\/2025\/07\/6i3a5213-avec-accentuation-bruit-scaled-e1753275300968.jpg\" \/>\n\t<meta property=\"og:image:width\" content=\"1707\" \/>\n\t<meta property=\"og:image:height\" content=\"896\" \/>\n\t<meta property=\"og:image:type\" content=\"image\/jpeg\" \/>\n<meta name=\"author\" content=\"Salma Haouach\" \/>\n<meta name=\"twitter:card\" content=\"summary_large_image\" \/>\n<meta name=\"twitter:label1\" content=\"\u00c9crit par\" \/>\n\t<meta name=\"twitter:data1\" content=\"Salma Haouach\" \/>\n\t<meta name=\"twitter:label2\" content=\"Dur\u00e9e de lecture estim\u00e9e\" \/>\n\t<meta name=\"twitter:data2\" content=\"4 minutes\" \/>\n<script type=\"application\/ld+json\" class=\"yoast-schema-graph\">{\"@context\":\"https:\\\/\\\/schema.org\",\"@graph\":[{\"@type\":\"NewsArticle\",\"@id\":\"https:\\\/\\\/www.forbes.be\\\/fr\\\/mathieu-nayis-vision-rh-et-reseau-larchitecture-dune-marque-de-coiffure\\\/#article\",\"isPartOf\":{\"@id\":\"https:\\\/\\\/www.forbes.be\\\/fr\\\/mathieu-nayis-vision-rh-et-reseau-larchitecture-dune-marque-de-coiffure\\\/\"},\"author\":{\"name\":\"Salma Haouach\",\"@id\":\"https:\\\/\\\/www.forbes.be\\\/fr\\\/#\\\/schema\\\/person\\\/d149518123a5b0991913625dbefb2a1f\"},\"headline\":\"Mathieu Nayis : \u00ab\u202fVision, RH et r\u00e9seau : l\u2019architecture d\u2019une marque de coiffure\u202f\u00bb\",\"datePublished\":\"2025-07-30T05:42:37+00:00\",\"dateModified\":\"2025-08-11T13:01:47+00:00\",\"mainEntityOfPage\":{\"@id\":\"https:\\\/\\\/www.forbes.be\\\/fr\\\/mathieu-nayis-vision-rh-et-reseau-larchitecture-dune-marque-de-coiffure\\\/\"},\"wordCount\":708,\"publisher\":{\"@id\":\"https:\\\/\\\/www.forbes.be\\\/fr\\\/#organization\"},\"image\":{\"@id\":\"https:\\\/\\\/www.forbes.be\\\/fr\\\/mathieu-nayis-vision-rh-et-reseau-larchitecture-dune-marque-de-coiffure\\\/#primaryimage\"},\"thumbnailUrl\":\"https:\\\/\\\/www.forbes.be\\\/fr\\\/wp-content\\\/uploads\\\/2025\\\/07\\\/6i3a5213-avec-accentuation-bruit-scaled-e1753275300968.jpg\",\"articleSection\":[\"Entrepreneurs\"],\"inLanguage\":\"fr-FR\"},{\"@type\":\"WebPage\",\"@id\":\"https:\\\/\\\/www.forbes.be\\\/fr\\\/mathieu-nayis-vision-rh-et-reseau-larchitecture-dune-marque-de-coiffure\\\/\",\"url\":\"https:\\\/\\\/www.forbes.be\\\/fr\\\/mathieu-nayis-vision-rh-et-reseau-larchitecture-dune-marque-de-coiffure\\\/\",\"name\":\"Mathieu Nayis : \u00ab\u202fVision, RH et r\u00e9seau : l\u2019architecture d\u2019une marque de coiffure\u202f\u00bb | Forbes Belgique\",\"isPartOf\":{\"@id\":\"https:\\\/\\\/www.forbes.be\\\/fr\\\/#website\"},\"primaryImageOfPage\":{\"@id\":\"https:\\\/\\\/www.forbes.be\\\/fr\\\/mathieu-nayis-vision-rh-et-reseau-larchitecture-dune-marque-de-coiffure\\\/#primaryimage\"},\"image\":{\"@id\":\"https:\\\/\\\/www.forbes.be\\\/fr\\\/mathieu-nayis-vision-rh-et-reseau-larchitecture-dune-marque-de-coiffure\\\/#primaryimage\"},\"thumbnailUrl\":\"https:\\\/\\\/www.forbes.be\\\/fr\\\/wp-content\\\/uploads\\\/2025\\\/07\\\/6i3a5213-avec-accentuation-bruit-scaled-e1753275300968.jpg\",\"datePublished\":\"2025-07-30T05:42:37+00:00\",\"dateModified\":\"2025-08-11T13:01:47+00:00\",\"description\":\"\u00c0 33 ans, Mathieu Nayis dirige un r\u00e9seau en croissance de salons de coiffure en Belgique et \u00e0 l\u2019international. Vision, RH et strat\u00e9gie entrepreneuriale : il b\u00e2tit une marque de beaut\u00e9 structur\u00e9e, pens\u00e9e pour l\u2019exp\u00e9rience client et la croissance durable.\",\"breadcrumb\":{\"@id\":\"https:\\\/\\\/www.forbes.be\\\/fr\\\/mathieu-nayis-vision-rh-et-reseau-larchitecture-dune-marque-de-coiffure\\\/#breadcrumb\"},\"inLanguage\":\"fr-FR\",\"potentialAction\":[{\"@type\":\"ReadAction\",\"target\":[\"https:\\\/\\\/www.forbes.be\\\/fr\\\/mathieu-nayis-vision-rh-et-reseau-larchitecture-dune-marque-de-coiffure\\\/\"]}]},{\"@type\":\"ImageObject\",\"inLanguage\":\"fr-FR\",\"@id\":\"https:\\\/\\\/www.forbes.be\\\/fr\\\/mathieu-nayis-vision-rh-et-reseau-larchitecture-dune-marque-de-coiffure\\\/#primaryimage\",\"url\":\"https:\\\/\\\/www.forbes.be\\\/fr\\\/wp-content\\\/uploads\\\/2025\\\/07\\\/6i3a5213-avec-accentuation-bruit-scaled-e1753275300968.jpg\",\"contentUrl\":\"https:\\\/\\\/www.forbes.be\\\/fr\\\/wp-content\\\/uploads\\\/2025\\\/07\\\/6i3a5213-avec-accentuation-bruit-scaled-e1753275300968.jpg\",\"width\":1707,\"height\":896,\"caption\":\"Mathieu Nayis \u00a9 Antonin Weber Photographie\"},{\"@type\":\"BreadcrumbList\",\"@id\":\"https:\\\/\\\/www.forbes.be\\\/fr\\\/mathieu-nayis-vision-rh-et-reseau-larchitecture-dune-marque-de-coiffure\\\/#breadcrumb\",\"itemListElement\":[{\"@type\":\"ListItem\",\"position\":1,\"name\":\"Accueil\",\"item\":\"https:\\\/\\\/www.forbes.be\\\/fr\\\/\"},{\"@type\":\"ListItem\",\"position\":2,\"name\":\"Mathieu Nayis : \u00ab\u202fVision, RH et r\u00e9seau : l\u2019architecture d\u2019une marque de coiffure\u202f\u00bb\"}]},{\"@type\":\"WebSite\",\"@id\":\"https:\\\/\\\/www.forbes.be\\\/fr\\\/#website\",\"url\":\"https:\\\/\\\/www.forbes.be\\\/fr\\\/\",\"name\":\"Forbes Belgique\",\"description\":\"\",\"publisher\":{\"@id\":\"https:\\\/\\\/www.forbes.be\\\/fr\\\/#organization\"},\"potentialAction\":[{\"@type\":\"SearchAction\",\"target\":{\"@type\":\"EntryPoint\",\"urlTemplate\":\"https:\\\/\\\/www.forbes.be\\\/fr\\\/?s={search_term_string}\"},\"query-input\":{\"@type\":\"PropertyValueSpecification\",\"valueRequired\":true,\"valueName\":\"search_term_string\"}}],\"inLanguage\":\"fr-FR\"},{\"@type\":\"Organization\",\"@id\":\"https:\\\/\\\/www.forbes.be\\\/fr\\\/#organization\",\"name\":\"Forbes Belgique\",\"url\":\"https:\\\/\\\/www.forbes.be\\\/fr\\\/\",\"logo\":{\"@type\":\"ImageObject\",\"inLanguage\":\"fr-FR\",\"@id\":\"https:\\\/\\\/www.forbes.be\\\/fr\\\/#\\\/schema\\\/logo\\\/image\\\/\",\"url\":\"https:\\\/\\\/www.forbes.be\\\/fr\\\/wp-content\\\/uploads\\\/2024\\\/02\\\/forbes.be_.png\",\"contentUrl\":\"https:\\\/\\\/www.forbes.be\\\/fr\\\/wp-content\\\/uploads\\\/2024\\\/02\\\/forbes.be_.png\",\"width\":1200,\"height\":675,\"caption\":\"Forbes Belgique\"},\"image\":{\"@id\":\"https:\\\/\\\/www.forbes.be\\\/fr\\\/#\\\/schema\\\/logo\\\/image\\\/\"},\"sameAs\":[\"https:\\\/\\\/www.facebook.com\\\/forbesbelgique\\\/\",\"https:\\\/\\\/www.instagram.com\\\/Forbes_Belgium\",\"https:\\\/\\\/www.linkedin.com\\\/company\\\/forbes-belgium\\\/\"]},{\"@type\":\"Person\",\"@id\":\"https:\\\/\\\/www.forbes.be\\\/fr\\\/#\\\/schema\\\/person\\\/d149518123a5b0991913625dbefb2a1f\",\"name\":\"Salma Haouach\",\"image\":{\"@type\":\"ImageObject\",\"inLanguage\":\"fr-FR\",\"@id\":\"https:\\\/\\\/www.forbes.be\\\/fr\\\/wp-content\\\/uploads\\\/2024\\\/02\\\/1698578162981-150x150.jpeg\",\"url\":\"https:\\\/\\\/www.forbes.be\\\/fr\\\/wp-content\\\/uploads\\\/2024\\\/02\\\/1698578162981-150x150.jpeg\",\"contentUrl\":\"https:\\\/\\\/www.forbes.be\\\/fr\\\/wp-content\\\/uploads\\\/2024\\\/02\\\/1698578162981-150x150.jpeg\",\"caption\":\"Salma Haouach\"},\"description\":\"De formation ing\u00e9nieure de gestion de Solvay en 2001, major finance, Salma Haouach a d\u00e9marr\u00e9 sa carri\u00e8re dans le secteur financier avant de travailler dans l\u2019ing\u00e9nierie marketing et la communication strat\u00e9gique \u00e0 Valencia, Casablanca, Bordeaux et Le Havre avant de revenir \u00e0 Bruxelles il y\u2019a 10 ans et poursuivre sa carri\u00e8re dans le conseil en strat\u00e9gie et leadership durable. Parall\u00e8lement, elle a construit une carri\u00e8re m\u00e9diatique comme chroniqueuse dans des m\u00e9dias audiovisuels nationaux \u00e0 partir de 2008 (L\u2019Express, La Premi\u00e8re, La Deux, BX1), elle a cr\u00e9\u00e9 un m\u00e9dia online d'\u00e9ducation aux m\u00e9dias (Le Lab.) puis \u00e9ditant et pr\u00e9sentant deux \u00e9missions \u00e9conomiques : Co\u00fbte que Co\u00fbte sur Bel RTL et Business Club sur LN24.\",\"url\":\"https:\\\/\\\/www.forbes.be\\\/fr\\\/author\\\/haouachsalmagmail-com\\\/\"}]}<\/script>\n<!-- \/ Yoast SEO plugin. -->","yoast_head_json":{"title":"Mathieu Nayis : \u00ab\u202fVision, RH et r\u00e9seau : l\u2019architecture d\u2019une marque de coiffure\u202f\u00bb | Forbes Belgique","description":"\u00c0 33 ans, Mathieu Nayis dirige un r\u00e9seau en croissance de salons de coiffure en Belgique et \u00e0 l\u2019international. Vision, RH et strat\u00e9gie entrepreneuriale : il b\u00e2tit une marque de beaut\u00e9 structur\u00e9e, pens\u00e9e pour l\u2019exp\u00e9rience client et la croissance durable.","robots":{"index":"index","follow":"follow","max-snippet":"max-snippet:-1","max-image-preview":"max-image-preview:large","max-video-preview":"max-video-preview:-1"},"canonical":"https:\/\/www.forbes.be\/fr\/mathieu-nayis-vision-rh-et-reseau-larchitecture-dune-marque-de-coiffure\/","og_locale":"fr_FR","og_type":"article","og_title":"Mathieu Nayis : \u00ab\u202fVision, RH et r\u00e9seau : l\u2019architecture d\u2019une marque de coiffure\u202f\u00bb | Forbes Belgique","og_description":"\u00c0 33 ans, Mathieu Nayis dirige un r\u00e9seau en croissance de salons de coiffure en Belgique et \u00e0 l\u2019international. Vision, RH et strat\u00e9gie entrepreneuriale : il b\u00e2tit une marque de beaut\u00e9 structur\u00e9e, pens\u00e9e pour l\u2019exp\u00e9rience client et la croissance durable.","og_url":"https:\/\/www.forbes.be\/fr\/mathieu-nayis-vision-rh-et-reseau-larchitecture-dune-marque-de-coiffure\/","og_site_name":"Forbes Belgique","article_publisher":"https:\/\/www.facebook.com\/forbesbelgique\/","article_published_time":"2025-07-30T05:42:37+00:00","article_modified_time":"2025-08-11T13:01:47+00:00","og_image":[{"width":1707,"height":896,"url":"https:\/\/www.forbes.be\/fr\/wp-content\/uploads\/2025\/07\/6i3a5213-avec-accentuation-bruit-scaled-e1753275300968.jpg","type":"image\/jpeg"}],"author":"Salma Haouach","twitter_card":"summary_large_image","twitter_misc":{"\u00c9crit par":"Salma Haouach","Dur\u00e9e de lecture estim\u00e9e":"4 minutes"},"schema":{"@context":"https:\/\/schema.org","@graph":[{"@type":"NewsArticle","@id":"https:\/\/www.forbes.be\/fr\/mathieu-nayis-vision-rh-et-reseau-larchitecture-dune-marque-de-coiffure\/#article","isPartOf":{"@id":"https:\/\/www.forbes.be\/fr\/mathieu-nayis-vision-rh-et-reseau-larchitecture-dune-marque-de-coiffure\/"},"author":{"name":"Salma Haouach","@id":"https:\/\/www.forbes.be\/fr\/#\/schema\/person\/d149518123a5b0991913625dbefb2a1f"},"headline":"Mathieu Nayis : \u00ab\u202fVision, RH et r\u00e9seau : l\u2019architecture d\u2019une marque de coiffure\u202f\u00bb","datePublished":"2025-07-30T05:42:37+00:00","dateModified":"2025-08-11T13:01:47+00:00","mainEntityOfPage":{"@id":"https:\/\/www.forbes.be\/fr\/mathieu-nayis-vision-rh-et-reseau-larchitecture-dune-marque-de-coiffure\/"},"wordCount":708,"publisher":{"@id":"https:\/\/www.forbes.be\/fr\/#organization"},"image":{"@id":"https:\/\/www.forbes.be\/fr\/mathieu-nayis-vision-rh-et-reseau-larchitecture-dune-marque-de-coiffure\/#primaryimage"},"thumbnailUrl":"https:\/\/www.forbes.be\/fr\/wp-content\/uploads\/2025\/07\/6i3a5213-avec-accentuation-bruit-scaled-e1753275300968.jpg","articleSection":["Entrepreneurs"],"inLanguage":"fr-FR"},{"@type":"WebPage","@id":"https:\/\/www.forbes.be\/fr\/mathieu-nayis-vision-rh-et-reseau-larchitecture-dune-marque-de-coiffure\/","url":"https:\/\/www.forbes.be\/fr\/mathieu-nayis-vision-rh-et-reseau-larchitecture-dune-marque-de-coiffure\/","name":"Mathieu Nayis : \u00ab\u202fVision, RH et r\u00e9seau : l\u2019architecture d\u2019une marque de coiffure\u202f\u00bb | Forbes Belgique","isPartOf":{"@id":"https:\/\/www.forbes.be\/fr\/#website"},"primaryImageOfPage":{"@id":"https:\/\/www.forbes.be\/fr\/mathieu-nayis-vision-rh-et-reseau-larchitecture-dune-marque-de-coiffure\/#primaryimage"},"image":{"@id":"https:\/\/www.forbes.be\/fr\/mathieu-nayis-vision-rh-et-reseau-larchitecture-dune-marque-de-coiffure\/#primaryimage"},"thumbnailUrl":"https:\/\/www.forbes.be\/fr\/wp-content\/uploads\/2025\/07\/6i3a5213-avec-accentuation-bruit-scaled-e1753275300968.jpg","datePublished":"2025-07-30T05:42:37+00:00","dateModified":"2025-08-11T13:01:47+00:00","description":"\u00c0 33 ans, Mathieu Nayis dirige un r\u00e9seau en croissance de salons de coiffure en Belgique et \u00e0 l\u2019international. Vision, RH et strat\u00e9gie entrepreneuriale : il b\u00e2tit une marque de beaut\u00e9 structur\u00e9e, pens\u00e9e pour l\u2019exp\u00e9rience client et la croissance durable.","breadcrumb":{"@id":"https:\/\/www.forbes.be\/fr\/mathieu-nayis-vision-rh-et-reseau-larchitecture-dune-marque-de-coiffure\/#breadcrumb"},"inLanguage":"fr-FR","potentialAction":[{"@type":"ReadAction","target":["https:\/\/www.forbes.be\/fr\/mathieu-nayis-vision-rh-et-reseau-larchitecture-dune-marque-de-coiffure\/"]}]},{"@type":"ImageObject","inLanguage":"fr-FR","@id":"https:\/\/www.forbes.be\/fr\/mathieu-nayis-vision-rh-et-reseau-larchitecture-dune-marque-de-coiffure\/#primaryimage","url":"https:\/\/www.forbes.be\/fr\/wp-content\/uploads\/2025\/07\/6i3a5213-avec-accentuation-bruit-scaled-e1753275300968.jpg","contentUrl":"https:\/\/www.forbes.be\/fr\/wp-content\/uploads\/2025\/07\/6i3a5213-avec-accentuation-bruit-scaled-e1753275300968.jpg","width":1707,"height":896,"caption":"Mathieu Nayis \u00a9 Antonin Weber Photographie"},{"@type":"BreadcrumbList","@id":"https:\/\/www.forbes.be\/fr\/mathieu-nayis-vision-rh-et-reseau-larchitecture-dune-marque-de-coiffure\/#breadcrumb","itemListElement":[{"@type":"ListItem","position":1,"name":"Accueil","item":"https:\/\/www.forbes.be\/fr\/"},{"@type":"ListItem","position":2,"name":"Mathieu Nayis : \u00ab\u202fVision, RH et r\u00e9seau : l\u2019architecture d\u2019une marque de coiffure\u202f\u00bb"}]},{"@type":"WebSite","@id":"https:\/\/www.forbes.be\/fr\/#website","url":"https:\/\/www.forbes.be\/fr\/","name":"Forbes Belgique","description":"","publisher":{"@id":"https:\/\/www.forbes.be\/fr\/#organization"},"potentialAction":[{"@type":"SearchAction","target":{"@type":"EntryPoint","urlTemplate":"https:\/\/www.forbes.be\/fr\/?s={search_term_string}"},"query-input":{"@type":"PropertyValueSpecification","valueRequired":true,"valueName":"search_term_string"}}],"inLanguage":"fr-FR"},{"@type":"Organization","@id":"https:\/\/www.forbes.be\/fr\/#organization","name":"Forbes Belgique","url":"https:\/\/www.forbes.be\/fr\/","logo":{"@type":"ImageObject","inLanguage":"fr-FR","@id":"https:\/\/www.forbes.be\/fr\/#\/schema\/logo\/image\/","url":"https:\/\/www.forbes.be\/fr\/wp-content\/uploads\/2024\/02\/forbes.be_.png","contentUrl":"https:\/\/www.forbes.be\/fr\/wp-content\/uploads\/2024\/02\/forbes.be_.png","width":1200,"height":675,"caption":"Forbes Belgique"},"image":{"@id":"https:\/\/www.forbes.be\/fr\/#\/schema\/logo\/image\/"},"sameAs":["https:\/\/www.facebook.com\/forbesbelgique\/","https:\/\/www.instagram.com\/Forbes_Belgium","https:\/\/www.linkedin.com\/company\/forbes-belgium\/"]},{"@type":"Person","@id":"https:\/\/www.forbes.be\/fr\/#\/schema\/person\/d149518123a5b0991913625dbefb2a1f","name":"Salma Haouach","image":{"@type":"ImageObject","inLanguage":"fr-FR","@id":"https:\/\/www.forbes.be\/fr\/wp-content\/uploads\/2024\/02\/1698578162981-150x150.jpeg","url":"https:\/\/www.forbes.be\/fr\/wp-content\/uploads\/2024\/02\/1698578162981-150x150.jpeg","contentUrl":"https:\/\/www.forbes.be\/fr\/wp-content\/uploads\/2024\/02\/1698578162981-150x150.jpeg","caption":"Salma Haouach"},"description":"De formation ing\u00e9nieure de gestion de Solvay en 2001, major finance, Salma Haouach a d\u00e9marr\u00e9 sa carri\u00e8re dans le secteur financier avant de travailler dans l\u2019ing\u00e9nierie marketing et la communication strat\u00e9gique \u00e0 Valencia, Casablanca, Bordeaux et Le Havre avant de revenir \u00e0 Bruxelles il y\u2019a 10 ans et poursuivre sa carri\u00e8re dans le conseil en strat\u00e9gie et leadership durable. Parall\u00e8lement, elle a construit une carri\u00e8re m\u00e9diatique comme chroniqueuse dans des m\u00e9dias audiovisuels nationaux \u00e0 partir de 2008 (L\u2019Express, La Premi\u00e8re, La Deux, BX1), elle a cr\u00e9\u00e9 un m\u00e9dia online d'\u00e9ducation aux m\u00e9dias (Le Lab.) puis \u00e9ditant et pr\u00e9sentant deux \u00e9missions \u00e9conomiques : Co\u00fbte que Co\u00fbte sur Bel RTL et Business Club sur LN24.","url":"https:\/\/www.forbes.be\/fr\/author\/haouachsalmagmail-com\/"}]}},"_links":{"self":[{"href":"https:\/\/www.forbes.be\/fr\/wp-json\/wp\/v2\/posts\/11616","targetHints":{"allow":["GET"]}}],"collection":[{"href":"https:\/\/www.forbes.be\/fr\/wp-json\/wp\/v2\/posts"}],"about":[{"href":"https:\/\/www.forbes.be\/fr\/wp-json\/wp\/v2\/types\/post"}],"author":[{"embeddable":true,"href":"https:\/\/www.forbes.be\/fr\/wp-json\/wp\/v2\/users\/18"}],"replies":[{"embeddable":true,"href":"https:\/\/www.forbes.be\/fr\/wp-json\/wp\/v2\/comments?post=11616"}],"version-history":[{"count":5,"href":"https:\/\/www.forbes.be\/fr\/wp-json\/wp\/v2\/posts\/11616\/revisions"}],"predecessor-version":[{"id":11811,"href":"https:\/\/www.forbes.be\/fr\/wp-json\/wp\/v2\/posts\/11616\/revisions\/11811"}],"wp:featuredmedia":[{"embeddable":true,"href":"https:\/\/www.forbes.be\/fr\/wp-json\/wp\/v2\/media\/11617"}],"wp:attachment":[{"href":"https:\/\/www.forbes.be\/fr\/wp-json\/wp\/v2\/media?parent=11616"}],"wp:term":[{"taxonomy":"category","embeddable":true,"href":"https:\/\/www.forbes.be\/fr\/wp-json\/wp\/v2\/categories?post=11616"},{"taxonomy":"post_tag","embeddable":true,"href":"https:\/\/www.forbes.be\/fr\/wp-json\/wp\/v2\/tags?post=11616"}],"curies":[{"name":"wp","href":"https:\/\/api.w.org\/{rel}","templated":true}]}}