{"id":11642,"date":"2025-07-28T10:03:50","date_gmt":"2025-07-28T08:03:50","guid":{"rendered":"https:\/\/www.forbes.be\/fr\/?p=11642"},"modified":"2025-07-30T10:13:33","modified_gmt":"2025-07-30T08:13:33","slug":"croissance-marche-declin-secteur-cuisine","status":"publish","type":"post","link":"https:\/\/www.forbes.be\/fr\/croissance-marche-declin-secteur-cuisine\/","title":{"rendered":"Croissance dans un march\u00e9 en d\u00e9clin : ce qui fonctionne (et ce qui ne fonctionne pas) dans le secteur de la cuisine"},"content":{"rendered":"<p><strong>De nombreux d\u00e9taillants du secteur de la cuisine ont vu leurs ventes chuter au premier semestre 2025 : en moyenne de 5% par rapport \u00e0 l&rsquo;ann\u00e9e pr\u00e9c\u00e9dente. Pourtant, certains acteurs ont r\u00e9ussi \u00e0 cro\u00eetre \u00e0 contre-courant de la tendance, ce qui soul\u00e8ve la question : que font-ils diff\u00e9remment ? Quels choix font-ils en mati\u00e8re de communication, de positionnement et d&rsquo;exp\u00e9rience en magasin pour rester pertinents ?<\/strong><\/p>\n<p>Les consommateurs reportent les achats importants en raison de l&rsquo;inflation, de la hausse des taux d&rsquo;int\u00e9r\u00eat et de l&rsquo;incertitude \u00e9conomique. La reprise du march\u00e9 immobilier est prudente, ce qui a un impact direct sur les projets de construction et de r\u00e9novation. Mais le consommateur a \u00e9galement chang\u00e9. Lorsque Isabelle Vermeir est arriv\u00e9e \u00e0 la t\u00eate de la soci\u00e9t\u00e9 de cuisines Ixina il y a trois ans, sa mission \u00e9tait claire : redynamiser la marque. Avec succ\u00e8s : la cha\u00eene a enregistr\u00e9 une croissance de pr\u00e8s de 7% de son chiffre d&rsquo;affaires apr\u00e8s six mois. Les chiffres d&rsquo;aujourd&rsquo;hui prouvent que sa strat\u00e9gie a non seulement \u00e9t\u00e9 r\u00e9fl\u00e9chie, mais surtout efficace. Que peuvent apprendre d&rsquo;autres d\u00e9taillants de cette approche ? Et comment s&rsquo;adapter en tant que marque sur un march\u00e9 en mutation rapide ?<\/p>\n<h2>Strat\u00e9gie de niveaux de prix<\/h2>\n<p>Transparence est plus importante que jamais, souligne Isabelle Vermeir. Lors de son arriv\u00e9e chez Ixina, l&rsquo;un de ses premiers objectifs \u00e9tait de rendre la marque plus accessible \u00e0 un public plus large. &lsquo;Ixina n&rsquo;\u00e9tait pas toujours per\u00e7ue comme une marque pour tout le monde&rsquo;, dit Vermeir. &lsquo;Les consommateurs pensaient parfois que nous nous adressions surtout \u00e0 un public ais\u00e9, ce qui n&rsquo;est pas le cas.&rsquo; Pour lever cet obstacle, Ixina a introduit quatre niveaux de prix clairs, de 5 000\u20ac \u00e0 plus de 20 000\u20ac. Ainsi, les clients savent imm\u00e9diatement \u00e0 quoi s&rsquo;attendre. Une approche qui fonctionne particuli\u00e8rement bien \u00e0 une \u00e9poque o\u00f9 les consommateurs r\u00e9fl\u00e9chissent soigneusement \u00e0 leurs grosses d\u00e9penses. &lsquo;Nous communiquons tr\u00e8s clairement sur ce qui est inclus dans le prix : installation, service, TVA. Pas de petites lignes. Les gens veulent savoir \u00e0 quoi s&rsquo;attendre, surtout en cette p\u00e9riode.\u2019<\/p>\n<h2>Pas d&rsquo;attente<\/h2>\n<p>Outre une communication claire, Ixina a beaucoup investi ces derni\u00e8res ann\u00e9es dans sa pr\u00e9sence locale. Les magasins physiques sont devenus une sorte de combinaison entre showroom et lieu de rencontre. \u2018Apr\u00e8s le COVID, nous avons constat\u00e9 que se contenter d&rsquo;attendre l&rsquo;arriv\u00e9e du client ne fonctionnait plus. Nous avons donc franchi nous-m\u00eames le pas. Nos franchis\u00e9s connaissent leur r\u00e9gion par c\u0153ur. Ils organisent des \u00e9v\u00e9nements afterwork, collaborent avec des brasseurs locaux, des chocolatiers ou des chefs. Ainsi, Ixina devient visible comme faisant partie du quartier.\u2019 Cette approche porte ses fruits. Certains magasins accueillent lors de ces afterworks plus de cent visiteurs. Non pas pour leur vendre imm\u00e9diatement une cuisine, mais pour rendre la marque plus accessible et faire conna\u00eetre notre offre. \u2018Si, plus tard, ils ont besoin d&rsquo;une cuisine, ils sauront o\u00f9 aller\u2019, explique Vermeir. \u2018C&rsquo;est une pure construction de relation \u00e0 long terme.\u2019<\/p>\n<h2>L&rsquo;impact de l&rsquo;inflation<\/h2>\n<p>Parall\u00e8lement, le comportement des consommateurs \u00e9volue aussi. Si les restaurants et les d\u00e9penses de luxe sont sous pression, la cuisine reste un endroit o\u00f9 les gens veulent investir. \u2018Les gens cuisinent \u00e0 nouveau plus souvent \u00e0 la maison. La cuisine n&rsquo;est pas seulement un espace fonctionnel, c&rsquo;est le c\u0153ur de la maison. L\u00e0 o\u00f9 l&rsquo;on travaille, mange, vit. En p\u00e9riode de crise, cet endroit devient plus important que jamais.\u2019 Bien que les clients soient plus sensibles aux prix qu&rsquo;avant, Vermeir ne voit pas qu&rsquo;ils abandonnent massivement. Ils choisissent simplement diff\u00e9remment : de mani\u00e8re plus consciente, avec un budget serr\u00e9, mais en privil\u00e9giant la qualit\u00e9 et le confort.<\/p>\n<h2>Durabilit\u00e9 et humanit\u00e9<\/h2>\n<p>La durabilit\u00e9 est aussi un th\u00e8me de plus en plus important pour le consommateur, m\u00eame si ce n&rsquo;est pas toujours le premier crit\u00e8re de s\u00e9lection. \u2018Nous constatons que les clients posent de plus en plus de questions sur les mat\u00e9riaux, les essences de bois, les colles. Nous travaillons sur de meilleurs processus, choisissons de mani\u00e8re plus consciente et essayons de compenser l&#8217;empreinte \u00e9cologique gr\u00e2ce \u00e0 des initiatives. Nous n&rsquo;y sommes pas encore mais nous avan\u00e7ons.\u2019 Outre les choix de mat\u00e9riaux, Vermeir souligne un autre facteur de durabilit\u00e9 souvent sous-estim\u00e9 : le service. \u2018Les consommateurs s&rsquo;attendent \u00e0 ce que vous restiez joignable apr\u00e8s l&rsquo;achat. Si quelque chose ne va pas, ils veulent une solution rapide. Cette confiance est essentielle.\u2019<\/p>\n<h2>L&rsquo;importance du local<\/h2>\n<p>Bien que la phase d&rsquo;orientation se d\u00e9roule plus que jamais en ligne (via Google, <a href=\"https:\/\/www.forbes.be\/nl\/zo-kopen-jongeren-anno-2025-volgens-social-media-expert-jasper-dockx-de-klassieke-marketingfunnel-is-irrelevant\/\" target=\"_blank\" rel=\"noopener\">les r\u00e9seaux sociaux<\/a> ou les campagnes), le showroom avec des \u00e9l\u00e9ments locaux reste indispensable. \u2018Vous pouvez voir beaucoup de choses en ligne, mais les mat\u00e9riaux, les couleurs, et les textures, vous devez les toucher. Le canal digital amorce, le magasin offre l&rsquo;exp\u00e9rience.\u2019 Et cette exp\u00e9rience doit r\u00e9pondre aux attentes du client, peu importe son lieu de r\u00e9sidence. Ce qui fonctionne \u00e0 Li\u00e8ge ne fonctionne pas n\u00e9cessairement en Flandre Occidentale. \u2018Nous donnons \u00e0 nos franchis\u00e9s la libert\u00e9 de s&rsquo;adapter \u00e0 leur r\u00e9gion. Une maison de campagne n\u00e9cessite une approche diff\u00e9rente d&rsquo;un appartement en ville. Cette sensibilit\u00e9 locale est essentielle.\u2019<\/p>\n<h2>Moins d\u00e9pendant des cycles immobiliers<\/h2>\n<p>Bien que les ventes de cuisines soient traditionnellement li\u00e9es aux cycles de d\u00e9m\u00e9nagement et de r\u00e9novation, Ixina essaye de s&rsquo;en distancer partiellement. \u2018Il est vrai que le march\u00e9 immobilier se redresse, et cela aide certainement. Mais nous remarquons aussi que les gens changent plus rapidement de cuisine. Plus pour la vie, mais pour 20 ans ou moins. Et les tendances \u00e9voluent plus vite qu&rsquo;avant : couleurs pastel, coins arrondis, accents de bois.\u2019 Pour r\u00e9pondre \u00e0 cela, Ixina \u00e9largit son offre vers \u2018more than kitchen\u2019 : armoires, dressings, meubles TV dans le m\u00eame style que la cuisine, pour \u00e9tendre l&rsquo;univers dans les autres espaces de vie.<\/p>\n<h2>Le danger de la stagnation<\/h2>\n<p>Pourquoi certains acteurs du secteur de la cuisine n&rsquo;arrivent-ils pas \u00e0 g\u00e9n\u00e9rer cette croissance et ce revirement ? Selon Vermeir, cela est souvent d\u00fb \u00e0 un manque d&rsquo;autor\u00e9flexion. \u2018Vous ne pouvez pas continuer \u00e0 faire ce que vous faisiez il y a cinq ou dix ans. Les attentes ont chang\u00e9, les clients pensent diff\u00e9remment. Les marques doivent constamment se remettre en question.\u2019 Elle pointe \u00e9galement la force du mod\u00e8le de franchise, qui stimule l&rsquo;entrepreneuriat au niveau local. \u2018Nos franchis\u00e9s sont extr\u00eamement investis dans leur magasin. Cet engagement fait la diff\u00e9rence.\u2019<\/p>\n<h2>Une croissance ambitieuse<\/h2>\n<p>En plus de l&rsquo;augmentation des chiffres de vente, le r\u00e9seau d&rsquo;Ixina continue de s&rsquo;\u00e9tendre. En 2025, au moins trois nouveaux magasins ouvriront, avec l&rsquo;ambition d&rsquo;\u00eatre pr\u00e9sents dans chaque r\u00e9gion. \u2018Nous voulons que chaque personne en Belgique ait une Ixina \u00e0 proximit\u00e9\u2019, conclut Vermeir. \u2018La force r\u00e9side dans la combinaison de personnes talentueuses, de choix judicieux et d&rsquo;une histoire qui tient la route. Et c&rsquo;est l\u00e0 que nous continuons \u00e0 investir.\u2019<\/p>\n","protected":false},"excerpt":{"rendered":"<p>De nombreux d\u00e9taillants du secteur de la cuisine ont vu leurs ventes chuter au premier semestre 2025 : en moyenne de 5 % par rapport \u00e0 l&rsquo;ann\u00e9e pr\u00e9c\u00e9dente. Pourtant, certains acteurs ont r\u00e9ussi \u00e0 cro\u00eetre \u00e0 contre-courant de la tendance, ce qui soul\u00e8ve la question : que font-ils diff\u00e9remment ? Quels choix font-ils en mati\u00e8re de communication, de positionnement et d&rsquo;exp\u00e9rience en magasin pour rester pertinents ?<\/p>\n","protected":false},"author":13,"featured_media":11641,"comment_status":"closed","ping_status":"closed","sticky":false,"template":"","format":"standard","meta":{"_acf_changed":false,"inline_featured_image":false,"footnotes":""},"categories":[1,30,75],"tags":[],"class_list":{"0":"post-11642","1":"post","2":"type-post","3":"status-publish","4":"format-standard","5":"has-post-thumbnail","7":"category-actualite","8":"category-commerce","9":"category-entreprise"},"acf":[],"_yoast_wpseo_title":"Croissance dans le secteur de la cuisine : strat\u00e9gies gagnantes et \u00e0 \u00e9viter","_yoast_wpseo_metadesc":"D\u00e9couvrez comment des d\u00e9taillants se d\u00e9veloppent dans un march\u00e9 en baisse gr\u00e2ce \u00e0 des strat\u00e9gies de communication, de positionnement et d'exp\u00e9rience client.","auteur_traducteur":"","yoast_head":"<!-- This site is optimized with the Yoast SEO plugin v27.4 - https:\/\/yoast.com\/product\/yoast-seo-wordpress\/ -->\n<title>Croissance dans le secteur de la cuisine : strat\u00e9gies gagnantes et \u00e0 \u00e9viter<\/title>\n<meta name=\"description\" content=\"D\u00e9couvrez comment des d\u00e9taillants se d\u00e9veloppent dans un march\u00e9 en baisse gr\u00e2ce \u00e0 des strat\u00e9gies de communication, de positionnement et d&#039;exp\u00e9rience client.\" \/>\n<meta name=\"robots\" content=\"index, follow, max-snippet:-1, max-image-preview:large, max-video-preview:-1\" \/>\n<link rel=\"canonical\" href=\"https:\/\/www.forbes.be\/fr\/croissance-marche-declin-secteur-cuisine\/\" \/>\n<meta property=\"og:locale\" content=\"fr_FR\" \/>\n<meta property=\"og:type\" content=\"article\" \/>\n<meta property=\"og:title\" content=\"Croissance dans le secteur de la cuisine : strat\u00e9gies gagnantes et \u00e0 \u00e9viter\" \/>\n<meta property=\"og:description\" content=\"D\u00e9couvrez comment des d\u00e9taillants se d\u00e9veloppent dans un march\u00e9 en baisse gr\u00e2ce \u00e0 des strat\u00e9gies de communication, de positionnement et d&#039;exp\u00e9rience client.\" \/>\n<meta property=\"og:url\" content=\"https:\/\/www.forbes.be\/fr\/croissance-marche-declin-secteur-cuisine\/\" \/>\n<meta property=\"og:site_name\" content=\"Forbes Belgique\" \/>\n<meta property=\"article:publisher\" content=\"https:\/\/www.facebook.com\/forbesbelgique\/\" \/>\n<meta property=\"article:published_time\" content=\"2025-07-28T08:03:50+00:00\" \/>\n<meta property=\"article:modified_time\" content=\"2025-07-30T08:13:33+00:00\" \/>\n<meta property=\"og:image\" content=\"https:\/\/www.forbes.be\/fr\/wp-content\/uploads\/2025\/07\/10719-isabel-vermeir-3.png\" \/>\n\t<meta property=\"og:image:width\" content=\"2500\" \/>\n\t<meta property=\"og:image:height\" content=\"1667\" \/>\n\t<meta property=\"og:image:type\" content=\"image\/png\" \/>\n<meta name=\"author\" content=\"Daphne Dorgelo\" \/>\n<meta name=\"twitter:card\" content=\"summary_large_image\" \/>\n<meta name=\"twitter:label1\" content=\"\u00c9crit par\" \/>\n\t<meta name=\"twitter:data1\" content=\"Daphne Dorgelo\" \/>\n\t<meta name=\"twitter:label2\" content=\"Dur\u00e9e de lecture estim\u00e9e\" \/>\n\t<meta name=\"twitter:data2\" content=\"6 minutes\" \/>\n<script type=\"application\/ld+json\" class=\"yoast-schema-graph\">{\"@context\":\"https:\\\/\\\/schema.org\",\"@graph\":[{\"@type\":\"NewsArticle\",\"@id\":\"https:\\\/\\\/www.forbes.be\\\/fr\\\/croissance-marche-declin-secteur-cuisine\\\/#article\",\"isPartOf\":{\"@id\":\"https:\\\/\\\/www.forbes.be\\\/fr\\\/croissance-marche-declin-secteur-cuisine\\\/\"},\"author\":{\"name\":\"Daphne Dorgelo\",\"@id\":\"https:\\\/\\\/www.forbes.be\\\/fr\\\/#\\\/schema\\\/person\\\/7d78f899f595d5e9c1eb19ffe4d36b83\"},\"headline\":\"Croissance dans un march\u00e9 en d\u00e9clin : ce qui fonctionne (et ce qui ne fonctionne pas) dans le secteur de la cuisine\",\"datePublished\":\"2025-07-28T08:03:50+00:00\",\"dateModified\":\"2025-07-30T08:13:33+00:00\",\"mainEntityOfPage\":{\"@id\":\"https:\\\/\\\/www.forbes.be\\\/fr\\\/croissance-marche-declin-secteur-cuisine\\\/\"},\"wordCount\":1188,\"publisher\":{\"@id\":\"https:\\\/\\\/www.forbes.be\\\/fr\\\/#organization\"},\"image\":{\"@id\":\"https:\\\/\\\/www.forbes.be\\\/fr\\\/croissance-marche-declin-secteur-cuisine\\\/#primaryimage\"},\"thumbnailUrl\":\"https:\\\/\\\/www.forbes.be\\\/fr\\\/wp-content\\\/uploads\\\/2025\\\/07\\\/10719-isabel-vermeir-3-e1753867292781.png\",\"articleSection\":[\"Actualit\u00e9s\",\"Commerce\",\"Entreprise\"],\"inLanguage\":\"fr-FR\"},{\"@type\":\"WebPage\",\"@id\":\"https:\\\/\\\/www.forbes.be\\\/fr\\\/croissance-marche-declin-secteur-cuisine\\\/\",\"url\":\"https:\\\/\\\/www.forbes.be\\\/fr\\\/croissance-marche-declin-secteur-cuisine\\\/\",\"name\":\"Croissance dans le secteur de la cuisine : strat\u00e9gies gagnantes et \u00e0 \u00e9viter\",\"isPartOf\":{\"@id\":\"https:\\\/\\\/www.forbes.be\\\/fr\\\/#website\"},\"primaryImageOfPage\":{\"@id\":\"https:\\\/\\\/www.forbes.be\\\/fr\\\/croissance-marche-declin-secteur-cuisine\\\/#primaryimage\"},\"image\":{\"@id\":\"https:\\\/\\\/www.forbes.be\\\/fr\\\/croissance-marche-declin-secteur-cuisine\\\/#primaryimage\"},\"thumbnailUrl\":\"https:\\\/\\\/www.forbes.be\\\/fr\\\/wp-content\\\/uploads\\\/2025\\\/07\\\/10719-isabel-vermeir-3-e1753867292781.png\",\"datePublished\":\"2025-07-28T08:03:50+00:00\",\"dateModified\":\"2025-07-30T08:13:33+00:00\",\"description\":\"D\u00e9couvrez comment des d\u00e9taillants se d\u00e9veloppent dans un march\u00e9 en baisse gr\u00e2ce \u00e0 des strat\u00e9gies de communication, de positionnement et d'exp\u00e9rience client.\",\"breadcrumb\":{\"@id\":\"https:\\\/\\\/www.forbes.be\\\/fr\\\/croissance-marche-declin-secteur-cuisine\\\/#breadcrumb\"},\"inLanguage\":\"fr-FR\",\"potentialAction\":[{\"@type\":\"ReadAction\",\"target\":[\"https:\\\/\\\/www.forbes.be\\\/fr\\\/croissance-marche-declin-secteur-cuisine\\\/\"]}]},{\"@type\":\"ImageObject\",\"inLanguage\":\"fr-FR\",\"@id\":\"https:\\\/\\\/www.forbes.be\\\/fr\\\/croissance-marche-declin-secteur-cuisine\\\/#primaryimage\",\"url\":\"https:\\\/\\\/www.forbes.be\\\/fr\\\/wp-content\\\/uploads\\\/2025\\\/07\\\/10719-isabel-vermeir-3-e1753867292781.png\",\"contentUrl\":\"https:\\\/\\\/www.forbes.be\\\/fr\\\/wp-content\\\/uploads\\\/2025\\\/07\\\/10719-isabel-vermeir-3-e1753867292781.png\",\"width\":2500,\"height\":1308,\"caption\":\"Isabelle Vermeir\"},{\"@type\":\"BreadcrumbList\",\"@id\":\"https:\\\/\\\/www.forbes.be\\\/fr\\\/croissance-marche-declin-secteur-cuisine\\\/#breadcrumb\",\"itemListElement\":[{\"@type\":\"ListItem\",\"position\":1,\"name\":\"Accueil\",\"item\":\"https:\\\/\\\/www.forbes.be\\\/fr\\\/\"},{\"@type\":\"ListItem\",\"position\":2,\"name\":\"Croissance dans un march\u00e9 en d\u00e9clin : ce qui fonctionne (et ce qui ne fonctionne pas) dans le secteur de la cuisine\"}]},{\"@type\":\"WebSite\",\"@id\":\"https:\\\/\\\/www.forbes.be\\\/fr\\\/#website\",\"url\":\"https:\\\/\\\/www.forbes.be\\\/fr\\\/\",\"name\":\"Forbes Belgique\",\"description\":\"\",\"publisher\":{\"@id\":\"https:\\\/\\\/www.forbes.be\\\/fr\\\/#organization\"},\"potentialAction\":[{\"@type\":\"SearchAction\",\"target\":{\"@type\":\"EntryPoint\",\"urlTemplate\":\"https:\\\/\\\/www.forbes.be\\\/fr\\\/?s={search_term_string}\"},\"query-input\":{\"@type\":\"PropertyValueSpecification\",\"valueRequired\":true,\"valueName\":\"search_term_string\"}}],\"inLanguage\":\"fr-FR\"},{\"@type\":\"Organization\",\"@id\":\"https:\\\/\\\/www.forbes.be\\\/fr\\\/#organization\",\"name\":\"Forbes Belgique\",\"url\":\"https:\\\/\\\/www.forbes.be\\\/fr\\\/\",\"logo\":{\"@type\":\"ImageObject\",\"inLanguage\":\"fr-FR\",\"@id\":\"https:\\\/\\\/www.forbes.be\\\/fr\\\/#\\\/schema\\\/logo\\\/image\\\/\",\"url\":\"https:\\\/\\\/www.forbes.be\\\/fr\\\/wp-content\\\/uploads\\\/2024\\\/02\\\/forbes.be_.png\",\"contentUrl\":\"https:\\\/\\\/www.forbes.be\\\/fr\\\/wp-content\\\/uploads\\\/2024\\\/02\\\/forbes.be_.png\",\"width\":1200,\"height\":675,\"caption\":\"Forbes Belgique\"},\"image\":{\"@id\":\"https:\\\/\\\/www.forbes.be\\\/fr\\\/#\\\/schema\\\/logo\\\/image\\\/\"},\"sameAs\":[\"https:\\\/\\\/www.facebook.com\\\/forbesbelgique\\\/\",\"https:\\\/\\\/www.instagram.com\\\/Forbes_Belgium\",\"https:\\\/\\\/www.linkedin.com\\\/company\\\/forbes-belgium\\\/\"]},{\"@type\":\"Person\",\"@id\":\"https:\\\/\\\/www.forbes.be\\\/fr\\\/#\\\/schema\\\/person\\\/7d78f899f595d5e9c1eb19ffe4d36b83\",\"name\":\"Daphne Dorgelo\",\"image\":{\"@type\":\"ImageObject\",\"inLanguage\":\"fr-FR\",\"@id\":\"https:\\\/\\\/www.forbes.be\\\/fr\\\/wp-content\\\/uploads\\\/2024\\\/01\\\/4B1A6779-2-scaled-e1704882544546-150x150.jpg\",\"url\":\"https:\\\/\\\/www.forbes.be\\\/fr\\\/wp-content\\\/uploads\\\/2024\\\/01\\\/4B1A6779-2-scaled-e1704882544546-150x150.jpg\",\"contentUrl\":\"https:\\\/\\\/www.forbes.be\\\/fr\\\/wp-content\\\/uploads\\\/2024\\\/01\\\/4B1A6779-2-scaled-e1704882544546-150x150.jpg\",\"caption\":\"Daphne Dorgelo\"},\"description\":\"Daphne Dorgelo (1996) travaille chaque semaine pour Forbes, o\u00f9 elle r\u00e9dige des articles sur le style de vie luxueux, le leadership, l'innovation, les tendances et, bien s\u00fbr, les entrepreneurs belges inspirants. Sa passion pour le journalisme et les m\u00e9dias s'est manifest\u00e9e d\u00e8s son plus jeune \u00e2ge. Apr\u00e8s avoir obtenu une licence en information aux Pays-Bas, elle s'est install\u00e9e dans la ville belge du diamant il y a six ans, apr\u00e8s avoir obtenu un master en journalisme \u00e0 la KU Leuven d'Anvers. Cela fait maintenant huit ans qu'elle \u00e9crit en tant que pigiste pour divers magazines, dont quatre ans pour des magazines de style de vie belges tels que L'OFFICIEL, Fifty &amp; Me et ELLE.\",\"url\":\"https:\\\/\\\/www.forbes.be\\\/fr\\\/author\\\/daphne-dorgelolofficiel-be\\\/\"}]}<\/script>\n<!-- \/ Yoast SEO plugin. -->","yoast_head_json":{"title":"Croissance dans le secteur de la cuisine : strat\u00e9gies gagnantes et \u00e0 \u00e9viter","description":"D\u00e9couvrez comment des d\u00e9taillants se d\u00e9veloppent dans un march\u00e9 en baisse gr\u00e2ce \u00e0 des strat\u00e9gies de communication, de positionnement et d'exp\u00e9rience client.","robots":{"index":"index","follow":"follow","max-snippet":"max-snippet:-1","max-image-preview":"max-image-preview:large","max-video-preview":"max-video-preview:-1"},"canonical":"https:\/\/www.forbes.be\/fr\/croissance-marche-declin-secteur-cuisine\/","og_locale":"fr_FR","og_type":"article","og_title":"Croissance dans le secteur de la cuisine : strat\u00e9gies gagnantes et \u00e0 \u00e9viter","og_description":"D\u00e9couvrez comment des d\u00e9taillants se d\u00e9veloppent dans un march\u00e9 en baisse gr\u00e2ce \u00e0 des strat\u00e9gies de communication, de positionnement et d'exp\u00e9rience client.","og_url":"https:\/\/www.forbes.be\/fr\/croissance-marche-declin-secteur-cuisine\/","og_site_name":"Forbes Belgique","article_publisher":"https:\/\/www.facebook.com\/forbesbelgique\/","article_published_time":"2025-07-28T08:03:50+00:00","article_modified_time":"2025-07-30T08:13:33+00:00","og_image":[{"width":2500,"height":1667,"url":"https:\/\/www.forbes.be\/fr\/wp-content\/uploads\/2025\/07\/10719-isabel-vermeir-3.png","type":"image\/png"}],"author":"Daphne Dorgelo","twitter_card":"summary_large_image","twitter_misc":{"\u00c9crit par":"Daphne Dorgelo","Dur\u00e9e de lecture estim\u00e9e":"6 minutes"},"schema":{"@context":"https:\/\/schema.org","@graph":[{"@type":"NewsArticle","@id":"https:\/\/www.forbes.be\/fr\/croissance-marche-declin-secteur-cuisine\/#article","isPartOf":{"@id":"https:\/\/www.forbes.be\/fr\/croissance-marche-declin-secteur-cuisine\/"},"author":{"name":"Daphne Dorgelo","@id":"https:\/\/www.forbes.be\/fr\/#\/schema\/person\/7d78f899f595d5e9c1eb19ffe4d36b83"},"headline":"Croissance dans un march\u00e9 en d\u00e9clin : ce qui fonctionne (et ce qui ne fonctionne pas) dans le secteur de la cuisine","datePublished":"2025-07-28T08:03:50+00:00","dateModified":"2025-07-30T08:13:33+00:00","mainEntityOfPage":{"@id":"https:\/\/www.forbes.be\/fr\/croissance-marche-declin-secteur-cuisine\/"},"wordCount":1188,"publisher":{"@id":"https:\/\/www.forbes.be\/fr\/#organization"},"image":{"@id":"https:\/\/www.forbes.be\/fr\/croissance-marche-declin-secteur-cuisine\/#primaryimage"},"thumbnailUrl":"https:\/\/www.forbes.be\/fr\/wp-content\/uploads\/2025\/07\/10719-isabel-vermeir-3-e1753867292781.png","articleSection":["Actualit\u00e9s","Commerce","Entreprise"],"inLanguage":"fr-FR"},{"@type":"WebPage","@id":"https:\/\/www.forbes.be\/fr\/croissance-marche-declin-secteur-cuisine\/","url":"https:\/\/www.forbes.be\/fr\/croissance-marche-declin-secteur-cuisine\/","name":"Croissance dans le secteur de la cuisine : strat\u00e9gies gagnantes et \u00e0 \u00e9viter","isPartOf":{"@id":"https:\/\/www.forbes.be\/fr\/#website"},"primaryImageOfPage":{"@id":"https:\/\/www.forbes.be\/fr\/croissance-marche-declin-secteur-cuisine\/#primaryimage"},"image":{"@id":"https:\/\/www.forbes.be\/fr\/croissance-marche-declin-secteur-cuisine\/#primaryimage"},"thumbnailUrl":"https:\/\/www.forbes.be\/fr\/wp-content\/uploads\/2025\/07\/10719-isabel-vermeir-3-e1753867292781.png","datePublished":"2025-07-28T08:03:50+00:00","dateModified":"2025-07-30T08:13:33+00:00","description":"D\u00e9couvrez comment des d\u00e9taillants se d\u00e9veloppent dans un march\u00e9 en baisse gr\u00e2ce \u00e0 des strat\u00e9gies de communication, de positionnement et d'exp\u00e9rience client.","breadcrumb":{"@id":"https:\/\/www.forbes.be\/fr\/croissance-marche-declin-secteur-cuisine\/#breadcrumb"},"inLanguage":"fr-FR","potentialAction":[{"@type":"ReadAction","target":["https:\/\/www.forbes.be\/fr\/croissance-marche-declin-secteur-cuisine\/"]}]},{"@type":"ImageObject","inLanguage":"fr-FR","@id":"https:\/\/www.forbes.be\/fr\/croissance-marche-declin-secteur-cuisine\/#primaryimage","url":"https:\/\/www.forbes.be\/fr\/wp-content\/uploads\/2025\/07\/10719-isabel-vermeir-3-e1753867292781.png","contentUrl":"https:\/\/www.forbes.be\/fr\/wp-content\/uploads\/2025\/07\/10719-isabel-vermeir-3-e1753867292781.png","width":2500,"height":1308,"caption":"Isabelle Vermeir"},{"@type":"BreadcrumbList","@id":"https:\/\/www.forbes.be\/fr\/croissance-marche-declin-secteur-cuisine\/#breadcrumb","itemListElement":[{"@type":"ListItem","position":1,"name":"Accueil","item":"https:\/\/www.forbes.be\/fr\/"},{"@type":"ListItem","position":2,"name":"Croissance dans un march\u00e9 en d\u00e9clin : ce qui fonctionne (et ce qui ne fonctionne pas) dans le secteur de la cuisine"}]},{"@type":"WebSite","@id":"https:\/\/www.forbes.be\/fr\/#website","url":"https:\/\/www.forbes.be\/fr\/","name":"Forbes Belgique","description":"","publisher":{"@id":"https:\/\/www.forbes.be\/fr\/#organization"},"potentialAction":[{"@type":"SearchAction","target":{"@type":"EntryPoint","urlTemplate":"https:\/\/www.forbes.be\/fr\/?s={search_term_string}"},"query-input":{"@type":"PropertyValueSpecification","valueRequired":true,"valueName":"search_term_string"}}],"inLanguage":"fr-FR"},{"@type":"Organization","@id":"https:\/\/www.forbes.be\/fr\/#organization","name":"Forbes Belgique","url":"https:\/\/www.forbes.be\/fr\/","logo":{"@type":"ImageObject","inLanguage":"fr-FR","@id":"https:\/\/www.forbes.be\/fr\/#\/schema\/logo\/image\/","url":"https:\/\/www.forbes.be\/fr\/wp-content\/uploads\/2024\/02\/forbes.be_.png","contentUrl":"https:\/\/www.forbes.be\/fr\/wp-content\/uploads\/2024\/02\/forbes.be_.png","width":1200,"height":675,"caption":"Forbes Belgique"},"image":{"@id":"https:\/\/www.forbes.be\/fr\/#\/schema\/logo\/image\/"},"sameAs":["https:\/\/www.facebook.com\/forbesbelgique\/","https:\/\/www.instagram.com\/Forbes_Belgium","https:\/\/www.linkedin.com\/company\/forbes-belgium\/"]},{"@type":"Person","@id":"https:\/\/www.forbes.be\/fr\/#\/schema\/person\/7d78f899f595d5e9c1eb19ffe4d36b83","name":"Daphne Dorgelo","image":{"@type":"ImageObject","inLanguage":"fr-FR","@id":"https:\/\/www.forbes.be\/fr\/wp-content\/uploads\/2024\/01\/4B1A6779-2-scaled-e1704882544546-150x150.jpg","url":"https:\/\/www.forbes.be\/fr\/wp-content\/uploads\/2024\/01\/4B1A6779-2-scaled-e1704882544546-150x150.jpg","contentUrl":"https:\/\/www.forbes.be\/fr\/wp-content\/uploads\/2024\/01\/4B1A6779-2-scaled-e1704882544546-150x150.jpg","caption":"Daphne Dorgelo"},"description":"Daphne Dorgelo (1996) travaille chaque semaine pour Forbes, o\u00f9 elle r\u00e9dige des articles sur le style de vie luxueux, le leadership, l'innovation, les tendances et, bien s\u00fbr, les entrepreneurs belges inspirants. Sa passion pour le journalisme et les m\u00e9dias s'est manifest\u00e9e d\u00e8s son plus jeune \u00e2ge. Apr\u00e8s avoir obtenu une licence en information aux Pays-Bas, elle s'est install\u00e9e dans la ville belge du diamant il y a six ans, apr\u00e8s avoir obtenu un master en journalisme \u00e0 la KU Leuven d'Anvers. Cela fait maintenant huit ans qu'elle \u00e9crit en tant que pigiste pour divers magazines, dont quatre ans pour des magazines de style de vie belges tels que L'OFFICIEL, Fifty &amp; Me et ELLE.","url":"https:\/\/www.forbes.be\/fr\/author\/daphne-dorgelolofficiel-be\/"}]}},"_links":{"self":[{"href":"https:\/\/www.forbes.be\/fr\/wp-json\/wp\/v2\/posts\/11642","targetHints":{"allow":["GET"]}}],"collection":[{"href":"https:\/\/www.forbes.be\/fr\/wp-json\/wp\/v2\/posts"}],"about":[{"href":"https:\/\/www.forbes.be\/fr\/wp-json\/wp\/v2\/types\/post"}],"author":[{"embeddable":true,"href":"https:\/\/www.forbes.be\/fr\/wp-json\/wp\/v2\/users\/13"}],"replies":[{"embeddable":true,"href":"https:\/\/www.forbes.be\/fr\/wp-json\/wp\/v2\/comments?post=11642"}],"version-history":[{"count":1,"href":"https:\/\/www.forbes.be\/fr\/wp-json\/wp\/v2\/posts\/11642\/revisions"}],"predecessor-version":[{"id":11694,"href":"https:\/\/www.forbes.be\/fr\/wp-json\/wp\/v2\/posts\/11642\/revisions\/11694"}],"wp:featuredmedia":[{"embeddable":true,"href":"https:\/\/www.forbes.be\/fr\/wp-json\/wp\/v2\/media\/11641"}],"wp:attachment":[{"href":"https:\/\/www.forbes.be\/fr\/wp-json\/wp\/v2\/media?parent=11642"}],"wp:term":[{"taxonomy":"category","embeddable":true,"href":"https:\/\/www.forbes.be\/fr\/wp-json\/wp\/v2\/categories?post=11642"},{"taxonomy":"post_tag","embeddable":true,"href":"https:\/\/www.forbes.be\/fr\/wp-json\/wp\/v2\/tags?post=11642"}],"curies":[{"name":"wp","href":"https:\/\/api.w.org\/{rel}","templated":true}]}}