{"id":11708,"date":"2025-11-16T07:58:11","date_gmt":"2025-11-16T06:58:11","guid":{"rendered":"https:\/\/www.forbes.be\/fr\/?p=11708"},"modified":"2025-11-14T15:03:41","modified_gmt":"2025-11-14T14:03:41","slug":"la-dynastie-bekaert-une-saga-tissee-de-fil-dacier-et-daudace","status":"publish","type":"post","link":"https:\/\/www.forbes.be\/fr\/la-dynastie-bekaert-une-saga-tissee-de-fil-dacier-et-daudace\/","title":{"rendered":"La dynastie Bekaert: Une saga tiss\u00e9e de fil d\u2019acier et d\u2019audace"},"content":{"rendered":"<p class=\"p1\"><strong><span class=\"s1\">Dans le sud-ouest de la Flandre occidentale, le village de <\/span><span class=\"s2\">Zwevegem<\/span><span class=\"s1\"> a vu na\u00eetre une famille qui allait devenir l\u2019une des <\/span><span class=\"s2\">dynasties industrielles<\/span><span class=\"s1\"> les plus impressionnantes de Belgique : les Bekaert. La multinationale industrielle belge est porteuse d\u2019une histoire riche, fermement ancr\u00e9e dans la vision et les liens \u00e9troits des g\u00e9n\u00e9rations successives, nourrie par une compr\u00e9hension strat\u00e9gique du pouvoir des <\/span><span class=\"s2\">alliances familiales<\/span><span class=\"s1\">. <span class=\"Apple-converted-space\">\u00a0<\/span><\/span><\/strong><\/p>\n<p class=\"p1\"><span class=\"s1\">Aujourd\u2019hui, Bekaert est un conglom\u00e9rat de 21 000 personnes g\u00e9n\u00e9rant un chiffre d\u2019affaires de 4 milliards d\u2019euros. L\u2019entreprise cot\u00e9e en bourse est le leader mondial dans la production de fil d\u2019acier pour pneus. Dans le monde, un pneu sur trois est \u00e9quip\u00e9 de fil d\u2019acier renfor\u00e7ant le caoutchouc produit par Bekaert. En plus du fil d\u2019acier pour pneus, Bekaert \u00e9volue vers de nouveaux march\u00e9s et produits en innovant au niveau des mat\u00e9riaux et en d\u00e9veloppant des solutions pour trois m\u00e9gatendances soci\u00e9tales : la mobilit\u00e9, la construction durable et la transition \u00e9nerg\u00e9tique. Ils proposent des solutions pour acc\u00e9l\u00e9rer la recharge des v\u00e9hicules \u00e9lectriques (Ampact\u2122), construire des villes et des infrastructures avec moins de CO2 (fibre d\u2019acier Dramix\u00ae) et soutenir la transition vers les \u00e9nergies renouvelables avec des solutions pour l\u2019\u00e9nergie \u00e9olienne offshore et la production d\u2019hydrog\u00e8ne vert (Currento\u00ae). Le groupe poss\u00e8de 62 sites de production dans 23 pays.<span class=\"Apple-converted-space\">\u00a0<\/span><\/span><\/p>\n<h2 class=\"p2\"><span class=\"s2\"><span class=\"Apple-converted-space\">\u00a0<\/span><\/span><span class=\"s2\">Leo Leander Bekaert :<span class=\"Apple-converted-space\">\u00a0<\/span><\/span><span class=\"s2\">l\u2019architecte d\u2019un empire<span class=\"Apple-converted-space\">\u00a0<\/span><\/span><\/h2>\n<p class=\"p1\"><span class=\"s2\">Les fondations de cet immense empire ont \u00e9t\u00e9 pos\u00e9es par Leo Leander Bekaert, n\u00e9 en 1855. La mentalit\u00e9 innovante de Leo l\u2019a conduit \u00e0 d\u00e9velopper un fil de cl\u00f4ture avec des picots. Le fil barbel\u00e9 avait d\u00e9j\u00e0 \u00e9t\u00e9 invent\u00e9 aux \u00c9tats-Unis, en 1868. Mais en 1879, Leo Leander Bekaert a mis au point un syst\u00e8me totalement nouveau pour la fabrication de fil barbel\u00e9, qui a abouti en 1881 \u00e0 un brevet pour l\u2019utilisation de \u201ccouronnes\u201d. Ces petits composants m\u00e9talliques, plac\u00e9s tous les dix centim\u00e8tres parmi les fils tress\u00e9s par les hommes de la maison de retraite locale, ont consid\u00e9rablement am\u00e9lior\u00e9 la qualit\u00e9 du produit. Le premier atelier n\u2019\u00e9tait autre qu\u2019une remise en bois construite dans le jardin de la maison de retraite. L\u2019esprit d\u2019entreprise de la famille remonte encore plus loin, car le p\u00e8re de Leo lui-m\u00eame combinait son emploi de sacristain \u00e0 Zwevegem avec la gestion d\u2019une quincaillerie en face de l\u2019\u00e9glise. Bekaert a combin\u00e9 ses activit\u00e9s commerciales avec un mandat politique en tant que conseiller municipal, bourgmestre et membre du conseil provincial, tout en \u00e9tant actif dans le domaine du logement social. Cet engagement a influenc\u00e9 des g\u00e9n\u00e9rations enti\u00e8res. Outre Leo Leander Bekaert, un autre membre de la m\u00eame g\u00e9n\u00e9ration a jou\u00e9 un r\u00f4le important dans la fondation de l\u2019entreprise : Honorine, la s\u0153ur a\u00een\u00e9e de Leo Leander. Honorine avait un talent pour la vente, mais elle s\u2019est surtout concentr\u00e9e sur les finances : elle tenait la comptabilit\u00e9 et c\u2019est elle qui a jet\u00e9 les bases d\u2019une gestion financi\u00e8re \u00e9conome et efficace, une tradition que Bekaert continue d\u2019honorer. Jusqu\u2019aux ann\u00e9es 1920, elle a veill\u00e9 \u00e0 la bonne sant\u00e9 financi\u00e8re de l\u2019entreprise. Lors des fun\u00e9railles d\u2019Honorine en 1933, Leo Leander a salu\u00e9 sa m\u00e9moire en la qualifiant de \u00abcofondatrice de l\u2019entreprise \u00bb.<span class=\"Apple-converted-space\">\u00a0<\/span><\/span><\/p>\n<div id='gallery-1' class='gallery galleryid-11708 gallery-columns-1 gallery-size-large'><figure class='gallery-item'>\n\t\t\t<div class='gallery-icon landscape'>\n\t\t\t\t<img loading=\"lazy\" decoding=\"async\" width=\"696\" height=\"445\" src=\"https:\/\/www.forbes.be\/fr\/wp-content\/uploads\/2025\/07\/arbre-geneaologique-bekaert-fr-1024x655.jpg\" class=\"attachment-large size-large\" alt=\"\" srcset=\"https:\/\/www.forbes.be\/fr\/wp-content\/uploads\/2025\/07\/arbre-geneaologique-bekaert-fr-1024x655.jpg 1024w, https:\/\/www.forbes.be\/fr\/wp-content\/uploads\/2025\/07\/arbre-geneaologique-bekaert-fr-300x192.jpg 300w, https:\/\/www.forbes.be\/fr\/wp-content\/uploads\/2025\/07\/arbre-geneaologique-bekaert-fr-768x491.jpg 768w, https:\/\/www.forbes.be\/fr\/wp-content\/uploads\/2025\/07\/arbre-geneaologique-bekaert-fr-1536x983.jpg 1536w, https:\/\/www.forbes.be\/fr\/wp-content\/uploads\/2025\/07\/arbre-geneaologique-bekaert-fr-2048x1310.jpg 2048w, https:\/\/www.forbes.be\/fr\/wp-content\/uploads\/2025\/07\/arbre-geneaologique-bekaert-fr-696x445.jpg 696w, https:\/\/www.forbes.be\/fr\/wp-content\/uploads\/2025\/07\/arbre-geneaologique-bekaert-fr-1068x683.jpg 1068w, https:\/\/www.forbes.be\/fr\/wp-content\/uploads\/2025\/07\/arbre-geneaologique-bekaert-fr-1920x1228.jpg 1920w, https:\/\/www.forbes.be\/fr\/wp-content\/uploads\/2025\/07\/arbre-geneaologique-bekaert-fr-600x384.jpg 600w\" sizes=\"auto, (max-width: 696px) 100vw, 696px\" \/>\n\t\t\t<\/div><\/figure>\n\t\t<\/div>\n\n<p>&nbsp;<\/p>\n<h2 class=\"p2\"><span class=\"s2\">La deuxi\u00e8me g\u00e9n\u00e9ration : <\/span><span class=\"s2\">la consolidation par le lien<span class=\"Apple-converted-space\">\u00a0<\/span><\/span><\/h2>\n<p class=\"p1\"><span class=\"s2\">La deuxi\u00e8me g\u00e9n\u00e9ration a compris l\u2019importance cruciale de la consolidation des actions au sein de la famille. Une strat\u00e9gie notable a consist\u00e9 \u00e0 forger des alliances avec des familles influentes. L\u2019arbre g\u00e9n\u00e9alogique de la famille Bekaert se lit comme un v\u00e9ritable Who\u2019s Who de l\u2019\u00e9conomie belge et de la haute finance. Les titres de noblesse y sont l\u00e9gion. L\u2019un des premiers noms \u00e0 appara\u00eetre est celui de la famille Velge, des notables de la r\u00e9gion du Pajottenland. Ces mariages strat\u00e9giques ne sont pas le fruit du hasard, mais d\u2019une volont\u00e9 d\u00e9lib\u00e9r\u00e9e de regrouper le pouvoir \u00e9conomique et politique au sein d\u2019un r\u00e9seau restreint d\u2019\u00e9lites belges.<span class=\"Apple-converted-space\">\u00a0<\/span><\/span><\/p>\n<p class=\"p1\"><span class=\"s2\">Leon Antoon Bekaert, fils de Leo Leander, a \u00e9pous\u00e9 en 1918 Elisabeth Velge, la s\u0153ur de son ami Jules Velge, un influent entrepreneur du port d\u2019Anvers. Leon Antoon avait cr\u00e9\u00e9 une petite usine d\u2019entretien de moteurs d\u2019avion en Angleterre pendant la guerre. Chez Bekaert, il se voit confier la direction commerciale puis, en 1933, la direction g\u00e9n\u00e9rale. Sous l\u2019impulsion de Leon Antoon, Bekaert poursuit sa croissance, y compris au niveau mondial, et \u00e9largit son portefeuille aux c\u00e2bles d\u2019acier pour le renforcement des pneus.<span class=\"Apple-converted-space\">\u00a0<\/span><\/span><\/p>\n<p class=\"p1\"><span class=\"s2\">Entre-temps, Jules Velge \u00e9pouse Isabella Bekaert, une s\u0153ur de Leon Antoon Bekaert, et son fr\u00e8re Max Velge \u00e9pouse Antoinette Bekaert, une autre s\u0153ur. <span class=\"Apple-converted-space\">\u00a0<\/span><\/span><\/p>\n<div id='gallery-2' class='gallery galleryid-11708 gallery-columns-3 gallery-size-thumbnail'><figure class='gallery-item'>\n\t\t\t<div class='gallery-icon portrait'>\n\t\t\t\t<a href='https:\/\/www.forbes.be\/fr\/la-dynastie-bekaert-une-saga-tissee-de-fil-dacier-et-daudace\/leon-bekaert\/'><img loading=\"lazy\" decoding=\"async\" width=\"150\" height=\"150\" src=\"https:\/\/www.forbes.be\/fr\/wp-content\/uploads\/2025\/07\/leon-bekaert-150x150.jpg\" class=\"attachment-thumbnail size-thumbnail\" alt=\"\" aria-describedby=\"gallery-2-11717\" srcset=\"https:\/\/www.forbes.be\/fr\/wp-content\/uploads\/2025\/07\/leon-bekaert-150x150.jpg 150w, https:\/\/www.forbes.be\/fr\/wp-content\/uploads\/2025\/07\/leon-bekaert-300x300.jpg 300w, https:\/\/www.forbes.be\/fr\/wp-content\/uploads\/2025\/07\/leon-bekaert-100x100.jpg 100w\" sizes=\"auto, (max-width: 150px) 100vw, 150px\" \/><\/a>\n\t\t\t<\/div>\n\t\t\t\t<figcaption class='wp-caption-text gallery-caption' id='gallery-2-11717'>\n\t\t\t\tLeon-Bekaert &#8211; \u00a9 DR\n\t\t\t\t<\/figcaption><\/figure><figure class='gallery-item'>\n\t\t\t<div class='gallery-icon landscape'>\n\t\t\t\t<a href='https:\/\/www.forbes.be\/fr\/la-dynastie-bekaert-une-saga-tissee-de-fil-dacier-et-daudace\/bekaert-fabrieksgebouwen\/'><img loading=\"lazy\" decoding=\"async\" width=\"150\" height=\"150\" src=\"https:\/\/www.forbes.be\/fr\/wp-content\/uploads\/2025\/07\/bekaert-fabrieksgebouwen-150x150.jpg\" class=\"attachment-thumbnail size-thumbnail\" alt=\"\" aria-describedby=\"gallery-2-11712\" srcset=\"https:\/\/www.forbes.be\/fr\/wp-content\/uploads\/2025\/07\/bekaert-fabrieksgebouwen-150x150.jpg 150w, https:\/\/www.forbes.be\/fr\/wp-content\/uploads\/2025\/07\/bekaert-fabrieksgebouwen-300x300.jpg 300w, https:\/\/www.forbes.be\/fr\/wp-content\/uploads\/2025\/07\/bekaert-fabrieksgebouwen-100x100.jpg 100w\" sizes=\"auto, (max-width: 150px) 100vw, 150px\" \/><\/a>\n\t\t\t<\/div>\n\t\t\t\t<figcaption class='wp-caption-text gallery-caption' id='gallery-2-11712'>\n\t\t\t\tLes b\u00e2timents de l\u2019usine Bekaert &#8211; \u00a9 DR\n\t\t\t\t<\/figcaption><\/figure><figure class='gallery-item'>\n\t\t\t<div class='gallery-icon portrait'>\n\t\t\t\t<a href='https:\/\/www.forbes.be\/fr\/la-dynastie-bekaert-une-saga-tissee-de-fil-dacier-et-daudace\/honorine-bekaert\/'><img loading=\"lazy\" decoding=\"async\" width=\"150\" height=\"150\" src=\"https:\/\/www.forbes.be\/fr\/wp-content\/uploads\/2025\/07\/honorine-bekaert-150x150.jpg\" class=\"attachment-thumbnail size-thumbnail\" alt=\"\" aria-describedby=\"gallery-2-11715\" srcset=\"https:\/\/www.forbes.be\/fr\/wp-content\/uploads\/2025\/07\/honorine-bekaert-150x150.jpg 150w, https:\/\/www.forbes.be\/fr\/wp-content\/uploads\/2025\/07\/honorine-bekaert-300x300.jpg 300w, https:\/\/www.forbes.be\/fr\/wp-content\/uploads\/2025\/07\/honorine-bekaert-100x100.jpg 100w\" sizes=\"auto, (max-width: 150px) 100vw, 150px\" \/><\/a>\n\t\t\t<\/div>\n\t\t\t\t<figcaption class='wp-caption-text gallery-caption' id='gallery-2-11715'>\n\t\t\t\tHonorine-Bekaert &#8211; \u00a9 DR\n\t\t\t\t<\/figcaption><\/figure>\n\t\t<\/div>\n\n<h2 class=\"p2\"><span class=\"s2\">Les g\u00e9n\u00e9rations suivantes : <\/span><span class=\"s2\">noblesse et ambitions mondiales<span class=\"Apple-converted-space\">\u00a0<\/span><\/span><\/h2>\n<p class=\"p1\"><span class=\"s2\">La troisi\u00e8me g\u00e9n\u00e9ration s\u2019est concentr\u00e9e sur les familles nobles pour \u00e9tendre l\u2019influence et le r\u00e9seau de Bekaert, tissant des liens avec des lign\u00e9es aristocratiques telles que les Liedekerke, les T\u2019Serclaes de Wommersom, les Woot de Trixhe, les Beauffort, Cardon de Lichtbuer et van de Walle de Ghelcke. <span class=\"Apple-converted-space\">\u00a0<\/span><\/span><\/p>\n<p class=\"p1\">Genevi\u00e8ve Bekaert \u00e9pouse le comte Wenceslas de T\u2019Serclaes, membre d\u2019une vieille famille de la noblesse belge. Nicole Bekaert \u00e9pouse le comte Charles-Antoine de Liedekerke, ce qui renforce encore les liens avec l\u2019aristocratie. La famille de Liedekerke est \u00e9galement \u00e9troitement li\u00e9e \u00e0 d\u2019autres \u00e9lites nobles et \u00e9conomiques, comme le comte Paul Cornet de Ways-Ruart, actionnaire d\u2019AB InBev.<span class=\"Apple-converted-space\">\u00a0<\/span><\/p>\n<p class=\"p1\"><span class=\"s2\">Mais les autres descendants ne sont pas en reste. Jean-Charles Velge, par exemple, a \u00e9pous\u00e9 Marie-Louise van Houtte, fille de l\u2019ancien Premier ministre Jean van Houtte. Sa s\u0153ur Isabella Velge a \u00e9pous\u00e9 Philippe Jadot. Leur fils, Maxime Jadot, deviendra un symbole contemporain de la haute finance, en tant que pr\u00e9sident du conseil d\u2019administration de la banque BNP Paribas Fortis. <span class=\"Apple-converted-space\">\u00a0<\/span><\/span><\/p>\n<p class=\"p1\"><span class=\"s2\">Une autre alliance importante a \u00e9t\u00e9 nou\u00e9e avec la famille Cardon de Lichtbuer, \u00e9galement connue pour son r\u00f4le pr\u00e9pond\u00e9rant dans la finance belge. Alexandre Cardon de Lichtbuer, cousin de Max Jadot, a \u00e9pous\u00e9 Barbara Vlerick, fille de Philippe, Baron Vlerick, cr\u00e9ant ainsi une nouvelle alliance \u00e9conomique puissante. <span class=\"Apple-converted-space\">\u00a0<\/span><\/span><\/p>\n<p class=\"p1\"><span class=\"s2\">Antoine Bekaert, petit-fils de Leo Leander, a \u00e9t\u00e9 \u00e9lev\u00e9 au rang de baron en 1966, renfor\u00e7ant encore le prestige de la famille. Sous la direction du baron Antoine Bekaert, l\u2019entreprise s\u2019est davantage professionnalis\u00e9e, \u00e0 mesure que son expansion internationale s\u2019est intensifi\u00e9e. Pr\u00e9sident de Bekaert, le baron a dirig\u00e9 plusieurs organisations industrielles telles que Fabrimetal et l\u2019UNICE. Gr\u00e2ce \u00e0 son approche diplomatique et \u00e0 son instinct commercial, il a su renforcer la position mondiale de Bekaert. En 1972, la famille a ouvert la soci\u00e9t\u00e9 \u00e0 de nouveaux actionnaires. En \u00e0 peine deux minutes, toutes les actions Bekaert \u00e9taient vendues.<span class=\"Apple-converted-space\">\u00a0<\/span><\/span><\/p>\n<h2 class=\"p2\"><span class=\"s2\">Diversification et d\u00e9fis modernes<span class=\"Apple-converted-space\">\u00a0<\/span><\/span><\/h2>\n<p class=\"p1\">Les g\u00e9n\u00e9rations suivantes ont jou\u00e9 un r\u00f4le moins op\u00e9rationnel, s\u2019attelant plut\u00f4t \u00e0 maintenir le contr\u00f4le familial. La quatri\u00e8me g\u00e9n\u00e9ration a diversifi\u00e9 ses activit\u00e9s en se concentrant sur des niches telles que la technologie des radars, le capital-risque et la philanthropie. Marie-Claire Bekaert, fille de la quatri\u00e8me g\u00e9n\u00e9ration, a \u00e9pous\u00e9 le baron Fr\u00e9d\u00e9ric de M\u00e9vius, un important actionnaire d\u2019AB InBev. <span class=\"Apple-converted-space\">\u00a0<\/span><\/p>\n<p class=\"p1\"><span class=\"s2\">Sur le plan op\u00e9rationnel, la direction de Bekaert a d\u00e9j\u00e0 \u00e9t\u00e9 confi\u00e9e \u00e0 des non-membres de la famille dans les ann\u00e9es 1980. De 1983 \u00e0 1994, Karel Vinck a \u00e9t\u00e9 actif chez le fabricant de fils d\u2019acier, d\u2019abord en tant que directeur g\u00e9n\u00e9ral, et d\u00e8s 1985, en tant qu\u2019administrateur d\u00e9l\u00e9gu\u00e9, sous la pr\u00e9sidence du baron Jean-Charles Velge. En 2000, pour la premi\u00e8re fois, un non-membre de la famille a \u00e9t\u00e9 plac\u00e9 \u00e0 la t\u00eate du conseil d\u2019administration : feu le comte Paul Buysse. Ce dernier a \u00e9t\u00e9 l\u2019instigateur du code Buysse, manuel de gouvernance pour les entreprises belges non cot\u00e9es en bourse. <span class=\"Apple-converted-space\">\u00a0<\/span><\/span><\/p>\n<p class=\"p1\"><span class=\"s2\">Il a attir\u00e9 deux nouveaux managers, Julien De Wilde (ex-Alcatel Bell) comme administrateur d\u00e9l\u00e9gu\u00e9 et Bert De Graeve (ex-VRT) qui a pris ses fonctions de directeur financier et administratif. Ce tandem dor\u00e9 a marqu\u00e9 l\u2019histoire du groupe. Plus tard, De Graeve est devenu administrateur d\u00e9l\u00e9gu\u00e9 (CEO) puis pr\u00e9sident du conseil d\u2019administration. Actuellement, Yves Kerstens et J\u00fcrgen Tinggren sont respectivement CEO et pr\u00e9sident du conseil d\u2019administration.<span class=\"Apple-converted-space\">\u00a0<\/span><\/span><\/p>\n<h2 class=\"p2\"><strong><span class=\"s2\"><span class=\"Apple-converted-space\">\u00a0<\/span><\/span><span class=\"s2\">Une dynastie durable<span class=\"Apple-converted-space\">\u00a0<\/span><\/span><\/strong><\/h2>\n<p class=\"p1\"><span class=\"s2\">Aujourd\u2019hui, l\u2019influence de la famille Bekaert reste consid\u00e9rable tant dans l\u2019industrie belge qu\u2019internationale. La discr\u00e9tion est dans l\u2019ADN de la famille, mais en coulisses, elle joue un r\u00f4le important. Dans le conseil d\u2019administration actuel si\u00e8gent cinq descendants de Bekaert : Maxime Parmentier, Caroline Storme, Henri Jean Velge, Emilie van de Walle de Ghelcke et Christophe Jacobs van Merlen.<\/span><\/p>\n<div id='gallery-3' class='gallery galleryid-11708 gallery-columns-4 gallery-size-thumbnail'><figure class='gallery-item'>\n\t\t\t<div class='gallery-icon portrait'>\n\t\t\t\t<a href='https:\/\/www.forbes.be\/fr\/la-dynastie-bekaert-une-saga-tissee-de-fil-dacier-et-daudace\/maxime-parmentier\/'><img loading=\"lazy\" decoding=\"async\" width=\"150\" height=\"150\" src=\"https:\/\/www.forbes.be\/fr\/wp-content\/uploads\/2025\/07\/maxime-parmentier-150x150.jpg\" class=\"attachment-thumbnail size-thumbnail\" alt=\"\" aria-describedby=\"gallery-3-11718\" srcset=\"https:\/\/www.forbes.be\/fr\/wp-content\/uploads\/2025\/07\/maxime-parmentier-150x150.jpg 150w, https:\/\/www.forbes.be\/fr\/wp-content\/uploads\/2025\/07\/maxime-parmentier-300x300.jpg 300w, https:\/\/www.forbes.be\/fr\/wp-content\/uploads\/2025\/07\/maxime-parmentier-100x100.jpg 100w\" sizes=\"auto, (max-width: 150px) 100vw, 150px\" \/><\/a>\n\t\t\t<\/div>\n\t\t\t\t<figcaption class='wp-caption-text gallery-caption' id='gallery-3-11718'>\n\t\t\t\tMaxime-Parmentier \u00a9 DR\n\t\t\t\t<\/figcaption><\/figure><figure class='gallery-item'>\n\t\t\t<div class='gallery-icon portrait'>\n\t\t\t\t<a href='https:\/\/www.forbes.be\/fr\/la-dynastie-bekaert-une-saga-tissee-de-fil-dacier-et-daudace\/caroline-storme-2025\/'><img loading=\"lazy\" decoding=\"async\" width=\"150\" height=\"150\" src=\"https:\/\/www.forbes.be\/fr\/wp-content\/uploads\/2025\/07\/caroline-storme-2025-150x150.jpg\" class=\"attachment-thumbnail size-thumbnail\" alt=\"\" aria-describedby=\"gallery-3-11713\" srcset=\"https:\/\/www.forbes.be\/fr\/wp-content\/uploads\/2025\/07\/caroline-storme-2025-150x150.jpg 150w, https:\/\/www.forbes.be\/fr\/wp-content\/uploads\/2025\/07\/caroline-storme-2025-300x300.jpg 300w, https:\/\/www.forbes.be\/fr\/wp-content\/uploads\/2025\/07\/caroline-storme-2025-100x100.jpg 100w\" sizes=\"auto, (max-width: 150px) 100vw, 150px\" \/><\/a>\n\t\t\t<\/div>\n\t\t\t\t<figcaption class='wp-caption-text gallery-caption' id='gallery-3-11713'>\n\t\t\t\tCaroline_Storme &#8211; \u00a9 DR\n\t\t\t\t<\/figcaption><\/figure><figure class='gallery-item'>\n\t\t\t<div class='gallery-icon portrait'>\n\t\t\t\t<a href='https:\/\/www.forbes.be\/fr\/la-dynastie-bekaert-une-saga-tissee-de-fil-dacier-et-daudace\/henri-jean-velge\/'><img loading=\"lazy\" decoding=\"async\" width=\"150\" height=\"150\" src=\"https:\/\/www.forbes.be\/fr\/wp-content\/uploads\/2025\/07\/henri-jean-velge-150x150.jpg\" class=\"attachment-thumbnail size-thumbnail\" alt=\"\" aria-describedby=\"gallery-3-11714\" srcset=\"https:\/\/www.forbes.be\/fr\/wp-content\/uploads\/2025\/07\/henri-jean-velge-150x150.jpg 150w, https:\/\/www.forbes.be\/fr\/wp-content\/uploads\/2025\/07\/henri-jean-velge-300x300.jpg 300w, https:\/\/www.forbes.be\/fr\/wp-content\/uploads\/2025\/07\/henri-jean-velge-100x100.jpg 100w\" sizes=\"auto, (max-width: 150px) 100vw, 150px\" \/><\/a>\n\t\t\t<\/div>\n\t\t\t\t<figcaption class='wp-caption-text gallery-caption' id='gallery-3-11714'>\n\t\t\t\tHenri-Jean-Velge &#8211; \u00a9 DR\n\t\t\t\t<\/figcaption><\/figure><figure class='gallery-item'>\n\t\t\t<div class='gallery-icon portrait'>\n\t\t\t\t<a href='https:\/\/www.forbes.be\/fr\/la-dynastie-bekaert-une-saga-tissee-de-fil-dacier-et-daudace\/3341-christophe-jacobs-van-merlen-hol-2188\/'><img loading=\"lazy\" decoding=\"async\" width=\"150\" height=\"150\" src=\"https:\/\/www.forbes.be\/fr\/wp-content\/uploads\/2025\/07\/3341-christophe-jacobs-van-merlen-hol-2188-150x150.jpg\" class=\"attachment-thumbnail size-thumbnail\" alt=\"\" aria-describedby=\"gallery-3-11710\" srcset=\"https:\/\/www.forbes.be\/fr\/wp-content\/uploads\/2025\/07\/3341-christophe-jacobs-van-merlen-hol-2188-150x150.jpg 150w, https:\/\/www.forbes.be\/fr\/wp-content\/uploads\/2025\/07\/3341-christophe-jacobs-van-merlen-hol-2188-300x300.jpg 300w, https:\/\/www.forbes.be\/fr\/wp-content\/uploads\/2025\/07\/3341-christophe-jacobs-van-merlen-hol-2188-100x100.jpg 100w\" sizes=\"auto, (max-width: 150px) 100vw, 150px\" \/><\/a>\n\t\t\t<\/div>\n\t\t\t\t<figcaption class='wp-caption-text gallery-caption' id='gallery-3-11710'>\n\t\t\t\tChristophe-Jacobs-van-Merlen &#8211; \u00a9 DR\n\t\t\t\t<\/figcaption><\/figure>\n\t\t<\/div>\n\n<blockquote>\n<p class=\"p2\"><span class=\"s2\">Malgr\u00e9 les <\/span><span class=\"s3\">ramifications<\/span><span class=\"s2\"> parmi des dizaines d\u2019<\/span><span class=\"s3\">actionnaires<\/span><span class=\"s2\">, le <\/span><span class=\"s3\">contr\u00f4le<\/span><span class=\"s2\"> familial demeure intact.<span class=\"Apple-converted-space\">\u00a0<\/span><\/span><\/p>\n<\/blockquote>\n<p class=\"p1\"><span class=\"s2\">Malgr\u00e9 les ramifications parmi des dizaines d\u2019actionnaires, principalement rassembl\u00e9s dans la Stichting Administratiekantoor Bekaert (STAK) n\u00e9erlandaise, le contr\u00f4le familial demeure intact. Trois actionnaires d\u00e9tiennent un int\u00e9r\u00eat commun de 40,43% dans Bekaert. Il s\u2019agit de la Stichting Administratiekantoor Bekaert (32,35%), Bekaert (5,01%) et Norges Bank (3,07%). Gr\u00e2ce \u00e0 ce contr\u00f4le, Bekaert d\u00e9montre que la famille, la strat\u00e9gie et l\u2019innovation peuvent aller de pair pour cr\u00e9er un impact durable, tant sur le plan \u00e9conomique que social.<\/span><\/p>\n","protected":false},"excerpt":{"rendered":"<p>Dans le sud-ouest de la Flandre occidentale, le village de Zwevegem a vu na\u00eetre une famille qui allait devenir l\u2019une des dynasties industrielles les plus impressionnantes de Belgique : les Bekaert. La multinationale industrielle belge est porteuse d\u2019une histoire riche, fermement ancr\u00e9e dans la vision et les liens \u00e9troits des g\u00e9n\u00e9rations successives, nourrie par une [&hellip;]<\/p>\n","protected":false},"author":12,"featured_media":11716,"comment_status":"closed","ping_status":"closed","sticky":false,"template":"","format":"standard","meta":{"_acf_changed":false,"inline_featured_image":false,"footnotes":""},"categories":[30,63,15,27],"tags":[],"class_list":{"0":"post-11708","1":"post","2":"type-post","3":"status-publish","4":"format-standard","5":"has-post-thumbnail","7":"category-commerce","8":"category-culture","9":"category-leadership","10":"category-societe"},"acf":[],"_yoast_wpseo_title":null,"_yoast_wpseo_metadesc":"Des barbel\u00e9s de Leo Leander aux innovations mondiales de Bekaert, retour sur 150 ans d\u2019une dynastie industrielle belge o\u00f9 alliances familiales et strat\u00e9gie se confondent.","auteur_traducteur":"","yoast_head":"<!-- This site is optimized with the Yoast SEO plugin v27.4 - https:\/\/yoast.com\/product\/yoast-seo-wordpress\/ -->\n<title>La dynastie Bekaert: Une saga tiss\u00e9e de fil d\u2019acier et d\u2019audace | Forbes Belgique<\/title>\n<meta name=\"description\" content=\"Des barbel\u00e9s de Leo Leander aux innovations mondiales de Bekaert, retour sur 150 ans d\u2019une dynastie industrielle belge o\u00f9 alliances familiales et strat\u00e9gie se confondent.\" \/>\n<meta name=\"robots\" content=\"index, follow, max-snippet:-1, max-image-preview:large, max-video-preview:-1\" \/>\n<link rel=\"canonical\" href=\"https:\/\/www.forbes.be\/fr\/la-dynastie-bekaert-une-saga-tissee-de-fil-dacier-et-daudace\/\" \/>\n<meta property=\"og:locale\" content=\"fr_FR\" \/>\n<meta property=\"og:type\" content=\"article\" \/>\n<meta property=\"og:title\" content=\"La dynastie Bekaert: Une saga tiss\u00e9e de fil d\u2019acier et d\u2019audace | Forbes Belgique\" \/>\n<meta property=\"og:description\" content=\"Des barbel\u00e9s de Leo Leander aux innovations mondiales de Bekaert, retour sur 150 ans d\u2019une dynastie industrielle belge o\u00f9 alliances familiales et strat\u00e9gie se confondent.\" \/>\n<meta property=\"og:url\" content=\"https:\/\/www.forbes.be\/fr\/la-dynastie-bekaert-une-saga-tissee-de-fil-dacier-et-daudace\/\" \/>\n<meta property=\"og:site_name\" content=\"Forbes Belgique\" \/>\n<meta property=\"article:publisher\" content=\"https:\/\/www.facebook.com\/forbesbelgique\/\" \/>\n<meta property=\"article:published_time\" content=\"2025-11-16T06:58:11+00:00\" \/>\n<meta property=\"og:image\" content=\"https:\/\/www.forbes.be\/fr\/wp-content\/uploads\/2025\/07\/leo-leander-bekaert-scaled.jpg\" \/>\n\t<meta property=\"og:image:width\" content=\"2560\" \/>\n\t<meta property=\"og:image:height\" content=\"1339\" \/>\n\t<meta property=\"og:image:type\" content=\"image\/jpeg\" \/>\n<meta name=\"author\" content=\"Lieven Desmet\" \/>\n<meta name=\"twitter:card\" content=\"summary_large_image\" \/>\n<meta name=\"twitter:label1\" content=\"\u00c9crit par\" \/>\n\t<meta name=\"twitter:data1\" content=\"Lieven Desmet\" \/>\n\t<meta name=\"twitter:label2\" content=\"Dur\u00e9e de lecture estim\u00e9e\" \/>\n\t<meta name=\"twitter:data2\" content=\"8 minutes\" \/>\n<script type=\"application\/ld+json\" class=\"yoast-schema-graph\">{\"@context\":\"https:\\\/\\\/schema.org\",\"@graph\":[{\"@type\":\"NewsArticle\",\"@id\":\"https:\\\/\\\/www.forbes.be\\\/fr\\\/la-dynastie-bekaert-une-saga-tissee-de-fil-dacier-et-daudace\\\/#article\",\"isPartOf\":{\"@id\":\"https:\\\/\\\/www.forbes.be\\\/fr\\\/la-dynastie-bekaert-une-saga-tissee-de-fil-dacier-et-daudace\\\/\"},\"author\":{\"name\":\"Lieven Desmet\",\"@id\":\"https:\\\/\\\/www.forbes.be\\\/fr\\\/#\\\/schema\\\/person\\\/87d98a9bc7c6fb6996cabbdf269dd70a\"},\"headline\":\"La dynastie Bekaert: Une saga tiss\u00e9e de fil d\u2019acier et d\u2019audace\",\"datePublished\":\"2025-11-16T06:58:11+00:00\",\"mainEntityOfPage\":{\"@id\":\"https:\\\/\\\/www.forbes.be\\\/fr\\\/la-dynastie-bekaert-une-saga-tissee-de-fil-dacier-et-daudace\\\/\"},\"wordCount\":1628,\"publisher\":{\"@id\":\"https:\\\/\\\/www.forbes.be\\\/fr\\\/#organization\"},\"image\":{\"@id\":\"https:\\\/\\\/www.forbes.be\\\/fr\\\/la-dynastie-bekaert-une-saga-tissee-de-fil-dacier-et-daudace\\\/#primaryimage\"},\"thumbnailUrl\":\"https:\\\/\\\/www.forbes.be\\\/fr\\\/wp-content\\\/uploads\\\/2025\\\/07\\\/leo-leander-bekaert-scaled.jpg\",\"articleSection\":[\"Commerce\",\"Culture\",\"Leadership\",\"Soci\u00e9t\u00e9\"],\"inLanguage\":\"fr-FR\"},{\"@type\":\"WebPage\",\"@id\":\"https:\\\/\\\/www.forbes.be\\\/fr\\\/la-dynastie-bekaert-une-saga-tissee-de-fil-dacier-et-daudace\\\/\",\"url\":\"https:\\\/\\\/www.forbes.be\\\/fr\\\/la-dynastie-bekaert-une-saga-tissee-de-fil-dacier-et-daudace\\\/\",\"name\":\"La dynastie Bekaert: Une saga tiss\u00e9e de fil d\u2019acier et d\u2019audace | Forbes Belgique\",\"isPartOf\":{\"@id\":\"https:\\\/\\\/www.forbes.be\\\/fr\\\/#website\"},\"primaryImageOfPage\":{\"@id\":\"https:\\\/\\\/www.forbes.be\\\/fr\\\/la-dynastie-bekaert-une-saga-tissee-de-fil-dacier-et-daudace\\\/#primaryimage\"},\"image\":{\"@id\":\"https:\\\/\\\/www.forbes.be\\\/fr\\\/la-dynastie-bekaert-une-saga-tissee-de-fil-dacier-et-daudace\\\/#primaryimage\"},\"thumbnailUrl\":\"https:\\\/\\\/www.forbes.be\\\/fr\\\/wp-content\\\/uploads\\\/2025\\\/07\\\/leo-leander-bekaert-scaled.jpg\",\"datePublished\":\"2025-11-16T06:58:11+00:00\",\"description\":\"Des barbel\u00e9s de Leo Leander aux innovations mondiales de Bekaert, retour sur 150 ans d\u2019une dynastie industrielle belge o\u00f9 alliances familiales et strat\u00e9gie se confondent.\",\"breadcrumb\":{\"@id\":\"https:\\\/\\\/www.forbes.be\\\/fr\\\/la-dynastie-bekaert-une-saga-tissee-de-fil-dacier-et-daudace\\\/#breadcrumb\"},\"inLanguage\":\"fr-FR\",\"potentialAction\":[{\"@type\":\"ReadAction\",\"target\":[\"https:\\\/\\\/www.forbes.be\\\/fr\\\/la-dynastie-bekaert-une-saga-tissee-de-fil-dacier-et-daudace\\\/\"]}]},{\"@type\":\"ImageObject\",\"inLanguage\":\"fr-FR\",\"@id\":\"https:\\\/\\\/www.forbes.be\\\/fr\\\/la-dynastie-bekaert-une-saga-tissee-de-fil-dacier-et-daudace\\\/#primaryimage\",\"url\":\"https:\\\/\\\/www.forbes.be\\\/fr\\\/wp-content\\\/uploads\\\/2025\\\/07\\\/leo-leander-bekaert-scaled.jpg\",\"contentUrl\":\"https:\\\/\\\/www.forbes.be\\\/fr\\\/wp-content\\\/uploads\\\/2025\\\/07\\\/leo-leander-bekaert-scaled.jpg\",\"width\":2560,\"height\":1339,\"caption\":\"Leo Leander Bekaert - \u00a9 DR\"},{\"@type\":\"BreadcrumbList\",\"@id\":\"https:\\\/\\\/www.forbes.be\\\/fr\\\/la-dynastie-bekaert-une-saga-tissee-de-fil-dacier-et-daudace\\\/#breadcrumb\",\"itemListElement\":[{\"@type\":\"ListItem\",\"position\":1,\"name\":\"Accueil\",\"item\":\"https:\\\/\\\/www.forbes.be\\\/fr\\\/\"},{\"@type\":\"ListItem\",\"position\":2,\"name\":\"La dynastie Bekaert: Une saga tiss\u00e9e de fil d\u2019acier et d\u2019audace\"}]},{\"@type\":\"WebSite\",\"@id\":\"https:\\\/\\\/www.forbes.be\\\/fr\\\/#website\",\"url\":\"https:\\\/\\\/www.forbes.be\\\/fr\\\/\",\"name\":\"Forbes Belgique\",\"description\":\"\",\"publisher\":{\"@id\":\"https:\\\/\\\/www.forbes.be\\\/fr\\\/#organization\"},\"potentialAction\":[{\"@type\":\"SearchAction\",\"target\":{\"@type\":\"EntryPoint\",\"urlTemplate\":\"https:\\\/\\\/www.forbes.be\\\/fr\\\/?s={search_term_string}\"},\"query-input\":{\"@type\":\"PropertyValueSpecification\",\"valueRequired\":true,\"valueName\":\"search_term_string\"}}],\"inLanguage\":\"fr-FR\"},{\"@type\":\"Organization\",\"@id\":\"https:\\\/\\\/www.forbes.be\\\/fr\\\/#organization\",\"name\":\"Forbes Belgique\",\"url\":\"https:\\\/\\\/www.forbes.be\\\/fr\\\/\",\"logo\":{\"@type\":\"ImageObject\",\"inLanguage\":\"fr-FR\",\"@id\":\"https:\\\/\\\/www.forbes.be\\\/fr\\\/#\\\/schema\\\/logo\\\/image\\\/\",\"url\":\"https:\\\/\\\/www.forbes.be\\\/fr\\\/wp-content\\\/uploads\\\/2024\\\/02\\\/forbes.be_.png\",\"contentUrl\":\"https:\\\/\\\/www.forbes.be\\\/fr\\\/wp-content\\\/uploads\\\/2024\\\/02\\\/forbes.be_.png\",\"width\":1200,\"height\":675,\"caption\":\"Forbes Belgique\"},\"image\":{\"@id\":\"https:\\\/\\\/www.forbes.be\\\/fr\\\/#\\\/schema\\\/logo\\\/image\\\/\"},\"sameAs\":[\"https:\\\/\\\/www.facebook.com\\\/forbesbelgique\\\/\",\"https:\\\/\\\/www.instagram.com\\\/Forbes_Belgium\",\"https:\\\/\\\/www.linkedin.com\\\/company\\\/forbes-belgium\\\/\"]},{\"@type\":\"Person\",\"@id\":\"https:\\\/\\\/www.forbes.be\\\/fr\\\/#\\\/schema\\\/person\\\/87d98a9bc7c6fb6996cabbdf269dd70a\",\"name\":\"Lieven Desmet\",\"image\":{\"@type\":\"ImageObject\",\"inLanguage\":\"fr-FR\",\"@id\":\"https:\\\/\\\/www.forbes.be\\\/fr\\\/wp-content\\\/uploads\\\/2024\\\/01\\\/65-150x150.jpg\",\"url\":\"https:\\\/\\\/www.forbes.be\\\/fr\\\/wp-content\\\/uploads\\\/2024\\\/01\\\/65-150x150.jpg\",\"contentUrl\":\"https:\\\/\\\/www.forbes.be\\\/fr\\\/wp-content\\\/uploads\\\/2024\\\/01\\\/65-150x150.jpg\",\"caption\":\"Lieven Desmet\"},\"url\":\"https:\\\/\\\/www.forbes.be\\\/fr\\\/author\\\/lieven-desmet\\\/\"}]}<\/script>\n<!-- \/ Yoast SEO plugin. -->","yoast_head_json":{"title":"La dynastie Bekaert: Une saga tiss\u00e9e de fil d\u2019acier et d\u2019audace | Forbes Belgique","description":"Des barbel\u00e9s de Leo Leander aux innovations mondiales de Bekaert, retour sur 150 ans d\u2019une dynastie industrielle belge o\u00f9 alliances familiales et strat\u00e9gie se confondent.","robots":{"index":"index","follow":"follow","max-snippet":"max-snippet:-1","max-image-preview":"max-image-preview:large","max-video-preview":"max-video-preview:-1"},"canonical":"https:\/\/www.forbes.be\/fr\/la-dynastie-bekaert-une-saga-tissee-de-fil-dacier-et-daudace\/","og_locale":"fr_FR","og_type":"article","og_title":"La dynastie Bekaert: Une saga tiss\u00e9e de fil d\u2019acier et d\u2019audace | Forbes Belgique","og_description":"Des barbel\u00e9s de Leo Leander aux innovations mondiales de Bekaert, retour sur 150 ans d\u2019une dynastie industrielle belge o\u00f9 alliances familiales et strat\u00e9gie se confondent.","og_url":"https:\/\/www.forbes.be\/fr\/la-dynastie-bekaert-une-saga-tissee-de-fil-dacier-et-daudace\/","og_site_name":"Forbes Belgique","article_publisher":"https:\/\/www.facebook.com\/forbesbelgique\/","article_published_time":"2025-11-16T06:58:11+00:00","og_image":[{"width":2560,"height":1339,"url":"https:\/\/www.forbes.be\/fr\/wp-content\/uploads\/2025\/07\/leo-leander-bekaert-scaled.jpg","type":"image\/jpeg"}],"author":"Lieven Desmet","twitter_card":"summary_large_image","twitter_misc":{"\u00c9crit par":"Lieven Desmet","Dur\u00e9e de lecture estim\u00e9e":"8 minutes"},"schema":{"@context":"https:\/\/schema.org","@graph":[{"@type":"NewsArticle","@id":"https:\/\/www.forbes.be\/fr\/la-dynastie-bekaert-une-saga-tissee-de-fil-dacier-et-daudace\/#article","isPartOf":{"@id":"https:\/\/www.forbes.be\/fr\/la-dynastie-bekaert-une-saga-tissee-de-fil-dacier-et-daudace\/"},"author":{"name":"Lieven Desmet","@id":"https:\/\/www.forbes.be\/fr\/#\/schema\/person\/87d98a9bc7c6fb6996cabbdf269dd70a"},"headline":"La dynastie Bekaert: Une saga tiss\u00e9e de fil d\u2019acier et d\u2019audace","datePublished":"2025-11-16T06:58:11+00:00","mainEntityOfPage":{"@id":"https:\/\/www.forbes.be\/fr\/la-dynastie-bekaert-une-saga-tissee-de-fil-dacier-et-daudace\/"},"wordCount":1628,"publisher":{"@id":"https:\/\/www.forbes.be\/fr\/#organization"},"image":{"@id":"https:\/\/www.forbes.be\/fr\/la-dynastie-bekaert-une-saga-tissee-de-fil-dacier-et-daudace\/#primaryimage"},"thumbnailUrl":"https:\/\/www.forbes.be\/fr\/wp-content\/uploads\/2025\/07\/leo-leander-bekaert-scaled.jpg","articleSection":["Commerce","Culture","Leadership","Soci\u00e9t\u00e9"],"inLanguage":"fr-FR"},{"@type":"WebPage","@id":"https:\/\/www.forbes.be\/fr\/la-dynastie-bekaert-une-saga-tissee-de-fil-dacier-et-daudace\/","url":"https:\/\/www.forbes.be\/fr\/la-dynastie-bekaert-une-saga-tissee-de-fil-dacier-et-daudace\/","name":"La dynastie Bekaert: Une saga tiss\u00e9e de fil d\u2019acier et d\u2019audace | Forbes Belgique","isPartOf":{"@id":"https:\/\/www.forbes.be\/fr\/#website"},"primaryImageOfPage":{"@id":"https:\/\/www.forbes.be\/fr\/la-dynastie-bekaert-une-saga-tissee-de-fil-dacier-et-daudace\/#primaryimage"},"image":{"@id":"https:\/\/www.forbes.be\/fr\/la-dynastie-bekaert-une-saga-tissee-de-fil-dacier-et-daudace\/#primaryimage"},"thumbnailUrl":"https:\/\/www.forbes.be\/fr\/wp-content\/uploads\/2025\/07\/leo-leander-bekaert-scaled.jpg","datePublished":"2025-11-16T06:58:11+00:00","description":"Des barbel\u00e9s de Leo Leander aux innovations mondiales de Bekaert, retour sur 150 ans d\u2019une dynastie industrielle belge o\u00f9 alliances familiales et strat\u00e9gie se confondent.","breadcrumb":{"@id":"https:\/\/www.forbes.be\/fr\/la-dynastie-bekaert-une-saga-tissee-de-fil-dacier-et-daudace\/#breadcrumb"},"inLanguage":"fr-FR","potentialAction":[{"@type":"ReadAction","target":["https:\/\/www.forbes.be\/fr\/la-dynastie-bekaert-une-saga-tissee-de-fil-dacier-et-daudace\/"]}]},{"@type":"ImageObject","inLanguage":"fr-FR","@id":"https:\/\/www.forbes.be\/fr\/la-dynastie-bekaert-une-saga-tissee-de-fil-dacier-et-daudace\/#primaryimage","url":"https:\/\/www.forbes.be\/fr\/wp-content\/uploads\/2025\/07\/leo-leander-bekaert-scaled.jpg","contentUrl":"https:\/\/www.forbes.be\/fr\/wp-content\/uploads\/2025\/07\/leo-leander-bekaert-scaled.jpg","width":2560,"height":1339,"caption":"Leo Leander Bekaert - \u00a9 DR"},{"@type":"BreadcrumbList","@id":"https:\/\/www.forbes.be\/fr\/la-dynastie-bekaert-une-saga-tissee-de-fil-dacier-et-daudace\/#breadcrumb","itemListElement":[{"@type":"ListItem","position":1,"name":"Accueil","item":"https:\/\/www.forbes.be\/fr\/"},{"@type":"ListItem","position":2,"name":"La dynastie Bekaert: Une saga tiss\u00e9e de fil d\u2019acier et d\u2019audace"}]},{"@type":"WebSite","@id":"https:\/\/www.forbes.be\/fr\/#website","url":"https:\/\/www.forbes.be\/fr\/","name":"Forbes Belgique","description":"","publisher":{"@id":"https:\/\/www.forbes.be\/fr\/#organization"},"potentialAction":[{"@type":"SearchAction","target":{"@type":"EntryPoint","urlTemplate":"https:\/\/www.forbes.be\/fr\/?s={search_term_string}"},"query-input":{"@type":"PropertyValueSpecification","valueRequired":true,"valueName":"search_term_string"}}],"inLanguage":"fr-FR"},{"@type":"Organization","@id":"https:\/\/www.forbes.be\/fr\/#organization","name":"Forbes Belgique","url":"https:\/\/www.forbes.be\/fr\/","logo":{"@type":"ImageObject","inLanguage":"fr-FR","@id":"https:\/\/www.forbes.be\/fr\/#\/schema\/logo\/image\/","url":"https:\/\/www.forbes.be\/fr\/wp-content\/uploads\/2024\/02\/forbes.be_.png","contentUrl":"https:\/\/www.forbes.be\/fr\/wp-content\/uploads\/2024\/02\/forbes.be_.png","width":1200,"height":675,"caption":"Forbes Belgique"},"image":{"@id":"https:\/\/www.forbes.be\/fr\/#\/schema\/logo\/image\/"},"sameAs":["https:\/\/www.facebook.com\/forbesbelgique\/","https:\/\/www.instagram.com\/Forbes_Belgium","https:\/\/www.linkedin.com\/company\/forbes-belgium\/"]},{"@type":"Person","@id":"https:\/\/www.forbes.be\/fr\/#\/schema\/person\/87d98a9bc7c6fb6996cabbdf269dd70a","name":"Lieven Desmet","image":{"@type":"ImageObject","inLanguage":"fr-FR","@id":"https:\/\/www.forbes.be\/fr\/wp-content\/uploads\/2024\/01\/65-150x150.jpg","url":"https:\/\/www.forbes.be\/fr\/wp-content\/uploads\/2024\/01\/65-150x150.jpg","contentUrl":"https:\/\/www.forbes.be\/fr\/wp-content\/uploads\/2024\/01\/65-150x150.jpg","caption":"Lieven Desmet"},"url":"https:\/\/www.forbes.be\/fr\/author\/lieven-desmet\/"}]}},"_links":{"self":[{"href":"https:\/\/www.forbes.be\/fr\/wp-json\/wp\/v2\/posts\/11708","targetHints":{"allow":["GET"]}}],"collection":[{"href":"https:\/\/www.forbes.be\/fr\/wp-json\/wp\/v2\/posts"}],"about":[{"href":"https:\/\/www.forbes.be\/fr\/wp-json\/wp\/v2\/types\/post"}],"author":[{"embeddable":true,"href":"https:\/\/www.forbes.be\/fr\/wp-json\/wp\/v2\/users\/12"}],"replies":[{"embeddable":true,"href":"https:\/\/www.forbes.be\/fr\/wp-json\/wp\/v2\/comments?post=11708"}],"version-history":[{"count":4,"href":"https:\/\/www.forbes.be\/fr\/wp-json\/wp\/v2\/posts\/11708\/revisions"}],"predecessor-version":[{"id":11720,"href":"https:\/\/www.forbes.be\/fr\/wp-json\/wp\/v2\/posts\/11708\/revisions\/11720"}],"wp:featuredmedia":[{"embeddable":true,"href":"https:\/\/www.forbes.be\/fr\/wp-json\/wp\/v2\/media\/11716"}],"wp:attachment":[{"href":"https:\/\/www.forbes.be\/fr\/wp-json\/wp\/v2\/media?parent=11708"}],"wp:term":[{"taxonomy":"category","embeddable":true,"href":"https:\/\/www.forbes.be\/fr\/wp-json\/wp\/v2\/categories?post=11708"},{"taxonomy":"post_tag","embeddable":true,"href":"https:\/\/www.forbes.be\/fr\/wp-json\/wp\/v2\/tags?post=11708"}],"curies":[{"name":"wp","href":"https:\/\/api.w.org\/{rel}","templated":true}]}}