{"id":11752,"date":"2025-08-07T09:06:32","date_gmt":"2025-08-07T07:06:32","guid":{"rendered":"https:\/\/www.forbes.be\/fr\/?p=11752"},"modified":"2025-08-07T09:07:12","modified_gmt":"2025-08-07T07:07:12","slug":"dix-bmw-art-cars-dexception-exposees-lors-du-zoute-grand-prix","status":"publish","type":"post","link":"https:\/\/www.forbes.be\/fr\/dix-bmw-art-cars-dexception-exposees-lors-du-zoute-grand-prix\/","title":{"rendered":"Dix BMW Art Cars d&rsquo;exception expos\u00e9es lors du Zoute Grand Prix"},"content":{"rendered":"<p><span lang=\"FR-BE\">Avis aux passionn\u00e9s d&rsquo;art et m\u00eame d&rsquo;art sur quatre roues: d<\/span>ix BMW Art Cars d&rsquo;exception seront expos\u00e9es lors du <a href=\"https:\/\/www.zoutegrandprix.be\/fr\/evenements\/zoute-grand-prix-car-week\">Zoute Grand Prix Car Week<\/a>, le nouveau petit nom du Zoute Grand Prix, \u00e0 la mi-octobre. C&rsquo;est une premi\u00e8re en Belgique et la <a href=\"https:\/\/www.press.bmwgroup.com\/belux\/article\/detail\/T0451721FR\/bmw-belux-pr%C3%A9sente-10-bmw-art-cars-au-zoute-grand-prix?language=fr\">liste des dix voitures<\/a> vient d&rsquo;\u00eatre publi\u00e9e.<\/p>\n<p>La <a href=\"https:\/\/www.bmw-m.com\/en\/topics\/magazine-article-pool\/bmw-art-car-world-tour.html\">BMW Art Car World Tour<\/a> est une exposition historique organis\u00e9e par le constructeur automobile allemand sur les cinq continents. La collection compte un total de 20 v\u00e9hicules et retrace l&rsquo;histoire de l&rsquo;art de ces cinquante derni\u00e8res ann\u00e9es: minimalisme, pop art, r\u00e9alisme magique, art abstrait et conceptuel, ou encore art num\u00e9rique.<\/p>\n<p>Apr\u00e8s Hong Kong, Shanghai, Duba\u00ef et Stockholm, ce projet d\u2019exposition, le plus grand jamais r\u00e9alis\u00e9 autour des BMW Art Cars, s&rsquo;arr\u00eatera donc bient\u00f4t \u00e0 Knokke.<\/p>\n<p style=\"font-weight: 400;\">Certaines de ces \u0153uvres roulantes ont d&rsquo;ailleurs pris part \u00e0 des comp\u00e9titions automobiles. La toute premi\u00e8re Art Car, imagin\u00e9e par Alexander Calder, a ainsi particip\u00e9 aux 24 Heures du Mans en 1975. Plus r\u00e9cemment, l\u2019hypercar sign\u00e9e Julie Mehretu, derni\u00e8re n\u00e9e de la s\u00e9rie, a pris le d\u00e9part de la m\u00eame course en 2024.<\/p>\n<p style=\"font-weight: 400;\">La s\u00e9lection pr\u00e9sent\u00e9e \u00e0 Knokke-Heist sera un v\u00e9ritable panorama de l\u2019art contemporain : de l&rsquo;<a href=\"https:\/\/www.bmwartcarcollection.com\/01-alexander-calder-bmw-art-car\/\"><strong>Alexander Calder\/BMW 3.0 CSL 1975<\/strong><\/a>, pionni\u00e8re du genre, \u00e0 la\u00a0<a href=\"https:\/\/www.bmwartcarcollection.com\/03-roy-lichtenstein-bmw-art-car\/\"><strong>Roy Liechtenstein<\/strong>\/<strong>BMW 320i Turbo\/1977 <\/strong><\/a>marqu\u00e9e par ses embl\u00e9matiques \u00ab\u00a0Ben Day dots\u00a0\u00bb. En\u00a01979,\u00a0Andy Warhol\u00a0a quant \u00e0 lui recouvert une\u00a0<a href=\"https:\/\/www.bmwartcarcollection.com\/04-andy-warhol-bmw-art-car\/\"><strong>BMW M1<\/strong><\/a>\u00a0d\u2019environ 6 kg de peinture, appliqu\u00e9e directement \u00e0 la main, dans un \u00e9lan de spontan\u00e9it\u00e9 artistique. Il aurait termin\u00e9 son \u0153uvre en seulement 28 minutes \u2013 un clin d\u2019\u0153il \u00e0 la vitesse de la voiture elle-m\u00eame. D&rsquo;autres cr\u00e9ations remarquables compl\u00e8tent la collection, comme la\u00a0<strong><a href=\"https:\/\/www.bmwartcarcollection.com\/10-cesar-manrique-bmw-art-car\/\">C\u00e9sar Manrique\/BMW 730i\/1990<\/a>, <\/strong>la<a href=\"https:\/\/www.bmwartcarcollection.com\/14-david-hockney-bmw-art-car\/\"><strong> David Hockney\/<\/strong><strong>BMW 850 CSi\/1995 <\/strong><\/a>et la\u00a0<a href=\"https:\/\/www.bmwartcarcollection.com\/17-jeff-koons-bmw-art-car\/\"><strong>Jeff Koons\/BMW M3 GT2\/2010<\/strong><\/a>.<\/p>\n<p style=\"font-weight: 400;\">Les voitures seront visibles au Approach Golf \u00e0 Knokke-Heist durant le Zoute Grand Prix Car Week du 8 au 12 octobre. Ce m\u00eame site accueillera le <span lang=\"FR-BE\">Zoute Concours d\u2019\u00c9l\u00e9gance by ING Private Banking, qui fait son grand retour, les samedi 11 et dimanche 12 octobre. <\/span>Environ 50 voitures classiques d\u2019exception y seront r\u00e9unies.<\/p>\n<p><em>Voici la liste compl\u00e8te des BMW Art Cars qui seront expos\u00e9es au Zoute Grand Prix:<\/em><\/p>\n<ul style=\"font-weight: 400;\">\n<li><a href=\"https:\/\/www.bmwartcarcollection.com\/01-alexander-calder-bmw-art-car\/\"><em>#1. Alexander Calder \/ BMW 3.0 CSL \/ 1975<\/em><\/a><\/li>\n<li><a href=\"https:\/\/www.bmwartcarcollection.com\/02-frank-stella-bmw-art-car\/\"><em>#2. Frank Stella \/ BMW 3.0 CSL \/ 1976<\/em><\/a><\/li>\n<li><a href=\"https:\/\/www.bmwartcarcollection.com\/03-roy-lichtenstein-bmw-art-car\/\"><em>#3. Roy Lichtenstein \/ BMW 320i Turbo \/ 1977<\/em><\/a><\/li>\n<li><a href=\"https:\/\/www.bmwartcarcollection.com\/04-andy-warhol-bmw-art-car\/\"><em>#4. Andy Warhol \/ BMW M1 \/ 1979<\/em><\/a><\/li>\n<li><a href=\"https:\/\/www.bmwartcarcollection.com\/06-robert-rauschenberg-bmw-art-car\/\"><em>#6. Robert Rauschenberg \/ BMW 635 CSi \/ 1986<\/em><\/a><\/li>\n<li><a href=\"https:\/\/www.bmwartcarcollection.com\/10-cesar-manrique-bmw-art-car\/\"><em>#10. C\u00e9sar Manrique \/ BMW 730i \/ 1990<\/em><\/a><\/li>\n<li><a href=\"https:\/\/www.bmwartcarcollection.com\/12-esther-mahlangu-bmw-art-car\/\"><em>#12. Esther Mahlangu \/ BMW 525i \/ 1991<\/em><\/a><\/li>\n<li><a href=\"https:\/\/www.bmwartcarcollection.com\/14-david-hockney-bmw-art-car\/\"><em>#14. David Hockney \/ BMW 850 CSi \/ 1995<\/em><\/a><\/li>\n<li><a href=\"https:\/\/www.bmwartcarcollection.com\/20-julie-mehretu-bmw-art-car\/\"><em>#20. Julie Mehretu \/ BMW M Hybrid V8 \/ 2024<\/em><\/a><\/li>\n<\/ul>\n","protected":false},"excerpt":{"rendered":"<p>Avis aux passionn\u00e9s d&rsquo;art et m\u00eame d&rsquo;art sur quatre roues: dix BMW Art Cars d&rsquo;exception seront expos\u00e9es lors du Zoute Grand Prix Car Week, le nouveau petit nom du Zoute Grand Prix, \u00e0 la mi-octobre. C&rsquo;est une premi\u00e8re en Belgique et la liste des dix voitures vient d&rsquo;\u00eatre publi\u00e9e. La BMW Art Car World Tour [&hellip;]<\/p>\n","protected":false},"author":37,"featured_media":11754,"comment_status":"closed","ping_status":"closed","sticky":false,"template":"","format":"standard","meta":{"_acf_changed":false,"inline_featured_image":false,"footnotes":""},"categories":[74,60,18],"tags":[],"class_list":{"0":"post-11752","1":"post","2":"type-post","3":"status-publish","4":"format-standard","5":"has-post-thumbnail","7":"category-automobile","8":"category-lifestyle","9":"category-luxe"},"acf":[],"_yoast_wpseo_title":null,"_yoast_wpseo_metadesc":"Dix BMW Art Cars seront expos\u00e9es lors du Zoute Grand Prix d\u00e9but octobre \u00e0 Knokke. La liste vient d'\u00eatre d\u00e9voil\u00e9e.","auteur_traducteur":"","yoast_head":"<!-- This site is optimized with the Yoast SEO plugin v27.4 - https:\/\/yoast.com\/product\/yoast-seo-wordpress\/ -->\n<title>Dix BMW Art Cars d&#039;exception expos\u00e9es lors du Zoute Grand Prix | Forbes Belgique<\/title>\n<meta name=\"description\" content=\"Dix BMW Art Cars seront expos\u00e9es lors du Zoute Grand Prix d\u00e9but octobre \u00e0 Knokke. La liste vient d&#039;\u00eatre d\u00e9voil\u00e9e.\" \/>\n<meta name=\"robots\" content=\"index, follow, max-snippet:-1, max-image-preview:large, max-video-preview:-1\" \/>\n<link rel=\"canonical\" href=\"https:\/\/www.forbes.be\/fr\/dix-bmw-art-cars-dexception-exposees-lors-du-zoute-grand-prix\/\" \/>\n<meta property=\"og:locale\" content=\"fr_FR\" \/>\n<meta property=\"og:type\" content=\"article\" \/>\n<meta property=\"og:title\" content=\"Dix BMW Art Cars d&#039;exception expos\u00e9es lors du Zoute Grand Prix | Forbes Belgique\" \/>\n<meta property=\"og:description\" content=\"Dix BMW Art Cars seront expos\u00e9es lors du Zoute Grand Prix d\u00e9but octobre \u00e0 Knokke. La liste vient d&#039;\u00eatre d\u00e9voil\u00e9e.\" \/>\n<meta property=\"og:url\" content=\"https:\/\/www.forbes.be\/fr\/dix-bmw-art-cars-dexception-exposees-lors-du-zoute-grand-prix\/\" \/>\n<meta property=\"og:site_name\" content=\"Forbes Belgique\" \/>\n<meta property=\"article:publisher\" content=\"https:\/\/www.facebook.com\/forbesbelgique\/\" \/>\n<meta property=\"article:published_time\" content=\"2025-08-07T07:06:32+00:00\" \/>\n<meta property=\"article:modified_time\" content=\"2025-08-07T07:07:12+00:00\" \/>\n<meta property=\"og:image\" content=\"https:\/\/www.forbes.be\/fr\/wp-content\/uploads\/2025\/08\/bmw-2.jpg\" \/>\n\t<meta property=\"og:image:width\" content=\"2111\" \/>\n\t<meta property=\"og:image:height\" content=\"1187\" \/>\n\t<meta property=\"og:image:type\" content=\"image\/jpeg\" \/>\n<meta name=\"author\" content=\"Juan Godbille\" \/>\n<meta name=\"twitter:card\" content=\"summary_large_image\" \/>\n<meta name=\"twitter:label1\" content=\"\u00c9crit par\" \/>\n\t<meta name=\"twitter:data1\" content=\"Juan Godbille\" \/>\n\t<meta name=\"twitter:label2\" content=\"Dur\u00e9e de lecture estim\u00e9e\" \/>\n\t<meta name=\"twitter:data2\" content=\"3 minutes\" \/>\n<script type=\"application\/ld+json\" class=\"yoast-schema-graph\">{\"@context\":\"https:\\\/\\\/schema.org\",\"@graph\":[{\"@type\":\"NewsArticle\",\"@id\":\"https:\\\/\\\/www.forbes.be\\\/fr\\\/dix-bmw-art-cars-dexception-exposees-lors-du-zoute-grand-prix\\\/#article\",\"isPartOf\":{\"@id\":\"https:\\\/\\\/www.forbes.be\\\/fr\\\/dix-bmw-art-cars-dexception-exposees-lors-du-zoute-grand-prix\\\/\"},\"author\":{\"name\":\"Juan Godbille\",\"@id\":\"https:\\\/\\\/www.forbes.be\\\/fr\\\/#\\\/schema\\\/person\\\/0d449791ef6199da3d469eca714eb773\"},\"headline\":\"Dix BMW Art Cars d&rsquo;exception expos\u00e9es lors du Zoute Grand Prix\",\"datePublished\":\"2025-08-07T07:06:32+00:00\",\"dateModified\":\"2025-08-07T07:07:12+00:00\",\"mainEntityOfPage\":{\"@id\":\"https:\\\/\\\/www.forbes.be\\\/fr\\\/dix-bmw-art-cars-dexception-exposees-lors-du-zoute-grand-prix\\\/\"},\"wordCount\":434,\"publisher\":{\"@id\":\"https:\\\/\\\/www.forbes.be\\\/fr\\\/#organization\"},\"image\":{\"@id\":\"https:\\\/\\\/www.forbes.be\\\/fr\\\/dix-bmw-art-cars-dexception-exposees-lors-du-zoute-grand-prix\\\/#primaryimage\"},\"thumbnailUrl\":\"https:\\\/\\\/www.forbes.be\\\/fr\\\/wp-content\\\/uploads\\\/2025\\\/08\\\/bmw-2.jpg\",\"articleSection\":[\"Automobile\",\"Lifestyle\",\"Luxe\"],\"inLanguage\":\"fr-FR\"},{\"@type\":\"WebPage\",\"@id\":\"https:\\\/\\\/www.forbes.be\\\/fr\\\/dix-bmw-art-cars-dexception-exposees-lors-du-zoute-grand-prix\\\/\",\"url\":\"https:\\\/\\\/www.forbes.be\\\/fr\\\/dix-bmw-art-cars-dexception-exposees-lors-du-zoute-grand-prix\\\/\",\"name\":\"Dix BMW Art Cars d'exception expos\u00e9es lors du Zoute Grand Prix | Forbes Belgique\",\"isPartOf\":{\"@id\":\"https:\\\/\\\/www.forbes.be\\\/fr\\\/#website\"},\"primaryImageOfPage\":{\"@id\":\"https:\\\/\\\/www.forbes.be\\\/fr\\\/dix-bmw-art-cars-dexception-exposees-lors-du-zoute-grand-prix\\\/#primaryimage\"},\"image\":{\"@id\":\"https:\\\/\\\/www.forbes.be\\\/fr\\\/dix-bmw-art-cars-dexception-exposees-lors-du-zoute-grand-prix\\\/#primaryimage\"},\"thumbnailUrl\":\"https:\\\/\\\/www.forbes.be\\\/fr\\\/wp-content\\\/uploads\\\/2025\\\/08\\\/bmw-2.jpg\",\"datePublished\":\"2025-08-07T07:06:32+00:00\",\"dateModified\":\"2025-08-07T07:07:12+00:00\",\"description\":\"Dix BMW Art Cars seront expos\u00e9es lors du Zoute Grand Prix d\u00e9but octobre \u00e0 Knokke. La liste vient d'\u00eatre d\u00e9voil\u00e9e.\",\"breadcrumb\":{\"@id\":\"https:\\\/\\\/www.forbes.be\\\/fr\\\/dix-bmw-art-cars-dexception-exposees-lors-du-zoute-grand-prix\\\/#breadcrumb\"},\"inLanguage\":\"fr-FR\",\"potentialAction\":[{\"@type\":\"ReadAction\",\"target\":[\"https:\\\/\\\/www.forbes.be\\\/fr\\\/dix-bmw-art-cars-dexception-exposees-lors-du-zoute-grand-prix\\\/\"]}]},{\"@type\":\"ImageObject\",\"inLanguage\":\"fr-FR\",\"@id\":\"https:\\\/\\\/www.forbes.be\\\/fr\\\/dix-bmw-art-cars-dexception-exposees-lors-du-zoute-grand-prix\\\/#primaryimage\",\"url\":\"https:\\\/\\\/www.forbes.be\\\/fr\\\/wp-content\\\/uploads\\\/2025\\\/08\\\/bmw-2.jpg\",\"contentUrl\":\"https:\\\/\\\/www.forbes.be\\\/fr\\\/wp-content\\\/uploads\\\/2025\\\/08\\\/bmw-2.jpg\",\"width\":2111,\"height\":1187,\"caption\":\"\u00a9 BMW Art Cars World Tour\"},{\"@type\":\"BreadcrumbList\",\"@id\":\"https:\\\/\\\/www.forbes.be\\\/fr\\\/dix-bmw-art-cars-dexception-exposees-lors-du-zoute-grand-prix\\\/#breadcrumb\",\"itemListElement\":[{\"@type\":\"ListItem\",\"position\":1,\"name\":\"Accueil\",\"item\":\"https:\\\/\\\/www.forbes.be\\\/fr\\\/\"},{\"@type\":\"ListItem\",\"position\":2,\"name\":\"Dix BMW Art Cars d&rsquo;exception expos\u00e9es lors du Zoute Grand Prix\"}]},{\"@type\":\"WebSite\",\"@id\":\"https:\\\/\\\/www.forbes.be\\\/fr\\\/#website\",\"url\":\"https:\\\/\\\/www.forbes.be\\\/fr\\\/\",\"name\":\"Forbes Belgique\",\"description\":\"\",\"publisher\":{\"@id\":\"https:\\\/\\\/www.forbes.be\\\/fr\\\/#organization\"},\"potentialAction\":[{\"@type\":\"SearchAction\",\"target\":{\"@type\":\"EntryPoint\",\"urlTemplate\":\"https:\\\/\\\/www.forbes.be\\\/fr\\\/?s={search_term_string}\"},\"query-input\":{\"@type\":\"PropertyValueSpecification\",\"valueRequired\":true,\"valueName\":\"search_term_string\"}}],\"inLanguage\":\"fr-FR\"},{\"@type\":\"Organization\",\"@id\":\"https:\\\/\\\/www.forbes.be\\\/fr\\\/#organization\",\"name\":\"Forbes Belgique\",\"url\":\"https:\\\/\\\/www.forbes.be\\\/fr\\\/\",\"logo\":{\"@type\":\"ImageObject\",\"inLanguage\":\"fr-FR\",\"@id\":\"https:\\\/\\\/www.forbes.be\\\/fr\\\/#\\\/schema\\\/logo\\\/image\\\/\",\"url\":\"https:\\\/\\\/www.forbes.be\\\/fr\\\/wp-content\\\/uploads\\\/2024\\\/02\\\/forbes.be_.png\",\"contentUrl\":\"https:\\\/\\\/www.forbes.be\\\/fr\\\/wp-content\\\/uploads\\\/2024\\\/02\\\/forbes.be_.png\",\"width\":1200,\"height\":675,\"caption\":\"Forbes Belgique\"},\"image\":{\"@id\":\"https:\\\/\\\/www.forbes.be\\\/fr\\\/#\\\/schema\\\/logo\\\/image\\\/\"},\"sameAs\":[\"https:\\\/\\\/www.facebook.com\\\/forbesbelgique\\\/\",\"https:\\\/\\\/www.instagram.com\\\/Forbes_Belgium\",\"https:\\\/\\\/www.linkedin.com\\\/company\\\/forbes-belgium\\\/\"]},{\"@type\":\"Person\",\"@id\":\"https:\\\/\\\/www.forbes.be\\\/fr\\\/#\\\/schema\\\/person\\\/0d449791ef6199da3d469eca714eb773\",\"name\":\"Juan Godbille\",\"image\":{\"@type\":\"ImageObject\",\"inLanguage\":\"fr-FR\",\"@id\":\"https:\\\/\\\/secure.gravatar.com\\\/avatar\\\/de6d740453251c69ae34e42cfef9688bc2a5c942d7cab09074e7064fbac13ac9?s=96&d=mm&r=g\",\"url\":\"https:\\\/\\\/secure.gravatar.com\\\/avatar\\\/de6d740453251c69ae34e42cfef9688bc2a5c942d7cab09074e7064fbac13ac9?s=96&d=mm&r=g\",\"contentUrl\":\"https:\\\/\\\/secure.gravatar.com\\\/avatar\\\/de6d740453251c69ae34e42cfef9688bc2a5c942d7cab09074e7064fbac13ac9?s=96&d=mm&r=g\",\"caption\":\"Juan Godbille\"},\"url\":\"https:\\\/\\\/www.forbes.be\\\/fr\\\/author\\\/juan-godbille\\\/\"}]}<\/script>\n<!-- \/ Yoast SEO plugin. -->","yoast_head_json":{"title":"Dix BMW Art Cars d'exception expos\u00e9es lors du Zoute Grand Prix | Forbes Belgique","description":"Dix BMW Art Cars seront expos\u00e9es lors du Zoute Grand Prix d\u00e9but octobre \u00e0 Knokke. La liste vient d'\u00eatre d\u00e9voil\u00e9e.","robots":{"index":"index","follow":"follow","max-snippet":"max-snippet:-1","max-image-preview":"max-image-preview:large","max-video-preview":"max-video-preview:-1"},"canonical":"https:\/\/www.forbes.be\/fr\/dix-bmw-art-cars-dexception-exposees-lors-du-zoute-grand-prix\/","og_locale":"fr_FR","og_type":"article","og_title":"Dix BMW Art Cars d'exception expos\u00e9es lors du Zoute Grand Prix | Forbes Belgique","og_description":"Dix BMW Art Cars seront expos\u00e9es lors du Zoute Grand Prix d\u00e9but octobre \u00e0 Knokke. La liste vient d'\u00eatre d\u00e9voil\u00e9e.","og_url":"https:\/\/www.forbes.be\/fr\/dix-bmw-art-cars-dexception-exposees-lors-du-zoute-grand-prix\/","og_site_name":"Forbes Belgique","article_publisher":"https:\/\/www.facebook.com\/forbesbelgique\/","article_published_time":"2025-08-07T07:06:32+00:00","article_modified_time":"2025-08-07T07:07:12+00:00","og_image":[{"width":2111,"height":1187,"url":"https:\/\/www.forbes.be\/fr\/wp-content\/uploads\/2025\/08\/bmw-2.jpg","type":"image\/jpeg"}],"author":"Juan Godbille","twitter_card":"summary_large_image","twitter_misc":{"\u00c9crit par":"Juan Godbille","Dur\u00e9e de lecture estim\u00e9e":"3 minutes"},"schema":{"@context":"https:\/\/schema.org","@graph":[{"@type":"NewsArticle","@id":"https:\/\/www.forbes.be\/fr\/dix-bmw-art-cars-dexception-exposees-lors-du-zoute-grand-prix\/#article","isPartOf":{"@id":"https:\/\/www.forbes.be\/fr\/dix-bmw-art-cars-dexception-exposees-lors-du-zoute-grand-prix\/"},"author":{"name":"Juan Godbille","@id":"https:\/\/www.forbes.be\/fr\/#\/schema\/person\/0d449791ef6199da3d469eca714eb773"},"headline":"Dix BMW Art Cars d&rsquo;exception expos\u00e9es lors du Zoute Grand Prix","datePublished":"2025-08-07T07:06:32+00:00","dateModified":"2025-08-07T07:07:12+00:00","mainEntityOfPage":{"@id":"https:\/\/www.forbes.be\/fr\/dix-bmw-art-cars-dexception-exposees-lors-du-zoute-grand-prix\/"},"wordCount":434,"publisher":{"@id":"https:\/\/www.forbes.be\/fr\/#organization"},"image":{"@id":"https:\/\/www.forbes.be\/fr\/dix-bmw-art-cars-dexception-exposees-lors-du-zoute-grand-prix\/#primaryimage"},"thumbnailUrl":"https:\/\/www.forbes.be\/fr\/wp-content\/uploads\/2025\/08\/bmw-2.jpg","articleSection":["Automobile","Lifestyle","Luxe"],"inLanguage":"fr-FR"},{"@type":"WebPage","@id":"https:\/\/www.forbes.be\/fr\/dix-bmw-art-cars-dexception-exposees-lors-du-zoute-grand-prix\/","url":"https:\/\/www.forbes.be\/fr\/dix-bmw-art-cars-dexception-exposees-lors-du-zoute-grand-prix\/","name":"Dix BMW Art Cars d'exception expos\u00e9es lors du Zoute Grand Prix | Forbes Belgique","isPartOf":{"@id":"https:\/\/www.forbes.be\/fr\/#website"},"primaryImageOfPage":{"@id":"https:\/\/www.forbes.be\/fr\/dix-bmw-art-cars-dexception-exposees-lors-du-zoute-grand-prix\/#primaryimage"},"image":{"@id":"https:\/\/www.forbes.be\/fr\/dix-bmw-art-cars-dexception-exposees-lors-du-zoute-grand-prix\/#primaryimage"},"thumbnailUrl":"https:\/\/www.forbes.be\/fr\/wp-content\/uploads\/2025\/08\/bmw-2.jpg","datePublished":"2025-08-07T07:06:32+00:00","dateModified":"2025-08-07T07:07:12+00:00","description":"Dix BMW Art Cars seront expos\u00e9es lors du Zoute Grand Prix d\u00e9but octobre \u00e0 Knokke. La liste vient d'\u00eatre d\u00e9voil\u00e9e.","breadcrumb":{"@id":"https:\/\/www.forbes.be\/fr\/dix-bmw-art-cars-dexception-exposees-lors-du-zoute-grand-prix\/#breadcrumb"},"inLanguage":"fr-FR","potentialAction":[{"@type":"ReadAction","target":["https:\/\/www.forbes.be\/fr\/dix-bmw-art-cars-dexception-exposees-lors-du-zoute-grand-prix\/"]}]},{"@type":"ImageObject","inLanguage":"fr-FR","@id":"https:\/\/www.forbes.be\/fr\/dix-bmw-art-cars-dexception-exposees-lors-du-zoute-grand-prix\/#primaryimage","url":"https:\/\/www.forbes.be\/fr\/wp-content\/uploads\/2025\/08\/bmw-2.jpg","contentUrl":"https:\/\/www.forbes.be\/fr\/wp-content\/uploads\/2025\/08\/bmw-2.jpg","width":2111,"height":1187,"caption":"\u00a9 BMW Art Cars World Tour"},{"@type":"BreadcrumbList","@id":"https:\/\/www.forbes.be\/fr\/dix-bmw-art-cars-dexception-exposees-lors-du-zoute-grand-prix\/#breadcrumb","itemListElement":[{"@type":"ListItem","position":1,"name":"Accueil","item":"https:\/\/www.forbes.be\/fr\/"},{"@type":"ListItem","position":2,"name":"Dix BMW Art Cars d&rsquo;exception expos\u00e9es lors du Zoute Grand Prix"}]},{"@type":"WebSite","@id":"https:\/\/www.forbes.be\/fr\/#website","url":"https:\/\/www.forbes.be\/fr\/","name":"Forbes Belgique","description":"","publisher":{"@id":"https:\/\/www.forbes.be\/fr\/#organization"},"potentialAction":[{"@type":"SearchAction","target":{"@type":"EntryPoint","urlTemplate":"https:\/\/www.forbes.be\/fr\/?s={search_term_string}"},"query-input":{"@type":"PropertyValueSpecification","valueRequired":true,"valueName":"search_term_string"}}],"inLanguage":"fr-FR"},{"@type":"Organization","@id":"https:\/\/www.forbes.be\/fr\/#organization","name":"Forbes Belgique","url":"https:\/\/www.forbes.be\/fr\/","logo":{"@type":"ImageObject","inLanguage":"fr-FR","@id":"https:\/\/www.forbes.be\/fr\/#\/schema\/logo\/image\/","url":"https:\/\/www.forbes.be\/fr\/wp-content\/uploads\/2024\/02\/forbes.be_.png","contentUrl":"https:\/\/www.forbes.be\/fr\/wp-content\/uploads\/2024\/02\/forbes.be_.png","width":1200,"height":675,"caption":"Forbes Belgique"},"image":{"@id":"https:\/\/www.forbes.be\/fr\/#\/schema\/logo\/image\/"},"sameAs":["https:\/\/www.facebook.com\/forbesbelgique\/","https:\/\/www.instagram.com\/Forbes_Belgium","https:\/\/www.linkedin.com\/company\/forbes-belgium\/"]},{"@type":"Person","@id":"https:\/\/www.forbes.be\/fr\/#\/schema\/person\/0d449791ef6199da3d469eca714eb773","name":"Juan Godbille","image":{"@type":"ImageObject","inLanguage":"fr-FR","@id":"https:\/\/secure.gravatar.com\/avatar\/de6d740453251c69ae34e42cfef9688bc2a5c942d7cab09074e7064fbac13ac9?s=96&d=mm&r=g","url":"https:\/\/secure.gravatar.com\/avatar\/de6d740453251c69ae34e42cfef9688bc2a5c942d7cab09074e7064fbac13ac9?s=96&d=mm&r=g","contentUrl":"https:\/\/secure.gravatar.com\/avatar\/de6d740453251c69ae34e42cfef9688bc2a5c942d7cab09074e7064fbac13ac9?s=96&d=mm&r=g","caption":"Juan Godbille"},"url":"https:\/\/www.forbes.be\/fr\/author\/juan-godbille\/"}]}},"_links":{"self":[{"href":"https:\/\/www.forbes.be\/fr\/wp-json\/wp\/v2\/posts\/11752","targetHints":{"allow":["GET"]}}],"collection":[{"href":"https:\/\/www.forbes.be\/fr\/wp-json\/wp\/v2\/posts"}],"about":[{"href":"https:\/\/www.forbes.be\/fr\/wp-json\/wp\/v2\/types\/post"}],"author":[{"embeddable":true,"href":"https:\/\/www.forbes.be\/fr\/wp-json\/wp\/v2\/users\/37"}],"replies":[{"embeddable":true,"href":"https:\/\/www.forbes.be\/fr\/wp-json\/wp\/v2\/comments?post=11752"}],"version-history":[{"count":5,"href":"https:\/\/www.forbes.be\/fr\/wp-json\/wp\/v2\/posts\/11752\/revisions"}],"predecessor-version":[{"id":11765,"href":"https:\/\/www.forbes.be\/fr\/wp-json\/wp\/v2\/posts\/11752\/revisions\/11765"}],"wp:featuredmedia":[{"embeddable":true,"href":"https:\/\/www.forbes.be\/fr\/wp-json\/wp\/v2\/media\/11754"}],"wp:attachment":[{"href":"https:\/\/www.forbes.be\/fr\/wp-json\/wp\/v2\/media?parent=11752"}],"wp:term":[{"taxonomy":"category","embeddable":true,"href":"https:\/\/www.forbes.be\/fr\/wp-json\/wp\/v2\/categories?post=11752"},{"taxonomy":"post_tag","embeddable":true,"href":"https:\/\/www.forbes.be\/fr\/wp-json\/wp\/v2\/tags?post=11752"}],"curies":[{"name":"wp","href":"https:\/\/api.w.org\/{rel}","templated":true}]}}