{"id":11959,"date":"2025-08-22T14:00:54","date_gmt":"2025-08-22T12:00:54","guid":{"rendered":"https:\/\/www.forbes.be\/fr\/?p=11959"},"modified":"2025-08-22T14:16:43","modified_gmt":"2025-08-22T12:16:43","slug":"ce-que-la-reforme-des-honoraires-ne-dit-pas-sur-lavenir-du-soin-en-belgique-2","status":"publish","type":"post","link":"https:\/\/www.forbes.be\/fr\/ce-que-la-reforme-des-honoraires-ne-dit-pas-sur-lavenir-du-soin-en-belgique-2\/","title":{"rendered":"Ce que la r\u00e9forme des honoraires ne dit pas sur l\u2019avenir du soin en Belgique"},"content":{"rendered":"<p><strong>Face \u00e0 la r\u00e9forme controvers\u00e9e des honoraires m\u00e9dicaux port\u00e9e par le ministre de la Sant\u00e9 Franck Vandenbroecke, un collectif de gyn\u00e9cologues bruxellois d\u00e9nonce dans une tribune ses effets potentiellement d\u00e9l\u00e9t\u00e8res. Le Dr Iphig\u00e9nie de Selliers, gyn\u00e9cologue et cofondatrice du centre Aspera Medical, figure parmi les supporters. Elle revient ici, en tant que praticienne de terrain, sur les risques concrets pour les cabinets ind\u00e9pendants, l\u2019acc\u00e8s aux soins et l\u2019avenir du syst\u00e8me belge. <\/strong><\/p>\n<p>Le projet de <strong>r\u00e9forme<\/strong> du <strong>ministre Frank Vandenbroucke<\/strong> vise \u00e0 plafonner les <strong>suppl\u00e9ments d\u2019honoraires m\u00e9dicaux<\/strong> pour rendre les soins plus accessibles et r\u00e9duire les <strong>in\u00e9galit\u00e9s tarifaires<\/strong>. Initialement tr\u00e8s strict (plafond de 25% en ambulatoire, 125% \u00e0 l\u2019h\u00f4pital, suppression du conventionnement partiel), le texte a suscit\u00e9 une forte opposition, notamment une <strong>gr\u00e8ve des m\u00e9decins en juillet<\/strong> 2025. Face \u00e0 cela, son entr\u00e9e en vigueur a \u00e9t\u00e9 repouss\u00e9e \u00e0 2028, avec une concertation pr\u00e9vue jusqu\u2019en 2027.<\/p>\n<figure id=\"attachment_11962\" aria-describedby=\"caption-attachment-11962\" style=\"width: 2560px\" class=\"wp-caption alignnone\"><img loading=\"lazy\" decoding=\"async\" class=\"size-full wp-image-11962\" src=\"https:\/\/www.forbes.be\/fr\/wp-content\/uploads\/2025\/08\/shutterstock-2436635805-scaled.jpg\" alt=\"\" width=\"2560\" height=\"1707\" srcset=\"https:\/\/www.forbes.be\/fr\/wp-content\/uploads\/2025\/08\/shutterstock-2436635805-scaled.jpg 2560w, https:\/\/www.forbes.be\/fr\/wp-content\/uploads\/2025\/08\/shutterstock-2436635805-300x200.jpg 300w, https:\/\/www.forbes.be\/fr\/wp-content\/uploads\/2025\/08\/shutterstock-2436635805-1024x683.jpg 1024w, https:\/\/www.forbes.be\/fr\/wp-content\/uploads\/2025\/08\/shutterstock-2436635805-768x512.jpg 768w, https:\/\/www.forbes.be\/fr\/wp-content\/uploads\/2025\/08\/shutterstock-2436635805-1536x1024.jpg 1536w, https:\/\/www.forbes.be\/fr\/wp-content\/uploads\/2025\/08\/shutterstock-2436635805-2048x1365.jpg 2048w, https:\/\/www.forbes.be\/fr\/wp-content\/uploads\/2025\/08\/shutterstock-2436635805-696x464.jpg 696w, https:\/\/www.forbes.be\/fr\/wp-content\/uploads\/2025\/08\/shutterstock-2436635805-1068x712.jpg 1068w, https:\/\/www.forbes.be\/fr\/wp-content\/uploads\/2025\/08\/shutterstock-2436635805-1920x1280.jpg 1920w, https:\/\/www.forbes.be\/fr\/wp-content\/uploads\/2025\/08\/shutterstock-2436635805-600x400.jpg 600w\" sizes=\"auto, (max-width: 2560px) 100vw, 2560px\" \/><figcaption id=\"caption-attachment-11962\" class=\"wp-caption-text\">Franck Vandenbroucke, vice-premier ministre de Belgique, et Ministre f\u00e9d\u00e9ral de la Sant\u00e9 et des Affaires sociales \u00a9 DR\/Shutterstock.com<\/figcaption><\/figure>\n<p>Dans une tribune, un <strong>collectif de gyn\u00e9cologues bruxellois<\/strong> alerte sur les effets potentiellement contre-productifs de la <strong>r\u00e9forme<\/strong>. Elle d\u00e9fend que les <strong>soins<\/strong> sont d\u00e9j\u00e0 largement accessibles, que les suppl\u00e9ments financent partiellement les <strong>h\u00f4pitaux<\/strong> sans grever le budget de l\u2019\u00c9tat, et que la suppression du <strong>conventionnement partiel<\/strong> pourrait fragiliser l\u2019attractivit\u00e9 de la <strong>profession m\u00e9dicale<\/strong>, en particulier pour les jeunes sp\u00e9cialistes confront\u00e9s \u00e0 des co\u00fbts d\u2019installation tr\u00e8s \u00e9lev\u00e9s.<\/p>\n<p><strong>Forbes Belgique &#8211; Quel est votre regard global sur le projet du ministre Vandenbroucke ? <\/strong><\/p>\n<p><strong>Dr Iphig\u00e9nie de Selliers &#8211;<\/strong> Ce projet de loi traduit une m\u00e9connaissance structurelle du <strong>terrain m\u00e9dical<\/strong>. Il applique une logique de <strong>contr\u00f4le budg\u00e9taire<\/strong> sur un syst\u00e8me d\u00e9j\u00e0 sous tension, sans diff\u00e9rencier les r\u00e9alit\u00e9s du secteur hospitalier et de la <strong>m\u00e9decine ind\u00e9pendante<\/strong>. C\u2019est une <strong>r\u00e9forme<\/strong> pens\u00e9e comme un outil d\u2019<strong>\u00e9galisation tarifaire<\/strong>, mais qui, dans les faits, menace la diversit\u00e9 des offres de soins. La <strong>m\u00e9decine<\/strong> ne se r\u00e9sume pas \u00e0 une grille de tarifs.<\/p>\n<figure id=\"attachment_11951\" aria-describedby=\"caption-attachment-11951\" style=\"width: 1050px\" class=\"wp-caption alignnone\"><img loading=\"lazy\" decoding=\"async\" class=\"size-full wp-image-11951\" src=\"https:\/\/www.forbes.be\/fr\/wp-content\/uploads\/2025\/08\/dsc09904-scaled-e1755863535563.jpg\" alt=\"\" width=\"1050\" height=\"1480\" srcset=\"https:\/\/www.forbes.be\/fr\/wp-content\/uploads\/2025\/08\/dsc09904-scaled-e1755863535563.jpg 1050w, https:\/\/www.forbes.be\/fr\/wp-content\/uploads\/2025\/08\/dsc09904-scaled-e1755863535563-213x300.jpg 213w, https:\/\/www.forbes.be\/fr\/wp-content\/uploads\/2025\/08\/dsc09904-scaled-e1755863535563-726x1024.jpg 726w, https:\/\/www.forbes.be\/fr\/wp-content\/uploads\/2025\/08\/dsc09904-scaled-e1755863535563-768x1083.jpg 768w, https:\/\/www.forbes.be\/fr\/wp-content\/uploads\/2025\/08\/dsc09904-scaled-e1755863535563-696x981.jpg 696w, https:\/\/www.forbes.be\/fr\/wp-content\/uploads\/2025\/08\/dsc09904-scaled-e1755863535563-600x846.jpg 600w\" sizes=\"auto, (max-width: 1050px) 100vw, 1050px\" \/><figcaption id=\"caption-attachment-11951\" class=\"wp-caption-text\">Le Dr Iphig\u00e9nie de Selliers, gyn\u00e9cologue et fondatrice du centre Aspera Medical \u00e0 Bruxelles<\/figcaption><\/figure>\n<p><strong>&#8211; Que reprochez-vous particuli\u00e8rement au texte ?<\/strong><\/p>\n<p><strong>&#8211;<\/strong> L\u2019absence de concertation. Cette <strong>r\u00e9forme<\/strong> traite de fa\u00e7on identique les <strong>h\u00f4pitaux<\/strong>, les <strong>maisons m\u00e9dicales<\/strong> et les<strong> ind\u00e9pendants<\/strong>, alors que nos r\u00e9alit\u00e9s sont incomparables. Les suppl\u00e9ments permettent d\u2019offrir un suivi de qualit\u00e9, des <strong>consultations<\/strong> plus longues, plus humain. Les<strong> patients<\/strong> le savent, ils choisissent cela. Je me demande aussi quelle est la finalit\u00e9 r\u00e9elle de cette r\u00e9forme. Est-ce vraiment l\u2019accessibilit\u00e9 qui est vis\u00e9e ? Ou bien une r\u00e9duction des <strong>d\u00e9penses de sant\u00e9<\/strong>, aux d\u00e9pens de la <strong>qualit\u00e9 des soins<\/strong> ? Lorsqu\u2019on examine l\u2019architecture globale du projet, on comprend que le levier budg\u00e9taire semble primer sur toute autre consid\u00e9ration.<\/p>\n<p><strong>&#8211; Vous exercez dans un centre ind\u00e9pendant. Quelle est votre r\u00e9alit\u00e9 \u00e9conomique au quotidien ? <\/strong><\/p>\n<p><strong>&#8211;<\/strong> J\u2019ai cofond\u00e9 le <a href=\"https:\/\/www.asperamedical.org\/\" target=\"_blank\" rel=\"noopener\">centre Aspera Medical<\/a> pour proposer une prise en charge globale et humaine de la <strong>sant\u00e9 pr\u00e9ventive<\/strong>, sur des bases pluridisciplinaires. Ce mod\u00e8le repose \u00e0 100% sur nos moyens propres. Aucun financement public \u00e0 l\u2019installation. Aucun soutien \u00e0 l\u2019\u00e9quipement. Nous finan\u00e7ons tout : machines d\u2019\u00e9chographie entre 60 000 \u20ac et 120 000\u20ac (sans parler des machines de mammographies, dont le prix se chiffre en centaines de milliers d\u2019euros), logiciels de prescription obligatoires, loyers \u00e9lev\u00e9s, mat\u00e9riel \u00e0 usage unique non rembours\u00e9, secr\u00e9tariat, assurances dont les primes ont explos\u00e9 avec l\u2019inflation\u2026 Rendez-vous compte qu\u2019une simple lampe led sur bras articul\u00e9 mais adapt\u00e9e \u00e0 un usage gyn\u00e9cologique peut co\u00fbter 1000\u20ac ! Le tarif <a href=\"https:\/\/www.inami.fgov.be\/fr\" target=\"_blank\" rel=\"noopener\">INAMI<\/a> pour une <strong>consultation gyn\u00e9cologique<\/strong> est de 33\u20ac brut. Cela ne couvre m\u00eame pas les <strong>frais fixes<\/strong>. Nous ne b\u00e9n\u00e9ficions pas, comme en <strong>h\u00f4pital<\/strong>, d\u2019infrastructures mutualis\u00e9es ou de personnel subventionn\u00e9. Les <strong>suppl\u00e9ments d\u2019honoraires<\/strong> permettent de maintenir notre mod\u00e8le. Sans eux, notre exercice devient d\u00e9ficitaire.<\/p>\n<div id='gallery-1' class='gallery galleryid-11959 gallery-columns-2 gallery-size-full'><figure class='gallery-item'>\n\t\t\t<div class='gallery-icon portrait'>\n\t\t\t\t<a href='https:\/\/www.forbes.be\/fr\/?attachment_id=11952'><img loading=\"lazy\" decoding=\"async\" width=\"1440\" height=\"2560\" src=\"https:\/\/www.forbes.be\/fr\/wp-content\/uploads\/2025\/08\/dsc09950-scaled.jpg\" class=\"attachment-full size-full\" alt=\"\" aria-describedby=\"gallery-1-11952\" srcset=\"https:\/\/www.forbes.be\/fr\/wp-content\/uploads\/2025\/08\/dsc09950-scaled.jpg 1440w, https:\/\/www.forbes.be\/fr\/wp-content\/uploads\/2025\/08\/dsc09950-169x300.jpg 169w, https:\/\/www.forbes.be\/fr\/wp-content\/uploads\/2025\/08\/dsc09950-576x1024.jpg 576w, https:\/\/www.forbes.be\/fr\/wp-content\/uploads\/2025\/08\/dsc09950-768x1365.jpg 768w, https:\/\/www.forbes.be\/fr\/wp-content\/uploads\/2025\/08\/dsc09950-864x1536.jpg 864w, https:\/\/www.forbes.be\/fr\/wp-content\/uploads\/2025\/08\/dsc09950-1152x2048.jpg 1152w, https:\/\/www.forbes.be\/fr\/wp-content\/uploads\/2025\/08\/dsc09950-696x1237.jpg 696w, https:\/\/www.forbes.be\/fr\/wp-content\/uploads\/2025\/08\/dsc09950-1068x1898.jpg 1068w, https:\/\/www.forbes.be\/fr\/wp-content\/uploads\/2025\/08\/dsc09950-1920x3412.jpg 1920w, https:\/\/www.forbes.be\/fr\/wp-content\/uploads\/2025\/08\/dsc09950-600x1066.jpg 600w\" sizes=\"auto, (max-width: 1440px) 100vw, 1440px\" \/><\/a>\n\t\t\t<\/div>\n\t\t\t\t<figcaption class='wp-caption-text gallery-caption' id='gallery-1-11952'>\n\t\t\t\t\u00a9 Aspera Medical\n\t\t\t\t<\/figcaption><\/figure><figure class='gallery-item'>\n\t\t\t<div class='gallery-icon portrait'>\n\t\t\t\t<a href='https:\/\/www.forbes.be\/fr\/?attachment_id=11950'><img loading=\"lazy\" decoding=\"async\" width=\"1440\" height=\"2560\" src=\"https:\/\/www.forbes.be\/fr\/wp-content\/uploads\/2025\/08\/dsc09894-scaled.jpg\" class=\"attachment-full size-full\" alt=\"\" aria-describedby=\"gallery-1-11950\" srcset=\"https:\/\/www.forbes.be\/fr\/wp-content\/uploads\/2025\/08\/dsc09894-scaled.jpg 1440w, https:\/\/www.forbes.be\/fr\/wp-content\/uploads\/2025\/08\/dsc09894-169x300.jpg 169w, https:\/\/www.forbes.be\/fr\/wp-content\/uploads\/2025\/08\/dsc09894-576x1024.jpg 576w, https:\/\/www.forbes.be\/fr\/wp-content\/uploads\/2025\/08\/dsc09894-768x1365.jpg 768w, https:\/\/www.forbes.be\/fr\/wp-content\/uploads\/2025\/08\/dsc09894-864x1536.jpg 864w, https:\/\/www.forbes.be\/fr\/wp-content\/uploads\/2025\/08\/dsc09894-1152x2048.jpg 1152w, https:\/\/www.forbes.be\/fr\/wp-content\/uploads\/2025\/08\/dsc09894-696x1237.jpg 696w, https:\/\/www.forbes.be\/fr\/wp-content\/uploads\/2025\/08\/dsc09894-1068x1898.jpg 1068w, https:\/\/www.forbes.be\/fr\/wp-content\/uploads\/2025\/08\/dsc09894-1920x3412.jpg 1920w, https:\/\/www.forbes.be\/fr\/wp-content\/uploads\/2025\/08\/dsc09894-600x1066.jpg 600w\" sizes=\"auto, (max-width: 1440px) 100vw, 1440px\" \/><\/a>\n\t\t\t<\/div>\n\t\t\t\t<figcaption class='wp-caption-text gallery-caption' id='gallery-1-11950'>\n\t\t\t\t\u00a9 Aspera Medical\n\t\t\t\t<\/figcaption><\/figure>\n\t\t<\/div>\n\n<p><strong>&#8211; \u00c0 quoi servent concr\u00e8tement ces suppl\u00e9ments ? <\/strong><\/p>\n<p><strong>&#8211;<\/strong> Ils garantissent la qualit\u00e9. Nous offrons des <strong>consultations<\/strong> longues (30 minutes, parfois plus) qui permettent de prendre en charge la <strong>patiente<\/strong> dans sa globalit\u00e9. Nous sommes disponibles en urgence, en soir\u00e9e, le week-end. Cela n\u00e9cessite une organisation familiale particuli\u00e8re, des gardes, une astreinte. Ces suppl\u00e9ments servent aussi \u00e0 financer notre formation continue, \u00e0 maintenir un niveau d\u2019expertise et d\u2019\u00e9quipement constant. C\u2019est une illusion de croire que ces suppl\u00e9ments rel\u00e8vent du luxe. Ils permettent une <strong>m\u00e9decine<\/strong> accessible, humaine, efficace. Sans eux, ce sont les <strong>h\u00f4pitaux<\/strong> qui devront absorber la charge, avec une file d\u2019attente allong\u00e9e et une <strong>m\u00e9decine<\/strong> moins personnalis\u00e9e.<\/p>\n<p><strong>&#8211; Le ministre justifie la r\u00e9forme par des imp\u00e9ratifs d\u2019accessibilit\u00e9. Que lui r\u00e9pondez-vous ?<\/strong><\/p>\n<p><span style=\"font-family: Verdana, BlinkMacSystemFont, -apple-system, 'Segoe UI', Roboto, Oxygen, Ubuntu, Cantarell, 'Open Sans', 'Helvetica Neue', sans-serif;\"><strong>&#8211;<\/strong> Que son raisonnement repose sur des chiffres d\u00e9connect\u00e9s. Les donn\u00e9es du <a href=\"https:\/\/kce.fgov.be\/fr\" target=\"_blank\" rel=\"noopener\">KCE (Centre F\u00e9d\u00e9ral d\u2019Expertise des Soins de Sant\u00e9)<\/a> sont claires : seuls 0,9% des Belges ont renonc\u00e9 \u00e0 des <strong>soins<\/strong> pour des <strong>raisons financi\u00e8res<\/strong> en 2023. Pas 41%, comme on l\u2019a entendu dans certains m\u00e9dias. Et ces renoncements concernent principalement les soins dentaires et la m\u00e9decine g\u00e9n\u00e9rale, pas la <strong>m\u00e9decine sp\u00e9cialis\u00e9e<\/strong>. En parall\u00e8le, les patients \u00e0 faibles revenus (BIM) ne paient plus de suppl\u00e9ments. Cette mesure a d\u00e9j\u00e0 \u00e9t\u00e9 mise en \u0153uvre, et c\u2019est une avanc\u00e9e importante. De plus, la moiti\u00e9 des patients disposent d\u2019une assurance compl\u00e9mentaire qui prend en charge tout ou partie des suppl\u00e9ments. Les<strong> patients<\/strong> restants font un choix \u00e9clair\u00e9 : payer un suppl\u00e9ment pour une prise en charge plus compl\u00e8te, plus humaine. Ce n\u2019est pas une barri\u00e8re, c\u2019est une option.<\/span><\/p>\n<p><span style=\"font-family: Verdana, BlinkMacSystemFont, -apple-system, 'Segoe UI', Roboto, Oxygen, Ubuntu, Cantarell, 'Open Sans', 'Helvetica Neue', sans-serif;\"> De plus, le <strong>secteur m\u00e9dical ind\u00e9pendant<\/strong> forme une cha\u00eene \u00e9conomique locale : \u00e9quipement, maintenance, secr\u00e9tariat, techniciens, informaticiens, loyers. La disparition d\u2019un mod\u00e8le priv\u00e9 viable r\u00e9duira les recettes de TVA, provoquera des pertes d\u2019emplois et fragilisera tout un \u00e9cosyst\u00e8me de PME qui fournissent services et mat\u00e9riel. <\/span><\/p>\n<p><span style=\"font-family: Verdana, BlinkMacSystemFont, -apple-system, 'Segoe UI', Roboto, Oxygen, Ubuntu, Cantarell, 'Open Sans', 'Helvetica Neue', sans-serif;\">En outre, l\u2019effondrement du priv\u00e9 menacerait directement le march\u00e9 des <strong>assurances compl\u00e9mentaires<\/strong> (hospitalisation, soins ambulatoires, couverture sant\u00e9), qui p\u00e8se plusieurs milliards d\u2019euros par an en Belgique. Ce secteur emploie des milliers de personnes et g\u00e9n\u00e8re d\u2019importantes <strong>recettes fiscales<\/strong>. Si ce march\u00e9 se contracte, ce sont non seulement des <strong>revenus fiscaux<\/strong> qui disparaissent, mais aussi des emplois et tout un r\u00e9seau de prestataires qui s\u2019effondre. Ces effets collat\u00e9raux doivent imp\u00e9rativement \u00eatre int\u00e9gr\u00e9s dans toute \u00e9valuation budg\u00e9taire de la r\u00e9forme. <\/span><\/p>\n<p><strong><span style=\"font-family: Verdana, BlinkMacSystemFont, -apple-system, 'Segoe UI', Roboto, Oxygen, Ubuntu, Cantarell, 'Open Sans', 'Helvetica Neue', sans-serif;\">&#8211; Vous avez sign\u00e9 la tribune du collectif de gyn\u00e9cologues bruxellois. Qu\u2019est-ce qui vous y a particuli\u00e8rement interpell\u00e9e ? <\/span><\/strong><\/p>\n<p><span style=\"font-family: Verdana, BlinkMacSystemFont, -apple-system, 'Segoe UI', Roboto, Oxygen, Ubuntu, Cantarell, 'Open Sans', 'Helvetica Neue', sans-serif;\"><strong>&#8211;<\/strong> Elle met en \u00e9vidence trois angles morts de la r\u00e9forme. D\u2019abord, la suppression du <strong>conventionnement partiel<\/strong> est une erreur strat\u00e9gique. Cette flexibilit\u00e9 permet \u00e0 de nombreux <strong>m\u00e9decins<\/strong> d\u2019\u00e9quilibrer leur pratique : une partie conventionn\u00e9e (\u00e0 tarifs contr\u00f4l\u00e9s), une autre non (avec suppl\u00e9ments mod\u00e9r\u00e9s). Supprimer cette possibilit\u00e9, c\u2019est forcer les jeunes \u00e0 choisir entre deux extr\u00eames : pr\u00e9carit\u00e9 ou d\u00e9sengagement. C\u2019est invivable. Ensuite, la r\u00e9forme ignore la complexit\u00e9 de la nomenclature. L\u2019INAMI fonctionne encore avec des grilles archa\u00efques, non index\u00e9es, qui ne reconnaissent ni le temps m\u00e9dical, ni les comp\u00e9tences transversales, ni les technologies de pointe. Enin, une part significative est revers\u00e9e aux <strong>h\u00f4pitaux<\/strong> (jusqu\u2019\u00e0 50 % dans certains cas). Priver le syst\u00e8me de cette ressource priv\u00e9e, sans la compenser par des fonds publics, revient \u00e0 l\u2019appauvrir dangereusement. <\/span><\/p>\n<p><strong><span style=\"font-family: Verdana, BlinkMacSystemFont, -apple-system, 'Segoe UI', Roboto, Oxygen, Ubuntu, Cantarell, 'Open Sans', 'Helvetica Neue', sans-serif;\">&#8211; Quelles cons\u00e9quences pr\u00e9voyez-vous si la r\u00e9forme est adopt\u00e9e en l&rsquo;\u00e9tat ? <\/span><\/strong><\/p>\n<p><span style=\"font-family: Verdana, BlinkMacSystemFont, -apple-system, 'Segoe UI', Roboto, Oxygen, Ubuntu, Cantarell, 'Open Sans', 'Helvetica Neue', sans-serif;\"><strong>&#8211;<\/strong> La fermeture de nombreux cabinets sp\u00e9cialis\u00e9s. L\u2019allongement des d\u00e9lais de rendez-vous. Une surcharge pour les <strong>h\u00f4pitaux<\/strong>. Et surtout, un appauvrissement de la <strong>m\u00e9decine<\/strong> de qualit\u00e9. Il faut aussi parler d\u2019un risque majeur : la <strong>d\u00e9sertification m\u00e9dicale<\/strong>. Si les jeunes <strong>m\u00e9decins<\/strong> ne peuvent plus exercer en dehors des structures hospitali\u00e8res faute de rentabilit\u00e9, beaucoup renonceront \u00e0 s\u2019installer. Cela renforcera les in\u00e9galit\u00e9s territoriales, surtout dans les zones semi-rurales ou p\u00e9riurbaines, d\u00e9j\u00e0 sous-dot\u00e9es. <\/span><\/p>\n<p><strong><span style=\"font-family: Verdana, BlinkMacSystemFont, -apple-system, 'Segoe UI', Roboto, Oxygen, Ubuntu, Cantarell, 'Open Sans', 'Helvetica Neue', sans-serif;\">&#8211; Quelles alternatives concr\u00e8tes proposeriez-vous ?<\/span><\/strong><\/p>\n<p><span style=\"font-family: Verdana, BlinkMacSystemFont, -apple-system, 'Segoe UI', Roboto, Oxygen, Ubuntu, Cantarell, 'Open Sans', 'Helvetica Neue', sans-serif;\"><strong> &#8211;<\/strong> Premi\u00e8rement, r\u00e9former la nomenclature. Ce chantier est vital. Il faut valoriser les actes intellectuels par rapport aux actes physiques (que les progr\u00e8s et la technologie ont permis d&rsquo;all\u00e9ger et raccourcir, pour le patient comme pour le praticien), la pr\u00e9vention, les sp\u00e9cialit\u00e9s \u00e0 faible volume mais \u00e0 haute technicit\u00e9. Deuxi\u00e8mement, encadrer les suppl\u00e9ments, oui, mais intelligemment : affichage obligatoire, transparence, contr\u00f4le des abus, paiement \u00e9lectronique impos\u00e9. Cela renforce la confiance et emp\u00eache les d\u00e9rives sans p\u00e9naliser les pratiques saines. Troisi\u00e8mement, maintenir le <strong>conventionnement partiel<\/strong>. Voire en faire un tremplin encadr\u00e9 pour les jeunes dipl\u00f4m\u00e9s ou les m\u00e9decins \u00e9trangers en phase d\u2019installation, comme le sugg\u00e8re la tribune. Cela garantirait un acc\u00e8s conventionn\u00e9 sans d\u00e9courager l\u2019installation. Et surtout, envoyer un signal de reconnaissance aux soignants. Aujourd\u2019hui, nous avons l\u2019impression d\u2019\u00eatre suspect\u00e9s en permanence. On parle de sanctions, de retraits de num\u00e9ros INAMI, de contraintes toujours plus lourdes. Mais on oublie le c\u0153ur du m\u00e9tier : la vocation, l\u2019\u00e9coute, la responsabilit\u00e9 humaine. Si on casse cela, c\u2019est tout le syst\u00e8me qui vacille. Personne ne devient <strong>m\u00e9decin<\/strong> pour devenir riche ou pour rouler en cabriolet. Nous choisissons cette carri\u00e8re pour soigner nos <strong>patients<\/strong> du mieux possible. Cette r\u00e9forme annonc\u00e9e va \u00e0 l\u2019encontre de tous nos id\u00e9aux.<\/span><\/p>\n","protected":false},"excerpt":{"rendered":"<p>Face \u00e0 la r\u00e9forme controvers\u00e9e des honoraires m\u00e9dicaux port\u00e9e par le ministre de la Sant\u00e9 Franck Vandenbroecke, un collectif de gyn\u00e9cologues bruxellois d\u00e9nonce dans une tribune ses effets potentiellement d\u00e9l\u00e9t\u00e8res. Le Dr Iphig\u00e9nie de Selliers, gyn\u00e9cologue et cofondatrice du centre Aspera Medical, figure parmi les supporters. Elle revient ici, en tant que praticienne de terrain, [&hellip;]<\/p>\n","protected":false},"author":47,"featured_media":11949,"comment_status":"closed","ping_status":"closed","sticky":false,"template":"","format":"standard","meta":{"_acf_changed":false,"inline_featured_image":false,"footnotes":""},"categories":[1,31,20,27],"tags":[],"class_list":{"0":"post-11959","1":"post","2":"type-post","3":"status-publish","4":"format-standard","5":"has-post-thumbnail","7":"category-actualite","8":"category-politique","9":"category-sante","10":"category-societe"},"acf":[],"_yoast_wpseo_title":null,"_yoast_wpseo_metadesc":"La gyn\u00e9cologue Iphig\u00e9nie de Selliers alerte sur la r\u00e9forme des honoraires m\u00e9dicaux de Frank Vandenbroucke, jug\u00e9e dangereuse pour l\u2019acc\u00e8s aux s","auteur_traducteur":"","yoast_head":"<!-- This site is optimized with the Yoast SEO plugin v27.4 - https:\/\/yoast.com\/product\/yoast-seo-wordpress\/ -->\n<title>Ce que la r\u00e9forme des honoraires ne dit pas sur l\u2019avenir du soin en Belgique | Forbes Belgique<\/title>\n<meta name=\"description\" content=\"La gyn\u00e9cologue Iphig\u00e9nie de Selliers alerte sur la r\u00e9forme des honoraires m\u00e9dicaux de Frank Vandenbroucke, jug\u00e9e dangereuse pour l\u2019acc\u00e8s aux s\" \/>\n<meta name=\"robots\" content=\"index, follow, max-snippet:-1, max-image-preview:large, max-video-preview:-1\" \/>\n<link rel=\"canonical\" href=\"https:\/\/www.forbes.be\/fr\/ce-que-la-reforme-des-honoraires-ne-dit-pas-sur-lavenir-du-soin-en-belgique-2\/\" \/>\n<meta property=\"og:locale\" content=\"fr_FR\" \/>\n<meta property=\"og:type\" content=\"article\" \/>\n<meta property=\"og:title\" content=\"Ce que la r\u00e9forme des honoraires ne dit pas sur l\u2019avenir du soin en Belgique | Forbes Belgique\" \/>\n<meta property=\"og:description\" content=\"La gyn\u00e9cologue Iphig\u00e9nie de Selliers alerte sur la r\u00e9forme des honoraires m\u00e9dicaux de Frank Vandenbroucke, jug\u00e9e dangereuse pour l\u2019acc\u00e8s aux s\" \/>\n<meta property=\"og:url\" content=\"https:\/\/www.forbes.be\/fr\/ce-que-la-reforme-des-honoraires-ne-dit-pas-sur-lavenir-du-soin-en-belgique-2\/\" \/>\n<meta property=\"og:site_name\" content=\"Forbes Belgique\" \/>\n<meta property=\"article:publisher\" content=\"https:\/\/www.facebook.com\/forbesbelgique\/\" \/>\n<meta property=\"article:published_time\" content=\"2025-08-22T12:00:54+00:00\" \/>\n<meta property=\"article:modified_time\" content=\"2025-08-22T12:16:43+00:00\" \/>\n<meta property=\"og:image\" content=\"https:\/\/www.forbes.be\/fr\/wp-content\/uploads\/2025\/08\/shutterstock-401732653-scaled-e1755862931934.jpg\" \/>\n\t<meta property=\"og:image:width\" content=\"2560\" \/>\n\t<meta property=\"og:image:height\" content=\"1340\" \/>\n\t<meta property=\"og:image:type\" content=\"image\/jpeg\" \/>\n<meta name=\"author\" content=\"Martin Boonen\" \/>\n<meta name=\"twitter:card\" content=\"summary_large_image\" \/>\n<meta name=\"twitter:label1\" content=\"\u00c9crit par\" \/>\n\t<meta name=\"twitter:data1\" content=\"Martin Boonen\" \/>\n\t<meta name=\"twitter:label2\" content=\"Dur\u00e9e de lecture estim\u00e9e\" \/>\n\t<meta name=\"twitter:data2\" content=\"8 minutes\" \/>\n<script type=\"application\/ld+json\" class=\"yoast-schema-graph\">{\"@context\":\"https:\\\/\\\/schema.org\",\"@graph\":[{\"@type\":\"NewsArticle\",\"@id\":\"https:\\\/\\\/www.forbes.be\\\/fr\\\/ce-que-la-reforme-des-honoraires-ne-dit-pas-sur-lavenir-du-soin-en-belgique-2\\\/#article\",\"isPartOf\":{\"@id\":\"https:\\\/\\\/www.forbes.be\\\/fr\\\/ce-que-la-reforme-des-honoraires-ne-dit-pas-sur-lavenir-du-soin-en-belgique-2\\\/\"},\"author\":{\"name\":\"Martin Boonen\",\"@id\":\"https:\\\/\\\/www.forbes.be\\\/fr\\\/#\\\/schema\\\/person\\\/5e9af5383f8e0ffec564788f40ac92c8\"},\"headline\":\"Ce que la r\u00e9forme des honoraires ne dit pas sur l\u2019avenir du soin en Belgique\",\"datePublished\":\"2025-08-22T12:00:54+00:00\",\"dateModified\":\"2025-08-22T12:16:43+00:00\",\"mainEntityOfPage\":{\"@id\":\"https:\\\/\\\/www.forbes.be\\\/fr\\\/ce-que-la-reforme-des-honoraires-ne-dit-pas-sur-lavenir-du-soin-en-belgique-2\\\/\"},\"wordCount\":1685,\"publisher\":{\"@id\":\"https:\\\/\\\/www.forbes.be\\\/fr\\\/#organization\"},\"image\":{\"@id\":\"https:\\\/\\\/www.forbes.be\\\/fr\\\/ce-que-la-reforme-des-honoraires-ne-dit-pas-sur-lavenir-du-soin-en-belgique-2\\\/#primaryimage\"},\"thumbnailUrl\":\"https:\\\/\\\/www.forbes.be\\\/fr\\\/wp-content\\\/uploads\\\/2025\\\/08\\\/shutterstock-401732653-scaled-e1755862931934.jpg\",\"articleSection\":[\"Actualit\u00e9s\",\"Politique\",\"Sant\u00e9\",\"Soci\u00e9t\u00e9\"],\"inLanguage\":\"fr-FR\"},{\"@type\":\"WebPage\",\"@id\":\"https:\\\/\\\/www.forbes.be\\\/fr\\\/ce-que-la-reforme-des-honoraires-ne-dit-pas-sur-lavenir-du-soin-en-belgique-2\\\/\",\"url\":\"https:\\\/\\\/www.forbes.be\\\/fr\\\/ce-que-la-reforme-des-honoraires-ne-dit-pas-sur-lavenir-du-soin-en-belgique-2\\\/\",\"name\":\"Ce que la r\u00e9forme des honoraires ne dit pas sur l\u2019avenir du soin en Belgique | Forbes Belgique\",\"isPartOf\":{\"@id\":\"https:\\\/\\\/www.forbes.be\\\/fr\\\/#website\"},\"primaryImageOfPage\":{\"@id\":\"https:\\\/\\\/www.forbes.be\\\/fr\\\/ce-que-la-reforme-des-honoraires-ne-dit-pas-sur-lavenir-du-soin-en-belgique-2\\\/#primaryimage\"},\"image\":{\"@id\":\"https:\\\/\\\/www.forbes.be\\\/fr\\\/ce-que-la-reforme-des-honoraires-ne-dit-pas-sur-lavenir-du-soin-en-belgique-2\\\/#primaryimage\"},\"thumbnailUrl\":\"https:\\\/\\\/www.forbes.be\\\/fr\\\/wp-content\\\/uploads\\\/2025\\\/08\\\/shutterstock-401732653-scaled-e1755862931934.jpg\",\"datePublished\":\"2025-08-22T12:00:54+00:00\",\"dateModified\":\"2025-08-22T12:16:43+00:00\",\"description\":\"La gyn\u00e9cologue Iphig\u00e9nie de Selliers alerte sur la r\u00e9forme des honoraires m\u00e9dicaux de Frank Vandenbroucke, jug\u00e9e dangereuse pour l\u2019acc\u00e8s aux s\",\"breadcrumb\":{\"@id\":\"https:\\\/\\\/www.forbes.be\\\/fr\\\/ce-que-la-reforme-des-honoraires-ne-dit-pas-sur-lavenir-du-soin-en-belgique-2\\\/#breadcrumb\"},\"inLanguage\":\"fr-FR\",\"potentialAction\":[{\"@type\":\"ReadAction\",\"target\":[\"https:\\\/\\\/www.forbes.be\\\/fr\\\/ce-que-la-reforme-des-honoraires-ne-dit-pas-sur-lavenir-du-soin-en-belgique-2\\\/\"]}]},{\"@type\":\"ImageObject\",\"inLanguage\":\"fr-FR\",\"@id\":\"https:\\\/\\\/www.forbes.be\\\/fr\\\/ce-que-la-reforme-des-honoraires-ne-dit-pas-sur-lavenir-du-soin-en-belgique-2\\\/#primaryimage\",\"url\":\"https:\\\/\\\/www.forbes.be\\\/fr\\\/wp-content\\\/uploads\\\/2025\\\/08\\\/shutterstock-401732653-scaled-e1755862931934.jpg\",\"contentUrl\":\"https:\\\/\\\/www.forbes.be\\\/fr\\\/wp-content\\\/uploads\\\/2025\\\/08\\\/shutterstock-401732653-scaled-e1755862931934.jpg\",\"width\":2560,\"height\":1340,\"caption\":\"\u00a9 DR\\\/Shutterstock.com\"},{\"@type\":\"BreadcrumbList\",\"@id\":\"https:\\\/\\\/www.forbes.be\\\/fr\\\/ce-que-la-reforme-des-honoraires-ne-dit-pas-sur-lavenir-du-soin-en-belgique-2\\\/#breadcrumb\",\"itemListElement\":[{\"@type\":\"ListItem\",\"position\":1,\"name\":\"Accueil\",\"item\":\"https:\\\/\\\/www.forbes.be\\\/fr\\\/\"},{\"@type\":\"ListItem\",\"position\":2,\"name\":\"Ce que la r\u00e9forme des honoraires ne dit pas sur l\u2019avenir du soin en Belgique\"}]},{\"@type\":\"WebSite\",\"@id\":\"https:\\\/\\\/www.forbes.be\\\/fr\\\/#website\",\"url\":\"https:\\\/\\\/www.forbes.be\\\/fr\\\/\",\"name\":\"Forbes Belgique\",\"description\":\"\",\"publisher\":{\"@id\":\"https:\\\/\\\/www.forbes.be\\\/fr\\\/#organization\"},\"potentialAction\":[{\"@type\":\"SearchAction\",\"target\":{\"@type\":\"EntryPoint\",\"urlTemplate\":\"https:\\\/\\\/www.forbes.be\\\/fr\\\/?s={search_term_string}\"},\"query-input\":{\"@type\":\"PropertyValueSpecification\",\"valueRequired\":true,\"valueName\":\"search_term_string\"}}],\"inLanguage\":\"fr-FR\"},{\"@type\":\"Organization\",\"@id\":\"https:\\\/\\\/www.forbes.be\\\/fr\\\/#organization\",\"name\":\"Forbes Belgique\",\"url\":\"https:\\\/\\\/www.forbes.be\\\/fr\\\/\",\"logo\":{\"@type\":\"ImageObject\",\"inLanguage\":\"fr-FR\",\"@id\":\"https:\\\/\\\/www.forbes.be\\\/fr\\\/#\\\/schema\\\/logo\\\/image\\\/\",\"url\":\"https:\\\/\\\/www.forbes.be\\\/fr\\\/wp-content\\\/uploads\\\/2024\\\/02\\\/forbes.be_.png\",\"contentUrl\":\"https:\\\/\\\/www.forbes.be\\\/fr\\\/wp-content\\\/uploads\\\/2024\\\/02\\\/forbes.be_.png\",\"width\":1200,\"height\":675,\"caption\":\"Forbes Belgique\"},\"image\":{\"@id\":\"https:\\\/\\\/www.forbes.be\\\/fr\\\/#\\\/schema\\\/logo\\\/image\\\/\"},\"sameAs\":[\"https:\\\/\\\/www.facebook.com\\\/forbesbelgique\\\/\",\"https:\\\/\\\/www.instagram.com\\\/Forbes_Belgium\",\"https:\\\/\\\/www.linkedin.com\\\/company\\\/forbes-belgium\\\/\"]},{\"@type\":\"Person\",\"@id\":\"https:\\\/\\\/www.forbes.be\\\/fr\\\/#\\\/schema\\\/person\\\/5e9af5383f8e0ffec564788f40ac92c8\",\"name\":\"Martin Boonen\",\"image\":{\"@type\":\"ImageObject\",\"inLanguage\":\"fr-FR\",\"@id\":\"https:\\\/\\\/www.forbes.be\\\/fr\\\/wp-content\\\/uploads\\\/2025\\\/10\\\/capture-decran-2024-11-15-a-093849-300x300-1-100x100.png\",\"url\":\"https:\\\/\\\/www.forbes.be\\\/fr\\\/wp-content\\\/uploads\\\/2025\\\/10\\\/capture-decran-2024-11-15-a-093849-300x300-1-100x100.png\",\"contentUrl\":\"https:\\\/\\\/www.forbes.be\\\/fr\\\/wp-content\\\/uploads\\\/2025\\\/10\\\/capture-decran-2024-11-15-a-093849-300x300-1-100x100.png\",\"caption\":\"Martin Boonen\"},\"description\":\"Martin Boonen est journaliste dipl\u00f4m\u00e9 de l'Institut de Journalisme de Bruxelles (2012). Il collabor\u00e9 avec de nombreuses r\u00e9dactions \u00e0 diff\u00e9rent niveau de responsabilit\u00e9 : journaliste, chef de rubrique, secr\u00e9taire de r\u00e9daction et r\u00e9dacteur en chef, tant sur le web que pour la presse imprim\u00e9e. Sp\u00e9cialis\u00e9 dans les startups et l'entrepreneuriat \u00e0 impact, il est devenu en 2025 r\u00e9dacteur en chef du site web de Forbes Belgique. Il est affili\u00e9 \u00e0 l'Organisation Mondiale de la Presse P\u00e9riodique depuis 2011.\",\"sameAs\":[\"https:\\\/\\\/www.linkedin.com\\\/in\\\/martin-boonen-61499951\\\/\"],\"url\":\"https:\\\/\\\/www.forbes.be\\\/fr\\\/author\\\/martin-boonen\\\/\"}]}<\/script>\n<!-- \/ Yoast SEO plugin. -->","yoast_head_json":{"title":"Ce que la r\u00e9forme des honoraires ne dit pas sur l\u2019avenir du soin en Belgique | Forbes Belgique","description":"La gyn\u00e9cologue Iphig\u00e9nie de Selliers alerte sur la r\u00e9forme des honoraires m\u00e9dicaux de Frank Vandenbroucke, jug\u00e9e dangereuse pour l\u2019acc\u00e8s aux s","robots":{"index":"index","follow":"follow","max-snippet":"max-snippet:-1","max-image-preview":"max-image-preview:large","max-video-preview":"max-video-preview:-1"},"canonical":"https:\/\/www.forbes.be\/fr\/ce-que-la-reforme-des-honoraires-ne-dit-pas-sur-lavenir-du-soin-en-belgique-2\/","og_locale":"fr_FR","og_type":"article","og_title":"Ce que la r\u00e9forme des honoraires ne dit pas sur l\u2019avenir du soin en Belgique | Forbes Belgique","og_description":"La gyn\u00e9cologue Iphig\u00e9nie de Selliers alerte sur la r\u00e9forme des honoraires m\u00e9dicaux de Frank Vandenbroucke, jug\u00e9e dangereuse pour l\u2019acc\u00e8s aux s","og_url":"https:\/\/www.forbes.be\/fr\/ce-que-la-reforme-des-honoraires-ne-dit-pas-sur-lavenir-du-soin-en-belgique-2\/","og_site_name":"Forbes Belgique","article_publisher":"https:\/\/www.facebook.com\/forbesbelgique\/","article_published_time":"2025-08-22T12:00:54+00:00","article_modified_time":"2025-08-22T12:16:43+00:00","og_image":[{"width":2560,"height":1340,"url":"https:\/\/www.forbes.be\/fr\/wp-content\/uploads\/2025\/08\/shutterstock-401732653-scaled-e1755862931934.jpg","type":"image\/jpeg"}],"author":"Martin Boonen","twitter_card":"summary_large_image","twitter_misc":{"\u00c9crit par":"Martin Boonen","Dur\u00e9e de lecture estim\u00e9e":"8 minutes"},"schema":{"@context":"https:\/\/schema.org","@graph":[{"@type":"NewsArticle","@id":"https:\/\/www.forbes.be\/fr\/ce-que-la-reforme-des-honoraires-ne-dit-pas-sur-lavenir-du-soin-en-belgique-2\/#article","isPartOf":{"@id":"https:\/\/www.forbes.be\/fr\/ce-que-la-reforme-des-honoraires-ne-dit-pas-sur-lavenir-du-soin-en-belgique-2\/"},"author":{"name":"Martin Boonen","@id":"https:\/\/www.forbes.be\/fr\/#\/schema\/person\/5e9af5383f8e0ffec564788f40ac92c8"},"headline":"Ce que la r\u00e9forme des honoraires ne dit pas sur l\u2019avenir du soin en Belgique","datePublished":"2025-08-22T12:00:54+00:00","dateModified":"2025-08-22T12:16:43+00:00","mainEntityOfPage":{"@id":"https:\/\/www.forbes.be\/fr\/ce-que-la-reforme-des-honoraires-ne-dit-pas-sur-lavenir-du-soin-en-belgique-2\/"},"wordCount":1685,"publisher":{"@id":"https:\/\/www.forbes.be\/fr\/#organization"},"image":{"@id":"https:\/\/www.forbes.be\/fr\/ce-que-la-reforme-des-honoraires-ne-dit-pas-sur-lavenir-du-soin-en-belgique-2\/#primaryimage"},"thumbnailUrl":"https:\/\/www.forbes.be\/fr\/wp-content\/uploads\/2025\/08\/shutterstock-401732653-scaled-e1755862931934.jpg","articleSection":["Actualit\u00e9s","Politique","Sant\u00e9","Soci\u00e9t\u00e9"],"inLanguage":"fr-FR"},{"@type":"WebPage","@id":"https:\/\/www.forbes.be\/fr\/ce-que-la-reforme-des-honoraires-ne-dit-pas-sur-lavenir-du-soin-en-belgique-2\/","url":"https:\/\/www.forbes.be\/fr\/ce-que-la-reforme-des-honoraires-ne-dit-pas-sur-lavenir-du-soin-en-belgique-2\/","name":"Ce que la r\u00e9forme des honoraires ne dit pas sur l\u2019avenir du soin en Belgique | Forbes Belgique","isPartOf":{"@id":"https:\/\/www.forbes.be\/fr\/#website"},"primaryImageOfPage":{"@id":"https:\/\/www.forbes.be\/fr\/ce-que-la-reforme-des-honoraires-ne-dit-pas-sur-lavenir-du-soin-en-belgique-2\/#primaryimage"},"image":{"@id":"https:\/\/www.forbes.be\/fr\/ce-que-la-reforme-des-honoraires-ne-dit-pas-sur-lavenir-du-soin-en-belgique-2\/#primaryimage"},"thumbnailUrl":"https:\/\/www.forbes.be\/fr\/wp-content\/uploads\/2025\/08\/shutterstock-401732653-scaled-e1755862931934.jpg","datePublished":"2025-08-22T12:00:54+00:00","dateModified":"2025-08-22T12:16:43+00:00","description":"La gyn\u00e9cologue Iphig\u00e9nie de Selliers alerte sur la r\u00e9forme des honoraires m\u00e9dicaux de Frank Vandenbroucke, jug\u00e9e dangereuse pour l\u2019acc\u00e8s aux s","breadcrumb":{"@id":"https:\/\/www.forbes.be\/fr\/ce-que-la-reforme-des-honoraires-ne-dit-pas-sur-lavenir-du-soin-en-belgique-2\/#breadcrumb"},"inLanguage":"fr-FR","potentialAction":[{"@type":"ReadAction","target":["https:\/\/www.forbes.be\/fr\/ce-que-la-reforme-des-honoraires-ne-dit-pas-sur-lavenir-du-soin-en-belgique-2\/"]}]},{"@type":"ImageObject","inLanguage":"fr-FR","@id":"https:\/\/www.forbes.be\/fr\/ce-que-la-reforme-des-honoraires-ne-dit-pas-sur-lavenir-du-soin-en-belgique-2\/#primaryimage","url":"https:\/\/www.forbes.be\/fr\/wp-content\/uploads\/2025\/08\/shutterstock-401732653-scaled-e1755862931934.jpg","contentUrl":"https:\/\/www.forbes.be\/fr\/wp-content\/uploads\/2025\/08\/shutterstock-401732653-scaled-e1755862931934.jpg","width":2560,"height":1340,"caption":"\u00a9 DR\/Shutterstock.com"},{"@type":"BreadcrumbList","@id":"https:\/\/www.forbes.be\/fr\/ce-que-la-reforme-des-honoraires-ne-dit-pas-sur-lavenir-du-soin-en-belgique-2\/#breadcrumb","itemListElement":[{"@type":"ListItem","position":1,"name":"Accueil","item":"https:\/\/www.forbes.be\/fr\/"},{"@type":"ListItem","position":2,"name":"Ce que la r\u00e9forme des honoraires ne dit pas sur l\u2019avenir du soin en Belgique"}]},{"@type":"WebSite","@id":"https:\/\/www.forbes.be\/fr\/#website","url":"https:\/\/www.forbes.be\/fr\/","name":"Forbes Belgique","description":"","publisher":{"@id":"https:\/\/www.forbes.be\/fr\/#organization"},"potentialAction":[{"@type":"SearchAction","target":{"@type":"EntryPoint","urlTemplate":"https:\/\/www.forbes.be\/fr\/?s={search_term_string}"},"query-input":{"@type":"PropertyValueSpecification","valueRequired":true,"valueName":"search_term_string"}}],"inLanguage":"fr-FR"},{"@type":"Organization","@id":"https:\/\/www.forbes.be\/fr\/#organization","name":"Forbes Belgique","url":"https:\/\/www.forbes.be\/fr\/","logo":{"@type":"ImageObject","inLanguage":"fr-FR","@id":"https:\/\/www.forbes.be\/fr\/#\/schema\/logo\/image\/","url":"https:\/\/www.forbes.be\/fr\/wp-content\/uploads\/2024\/02\/forbes.be_.png","contentUrl":"https:\/\/www.forbes.be\/fr\/wp-content\/uploads\/2024\/02\/forbes.be_.png","width":1200,"height":675,"caption":"Forbes Belgique"},"image":{"@id":"https:\/\/www.forbes.be\/fr\/#\/schema\/logo\/image\/"},"sameAs":["https:\/\/www.facebook.com\/forbesbelgique\/","https:\/\/www.instagram.com\/Forbes_Belgium","https:\/\/www.linkedin.com\/company\/forbes-belgium\/"]},{"@type":"Person","@id":"https:\/\/www.forbes.be\/fr\/#\/schema\/person\/5e9af5383f8e0ffec564788f40ac92c8","name":"Martin Boonen","image":{"@type":"ImageObject","inLanguage":"fr-FR","@id":"https:\/\/www.forbes.be\/fr\/wp-content\/uploads\/2025\/10\/capture-decran-2024-11-15-a-093849-300x300-1-100x100.png","url":"https:\/\/www.forbes.be\/fr\/wp-content\/uploads\/2025\/10\/capture-decran-2024-11-15-a-093849-300x300-1-100x100.png","contentUrl":"https:\/\/www.forbes.be\/fr\/wp-content\/uploads\/2025\/10\/capture-decran-2024-11-15-a-093849-300x300-1-100x100.png","caption":"Martin Boonen"},"description":"Martin Boonen est journaliste dipl\u00f4m\u00e9 de l'Institut de Journalisme de Bruxelles (2012). Il collabor\u00e9 avec de nombreuses r\u00e9dactions \u00e0 diff\u00e9rent niveau de responsabilit\u00e9 : journaliste, chef de rubrique, secr\u00e9taire de r\u00e9daction et r\u00e9dacteur en chef, tant sur le web que pour la presse imprim\u00e9e. Sp\u00e9cialis\u00e9 dans les startups et l'entrepreneuriat \u00e0 impact, il est devenu en 2025 r\u00e9dacteur en chef du site web de Forbes Belgique. Il est affili\u00e9 \u00e0 l'Organisation Mondiale de la Presse P\u00e9riodique depuis 2011.","sameAs":["https:\/\/www.linkedin.com\/in\/martin-boonen-61499951\/"],"url":"https:\/\/www.forbes.be\/fr\/author\/martin-boonen\/"}]}},"_links":{"self":[{"href":"https:\/\/www.forbes.be\/fr\/wp-json\/wp\/v2\/posts\/11959","targetHints":{"allow":["GET"]}}],"collection":[{"href":"https:\/\/www.forbes.be\/fr\/wp-json\/wp\/v2\/posts"}],"about":[{"href":"https:\/\/www.forbes.be\/fr\/wp-json\/wp\/v2\/types\/post"}],"author":[{"embeddable":true,"href":"https:\/\/www.forbes.be\/fr\/wp-json\/wp\/v2\/users\/47"}],"replies":[{"embeddable":true,"href":"https:\/\/www.forbes.be\/fr\/wp-json\/wp\/v2\/comments?post=11959"}],"version-history":[{"count":5,"href":"https:\/\/www.forbes.be\/fr\/wp-json\/wp\/v2\/posts\/11959\/revisions"}],"predecessor-version":[{"id":11965,"href":"https:\/\/www.forbes.be\/fr\/wp-json\/wp\/v2\/posts\/11959\/revisions\/11965"}],"wp:featuredmedia":[{"embeddable":true,"href":"https:\/\/www.forbes.be\/fr\/wp-json\/wp\/v2\/media\/11949"}],"wp:attachment":[{"href":"https:\/\/www.forbes.be\/fr\/wp-json\/wp\/v2\/media?parent=11959"}],"wp:term":[{"taxonomy":"category","embeddable":true,"href":"https:\/\/www.forbes.be\/fr\/wp-json\/wp\/v2\/categories?post=11959"},{"taxonomy":"post_tag","embeddable":true,"href":"https:\/\/www.forbes.be\/fr\/wp-json\/wp\/v2\/tags?post=11959"}],"curies":[{"name":"wp","href":"https:\/\/api.w.org\/{rel}","templated":true}]}}