{"id":12013,"date":"2025-08-27T15:07:27","date_gmt":"2025-08-27T13:07:27","guid":{"rendered":"https:\/\/www.forbes.be\/fr\/?p=12013"},"modified":"2025-08-27T15:38:29","modified_gmt":"2025-08-27T13:38:29","slug":"anton-fondateur-komono-luxe-accessible","status":"publish","type":"post","link":"https:\/\/www.forbes.be\/fr\/anton-fondateur-komono-luxe-accessible\/","title":{"rendered":"Anton, fondateur de l&#8217;empire Komono : \u00ab\u00a0Nous avons observ\u00e9 un glissement du luxe traditionnel vers le luxe accessible\u00a0\u00bb"},"content":{"rendered":"<p><strong>Leurs montures se retrouvent \u00e0 la Fashion Week de Paris, sur le nez des cr\u00e9ateurs \u00e0 New York, dans les concept stores de Tokyo \u00e0 Berlin. Qu&rsquo;est-ce qui fait qu&rsquo;une marque ind\u00e9pendante belge, sans investisseurs \u00e0 ses d\u00e9buts ni grandes campagnes de publicit\u00e9, a pu \u00e9crire une telle <em>success story<\/em> internationale ? Que font-ils diff\u00e9remment ? Que font-ils de mieux ?<\/strong><\/p>\n<p>Les <strong>fondateurs Anton Janssens<\/strong> et <strong>Raf Maes<\/strong> se sont rencontr\u00e9s gr\u00e2ce au snowboard professionnel. \u00ab\u00a0<em>Nous avons parcouru le monde ensemble, \u00e0 la recherche de la meilleure neige et en poursuivant nos r\u00eaves\u00a0\u00bb<\/em>, raconte <strong>Anton Janssens<\/strong>. Apr\u00e8s leurs carri\u00e8res sportives, ils ont atterri dans l&rsquo;industrie de la mode, o\u00f9 ils sont pass\u00e9s de distributeurs \u00e0 cr\u00e9ateurs de marques. \u00ab\u00a0<em>Nous avons vu un glissement clair du luxe traditionnel vers le \u00ab <\/em>luxe accessible <em>\u00bb et voulions combler cet \u00e9cart avec quelque chose de singulier.\u00a0\u00bb<\/em> Cela a donn\u00e9 naissance \u00e0 <strong>Komono<\/strong>, qui signifie \u00ab\u00a0accessoires\u00a0\u00bb en japonais, une marque de <strong>montres<\/strong> et <strong>lunettes<\/strong>. \u00ab\u00a0<em>Nous avons trouv\u00e9 que ce mot \u00e9tait non seulement pertinent en termes de contenu, mais aussi graphiquement puissant. Ces trois O sont maintenant int\u00e9gr\u00e9s dans notre logo.<\/em>\u00a0\u00bb<\/p>\n<h2>Expansion intelligente<\/h2>\n<p>La cl\u00e9 du succ\u00e8s pr\u00e9coce : la connaissance de la distribution. Avant m\u00eame que la premi\u00e8re collection ne soit exp\u00e9di\u00e9e, <strong>Komono<\/strong> avait un r\u00e9seau de partenaires de distribution pr\u00eat. \u00ab\u00a0<em>Nous avions d\u00e9j\u00e0 dix ans d&rsquo;exp\u00e9rience en tant que distributeurs. C&rsquo;\u00e9tait vraiment une \u00e9norme \u00e9cole. Vous voyez ce que d&rsquo;autres marques font bien et moins bien, et ainsi votre savoir-faire et votre exp\u00e9rience grandissent. Cela vous permet d&rsquo;\u00e9viter de nombreuses erreurs classiques des d\u00e9butants. De plus, cela nous a permis de cr\u00e9er un r\u00e9seau mondial qui s&rsquo;est av\u00e9r\u00e9 \u00eatre un \u00e9norme avantage dans nos plans d&rsquo;expansion.<\/em>\u00a0\u00bb En cinq ans, <strong>Komono<\/strong> \u00e9tait pr\u00e9sent dans des centaines de magasins, sans compromettre son image. Cela a \u00e9t\u00e9 possible gr\u00e2ce \u00e0 un mod\u00e8le hybride : une forte focalisation sur le commerce de gros combin\u00e9e \u00e0 une communication strat\u00e9gique via ses propres points de vente et e-commerce. \u00ab\u00a0<em>Nos magasins physiques et notre boutique en ligne sont des outils de branding. Notre c\u0153ur de m\u00e9tier, c&rsquo;est le commerce de gros.\u00a0\u00bb<\/em><\/p>\n<h2>90% de chiffre d&rsquo;affaires gr\u00e2ce aux lunettes<\/h2>\n<p><span style=\"font-family: Verdana, BlinkMacSystemFont, -apple-system, 'Segoe UI', Roboto, Oxygen, Ubuntu, Cantarell, 'Open Sans', 'Helvetica Neue', sans-serif;\">Le premier succ\u00e8s mondial de <strong>Komono<\/strong> a \u00e9t\u00e9 les <strong>montres<\/strong>, mais cette position a chang\u00e9 et maintenant l&rsquo;accent est mis sur les<strong> lunettes<\/strong>, soit les lunettes de soleil et les montures optiques. Les <strong>lunettes<\/strong> repr\u00e9sentent plus de 90% du chiffre d&rsquo;affaires. Le segment de l&rsquo;optique est en plein essor. \u00ab\u00a0<em>Nous avons constat\u00e9 que les jeunes consommateurs ne se retrouvaient pas dans l&rsquo;offre classique d&rsquo;optique. Nous r\u00e9unissons design, accessibilit\u00e9 et identit\u00e9.\u00a0\u00bb<\/em>\u00a0Une \u00e9tape d\u00e9cisive a \u00e9t\u00e9 l&rsquo;entr\u00e9e des actionnaires de <strong>Theo Eyewear<\/strong>, qui ont pris une participation minoritaire en 2023. \u00ab\u00a0<em>Ils ont apport\u00e9 savoir-faire technique et cr\u00e9dibilit\u00e9. Cette collaboration a \u00e9t\u00e9 cruciale pour percer dans le paysage de l&rsquo;optique.<\/em>\u00ab\u00a0<\/span><\/p>\n<h2>Pas toujours un grand succ\u00e8s<\/h2>\n<p>Apr\u00e8s une p\u00e9riode d&rsquo;expansion explosive, quelques ann\u00e9es difficiles ont suivi. En 2018 et 2020, Komono a enregistr\u00e9 des pertes en millions. \u00ab\u00a0<em>Nous avons grandi trop vite et avons commis des erreurs strat\u00e9giques sous pression externe.<\/em>\u00a0\u00bb <strong>Antin Janssens<\/strong> a repris les r\u00eanes. \u00ab\u00a0<em>Nous avons \u00e9limin\u00e9 le surplus et nous sommes tourn\u00e9s vers l&rsquo;avenir. Chaque co\u00fbt a \u00e9t\u00e9 remis en question. Chaque d\u00e9partement r\u00e9examin\u00e9.<\/em>\u00a0\u00bb Aujourd&rsquo;hui, le r\u00e9sultat est une entreprise rentable, op\u00e9rant efficacement. \u00ab\u00a0<em>Nous grandissons \u00e0 nouveau, mais cette fois avec concentration. Pas d&rsquo;expansion pour l&rsquo;expansion, mais une croissance durable, pays par pays.<\/em>\u00a0\u00bb<\/p>\n<h2>La culture est la strat\u00e9gie<\/h2>\n<p>Selon eux, <strong>Komono<\/strong> doit beaucoup \u00e0 leur \u00e9quipe o\u00f9 la culture est tr\u00e8s importante. \u00ab\u00a0<em>Nous recrutons non seulement sur les comp\u00e9tences, mais aussi sur la mentalit\u00e9. Des personnes avec du courage, de la cr\u00e9ativit\u00e9, de la flexibilit\u00e9.\u00a0\u00bb<\/em> Cela se voit aussi dans leurs collaborations. Les collabs avec Tom Eerebout, Daily Paper, Igor Dieryck et les \u00e9tudiants de l&rsquo;Acad\u00e9mie de mode d&rsquo;Anvers ne sont pas seulement des vitrines, mais de v\u00e9ritables \u00e9changes cr\u00e9atifs. \u00ab\u00a0<em>Ce n&rsquo;est pas du co-branding. C&rsquo;est de la co-cr\u00e9ation. Nous voulons ressentir une vraie \u00e9nergie entre nous et nos partenaires.\u00a0\u00bb<\/em><\/p>\n<h2>Ambitions de croissance<\/h2>\n<p>Aujourd&rsquo;hui, <strong>Komono<\/strong> regarde l&rsquo;avenir avec ambition. Les priorit\u00e9s pour les prochaines ann\u00e9es sont claires: continuer \u00e0 cro\u00eetre dans l&rsquo;optique, renforcer le caract\u00e8re haut de gamme des collections de mode, et engager de nouveaux partenariats cr\u00e9atifs. Pourtant, cette croissance ne se fera jamais au d\u00e9triment de l&rsquo;identit\u00e9 de la marque. \u00ab\u00a0<em>Nous ne prendrons jamais de d\u00e9cisions qui augmentent les b\u00e9n\u00e9fices \u00e0 court terme, mais qui endommagent notre relation \u00e0 long terme avec le client. Cette connexion est tout.<\/em>\u00a0\u00bb<\/p>\n<h2>Le\u00e7on num\u00e9ro un : restez fid\u00e8le \u00e0 vous-m\u00eame<\/h2>\n<p>Qu&rsquo;est-ce qu&rsquo;<strong>Anton Janssens<\/strong> a appris durant toutes ces ann\u00e9es ? \u00ab\u00a0<em>Que vous devez toujours suivre votre propre r\u00eave. Les fois o\u00f9 je ne l&rsquo;ai pas fait, nous avons eu des probl\u00e8mes. En fin de compte, nous avons construit <strong>Komono<\/strong> avec notre \u00e9quipe jusqu&rsquo;\u00e0 ce qu&rsquo;elle devienne ce qu&rsquo;elle est aujourd&rsquo;hui. Et j&rsquo;en suis terriblement fier. Nous sommes plus motiv\u00e9s que jamais.<\/em>\u00ab\u00a0<\/p>\n","protected":false},"excerpt":{"rendered":"<p>Leurs montures se retrouvent aux semaines de la mode \u00e0 Paris, sur le nez des cr\u00e9ateurs \u00e0 New York, dans les concept stores de Tokyo \u00e0 Berlin. Qu&rsquo;est-ce qui fait qu&rsquo;une marque ind\u00e9pendante belge, sans investisseurs \u00e0 ses d\u00e9buts ni grandes campagnes de publicit\u00e9, a pu \u00e9crire une telle success story internationale ? Qu&rsquo;est-ce qu&rsquo;ils font diff\u00e9remment ? Qu&rsquo;est-ce qu&rsquo;ils font mieux ? Les fondateurs [&hellip;]<\/p>\n","protected":false},"author":13,"featured_media":12012,"comment_status":"closed","ping_status":"closed","sticky":false,"template":"","format":"standard","meta":{"_acf_changed":false,"inline_featured_image":false,"footnotes":""},"categories":[19,75],"tags":[],"class_list":{"0":"post-12013","1":"post","2":"type-post","3":"status-publish","4":"format-standard","5":"has-post-thumbnail","7":"category-entrepreneurs","8":"category-entreprise"},"acf":[],"_yoast_wpseo_title":"Anton, fondateur de Komono : R\u00e9ussir avec le luxe accessible","_yoast_wpseo_metadesc":"D\u00e9couvrez comment Komono, marque belge ind\u00e9pendante, a conquis le march\u00e9 du luxe accessible gr\u00e2ce \u00e0 une strat\u00e9gie audacieuse.","auteur_traducteur":"","yoast_head":"<!-- This site is optimized with the Yoast SEO plugin v27.4 - https:\/\/yoast.com\/product\/yoast-seo-wordpress\/ -->\n<title>Anton, fondateur de Komono : R\u00e9ussir avec le luxe accessible<\/title>\n<meta name=\"description\" content=\"D\u00e9couvrez comment Komono, marque belge ind\u00e9pendante, a conquis le march\u00e9 du luxe accessible gr\u00e2ce \u00e0 une strat\u00e9gie audacieuse.\" \/>\n<meta name=\"robots\" content=\"index, follow, max-snippet:-1, max-image-preview:large, max-video-preview:-1\" \/>\n<link rel=\"canonical\" href=\"https:\/\/www.forbes.be\/fr\/anton-fondateur-komono-luxe-accessible\/\" \/>\n<meta property=\"og:locale\" content=\"fr_FR\" \/>\n<meta property=\"og:type\" content=\"article\" \/>\n<meta property=\"og:title\" content=\"Anton, fondateur de Komono : R\u00e9ussir avec le luxe accessible\" \/>\n<meta property=\"og:description\" content=\"D\u00e9couvrez comment Komono, marque belge ind\u00e9pendante, a conquis le march\u00e9 du luxe accessible gr\u00e2ce \u00e0 une strat\u00e9gie audacieuse.\" \/>\n<meta property=\"og:url\" content=\"https:\/\/www.forbes.be\/fr\/anton-fondateur-komono-luxe-accessible\/\" \/>\n<meta property=\"og:site_name\" content=\"Forbes Belgique\" \/>\n<meta property=\"article:publisher\" content=\"https:\/\/www.facebook.com\/forbesbelgique\/\" \/>\n<meta property=\"article:published_time\" content=\"2025-08-27T13:07:27+00:00\" \/>\n<meta property=\"article:modified_time\" content=\"2025-08-27T13:38:29+00:00\" \/>\n<meta property=\"og:image\" content=\"https:\/\/www.forbes.be\/fr\/wp-content\/uploads\/2025\/08\/10934-ontwerp-zonder-titel-11.png\" \/>\n\t<meta property=\"og:image:width\" content=\"1920\" \/>\n\t<meta property=\"og:image:height\" content=\"1080\" \/>\n\t<meta property=\"og:image:type\" content=\"image\/png\" \/>\n<meta name=\"author\" content=\"Daphne Dorgelo\" \/>\n<meta name=\"twitter:card\" content=\"summary_large_image\" \/>\n<meta name=\"twitter:label1\" content=\"\u00c9crit par\" \/>\n\t<meta name=\"twitter:data1\" content=\"Daphne Dorgelo\" \/>\n\t<meta name=\"twitter:label2\" content=\"Dur\u00e9e de lecture estim\u00e9e\" \/>\n\t<meta name=\"twitter:data2\" content=\"5 minutes\" \/>\n<script type=\"application\/ld+json\" class=\"yoast-schema-graph\">{\"@context\":\"https:\\\/\\\/schema.org\",\"@graph\":[{\"@type\":\"NewsArticle\",\"@id\":\"https:\\\/\\\/www.forbes.be\\\/fr\\\/anton-fondateur-komono-luxe-accessible\\\/#article\",\"isPartOf\":{\"@id\":\"https:\\\/\\\/www.forbes.be\\\/fr\\\/anton-fondateur-komono-luxe-accessible\\\/\"},\"author\":{\"name\":\"Daphne Dorgelo\",\"@id\":\"https:\\\/\\\/www.forbes.be\\\/fr\\\/#\\\/schema\\\/person\\\/7d78f899f595d5e9c1eb19ffe4d36b83\"},\"headline\":\"Anton, fondateur de l&#8217;empire Komono : \u00ab\u00a0Nous avons observ\u00e9 un glissement du luxe traditionnel vers le luxe accessible\u00a0\u00bb\",\"datePublished\":\"2025-08-27T13:07:27+00:00\",\"dateModified\":\"2025-08-27T13:38:29+00:00\",\"mainEntityOfPage\":{\"@id\":\"https:\\\/\\\/www.forbes.be\\\/fr\\\/anton-fondateur-komono-luxe-accessible\\\/\"},\"wordCount\":878,\"publisher\":{\"@id\":\"https:\\\/\\\/www.forbes.be\\\/fr\\\/#organization\"},\"image\":{\"@id\":\"https:\\\/\\\/www.forbes.be\\\/fr\\\/anton-fondateur-komono-luxe-accessible\\\/#primaryimage\"},\"thumbnailUrl\":\"https:\\\/\\\/www.forbes.be\\\/fr\\\/wp-content\\\/uploads\\\/2025\\\/08\\\/10934-ontwerp-zonder-titel-11.png\",\"articleSection\":[\"Entrepreneurs\",\"Entreprise\"],\"inLanguage\":\"fr-FR\"},{\"@type\":\"WebPage\",\"@id\":\"https:\\\/\\\/www.forbes.be\\\/fr\\\/anton-fondateur-komono-luxe-accessible\\\/\",\"url\":\"https:\\\/\\\/www.forbes.be\\\/fr\\\/anton-fondateur-komono-luxe-accessible\\\/\",\"name\":\"Anton, fondateur de Komono : R\u00e9ussir avec le luxe accessible\",\"isPartOf\":{\"@id\":\"https:\\\/\\\/www.forbes.be\\\/fr\\\/#website\"},\"primaryImageOfPage\":{\"@id\":\"https:\\\/\\\/www.forbes.be\\\/fr\\\/anton-fondateur-komono-luxe-accessible\\\/#primaryimage\"},\"image\":{\"@id\":\"https:\\\/\\\/www.forbes.be\\\/fr\\\/anton-fondateur-komono-luxe-accessible\\\/#primaryimage\"},\"thumbnailUrl\":\"https:\\\/\\\/www.forbes.be\\\/fr\\\/wp-content\\\/uploads\\\/2025\\\/08\\\/10934-ontwerp-zonder-titel-11.png\",\"datePublished\":\"2025-08-27T13:07:27+00:00\",\"dateModified\":\"2025-08-27T13:38:29+00:00\",\"description\":\"D\u00e9couvrez comment Komono, marque belge ind\u00e9pendante, a conquis le march\u00e9 du luxe accessible gr\u00e2ce \u00e0 une strat\u00e9gie audacieuse.\",\"breadcrumb\":{\"@id\":\"https:\\\/\\\/www.forbes.be\\\/fr\\\/anton-fondateur-komono-luxe-accessible\\\/#breadcrumb\"},\"inLanguage\":\"fr-FR\",\"potentialAction\":[{\"@type\":\"ReadAction\",\"target\":[\"https:\\\/\\\/www.forbes.be\\\/fr\\\/anton-fondateur-komono-luxe-accessible\\\/\"]}]},{\"@type\":\"ImageObject\",\"inLanguage\":\"fr-FR\",\"@id\":\"https:\\\/\\\/www.forbes.be\\\/fr\\\/anton-fondateur-komono-luxe-accessible\\\/#primaryimage\",\"url\":\"https:\\\/\\\/www.forbes.be\\\/fr\\\/wp-content\\\/uploads\\\/2025\\\/08\\\/10934-ontwerp-zonder-titel-11.png\",\"contentUrl\":\"https:\\\/\\\/www.forbes.be\\\/fr\\\/wp-content\\\/uploads\\\/2025\\\/08\\\/10934-ontwerp-zonder-titel-11.png\",\"width\":1920,\"height\":1080,\"caption\":\"komono\"},{\"@type\":\"BreadcrumbList\",\"@id\":\"https:\\\/\\\/www.forbes.be\\\/fr\\\/anton-fondateur-komono-luxe-accessible\\\/#breadcrumb\",\"itemListElement\":[{\"@type\":\"ListItem\",\"position\":1,\"name\":\"Accueil\",\"item\":\"https:\\\/\\\/www.forbes.be\\\/fr\\\/\"},{\"@type\":\"ListItem\",\"position\":2,\"name\":\"Anton, fondateur de l&#8217;empire Komono : \u00ab\u00a0Nous avons observ\u00e9 un glissement du luxe traditionnel vers le luxe accessible\u00a0\u00bb\"}]},{\"@type\":\"WebSite\",\"@id\":\"https:\\\/\\\/www.forbes.be\\\/fr\\\/#website\",\"url\":\"https:\\\/\\\/www.forbes.be\\\/fr\\\/\",\"name\":\"Forbes Belgique\",\"description\":\"\",\"publisher\":{\"@id\":\"https:\\\/\\\/www.forbes.be\\\/fr\\\/#organization\"},\"potentialAction\":[{\"@type\":\"SearchAction\",\"target\":{\"@type\":\"EntryPoint\",\"urlTemplate\":\"https:\\\/\\\/www.forbes.be\\\/fr\\\/?s={search_term_string}\"},\"query-input\":{\"@type\":\"PropertyValueSpecification\",\"valueRequired\":true,\"valueName\":\"search_term_string\"}}],\"inLanguage\":\"fr-FR\"},{\"@type\":\"Organization\",\"@id\":\"https:\\\/\\\/www.forbes.be\\\/fr\\\/#organization\",\"name\":\"Forbes Belgique\",\"url\":\"https:\\\/\\\/www.forbes.be\\\/fr\\\/\",\"logo\":{\"@type\":\"ImageObject\",\"inLanguage\":\"fr-FR\",\"@id\":\"https:\\\/\\\/www.forbes.be\\\/fr\\\/#\\\/schema\\\/logo\\\/image\\\/\",\"url\":\"https:\\\/\\\/www.forbes.be\\\/fr\\\/wp-content\\\/uploads\\\/2024\\\/02\\\/forbes.be_.png\",\"contentUrl\":\"https:\\\/\\\/www.forbes.be\\\/fr\\\/wp-content\\\/uploads\\\/2024\\\/02\\\/forbes.be_.png\",\"width\":1200,\"height\":675,\"caption\":\"Forbes Belgique\"},\"image\":{\"@id\":\"https:\\\/\\\/www.forbes.be\\\/fr\\\/#\\\/schema\\\/logo\\\/image\\\/\"},\"sameAs\":[\"https:\\\/\\\/www.facebook.com\\\/forbesbelgique\\\/\",\"https:\\\/\\\/www.instagram.com\\\/Forbes_Belgium\",\"https:\\\/\\\/www.linkedin.com\\\/company\\\/forbes-belgium\\\/\"]},{\"@type\":\"Person\",\"@id\":\"https:\\\/\\\/www.forbes.be\\\/fr\\\/#\\\/schema\\\/person\\\/7d78f899f595d5e9c1eb19ffe4d36b83\",\"name\":\"Daphne Dorgelo\",\"image\":{\"@type\":\"ImageObject\",\"inLanguage\":\"fr-FR\",\"@id\":\"https:\\\/\\\/www.forbes.be\\\/fr\\\/wp-content\\\/uploads\\\/2024\\\/01\\\/4B1A6779-2-scaled-e1704882544546-150x150.jpg\",\"url\":\"https:\\\/\\\/www.forbes.be\\\/fr\\\/wp-content\\\/uploads\\\/2024\\\/01\\\/4B1A6779-2-scaled-e1704882544546-150x150.jpg\",\"contentUrl\":\"https:\\\/\\\/www.forbes.be\\\/fr\\\/wp-content\\\/uploads\\\/2024\\\/01\\\/4B1A6779-2-scaled-e1704882544546-150x150.jpg\",\"caption\":\"Daphne Dorgelo\"},\"description\":\"Daphne Dorgelo (1996) travaille chaque semaine pour Forbes, o\u00f9 elle r\u00e9dige des articles sur le style de vie luxueux, le leadership, l'innovation, les tendances et, bien s\u00fbr, les entrepreneurs belges inspirants. Sa passion pour le journalisme et les m\u00e9dias s'est manifest\u00e9e d\u00e8s son plus jeune \u00e2ge. Apr\u00e8s avoir obtenu une licence en information aux Pays-Bas, elle s'est install\u00e9e dans la ville belge du diamant il y a six ans, apr\u00e8s avoir obtenu un master en journalisme \u00e0 la KU Leuven d'Anvers. Cela fait maintenant huit ans qu'elle \u00e9crit en tant que pigiste pour divers magazines, dont quatre ans pour des magazines de style de vie belges tels que L'OFFICIEL, Fifty &amp; Me et ELLE.\",\"url\":\"https:\\\/\\\/www.forbes.be\\\/fr\\\/author\\\/daphne-dorgelolofficiel-be\\\/\"}]}<\/script>\n<!-- \/ Yoast SEO plugin. -->","yoast_head_json":{"title":"Anton, fondateur de Komono : R\u00e9ussir avec le luxe accessible","description":"D\u00e9couvrez comment Komono, marque belge ind\u00e9pendante, a conquis le march\u00e9 du luxe accessible gr\u00e2ce \u00e0 une strat\u00e9gie audacieuse.","robots":{"index":"index","follow":"follow","max-snippet":"max-snippet:-1","max-image-preview":"max-image-preview:large","max-video-preview":"max-video-preview:-1"},"canonical":"https:\/\/www.forbes.be\/fr\/anton-fondateur-komono-luxe-accessible\/","og_locale":"fr_FR","og_type":"article","og_title":"Anton, fondateur de Komono : R\u00e9ussir avec le luxe accessible","og_description":"D\u00e9couvrez comment Komono, marque belge ind\u00e9pendante, a conquis le march\u00e9 du luxe accessible gr\u00e2ce \u00e0 une strat\u00e9gie audacieuse.","og_url":"https:\/\/www.forbes.be\/fr\/anton-fondateur-komono-luxe-accessible\/","og_site_name":"Forbes Belgique","article_publisher":"https:\/\/www.facebook.com\/forbesbelgique\/","article_published_time":"2025-08-27T13:07:27+00:00","article_modified_time":"2025-08-27T13:38:29+00:00","og_image":[{"width":1920,"height":1080,"url":"https:\/\/www.forbes.be\/fr\/wp-content\/uploads\/2025\/08\/10934-ontwerp-zonder-titel-11.png","type":"image\/png"}],"author":"Daphne Dorgelo","twitter_card":"summary_large_image","twitter_misc":{"\u00c9crit par":"Daphne Dorgelo","Dur\u00e9e de lecture estim\u00e9e":"5 minutes"},"schema":{"@context":"https:\/\/schema.org","@graph":[{"@type":"NewsArticle","@id":"https:\/\/www.forbes.be\/fr\/anton-fondateur-komono-luxe-accessible\/#article","isPartOf":{"@id":"https:\/\/www.forbes.be\/fr\/anton-fondateur-komono-luxe-accessible\/"},"author":{"name":"Daphne Dorgelo","@id":"https:\/\/www.forbes.be\/fr\/#\/schema\/person\/7d78f899f595d5e9c1eb19ffe4d36b83"},"headline":"Anton, fondateur de l&#8217;empire Komono : \u00ab\u00a0Nous avons observ\u00e9 un glissement du luxe traditionnel vers le luxe accessible\u00a0\u00bb","datePublished":"2025-08-27T13:07:27+00:00","dateModified":"2025-08-27T13:38:29+00:00","mainEntityOfPage":{"@id":"https:\/\/www.forbes.be\/fr\/anton-fondateur-komono-luxe-accessible\/"},"wordCount":878,"publisher":{"@id":"https:\/\/www.forbes.be\/fr\/#organization"},"image":{"@id":"https:\/\/www.forbes.be\/fr\/anton-fondateur-komono-luxe-accessible\/#primaryimage"},"thumbnailUrl":"https:\/\/www.forbes.be\/fr\/wp-content\/uploads\/2025\/08\/10934-ontwerp-zonder-titel-11.png","articleSection":["Entrepreneurs","Entreprise"],"inLanguage":"fr-FR"},{"@type":"WebPage","@id":"https:\/\/www.forbes.be\/fr\/anton-fondateur-komono-luxe-accessible\/","url":"https:\/\/www.forbes.be\/fr\/anton-fondateur-komono-luxe-accessible\/","name":"Anton, fondateur de Komono : R\u00e9ussir avec le luxe accessible","isPartOf":{"@id":"https:\/\/www.forbes.be\/fr\/#website"},"primaryImageOfPage":{"@id":"https:\/\/www.forbes.be\/fr\/anton-fondateur-komono-luxe-accessible\/#primaryimage"},"image":{"@id":"https:\/\/www.forbes.be\/fr\/anton-fondateur-komono-luxe-accessible\/#primaryimage"},"thumbnailUrl":"https:\/\/www.forbes.be\/fr\/wp-content\/uploads\/2025\/08\/10934-ontwerp-zonder-titel-11.png","datePublished":"2025-08-27T13:07:27+00:00","dateModified":"2025-08-27T13:38:29+00:00","description":"D\u00e9couvrez comment Komono, marque belge ind\u00e9pendante, a conquis le march\u00e9 du luxe accessible gr\u00e2ce \u00e0 une strat\u00e9gie audacieuse.","breadcrumb":{"@id":"https:\/\/www.forbes.be\/fr\/anton-fondateur-komono-luxe-accessible\/#breadcrumb"},"inLanguage":"fr-FR","potentialAction":[{"@type":"ReadAction","target":["https:\/\/www.forbes.be\/fr\/anton-fondateur-komono-luxe-accessible\/"]}]},{"@type":"ImageObject","inLanguage":"fr-FR","@id":"https:\/\/www.forbes.be\/fr\/anton-fondateur-komono-luxe-accessible\/#primaryimage","url":"https:\/\/www.forbes.be\/fr\/wp-content\/uploads\/2025\/08\/10934-ontwerp-zonder-titel-11.png","contentUrl":"https:\/\/www.forbes.be\/fr\/wp-content\/uploads\/2025\/08\/10934-ontwerp-zonder-titel-11.png","width":1920,"height":1080,"caption":"komono"},{"@type":"BreadcrumbList","@id":"https:\/\/www.forbes.be\/fr\/anton-fondateur-komono-luxe-accessible\/#breadcrumb","itemListElement":[{"@type":"ListItem","position":1,"name":"Accueil","item":"https:\/\/www.forbes.be\/fr\/"},{"@type":"ListItem","position":2,"name":"Anton, fondateur de l&#8217;empire Komono : \u00ab\u00a0Nous avons observ\u00e9 un glissement du luxe traditionnel vers le luxe accessible\u00a0\u00bb"}]},{"@type":"WebSite","@id":"https:\/\/www.forbes.be\/fr\/#website","url":"https:\/\/www.forbes.be\/fr\/","name":"Forbes Belgique","description":"","publisher":{"@id":"https:\/\/www.forbes.be\/fr\/#organization"},"potentialAction":[{"@type":"SearchAction","target":{"@type":"EntryPoint","urlTemplate":"https:\/\/www.forbes.be\/fr\/?s={search_term_string}"},"query-input":{"@type":"PropertyValueSpecification","valueRequired":true,"valueName":"search_term_string"}}],"inLanguage":"fr-FR"},{"@type":"Organization","@id":"https:\/\/www.forbes.be\/fr\/#organization","name":"Forbes Belgique","url":"https:\/\/www.forbes.be\/fr\/","logo":{"@type":"ImageObject","inLanguage":"fr-FR","@id":"https:\/\/www.forbes.be\/fr\/#\/schema\/logo\/image\/","url":"https:\/\/www.forbes.be\/fr\/wp-content\/uploads\/2024\/02\/forbes.be_.png","contentUrl":"https:\/\/www.forbes.be\/fr\/wp-content\/uploads\/2024\/02\/forbes.be_.png","width":1200,"height":675,"caption":"Forbes Belgique"},"image":{"@id":"https:\/\/www.forbes.be\/fr\/#\/schema\/logo\/image\/"},"sameAs":["https:\/\/www.facebook.com\/forbesbelgique\/","https:\/\/www.instagram.com\/Forbes_Belgium","https:\/\/www.linkedin.com\/company\/forbes-belgium\/"]},{"@type":"Person","@id":"https:\/\/www.forbes.be\/fr\/#\/schema\/person\/7d78f899f595d5e9c1eb19ffe4d36b83","name":"Daphne Dorgelo","image":{"@type":"ImageObject","inLanguage":"fr-FR","@id":"https:\/\/www.forbes.be\/fr\/wp-content\/uploads\/2024\/01\/4B1A6779-2-scaled-e1704882544546-150x150.jpg","url":"https:\/\/www.forbes.be\/fr\/wp-content\/uploads\/2024\/01\/4B1A6779-2-scaled-e1704882544546-150x150.jpg","contentUrl":"https:\/\/www.forbes.be\/fr\/wp-content\/uploads\/2024\/01\/4B1A6779-2-scaled-e1704882544546-150x150.jpg","caption":"Daphne Dorgelo"},"description":"Daphne Dorgelo (1996) travaille chaque semaine pour Forbes, o\u00f9 elle r\u00e9dige des articles sur le style de vie luxueux, le leadership, l'innovation, les tendances et, bien s\u00fbr, les entrepreneurs belges inspirants. Sa passion pour le journalisme et les m\u00e9dias s'est manifest\u00e9e d\u00e8s son plus jeune \u00e2ge. Apr\u00e8s avoir obtenu une licence en information aux Pays-Bas, elle s'est install\u00e9e dans la ville belge du diamant il y a six ans, apr\u00e8s avoir obtenu un master en journalisme \u00e0 la KU Leuven d'Anvers. Cela fait maintenant huit ans qu'elle \u00e9crit en tant que pigiste pour divers magazines, dont quatre ans pour des magazines de style de vie belges tels que L'OFFICIEL, Fifty &amp; Me et ELLE.","url":"https:\/\/www.forbes.be\/fr\/author\/daphne-dorgelolofficiel-be\/"}]}},"_links":{"self":[{"href":"https:\/\/www.forbes.be\/fr\/wp-json\/wp\/v2\/posts\/12013","targetHints":{"allow":["GET"]}}],"collection":[{"href":"https:\/\/www.forbes.be\/fr\/wp-json\/wp\/v2\/posts"}],"about":[{"href":"https:\/\/www.forbes.be\/fr\/wp-json\/wp\/v2\/types\/post"}],"author":[{"embeddable":true,"href":"https:\/\/www.forbes.be\/fr\/wp-json\/wp\/v2\/users\/13"}],"replies":[{"embeddable":true,"href":"https:\/\/www.forbes.be\/fr\/wp-json\/wp\/v2\/comments?post=12013"}],"version-history":[{"count":4,"href":"https:\/\/www.forbes.be\/fr\/wp-json\/wp\/v2\/posts\/12013\/revisions"}],"predecessor-version":[{"id":12053,"href":"https:\/\/www.forbes.be\/fr\/wp-json\/wp\/v2\/posts\/12013\/revisions\/12053"}],"wp:featuredmedia":[{"embeddable":true,"href":"https:\/\/www.forbes.be\/fr\/wp-json\/wp\/v2\/media\/12012"}],"wp:attachment":[{"href":"https:\/\/www.forbes.be\/fr\/wp-json\/wp\/v2\/media?parent=12013"}],"wp:term":[{"taxonomy":"category","embeddable":true,"href":"https:\/\/www.forbes.be\/fr\/wp-json\/wp\/v2\/categories?post=12013"},{"taxonomy":"post_tag","embeddable":true,"href":"https:\/\/www.forbes.be\/fr\/wp-json\/wp\/v2\/tags?post=12013"}],"curies":[{"name":"wp","href":"https:\/\/api.w.org\/{rel}","templated":true}]}}