{"id":12057,"date":"2025-08-29T07:48:38","date_gmt":"2025-08-29T05:48:38","guid":{"rendered":"https:\/\/www.forbes.be\/fr\/?p=12057"},"modified":"2025-08-29T15:28:21","modified_gmt":"2025-08-29T13:28:21","slug":"maruani-mercier-fete-ses-30-ans","status":"publish","type":"post","link":"https:\/\/www.forbes.be\/fr\/maruani-mercier-fete-ses-30-ans\/","title":{"rendered":"Maruani-Mercier\u00a0f\u00eate ses 30 ans"},"content":{"rendered":"<p><strong>Cette galerie belge majeure c\u00e9l\u00e8bre ses trente ans avec deux expositions \u00e0 Knokke, avant sa rentr\u00e9e avenue Louise.<\/strong><\/p>\n<p><strong>Maruani-Mercier<\/strong>, c&rsquo;est une <strong>galerie<\/strong> amirale avenue Louise \u00e0 laquelle il faut ajouter deux fr\u00e9gates \u00e0 Knokke. Dans la foul\u00e9e des cent ans du <strong>surr\u00e9alisme<\/strong>, surgi du d\u00e9sir et de la lib\u00e9ration psychique, n\u00e9 des cendres du dada\u00efsme, champ d\u2019invention entre id\u00e9aux collectifs et individualit\u00e9 radicale, <strong>Laurent Mercier<\/strong> et <strong>Serge Maruani<\/strong> ont r\u00e9uni <strong>Salvador Dal\u00ed<\/strong>, <strong>Paul Delvaux<\/strong>, <strong>Max Ernst<\/strong>, <strong>Ren\u00e9 Magritte<\/strong>, <strong>Man Ray<\/strong>, <strong>Joan Mir\u00f3<\/strong>, <strong>Francis Picabia<\/strong> et <strong>Yves Tanguy<\/strong>, pour l\u2019ensemble \u00ab\u00a0Masters of Surrealism<em>\u00ab\u00a0<\/em>.<\/p>\n<p>\u00c0 des <strong>\u0153uvres<\/strong> importantes sur papier de <strong>Dali<\/strong>, provenant de collectionneurs anglais, s\u2019ajoutent celles de collections belges : <strong>Miro<\/strong> (<em>Le num\u00e9ro de Music-Hall<\/em>, 1938), <strong>Delvaux<\/strong> (<em>La Fin du voyage<\/em>, 1968) ou <strong>Magritte<\/strong> (<em>Le Grand Air<\/em>, 1964). \u00ab <em>Ce <strong>Magritte<\/strong> est important<\/em>, souligne Serge Maruani. <em>\u0152uvre tardive de 1964, il illustre sa recherche sur la perception humaine et la relation entre image et langage, la figure du poisson \u00e9tant apparue chez lui en 1934.<\/em> \u00bb<\/p>\n<p>Parall\u00e8lement, le duo a orchestr\u00e9 l\u2019exposition \u00ab\u00a030 Years\u00a0\u00bb, vingt-cinq <strong>\u0153uvres<\/strong> d\u2019<strong>artistes<\/strong> qu\u2019ils repr\u00e9sentent, parmi lesquels <strong>Donald Baechler<\/strong> (<em>Abstract Painting with Spaceship<\/em>, 1986), <strong>Ross Bleckner<\/strong> (<em>One Figure Away<\/em>, 2024) ou <strong>Peter Halley<\/strong> (<em>Incantation<\/em>, 2022), <strong>Jaclyn Conley<\/strong> (<em>Winter Trees<\/em>, 2025), <strong>Kasper Sonne<\/strong> (<em>7 Years<\/em>, 2025) ou encore <strong>\u00c6men Eded\u00e9en<\/strong>, <strong>Esiri Erheriene-Essi<\/strong>, <strong>Johnson Eziefula<\/strong> et <strong>Sherrie Levine<\/strong>.<\/p>\n<p>Ces trente ann\u00e9es marquent aussi un nouveau d\u00e9ploiement, souligne <strong>Laurent Mercier<\/strong>, puisque la <strong>galerie<\/strong>, apr\u00e8s 300 expositions et 120 foires, sera pour la premi\u00e8re fois \u00e0 <strong>Art Basel-Miami<\/strong> en d\u00e9cembre et a \u00e9t\u00e9 de nouveau convi\u00e9e \u00e0 la <strong>TEFAF<\/strong> 2026.<\/p>\n<p style=\"text-align: right;\">Masters of Surrealism<br \/>\nFin le 07.09<br \/>\nZeedijk-Het Zoute, 759 &amp; Kustlaan, 90<br \/>\n8300 Knokke<br \/>\n<a href=\"https:\/\/maruanimercier.com\/\" target=\"_blank\" rel=\"noopener\">www.maruanimercier.com<\/a><\/p>\n","protected":false},"excerpt":{"rendered":"<p>Cette galerie belge majeure c\u00e9l\u00e8bre ses trente ans avec deux expositions \u00e0 Knokke, avant sa rentr\u00e9e avenue Louise. Maruani-Mercier, c&rsquo;est une galerie amirale avenue Louise \u00e0 laquelle il faut ajouter deux fr\u00e9gates \u00e0 Knokke. Dans la foul\u00e9e des cent ans du surr\u00e9alisme, surgi du d\u00e9sir et de la lib\u00e9ration psychique, n\u00e9 des cendres du dada\u00efsme, [&hellip;]<\/p>\n","protected":false},"author":27,"featured_media":12058,"comment_status":"closed","ping_status":"closed","sticky":false,"template":"","format":"standard","meta":{"_acf_changed":false,"inline_featured_image":false,"footnotes":""},"categories":[63,62],"tags":[],"class_list":{"0":"post-12057","1":"post","2":"type-post","3":"status-publish","4":"format-standard","5":"has-post-thumbnail","7":"category-culture","8":"category-marche-de-lart"},"acf":[],"_yoast_wpseo_title":null,"_yoast_wpseo_metadesc":"La galerie Maruani-Mercier c\u00e9l\u00e8bre ses 30 ans avec deux expositions \u00e0 Knokke et pr\u00e9pare sa premi\u00e8re participation \u00e0 Art Basel-Miami en d\u00e9cembre.","auteur_traducteur":"","yoast_head":"<!-- This site is optimized with the Yoast SEO plugin v27.4 - https:\/\/yoast.com\/product\/yoast-seo-wordpress\/ -->\n<title>Maruani-Mercier\u00a0f\u00eate ses 30 ans | Forbes Belgique<\/title>\n<meta name=\"description\" content=\"La galerie Maruani-Mercier c\u00e9l\u00e8bre ses 30 ans avec deux expositions \u00e0 Knokke et pr\u00e9pare sa premi\u00e8re participation \u00e0 Art Basel-Miami en d\u00e9cembre.\" \/>\n<meta name=\"robots\" content=\"index, follow, max-snippet:-1, max-image-preview:large, max-video-preview:-1\" \/>\n<link rel=\"canonical\" href=\"https:\/\/www.forbes.be\/fr\/maruani-mercier-fete-ses-30-ans\/\" \/>\n<meta property=\"og:locale\" content=\"fr_FR\" \/>\n<meta property=\"og:type\" content=\"article\" \/>\n<meta property=\"og:title\" content=\"Maruani-Mercier\u00a0f\u00eate ses 30 ans | Forbes Belgique\" \/>\n<meta property=\"og:description\" content=\"La galerie Maruani-Mercier c\u00e9l\u00e8bre ses 30 ans avec deux expositions \u00e0 Knokke et pr\u00e9pare sa premi\u00e8re participation \u00e0 Art Basel-Miami en d\u00e9cembre.\" \/>\n<meta property=\"og:url\" content=\"https:\/\/www.forbes.be\/fr\/maruani-mercier-fete-ses-30-ans\/\" \/>\n<meta property=\"og:site_name\" content=\"Forbes Belgique\" \/>\n<meta property=\"article:publisher\" content=\"https:\/\/www.facebook.com\/forbesbelgique\/\" \/>\n<meta property=\"article:published_time\" content=\"2025-08-29T05:48:38+00:00\" \/>\n<meta property=\"article:modified_time\" content=\"2025-08-29T13:28:21+00:00\" \/>\n<meta property=\"og:image\" content=\"https:\/\/www.forbes.be\/fr\/wp-content\/uploads\/2025\/08\/capture-decran-2025-08-28-a-140539.png\" \/>\n\t<meta property=\"og:image:width\" content=\"1992\" \/>\n\t<meta property=\"og:image:height\" content=\"1324\" \/>\n\t<meta property=\"og:image:type\" content=\"image\/png\" \/>\n<meta name=\"author\" content=\"Johan-Fr\u00e9d\u00e9rik Hel Guedj\" \/>\n<meta name=\"twitter:card\" content=\"summary_large_image\" \/>\n<meta name=\"twitter:label1\" content=\"\u00c9crit par\" \/>\n\t<meta name=\"twitter:data1\" content=\"Johan-Fr\u00e9d\u00e9rik Hel Guedj\" \/>\n\t<meta name=\"twitter:label2\" content=\"Dur\u00e9e de lecture estim\u00e9e\" \/>\n\t<meta name=\"twitter:data2\" content=\"2 minutes\" \/>\n<script type=\"application\/ld+json\" class=\"yoast-schema-graph\">{\"@context\":\"https:\\\/\\\/schema.org\",\"@graph\":[{\"@type\":\"NewsArticle\",\"@id\":\"https:\\\/\\\/www.forbes.be\\\/fr\\\/maruani-mercier-fete-ses-30-ans\\\/#article\",\"isPartOf\":{\"@id\":\"https:\\\/\\\/www.forbes.be\\\/fr\\\/maruani-mercier-fete-ses-30-ans\\\/\"},\"author\":{\"name\":\"Johan-Fr\u00e9d\u00e9rik Hel Guedj\",\"@id\":\"https:\\\/\\\/www.forbes.be\\\/fr\\\/#\\\/schema\\\/person\\\/ad1bb0e83419af89356b7b11a6622c80\"},\"headline\":\"Maruani-Mercier\u00a0f\u00eate ses 30 ans\",\"datePublished\":\"2025-08-29T05:48:38+00:00\",\"dateModified\":\"2025-08-29T13:28:21+00:00\",\"mainEntityOfPage\":{\"@id\":\"https:\\\/\\\/www.forbes.be\\\/fr\\\/maruani-mercier-fete-ses-30-ans\\\/\"},\"wordCount\":281,\"publisher\":{\"@id\":\"https:\\\/\\\/www.forbes.be\\\/fr\\\/#organization\"},\"image\":{\"@id\":\"https:\\\/\\\/www.forbes.be\\\/fr\\\/maruani-mercier-fete-ses-30-ans\\\/#primaryimage\"},\"thumbnailUrl\":\"https:\\\/\\\/www.forbes.be\\\/fr\\\/wp-content\\\/uploads\\\/2025\\\/08\\\/capture-decran-2025-08-28-a-140539.png\",\"articleSection\":[\"Culture\",\"March\u00e9 de l'art\"],\"inLanguage\":\"fr-FR\"},{\"@type\":\"WebPage\",\"@id\":\"https:\\\/\\\/www.forbes.be\\\/fr\\\/maruani-mercier-fete-ses-30-ans\\\/\",\"url\":\"https:\\\/\\\/www.forbes.be\\\/fr\\\/maruani-mercier-fete-ses-30-ans\\\/\",\"name\":\"Maruani-Mercier\u00a0f\u00eate ses 30 ans | Forbes Belgique\",\"isPartOf\":{\"@id\":\"https:\\\/\\\/www.forbes.be\\\/fr\\\/#website\"},\"primaryImageOfPage\":{\"@id\":\"https:\\\/\\\/www.forbes.be\\\/fr\\\/maruani-mercier-fete-ses-30-ans\\\/#primaryimage\"},\"image\":{\"@id\":\"https:\\\/\\\/www.forbes.be\\\/fr\\\/maruani-mercier-fete-ses-30-ans\\\/#primaryimage\"},\"thumbnailUrl\":\"https:\\\/\\\/www.forbes.be\\\/fr\\\/wp-content\\\/uploads\\\/2025\\\/08\\\/capture-decran-2025-08-28-a-140539.png\",\"datePublished\":\"2025-08-29T05:48:38+00:00\",\"dateModified\":\"2025-08-29T13:28:21+00:00\",\"description\":\"La galerie Maruani-Mercier c\u00e9l\u00e8bre ses 30 ans avec deux expositions \u00e0 Knokke et pr\u00e9pare sa premi\u00e8re participation \u00e0 Art Basel-Miami en d\u00e9cembre.\",\"breadcrumb\":{\"@id\":\"https:\\\/\\\/www.forbes.be\\\/fr\\\/maruani-mercier-fete-ses-30-ans\\\/#breadcrumb\"},\"inLanguage\":\"fr-FR\",\"potentialAction\":[{\"@type\":\"ReadAction\",\"target\":[\"https:\\\/\\\/www.forbes.be\\\/fr\\\/maruani-mercier-fete-ses-30-ans\\\/\"]}]},{\"@type\":\"ImageObject\",\"inLanguage\":\"fr-FR\",\"@id\":\"https:\\\/\\\/www.forbes.be\\\/fr\\\/maruani-mercier-fete-ses-30-ans\\\/#primaryimage\",\"url\":\"https:\\\/\\\/www.forbes.be\\\/fr\\\/wp-content\\\/uploads\\\/2025\\\/08\\\/capture-decran-2025-08-28-a-140539.png\",\"contentUrl\":\"https:\\\/\\\/www.forbes.be\\\/fr\\\/wp-content\\\/uploads\\\/2025\\\/08\\\/capture-decran-2025-08-28-a-140539.png\",\"width\":1992,\"height\":1324,\"caption\":\"\u00a9 Maruani Mercier\"},{\"@type\":\"BreadcrumbList\",\"@id\":\"https:\\\/\\\/www.forbes.be\\\/fr\\\/maruani-mercier-fete-ses-30-ans\\\/#breadcrumb\",\"itemListElement\":[{\"@type\":\"ListItem\",\"position\":1,\"name\":\"Accueil\",\"item\":\"https:\\\/\\\/www.forbes.be\\\/fr\\\/\"},{\"@type\":\"ListItem\",\"position\":2,\"name\":\"Maruani-Mercier\u00a0f\u00eate ses 30 ans\"}]},{\"@type\":\"WebSite\",\"@id\":\"https:\\\/\\\/www.forbes.be\\\/fr\\\/#website\",\"url\":\"https:\\\/\\\/www.forbes.be\\\/fr\\\/\",\"name\":\"Forbes Belgique\",\"description\":\"\",\"publisher\":{\"@id\":\"https:\\\/\\\/www.forbes.be\\\/fr\\\/#organization\"},\"potentialAction\":[{\"@type\":\"SearchAction\",\"target\":{\"@type\":\"EntryPoint\",\"urlTemplate\":\"https:\\\/\\\/www.forbes.be\\\/fr\\\/?s={search_term_string}\"},\"query-input\":{\"@type\":\"PropertyValueSpecification\",\"valueRequired\":true,\"valueName\":\"search_term_string\"}}],\"inLanguage\":\"fr-FR\"},{\"@type\":\"Organization\",\"@id\":\"https:\\\/\\\/www.forbes.be\\\/fr\\\/#organization\",\"name\":\"Forbes Belgique\",\"url\":\"https:\\\/\\\/www.forbes.be\\\/fr\\\/\",\"logo\":{\"@type\":\"ImageObject\",\"inLanguage\":\"fr-FR\",\"@id\":\"https:\\\/\\\/www.forbes.be\\\/fr\\\/#\\\/schema\\\/logo\\\/image\\\/\",\"url\":\"https:\\\/\\\/www.forbes.be\\\/fr\\\/wp-content\\\/uploads\\\/2024\\\/02\\\/forbes.be_.png\",\"contentUrl\":\"https:\\\/\\\/www.forbes.be\\\/fr\\\/wp-content\\\/uploads\\\/2024\\\/02\\\/forbes.be_.png\",\"width\":1200,\"height\":675,\"caption\":\"Forbes Belgique\"},\"image\":{\"@id\":\"https:\\\/\\\/www.forbes.be\\\/fr\\\/#\\\/schema\\\/logo\\\/image\\\/\"},\"sameAs\":[\"https:\\\/\\\/www.facebook.com\\\/forbesbelgique\\\/\",\"https:\\\/\\\/www.instagram.com\\\/Forbes_Belgium\",\"https:\\\/\\\/www.linkedin.com\\\/company\\\/forbes-belgium\\\/\"]},{\"@type\":\"Person\",\"@id\":\"https:\\\/\\\/www.forbes.be\\\/fr\\\/#\\\/schema\\\/person\\\/ad1bb0e83419af89356b7b11a6622c80\",\"name\":\"Johan-Fr\u00e9d\u00e9rik Hel Guedj\",\"image\":{\"@type\":\"ImageObject\",\"inLanguage\":\"fr-FR\",\"@id\":\"https:\\\/\\\/secure.gravatar.com\\\/avatar\\\/65333543693434f2cc9fdefb3173b162df98712d00606b00b3d43914f79a1598?s=96&d=mm&r=g\",\"url\":\"https:\\\/\\\/secure.gravatar.com\\\/avatar\\\/65333543693434f2cc9fdefb3173b162df98712d00606b00b3d43914f79a1598?s=96&d=mm&r=g\",\"contentUrl\":\"https:\\\/\\\/secure.gravatar.com\\\/avatar\\\/65333543693434f2cc9fdefb3173b162df98712d00606b00b3d43914f79a1598?s=96&d=mm&r=g\",\"caption\":\"Johan-Fr\u00e9d\u00e9rik Hel Guedj\"},\"description\":\"Johan-Frederik Hel Guedj est journaliste et auteur fran\u00e7ais. R\u00e9dacteur en chef pendant 7 ans de la revue Pouvoirs Locaux, consacr\u00e9e aux politiques culturelles, il a publi\u00e9 huit ouvrages chez des \u00e9diteurs fran\u00e7ais et belges, dont deux romans, un essai consacr\u00e9 \u00e0 Orson Welles, et quatre livres d\u2019art. En plus de Forbes, il collabore \u00e0 L\u2019Echo et au Quotidien de l\u2019Art (Paris).\",\"url\":\"https:\\\/\\\/www.forbes.be\\\/fr\\\/author\\\/johan-frederik-hel-guedj\\\/\"}]}<\/script>\n<!-- \/ Yoast SEO plugin. -->","yoast_head_json":{"title":"Maruani-Mercier\u00a0f\u00eate ses 30 ans | Forbes Belgique","description":"La galerie Maruani-Mercier c\u00e9l\u00e8bre ses 30 ans avec deux expositions \u00e0 Knokke et pr\u00e9pare sa premi\u00e8re participation \u00e0 Art Basel-Miami en d\u00e9cembre.","robots":{"index":"index","follow":"follow","max-snippet":"max-snippet:-1","max-image-preview":"max-image-preview:large","max-video-preview":"max-video-preview:-1"},"canonical":"https:\/\/www.forbes.be\/fr\/maruani-mercier-fete-ses-30-ans\/","og_locale":"fr_FR","og_type":"article","og_title":"Maruani-Mercier\u00a0f\u00eate ses 30 ans | Forbes Belgique","og_description":"La galerie Maruani-Mercier c\u00e9l\u00e8bre ses 30 ans avec deux expositions \u00e0 Knokke et pr\u00e9pare sa premi\u00e8re participation \u00e0 Art Basel-Miami en d\u00e9cembre.","og_url":"https:\/\/www.forbes.be\/fr\/maruani-mercier-fete-ses-30-ans\/","og_site_name":"Forbes Belgique","article_publisher":"https:\/\/www.facebook.com\/forbesbelgique\/","article_published_time":"2025-08-29T05:48:38+00:00","article_modified_time":"2025-08-29T13:28:21+00:00","og_image":[{"width":1992,"height":1324,"url":"https:\/\/www.forbes.be\/fr\/wp-content\/uploads\/2025\/08\/capture-decran-2025-08-28-a-140539.png","type":"image\/png"}],"author":"Johan-Fr\u00e9d\u00e9rik Hel Guedj","twitter_card":"summary_large_image","twitter_misc":{"\u00c9crit par":"Johan-Fr\u00e9d\u00e9rik Hel Guedj","Dur\u00e9e de lecture estim\u00e9e":"2 minutes"},"schema":{"@context":"https:\/\/schema.org","@graph":[{"@type":"NewsArticle","@id":"https:\/\/www.forbes.be\/fr\/maruani-mercier-fete-ses-30-ans\/#article","isPartOf":{"@id":"https:\/\/www.forbes.be\/fr\/maruani-mercier-fete-ses-30-ans\/"},"author":{"name":"Johan-Fr\u00e9d\u00e9rik Hel Guedj","@id":"https:\/\/www.forbes.be\/fr\/#\/schema\/person\/ad1bb0e83419af89356b7b11a6622c80"},"headline":"Maruani-Mercier\u00a0f\u00eate ses 30 ans","datePublished":"2025-08-29T05:48:38+00:00","dateModified":"2025-08-29T13:28:21+00:00","mainEntityOfPage":{"@id":"https:\/\/www.forbes.be\/fr\/maruani-mercier-fete-ses-30-ans\/"},"wordCount":281,"publisher":{"@id":"https:\/\/www.forbes.be\/fr\/#organization"},"image":{"@id":"https:\/\/www.forbes.be\/fr\/maruani-mercier-fete-ses-30-ans\/#primaryimage"},"thumbnailUrl":"https:\/\/www.forbes.be\/fr\/wp-content\/uploads\/2025\/08\/capture-decran-2025-08-28-a-140539.png","articleSection":["Culture","March\u00e9 de l'art"],"inLanguage":"fr-FR"},{"@type":"WebPage","@id":"https:\/\/www.forbes.be\/fr\/maruani-mercier-fete-ses-30-ans\/","url":"https:\/\/www.forbes.be\/fr\/maruani-mercier-fete-ses-30-ans\/","name":"Maruani-Mercier\u00a0f\u00eate ses 30 ans | Forbes Belgique","isPartOf":{"@id":"https:\/\/www.forbes.be\/fr\/#website"},"primaryImageOfPage":{"@id":"https:\/\/www.forbes.be\/fr\/maruani-mercier-fete-ses-30-ans\/#primaryimage"},"image":{"@id":"https:\/\/www.forbes.be\/fr\/maruani-mercier-fete-ses-30-ans\/#primaryimage"},"thumbnailUrl":"https:\/\/www.forbes.be\/fr\/wp-content\/uploads\/2025\/08\/capture-decran-2025-08-28-a-140539.png","datePublished":"2025-08-29T05:48:38+00:00","dateModified":"2025-08-29T13:28:21+00:00","description":"La galerie Maruani-Mercier c\u00e9l\u00e8bre ses 30 ans avec deux expositions \u00e0 Knokke et pr\u00e9pare sa premi\u00e8re participation \u00e0 Art Basel-Miami en d\u00e9cembre.","breadcrumb":{"@id":"https:\/\/www.forbes.be\/fr\/maruani-mercier-fete-ses-30-ans\/#breadcrumb"},"inLanguage":"fr-FR","potentialAction":[{"@type":"ReadAction","target":["https:\/\/www.forbes.be\/fr\/maruani-mercier-fete-ses-30-ans\/"]}]},{"@type":"ImageObject","inLanguage":"fr-FR","@id":"https:\/\/www.forbes.be\/fr\/maruani-mercier-fete-ses-30-ans\/#primaryimage","url":"https:\/\/www.forbes.be\/fr\/wp-content\/uploads\/2025\/08\/capture-decran-2025-08-28-a-140539.png","contentUrl":"https:\/\/www.forbes.be\/fr\/wp-content\/uploads\/2025\/08\/capture-decran-2025-08-28-a-140539.png","width":1992,"height":1324,"caption":"\u00a9 Maruani Mercier"},{"@type":"BreadcrumbList","@id":"https:\/\/www.forbes.be\/fr\/maruani-mercier-fete-ses-30-ans\/#breadcrumb","itemListElement":[{"@type":"ListItem","position":1,"name":"Accueil","item":"https:\/\/www.forbes.be\/fr\/"},{"@type":"ListItem","position":2,"name":"Maruani-Mercier\u00a0f\u00eate ses 30 ans"}]},{"@type":"WebSite","@id":"https:\/\/www.forbes.be\/fr\/#website","url":"https:\/\/www.forbes.be\/fr\/","name":"Forbes Belgique","description":"","publisher":{"@id":"https:\/\/www.forbes.be\/fr\/#organization"},"potentialAction":[{"@type":"SearchAction","target":{"@type":"EntryPoint","urlTemplate":"https:\/\/www.forbes.be\/fr\/?s={search_term_string}"},"query-input":{"@type":"PropertyValueSpecification","valueRequired":true,"valueName":"search_term_string"}}],"inLanguage":"fr-FR"},{"@type":"Organization","@id":"https:\/\/www.forbes.be\/fr\/#organization","name":"Forbes Belgique","url":"https:\/\/www.forbes.be\/fr\/","logo":{"@type":"ImageObject","inLanguage":"fr-FR","@id":"https:\/\/www.forbes.be\/fr\/#\/schema\/logo\/image\/","url":"https:\/\/www.forbes.be\/fr\/wp-content\/uploads\/2024\/02\/forbes.be_.png","contentUrl":"https:\/\/www.forbes.be\/fr\/wp-content\/uploads\/2024\/02\/forbes.be_.png","width":1200,"height":675,"caption":"Forbes Belgique"},"image":{"@id":"https:\/\/www.forbes.be\/fr\/#\/schema\/logo\/image\/"},"sameAs":["https:\/\/www.facebook.com\/forbesbelgique\/","https:\/\/www.instagram.com\/Forbes_Belgium","https:\/\/www.linkedin.com\/company\/forbes-belgium\/"]},{"@type":"Person","@id":"https:\/\/www.forbes.be\/fr\/#\/schema\/person\/ad1bb0e83419af89356b7b11a6622c80","name":"Johan-Fr\u00e9d\u00e9rik Hel Guedj","image":{"@type":"ImageObject","inLanguage":"fr-FR","@id":"https:\/\/secure.gravatar.com\/avatar\/65333543693434f2cc9fdefb3173b162df98712d00606b00b3d43914f79a1598?s=96&d=mm&r=g","url":"https:\/\/secure.gravatar.com\/avatar\/65333543693434f2cc9fdefb3173b162df98712d00606b00b3d43914f79a1598?s=96&d=mm&r=g","contentUrl":"https:\/\/secure.gravatar.com\/avatar\/65333543693434f2cc9fdefb3173b162df98712d00606b00b3d43914f79a1598?s=96&d=mm&r=g","caption":"Johan-Fr\u00e9d\u00e9rik Hel Guedj"},"description":"Johan-Frederik Hel Guedj est journaliste et auteur fran\u00e7ais. R\u00e9dacteur en chef pendant 7 ans de la revue Pouvoirs Locaux, consacr\u00e9e aux politiques culturelles, il a publi\u00e9 huit ouvrages chez des \u00e9diteurs fran\u00e7ais et belges, dont deux romans, un essai consacr\u00e9 \u00e0 Orson Welles, et quatre livres d\u2019art. En plus de Forbes, il collabore \u00e0 L\u2019Echo et au Quotidien de l\u2019Art (Paris).","url":"https:\/\/www.forbes.be\/fr\/author\/johan-frederik-hel-guedj\/"}]}},"_links":{"self":[{"href":"https:\/\/www.forbes.be\/fr\/wp-json\/wp\/v2\/posts\/12057","targetHints":{"allow":["GET"]}}],"collection":[{"href":"https:\/\/www.forbes.be\/fr\/wp-json\/wp\/v2\/posts"}],"about":[{"href":"https:\/\/www.forbes.be\/fr\/wp-json\/wp\/v2\/types\/post"}],"author":[{"embeddable":true,"href":"https:\/\/www.forbes.be\/fr\/wp-json\/wp\/v2\/users\/27"}],"replies":[{"embeddable":true,"href":"https:\/\/www.forbes.be\/fr\/wp-json\/wp\/v2\/comments?post=12057"}],"version-history":[{"count":1,"href":"https:\/\/www.forbes.be\/fr\/wp-json\/wp\/v2\/posts\/12057\/revisions"}],"predecessor-version":[{"id":12059,"href":"https:\/\/www.forbes.be\/fr\/wp-json\/wp\/v2\/posts\/12057\/revisions\/12059"}],"wp:featuredmedia":[{"embeddable":true,"href":"https:\/\/www.forbes.be\/fr\/wp-json\/wp\/v2\/media\/12058"}],"wp:attachment":[{"href":"https:\/\/www.forbes.be\/fr\/wp-json\/wp\/v2\/media?parent=12057"}],"wp:term":[{"taxonomy":"category","embeddable":true,"href":"https:\/\/www.forbes.be\/fr\/wp-json\/wp\/v2\/categories?post=12057"},{"taxonomy":"post_tag","embeddable":true,"href":"https:\/\/www.forbes.be\/fr\/wp-json\/wp\/v2\/tags?post=12057"}],"curies":[{"name":"wp","href":"https:\/\/api.w.org\/{rel}","templated":true}]}}