{"id":12060,"date":"2025-09-02T07:48:00","date_gmt":"2025-09-02T05:48:00","guid":{"rendered":"https:\/\/www.forbes.be\/fr\/?p=12060"},"modified":"2025-09-02T09:33:05","modified_gmt":"2025-09-02T07:33:05","slug":"guillaume-petta-lentrepreneur-autodidacte-qui-reinvente-le-digital-pour-les-pme-relance-localisy","status":"publish","type":"post","link":"https:\/\/www.forbes.be\/fr\/guillaume-petta-lentrepreneur-autodidacte-qui-reinvente-le-digital-pour-les-pme-relance-localisy\/","title":{"rendered":"Guillaume Petta, l&rsquo;entrepreneur autodidacte qui r\u00e9invente le digital pour les PME"},"content":{"rendered":"<p><strong>Depuis ses 14 ans, Guillaume Petta traque le potentiel du digital pour les commerces. Quinze plus tard, \u00e0 la t\u00eate de Localisy et de ProduWeb, il revient avec une nouvelle version de sa plateforme historique et un startup studio tourn\u00e9 vers l&rsquo;IA. Rencontre avec un patron pragmatique, ambitieux et obs\u00e9d\u00e9 par la performance, qui s&rsquo;est fait seul, \u00e0 force de travail, de doutes et d&rsquo;intuition.<\/strong><\/p>\n<p><strong>Forbes.be &#8211; Vous avez commenc\u00e9 tr\u00e8s jeune dans le digital. Quel a \u00e9t\u00e9 le d\u00e9clic ?<\/strong><br \/>\n<strong>Guillaume Petta &#8211;<\/strong> J&rsquo;ai commenc\u00e9 \u00e0 14 ans, presque par jeu. Je cr\u00e9ais des campagnes publicitaires sur <strong>Facebook<\/strong> pour des petits commerces de ma r\u00e9gion : restaurants, magasins de v\u00eatements, boulangeries. Ce qui m&rsquo;a tout de suite fascin\u00e9, c&rsquo;\u00e9tait l&rsquo;impact direct qu&rsquo;on pouvait g\u00e9n\u00e9rer sur leur activit\u00e9 avec quelques annonces bien cibl\u00e9es. Je me rappelle d&rsquo;un restaurateur qui m&rsquo;a appel\u00e9 pour me dire : \u00ab <em>Coupe la pub, on n&rsquo;arrive plus \u00e0 suivre, on est complet pendant deux semaines.<\/em> \u00bb Ce genre de r\u00e9action, \u00e0 15 ans, c&rsquo;est grisant. \u00c0 18 ans, j&rsquo;ai sollicit\u00e9 un subside de la R\u00e9gion wallonne pour structurer un projet, et \u00e0 19 ans, j&rsquo;ai quitt\u00e9 mes \u00e9tudes de droit \u00e0 l&rsquo;universit\u00e9 de Li\u00e8ge pour lancer <strong>Localisy<\/strong>. C&rsquo;\u00e9tait le d\u00e9but d&rsquo;une aventure que je pensais courte, mais qui dure depuis onze ans.<\/p>\n<p><strong>&#8211; Vous \u00e9tiez un pionnier du social media marketing en Belgique ?<\/strong><br \/>\n<strong>&#8211;<\/strong> Oui, clairement. \u00c0 l&rsquo;\u00e9poque, il n&rsquo;y avait que <strong>Facebook<\/strong>, et sa <strong>plateforme publicitaire<\/strong> \u00e9tait encore tr\u00e8s rudimentaire. Pas de formats vid\u00e9o, pas d&rsquo;<strong>Instagram<\/strong>, encore moins de <em>reels<\/em>, mais tout \u00e9tait nouveau.\u00a0Notre valeur \u00e9tait de d&rsquo;apporter aux commer\u00e7ants un accompagnement global : strat\u00e9gie, cr\u00e9ation de contenu, gestion des campagnes, analyse de performance. Ce qui les s\u00e9duisait, c&rsquo;\u00e9tait notre capacit\u00e9 \u00e0 tout prendre en charge, sans devenir un poids financier mensuel. Et comme tr\u00e8s peu d&rsquo;entreprises faisaient de la pub en ligne \u00e0 l&rsquo;\u00e9poque, les <strong>retours sur investissement<\/strong> \u00e9taient spectaculaires.<\/p>\n<p><strong>&#8211; Comment passe-t-on d&rsquo;une jeune agence \u00e0 la reprise d&rsquo;un acteur majeur du secteur ?<\/strong><br \/>\n<strong>&#8211;<\/strong> <strong>Localisy<\/strong> a grandi vite, mais toujours avec une approche frugale. On avait une obsession : la qualit\u00e9 des livrables. Et justement, on sous-traitait le <strong>d\u00e9veloppement web<\/strong> \u00e0 des partenaires dont les d\u00e9lais, les devis ou les cahiers des charges \u00e9taient rarement respect\u00e9s. \u00c7a d\u00e9gradait l&rsquo;exp\u00e9rience client. J&rsquo;ai donc d\u00e9cid\u00e9 d&rsquo;internaliser. C&rsquo;est l\u00e0 qu&rsquo;on a appris que <strong>ProduWeb<\/strong> \u00e9tait \u00e0 vendre. Une bo\u00eete historique, plus de 15 ans d&rsquo;existence, une quinzaine de d\u00e9veloppeurs \u00e0 Li\u00e8ge. On a saut\u00e9 sur l&rsquo;occasion. Comment ? Parce que depuis le d\u00e9but on avait tout r\u00e9investi dans la bo\u00eete. Pas de salaires extravagants, pas de voiture de soci\u00e9t\u00e9, tr\u00e8s peu de charges fixes. Cette discipline nous a permis d&rsquo;obtenir un financement bancaire raisonnable et de concr\u00e9tiser cette acquisition.<\/p>\n<figure id=\"attachment_12065\" aria-describedby=\"caption-attachment-12065\" style=\"width: 2560px\" class=\"wp-caption alignnone\"><img loading=\"lazy\" decoding=\"async\" class=\"size-full wp-image-12065\" src=\"https:\/\/www.forbes.be\/fr\/wp-content\/uploads\/2025\/08\/photos-generales-2-scaled.jpg\" alt=\"\" width=\"2560\" height=\"1707\" srcset=\"https:\/\/www.forbes.be\/fr\/wp-content\/uploads\/2025\/08\/photos-generales-2-scaled.jpg 2560w, https:\/\/www.forbes.be\/fr\/wp-content\/uploads\/2025\/08\/photos-generales-2-300x200.jpg 300w, https:\/\/www.forbes.be\/fr\/wp-content\/uploads\/2025\/08\/photos-generales-2-1024x683.jpg 1024w, https:\/\/www.forbes.be\/fr\/wp-content\/uploads\/2025\/08\/photos-generales-2-768x512.jpg 768w, https:\/\/www.forbes.be\/fr\/wp-content\/uploads\/2025\/08\/photos-generales-2-1536x1024.jpg 1536w, https:\/\/www.forbes.be\/fr\/wp-content\/uploads\/2025\/08\/photos-generales-2-2048x1365.jpg 2048w, https:\/\/www.forbes.be\/fr\/wp-content\/uploads\/2025\/08\/photos-generales-2-696x464.jpg 696w, https:\/\/www.forbes.be\/fr\/wp-content\/uploads\/2025\/08\/photos-generales-2-1068x712.jpg 1068w, https:\/\/www.forbes.be\/fr\/wp-content\/uploads\/2025\/08\/photos-generales-2-1920x1280.jpg 1920w, https:\/\/www.forbes.be\/fr\/wp-content\/uploads\/2025\/08\/photos-generales-2-600x400.jpg 600w\" sizes=\"auto, (max-width: 2560px) 100vw, 2560px\" \/><figcaption id=\"caption-attachment-12065\" class=\"wp-caption-text\">\u00a9 DR01<\/figcaption><\/figure>\n<p><strong>&#8211; Vous changez alors de dimension.<\/strong><br \/>\n<strong>&#8211;<\/strong> Compl\u00e8tement. Le premier devis que je re\u00e7ois chez <strong>ProduWeb<\/strong>, c&rsquo;\u00e9tait Intermarch\u00e9 Belgique. Refondre leur site national, avec des int\u00e9grations complexes : horaires, stocks, points de vente. Avant, on g\u00e9rait des <strong>PME<\/strong> de 10, 20, 50 personnes. Aujourd&rsquo;hui, on travaille avec des groupes, des structures matures. Cela dit, on reste attach\u00e9s aux entreprises de taille moyenne. En revanche, les petits ind\u00e9pendants n&rsquo;ont plus les budgets compatibles avec notre structure de co\u00fbts. Plut\u00f4t que de les laisser dans l&rsquo;impasse, on les oriente vers des partenaires fiables.<\/p>\n<p><strong>&#8211; Qu&rsquo;est-ce qui a \u00e9t\u00e9 le plus difficile dans cette phase de croissance ?<\/strong><br \/>\n<strong>&#8211;<\/strong> L\u2019humain. J&rsquo;avais 25 ans, et je me retrouvais face \u00e0 des collaborateurs de 35, 40, 45 ans \u00e0 qui je devais dire : \u00ab<em> Bonjour, je suis votre nouveau patron.<\/em> \u00bb Sans historique, sans cr\u00e9dibilit\u00e9. Ceux qui m&rsquo;ont vu gal\u00e9rer \u00e0 20 ans comprenaient mon parcours. Les autres me voyaient comme un gamin arriv\u00e9 de nulle part. Il a fallu prouver, encore et encore. C&rsquo;est pour \u00e7a que je parle de <strong>m\u00e9ritocratie<\/strong> : tu montres que tu livres, que tu es fiable, que tu es constant. C&rsquo;est long, mais \u00e7a paie. Aujourd&rsquo;hui, la coh\u00e9sion est solide.<\/p>\n<p>&#8211; <strong>D&rsquo;o\u00f9 l&rsquo;importance de s&rsquo;associer avec quelqu&rsquo;un de plus \u00e2g\u00e9 ?<\/strong><br \/>\n<strong>&#8211;<\/strong> <strong>Laurent<\/strong> (<strong>Di Carlo<\/strong>, ndlr) \u00e9tait d\u00e9j\u00e0 associ\u00e9 minoritaire chez <strong>ProduWeb<\/strong> avant le rachat. Il en connaissait tous les rouages, les \u00e9quipes, les projets. Moi, j&rsquo;arrivais comme le nouveau, jeune, ext\u00e9rieur. Lui, c&rsquo;\u00e9tait la figure l\u00e9gitime, exp\u00e9riment\u00e9e, reconnue. L&rsquo;associer plus largement, c&rsquo;\u00e9tait strat\u00e9gique : il m&rsquo;a permis de faire le lien humain et op\u00e9rationnel avec les \u00e9quipes historiques. On se compl\u00e8te bien. L\u00e0 o\u00f9 je suis dans la vision, la dynamique commerciale, il apporte de la stabilit\u00e9, de la m\u00e9moire et du recul. Il a vraiment \u00e9t\u00e9 un cha\u00eenon essentiel dans cette nouvelle \u00e9tape.<\/p>\n<figure id=\"attachment_12063\" aria-describedby=\"caption-attachment-12063\" style=\"width: 2560px\" class=\"wp-caption alignnone\"><img loading=\"lazy\" decoding=\"async\" class=\"size-full wp-image-12063\" src=\"https:\/\/www.forbes.be\/fr\/wp-content\/uploads\/2025\/08\/guillaume-petta-laurent-di-carlo-2-scaled.jpg\" alt=\"\" width=\"2560\" height=\"1703\" srcset=\"https:\/\/www.forbes.be\/fr\/wp-content\/uploads\/2025\/08\/guillaume-petta-laurent-di-carlo-2-scaled.jpg 2560w, https:\/\/www.forbes.be\/fr\/wp-content\/uploads\/2025\/08\/guillaume-petta-laurent-di-carlo-2-300x200.jpg 300w, https:\/\/www.forbes.be\/fr\/wp-content\/uploads\/2025\/08\/guillaume-petta-laurent-di-carlo-2-1024x681.jpg 1024w, https:\/\/www.forbes.be\/fr\/wp-content\/uploads\/2025\/08\/guillaume-petta-laurent-di-carlo-2-768x511.jpg 768w, https:\/\/www.forbes.be\/fr\/wp-content\/uploads\/2025\/08\/guillaume-petta-laurent-di-carlo-2-1536x1022.jpg 1536w, https:\/\/www.forbes.be\/fr\/wp-content\/uploads\/2025\/08\/guillaume-petta-laurent-di-carlo-2-2048x1363.jpg 2048w, https:\/\/www.forbes.be\/fr\/wp-content\/uploads\/2025\/08\/guillaume-petta-laurent-di-carlo-2-696x463.jpg 696w, https:\/\/www.forbes.be\/fr\/wp-content\/uploads\/2025\/08\/guillaume-petta-laurent-di-carlo-2-1068x711.jpg 1068w, https:\/\/www.forbes.be\/fr\/wp-content\/uploads\/2025\/08\/guillaume-petta-laurent-di-carlo-2-1920x1277.jpg 1920w, https:\/\/www.forbes.be\/fr\/wp-content\/uploads\/2025\/08\/guillaume-petta-laurent-di-carlo-2-600x399.jpg 600w\" sizes=\"auto, (max-width: 2560px) 100vw, 2560px\" \/><figcaption id=\"caption-attachment-12063\" class=\"wp-caption-text\">Laurent Di Carlo et Guillaume Petta \u00a9 DR<\/figcaption><\/figure>\n<p><strong>&#8211; Vous avez relanc\u00e9 Localisy. Pourquoi maintenant ?<\/strong><br \/>\n<strong>&#8211;<\/strong> Parce que le probl\u00e8me que je voulais r\u00e9soudre il y a dix ans existe toujours. Les h\u00f4teliers ont Booking.com, les taxis ont Uber, mais les <strong>commerces locaux<\/strong> n&rsquo;ont pas de plateforme de r\u00e9f\u00e9rence pour exister en ligne. Les <strong>commer\u00e7ants<\/strong> ne peuvent pas se payer une agence tous les mois pour faire du SEO, des visuels ou des posts. Ce qu&rsquo;il leur faut, c&rsquo;est une plateforme tout-en-un, simple, efficace, \u00e0 50 ou 100 euros par mois. On a donc red\u00e9velopp\u00e9 la plateforme <a href=\"https:\/\/www.localisy.com\/\" target=\"_blank\" rel=\"noopener\"><strong>Localisy.com<\/strong><\/a>, avec des outils d&rsquo;IA int\u00e9gr\u00e9s, un accompagnement, et une interface ultra simplifi\u00e9e. On a mobilis\u00e9 9 ETP sur le projet, et on est en <strong>lev\u00e9e de fonds<\/strong> pour acc\u00e9l\u00e9rer. C&rsquo;est beaucoup plus dur que pr\u00e9vu, car le contexte \u00e9conomique est tendu pour les<strong> startups<\/strong>. Mais on ne l\u00e2che rien.<\/p>\n<p><strong>&#8211; Et ce startup studio, comment est-il n\u00e9 ?<\/strong><br \/>\n<strong>&#8211;<\/strong> En \u00e9coutant nos clients. Beaucoup venaient avec des besoins tr\u00e8s sp\u00e9cifiques : logiciels RH, outils logistiques, plateformes <strong>e-commerce<\/strong>. Des choses qu&rsquo;on pouvait d\u00e9velopper pour eux, mais qui, avec un bon cadrage, pouvaient \u00eatre utiles \u00e0 tout un secteur. L&rsquo;id\u00e9e du <strong>startup studio<\/strong>, c&rsquo;est \u00e7a : co-cr\u00e9er des solutions digitales avec nos clients, mutualiser les co\u00fbts, et donner naissance \u00e0 des projets exploitables commercialement. Aujourd&rsquo;hui, on a trois projets en cours d&rsquo;incubation dans les RH, la logistique et le marketing. C&rsquo;est long \u00e0 sortir, mais strat\u00e9giquement, c&rsquo;est tr\u00e8s fort.<\/p>\n<p><strong>&#8211; Vous misez d\u00e9sormais sur l&rsquo;intelligence artificielle ?<\/strong><br \/>\n<strong>&#8211;<\/strong> Oui, c&rsquo;est notre priorit\u00e9. L&rsquo;<strong>IA<\/strong> permet de faire gagner un temps fou, de r\u00e9duire les co\u00fbts, d&rsquo;am\u00e9liorer la qualit\u00e9. On l&rsquo;int\u00e8gre dans les process internes, les projets clients, la cr\u00e9ation de contenu, le <strong>SEO<\/strong>, et m\u00eame la <strong>cybers\u00e9curit\u00e9<\/strong>. On a d\u00e9j\u00e0 des cas concrets o\u00f9 des outils d&rsquo;<strong>IA<\/strong> ont identifi\u00e9 une attaque sur un site e-commerce et l&rsquo;ont neutralis\u00e9e en quelques heures. Avant, il fallait analyser des logs manuellement pendant des jours. L&rsquo;<strong>IA<\/strong> transforme tout. On est pass\u00e9 d&rsquo;un taux de conversion de 2% sur les campagnes traditionnelles \u00e0 5 \u00e0 9% sur celles g\u00e9r\u00e9es par <strong>IA<\/strong>. C&rsquo;est colossal.<\/p>\n<figure id=\"attachment_12064\" aria-describedby=\"caption-attachment-12064\" style=\"width: 2560px\" class=\"wp-caption alignnone\"><img loading=\"lazy\" decoding=\"async\" class=\"size-full wp-image-12064\" src=\"https:\/\/www.forbes.be\/fr\/wp-content\/uploads\/2025\/08\/photos-generales-1-scaled.jpg\" alt=\"\" width=\"2560\" height=\"1707\" srcset=\"https:\/\/www.forbes.be\/fr\/wp-content\/uploads\/2025\/08\/photos-generales-1-scaled.jpg 2560w, https:\/\/www.forbes.be\/fr\/wp-content\/uploads\/2025\/08\/photos-generales-1-300x200.jpg 300w, https:\/\/www.forbes.be\/fr\/wp-content\/uploads\/2025\/08\/photos-generales-1-1024x683.jpg 1024w, https:\/\/www.forbes.be\/fr\/wp-content\/uploads\/2025\/08\/photos-generales-1-768x512.jpg 768w, https:\/\/www.forbes.be\/fr\/wp-content\/uploads\/2025\/08\/photos-generales-1-1536x1024.jpg 1536w, https:\/\/www.forbes.be\/fr\/wp-content\/uploads\/2025\/08\/photos-generales-1-2048x1365.jpg 2048w, https:\/\/www.forbes.be\/fr\/wp-content\/uploads\/2025\/08\/photos-generales-1-696x464.jpg 696w, https:\/\/www.forbes.be\/fr\/wp-content\/uploads\/2025\/08\/photos-generales-1-1068x712.jpg 1068w, https:\/\/www.forbes.be\/fr\/wp-content\/uploads\/2025\/08\/photos-generales-1-1920x1280.jpg 1920w, https:\/\/www.forbes.be\/fr\/wp-content\/uploads\/2025\/08\/photos-generales-1-600x400.jpg 600w\" sizes=\"auto, (max-width: 2560px) 100vw, 2560px\" \/><figcaption id=\"caption-attachment-12064\" class=\"wp-caption-text\">\u00a9\u00a0DR<\/figcaption><\/figure>\n<p><strong>&#8211; Avec 11 ans de carri\u00e8re \u00e0 30 ans, vous avez fait des sacrifices ?<\/strong><br \/>\n<strong>&#8211;<\/strong> Oui, \u00e7a a \u00e9t\u00e9 extr\u00eamement dur. J&rsquo;ai perdu beaucoup d&rsquo;amis. Quand tu refuses les sorties, que tu bosses tous les week-ends, les gens s&rsquo;\u00e9loignent. J&rsquo;ai m\u00eame perdu des soutiens familiaux. Certains m&rsquo;ont pr\u00e9dit trois mois avant que je retourne \u00e0 l&rsquo;\u00e9cole. Il y a eu de la solitude, des nuits blanches, du stress jusqu&rsquo;\u00e0 l&rsquo;\u00e9puisement physique. Mais j&rsquo;ai aussi eu des moments magnifiques. Quand tu recrutes quelqu&rsquo;un, qu&rsquo;il \u00e9volue, fonde une famille, ach\u00e8te une maison, c&rsquo;est tr\u00e8s fort. Tu vois que ton travail a un impact concret.<\/p>\n<p><strong>&#8211; Des regrets ?<\/strong><br \/>\n<strong>&#8211;<\/strong> Non. Je ne dis pas que quitter l&rsquo;\u00e9cole est une bonne id\u00e9e pour tout le monde. Dans mon secteur, il n&rsquo;y avait pas de formation. D&rsquo;ailleurs, il n&rsquo;y en a toujours pas. Et oui, j&rsquo;ai souvent dout\u00e9. <strong>Syndrome de l&rsquo;imposteur<\/strong>, sentiment de ne pas \u00eatre \u00e0 la hauteur. Mais mon entourage m&rsquo;a toujours remis dans le droit chemin. Ceux qui me connaissent savent par quoi je suis pass\u00e9. On ne construit pas un truc comme \u00e7a par hasard.<\/p>\n<p><strong>&#8211; Et demain, o\u00f9 va le web ?<\/strong><br \/>\n<strong>&#8211;<\/strong> Vers l&rsquo;automatisation intelligente. Vers des outils qui comprennent les besoins des entreprises et les traduisent en actions. L&rsquo;<strong>IA<\/strong>, ce n&rsquo;est pas juste une tendance. C&rsquo;est une r\u00e9volution qui touche toutes les fonctions : vente, RH, production, communication. Notre r\u00f4le, c&rsquo;est de faire le lien entre la <strong>tech<\/strong> et le<strong> business<\/strong>. D&rsquo;aider les entreprises \u00e0 int\u00e9grer ces outils sans perdre leur \u00e2me. Et c&rsquo;est \u00e7a qui me passionne chaque jour.<\/p>\n","protected":false},"excerpt":{"rendered":"<p>Depuis ses 14 ans, Guillaume Petta traque le potentiel du digital pour les commerces. Quinze plus tard, \u00e0 la t\u00eate de Localisy et de ProduWeb, il revient avec une nouvelle version de sa plateforme historique et un startup studio tourn\u00e9 vers l&rsquo;IA. Rencontre avec un patron pragmatique, ambitieux et obs\u00e9d\u00e9 par la performance, qui s&rsquo;est [&hellip;]<\/p>\n","protected":false},"author":47,"featured_media":12062,"comment_status":"closed","ping_status":"closed","sticky":false,"template":"","format":"standard","meta":{"_acf_changed":false,"inline_featured_image":false,"footnotes":""},"categories":[19,14],"tags":[],"class_list":{"0":"post-12060","1":"post","2":"type-post","3":"status-publish","4":"format-standard","5":"has-post-thumbnail","7":"category-entrepreneurs","8":"category-innovation"},"acf":[],"_yoast_wpseo_title":null,"_yoast_wpseo_metadesc":"\u00c0 30 ans, Guillaume Petta relance Localisy, pilote ProduWeb et mise sur l\u2019IA avec un startup studio pour r\u00e9inventer le digital des entreprises.","auteur_traducteur":"","yoast_head":"<!-- This site is optimized with the Yoast SEO plugin v27.4 - https:\/\/yoast.com\/product\/yoast-seo-wordpress\/ -->\n<title>Guillaume Petta, l&#039;entrepreneur autodidacte qui r\u00e9invente le digital pour les PME | Forbes Belgique<\/title>\n<meta name=\"description\" content=\"\u00c0 30 ans, Guillaume Petta relance Localisy, pilote ProduWeb et mise sur l\u2019IA avec un startup studio pour r\u00e9inventer le digital des entreprises.\" \/>\n<meta name=\"robots\" content=\"index, follow, max-snippet:-1, max-image-preview:large, max-video-preview:-1\" \/>\n<link rel=\"canonical\" href=\"https:\/\/www.forbes.be\/fr\/guillaume-petta-lentrepreneur-autodidacte-qui-reinvente-le-digital-pour-les-pme-relance-localisy\/\" \/>\n<meta property=\"og:locale\" content=\"fr_FR\" \/>\n<meta property=\"og:type\" content=\"article\" \/>\n<meta property=\"og:title\" content=\"Guillaume Petta, l&#039;entrepreneur autodidacte qui r\u00e9invente le digital pour les PME | Forbes Belgique\" \/>\n<meta property=\"og:description\" content=\"\u00c0 30 ans, Guillaume Petta relance Localisy, pilote ProduWeb et mise sur l\u2019IA avec un startup studio pour r\u00e9inventer le digital des entreprises.\" \/>\n<meta property=\"og:url\" content=\"https:\/\/www.forbes.be\/fr\/guillaume-petta-lentrepreneur-autodidacte-qui-reinvente-le-digital-pour-les-pme-relance-localisy\/\" \/>\n<meta property=\"og:site_name\" content=\"Forbes Belgique\" \/>\n<meta property=\"article:publisher\" content=\"https:\/\/www.facebook.com\/forbesbelgique\/\" \/>\n<meta property=\"article:published_time\" content=\"2025-09-02T05:48:00+00:00\" \/>\n<meta property=\"article:modified_time\" content=\"2025-09-02T07:33:05+00:00\" \/>\n<meta property=\"og:image\" content=\"https:\/\/www.forbes.be\/fr\/wp-content\/uploads\/2025\/08\/guillaume-petta-3-scaled-e1756385847705.jpg\" \/>\n\t<meta property=\"og:image:width\" content=\"1707\" \/>\n\t<meta property=\"og:image:height\" content=\"896\" \/>\n\t<meta property=\"og:image:type\" content=\"image\/jpeg\" \/>\n<meta name=\"author\" content=\"Martin Boonen\" \/>\n<meta name=\"twitter:card\" content=\"summary_large_image\" \/>\n<meta name=\"twitter:label1\" content=\"\u00c9crit par\" \/>\n\t<meta name=\"twitter:data1\" content=\"Martin Boonen\" \/>\n\t<meta name=\"twitter:label2\" content=\"Dur\u00e9e de lecture estim\u00e9e\" \/>\n\t<meta name=\"twitter:data2\" content=\"8 minutes\" \/>\n<script type=\"application\/ld+json\" class=\"yoast-schema-graph\">{\"@context\":\"https:\\\/\\\/schema.org\",\"@graph\":[{\"@type\":\"NewsArticle\",\"@id\":\"https:\\\/\\\/www.forbes.be\\\/fr\\\/guillaume-petta-lentrepreneur-autodidacte-qui-reinvente-le-digital-pour-les-pme-relance-localisy\\\/#article\",\"isPartOf\":{\"@id\":\"https:\\\/\\\/www.forbes.be\\\/fr\\\/guillaume-petta-lentrepreneur-autodidacte-qui-reinvente-le-digital-pour-les-pme-relance-localisy\\\/\"},\"author\":{\"name\":\"Martin Boonen\",\"@id\":\"https:\\\/\\\/www.forbes.be\\\/fr\\\/#\\\/schema\\\/person\\\/5e9af5383f8e0ffec564788f40ac92c8\"},\"headline\":\"Guillaume Petta, l&rsquo;entrepreneur autodidacte qui r\u00e9invente le digital pour les PME\",\"datePublished\":\"2025-09-02T05:48:00+00:00\",\"dateModified\":\"2025-09-02T07:33:05+00:00\",\"mainEntityOfPage\":{\"@id\":\"https:\\\/\\\/www.forbes.be\\\/fr\\\/guillaume-petta-lentrepreneur-autodidacte-qui-reinvente-le-digital-pour-les-pme-relance-localisy\\\/\"},\"wordCount\":1458,\"publisher\":{\"@id\":\"https:\\\/\\\/www.forbes.be\\\/fr\\\/#organization\"},\"image\":{\"@id\":\"https:\\\/\\\/www.forbes.be\\\/fr\\\/guillaume-petta-lentrepreneur-autodidacte-qui-reinvente-le-digital-pour-les-pme-relance-localisy\\\/#primaryimage\"},\"thumbnailUrl\":\"https:\\\/\\\/www.forbes.be\\\/fr\\\/wp-content\\\/uploads\\\/2025\\\/08\\\/guillaume-petta-3-scaled-e1756385847705.jpg\",\"articleSection\":[\"Entrepreneurs\",\"Innovation\"],\"inLanguage\":\"fr-FR\"},{\"@type\":\"WebPage\",\"@id\":\"https:\\\/\\\/www.forbes.be\\\/fr\\\/guillaume-petta-lentrepreneur-autodidacte-qui-reinvente-le-digital-pour-les-pme-relance-localisy\\\/\",\"url\":\"https:\\\/\\\/www.forbes.be\\\/fr\\\/guillaume-petta-lentrepreneur-autodidacte-qui-reinvente-le-digital-pour-les-pme-relance-localisy\\\/\",\"name\":\"Guillaume Petta, l'entrepreneur autodidacte qui r\u00e9invente le digital pour les PME | Forbes Belgique\",\"isPartOf\":{\"@id\":\"https:\\\/\\\/www.forbes.be\\\/fr\\\/#website\"},\"primaryImageOfPage\":{\"@id\":\"https:\\\/\\\/www.forbes.be\\\/fr\\\/guillaume-petta-lentrepreneur-autodidacte-qui-reinvente-le-digital-pour-les-pme-relance-localisy\\\/#primaryimage\"},\"image\":{\"@id\":\"https:\\\/\\\/www.forbes.be\\\/fr\\\/guillaume-petta-lentrepreneur-autodidacte-qui-reinvente-le-digital-pour-les-pme-relance-localisy\\\/#primaryimage\"},\"thumbnailUrl\":\"https:\\\/\\\/www.forbes.be\\\/fr\\\/wp-content\\\/uploads\\\/2025\\\/08\\\/guillaume-petta-3-scaled-e1756385847705.jpg\",\"datePublished\":\"2025-09-02T05:48:00+00:00\",\"dateModified\":\"2025-09-02T07:33:05+00:00\",\"description\":\"\u00c0 30 ans, Guillaume Petta relance Localisy, pilote ProduWeb et mise sur l\u2019IA avec un startup studio pour r\u00e9inventer le digital des entreprises.\",\"breadcrumb\":{\"@id\":\"https:\\\/\\\/www.forbes.be\\\/fr\\\/guillaume-petta-lentrepreneur-autodidacte-qui-reinvente-le-digital-pour-les-pme-relance-localisy\\\/#breadcrumb\"},\"inLanguage\":\"fr-FR\",\"potentialAction\":[{\"@type\":\"ReadAction\",\"target\":[\"https:\\\/\\\/www.forbes.be\\\/fr\\\/guillaume-petta-lentrepreneur-autodidacte-qui-reinvente-le-digital-pour-les-pme-relance-localisy\\\/\"]}]},{\"@type\":\"ImageObject\",\"inLanguage\":\"fr-FR\",\"@id\":\"https:\\\/\\\/www.forbes.be\\\/fr\\\/guillaume-petta-lentrepreneur-autodidacte-qui-reinvente-le-digital-pour-les-pme-relance-localisy\\\/#primaryimage\",\"url\":\"https:\\\/\\\/www.forbes.be\\\/fr\\\/wp-content\\\/uploads\\\/2025\\\/08\\\/guillaume-petta-3-scaled-e1756385847705.jpg\",\"contentUrl\":\"https:\\\/\\\/www.forbes.be\\\/fr\\\/wp-content\\\/uploads\\\/2025\\\/08\\\/guillaume-petta-3-scaled-e1756385847705.jpg\",\"width\":1707,\"height\":896,\"caption\":\"\u00a9 DR\"},{\"@type\":\"BreadcrumbList\",\"@id\":\"https:\\\/\\\/www.forbes.be\\\/fr\\\/guillaume-petta-lentrepreneur-autodidacte-qui-reinvente-le-digital-pour-les-pme-relance-localisy\\\/#breadcrumb\",\"itemListElement\":[{\"@type\":\"ListItem\",\"position\":1,\"name\":\"Accueil\",\"item\":\"https:\\\/\\\/www.forbes.be\\\/fr\\\/\"},{\"@type\":\"ListItem\",\"position\":2,\"name\":\"Guillaume Petta, l&rsquo;entrepreneur autodidacte qui r\u00e9invente le digital pour les PME\"}]},{\"@type\":\"WebSite\",\"@id\":\"https:\\\/\\\/www.forbes.be\\\/fr\\\/#website\",\"url\":\"https:\\\/\\\/www.forbes.be\\\/fr\\\/\",\"name\":\"Forbes Belgique\",\"description\":\"\",\"publisher\":{\"@id\":\"https:\\\/\\\/www.forbes.be\\\/fr\\\/#organization\"},\"potentialAction\":[{\"@type\":\"SearchAction\",\"target\":{\"@type\":\"EntryPoint\",\"urlTemplate\":\"https:\\\/\\\/www.forbes.be\\\/fr\\\/?s={search_term_string}\"},\"query-input\":{\"@type\":\"PropertyValueSpecification\",\"valueRequired\":true,\"valueName\":\"search_term_string\"}}],\"inLanguage\":\"fr-FR\"},{\"@type\":\"Organization\",\"@id\":\"https:\\\/\\\/www.forbes.be\\\/fr\\\/#organization\",\"name\":\"Forbes Belgique\",\"url\":\"https:\\\/\\\/www.forbes.be\\\/fr\\\/\",\"logo\":{\"@type\":\"ImageObject\",\"inLanguage\":\"fr-FR\",\"@id\":\"https:\\\/\\\/www.forbes.be\\\/fr\\\/#\\\/schema\\\/logo\\\/image\\\/\",\"url\":\"https:\\\/\\\/www.forbes.be\\\/fr\\\/wp-content\\\/uploads\\\/2024\\\/02\\\/forbes.be_.png\",\"contentUrl\":\"https:\\\/\\\/www.forbes.be\\\/fr\\\/wp-content\\\/uploads\\\/2024\\\/02\\\/forbes.be_.png\",\"width\":1200,\"height\":675,\"caption\":\"Forbes Belgique\"},\"image\":{\"@id\":\"https:\\\/\\\/www.forbes.be\\\/fr\\\/#\\\/schema\\\/logo\\\/image\\\/\"},\"sameAs\":[\"https:\\\/\\\/www.facebook.com\\\/forbesbelgique\\\/\",\"https:\\\/\\\/www.instagram.com\\\/Forbes_Belgium\",\"https:\\\/\\\/www.linkedin.com\\\/company\\\/forbes-belgium\\\/\"]},{\"@type\":\"Person\",\"@id\":\"https:\\\/\\\/www.forbes.be\\\/fr\\\/#\\\/schema\\\/person\\\/5e9af5383f8e0ffec564788f40ac92c8\",\"name\":\"Martin Boonen\",\"image\":{\"@type\":\"ImageObject\",\"inLanguage\":\"fr-FR\",\"@id\":\"https:\\\/\\\/www.forbes.be\\\/fr\\\/wp-content\\\/uploads\\\/2025\\\/10\\\/capture-decran-2024-11-15-a-093849-300x300-1-100x100.png\",\"url\":\"https:\\\/\\\/www.forbes.be\\\/fr\\\/wp-content\\\/uploads\\\/2025\\\/10\\\/capture-decran-2024-11-15-a-093849-300x300-1-100x100.png\",\"contentUrl\":\"https:\\\/\\\/www.forbes.be\\\/fr\\\/wp-content\\\/uploads\\\/2025\\\/10\\\/capture-decran-2024-11-15-a-093849-300x300-1-100x100.png\",\"caption\":\"Martin Boonen\"},\"description\":\"Martin Boonen est journaliste dipl\u00f4m\u00e9 de l'Institut de Journalisme de Bruxelles (2012). Il collabor\u00e9 avec de nombreuses r\u00e9dactions \u00e0 diff\u00e9rent niveau de responsabilit\u00e9 : journaliste, chef de rubrique, secr\u00e9taire de r\u00e9daction et r\u00e9dacteur en chef, tant sur le web que pour la presse imprim\u00e9e. Sp\u00e9cialis\u00e9 dans les startups et l'entrepreneuriat \u00e0 impact, il est devenu en 2025 r\u00e9dacteur en chef du site web de Forbes Belgique. Il est affili\u00e9 \u00e0 l'Organisation Mondiale de la Presse P\u00e9riodique depuis 2011.\",\"sameAs\":[\"https:\\\/\\\/www.linkedin.com\\\/in\\\/martin-boonen-61499951\\\/\"],\"url\":\"https:\\\/\\\/www.forbes.be\\\/fr\\\/author\\\/martin-boonen\\\/\"}]}<\/script>\n<!-- \/ Yoast SEO plugin. -->","yoast_head_json":{"title":"Guillaume Petta, l'entrepreneur autodidacte qui r\u00e9invente le digital pour les PME | Forbes Belgique","description":"\u00c0 30 ans, Guillaume Petta relance Localisy, pilote ProduWeb et mise sur l\u2019IA avec un startup studio pour r\u00e9inventer le digital des entreprises.","robots":{"index":"index","follow":"follow","max-snippet":"max-snippet:-1","max-image-preview":"max-image-preview:large","max-video-preview":"max-video-preview:-1"},"canonical":"https:\/\/www.forbes.be\/fr\/guillaume-petta-lentrepreneur-autodidacte-qui-reinvente-le-digital-pour-les-pme-relance-localisy\/","og_locale":"fr_FR","og_type":"article","og_title":"Guillaume Petta, l'entrepreneur autodidacte qui r\u00e9invente le digital pour les PME | Forbes Belgique","og_description":"\u00c0 30 ans, Guillaume Petta relance Localisy, pilote ProduWeb et mise sur l\u2019IA avec un startup studio pour r\u00e9inventer le digital des entreprises.","og_url":"https:\/\/www.forbes.be\/fr\/guillaume-petta-lentrepreneur-autodidacte-qui-reinvente-le-digital-pour-les-pme-relance-localisy\/","og_site_name":"Forbes Belgique","article_publisher":"https:\/\/www.facebook.com\/forbesbelgique\/","article_published_time":"2025-09-02T05:48:00+00:00","article_modified_time":"2025-09-02T07:33:05+00:00","og_image":[{"width":1707,"height":896,"url":"https:\/\/www.forbes.be\/fr\/wp-content\/uploads\/2025\/08\/guillaume-petta-3-scaled-e1756385847705.jpg","type":"image\/jpeg"}],"author":"Martin Boonen","twitter_card":"summary_large_image","twitter_misc":{"\u00c9crit par":"Martin Boonen","Dur\u00e9e de lecture estim\u00e9e":"8 minutes"},"schema":{"@context":"https:\/\/schema.org","@graph":[{"@type":"NewsArticle","@id":"https:\/\/www.forbes.be\/fr\/guillaume-petta-lentrepreneur-autodidacte-qui-reinvente-le-digital-pour-les-pme-relance-localisy\/#article","isPartOf":{"@id":"https:\/\/www.forbes.be\/fr\/guillaume-petta-lentrepreneur-autodidacte-qui-reinvente-le-digital-pour-les-pme-relance-localisy\/"},"author":{"name":"Martin Boonen","@id":"https:\/\/www.forbes.be\/fr\/#\/schema\/person\/5e9af5383f8e0ffec564788f40ac92c8"},"headline":"Guillaume Petta, l&rsquo;entrepreneur autodidacte qui r\u00e9invente le digital pour les PME","datePublished":"2025-09-02T05:48:00+00:00","dateModified":"2025-09-02T07:33:05+00:00","mainEntityOfPage":{"@id":"https:\/\/www.forbes.be\/fr\/guillaume-petta-lentrepreneur-autodidacte-qui-reinvente-le-digital-pour-les-pme-relance-localisy\/"},"wordCount":1458,"publisher":{"@id":"https:\/\/www.forbes.be\/fr\/#organization"},"image":{"@id":"https:\/\/www.forbes.be\/fr\/guillaume-petta-lentrepreneur-autodidacte-qui-reinvente-le-digital-pour-les-pme-relance-localisy\/#primaryimage"},"thumbnailUrl":"https:\/\/www.forbes.be\/fr\/wp-content\/uploads\/2025\/08\/guillaume-petta-3-scaled-e1756385847705.jpg","articleSection":["Entrepreneurs","Innovation"],"inLanguage":"fr-FR"},{"@type":"WebPage","@id":"https:\/\/www.forbes.be\/fr\/guillaume-petta-lentrepreneur-autodidacte-qui-reinvente-le-digital-pour-les-pme-relance-localisy\/","url":"https:\/\/www.forbes.be\/fr\/guillaume-petta-lentrepreneur-autodidacte-qui-reinvente-le-digital-pour-les-pme-relance-localisy\/","name":"Guillaume Petta, l'entrepreneur autodidacte qui r\u00e9invente le digital pour les PME | Forbes Belgique","isPartOf":{"@id":"https:\/\/www.forbes.be\/fr\/#website"},"primaryImageOfPage":{"@id":"https:\/\/www.forbes.be\/fr\/guillaume-petta-lentrepreneur-autodidacte-qui-reinvente-le-digital-pour-les-pme-relance-localisy\/#primaryimage"},"image":{"@id":"https:\/\/www.forbes.be\/fr\/guillaume-petta-lentrepreneur-autodidacte-qui-reinvente-le-digital-pour-les-pme-relance-localisy\/#primaryimage"},"thumbnailUrl":"https:\/\/www.forbes.be\/fr\/wp-content\/uploads\/2025\/08\/guillaume-petta-3-scaled-e1756385847705.jpg","datePublished":"2025-09-02T05:48:00+00:00","dateModified":"2025-09-02T07:33:05+00:00","description":"\u00c0 30 ans, Guillaume Petta relance Localisy, pilote ProduWeb et mise sur l\u2019IA avec un startup studio pour r\u00e9inventer le digital des entreprises.","breadcrumb":{"@id":"https:\/\/www.forbes.be\/fr\/guillaume-petta-lentrepreneur-autodidacte-qui-reinvente-le-digital-pour-les-pme-relance-localisy\/#breadcrumb"},"inLanguage":"fr-FR","potentialAction":[{"@type":"ReadAction","target":["https:\/\/www.forbes.be\/fr\/guillaume-petta-lentrepreneur-autodidacte-qui-reinvente-le-digital-pour-les-pme-relance-localisy\/"]}]},{"@type":"ImageObject","inLanguage":"fr-FR","@id":"https:\/\/www.forbes.be\/fr\/guillaume-petta-lentrepreneur-autodidacte-qui-reinvente-le-digital-pour-les-pme-relance-localisy\/#primaryimage","url":"https:\/\/www.forbes.be\/fr\/wp-content\/uploads\/2025\/08\/guillaume-petta-3-scaled-e1756385847705.jpg","contentUrl":"https:\/\/www.forbes.be\/fr\/wp-content\/uploads\/2025\/08\/guillaume-petta-3-scaled-e1756385847705.jpg","width":1707,"height":896,"caption":"\u00a9 DR"},{"@type":"BreadcrumbList","@id":"https:\/\/www.forbes.be\/fr\/guillaume-petta-lentrepreneur-autodidacte-qui-reinvente-le-digital-pour-les-pme-relance-localisy\/#breadcrumb","itemListElement":[{"@type":"ListItem","position":1,"name":"Accueil","item":"https:\/\/www.forbes.be\/fr\/"},{"@type":"ListItem","position":2,"name":"Guillaume Petta, l&rsquo;entrepreneur autodidacte qui r\u00e9invente le digital pour les PME"}]},{"@type":"WebSite","@id":"https:\/\/www.forbes.be\/fr\/#website","url":"https:\/\/www.forbes.be\/fr\/","name":"Forbes Belgique","description":"","publisher":{"@id":"https:\/\/www.forbes.be\/fr\/#organization"},"potentialAction":[{"@type":"SearchAction","target":{"@type":"EntryPoint","urlTemplate":"https:\/\/www.forbes.be\/fr\/?s={search_term_string}"},"query-input":{"@type":"PropertyValueSpecification","valueRequired":true,"valueName":"search_term_string"}}],"inLanguage":"fr-FR"},{"@type":"Organization","@id":"https:\/\/www.forbes.be\/fr\/#organization","name":"Forbes Belgique","url":"https:\/\/www.forbes.be\/fr\/","logo":{"@type":"ImageObject","inLanguage":"fr-FR","@id":"https:\/\/www.forbes.be\/fr\/#\/schema\/logo\/image\/","url":"https:\/\/www.forbes.be\/fr\/wp-content\/uploads\/2024\/02\/forbes.be_.png","contentUrl":"https:\/\/www.forbes.be\/fr\/wp-content\/uploads\/2024\/02\/forbes.be_.png","width":1200,"height":675,"caption":"Forbes Belgique"},"image":{"@id":"https:\/\/www.forbes.be\/fr\/#\/schema\/logo\/image\/"},"sameAs":["https:\/\/www.facebook.com\/forbesbelgique\/","https:\/\/www.instagram.com\/Forbes_Belgium","https:\/\/www.linkedin.com\/company\/forbes-belgium\/"]},{"@type":"Person","@id":"https:\/\/www.forbes.be\/fr\/#\/schema\/person\/5e9af5383f8e0ffec564788f40ac92c8","name":"Martin Boonen","image":{"@type":"ImageObject","inLanguage":"fr-FR","@id":"https:\/\/www.forbes.be\/fr\/wp-content\/uploads\/2025\/10\/capture-decran-2024-11-15-a-093849-300x300-1-100x100.png","url":"https:\/\/www.forbes.be\/fr\/wp-content\/uploads\/2025\/10\/capture-decran-2024-11-15-a-093849-300x300-1-100x100.png","contentUrl":"https:\/\/www.forbes.be\/fr\/wp-content\/uploads\/2025\/10\/capture-decran-2024-11-15-a-093849-300x300-1-100x100.png","caption":"Martin Boonen"},"description":"Martin Boonen est journaliste dipl\u00f4m\u00e9 de l'Institut de Journalisme de Bruxelles (2012). Il collabor\u00e9 avec de nombreuses r\u00e9dactions \u00e0 diff\u00e9rent niveau de responsabilit\u00e9 : journaliste, chef de rubrique, secr\u00e9taire de r\u00e9daction et r\u00e9dacteur en chef, tant sur le web que pour la presse imprim\u00e9e. Sp\u00e9cialis\u00e9 dans les startups et l'entrepreneuriat \u00e0 impact, il est devenu en 2025 r\u00e9dacteur en chef du site web de Forbes Belgique. Il est affili\u00e9 \u00e0 l'Organisation Mondiale de la Presse P\u00e9riodique depuis 2011.","sameAs":["https:\/\/www.linkedin.com\/in\/martin-boonen-61499951\/"],"url":"https:\/\/www.forbes.be\/fr\/author\/martin-boonen\/"}]}},"_links":{"self":[{"href":"https:\/\/www.forbes.be\/fr\/wp-json\/wp\/v2\/posts\/12060","targetHints":{"allow":["GET"]}}],"collection":[{"href":"https:\/\/www.forbes.be\/fr\/wp-json\/wp\/v2\/posts"}],"about":[{"href":"https:\/\/www.forbes.be\/fr\/wp-json\/wp\/v2\/types\/post"}],"author":[{"embeddable":true,"href":"https:\/\/www.forbes.be\/fr\/wp-json\/wp\/v2\/users\/47"}],"replies":[{"embeddable":true,"href":"https:\/\/www.forbes.be\/fr\/wp-json\/wp\/v2\/comments?post=12060"}],"version-history":[{"count":4,"href":"https:\/\/www.forbes.be\/fr\/wp-json\/wp\/v2\/posts\/12060\/revisions"}],"predecessor-version":[{"id":12174,"href":"https:\/\/www.forbes.be\/fr\/wp-json\/wp\/v2\/posts\/12060\/revisions\/12174"}],"wp:featuredmedia":[{"embeddable":true,"href":"https:\/\/www.forbes.be\/fr\/wp-json\/wp\/v2\/media\/12062"}],"wp:attachment":[{"href":"https:\/\/www.forbes.be\/fr\/wp-json\/wp\/v2\/media?parent=12060"}],"wp:term":[{"taxonomy":"category","embeddable":true,"href":"https:\/\/www.forbes.be\/fr\/wp-json\/wp\/v2\/categories?post=12060"},{"taxonomy":"post_tag","embeddable":true,"href":"https:\/\/www.forbes.be\/fr\/wp-json\/wp\/v2\/tags?post=12060"}],"curies":[{"name":"wp","href":"https:\/\/api.w.org\/{rel}","templated":true}]}}