{"id":12068,"date":"2025-08-29T12:20:00","date_gmt":"2025-08-29T10:20:00","guid":{"rendered":"https:\/\/www.forbes.be\/fr\/?p=12068"},"modified":"2025-08-29T12:28:25","modified_gmt":"2025-08-29T10:28:25","slug":"chateau-lafleur-ne-lappelez-plus-pomerol","status":"publish","type":"post","link":"https:\/\/www.forbes.be\/fr\/chateau-lafleur-ne-lappelez-plus-pomerol\/","title":{"rendered":"Ch\u00e2teau Lafleur : ne l&rsquo;appelez plus \u00ab\u00a0pomerol\u00a0\u00bb"},"content":{"rendered":"<p><strong>\u00c0 partir du mill\u00e9sime 2025, Ch\u00e2teau Lafleur ne portera plus les appellations Pomerol ni Bordeaux. Ce choix radical, motiv\u00e9 par l\u2019inaction du syst\u00e8me AOC face au changement climatique, bouleverse l\u2019ordre \u00e9tabli. Il interroge profond\u00e9ment la hi\u00e9rarchie \u00e9conomique du vin, la gouvernance des appellations et les fondements m\u00eames du mod\u00e8le bordelais.<\/strong><\/p>\n<h2>Une rupture motiv\u00e9e par l\u2019urgence climatique<\/h2>\n<p><strong>Ch\u00e2teau Lafleur<\/strong> n\u2019est pas un domaine comme les autres. Nich\u00e9 au c\u0153ur du plateau de <strong>Pomerol<\/strong>, voisin de Petrus et Le Pin, il produit depuis plus de 150 ans l\u2019un des crus les plus recherch\u00e9s au monde. Sa sortie du syst\u00e8me des <strong>appellations contr\u00f4l\u00e9es<\/strong>, \u00e0 partir du <strong>mill\u00e9sime 2025<\/strong>, marque un tournant strat\u00e9gique. Ce retrait ne s\u2019explique ni par une volont\u00e9 marketing (bien qu&rsquo;il expose m\u00e9diatiquement le domaine comme il ne l&rsquo;avait plus \u00e9t\u00e9 depuis longtemps), ni par une lubie iconoclaste, mais par une n\u00e9cessit\u00e9 vitale : celle de pr\u00e9server l\u2019identit\u00e9 du<strong> vin<\/strong> face \u00e0 des bouleversements climatiques d\u2019une intensit\u00e9 in\u00e9dite.<\/p>\n<figure id=\"attachment_12092\" aria-describedby=\"caption-attachment-12092\" style=\"width: 2560px\" class=\"wp-caption alignnone\"><img loading=\"lazy\" decoding=\"async\" class=\"size-full wp-image-12092\" src=\"https:\/\/www.forbes.be\/fr\/wp-content\/uploads\/2025\/08\/pomerol-bordeaux-lafleur-al-20septembre2024-273-68231a183fbc9598914885-scaled.jpg\" alt=\"\" width=\"2560\" height=\"1366\" srcset=\"https:\/\/www.forbes.be\/fr\/wp-content\/uploads\/2025\/08\/pomerol-bordeaux-lafleur-al-20septembre2024-273-68231a183fbc9598914885-scaled.jpg 2560w, https:\/\/www.forbes.be\/fr\/wp-content\/uploads\/2025\/08\/pomerol-bordeaux-lafleur-al-20septembre2024-273-68231a183fbc9598914885-300x160.jpg 300w, https:\/\/www.forbes.be\/fr\/wp-content\/uploads\/2025\/08\/pomerol-bordeaux-lafleur-al-20septembre2024-273-68231a183fbc9598914885-1024x546.jpg 1024w, https:\/\/www.forbes.be\/fr\/wp-content\/uploads\/2025\/08\/pomerol-bordeaux-lafleur-al-20septembre2024-273-68231a183fbc9598914885-768x410.jpg 768w, https:\/\/www.forbes.be\/fr\/wp-content\/uploads\/2025\/08\/pomerol-bordeaux-lafleur-al-20septembre2024-273-68231a183fbc9598914885-1536x819.jpg 1536w, https:\/\/www.forbes.be\/fr\/wp-content\/uploads\/2025\/08\/pomerol-bordeaux-lafleur-al-20septembre2024-273-68231a183fbc9598914885-2048x1092.jpg 2048w, https:\/\/www.forbes.be\/fr\/wp-content\/uploads\/2025\/08\/pomerol-bordeaux-lafleur-al-20septembre2024-273-68231a183fbc9598914885-696x371.jpg 696w, https:\/\/www.forbes.be\/fr\/wp-content\/uploads\/2025\/08\/pomerol-bordeaux-lafleur-al-20septembre2024-273-68231a183fbc9598914885-1068x570.jpg 1068w, https:\/\/www.forbes.be\/fr\/wp-content\/uploads\/2025\/08\/pomerol-bordeaux-lafleur-al-20septembre2024-273-68231a183fbc9598914885-1920x1024.jpg 1920w, https:\/\/www.forbes.be\/fr\/wp-content\/uploads\/2025\/08\/pomerol-bordeaux-lafleur-al-20septembre2024-273-68231a183fbc9598914885-600x320.jpg 600w\" sizes=\"auto, (max-width: 2560px) 100vw, 2560px\" \/><figcaption id=\"caption-attachment-12092\" class=\"wp-caption-text\">La famille Guinaudeau, propri\u00e9taire de Ch\u00e2teau Lafleur \u00a9 Ch\u00e2teau Lafleur<\/figcaption><\/figure>\n<p>Les chiffres parlent d\u2019eux-m\u00eames. L\u2019\u00e9t\u00e9 2025 a vu les temp\u00e9ratures sur fruits atteindre 49,7\u00b0C \u00e0 <strong>Pomerol<\/strong>. Le printemps, lui, a enregistr\u00e9 une baisse de 67 % des pr\u00e9cipitations, le tout dans un contexte de <strong>vendanges<\/strong> avanc\u00e9es de plus de vingt jours par rapport aux ann\u00e9es 1980. \u00c0 cela s\u2019ajoutent des gels printaniers tardifs, des pics de chaleur brutaux, et une physiologie de la vigne profond\u00e9ment d\u00e9stabilis\u00e9e. Pour la <strong>famille Guinaudeau<\/strong>, propri\u00e9taire de <strong>Lafleur<\/strong>, ces <strong>conditions climatiques<\/strong> rendent inop\u00e9rantes certaines obligations impos\u00e9es par l\u2019AOC, notamment l\u2019interdiction de l\u2019irrigation pr\u00e9coce, des dispositifs d\u2019ombrage ou encore la densit\u00e9 minimale de plantation. Ces pratiques, pourtant valid\u00e9es scientifiquement et couramment employ\u00e9es dans d\u2019autres<strong> r\u00e9gions viticoles<\/strong> internationales, demeurent bannies dans le cadre r\u00e9glementaire bordelais.<\/p>\n<h2>Disparition d\u2019un rep\u00e8re dans la hi\u00e9rarchie implicite de Pomerol<\/h2>\n<p>Le retrait de <strong>Lafleur<\/strong> de l\u2019appellation ne repr\u00e9sente pas seulement une d\u00e9cision technique. Il d\u00e9sorganise l\u2019\u00e9quilibre \u00e9conomique d\u2019un microcosme viticole ultra-select. <strong>Pomerol<\/strong>, avec ses 813 hectares, soit 0,7% du vignoble bordelais, repose sur une hi\u00e9rarchie informelle structur\u00e9e autour de trois domaines : Petrus, Le Pin et Ch\u00e2teau Lafleur. La sortie de l\u2019un de ces piliers cr\u00e9e un vide sans pr\u00e9c\u00e9dent. Avec une production confidentielle de 12 000 bouteilles par an et des prix oscillant entre 1000 et 1700 euros la <strong>bouteille<\/strong> selon les mill\u00e9simes, <strong>Lafleur<\/strong> se positionne depuis longtemps au sommet de la pyramide qualitative et financi\u00e8re. Plusieurs de ses mill\u00e9simes ont \u00e9t\u00e9 not\u00e9s 100\/100 par<strong> Robert Parker<\/strong>, et le 1947 est encore aujourd\u2019hui cit\u00e9 comme sup\u00e9rieur, dans ce mill\u00e9sime, \u00e0 Petrus et Cheval Blanc.<\/p>\n<figure id=\"attachment_12093\" aria-describedby=\"caption-attachment-12093\" style=\"width: 1000px\" class=\"wp-caption alignnone\"><img loading=\"lazy\" decoding=\"async\" class=\"size-full wp-image-12093\" src=\"https:\/\/www.forbes.be\/fr\/wp-content\/uploads\/2025\/08\/pomerol-bordeaux-lafleur-shutterstock-1382418893.jpg\" alt=\"\" width=\"1000\" height=\"683\" srcset=\"https:\/\/www.forbes.be\/fr\/wp-content\/uploads\/2025\/08\/pomerol-bordeaux-lafleur-shutterstock-1382418893.jpg 1000w, https:\/\/www.forbes.be\/fr\/wp-content\/uploads\/2025\/08\/pomerol-bordeaux-lafleur-shutterstock-1382418893-300x205.jpg 300w, https:\/\/www.forbes.be\/fr\/wp-content\/uploads\/2025\/08\/pomerol-bordeaux-lafleur-shutterstock-1382418893-768x525.jpg 768w, https:\/\/www.forbes.be\/fr\/wp-content\/uploads\/2025\/08\/pomerol-bordeaux-lafleur-shutterstock-1382418893-218x150.jpg 218w, https:\/\/www.forbes.be\/fr\/wp-content\/uploads\/2025\/08\/pomerol-bordeaux-lafleur-shutterstock-1382418893-696x475.jpg 696w, https:\/\/www.forbes.be\/fr\/wp-content\/uploads\/2025\/08\/pomerol-bordeaux-lafleur-shutterstock-1382418893-600x410.jpg 600w\" sizes=\"auto, (max-width: 1000px) 100vw, 1000px\" \/><figcaption id=\"caption-attachment-12093\" class=\"wp-caption-text\">\u00a9 DR\/Shutterstock.com<\/figcaption><\/figure>\n<p>En termes de valorisation fonci\u00e8re, <strong>Pomerol<\/strong> se distingue \u00e9galement : le prix moyen de l\u2019hectare y atteint 1,3 million d\u2019euros, soit 144 fois le prix d\u2019un hectare de Bordeaux rouge g\u00e9n\u00e9rique. La perte de <strong>Lafleur<\/strong>, qui repr\u00e9sente environ un dixi\u00e8me de la production de l\u2019appellation, pourrait entra\u00eener une baisse estim\u00e9e \u00e0 trois millions d\u2019euros par an sur les exportations li\u00e9es \u00e0 <strong>Pomerol<\/strong>. Et ce, dans un contexte o\u00f9 la fili\u00e8re bordelaise souffre d\u00e9j\u00e0 : recul de 8,4% des exportations en 2024, chute de 50% du chiffre d\u2019affaires pour certains n\u00e9gociants, et r\u00e9duction programm\u00e9e de plus de 12% du vignoble d\u2019ici 2025.<\/p>\n<h2>Le syst\u00e8me AOC fragilis\u00e9<\/h2>\n<p>Cette d\u00e9cision r\u00e9v\u00e8le, de fa\u00e7on brutale, l\u2019inad\u00e9quation croissante entre le syst\u00e8me des <strong>appellations d\u2019origine contr\u00f4l\u00e9e<\/strong> et la r\u00e9alit\u00e9 \u00e9conomique d\u2019une <strong>viticulture<\/strong> de tr\u00e8s haute pr\u00e9cision. Le retrait de <strong>Lafleur<\/strong> interroge directement la pertinence du mod\u00e8le bordelais fond\u00e9 sur la hi\u00e9rarchie des <strong>AOC<\/strong>, sur laquelle repose l\u2019organisation commerciale s\u00e9culaire de la Place de Bordeaux. Si un \u201cVin de France\u201d peut continuer \u00e0 obtenir les meilleures notes, \u00e0 se vendre au m\u00eame prix, et \u00e0 entretenir une image de prestige comparable \u00e0 celle des <strong>crus class\u00e9s<\/strong>, alors c\u2019est toute la grille de lecture du march\u00e9 qui est \u00e0 reconsid\u00e9rer.<\/p>\n<figure id=\"attachment_12094\" aria-describedby=\"caption-attachment-12094\" style=\"width: 1000px\" class=\"wp-caption alignnone\"><img loading=\"lazy\" decoding=\"async\" class=\"size-full wp-image-12094\" src=\"https:\/\/www.forbes.be\/fr\/wp-content\/uploads\/2025\/08\/pomerol-bordeaux-lafleur-shutterstock-1453794971.jpg\" alt=\"\" width=\"1000\" height=\"668\" srcset=\"https:\/\/www.forbes.be\/fr\/wp-content\/uploads\/2025\/08\/pomerol-bordeaux-lafleur-shutterstock-1453794971.jpg 1000w, https:\/\/www.forbes.be\/fr\/wp-content\/uploads\/2025\/08\/pomerol-bordeaux-lafleur-shutterstock-1453794971-300x200.jpg 300w, https:\/\/www.forbes.be\/fr\/wp-content\/uploads\/2025\/08\/pomerol-bordeaux-lafleur-shutterstock-1453794971-768x513.jpg 768w, https:\/\/www.forbes.be\/fr\/wp-content\/uploads\/2025\/08\/pomerol-bordeaux-lafleur-shutterstock-1453794971-696x465.jpg 696w, https:\/\/www.forbes.be\/fr\/wp-content\/uploads\/2025\/08\/pomerol-bordeaux-lafleur-shutterstock-1453794971-600x401.jpg 600w\" sizes=\"auto, (max-width: 1000px) 100vw, 1000px\" \/><figcaption id=\"caption-attachment-12094\" class=\"wp-caption-text\">\u00a9 DR\/Shutterstock.com<\/figcaption><\/figure>\n<p>La r\u00e9forme r\u00e9cente du cahier des charges de l\u2019<strong>AOC Bordeaux<\/strong>, entr\u00e9e en vigueur en juin 2025, tente d\u2019apporter quelques assouplissements : r\u00e9duction de la hauteur de palissage, ajustements sur la densit\u00e9, introduction encadr\u00e9e de nouveaux c\u00e9pages r\u00e9sistants comme le marselan ou le touriga nacional. Mais ces modifications, jug\u00e9es trop timides, ne r\u00e9pondent ni \u00e0 l\u2019<strong>urgence climatique<\/strong> ni aux besoins des propri\u00e9t\u00e9s les plus expos\u00e9es. L\u2019espace de man\u0153uvre reste r\u00e9duit, limit\u00e9 \u00e0 des exp\u00e9rimentations ou des seuils symboliques (5% de la surface plant\u00e9e, 10% de l\u2019assemblage final).<\/p>\n<h2>Vers un march\u00e9 des grands vins affranchis de l\u2019origine ?<\/h2>\n<p>Ce que <strong>Lafleur<\/strong> initie ici, c\u2019est un mouvement de fond vers un mod\u00e8le o\u00f9 l\u2019origine administrative c\u00e8de la place \u00e0 l\u2019excellence prouv\u00e9e. L\u2019<strong>INAO<\/strong> n\u2019est plus la seule garante de la qualit\u00e9. Ce r\u00f4le est d\u00e9sormais partag\u00e9, voire supplant\u00e9, par les critiques internationaux, les collectionneurs, les investisseurs et les march\u00e9s \u00e9trangers. Pour ces acteurs, la reconnaissance passe moins par une d\u00e9nomination que par une signature stylistique, une constance qualitative, une raret\u00e9 ma\u00eetris\u00e9e.<\/p>\n<figure id=\"attachment_12095\" aria-describedby=\"caption-attachment-12095\" style=\"width: 1000px\" class=\"wp-caption alignnone\"><img loading=\"lazy\" decoding=\"async\" class=\"size-full wp-image-12095\" src=\"https:\/\/www.forbes.be\/fr\/wp-content\/uploads\/2025\/08\/pomerol-bordeaux-lafleur-shutterstock-2492426275.jpg\" alt=\"\" width=\"1000\" height=\"646\" srcset=\"https:\/\/www.forbes.be\/fr\/wp-content\/uploads\/2025\/08\/pomerol-bordeaux-lafleur-shutterstock-2492426275.jpg 1000w, https:\/\/www.forbes.be\/fr\/wp-content\/uploads\/2025\/08\/pomerol-bordeaux-lafleur-shutterstock-2492426275-300x194.jpg 300w, https:\/\/www.forbes.be\/fr\/wp-content\/uploads\/2025\/08\/pomerol-bordeaux-lafleur-shutterstock-2492426275-768x496.jpg 768w, https:\/\/www.forbes.be\/fr\/wp-content\/uploads\/2025\/08\/pomerol-bordeaux-lafleur-shutterstock-2492426275-696x450.jpg 696w, https:\/\/www.forbes.be\/fr\/wp-content\/uploads\/2025\/08\/pomerol-bordeaux-lafleur-shutterstock-2492426275-600x388.jpg 600w\" sizes=\"auto, (max-width: 1000px) 100vw, 1000px\" \/><figcaption id=\"caption-attachment-12095\" class=\"wp-caption-text\">\u00a9 DR\/Shutterstock.com<\/figcaption><\/figure>\n<p>La cr\u00e9ation d\u2019une nouvelle cat\u00e9gorie non institutionnelle (celle des \u201cvins d\u2019exception hors AOC\u201d) se profile. Ces vins, comme <strong>Lafleur<\/strong>, pourraient cr\u00e9er leur propre r\u00e9f\u00e9rentiel de valeur, fond\u00e9 sur leur histoire, leur niveau d\u2019exigence, et leur capacit\u00e9 \u00e0 s\u2019affranchir du cadre sans perdre en r\u00e9putation. Le march\u00e9 des investissements viticoles, structur\u00e9 autour des classements et des <strong>AOC<\/strong>, devra s\u2019ajuster. Car si l\u2019excellence peut d\u00e9sormais s\u2019exprimer en dehors du cadre, le prix du foncier, les strat\u00e9gies d\u2019achat en primeur et les crit\u00e8res d\u2019acquisition risquent fort d\u2019\u00eatre red\u00e9finis.<\/p>\n<h2>Naissance d&rsquo;un pr\u00e9c\u00e9dent ?<\/h2>\n<p>Le d\u00e9part de <strong>Ch\u00e2teau Lafleur<\/strong> de l\u2019<strong>AOC<\/strong> n\u2019est pas une exception marginale. C\u2019est un signal. Ce domaine embl\u00e9matique de la rive droite ne renonce ni \u00e0 son terroir, ni \u00e0 son excellence, ni \u00e0 son influence. Il affirme simplement que le cadre r\u00e9glementaire traditionnel n\u2019est plus adapt\u00e9 aux r\u00e9alit\u00e9s modernes, ni climatiques, ni \u00e9conomiques.<\/p>\n<p>En op\u00e9rant ce virage, <strong>Lafleur<\/strong> red\u00e9finit les r\u00e8gles du <strong>prestige viticole<\/strong>. Il devient un cas d\u2019\u00e9cole. Un laboratoire strat\u00e9gique scrut\u00e9 par les amateurs, les professionnels, les investisseurs et les institutions du vin dans le monde entier. Bordeaux est pr\u00e9venu : l\u2019avenir se joue peut-\u00eatre hors de ses cadres historiques. Et <strong>Ch\u00e2teau Lafleur<\/strong>, en sortant des <strong>AOC<\/strong>, pourrait bien avoir sign\u00e9 non pas une rupture, mais l\u2019acte de naissance d\u2019un nouveau mod\u00e8le viticole, o\u00f9 la marque, la pr\u00e9cision et la libert\u00e9 d\u2019action remplacent la tradition comme levier de valeur.<\/p>\n","protected":false},"excerpt":{"rendered":"<p>\u00c0 partir du mill\u00e9sime 2025, Ch\u00e2teau Lafleur ne portera plus les appellations Pomerol ni Bordeaux. Ce choix radical, motiv\u00e9 par l\u2019inaction du syst\u00e8me AOC face au changement climatique, bouleverse l\u2019ordre \u00e9tabli. Il interroge profond\u00e9ment la hi\u00e9rarchie \u00e9conomique du vin, la gouvernance des appellations et les fondements m\u00eames du mod\u00e8le bordelais. Une rupture motiv\u00e9e par l\u2019urgence [&hellip;]<\/p>\n","protected":false},"author":47,"featured_media":12089,"comment_status":"closed","ping_status":"closed","sticky":false,"template":"","format":"standard","meta":{"_acf_changed":false,"inline_featured_image":false,"footnotes":""},"categories":[1,25,60,18],"tags":[],"class_list":{"0":"post-12068","1":"post","2":"type-post","3":"status-publish","4":"format-standard","5":"has-post-thumbnail","7":"category-actualite","8":"category-climat","9":"category-lifestyle","10":"category-luxe"},"acf":[],"_yoast_wpseo_title":null,"_yoast_wpseo_metadesc":"Ch\u00e2teau Lafleur quitte Pomerol et Bordeaux d\u00e8s 2025. Une d\u00e9cision historique qui bouleverse l\u2019\u00e9conomie des AOC et red\u00e9finit le prestige viticole.","auteur_traducteur":"","yoast_head":"<!-- This site is optimized with the Yoast SEO plugin v27.4 - https:\/\/yoast.com\/product\/yoast-seo-wordpress\/ -->\n<title>Ch\u00e2teau Lafleur : ne l&#039;appelez plus &quot;pomerol&quot; | Forbes Belgique<\/title>\n<meta name=\"description\" content=\"Ch\u00e2teau Lafleur quitte Pomerol et Bordeaux d\u00e8s 2025. Une d\u00e9cision historique qui bouleverse l\u2019\u00e9conomie des AOC et red\u00e9finit le prestige viticole.\" \/>\n<meta name=\"robots\" content=\"index, follow, max-snippet:-1, max-image-preview:large, max-video-preview:-1\" \/>\n<link rel=\"canonical\" href=\"https:\/\/www.forbes.be\/fr\/chateau-lafleur-ne-lappelez-plus-pomerol\/\" \/>\n<meta property=\"og:locale\" content=\"fr_FR\" \/>\n<meta property=\"og:type\" content=\"article\" \/>\n<meta property=\"og:title\" content=\"Ch\u00e2teau Lafleur : ne l&#039;appelez plus &quot;pomerol&quot; | Forbes Belgique\" \/>\n<meta property=\"og:description\" content=\"Ch\u00e2teau Lafleur quitte Pomerol et Bordeaux d\u00e8s 2025. Une d\u00e9cision historique qui bouleverse l\u2019\u00e9conomie des AOC et red\u00e9finit le prestige viticole.\" \/>\n<meta property=\"og:url\" content=\"https:\/\/www.forbes.be\/fr\/chateau-lafleur-ne-lappelez-plus-pomerol\/\" \/>\n<meta property=\"og:site_name\" content=\"Forbes Belgique\" \/>\n<meta property=\"article:publisher\" content=\"https:\/\/www.facebook.com\/forbesbelgique\/\" \/>\n<meta property=\"article:published_time\" content=\"2025-08-29T10:20:00+00:00\" \/>\n<meta property=\"article:modified_time\" content=\"2025-08-29T10:28:25+00:00\" \/>\n<meta property=\"og:image\" content=\"https:\/\/www.forbes.be\/fr\/wp-content\/uploads\/2025\/08\/pomerol-bordeaux-lafleur-capture-decran-2025-08-28-a-162056-1024x609-1-e1756462567581.jpg\" \/>\n\t<meta property=\"og:image:width\" content=\"600\" \/>\n\t<meta property=\"og:image:height\" content=\"316\" \/>\n\t<meta property=\"og:image:type\" content=\"image\/jpeg\" \/>\n<meta name=\"author\" content=\"Martin Boonen\" \/>\n<meta name=\"twitter:card\" content=\"summary_large_image\" \/>\n<meta name=\"twitter:label1\" content=\"\u00c9crit par\" \/>\n\t<meta name=\"twitter:data1\" content=\"Martin Boonen\" \/>\n\t<meta name=\"twitter:label2\" content=\"Dur\u00e9e de lecture estim\u00e9e\" \/>\n\t<meta name=\"twitter:data2\" content=\"7 minutes\" \/>\n<script type=\"application\/ld+json\" class=\"yoast-schema-graph\">{\"@context\":\"https:\\\/\\\/schema.org\",\"@graph\":[{\"@type\":\"NewsArticle\",\"@id\":\"https:\\\/\\\/www.forbes.be\\\/fr\\\/chateau-lafleur-ne-lappelez-plus-pomerol\\\/#article\",\"isPartOf\":{\"@id\":\"https:\\\/\\\/www.forbes.be\\\/fr\\\/chateau-lafleur-ne-lappelez-plus-pomerol\\\/\"},\"author\":{\"name\":\"Martin Boonen\",\"@id\":\"https:\\\/\\\/www.forbes.be\\\/fr\\\/#\\\/schema\\\/person\\\/5e9af5383f8e0ffec564788f40ac92c8\"},\"headline\":\"Ch\u00e2teau Lafleur : ne l&rsquo;appelez plus \u00ab\u00a0pomerol\u00a0\u00bb\",\"datePublished\":\"2025-08-29T10:20:00+00:00\",\"dateModified\":\"2025-08-29T10:28:25+00:00\",\"mainEntityOfPage\":{\"@id\":\"https:\\\/\\\/www.forbes.be\\\/fr\\\/chateau-lafleur-ne-lappelez-plus-pomerol\\\/\"},\"wordCount\":1212,\"publisher\":{\"@id\":\"https:\\\/\\\/www.forbes.be\\\/fr\\\/#organization\"},\"image\":{\"@id\":\"https:\\\/\\\/www.forbes.be\\\/fr\\\/chateau-lafleur-ne-lappelez-plus-pomerol\\\/#primaryimage\"},\"thumbnailUrl\":\"https:\\\/\\\/www.forbes.be\\\/fr\\\/wp-content\\\/uploads\\\/2025\\\/08\\\/pomerol-bordeaux-lafleur-capture-decran-2025-08-28-a-162056-1024x609-1-e1756462567581.jpg\",\"articleSection\":[\"Actualit\u00e9s\",\"Climat\",\"Lifestyle\",\"Luxe\"],\"inLanguage\":\"fr-FR\"},{\"@type\":\"WebPage\",\"@id\":\"https:\\\/\\\/www.forbes.be\\\/fr\\\/chateau-lafleur-ne-lappelez-plus-pomerol\\\/\",\"url\":\"https:\\\/\\\/www.forbes.be\\\/fr\\\/chateau-lafleur-ne-lappelez-plus-pomerol\\\/\",\"name\":\"Ch\u00e2teau Lafleur : ne l'appelez plus \\\"pomerol\\\" | Forbes Belgique\",\"isPartOf\":{\"@id\":\"https:\\\/\\\/www.forbes.be\\\/fr\\\/#website\"},\"primaryImageOfPage\":{\"@id\":\"https:\\\/\\\/www.forbes.be\\\/fr\\\/chateau-lafleur-ne-lappelez-plus-pomerol\\\/#primaryimage\"},\"image\":{\"@id\":\"https:\\\/\\\/www.forbes.be\\\/fr\\\/chateau-lafleur-ne-lappelez-plus-pomerol\\\/#primaryimage\"},\"thumbnailUrl\":\"https:\\\/\\\/www.forbes.be\\\/fr\\\/wp-content\\\/uploads\\\/2025\\\/08\\\/pomerol-bordeaux-lafleur-capture-decran-2025-08-28-a-162056-1024x609-1-e1756462567581.jpg\",\"datePublished\":\"2025-08-29T10:20:00+00:00\",\"dateModified\":\"2025-08-29T10:28:25+00:00\",\"description\":\"Ch\u00e2teau Lafleur quitte Pomerol et Bordeaux d\u00e8s 2025. Une d\u00e9cision historique qui bouleverse l\u2019\u00e9conomie des AOC et red\u00e9finit le prestige viticole.\",\"breadcrumb\":{\"@id\":\"https:\\\/\\\/www.forbes.be\\\/fr\\\/chateau-lafleur-ne-lappelez-plus-pomerol\\\/#breadcrumb\"},\"inLanguage\":\"fr-FR\",\"potentialAction\":[{\"@type\":\"ReadAction\",\"target\":[\"https:\\\/\\\/www.forbes.be\\\/fr\\\/chateau-lafleur-ne-lappelez-plus-pomerol\\\/\"]}]},{\"@type\":\"ImageObject\",\"inLanguage\":\"fr-FR\",\"@id\":\"https:\\\/\\\/www.forbes.be\\\/fr\\\/chateau-lafleur-ne-lappelez-plus-pomerol\\\/#primaryimage\",\"url\":\"https:\\\/\\\/www.forbes.be\\\/fr\\\/wp-content\\\/uploads\\\/2025\\\/08\\\/pomerol-bordeaux-lafleur-capture-decran-2025-08-28-a-162056-1024x609-1-e1756462567581.jpg\",\"contentUrl\":\"https:\\\/\\\/www.forbes.be\\\/fr\\\/wp-content\\\/uploads\\\/2025\\\/08\\\/pomerol-bordeaux-lafleur-capture-decran-2025-08-28-a-162056-1024x609-1-e1756462567581.jpg\",\"width\":600,\"height\":316,\"caption\":\"\u00a9 DR\"},{\"@type\":\"BreadcrumbList\",\"@id\":\"https:\\\/\\\/www.forbes.be\\\/fr\\\/chateau-lafleur-ne-lappelez-plus-pomerol\\\/#breadcrumb\",\"itemListElement\":[{\"@type\":\"ListItem\",\"position\":1,\"name\":\"Accueil\",\"item\":\"https:\\\/\\\/www.forbes.be\\\/fr\\\/\"},{\"@type\":\"ListItem\",\"position\":2,\"name\":\"Ch\u00e2teau Lafleur : ne l&rsquo;appelez plus \u00ab\u00a0pomerol\u00a0\u00bb\"}]},{\"@type\":\"WebSite\",\"@id\":\"https:\\\/\\\/www.forbes.be\\\/fr\\\/#website\",\"url\":\"https:\\\/\\\/www.forbes.be\\\/fr\\\/\",\"name\":\"Forbes Belgique\",\"description\":\"\",\"publisher\":{\"@id\":\"https:\\\/\\\/www.forbes.be\\\/fr\\\/#organization\"},\"potentialAction\":[{\"@type\":\"SearchAction\",\"target\":{\"@type\":\"EntryPoint\",\"urlTemplate\":\"https:\\\/\\\/www.forbes.be\\\/fr\\\/?s={search_term_string}\"},\"query-input\":{\"@type\":\"PropertyValueSpecification\",\"valueRequired\":true,\"valueName\":\"search_term_string\"}}],\"inLanguage\":\"fr-FR\"},{\"@type\":\"Organization\",\"@id\":\"https:\\\/\\\/www.forbes.be\\\/fr\\\/#organization\",\"name\":\"Forbes Belgique\",\"url\":\"https:\\\/\\\/www.forbes.be\\\/fr\\\/\",\"logo\":{\"@type\":\"ImageObject\",\"inLanguage\":\"fr-FR\",\"@id\":\"https:\\\/\\\/www.forbes.be\\\/fr\\\/#\\\/schema\\\/logo\\\/image\\\/\",\"url\":\"https:\\\/\\\/www.forbes.be\\\/fr\\\/wp-content\\\/uploads\\\/2024\\\/02\\\/forbes.be_.png\",\"contentUrl\":\"https:\\\/\\\/www.forbes.be\\\/fr\\\/wp-content\\\/uploads\\\/2024\\\/02\\\/forbes.be_.png\",\"width\":1200,\"height\":675,\"caption\":\"Forbes Belgique\"},\"image\":{\"@id\":\"https:\\\/\\\/www.forbes.be\\\/fr\\\/#\\\/schema\\\/logo\\\/image\\\/\"},\"sameAs\":[\"https:\\\/\\\/www.facebook.com\\\/forbesbelgique\\\/\",\"https:\\\/\\\/www.instagram.com\\\/Forbes_Belgium\",\"https:\\\/\\\/www.linkedin.com\\\/company\\\/forbes-belgium\\\/\"]},{\"@type\":\"Person\",\"@id\":\"https:\\\/\\\/www.forbes.be\\\/fr\\\/#\\\/schema\\\/person\\\/5e9af5383f8e0ffec564788f40ac92c8\",\"name\":\"Martin Boonen\",\"image\":{\"@type\":\"ImageObject\",\"inLanguage\":\"fr-FR\",\"@id\":\"https:\\\/\\\/www.forbes.be\\\/fr\\\/wp-content\\\/uploads\\\/2025\\\/10\\\/capture-decran-2024-11-15-a-093849-300x300-1-100x100.png\",\"url\":\"https:\\\/\\\/www.forbes.be\\\/fr\\\/wp-content\\\/uploads\\\/2025\\\/10\\\/capture-decran-2024-11-15-a-093849-300x300-1-100x100.png\",\"contentUrl\":\"https:\\\/\\\/www.forbes.be\\\/fr\\\/wp-content\\\/uploads\\\/2025\\\/10\\\/capture-decran-2024-11-15-a-093849-300x300-1-100x100.png\",\"caption\":\"Martin Boonen\"},\"description\":\"Martin Boonen est journaliste dipl\u00f4m\u00e9 de l'Institut de Journalisme de Bruxelles (2012). Il collabor\u00e9 avec de nombreuses r\u00e9dactions \u00e0 diff\u00e9rent niveau de responsabilit\u00e9 : journaliste, chef de rubrique, secr\u00e9taire de r\u00e9daction et r\u00e9dacteur en chef, tant sur le web que pour la presse imprim\u00e9e. Sp\u00e9cialis\u00e9 dans les startups et l'entrepreneuriat \u00e0 impact, il est devenu en 2025 r\u00e9dacteur en chef du site web de Forbes Belgique. Il est affili\u00e9 \u00e0 l'Organisation Mondiale de la Presse P\u00e9riodique depuis 2011.\",\"sameAs\":[\"https:\\\/\\\/www.linkedin.com\\\/in\\\/martin-boonen-61499951\\\/\"],\"url\":\"https:\\\/\\\/www.forbes.be\\\/fr\\\/author\\\/martin-boonen\\\/\"}]}<\/script>\n<!-- \/ Yoast SEO plugin. -->","yoast_head_json":{"title":"Ch\u00e2teau Lafleur : ne l'appelez plus \"pomerol\" | Forbes Belgique","description":"Ch\u00e2teau Lafleur quitte Pomerol et Bordeaux d\u00e8s 2025. Une d\u00e9cision historique qui bouleverse l\u2019\u00e9conomie des AOC et red\u00e9finit le prestige viticole.","robots":{"index":"index","follow":"follow","max-snippet":"max-snippet:-1","max-image-preview":"max-image-preview:large","max-video-preview":"max-video-preview:-1"},"canonical":"https:\/\/www.forbes.be\/fr\/chateau-lafleur-ne-lappelez-plus-pomerol\/","og_locale":"fr_FR","og_type":"article","og_title":"Ch\u00e2teau Lafleur : ne l'appelez plus \"pomerol\" | Forbes Belgique","og_description":"Ch\u00e2teau Lafleur quitte Pomerol et Bordeaux d\u00e8s 2025. Une d\u00e9cision historique qui bouleverse l\u2019\u00e9conomie des AOC et red\u00e9finit le prestige viticole.","og_url":"https:\/\/www.forbes.be\/fr\/chateau-lafleur-ne-lappelez-plus-pomerol\/","og_site_name":"Forbes Belgique","article_publisher":"https:\/\/www.facebook.com\/forbesbelgique\/","article_published_time":"2025-08-29T10:20:00+00:00","article_modified_time":"2025-08-29T10:28:25+00:00","og_image":[{"width":600,"height":316,"url":"https:\/\/www.forbes.be\/fr\/wp-content\/uploads\/2025\/08\/pomerol-bordeaux-lafleur-capture-decran-2025-08-28-a-162056-1024x609-1-e1756462567581.jpg","type":"image\/jpeg"}],"author":"Martin Boonen","twitter_card":"summary_large_image","twitter_misc":{"\u00c9crit par":"Martin Boonen","Dur\u00e9e de lecture estim\u00e9e":"7 minutes"},"schema":{"@context":"https:\/\/schema.org","@graph":[{"@type":"NewsArticle","@id":"https:\/\/www.forbes.be\/fr\/chateau-lafleur-ne-lappelez-plus-pomerol\/#article","isPartOf":{"@id":"https:\/\/www.forbes.be\/fr\/chateau-lafleur-ne-lappelez-plus-pomerol\/"},"author":{"name":"Martin Boonen","@id":"https:\/\/www.forbes.be\/fr\/#\/schema\/person\/5e9af5383f8e0ffec564788f40ac92c8"},"headline":"Ch\u00e2teau Lafleur : ne l&rsquo;appelez plus \u00ab\u00a0pomerol\u00a0\u00bb","datePublished":"2025-08-29T10:20:00+00:00","dateModified":"2025-08-29T10:28:25+00:00","mainEntityOfPage":{"@id":"https:\/\/www.forbes.be\/fr\/chateau-lafleur-ne-lappelez-plus-pomerol\/"},"wordCount":1212,"publisher":{"@id":"https:\/\/www.forbes.be\/fr\/#organization"},"image":{"@id":"https:\/\/www.forbes.be\/fr\/chateau-lafleur-ne-lappelez-plus-pomerol\/#primaryimage"},"thumbnailUrl":"https:\/\/www.forbes.be\/fr\/wp-content\/uploads\/2025\/08\/pomerol-bordeaux-lafleur-capture-decran-2025-08-28-a-162056-1024x609-1-e1756462567581.jpg","articleSection":["Actualit\u00e9s","Climat","Lifestyle","Luxe"],"inLanguage":"fr-FR"},{"@type":"WebPage","@id":"https:\/\/www.forbes.be\/fr\/chateau-lafleur-ne-lappelez-plus-pomerol\/","url":"https:\/\/www.forbes.be\/fr\/chateau-lafleur-ne-lappelez-plus-pomerol\/","name":"Ch\u00e2teau Lafleur : ne l'appelez plus \"pomerol\" | Forbes Belgique","isPartOf":{"@id":"https:\/\/www.forbes.be\/fr\/#website"},"primaryImageOfPage":{"@id":"https:\/\/www.forbes.be\/fr\/chateau-lafleur-ne-lappelez-plus-pomerol\/#primaryimage"},"image":{"@id":"https:\/\/www.forbes.be\/fr\/chateau-lafleur-ne-lappelez-plus-pomerol\/#primaryimage"},"thumbnailUrl":"https:\/\/www.forbes.be\/fr\/wp-content\/uploads\/2025\/08\/pomerol-bordeaux-lafleur-capture-decran-2025-08-28-a-162056-1024x609-1-e1756462567581.jpg","datePublished":"2025-08-29T10:20:00+00:00","dateModified":"2025-08-29T10:28:25+00:00","description":"Ch\u00e2teau Lafleur quitte Pomerol et Bordeaux d\u00e8s 2025. Une d\u00e9cision historique qui bouleverse l\u2019\u00e9conomie des AOC et red\u00e9finit le prestige viticole.","breadcrumb":{"@id":"https:\/\/www.forbes.be\/fr\/chateau-lafleur-ne-lappelez-plus-pomerol\/#breadcrumb"},"inLanguage":"fr-FR","potentialAction":[{"@type":"ReadAction","target":["https:\/\/www.forbes.be\/fr\/chateau-lafleur-ne-lappelez-plus-pomerol\/"]}]},{"@type":"ImageObject","inLanguage":"fr-FR","@id":"https:\/\/www.forbes.be\/fr\/chateau-lafleur-ne-lappelez-plus-pomerol\/#primaryimage","url":"https:\/\/www.forbes.be\/fr\/wp-content\/uploads\/2025\/08\/pomerol-bordeaux-lafleur-capture-decran-2025-08-28-a-162056-1024x609-1-e1756462567581.jpg","contentUrl":"https:\/\/www.forbes.be\/fr\/wp-content\/uploads\/2025\/08\/pomerol-bordeaux-lafleur-capture-decran-2025-08-28-a-162056-1024x609-1-e1756462567581.jpg","width":600,"height":316,"caption":"\u00a9 DR"},{"@type":"BreadcrumbList","@id":"https:\/\/www.forbes.be\/fr\/chateau-lafleur-ne-lappelez-plus-pomerol\/#breadcrumb","itemListElement":[{"@type":"ListItem","position":1,"name":"Accueil","item":"https:\/\/www.forbes.be\/fr\/"},{"@type":"ListItem","position":2,"name":"Ch\u00e2teau Lafleur : ne l&rsquo;appelez plus \u00ab\u00a0pomerol\u00a0\u00bb"}]},{"@type":"WebSite","@id":"https:\/\/www.forbes.be\/fr\/#website","url":"https:\/\/www.forbes.be\/fr\/","name":"Forbes Belgique","description":"","publisher":{"@id":"https:\/\/www.forbes.be\/fr\/#organization"},"potentialAction":[{"@type":"SearchAction","target":{"@type":"EntryPoint","urlTemplate":"https:\/\/www.forbes.be\/fr\/?s={search_term_string}"},"query-input":{"@type":"PropertyValueSpecification","valueRequired":true,"valueName":"search_term_string"}}],"inLanguage":"fr-FR"},{"@type":"Organization","@id":"https:\/\/www.forbes.be\/fr\/#organization","name":"Forbes Belgique","url":"https:\/\/www.forbes.be\/fr\/","logo":{"@type":"ImageObject","inLanguage":"fr-FR","@id":"https:\/\/www.forbes.be\/fr\/#\/schema\/logo\/image\/","url":"https:\/\/www.forbes.be\/fr\/wp-content\/uploads\/2024\/02\/forbes.be_.png","contentUrl":"https:\/\/www.forbes.be\/fr\/wp-content\/uploads\/2024\/02\/forbes.be_.png","width":1200,"height":675,"caption":"Forbes Belgique"},"image":{"@id":"https:\/\/www.forbes.be\/fr\/#\/schema\/logo\/image\/"},"sameAs":["https:\/\/www.facebook.com\/forbesbelgique\/","https:\/\/www.instagram.com\/Forbes_Belgium","https:\/\/www.linkedin.com\/company\/forbes-belgium\/"]},{"@type":"Person","@id":"https:\/\/www.forbes.be\/fr\/#\/schema\/person\/5e9af5383f8e0ffec564788f40ac92c8","name":"Martin Boonen","image":{"@type":"ImageObject","inLanguage":"fr-FR","@id":"https:\/\/www.forbes.be\/fr\/wp-content\/uploads\/2025\/10\/capture-decran-2024-11-15-a-093849-300x300-1-100x100.png","url":"https:\/\/www.forbes.be\/fr\/wp-content\/uploads\/2025\/10\/capture-decran-2024-11-15-a-093849-300x300-1-100x100.png","contentUrl":"https:\/\/www.forbes.be\/fr\/wp-content\/uploads\/2025\/10\/capture-decran-2024-11-15-a-093849-300x300-1-100x100.png","caption":"Martin Boonen"},"description":"Martin Boonen est journaliste dipl\u00f4m\u00e9 de l'Institut de Journalisme de Bruxelles (2012). Il collabor\u00e9 avec de nombreuses r\u00e9dactions \u00e0 diff\u00e9rent niveau de responsabilit\u00e9 : journaliste, chef de rubrique, secr\u00e9taire de r\u00e9daction et r\u00e9dacteur en chef, tant sur le web que pour la presse imprim\u00e9e. Sp\u00e9cialis\u00e9 dans les startups et l'entrepreneuriat \u00e0 impact, il est devenu en 2025 r\u00e9dacteur en chef du site web de Forbes Belgique. Il est affili\u00e9 \u00e0 l'Organisation Mondiale de la Presse P\u00e9riodique depuis 2011.","sameAs":["https:\/\/www.linkedin.com\/in\/martin-boonen-61499951\/"],"url":"https:\/\/www.forbes.be\/fr\/author\/martin-boonen\/"}]}},"_links":{"self":[{"href":"https:\/\/www.forbes.be\/fr\/wp-json\/wp\/v2\/posts\/12068","targetHints":{"allow":["GET"]}}],"collection":[{"href":"https:\/\/www.forbes.be\/fr\/wp-json\/wp\/v2\/posts"}],"about":[{"href":"https:\/\/www.forbes.be\/fr\/wp-json\/wp\/v2\/types\/post"}],"author":[{"embeddable":true,"href":"https:\/\/www.forbes.be\/fr\/wp-json\/wp\/v2\/users\/47"}],"replies":[{"embeddable":true,"href":"https:\/\/www.forbes.be\/fr\/wp-json\/wp\/v2\/comments?post=12068"}],"version-history":[{"count":5,"href":"https:\/\/www.forbes.be\/fr\/wp-json\/wp\/v2\/posts\/12068\/revisions"}],"predecessor-version":[{"id":12105,"href":"https:\/\/www.forbes.be\/fr\/wp-json\/wp\/v2\/posts\/12068\/revisions\/12105"}],"wp:featuredmedia":[{"embeddable":true,"href":"https:\/\/www.forbes.be\/fr\/wp-json\/wp\/v2\/media\/12089"}],"wp:attachment":[{"href":"https:\/\/www.forbes.be\/fr\/wp-json\/wp\/v2\/media?parent=12068"}],"wp:term":[{"taxonomy":"category","embeddable":true,"href":"https:\/\/www.forbes.be\/fr\/wp-json\/wp\/v2\/categories?post=12068"},{"taxonomy":"post_tag","embeddable":true,"href":"https:\/\/www.forbes.be\/fr\/wp-json\/wp\/v2\/tags?post=12068"}],"curies":[{"name":"wp","href":"https:\/\/api.w.org\/{rel}","templated":true}]}}