{"id":12207,"date":"2025-09-03T08:14:27","date_gmt":"2025-09-03T06:14:27","guid":{"rendered":"https:\/\/www.forbes.be\/fr\/?p=12207"},"modified":"2025-09-02T22:27:28","modified_gmt":"2025-09-02T20:27:28","slug":"vincent-nolf-nomme-ceo-de-krefel-un-veteran-du-retail-face-a-une-restructuration-cruciale","status":"publish","type":"post","link":"https:\/\/www.forbes.be\/fr\/vincent-nolf-nomme-ceo-de-krefel-un-veteran-du-retail-face-a-une-restructuration-cruciale\/","title":{"rendered":"Vincent Nolf nomm\u00e9 CEO de Kr\u00ebfel : un v\u00e9t\u00e9ran du retail face \u00e0 une restructuration cruciale"},"content":{"rendered":"<p><strong>Apr\u00e8s avoir dirig\u00e9 Metro, Makro et Casa, Vincent Nolf prend la t\u00eate de Kr\u00ebfel, enseigne historique de l\u2019\u00e9lectrom\u00e9nager en Belgique. Il h\u00e9rite d\u2019une entreprise en lourde perte, confront\u00e9e \u00e0 une concurrence f\u00e9roce et \u00e0 une n\u00e9cessaire transformation digitale. Portrait d\u2019un dirigeant chevronn\u00e9 appel\u00e9 \u00e0 piloter un redressement strat\u00e9gique.<\/strong><\/p>\n<p><strong>Vincent Nolf <\/strong>s\u2019est impos\u00e9 comme un acteur reconnu du paysage commercial belge. Dipl\u00f4m\u00e9 en 1993, il entame sa carri\u00e8re comme auditeur chez Coopers &amp; Lybrand avant de rejoindre le groupe GIB\/GB. Il y occupe des fonctions strat\u00e9giques en marketing, poursuivant ensuite chez Carrefour Belgium apr\u00e8s la reprise de GB, o\u00f9 il devient <em>Director Marketing, Customers &amp; Brands<\/em>.<\/p>\n<p>En 2011, il entre chez Bpost comme <em>Managing Director<\/em> de la division Media Mail, contribuant \u00e0 la digitalisation des services postaux. Mais c\u2019est surtout chez <strong>Metro<\/strong> et <strong>Makro<\/strong> qu\u2019il acquiert une stature de dirigeant. Nomm\u00e9 CEO en 2017, il lance plusieurs concepts innovants tout en pilotant la transition houleuse de l\u2019entreprise jusqu\u2019\u00e0 son rachat en 2022.<\/p>\n<p>Son mandat \u00e0 la t\u00eate de <strong>Casa International<\/strong>, entam\u00e9 en 2023, est marqu\u00e9 par la <strong>faillite<\/strong> de la cha\u00eene en mars 2025, cons\u00e9quence d\u2019une hausse brutale des co\u00fbts salariaux et d\u2019un march\u00e9 d\u00e9favorable. Si ce revers \u00e9chappe largement \u00e0 son contr\u00f4le, il t\u00e9moigne de la difficult\u00e9 de naviguer dans un secteur du retail en mutation rapide. Une exp\u00e9rience qui a du peser lourd au moment de choisir le nouveau CEO.<\/p>\n<h2>Kr\u00ebfel : une enseigne historique en crise profonde<\/h2>\n<p>Fond\u00e9e il y a plusieurs d\u00e9cennies, <a href=\"https:\/\/www.krefel.be\/fr\" target=\"_blank\" rel=\"noopener\"><strong>Kr\u00ebfel<\/strong><\/a> fait partie du quotidien des consommateurs belges en <strong>\u00e9lectrom\u00e9nager<\/strong> et<strong> multim\u00e9dia<\/strong>. Pourtant, ses chiffres r\u00e9cents traduisent une situation alarmante. En 2024, le chiffre d\u2019affaires chute \u00e0 432,7 millions d\u2019euros, la perte d\u2019exploitation grimpe \u00e0 26,7 millions (+6%), et la perte nette atteint 29,3 millions (+25% par rapport \u00e0 l\u2019ann\u00e9e pr\u00e9c\u00e9dente). Plus inqui\u00e9tant encore, les fonds propres s\u2019effondrent de 33,5 millions \u00e0 seulement 4,1 millions d\u2019euros, tandis que les dettes continuent de cro\u00eetre.<br \/>\nDes mesures de rationalisation ont d\u00e9j\u00e0 \u00e9t\u00e9 engag\u00e9es : fermeture de la division cuisines (15 <em>showrooms<\/em> et 41 emplois), d\u2019un centre de distribution, de la filiale Tones et de plusieurs magasins \u00e0 Vilvorde, Hornu, Fl\u00e9malle et Andenne. Malgr\u00e9 ces d\u00e9cisions, l\u2019entreprise reste fragilis\u00e9e. Int\u00e9gr\u00e9e depuis 2019 au <a href=\"https:\/\/www.unitedb.com\/\" target=\"_blank\" rel=\"noopener\">groupe United.b<\/a>, propri\u00e9t\u00e9 de la f<strong>amille Mulliez<\/strong>, elle n\u2019a pas encore b\u00e9n\u00e9fici\u00e9 des \u00e9conomies d\u2019\u00e9chelle esp\u00e9r\u00e9es, notamment face aux performances de ses \u201cs\u0153urs\u201d Boulanger et Electro D\u00e9p\u00f4t<br \/>\n.<\/p>\n<h2>Les d\u00e9fis strat\u00e9giques du nouveau dirigeant<\/h2>\n<p>\u00c0 la t\u00eate de <strong>Kr\u00ebfel<\/strong>, <strong>Vincent Nolf<\/strong> devra agir simultan\u00e9ment sur plusieurs fronts. La transformation digitale s\u2019impose comme une priorit\u00e9 : les <em>pure players<\/em> tels que <a href=\"https:\/\/www.coolblue.be\/en?srsltid=AfmBOormOPc3O3yun2SMm6q4ZKrCJl869dpmhfW3j4NZAzCqu4kDRaPC\" target=\"_blank\" rel=\"noopener\">Coolblue<\/a>, <a href=\"https:\/\/www.bol.com\/nl\/fr\/ra\/nu-tijdelijk-2-plus-1-afwassen-accessoires\/440195?bltgh=508772ed-733c-4eda-89b8-b0202a5f64a7.flexBannerCarousel_Flexbanner-2.flex-banner-2.Banner&amp;promo=main_605_C440195_2_MHP_1_200030803&amp;cid=1756844441485-9969520517071\" target=\"_blank\" rel=\"noopener\">Bol.com<\/a> ou <a href=\"https:\/\/www.amazon.com.be\/-\/nl\/?language=en_GB\" target=\"_blank\" rel=\"noopener\">Amazon<\/a> gagnent rapidement du terrain gr\u00e2ce \u00e0 une exp\u00e9rience client fluide et une logistique redoutable.<\/p>\n<p>Le r\u00e9seau physique, qui compte encore 73 magasins en Belgique, n\u00e9cessite une optimisation rigoureuse. La question de la rentabilit\u00e9 de certaines implantations reste pos\u00e9e.<\/p>\n<p>Sur le plan op\u00e9rationnel, <strong>Kr\u00ebfel<\/strong> doit am\u00e9liorer son service apr\u00e8s-vente, souvent critiqu\u00e9 pour ses lenteurs et son manque de communication, un handicap majeur dans un secteur o\u00f9 la satisfaction client est d\u00e9terminante.<\/p>\n<p>Enfin, la situation financi\u00e8re appelle une restructuration profonde, passant par une r\u00e9vision de la politique d\u2019achats, une r\u00e9duction des co\u00fbts op\u00e9rationnels et une meilleure exploitation des synergies offertes par <strong>United.b<\/strong>. L\u2019introduction r\u00e9cente en Belgique de l\u2019indice de r\u00e9parabilit\u00e9 pourrait repr\u00e9senter une opportunit\u00e9 de repositionnement, en capitalisant sur la durabilit\u00e9 et l\u2019\u00e9conomie circulaire.<\/p>\n<h2>Un pari sur l\u2019exp\u00e9rience et l\u2019adaptation<\/h2>\n<p>La nomination de <strong>Vincent Nolf<\/strong> illustre la volont\u00e9 de <strong>Kr\u00ebfel<\/strong> de miser sur un dirigeant aguerri, rompu aux complexit\u00e9s du march\u00e9 belge de la distribution. Son mandat s\u2019ouvre dans un climat d\u2019urgence : stabiliser les finances, moderniser l\u2019exp\u00e9rience client et r\u00e9inscrire l\u2019enseigne dans une dynamique de croissance. Dans un march\u00e9 domin\u00e9 par des g\u00e9ants digitaux et internationaux, sa r\u00e9ussite d\u00e9pendra de sa capacit\u00e9 \u00e0 transformer une enseigne historique en acteur r\u00e9silient d\u2019un secteur en pleine mutation<\/p>\n","protected":false},"excerpt":{"rendered":"<p>Apr\u00e8s avoir dirig\u00e9 Metro, Makro et Casa, Vincent Nolf prend la t\u00eate de Kr\u00ebfel, enseigne historique de l\u2019\u00e9lectrom\u00e9nager en Belgique. Il h\u00e9rite d\u2019une entreprise en lourde perte, confront\u00e9e \u00e0 une concurrence f\u00e9roce et \u00e0 une n\u00e9cessaire transformation digitale. Portrait d\u2019un dirigeant chevronn\u00e9 appel\u00e9 \u00e0 piloter un redressement strat\u00e9gique. Vincent Nolf s\u2019est impos\u00e9 comme un acteur [&hellip;]<\/p>\n","protected":false},"author":47,"featured_media":12208,"comment_status":"closed","ping_status":"closed","sticky":false,"template":"","format":"standard","meta":{"_acf_changed":false,"inline_featured_image":false,"footnotes":""},"categories":[1,30,19,75,15],"tags":[],"class_list":{"0":"post-12207","1":"post","2":"type-post","3":"status-publish","4":"format-standard","5":"has-post-thumbnail","7":"category-actualite","8":"category-commerce","9":"category-entrepreneurs","10":"category-entreprise","11":"category-leadership"},"acf":[],"_yoast_wpseo_title":null,"_yoast_wpseo_metadesc":"Vincent Nolf, ex-CEO de Metro, Makro et Casa, prend les r\u00eanes de Kr\u00ebfel en pleine crise. Il doit redresser l\u2019enseigne d\u2019\u00e9lectrom\u00e9nager belge en difficult\u00e9.","auteur_traducteur":"","yoast_head":"<!-- This site is optimized with the Yoast SEO plugin v27.4 - https:\/\/yoast.com\/product\/yoast-seo-wordpress\/ -->\n<title>Vincent Nolf nomm\u00e9 CEO de Kr\u00ebfel : un v\u00e9t\u00e9ran du retail face \u00e0 une restructuration cruciale | Forbes Belgique<\/title>\n<meta name=\"description\" content=\"Vincent Nolf, ex-CEO de Metro, Makro et Casa, prend les r\u00eanes de Kr\u00ebfel en pleine crise. Il doit redresser l\u2019enseigne d\u2019\u00e9lectrom\u00e9nager belge en difficult\u00e9.\" \/>\n<meta name=\"robots\" content=\"index, follow, max-snippet:-1, max-image-preview:large, max-video-preview:-1\" \/>\n<link rel=\"canonical\" href=\"https:\/\/www.forbes.be\/fr\/vincent-nolf-nomme-ceo-de-krefel-un-veteran-du-retail-face-a-une-restructuration-cruciale\/\" \/>\n<meta property=\"og:locale\" content=\"fr_FR\" \/>\n<meta property=\"og:type\" content=\"article\" \/>\n<meta property=\"og:title\" content=\"Vincent Nolf nomm\u00e9 CEO de Kr\u00ebfel : un v\u00e9t\u00e9ran du retail face \u00e0 une restructuration cruciale | Forbes Belgique\" \/>\n<meta property=\"og:description\" content=\"Vincent Nolf, ex-CEO de Metro, Makro et Casa, prend les r\u00eanes de Kr\u00ebfel en pleine crise. Il doit redresser l\u2019enseigne d\u2019\u00e9lectrom\u00e9nager belge en difficult\u00e9.\" \/>\n<meta property=\"og:url\" content=\"https:\/\/www.forbes.be\/fr\/vincent-nolf-nomme-ceo-de-krefel-un-veteran-du-retail-face-a-une-restructuration-cruciale\/\" \/>\n<meta property=\"og:site_name\" content=\"Forbes Belgique\" \/>\n<meta property=\"article:publisher\" content=\"https:\/\/www.facebook.com\/forbesbelgique\/\" \/>\n<meta property=\"article:published_time\" content=\"2025-09-03T06:14:27+00:00\" \/>\n<meta property=\"og:image\" content=\"https:\/\/www.forbes.be\/fr\/wp-content\/uploads\/2025\/09\/shutterstock-1818157958-scaled-e1756844803441.jpg\" \/>\n\t<meta property=\"og:image:width\" content=\"2560\" \/>\n\t<meta property=\"og:image:height\" content=\"1340\" \/>\n\t<meta property=\"og:image:type\" content=\"image\/jpeg\" \/>\n<meta name=\"author\" content=\"Martin Boonen\" \/>\n<meta name=\"twitter:card\" content=\"summary_large_image\" \/>\n<meta name=\"twitter:label1\" content=\"\u00c9crit par\" \/>\n\t<meta name=\"twitter:data1\" content=\"Martin Boonen\" \/>\n\t<meta name=\"twitter:label2\" content=\"Dur\u00e9e de lecture estim\u00e9e\" \/>\n\t<meta name=\"twitter:data2\" content=\"4 minutes\" \/>\n<script type=\"application\/ld+json\" class=\"yoast-schema-graph\">{\"@context\":\"https:\\\/\\\/schema.org\",\"@graph\":[{\"@type\":\"NewsArticle\",\"@id\":\"https:\\\/\\\/www.forbes.be\\\/fr\\\/vincent-nolf-nomme-ceo-de-krefel-un-veteran-du-retail-face-a-une-restructuration-cruciale\\\/#article\",\"isPartOf\":{\"@id\":\"https:\\\/\\\/www.forbes.be\\\/fr\\\/vincent-nolf-nomme-ceo-de-krefel-un-veteran-du-retail-face-a-une-restructuration-cruciale\\\/\"},\"author\":{\"name\":\"Martin Boonen\",\"@id\":\"https:\\\/\\\/www.forbes.be\\\/fr\\\/#\\\/schema\\\/person\\\/5e9af5383f8e0ffec564788f40ac92c8\"},\"headline\":\"Vincent Nolf nomm\u00e9 CEO de Kr\u00ebfel : un v\u00e9t\u00e9ran du retail face \u00e0 une restructuration cruciale\",\"datePublished\":\"2025-09-03T06:14:27+00:00\",\"mainEntityOfPage\":{\"@id\":\"https:\\\/\\\/www.forbes.be\\\/fr\\\/vincent-nolf-nomme-ceo-de-krefel-un-veteran-du-retail-face-a-une-restructuration-cruciale\\\/\"},\"wordCount\":728,\"publisher\":{\"@id\":\"https:\\\/\\\/www.forbes.be\\\/fr\\\/#organization\"},\"image\":{\"@id\":\"https:\\\/\\\/www.forbes.be\\\/fr\\\/vincent-nolf-nomme-ceo-de-krefel-un-veteran-du-retail-face-a-une-restructuration-cruciale\\\/#primaryimage\"},\"thumbnailUrl\":\"https:\\\/\\\/www.forbes.be\\\/fr\\\/wp-content\\\/uploads\\\/2025\\\/09\\\/shutterstock-1818157958-scaled-e1756844803441.jpg\",\"articleSection\":[\"Actualit\u00e9s\",\"Commerce\",\"Entrepreneurs\",\"Entreprise\",\"Leadership\"],\"inLanguage\":\"fr-FR\"},{\"@type\":\"WebPage\",\"@id\":\"https:\\\/\\\/www.forbes.be\\\/fr\\\/vincent-nolf-nomme-ceo-de-krefel-un-veteran-du-retail-face-a-une-restructuration-cruciale\\\/\",\"url\":\"https:\\\/\\\/www.forbes.be\\\/fr\\\/vincent-nolf-nomme-ceo-de-krefel-un-veteran-du-retail-face-a-une-restructuration-cruciale\\\/\",\"name\":\"Vincent Nolf nomm\u00e9 CEO de Kr\u00ebfel : un v\u00e9t\u00e9ran du retail face \u00e0 une restructuration cruciale | Forbes Belgique\",\"isPartOf\":{\"@id\":\"https:\\\/\\\/www.forbes.be\\\/fr\\\/#website\"},\"primaryImageOfPage\":{\"@id\":\"https:\\\/\\\/www.forbes.be\\\/fr\\\/vincent-nolf-nomme-ceo-de-krefel-un-veteran-du-retail-face-a-une-restructuration-cruciale\\\/#primaryimage\"},\"image\":{\"@id\":\"https:\\\/\\\/www.forbes.be\\\/fr\\\/vincent-nolf-nomme-ceo-de-krefel-un-veteran-du-retail-face-a-une-restructuration-cruciale\\\/#primaryimage\"},\"thumbnailUrl\":\"https:\\\/\\\/www.forbes.be\\\/fr\\\/wp-content\\\/uploads\\\/2025\\\/09\\\/shutterstock-1818157958-scaled-e1756844803441.jpg\",\"datePublished\":\"2025-09-03T06:14:27+00:00\",\"description\":\"Vincent Nolf, ex-CEO de Metro, Makro et Casa, prend les r\u00eanes de Kr\u00ebfel en pleine crise. Il doit redresser l\u2019enseigne d\u2019\u00e9lectrom\u00e9nager belge en difficult\u00e9.\",\"breadcrumb\":{\"@id\":\"https:\\\/\\\/www.forbes.be\\\/fr\\\/vincent-nolf-nomme-ceo-de-krefel-un-veteran-du-retail-face-a-une-restructuration-cruciale\\\/#breadcrumb\"},\"inLanguage\":\"fr-FR\",\"potentialAction\":[{\"@type\":\"ReadAction\",\"target\":[\"https:\\\/\\\/www.forbes.be\\\/fr\\\/vincent-nolf-nomme-ceo-de-krefel-un-veteran-du-retail-face-a-une-restructuration-cruciale\\\/\"]}]},{\"@type\":\"ImageObject\",\"inLanguage\":\"fr-FR\",\"@id\":\"https:\\\/\\\/www.forbes.be\\\/fr\\\/vincent-nolf-nomme-ceo-de-krefel-un-veteran-du-retail-face-a-une-restructuration-cruciale\\\/#primaryimage\",\"url\":\"https:\\\/\\\/www.forbes.be\\\/fr\\\/wp-content\\\/uploads\\\/2025\\\/09\\\/shutterstock-1818157958-scaled-e1756844803441.jpg\",\"contentUrl\":\"https:\\\/\\\/www.forbes.be\\\/fr\\\/wp-content\\\/uploads\\\/2025\\\/09\\\/shutterstock-1818157958-scaled-e1756844803441.jpg\",\"width\":2560,\"height\":1340,\"caption\":\"\u00a9 DR\\\/Shutterstock.com\"},{\"@type\":\"BreadcrumbList\",\"@id\":\"https:\\\/\\\/www.forbes.be\\\/fr\\\/vincent-nolf-nomme-ceo-de-krefel-un-veteran-du-retail-face-a-une-restructuration-cruciale\\\/#breadcrumb\",\"itemListElement\":[{\"@type\":\"ListItem\",\"position\":1,\"name\":\"Accueil\",\"item\":\"https:\\\/\\\/www.forbes.be\\\/fr\\\/\"},{\"@type\":\"ListItem\",\"position\":2,\"name\":\"Vincent Nolf nomm\u00e9 CEO de Kr\u00ebfel : un v\u00e9t\u00e9ran du retail face \u00e0 une restructuration cruciale\"}]},{\"@type\":\"WebSite\",\"@id\":\"https:\\\/\\\/www.forbes.be\\\/fr\\\/#website\",\"url\":\"https:\\\/\\\/www.forbes.be\\\/fr\\\/\",\"name\":\"Forbes Belgique\",\"description\":\"\",\"publisher\":{\"@id\":\"https:\\\/\\\/www.forbes.be\\\/fr\\\/#organization\"},\"potentialAction\":[{\"@type\":\"SearchAction\",\"target\":{\"@type\":\"EntryPoint\",\"urlTemplate\":\"https:\\\/\\\/www.forbes.be\\\/fr\\\/?s={search_term_string}\"},\"query-input\":{\"@type\":\"PropertyValueSpecification\",\"valueRequired\":true,\"valueName\":\"search_term_string\"}}],\"inLanguage\":\"fr-FR\"},{\"@type\":\"Organization\",\"@id\":\"https:\\\/\\\/www.forbes.be\\\/fr\\\/#organization\",\"name\":\"Forbes Belgique\",\"url\":\"https:\\\/\\\/www.forbes.be\\\/fr\\\/\",\"logo\":{\"@type\":\"ImageObject\",\"inLanguage\":\"fr-FR\",\"@id\":\"https:\\\/\\\/www.forbes.be\\\/fr\\\/#\\\/schema\\\/logo\\\/image\\\/\",\"url\":\"https:\\\/\\\/www.forbes.be\\\/fr\\\/wp-content\\\/uploads\\\/2024\\\/02\\\/forbes.be_.png\",\"contentUrl\":\"https:\\\/\\\/www.forbes.be\\\/fr\\\/wp-content\\\/uploads\\\/2024\\\/02\\\/forbes.be_.png\",\"width\":1200,\"height\":675,\"caption\":\"Forbes Belgique\"},\"image\":{\"@id\":\"https:\\\/\\\/www.forbes.be\\\/fr\\\/#\\\/schema\\\/logo\\\/image\\\/\"},\"sameAs\":[\"https:\\\/\\\/www.facebook.com\\\/forbesbelgique\\\/\",\"https:\\\/\\\/www.instagram.com\\\/Forbes_Belgium\",\"https:\\\/\\\/www.linkedin.com\\\/company\\\/forbes-belgium\\\/\"]},{\"@type\":\"Person\",\"@id\":\"https:\\\/\\\/www.forbes.be\\\/fr\\\/#\\\/schema\\\/person\\\/5e9af5383f8e0ffec564788f40ac92c8\",\"name\":\"Martin Boonen\",\"image\":{\"@type\":\"ImageObject\",\"inLanguage\":\"fr-FR\",\"@id\":\"https:\\\/\\\/www.forbes.be\\\/fr\\\/wp-content\\\/uploads\\\/2025\\\/10\\\/capture-decran-2024-11-15-a-093849-300x300-1-100x100.png\",\"url\":\"https:\\\/\\\/www.forbes.be\\\/fr\\\/wp-content\\\/uploads\\\/2025\\\/10\\\/capture-decran-2024-11-15-a-093849-300x300-1-100x100.png\",\"contentUrl\":\"https:\\\/\\\/www.forbes.be\\\/fr\\\/wp-content\\\/uploads\\\/2025\\\/10\\\/capture-decran-2024-11-15-a-093849-300x300-1-100x100.png\",\"caption\":\"Martin Boonen\"},\"description\":\"Martin Boonen est journaliste dipl\u00f4m\u00e9 de l'Institut de Journalisme de Bruxelles (2012). Il collabor\u00e9 avec de nombreuses r\u00e9dactions \u00e0 diff\u00e9rent niveau de responsabilit\u00e9 : journaliste, chef de rubrique, secr\u00e9taire de r\u00e9daction et r\u00e9dacteur en chef, tant sur le web que pour la presse imprim\u00e9e. Sp\u00e9cialis\u00e9 dans les startups et l'entrepreneuriat \u00e0 impact, il est devenu en 2025 r\u00e9dacteur en chef du site web de Forbes Belgique. Il est affili\u00e9 \u00e0 l'Organisation Mondiale de la Presse P\u00e9riodique depuis 2011.\",\"sameAs\":[\"https:\\\/\\\/www.linkedin.com\\\/in\\\/martin-boonen-61499951\\\/\"],\"url\":\"https:\\\/\\\/www.forbes.be\\\/fr\\\/author\\\/martin-boonen\\\/\"}]}<\/script>\n<!-- \/ Yoast SEO plugin. -->","yoast_head_json":{"title":"Vincent Nolf nomm\u00e9 CEO de Kr\u00ebfel : un v\u00e9t\u00e9ran du retail face \u00e0 une restructuration cruciale | Forbes Belgique","description":"Vincent Nolf, ex-CEO de Metro, Makro et Casa, prend les r\u00eanes de Kr\u00ebfel en pleine crise. Il doit redresser l\u2019enseigne d\u2019\u00e9lectrom\u00e9nager belge en difficult\u00e9.","robots":{"index":"index","follow":"follow","max-snippet":"max-snippet:-1","max-image-preview":"max-image-preview:large","max-video-preview":"max-video-preview:-1"},"canonical":"https:\/\/www.forbes.be\/fr\/vincent-nolf-nomme-ceo-de-krefel-un-veteran-du-retail-face-a-une-restructuration-cruciale\/","og_locale":"fr_FR","og_type":"article","og_title":"Vincent Nolf nomm\u00e9 CEO de Kr\u00ebfel : un v\u00e9t\u00e9ran du retail face \u00e0 une restructuration cruciale | Forbes Belgique","og_description":"Vincent Nolf, ex-CEO de Metro, Makro et Casa, prend les r\u00eanes de Kr\u00ebfel en pleine crise. Il doit redresser l\u2019enseigne d\u2019\u00e9lectrom\u00e9nager belge en difficult\u00e9.","og_url":"https:\/\/www.forbes.be\/fr\/vincent-nolf-nomme-ceo-de-krefel-un-veteran-du-retail-face-a-une-restructuration-cruciale\/","og_site_name":"Forbes Belgique","article_publisher":"https:\/\/www.facebook.com\/forbesbelgique\/","article_published_time":"2025-09-03T06:14:27+00:00","og_image":[{"width":2560,"height":1340,"url":"https:\/\/www.forbes.be\/fr\/wp-content\/uploads\/2025\/09\/shutterstock-1818157958-scaled-e1756844803441.jpg","type":"image\/jpeg"}],"author":"Martin Boonen","twitter_card":"summary_large_image","twitter_misc":{"\u00c9crit par":"Martin Boonen","Dur\u00e9e de lecture estim\u00e9e":"4 minutes"},"schema":{"@context":"https:\/\/schema.org","@graph":[{"@type":"NewsArticle","@id":"https:\/\/www.forbes.be\/fr\/vincent-nolf-nomme-ceo-de-krefel-un-veteran-du-retail-face-a-une-restructuration-cruciale\/#article","isPartOf":{"@id":"https:\/\/www.forbes.be\/fr\/vincent-nolf-nomme-ceo-de-krefel-un-veteran-du-retail-face-a-une-restructuration-cruciale\/"},"author":{"name":"Martin Boonen","@id":"https:\/\/www.forbes.be\/fr\/#\/schema\/person\/5e9af5383f8e0ffec564788f40ac92c8"},"headline":"Vincent Nolf nomm\u00e9 CEO de Kr\u00ebfel : un v\u00e9t\u00e9ran du retail face \u00e0 une restructuration cruciale","datePublished":"2025-09-03T06:14:27+00:00","mainEntityOfPage":{"@id":"https:\/\/www.forbes.be\/fr\/vincent-nolf-nomme-ceo-de-krefel-un-veteran-du-retail-face-a-une-restructuration-cruciale\/"},"wordCount":728,"publisher":{"@id":"https:\/\/www.forbes.be\/fr\/#organization"},"image":{"@id":"https:\/\/www.forbes.be\/fr\/vincent-nolf-nomme-ceo-de-krefel-un-veteran-du-retail-face-a-une-restructuration-cruciale\/#primaryimage"},"thumbnailUrl":"https:\/\/www.forbes.be\/fr\/wp-content\/uploads\/2025\/09\/shutterstock-1818157958-scaled-e1756844803441.jpg","articleSection":["Actualit\u00e9s","Commerce","Entrepreneurs","Entreprise","Leadership"],"inLanguage":"fr-FR"},{"@type":"WebPage","@id":"https:\/\/www.forbes.be\/fr\/vincent-nolf-nomme-ceo-de-krefel-un-veteran-du-retail-face-a-une-restructuration-cruciale\/","url":"https:\/\/www.forbes.be\/fr\/vincent-nolf-nomme-ceo-de-krefel-un-veteran-du-retail-face-a-une-restructuration-cruciale\/","name":"Vincent Nolf nomm\u00e9 CEO de Kr\u00ebfel : un v\u00e9t\u00e9ran du retail face \u00e0 une restructuration cruciale | Forbes Belgique","isPartOf":{"@id":"https:\/\/www.forbes.be\/fr\/#website"},"primaryImageOfPage":{"@id":"https:\/\/www.forbes.be\/fr\/vincent-nolf-nomme-ceo-de-krefel-un-veteran-du-retail-face-a-une-restructuration-cruciale\/#primaryimage"},"image":{"@id":"https:\/\/www.forbes.be\/fr\/vincent-nolf-nomme-ceo-de-krefel-un-veteran-du-retail-face-a-une-restructuration-cruciale\/#primaryimage"},"thumbnailUrl":"https:\/\/www.forbes.be\/fr\/wp-content\/uploads\/2025\/09\/shutterstock-1818157958-scaled-e1756844803441.jpg","datePublished":"2025-09-03T06:14:27+00:00","description":"Vincent Nolf, ex-CEO de Metro, Makro et Casa, prend les r\u00eanes de Kr\u00ebfel en pleine crise. Il doit redresser l\u2019enseigne d\u2019\u00e9lectrom\u00e9nager belge en difficult\u00e9.","breadcrumb":{"@id":"https:\/\/www.forbes.be\/fr\/vincent-nolf-nomme-ceo-de-krefel-un-veteran-du-retail-face-a-une-restructuration-cruciale\/#breadcrumb"},"inLanguage":"fr-FR","potentialAction":[{"@type":"ReadAction","target":["https:\/\/www.forbes.be\/fr\/vincent-nolf-nomme-ceo-de-krefel-un-veteran-du-retail-face-a-une-restructuration-cruciale\/"]}]},{"@type":"ImageObject","inLanguage":"fr-FR","@id":"https:\/\/www.forbes.be\/fr\/vincent-nolf-nomme-ceo-de-krefel-un-veteran-du-retail-face-a-une-restructuration-cruciale\/#primaryimage","url":"https:\/\/www.forbes.be\/fr\/wp-content\/uploads\/2025\/09\/shutterstock-1818157958-scaled-e1756844803441.jpg","contentUrl":"https:\/\/www.forbes.be\/fr\/wp-content\/uploads\/2025\/09\/shutterstock-1818157958-scaled-e1756844803441.jpg","width":2560,"height":1340,"caption":"\u00a9 DR\/Shutterstock.com"},{"@type":"BreadcrumbList","@id":"https:\/\/www.forbes.be\/fr\/vincent-nolf-nomme-ceo-de-krefel-un-veteran-du-retail-face-a-une-restructuration-cruciale\/#breadcrumb","itemListElement":[{"@type":"ListItem","position":1,"name":"Accueil","item":"https:\/\/www.forbes.be\/fr\/"},{"@type":"ListItem","position":2,"name":"Vincent Nolf nomm\u00e9 CEO de Kr\u00ebfel : un v\u00e9t\u00e9ran du retail face \u00e0 une restructuration cruciale"}]},{"@type":"WebSite","@id":"https:\/\/www.forbes.be\/fr\/#website","url":"https:\/\/www.forbes.be\/fr\/","name":"Forbes Belgique","description":"","publisher":{"@id":"https:\/\/www.forbes.be\/fr\/#organization"},"potentialAction":[{"@type":"SearchAction","target":{"@type":"EntryPoint","urlTemplate":"https:\/\/www.forbes.be\/fr\/?s={search_term_string}"},"query-input":{"@type":"PropertyValueSpecification","valueRequired":true,"valueName":"search_term_string"}}],"inLanguage":"fr-FR"},{"@type":"Organization","@id":"https:\/\/www.forbes.be\/fr\/#organization","name":"Forbes Belgique","url":"https:\/\/www.forbes.be\/fr\/","logo":{"@type":"ImageObject","inLanguage":"fr-FR","@id":"https:\/\/www.forbes.be\/fr\/#\/schema\/logo\/image\/","url":"https:\/\/www.forbes.be\/fr\/wp-content\/uploads\/2024\/02\/forbes.be_.png","contentUrl":"https:\/\/www.forbes.be\/fr\/wp-content\/uploads\/2024\/02\/forbes.be_.png","width":1200,"height":675,"caption":"Forbes Belgique"},"image":{"@id":"https:\/\/www.forbes.be\/fr\/#\/schema\/logo\/image\/"},"sameAs":["https:\/\/www.facebook.com\/forbesbelgique\/","https:\/\/www.instagram.com\/Forbes_Belgium","https:\/\/www.linkedin.com\/company\/forbes-belgium\/"]},{"@type":"Person","@id":"https:\/\/www.forbes.be\/fr\/#\/schema\/person\/5e9af5383f8e0ffec564788f40ac92c8","name":"Martin Boonen","image":{"@type":"ImageObject","inLanguage":"fr-FR","@id":"https:\/\/www.forbes.be\/fr\/wp-content\/uploads\/2025\/10\/capture-decran-2024-11-15-a-093849-300x300-1-100x100.png","url":"https:\/\/www.forbes.be\/fr\/wp-content\/uploads\/2025\/10\/capture-decran-2024-11-15-a-093849-300x300-1-100x100.png","contentUrl":"https:\/\/www.forbes.be\/fr\/wp-content\/uploads\/2025\/10\/capture-decran-2024-11-15-a-093849-300x300-1-100x100.png","caption":"Martin Boonen"},"description":"Martin Boonen est journaliste dipl\u00f4m\u00e9 de l'Institut de Journalisme de Bruxelles (2012). Il collabor\u00e9 avec de nombreuses r\u00e9dactions \u00e0 diff\u00e9rent niveau de responsabilit\u00e9 : journaliste, chef de rubrique, secr\u00e9taire de r\u00e9daction et r\u00e9dacteur en chef, tant sur le web que pour la presse imprim\u00e9e. Sp\u00e9cialis\u00e9 dans les startups et l'entrepreneuriat \u00e0 impact, il est devenu en 2025 r\u00e9dacteur en chef du site web de Forbes Belgique. Il est affili\u00e9 \u00e0 l'Organisation Mondiale de la Presse P\u00e9riodique depuis 2011.","sameAs":["https:\/\/www.linkedin.com\/in\/martin-boonen-61499951\/"],"url":"https:\/\/www.forbes.be\/fr\/author\/martin-boonen\/"}]}},"_links":{"self":[{"href":"https:\/\/www.forbes.be\/fr\/wp-json\/wp\/v2\/posts\/12207","targetHints":{"allow":["GET"]}}],"collection":[{"href":"https:\/\/www.forbes.be\/fr\/wp-json\/wp\/v2\/posts"}],"about":[{"href":"https:\/\/www.forbes.be\/fr\/wp-json\/wp\/v2\/types\/post"}],"author":[{"embeddable":true,"href":"https:\/\/www.forbes.be\/fr\/wp-json\/wp\/v2\/users\/47"}],"replies":[{"embeddable":true,"href":"https:\/\/www.forbes.be\/fr\/wp-json\/wp\/v2\/comments?post=12207"}],"version-history":[{"count":1,"href":"https:\/\/www.forbes.be\/fr\/wp-json\/wp\/v2\/posts\/12207\/revisions"}],"predecessor-version":[{"id":12209,"href":"https:\/\/www.forbes.be\/fr\/wp-json\/wp\/v2\/posts\/12207\/revisions\/12209"}],"wp:featuredmedia":[{"embeddable":true,"href":"https:\/\/www.forbes.be\/fr\/wp-json\/wp\/v2\/media\/12208"}],"wp:attachment":[{"href":"https:\/\/www.forbes.be\/fr\/wp-json\/wp\/v2\/media?parent=12207"}],"wp:term":[{"taxonomy":"category","embeddable":true,"href":"https:\/\/www.forbes.be\/fr\/wp-json\/wp\/v2\/categories?post=12207"},{"taxonomy":"post_tag","embeddable":true,"href":"https:\/\/www.forbes.be\/fr\/wp-json\/wp\/v2\/tags?post=12207"}],"curies":[{"name":"wp","href":"https:\/\/api.w.org\/{rel}","templated":true}]}}