{"id":12211,"date":"2025-09-03T05:38:31","date_gmt":"2025-09-03T03:38:31","guid":{"rendered":"https:\/\/www.forbes.be\/fr\/?p=12211"},"modified":"2025-09-03T09:49:14","modified_gmt":"2025-09-03T07:49:14","slug":"bar-ephemere-sommer-anvers-dix-ans","status":"publish","type":"post","link":"https:\/\/www.forbes.be\/fr\/bar-ephemere-sommer-anvers-dix-ans\/","title":{"rendered":"Comment le bar \u00e9ph\u00e9m\u00e8re d&rsquo;\u00e9t\u00e9 Sommar \u00e0 Anvers r\u00e9ussit depuis dix ans dans un secteur incertain"},"content":{"rendered":"<p><strong>Pour de nombreux entrepreneurs, un bar \u00e9ph\u00e9m\u00e8re d&rsquo;\u00e9t\u00e9 ressemble \u00e0 un r\u00eave sur le papier, mais en pratique, c&rsquo;est un \u00e9quilibre risqu\u00e9. Chaque ann\u00e9e, tout recommence \u00e0 z\u00e9ro, souvent litt\u00e9ralement : un parking pav\u00e9 nu sans eau, \u00e9lectricit\u00e9 ni toilettes. Les co\u00fbts augmentent, la m\u00e9t\u00e9o est impr\u00e9visible, et la rentabilit\u00e9 est mise \u00e0 l&rsquo;\u00e9preuve. Pourtant, Sommar \u00e0 Anvers a r\u00e9ussi \u00e0 construire une marque forte et durable sur cette base fragile. Et ce depuis dix ans d\u00e9j\u00e0.<\/strong><\/p>\n<p>\u00ab\u00a0<em>Nos attentes quand nous avons commenc\u00e9 ? Nul<\/em>\u00ab\u00a0, affirment sans h\u00e9siter les fondateurs de <strong>Sommar<\/strong>. \u00ab\u00a0<em>Nous avions surtout envie de cr\u00e9er quelque chose d&rsquo;unique \u00e0 <strong>Anvers<\/strong> avec des personnes partageant les m\u00eames id\u00e9es. Le r\u00e9sultat final n&rsquo;\u00e9tait pas si important pour nous au d\u00e9part.\u00a0\u00bb<\/em>\u00a0Lors de sa premi\u00e8re \u00e9dition, <strong>Sommar<\/strong> \u00e9tait encore une <strong>bar<\/strong> \u00e0 cocktails int\u00e9gr\u00e9 dans <strong>Bocadero<\/strong>, un<strong> bar d&rsquo;\u00e9t\u00e9<\/strong> plus grand. Le capital de d\u00e9part initial s&rsquo;\u00e9levait \u00e0 18 000 euros, collect\u00e9s gr\u00e2ce \u00e0 des partenaires et fournisseurs. Les premiers co\u00fbts fixes ont \u00e9t\u00e9 couverts par <strong>Bocadero<\/strong>. \u00ab\u00a0<em>Nous avons revers\u00e9 un pourcentage de notre chiffre d&rsquo;affaires. Sans cette structure de d\u00e9marrage, nous n&rsquo;aurions pas pu le faire. Et cela a permis \u00e0 notre cr\u00e9ativit\u00e9 de s&rsquo;exprimer librement. Nous avons imm\u00e9diatement adopt\u00e9 un style visuel distinct, un logo audacieux, des v\u00eatements personnalis\u00e9s, une s\u00e9lection de DJ originale, des amuse-gueules et des cocktails uniques. Nous avons senti que nous avions quelque chose entre les mains et l&rsquo;ann\u00e9e suivante, nous avons continu\u00e9 de mani\u00e8re ind\u00e9pendante.\u00a0\u00bb<\/em><\/p>\n<h2>Entreprendre avec -100.000 euros<\/h2>\n<p>Ce succ\u00e8s n&rsquo;est pas venu naturellement. \u00ab\u00a0<em>Le succ\u00e8s d&rsquo;un\u00a0<strong>bar \u00e9ph\u00e9m\u00e8re <\/strong>d\u00e9pend de facteurs hors de votre contr\u00f4le : permis, environnement, travaux publics, et bien s\u00fbr, la m\u00e9t\u00e9o. Le succ\u00e8s d&rsquo;un bar d&rsquo;\u00e9t\u00e9 repose sur du beau temps. Chaque ann\u00e9e, vous partez r\u00e9ellement de z\u00e9ro : un parking nu sans \u00e9lectricit\u00e9, eau, toilettes, mobilier. Sans parler d&rsquo;une cuisine ou d&rsquo;un bar. Tout doit \u00eatre construit et rembours\u00e9 en quelques mois.\u00a0\u00bb<\/em>\u00a0Le cofondateur <strong>Jim Cantens<\/strong> explique : \u00ab\u00a0<em>En r\u00e9alit\u00e9, chaque ann\u00e9e, c&rsquo;est comme si vous commenciez avec un d\u00e9ficit th\u00e9orique de 100 000 euros. Les co\u00fbts comme le personnel, la construction et les permis continuent d&rsquo;\u00eatre engag\u00e9s, m\u00eame hors saison. Et il y a eu des \u00e9ditions qui n&rsquo;\u00e9taient pas rentables.\u00a0\u00bb<\/em><\/p>\n<h2>Nouvelle localisation<\/h2>\n<p>C&rsquo;est pourquoi la dixi\u00e8me \u00e9dition est un tournant symbolique et structurel : pour la premi\u00e8re fois, <strong>Sommar<\/strong> dispose d&rsquo;un lieu couvert. Le d\u00e9m\u00e9nagement vers le b\u00e2timent d&rsquo;angle de Hangar 26\/27 apporte plus de certitude, de continuit\u00e9 et moins de d\u00e9pendance aux conditions m\u00e9t\u00e9orologiques. Le cofondateur <strong>Jan Van Leuffel<\/strong> rench\u00e9rit : \u00ab\u00a0<em>Nous sommes tr\u00e8s heureux de pouvoir enfin \u00e9crire une histoire durable. C&rsquo;est un endroit o\u00f9 nous pouvons vraiment b\u00e2tir \u00e0 long terme.\u00a0\u00bb<\/em> Avec ce nouvel espace fixe, ils peuvent continuer \u00e0 exp\u00e9rimenter. \u00ab\u00a0<em>Nous sommes toujours au Rijnkaai, mais nous avons maintenant un grand espace int\u00e9rieur. Nous y h\u00e9bergeons le restaurant FOUR, une collaboration avec les chefs Thomas Snijders et Kenneth Weltens. La nouvelle localisation nous offre plus de s\u00e9curit\u00e9 et de tranquillit\u00e9 d&rsquo;esprit. Sur le parking, nous devions vraiment tout construire \u00e0 partir de z\u00e9ro, et nous \u00e9tions super d\u00e9pendants du temps. Maintenant, m\u00eame sous la pluie, nous pouvons continuer comme d&rsquo;habitude.\u00a0\u00bb<\/em><\/p>\n<h2>Communaut\u00e9 avant tout<\/h2>\n<p>\u00ab\u00a0<em>La construction de notre communaut\u00e9 a toujours \u00e9t\u00e9 essentielle pour nous\u00a0\u00bb<\/em>, raconte Jan. \u00ab\u00a0<em>C&rsquo;est pourquoi nos r\u00e9seaux sociaux s&rsquo;appellent @peopleofsommar. Nous voulons continuer \u00e0 stimuler ces personnes : avec des chefs invit\u00e9s, des \u00e9v\u00e9nements originaux, des cocktails cr\u00e9atifs&#8230; Anvers est une ville sensible aux modes. Les id\u00e9es y naissent rapidement, mais disparaissent tout aussi vite. Vous devez donc constamment vous renouveler et offrir de la qualit\u00e9.\u00a0\u00bb<\/em><\/p>\n<h2>Collaboration avec la Shrimp Tempura Group<\/h2>\n<p>L&rsquo;atmosph\u00e8re peut \u00eatre devenue plus mature, mais l&rsquo;\u00e2me reste. \u00ab\u00a0<em>L\u00e0 o\u00f9 dans les premi\u00e8res ann\u00e9es nous nous concentrions plus sur les f\u00eates, nous mettons maintenant l&rsquo;accent sur l&rsquo;hospitalit\u00e9 et la gastronomie. Vous pouvez passer une soir\u00e9e compl\u00e8te chez nous : ap\u00e9ritif sur la terrasse, d\u00eener chez Four, et finir sur la piste de danse. Oui, nous avons m\u00fbri, mais l&rsquo;ambiance <strong>Sommar<\/strong> est rest\u00e9e.\u00a0\u00bb<\/em><\/p>\n<p>Dans le pass\u00e9, <strong>Sommar<\/strong> a collabor\u00e9 avec <strong>The Jane<\/strong> de <strong>Nick Bril<\/strong>, <strong>Mesa<\/strong> de <strong>Tomorrowland<\/strong>, <strong>Jimmyz<\/strong> et m\u00eame avec des chefs invit\u00e9s de Paris. R\u00e9cemment, <strong>Sommar<\/strong> a commenc\u00e9 une collaboration avec le <strong>Shrimp Tempura Group<\/strong>, connue pour ses \u00e9tablissements comme Maven, Umami, et Danieli Il Divino. \u00ab\u00a0<em>Cette collaboration a apport\u00e9 professionnalisme et s\u00e9r\u00e9nit\u00e9. Nous profitons de leur d\u00e9partement financier centralis\u00e9, de leur \u00e9quipe marketing, de leur plateforme RH avec des outils pour la planification du personnel&#8230; Gr\u00e2ce \u00e0 cela, nous pouvons nous concentrer sur ce qui compte vraiment pour le visiteur : l&rsquo;exp\u00e9rience, l&rsquo;ambiance, le service\u00a0\u00bb<\/em>, explique Jan. \u00ab\u00a0<em>C&rsquo;est d&rsquo;ailleurs la plus grande le\u00e7on que nous avons apprise en dix ans d&rsquo;<strong>entrepreneuriat<\/strong> : faire des erreurs fait partie du processus, mais si vous utilisez les comp\u00e9tences des gens, vous obtiendrez toujours le meilleur r\u00e9sultat. M\u00eame financi\u00e8rement.\u00a0\u00bb<\/em> D&rsquo;ailleurs, ce dernier se r\u00e9partit comme tel : 70% du chiffre d&rsquo;affaires provient des boissons, 30% de la nourriture. Les \u00e9v\u00e9nements ne sont pas calcul\u00e9s s\u00e9par\u00e9ment, mais font partie int\u00e9grante du concept.<\/p>\n<h2>\u00c0 propos de l&rsquo;avenir<\/h2>\n<p>Un lieu S<strong>ommar<\/strong> fixe qui resterait ouvert toute l&rsquo;ann\u00e9e n&rsquo;est pas pr\u00e9vu pour l&rsquo;instant. \u00ab\u00a0<em>Nous y avons pens\u00e9, mais S<strong>ommar<\/strong> sans l&rsquo;Escaut ? Cela ne semble pas correct. Nous avons une histoire ici avec l&rsquo;Eilandje. De plus, nous avons d\u00e9j\u00e0 Wintar, une contrepartie hivernale pour remplir ces mois avec les m\u00eames ambiances.\u00a0\u00bb<\/em><\/p>\n","protected":false},"excerpt":{"rendered":"<p>Un bar \u00e9ph\u00e9m\u00e8re d&rsquo;\u00e9t\u00e9 peut sembler \u00eatre un r\u00eave sur papier pour de nombreux entrepreneurs, mais en pratique, c&rsquo;est un \u00e9quilibre risqu\u00e9. Chaque ann\u00e9e, tout recommence \u00e0 z\u00e9ro, souvent litt\u00e9ralement : un parking pav\u00e9 nu sans eau, \u00e9lectricit\u00e9 ni toilettes. Les co\u00fbts augmentent, la m\u00e9t\u00e9o est impr\u00e9visible, et la rentabilit\u00e9 est mise \u00e0 l&rsquo;\u00e9preuve. Pourtant, Sommar \u00e0 [&hellip;]<\/p>\n","protected":false},"author":13,"featured_media":12210,"comment_status":"closed","ping_status":"closed","sticky":false,"template":"","format":"standard","meta":{"_acf_changed":false,"inline_featured_image":false,"footnotes":""},"categories":[30,19,75],"tags":[],"class_list":{"0":"post-12211","1":"post","2":"type-post","3":"status-publish","4":"format-standard","5":"has-post-thumbnail","7":"category-commerce","8":"category-entrepreneurs","9":"category-entreprise"},"acf":[],"_yoast_wpseo_title":"Sommar Anvers : une d\u00e9cennie de succ\u00e8s pour le bar \u00e9ph\u00e9m\u00e8re","_yoast_wpseo_metadesc":"D\u00e9couvrez comment Sommar, le bar \u00e9ph\u00e9m\u00e8re d'Anvers, a su s'imposer comme un incontournable malgr\u00e9 les incertitudes du secteur.","auteur_traducteur":"","yoast_head":"<!-- This site is optimized with the Yoast SEO plugin v27.4 - https:\/\/yoast.com\/product\/yoast-seo-wordpress\/ -->\n<title>Sommar Anvers : une d\u00e9cennie de succ\u00e8s pour le bar \u00e9ph\u00e9m\u00e8re<\/title>\n<meta name=\"description\" content=\"D\u00e9couvrez comment Sommar, le bar \u00e9ph\u00e9m\u00e8re d&#039;Anvers, a su s&#039;imposer comme un incontournable malgr\u00e9 les incertitudes du secteur.\" \/>\n<meta name=\"robots\" content=\"index, follow, max-snippet:-1, max-image-preview:large, max-video-preview:-1\" \/>\n<link rel=\"canonical\" href=\"https:\/\/www.forbes.be\/fr\/bar-ephemere-sommer-anvers-dix-ans\/\" \/>\n<meta property=\"og:locale\" content=\"fr_FR\" \/>\n<meta property=\"og:type\" content=\"article\" \/>\n<meta property=\"og:title\" content=\"Sommar Anvers : une d\u00e9cennie de succ\u00e8s pour le bar \u00e9ph\u00e9m\u00e8re\" \/>\n<meta property=\"og:description\" content=\"D\u00e9couvrez comment Sommar, le bar \u00e9ph\u00e9m\u00e8re d&#039;Anvers, a su s&#039;imposer comme un incontournable malgr\u00e9 les incertitudes du secteur.\" \/>\n<meta property=\"og:url\" content=\"https:\/\/www.forbes.be\/fr\/bar-ephemere-sommer-anvers-dix-ans\/\" \/>\n<meta property=\"og:site_name\" content=\"Forbes Belgique\" \/>\n<meta property=\"article:publisher\" content=\"https:\/\/www.facebook.com\/forbesbelgique\/\" \/>\n<meta property=\"article:published_time\" content=\"2025-09-03T03:38:31+00:00\" \/>\n<meta property=\"article:modified_time\" content=\"2025-09-03T07:49:14+00:00\" \/>\n<meta property=\"og:image\" content=\"https:\/\/www.forbes.be\/fr\/wp-content\/uploads\/2025\/09\/11014-ontwerp-zonder-titel-28-1024x576.png\" \/>\n\t<meta property=\"og:image:width\" content=\"1024\" \/>\n\t<meta property=\"og:image:height\" content=\"576\" \/>\n\t<meta property=\"og:image:type\" content=\"image\/png\" \/>\n<meta name=\"author\" content=\"Daphne Dorgelo\" \/>\n<meta name=\"twitter:card\" content=\"summary_large_image\" \/>\n<meta name=\"twitter:label1\" content=\"\u00c9crit par\" \/>\n\t<meta name=\"twitter:data1\" content=\"Daphne Dorgelo\" \/>\n\t<meta name=\"twitter:label2\" content=\"Dur\u00e9e de lecture estim\u00e9e\" \/>\n\t<meta name=\"twitter:data2\" content=\"5 minutes\" \/>\n<script type=\"application\/ld+json\" class=\"yoast-schema-graph\">{\"@context\":\"https:\\\/\\\/schema.org\",\"@graph\":[{\"@type\":\"NewsArticle\",\"@id\":\"https:\\\/\\\/www.forbes.be\\\/fr\\\/bar-ephemere-sommer-anvers-dix-ans\\\/#article\",\"isPartOf\":{\"@id\":\"https:\\\/\\\/www.forbes.be\\\/fr\\\/bar-ephemere-sommer-anvers-dix-ans\\\/\"},\"author\":{\"name\":\"Daphne Dorgelo\",\"@id\":\"https:\\\/\\\/www.forbes.be\\\/fr\\\/#\\\/schema\\\/person\\\/7d78f899f595d5e9c1eb19ffe4d36b83\"},\"headline\":\"Comment le bar \u00e9ph\u00e9m\u00e8re d&rsquo;\u00e9t\u00e9 Sommar \u00e0 Anvers r\u00e9ussit depuis dix ans dans un secteur incertain\",\"datePublished\":\"2025-09-03T03:38:31+00:00\",\"dateModified\":\"2025-09-03T07:49:14+00:00\",\"mainEntityOfPage\":{\"@id\":\"https:\\\/\\\/www.forbes.be\\\/fr\\\/bar-ephemere-sommer-anvers-dix-ans\\\/\"},\"wordCount\":983,\"publisher\":{\"@id\":\"https:\\\/\\\/www.forbes.be\\\/fr\\\/#organization\"},\"image\":{\"@id\":\"https:\\\/\\\/www.forbes.be\\\/fr\\\/bar-ephemere-sommer-anvers-dix-ans\\\/#primaryimage\"},\"thumbnailUrl\":\"https:\\\/\\\/www.forbes.be\\\/fr\\\/wp-content\\\/uploads\\\/2025\\\/09\\\/11014-ontwerp-zonder-titel-28.png\",\"articleSection\":[\"Commerce\",\"Entrepreneurs\",\"Entreprise\"],\"inLanguage\":\"fr-FR\"},{\"@type\":\"WebPage\",\"@id\":\"https:\\\/\\\/www.forbes.be\\\/fr\\\/bar-ephemere-sommer-anvers-dix-ans\\\/\",\"url\":\"https:\\\/\\\/www.forbes.be\\\/fr\\\/bar-ephemere-sommer-anvers-dix-ans\\\/\",\"name\":\"Sommar Anvers : une d\u00e9cennie de succ\u00e8s pour le bar \u00e9ph\u00e9m\u00e8re\",\"isPartOf\":{\"@id\":\"https:\\\/\\\/www.forbes.be\\\/fr\\\/#website\"},\"primaryImageOfPage\":{\"@id\":\"https:\\\/\\\/www.forbes.be\\\/fr\\\/bar-ephemere-sommer-anvers-dix-ans\\\/#primaryimage\"},\"image\":{\"@id\":\"https:\\\/\\\/www.forbes.be\\\/fr\\\/bar-ephemere-sommer-anvers-dix-ans\\\/#primaryimage\"},\"thumbnailUrl\":\"https:\\\/\\\/www.forbes.be\\\/fr\\\/wp-content\\\/uploads\\\/2025\\\/09\\\/11014-ontwerp-zonder-titel-28.png\",\"datePublished\":\"2025-09-03T03:38:31+00:00\",\"dateModified\":\"2025-09-03T07:49:14+00:00\",\"description\":\"D\u00e9couvrez comment Sommar, le bar \u00e9ph\u00e9m\u00e8re d'Anvers, a su s'imposer comme un incontournable malgr\u00e9 les incertitudes du secteur.\",\"breadcrumb\":{\"@id\":\"https:\\\/\\\/www.forbes.be\\\/fr\\\/bar-ephemere-sommer-anvers-dix-ans\\\/#breadcrumb\"},\"inLanguage\":\"fr-FR\",\"potentialAction\":[{\"@type\":\"ReadAction\",\"target\":[\"https:\\\/\\\/www.forbes.be\\\/fr\\\/bar-ephemere-sommer-anvers-dix-ans\\\/\"]}]},{\"@type\":\"ImageObject\",\"inLanguage\":\"fr-FR\",\"@id\":\"https:\\\/\\\/www.forbes.be\\\/fr\\\/bar-ephemere-sommer-anvers-dix-ans\\\/#primaryimage\",\"url\":\"https:\\\/\\\/www.forbes.be\\\/fr\\\/wp-content\\\/uploads\\\/2025\\\/09\\\/11014-ontwerp-zonder-titel-28.png\",\"contentUrl\":\"https:\\\/\\\/www.forbes.be\\\/fr\\\/wp-content\\\/uploads\\\/2025\\\/09\\\/11014-ontwerp-zonder-titel-28.png\",\"width\":1920,\"height\":1080,\"caption\":\"Jan Van Leuffel\"},{\"@type\":\"BreadcrumbList\",\"@id\":\"https:\\\/\\\/www.forbes.be\\\/fr\\\/bar-ephemere-sommer-anvers-dix-ans\\\/#breadcrumb\",\"itemListElement\":[{\"@type\":\"ListItem\",\"position\":1,\"name\":\"Accueil\",\"item\":\"https:\\\/\\\/www.forbes.be\\\/fr\\\/\"},{\"@type\":\"ListItem\",\"position\":2,\"name\":\"Comment le bar \u00e9ph\u00e9m\u00e8re d&rsquo;\u00e9t\u00e9 Sommar \u00e0 Anvers r\u00e9ussit depuis dix ans dans un secteur incertain\"}]},{\"@type\":\"WebSite\",\"@id\":\"https:\\\/\\\/www.forbes.be\\\/fr\\\/#website\",\"url\":\"https:\\\/\\\/www.forbes.be\\\/fr\\\/\",\"name\":\"Forbes Belgique\",\"description\":\"\",\"publisher\":{\"@id\":\"https:\\\/\\\/www.forbes.be\\\/fr\\\/#organization\"},\"potentialAction\":[{\"@type\":\"SearchAction\",\"target\":{\"@type\":\"EntryPoint\",\"urlTemplate\":\"https:\\\/\\\/www.forbes.be\\\/fr\\\/?s={search_term_string}\"},\"query-input\":{\"@type\":\"PropertyValueSpecification\",\"valueRequired\":true,\"valueName\":\"search_term_string\"}}],\"inLanguage\":\"fr-FR\"},{\"@type\":\"Organization\",\"@id\":\"https:\\\/\\\/www.forbes.be\\\/fr\\\/#organization\",\"name\":\"Forbes Belgique\",\"url\":\"https:\\\/\\\/www.forbes.be\\\/fr\\\/\",\"logo\":{\"@type\":\"ImageObject\",\"inLanguage\":\"fr-FR\",\"@id\":\"https:\\\/\\\/www.forbes.be\\\/fr\\\/#\\\/schema\\\/logo\\\/image\\\/\",\"url\":\"https:\\\/\\\/www.forbes.be\\\/fr\\\/wp-content\\\/uploads\\\/2024\\\/02\\\/forbes.be_.png\",\"contentUrl\":\"https:\\\/\\\/www.forbes.be\\\/fr\\\/wp-content\\\/uploads\\\/2024\\\/02\\\/forbes.be_.png\",\"width\":1200,\"height\":675,\"caption\":\"Forbes Belgique\"},\"image\":{\"@id\":\"https:\\\/\\\/www.forbes.be\\\/fr\\\/#\\\/schema\\\/logo\\\/image\\\/\"},\"sameAs\":[\"https:\\\/\\\/www.facebook.com\\\/forbesbelgique\\\/\",\"https:\\\/\\\/www.instagram.com\\\/Forbes_Belgium\",\"https:\\\/\\\/www.linkedin.com\\\/company\\\/forbes-belgium\\\/\"]},{\"@type\":\"Person\",\"@id\":\"https:\\\/\\\/www.forbes.be\\\/fr\\\/#\\\/schema\\\/person\\\/7d78f899f595d5e9c1eb19ffe4d36b83\",\"name\":\"Daphne Dorgelo\",\"image\":{\"@type\":\"ImageObject\",\"inLanguage\":\"fr-FR\",\"@id\":\"https:\\\/\\\/www.forbes.be\\\/fr\\\/wp-content\\\/uploads\\\/2024\\\/01\\\/4B1A6779-2-scaled-e1704882544546-150x150.jpg\",\"url\":\"https:\\\/\\\/www.forbes.be\\\/fr\\\/wp-content\\\/uploads\\\/2024\\\/01\\\/4B1A6779-2-scaled-e1704882544546-150x150.jpg\",\"contentUrl\":\"https:\\\/\\\/www.forbes.be\\\/fr\\\/wp-content\\\/uploads\\\/2024\\\/01\\\/4B1A6779-2-scaled-e1704882544546-150x150.jpg\",\"caption\":\"Daphne Dorgelo\"},\"description\":\"Daphne Dorgelo (1996) travaille chaque semaine pour Forbes, o\u00f9 elle r\u00e9dige des articles sur le style de vie luxueux, le leadership, l'innovation, les tendances et, bien s\u00fbr, les entrepreneurs belges inspirants. Sa passion pour le journalisme et les m\u00e9dias s'est manifest\u00e9e d\u00e8s son plus jeune \u00e2ge. Apr\u00e8s avoir obtenu une licence en information aux Pays-Bas, elle s'est install\u00e9e dans la ville belge du diamant il y a six ans, apr\u00e8s avoir obtenu un master en journalisme \u00e0 la KU Leuven d'Anvers. Cela fait maintenant huit ans qu'elle \u00e9crit en tant que pigiste pour divers magazines, dont quatre ans pour des magazines de style de vie belges tels que L'OFFICIEL, Fifty &amp; Me et ELLE.\",\"url\":\"https:\\\/\\\/www.forbes.be\\\/fr\\\/author\\\/daphne-dorgelolofficiel-be\\\/\"}]}<\/script>\n<!-- \/ Yoast SEO plugin. -->","yoast_head_json":{"title":"Sommar Anvers : une d\u00e9cennie de succ\u00e8s pour le bar \u00e9ph\u00e9m\u00e8re","description":"D\u00e9couvrez comment Sommar, le bar \u00e9ph\u00e9m\u00e8re d'Anvers, a su s'imposer comme un incontournable malgr\u00e9 les incertitudes du secteur.","robots":{"index":"index","follow":"follow","max-snippet":"max-snippet:-1","max-image-preview":"max-image-preview:large","max-video-preview":"max-video-preview:-1"},"canonical":"https:\/\/www.forbes.be\/fr\/bar-ephemere-sommer-anvers-dix-ans\/","og_locale":"fr_FR","og_type":"article","og_title":"Sommar Anvers : une d\u00e9cennie de succ\u00e8s pour le bar \u00e9ph\u00e9m\u00e8re","og_description":"D\u00e9couvrez comment Sommar, le bar \u00e9ph\u00e9m\u00e8re d'Anvers, a su s'imposer comme un incontournable malgr\u00e9 les incertitudes du secteur.","og_url":"https:\/\/www.forbes.be\/fr\/bar-ephemere-sommer-anvers-dix-ans\/","og_site_name":"Forbes Belgique","article_publisher":"https:\/\/www.facebook.com\/forbesbelgique\/","article_published_time":"2025-09-03T03:38:31+00:00","article_modified_time":"2025-09-03T07:49:14+00:00","og_image":[{"width":1024,"height":576,"url":"https:\/\/www.forbes.be\/fr\/wp-content\/uploads\/2025\/09\/11014-ontwerp-zonder-titel-28-1024x576.png","type":"image\/png"}],"author":"Daphne Dorgelo","twitter_card":"summary_large_image","twitter_misc":{"\u00c9crit par":"Daphne Dorgelo","Dur\u00e9e de lecture estim\u00e9e":"5 minutes"},"schema":{"@context":"https:\/\/schema.org","@graph":[{"@type":"NewsArticle","@id":"https:\/\/www.forbes.be\/fr\/bar-ephemere-sommer-anvers-dix-ans\/#article","isPartOf":{"@id":"https:\/\/www.forbes.be\/fr\/bar-ephemere-sommer-anvers-dix-ans\/"},"author":{"name":"Daphne Dorgelo","@id":"https:\/\/www.forbes.be\/fr\/#\/schema\/person\/7d78f899f595d5e9c1eb19ffe4d36b83"},"headline":"Comment le bar \u00e9ph\u00e9m\u00e8re d&rsquo;\u00e9t\u00e9 Sommar \u00e0 Anvers r\u00e9ussit depuis dix ans dans un secteur incertain","datePublished":"2025-09-03T03:38:31+00:00","dateModified":"2025-09-03T07:49:14+00:00","mainEntityOfPage":{"@id":"https:\/\/www.forbes.be\/fr\/bar-ephemere-sommer-anvers-dix-ans\/"},"wordCount":983,"publisher":{"@id":"https:\/\/www.forbes.be\/fr\/#organization"},"image":{"@id":"https:\/\/www.forbes.be\/fr\/bar-ephemere-sommer-anvers-dix-ans\/#primaryimage"},"thumbnailUrl":"https:\/\/www.forbes.be\/fr\/wp-content\/uploads\/2025\/09\/11014-ontwerp-zonder-titel-28.png","articleSection":["Commerce","Entrepreneurs","Entreprise"],"inLanguage":"fr-FR"},{"@type":"WebPage","@id":"https:\/\/www.forbes.be\/fr\/bar-ephemere-sommer-anvers-dix-ans\/","url":"https:\/\/www.forbes.be\/fr\/bar-ephemere-sommer-anvers-dix-ans\/","name":"Sommar Anvers : une d\u00e9cennie de succ\u00e8s pour le bar \u00e9ph\u00e9m\u00e8re","isPartOf":{"@id":"https:\/\/www.forbes.be\/fr\/#website"},"primaryImageOfPage":{"@id":"https:\/\/www.forbes.be\/fr\/bar-ephemere-sommer-anvers-dix-ans\/#primaryimage"},"image":{"@id":"https:\/\/www.forbes.be\/fr\/bar-ephemere-sommer-anvers-dix-ans\/#primaryimage"},"thumbnailUrl":"https:\/\/www.forbes.be\/fr\/wp-content\/uploads\/2025\/09\/11014-ontwerp-zonder-titel-28.png","datePublished":"2025-09-03T03:38:31+00:00","dateModified":"2025-09-03T07:49:14+00:00","description":"D\u00e9couvrez comment Sommar, le bar \u00e9ph\u00e9m\u00e8re d'Anvers, a su s'imposer comme un incontournable malgr\u00e9 les incertitudes du secteur.","breadcrumb":{"@id":"https:\/\/www.forbes.be\/fr\/bar-ephemere-sommer-anvers-dix-ans\/#breadcrumb"},"inLanguage":"fr-FR","potentialAction":[{"@type":"ReadAction","target":["https:\/\/www.forbes.be\/fr\/bar-ephemere-sommer-anvers-dix-ans\/"]}]},{"@type":"ImageObject","inLanguage":"fr-FR","@id":"https:\/\/www.forbes.be\/fr\/bar-ephemere-sommer-anvers-dix-ans\/#primaryimage","url":"https:\/\/www.forbes.be\/fr\/wp-content\/uploads\/2025\/09\/11014-ontwerp-zonder-titel-28.png","contentUrl":"https:\/\/www.forbes.be\/fr\/wp-content\/uploads\/2025\/09\/11014-ontwerp-zonder-titel-28.png","width":1920,"height":1080,"caption":"Jan Van Leuffel"},{"@type":"BreadcrumbList","@id":"https:\/\/www.forbes.be\/fr\/bar-ephemere-sommer-anvers-dix-ans\/#breadcrumb","itemListElement":[{"@type":"ListItem","position":1,"name":"Accueil","item":"https:\/\/www.forbes.be\/fr\/"},{"@type":"ListItem","position":2,"name":"Comment le bar \u00e9ph\u00e9m\u00e8re d&rsquo;\u00e9t\u00e9 Sommar \u00e0 Anvers r\u00e9ussit depuis dix ans dans un secteur incertain"}]},{"@type":"WebSite","@id":"https:\/\/www.forbes.be\/fr\/#website","url":"https:\/\/www.forbes.be\/fr\/","name":"Forbes Belgique","description":"","publisher":{"@id":"https:\/\/www.forbes.be\/fr\/#organization"},"potentialAction":[{"@type":"SearchAction","target":{"@type":"EntryPoint","urlTemplate":"https:\/\/www.forbes.be\/fr\/?s={search_term_string}"},"query-input":{"@type":"PropertyValueSpecification","valueRequired":true,"valueName":"search_term_string"}}],"inLanguage":"fr-FR"},{"@type":"Organization","@id":"https:\/\/www.forbes.be\/fr\/#organization","name":"Forbes Belgique","url":"https:\/\/www.forbes.be\/fr\/","logo":{"@type":"ImageObject","inLanguage":"fr-FR","@id":"https:\/\/www.forbes.be\/fr\/#\/schema\/logo\/image\/","url":"https:\/\/www.forbes.be\/fr\/wp-content\/uploads\/2024\/02\/forbes.be_.png","contentUrl":"https:\/\/www.forbes.be\/fr\/wp-content\/uploads\/2024\/02\/forbes.be_.png","width":1200,"height":675,"caption":"Forbes Belgique"},"image":{"@id":"https:\/\/www.forbes.be\/fr\/#\/schema\/logo\/image\/"},"sameAs":["https:\/\/www.facebook.com\/forbesbelgique\/","https:\/\/www.instagram.com\/Forbes_Belgium","https:\/\/www.linkedin.com\/company\/forbes-belgium\/"]},{"@type":"Person","@id":"https:\/\/www.forbes.be\/fr\/#\/schema\/person\/7d78f899f595d5e9c1eb19ffe4d36b83","name":"Daphne Dorgelo","image":{"@type":"ImageObject","inLanguage":"fr-FR","@id":"https:\/\/www.forbes.be\/fr\/wp-content\/uploads\/2024\/01\/4B1A6779-2-scaled-e1704882544546-150x150.jpg","url":"https:\/\/www.forbes.be\/fr\/wp-content\/uploads\/2024\/01\/4B1A6779-2-scaled-e1704882544546-150x150.jpg","contentUrl":"https:\/\/www.forbes.be\/fr\/wp-content\/uploads\/2024\/01\/4B1A6779-2-scaled-e1704882544546-150x150.jpg","caption":"Daphne Dorgelo"},"description":"Daphne Dorgelo (1996) travaille chaque semaine pour Forbes, o\u00f9 elle r\u00e9dige des articles sur le style de vie luxueux, le leadership, l'innovation, les tendances et, bien s\u00fbr, les entrepreneurs belges inspirants. Sa passion pour le journalisme et les m\u00e9dias s'est manifest\u00e9e d\u00e8s son plus jeune \u00e2ge. Apr\u00e8s avoir obtenu une licence en information aux Pays-Bas, elle s'est install\u00e9e dans la ville belge du diamant il y a six ans, apr\u00e8s avoir obtenu un master en journalisme \u00e0 la KU Leuven d'Anvers. Cela fait maintenant huit ans qu'elle \u00e9crit en tant que pigiste pour divers magazines, dont quatre ans pour des magazines de style de vie belges tels que L'OFFICIEL, Fifty &amp; Me et ELLE.","url":"https:\/\/www.forbes.be\/fr\/author\/daphne-dorgelolofficiel-be\/"}]}},"_links":{"self":[{"href":"https:\/\/www.forbes.be\/fr\/wp-json\/wp\/v2\/posts\/12211","targetHints":{"allow":["GET"]}}],"collection":[{"href":"https:\/\/www.forbes.be\/fr\/wp-json\/wp\/v2\/posts"}],"about":[{"href":"https:\/\/www.forbes.be\/fr\/wp-json\/wp\/v2\/types\/post"}],"author":[{"embeddable":true,"href":"https:\/\/www.forbes.be\/fr\/wp-json\/wp\/v2\/users\/13"}],"replies":[{"embeddable":true,"href":"https:\/\/www.forbes.be\/fr\/wp-json\/wp\/v2\/comments?post=12211"}],"version-history":[{"count":2,"href":"https:\/\/www.forbes.be\/fr\/wp-json\/wp\/v2\/posts\/12211\/revisions"}],"predecessor-version":[{"id":12213,"href":"https:\/\/www.forbes.be\/fr\/wp-json\/wp\/v2\/posts\/12211\/revisions\/12213"}],"wp:featuredmedia":[{"embeddable":true,"href":"https:\/\/www.forbes.be\/fr\/wp-json\/wp\/v2\/media\/12210"}],"wp:attachment":[{"href":"https:\/\/www.forbes.be\/fr\/wp-json\/wp\/v2\/media?parent=12211"}],"wp:term":[{"taxonomy":"category","embeddable":true,"href":"https:\/\/www.forbes.be\/fr\/wp-json\/wp\/v2\/categories?post=12211"},{"taxonomy":"post_tag","embeddable":true,"href":"https:\/\/www.forbes.be\/fr\/wp-json\/wp\/v2\/tags?post=12211"}],"curies":[{"name":"wp","href":"https:\/\/api.w.org\/{rel}","templated":true}]}}