{"id":12343,"date":"2025-09-11T07:00:28","date_gmt":"2025-09-11T05:00:28","guid":{"rendered":"https:\/\/www.forbes.be\/fr\/?p=12343"},"modified":"2025-09-11T09:30:16","modified_gmt":"2025-09-11T07:30:16","slug":"banksy-a-londres-une-oeuvre-choc-et-un-nouveau-casse-tete-pour-le-marche-de-lart","status":"publish","type":"post","link":"https:\/\/www.forbes.be\/fr\/banksy-a-londres-une-oeuvre-choc-et-un-nouveau-casse-tete-pour-le-marche-de-lart\/","title":{"rendered":"Banksy \u00e0 Londres : une \u0153uvre choc et un nouveau casse-t\u00eate pour le march\u00e9 de l\u2019art"},"content":{"rendered":"<p><strong>En frappant les murs de la Royal Courts of Justice le 8 septembre 2025, Banksy ne s\u2019est pas content\u00e9 d\u2019un geste politique. Il a aussi d\u00e9clenche, comme d&rsquo;habitude, une onde de choc dans le march\u00e9 de l\u2019art contemporain, o\u00f9 chaque apparition de l\u2019artiste anonyme est synonyme de sp\u00e9culation, de tensions juridiques et de forte valorisation potentielle.<\/strong><\/p>\n<p>Depuis plus de vingt ans, <strong><a href=\"https:\/\/www.banksy.co.uk\/\" target=\"_blank\" rel=\"noopener\">Banksy<\/a><\/strong> bouscule les r\u00e8gles du jeu artistique. \u00c0 chaque nouvelle <strong>\u0153uvre<\/strong>, une m\u00e9canique sp\u00e9culative s\u2019enclenche. L&rsquo;<strong>\u0153uvre<\/strong> de <strong>Londres<\/strong>, bien que recouverte rapidement, n\u2019\u00e9chappe pas \u00e0 ce ph\u00e9nom\u00e8ne. Des acheteurs potentiels ont d\u00e9j\u00e0 approch\u00e9 des cabinets juridiques pour tenter de n\u00e9gocier le rachat du mur.<\/p>\n<p>Entre 2015 et 2021, le chiffre d\u2019affaires du march\u00e9 des <strong>\u0153uvres<\/strong> de <strong>Banksy<\/strong> est pass\u00e9 de 1,2 million \u00e0 35,2 millions de livres sterling, avant de se stabiliser autour de 6 millions en 2024. Le potentiel de valorisation de cette nouvelle fresque est donc \u00e9lev\u00e9 (si tant est qu\u2019elle puisse \u00eatre conserv\u00e9e).<\/p>\n<h2>La question de la propri\u00e9t\u00e9 : un vide juridique persistant<\/h2>\n<p>Comme toujours avec <strong>Banksy<\/strong>, la propri\u00e9t\u00e9 de l\u2019\u0153uvre soul\u00e8ve des d\u00e9bats \u00e9pineux. Le b\u00e2timent appartient au <strong>HM Courts and Tribunals Service<\/strong>, qui a imm\u00e9diatement annonc\u00e9 la suppression de la fresque pour des raisons de conservation patrimoniale. Officiellement, la <strong>Royal Courts of Justice<\/strong> \u00e9tant un b\u00e2timent class\u00e9, toute alt\u00e9ration de sa fa\u00e7ade est interdite.<\/p>\n<figure id=\"attachment_12346\" aria-describedby=\"caption-attachment-12346\" style=\"width: 2000px\" class=\"wp-caption alignnone\"><img loading=\"lazy\" decoding=\"async\" class=\"size-full wp-image-12346\" src=\"https:\/\/www.forbes.be\/fr\/wp-content\/uploads\/2025\/09\/rcojustice02.jpg\" alt=\"\" width=\"2000\" height=\"1709\" srcset=\"https:\/\/www.forbes.be\/fr\/wp-content\/uploads\/2025\/09\/rcojustice02.jpg 2000w, https:\/\/www.forbes.be\/fr\/wp-content\/uploads\/2025\/09\/rcojustice02-300x256.jpg 300w, https:\/\/www.forbes.be\/fr\/wp-content\/uploads\/2025\/09\/rcojustice02-1024x875.jpg 1024w, https:\/\/www.forbes.be\/fr\/wp-content\/uploads\/2025\/09\/rcojustice02-768x656.jpg 768w, https:\/\/www.forbes.be\/fr\/wp-content\/uploads\/2025\/09\/rcojustice02-1536x1313.jpg 1536w, https:\/\/www.forbes.be\/fr\/wp-content\/uploads\/2025\/09\/rcojustice02-696x595.jpg 696w, https:\/\/www.forbes.be\/fr\/wp-content\/uploads\/2025\/09\/rcojustice02-1068x913.jpg 1068w, https:\/\/www.forbes.be\/fr\/wp-content\/uploads\/2025\/09\/rcojustice02-1920x1641.jpg 1920w, https:\/\/www.forbes.be\/fr\/wp-content\/uploads\/2025\/09\/rcojustice02-600x513.jpg 600w\" sizes=\"auto, (max-width: 2000px) 100vw, 2000px\" \/><figcaption id=\"caption-attachment-12346\" class=\"wp-caption-text\">\u00a9 Banksy<\/figcaption><\/figure>\n<p>Mais cette d\u00e9cision entre en contradiction avec la logique du <strong>march\u00e9 de l\u2019art<\/strong> : certains propri\u00e9taires de murs orn\u00e9s de <strong>Banksy<\/strong> ont par le pass\u00e9 r\u00e9ussi \u00e0 vendre leur pan de mur \u00e0 des <strong>collectionneurs<\/strong> pour des sommes \u00e0 six chiffres.<\/p>\n<h2>Un mod\u00e8le \u00e9conomique \u00e0 contre-courant<\/h2>\n<p><strong>Banksy<\/strong> a su contourner les circuits traditionnels via son propre organisme d\u2019authentification, <a href=\"https:\/\/pestcontroloffice.com\/\" target=\"_blank\" rel=\"noopener\"><em>Pest Control Office<\/em><\/a>, garant de la l\u00e9gitimit\u00e9 de ses \u0153uvres. Ce dispositif lui permet de garder un contr\u00f4le sur le march\u00e9 secondaire tout en pr\u00e9servant\u00a0 l&rsquo;anonymat indispensable \u00e0 sa pratique ill\u00e9gale du<em> street art<\/em>.<\/p>\n<figure id=\"attachment_12347\" aria-describedby=\"caption-attachment-12347\" style=\"width: 1000px\" class=\"wp-caption alignnone\"><img loading=\"lazy\" decoding=\"async\" class=\"size-full wp-image-12347\" src=\"https:\/\/www.forbes.be\/fr\/wp-content\/uploads\/2025\/09\/shutterstock-2345938357.jpg\" alt=\"\" width=\"1000\" height=\"666\" srcset=\"https:\/\/www.forbes.be\/fr\/wp-content\/uploads\/2025\/09\/shutterstock-2345938357.jpg 1000w, https:\/\/www.forbes.be\/fr\/wp-content\/uploads\/2025\/09\/shutterstock-2345938357-300x200.jpg 300w, https:\/\/www.forbes.be\/fr\/wp-content\/uploads\/2025\/09\/shutterstock-2345938357-768x511.jpg 768w, https:\/\/www.forbes.be\/fr\/wp-content\/uploads\/2025\/09\/shutterstock-2345938357-696x464.jpg 696w, https:\/\/www.forbes.be\/fr\/wp-content\/uploads\/2025\/09\/shutterstock-2345938357-600x400.jpg 600w\" sizes=\"auto, (max-width: 1000px) 100vw, 1000px\" \/><figcaption id=\"caption-attachment-12347\" class=\"wp-caption-text\">\u00ab\u00a0Love is in the air\u00a0\u00bb, Banksy \u00a9 Banksy<\/figcaption><\/figure>\n<p>Ce paradoxe entre ill\u00e9galit\u00e9 et valorisation extr\u00eame rend chaque \u0153uvre de <strong>Banksy<\/strong> juridiquement et \u00e9conomiquement unique. \u00c0 ce jour, certaines pi\u00e8ces, comme <em>Love is in the Bin<\/em> (18,6 millions \u00a3) ou <em>Game Changer<\/em> (21,3 millions $), se sont hiss\u00e9es parmi les plus ch\u00e8res de l\u2019art contemporain.<\/p>\n<h2>Censure ou marketing viral ?<\/h2>\n<p>La dissimulation rapide de l\u2019<strong>\u0153uvre<\/strong>, entour\u00e9e de cam\u00e9ras et de vigiles, a \u00e9t\u00e9 per\u00e7ue comme une tentative de censure. Mais dans l\u2019\u00e9cosyst\u00e8me <strong>Banksy<\/strong>, chaque forme de r\u00e9pression devient un multiplicateur d\u2019attention, donc de valeur.<\/p>\n<p>Son <a href=\"https:\/\/www.instagram.com\/banksy\/\" target=\"_blank\" rel=\"noopener\">compte Instagram<\/a>, suivi par 11 millions de personnes, a officialis\u00e9 l\u2019<strong>\u0153uvre<\/strong>. En quelques heures, l\u2019image a circul\u00e9 dans le monde entier, cr\u00e9ant un effet m\u00e9diatique qui renforce sa d\u00e9sirabilit\u00e9 sur le march\u00e9. M\u00eame invisible, une \u0153uvre de <strong>Banksy<\/strong> continue d\u2019exister \u00e9conomiquement.<\/p>\n<h2>Vers une protection institutionnelle du street art ?<\/h2>\n<p>Ce nouvel \u00e9pisode relance le d\u00e9bat sur la conservation des <strong>\u0153uvres \u00e9ph\u00e9m\u00e8res<\/strong> et non sollicit\u00e9es. Faut-il les effacer pour prot\u00e9ger le patrimoine ou les pr\u00e9server comme t\u00e9moignages sociopolitiques ? Certaines villes ont tranch\u00e9 : \u00e0 Paris, Bristol ou D\u00e9troit, des fresques de <strong>Banksy<\/strong> sont d\u00e9sormais prot\u00e9g\u00e9es au m\u00eame titre que des<strong> \u0153uvres<\/strong> de mus\u00e9es.<\/p>\n<p>Le Royaume-Uni, quant \u00e0 lui, semble h\u00e9siter. En refusant la patrimonialisation de cette fresque, il court-circuite une opportunit\u00e9 d\u2019enrichir son capital culturel\u2026 et \u00e9conomique.<\/p>\n<p>L\u2019\u0153uvre de Banksy \u00e0 Londres est en fait bien plus qu\u2019un coup de poing visuel : c\u2019est une \u00e9tincelle dans un syst\u00e8me \u00e9conomique o\u00f9 l\u2019art, la politique et la sp\u00e9culation se t\u00e9lescopent. Entre march\u00e9, loi et visibilit\u00e9 mondiale, chaque geste de <strong>Banksy<\/strong> continue de red\u00e9finir les r\u00e8gles&#8230; et de les monnayer.<\/p>\n","protected":false},"excerpt":{"rendered":"<p>En frappant les murs de la Royal Courts of Justice le 8 septembre 2025, Banksy ne s\u2019est pas content\u00e9 d\u2019un geste politique. Il a aussi d\u00e9clenche, comme d&rsquo;habitude, une onde de choc dans le march\u00e9 de l\u2019art contemporain, o\u00f9 chaque apparition de l\u2019artiste anonyme est synonyme de sp\u00e9culation, de tensions juridiques et de forte valorisation [&hellip;]<\/p>\n","protected":false},"author":47,"featured_media":12345,"comment_status":"closed","ping_status":"closed","sticky":false,"template":"","format":"standard","meta":{"_acf_changed":false,"inline_featured_image":false,"footnotes":""},"categories":[1,62,27],"tags":[],"class_list":{"0":"post-12343","1":"post","2":"type-post","3":"status-publish","4":"format-standard","5":"has-post-thumbnail","7":"category-actualite","8":"category-marche-de-lart","9":"category-societe"},"acf":[],"_yoast_wpseo_title":null,"_yoast_wpseo_metadesc":"La fresque de Banksy sur la Royal Courts of Justice \u00e0 Londres soul\u00e8ve d\u00e9j\u00e0 sp\u00e9culation, enjeux juridiques et d\u00e9bats sur la valeur du street art.","auteur_traducteur":"","yoast_head":"<!-- This site is optimized with the Yoast SEO plugin v27.4 - https:\/\/yoast.com\/product\/yoast-seo-wordpress\/ -->\n<title>Banksy \u00e0 Londres : une \u0153uvre choc et un nouveau casse-t\u00eate pour le march\u00e9 de l\u2019art | Forbes Belgique<\/title>\n<meta name=\"description\" content=\"La fresque de Banksy sur la Royal Courts of Justice \u00e0 Londres soul\u00e8ve d\u00e9j\u00e0 sp\u00e9culation, enjeux juridiques et d\u00e9bats sur la valeur du street art.\" \/>\n<meta name=\"robots\" content=\"index, follow, max-snippet:-1, max-image-preview:large, max-video-preview:-1\" \/>\n<link rel=\"canonical\" href=\"https:\/\/www.forbes.be\/fr\/banksy-a-londres-une-oeuvre-choc-et-un-nouveau-casse-tete-pour-le-marche-de-lart\/\" \/>\n<meta property=\"og:locale\" content=\"fr_FR\" \/>\n<meta property=\"og:type\" content=\"article\" \/>\n<meta property=\"og:title\" content=\"Banksy \u00e0 Londres : une \u0153uvre choc et un nouveau casse-t\u00eate pour le march\u00e9 de l\u2019art | Forbes Belgique\" \/>\n<meta property=\"og:description\" content=\"La fresque de Banksy sur la Royal Courts of Justice \u00e0 Londres soul\u00e8ve d\u00e9j\u00e0 sp\u00e9culation, enjeux juridiques et d\u00e9bats sur la valeur du street art.\" \/>\n<meta property=\"og:url\" content=\"https:\/\/www.forbes.be\/fr\/banksy-a-londres-une-oeuvre-choc-et-un-nouveau-casse-tete-pour-le-marche-de-lart\/\" \/>\n<meta property=\"og:site_name\" content=\"Forbes Belgique\" \/>\n<meta property=\"article:publisher\" content=\"https:\/\/www.facebook.com\/forbesbelgique\/\" \/>\n<meta property=\"article:published_time\" content=\"2025-09-11T05:00:28+00:00\" \/>\n<meta property=\"article:modified_time\" content=\"2025-09-11T07:30:16+00:00\" \/>\n<meta property=\"og:image\" content=\"https:\/\/www.forbes.be\/fr\/wp-content\/uploads\/2025\/09\/rcojustice01-e1757575773217.jpg\" \/>\n\t<meta property=\"og:image:width\" content=\"2000\" \/>\n\t<meta property=\"og:image:height\" content=\"1047\" \/>\n\t<meta property=\"og:image:type\" content=\"image\/jpeg\" \/>\n<meta name=\"author\" content=\"Martin Boonen\" \/>\n<meta name=\"twitter:card\" content=\"summary_large_image\" \/>\n<meta name=\"twitter:label1\" content=\"\u00c9crit par\" \/>\n\t<meta name=\"twitter:data1\" content=\"Martin Boonen\" \/>\n\t<meta name=\"twitter:label2\" content=\"Dur\u00e9e de lecture estim\u00e9e\" \/>\n\t<meta name=\"twitter:data2\" content=\"4 minutes\" \/>\n<script type=\"application\/ld+json\" class=\"yoast-schema-graph\">{\"@context\":\"https:\\\/\\\/schema.org\",\"@graph\":[{\"@type\":\"NewsArticle\",\"@id\":\"https:\\\/\\\/www.forbes.be\\\/fr\\\/banksy-a-londres-une-oeuvre-choc-et-un-nouveau-casse-tete-pour-le-marche-de-lart\\\/#article\",\"isPartOf\":{\"@id\":\"https:\\\/\\\/www.forbes.be\\\/fr\\\/banksy-a-londres-une-oeuvre-choc-et-un-nouveau-casse-tete-pour-le-marche-de-lart\\\/\"},\"author\":{\"name\":\"Martin Boonen\",\"@id\":\"https:\\\/\\\/www.forbes.be\\\/fr\\\/#\\\/schema\\\/person\\\/5e9af5383f8e0ffec564788f40ac92c8\"},\"headline\":\"Banksy \u00e0 Londres : une \u0153uvre choc et un nouveau casse-t\u00eate pour le march\u00e9 de l\u2019art\",\"datePublished\":\"2025-09-11T05:00:28+00:00\",\"dateModified\":\"2025-09-11T07:30:16+00:00\",\"mainEntityOfPage\":{\"@id\":\"https:\\\/\\\/www.forbes.be\\\/fr\\\/banksy-a-londres-une-oeuvre-choc-et-un-nouveau-casse-tete-pour-le-marche-de-lart\\\/\"},\"wordCount\":667,\"publisher\":{\"@id\":\"https:\\\/\\\/www.forbes.be\\\/fr\\\/#organization\"},\"image\":{\"@id\":\"https:\\\/\\\/www.forbes.be\\\/fr\\\/banksy-a-londres-une-oeuvre-choc-et-un-nouveau-casse-tete-pour-le-marche-de-lart\\\/#primaryimage\"},\"thumbnailUrl\":\"https:\\\/\\\/www.forbes.be\\\/fr\\\/wp-content\\\/uploads\\\/2025\\\/09\\\/rcojustice01-e1757575773217.jpg\",\"articleSection\":[\"Actualit\u00e9s\",\"March\u00e9 de l'art\",\"Soci\u00e9t\u00e9\"],\"inLanguage\":\"fr-FR\"},{\"@type\":\"WebPage\",\"@id\":\"https:\\\/\\\/www.forbes.be\\\/fr\\\/banksy-a-londres-une-oeuvre-choc-et-un-nouveau-casse-tete-pour-le-marche-de-lart\\\/\",\"url\":\"https:\\\/\\\/www.forbes.be\\\/fr\\\/banksy-a-londres-une-oeuvre-choc-et-un-nouveau-casse-tete-pour-le-marche-de-lart\\\/\",\"name\":\"Banksy \u00e0 Londres : une \u0153uvre choc et un nouveau casse-t\u00eate pour le march\u00e9 de l\u2019art | Forbes Belgique\",\"isPartOf\":{\"@id\":\"https:\\\/\\\/www.forbes.be\\\/fr\\\/#website\"},\"primaryImageOfPage\":{\"@id\":\"https:\\\/\\\/www.forbes.be\\\/fr\\\/banksy-a-londres-une-oeuvre-choc-et-un-nouveau-casse-tete-pour-le-marche-de-lart\\\/#primaryimage\"},\"image\":{\"@id\":\"https:\\\/\\\/www.forbes.be\\\/fr\\\/banksy-a-londres-une-oeuvre-choc-et-un-nouveau-casse-tete-pour-le-marche-de-lart\\\/#primaryimage\"},\"thumbnailUrl\":\"https:\\\/\\\/www.forbes.be\\\/fr\\\/wp-content\\\/uploads\\\/2025\\\/09\\\/rcojustice01-e1757575773217.jpg\",\"datePublished\":\"2025-09-11T05:00:28+00:00\",\"dateModified\":\"2025-09-11T07:30:16+00:00\",\"description\":\"La fresque de Banksy sur la Royal Courts of Justice \u00e0 Londres soul\u00e8ve d\u00e9j\u00e0 sp\u00e9culation, enjeux juridiques et d\u00e9bats sur la valeur du street art.\",\"breadcrumb\":{\"@id\":\"https:\\\/\\\/www.forbes.be\\\/fr\\\/banksy-a-londres-une-oeuvre-choc-et-un-nouveau-casse-tete-pour-le-marche-de-lart\\\/#breadcrumb\"},\"inLanguage\":\"fr-FR\",\"potentialAction\":[{\"@type\":\"ReadAction\",\"target\":[\"https:\\\/\\\/www.forbes.be\\\/fr\\\/banksy-a-londres-une-oeuvre-choc-et-un-nouveau-casse-tete-pour-le-marche-de-lart\\\/\"]}]},{\"@type\":\"ImageObject\",\"inLanguage\":\"fr-FR\",\"@id\":\"https:\\\/\\\/www.forbes.be\\\/fr\\\/banksy-a-londres-une-oeuvre-choc-et-un-nouveau-casse-tete-pour-le-marche-de-lart\\\/#primaryimage\",\"url\":\"https:\\\/\\\/www.forbes.be\\\/fr\\\/wp-content\\\/uploads\\\/2025\\\/09\\\/rcojustice01-e1757575773217.jpg\",\"contentUrl\":\"https:\\\/\\\/www.forbes.be\\\/fr\\\/wp-content\\\/uploads\\\/2025\\\/09\\\/rcojustice01-e1757575773217.jpg\",\"width\":2000,\"height\":1047,\"caption\":\"\u00a9 Banksy\"},{\"@type\":\"BreadcrumbList\",\"@id\":\"https:\\\/\\\/www.forbes.be\\\/fr\\\/banksy-a-londres-une-oeuvre-choc-et-un-nouveau-casse-tete-pour-le-marche-de-lart\\\/#breadcrumb\",\"itemListElement\":[{\"@type\":\"ListItem\",\"position\":1,\"name\":\"Accueil\",\"item\":\"https:\\\/\\\/www.forbes.be\\\/fr\\\/\"},{\"@type\":\"ListItem\",\"position\":2,\"name\":\"Banksy \u00e0 Londres : une \u0153uvre choc et un nouveau casse-t\u00eate pour le march\u00e9 de l\u2019art\"}]},{\"@type\":\"WebSite\",\"@id\":\"https:\\\/\\\/www.forbes.be\\\/fr\\\/#website\",\"url\":\"https:\\\/\\\/www.forbes.be\\\/fr\\\/\",\"name\":\"Forbes Belgique\",\"description\":\"\",\"publisher\":{\"@id\":\"https:\\\/\\\/www.forbes.be\\\/fr\\\/#organization\"},\"potentialAction\":[{\"@type\":\"SearchAction\",\"target\":{\"@type\":\"EntryPoint\",\"urlTemplate\":\"https:\\\/\\\/www.forbes.be\\\/fr\\\/?s={search_term_string}\"},\"query-input\":{\"@type\":\"PropertyValueSpecification\",\"valueRequired\":true,\"valueName\":\"search_term_string\"}}],\"inLanguage\":\"fr-FR\"},{\"@type\":\"Organization\",\"@id\":\"https:\\\/\\\/www.forbes.be\\\/fr\\\/#organization\",\"name\":\"Forbes Belgique\",\"url\":\"https:\\\/\\\/www.forbes.be\\\/fr\\\/\",\"logo\":{\"@type\":\"ImageObject\",\"inLanguage\":\"fr-FR\",\"@id\":\"https:\\\/\\\/www.forbes.be\\\/fr\\\/#\\\/schema\\\/logo\\\/image\\\/\",\"url\":\"https:\\\/\\\/www.forbes.be\\\/fr\\\/wp-content\\\/uploads\\\/2024\\\/02\\\/forbes.be_.png\",\"contentUrl\":\"https:\\\/\\\/www.forbes.be\\\/fr\\\/wp-content\\\/uploads\\\/2024\\\/02\\\/forbes.be_.png\",\"width\":1200,\"height\":675,\"caption\":\"Forbes Belgique\"},\"image\":{\"@id\":\"https:\\\/\\\/www.forbes.be\\\/fr\\\/#\\\/schema\\\/logo\\\/image\\\/\"},\"sameAs\":[\"https:\\\/\\\/www.facebook.com\\\/forbesbelgique\\\/\",\"https:\\\/\\\/www.instagram.com\\\/Forbes_Belgium\",\"https:\\\/\\\/www.linkedin.com\\\/company\\\/forbes-belgium\\\/\"]},{\"@type\":\"Person\",\"@id\":\"https:\\\/\\\/www.forbes.be\\\/fr\\\/#\\\/schema\\\/person\\\/5e9af5383f8e0ffec564788f40ac92c8\",\"name\":\"Martin Boonen\",\"image\":{\"@type\":\"ImageObject\",\"inLanguage\":\"fr-FR\",\"@id\":\"https:\\\/\\\/www.forbes.be\\\/fr\\\/wp-content\\\/uploads\\\/2025\\\/10\\\/capture-decran-2024-11-15-a-093849-300x300-1-100x100.png\",\"url\":\"https:\\\/\\\/www.forbes.be\\\/fr\\\/wp-content\\\/uploads\\\/2025\\\/10\\\/capture-decran-2024-11-15-a-093849-300x300-1-100x100.png\",\"contentUrl\":\"https:\\\/\\\/www.forbes.be\\\/fr\\\/wp-content\\\/uploads\\\/2025\\\/10\\\/capture-decran-2024-11-15-a-093849-300x300-1-100x100.png\",\"caption\":\"Martin Boonen\"},\"description\":\"Martin Boonen est journaliste dipl\u00f4m\u00e9 de l'Institut de Journalisme de Bruxelles (2012). Il collabor\u00e9 avec de nombreuses r\u00e9dactions \u00e0 diff\u00e9rent niveau de responsabilit\u00e9 : journaliste, chef de rubrique, secr\u00e9taire de r\u00e9daction et r\u00e9dacteur en chef, tant sur le web que pour la presse imprim\u00e9e. Sp\u00e9cialis\u00e9 dans les startups et l'entrepreneuriat \u00e0 impact, il est devenu en 2025 r\u00e9dacteur en chef du site web de Forbes Belgique. Il est affili\u00e9 \u00e0 l'Organisation Mondiale de la Presse P\u00e9riodique depuis 2011.\",\"sameAs\":[\"https:\\\/\\\/www.linkedin.com\\\/in\\\/martin-boonen-61499951\\\/\"],\"url\":\"https:\\\/\\\/www.forbes.be\\\/fr\\\/author\\\/martin-boonen\\\/\"}]}<\/script>\n<!-- \/ Yoast SEO plugin. -->","yoast_head_json":{"title":"Banksy \u00e0 Londres : une \u0153uvre choc et un nouveau casse-t\u00eate pour le march\u00e9 de l\u2019art | Forbes Belgique","description":"La fresque de Banksy sur la Royal Courts of Justice \u00e0 Londres soul\u00e8ve d\u00e9j\u00e0 sp\u00e9culation, enjeux juridiques et d\u00e9bats sur la valeur du street art.","robots":{"index":"index","follow":"follow","max-snippet":"max-snippet:-1","max-image-preview":"max-image-preview:large","max-video-preview":"max-video-preview:-1"},"canonical":"https:\/\/www.forbes.be\/fr\/banksy-a-londres-une-oeuvre-choc-et-un-nouveau-casse-tete-pour-le-marche-de-lart\/","og_locale":"fr_FR","og_type":"article","og_title":"Banksy \u00e0 Londres : une \u0153uvre choc et un nouveau casse-t\u00eate pour le march\u00e9 de l\u2019art | Forbes Belgique","og_description":"La fresque de Banksy sur la Royal Courts of Justice \u00e0 Londres soul\u00e8ve d\u00e9j\u00e0 sp\u00e9culation, enjeux juridiques et d\u00e9bats sur la valeur du street art.","og_url":"https:\/\/www.forbes.be\/fr\/banksy-a-londres-une-oeuvre-choc-et-un-nouveau-casse-tete-pour-le-marche-de-lart\/","og_site_name":"Forbes Belgique","article_publisher":"https:\/\/www.facebook.com\/forbesbelgique\/","article_published_time":"2025-09-11T05:00:28+00:00","article_modified_time":"2025-09-11T07:30:16+00:00","og_image":[{"width":2000,"height":1047,"url":"https:\/\/www.forbes.be\/fr\/wp-content\/uploads\/2025\/09\/rcojustice01-e1757575773217.jpg","type":"image\/jpeg"}],"author":"Martin Boonen","twitter_card":"summary_large_image","twitter_misc":{"\u00c9crit par":"Martin Boonen","Dur\u00e9e de lecture estim\u00e9e":"4 minutes"},"schema":{"@context":"https:\/\/schema.org","@graph":[{"@type":"NewsArticle","@id":"https:\/\/www.forbes.be\/fr\/banksy-a-londres-une-oeuvre-choc-et-un-nouveau-casse-tete-pour-le-marche-de-lart\/#article","isPartOf":{"@id":"https:\/\/www.forbes.be\/fr\/banksy-a-londres-une-oeuvre-choc-et-un-nouveau-casse-tete-pour-le-marche-de-lart\/"},"author":{"name":"Martin Boonen","@id":"https:\/\/www.forbes.be\/fr\/#\/schema\/person\/5e9af5383f8e0ffec564788f40ac92c8"},"headline":"Banksy \u00e0 Londres : une \u0153uvre choc et un nouveau casse-t\u00eate pour le march\u00e9 de l\u2019art","datePublished":"2025-09-11T05:00:28+00:00","dateModified":"2025-09-11T07:30:16+00:00","mainEntityOfPage":{"@id":"https:\/\/www.forbes.be\/fr\/banksy-a-londres-une-oeuvre-choc-et-un-nouveau-casse-tete-pour-le-marche-de-lart\/"},"wordCount":667,"publisher":{"@id":"https:\/\/www.forbes.be\/fr\/#organization"},"image":{"@id":"https:\/\/www.forbes.be\/fr\/banksy-a-londres-une-oeuvre-choc-et-un-nouveau-casse-tete-pour-le-marche-de-lart\/#primaryimage"},"thumbnailUrl":"https:\/\/www.forbes.be\/fr\/wp-content\/uploads\/2025\/09\/rcojustice01-e1757575773217.jpg","articleSection":["Actualit\u00e9s","March\u00e9 de l'art","Soci\u00e9t\u00e9"],"inLanguage":"fr-FR"},{"@type":"WebPage","@id":"https:\/\/www.forbes.be\/fr\/banksy-a-londres-une-oeuvre-choc-et-un-nouveau-casse-tete-pour-le-marche-de-lart\/","url":"https:\/\/www.forbes.be\/fr\/banksy-a-londres-une-oeuvre-choc-et-un-nouveau-casse-tete-pour-le-marche-de-lart\/","name":"Banksy \u00e0 Londres : une \u0153uvre choc et un nouveau casse-t\u00eate pour le march\u00e9 de l\u2019art | Forbes Belgique","isPartOf":{"@id":"https:\/\/www.forbes.be\/fr\/#website"},"primaryImageOfPage":{"@id":"https:\/\/www.forbes.be\/fr\/banksy-a-londres-une-oeuvre-choc-et-un-nouveau-casse-tete-pour-le-marche-de-lart\/#primaryimage"},"image":{"@id":"https:\/\/www.forbes.be\/fr\/banksy-a-londres-une-oeuvre-choc-et-un-nouveau-casse-tete-pour-le-marche-de-lart\/#primaryimage"},"thumbnailUrl":"https:\/\/www.forbes.be\/fr\/wp-content\/uploads\/2025\/09\/rcojustice01-e1757575773217.jpg","datePublished":"2025-09-11T05:00:28+00:00","dateModified":"2025-09-11T07:30:16+00:00","description":"La fresque de Banksy sur la Royal Courts of Justice \u00e0 Londres soul\u00e8ve d\u00e9j\u00e0 sp\u00e9culation, enjeux juridiques et d\u00e9bats sur la valeur du street art.","breadcrumb":{"@id":"https:\/\/www.forbes.be\/fr\/banksy-a-londres-une-oeuvre-choc-et-un-nouveau-casse-tete-pour-le-marche-de-lart\/#breadcrumb"},"inLanguage":"fr-FR","potentialAction":[{"@type":"ReadAction","target":["https:\/\/www.forbes.be\/fr\/banksy-a-londres-une-oeuvre-choc-et-un-nouveau-casse-tete-pour-le-marche-de-lart\/"]}]},{"@type":"ImageObject","inLanguage":"fr-FR","@id":"https:\/\/www.forbes.be\/fr\/banksy-a-londres-une-oeuvre-choc-et-un-nouveau-casse-tete-pour-le-marche-de-lart\/#primaryimage","url":"https:\/\/www.forbes.be\/fr\/wp-content\/uploads\/2025\/09\/rcojustice01-e1757575773217.jpg","contentUrl":"https:\/\/www.forbes.be\/fr\/wp-content\/uploads\/2025\/09\/rcojustice01-e1757575773217.jpg","width":2000,"height":1047,"caption":"\u00a9 Banksy"},{"@type":"BreadcrumbList","@id":"https:\/\/www.forbes.be\/fr\/banksy-a-londres-une-oeuvre-choc-et-un-nouveau-casse-tete-pour-le-marche-de-lart\/#breadcrumb","itemListElement":[{"@type":"ListItem","position":1,"name":"Accueil","item":"https:\/\/www.forbes.be\/fr\/"},{"@type":"ListItem","position":2,"name":"Banksy \u00e0 Londres : une \u0153uvre choc et un nouveau casse-t\u00eate pour le march\u00e9 de l\u2019art"}]},{"@type":"WebSite","@id":"https:\/\/www.forbes.be\/fr\/#website","url":"https:\/\/www.forbes.be\/fr\/","name":"Forbes Belgique","description":"","publisher":{"@id":"https:\/\/www.forbes.be\/fr\/#organization"},"potentialAction":[{"@type":"SearchAction","target":{"@type":"EntryPoint","urlTemplate":"https:\/\/www.forbes.be\/fr\/?s={search_term_string}"},"query-input":{"@type":"PropertyValueSpecification","valueRequired":true,"valueName":"search_term_string"}}],"inLanguage":"fr-FR"},{"@type":"Organization","@id":"https:\/\/www.forbes.be\/fr\/#organization","name":"Forbes Belgique","url":"https:\/\/www.forbes.be\/fr\/","logo":{"@type":"ImageObject","inLanguage":"fr-FR","@id":"https:\/\/www.forbes.be\/fr\/#\/schema\/logo\/image\/","url":"https:\/\/www.forbes.be\/fr\/wp-content\/uploads\/2024\/02\/forbes.be_.png","contentUrl":"https:\/\/www.forbes.be\/fr\/wp-content\/uploads\/2024\/02\/forbes.be_.png","width":1200,"height":675,"caption":"Forbes Belgique"},"image":{"@id":"https:\/\/www.forbes.be\/fr\/#\/schema\/logo\/image\/"},"sameAs":["https:\/\/www.facebook.com\/forbesbelgique\/","https:\/\/www.instagram.com\/Forbes_Belgium","https:\/\/www.linkedin.com\/company\/forbes-belgium\/"]},{"@type":"Person","@id":"https:\/\/www.forbes.be\/fr\/#\/schema\/person\/5e9af5383f8e0ffec564788f40ac92c8","name":"Martin Boonen","image":{"@type":"ImageObject","inLanguage":"fr-FR","@id":"https:\/\/www.forbes.be\/fr\/wp-content\/uploads\/2025\/10\/capture-decran-2024-11-15-a-093849-300x300-1-100x100.png","url":"https:\/\/www.forbes.be\/fr\/wp-content\/uploads\/2025\/10\/capture-decran-2024-11-15-a-093849-300x300-1-100x100.png","contentUrl":"https:\/\/www.forbes.be\/fr\/wp-content\/uploads\/2025\/10\/capture-decran-2024-11-15-a-093849-300x300-1-100x100.png","caption":"Martin Boonen"},"description":"Martin Boonen est journaliste dipl\u00f4m\u00e9 de l'Institut de Journalisme de Bruxelles (2012). Il collabor\u00e9 avec de nombreuses r\u00e9dactions \u00e0 diff\u00e9rent niveau de responsabilit\u00e9 : journaliste, chef de rubrique, secr\u00e9taire de r\u00e9daction et r\u00e9dacteur en chef, tant sur le web que pour la presse imprim\u00e9e. Sp\u00e9cialis\u00e9 dans les startups et l'entrepreneuriat \u00e0 impact, il est devenu en 2025 r\u00e9dacteur en chef du site web de Forbes Belgique. Il est affili\u00e9 \u00e0 l'Organisation Mondiale de la Presse P\u00e9riodique depuis 2011.","sameAs":["https:\/\/www.linkedin.com\/in\/martin-boonen-61499951\/"],"url":"https:\/\/www.forbes.be\/fr\/author\/martin-boonen\/"}]}},"_links":{"self":[{"href":"https:\/\/www.forbes.be\/fr\/wp-json\/wp\/v2\/posts\/12343","targetHints":{"allow":["GET"]}}],"collection":[{"href":"https:\/\/www.forbes.be\/fr\/wp-json\/wp\/v2\/posts"}],"about":[{"href":"https:\/\/www.forbes.be\/fr\/wp-json\/wp\/v2\/types\/post"}],"author":[{"embeddable":true,"href":"https:\/\/www.forbes.be\/fr\/wp-json\/wp\/v2\/users\/47"}],"replies":[{"embeddable":true,"href":"https:\/\/www.forbes.be\/fr\/wp-json\/wp\/v2\/comments?post=12343"}],"version-history":[{"count":2,"href":"https:\/\/www.forbes.be\/fr\/wp-json\/wp\/v2\/posts\/12343\/revisions"}],"predecessor-version":[{"id":12348,"href":"https:\/\/www.forbes.be\/fr\/wp-json\/wp\/v2\/posts\/12343\/revisions\/12348"}],"wp:featuredmedia":[{"embeddable":true,"href":"https:\/\/www.forbes.be\/fr\/wp-json\/wp\/v2\/media\/12345"}],"wp:attachment":[{"href":"https:\/\/www.forbes.be\/fr\/wp-json\/wp\/v2\/media?parent=12343"}],"wp:term":[{"taxonomy":"category","embeddable":true,"href":"https:\/\/www.forbes.be\/fr\/wp-json\/wp\/v2\/categories?post=12343"},{"taxonomy":"post_tag","embeddable":true,"href":"https:\/\/www.forbes.be\/fr\/wp-json\/wp\/v2\/tags?post=12343"}],"curies":[{"name":"wp","href":"https:\/\/api.w.org\/{rel}","templated":true}]}}