{"id":12401,"date":"2025-09-19T07:38:36","date_gmt":"2025-09-19T05:38:36","guid":{"rendered":"https:\/\/www.forbes.be\/fr\/?p=12401"},"modified":"2025-09-25T14:08:52","modified_gmt":"2025-09-25T12:08:52","slug":"thierry-de-cordier-peintre-de-leffacement","status":"publish","type":"post","link":"https:\/\/www.forbes.be\/fr\/thierry-de-cordier-peintre-de-leffacement\/","title":{"rendered":"Thierry de Cordier : peintre de l\u2019effacement"},"content":{"rendered":"<p><strong>\u00c0 la Fondation Prada (Milan), l\u2019artiste belge r\u00e9v\u00e8le un ensemble majeur, o\u00f9 il place l\u2019image du Christ au bord de l\u2019effacement.<\/strong><\/p>\n<p>N\u00e9 \u00e0 Ronse en 1954, <strong>Thierry de Cordier<\/strong> est Ostendais. En 1988, v\u00eatu d&rsquo;une cagoule g\u00e9ante en papier m\u00e2ch\u00e9 et muni d&rsquo;un m\u00e9gaphone, \u00e0 l\u2019aube, sur la Piazza del Duomo d\u00e9serte, \u00e0 Milan, il pronon\u00e7ait un discours et arborait une banderole proclamant : \u00ab <em>Moi, Thierry De Cordier, n\u00e9 en Flandre le 17 juin 1954, philosophe autodidacte, j&rsquo;ai d\u00e9cid\u00e9 de changer le monde !<\/em> \u00bb<\/p>\n<p>\u00c0 la <a href=\"https:\/\/www.fondazioneprada.org\/?lang=en\" target=\"_blank\" rel=\"noopener\">Fondation Prada<\/a>, dans la crypte de b\u00e9ton perc\u00e9e de fen\u00eatres eccl\u00e9siales de la Cisterna (Citerne), avec une persistance insolente, il passe \u00e0 l\u2019acte. Ses dix<strong> peintures<\/strong> de sa s\u00e9rie NADA, qu\u2019il poursuit depuis 1999, montrent et d\u00e9robent aussit\u00f4t \u00e0 notre regard une figure qui a aussi chang\u00e9 le monde : celle du Christ.<\/p>\n<figure id=\"attachment_12402\" aria-describedby=\"caption-attachment-12402\" style=\"width: 2560px\" class=\"wp-caption alignnone\"><img loading=\"lazy\" decoding=\"async\" class=\"size-full wp-image-12402\" src=\"https:\/\/www.forbes.be\/fr\/wp-content\/uploads\/2025\/09\/1-fp-nada-scaled.jpg\" alt=\"\" width=\"2560\" height=\"1920\" srcset=\"https:\/\/www.forbes.be\/fr\/wp-content\/uploads\/2025\/09\/1-fp-nada-scaled.jpg 2560w, https:\/\/www.forbes.be\/fr\/wp-content\/uploads\/2025\/09\/1-fp-nada-300x225.jpg 300w, https:\/\/www.forbes.be\/fr\/wp-content\/uploads\/2025\/09\/1-fp-nada-1024x768.jpg 1024w, https:\/\/www.forbes.be\/fr\/wp-content\/uploads\/2025\/09\/1-fp-nada-768x576.jpg 768w, https:\/\/www.forbes.be\/fr\/wp-content\/uploads\/2025\/09\/1-fp-nada-1536x1152.jpg 1536w, https:\/\/www.forbes.be\/fr\/wp-content\/uploads\/2025\/09\/1-fp-nada-2048x1536.jpg 2048w, https:\/\/www.forbes.be\/fr\/wp-content\/uploads\/2025\/09\/1-fp-nada-696x522.jpg 696w, https:\/\/www.forbes.be\/fr\/wp-content\/uploads\/2025\/09\/1-fp-nada-1068x801.jpg 1068w, https:\/\/www.forbes.be\/fr\/wp-content\/uploads\/2025\/09\/1-fp-nada-1920x1440.jpg 1920w, https:\/\/www.forbes.be\/fr\/wp-content\/uploads\/2025\/09\/1-fp-nada-600x450.jpg 600w\" sizes=\"auto, (max-width: 2560px) 100vw, 2560px\" \/><figcaption id=\"caption-attachment-12402\" class=\"wp-caption-text\">Immagine della mostra \u201cNADA\u201d di Thierry De Cordier<br \/>\u00a9 Agostino Osio\/Courtesy : Fondazione Prada<\/figcaption><\/figure>\n<p>L\u2019Ostendais s&rsquo;inscrit dans la double tradition intimement li\u00e9e des ma\u00eetres espagnols et flamands du XVIIe si\u00e8cle : Rubens, van Dyck, Zurbar\u00e1n, Ribera, Murillo, Vel\u00e1zquez. Ces <strong>peintres<\/strong> repr\u00e9sentaient des sujets sacr\u00e9s, et notamment le Christ et les saints, sur un fond nocturne, comme si la nuit du n\u00e9ant mena\u00e7ait de les engloutir et de nier leur existence. Cordier a v\u00e9cu en Espagne et s\u2019est immerg\u00e9 dans cette peinture.<\/p>\n<figure id=\"attachment_12406\" aria-describedby=\"caption-attachment-12406\" style=\"width: 1707px\" class=\"wp-caption alignnone\"><img loading=\"lazy\" decoding=\"async\" class=\"size-full wp-image-12406\" src=\"https:\/\/www.forbes.be\/fr\/wp-content\/uploads\/2025\/09\/thierry-de-cordier-foto-patrick-toomey-neri-2-scaled.jpg\" alt=\"\" width=\"1707\" height=\"2560\" srcset=\"https:\/\/www.forbes.be\/fr\/wp-content\/uploads\/2025\/09\/thierry-de-cordier-foto-patrick-toomey-neri-2-scaled.jpg 1707w, https:\/\/www.forbes.be\/fr\/wp-content\/uploads\/2025\/09\/thierry-de-cordier-foto-patrick-toomey-neri-2-200x300.jpg 200w, https:\/\/www.forbes.be\/fr\/wp-content\/uploads\/2025\/09\/thierry-de-cordier-foto-patrick-toomey-neri-2-683x1024.jpg 683w, https:\/\/www.forbes.be\/fr\/wp-content\/uploads\/2025\/09\/thierry-de-cordier-foto-patrick-toomey-neri-2-768x1152.jpg 768w, https:\/\/www.forbes.be\/fr\/wp-content\/uploads\/2025\/09\/thierry-de-cordier-foto-patrick-toomey-neri-2-1024x1536.jpg 1024w, https:\/\/www.forbes.be\/fr\/wp-content\/uploads\/2025\/09\/thierry-de-cordier-foto-patrick-toomey-neri-2-1365x2048.jpg 1365w, https:\/\/www.forbes.be\/fr\/wp-content\/uploads\/2025\/09\/thierry-de-cordier-foto-patrick-toomey-neri-2-696x1044.jpg 696w, https:\/\/www.forbes.be\/fr\/wp-content\/uploads\/2025\/09\/thierry-de-cordier-foto-patrick-toomey-neri-2-1068x1602.jpg 1068w, https:\/\/www.forbes.be\/fr\/wp-content\/uploads\/2025\/09\/thierry-de-cordier-foto-patrick-toomey-neri-2-1920x2880.jpg 1920w, https:\/\/www.forbes.be\/fr\/wp-content\/uploads\/2025\/09\/thierry-de-cordier-foto-patrick-toomey-neri-2-600x900.jpg 600w\" sizes=\"auto, (max-width: 1707px) 100vw, 1707px\" \/><figcaption id=\"caption-attachment-12406\" class=\"wp-caption-text\">Thierry de Cordier \u00a9 Patrick Toomey<\/figcaption><\/figure>\n<p>Philosophe autodidacte, il a \u00e9t\u00e9 lecteur de Saint Jean de la Croix et de sa doctrine asc\u00e9tique de \u00ab\u00a0Nada y Todo\u00a0\u00bb (Rien et Tout) que le saint \u00e9non\u00e7ait ainsi : Pour arriver \u00e0 go\u00fbter tout \/ ne d\u00e9sire avoir go\u00fbt en rien \/ pour arriver \u00e0 poss\u00e9der tout \/ ne d\u00e9sire rien poss\u00e9der en rien.<\/p>\n<h2>N\u00e9ant magistral<\/h2>\n<p>Dans la Cisterna, <strong>Thierry de Cordier<\/strong> place ses toiles sur des panneaux et dans des niches, travers\u00e9es par la lumi\u00e8re mouvante du ciel. Sous nos yeux \u00e9tonn\u00e9s, ses toiles se muent en suaires tendus sur un n\u00e9ant aussi noir que la nuit interstellaire, comme autant de r\u00e9ceptacles sans fond pour notre regard. Sur cet espace insondable et b\u00e9ant de la toile, Cordier noie la figure du Christ en croix sous des nappes \u00e9paisses de couleurs, huile, aquarelle et bitume.<\/p>\n<figure id=\"attachment_12403\" aria-describedby=\"caption-attachment-12403\" style=\"width: 1920px\" class=\"wp-caption alignnone\"><img loading=\"lazy\" decoding=\"async\" class=\"size-full wp-image-12403\" src=\"https:\/\/www.forbes.be\/fr\/wp-content\/uploads\/2025\/09\/5-fp-nada-scaled.jpg\" alt=\"\" width=\"1920\" height=\"2560\" srcset=\"https:\/\/www.forbes.be\/fr\/wp-content\/uploads\/2025\/09\/5-fp-nada-scaled.jpg 1920w, https:\/\/www.forbes.be\/fr\/wp-content\/uploads\/2025\/09\/5-fp-nada-225x300.jpg 225w, https:\/\/www.forbes.be\/fr\/wp-content\/uploads\/2025\/09\/5-fp-nada-768x1024.jpg 768w, https:\/\/www.forbes.be\/fr\/wp-content\/uploads\/2025\/09\/5-fp-nada-1152x1536.jpg 1152w, https:\/\/www.forbes.be\/fr\/wp-content\/uploads\/2025\/09\/5-fp-nada-1536x2048.jpg 1536w, https:\/\/www.forbes.be\/fr\/wp-content\/uploads\/2025\/09\/5-fp-nada-696x928.jpg 696w, https:\/\/www.forbes.be\/fr\/wp-content\/uploads\/2025\/09\/5-fp-nada-1068x1424.jpg 1068w, https:\/\/www.forbes.be\/fr\/wp-content\/uploads\/2025\/09\/5-fp-nada-600x800.jpg 600w\" sizes=\"auto, (max-width: 1920px) 100vw, 1920px\" \/><figcaption id=\"caption-attachment-12403\" class=\"wp-caption-text\">Immagine della mostra \u201cNADA\u201d di Thierry De Cordier<br \/>\u00a9 Agostino Osio\/Courtesy : Fondazione Prada<\/figcaption><\/figure>\n<p>Et il remplace l\u2019acronyme INRI (<em>Iesus Nazarenus Rex Iudaeorum<\/em>, J\u00e9sus de Nazareth, Roi des Juifs) que Ponce Pilate aurait fait graver sur la croix du Christ pour d\u00e9signer le \u00ab\u00a0crime\u00a0\u00bb imposant sa mise \u00e0 mort, par cette autre inscription, emprunt\u00e9e justement \u00e0 Saint-Jean de la Croix : NADA (le N\u00e9ant)<\/p>\n<p>Sur ces visions de la Crucifixion o\u00f9 la croix ne tient plus qu\u2019\u00e0 un fil, <strong>Thierry de Cordier<\/strong> affirme qu\u2019il ne reste, selon ses mots, qu\u2019un \u00ab <em>silence glac\u00e9 <\/em>\u00bb ou \u00ab <em>la grandeur du n\u00e9ant<\/em> \u00bb, une mani\u00e8re de d\u00e9montrer la finitude de la vie, perdue dans l\u2019infini. Un n\u00e9ant pictural magistral.<\/p>\n<p><em>Fin le 29.09<\/em><br \/>\n<em><a href=\"http:\/\/www.fondazioneprada.org\/project\/nada\" target=\"_blank\" rel=\"noopener\">www.fondazioneprada.org\/project\/nada<\/a><\/em><\/p>\n","protected":false},"excerpt":{"rendered":"<p>\u00c0 la Fondation Prada (Milan), l\u2019artiste belge r\u00e9v\u00e8le un ensemble majeur, o\u00f9 il place l\u2019image du Christ au bord de l\u2019effacement. N\u00e9 \u00e0 Ronse en 1954, Thierry de Cordier est Ostendais. En 1988, v\u00eatu d&rsquo;une cagoule g\u00e9ante en papier m\u00e2ch\u00e9 et muni d&rsquo;un m\u00e9gaphone, \u00e0 l\u2019aube, sur la Piazza del Duomo d\u00e9serte, \u00e0 Milan, il [&hellip;]<\/p>\n","protected":false},"author":27,"featured_media":12405,"comment_status":"closed","ping_status":"closed","sticky":false,"template":"","format":"standard","meta":{"_acf_changed":false,"inline_featured_image":false,"footnotes":""},"categories":[1,62],"tags":[],"class_list":{"0":"post-12401","1":"post","2":"type-post","3":"status-publish","4":"format-standard","5":"has-post-thumbnail","7":"category-actualite","8":"category-marche-de-lart"},"acf":[],"_yoast_wpseo_title":null,"_yoast_wpseo_metadesc":"\u00c0 Milan, la Fondation Prada expose Thierry de Cordier. Ses toiles NADA effacent le Christ dans un n\u00e9ant pictural d\u2019une intensit\u00e9 magistrale.","auteur_traducteur":"","yoast_head":"<!-- This site is optimized with the Yoast SEO plugin v27.4 - https:\/\/yoast.com\/product\/yoast-seo-wordpress\/ -->\n<title>Thierry de Cordier : peintre de l\u2019effacement | Forbes Belgique<\/title>\n<meta name=\"description\" content=\"\u00c0 Milan, la Fondation Prada expose Thierry de Cordier. Ses toiles NADA effacent le Christ dans un n\u00e9ant pictural d\u2019une intensit\u00e9 magistrale.\" \/>\n<meta name=\"robots\" content=\"index, follow, max-snippet:-1, max-image-preview:large, max-video-preview:-1\" \/>\n<link rel=\"canonical\" href=\"https:\/\/www.forbes.be\/fr\/thierry-de-cordier-peintre-de-leffacement\/\" \/>\n<meta property=\"og:locale\" content=\"fr_FR\" \/>\n<meta property=\"og:type\" content=\"article\" \/>\n<meta property=\"og:title\" content=\"Thierry de Cordier : peintre de l\u2019effacement | Forbes Belgique\" \/>\n<meta property=\"og:description\" content=\"\u00c0 Milan, la Fondation Prada expose Thierry de Cordier. Ses toiles NADA effacent le Christ dans un n\u00e9ant pictural d\u2019une intensit\u00e9 magistrale.\" \/>\n<meta property=\"og:url\" content=\"https:\/\/www.forbes.be\/fr\/thierry-de-cordier-peintre-de-leffacement\/\" \/>\n<meta property=\"og:site_name\" content=\"Forbes Belgique\" \/>\n<meta property=\"article:publisher\" content=\"https:\/\/www.facebook.com\/forbesbelgique\/\" \/>\n<meta property=\"article:published_time\" content=\"2025-09-19T05:38:36+00:00\" \/>\n<meta property=\"article:modified_time\" content=\"2025-09-25T12:08:52+00:00\" \/>\n<meta property=\"og:image\" content=\"https:\/\/www.forbes.be\/fr\/wp-content\/uploads\/2025\/09\/thierry-de-cordier-foto-patrick-toomey-neri-1-scaled-e1758027300250.jpg\" \/>\n\t<meta property=\"og:image:width\" content=\"2560\" \/>\n\t<meta property=\"og:image:height\" content=\"1340\" \/>\n\t<meta property=\"og:image:type\" content=\"image\/jpeg\" \/>\n<meta name=\"author\" content=\"Johan-Fr\u00e9d\u00e9rik Hel Guedj\" \/>\n<meta name=\"twitter:card\" content=\"summary_large_image\" \/>\n<meta name=\"twitter:label1\" content=\"\u00c9crit par\" \/>\n\t<meta name=\"twitter:data1\" content=\"Johan-Fr\u00e9d\u00e9rik Hel Guedj\" \/>\n\t<meta name=\"twitter:label2\" content=\"Dur\u00e9e de lecture estim\u00e9e\" \/>\n\t<meta name=\"twitter:data2\" content=\"4 minutes\" \/>\n<script type=\"application\/ld+json\" class=\"yoast-schema-graph\">{\"@context\":\"https:\\\/\\\/schema.org\",\"@graph\":[{\"@type\":\"NewsArticle\",\"@id\":\"https:\\\/\\\/www.forbes.be\\\/fr\\\/thierry-de-cordier-peintre-de-leffacement\\\/#article\",\"isPartOf\":{\"@id\":\"https:\\\/\\\/www.forbes.be\\\/fr\\\/thierry-de-cordier-peintre-de-leffacement\\\/\"},\"author\":{\"name\":\"Johan-Fr\u00e9d\u00e9rik Hel Guedj\",\"@id\":\"https:\\\/\\\/www.forbes.be\\\/fr\\\/#\\\/schema\\\/person\\\/ad1bb0e83419af89356b7b11a6622c80\"},\"headline\":\"Thierry de Cordier : peintre de l\u2019effacement\",\"datePublished\":\"2025-09-19T05:38:36+00:00\",\"dateModified\":\"2025-09-25T12:08:52+00:00\",\"mainEntityOfPage\":{\"@id\":\"https:\\\/\\\/www.forbes.be\\\/fr\\\/thierry-de-cordier-peintre-de-leffacement\\\/\"},\"wordCount\":543,\"publisher\":{\"@id\":\"https:\\\/\\\/www.forbes.be\\\/fr\\\/#organization\"},\"image\":{\"@id\":\"https:\\\/\\\/www.forbes.be\\\/fr\\\/thierry-de-cordier-peintre-de-leffacement\\\/#primaryimage\"},\"thumbnailUrl\":\"https:\\\/\\\/www.forbes.be\\\/fr\\\/wp-content\\\/uploads\\\/2025\\\/09\\\/thierry-de-cordier-foto-patrick-toomey-neri-1-scaled-e1758027300250.jpg\",\"articleSection\":[\"Actualit\u00e9s\",\"March\u00e9 de l'art\"],\"inLanguage\":\"fr-FR\"},{\"@type\":\"WebPage\",\"@id\":\"https:\\\/\\\/www.forbes.be\\\/fr\\\/thierry-de-cordier-peintre-de-leffacement\\\/\",\"url\":\"https:\\\/\\\/www.forbes.be\\\/fr\\\/thierry-de-cordier-peintre-de-leffacement\\\/\",\"name\":\"Thierry de Cordier : peintre de l\u2019effacement | Forbes Belgique\",\"isPartOf\":{\"@id\":\"https:\\\/\\\/www.forbes.be\\\/fr\\\/#website\"},\"primaryImageOfPage\":{\"@id\":\"https:\\\/\\\/www.forbes.be\\\/fr\\\/thierry-de-cordier-peintre-de-leffacement\\\/#primaryimage\"},\"image\":{\"@id\":\"https:\\\/\\\/www.forbes.be\\\/fr\\\/thierry-de-cordier-peintre-de-leffacement\\\/#primaryimage\"},\"thumbnailUrl\":\"https:\\\/\\\/www.forbes.be\\\/fr\\\/wp-content\\\/uploads\\\/2025\\\/09\\\/thierry-de-cordier-foto-patrick-toomey-neri-1-scaled-e1758027300250.jpg\",\"datePublished\":\"2025-09-19T05:38:36+00:00\",\"dateModified\":\"2025-09-25T12:08:52+00:00\",\"description\":\"\u00c0 Milan, la Fondation Prada expose Thierry de Cordier. Ses toiles NADA effacent le Christ dans un n\u00e9ant pictural d\u2019une intensit\u00e9 magistrale.\",\"breadcrumb\":{\"@id\":\"https:\\\/\\\/www.forbes.be\\\/fr\\\/thierry-de-cordier-peintre-de-leffacement\\\/#breadcrumb\"},\"inLanguage\":\"fr-FR\",\"potentialAction\":[{\"@type\":\"ReadAction\",\"target\":[\"https:\\\/\\\/www.forbes.be\\\/fr\\\/thierry-de-cordier-peintre-de-leffacement\\\/\"]}]},{\"@type\":\"ImageObject\",\"inLanguage\":\"fr-FR\",\"@id\":\"https:\\\/\\\/www.forbes.be\\\/fr\\\/thierry-de-cordier-peintre-de-leffacement\\\/#primaryimage\",\"url\":\"https:\\\/\\\/www.forbes.be\\\/fr\\\/wp-content\\\/uploads\\\/2025\\\/09\\\/thierry-de-cordier-foto-patrick-toomey-neri-1-scaled-e1758027300250.jpg\",\"contentUrl\":\"https:\\\/\\\/www.forbes.be\\\/fr\\\/wp-content\\\/uploads\\\/2025\\\/09\\\/thierry-de-cordier-foto-patrick-toomey-neri-1-scaled-e1758027300250.jpg\",\"width\":2560,\"height\":1340,\"caption\":\"Thierry de Cordier \u00a9 Patrick Toomey\"},{\"@type\":\"BreadcrumbList\",\"@id\":\"https:\\\/\\\/www.forbes.be\\\/fr\\\/thierry-de-cordier-peintre-de-leffacement\\\/#breadcrumb\",\"itemListElement\":[{\"@type\":\"ListItem\",\"position\":1,\"name\":\"Accueil\",\"item\":\"https:\\\/\\\/www.forbes.be\\\/fr\\\/\"},{\"@type\":\"ListItem\",\"position\":2,\"name\":\"Thierry de Cordier : peintre de l\u2019effacement\"}]},{\"@type\":\"WebSite\",\"@id\":\"https:\\\/\\\/www.forbes.be\\\/fr\\\/#website\",\"url\":\"https:\\\/\\\/www.forbes.be\\\/fr\\\/\",\"name\":\"Forbes Belgique\",\"description\":\"\",\"publisher\":{\"@id\":\"https:\\\/\\\/www.forbes.be\\\/fr\\\/#organization\"},\"potentialAction\":[{\"@type\":\"SearchAction\",\"target\":{\"@type\":\"EntryPoint\",\"urlTemplate\":\"https:\\\/\\\/www.forbes.be\\\/fr\\\/?s={search_term_string}\"},\"query-input\":{\"@type\":\"PropertyValueSpecification\",\"valueRequired\":true,\"valueName\":\"search_term_string\"}}],\"inLanguage\":\"fr-FR\"},{\"@type\":\"Organization\",\"@id\":\"https:\\\/\\\/www.forbes.be\\\/fr\\\/#organization\",\"name\":\"Forbes Belgique\",\"url\":\"https:\\\/\\\/www.forbes.be\\\/fr\\\/\",\"logo\":{\"@type\":\"ImageObject\",\"inLanguage\":\"fr-FR\",\"@id\":\"https:\\\/\\\/www.forbes.be\\\/fr\\\/#\\\/schema\\\/logo\\\/image\\\/\",\"url\":\"https:\\\/\\\/www.forbes.be\\\/fr\\\/wp-content\\\/uploads\\\/2024\\\/02\\\/forbes.be_.png\",\"contentUrl\":\"https:\\\/\\\/www.forbes.be\\\/fr\\\/wp-content\\\/uploads\\\/2024\\\/02\\\/forbes.be_.png\",\"width\":1200,\"height\":675,\"caption\":\"Forbes Belgique\"},\"image\":{\"@id\":\"https:\\\/\\\/www.forbes.be\\\/fr\\\/#\\\/schema\\\/logo\\\/image\\\/\"},\"sameAs\":[\"https:\\\/\\\/www.facebook.com\\\/forbesbelgique\\\/\",\"https:\\\/\\\/www.instagram.com\\\/Forbes_Belgium\",\"https:\\\/\\\/www.linkedin.com\\\/company\\\/forbes-belgium\\\/\"]},{\"@type\":\"Person\",\"@id\":\"https:\\\/\\\/www.forbes.be\\\/fr\\\/#\\\/schema\\\/person\\\/ad1bb0e83419af89356b7b11a6622c80\",\"name\":\"Johan-Fr\u00e9d\u00e9rik Hel Guedj\",\"image\":{\"@type\":\"ImageObject\",\"inLanguage\":\"fr-FR\",\"@id\":\"https:\\\/\\\/secure.gravatar.com\\\/avatar\\\/65333543693434f2cc9fdefb3173b162df98712d00606b00b3d43914f79a1598?s=96&d=mm&r=g\",\"url\":\"https:\\\/\\\/secure.gravatar.com\\\/avatar\\\/65333543693434f2cc9fdefb3173b162df98712d00606b00b3d43914f79a1598?s=96&d=mm&r=g\",\"contentUrl\":\"https:\\\/\\\/secure.gravatar.com\\\/avatar\\\/65333543693434f2cc9fdefb3173b162df98712d00606b00b3d43914f79a1598?s=96&d=mm&r=g\",\"caption\":\"Johan-Fr\u00e9d\u00e9rik Hel Guedj\"},\"description\":\"Johan-Frederik Hel Guedj est journaliste et auteur fran\u00e7ais. R\u00e9dacteur en chef pendant 7 ans de la revue Pouvoirs Locaux, consacr\u00e9e aux politiques culturelles, il a publi\u00e9 huit ouvrages chez des \u00e9diteurs fran\u00e7ais et belges, dont deux romans, un essai consacr\u00e9 \u00e0 Orson Welles, et quatre livres d\u2019art. En plus de Forbes, il collabore \u00e0 L\u2019Echo et au Quotidien de l\u2019Art (Paris).\",\"url\":\"https:\\\/\\\/www.forbes.be\\\/fr\\\/author\\\/johan-frederik-hel-guedj\\\/\"}]}<\/script>\n<!-- \/ Yoast SEO plugin. -->","yoast_head_json":{"title":"Thierry de Cordier : peintre de l\u2019effacement | Forbes Belgique","description":"\u00c0 Milan, la Fondation Prada expose Thierry de Cordier. Ses toiles NADA effacent le Christ dans un n\u00e9ant pictural d\u2019une intensit\u00e9 magistrale.","robots":{"index":"index","follow":"follow","max-snippet":"max-snippet:-1","max-image-preview":"max-image-preview:large","max-video-preview":"max-video-preview:-1"},"canonical":"https:\/\/www.forbes.be\/fr\/thierry-de-cordier-peintre-de-leffacement\/","og_locale":"fr_FR","og_type":"article","og_title":"Thierry de Cordier : peintre de l\u2019effacement | Forbes Belgique","og_description":"\u00c0 Milan, la Fondation Prada expose Thierry de Cordier. Ses toiles NADA effacent le Christ dans un n\u00e9ant pictural d\u2019une intensit\u00e9 magistrale.","og_url":"https:\/\/www.forbes.be\/fr\/thierry-de-cordier-peintre-de-leffacement\/","og_site_name":"Forbes Belgique","article_publisher":"https:\/\/www.facebook.com\/forbesbelgique\/","article_published_time":"2025-09-19T05:38:36+00:00","article_modified_time":"2025-09-25T12:08:52+00:00","og_image":[{"width":2560,"height":1340,"url":"https:\/\/www.forbes.be\/fr\/wp-content\/uploads\/2025\/09\/thierry-de-cordier-foto-patrick-toomey-neri-1-scaled-e1758027300250.jpg","type":"image\/jpeg"}],"author":"Johan-Fr\u00e9d\u00e9rik Hel Guedj","twitter_card":"summary_large_image","twitter_misc":{"\u00c9crit par":"Johan-Fr\u00e9d\u00e9rik Hel Guedj","Dur\u00e9e de lecture estim\u00e9e":"4 minutes"},"schema":{"@context":"https:\/\/schema.org","@graph":[{"@type":"NewsArticle","@id":"https:\/\/www.forbes.be\/fr\/thierry-de-cordier-peintre-de-leffacement\/#article","isPartOf":{"@id":"https:\/\/www.forbes.be\/fr\/thierry-de-cordier-peintre-de-leffacement\/"},"author":{"name":"Johan-Fr\u00e9d\u00e9rik Hel Guedj","@id":"https:\/\/www.forbes.be\/fr\/#\/schema\/person\/ad1bb0e83419af89356b7b11a6622c80"},"headline":"Thierry de Cordier : peintre de l\u2019effacement","datePublished":"2025-09-19T05:38:36+00:00","dateModified":"2025-09-25T12:08:52+00:00","mainEntityOfPage":{"@id":"https:\/\/www.forbes.be\/fr\/thierry-de-cordier-peintre-de-leffacement\/"},"wordCount":543,"publisher":{"@id":"https:\/\/www.forbes.be\/fr\/#organization"},"image":{"@id":"https:\/\/www.forbes.be\/fr\/thierry-de-cordier-peintre-de-leffacement\/#primaryimage"},"thumbnailUrl":"https:\/\/www.forbes.be\/fr\/wp-content\/uploads\/2025\/09\/thierry-de-cordier-foto-patrick-toomey-neri-1-scaled-e1758027300250.jpg","articleSection":["Actualit\u00e9s","March\u00e9 de l'art"],"inLanguage":"fr-FR"},{"@type":"WebPage","@id":"https:\/\/www.forbes.be\/fr\/thierry-de-cordier-peintre-de-leffacement\/","url":"https:\/\/www.forbes.be\/fr\/thierry-de-cordier-peintre-de-leffacement\/","name":"Thierry de Cordier : peintre de l\u2019effacement | Forbes Belgique","isPartOf":{"@id":"https:\/\/www.forbes.be\/fr\/#website"},"primaryImageOfPage":{"@id":"https:\/\/www.forbes.be\/fr\/thierry-de-cordier-peintre-de-leffacement\/#primaryimage"},"image":{"@id":"https:\/\/www.forbes.be\/fr\/thierry-de-cordier-peintre-de-leffacement\/#primaryimage"},"thumbnailUrl":"https:\/\/www.forbes.be\/fr\/wp-content\/uploads\/2025\/09\/thierry-de-cordier-foto-patrick-toomey-neri-1-scaled-e1758027300250.jpg","datePublished":"2025-09-19T05:38:36+00:00","dateModified":"2025-09-25T12:08:52+00:00","description":"\u00c0 Milan, la Fondation Prada expose Thierry de Cordier. Ses toiles NADA effacent le Christ dans un n\u00e9ant pictural d\u2019une intensit\u00e9 magistrale.","breadcrumb":{"@id":"https:\/\/www.forbes.be\/fr\/thierry-de-cordier-peintre-de-leffacement\/#breadcrumb"},"inLanguage":"fr-FR","potentialAction":[{"@type":"ReadAction","target":["https:\/\/www.forbes.be\/fr\/thierry-de-cordier-peintre-de-leffacement\/"]}]},{"@type":"ImageObject","inLanguage":"fr-FR","@id":"https:\/\/www.forbes.be\/fr\/thierry-de-cordier-peintre-de-leffacement\/#primaryimage","url":"https:\/\/www.forbes.be\/fr\/wp-content\/uploads\/2025\/09\/thierry-de-cordier-foto-patrick-toomey-neri-1-scaled-e1758027300250.jpg","contentUrl":"https:\/\/www.forbes.be\/fr\/wp-content\/uploads\/2025\/09\/thierry-de-cordier-foto-patrick-toomey-neri-1-scaled-e1758027300250.jpg","width":2560,"height":1340,"caption":"Thierry de Cordier \u00a9 Patrick Toomey"},{"@type":"BreadcrumbList","@id":"https:\/\/www.forbes.be\/fr\/thierry-de-cordier-peintre-de-leffacement\/#breadcrumb","itemListElement":[{"@type":"ListItem","position":1,"name":"Accueil","item":"https:\/\/www.forbes.be\/fr\/"},{"@type":"ListItem","position":2,"name":"Thierry de Cordier : peintre de l\u2019effacement"}]},{"@type":"WebSite","@id":"https:\/\/www.forbes.be\/fr\/#website","url":"https:\/\/www.forbes.be\/fr\/","name":"Forbes Belgique","description":"","publisher":{"@id":"https:\/\/www.forbes.be\/fr\/#organization"},"potentialAction":[{"@type":"SearchAction","target":{"@type":"EntryPoint","urlTemplate":"https:\/\/www.forbes.be\/fr\/?s={search_term_string}"},"query-input":{"@type":"PropertyValueSpecification","valueRequired":true,"valueName":"search_term_string"}}],"inLanguage":"fr-FR"},{"@type":"Organization","@id":"https:\/\/www.forbes.be\/fr\/#organization","name":"Forbes Belgique","url":"https:\/\/www.forbes.be\/fr\/","logo":{"@type":"ImageObject","inLanguage":"fr-FR","@id":"https:\/\/www.forbes.be\/fr\/#\/schema\/logo\/image\/","url":"https:\/\/www.forbes.be\/fr\/wp-content\/uploads\/2024\/02\/forbes.be_.png","contentUrl":"https:\/\/www.forbes.be\/fr\/wp-content\/uploads\/2024\/02\/forbes.be_.png","width":1200,"height":675,"caption":"Forbes Belgique"},"image":{"@id":"https:\/\/www.forbes.be\/fr\/#\/schema\/logo\/image\/"},"sameAs":["https:\/\/www.facebook.com\/forbesbelgique\/","https:\/\/www.instagram.com\/Forbes_Belgium","https:\/\/www.linkedin.com\/company\/forbes-belgium\/"]},{"@type":"Person","@id":"https:\/\/www.forbes.be\/fr\/#\/schema\/person\/ad1bb0e83419af89356b7b11a6622c80","name":"Johan-Fr\u00e9d\u00e9rik Hel Guedj","image":{"@type":"ImageObject","inLanguage":"fr-FR","@id":"https:\/\/secure.gravatar.com\/avatar\/65333543693434f2cc9fdefb3173b162df98712d00606b00b3d43914f79a1598?s=96&d=mm&r=g","url":"https:\/\/secure.gravatar.com\/avatar\/65333543693434f2cc9fdefb3173b162df98712d00606b00b3d43914f79a1598?s=96&d=mm&r=g","contentUrl":"https:\/\/secure.gravatar.com\/avatar\/65333543693434f2cc9fdefb3173b162df98712d00606b00b3d43914f79a1598?s=96&d=mm&r=g","caption":"Johan-Fr\u00e9d\u00e9rik Hel Guedj"},"description":"Johan-Frederik Hel Guedj est journaliste et auteur fran\u00e7ais. R\u00e9dacteur en chef pendant 7 ans de la revue Pouvoirs Locaux, consacr\u00e9e aux politiques culturelles, il a publi\u00e9 huit ouvrages chez des \u00e9diteurs fran\u00e7ais et belges, dont deux romans, un essai consacr\u00e9 \u00e0 Orson Welles, et quatre livres d\u2019art. En plus de Forbes, il collabore \u00e0 L\u2019Echo et au Quotidien de l\u2019Art (Paris).","url":"https:\/\/www.forbes.be\/fr\/author\/johan-frederik-hel-guedj\/"}]}},"_links":{"self":[{"href":"https:\/\/www.forbes.be\/fr\/wp-json\/wp\/v2\/posts\/12401","targetHints":{"allow":["GET"]}}],"collection":[{"href":"https:\/\/www.forbes.be\/fr\/wp-json\/wp\/v2\/posts"}],"about":[{"href":"https:\/\/www.forbes.be\/fr\/wp-json\/wp\/v2\/types\/post"}],"author":[{"embeddable":true,"href":"https:\/\/www.forbes.be\/fr\/wp-json\/wp\/v2\/users\/27"}],"replies":[{"embeddable":true,"href":"https:\/\/www.forbes.be\/fr\/wp-json\/wp\/v2\/comments?post=12401"}],"version-history":[{"count":1,"href":"https:\/\/www.forbes.be\/fr\/wp-json\/wp\/v2\/posts\/12401\/revisions"}],"predecessor-version":[{"id":12407,"href":"https:\/\/www.forbes.be\/fr\/wp-json\/wp\/v2\/posts\/12401\/revisions\/12407"}],"wp:featuredmedia":[{"embeddable":true,"href":"https:\/\/www.forbes.be\/fr\/wp-json\/wp\/v2\/media\/12405"}],"wp:attachment":[{"href":"https:\/\/www.forbes.be\/fr\/wp-json\/wp\/v2\/media?parent=12401"}],"wp:term":[{"taxonomy":"category","embeddable":true,"href":"https:\/\/www.forbes.be\/fr\/wp-json\/wp\/v2\/categories?post=12401"},{"taxonomy":"post_tag","embeddable":true,"href":"https:\/\/www.forbes.be\/fr\/wp-json\/wp\/v2\/tags?post=12401"}],"curies":[{"name":"wp","href":"https:\/\/api.w.org\/{rel}","templated":true}]}}