{"id":12450,"date":"2025-10-04T03:00:25","date_gmt":"2025-10-04T01:00:25","guid":{"rendered":"https:\/\/www.forbes.be\/fr\/?p=12450"},"modified":"2026-02-24T18:57:42","modified_gmt":"2026-02-24T17:57:42","slug":"audi-q3-nouvelle-generation-dun-best-seller-premium","status":"publish","type":"post","link":"https:\/\/www.forbes.be\/fr\/audi-q3-nouvelle-generation-dun-best-seller-premium\/","title":{"rendered":"Audi Q3 : nouvelle g\u00e9n\u00e9ration d\u2019un best-seller premium"},"content":{"rendered":"<p>Depuis plus de dix ans, l\u2019<a href=\"https:\/\/ad.doubleclick.net\/ddm\/trackclk\/N1406829.3098FORBES\/B33231263.430275787;dc_trk_aid=623586312;dc_trk_cid=231878790;dc_lat=;dc_rdid=;tag_for_child_directed_treatment=;tfua=;gdpr=${GDPR};gdpr_consent=${GDPR_CONSENT_755};ltd=;dc_tdv=1\" target=\"_blank\" rel=\"noopener\">Audi Q3<\/a> incarne la r\u00e9f\u00e9rence des SUV compacts premium. Best-seller de la marque aux anneaux, il revient aujourd\u2019hui dans une troisi\u00e8me g\u00e9n\u00e9ration qui conjugue design aff\u00fbt\u00e9, technologies de pointe et \u00e9lectrification. Une \u00e9volution en phase avec son \u00e9poque, o\u00f9 style, connectivit\u00e9 et efficacit\u00e9 \u00e9nerg\u00e9tique deviennent des priorit\u00e9s autant pour les familles que pour les professionnels.<\/p>\n<h2>Design affin\u00e9, identit\u00e9 affirm\u00e9e<\/h2>\n<p>La nouvelle Audi Q3 adopte un langage esth\u00e9tique qui renforce son caract\u00e8re. Sa calandre Singleframe \u00e9largie, ses phares plus effil\u00e9s et ses lignes tendues lui donnent une allure moderne, \u00e9l\u00e9gante et robuste. Disponible en version SUV ou Sportback, il sait se montrer polyvalent : assez compact pour la ville, mais assez spacieux pour les escapades familiales ou professionnelles. Avec un coffre g\u00e9n\u00e9reux \u2014 jusqu\u2019\u00e0 1 386 litres une fois la banquette rabattue \u2014 il r\u00e9pond aux besoins du quotidien sans sacrifier l\u2019\u00e9l\u00e9gance.<\/p>\n<h2>Un int\u00e9rieur digital et raffin\u00e9<\/h2>\n<p>\u00c0 bord de l\u2019<a href=\"https:\/\/ad.doubleclick.net\/ddm\/trackclk\/N1406829.3098FORBES\/B33231263.430275787;dc_trk_aid=623586312;dc_trk_cid=231878790;dc_lat=;dc_rdid=;tag_for_child_directed_treatment=;tfua=;gdpr=${GDPR};gdpr_consent=${GDPR_CONSENT_755};ltd=;dc_tdv=1\" target=\"_blank\" rel=\"noopener\">Audi Q3<\/a>, confort et technologie sont les ma\u00eetres-mots de l\u2019exp\u00e9rience. La planche de bord est domin\u00e9e par un double \u00e9cran panoramique l\u00e9g\u00e8rement incurv\u00e9, anim\u00e9 par la derni\u00e8re g\u00e9n\u00e9ration de l\u2019interface multim\u00e9dia d\u2019Audi. La proverbiale qualit\u00e9 des mat\u00e9riaux, l\u2019\u00e9clairage d\u2019ambiance et l\u2019ergonomie cr\u00e9ent une atmosph\u00e8re premium, pens\u00e9e \u00e0 la fois pour les longs trajets et les rendez-vous urbains. Quant aux assistants \u00e0 la conduite, du r\u00e9gulateur adaptatif aux cam\u00e9ras 360\u00b0, en passant par le Trained Parking, qui permet au v\u00e9hicule de m\u00e9moriser et reproduire automatiquement des man\u0153uvres de stationnement complexes, ils participent \u00e0 rehausser encore la s\u00e9r\u00e9nit\u00e9 ressentie au volant.<\/p>\n<figure id=\"attachment_12452\" aria-describedby=\"caption-attachment-12452\" style=\"width: 643px\" class=\"wp-caption aligncenter\"><img loading=\"lazy\" decoding=\"async\" class=\"wp-image-12452 \" src=\"https:\/\/www.forbes.be\/fr\/wp-content\/uploads\/2025\/09\/q3eh-sb-2025-8146-en-original-1-1024x768.jpg\" alt=\"Audi Q3\" width=\"643\" height=\"482\" srcset=\"https:\/\/www.forbes.be\/fr\/wp-content\/uploads\/2025\/09\/q3eh-sb-2025-8146-en-original-1-1024x768.jpg 1024w, https:\/\/www.forbes.be\/fr\/wp-content\/uploads\/2025\/09\/q3eh-sb-2025-8146-en-original-1-300x225.jpg 300w, https:\/\/www.forbes.be\/fr\/wp-content\/uploads\/2025\/09\/q3eh-sb-2025-8146-en-original-1-768x576.jpg 768w, https:\/\/www.forbes.be\/fr\/wp-content\/uploads\/2025\/09\/q3eh-sb-2025-8146-en-original-1-1536x1152.jpg 1536w, https:\/\/www.forbes.be\/fr\/wp-content\/uploads\/2025\/09\/q3eh-sb-2025-8146-en-original-1-2048x1536.jpg 2048w, https:\/\/www.forbes.be\/fr\/wp-content\/uploads\/2025\/09\/q3eh-sb-2025-8146-en-original-1-696x522.jpg 696w, https:\/\/www.forbes.be\/fr\/wp-content\/uploads\/2025\/09\/q3eh-sb-2025-8146-en-original-1-1068x801.jpg 1068w, https:\/\/www.forbes.be\/fr\/wp-content\/uploads\/2025\/09\/q3eh-sb-2025-8146-en-original-1-1920x1440.jpg 1920w, https:\/\/www.forbes.be\/fr\/wp-content\/uploads\/2025\/09\/q3eh-sb-2025-8146-en-original-1-600x450.jpg 600w\" sizes=\"auto, (max-width: 643px) 100vw, 643px\" \/><figcaption id=\"caption-attachment-12452\" class=\"wp-caption-text\">\u00a9 Audi Q3<\/figcaption><\/figure>\n<h2>L\u2019\u00e9lectrification au service du quotidien<\/h2>\n<p>La nouvelle gamme Q3 s\u2019appuie sur une offre de motorisations \u00e9largie : essence et diesel optimis\u00e9s, hybrides l\u00e9gers (mHEV), ainsi qu\u2019une version hybride rechargeable e-hybrid. Cette derni\u00e8re permet de parcourir environ 119 km en mode 100 % \u00e9lectrique selon les normes WLTP, soit l\u2019essentiel des trajets urbains et p\u00e9riurbains quotidiens. La recharge rapide en courant continu permet de passer de 10 \u00e0 80 % en une trentaine de minutes environ. En r\u00e9sum\u00e9, entre son autonomie combin\u00e9e et sa flexibilit\u00e9, cette version plug-in s\u00e9duira aussi bien les particuliers soucieux de r\u00e9duire leur empreinte carbone, que les entreprises en qu\u00eate de solutions de mobilit\u00e9 d\u00e9ductibles.<\/p>\n<h2>Un SUV pour toutes les trajectoires<\/h2>\n<p>Familial pour les uns, outil de travail pour les autres, compagnon de voyage pour tous, la nouvelle Audi Q3 incarne cette polyvalence que recherchent les conducteurs d\u2019aujourd\u2019hui. Les jeunes parents y verront un espace s\u00fbr et connect\u00e9, les actifs un partenaire efficace pour leurs d\u00e9placements professionnels, et les amateurs de technologie une vitrine des innovations Audi.<\/p>\n<p>Disponible depuis l\u2019\u00e9t\u00e9 2025 \u00e0 partir de 40 500 \u20ac, la nouvelle Audi Q3 confirme sa place au sommet du segment des SUV compacts premium, en offrant \u00e0 chacun une exp\u00e9rience de conduite adapt\u00e9e \u00e0 son style de vie.<\/p>\n<p>Cet article a \u00e9t\u00e9 r\u00e9alis\u00e9 en \u00e9troite collaboration avec <a href=\"https:\/\/ad.doubleclick.net\/ddm\/trackclk\/N1406829.3098FORBES\/B33231263.430275787;dc_trk_aid=623586312;dc_trk_cid=231878790;dc_lat=;dc_rdid=;tag_for_child_directed_treatment=;tfua=;gdpr=${GDPR};gdpr_consent=${GDPR_CONSENT_755};ltd=;dc_tdv=1\" target=\"_blank\" rel=\"noopener\">Audi<\/a>.<\/p>\n","protected":false},"excerpt":{"rendered":"<p>Depuis plus de dix ans, l\u2019Audi Q3 incarne la r\u00e9f\u00e9rence des SUV compacts premium. Best-seller de la marque aux anneaux, il revient aujourd\u2019hui dans une troisi\u00e8me g\u00e9n\u00e9ration qui conjugue design aff\u00fbt\u00e9, technologies de pointe et \u00e9lectrification. Une \u00e9volution en phase avec son \u00e9poque, o\u00f9 style, connectivit\u00e9 et efficacit\u00e9 \u00e9nerg\u00e9tique deviennent des priorit\u00e9s autant pour les [&hellip;]<\/p>\n","protected":false},"author":7,"featured_media":12535,"comment_status":"closed","ping_status":"closed","sticky":false,"template":"","format":"standard","meta":{"_acf_changed":false,"inline_featured_image":false,"footnotes":""},"categories":[98],"tags":[],"class_list":{"0":"post-12450","1":"post","2":"type-post","3":"status-publish","4":"format-standard","5":"has-post-thumbnail","7":"category-brandvoice"},"acf":[],"_yoast_wpseo_title":null,"_yoast_wpseo_metadesc":"D\u00e9couvrez la nouvelle Audi Q3 : SUV compact et e-hybrid alliant design, performance, confort et innovations num\u00e9riques pour une mobilit\u00e9 moderne.","auteur_traducteur":"","yoast_head":"<!-- This site is optimized with the Yoast SEO plugin v27.4 - https:\/\/yoast.com\/product\/yoast-seo-wordpress\/ -->\n<title>Audi Q3 : nouvelle g\u00e9n\u00e9ration d\u2019un best-seller premium | Forbes Belgique<\/title>\n<meta name=\"description\" content=\"D\u00e9couvrez la nouvelle Audi Q3 : SUV compact et e-hybrid alliant design, performance, confort et innovations num\u00e9riques pour une mobilit\u00e9 moderne.\" \/>\n<meta name=\"robots\" content=\"index, follow, max-snippet:-1, max-image-preview:large, max-video-preview:-1\" \/>\n<link rel=\"canonical\" href=\"https:\/\/www.forbes.be\/fr\/audi-q3-nouvelle-generation-dun-best-seller-premium\/\" \/>\n<meta property=\"og:locale\" content=\"fr_FR\" \/>\n<meta property=\"og:type\" content=\"article\" \/>\n<meta property=\"og:title\" content=\"Audi Q3 : nouvelle g\u00e9n\u00e9ration d\u2019un best-seller premium | Forbes Belgique\" \/>\n<meta property=\"og:description\" content=\"D\u00e9couvrez la nouvelle Audi Q3 : SUV compact et e-hybrid alliant design, performance, confort et innovations num\u00e9riques pour une mobilit\u00e9 moderne.\" \/>\n<meta property=\"og:url\" content=\"https:\/\/www.forbes.be\/fr\/audi-q3-nouvelle-generation-dun-best-seller-premium\/\" \/>\n<meta property=\"og:site_name\" content=\"Forbes Belgique\" \/>\n<meta property=\"article:publisher\" content=\"https:\/\/www.facebook.com\/forbesbelgique\/\" \/>\n<meta property=\"article:published_time\" content=\"2025-10-04T01:00:25+00:00\" \/>\n<meta property=\"article:modified_time\" content=\"2026-02-24T17:57:42+00:00\" \/>\n<meta property=\"og:image\" content=\"https:\/\/www.forbes.be\/fr\/wp-content\/uploads\/2015\/09\/forbes-image-a-la-une-1.png\" \/>\n\t<meta property=\"og:image:width\" content=\"1200\" \/>\n\t<meta property=\"og:image:height\" content=\"628\" \/>\n\t<meta property=\"og:image:type\" content=\"image\/png\" \/>\n<meta name=\"author\" content=\"BRANDVOICE | Sponsored Content\" \/>\n<meta name=\"twitter:card\" content=\"summary_large_image\" \/>\n<meta name=\"twitter:label1\" content=\"\u00c9crit par\" \/>\n\t<meta name=\"twitter:data1\" content=\"BRANDVOICE | Sponsored Content\" \/>\n\t<meta name=\"twitter:label2\" content=\"Dur\u00e9e de lecture estim\u00e9e\" \/>\n\t<meta name=\"twitter:data2\" content=\"3 minutes\" \/>\n<script type=\"application\/ld+json\" class=\"yoast-schema-graph\">{\"@context\":\"https:\\\/\\\/schema.org\",\"@graph\":[{\"@type\":\"NewsArticle\",\"@id\":\"https:\\\/\\\/www.forbes.be\\\/fr\\\/audi-q3-nouvelle-generation-dun-best-seller-premium\\\/#article\",\"isPartOf\":{\"@id\":\"https:\\\/\\\/www.forbes.be\\\/fr\\\/audi-q3-nouvelle-generation-dun-best-seller-premium\\\/\"},\"author\":{\"name\":\"BRANDVOICE | Sponsored Content\",\"@id\":\"https:\\\/\\\/www.forbes.be\\\/fr\\\/#\\\/schema\\\/person\\\/f6bf8fa623babedc7051f16985d6a1d5\"},\"headline\":\"Audi Q3 : nouvelle g\u00e9n\u00e9ration d\u2019un best-seller premium\",\"datePublished\":\"2025-10-04T01:00:25+00:00\",\"dateModified\":\"2026-02-24T17:57:42+00:00\",\"mainEntityOfPage\":{\"@id\":\"https:\\\/\\\/www.forbes.be\\\/fr\\\/audi-q3-nouvelle-generation-dun-best-seller-premium\\\/\"},\"wordCount\":536,\"publisher\":{\"@id\":\"https:\\\/\\\/www.forbes.be\\\/fr\\\/#organization\"},\"image\":{\"@id\":\"https:\\\/\\\/www.forbes.be\\\/fr\\\/audi-q3-nouvelle-generation-dun-best-seller-premium\\\/#primaryimage\"},\"thumbnailUrl\":\"https:\\\/\\\/www.forbes.be\\\/fr\\\/wp-content\\\/uploads\\\/2015\\\/09\\\/forbes-image-a-la-une-1.png\",\"articleSection\":[\"Brandvoice\"],\"inLanguage\":\"fr-FR\"},{\"@type\":\"WebPage\",\"@id\":\"https:\\\/\\\/www.forbes.be\\\/fr\\\/audi-q3-nouvelle-generation-dun-best-seller-premium\\\/\",\"url\":\"https:\\\/\\\/www.forbes.be\\\/fr\\\/audi-q3-nouvelle-generation-dun-best-seller-premium\\\/\",\"name\":\"Audi Q3 : nouvelle g\u00e9n\u00e9ration d\u2019un best-seller premium | Forbes Belgique\",\"isPartOf\":{\"@id\":\"https:\\\/\\\/www.forbes.be\\\/fr\\\/#website\"},\"primaryImageOfPage\":{\"@id\":\"https:\\\/\\\/www.forbes.be\\\/fr\\\/audi-q3-nouvelle-generation-dun-best-seller-premium\\\/#primaryimage\"},\"image\":{\"@id\":\"https:\\\/\\\/www.forbes.be\\\/fr\\\/audi-q3-nouvelle-generation-dun-best-seller-premium\\\/#primaryimage\"},\"thumbnailUrl\":\"https:\\\/\\\/www.forbes.be\\\/fr\\\/wp-content\\\/uploads\\\/2015\\\/09\\\/forbes-image-a-la-une-1.png\",\"datePublished\":\"2025-10-04T01:00:25+00:00\",\"dateModified\":\"2026-02-24T17:57:42+00:00\",\"description\":\"D\u00e9couvrez la nouvelle Audi Q3 : SUV compact et e-hybrid alliant design, performance, confort et innovations num\u00e9riques pour une mobilit\u00e9 moderne.\",\"breadcrumb\":{\"@id\":\"https:\\\/\\\/www.forbes.be\\\/fr\\\/audi-q3-nouvelle-generation-dun-best-seller-premium\\\/#breadcrumb\"},\"inLanguage\":\"fr-FR\",\"potentialAction\":[{\"@type\":\"ReadAction\",\"target\":[\"https:\\\/\\\/www.forbes.be\\\/fr\\\/audi-q3-nouvelle-generation-dun-best-seller-premium\\\/\"]}]},{\"@type\":\"ImageObject\",\"inLanguage\":\"fr-FR\",\"@id\":\"https:\\\/\\\/www.forbes.be\\\/fr\\\/audi-q3-nouvelle-generation-dun-best-seller-premium\\\/#primaryimage\",\"url\":\"https:\\\/\\\/www.forbes.be\\\/fr\\\/wp-content\\\/uploads\\\/2015\\\/09\\\/forbes-image-a-la-une-1.png\",\"contentUrl\":\"https:\\\/\\\/www.forbes.be\\\/fr\\\/wp-content\\\/uploads\\\/2015\\\/09\\\/forbes-image-a-la-une-1.png\",\"width\":1200,\"height\":628},{\"@type\":\"BreadcrumbList\",\"@id\":\"https:\\\/\\\/www.forbes.be\\\/fr\\\/audi-q3-nouvelle-generation-dun-best-seller-premium\\\/#breadcrumb\",\"itemListElement\":[{\"@type\":\"ListItem\",\"position\":1,\"name\":\"Accueil\",\"item\":\"https:\\\/\\\/www.forbes.be\\\/fr\\\/\"},{\"@type\":\"ListItem\",\"position\":2,\"name\":\"Audi Q3 : nouvelle g\u00e9n\u00e9ration d\u2019un best-seller premium\"}]},{\"@type\":\"WebSite\",\"@id\":\"https:\\\/\\\/www.forbes.be\\\/fr\\\/#website\",\"url\":\"https:\\\/\\\/www.forbes.be\\\/fr\\\/\",\"name\":\"Forbes Belgique\",\"description\":\"\",\"publisher\":{\"@id\":\"https:\\\/\\\/www.forbes.be\\\/fr\\\/#organization\"},\"potentialAction\":[{\"@type\":\"SearchAction\",\"target\":{\"@type\":\"EntryPoint\",\"urlTemplate\":\"https:\\\/\\\/www.forbes.be\\\/fr\\\/?s={search_term_string}\"},\"query-input\":{\"@type\":\"PropertyValueSpecification\",\"valueRequired\":true,\"valueName\":\"search_term_string\"}}],\"inLanguage\":\"fr-FR\"},{\"@type\":\"Organization\",\"@id\":\"https:\\\/\\\/www.forbes.be\\\/fr\\\/#organization\",\"name\":\"Forbes Belgique\",\"url\":\"https:\\\/\\\/www.forbes.be\\\/fr\\\/\",\"logo\":{\"@type\":\"ImageObject\",\"inLanguage\":\"fr-FR\",\"@id\":\"https:\\\/\\\/www.forbes.be\\\/fr\\\/#\\\/schema\\\/logo\\\/image\\\/\",\"url\":\"https:\\\/\\\/www.forbes.be\\\/fr\\\/wp-content\\\/uploads\\\/2024\\\/02\\\/forbes.be_.png\",\"contentUrl\":\"https:\\\/\\\/www.forbes.be\\\/fr\\\/wp-content\\\/uploads\\\/2024\\\/02\\\/forbes.be_.png\",\"width\":1200,\"height\":675,\"caption\":\"Forbes Belgique\"},\"image\":{\"@id\":\"https:\\\/\\\/www.forbes.be\\\/fr\\\/#\\\/schema\\\/logo\\\/image\\\/\"},\"sameAs\":[\"https:\\\/\\\/www.facebook.com\\\/forbesbelgique\\\/\",\"https:\\\/\\\/www.instagram.com\\\/Forbes_Belgium\",\"https:\\\/\\\/www.linkedin.com\\\/company\\\/forbes-belgium\\\/\"]},{\"@type\":\"Person\",\"@id\":\"https:\\\/\\\/www.forbes.be\\\/fr\\\/#\\\/schema\\\/person\\\/f6bf8fa623babedc7051f16985d6a1d5\",\"name\":\"BRANDVOICE | Sponsored Content\",\"image\":{\"@type\":\"ImageObject\",\"inLanguage\":\"fr-FR\",\"@id\":\"https:\\\/\\\/www.forbes.be\\\/fr\\\/wp-content\\\/uploads\\\/2024\\\/01\\\/forbes-thumb-150x150.jpg\",\"url\":\"https:\\\/\\\/www.forbes.be\\\/fr\\\/wp-content\\\/uploads\\\/2024\\\/01\\\/forbes-thumb-150x150.jpg\",\"contentUrl\":\"https:\\\/\\\/www.forbes.be\\\/fr\\\/wp-content\\\/uploads\\\/2024\\\/01\\\/forbes-thumb-150x150.jpg\",\"caption\":\"BRANDVOICE | Sponsored Content\"},\"url\":\"https:\\\/\\\/www.forbes.be\\\/fr\\\/author\\\/partenairesforbes-be\\\/\"}]}<\/script>\n<!-- \/ Yoast SEO plugin. -->","yoast_head_json":{"title":"Audi Q3 : nouvelle g\u00e9n\u00e9ration d\u2019un best-seller premium | Forbes Belgique","description":"D\u00e9couvrez la nouvelle Audi Q3 : SUV compact et e-hybrid alliant design, performance, confort et innovations num\u00e9riques pour une mobilit\u00e9 moderne.","robots":{"index":"index","follow":"follow","max-snippet":"max-snippet:-1","max-image-preview":"max-image-preview:large","max-video-preview":"max-video-preview:-1"},"canonical":"https:\/\/www.forbes.be\/fr\/audi-q3-nouvelle-generation-dun-best-seller-premium\/","og_locale":"fr_FR","og_type":"article","og_title":"Audi Q3 : nouvelle g\u00e9n\u00e9ration d\u2019un best-seller premium | Forbes Belgique","og_description":"D\u00e9couvrez la nouvelle Audi Q3 : SUV compact et e-hybrid alliant design, performance, confort et innovations num\u00e9riques pour une mobilit\u00e9 moderne.","og_url":"https:\/\/www.forbes.be\/fr\/audi-q3-nouvelle-generation-dun-best-seller-premium\/","og_site_name":"Forbes Belgique","article_publisher":"https:\/\/www.facebook.com\/forbesbelgique\/","article_published_time":"2025-10-04T01:00:25+00:00","article_modified_time":"2026-02-24T17:57:42+00:00","og_image":[{"width":1200,"height":628,"url":"https:\/\/www.forbes.be\/fr\/wp-content\/uploads\/2015\/09\/forbes-image-a-la-une-1.png","type":"image\/png"}],"author":"BRANDVOICE | Sponsored Content","twitter_card":"summary_large_image","twitter_misc":{"\u00c9crit par":"BRANDVOICE | Sponsored Content","Dur\u00e9e de lecture estim\u00e9e":"3 minutes"},"schema":{"@context":"https:\/\/schema.org","@graph":[{"@type":"NewsArticle","@id":"https:\/\/www.forbes.be\/fr\/audi-q3-nouvelle-generation-dun-best-seller-premium\/#article","isPartOf":{"@id":"https:\/\/www.forbes.be\/fr\/audi-q3-nouvelle-generation-dun-best-seller-premium\/"},"author":{"name":"BRANDVOICE | Sponsored Content","@id":"https:\/\/www.forbes.be\/fr\/#\/schema\/person\/f6bf8fa623babedc7051f16985d6a1d5"},"headline":"Audi Q3 : nouvelle g\u00e9n\u00e9ration d\u2019un best-seller premium","datePublished":"2025-10-04T01:00:25+00:00","dateModified":"2026-02-24T17:57:42+00:00","mainEntityOfPage":{"@id":"https:\/\/www.forbes.be\/fr\/audi-q3-nouvelle-generation-dun-best-seller-premium\/"},"wordCount":536,"publisher":{"@id":"https:\/\/www.forbes.be\/fr\/#organization"},"image":{"@id":"https:\/\/www.forbes.be\/fr\/audi-q3-nouvelle-generation-dun-best-seller-premium\/#primaryimage"},"thumbnailUrl":"https:\/\/www.forbes.be\/fr\/wp-content\/uploads\/2015\/09\/forbes-image-a-la-une-1.png","articleSection":["Brandvoice"],"inLanguage":"fr-FR"},{"@type":"WebPage","@id":"https:\/\/www.forbes.be\/fr\/audi-q3-nouvelle-generation-dun-best-seller-premium\/","url":"https:\/\/www.forbes.be\/fr\/audi-q3-nouvelle-generation-dun-best-seller-premium\/","name":"Audi Q3 : nouvelle g\u00e9n\u00e9ration d\u2019un best-seller premium | Forbes Belgique","isPartOf":{"@id":"https:\/\/www.forbes.be\/fr\/#website"},"primaryImageOfPage":{"@id":"https:\/\/www.forbes.be\/fr\/audi-q3-nouvelle-generation-dun-best-seller-premium\/#primaryimage"},"image":{"@id":"https:\/\/www.forbes.be\/fr\/audi-q3-nouvelle-generation-dun-best-seller-premium\/#primaryimage"},"thumbnailUrl":"https:\/\/www.forbes.be\/fr\/wp-content\/uploads\/2015\/09\/forbes-image-a-la-une-1.png","datePublished":"2025-10-04T01:00:25+00:00","dateModified":"2026-02-24T17:57:42+00:00","description":"D\u00e9couvrez la nouvelle Audi Q3 : SUV compact et e-hybrid alliant design, performance, confort et innovations num\u00e9riques pour une mobilit\u00e9 moderne.","breadcrumb":{"@id":"https:\/\/www.forbes.be\/fr\/audi-q3-nouvelle-generation-dun-best-seller-premium\/#breadcrumb"},"inLanguage":"fr-FR","potentialAction":[{"@type":"ReadAction","target":["https:\/\/www.forbes.be\/fr\/audi-q3-nouvelle-generation-dun-best-seller-premium\/"]}]},{"@type":"ImageObject","inLanguage":"fr-FR","@id":"https:\/\/www.forbes.be\/fr\/audi-q3-nouvelle-generation-dun-best-seller-premium\/#primaryimage","url":"https:\/\/www.forbes.be\/fr\/wp-content\/uploads\/2015\/09\/forbes-image-a-la-une-1.png","contentUrl":"https:\/\/www.forbes.be\/fr\/wp-content\/uploads\/2015\/09\/forbes-image-a-la-une-1.png","width":1200,"height":628},{"@type":"BreadcrumbList","@id":"https:\/\/www.forbes.be\/fr\/audi-q3-nouvelle-generation-dun-best-seller-premium\/#breadcrumb","itemListElement":[{"@type":"ListItem","position":1,"name":"Accueil","item":"https:\/\/www.forbes.be\/fr\/"},{"@type":"ListItem","position":2,"name":"Audi Q3 : nouvelle g\u00e9n\u00e9ration d\u2019un best-seller premium"}]},{"@type":"WebSite","@id":"https:\/\/www.forbes.be\/fr\/#website","url":"https:\/\/www.forbes.be\/fr\/","name":"Forbes Belgique","description":"","publisher":{"@id":"https:\/\/www.forbes.be\/fr\/#organization"},"potentialAction":[{"@type":"SearchAction","target":{"@type":"EntryPoint","urlTemplate":"https:\/\/www.forbes.be\/fr\/?s={search_term_string}"},"query-input":{"@type":"PropertyValueSpecification","valueRequired":true,"valueName":"search_term_string"}}],"inLanguage":"fr-FR"},{"@type":"Organization","@id":"https:\/\/www.forbes.be\/fr\/#organization","name":"Forbes Belgique","url":"https:\/\/www.forbes.be\/fr\/","logo":{"@type":"ImageObject","inLanguage":"fr-FR","@id":"https:\/\/www.forbes.be\/fr\/#\/schema\/logo\/image\/","url":"https:\/\/www.forbes.be\/fr\/wp-content\/uploads\/2024\/02\/forbes.be_.png","contentUrl":"https:\/\/www.forbes.be\/fr\/wp-content\/uploads\/2024\/02\/forbes.be_.png","width":1200,"height":675,"caption":"Forbes Belgique"},"image":{"@id":"https:\/\/www.forbes.be\/fr\/#\/schema\/logo\/image\/"},"sameAs":["https:\/\/www.facebook.com\/forbesbelgique\/","https:\/\/www.instagram.com\/Forbes_Belgium","https:\/\/www.linkedin.com\/company\/forbes-belgium\/"]},{"@type":"Person","@id":"https:\/\/www.forbes.be\/fr\/#\/schema\/person\/f6bf8fa623babedc7051f16985d6a1d5","name":"BRANDVOICE | Sponsored Content","image":{"@type":"ImageObject","inLanguage":"fr-FR","@id":"https:\/\/www.forbes.be\/fr\/wp-content\/uploads\/2024\/01\/forbes-thumb-150x150.jpg","url":"https:\/\/www.forbes.be\/fr\/wp-content\/uploads\/2024\/01\/forbes-thumb-150x150.jpg","contentUrl":"https:\/\/www.forbes.be\/fr\/wp-content\/uploads\/2024\/01\/forbes-thumb-150x150.jpg","caption":"BRANDVOICE | Sponsored Content"},"url":"https:\/\/www.forbes.be\/fr\/author\/partenairesforbes-be\/"}]}},"_links":{"self":[{"href":"https:\/\/www.forbes.be\/fr\/wp-json\/wp\/v2\/posts\/12450","targetHints":{"allow":["GET"]}}],"collection":[{"href":"https:\/\/www.forbes.be\/fr\/wp-json\/wp\/v2\/posts"}],"about":[{"href":"https:\/\/www.forbes.be\/fr\/wp-json\/wp\/v2\/types\/post"}],"author":[{"embeddable":true,"href":"https:\/\/www.forbes.be\/fr\/wp-json\/wp\/v2\/users\/7"}],"replies":[{"embeddable":true,"href":"https:\/\/www.forbes.be\/fr\/wp-json\/wp\/v2\/comments?post=12450"}],"version-history":[{"count":10,"href":"https:\/\/www.forbes.be\/fr\/wp-json\/wp\/v2\/posts\/12450\/revisions"}],"predecessor-version":[{"id":12672,"href":"https:\/\/www.forbes.be\/fr\/wp-json\/wp\/v2\/posts\/12450\/revisions\/12672"}],"wp:featuredmedia":[{"embeddable":true,"href":"https:\/\/www.forbes.be\/fr\/wp-json\/wp\/v2\/media\/12535"}],"wp:attachment":[{"href":"https:\/\/www.forbes.be\/fr\/wp-json\/wp\/v2\/media?parent=12450"}],"wp:term":[{"taxonomy":"category","embeddable":true,"href":"https:\/\/www.forbes.be\/fr\/wp-json\/wp\/v2\/categories?post=12450"},{"taxonomy":"post_tag","embeddable":true,"href":"https:\/\/www.forbes.be\/fr\/wp-json\/wp\/v2\/tags?post=12450"}],"curies":[{"name":"wp","href":"https:\/\/api.w.org\/{rel}","templated":true}]}}