{"id":12522,"date":"2025-09-23T09:53:04","date_gmt":"2025-09-23T07:53:04","guid":{"rendered":"https:\/\/www.forbes.be\/fr\/?p=12522"},"modified":"2025-09-24T10:16:56","modified_gmt":"2025-09-24T08:16:56","slug":"rite-croit-rapidement-the-jane","status":"publish","type":"post","link":"https:\/\/www.forbes.be\/fr\/rite-croit-rapidement-the-jane\/","title":{"rendered":"Le sp\u00e9cialite du fitness anversois Rite cro\u00eet rapidement : un nouveau studio dans The Jane marque une nouvelle \u00e9tape"},"content":{"rendered":"<p><strong>L&rsquo;entreprise de fitness anversoise Rite a tripl\u00e9 son nombre de studios depuis notre derni\u00e8re discussion et ouvrira bient\u00f4t son projet le plus ambitieux \u00e0 ce jour.<\/strong><\/p>\n<p>Les salles de sport haut de gamme g\u00e9n\u00e9ralistes se multiplient de nos jours, mais <strong>Rite<\/strong> choisit \u00e9tonnamment de se sp\u00e9cialiser : trois concepts, une zone g\u00e9ographique limit\u00e9e et un fort sens de la coh\u00e9rence de la marque. <a href=\"https:\/\/www.forbes.be\/nl\/hoe-het-ondernemersduo-van-rite-studios-in-antwerpen-succesvol-inzet-op-de-nieuwe-standaard-voor-sporten\/\" target=\"_blank\" rel=\"noopener\">Depuis que Forbes les a rencontr\u00e9s pour la derni\u00e8re fois<\/a>, alors qu\u2019ils n\u2019avaient que deux studios, leur \u00e9chelle a quadrupl\u00e9. Il y a maintenant cinq studios r\u00e9partis sur trois emplacements, avec un sixi\u00e8me en cours de route. Ce nouveau lieu est de loin le plus remarquable : La Chapelle, dans l\u2019ancien emplacement du restaurant \u00e9toil\u00e9 The Jane \u00e0 Anvers. \u00ab\u00a0<em>Cet endroit nous permet de combiner sport, r\u00e9cup\u00e9ration et bien-\u00eatre de mani\u00e8re authentique pour la premi\u00e8re fois\u00a0\u00bb<\/em>, expliquent les fondateurs <strong>Frederik Reynders<\/strong> et <strong>Nikolaas Van de Loock<\/strong>. \u00ab\u00a0<em>Nous y ajoutons une salle de sport ouverte, ce que nous n\u2019avions jamais fait auparavant. Ce sera un endroit o\u00f9 les gens travailleront activement \u00e0 la meilleure version d\u2019eux-m\u00eames. Pas seulement physiquement, mais aussi mentalement.\u00a0\u00bb<\/em><\/p>\n<h2>Choix g\u00e9ographiques<\/h2>\n<p>Alors que d&rsquo;autres marques de<strong> fitness<\/strong> ciblent souvent d&rsquo;abord Bruxelles ou des centres internationaux, <strong>Rite<\/strong> choisit d\u00e9lib\u00e9r\u00e9ment de s&rsquo;implanter \u00e0 Anvers et Gand, avec Brasschaat comme site de test suburbain. \u00ab\u00a0<em>Nous ne voulons pas \u00eatre une marque qui cro\u00eet de mani\u00e8re \u00e9parse. Nous pr\u00e9f\u00e9rons approfondir notre pr\u00e9sence dans les r\u00e9gions o\u00f9 nous sommes d\u00e9j\u00e0 actifs.\u00a0\u00bb<\/em> Cette approche semble fonctionner. Le lancement de Reform, leur concept de pilates \u00e0 faible impact, a donn\u00e9 un coup de pouce clair \u00e0 l&rsquo;expansion. \u00ab\u00a0<em>Notre premier studio \u00e0 Gand a imm\u00e9diatement d\u00e9pass\u00e9 les attentes. Entre-temps, un deuxi\u00e8me emplacement avec Reform et Bike a \u00e9t\u00e9 ajout\u00e9.\u00a0\u00bb<\/em>\u00a0Gr\u00e2ce \u00e0 une \u00e9quipe forte et des processus clairs, il est d\u00e9sormais possible d&rsquo;ouvrir de nouveaux emplacements en quatre mois &#8211; alors qu&rsquo;\u00e0 l&rsquo;origine cela prenait neuf mois.<\/p>\n<h2>Pourquoi La Chapelle?<\/h2>\n<p>Le choix de The Jane est strat\u00e9gique et symbolique. \u00ab\u00a0<em>Dans notre sixi\u00e8me studio, nous proposons, outre Reform, une gym ouverte et des zones de r\u00e9cup\u00e9ration, comprenant entre autres des bains glac\u00e9s et des cabines infrarouges.<\/em>\u00a0\u00bb C&rsquo;est la premi\u00e8re fois que <strong>Rite<\/strong> propose de la musculation. \u00ab\u00a0<em>Beaucoup veulent s&rsquo;y mettre mais ne savent pas comment. \u00c0 La Chapelle, nous baissons consciemment la barri\u00e8re: avec accompagnement, appareils intuitifs et un cadre inspirant.\u00a0\u00bb<\/em> Le fait qu&rsquo;il s&rsquo;agisse d&rsquo;un lieu embl\u00e9matique renforce l&rsquo;exp\u00e9rience totale. \u00ab\u00a0<em>Il y a peu d&rsquo;endroits en Belgique o\u00f9 le sport peut avoir lieu dans un tel espace. Cela contribue au sentiment de rituel, qui est fondamental pour nous.\u00a0\u00bb<\/em><\/p>\n<h2>Croissance sans investisseurs<\/h2>\n<p><strong>Rite <\/strong>finance sa croissance uniquement pas des emprunts, sans<strong> investisseurs<\/strong> externes. Le chiffre d&rsquo;affaires est pass\u00e9 de 2 millions d&rsquo;euros en 2023 \u00e0 un chiffre pr\u00e9visionnel de 6 millions en 2025. \u00ab\u00a0<em>Nous choisissons soigneusement nos emplacements. Chercher deux mois de plus n&rsquo;est rien compar\u00e9 \u00e0 \u00eatre bien install\u00e9 pendant dix ans\u00a0\u00bb<\/em>, expliquent les fondateurs. \u00ab\u00a0<em>La qualit\u00e9 reste toujours prioritaire. C&rsquo;est pourquoi nous restons flexibles et \u00e9coutons en permanence les retours de notre communaut\u00e9.\u00a0\u00bb<\/em><\/p>\n<h2>Pr\u00eat pour 2026<\/h2>\n<p>Pour 2026, <strong>Rite<\/strong> vise une croissance suppl\u00e9mentaire, mais sans dispersion. \u00ab\u00a0<em>Pour l&rsquo;instant, nous nous concentrons principalement sur nos trois concepts principaux Bike, Reform et Hiit. Pour notre nouvelle et quatri\u00e8me discipline Open Gym, nous examinons aussi les opportunit\u00e9s, mais ce n&rsquo;est pas la priorit\u00e9.\u00a0\u00bb<\/em> G\u00e9ographiquement, ils restent concentr\u00e9s sur Anvers, Gand et les environs, bien qu&rsquo;ils envisagent aussi prudemment d&rsquo;autres grandes villes flamandes. \u00ab\u00a0<em>Mais seulement si cela correspond \u00e0 notre formule.<\/em>\u00a0\u00bb<\/p>\n<h2>La technologie comme renforcement de la connexion<\/h2>\n<p>La base de clients de <strong>Rite<\/strong> cro\u00eet fortement. Ils comptent actuellement 30 000 membres. Par le biais du bon CRM, ils veulent s&rsquo;assurer que tous ces membres b\u00e9n\u00e9ficient d&rsquo;un service personnalis\u00e9. \u00ab\u00a0<em>Notre communaut\u00e9 est ce qui rend <strong><span class=\"il\">Rite<\/span><\/strong> fort et c&rsquo;est pourquoi nous devons veiller \u00e0 une bonne exp\u00e9rience client \u00e0 tous les niveaux afin que les gens se sentent non seulement bien chez <strong><span class=\"il\">Rite<\/span><\/strong>, mais aient aussi le v\u00e9ritable sentiment d&rsquo;appartenir \u00e0 notre communaut\u00e9.\u00a0\u00bb<\/em> Pour les nouveaux emplacements aussi, les donn\u00e9es sont cruciales. \u00ab\u00a0<em>Nous analysons o\u00f9 la demande se manifeste, comment les clients se comportent et ce qui fonctionne. Ces connaissances nous aident \u00e0 agir plus rapidement et plus intelligemment.\u00a0\u00bb<\/em><\/p>\n<h2>Enfin : internationalisation<\/h2>\n<p>La question revient de plus en plus : <strong>Rite<\/strong> viendra-t-il aussi aux Pays-Bas, ou plus loin ? \u00ab\u00a0<em>Nous recevons r\u00e9guli\u00e8rement des demandes de l&rsquo;\u00e9tranger. Et oui, notre mod\u00e8le est construit de mani\u00e8re modulaire, donc th\u00e9oriquement \u00e9volutif. Mais pour l\u2019instant, nous nous concentrons sur la Flandre. Il reste encore beaucoup \u00e0 faire ici.<\/em>\u00ab\u00a0<\/p>\n","protected":false},"excerpt":{"rendered":"<p>L&rsquo;entreprise de fitness anversoise Rite a tripl\u00e9 son nombre de studios depuis notre derni\u00e8re discussion et ouvrira bient\u00f4t son projet le plus ambitieux \u00e0 ce jour. Les salles de sport haut de gamme avec des concepts de style de vie larges se multiplient de nos jours, mais Rite choisit \u00e9tonnamment de se concentrer : trois concepts, une zone g\u00e9ographique limit\u00e9e et un fort sens de la coh\u00e9rence de la marque. Depuis Forbes [&hellip;]<\/p>\n","protected":false},"author":13,"featured_media":12520,"comment_status":"closed","ping_status":"closed","sticky":false,"template":"","format":"standard","meta":{"_acf_changed":false,"inline_featured_image":false,"footnotes":""},"categories":[1,19,75,60],"tags":[],"class_list":{"0":"post-12522","1":"post","2":"type-post","3":"status-publish","4":"format-standard","5":"has-post-thumbnail","7":"category-actualite","8":"category-entrepreneurs","9":"category-entreprise","10":"category-lifestyle"},"acf":[],"_yoast_wpseo_title":"Croissance strat\u00e9gique de Rite avec une nouvelle phase dans The Jane","_yoast_wpseo_metadesc":"Rite, le concept sportif d'Anvers, poursuit son expansion r\u00e9fl\u00e9chie avec un projet majeur dans l'ex-lieu du restaurant \u00e9toil\u00e9 The Jane.","auteur_traducteur":"","yoast_head":"<!-- This site is optimized with the Yoast SEO plugin v27.4 - https:\/\/yoast.com\/product\/yoast-seo-wordpress\/ -->\n<title>Croissance strat\u00e9gique de Rite avec une nouvelle phase dans The Jane<\/title>\n<meta name=\"description\" content=\"Rite, le concept sportif d&#039;Anvers, poursuit son expansion r\u00e9fl\u00e9chie avec un projet majeur dans l&#039;ex-lieu du restaurant \u00e9toil\u00e9 The Jane.\" \/>\n<meta name=\"robots\" content=\"index, follow, max-snippet:-1, max-image-preview:large, max-video-preview:-1\" \/>\n<link rel=\"canonical\" href=\"https:\/\/www.forbes.be\/fr\/rite-croit-rapidement-the-jane\/\" \/>\n<meta property=\"og:locale\" content=\"fr_FR\" \/>\n<meta property=\"og:type\" content=\"article\" \/>\n<meta property=\"og:title\" content=\"Croissance strat\u00e9gique de Rite avec une nouvelle phase dans The Jane\" \/>\n<meta property=\"og:description\" content=\"Rite, le concept sportif d&#039;Anvers, poursuit son expansion r\u00e9fl\u00e9chie avec un projet majeur dans l&#039;ex-lieu du restaurant \u00e9toil\u00e9 The Jane.\" \/>\n<meta property=\"og:url\" content=\"https:\/\/www.forbes.be\/fr\/rite-croit-rapidement-the-jane\/\" \/>\n<meta property=\"og:site_name\" content=\"Forbes Belgique\" \/>\n<meta property=\"article:publisher\" content=\"https:\/\/www.facebook.com\/forbesbelgique\/\" \/>\n<meta property=\"article:published_time\" content=\"2025-09-23T07:53:04+00:00\" \/>\n<meta property=\"article:modified_time\" content=\"2025-09-24T08:16:56+00:00\" \/>\n<meta property=\"og:image\" content=\"https:\/\/www.forbes.be\/fr\/wp-content\/uploads\/2025\/09\/10999-ontwerp-zonder-titel-32-1024x576.png\" \/>\n\t<meta property=\"og:image:width\" content=\"1024\" \/>\n\t<meta property=\"og:image:height\" content=\"576\" \/>\n\t<meta property=\"og:image:type\" content=\"image\/png\" \/>\n<meta name=\"author\" content=\"Daphne Dorgelo\" \/>\n<meta name=\"twitter:card\" content=\"summary_large_image\" \/>\n<meta name=\"twitter:label1\" content=\"\u00c9crit par\" \/>\n\t<meta name=\"twitter:data1\" content=\"Daphne Dorgelo\" \/>\n\t<meta name=\"twitter:label2\" content=\"Dur\u00e9e de lecture estim\u00e9e\" \/>\n\t<meta name=\"twitter:data2\" content=\"5 minutes\" \/>\n<script type=\"application\/ld+json\" class=\"yoast-schema-graph\">{\"@context\":\"https:\\\/\\\/schema.org\",\"@graph\":[{\"@type\":\"NewsArticle\",\"@id\":\"https:\\\/\\\/www.forbes.be\\\/fr\\\/rite-croit-rapidement-the-jane\\\/#article\",\"isPartOf\":{\"@id\":\"https:\\\/\\\/www.forbes.be\\\/fr\\\/rite-croit-rapidement-the-jane\\\/\"},\"author\":{\"name\":\"Daphne Dorgelo\",\"@id\":\"https:\\\/\\\/www.forbes.be\\\/fr\\\/#\\\/schema\\\/person\\\/7d78f899f595d5e9c1eb19ffe4d36b83\"},\"headline\":\"Le sp\u00e9cialite du fitness anversois Rite cro\u00eet rapidement : un nouveau studio dans The Jane marque une nouvelle \u00e9tape\",\"datePublished\":\"2025-09-23T07:53:04+00:00\",\"dateModified\":\"2025-09-24T08:16:56+00:00\",\"mainEntityOfPage\":{\"@id\":\"https:\\\/\\\/www.forbes.be\\\/fr\\\/rite-croit-rapidement-the-jane\\\/\"},\"wordCount\":806,\"publisher\":{\"@id\":\"https:\\\/\\\/www.forbes.be\\\/fr\\\/#organization\"},\"image\":{\"@id\":\"https:\\\/\\\/www.forbes.be\\\/fr\\\/rite-croit-rapidement-the-jane\\\/#primaryimage\"},\"thumbnailUrl\":\"https:\\\/\\\/www.forbes.be\\\/fr\\\/wp-content\\\/uploads\\\/2025\\\/09\\\/10999-ontwerp-zonder-titel-32.png\",\"articleSection\":[\"Actualit\u00e9s\",\"Entrepreneurs\",\"Entreprise\",\"Lifestyle\"],\"inLanguage\":\"fr-FR\"},{\"@type\":\"WebPage\",\"@id\":\"https:\\\/\\\/www.forbes.be\\\/fr\\\/rite-croit-rapidement-the-jane\\\/\",\"url\":\"https:\\\/\\\/www.forbes.be\\\/fr\\\/rite-croit-rapidement-the-jane\\\/\",\"name\":\"Croissance strat\u00e9gique de Rite avec une nouvelle phase dans The Jane\",\"isPartOf\":{\"@id\":\"https:\\\/\\\/www.forbes.be\\\/fr\\\/#website\"},\"primaryImageOfPage\":{\"@id\":\"https:\\\/\\\/www.forbes.be\\\/fr\\\/rite-croit-rapidement-the-jane\\\/#primaryimage\"},\"image\":{\"@id\":\"https:\\\/\\\/www.forbes.be\\\/fr\\\/rite-croit-rapidement-the-jane\\\/#primaryimage\"},\"thumbnailUrl\":\"https:\\\/\\\/www.forbes.be\\\/fr\\\/wp-content\\\/uploads\\\/2025\\\/09\\\/10999-ontwerp-zonder-titel-32.png\",\"datePublished\":\"2025-09-23T07:53:04+00:00\",\"dateModified\":\"2025-09-24T08:16:56+00:00\",\"description\":\"Rite, le concept sportif d'Anvers, poursuit son expansion r\u00e9fl\u00e9chie avec un projet majeur dans l'ex-lieu du restaurant \u00e9toil\u00e9 The Jane.\",\"breadcrumb\":{\"@id\":\"https:\\\/\\\/www.forbes.be\\\/fr\\\/rite-croit-rapidement-the-jane\\\/#breadcrumb\"},\"inLanguage\":\"fr-FR\",\"potentialAction\":[{\"@type\":\"ReadAction\",\"target\":[\"https:\\\/\\\/www.forbes.be\\\/fr\\\/rite-croit-rapidement-the-jane\\\/\"]}]},{\"@type\":\"ImageObject\",\"inLanguage\":\"fr-FR\",\"@id\":\"https:\\\/\\\/www.forbes.be\\\/fr\\\/rite-croit-rapidement-the-jane\\\/#primaryimage\",\"url\":\"https:\\\/\\\/www.forbes.be\\\/fr\\\/wp-content\\\/uploads\\\/2025\\\/09\\\/10999-ontwerp-zonder-titel-32.png\",\"contentUrl\":\"https:\\\/\\\/www.forbes.be\\\/fr\\\/wp-content\\\/uploads\\\/2025\\\/09\\\/10999-ontwerp-zonder-titel-32.png\",\"width\":1920,\"height\":1080,\"caption\":\"rite the jane\"},{\"@type\":\"BreadcrumbList\",\"@id\":\"https:\\\/\\\/www.forbes.be\\\/fr\\\/rite-croit-rapidement-the-jane\\\/#breadcrumb\",\"itemListElement\":[{\"@type\":\"ListItem\",\"position\":1,\"name\":\"Accueil\",\"item\":\"https:\\\/\\\/www.forbes.be\\\/fr\\\/\"},{\"@type\":\"ListItem\",\"position\":2,\"name\":\"Le sp\u00e9cialite du fitness anversois Rite cro\u00eet rapidement : un nouveau studio dans The Jane marque une nouvelle \u00e9tape\"}]},{\"@type\":\"WebSite\",\"@id\":\"https:\\\/\\\/www.forbes.be\\\/fr\\\/#website\",\"url\":\"https:\\\/\\\/www.forbes.be\\\/fr\\\/\",\"name\":\"Forbes Belgique\",\"description\":\"\",\"publisher\":{\"@id\":\"https:\\\/\\\/www.forbes.be\\\/fr\\\/#organization\"},\"potentialAction\":[{\"@type\":\"SearchAction\",\"target\":{\"@type\":\"EntryPoint\",\"urlTemplate\":\"https:\\\/\\\/www.forbes.be\\\/fr\\\/?s={search_term_string}\"},\"query-input\":{\"@type\":\"PropertyValueSpecification\",\"valueRequired\":true,\"valueName\":\"search_term_string\"}}],\"inLanguage\":\"fr-FR\"},{\"@type\":\"Organization\",\"@id\":\"https:\\\/\\\/www.forbes.be\\\/fr\\\/#organization\",\"name\":\"Forbes Belgique\",\"url\":\"https:\\\/\\\/www.forbes.be\\\/fr\\\/\",\"logo\":{\"@type\":\"ImageObject\",\"inLanguage\":\"fr-FR\",\"@id\":\"https:\\\/\\\/www.forbes.be\\\/fr\\\/#\\\/schema\\\/logo\\\/image\\\/\",\"url\":\"https:\\\/\\\/www.forbes.be\\\/fr\\\/wp-content\\\/uploads\\\/2024\\\/02\\\/forbes.be_.png\",\"contentUrl\":\"https:\\\/\\\/www.forbes.be\\\/fr\\\/wp-content\\\/uploads\\\/2024\\\/02\\\/forbes.be_.png\",\"width\":1200,\"height\":675,\"caption\":\"Forbes Belgique\"},\"image\":{\"@id\":\"https:\\\/\\\/www.forbes.be\\\/fr\\\/#\\\/schema\\\/logo\\\/image\\\/\"},\"sameAs\":[\"https:\\\/\\\/www.facebook.com\\\/forbesbelgique\\\/\",\"https:\\\/\\\/www.instagram.com\\\/Forbes_Belgium\",\"https:\\\/\\\/www.linkedin.com\\\/company\\\/forbes-belgium\\\/\"]},{\"@type\":\"Person\",\"@id\":\"https:\\\/\\\/www.forbes.be\\\/fr\\\/#\\\/schema\\\/person\\\/7d78f899f595d5e9c1eb19ffe4d36b83\",\"name\":\"Daphne Dorgelo\",\"image\":{\"@type\":\"ImageObject\",\"inLanguage\":\"fr-FR\",\"@id\":\"https:\\\/\\\/www.forbes.be\\\/fr\\\/wp-content\\\/uploads\\\/2024\\\/01\\\/4B1A6779-2-scaled-e1704882544546-150x150.jpg\",\"url\":\"https:\\\/\\\/www.forbes.be\\\/fr\\\/wp-content\\\/uploads\\\/2024\\\/01\\\/4B1A6779-2-scaled-e1704882544546-150x150.jpg\",\"contentUrl\":\"https:\\\/\\\/www.forbes.be\\\/fr\\\/wp-content\\\/uploads\\\/2024\\\/01\\\/4B1A6779-2-scaled-e1704882544546-150x150.jpg\",\"caption\":\"Daphne Dorgelo\"},\"description\":\"Daphne Dorgelo (1996) travaille chaque semaine pour Forbes, o\u00f9 elle r\u00e9dige des articles sur le style de vie luxueux, le leadership, l'innovation, les tendances et, bien s\u00fbr, les entrepreneurs belges inspirants. Sa passion pour le journalisme et les m\u00e9dias s'est manifest\u00e9e d\u00e8s son plus jeune \u00e2ge. Apr\u00e8s avoir obtenu une licence en information aux Pays-Bas, elle s'est install\u00e9e dans la ville belge du diamant il y a six ans, apr\u00e8s avoir obtenu un master en journalisme \u00e0 la KU Leuven d'Anvers. Cela fait maintenant huit ans qu'elle \u00e9crit en tant que pigiste pour divers magazines, dont quatre ans pour des magazines de style de vie belges tels que L'OFFICIEL, Fifty &amp; Me et ELLE.\",\"url\":\"https:\\\/\\\/www.forbes.be\\\/fr\\\/author\\\/daphne-dorgelolofficiel-be\\\/\"}]}<\/script>\n<!-- \/ Yoast SEO plugin. -->","yoast_head_json":{"title":"Croissance strat\u00e9gique de Rite avec une nouvelle phase dans The Jane","description":"Rite, le concept sportif d'Anvers, poursuit son expansion r\u00e9fl\u00e9chie avec un projet majeur dans l'ex-lieu du restaurant \u00e9toil\u00e9 The Jane.","robots":{"index":"index","follow":"follow","max-snippet":"max-snippet:-1","max-image-preview":"max-image-preview:large","max-video-preview":"max-video-preview:-1"},"canonical":"https:\/\/www.forbes.be\/fr\/rite-croit-rapidement-the-jane\/","og_locale":"fr_FR","og_type":"article","og_title":"Croissance strat\u00e9gique de Rite avec une nouvelle phase dans The Jane","og_description":"Rite, le concept sportif d'Anvers, poursuit son expansion r\u00e9fl\u00e9chie avec un projet majeur dans l'ex-lieu du restaurant \u00e9toil\u00e9 The Jane.","og_url":"https:\/\/www.forbes.be\/fr\/rite-croit-rapidement-the-jane\/","og_site_name":"Forbes Belgique","article_publisher":"https:\/\/www.facebook.com\/forbesbelgique\/","article_published_time":"2025-09-23T07:53:04+00:00","article_modified_time":"2025-09-24T08:16:56+00:00","og_image":[{"width":1024,"height":576,"url":"https:\/\/www.forbes.be\/fr\/wp-content\/uploads\/2025\/09\/10999-ontwerp-zonder-titel-32-1024x576.png","type":"image\/png"}],"author":"Daphne Dorgelo","twitter_card":"summary_large_image","twitter_misc":{"\u00c9crit par":"Daphne Dorgelo","Dur\u00e9e de lecture estim\u00e9e":"5 minutes"},"schema":{"@context":"https:\/\/schema.org","@graph":[{"@type":"NewsArticle","@id":"https:\/\/www.forbes.be\/fr\/rite-croit-rapidement-the-jane\/#article","isPartOf":{"@id":"https:\/\/www.forbes.be\/fr\/rite-croit-rapidement-the-jane\/"},"author":{"name":"Daphne Dorgelo","@id":"https:\/\/www.forbes.be\/fr\/#\/schema\/person\/7d78f899f595d5e9c1eb19ffe4d36b83"},"headline":"Le sp\u00e9cialite du fitness anversois Rite cro\u00eet rapidement : un nouveau studio dans The Jane marque une nouvelle \u00e9tape","datePublished":"2025-09-23T07:53:04+00:00","dateModified":"2025-09-24T08:16:56+00:00","mainEntityOfPage":{"@id":"https:\/\/www.forbes.be\/fr\/rite-croit-rapidement-the-jane\/"},"wordCount":806,"publisher":{"@id":"https:\/\/www.forbes.be\/fr\/#organization"},"image":{"@id":"https:\/\/www.forbes.be\/fr\/rite-croit-rapidement-the-jane\/#primaryimage"},"thumbnailUrl":"https:\/\/www.forbes.be\/fr\/wp-content\/uploads\/2025\/09\/10999-ontwerp-zonder-titel-32.png","articleSection":["Actualit\u00e9s","Entrepreneurs","Entreprise","Lifestyle"],"inLanguage":"fr-FR"},{"@type":"WebPage","@id":"https:\/\/www.forbes.be\/fr\/rite-croit-rapidement-the-jane\/","url":"https:\/\/www.forbes.be\/fr\/rite-croit-rapidement-the-jane\/","name":"Croissance strat\u00e9gique de Rite avec une nouvelle phase dans The Jane","isPartOf":{"@id":"https:\/\/www.forbes.be\/fr\/#website"},"primaryImageOfPage":{"@id":"https:\/\/www.forbes.be\/fr\/rite-croit-rapidement-the-jane\/#primaryimage"},"image":{"@id":"https:\/\/www.forbes.be\/fr\/rite-croit-rapidement-the-jane\/#primaryimage"},"thumbnailUrl":"https:\/\/www.forbes.be\/fr\/wp-content\/uploads\/2025\/09\/10999-ontwerp-zonder-titel-32.png","datePublished":"2025-09-23T07:53:04+00:00","dateModified":"2025-09-24T08:16:56+00:00","description":"Rite, le concept sportif d'Anvers, poursuit son expansion r\u00e9fl\u00e9chie avec un projet majeur dans l'ex-lieu du restaurant \u00e9toil\u00e9 The Jane.","breadcrumb":{"@id":"https:\/\/www.forbes.be\/fr\/rite-croit-rapidement-the-jane\/#breadcrumb"},"inLanguage":"fr-FR","potentialAction":[{"@type":"ReadAction","target":["https:\/\/www.forbes.be\/fr\/rite-croit-rapidement-the-jane\/"]}]},{"@type":"ImageObject","inLanguage":"fr-FR","@id":"https:\/\/www.forbes.be\/fr\/rite-croit-rapidement-the-jane\/#primaryimage","url":"https:\/\/www.forbes.be\/fr\/wp-content\/uploads\/2025\/09\/10999-ontwerp-zonder-titel-32.png","contentUrl":"https:\/\/www.forbes.be\/fr\/wp-content\/uploads\/2025\/09\/10999-ontwerp-zonder-titel-32.png","width":1920,"height":1080,"caption":"rite the jane"},{"@type":"BreadcrumbList","@id":"https:\/\/www.forbes.be\/fr\/rite-croit-rapidement-the-jane\/#breadcrumb","itemListElement":[{"@type":"ListItem","position":1,"name":"Accueil","item":"https:\/\/www.forbes.be\/fr\/"},{"@type":"ListItem","position":2,"name":"Le sp\u00e9cialite du fitness anversois Rite cro\u00eet rapidement : un nouveau studio dans The Jane marque une nouvelle \u00e9tape"}]},{"@type":"WebSite","@id":"https:\/\/www.forbes.be\/fr\/#website","url":"https:\/\/www.forbes.be\/fr\/","name":"Forbes Belgique","description":"","publisher":{"@id":"https:\/\/www.forbes.be\/fr\/#organization"},"potentialAction":[{"@type":"SearchAction","target":{"@type":"EntryPoint","urlTemplate":"https:\/\/www.forbes.be\/fr\/?s={search_term_string}"},"query-input":{"@type":"PropertyValueSpecification","valueRequired":true,"valueName":"search_term_string"}}],"inLanguage":"fr-FR"},{"@type":"Organization","@id":"https:\/\/www.forbes.be\/fr\/#organization","name":"Forbes Belgique","url":"https:\/\/www.forbes.be\/fr\/","logo":{"@type":"ImageObject","inLanguage":"fr-FR","@id":"https:\/\/www.forbes.be\/fr\/#\/schema\/logo\/image\/","url":"https:\/\/www.forbes.be\/fr\/wp-content\/uploads\/2024\/02\/forbes.be_.png","contentUrl":"https:\/\/www.forbes.be\/fr\/wp-content\/uploads\/2024\/02\/forbes.be_.png","width":1200,"height":675,"caption":"Forbes Belgique"},"image":{"@id":"https:\/\/www.forbes.be\/fr\/#\/schema\/logo\/image\/"},"sameAs":["https:\/\/www.facebook.com\/forbesbelgique\/","https:\/\/www.instagram.com\/Forbes_Belgium","https:\/\/www.linkedin.com\/company\/forbes-belgium\/"]},{"@type":"Person","@id":"https:\/\/www.forbes.be\/fr\/#\/schema\/person\/7d78f899f595d5e9c1eb19ffe4d36b83","name":"Daphne Dorgelo","image":{"@type":"ImageObject","inLanguage":"fr-FR","@id":"https:\/\/www.forbes.be\/fr\/wp-content\/uploads\/2024\/01\/4B1A6779-2-scaled-e1704882544546-150x150.jpg","url":"https:\/\/www.forbes.be\/fr\/wp-content\/uploads\/2024\/01\/4B1A6779-2-scaled-e1704882544546-150x150.jpg","contentUrl":"https:\/\/www.forbes.be\/fr\/wp-content\/uploads\/2024\/01\/4B1A6779-2-scaled-e1704882544546-150x150.jpg","caption":"Daphne Dorgelo"},"description":"Daphne Dorgelo (1996) travaille chaque semaine pour Forbes, o\u00f9 elle r\u00e9dige des articles sur le style de vie luxueux, le leadership, l'innovation, les tendances et, bien s\u00fbr, les entrepreneurs belges inspirants. Sa passion pour le journalisme et les m\u00e9dias s'est manifest\u00e9e d\u00e8s son plus jeune \u00e2ge. Apr\u00e8s avoir obtenu une licence en information aux Pays-Bas, elle s'est install\u00e9e dans la ville belge du diamant il y a six ans, apr\u00e8s avoir obtenu un master en journalisme \u00e0 la KU Leuven d'Anvers. Cela fait maintenant huit ans qu'elle \u00e9crit en tant que pigiste pour divers magazines, dont quatre ans pour des magazines de style de vie belges tels que L'OFFICIEL, Fifty &amp; Me et ELLE.","url":"https:\/\/www.forbes.be\/fr\/author\/daphne-dorgelolofficiel-be\/"}]}},"_links":{"self":[{"href":"https:\/\/www.forbes.be\/fr\/wp-json\/wp\/v2\/posts\/12522","targetHints":{"allow":["GET"]}}],"collection":[{"href":"https:\/\/www.forbes.be\/fr\/wp-json\/wp\/v2\/posts"}],"about":[{"href":"https:\/\/www.forbes.be\/fr\/wp-json\/wp\/v2\/types\/post"}],"author":[{"embeddable":true,"href":"https:\/\/www.forbes.be\/fr\/wp-json\/wp\/v2\/users\/13"}],"replies":[{"embeddable":true,"href":"https:\/\/www.forbes.be\/fr\/wp-json\/wp\/v2\/comments?post=12522"}],"version-history":[{"count":2,"href":"https:\/\/www.forbes.be\/fr\/wp-json\/wp\/v2\/posts\/12522\/revisions"}],"predecessor-version":[{"id":12527,"href":"https:\/\/www.forbes.be\/fr\/wp-json\/wp\/v2\/posts\/12522\/revisions\/12527"}],"wp:featuredmedia":[{"embeddable":true,"href":"https:\/\/www.forbes.be\/fr\/wp-json\/wp\/v2\/media\/12520"}],"wp:attachment":[{"href":"https:\/\/www.forbes.be\/fr\/wp-json\/wp\/v2\/media?parent=12522"}],"wp:term":[{"taxonomy":"category","embeddable":true,"href":"https:\/\/www.forbes.be\/fr\/wp-json\/wp\/v2\/categories?post=12522"},{"taxonomy":"post_tag","embeddable":true,"href":"https:\/\/www.forbes.be\/fr\/wp-json\/wp\/v2\/tags?post=12522"}],"curies":[{"name":"wp","href":"https:\/\/api.w.org\/{rel}","templated":true}]}}