{"id":12530,"date":"2025-10-15T07:46:51","date_gmt":"2025-10-15T05:46:51","guid":{"rendered":"https:\/\/www.forbes.be\/fr\/?p=12530"},"modified":"2025-10-15T10:24:54","modified_gmt":"2025-10-15T08:24:54","slug":"daniel-et-andreas-sennheiser-nos-ingenieurs-ont-la-liberte-davoir-des-idees-folles","status":"publish","type":"post","link":"https:\/\/www.forbes.be\/fr\/daniel-et-andreas-sennheiser-nos-ingenieurs-ont-la-liberte-davoir-des-idees-folles\/","title":{"rendered":"Daniel et Andreas Sennheiser : \u00ab Nos ing\u00e9nieurs ont la libert\u00e9 d\u2019avoir des id\u00e9es folles \u00bb"},"content":{"rendered":"<p><strong>Forbes Belgique a rencontr\u00e9 en exclusivit\u00e9 Daniel et Andreas Sennheiser. Fr\u00e8res au civil, g\u00e9nies cr\u00e9atifs et co-CEO du groupe Sennheiser.<\/strong><\/p>\n<p>Depuis 80 ans, <strong>Sennheiser<\/strong> fa\u00e7onne l\u2019avenir de l\u2019audio. Cr\u00e9\u00e9 au sortir de la Seconde Guerre mondiale par le <strong>Dr. Fritz Sennheiser<\/strong>, <strong>Sennheiser<\/strong> est aujourd\u2019hui l\u2019une des plus grandes entreprises de <strong>technologie audio<\/strong> au monde. On lui doit, entre autres, l\u2019invention du casque audio, le premier syst\u00e8me de microphones sans fil pour la sc\u00e8ne et la t\u00e9l\u00e9vision, la commercialisation du premier casque binaural, l\u2019audio spatial et bien plus encore&#8230; Une entreprise allemande qui perdure au milieu des g\u00e9ants asiatiques, c\u2019est rare. Fait encore plus rare : Sennheiser est rest\u00e9e une entreprise ind\u00e9pendante, g\u00e9r\u00e9e par la famille qui l\u2019a cr\u00e9\u00e9e.<\/p>\n<p><strong>Forbes.be &#8211; \u00c0 l\u2019origine, Sennheiser devait s\u2019appeler \u00ab\u00a0Labor W\u00a0\u00bb. Pourquoi ce changement de nom ? Pensez-vous que le destin de votre entreprise aurait pu \u00eatre diff\u00e9rent ?<\/strong><br \/>\n<strong>Daniel Sennheiser &#8211;<\/strong> Le nom \u00ab\u00a0Labor W\u00a0\u00bb vient de la r\u00e9gion de Wennebostel, \u00e0 Wedemark, o\u00f9 tout a commenc\u00e9. Fritz Sennheiser, notre grand-p\u00e8re, a fond\u00e9 la soci\u00e9t\u00e9 Laboratorium Wennebostel (ou \u00ab\u00a0Labor W\u00a0\u00bb) en 1945, dans une ferme\u2026 Avec pour sp\u00e9cialit\u00e9 la fabrication d\u2019instruments de mesure pour Siemens. En tant qu\u2019ing\u00e9nieur, Fritz voyait cela comme un simple laboratoire de recherche. C\u2019est seulement apr\u00e8s un certain temps et au bout de plusieurs innovations qu\u2019il a r\u00e9alis\u00e9 qu\u2019il avait cr\u00e9\u00e9 une entreprise, \u00e0 part enti\u00e8re. \u00ab Labor W \u00bb n\u2019\u00e9tait pas un nom adapt\u00e9, surtout \u00e0 l\u2019international. C\u2019est pourquoi la soci\u00e9t\u00e9 a chang\u00e9 de nom et de forme juridique pour devenir \u00ab\u00a0<strong>Sennheiser electronic<\/strong>\u00ab\u00a0, en 1958.<\/p>\n<figure id=\"attachment_12876\" aria-describedby=\"caption-attachment-12876\" style=\"width: 2560px\" class=\"wp-caption alignnone\"><img loading=\"lazy\" decoding=\"async\" class=\"size-full wp-image-12876\" src=\"https:\/\/www.forbes.be\/fr\/wp-content\/uploads\/2025\/10\/jmk6206-scaled.jpg\" alt=\"\" width=\"2560\" height=\"1704\" srcset=\"https:\/\/www.forbes.be\/fr\/wp-content\/uploads\/2025\/10\/jmk6206-scaled.jpg 2560w, https:\/\/www.forbes.be\/fr\/wp-content\/uploads\/2025\/10\/jmk6206-300x200.jpg 300w, https:\/\/www.forbes.be\/fr\/wp-content\/uploads\/2025\/10\/jmk6206-1024x681.jpg 1024w, https:\/\/www.forbes.be\/fr\/wp-content\/uploads\/2025\/10\/jmk6206-768x511.jpg 768w, https:\/\/www.forbes.be\/fr\/wp-content\/uploads\/2025\/10\/jmk6206-1536x1022.jpg 1536w, https:\/\/www.forbes.be\/fr\/wp-content\/uploads\/2025\/10\/jmk6206-2048x1363.jpg 2048w, https:\/\/www.forbes.be\/fr\/wp-content\/uploads\/2025\/10\/jmk6206-696x463.jpg 696w, https:\/\/www.forbes.be\/fr\/wp-content\/uploads\/2025\/10\/jmk6206-1068x711.jpg 1068w, https:\/\/www.forbes.be\/fr\/wp-content\/uploads\/2025\/10\/jmk6206-1920x1278.jpg 1920w, https:\/\/www.forbes.be\/fr\/wp-content\/uploads\/2025\/10\/jmk6206-600x399.jpg 600w\" sizes=\"auto, (max-width: 2560px) 100vw, 2560px\" \/><figcaption id=\"caption-attachment-12876\" class=\"wp-caption-text\">Sennheiser Geb\u00e4ude \u00a9 DR<\/figcaption><\/figure>\n<p><strong>\u00a0&#8211; Fritz Sennheiser a un jour d\u00e9clar\u00e9 : \u00ab <em>Les ing\u00e9nieurs ont besoin d\u2019espace pour des id\u00e9es folles<\/em> \u00bb. Cet esprit caract\u00e9rise-t-il toujours Sennheiser aujourd\u2019hui ?<\/strong><br \/>\n<strong>Andreas Sennheiser &#8211;<\/strong> Absolument. Nous pensons que l\u2019innovation de rupture se produit lorsque les gens sont assez intelligents et qu\u2019ils ont la libert\u00e9 d\u2019explorer sans contraintes. Fritz a inject\u00e9 dans l\u2019entreprise le mindset de ce qu\u2019on appelle aujourd\u2019hui une \u00ab\u00a0start-up\u00a0\u00bb. Quand vous donnez aux ing\u00e9nieurs la libert\u00e9 d\u2019avoir des id\u00e9es folles, ils trouvent parfois des solutions \u00e0 des probl\u00e8mes qui n\u2019existent pas encore ou qu\u2019on n\u2019a pas encore identifi\u00e9s.C\u2019est exactement ce que nous faisons chez <strong>Sennheiser<\/strong> : nous construisons l\u2019avenir de l\u2019audio depuis 1945.<\/p>\n<p><strong>&#8211; En tant qu\u2019entreprise familiale, comment parvenez-vous \u00e0 concilier votre h\u00e9ritage avec les exigences d\u2019un march\u00e9 mondial ?<\/strong><br \/>\n<strong>A. S. &#8211;<\/strong> Nos clients attendent de nous que nous prenions soin de nos produits embl\u00e9matiques, comme le MKH 416, qui est toujours en production apr\u00e8s plus de 50 ans, tout en \u00e9tant \u00e0 la pointe de l\u2019innovation. Nous devons garantir la m\u00eame qualit\u00e9 qu\u2019il y a des d\u00e9cennies, mais aussi proposer des solutions novatrices comme l\u2019audio spatial Ambeo ou l\u2019\u00e9cosyst\u00e8me Spectera de transmission sans fil \u00e0 64 canaux. Nous g\u00e9rons ensemble l\u2019entreprise et, m\u00eame si nous avons parfois des d\u00e9saccords, notre respect mutuel et notre engagement envers l\u2019h\u00e9ritage familial nous permettent de travailler avec une vision bien ac\u00e9r\u00e9e.<\/p>\n<figure id=\"attachment_12880\" aria-describedby=\"caption-attachment-12880\" style=\"width: 2560px\" class=\"wp-caption alignnone\"><img loading=\"lazy\" decoding=\"async\" class=\"size-full wp-image-12880\" src=\"https:\/\/www.forbes.be\/fr\/wp-content\/uploads\/2025\/10\/s-presse-105-scaled.jpg\" alt=\"\" width=\"2560\" height=\"1699\" srcset=\"https:\/\/www.forbes.be\/fr\/wp-content\/uploads\/2025\/10\/s-presse-105-scaled.jpg 2560w, https:\/\/www.forbes.be\/fr\/wp-content\/uploads\/2025\/10\/s-presse-105-300x199.jpg 300w, https:\/\/www.forbes.be\/fr\/wp-content\/uploads\/2025\/10\/s-presse-105-1024x680.jpg 1024w, https:\/\/www.forbes.be\/fr\/wp-content\/uploads\/2025\/10\/s-presse-105-768x510.jpg 768w, https:\/\/www.forbes.be\/fr\/wp-content\/uploads\/2025\/10\/s-presse-105-1536x1019.jpg 1536w, https:\/\/www.forbes.be\/fr\/wp-content\/uploads\/2025\/10\/s-presse-105-2048x1359.jpg 2048w, https:\/\/www.forbes.be\/fr\/wp-content\/uploads\/2025\/10\/s-presse-105-696x462.jpg 696w, https:\/\/www.forbes.be\/fr\/wp-content\/uploads\/2025\/10\/s-presse-105-1068x709.jpg 1068w, https:\/\/www.forbes.be\/fr\/wp-content\/uploads\/2025\/10\/s-presse-105-1920x1274.jpg 1920w, https:\/\/www.forbes.be\/fr\/wp-content\/uploads\/2025\/10\/s-presse-105-600x398.jpg 600w\" sizes=\"auto, (max-width: 2560px) 100vw, 2560px\" \/><figcaption id=\"caption-attachment-12880\" class=\"wp-caption-text\">\u00a9\u00a0DR<\/figcaption><\/figure>\n<p><strong>&#8211; Comment maintenez-vous votre avantage concurrentiel face aux acteurs majeurs, notamment am\u00e9ricains et asiatiques ?<\/strong><br \/>\n<strong>D. S. &#8211;<\/strong> Notre principal atout, c\u2019est notre identit\u00e9 de marque. Nous nous appuyons sur trois piliers, au premier rang desquels la fiabilit\u00e9. Que ce soit pour un concert devant 80 000 personnes ou une \u00e9mission de t\u00e9l\u00e9vision en direct, la fiabilit\u00e9 de nos \u00e9quipements est essentielle. Nous y consacrons beaucoup d\u2019efforts. Ensuite, l\u2019innovation : nous investissons environ 50 millions d\u2019euros par an en R&amp;D et pour l\u2019optimisation de processus plus durables \u2013 soit pr\u00e8s de 10 % du chiffre d\u2019affaires. Nous innovons pour am\u00e9liorer l\u2019exp\u00e9rience client et faciliter l\u2019utilisation de nos produits. Et, enfin, l\u2019exp\u00e9rience audio : nous sommes reconnus pour la qualit\u00e9 audio de nos produits, que ce soit en studio, en concert ou m\u00eame en voiture.<\/p>\n<figure id=\"attachment_12878\" aria-describedby=\"caption-attachment-12878\" style=\"width: 2560px\" class=\"wp-caption alignnone\"><img loading=\"lazy\" decoding=\"async\" class=\"size-full wp-image-12878\" src=\"https:\/\/www.forbes.be\/fr\/wp-content\/uploads\/2025\/10\/mkh-8018-product-shot-in-use-06-scaled.jpg\" alt=\"\" width=\"2560\" height=\"1707\" srcset=\"https:\/\/www.forbes.be\/fr\/wp-content\/uploads\/2025\/10\/mkh-8018-product-shot-in-use-06-scaled.jpg 2560w, https:\/\/www.forbes.be\/fr\/wp-content\/uploads\/2025\/10\/mkh-8018-product-shot-in-use-06-300x200.jpg 300w, https:\/\/www.forbes.be\/fr\/wp-content\/uploads\/2025\/10\/mkh-8018-product-shot-in-use-06-1024x683.jpg 1024w, https:\/\/www.forbes.be\/fr\/wp-content\/uploads\/2025\/10\/mkh-8018-product-shot-in-use-06-768x512.jpg 768w, https:\/\/www.forbes.be\/fr\/wp-content\/uploads\/2025\/10\/mkh-8018-product-shot-in-use-06-1536x1024.jpg 1536w, https:\/\/www.forbes.be\/fr\/wp-content\/uploads\/2025\/10\/mkh-8018-product-shot-in-use-06-2048x1365.jpg 2048w, https:\/\/www.forbes.be\/fr\/wp-content\/uploads\/2025\/10\/mkh-8018-product-shot-in-use-06-696x464.jpg 696w, https:\/\/www.forbes.be\/fr\/wp-content\/uploads\/2025\/10\/mkh-8018-product-shot-in-use-06-1068x712.jpg 1068w, https:\/\/www.forbes.be\/fr\/wp-content\/uploads\/2025\/10\/mkh-8018-product-shot-in-use-06-1920x1280.jpg 1920w, https:\/\/www.forbes.be\/fr\/wp-content\/uploads\/2025\/10\/mkh-8018-product-shot-in-use-06-600x400.jpg 600w\" sizes=\"auto, (max-width: 2560px) 100vw, 2560px\" \/><figcaption id=\"caption-attachment-12878\" class=\"wp-caption-text\">\u00a9 DR<\/figcaption><\/figure>\n<p><strong>&#8211; Le secteur de la mobilit\u00e9 est de plus en plus important dans l\u2019audio. Comment Sennheiser se positionne-t-il dans ce domaine ?<\/strong><br \/>\n<strong>D. S. &#8211;\u00a0<\/strong> Nous avons \u00e9tabli des partenariats strat\u00e9giques avec des constructeurs comme Cupra, Smart, Mercedes-AMG et Morgan Motor, pour qui nous avons con\u00e7u un syst\u00e8me audio qui n\u2019utilise pas de haut-parleurs traditionnels, mais les surfaces int\u00e9rieures du v\u00e9hicule. Le design est donc invisible. Nous ne pouvons pas divulguer nos projets futurs, mais c\u2019est un domaine o\u00f9 notre expertise en audio 3D pourrait \u00eatre utilis\u00e9e pour la premi\u00e8re fois \u00e0 grande \u00e9chelle. L\u2019audio 3D a toujours \u00e9t\u00e9 un probl\u00e8me de \u00ab l\u2019\u0153uf et de la poule \u00bb car il y avait peu de contenu. Maintenant que les voitures deviennent des hubs technologiques et que la musique est produite en formats immersifs \u00e0 grande \u00e9chelle, notre expertise devient tr\u00e8s pr\u00e9cieuse.<\/p>\n<p><strong>&#8211; L\u2019intelligence artificielle est devenue incontournable. Comment int\u00e9grez-vous l\u2019IA et les autres technologies \u00e9mergentes dans votre processus de R&amp;D ?<\/strong><br \/>\n<strong>A. S. &#8211;\u00a0<\/strong> L\u2019IA est un catalyseur formidable. Elle transforme les am\u00e9liorations incr\u00e9mentales en am\u00e9liorations exponentielles gr\u00e2ce \u00e0 des syst\u00e8mes auto-apprenants. Par exemple, nous l\u2019utilisons dans nos microphones de conf\u00e9rence pour identifier la voix et les bruits de fond, afin de ne transmettre que la parole. L\u2019IA est un catalyseur pour l\u2019innovation et la productivit\u00e9.<\/p>\n<figure id=\"attachment_12877\" aria-describedby=\"caption-attachment-12877\" style=\"width: 1707px\" class=\"wp-caption alignnone\"><img loading=\"lazy\" decoding=\"async\" class=\"size-full wp-image-12877\" src=\"https:\/\/www.forbes.be\/fr\/wp-content\/uploads\/2025\/10\/2025-03-tc-bars-mood-image-sydney-01-scaled.jpg\" alt=\"\" width=\"1707\" height=\"2560\" srcset=\"https:\/\/www.forbes.be\/fr\/wp-content\/uploads\/2025\/10\/2025-03-tc-bars-mood-image-sydney-01-scaled.jpg 1707w, https:\/\/www.forbes.be\/fr\/wp-content\/uploads\/2025\/10\/2025-03-tc-bars-mood-image-sydney-01-200x300.jpg 200w, https:\/\/www.forbes.be\/fr\/wp-content\/uploads\/2025\/10\/2025-03-tc-bars-mood-image-sydney-01-683x1024.jpg 683w, https:\/\/www.forbes.be\/fr\/wp-content\/uploads\/2025\/10\/2025-03-tc-bars-mood-image-sydney-01-768x1152.jpg 768w, https:\/\/www.forbes.be\/fr\/wp-content\/uploads\/2025\/10\/2025-03-tc-bars-mood-image-sydney-01-1024x1536.jpg 1024w, https:\/\/www.forbes.be\/fr\/wp-content\/uploads\/2025\/10\/2025-03-tc-bars-mood-image-sydney-01-1365x2048.jpg 1365w, https:\/\/www.forbes.be\/fr\/wp-content\/uploads\/2025\/10\/2025-03-tc-bars-mood-image-sydney-01-696x1044.jpg 696w, https:\/\/www.forbes.be\/fr\/wp-content\/uploads\/2025\/10\/2025-03-tc-bars-mood-image-sydney-01-1068x1602.jpg 1068w, https:\/\/www.forbes.be\/fr\/wp-content\/uploads\/2025\/10\/2025-03-tc-bars-mood-image-sydney-01-1920x2880.jpg 1920w, https:\/\/www.forbes.be\/fr\/wp-content\/uploads\/2025\/10\/2025-03-tc-bars-mood-image-sydney-01-600x900.jpg 600w\" sizes=\"auto, (max-width: 1707px) 100vw, 1707px\" \/><figcaption id=\"caption-attachment-12877\" class=\"wp-caption-text\">\u00a9\u00a0DR<\/figcaption><\/figure>\n<p><strong>&#8211;\u00a0 Quelles sont, selon vous, les grandes tendances qui fa\u00e7onneront le march\u00e9 de l\u2019audio dans les cinq prochaines ann\u00e9es ?<\/strong><br \/>\n<strong>D. S. &#8211;<\/strong> Je vois trois grandes tendances. La premi\u00e8re est celle des produits conscients de leur environnement, qui s\u2019adaptent automatiquement, comme notre syst\u00e8me de fr\u00e9quences qui g\u00e8re les interf\u00e9rences pour garantir un son stable. La deuxi\u00e8me est la facilit\u00e9 d\u2019utilisation. Les produits deviennent plus intuitifs et s\u2019adaptent au style de vie de l\u2019utilisateur. La troisi\u00e8me tendance est l\u2019int\u00e9gration aux \u00e9cosyst\u00e8mes, comme le fait de connecter nos produits \u00e0 des plateformes logicielles ou \u00e0 des syst\u00e8mes de communication.<\/p>\n<p><strong>&#8211; \u00c0 titre personnel, que signifie l\u2019audio pour vous ? Pourriez-vous vivre sans votre ou\u00efe ?<\/strong><br \/>\n<strong>D. S. &#8211;<\/strong> Ce serait tr\u00e8s difficile. L\u2019ou\u00efe est directement li\u00e9e \u00e0 nos \u00e9motions. Alors que la vue est plus analytique, l\u2019ou\u00efe est intuitive et connect\u00e9e \u00e0 notre cerveau \u00e9motionnel. C\u2019est pourquoi nous disons que notre m\u00e9tier n\u2019est pas seulement de cr\u00e9er le meilleur son, mais de cr\u00e9er des \u00ab moments de chair de poule \u00bb. L\u2019ou\u00efe est si importante que je pense que je pourrais vivre plus facilement sans la vue.<\/p>\n","protected":false},"excerpt":{"rendered":"<p>Forbes Belgique a rencontr\u00e9 en exclusivit\u00e9 Daniel et Andreas Sennheiser. Fr\u00e8res au civil, g\u00e9nies cr\u00e9atifs et co-CEO du groupe Sennheiser. Depuis 80 ans, Sennheiser fa\u00e7onne l\u2019avenir de l\u2019audio. Cr\u00e9\u00e9 au sortir de la Seconde Guerre mondiale par le Dr. Fritz Sennheiser, Sennheiser est aujourd\u2019hui l\u2019une des plus grandes entreprises de technologie audio au monde. On [&hellip;]<\/p>\n","protected":false},"author":49,"featured_media":12879,"comment_status":"closed","ping_status":"closed","sticky":false,"template":"","format":"standard","meta":{"_acf_changed":false,"inline_featured_image":false,"footnotes":""},"categories":[1,75,15,18],"tags":[],"class_list":{"0":"post-12530","1":"post","2":"type-post","3":"status-publish","4":"format-standard","5":"has-post-thumbnail","7":"category-actualite","8":"category-entreprise","9":"category-leadership","10":"category-luxe"},"acf":[],"_yoast_wpseo_title":null,"_yoast_wpseo_metadesc":"Les fr\u00e8res Daniel et Andreas Sennheiser, co-CEO du g\u00e9ant allemand de l\u2019audio, d\u00e9voilent \u00e0 Forbes Belgique leur vision familiale de l\u2019innovation et du son du futur.","auteur_traducteur":"","yoast_head":"<!-- This site is optimized with the Yoast SEO plugin v27.4 - https:\/\/yoast.com\/product\/yoast-seo-wordpress\/ -->\n<title>Daniel et Andreas Sennheiser : \u00ab Nos ing\u00e9nieurs ont la libert\u00e9 d\u2019avoir des id\u00e9es folles \u00bb | Forbes Belgique<\/title>\n<meta name=\"description\" content=\"Les fr\u00e8res Daniel et Andreas Sennheiser, co-CEO du g\u00e9ant allemand de l\u2019audio, d\u00e9voilent \u00e0 Forbes Belgique leur vision familiale de l\u2019innovation et du son du futur.\" \/>\n<meta name=\"robots\" content=\"index, follow, max-snippet:-1, max-image-preview:large, max-video-preview:-1\" \/>\n<link rel=\"canonical\" href=\"https:\/\/www.forbes.be\/fr\/daniel-et-andreas-sennheiser-nos-ingenieurs-ont-la-liberte-davoir-des-idees-folles\/\" \/>\n<meta property=\"og:locale\" content=\"fr_FR\" \/>\n<meta property=\"og:type\" content=\"article\" \/>\n<meta property=\"og:title\" content=\"Daniel et Andreas Sennheiser : \u00ab Nos ing\u00e9nieurs ont la libert\u00e9 d\u2019avoir des id\u00e9es folles \u00bb | Forbes Belgique\" \/>\n<meta property=\"og:description\" content=\"Les fr\u00e8res Daniel et Andreas Sennheiser, co-CEO du g\u00e9ant allemand de l\u2019audio, d\u00e9voilent \u00e0 Forbes Belgique leur vision familiale de l\u2019innovation et du son du futur.\" \/>\n<meta property=\"og:url\" content=\"https:\/\/www.forbes.be\/fr\/daniel-et-andreas-sennheiser-nos-ingenieurs-ont-la-liberte-davoir-des-idees-folles\/\" \/>\n<meta property=\"og:site_name\" content=\"Forbes Belgique\" \/>\n<meta property=\"article:publisher\" content=\"https:\/\/www.facebook.com\/forbesbelgique\/\" \/>\n<meta property=\"article:published_time\" content=\"2025-10-15T05:46:51+00:00\" \/>\n<meta property=\"article:modified_time\" content=\"2025-10-15T08:24:54+00:00\" \/>\n<meta property=\"og:image\" content=\"https:\/\/www.forbes.be\/fr\/wp-content\/uploads\/2025\/10\/portrait-co-ceos-daniel-and-andreas-sennheiser-2017-scaled.jpg\" \/>\n\t<meta property=\"og:image:width\" content=\"2560\" \/>\n\t<meta property=\"og:image:height\" content=\"1701\" \/>\n\t<meta property=\"og:image:type\" content=\"image\/jpeg\" \/>\n<meta name=\"author\" content=\"Rafal Naczyk\" \/>\n<meta name=\"twitter:card\" content=\"summary_large_image\" \/>\n<meta name=\"twitter:label1\" content=\"\u00c9crit par\" \/>\n\t<meta name=\"twitter:data1\" content=\"Rafal Naczyk\" \/>\n\t<meta name=\"twitter:label2\" content=\"Dur\u00e9e de lecture estim\u00e9e\" \/>\n\t<meta name=\"twitter:data2\" content=\"7 minutes\" \/>\n<script type=\"application\/ld+json\" class=\"yoast-schema-graph\">{\"@context\":\"https:\\\/\\\/schema.org\",\"@graph\":[{\"@type\":\"NewsArticle\",\"@id\":\"https:\\\/\\\/www.forbes.be\\\/fr\\\/daniel-et-andreas-sennheiser-nos-ingenieurs-ont-la-liberte-davoir-des-idees-folles\\\/#article\",\"isPartOf\":{\"@id\":\"https:\\\/\\\/www.forbes.be\\\/fr\\\/daniel-et-andreas-sennheiser-nos-ingenieurs-ont-la-liberte-davoir-des-idees-folles\\\/\"},\"author\":{\"name\":\"Rafal Naczyk\",\"@id\":\"https:\\\/\\\/www.forbes.be\\\/fr\\\/#\\\/schema\\\/person\\\/9b2e95eeb5b79dd5578677bd44db941b\"},\"headline\":\"Daniel et Andreas Sennheiser : \u00ab Nos ing\u00e9nieurs ont la libert\u00e9 d\u2019avoir des id\u00e9es folles \u00bb\",\"datePublished\":\"2025-10-15T05:46:51+00:00\",\"dateModified\":\"2025-10-15T08:24:54+00:00\",\"mainEntityOfPage\":{\"@id\":\"https:\\\/\\\/www.forbes.be\\\/fr\\\/daniel-et-andreas-sennheiser-nos-ingenieurs-ont-la-liberte-davoir-des-idees-folles\\\/\"},\"wordCount\":1189,\"publisher\":{\"@id\":\"https:\\\/\\\/www.forbes.be\\\/fr\\\/#organization\"},\"image\":{\"@id\":\"https:\\\/\\\/www.forbes.be\\\/fr\\\/daniel-et-andreas-sennheiser-nos-ingenieurs-ont-la-liberte-davoir-des-idees-folles\\\/#primaryimage\"},\"thumbnailUrl\":\"https:\\\/\\\/www.forbes.be\\\/fr\\\/wp-content\\\/uploads\\\/2025\\\/10\\\/portrait-co-ceos-daniel-and-andreas-sennheiser-2017-scaled-e1760523046135.jpg\",\"articleSection\":[\"Actualit\u00e9s\",\"Entreprise\",\"Leadership\",\"Luxe\"],\"inLanguage\":\"fr-FR\"},{\"@type\":\"WebPage\",\"@id\":\"https:\\\/\\\/www.forbes.be\\\/fr\\\/daniel-et-andreas-sennheiser-nos-ingenieurs-ont-la-liberte-davoir-des-idees-folles\\\/\",\"url\":\"https:\\\/\\\/www.forbes.be\\\/fr\\\/daniel-et-andreas-sennheiser-nos-ingenieurs-ont-la-liberte-davoir-des-idees-folles\\\/\",\"name\":\"Daniel et Andreas Sennheiser : \u00ab Nos ing\u00e9nieurs ont la libert\u00e9 d\u2019avoir des id\u00e9es folles \u00bb | Forbes Belgique\",\"isPartOf\":{\"@id\":\"https:\\\/\\\/www.forbes.be\\\/fr\\\/#website\"},\"primaryImageOfPage\":{\"@id\":\"https:\\\/\\\/www.forbes.be\\\/fr\\\/daniel-et-andreas-sennheiser-nos-ingenieurs-ont-la-liberte-davoir-des-idees-folles\\\/#primaryimage\"},\"image\":{\"@id\":\"https:\\\/\\\/www.forbes.be\\\/fr\\\/daniel-et-andreas-sennheiser-nos-ingenieurs-ont-la-liberte-davoir-des-idees-folles\\\/#primaryimage\"},\"thumbnailUrl\":\"https:\\\/\\\/www.forbes.be\\\/fr\\\/wp-content\\\/uploads\\\/2025\\\/10\\\/portrait-co-ceos-daniel-and-andreas-sennheiser-2017-scaled-e1760523046135.jpg\",\"datePublished\":\"2025-10-15T05:46:51+00:00\",\"dateModified\":\"2025-10-15T08:24:54+00:00\",\"description\":\"Les fr\u00e8res Daniel et Andreas Sennheiser, co-CEO du g\u00e9ant allemand de l\u2019audio, d\u00e9voilent \u00e0 Forbes Belgique leur vision familiale de l\u2019innovation et du son du futur.\",\"breadcrumb\":{\"@id\":\"https:\\\/\\\/www.forbes.be\\\/fr\\\/daniel-et-andreas-sennheiser-nos-ingenieurs-ont-la-liberte-davoir-des-idees-folles\\\/#breadcrumb\"},\"inLanguage\":\"fr-FR\",\"potentialAction\":[{\"@type\":\"ReadAction\",\"target\":[\"https:\\\/\\\/www.forbes.be\\\/fr\\\/daniel-et-andreas-sennheiser-nos-ingenieurs-ont-la-liberte-davoir-des-idees-folles\\\/\"]}]},{\"@type\":\"ImageObject\",\"inLanguage\":\"fr-FR\",\"@id\":\"https:\\\/\\\/www.forbes.be\\\/fr\\\/daniel-et-andreas-sennheiser-nos-ingenieurs-ont-la-liberte-davoir-des-idees-folles\\\/#primaryimage\",\"url\":\"https:\\\/\\\/www.forbes.be\\\/fr\\\/wp-content\\\/uploads\\\/2025\\\/10\\\/portrait-co-ceos-daniel-and-andreas-sennheiser-2017-scaled-e1760523046135.jpg\",\"contentUrl\":\"https:\\\/\\\/www.forbes.be\\\/fr\\\/wp-content\\\/uploads\\\/2025\\\/10\\\/portrait-co-ceos-daniel-and-andreas-sennheiser-2017-scaled-e1760523046135.jpg\",\"width\":2560,\"height\":1340,\"caption\":\"Sennheiser, Wedemark, Daniel und Andreas Sennheiser\"},{\"@type\":\"BreadcrumbList\",\"@id\":\"https:\\\/\\\/www.forbes.be\\\/fr\\\/daniel-et-andreas-sennheiser-nos-ingenieurs-ont-la-liberte-davoir-des-idees-folles\\\/#breadcrumb\",\"itemListElement\":[{\"@type\":\"ListItem\",\"position\":1,\"name\":\"Accueil\",\"item\":\"https:\\\/\\\/www.forbes.be\\\/fr\\\/\"},{\"@type\":\"ListItem\",\"position\":2,\"name\":\"Daniel et Andreas Sennheiser : \u00ab Nos ing\u00e9nieurs ont la libert\u00e9 d\u2019avoir des id\u00e9es folles \u00bb\"}]},{\"@type\":\"WebSite\",\"@id\":\"https:\\\/\\\/www.forbes.be\\\/fr\\\/#website\",\"url\":\"https:\\\/\\\/www.forbes.be\\\/fr\\\/\",\"name\":\"Forbes Belgique\",\"description\":\"\",\"publisher\":{\"@id\":\"https:\\\/\\\/www.forbes.be\\\/fr\\\/#organization\"},\"potentialAction\":[{\"@type\":\"SearchAction\",\"target\":{\"@type\":\"EntryPoint\",\"urlTemplate\":\"https:\\\/\\\/www.forbes.be\\\/fr\\\/?s={search_term_string}\"},\"query-input\":{\"@type\":\"PropertyValueSpecification\",\"valueRequired\":true,\"valueName\":\"search_term_string\"}}],\"inLanguage\":\"fr-FR\"},{\"@type\":\"Organization\",\"@id\":\"https:\\\/\\\/www.forbes.be\\\/fr\\\/#organization\",\"name\":\"Forbes Belgique\",\"url\":\"https:\\\/\\\/www.forbes.be\\\/fr\\\/\",\"logo\":{\"@type\":\"ImageObject\",\"inLanguage\":\"fr-FR\",\"@id\":\"https:\\\/\\\/www.forbes.be\\\/fr\\\/#\\\/schema\\\/logo\\\/image\\\/\",\"url\":\"https:\\\/\\\/www.forbes.be\\\/fr\\\/wp-content\\\/uploads\\\/2024\\\/02\\\/forbes.be_.png\",\"contentUrl\":\"https:\\\/\\\/www.forbes.be\\\/fr\\\/wp-content\\\/uploads\\\/2024\\\/02\\\/forbes.be_.png\",\"width\":1200,\"height\":675,\"caption\":\"Forbes Belgique\"},\"image\":{\"@id\":\"https:\\\/\\\/www.forbes.be\\\/fr\\\/#\\\/schema\\\/logo\\\/image\\\/\"},\"sameAs\":[\"https:\\\/\\\/www.facebook.com\\\/forbesbelgique\\\/\",\"https:\\\/\\\/www.instagram.com\\\/Forbes_Belgium\",\"https:\\\/\\\/www.linkedin.com\\\/company\\\/forbes-belgium\\\/\"]},{\"@type\":\"Person\",\"@id\":\"https:\\\/\\\/www.forbes.be\\\/fr\\\/#\\\/schema\\\/person\\\/9b2e95eeb5b79dd5578677bd44db941b\",\"name\":\"Rafal Naczyk\",\"image\":{\"@type\":\"ImageObject\",\"inLanguage\":\"fr-FR\",\"@id\":\"https:\\\/\\\/secure.gravatar.com\\\/avatar\\\/5db830a2d409f6449e4533a95f20252d3ab0781a8092648a702f985353cdd574?s=96&d=mm&r=g\",\"url\":\"https:\\\/\\\/secure.gravatar.com\\\/avatar\\\/5db830a2d409f6449e4533a95f20252d3ab0781a8092648a702f985353cdd574?s=96&d=mm&r=g\",\"contentUrl\":\"https:\\\/\\\/secure.gravatar.com\\\/avatar\\\/5db830a2d409f6449e4533a95f20252d3ab0781a8092648a702f985353cdd574?s=96&d=mm&r=g\",\"caption\":\"Rafal Naczyk\"},\"url\":\"https:\\\/\\\/www.forbes.be\\\/fr\\\/author\\\/rafal-naczykgmail-com\\\/\"}]}<\/script>\n<!-- \/ Yoast SEO plugin. -->","yoast_head_json":{"title":"Daniel et Andreas Sennheiser : \u00ab Nos ing\u00e9nieurs ont la libert\u00e9 d\u2019avoir des id\u00e9es folles \u00bb | Forbes Belgique","description":"Les fr\u00e8res Daniel et Andreas Sennheiser, co-CEO du g\u00e9ant allemand de l\u2019audio, d\u00e9voilent \u00e0 Forbes Belgique leur vision familiale de l\u2019innovation et du son du futur.","robots":{"index":"index","follow":"follow","max-snippet":"max-snippet:-1","max-image-preview":"max-image-preview:large","max-video-preview":"max-video-preview:-1"},"canonical":"https:\/\/www.forbes.be\/fr\/daniel-et-andreas-sennheiser-nos-ingenieurs-ont-la-liberte-davoir-des-idees-folles\/","og_locale":"fr_FR","og_type":"article","og_title":"Daniel et Andreas Sennheiser : \u00ab Nos ing\u00e9nieurs ont la libert\u00e9 d\u2019avoir des id\u00e9es folles \u00bb | Forbes Belgique","og_description":"Les fr\u00e8res Daniel et Andreas Sennheiser, co-CEO du g\u00e9ant allemand de l\u2019audio, d\u00e9voilent \u00e0 Forbes Belgique leur vision familiale de l\u2019innovation et du son du futur.","og_url":"https:\/\/www.forbes.be\/fr\/daniel-et-andreas-sennheiser-nos-ingenieurs-ont-la-liberte-davoir-des-idees-folles\/","og_site_name":"Forbes Belgique","article_publisher":"https:\/\/www.facebook.com\/forbesbelgique\/","article_published_time":"2025-10-15T05:46:51+00:00","article_modified_time":"2025-10-15T08:24:54+00:00","og_image":[{"width":2560,"height":1701,"url":"https:\/\/www.forbes.be\/fr\/wp-content\/uploads\/2025\/10\/portrait-co-ceos-daniel-and-andreas-sennheiser-2017-scaled.jpg","type":"image\/jpeg"}],"author":"Rafal Naczyk","twitter_card":"summary_large_image","twitter_misc":{"\u00c9crit par":"Rafal Naczyk","Dur\u00e9e de lecture estim\u00e9e":"7 minutes"},"schema":{"@context":"https:\/\/schema.org","@graph":[{"@type":"NewsArticle","@id":"https:\/\/www.forbes.be\/fr\/daniel-et-andreas-sennheiser-nos-ingenieurs-ont-la-liberte-davoir-des-idees-folles\/#article","isPartOf":{"@id":"https:\/\/www.forbes.be\/fr\/daniel-et-andreas-sennheiser-nos-ingenieurs-ont-la-liberte-davoir-des-idees-folles\/"},"author":{"name":"Rafal Naczyk","@id":"https:\/\/www.forbes.be\/fr\/#\/schema\/person\/9b2e95eeb5b79dd5578677bd44db941b"},"headline":"Daniel et Andreas Sennheiser : \u00ab Nos ing\u00e9nieurs ont la libert\u00e9 d\u2019avoir des id\u00e9es folles \u00bb","datePublished":"2025-10-15T05:46:51+00:00","dateModified":"2025-10-15T08:24:54+00:00","mainEntityOfPage":{"@id":"https:\/\/www.forbes.be\/fr\/daniel-et-andreas-sennheiser-nos-ingenieurs-ont-la-liberte-davoir-des-idees-folles\/"},"wordCount":1189,"publisher":{"@id":"https:\/\/www.forbes.be\/fr\/#organization"},"image":{"@id":"https:\/\/www.forbes.be\/fr\/daniel-et-andreas-sennheiser-nos-ingenieurs-ont-la-liberte-davoir-des-idees-folles\/#primaryimage"},"thumbnailUrl":"https:\/\/www.forbes.be\/fr\/wp-content\/uploads\/2025\/10\/portrait-co-ceos-daniel-and-andreas-sennheiser-2017-scaled-e1760523046135.jpg","articleSection":["Actualit\u00e9s","Entreprise","Leadership","Luxe"],"inLanguage":"fr-FR"},{"@type":"WebPage","@id":"https:\/\/www.forbes.be\/fr\/daniel-et-andreas-sennheiser-nos-ingenieurs-ont-la-liberte-davoir-des-idees-folles\/","url":"https:\/\/www.forbes.be\/fr\/daniel-et-andreas-sennheiser-nos-ingenieurs-ont-la-liberte-davoir-des-idees-folles\/","name":"Daniel et Andreas Sennheiser : \u00ab Nos ing\u00e9nieurs ont la libert\u00e9 d\u2019avoir des id\u00e9es folles \u00bb | Forbes Belgique","isPartOf":{"@id":"https:\/\/www.forbes.be\/fr\/#website"},"primaryImageOfPage":{"@id":"https:\/\/www.forbes.be\/fr\/daniel-et-andreas-sennheiser-nos-ingenieurs-ont-la-liberte-davoir-des-idees-folles\/#primaryimage"},"image":{"@id":"https:\/\/www.forbes.be\/fr\/daniel-et-andreas-sennheiser-nos-ingenieurs-ont-la-liberte-davoir-des-idees-folles\/#primaryimage"},"thumbnailUrl":"https:\/\/www.forbes.be\/fr\/wp-content\/uploads\/2025\/10\/portrait-co-ceos-daniel-and-andreas-sennheiser-2017-scaled-e1760523046135.jpg","datePublished":"2025-10-15T05:46:51+00:00","dateModified":"2025-10-15T08:24:54+00:00","description":"Les fr\u00e8res Daniel et Andreas Sennheiser, co-CEO du g\u00e9ant allemand de l\u2019audio, d\u00e9voilent \u00e0 Forbes Belgique leur vision familiale de l\u2019innovation et du son du futur.","breadcrumb":{"@id":"https:\/\/www.forbes.be\/fr\/daniel-et-andreas-sennheiser-nos-ingenieurs-ont-la-liberte-davoir-des-idees-folles\/#breadcrumb"},"inLanguage":"fr-FR","potentialAction":[{"@type":"ReadAction","target":["https:\/\/www.forbes.be\/fr\/daniel-et-andreas-sennheiser-nos-ingenieurs-ont-la-liberte-davoir-des-idees-folles\/"]}]},{"@type":"ImageObject","inLanguage":"fr-FR","@id":"https:\/\/www.forbes.be\/fr\/daniel-et-andreas-sennheiser-nos-ingenieurs-ont-la-liberte-davoir-des-idees-folles\/#primaryimage","url":"https:\/\/www.forbes.be\/fr\/wp-content\/uploads\/2025\/10\/portrait-co-ceos-daniel-and-andreas-sennheiser-2017-scaled-e1760523046135.jpg","contentUrl":"https:\/\/www.forbes.be\/fr\/wp-content\/uploads\/2025\/10\/portrait-co-ceos-daniel-and-andreas-sennheiser-2017-scaled-e1760523046135.jpg","width":2560,"height":1340,"caption":"Sennheiser, Wedemark, Daniel und Andreas Sennheiser"},{"@type":"BreadcrumbList","@id":"https:\/\/www.forbes.be\/fr\/daniel-et-andreas-sennheiser-nos-ingenieurs-ont-la-liberte-davoir-des-idees-folles\/#breadcrumb","itemListElement":[{"@type":"ListItem","position":1,"name":"Accueil","item":"https:\/\/www.forbes.be\/fr\/"},{"@type":"ListItem","position":2,"name":"Daniel et Andreas Sennheiser : \u00ab Nos ing\u00e9nieurs ont la libert\u00e9 d\u2019avoir des id\u00e9es folles \u00bb"}]},{"@type":"WebSite","@id":"https:\/\/www.forbes.be\/fr\/#website","url":"https:\/\/www.forbes.be\/fr\/","name":"Forbes Belgique","description":"","publisher":{"@id":"https:\/\/www.forbes.be\/fr\/#organization"},"potentialAction":[{"@type":"SearchAction","target":{"@type":"EntryPoint","urlTemplate":"https:\/\/www.forbes.be\/fr\/?s={search_term_string}"},"query-input":{"@type":"PropertyValueSpecification","valueRequired":true,"valueName":"search_term_string"}}],"inLanguage":"fr-FR"},{"@type":"Organization","@id":"https:\/\/www.forbes.be\/fr\/#organization","name":"Forbes Belgique","url":"https:\/\/www.forbes.be\/fr\/","logo":{"@type":"ImageObject","inLanguage":"fr-FR","@id":"https:\/\/www.forbes.be\/fr\/#\/schema\/logo\/image\/","url":"https:\/\/www.forbes.be\/fr\/wp-content\/uploads\/2024\/02\/forbes.be_.png","contentUrl":"https:\/\/www.forbes.be\/fr\/wp-content\/uploads\/2024\/02\/forbes.be_.png","width":1200,"height":675,"caption":"Forbes Belgique"},"image":{"@id":"https:\/\/www.forbes.be\/fr\/#\/schema\/logo\/image\/"},"sameAs":["https:\/\/www.facebook.com\/forbesbelgique\/","https:\/\/www.instagram.com\/Forbes_Belgium","https:\/\/www.linkedin.com\/company\/forbes-belgium\/"]},{"@type":"Person","@id":"https:\/\/www.forbes.be\/fr\/#\/schema\/person\/9b2e95eeb5b79dd5578677bd44db941b","name":"Rafal Naczyk","image":{"@type":"ImageObject","inLanguage":"fr-FR","@id":"https:\/\/secure.gravatar.com\/avatar\/5db830a2d409f6449e4533a95f20252d3ab0781a8092648a702f985353cdd574?s=96&d=mm&r=g","url":"https:\/\/secure.gravatar.com\/avatar\/5db830a2d409f6449e4533a95f20252d3ab0781a8092648a702f985353cdd574?s=96&d=mm&r=g","contentUrl":"https:\/\/secure.gravatar.com\/avatar\/5db830a2d409f6449e4533a95f20252d3ab0781a8092648a702f985353cdd574?s=96&d=mm&r=g","caption":"Rafal Naczyk"},"url":"https:\/\/www.forbes.be\/fr\/author\/rafal-naczykgmail-com\/"}]}},"_links":{"self":[{"href":"https:\/\/www.forbes.be\/fr\/wp-json\/wp\/v2\/posts\/12530","targetHints":{"allow":["GET"]}}],"collection":[{"href":"https:\/\/www.forbes.be\/fr\/wp-json\/wp\/v2\/posts"}],"about":[{"href":"https:\/\/www.forbes.be\/fr\/wp-json\/wp\/v2\/types\/post"}],"author":[{"embeddable":true,"href":"https:\/\/www.forbes.be\/fr\/wp-json\/wp\/v2\/users\/49"}],"replies":[{"embeddable":true,"href":"https:\/\/www.forbes.be\/fr\/wp-json\/wp\/v2\/comments?post=12530"}],"version-history":[{"count":3,"href":"https:\/\/www.forbes.be\/fr\/wp-json\/wp\/v2\/posts\/12530\/revisions"}],"predecessor-version":[{"id":12881,"href":"https:\/\/www.forbes.be\/fr\/wp-json\/wp\/v2\/posts\/12530\/revisions\/12881"}],"wp:featuredmedia":[{"embeddable":true,"href":"https:\/\/www.forbes.be\/fr\/wp-json\/wp\/v2\/media\/12879"}],"wp:attachment":[{"href":"https:\/\/www.forbes.be\/fr\/wp-json\/wp\/v2\/media?parent=12530"}],"wp:term":[{"taxonomy":"category","embeddable":true,"href":"https:\/\/www.forbes.be\/fr\/wp-json\/wp\/v2\/categories?post=12530"},{"taxonomy":"post_tag","embeddable":true,"href":"https:\/\/www.forbes.be\/fr\/wp-json\/wp\/v2\/tags?post=12530"}],"curies":[{"name":"wp","href":"https:\/\/api.w.org\/{rel}","templated":true}]}}