{"id":12544,"date":"2025-09-26T07:15:26","date_gmt":"2025-09-26T05:15:26","guid":{"rendered":"https:\/\/www.forbes.be\/fr\/?p=12544"},"modified":"2025-09-26T12:14:53","modified_gmt":"2025-09-26T10:14:53","slug":"residences-secondaires-en-suisse-ce-que-la-votation-du-28-septembre-changera-pour-les-belges-proprietaires-en-suisse","status":"publish","type":"post","link":"https:\/\/www.forbes.be\/fr\/residences-secondaires-en-suisse-ce-que-la-votation-du-28-septembre-changera-pour-les-belges-proprietaires-en-suisse\/","title":{"rendered":"R\u00e9sidences secondaires en Suisse : ce que la votation du 28 septembre changera pour les Belges propri\u00e9taires en Suisse"},"content":{"rendered":"<p><strong>Une votation fiscale rare secoue la Suisse ce 28 septembre. Au c\u0153ur du d\u00e9bat : la fin de la valeur locative, avec des cons\u00e9quences imm\u00e9diates pour les Belges poss\u00e9dant un bien immobilier sur le sol helv\u00e9tique.<\/strong><\/p>\n<p>Pas un jour ne s\u2019\u00e9coule en <strong>Suisse<\/strong> sans que la \u00ab\u00a0<strong>valeur locative<\/strong>\u00a0\u00bb ne soit dans les d\u00e9bats. Et ceux-ci ne font que s\u2019intensifier \u00e0 l\u2019approche du 28 septembre 2025, date fatidique de la <strong>votation f\u00e9d\u00e9rale<\/strong> qui d\u00e9cidera peut-\u00eatre de son abolition. Le sujet passionne car il touche \u00e0 des th\u00e8mes sensibles : logement, fiscalit\u00e9, \u00e9galit\u00e9 entre propri\u00e9taires et locataires, et m\u00eame \u00e9cologie. Il illustre un nouveau \u00ab\u00a0<em>R\u00f6stigraben<\/em>\u00a0\u00bb dont la <strong>Suisse<\/strong> a l\u2019art, non pas entre cantons romands et al\u00e9maniques mais entre cantons de plaine et de montagne. Les premiers veulent son abolition d\u00e9non\u00e7ant un imp\u00f4t jug\u00e9 injuste et dont les d\u00e9ductions possibles incitent \u00e0 l\u2019endettement des familles. Les seconds non, craignant pour leurs <strong>recettes fiscales<\/strong>.<\/p>\n<p>L\u2019enjeu d\u00e9passe les fronti\u00e8res helv\u00e9tiques : de nombreux <strong>r\u00e9sidents belges<\/strong> (les Belges) sont <strong>propri\u00e9taires<\/strong> d\u2019un chalet ou appartement en <strong>Valais<\/strong>, dans le <strong>Vaud<\/strong>, les <strong>Grisons<\/strong> ou le <strong>Tessin<\/strong>. Ils sont directement concern\u00e9s par cet enjeu national suisse aux cons\u00e9quences internationales.<\/p>\n<h2>La valeur locative : un imp\u00f4t r\u00e9el d\u2019un revenu fictif<\/h2>\n<p>Le syst\u00e8me de la \u00ab\u00a0<strong>valeur locative<\/strong>\u00a0\u00bb\u00a0repose sur une <strong>singularit\u00e9 suisse<\/strong> : imposer les <strong>propri\u00e9taires<\/strong> occupant leur logement comme s\u2019ils le louaient \u00e0 un tiers. Un <strong>loyer fictif<\/strong>, apr\u00e8s certaines d\u00e9ductions, est rajout\u00e9 aux autres revenus du <strong>contribuable<\/strong> et impos\u00e9. De quel montant ? De la \u00ab\u00a0<strong>valeur locative<\/strong>\u00a0\u00bb\u00a0du bien en question, \u00e9tant en th\u00e9orie le montant que le <strong>propri\u00e9taire<\/strong> aurait pu percevoir d\u2019un <strong>locataire<\/strong> hypoth\u00e9tique. En pratique, elle est souvent plus basse et est d\u00e9termin\u00e9e par chaque canton. Finalit\u00e9 du syst\u00e8me ? Mettre sur pied d\u2019\u00e9galit\u00e9 <strong>propri\u00e9taires<\/strong> et <strong>locataires<\/strong>. Les premiers habitent leur logement, \u00e9conomisent un loyer et peuvent faire valoir des <strong>d\u00e9ductions fiscales<\/strong> en tant que propri\u00e9taires (ex : frais d\u2019entretien et int\u00e9r\u00eats hypoth\u00e9caires). Les seconds paient un loyer mais ne peuvent pas faire valoir de telles d\u00e9ductions. Pour r\u00e9tablir l\u2019\u00e9quilibre, le l<strong>\u00e9gislateur suisse<\/strong> a pr\u00e9vu de reconna\u00eetre un revenu fictif imposable aupr\u00e8s des premiers.<\/p>\n<figure id=\"attachment_12581\" aria-describedby=\"caption-attachment-12581\" style=\"width: 2560px\" class=\"wp-caption alignnone\"><img loading=\"lazy\" decoding=\"async\" class=\"size-full wp-image-12581\" src=\"https:\/\/www.forbes.be\/fr\/wp-content\/uploads\/2025\/09\/shutterstock-2409729075-scaled.jpg\" alt=\"\" width=\"2560\" height=\"1707\" srcset=\"https:\/\/www.forbes.be\/fr\/wp-content\/uploads\/2025\/09\/shutterstock-2409729075-scaled.jpg 2560w, https:\/\/www.forbes.be\/fr\/wp-content\/uploads\/2025\/09\/shutterstock-2409729075-300x200.jpg 300w, https:\/\/www.forbes.be\/fr\/wp-content\/uploads\/2025\/09\/shutterstock-2409729075-1024x683.jpg 1024w, https:\/\/www.forbes.be\/fr\/wp-content\/uploads\/2025\/09\/shutterstock-2409729075-768x512.jpg 768w, https:\/\/www.forbes.be\/fr\/wp-content\/uploads\/2025\/09\/shutterstock-2409729075-1536x1024.jpg 1536w, https:\/\/www.forbes.be\/fr\/wp-content\/uploads\/2025\/09\/shutterstock-2409729075-2048x1365.jpg 2048w, https:\/\/www.forbes.be\/fr\/wp-content\/uploads\/2025\/09\/shutterstock-2409729075-696x464.jpg 696w, https:\/\/www.forbes.be\/fr\/wp-content\/uploads\/2025\/09\/shutterstock-2409729075-1068x712.jpg 1068w, https:\/\/www.forbes.be\/fr\/wp-content\/uploads\/2025\/09\/shutterstock-2409729075-1920x1280.jpg 1920w, https:\/\/www.forbes.be\/fr\/wp-content\/uploads\/2025\/09\/shutterstock-2409729075-600x400.jpg 600w\" sizes=\"auto, (max-width: 2560px) 100vw, 2560px\" \/><figcaption id=\"caption-attachment-12581\" class=\"wp-caption-text\">Le parlement de la Conf\u00e9d\u00e9ration suisse \u00e0 Berne \u00a9 DR\/Shutterstock.com<\/figcaption><\/figure>\n<p>Pour un <strong>Belge propri\u00e9taire<\/strong> d\u2019un bien en <strong>Suisse<\/strong>, la <strong>fiscalit\u00e9<\/strong> sur le <strong>revenu suisse<\/strong> est aussi bas\u00e9e sur la \u00ab\u00a0<strong>valeur locative<\/strong>\u00a0\u00bb\u00a0attribu\u00e9e \u00e0 son bien. Il doit la d\u00e9clarer dans sa <strong>d\u00e9claration fiscale annuelle cantonale<\/strong> pour les <strong>imp\u00f4ts sur le revenu<\/strong> aux niveaux f\u00e9d\u00e9ral, cantonal et communal. En contrepartie, il peut d\u00e9duire certains frais et int\u00e9r\u00eats hypoth\u00e9caires.<\/p>\n<p>Sur le plan international, la <strong>Convention fiscale belgo-suisse<\/strong> permet bien \u00e0 la <strong>Suisse<\/strong> d\u2019imposer le <strong>Belge<\/strong> pour un bien situ\u00e9 sur son territoire. En Belgique, le <strong>revenu cadastral<\/strong> du bien attribu\u00e9 par l\u2019Administration fiscale belge est exon\u00e9r\u00e9 mais pris en compte pour d\u00e9terminer le taux effectif appliqu\u00e9 aux autres revenus impos\u00e9s en Belgique.<\/p>\n<p>Depuis des d\u00e9cennies en <strong>Suisse<\/strong>, le syst\u00e8me de la \u00ab\u00a0<strong>valeur locative<\/strong>\u00a0\u00bb suscite des critiques. Beaucoup le juge injuste. Injuste de payer un <strong>imp\u00f4t sur un revenu imaginaire<\/strong>. Or, paradoxalement la <strong>Suisse<\/strong> compte pourtant 2\/3 de locataires et 1\/3 de propri\u00e9taires, \u00e0 l\u2019exception notoire du <strong>Valais<\/strong> o\u00f9 c\u2019est l\u2019inverse. Son futur sera d\u00e9cid\u00e9 sur la place publique le 28 septembre prochain.<\/p>\n<p>Si l\u2019issue semble ind\u00e9cise jusqu\u2019au bout, la <strong>votation<\/strong> est particuli\u00e8rement biscornue. Accrochez-vous. Officiellement, elle porte sur une modification constitutionnelle permettant l\u2019introduction d\u2019un <strong>nouvel imp\u00f4t cantonal immobilier sp\u00e9cial<\/strong> sur les <strong>r\u00e9sidences secondaires<\/strong>. Du fait d\u2019une clause de coordination pr\u00e9vue, deux objets sont li\u00e9s : L\u2019imposition de la \u00ab\u00a0<strong>valeur locative<\/strong>\u00a0\u00bb\u00a0ne sera supprim\u00e9e que si le <strong>nouvel imp\u00f4t immobilier<\/strong> est accept\u00e9 le 28 septembre. Autrement dit, la \u00ab\u00a0<strong>valeur locative<\/strong>\u00a0\u00bb n\u2019est qu\u2019indirectement soumise \u00e0 la votation. Ses partisans devront voter \u00ab\u00a0non\u00a0\u00bb et ses opposants \u00ab\u00a0oui\u00a0\u00bb. Un fameux imbroglio.<\/p>\n<h2>Ce qui changera si la \u00ab\u00a0valeur locative\u00a0\u00bb est abolie<\/h2>\n<p>En cas d\u2019abolition, la \u00ab\u00a0<strong>valeur locative<\/strong>\u00a0\u00bb ne sera plus impos\u00e9e. Mais, en contrepartie, toutes les <strong>d\u00e9ductions fiscales<\/strong> possibles dispara\u00eetront. Pour un <strong>Belge propri\u00e9taire<\/strong> d\u2019un bien financ\u00e9 sans dette, sa situation devrait \u00eatre favorable : moins d\u2019<strong>imp\u00f4t<\/strong> en Suisse et <em>statu quo<\/em> pour l\u2019<strong>imp\u00f4t<\/strong> en Belgique. Si son bien est financ\u00e9 avec une dette et des int\u00e9r\u00eats \u00e0 payer, la perte de <strong>d\u00e9duction<\/strong> pourrait peser. M\u00eame chose si son bien est ancien et n\u00e9cessite des frais d\u2019entretien cons\u00e9quents. Ceux-ci ne seront plus d\u00e9ductibles. D\u2019o\u00f9 les aboiements des opposants \u00e0 l\u2019<strong>abolition<\/strong> : la r\u00e9forme incitera au recours au travail au noir et n\u2019incitera plus \u00e0 l\u2019am\u00e9lioration \u00e9nerg\u00e9tique des biens.<\/p>\n<p>En revanche, chaque <strong>canton<\/strong> pourra instaurer un<strong> nouvel imp\u00f4t sp\u00e9cial sur les r\u00e9sidences secondaires<\/strong>. C\u2019est ici que les incertitudes r\u00e9sident car le taux, l\u2019assiette, les exemptions et les autres modalit\u00e9s d\u00e9pendront du choix de chacun des <strong>l\u00e9gislateurs cantonaux<\/strong>. En th\u00e9orie, il pourrait entrer en vigueur le 1er janvier 2026, mais l\u2019horizon 2028 ou 2029 semble plus r\u00e9aliste.<\/p>\n<h2>Ce qui ne changera pas, qu\u2019importe le r\u00e9sultat de la votation<\/h2>\n<p>Si le bien en <strong>Suisse<\/strong> est lou\u00e9, le <strong>Belge<\/strong> propri\u00e9taire doit et devra toujours d\u00e9clarer en <strong>Suisse<\/strong> les <strong>revenus locatifs<\/strong> per\u00e7us, apr\u00e8s certaines d\u00e9ductions. \u00c0 ce jour, la \u00ab\u00a0<strong>valeur locative<\/strong>\u00a0\u00bb n\u2019est \u00e0 d\u00e9clarer qu\u2019au prorata de la p\u00e9riode non lou\u00e9e. En toute vraisemblance, le nouvel <strong>imp\u00f4t sp\u00e9cial cantonal<\/strong> devrait la remplacer au m\u00eame prorata.<\/p>\n<figure id=\"attachment_12582\" aria-describedby=\"caption-attachment-12582\" style=\"width: 2560px\" class=\"wp-caption alignnone\"><img loading=\"lazy\" decoding=\"async\" class=\"size-full wp-image-12582\" src=\"https:\/\/www.forbes.be\/fr\/wp-content\/uploads\/2025\/09\/shutterstock-2445227663-scaled.jpg\" alt=\"\" width=\"2560\" height=\"1334\" srcset=\"https:\/\/www.forbes.be\/fr\/wp-content\/uploads\/2025\/09\/shutterstock-2445227663-scaled.jpg 2560w, https:\/\/www.forbes.be\/fr\/wp-content\/uploads\/2025\/09\/shutterstock-2445227663-300x156.jpg 300w, https:\/\/www.forbes.be\/fr\/wp-content\/uploads\/2025\/09\/shutterstock-2445227663-1024x534.jpg 1024w, https:\/\/www.forbes.be\/fr\/wp-content\/uploads\/2025\/09\/shutterstock-2445227663-768x400.jpg 768w, https:\/\/www.forbes.be\/fr\/wp-content\/uploads\/2025\/09\/shutterstock-2445227663-1536x801.jpg 1536w, https:\/\/www.forbes.be\/fr\/wp-content\/uploads\/2025\/09\/shutterstock-2445227663-2048x1067.jpg 2048w, https:\/\/www.forbes.be\/fr\/wp-content\/uploads\/2025\/09\/shutterstock-2445227663-696x363.jpg 696w, https:\/\/www.forbes.be\/fr\/wp-content\/uploads\/2025\/09\/shutterstock-2445227663-1068x557.jpg 1068w, https:\/\/www.forbes.be\/fr\/wp-content\/uploads\/2025\/09\/shutterstock-2445227663-1920x1001.jpg 1920w, https:\/\/www.forbes.be\/fr\/wp-content\/uploads\/2025\/09\/shutterstock-2445227663-600x313.jpg 600w\" sizes=\"auto, (max-width: 2560px) 100vw, 2560px\" \/><figcaption id=\"caption-attachment-12582\" class=\"wp-caption-text\">Verbier, station pris\u00e9e des Belges, est concern\u00e9 par la votation de dimanche. \u00a9 DR\/Shutterstock.com<\/figcaption><\/figure>\n<p>Par ailleurs, rien ne changera pour l\u2019<strong>imp\u00f4t suisse sur la fortune<\/strong>. Pr\u00e9lev\u00e9 par les <strong>cantons<\/strong> et communes, il faudra toujours d\u00e9clarer en <strong>Suisse<\/strong>, apr\u00e8s d\u00e9duction d\u2019une \u00e9ventuelle dette hypoth\u00e9caire, les \u00ab\u00a0<strong>valeurs fiscales<\/strong>\u00a0\u00bb\u00a0de son b\u00e2timent et terrain. D\u00e9termin\u00e9es par chaque<strong> canton<\/strong>, ces valeurs sont en r\u00e9alit\u00e9 largement inf\u00e9rieures aux valeurs de march\u00e9.<\/p>\n<h2>Une r\u00e9forme \u00e0 double tranchant<\/h2>\n<p>En conclusion, derri\u00e8re cette <strong>votation<\/strong> en <strong>Suisse<\/strong> se cache en r\u00e9alit\u00e9 une \u00e9quation sensible, aux cons\u00e9quences pour les <strong>propri\u00e9taires non-r\u00e9sidents suisses de biens en Suisse<\/strong>. D\u2019une part, supprimer une <strong>imposition<\/strong> jug\u00e9e injuste et obsol\u00e8te para\u00eet s\u00e9duisant. La derni\u00e8re tentative en 2012 avait cependant \u00e9chou\u00e9 dans les urnes avec 53% de \u00ab\u00a0non\u00a0\u00bb. D\u2019autre part en parall\u00e8le, introduire un <strong>nouvel imp\u00f4t<\/strong>, aux contours encore flous, constitue un saut dans l\u2019inconnu.<\/p>\n<p>Un <strong>nouvel imp\u00f4t<\/strong> est par essence un mauvais signal donn\u00e9. Supprimer un imp\u00f4t pour le remplacer par un autre est rarement favorable aux <strong>contribuables<\/strong>. De surcro\u00eet lorsqu\u2019\u00e0 ce jour nul ne connait en r\u00e9alit\u00e9 vraiment les contours du nouveau. Si l\u2019on rajoute les <strong>d\u00e9ductions fiscales<\/strong> actuelles qui passeront \u00e0 la trappe, la <strong>charge fiscale<\/strong> risque d\u2019augmenter pour les propri\u00e9taires tant r\u00e9sidents suisses que belges. D\u2019autant plus que l\u2019<strong>immobilier<\/strong> en <strong>Suisse<\/strong> est d\u00e9j\u00e0 soumis \u00e0 <strong>plusieurs imp\u00f4ts<\/strong> (fortune, chaque ann\u00e9e ; mutation lorsque son propri\u00e9taire change ; gains immobiliers en cas de vente avec plus-value ; et successions et donations, en cas de d\u00e9c\u00e8s et donation).<\/p>\n<p>Pour ces raisons, l\u2019abolition de la \u00ab\u00a0<strong>valeur locative<\/strong>\u00a0\u00bb pourrait constituer une fausse bonne nouvelle, une victoire \u00e0 la Pyrrhus pour ses partisans. Essentiellement car ce<strong> nouvel imp\u00f4t<\/strong> sp\u00e9cial est un blanc-seing \u00e0 taxer. Abolir la seule \u00ab\u00a0<strong>valeur locative<\/strong>\u00a0\u00bb oui, mais pas avec le menu complet qui est servi aux <strong>Suisses<\/strong> le 28 septembre prochain.<\/p>\n<p>Seul espoir \u00e0 l\u2019horizon dans le cas o\u00f9 le changement serait n\u00e9anmoins d\u00e9cid\u00e9 le 28 septembre prochain, la main pour le <strong>nouvel imp\u00f4t sp\u00e9cial<\/strong> sera laiss\u00e9 aux vingt-six cantons. Ce qui devrait stimuler une <strong>concurrence intercantonale<\/strong>, \u00e0 l\u2019instar des autres <strong>imp\u00f4ts cantonaux<\/strong> sur l\u2019<strong>immobilier<\/strong> (fortune, mutation, gains immobiliers, et successions et donations). Paradoxalement, la <strong>charge fiscale<\/strong> totale d\u2019un <strong>chalet<\/strong> ou <strong>appartement<\/strong> devant les montagnes ou lacs suisses pourrait d\u00e8s lors <em>in fine<\/em> fort bien se retrouver all\u00e9g\u00e9e.<\/p>\n<div style=\"display: block; border: 1px solid #c71f1f; padding: 30px; border-radius: 20px; border-top-left-radius: inherit; border-bottom-right-radius: inherit; margin-top: 30px;\">\n<p><em><strong>Anton van Zantbeek<\/strong> et <strong>Marc-Etienne Baijot<\/strong> sont avocats fiscalistes au sein du cabinet <a href=\"https:\/\/rivus.be\/fr\/home\/\" target=\"_blank\" rel=\"noopener\">Rivus Avocats<\/a>, un cabinet international sp\u00e9cialis\u00e9 en droit fiscal patrimonial ayant des antennes \u00e0 Bruxelles, Gand et Sion (Valais, Suisse).<\/em><\/p>\n<p><em> Me Baijot est dipl\u00f4m\u00e9 en droit fiscal suisse et en droit des successions suisse \u00e0 l&rsquo;Universit\u00e9 de Neuch\u00e2tel.<\/em><\/p>\n<\/div>\n","protected":false},"excerpt":{"rendered":"<p>Une votation fiscale rare secoue la Suisse ce 28 septembre. Au c\u0153ur du d\u00e9bat : la fin de la valeur locative, avec des cons\u00e9quences imm\u00e9diates pour les Belges poss\u00e9dant un bien immobilier sur le sol helv\u00e9tique. Pas un jour ne s\u2019\u00e9coule en Suisse sans que la \u00ab\u00a0valeur locative\u00a0\u00bb ne soit dans les d\u00e9bats. Et ceux-ci [&hellip;]<\/p>\n","protected":false},"author":59,"featured_media":12583,"comment_status":"closed","ping_status":"closed","sticky":false,"template":"","format":"standard","meta":{"_acf_changed":false,"inline_featured_image":false,"footnotes":""},"categories":[24,77],"tags":[],"class_list":{"0":"post-12544","1":"post","2":"type-post","3":"status-publish","4":"format-standard","5":"has-post-thumbnail","7":"category-immobilier","8":"category-international"},"acf":[],"_yoast_wpseo_title":null,"_yoast_wpseo_metadesc":"La Suisse vote le 28 septembre sur l\u2019abolition de la valeur locative, un imp\u00f4t unique au monde. Un enjeu fiscal majeur pour les Belges propri\u00e9taires d\u2019un bien helv\u00e9tique.","auteur_traducteur":"","yoast_head":"<!-- This site is optimized with the Yoast SEO plugin v27.4 - https:\/\/yoast.com\/product\/yoast-seo-wordpress\/ -->\n<title>R\u00e9sidences secondaires en Suisse : ce que la votation du 28 septembre changera pour les Belges propri\u00e9taires en Suisse | Forbes Belgique<\/title>\n<meta name=\"description\" content=\"La Suisse vote le 28 septembre sur l\u2019abolition de la valeur locative, un imp\u00f4t unique au monde. Un enjeu fiscal majeur pour les Belges propri\u00e9taires d\u2019un bien helv\u00e9tique.\" \/>\n<meta name=\"robots\" content=\"index, follow, max-snippet:-1, max-image-preview:large, max-video-preview:-1\" \/>\n<link rel=\"canonical\" href=\"https:\/\/www.forbes.be\/fr\/residences-secondaires-en-suisse-ce-que-la-votation-du-28-septembre-changera-pour-les-belges-proprietaires-en-suisse\/\" \/>\n<meta property=\"og:locale\" content=\"fr_FR\" \/>\n<meta property=\"og:type\" content=\"article\" \/>\n<meta property=\"og:title\" content=\"R\u00e9sidences secondaires en Suisse : ce que la votation du 28 septembre changera pour les Belges propri\u00e9taires en Suisse | Forbes Belgique\" \/>\n<meta property=\"og:description\" content=\"La Suisse vote le 28 septembre sur l\u2019abolition de la valeur locative, un imp\u00f4t unique au monde. Un enjeu fiscal majeur pour les Belges propri\u00e9taires d\u2019un bien helv\u00e9tique.\" \/>\n<meta property=\"og:url\" content=\"https:\/\/www.forbes.be\/fr\/residences-secondaires-en-suisse-ce-que-la-votation-du-28-septembre-changera-pour-les-belges-proprietaires-en-suisse\/\" \/>\n<meta property=\"og:site_name\" content=\"Forbes Belgique\" \/>\n<meta property=\"article:publisher\" content=\"https:\/\/www.facebook.com\/forbesbelgique\/\" \/>\n<meta property=\"article:published_time\" content=\"2025-09-26T05:15:26+00:00\" \/>\n<meta property=\"article:modified_time\" content=\"2025-09-26T10:14:53+00:00\" \/>\n<meta property=\"og:image\" content=\"https:\/\/www.forbes.be\/fr\/wp-content\/uploads\/2025\/09\/shutterstock-2615258065-scaled-e1758878075753.jpg\" \/>\n\t<meta property=\"og:image:width\" content=\"2560\" \/>\n\t<meta property=\"og:image:height\" content=\"1340\" \/>\n\t<meta property=\"og:image:type\" content=\"image\/jpeg\" \/>\n<meta name=\"author\" content=\"Marc-Etienne Baijot &amp; Anton van Zantbeek\" \/>\n<meta name=\"twitter:card\" content=\"summary_large_image\" \/>\n<meta name=\"twitter:label1\" content=\"\u00c9crit par\" \/>\n\t<meta name=\"twitter:data1\" content=\"Marc-Etienne Baijot &amp; Anton van Zantbeek\" \/>\n\t<meta name=\"twitter:label2\" content=\"Dur\u00e9e de lecture estim\u00e9e\" \/>\n\t<meta name=\"twitter:data2\" content=\"8 minutes\" \/>\n<script type=\"application\/ld+json\" class=\"yoast-schema-graph\">{\"@context\":\"https:\\\/\\\/schema.org\",\"@graph\":[{\"@type\":\"NewsArticle\",\"@id\":\"https:\\\/\\\/www.forbes.be\\\/fr\\\/residences-secondaires-en-suisse-ce-que-la-votation-du-28-septembre-changera-pour-les-belges-proprietaires-en-suisse\\\/#article\",\"isPartOf\":{\"@id\":\"https:\\\/\\\/www.forbes.be\\\/fr\\\/residences-secondaires-en-suisse-ce-que-la-votation-du-28-septembre-changera-pour-les-belges-proprietaires-en-suisse\\\/\"},\"author\":{\"name\":\"Marc-Etienne Baijot &amp; Anton van Zantbeek\",\"@id\":\"https:\\\/\\\/www.forbes.be\\\/fr\\\/#\\\/schema\\\/person\\\/8e9b918f0da4ff1d626448c996a127fe\"},\"headline\":\"R\u00e9sidences secondaires en Suisse : ce que la votation du 28 septembre changera pour les Belges propri\u00e9taires en Suisse\",\"datePublished\":\"2025-09-26T05:15:26+00:00\",\"dateModified\":\"2025-09-26T10:14:53+00:00\",\"mainEntityOfPage\":{\"@id\":\"https:\\\/\\\/www.forbes.be\\\/fr\\\/residences-secondaires-en-suisse-ce-que-la-votation-du-28-septembre-changera-pour-les-belges-proprietaires-en-suisse\\\/\"},\"wordCount\":1487,\"publisher\":{\"@id\":\"https:\\\/\\\/www.forbes.be\\\/fr\\\/#organization\"},\"image\":{\"@id\":\"https:\\\/\\\/www.forbes.be\\\/fr\\\/residences-secondaires-en-suisse-ce-que-la-votation-du-28-septembre-changera-pour-les-belges-proprietaires-en-suisse\\\/#primaryimage\"},\"thumbnailUrl\":\"https:\\\/\\\/www.forbes.be\\\/fr\\\/wp-content\\\/uploads\\\/2025\\\/09\\\/shutterstock-2615258065-scaled-e1758878075753.jpg\",\"articleSection\":[\"Immobilier\",\"International\"],\"inLanguage\":\"fr-FR\"},{\"@type\":\"WebPage\",\"@id\":\"https:\\\/\\\/www.forbes.be\\\/fr\\\/residences-secondaires-en-suisse-ce-que-la-votation-du-28-septembre-changera-pour-les-belges-proprietaires-en-suisse\\\/\",\"url\":\"https:\\\/\\\/www.forbes.be\\\/fr\\\/residences-secondaires-en-suisse-ce-que-la-votation-du-28-septembre-changera-pour-les-belges-proprietaires-en-suisse\\\/\",\"name\":\"R\u00e9sidences secondaires en Suisse : ce que la votation du 28 septembre changera pour les Belges propri\u00e9taires en Suisse | Forbes Belgique\",\"isPartOf\":{\"@id\":\"https:\\\/\\\/www.forbes.be\\\/fr\\\/#website\"},\"primaryImageOfPage\":{\"@id\":\"https:\\\/\\\/www.forbes.be\\\/fr\\\/residences-secondaires-en-suisse-ce-que-la-votation-du-28-septembre-changera-pour-les-belges-proprietaires-en-suisse\\\/#primaryimage\"},\"image\":{\"@id\":\"https:\\\/\\\/www.forbes.be\\\/fr\\\/residences-secondaires-en-suisse-ce-que-la-votation-du-28-septembre-changera-pour-les-belges-proprietaires-en-suisse\\\/#primaryimage\"},\"thumbnailUrl\":\"https:\\\/\\\/www.forbes.be\\\/fr\\\/wp-content\\\/uploads\\\/2025\\\/09\\\/shutterstock-2615258065-scaled-e1758878075753.jpg\",\"datePublished\":\"2025-09-26T05:15:26+00:00\",\"dateModified\":\"2025-09-26T10:14:53+00:00\",\"description\":\"La Suisse vote le 28 septembre sur l\u2019abolition de la valeur locative, un imp\u00f4t unique au monde. Un enjeu fiscal majeur pour les Belges propri\u00e9taires d\u2019un bien helv\u00e9tique.\",\"breadcrumb\":{\"@id\":\"https:\\\/\\\/www.forbes.be\\\/fr\\\/residences-secondaires-en-suisse-ce-que-la-votation-du-28-septembre-changera-pour-les-belges-proprietaires-en-suisse\\\/#breadcrumb\"},\"inLanguage\":\"fr-FR\",\"potentialAction\":[{\"@type\":\"ReadAction\",\"target\":[\"https:\\\/\\\/www.forbes.be\\\/fr\\\/residences-secondaires-en-suisse-ce-que-la-votation-du-28-septembre-changera-pour-les-belges-proprietaires-en-suisse\\\/\"]}]},{\"@type\":\"ImageObject\",\"inLanguage\":\"fr-FR\",\"@id\":\"https:\\\/\\\/www.forbes.be\\\/fr\\\/residences-secondaires-en-suisse-ce-que-la-votation-du-28-septembre-changera-pour-les-belges-proprietaires-en-suisse\\\/#primaryimage\",\"url\":\"https:\\\/\\\/www.forbes.be\\\/fr\\\/wp-content\\\/uploads\\\/2025\\\/09\\\/shutterstock-2615258065-scaled-e1758878075753.jpg\",\"contentUrl\":\"https:\\\/\\\/www.forbes.be\\\/fr\\\/wp-content\\\/uploads\\\/2025\\\/09\\\/shutterstock-2615258065-scaled-e1758878075753.jpg\",\"width\":2560,\"height\":1340,\"caption\":\"Une importante votation dimanche pourrait bien avoir dess cons\u00e9quences fiscales importantes pour les Belges propri\u00e9taires de biens r\u00e9sidentiels suisses \u00a9\u00a0DR\\\/Shutterstock.com\"},{\"@type\":\"BreadcrumbList\",\"@id\":\"https:\\\/\\\/www.forbes.be\\\/fr\\\/residences-secondaires-en-suisse-ce-que-la-votation-du-28-septembre-changera-pour-les-belges-proprietaires-en-suisse\\\/#breadcrumb\",\"itemListElement\":[{\"@type\":\"ListItem\",\"position\":1,\"name\":\"Accueil\",\"item\":\"https:\\\/\\\/www.forbes.be\\\/fr\\\/\"},{\"@type\":\"ListItem\",\"position\":2,\"name\":\"R\u00e9sidences secondaires en Suisse : ce que la votation du 28 septembre changera pour les Belges propri\u00e9taires en Suisse\"}]},{\"@type\":\"WebSite\",\"@id\":\"https:\\\/\\\/www.forbes.be\\\/fr\\\/#website\",\"url\":\"https:\\\/\\\/www.forbes.be\\\/fr\\\/\",\"name\":\"Forbes Belgique\",\"description\":\"\",\"publisher\":{\"@id\":\"https:\\\/\\\/www.forbes.be\\\/fr\\\/#organization\"},\"potentialAction\":[{\"@type\":\"SearchAction\",\"target\":{\"@type\":\"EntryPoint\",\"urlTemplate\":\"https:\\\/\\\/www.forbes.be\\\/fr\\\/?s={search_term_string}\"},\"query-input\":{\"@type\":\"PropertyValueSpecification\",\"valueRequired\":true,\"valueName\":\"search_term_string\"}}],\"inLanguage\":\"fr-FR\"},{\"@type\":\"Organization\",\"@id\":\"https:\\\/\\\/www.forbes.be\\\/fr\\\/#organization\",\"name\":\"Forbes Belgique\",\"url\":\"https:\\\/\\\/www.forbes.be\\\/fr\\\/\",\"logo\":{\"@type\":\"ImageObject\",\"inLanguage\":\"fr-FR\",\"@id\":\"https:\\\/\\\/www.forbes.be\\\/fr\\\/#\\\/schema\\\/logo\\\/image\\\/\",\"url\":\"https:\\\/\\\/www.forbes.be\\\/fr\\\/wp-content\\\/uploads\\\/2024\\\/02\\\/forbes.be_.png\",\"contentUrl\":\"https:\\\/\\\/www.forbes.be\\\/fr\\\/wp-content\\\/uploads\\\/2024\\\/02\\\/forbes.be_.png\",\"width\":1200,\"height\":675,\"caption\":\"Forbes Belgique\"},\"image\":{\"@id\":\"https:\\\/\\\/www.forbes.be\\\/fr\\\/#\\\/schema\\\/logo\\\/image\\\/\"},\"sameAs\":[\"https:\\\/\\\/www.facebook.com\\\/forbesbelgique\\\/\",\"https:\\\/\\\/www.instagram.com\\\/Forbes_Belgium\",\"https:\\\/\\\/www.linkedin.com\\\/company\\\/forbes-belgium\\\/\"]},{\"@type\":\"Person\",\"@id\":\"https:\\\/\\\/www.forbes.be\\\/fr\\\/#\\\/schema\\\/person\\\/8e9b918f0da4ff1d626448c996a127fe\",\"name\":\"Marc-Etienne Baijot &amp; Anton van Zantbeek\",\"image\":{\"@type\":\"ImageObject\",\"inLanguage\":\"fr-FR\",\"@id\":\"https:\\\/\\\/secure.gravatar.com\\\/avatar\\\/010a65c705468e13ae5a0c868ab4104c5e8a34623dd291577d99e1b8b72d8ec9?s=96&d=mm&r=g\",\"url\":\"https:\\\/\\\/secure.gravatar.com\\\/avatar\\\/010a65c705468e13ae5a0c868ab4104c5e8a34623dd291577d99e1b8b72d8ec9?s=96&d=mm&r=g\",\"contentUrl\":\"https:\\\/\\\/secure.gravatar.com\\\/avatar\\\/010a65c705468e13ae5a0c868ab4104c5e8a34623dd291577d99e1b8b72d8ec9?s=96&d=mm&r=g\",\"caption\":\"Marc-Etienne Baijot &amp; Anton van Zantbeek\"},\"url\":\"https:\\\/\\\/www.forbes.be\\\/fr\\\/author\\\/marc-etienne-baijot\\\/\"}]}<\/script>\n<!-- \/ Yoast SEO plugin. -->","yoast_head_json":{"title":"R\u00e9sidences secondaires en Suisse : ce que la votation du 28 septembre changera pour les Belges propri\u00e9taires en Suisse | Forbes Belgique","description":"La Suisse vote le 28 septembre sur l\u2019abolition de la valeur locative, un imp\u00f4t unique au monde. Un enjeu fiscal majeur pour les Belges propri\u00e9taires d\u2019un bien helv\u00e9tique.","robots":{"index":"index","follow":"follow","max-snippet":"max-snippet:-1","max-image-preview":"max-image-preview:large","max-video-preview":"max-video-preview:-1"},"canonical":"https:\/\/www.forbes.be\/fr\/residences-secondaires-en-suisse-ce-que-la-votation-du-28-septembre-changera-pour-les-belges-proprietaires-en-suisse\/","og_locale":"fr_FR","og_type":"article","og_title":"R\u00e9sidences secondaires en Suisse : ce que la votation du 28 septembre changera pour les Belges propri\u00e9taires en Suisse | Forbes Belgique","og_description":"La Suisse vote le 28 septembre sur l\u2019abolition de la valeur locative, un imp\u00f4t unique au monde. Un enjeu fiscal majeur pour les Belges propri\u00e9taires d\u2019un bien helv\u00e9tique.","og_url":"https:\/\/www.forbes.be\/fr\/residences-secondaires-en-suisse-ce-que-la-votation-du-28-septembre-changera-pour-les-belges-proprietaires-en-suisse\/","og_site_name":"Forbes Belgique","article_publisher":"https:\/\/www.facebook.com\/forbesbelgique\/","article_published_time":"2025-09-26T05:15:26+00:00","article_modified_time":"2025-09-26T10:14:53+00:00","og_image":[{"width":2560,"height":1340,"url":"https:\/\/www.forbes.be\/fr\/wp-content\/uploads\/2025\/09\/shutterstock-2615258065-scaled-e1758878075753.jpg","type":"image\/jpeg"}],"author":"Marc-Etienne Baijot &amp; Anton van Zantbeek","twitter_card":"summary_large_image","twitter_misc":{"\u00c9crit par":"Marc-Etienne Baijot &amp; Anton van Zantbeek","Dur\u00e9e de lecture estim\u00e9e":"8 minutes"},"schema":{"@context":"https:\/\/schema.org","@graph":[{"@type":"NewsArticle","@id":"https:\/\/www.forbes.be\/fr\/residences-secondaires-en-suisse-ce-que-la-votation-du-28-septembre-changera-pour-les-belges-proprietaires-en-suisse\/#article","isPartOf":{"@id":"https:\/\/www.forbes.be\/fr\/residences-secondaires-en-suisse-ce-que-la-votation-du-28-septembre-changera-pour-les-belges-proprietaires-en-suisse\/"},"author":{"name":"Marc-Etienne Baijot &amp; Anton van Zantbeek","@id":"https:\/\/www.forbes.be\/fr\/#\/schema\/person\/8e9b918f0da4ff1d626448c996a127fe"},"headline":"R\u00e9sidences secondaires en Suisse : ce que la votation du 28 septembre changera pour les Belges propri\u00e9taires en Suisse","datePublished":"2025-09-26T05:15:26+00:00","dateModified":"2025-09-26T10:14:53+00:00","mainEntityOfPage":{"@id":"https:\/\/www.forbes.be\/fr\/residences-secondaires-en-suisse-ce-que-la-votation-du-28-septembre-changera-pour-les-belges-proprietaires-en-suisse\/"},"wordCount":1487,"publisher":{"@id":"https:\/\/www.forbes.be\/fr\/#organization"},"image":{"@id":"https:\/\/www.forbes.be\/fr\/residences-secondaires-en-suisse-ce-que-la-votation-du-28-septembre-changera-pour-les-belges-proprietaires-en-suisse\/#primaryimage"},"thumbnailUrl":"https:\/\/www.forbes.be\/fr\/wp-content\/uploads\/2025\/09\/shutterstock-2615258065-scaled-e1758878075753.jpg","articleSection":["Immobilier","International"],"inLanguage":"fr-FR"},{"@type":"WebPage","@id":"https:\/\/www.forbes.be\/fr\/residences-secondaires-en-suisse-ce-que-la-votation-du-28-septembre-changera-pour-les-belges-proprietaires-en-suisse\/","url":"https:\/\/www.forbes.be\/fr\/residences-secondaires-en-suisse-ce-que-la-votation-du-28-septembre-changera-pour-les-belges-proprietaires-en-suisse\/","name":"R\u00e9sidences secondaires en Suisse : ce que la votation du 28 septembre changera pour les Belges propri\u00e9taires en Suisse | Forbes Belgique","isPartOf":{"@id":"https:\/\/www.forbes.be\/fr\/#website"},"primaryImageOfPage":{"@id":"https:\/\/www.forbes.be\/fr\/residences-secondaires-en-suisse-ce-que-la-votation-du-28-septembre-changera-pour-les-belges-proprietaires-en-suisse\/#primaryimage"},"image":{"@id":"https:\/\/www.forbes.be\/fr\/residences-secondaires-en-suisse-ce-que-la-votation-du-28-septembre-changera-pour-les-belges-proprietaires-en-suisse\/#primaryimage"},"thumbnailUrl":"https:\/\/www.forbes.be\/fr\/wp-content\/uploads\/2025\/09\/shutterstock-2615258065-scaled-e1758878075753.jpg","datePublished":"2025-09-26T05:15:26+00:00","dateModified":"2025-09-26T10:14:53+00:00","description":"La Suisse vote le 28 septembre sur l\u2019abolition de la valeur locative, un imp\u00f4t unique au monde. Un enjeu fiscal majeur pour les Belges propri\u00e9taires d\u2019un bien helv\u00e9tique.","breadcrumb":{"@id":"https:\/\/www.forbes.be\/fr\/residences-secondaires-en-suisse-ce-que-la-votation-du-28-septembre-changera-pour-les-belges-proprietaires-en-suisse\/#breadcrumb"},"inLanguage":"fr-FR","potentialAction":[{"@type":"ReadAction","target":["https:\/\/www.forbes.be\/fr\/residences-secondaires-en-suisse-ce-que-la-votation-du-28-septembre-changera-pour-les-belges-proprietaires-en-suisse\/"]}]},{"@type":"ImageObject","inLanguage":"fr-FR","@id":"https:\/\/www.forbes.be\/fr\/residences-secondaires-en-suisse-ce-que-la-votation-du-28-septembre-changera-pour-les-belges-proprietaires-en-suisse\/#primaryimage","url":"https:\/\/www.forbes.be\/fr\/wp-content\/uploads\/2025\/09\/shutterstock-2615258065-scaled-e1758878075753.jpg","contentUrl":"https:\/\/www.forbes.be\/fr\/wp-content\/uploads\/2025\/09\/shutterstock-2615258065-scaled-e1758878075753.jpg","width":2560,"height":1340,"caption":"Une importante votation dimanche pourrait bien avoir dess cons\u00e9quences fiscales importantes pour les Belges propri\u00e9taires de biens r\u00e9sidentiels suisses \u00a9\u00a0DR\/Shutterstock.com"},{"@type":"BreadcrumbList","@id":"https:\/\/www.forbes.be\/fr\/residences-secondaires-en-suisse-ce-que-la-votation-du-28-septembre-changera-pour-les-belges-proprietaires-en-suisse\/#breadcrumb","itemListElement":[{"@type":"ListItem","position":1,"name":"Accueil","item":"https:\/\/www.forbes.be\/fr\/"},{"@type":"ListItem","position":2,"name":"R\u00e9sidences secondaires en Suisse : ce que la votation du 28 septembre changera pour les Belges propri\u00e9taires en Suisse"}]},{"@type":"WebSite","@id":"https:\/\/www.forbes.be\/fr\/#website","url":"https:\/\/www.forbes.be\/fr\/","name":"Forbes Belgique","description":"","publisher":{"@id":"https:\/\/www.forbes.be\/fr\/#organization"},"potentialAction":[{"@type":"SearchAction","target":{"@type":"EntryPoint","urlTemplate":"https:\/\/www.forbes.be\/fr\/?s={search_term_string}"},"query-input":{"@type":"PropertyValueSpecification","valueRequired":true,"valueName":"search_term_string"}}],"inLanguage":"fr-FR"},{"@type":"Organization","@id":"https:\/\/www.forbes.be\/fr\/#organization","name":"Forbes Belgique","url":"https:\/\/www.forbes.be\/fr\/","logo":{"@type":"ImageObject","inLanguage":"fr-FR","@id":"https:\/\/www.forbes.be\/fr\/#\/schema\/logo\/image\/","url":"https:\/\/www.forbes.be\/fr\/wp-content\/uploads\/2024\/02\/forbes.be_.png","contentUrl":"https:\/\/www.forbes.be\/fr\/wp-content\/uploads\/2024\/02\/forbes.be_.png","width":1200,"height":675,"caption":"Forbes Belgique"},"image":{"@id":"https:\/\/www.forbes.be\/fr\/#\/schema\/logo\/image\/"},"sameAs":["https:\/\/www.facebook.com\/forbesbelgique\/","https:\/\/www.instagram.com\/Forbes_Belgium","https:\/\/www.linkedin.com\/company\/forbes-belgium\/"]},{"@type":"Person","@id":"https:\/\/www.forbes.be\/fr\/#\/schema\/person\/8e9b918f0da4ff1d626448c996a127fe","name":"Marc-Etienne Baijot &amp; Anton van Zantbeek","image":{"@type":"ImageObject","inLanguage":"fr-FR","@id":"https:\/\/secure.gravatar.com\/avatar\/010a65c705468e13ae5a0c868ab4104c5e8a34623dd291577d99e1b8b72d8ec9?s=96&d=mm&r=g","url":"https:\/\/secure.gravatar.com\/avatar\/010a65c705468e13ae5a0c868ab4104c5e8a34623dd291577d99e1b8b72d8ec9?s=96&d=mm&r=g","contentUrl":"https:\/\/secure.gravatar.com\/avatar\/010a65c705468e13ae5a0c868ab4104c5e8a34623dd291577d99e1b8b72d8ec9?s=96&d=mm&r=g","caption":"Marc-Etienne Baijot &amp; Anton van Zantbeek"},"url":"https:\/\/www.forbes.be\/fr\/author\/marc-etienne-baijot\/"}]}},"_links":{"self":[{"href":"https:\/\/www.forbes.be\/fr\/wp-json\/wp\/v2\/posts\/12544","targetHints":{"allow":["GET"]}}],"collection":[{"href":"https:\/\/www.forbes.be\/fr\/wp-json\/wp\/v2\/posts"}],"about":[{"href":"https:\/\/www.forbes.be\/fr\/wp-json\/wp\/v2\/types\/post"}],"author":[{"embeddable":true,"href":"https:\/\/www.forbes.be\/fr\/wp-json\/wp\/v2\/users\/59"}],"replies":[{"embeddable":true,"href":"https:\/\/www.forbes.be\/fr\/wp-json\/wp\/v2\/comments?post=12544"}],"version-history":[{"count":2,"href":"https:\/\/www.forbes.be\/fr\/wp-json\/wp\/v2\/posts\/12544\/revisions"}],"predecessor-version":[{"id":12584,"href":"https:\/\/www.forbes.be\/fr\/wp-json\/wp\/v2\/posts\/12544\/revisions\/12584"}],"wp:featuredmedia":[{"embeddable":true,"href":"https:\/\/www.forbes.be\/fr\/wp-json\/wp\/v2\/media\/12583"}],"wp:attachment":[{"href":"https:\/\/www.forbes.be\/fr\/wp-json\/wp\/v2\/media?parent=12544"}],"wp:term":[{"taxonomy":"category","embeddable":true,"href":"https:\/\/www.forbes.be\/fr\/wp-json\/wp\/v2\/categories?post=12544"},{"taxonomy":"post_tag","embeddable":true,"href":"https:\/\/www.forbes.be\/fr\/wp-json\/wp\/v2\/tags?post=12544"}],"curies":[{"name":"wp","href":"https:\/\/api.w.org\/{rel}","templated":true}]}}