{"id":12575,"date":"2025-09-26T07:16:07","date_gmt":"2025-09-26T05:16:07","guid":{"rendered":"https:\/\/www.forbes.be\/fr\/?p=12575"},"modified":"2025-09-26T10:13:11","modified_gmt":"2025-09-26T08:13:11","slug":"le-sommet-de-la-rtbf-secoue-par-une-polemique-sur-un-important-conflit-dinterets","status":"publish","type":"post","link":"https:\/\/www.forbes.be\/fr\/le-sommet-de-la-rtbf-secoue-par-une-polemique-sur-un-important-conflit-dinterets\/","title":{"rendered":"Le sommet de la  RTBF secou\u00e9 par une pol\u00e9mique sur un important conflit d\u2019int\u00e9r\u00eats"},"content":{"rendered":"<p><strong>La d\u00e9mission surprise ce jeudi de Laurent Hublet de son poste d\u2019administrateur de la RTBF (Les Engag\u00e9s) cache-t-elle un \u00e9norme conflit d\u2019int\u00e9r\u00eat au sommet du service public ? Un comit\u00e9 permanent extraordinaire doit trancher ce vendredi sur l\u2019attribution du march\u00e9 public pour le nouveau plan strat\u00e9gique de la RTBF \u00e0 l\u2019horizon 2030. Des soup\u00e7ons p\u00e8sent sur les liens \u00e9troits entre l\u2019administrateur en question et l\u2019un des candidats au march\u00e9 public. Le malaise et la tension sont au niveau maximal du c\u00f4t\u00e9 de Reyers. Une pol\u00e9mique qui embrase son conseil d\u2019administration, sa hi\u00e9rarchie et le monde politique. Enqu\u00eate.<\/strong><\/p>\n<p>C\u2019est un coup de th\u00e9\u00e2tre. \u00c0 quelques heures du Comit\u00e9 permanent exceptionnel charg\u00e9 d\u2019attribuer le march\u00e9 pour l\u2019\u00e9laboration du plan strat\u00e9gique 2030, <a href=\"https:\/\/www.forbes.be\/fr\/rtbf-ladministrateur-des-engages-laurent-hublet-sapprete-a-demissionner\/\" target=\"_blank\" rel=\"noopener\"><strong>Laurent Hublet<\/strong> (<strong>Les Engag\u00e9s<\/strong>) a annonc\u00e9 ce jeudi matin sa d\u00e9mission comme <strong>administrateur<\/strong> de la <strong>RTBF<\/strong><\/a>. Officiellement pour \u00ab <em>raisons professionnelles et familiales<\/em> \u00bb. Vraiment ?<\/p>\n<p>En r\u00e9alit\u00e9, <strong>Hublet<\/strong> a \u00e9t\u00e9 pouss\u00e9 vers la sortie, pour de lourds soup\u00e7ons de conflit d\u2019int\u00e9r\u00eats.<\/p>\n<p>En effet, si <strong>Laurent Hublet<\/strong> a \u00e9t\u00e9 d\u00e9sign\u00e9 comme administrateur de la RTBF en d\u00e9cembre 2024, il travaille parall\u00e8lement depuis plusieurs mois pour le cabinet Roland Berger. Or, il s\u2019agit justement d\u2019un des candidats pour ce march\u00e9.<\/p>\n<h2>Des diff\u00e9rences \u00e9normes et suspectes dans les offres<\/h2>\n<p>Selon les chiffres que nous avons pu nous procurer, <strong>Roland Berger<\/strong> a remis l\u2019offre la plus basse (480.000 euros HTVA) contre 700 644 euros HTVA pour <strong>Deloitte Consulting &amp; Advisory<\/strong> et 883 400 euros pour<strong> Arthur D. Little Benelux<\/strong>. \u00ab <em>Le pire, souligne une source proche du dossier, c\u2019est que Roland Berger pourrait remporter le march\u00e9 seulement sur le prix car sur les deux autres crit\u00e8res de qualit\u00e9, ils sont chaque fois derniers<\/em> \u00bb.<\/p>\n<p>Plus grave encore : l\u2019implication de M. <strong>Hublet<\/strong>, <strong>administrateur RTBF<\/strong>, au sein du cabinet <strong>Roland Berger<\/strong> contreviendrait au d\u00e9cret <strong>RTBF,<\/strong> qui interdit la double fonction d\u2019<strong>administrateu<\/strong>r et de <strong>consultant externe<\/strong> pour l\u2019entreprise. Cette incompatibilit\u00e9 juridique pourrait invalider la proc\u00e9dure. Dans les plus hautes instances de la <strong>RTBF<\/strong>, on s\u2019\u00e9change des notes tr\u00e8s alarmistes sur l\u2019affaire : \u00ab <em>M\u00eame si on ne peut pas le prouver, mais le doute existe, <strong>Roland Berger<\/strong> a d\u00e9pos\u00e9 une offre extr\u00eamement basse compar\u00e9e aux autres ce qui a sem\u00e9 directement le doute sur l&rsquo;implication de M. <strong>Hublet<\/strong><\/em> \u00bb, s\u2019interroge un membre des instances dirigeantes. Rappelons qu\u2019\u00e0 ce stade, rien ne permet d\u2019\u00e9tayer de telles accusations.<\/p>\n<h2>Des tensions exacerb\u00e9es au sein du conseil d\u2019administration<\/h2>\n<p>La pr\u00e9sidente du <strong>conseil d\u2019administration<\/strong>, <strong>Jo\u00eblle Milquet<\/strong> (<strong>Les Engag\u00e9s<\/strong>), sous le feu des critiques internes pour un pilotage jug\u00e9 laborieux du CA, est interpell\u00e9e sur sa gestion de cette crise. Plusieurs administrateurs pointent son \u00ab<em> habituel d\u00e9calage<\/em> \u00bb dans la transmission des documents et des avis juridiques, ce qui fait peser un climat de d\u00e9fiance au sein du CA. \u00ab <em>Comme \u00e0 son habitude,<\/em> souligne-t-on dans une note interne, <em>Jo\u00eblle Milquet a dit qu&rsquo;elle solliciterait un avis juridique pour savoir s&rsquo;il fallait annuler le march\u00e9 ou si on pouvait l&rsquo;attribuer au second op\u00e9rateur<\/em> (Deloitte, ndlr) <em>et a demand\u00e9 le report du point \u00e0 un Comit\u00e9 permanent exceptionnel<\/em> \u00bb, justement celui qui doit se tenir ce vendredi 26 septembre 2025.<\/p>\n<h2>La piste de Jo\u00eblle Milquet : annuler et relancer le march\u00e9<\/h2>\n<p>On en a appris un peu plus sur la strat\u00e9gie que compte pr\u00e9senter <strong>Jo\u00eblle Milquet<\/strong> ce vendredi : la pr\u00e9sidente voudrait relancer le march\u00e9. Une piste qui ne convainc pas grand monde au sommet de la cha\u00eene, dans la mesure o\u00f9 cela ouvrirait la porte \u00e0 des recours en s\u00e9rie et donc \u00e0 un report, sans doute tr\u00e8s long, de la d\u00e9cision. \u00ab <em>Une attribution au second en justifiant de la non-conformit\u00e9 de l&rsquo;offre de Berger serait moins risqu\u00e9e<\/em> \u00bb, souligne une source interne.<\/p>\n<p>Du c\u00f4t\u00e9 de l\u2019opposition (<strong>PS<\/strong>, <strong>PTB<\/strong> et <strong>\u00c9colo<\/strong>) cette affaire est une occasion r\u00eav\u00e9e d\u2019attaquer la <strong>majorit\u00e9 MR\u2013Les Engag\u00e9s<\/strong>, d\u00e9nonc\u00e9e pour ses pratiques jug\u00e9es opaques, sans parler des diff\u00e9rents conflits avec la cha\u00eene et la non-indexation de la dotation de la <strong>RTBF<\/strong>. Le <strong>MR<\/strong>, partenaire des <strong>Engag\u00e9s<\/strong>, observe les \u00e9v\u00e9nements avec un certain amusement, la crise affaiblissant un alli\u00e9 \u00ab <em>qui n\u2019h\u00e9site jamais \u00e0 nous faire la le\u00e7on et \u00e0 se distancier de nous<\/em> \u00bb, souligne un \u00e9lu lib\u00e9ral.<\/p>\n<h2>Pourquoi faire appel \u00e0 un consultant externe ?<\/h2>\n<p>\u00ab <em>Mais pourquoi donc la <strong>RTBF<\/strong> doit faire appel \u00e0 un consultant externe et le payer tr\u00e8s cher alors qu\u2019elle re\u00e7oit 350 millions de dotation d\u2019argent public chaque ann\u00e9e<\/em> \u00bb, s\u2019interroge un autre \u00e9lu lib\u00e9ral. \u00ab <em>Je trouve que ce n\u2019est pas gratifiant pour les nombreux talents dont regorge la cha\u00eene, ne me dites pas qu\u2019il n\u2019y pas assez de gens comp\u00e9tents pour faire ce travail en interne, et puis, qui conna\u00eet mieux la <strong>RTBF<\/strong>, ses enjeux, ses missions et ses d\u00e9fis que les gens qui y travaillent tous les jours ?<\/em> \u00bb.<\/p>\n<p>Quoi qu\u2019il en soit, une chose semble acquise : le Comit\u00e9 permanent exceptionnel de ce vendredi 26 septembre ne sera donc pas qu\u2019une validation administrative : il pourrait \u00eatre le th\u00e9\u00e2tre d\u2019un spectaculaire affrontement politique au sommet de la <strong>RTBF<\/strong>.<\/p>\n","protected":false},"excerpt":{"rendered":"<p>La d\u00e9mission surprise ce jeudi de Laurent Hublet de son poste d\u2019administrateur de la RTBF (Les Engag\u00e9s) cache-t-elle un \u00e9norme conflit d\u2019int\u00e9r\u00eat au sommet du service public ? Un comit\u00e9 permanent extraordinaire doit trancher ce vendredi sur l\u2019attribution du march\u00e9 public pour le nouveau plan strat\u00e9gique de la RTBF \u00e0 l\u2019horizon 2030. Des soup\u00e7ons p\u00e8sent [&hellip;]<\/p>\n","protected":false},"author":46,"featured_media":12577,"comment_status":"closed","ping_status":"closed","sticky":false,"template":"","format":"standard","meta":{"_acf_changed":false,"inline_featured_image":false,"footnotes":""},"categories":[1,67],"tags":[],"class_list":{"0":"post-12575","1":"post","2":"type-post","3":"status-publish","4":"format-standard","5":"has-post-thumbnail","7":"category-actualite","8":"category-medias-communication"},"acf":[],"_yoast_wpseo_title":null,"_yoast_wpseo_metadesc":"RTBF secou\u00e9e par une pol\u00e9mique : la d\u00e9mission de Laurent Hublet (Les Engag\u00e9s) relance les soup\u00e7ons de conflit d\u2019int\u00e9r\u00eats avec Roland Berger, candidat au march\u00e9 strat\u00e9gique 2030. Une affaire explosive qui met sous tension le conseil d\u2019administration et le monde politique.","auteur_traducteur":"","yoast_head":"<!-- This site is optimized with the Yoast SEO plugin v27.4 - https:\/\/yoast.com\/product\/yoast-seo-wordpress\/ -->\n<title>Le sommet de la RTBF secou\u00e9 par une pol\u00e9mique sur un important conflit d\u2019int\u00e9r\u00eats | Forbes Belgique<\/title>\n<meta name=\"description\" content=\"RTBF secou\u00e9e par une pol\u00e9mique : la d\u00e9mission de Laurent Hublet (Les Engag\u00e9s) relance les soup\u00e7ons de conflit d\u2019int\u00e9r\u00eats avec Roland Berger, candidat au march\u00e9 strat\u00e9gique 2030. Une affaire explosive qui met sous tension le conseil d\u2019administration et le monde politique.\" \/>\n<meta name=\"robots\" content=\"index, follow, max-snippet:-1, max-image-preview:large, max-video-preview:-1\" \/>\n<link rel=\"canonical\" href=\"https:\/\/www.forbes.be\/fr\/le-sommet-de-la-rtbf-secoue-par-une-polemique-sur-un-important-conflit-dinterets\/\" \/>\n<meta property=\"og:locale\" content=\"fr_FR\" \/>\n<meta property=\"og:type\" content=\"article\" \/>\n<meta property=\"og:title\" content=\"Le sommet de la RTBF secou\u00e9 par une pol\u00e9mique sur un important conflit d\u2019int\u00e9r\u00eats | Forbes Belgique\" \/>\n<meta property=\"og:description\" content=\"RTBF secou\u00e9e par une pol\u00e9mique : la d\u00e9mission de Laurent Hublet (Les Engag\u00e9s) relance les soup\u00e7ons de conflit d\u2019int\u00e9r\u00eats avec Roland Berger, candidat au march\u00e9 strat\u00e9gique 2030. Une affaire explosive qui met sous tension le conseil d\u2019administration et le monde politique.\" \/>\n<meta property=\"og:url\" content=\"https:\/\/www.forbes.be\/fr\/le-sommet-de-la-rtbf-secoue-par-une-polemique-sur-un-important-conflit-dinterets\/\" \/>\n<meta property=\"og:site_name\" content=\"Forbes Belgique\" \/>\n<meta property=\"article:publisher\" content=\"https:\/\/www.facebook.com\/forbesbelgique\/\" \/>\n<meta property=\"article:published_time\" content=\"2025-09-26T05:16:07+00:00\" \/>\n<meta property=\"article:modified_time\" content=\"2025-09-26T08:13:11+00:00\" \/>\n<meta property=\"og:image\" content=\"https:\/\/www.forbes.be\/fr\/wp-content\/uploads\/2025\/09\/affairehublet-e1758861483594.jpg\" \/>\n\t<meta property=\"og:image:width\" content=\"2000\" \/>\n\t<meta property=\"og:image:height\" content=\"1047\" \/>\n\t<meta property=\"og:image:type\" content=\"image\/jpeg\" \/>\n<meta name=\"author\" content=\"Demetrio Scagliola\" \/>\n<meta name=\"twitter:card\" content=\"summary_large_image\" \/>\n<meta name=\"twitter:label1\" content=\"\u00c9crit par\" \/>\n\t<meta name=\"twitter:data1\" content=\"Demetrio Scagliola\" \/>\n\t<meta name=\"twitter:label2\" content=\"Dur\u00e9e de lecture estim\u00e9e\" \/>\n\t<meta name=\"twitter:data2\" content=\"5 minutes\" \/>\n<script type=\"application\/ld+json\" class=\"yoast-schema-graph\">{\"@context\":\"https:\\\/\\\/schema.org\",\"@graph\":[{\"@type\":\"NewsArticle\",\"@id\":\"https:\\\/\\\/www.forbes.be\\\/fr\\\/le-sommet-de-la-rtbf-secoue-par-une-polemique-sur-un-important-conflit-dinterets\\\/#article\",\"isPartOf\":{\"@id\":\"https:\\\/\\\/www.forbes.be\\\/fr\\\/le-sommet-de-la-rtbf-secoue-par-une-polemique-sur-un-important-conflit-dinterets\\\/\"},\"author\":{\"name\":\"Demetrio Scagliola\",\"@id\":\"https:\\\/\\\/www.forbes.be\\\/fr\\\/#\\\/schema\\\/person\\\/c3a4e3b397a1f526ce7b310355f9f037\"},\"headline\":\"Le sommet de la RTBF secou\u00e9 par une pol\u00e9mique sur un important conflit d\u2019int\u00e9r\u00eats\",\"datePublished\":\"2025-09-26T05:16:07+00:00\",\"dateModified\":\"2025-09-26T08:13:11+00:00\",\"mainEntityOfPage\":{\"@id\":\"https:\\\/\\\/www.forbes.be\\\/fr\\\/le-sommet-de-la-rtbf-secoue-par-une-polemique-sur-un-important-conflit-dinterets\\\/\"},\"wordCount\":910,\"publisher\":{\"@id\":\"https:\\\/\\\/www.forbes.be\\\/fr\\\/#organization\"},\"image\":{\"@id\":\"https:\\\/\\\/www.forbes.be\\\/fr\\\/le-sommet-de-la-rtbf-secoue-par-une-polemique-sur-un-important-conflit-dinterets\\\/#primaryimage\"},\"thumbnailUrl\":\"https:\\\/\\\/www.forbes.be\\\/fr\\\/wp-content\\\/uploads\\\/2025\\\/09\\\/affairehublet-e1758861483594.jpg\",\"articleSection\":[\"Actualit\u00e9s\",\"M\u00e9dias &amp; Communication\"],\"inLanguage\":\"fr-FR\"},{\"@type\":\"WebPage\",\"@id\":\"https:\\\/\\\/www.forbes.be\\\/fr\\\/le-sommet-de-la-rtbf-secoue-par-une-polemique-sur-un-important-conflit-dinterets\\\/\",\"url\":\"https:\\\/\\\/www.forbes.be\\\/fr\\\/le-sommet-de-la-rtbf-secoue-par-une-polemique-sur-un-important-conflit-dinterets\\\/\",\"name\":\"Le sommet de la RTBF secou\u00e9 par une pol\u00e9mique sur un important conflit d\u2019int\u00e9r\u00eats | Forbes Belgique\",\"isPartOf\":{\"@id\":\"https:\\\/\\\/www.forbes.be\\\/fr\\\/#website\"},\"primaryImageOfPage\":{\"@id\":\"https:\\\/\\\/www.forbes.be\\\/fr\\\/le-sommet-de-la-rtbf-secoue-par-une-polemique-sur-un-important-conflit-dinterets\\\/#primaryimage\"},\"image\":{\"@id\":\"https:\\\/\\\/www.forbes.be\\\/fr\\\/le-sommet-de-la-rtbf-secoue-par-une-polemique-sur-un-important-conflit-dinterets\\\/#primaryimage\"},\"thumbnailUrl\":\"https:\\\/\\\/www.forbes.be\\\/fr\\\/wp-content\\\/uploads\\\/2025\\\/09\\\/affairehublet-e1758861483594.jpg\",\"datePublished\":\"2025-09-26T05:16:07+00:00\",\"dateModified\":\"2025-09-26T08:13:11+00:00\",\"description\":\"RTBF secou\u00e9e par une pol\u00e9mique : la d\u00e9mission de Laurent Hublet (Les Engag\u00e9s) relance les soup\u00e7ons de conflit d\u2019int\u00e9r\u00eats avec Roland Berger, candidat au march\u00e9 strat\u00e9gique 2030. Une affaire explosive qui met sous tension le conseil d\u2019administration et le monde politique.\",\"breadcrumb\":{\"@id\":\"https:\\\/\\\/www.forbes.be\\\/fr\\\/le-sommet-de-la-rtbf-secoue-par-une-polemique-sur-un-important-conflit-dinterets\\\/#breadcrumb\"},\"inLanguage\":\"fr-FR\",\"potentialAction\":[{\"@type\":\"ReadAction\",\"target\":[\"https:\\\/\\\/www.forbes.be\\\/fr\\\/le-sommet-de-la-rtbf-secoue-par-une-polemique-sur-un-important-conflit-dinterets\\\/\"]}]},{\"@type\":\"ImageObject\",\"inLanguage\":\"fr-FR\",\"@id\":\"https:\\\/\\\/www.forbes.be\\\/fr\\\/le-sommet-de-la-rtbf-secoue-par-une-polemique-sur-un-important-conflit-dinterets\\\/#primaryimage\",\"url\":\"https:\\\/\\\/www.forbes.be\\\/fr\\\/wp-content\\\/uploads\\\/2025\\\/09\\\/affairehublet-e1758861483594.jpg\",\"contentUrl\":\"https:\\\/\\\/www.forbes.be\\\/fr\\\/wp-content\\\/uploads\\\/2025\\\/09\\\/affairehublet-e1758861483594.jpg\",\"width\":2000,\"height\":1047},{\"@type\":\"BreadcrumbList\",\"@id\":\"https:\\\/\\\/www.forbes.be\\\/fr\\\/le-sommet-de-la-rtbf-secoue-par-une-polemique-sur-un-important-conflit-dinterets\\\/#breadcrumb\",\"itemListElement\":[{\"@type\":\"ListItem\",\"position\":1,\"name\":\"Accueil\",\"item\":\"https:\\\/\\\/www.forbes.be\\\/fr\\\/\"},{\"@type\":\"ListItem\",\"position\":2,\"name\":\"Le sommet de la RTBF secou\u00e9 par une pol\u00e9mique sur un important conflit d\u2019int\u00e9r\u00eats\"}]},{\"@type\":\"WebSite\",\"@id\":\"https:\\\/\\\/www.forbes.be\\\/fr\\\/#website\",\"url\":\"https:\\\/\\\/www.forbes.be\\\/fr\\\/\",\"name\":\"Forbes Belgique\",\"description\":\"\",\"publisher\":{\"@id\":\"https:\\\/\\\/www.forbes.be\\\/fr\\\/#organization\"},\"potentialAction\":[{\"@type\":\"SearchAction\",\"target\":{\"@type\":\"EntryPoint\",\"urlTemplate\":\"https:\\\/\\\/www.forbes.be\\\/fr\\\/?s={search_term_string}\"},\"query-input\":{\"@type\":\"PropertyValueSpecification\",\"valueRequired\":true,\"valueName\":\"search_term_string\"}}],\"inLanguage\":\"fr-FR\"},{\"@type\":\"Organization\",\"@id\":\"https:\\\/\\\/www.forbes.be\\\/fr\\\/#organization\",\"name\":\"Forbes Belgique\",\"url\":\"https:\\\/\\\/www.forbes.be\\\/fr\\\/\",\"logo\":{\"@type\":\"ImageObject\",\"inLanguage\":\"fr-FR\",\"@id\":\"https:\\\/\\\/www.forbes.be\\\/fr\\\/#\\\/schema\\\/logo\\\/image\\\/\",\"url\":\"https:\\\/\\\/www.forbes.be\\\/fr\\\/wp-content\\\/uploads\\\/2024\\\/02\\\/forbes.be_.png\",\"contentUrl\":\"https:\\\/\\\/www.forbes.be\\\/fr\\\/wp-content\\\/uploads\\\/2024\\\/02\\\/forbes.be_.png\",\"width\":1200,\"height\":675,\"caption\":\"Forbes Belgique\"},\"image\":{\"@id\":\"https:\\\/\\\/www.forbes.be\\\/fr\\\/#\\\/schema\\\/logo\\\/image\\\/\"},\"sameAs\":[\"https:\\\/\\\/www.facebook.com\\\/forbesbelgique\\\/\",\"https:\\\/\\\/www.instagram.com\\\/Forbes_Belgium\",\"https:\\\/\\\/www.linkedin.com\\\/company\\\/forbes-belgium\\\/\"]},{\"@type\":\"Person\",\"@id\":\"https:\\\/\\\/www.forbes.be\\\/fr\\\/#\\\/schema\\\/person\\\/c3a4e3b397a1f526ce7b310355f9f037\",\"name\":\"Demetrio Scagliola\",\"image\":{\"@type\":\"ImageObject\",\"inLanguage\":\"fr-FR\",\"@id\":\"https:\\\/\\\/secure.gravatar.com\\\/avatar\\\/232582365ad68ea54815b307423ac8533cd4a8567f6856361d06fe18e55bd62d?s=96&d=mm&r=g\",\"url\":\"https:\\\/\\\/secure.gravatar.com\\\/avatar\\\/232582365ad68ea54815b307423ac8533cd4a8567f6856361d06fe18e55bd62d?s=96&d=mm&r=g\",\"contentUrl\":\"https:\\\/\\\/secure.gravatar.com\\\/avatar\\\/232582365ad68ea54815b307423ac8533cd4a8567f6856361d06fe18e55bd62d?s=96&d=mm&r=g\",\"caption\":\"Demetrio Scagliola\"},\"url\":\"https:\\\/\\\/www.forbes.be\\\/fr\\\/author\\\/demetrioscagliola\\\/\"}]}<\/script>\n<!-- \/ Yoast SEO plugin. -->","yoast_head_json":{"title":"Le sommet de la RTBF secou\u00e9 par une pol\u00e9mique sur un important conflit d\u2019int\u00e9r\u00eats | Forbes Belgique","description":"RTBF secou\u00e9e par une pol\u00e9mique : la d\u00e9mission de Laurent Hublet (Les Engag\u00e9s) relance les soup\u00e7ons de conflit d\u2019int\u00e9r\u00eats avec Roland Berger, candidat au march\u00e9 strat\u00e9gique 2030. Une affaire explosive qui met sous tension le conseil d\u2019administration et le monde politique.","robots":{"index":"index","follow":"follow","max-snippet":"max-snippet:-1","max-image-preview":"max-image-preview:large","max-video-preview":"max-video-preview:-1"},"canonical":"https:\/\/www.forbes.be\/fr\/le-sommet-de-la-rtbf-secoue-par-une-polemique-sur-un-important-conflit-dinterets\/","og_locale":"fr_FR","og_type":"article","og_title":"Le sommet de la RTBF secou\u00e9 par une pol\u00e9mique sur un important conflit d\u2019int\u00e9r\u00eats | Forbes Belgique","og_description":"RTBF secou\u00e9e par une pol\u00e9mique : la d\u00e9mission de Laurent Hublet (Les Engag\u00e9s) relance les soup\u00e7ons de conflit d\u2019int\u00e9r\u00eats avec Roland Berger, candidat au march\u00e9 strat\u00e9gique 2030. Une affaire explosive qui met sous tension le conseil d\u2019administration et le monde politique.","og_url":"https:\/\/www.forbes.be\/fr\/le-sommet-de-la-rtbf-secoue-par-une-polemique-sur-un-important-conflit-dinterets\/","og_site_name":"Forbes Belgique","article_publisher":"https:\/\/www.facebook.com\/forbesbelgique\/","article_published_time":"2025-09-26T05:16:07+00:00","article_modified_time":"2025-09-26T08:13:11+00:00","og_image":[{"width":2000,"height":1047,"url":"https:\/\/www.forbes.be\/fr\/wp-content\/uploads\/2025\/09\/affairehublet-e1758861483594.jpg","type":"image\/jpeg"}],"author":"Demetrio Scagliola","twitter_card":"summary_large_image","twitter_misc":{"\u00c9crit par":"Demetrio Scagliola","Dur\u00e9e de lecture estim\u00e9e":"5 minutes"},"schema":{"@context":"https:\/\/schema.org","@graph":[{"@type":"NewsArticle","@id":"https:\/\/www.forbes.be\/fr\/le-sommet-de-la-rtbf-secoue-par-une-polemique-sur-un-important-conflit-dinterets\/#article","isPartOf":{"@id":"https:\/\/www.forbes.be\/fr\/le-sommet-de-la-rtbf-secoue-par-une-polemique-sur-un-important-conflit-dinterets\/"},"author":{"name":"Demetrio Scagliola","@id":"https:\/\/www.forbes.be\/fr\/#\/schema\/person\/c3a4e3b397a1f526ce7b310355f9f037"},"headline":"Le sommet de la RTBF secou\u00e9 par une pol\u00e9mique sur un important conflit d\u2019int\u00e9r\u00eats","datePublished":"2025-09-26T05:16:07+00:00","dateModified":"2025-09-26T08:13:11+00:00","mainEntityOfPage":{"@id":"https:\/\/www.forbes.be\/fr\/le-sommet-de-la-rtbf-secoue-par-une-polemique-sur-un-important-conflit-dinterets\/"},"wordCount":910,"publisher":{"@id":"https:\/\/www.forbes.be\/fr\/#organization"},"image":{"@id":"https:\/\/www.forbes.be\/fr\/le-sommet-de-la-rtbf-secoue-par-une-polemique-sur-un-important-conflit-dinterets\/#primaryimage"},"thumbnailUrl":"https:\/\/www.forbes.be\/fr\/wp-content\/uploads\/2025\/09\/affairehublet-e1758861483594.jpg","articleSection":["Actualit\u00e9s","M\u00e9dias &amp; Communication"],"inLanguage":"fr-FR"},{"@type":"WebPage","@id":"https:\/\/www.forbes.be\/fr\/le-sommet-de-la-rtbf-secoue-par-une-polemique-sur-un-important-conflit-dinterets\/","url":"https:\/\/www.forbes.be\/fr\/le-sommet-de-la-rtbf-secoue-par-une-polemique-sur-un-important-conflit-dinterets\/","name":"Le sommet de la RTBF secou\u00e9 par une pol\u00e9mique sur un important conflit d\u2019int\u00e9r\u00eats | Forbes Belgique","isPartOf":{"@id":"https:\/\/www.forbes.be\/fr\/#website"},"primaryImageOfPage":{"@id":"https:\/\/www.forbes.be\/fr\/le-sommet-de-la-rtbf-secoue-par-une-polemique-sur-un-important-conflit-dinterets\/#primaryimage"},"image":{"@id":"https:\/\/www.forbes.be\/fr\/le-sommet-de-la-rtbf-secoue-par-une-polemique-sur-un-important-conflit-dinterets\/#primaryimage"},"thumbnailUrl":"https:\/\/www.forbes.be\/fr\/wp-content\/uploads\/2025\/09\/affairehublet-e1758861483594.jpg","datePublished":"2025-09-26T05:16:07+00:00","dateModified":"2025-09-26T08:13:11+00:00","description":"RTBF secou\u00e9e par une pol\u00e9mique : la d\u00e9mission de Laurent Hublet (Les Engag\u00e9s) relance les soup\u00e7ons de conflit d\u2019int\u00e9r\u00eats avec Roland Berger, candidat au march\u00e9 strat\u00e9gique 2030. Une affaire explosive qui met sous tension le conseil d\u2019administration et le monde politique.","breadcrumb":{"@id":"https:\/\/www.forbes.be\/fr\/le-sommet-de-la-rtbf-secoue-par-une-polemique-sur-un-important-conflit-dinterets\/#breadcrumb"},"inLanguage":"fr-FR","potentialAction":[{"@type":"ReadAction","target":["https:\/\/www.forbes.be\/fr\/le-sommet-de-la-rtbf-secoue-par-une-polemique-sur-un-important-conflit-dinterets\/"]}]},{"@type":"ImageObject","inLanguage":"fr-FR","@id":"https:\/\/www.forbes.be\/fr\/le-sommet-de-la-rtbf-secoue-par-une-polemique-sur-un-important-conflit-dinterets\/#primaryimage","url":"https:\/\/www.forbes.be\/fr\/wp-content\/uploads\/2025\/09\/affairehublet-e1758861483594.jpg","contentUrl":"https:\/\/www.forbes.be\/fr\/wp-content\/uploads\/2025\/09\/affairehublet-e1758861483594.jpg","width":2000,"height":1047},{"@type":"BreadcrumbList","@id":"https:\/\/www.forbes.be\/fr\/le-sommet-de-la-rtbf-secoue-par-une-polemique-sur-un-important-conflit-dinterets\/#breadcrumb","itemListElement":[{"@type":"ListItem","position":1,"name":"Accueil","item":"https:\/\/www.forbes.be\/fr\/"},{"@type":"ListItem","position":2,"name":"Le sommet de la RTBF secou\u00e9 par une pol\u00e9mique sur un important conflit d\u2019int\u00e9r\u00eats"}]},{"@type":"WebSite","@id":"https:\/\/www.forbes.be\/fr\/#website","url":"https:\/\/www.forbes.be\/fr\/","name":"Forbes Belgique","description":"","publisher":{"@id":"https:\/\/www.forbes.be\/fr\/#organization"},"potentialAction":[{"@type":"SearchAction","target":{"@type":"EntryPoint","urlTemplate":"https:\/\/www.forbes.be\/fr\/?s={search_term_string}"},"query-input":{"@type":"PropertyValueSpecification","valueRequired":true,"valueName":"search_term_string"}}],"inLanguage":"fr-FR"},{"@type":"Organization","@id":"https:\/\/www.forbes.be\/fr\/#organization","name":"Forbes Belgique","url":"https:\/\/www.forbes.be\/fr\/","logo":{"@type":"ImageObject","inLanguage":"fr-FR","@id":"https:\/\/www.forbes.be\/fr\/#\/schema\/logo\/image\/","url":"https:\/\/www.forbes.be\/fr\/wp-content\/uploads\/2024\/02\/forbes.be_.png","contentUrl":"https:\/\/www.forbes.be\/fr\/wp-content\/uploads\/2024\/02\/forbes.be_.png","width":1200,"height":675,"caption":"Forbes Belgique"},"image":{"@id":"https:\/\/www.forbes.be\/fr\/#\/schema\/logo\/image\/"},"sameAs":["https:\/\/www.facebook.com\/forbesbelgique\/","https:\/\/www.instagram.com\/Forbes_Belgium","https:\/\/www.linkedin.com\/company\/forbes-belgium\/"]},{"@type":"Person","@id":"https:\/\/www.forbes.be\/fr\/#\/schema\/person\/c3a4e3b397a1f526ce7b310355f9f037","name":"Demetrio Scagliola","image":{"@type":"ImageObject","inLanguage":"fr-FR","@id":"https:\/\/secure.gravatar.com\/avatar\/232582365ad68ea54815b307423ac8533cd4a8567f6856361d06fe18e55bd62d?s=96&d=mm&r=g","url":"https:\/\/secure.gravatar.com\/avatar\/232582365ad68ea54815b307423ac8533cd4a8567f6856361d06fe18e55bd62d?s=96&d=mm&r=g","contentUrl":"https:\/\/secure.gravatar.com\/avatar\/232582365ad68ea54815b307423ac8533cd4a8567f6856361d06fe18e55bd62d?s=96&d=mm&r=g","caption":"Demetrio Scagliola"},"url":"https:\/\/www.forbes.be\/fr\/author\/demetrioscagliola\/"}]}},"_links":{"self":[{"href":"https:\/\/www.forbes.be\/fr\/wp-json\/wp\/v2\/posts\/12575","targetHints":{"allow":["GET"]}}],"collection":[{"href":"https:\/\/www.forbes.be\/fr\/wp-json\/wp\/v2\/posts"}],"about":[{"href":"https:\/\/www.forbes.be\/fr\/wp-json\/wp\/v2\/types\/post"}],"author":[{"embeddable":true,"href":"https:\/\/www.forbes.be\/fr\/wp-json\/wp\/v2\/users\/46"}],"replies":[{"embeddable":true,"href":"https:\/\/www.forbes.be\/fr\/wp-json\/wp\/v2\/comments?post=12575"}],"version-history":[{"count":3,"href":"https:\/\/www.forbes.be\/fr\/wp-json\/wp\/v2\/posts\/12575\/revisions"}],"predecessor-version":[{"id":12580,"href":"https:\/\/www.forbes.be\/fr\/wp-json\/wp\/v2\/posts\/12575\/revisions\/12580"}],"wp:featuredmedia":[{"embeddable":true,"href":"https:\/\/www.forbes.be\/fr\/wp-json\/wp\/v2\/media\/12577"}],"wp:attachment":[{"href":"https:\/\/www.forbes.be\/fr\/wp-json\/wp\/v2\/media?parent=12575"}],"wp:term":[{"taxonomy":"category","embeddable":true,"href":"https:\/\/www.forbes.be\/fr\/wp-json\/wp\/v2\/categories?post=12575"},{"taxonomy":"post_tag","embeddable":true,"href":"https:\/\/www.forbes.be\/fr\/wp-json\/wp\/v2\/tags?post=12575"}],"curies":[{"name":"wp","href":"https:\/\/api.w.org\/{rel}","templated":true}]}}