{"id":12612,"date":"2025-10-13T07:00:30","date_gmt":"2025-10-13T05:00:30","guid":{"rendered":"https:\/\/www.forbes.be\/fr\/?p=12612"},"modified":"2026-02-24T18:57:40","modified_gmt":"2026-02-24T17:57:40","slug":"lid-7-tourer-de-volkswagen-le-break-le-plus-vendu-en-belgique-a-tout-du-choix-malin-pour-les-flottes","status":"publish","type":"post","link":"https:\/\/www.forbes.be\/fr\/lid-7-tourer-de-volkswagen-le-break-le-plus-vendu-en-belgique-a-tout-du-choix-malin-pour-les-flottes\/","title":{"rendered":"L\u2019ID.7 Tourer de Volkswagen, le break le plus vendu en Belgique, a tout du choix malin pour les flottes"},"content":{"rendered":"<p><strong>Les trois crit\u00e8res d\u00e9terminants en mati\u00e8re de flotte d\u2019entreprise\u00a0? L\u2019espace, le confort et une autonomie g\u00e9n\u00e9reuse. L\u2019<\/strong><strong>ID.7 Tourer de Volkswagen coche toutes les cases. Rien d\u2019\u00e9tonnant d\u00e8s lors \u00e0 le voir caracoler en t\u00eate des ventes de breaks en Belgique, chiffres \u00e0 l\u2019appui, en motorisation \u00e9lectrique comme classique. Ce mod\u00e8le s\u2019impose clairement comme la nouvelle r\u00e9f\u00e9rence du segment des breaks sur le march\u00e9 belge.<\/strong><\/p>\n<p>L&rsquo;ID.7 Tourer rejoint avec brio la gamme \u00e9lectrique compl\u00e8te d\u00e9ploy\u00e9e par le constructeur automobile allemand. Ce nouveau fleuron y c\u00f4toie le compact ID.3, les SUV ID.4 et ID.5, la berline spacieuse ID.7 et l\u2019ID. Buzz capable d\u2019accueillir jusqu\u2019\u00e0 sept places. Leur point commun : une autonomie impressionnante (pouvant d\u00e9passer les 700 km) et une technologie de pointe. L\u2019ID.7 Tourer occupe une place sp\u00e9ciale au sein de cette offre qu\u2019il rehausse en se profilant comme le break familial spacieux et confortable par excellence. Au point d\u2019\u00eatre actuellement le num\u00e9ro un incontest\u00e9 dans notre pays (source : Febiac).<\/p>\n<h2>Beaucoup d\u2019espace<\/h2>\n<p>Le volume est souvent un crit\u00e8re d\u00e9cisif. L\u2019ID.7 Tourer allie une capacit\u00e9 de chargement de coffre impressionnante de 605 litres (extensible jusqu\u2019\u00e0 1 714 litres) et un habitacle pens\u00e9 pour les longs trajets. L\u2019arri\u00e8re notamment fait une r\u00e9elle diff\u00e9rence en allouant un bel espace pour les jambes et la t\u00eate des occupants. \u00c0 l\u2019avant, le conducteur profite, en option, de si\u00e8ges ErgoActive, dot\u00e9s de fonctions comme le massage par points de pression, la m\u00e9morisation des r\u00e9glages et la climatisation. Pour les entreprises, les avantages se traduisent par une meilleure satisfaction des conducteurs, une diminution de la fatigue sur les longs trajets et une grande adaptabilit\u00e9 du v\u00e9hicule aux diff\u00e9rents types de trajets.<\/p>\n<p><img decoding=\"async\" src=\"https:\/\/www.forbes.be\/nl\/wp-content\/uploads\/2025\/09\/ic1410-4k-1024x768.jpeg\" \/><\/p>\n<h2>Au-del\u00e0 de la voiture de fonction standard<\/h2>\n<p>L\u2019ID.7 Tourer ne recule devant rien pour optimiser l\u2019exp\u00e9rience de conduite. Entre r\u00e9glage automatique de la climatisation, grilles d\u2019a\u00e9ration intelligentes et application Welness In-Car optionnelle, tout est pens\u00e9 pour offrir un maximum de confort et de s\u00e9r\u00e9nit\u00e9. Mention sp\u00e9ciale \u00e9galement pour le toit panoramique Smart Glas, disponible en option, qui peut passer d\u2019un mode transparent \u00e0 un mode opaque d\u2019un simple geste. Le break traditionnel se transforme presque en v\u00e9ritable cocon de confort sur roues.<\/p>\n<p><img decoding=\"async\" src=\"https:\/\/www.forbes.be\/nl\/wp-content\/uploads\/2025\/09\/ic1420-4k-1024x768.jpeg\" \/><\/p>\n<h2>Bye bye le stress<\/h2>\n<p>La v\u00e9ritable valeur ajout\u00e9e de la motorisation \u00e9lectrique r\u00e9side dans une autonomie \u00e9lev\u00e9e. Celle de l\u2019ID.7 Tourer peut atteindre 688 km gr\u00e2ce \u00e0 sa batterie de 86 kWh. Largement suffisant pour une semaine de travail intense sans la pression de la recharge quotidienne. Et quand recharger s\u2019av\u00e8re n\u00e9cessaire, l\u2019op\u00e9ration s\u2019effectue en un temps record gr\u00e2ce \u00e0 sa puissance de charge rapide de 200 kW, qui fait passer la batterie de 10 \u00e0 80 % en moins de 26 minutes. Et qui dit temps d\u2019immobilisation r\u00e9duit, dit plus de kilom\u00e8tres productifs.<\/p>\n<h2>Business Sport Edition<\/h2>\n<p>La finition Business Sport Edition a \u00e9t\u00e9 sp\u00e9cialement con\u00e7ue pour le march\u00e9 des flottes. Bas\u00e9e sur la version Business d\u00e9j\u00e0 richement \u00e9quip\u00e9e, elle monte encore d\u2019un cran dans le confort et le design. Le pack Black Style conf\u00e8re au v\u00e9hicule une allure sportive gr\u00e2ce \u00e0 ses touches design sombres, ses jantes en alliage l\u00e9ger et ses vitres arri\u00e8re teint\u00e9es. Dans l\u2019habitacle, le confort atteint des sommets gr\u00e2ce au pack Interior Plus qui int\u00e8gre des si\u00e8ges \u00e0 r\u00e9glage \u00e9lectrique, dot\u00e9s de fonctions de massage et m\u00e9morisation. La touche finale est apport\u00e9e par le pack Design Plus, qui n&rsquo;inclut pas le toit panoramique. La bonne id\u00e9e\u00a0? Combiner ces options plut\u00f4t que de les acheter s\u00e9par\u00e9ment permet d\u2019engranger un avantage client de 10 355 \u20ac (TVA incluse). En plus d\u2019\u00eatre synonyme de sportivit\u00e9 et confort, l\u2019ID.7 Tourer offre aux entreprises un loyer mensuel r\u00e9duit et une valeur r\u00e9siduelle plus \u00e9lev\u00e9e, ce qui impacte directement le co\u00fbt total de possession.<\/p>\n<h2>Reconnaissance et fiabilit\u00e9<\/h2>\n<p>Comme le confirment des sources ind\u00e9pendantes, l\u2019ID.7 Tourer est un choix judicieux pour les flottes d\u2019entreprise, comme en t\u00e9moigne le label Ma\u00eetre-achat de Test-Achats qu\u2019il arbore fi\u00e8rement depuis 2024. En plus d\u2019une production europ\u00e9enne et de la qualit\u00e9 \u00e9prouv\u00e9e de Volkswagen, l\u2019ID.7 Tourer leur apporte une garantie de s\u00e9curit\u00e9 et de s\u00e9r\u00e9nit\u00e9 \u00e0 long terme.<\/p>\n<p><a href=\"https:\/\/www.volkswagen.be\/fr\/modeles\/id7.html\" target=\"_blank\" rel=\"noopener\">D\u00e9couvrez l\u2019ID.7 Tourer<\/a><\/p>\n<p>Cet article a \u00e9t\u00e9 \u00e9labor\u00e9 en collaboration \u00e9troite avec Volkswagen.<\/p>\n","protected":false},"excerpt":{"rendered":"<p>Les trois crit\u00e8res d\u00e9terminants en mati\u00e8re de flotte d\u2019entreprise\u00a0? L\u2019espace, le confort et une autonomie g\u00e9n\u00e9reuse. L\u2019ID.7 Tourer de Volkswagen coche toutes les cases. Rien d\u2019\u00e9tonnant d\u00e8s lors \u00e0 le voir caracoler en t\u00eate des ventes de breaks en Belgique, chiffres \u00e0 l\u2019appui, en motorisation \u00e9lectrique comme classique. Ce mod\u00e8le s\u2019impose clairement comme la nouvelle [&hellip;]<\/p>\n","protected":false},"author":7,"featured_media":12613,"comment_status":"closed","ping_status":"closed","sticky":false,"template":"","format":"standard","meta":{"_acf_changed":false,"inline_featured_image":false,"footnotes":""},"categories":[98],"tags":[],"class_list":{"0":"post-12612","1":"post","2":"type-post","3":"status-publish","4":"format-standard","5":"has-post-thumbnail","7":"category-brandvoice"},"acf":[],"_yoast_wpseo_title":null,"_yoast_wpseo_metadesc":"Pour les clients fleet\u202f: espace, confort et grande autonomie. La Volkswagen ID.7 Tourer excelle sur tous les points.","auteur_traducteur":"","yoast_head":"<!-- This site is optimized with the Yoast SEO plugin v27.4 - https:\/\/yoast.com\/product\/yoast-seo-wordpress\/ -->\n<title>L\u2019ID.7 Tourer de Volkswagen, le break le plus vendu en Belgique, a tout du choix malin pour les flottes | Forbes Belgique<\/title>\n<meta name=\"description\" content=\"Pour les clients fleet\u202f: espace, confort et grande autonomie. La Volkswagen ID.7 Tourer excelle sur tous les points.\" \/>\n<meta name=\"robots\" content=\"index, follow, max-snippet:-1, max-image-preview:large, max-video-preview:-1\" \/>\n<link rel=\"canonical\" href=\"https:\/\/www.forbes.be\/fr\/lid-7-tourer-de-volkswagen-le-break-le-plus-vendu-en-belgique-a-tout-du-choix-malin-pour-les-flottes\/\" \/>\n<meta property=\"og:locale\" content=\"fr_FR\" \/>\n<meta property=\"og:type\" content=\"article\" \/>\n<meta property=\"og:title\" content=\"L\u2019ID.7 Tourer de Volkswagen, le break le plus vendu en Belgique, a tout du choix malin pour les flottes | Forbes Belgique\" \/>\n<meta property=\"og:description\" content=\"Pour les clients fleet\u202f: espace, confort et grande autonomie. La Volkswagen ID.7 Tourer excelle sur tous les points.\" \/>\n<meta property=\"og:url\" content=\"https:\/\/www.forbes.be\/fr\/lid-7-tourer-de-volkswagen-le-break-le-plus-vendu-en-belgique-a-tout-du-choix-malin-pour-les-flottes\/\" \/>\n<meta property=\"og:site_name\" content=\"Forbes Belgique\" \/>\n<meta property=\"article:publisher\" content=\"https:\/\/www.facebook.com\/forbesbelgique\/\" \/>\n<meta property=\"article:published_time\" content=\"2025-10-13T05:00:30+00:00\" \/>\n<meta property=\"article:modified_time\" content=\"2026-02-24T17:57:40+00:00\" \/>\n<meta property=\"og:image\" content=\"https:\/\/www.forbes.be\/fr\/wp-content\/uploads\/2025\/09\/forbes-image-a-la-une-1-1.jpg\" \/>\n\t<meta property=\"og:image:width\" content=\"1200\" \/>\n\t<meta property=\"og:image:height\" content=\"628\" \/>\n\t<meta property=\"og:image:type\" content=\"image\/jpeg\" \/>\n<meta name=\"author\" content=\"BRANDVOICE | Sponsored Content\" \/>\n<meta name=\"twitter:card\" content=\"summary_large_image\" \/>\n<meta name=\"twitter:label1\" content=\"\u00c9crit par\" \/>\n\t<meta name=\"twitter:data1\" content=\"BRANDVOICE | Sponsored Content\" \/>\n\t<meta name=\"twitter:label2\" content=\"Dur\u00e9e de lecture estim\u00e9e\" \/>\n\t<meta name=\"twitter:data2\" content=\"5 minutes\" \/>\n<script type=\"application\/ld+json\" class=\"yoast-schema-graph\">{\"@context\":\"https:\\\/\\\/schema.org\",\"@graph\":[{\"@type\":\"NewsArticle\",\"@id\":\"https:\\\/\\\/www.forbes.be\\\/fr\\\/lid-7-tourer-de-volkswagen-le-break-le-plus-vendu-en-belgique-a-tout-du-choix-malin-pour-les-flottes\\\/#article\",\"isPartOf\":{\"@id\":\"https:\\\/\\\/www.forbes.be\\\/fr\\\/lid-7-tourer-de-volkswagen-le-break-le-plus-vendu-en-belgique-a-tout-du-choix-malin-pour-les-flottes\\\/\"},\"author\":{\"name\":\"BRANDVOICE | Sponsored Content\",\"@id\":\"https:\\\/\\\/www.forbes.be\\\/fr\\\/#\\\/schema\\\/person\\\/f6bf8fa623babedc7051f16985d6a1d5\"},\"headline\":\"L\u2019ID.7 Tourer de Volkswagen, le break le plus vendu en Belgique, a tout du choix malin pour les flottes\",\"datePublished\":\"2025-10-13T05:00:30+00:00\",\"dateModified\":\"2026-02-24T17:57:40+00:00\",\"mainEntityOfPage\":{\"@id\":\"https:\\\/\\\/www.forbes.be\\\/fr\\\/lid-7-tourer-de-volkswagen-le-break-le-plus-vendu-en-belgique-a-tout-du-choix-malin-pour-les-flottes\\\/\"},\"wordCount\":792,\"publisher\":{\"@id\":\"https:\\\/\\\/www.forbes.be\\\/fr\\\/#organization\"},\"image\":{\"@id\":\"https:\\\/\\\/www.forbes.be\\\/fr\\\/lid-7-tourer-de-volkswagen-le-break-le-plus-vendu-en-belgique-a-tout-du-choix-malin-pour-les-flottes\\\/#primaryimage\"},\"thumbnailUrl\":\"https:\\\/\\\/www.forbes.be\\\/fr\\\/wp-content\\\/uploads\\\/2025\\\/09\\\/forbes-image-a-la-une-1-1.jpg\",\"articleSection\":[\"Brandvoice\"],\"inLanguage\":\"fr-FR\"},{\"@type\":\"WebPage\",\"@id\":\"https:\\\/\\\/www.forbes.be\\\/fr\\\/lid-7-tourer-de-volkswagen-le-break-le-plus-vendu-en-belgique-a-tout-du-choix-malin-pour-les-flottes\\\/\",\"url\":\"https:\\\/\\\/www.forbes.be\\\/fr\\\/lid-7-tourer-de-volkswagen-le-break-le-plus-vendu-en-belgique-a-tout-du-choix-malin-pour-les-flottes\\\/\",\"name\":\"L\u2019ID.7 Tourer de Volkswagen, le break le plus vendu en Belgique, a tout du choix malin pour les flottes | Forbes Belgique\",\"isPartOf\":{\"@id\":\"https:\\\/\\\/www.forbes.be\\\/fr\\\/#website\"},\"primaryImageOfPage\":{\"@id\":\"https:\\\/\\\/www.forbes.be\\\/fr\\\/lid-7-tourer-de-volkswagen-le-break-le-plus-vendu-en-belgique-a-tout-du-choix-malin-pour-les-flottes\\\/#primaryimage\"},\"image\":{\"@id\":\"https:\\\/\\\/www.forbes.be\\\/fr\\\/lid-7-tourer-de-volkswagen-le-break-le-plus-vendu-en-belgique-a-tout-du-choix-malin-pour-les-flottes\\\/#primaryimage\"},\"thumbnailUrl\":\"https:\\\/\\\/www.forbes.be\\\/fr\\\/wp-content\\\/uploads\\\/2025\\\/09\\\/forbes-image-a-la-une-1-1.jpg\",\"datePublished\":\"2025-10-13T05:00:30+00:00\",\"dateModified\":\"2026-02-24T17:57:40+00:00\",\"description\":\"Pour les clients fleet\u202f: espace, confort et grande autonomie. La Volkswagen ID.7 Tourer excelle sur tous les points.\",\"breadcrumb\":{\"@id\":\"https:\\\/\\\/www.forbes.be\\\/fr\\\/lid-7-tourer-de-volkswagen-le-break-le-plus-vendu-en-belgique-a-tout-du-choix-malin-pour-les-flottes\\\/#breadcrumb\"},\"inLanguage\":\"fr-FR\",\"potentialAction\":[{\"@type\":\"ReadAction\",\"target\":[\"https:\\\/\\\/www.forbes.be\\\/fr\\\/lid-7-tourer-de-volkswagen-le-break-le-plus-vendu-en-belgique-a-tout-du-choix-malin-pour-les-flottes\\\/\"]}]},{\"@type\":\"ImageObject\",\"inLanguage\":\"fr-FR\",\"@id\":\"https:\\\/\\\/www.forbes.be\\\/fr\\\/lid-7-tourer-de-volkswagen-le-break-le-plus-vendu-en-belgique-a-tout-du-choix-malin-pour-les-flottes\\\/#primaryimage\",\"url\":\"https:\\\/\\\/www.forbes.be\\\/fr\\\/wp-content\\\/uploads\\\/2025\\\/09\\\/forbes-image-a-la-une-1-1.jpg\",\"contentUrl\":\"https:\\\/\\\/www.forbes.be\\\/fr\\\/wp-content\\\/uploads\\\/2025\\\/09\\\/forbes-image-a-la-une-1-1.jpg\",\"width\":1200,\"height\":628},{\"@type\":\"BreadcrumbList\",\"@id\":\"https:\\\/\\\/www.forbes.be\\\/fr\\\/lid-7-tourer-de-volkswagen-le-break-le-plus-vendu-en-belgique-a-tout-du-choix-malin-pour-les-flottes\\\/#breadcrumb\",\"itemListElement\":[{\"@type\":\"ListItem\",\"position\":1,\"name\":\"Accueil\",\"item\":\"https:\\\/\\\/www.forbes.be\\\/fr\\\/\"},{\"@type\":\"ListItem\",\"position\":2,\"name\":\"L\u2019ID.7 Tourer de Volkswagen, le break le plus vendu en Belgique, a tout du choix malin pour les flottes\"}]},{\"@type\":\"WebSite\",\"@id\":\"https:\\\/\\\/www.forbes.be\\\/fr\\\/#website\",\"url\":\"https:\\\/\\\/www.forbes.be\\\/fr\\\/\",\"name\":\"Forbes Belgique\",\"description\":\"\",\"publisher\":{\"@id\":\"https:\\\/\\\/www.forbes.be\\\/fr\\\/#organization\"},\"potentialAction\":[{\"@type\":\"SearchAction\",\"target\":{\"@type\":\"EntryPoint\",\"urlTemplate\":\"https:\\\/\\\/www.forbes.be\\\/fr\\\/?s={search_term_string}\"},\"query-input\":{\"@type\":\"PropertyValueSpecification\",\"valueRequired\":true,\"valueName\":\"search_term_string\"}}],\"inLanguage\":\"fr-FR\"},{\"@type\":\"Organization\",\"@id\":\"https:\\\/\\\/www.forbes.be\\\/fr\\\/#organization\",\"name\":\"Forbes Belgique\",\"url\":\"https:\\\/\\\/www.forbes.be\\\/fr\\\/\",\"logo\":{\"@type\":\"ImageObject\",\"inLanguage\":\"fr-FR\",\"@id\":\"https:\\\/\\\/www.forbes.be\\\/fr\\\/#\\\/schema\\\/logo\\\/image\\\/\",\"url\":\"https:\\\/\\\/www.forbes.be\\\/fr\\\/wp-content\\\/uploads\\\/2024\\\/02\\\/forbes.be_.png\",\"contentUrl\":\"https:\\\/\\\/www.forbes.be\\\/fr\\\/wp-content\\\/uploads\\\/2024\\\/02\\\/forbes.be_.png\",\"width\":1200,\"height\":675,\"caption\":\"Forbes Belgique\"},\"image\":{\"@id\":\"https:\\\/\\\/www.forbes.be\\\/fr\\\/#\\\/schema\\\/logo\\\/image\\\/\"},\"sameAs\":[\"https:\\\/\\\/www.facebook.com\\\/forbesbelgique\\\/\",\"https:\\\/\\\/www.instagram.com\\\/Forbes_Belgium\",\"https:\\\/\\\/www.linkedin.com\\\/company\\\/forbes-belgium\\\/\"]},{\"@type\":\"Person\",\"@id\":\"https:\\\/\\\/www.forbes.be\\\/fr\\\/#\\\/schema\\\/person\\\/f6bf8fa623babedc7051f16985d6a1d5\",\"name\":\"BRANDVOICE | Sponsored Content\",\"image\":{\"@type\":\"ImageObject\",\"inLanguage\":\"fr-FR\",\"@id\":\"https:\\\/\\\/www.forbes.be\\\/fr\\\/wp-content\\\/uploads\\\/2024\\\/01\\\/forbes-thumb-150x150.jpg\",\"url\":\"https:\\\/\\\/www.forbes.be\\\/fr\\\/wp-content\\\/uploads\\\/2024\\\/01\\\/forbes-thumb-150x150.jpg\",\"contentUrl\":\"https:\\\/\\\/www.forbes.be\\\/fr\\\/wp-content\\\/uploads\\\/2024\\\/01\\\/forbes-thumb-150x150.jpg\",\"caption\":\"BRANDVOICE | Sponsored Content\"},\"url\":\"https:\\\/\\\/www.forbes.be\\\/fr\\\/author\\\/partenairesforbes-be\\\/\"}]}<\/script>\n<!-- \/ Yoast SEO plugin. -->","yoast_head_json":{"title":"L\u2019ID.7 Tourer de Volkswagen, le break le plus vendu en Belgique, a tout du choix malin pour les flottes | Forbes Belgique","description":"Pour les clients fleet\u202f: espace, confort et grande autonomie. La Volkswagen ID.7 Tourer excelle sur tous les points.","robots":{"index":"index","follow":"follow","max-snippet":"max-snippet:-1","max-image-preview":"max-image-preview:large","max-video-preview":"max-video-preview:-1"},"canonical":"https:\/\/www.forbes.be\/fr\/lid-7-tourer-de-volkswagen-le-break-le-plus-vendu-en-belgique-a-tout-du-choix-malin-pour-les-flottes\/","og_locale":"fr_FR","og_type":"article","og_title":"L\u2019ID.7 Tourer de Volkswagen, le break le plus vendu en Belgique, a tout du choix malin pour les flottes | Forbes Belgique","og_description":"Pour les clients fleet\u202f: espace, confort et grande autonomie. La Volkswagen ID.7 Tourer excelle sur tous les points.","og_url":"https:\/\/www.forbes.be\/fr\/lid-7-tourer-de-volkswagen-le-break-le-plus-vendu-en-belgique-a-tout-du-choix-malin-pour-les-flottes\/","og_site_name":"Forbes Belgique","article_publisher":"https:\/\/www.facebook.com\/forbesbelgique\/","article_published_time":"2025-10-13T05:00:30+00:00","article_modified_time":"2026-02-24T17:57:40+00:00","og_image":[{"width":1200,"height":628,"url":"https:\/\/www.forbes.be\/fr\/wp-content\/uploads\/2025\/09\/forbes-image-a-la-une-1-1.jpg","type":"image\/jpeg"}],"author":"BRANDVOICE | Sponsored Content","twitter_card":"summary_large_image","twitter_misc":{"\u00c9crit par":"BRANDVOICE | Sponsored Content","Dur\u00e9e de lecture estim\u00e9e":"5 minutes"},"schema":{"@context":"https:\/\/schema.org","@graph":[{"@type":"NewsArticle","@id":"https:\/\/www.forbes.be\/fr\/lid-7-tourer-de-volkswagen-le-break-le-plus-vendu-en-belgique-a-tout-du-choix-malin-pour-les-flottes\/#article","isPartOf":{"@id":"https:\/\/www.forbes.be\/fr\/lid-7-tourer-de-volkswagen-le-break-le-plus-vendu-en-belgique-a-tout-du-choix-malin-pour-les-flottes\/"},"author":{"name":"BRANDVOICE | Sponsored Content","@id":"https:\/\/www.forbes.be\/fr\/#\/schema\/person\/f6bf8fa623babedc7051f16985d6a1d5"},"headline":"L\u2019ID.7 Tourer de Volkswagen, le break le plus vendu en Belgique, a tout du choix malin pour les flottes","datePublished":"2025-10-13T05:00:30+00:00","dateModified":"2026-02-24T17:57:40+00:00","mainEntityOfPage":{"@id":"https:\/\/www.forbes.be\/fr\/lid-7-tourer-de-volkswagen-le-break-le-plus-vendu-en-belgique-a-tout-du-choix-malin-pour-les-flottes\/"},"wordCount":792,"publisher":{"@id":"https:\/\/www.forbes.be\/fr\/#organization"},"image":{"@id":"https:\/\/www.forbes.be\/fr\/lid-7-tourer-de-volkswagen-le-break-le-plus-vendu-en-belgique-a-tout-du-choix-malin-pour-les-flottes\/#primaryimage"},"thumbnailUrl":"https:\/\/www.forbes.be\/fr\/wp-content\/uploads\/2025\/09\/forbes-image-a-la-une-1-1.jpg","articleSection":["Brandvoice"],"inLanguage":"fr-FR"},{"@type":"WebPage","@id":"https:\/\/www.forbes.be\/fr\/lid-7-tourer-de-volkswagen-le-break-le-plus-vendu-en-belgique-a-tout-du-choix-malin-pour-les-flottes\/","url":"https:\/\/www.forbes.be\/fr\/lid-7-tourer-de-volkswagen-le-break-le-plus-vendu-en-belgique-a-tout-du-choix-malin-pour-les-flottes\/","name":"L\u2019ID.7 Tourer de Volkswagen, le break le plus vendu en Belgique, a tout du choix malin pour les flottes | Forbes Belgique","isPartOf":{"@id":"https:\/\/www.forbes.be\/fr\/#website"},"primaryImageOfPage":{"@id":"https:\/\/www.forbes.be\/fr\/lid-7-tourer-de-volkswagen-le-break-le-plus-vendu-en-belgique-a-tout-du-choix-malin-pour-les-flottes\/#primaryimage"},"image":{"@id":"https:\/\/www.forbes.be\/fr\/lid-7-tourer-de-volkswagen-le-break-le-plus-vendu-en-belgique-a-tout-du-choix-malin-pour-les-flottes\/#primaryimage"},"thumbnailUrl":"https:\/\/www.forbes.be\/fr\/wp-content\/uploads\/2025\/09\/forbes-image-a-la-une-1-1.jpg","datePublished":"2025-10-13T05:00:30+00:00","dateModified":"2026-02-24T17:57:40+00:00","description":"Pour les clients fleet\u202f: espace, confort et grande autonomie. La Volkswagen ID.7 Tourer excelle sur tous les points.","breadcrumb":{"@id":"https:\/\/www.forbes.be\/fr\/lid-7-tourer-de-volkswagen-le-break-le-plus-vendu-en-belgique-a-tout-du-choix-malin-pour-les-flottes\/#breadcrumb"},"inLanguage":"fr-FR","potentialAction":[{"@type":"ReadAction","target":["https:\/\/www.forbes.be\/fr\/lid-7-tourer-de-volkswagen-le-break-le-plus-vendu-en-belgique-a-tout-du-choix-malin-pour-les-flottes\/"]}]},{"@type":"ImageObject","inLanguage":"fr-FR","@id":"https:\/\/www.forbes.be\/fr\/lid-7-tourer-de-volkswagen-le-break-le-plus-vendu-en-belgique-a-tout-du-choix-malin-pour-les-flottes\/#primaryimage","url":"https:\/\/www.forbes.be\/fr\/wp-content\/uploads\/2025\/09\/forbes-image-a-la-une-1-1.jpg","contentUrl":"https:\/\/www.forbes.be\/fr\/wp-content\/uploads\/2025\/09\/forbes-image-a-la-une-1-1.jpg","width":1200,"height":628},{"@type":"BreadcrumbList","@id":"https:\/\/www.forbes.be\/fr\/lid-7-tourer-de-volkswagen-le-break-le-plus-vendu-en-belgique-a-tout-du-choix-malin-pour-les-flottes\/#breadcrumb","itemListElement":[{"@type":"ListItem","position":1,"name":"Accueil","item":"https:\/\/www.forbes.be\/fr\/"},{"@type":"ListItem","position":2,"name":"L\u2019ID.7 Tourer de Volkswagen, le break le plus vendu en Belgique, a tout du choix malin pour les flottes"}]},{"@type":"WebSite","@id":"https:\/\/www.forbes.be\/fr\/#website","url":"https:\/\/www.forbes.be\/fr\/","name":"Forbes Belgique","description":"","publisher":{"@id":"https:\/\/www.forbes.be\/fr\/#organization"},"potentialAction":[{"@type":"SearchAction","target":{"@type":"EntryPoint","urlTemplate":"https:\/\/www.forbes.be\/fr\/?s={search_term_string}"},"query-input":{"@type":"PropertyValueSpecification","valueRequired":true,"valueName":"search_term_string"}}],"inLanguage":"fr-FR"},{"@type":"Organization","@id":"https:\/\/www.forbes.be\/fr\/#organization","name":"Forbes Belgique","url":"https:\/\/www.forbes.be\/fr\/","logo":{"@type":"ImageObject","inLanguage":"fr-FR","@id":"https:\/\/www.forbes.be\/fr\/#\/schema\/logo\/image\/","url":"https:\/\/www.forbes.be\/fr\/wp-content\/uploads\/2024\/02\/forbes.be_.png","contentUrl":"https:\/\/www.forbes.be\/fr\/wp-content\/uploads\/2024\/02\/forbes.be_.png","width":1200,"height":675,"caption":"Forbes Belgique"},"image":{"@id":"https:\/\/www.forbes.be\/fr\/#\/schema\/logo\/image\/"},"sameAs":["https:\/\/www.facebook.com\/forbesbelgique\/","https:\/\/www.instagram.com\/Forbes_Belgium","https:\/\/www.linkedin.com\/company\/forbes-belgium\/"]},{"@type":"Person","@id":"https:\/\/www.forbes.be\/fr\/#\/schema\/person\/f6bf8fa623babedc7051f16985d6a1d5","name":"BRANDVOICE | Sponsored Content","image":{"@type":"ImageObject","inLanguage":"fr-FR","@id":"https:\/\/www.forbes.be\/fr\/wp-content\/uploads\/2024\/01\/forbes-thumb-150x150.jpg","url":"https:\/\/www.forbes.be\/fr\/wp-content\/uploads\/2024\/01\/forbes-thumb-150x150.jpg","contentUrl":"https:\/\/www.forbes.be\/fr\/wp-content\/uploads\/2024\/01\/forbes-thumb-150x150.jpg","caption":"BRANDVOICE | Sponsored Content"},"url":"https:\/\/www.forbes.be\/fr\/author\/partenairesforbes-be\/"}]}},"_links":{"self":[{"href":"https:\/\/www.forbes.be\/fr\/wp-json\/wp\/v2\/posts\/12612","targetHints":{"allow":["GET"]}}],"collection":[{"href":"https:\/\/www.forbes.be\/fr\/wp-json\/wp\/v2\/posts"}],"about":[{"href":"https:\/\/www.forbes.be\/fr\/wp-json\/wp\/v2\/types\/post"}],"author":[{"embeddable":true,"href":"https:\/\/www.forbes.be\/fr\/wp-json\/wp\/v2\/users\/7"}],"replies":[{"embeddable":true,"href":"https:\/\/www.forbes.be\/fr\/wp-json\/wp\/v2\/comments?post=12612"}],"version-history":[{"count":3,"href":"https:\/\/www.forbes.be\/fr\/wp-json\/wp\/v2\/posts\/12612\/revisions"}],"predecessor-version":[{"id":12629,"href":"https:\/\/www.forbes.be\/fr\/wp-json\/wp\/v2\/posts\/12612\/revisions\/12629"}],"wp:featuredmedia":[{"embeddable":true,"href":"https:\/\/www.forbes.be\/fr\/wp-json\/wp\/v2\/media\/12613"}],"wp:attachment":[{"href":"https:\/\/www.forbes.be\/fr\/wp-json\/wp\/v2\/media?parent=12612"}],"wp:term":[{"taxonomy":"category","embeddable":true,"href":"https:\/\/www.forbes.be\/fr\/wp-json\/wp\/v2\/categories?post=12612"},{"taxonomy":"post_tag","embeddable":true,"href":"https:\/\/www.forbes.be\/fr\/wp-json\/wp\/v2\/tags?post=12612"}],"curies":[{"name":"wp","href":"https:\/\/api.w.org\/{rel}","templated":true}]}}