{"id":12630,"date":"2025-10-22T08:59:14","date_gmt":"2025-10-22T06:59:14","guid":{"rendered":"https:\/\/www.forbes.be\/fr\/?p=12630"},"modified":"2025-10-22T09:11:31","modified_gmt":"2025-10-22T07:11:31","slug":"solutions-financieres-innovantes-pour-la-nature-liberer-le-potentiel-du-capital-prive","status":"publish","type":"post","link":"https:\/\/www.forbes.be\/fr\/solutions-financieres-innovantes-pour-la-nature-liberer-le-potentiel-du-capital-prive\/","title":{"rendered":"Solutions financi\u00e8res innovantes pour la nature\u00a0: lib\u00e9rer le potentiel du capital priv\u00e9"},"content":{"rendered":"<p><strong>Cet \u00e9t\u00e9 a une fois de plus rappel\u00e9 de fa\u00e7on brutale que le changement climatique n\u2019est plus une menace lointaine, mais une r\u00e9alit\u00e9 d\u00e9vastatrice. Des feux de for\u00eats ont ravag\u00e9 l\u2019Espagne, la France, le Portugal, la Gr\u00e8ce, et de nombreuses autres r\u00e9gions d\u2019Europe, d\u00e9truisant des centaines de milliers d\u2019hectares de for\u00eats, endommageant des habitations, d\u00e9pla\u00e7ant des familles et causant des milliards d\u2019euros de d\u00e9g\u00e2ts. Et l\u2019Europe n\u2019est pas seule : de l\u2019Am\u00e9rique du Nord \u00e0 l\u2019Asie, des vagues de chaleur record, des inondations et des temp\u00eates d\u2019une violence sans pr\u00e9c\u00e9dent frappent toutes les communaut\u00e9s.<\/strong><\/p>\n<p>Alors que nous luttons contre les flammes, une crise plus profonde se profile : l\u2019effondrement de la biodiversit\u00e9. Les for\u00eats, jadis puits de carbone, partent en cendres, les oc\u00e9ans s\u2019acidifient et les esp\u00e8ces disparaissent \u00e0 un rythme alarmant\u2014aggravant encore plus la crise climatique et bouleversant les syst\u00e8mes naturels qui soutiennent notre sant\u00e9, notre alimentation et nos \u00e9conomies.<\/p>\n<figure id=\"attachment_12996\" aria-describedby=\"caption-attachment-12996\" style=\"width: 2560px\" class=\"wp-caption alignnone\"><img loading=\"lazy\" decoding=\"async\" class=\"size-full wp-image-12996\" src=\"https:\/\/www.forbes.be\/fr\/wp-content\/uploads\/2025\/10\/shutterstock-2594718119-scaled.jpg\" alt=\"\" width=\"2560\" height=\"1707\" srcset=\"https:\/\/www.forbes.be\/fr\/wp-content\/uploads\/2025\/10\/shutterstock-2594718119-scaled.jpg 2560w, https:\/\/www.forbes.be\/fr\/wp-content\/uploads\/2025\/10\/shutterstock-2594718119-300x200.jpg 300w, https:\/\/www.forbes.be\/fr\/wp-content\/uploads\/2025\/10\/shutterstock-2594718119-1024x683.jpg 1024w, https:\/\/www.forbes.be\/fr\/wp-content\/uploads\/2025\/10\/shutterstock-2594718119-768x512.jpg 768w, https:\/\/www.forbes.be\/fr\/wp-content\/uploads\/2025\/10\/shutterstock-2594718119-1536x1024.jpg 1536w, https:\/\/www.forbes.be\/fr\/wp-content\/uploads\/2025\/10\/shutterstock-2594718119-2048x1365.jpg 2048w, https:\/\/www.forbes.be\/fr\/wp-content\/uploads\/2025\/10\/shutterstock-2594718119-696x464.jpg 696w, https:\/\/www.forbes.be\/fr\/wp-content\/uploads\/2025\/10\/shutterstock-2594718119-1068x712.jpg 1068w, https:\/\/www.forbes.be\/fr\/wp-content\/uploads\/2025\/10\/shutterstock-2594718119-1920x1280.jpg 1920w, https:\/\/www.forbes.be\/fr\/wp-content\/uploads\/2025\/10\/shutterstock-2594718119-600x400.jpg 600w\" sizes=\"auto, (max-width: 2560px) 100vw, 2560px\" \/><figcaption id=\"caption-attachment-12996\" class=\"wp-caption-text\">\u00a9 DR\/Shutterstock.com<\/figcaption><\/figure>\n<h2>Urgence \u00e9cologique, financement en recul<\/h2>\n<p>\u00c0 ce moment charni\u00e8re, alors que les tensions g\u00e9opolitiques s\u2019intensifient et que l\u2019aide publique au d\u00e9veloppement recule, la communaut\u00e9 internationale fait face \u00e0 un paradoxe : jamais la protection de la biodiversit\u00e9 et des \u00e9cosyst\u00e8mes n\u2019a \u00e9t\u00e9 aussi urgente, et pourtant les financements publics stagnent, voire diminuent. \u00c0 l\u2019approche de la Conf\u00e9rence des Nations Unies sur le climat (COP30) au Br\u00e9sil le mois prochain, une question cruciale s\u2019impose : comment mobiliser les flux de capitaux priv\u00e9s pour prot\u00e9ger le climat et la biodiversit\u00e9, au-del\u00e0 des engagements gouvernementaux ?<\/p>\n<h2>La Belgique, acteur cl\u00e9 de la finance verte<\/h2>\n<p>La Belgique se situe au carrefour de la finance internationale et de l\u2019innovation durable. Son secteur financier, d\u00e9j\u00e0 pionnier en investissement responsable et en obligations vertes, dispose de l\u2019expertise n\u00e9cessaire pour d\u00e9ployer la prochaine vague de solutions. Au-del\u00e0 des crises actuelles se dessine une opportunit\u00e9 majeure : des mod\u00e8les financiers innovants capables de red\u00e9finir la mani\u00e8re dont nous valorisons et prot\u00e9geons la nature. Pour relever le d\u00e9fi, il est indispensable de mobiliser le capital priv\u00e9 \u2014 et la Belgique est bien plac\u00e9e pour transformer ces m\u00e9canismes prometteurs en impacts concrets.<\/p>\n<h2>Des outils financiers \u00e0 fort potentiel<\/h2>\n<p>Parmi les instruments prometteurs figurent les cr\u00e9dits nature, encore en phase pilote mais capables d\u2019orienter des capitaux \u00e0 grande \u00e9chelle vers la conservation et la restauration, \u00e0 condition qu\u2019ils soient con\u00e7us avec cr\u00e9dibilit\u00e9 et transparence et adoss\u00e9s \u00e0 un march\u00e9 robuste. Les m\u00e9canismes de financement mixte vont plus loin, en combinant strat\u00e9giquement fonds publics ou philanthropiques avec des investissements priv\u00e9s afin de r\u00e9duire les risques et de rendre la conservation v\u00e9ritablement \u00ab bancables \u00bb. Les \u00e9changes dette\u2010nature d\u00e9montrent \u00e9galement leur int\u00e9r\u00eat, offrant aux pays la possibilit\u00e9 de restructurer leur dette souveraine tout en d\u00e9bloquant des financements durables significatifs pour la biodiversit\u00e9 et le climat.<\/p>\n<h2>La nature comme actif, pas comme co\u00fbt<\/h2>\n<figure id=\"attachment_12995\" aria-describedby=\"caption-attachment-12995\" style=\"width: 2560px\" class=\"wp-caption alignnone\"><img loading=\"lazy\" decoding=\"async\" class=\"size-full wp-image-12995\" src=\"https:\/\/www.forbes.be\/fr\/wp-content\/uploads\/2025\/10\/shutterstock-2592901731-scaled.jpg\" alt=\"\" width=\"2560\" height=\"1918\" srcset=\"https:\/\/www.forbes.be\/fr\/wp-content\/uploads\/2025\/10\/shutterstock-2592901731-scaled.jpg 2560w, https:\/\/www.forbes.be\/fr\/wp-content\/uploads\/2025\/10\/shutterstock-2592901731-300x225.jpg 300w, https:\/\/www.forbes.be\/fr\/wp-content\/uploads\/2025\/10\/shutterstock-2592901731-1024x767.jpg 1024w, https:\/\/www.forbes.be\/fr\/wp-content\/uploads\/2025\/10\/shutterstock-2592901731-768x575.jpg 768w, https:\/\/www.forbes.be\/fr\/wp-content\/uploads\/2025\/10\/shutterstock-2592901731-1536x1151.jpg 1536w, https:\/\/www.forbes.be\/fr\/wp-content\/uploads\/2025\/10\/shutterstock-2592901731-2048x1534.jpg 2048w, https:\/\/www.forbes.be\/fr\/wp-content\/uploads\/2025\/10\/shutterstock-2592901731-696x521.jpg 696w, https:\/\/www.forbes.be\/fr\/wp-content\/uploads\/2025\/10\/shutterstock-2592901731-1068x800.jpg 1068w, https:\/\/www.forbes.be\/fr\/wp-content\/uploads\/2025\/10\/shutterstock-2592901731-1920x1439.jpg 1920w, https:\/\/www.forbes.be\/fr\/wp-content\/uploads\/2025\/10\/shutterstock-2592901731-600x450.jpg 600w\" sizes=\"auto, (max-width: 2560px) 100vw, 2560px\" \/><figcaption id=\"caption-attachment-12995\" class=\"wp-caption-text\">\u00a9 DR\/Shutterstock.com<\/figcaption><\/figure>\n<p>Face \u00e0 la diminution de l\u2019aide publique et \u00e0 l\u2019aggravation des menaces \u00e9cologiques, la cl\u00e9 consiste \u00e0 r\u00e9imaginer la nature non pas comme un co\u00fbt, mais comme un actif g\u00e9n\u00e9rant des rendements, r\u00e9duisant les risques et assurant la prosp\u00e9rit\u00e9 et la s\u00e9curit\u00e9 \u00e0 long terme. Le Tropical Forests Forever Facility (TFFF), que le Br\u00e9sil souhaite lancer lors de la COP30, offre un mod\u00e8le sur la mani\u00e8re dont les capitaux publics et priv\u00e9s peuvent maintenir les for\u00eats debout. Ce dispositif pourrait g\u00e9n\u00e9rer jusqu\u2019\u00e0 4 milliards de dollars par an au b\u00e9n\u00e9fice des pays forestiers tropicaux qui d\u00e9montrent des avanc\u00e9es concr\u00e8tes en mati\u00e8re de conservation et de restauration. La COP30 repr\u00e9sente une occasion unique de faire preuve de leadership en faisant progresser ces mod\u00e8les financiers innovants et en d\u00e9montrant comment le capital priv\u00e9 peut devenir un v\u00e9ritable partenaire pour la plan\u00e8te et ses habitants. Les capitaux sont l\u00e0 ; la question est de savoir si nous aurons l\u2019imagination et la volont\u00e9 de les mettre au service de la nature, avant qu\u2019il ne soit trop tard.<\/p>\n","protected":false},"excerpt":{"rendered":"<p>Cet \u00e9t\u00e9 a une fois de plus rappel\u00e9 de fa\u00e7on brutale que le changement climatique n\u2019est plus une menace lointaine, mais une r\u00e9alit\u00e9 d\u00e9vastatrice. Des feux de for\u00eats ont ravag\u00e9 l\u2019Espagne, la France, le Portugal, la Gr\u00e8ce, et de nombreuses autres r\u00e9gions d\u2019Europe, d\u00e9truisant des centaines de milliers d\u2019hectares de for\u00eats, endommageant des habitations, d\u00e9pla\u00e7ant [&hellip;]<\/p>\n","protected":false},"author":60,"featured_media":12994,"comment_status":"closed","ping_status":"closed","sticky":false,"template":"","format":"standard","meta":{"_acf_changed":false,"inline_featured_image":false,"footnotes":""},"categories":[1,25,49],"tags":[],"class_list":{"0":"post-12630","1":"post","2":"type-post","3":"status-publish","4":"format-standard","5":"has-post-thumbnail","7":"category-actualite","8":"category-climat","9":"category-environnement"},"acf":[],"_yoast_wpseo_title":null,"_yoast_wpseo_metadesc":"Face \u00e0 l\u2019urgence climatique et \u00e0 l\u2019effondrement de la biodiversit\u00e9, la Belgique mise sur la finance verte pour mobiliser le capital priv\u00e9 au service de la nature.","auteur_traducteur":"","yoast_head":"<!-- This site is optimized with the Yoast SEO plugin v27.4 - https:\/\/yoast.com\/product\/yoast-seo-wordpress\/ -->\n<title>Solutions financi\u00e8res innovantes pour la nature\u00a0: lib\u00e9rer le potentiel du capital priv\u00e9 | Forbes Belgique<\/title>\n<meta name=\"description\" content=\"Face \u00e0 l\u2019urgence climatique et \u00e0 l\u2019effondrement de la biodiversit\u00e9, la Belgique mise sur la finance verte pour mobiliser le capital priv\u00e9 au service de la nature.\" \/>\n<meta name=\"robots\" content=\"index, follow, max-snippet:-1, max-image-preview:large, max-video-preview:-1\" \/>\n<link rel=\"canonical\" href=\"https:\/\/www.forbes.be\/fr\/solutions-financieres-innovantes-pour-la-nature-liberer-le-potentiel-du-capital-prive\/\" \/>\n<meta property=\"og:locale\" content=\"fr_FR\" \/>\n<meta property=\"og:type\" content=\"article\" \/>\n<meta property=\"og:title\" content=\"Solutions financi\u00e8res innovantes pour la nature\u00a0: lib\u00e9rer le potentiel du capital priv\u00e9 | Forbes Belgique\" \/>\n<meta property=\"og:description\" content=\"Face \u00e0 l\u2019urgence climatique et \u00e0 l\u2019effondrement de la biodiversit\u00e9, la Belgique mise sur la finance verte pour mobiliser le capital priv\u00e9 au service de la nature.\" \/>\n<meta property=\"og:url\" content=\"https:\/\/www.forbes.be\/fr\/solutions-financieres-innovantes-pour-la-nature-liberer-le-potentiel-du-capital-prive\/\" \/>\n<meta property=\"og:site_name\" content=\"Forbes Belgique\" \/>\n<meta property=\"article:publisher\" content=\"https:\/\/www.facebook.com\/forbesbelgique\/\" \/>\n<meta property=\"article:published_time\" content=\"2025-10-22T06:59:14+00:00\" \/>\n<meta property=\"article:modified_time\" content=\"2025-10-22T07:11:31+00:00\" \/>\n<meta property=\"og:image\" content=\"https:\/\/www.forbes.be\/fr\/wp-content\/uploads\/2025\/10\/shutterstock-2489900709-scaled.jpg\" \/>\n\t<meta property=\"og:image:width\" content=\"2560\" \/>\n\t<meta property=\"og:image:height\" content=\"1435\" \/>\n\t<meta property=\"og:image:type\" content=\"image\/jpeg\" \/>\n<meta name=\"author\" content=\"Arnaud Goessens\" \/>\n<meta name=\"twitter:card\" content=\"summary_large_image\" \/>\n<meta name=\"twitter:label1\" content=\"\u00c9crit par\" \/>\n\t<meta name=\"twitter:data1\" content=\"Arnaud Goessens\" \/>\n\t<meta name=\"twitter:label2\" content=\"Dur\u00e9e de lecture estim\u00e9e\" \/>\n\t<meta name=\"twitter:data2\" content=\"4 minutes\" \/>\n<script type=\"application\/ld+json\" class=\"yoast-schema-graph\">{\"@context\":\"https:\\\/\\\/schema.org\",\"@graph\":[{\"@type\":\"NewsArticle\",\"@id\":\"https:\\\/\\\/www.forbes.be\\\/fr\\\/solutions-financieres-innovantes-pour-la-nature-liberer-le-potentiel-du-capital-prive\\\/#article\",\"isPartOf\":{\"@id\":\"https:\\\/\\\/www.forbes.be\\\/fr\\\/solutions-financieres-innovantes-pour-la-nature-liberer-le-potentiel-du-capital-prive\\\/\"},\"author\":{\"name\":\"Arnaud Goessens\",\"@id\":\"https:\\\/\\\/www.forbes.be\\\/fr\\\/#\\\/schema\\\/person\\\/f4c4bd132a6f1ea80ce850bd6e3e1342\"},\"headline\":\"Solutions financi\u00e8res innovantes pour la nature\u00a0: lib\u00e9rer le potentiel du capital priv\u00e9\",\"datePublished\":\"2025-10-22T06:59:14+00:00\",\"dateModified\":\"2025-10-22T07:11:31+00:00\",\"mainEntityOfPage\":{\"@id\":\"https:\\\/\\\/www.forbes.be\\\/fr\\\/solutions-financieres-innovantes-pour-la-nature-liberer-le-potentiel-du-capital-prive\\\/\"},\"wordCount\":747,\"publisher\":{\"@id\":\"https:\\\/\\\/www.forbes.be\\\/fr\\\/#organization\"},\"image\":{\"@id\":\"https:\\\/\\\/www.forbes.be\\\/fr\\\/solutions-financieres-innovantes-pour-la-nature-liberer-le-potentiel-du-capital-prive\\\/#primaryimage\"},\"thumbnailUrl\":\"https:\\\/\\\/www.forbes.be\\\/fr\\\/wp-content\\\/uploads\\\/2025\\\/10\\\/shutterstock-2489900709-scaled.jpg\",\"articleSection\":[\"Actualit\u00e9s\",\"Climat\",\"Environnement\"],\"inLanguage\":\"fr-FR\"},{\"@type\":\"WebPage\",\"@id\":\"https:\\\/\\\/www.forbes.be\\\/fr\\\/solutions-financieres-innovantes-pour-la-nature-liberer-le-potentiel-du-capital-prive\\\/\",\"url\":\"https:\\\/\\\/www.forbes.be\\\/fr\\\/solutions-financieres-innovantes-pour-la-nature-liberer-le-potentiel-du-capital-prive\\\/\",\"name\":\"Solutions financi\u00e8res innovantes pour la nature\u00a0: lib\u00e9rer le potentiel du capital priv\u00e9 | Forbes Belgique\",\"isPartOf\":{\"@id\":\"https:\\\/\\\/www.forbes.be\\\/fr\\\/#website\"},\"primaryImageOfPage\":{\"@id\":\"https:\\\/\\\/www.forbes.be\\\/fr\\\/solutions-financieres-innovantes-pour-la-nature-liberer-le-potentiel-du-capital-prive\\\/#primaryimage\"},\"image\":{\"@id\":\"https:\\\/\\\/www.forbes.be\\\/fr\\\/solutions-financieres-innovantes-pour-la-nature-liberer-le-potentiel-du-capital-prive\\\/#primaryimage\"},\"thumbnailUrl\":\"https:\\\/\\\/www.forbes.be\\\/fr\\\/wp-content\\\/uploads\\\/2025\\\/10\\\/shutterstock-2489900709-scaled.jpg\",\"datePublished\":\"2025-10-22T06:59:14+00:00\",\"dateModified\":\"2025-10-22T07:11:31+00:00\",\"description\":\"Face \u00e0 l\u2019urgence climatique et \u00e0 l\u2019effondrement de la biodiversit\u00e9, la Belgique mise sur la finance verte pour mobiliser le capital priv\u00e9 au service de la nature.\",\"breadcrumb\":{\"@id\":\"https:\\\/\\\/www.forbes.be\\\/fr\\\/solutions-financieres-innovantes-pour-la-nature-liberer-le-potentiel-du-capital-prive\\\/#breadcrumb\"},\"inLanguage\":\"fr-FR\",\"potentialAction\":[{\"@type\":\"ReadAction\",\"target\":[\"https:\\\/\\\/www.forbes.be\\\/fr\\\/solutions-financieres-innovantes-pour-la-nature-liberer-le-potentiel-du-capital-prive\\\/\"]}]},{\"@type\":\"ImageObject\",\"inLanguage\":\"fr-FR\",\"@id\":\"https:\\\/\\\/www.forbes.be\\\/fr\\\/solutions-financieres-innovantes-pour-la-nature-liberer-le-potentiel-du-capital-prive\\\/#primaryimage\",\"url\":\"https:\\\/\\\/www.forbes.be\\\/fr\\\/wp-content\\\/uploads\\\/2025\\\/10\\\/shutterstock-2489900709-scaled.jpg\",\"contentUrl\":\"https:\\\/\\\/www.forbes.be\\\/fr\\\/wp-content\\\/uploads\\\/2025\\\/10\\\/shutterstock-2489900709-scaled.jpg\",\"width\":2560,\"height\":1435,\"caption\":\"\u00a9 DR\\\/Shutterstock.com\"},{\"@type\":\"BreadcrumbList\",\"@id\":\"https:\\\/\\\/www.forbes.be\\\/fr\\\/solutions-financieres-innovantes-pour-la-nature-liberer-le-potentiel-du-capital-prive\\\/#breadcrumb\",\"itemListElement\":[{\"@type\":\"ListItem\",\"position\":1,\"name\":\"Accueil\",\"item\":\"https:\\\/\\\/www.forbes.be\\\/fr\\\/\"},{\"@type\":\"ListItem\",\"position\":2,\"name\":\"Solutions financi\u00e8res innovantes pour la nature\u00a0: lib\u00e9rer le potentiel du capital priv\u00e9\"}]},{\"@type\":\"WebSite\",\"@id\":\"https:\\\/\\\/www.forbes.be\\\/fr\\\/#website\",\"url\":\"https:\\\/\\\/www.forbes.be\\\/fr\\\/\",\"name\":\"Forbes Belgique\",\"description\":\"\",\"publisher\":{\"@id\":\"https:\\\/\\\/www.forbes.be\\\/fr\\\/#organization\"},\"potentialAction\":[{\"@type\":\"SearchAction\",\"target\":{\"@type\":\"EntryPoint\",\"urlTemplate\":\"https:\\\/\\\/www.forbes.be\\\/fr\\\/?s={search_term_string}\"},\"query-input\":{\"@type\":\"PropertyValueSpecification\",\"valueRequired\":true,\"valueName\":\"search_term_string\"}}],\"inLanguage\":\"fr-FR\"},{\"@type\":\"Organization\",\"@id\":\"https:\\\/\\\/www.forbes.be\\\/fr\\\/#organization\",\"name\":\"Forbes Belgique\",\"url\":\"https:\\\/\\\/www.forbes.be\\\/fr\\\/\",\"logo\":{\"@type\":\"ImageObject\",\"inLanguage\":\"fr-FR\",\"@id\":\"https:\\\/\\\/www.forbes.be\\\/fr\\\/#\\\/schema\\\/logo\\\/image\\\/\",\"url\":\"https:\\\/\\\/www.forbes.be\\\/fr\\\/wp-content\\\/uploads\\\/2024\\\/02\\\/forbes.be_.png\",\"contentUrl\":\"https:\\\/\\\/www.forbes.be\\\/fr\\\/wp-content\\\/uploads\\\/2024\\\/02\\\/forbes.be_.png\",\"width\":1200,\"height\":675,\"caption\":\"Forbes Belgique\"},\"image\":{\"@id\":\"https:\\\/\\\/www.forbes.be\\\/fr\\\/#\\\/schema\\\/logo\\\/image\\\/\"},\"sameAs\":[\"https:\\\/\\\/www.facebook.com\\\/forbesbelgique\\\/\",\"https:\\\/\\\/www.instagram.com\\\/Forbes_Belgium\",\"https:\\\/\\\/www.linkedin.com\\\/company\\\/forbes-belgium\\\/\"]},{\"@type\":\"Person\",\"@id\":\"https:\\\/\\\/www.forbes.be\\\/fr\\\/#\\\/schema\\\/person\\\/f4c4bd132a6f1ea80ce850bd6e3e1342\",\"name\":\"Arnaud Goessens\",\"image\":{\"@type\":\"ImageObject\",\"inLanguage\":\"fr-FR\",\"@id\":\"https:\\\/\\\/www.forbes.be\\\/fr\\\/wp-content\\\/uploads\\\/2025\\\/09\\\/download-100x100.jpeg\",\"url\":\"https:\\\/\\\/www.forbes.be\\\/fr\\\/wp-content\\\/uploads\\\/2025\\\/09\\\/download-100x100.jpeg\",\"contentUrl\":\"https:\\\/\\\/www.forbes.be\\\/fr\\\/wp-content\\\/uploads\\\/2025\\\/09\\\/download-100x100.jpeg\",\"caption\":\"Arnaud Goessens\"},\"description\":\"Bioengineer, ULB | MPA in Environmental Policy, Columbia University | Director of Policy and External Affairs, Wildlife Conservation Society European Union Office | Member of the Advisory Board, European Business &amp; Biodiversity Platform\",\"sameAs\":[\"https:\\\/\\\/www.linkedin.com\\\/in\\\/agoessens\"],\"url\":\"https:\\\/\\\/www.forbes.be\\\/fr\\\/author\\\/agoessens\\\/\"}]}<\/script>\n<!-- \/ Yoast SEO plugin. -->","yoast_head_json":{"title":"Solutions financi\u00e8res innovantes pour la nature\u00a0: lib\u00e9rer le potentiel du capital priv\u00e9 | Forbes Belgique","description":"Face \u00e0 l\u2019urgence climatique et \u00e0 l\u2019effondrement de la biodiversit\u00e9, la Belgique mise sur la finance verte pour mobiliser le capital priv\u00e9 au service de la nature.","robots":{"index":"index","follow":"follow","max-snippet":"max-snippet:-1","max-image-preview":"max-image-preview:large","max-video-preview":"max-video-preview:-1"},"canonical":"https:\/\/www.forbes.be\/fr\/solutions-financieres-innovantes-pour-la-nature-liberer-le-potentiel-du-capital-prive\/","og_locale":"fr_FR","og_type":"article","og_title":"Solutions financi\u00e8res innovantes pour la nature\u00a0: lib\u00e9rer le potentiel du capital priv\u00e9 | Forbes Belgique","og_description":"Face \u00e0 l\u2019urgence climatique et \u00e0 l\u2019effondrement de la biodiversit\u00e9, la Belgique mise sur la finance verte pour mobiliser le capital priv\u00e9 au service de la nature.","og_url":"https:\/\/www.forbes.be\/fr\/solutions-financieres-innovantes-pour-la-nature-liberer-le-potentiel-du-capital-prive\/","og_site_name":"Forbes Belgique","article_publisher":"https:\/\/www.facebook.com\/forbesbelgique\/","article_published_time":"2025-10-22T06:59:14+00:00","article_modified_time":"2025-10-22T07:11:31+00:00","og_image":[{"width":2560,"height":1435,"url":"https:\/\/www.forbes.be\/fr\/wp-content\/uploads\/2025\/10\/shutterstock-2489900709-scaled.jpg","type":"image\/jpeg"}],"author":"Arnaud Goessens","twitter_card":"summary_large_image","twitter_misc":{"\u00c9crit par":"Arnaud Goessens","Dur\u00e9e de lecture estim\u00e9e":"4 minutes"},"schema":{"@context":"https:\/\/schema.org","@graph":[{"@type":"NewsArticle","@id":"https:\/\/www.forbes.be\/fr\/solutions-financieres-innovantes-pour-la-nature-liberer-le-potentiel-du-capital-prive\/#article","isPartOf":{"@id":"https:\/\/www.forbes.be\/fr\/solutions-financieres-innovantes-pour-la-nature-liberer-le-potentiel-du-capital-prive\/"},"author":{"name":"Arnaud Goessens","@id":"https:\/\/www.forbes.be\/fr\/#\/schema\/person\/f4c4bd132a6f1ea80ce850bd6e3e1342"},"headline":"Solutions financi\u00e8res innovantes pour la nature\u00a0: lib\u00e9rer le potentiel du capital priv\u00e9","datePublished":"2025-10-22T06:59:14+00:00","dateModified":"2025-10-22T07:11:31+00:00","mainEntityOfPage":{"@id":"https:\/\/www.forbes.be\/fr\/solutions-financieres-innovantes-pour-la-nature-liberer-le-potentiel-du-capital-prive\/"},"wordCount":747,"publisher":{"@id":"https:\/\/www.forbes.be\/fr\/#organization"},"image":{"@id":"https:\/\/www.forbes.be\/fr\/solutions-financieres-innovantes-pour-la-nature-liberer-le-potentiel-du-capital-prive\/#primaryimage"},"thumbnailUrl":"https:\/\/www.forbes.be\/fr\/wp-content\/uploads\/2025\/10\/shutterstock-2489900709-scaled.jpg","articleSection":["Actualit\u00e9s","Climat","Environnement"],"inLanguage":"fr-FR"},{"@type":"WebPage","@id":"https:\/\/www.forbes.be\/fr\/solutions-financieres-innovantes-pour-la-nature-liberer-le-potentiel-du-capital-prive\/","url":"https:\/\/www.forbes.be\/fr\/solutions-financieres-innovantes-pour-la-nature-liberer-le-potentiel-du-capital-prive\/","name":"Solutions financi\u00e8res innovantes pour la nature\u00a0: lib\u00e9rer le potentiel du capital priv\u00e9 | Forbes Belgique","isPartOf":{"@id":"https:\/\/www.forbes.be\/fr\/#website"},"primaryImageOfPage":{"@id":"https:\/\/www.forbes.be\/fr\/solutions-financieres-innovantes-pour-la-nature-liberer-le-potentiel-du-capital-prive\/#primaryimage"},"image":{"@id":"https:\/\/www.forbes.be\/fr\/solutions-financieres-innovantes-pour-la-nature-liberer-le-potentiel-du-capital-prive\/#primaryimage"},"thumbnailUrl":"https:\/\/www.forbes.be\/fr\/wp-content\/uploads\/2025\/10\/shutterstock-2489900709-scaled.jpg","datePublished":"2025-10-22T06:59:14+00:00","dateModified":"2025-10-22T07:11:31+00:00","description":"Face \u00e0 l\u2019urgence climatique et \u00e0 l\u2019effondrement de la biodiversit\u00e9, la Belgique mise sur la finance verte pour mobiliser le capital priv\u00e9 au service de la nature.","breadcrumb":{"@id":"https:\/\/www.forbes.be\/fr\/solutions-financieres-innovantes-pour-la-nature-liberer-le-potentiel-du-capital-prive\/#breadcrumb"},"inLanguage":"fr-FR","potentialAction":[{"@type":"ReadAction","target":["https:\/\/www.forbes.be\/fr\/solutions-financieres-innovantes-pour-la-nature-liberer-le-potentiel-du-capital-prive\/"]}]},{"@type":"ImageObject","inLanguage":"fr-FR","@id":"https:\/\/www.forbes.be\/fr\/solutions-financieres-innovantes-pour-la-nature-liberer-le-potentiel-du-capital-prive\/#primaryimage","url":"https:\/\/www.forbes.be\/fr\/wp-content\/uploads\/2025\/10\/shutterstock-2489900709-scaled.jpg","contentUrl":"https:\/\/www.forbes.be\/fr\/wp-content\/uploads\/2025\/10\/shutterstock-2489900709-scaled.jpg","width":2560,"height":1435,"caption":"\u00a9 DR\/Shutterstock.com"},{"@type":"BreadcrumbList","@id":"https:\/\/www.forbes.be\/fr\/solutions-financieres-innovantes-pour-la-nature-liberer-le-potentiel-du-capital-prive\/#breadcrumb","itemListElement":[{"@type":"ListItem","position":1,"name":"Accueil","item":"https:\/\/www.forbes.be\/fr\/"},{"@type":"ListItem","position":2,"name":"Solutions financi\u00e8res innovantes pour la nature\u00a0: lib\u00e9rer le potentiel du capital priv\u00e9"}]},{"@type":"WebSite","@id":"https:\/\/www.forbes.be\/fr\/#website","url":"https:\/\/www.forbes.be\/fr\/","name":"Forbes Belgique","description":"","publisher":{"@id":"https:\/\/www.forbes.be\/fr\/#organization"},"potentialAction":[{"@type":"SearchAction","target":{"@type":"EntryPoint","urlTemplate":"https:\/\/www.forbes.be\/fr\/?s={search_term_string}"},"query-input":{"@type":"PropertyValueSpecification","valueRequired":true,"valueName":"search_term_string"}}],"inLanguage":"fr-FR"},{"@type":"Organization","@id":"https:\/\/www.forbes.be\/fr\/#organization","name":"Forbes Belgique","url":"https:\/\/www.forbes.be\/fr\/","logo":{"@type":"ImageObject","inLanguage":"fr-FR","@id":"https:\/\/www.forbes.be\/fr\/#\/schema\/logo\/image\/","url":"https:\/\/www.forbes.be\/fr\/wp-content\/uploads\/2024\/02\/forbes.be_.png","contentUrl":"https:\/\/www.forbes.be\/fr\/wp-content\/uploads\/2024\/02\/forbes.be_.png","width":1200,"height":675,"caption":"Forbes Belgique"},"image":{"@id":"https:\/\/www.forbes.be\/fr\/#\/schema\/logo\/image\/"},"sameAs":["https:\/\/www.facebook.com\/forbesbelgique\/","https:\/\/www.instagram.com\/Forbes_Belgium","https:\/\/www.linkedin.com\/company\/forbes-belgium\/"]},{"@type":"Person","@id":"https:\/\/www.forbes.be\/fr\/#\/schema\/person\/f4c4bd132a6f1ea80ce850bd6e3e1342","name":"Arnaud Goessens","image":{"@type":"ImageObject","inLanguage":"fr-FR","@id":"https:\/\/www.forbes.be\/fr\/wp-content\/uploads\/2025\/09\/download-100x100.jpeg","url":"https:\/\/www.forbes.be\/fr\/wp-content\/uploads\/2025\/09\/download-100x100.jpeg","contentUrl":"https:\/\/www.forbes.be\/fr\/wp-content\/uploads\/2025\/09\/download-100x100.jpeg","caption":"Arnaud Goessens"},"description":"Bioengineer, ULB | MPA in Environmental Policy, Columbia University | Director of Policy and External Affairs, Wildlife Conservation Society European Union Office | Member of the Advisory Board, European Business &amp; Biodiversity Platform","sameAs":["https:\/\/www.linkedin.com\/in\/agoessens"],"url":"https:\/\/www.forbes.be\/fr\/author\/agoessens\/"}]}},"_links":{"self":[{"href":"https:\/\/www.forbes.be\/fr\/wp-json\/wp\/v2\/posts\/12630","targetHints":{"allow":["GET"]}}],"collection":[{"href":"https:\/\/www.forbes.be\/fr\/wp-json\/wp\/v2\/posts"}],"about":[{"href":"https:\/\/www.forbes.be\/fr\/wp-json\/wp\/v2\/types\/post"}],"author":[{"embeddable":true,"href":"https:\/\/www.forbes.be\/fr\/wp-json\/wp\/v2\/users\/60"}],"replies":[{"embeddable":true,"href":"https:\/\/www.forbes.be\/fr\/wp-json\/wp\/v2\/comments?post=12630"}],"version-history":[{"count":2,"href":"https:\/\/www.forbes.be\/fr\/wp-json\/wp\/v2\/posts\/12630\/revisions"}],"predecessor-version":[{"id":12998,"href":"https:\/\/www.forbes.be\/fr\/wp-json\/wp\/v2\/posts\/12630\/revisions\/12998"}],"wp:featuredmedia":[{"embeddable":true,"href":"https:\/\/www.forbes.be\/fr\/wp-json\/wp\/v2\/media\/12994"}],"wp:attachment":[{"href":"https:\/\/www.forbes.be\/fr\/wp-json\/wp\/v2\/media?parent=12630"}],"wp:term":[{"taxonomy":"category","embeddable":true,"href":"https:\/\/www.forbes.be\/fr\/wp-json\/wp\/v2\/categories?post=12630"},{"taxonomy":"post_tag","embeddable":true,"href":"https:\/\/www.forbes.be\/fr\/wp-json\/wp\/v2\/tags?post=12630"}],"curies":[{"name":"wp","href":"https:\/\/api.w.org\/{rel}","templated":true}]}}