{"id":12706,"date":"2025-10-20T07:00:07","date_gmt":"2025-10-20T05:00:07","guid":{"rendered":"https:\/\/www.forbes.be\/fr\/?p=12706"},"modified":"2026-02-24T18:57:38","modified_gmt":"2026-02-24T17:57:38","slug":"jetfly-25-ans-dexcellence-dans-laviation-daffaires-en-europe","status":"publish","type":"post","link":"https:\/\/www.forbes.be\/fr\/jetfly-25-ans-dexcellence-dans-laviation-daffaires-en-europe\/","title":{"rendered":"Jetfly, leader de la propri\u00e9t\u00e9 partag\u00e9e en Europe, f\u00eate ses 25 ans d\u2019excellence dans l\u2019aviation d\u2019affaires"},"content":{"rendered":"<p><strong>Depuis sa cr\u00e9ation en 1999, <a href=\"https:\/\/jetfly.com\/fr\/\" target=\"_blank\" rel=\"noopener\">Jetfly<\/a> s\u2019est impos\u00e9e comme un leader incontournable dans le secteur de l\u2019aviation d\u2019affaires en Europe. Forte de 25 ans d\u2019exp\u00e9rience, de plus de 250 000 heures de vol et d\u2019une r\u00e9putation solide, l\u2019entreprise a innov\u00e9 avec un concept de propri\u00e9t\u00e9 partag\u00e9e qui allie flexibilit\u00e9, rentabilit\u00e9 et respect de l\u2019environnement.<\/strong><\/p>\n<p>Le principe de propri\u00e9t\u00e9 partag\u00e9e chez Jetfly permet \u00e0 plusieurs clients d\u2019investir dans un avion en achetant une part proportionnelle \u00e0 leurs besoins. Cette approche mutualise les co\u00fbts d\u2019achat et d\u2019exploitation, rendant l\u2019aviation d\u2019affaires beaucoup plus abordable. En plus d\u2019une mise de d\u00e9part avantageuse, chaque propri\u00e9taire b\u00e9n\u00e9ficie d\u2019un programme garantissant la disponibilit\u00e9 d\u2019un appareil en moins de 24 heures, partout en Europe. La facturation est simple et transparente : seulement pour le temps de vol r\u00e9ellement utilis\u00e9, sans frais de positionnement ni d\u2019annulation, permettant une ma\u00eetrise totale des co\u00fbts.<\/p>\n<p><iframe loading=\"lazy\" title=\"Jetfly: How It Works (English Version)\" src=\"https:\/\/player.vimeo.com\/video\/1086037474?dnt=1&amp;app_id=122963\" width=\"696\" height=\"392\" frameborder=\"0\" allow=\"autoplay; fullscreen; picture-in-picture; clipboard-write; encrypted-media; web-share\" referrerpolicy=\"strict-origin-when-cross-origin\"><\/iframe><\/p>\n<p>&nbsp;<\/p>\n<p>Jetfly exploite la plus grande flotte d\u2019avions Pilatus en Europe. D\u00e9but 2025, Jetfly comptait 50 PC-12, 15 jets PC-24 et 3 Cirrus Jets. Ces appareils, r\u00e9put\u00e9s pour leur performance, leur faible consommation et leur fiabilit\u00e9, donnent acc\u00e8s \u00e0 plus de 3 000 a\u00e9roports et a\u00e9rodromes, y compris sur des a\u00e9rodromes limitatifs comme Gstaad-Saanen, Courchevel, Venice-Lido ou St Tropez-La M\u00f4le.<\/p>\n<p>Leur design sign\u00e9 Philippe Starck refl\u00e8te \u00e9l\u00e9gance et innovation. Gr\u00e2ce \u00e0 cette flotte exceptionnelle, Jetfly offre une flexibilit\u00e9 in\u00e9gal\u00e9e pour voyager rapidement et confortablement.<\/p>\n<figure id=\"attachment_12708\" aria-describedby=\"caption-attachment-12708\" style=\"width: 696px\" class=\"wp-caption aligncenter\"><img loading=\"lazy\" decoding=\"async\" class=\"size-large wp-image-12708\" src=\"https:\/\/www.forbes.be\/fr\/wp-content\/uploads\/2025\/10\/a005-08211046-c01900-00-04-10still001-1-1024x576.jpg\" alt=\"Jetfly\" width=\"696\" height=\"392\" srcset=\"https:\/\/www.forbes.be\/fr\/wp-content\/uploads\/2025\/10\/a005-08211046-c01900-00-04-10still001-1-1024x576.jpg 1024w, https:\/\/www.forbes.be\/fr\/wp-content\/uploads\/2025\/10\/a005-08211046-c01900-00-04-10still001-1-300x169.jpg 300w, https:\/\/www.forbes.be\/fr\/wp-content\/uploads\/2025\/10\/a005-08211046-c01900-00-04-10still001-1-768x432.jpg 768w, https:\/\/www.forbes.be\/fr\/wp-content\/uploads\/2025\/10\/a005-08211046-c01900-00-04-10still001-1-1536x864.jpg 1536w, https:\/\/www.forbes.be\/fr\/wp-content\/uploads\/2025\/10\/a005-08211046-c01900-00-04-10still001-1-2048x1152.jpg 2048w, https:\/\/www.forbes.be\/fr\/wp-content\/uploads\/2025\/10\/a005-08211046-c01900-00-04-10still001-1-696x391.jpg 696w, https:\/\/www.forbes.be\/fr\/wp-content\/uploads\/2025\/10\/a005-08211046-c01900-00-04-10still001-1-1068x601.jpg 1068w, https:\/\/www.forbes.be\/fr\/wp-content\/uploads\/2025\/10\/a005-08211046-c01900-00-04-10still001-1-1920x1080.jpg 1920w, https:\/\/www.forbes.be\/fr\/wp-content\/uploads\/2025\/10\/a005-08211046-c01900-00-04-10still001-1-600x337.jpg 600w\" sizes=\"auto, (max-width: 696px) 100vw, 696px\" \/><figcaption id=\"caption-attachment-12708\" class=\"wp-caption-text\">\u00a9Jetfly<\/figcaption><\/figure>\n<p>Cette ann\u00e9e, Jetfly a inaugur\u00e9 un centre d\u2019op\u00e9rations ultramoderne de 3 000 m\u00b2 \u00e0 Luxembourg, t\u00e9moignant de sa croissance continue. La collaboration avec PlaneSense Inc permet aussi d\u2019acc\u00e9der \u00e0 un vaste r\u00e9seau de jets aux \u00c9tats-Unis, au Canada, dans les Bahamas et dans les Cara\u00efbes, via un programme d\u2019\u00e9change d\u2019heures de vol. Cette alliance renforce la connectivit\u00e9 internationale et offre davantage d\u2019options de voyage.<\/p>\n<p>Jetfly s\u2019engage \u00e9galement pour un avenir plus vert. Depuis f\u00e9vrier 2025, ses propri\u00e9taires peuvent utiliser des carburants d\u2019aviation durables (SAF), permettant de r\u00e9duire jusqu\u2019\u00e0 40 % les \u00e9missions de CO\u2082 par vol. La plateforme Shared Flights accessible via l\u2019application, offre \u00e0 ses clients la possibilit\u00e9 de partager leurs vols avec d\u2019autres propri\u00e9taires, afin de diminuer leur impact environnemental. Les vols \u00e0 vide sont aussi propos\u00e9s gratuitement, t\u00e9moignant d\u2019une d\u00e9marche responsable.<\/p>\n<p>Les nombreux atouts de Jetfly incluent une disponibilit\u00e9 garantie 24\/7, une facturation uniquement sur le temps de vol, la possibilit\u00e9 de partager ses vols, et une flotte tr\u00e8s r\u00e9cente \u2014 avec une moyenne d\u2019\u00e2ge de 4,5 ans \u2014 assurant s\u00e9curit\u00e9 et confort. La communaut\u00e9, forte de plus de 550 propri\u00e9taires, incarne l\u2019innovation et l\u2019excellence dans l\u2019aviation d\u2019affaires.<\/p>\n\r\n                <style type=\"text\/css\">\r\n                    \r\n                    #tdi_1  .td-doubleSlider-2 .td-item1 {\r\n                        background: url(https:\/\/www.forbes.be\/fr\/wp-content\/uploads\/2025\/10\/8be2af8fa51faa0a07cdd84b7866254f-pc-24-cockpit-01-1-scaled.jpg) 0 0 no-repeat;\r\n                    }\r\n                    #tdi_1  .td-doubleSlider-2 .td-item2 {\r\n                        background: url(https:\/\/www.forbes.be\/fr\/wp-content\/uploads\/2025\/10\/352uia-180921-0259-v1-current-1-scaled.jpg) 0 0 no-repeat;\r\n                    }\r\n                <\/style>\r\n\r\n                <div id=\"tdi_1\" class=\"td-gallery td-slide-on-2-columns\">\r\n                    <div class=\"post_td_gallery\">\r\n                        <div class=\"td-gallery-slide-top\">\r\n                           <div class=\"td-gallery-title\"><\/div>\r\n\r\n                            <div class=\"td-gallery-controls-wrapper\">\r\n                                <div class=\"td-gallery-slide-count\"><span class=\"td-gallery-slide-item-focus\">1<\/span> de 2<\/div>\r\n                                <div class=\"td-gallery-slide-prev-next-but\">\r\n                                    <i class = \"td-icon-left doubleSliderPrevButton\"><\/i>\r\n                                    <i class = \"td-icon-right doubleSliderNextButton\"><\/i>\r\n                                <\/div>\r\n                            <\/div>\r\n                        <\/div>\r\n\r\n                        <div class = \"td-doubleSlider-1 \">\r\n                            <div class = \"td-slider\">\r\n                                \r\n                    <div class = \"td-slide-item td-item1\">\r\n                        <figure class=\"td-slide-galery-figure td-slide-popup-gallery\">\r\n                            <a class=\"slide-gallery-image-link\" href=\"https:\/\/www.forbes.be\/fr\/wp-content\/uploads\/2025\/10\/8be2af8fa51faa0a07cdd84b7866254f-pc-24-cockpit-01-1-scaled.jpg\" title=\"8be2af8fa51faa0a07cdd84b7866254f-PC-24-Cockpit-01_1\"  data-caption=\"\u00a9Jetfly\"  data-description=\"\">\r\n                                <img decoding=\"async\" src=\"https:\/\/www.forbes.be\/fr\/wp-content\/uploads\/2025\/10\/8be2af8fa51faa0a07cdd84b7866254f-pc-24-cockpit-01-1-scaled.jpg\" srcset=\"https:\/\/www.forbes.be\/fr\/wp-content\/uploads\/2025\/10\/8be2af8fa51faa0a07cdd84b7866254f-pc-24-cockpit-01-1-scaled.jpg 2560w, https:\/\/www.forbes.be\/fr\/wp-content\/uploads\/2025\/10\/8be2af8fa51faa0a07cdd84b7866254f-pc-24-cockpit-01-1-300x201.jpg 300w, https:\/\/www.forbes.be\/fr\/wp-content\/uploads\/2025\/10\/8be2af8fa51faa0a07cdd84b7866254f-pc-24-cockpit-01-1-1024x686.jpg 1024w, https:\/\/www.forbes.be\/fr\/wp-content\/uploads\/2025\/10\/8be2af8fa51faa0a07cdd84b7866254f-pc-24-cockpit-01-1-768x514.jpg 768w, https:\/\/www.forbes.be\/fr\/wp-content\/uploads\/2025\/10\/8be2af8fa51faa0a07cdd84b7866254f-pc-24-cockpit-01-1-1536x1029.jpg 1536w, https:\/\/www.forbes.be\/fr\/wp-content\/uploads\/2025\/10\/8be2af8fa51faa0a07cdd84b7866254f-pc-24-cockpit-01-1-2048x1372.jpg 2048w, https:\/\/www.forbes.be\/fr\/wp-content\/uploads\/2025\/10\/8be2af8fa51faa0a07cdd84b7866254f-pc-24-cockpit-01-1-696x466.jpg 696w, https:\/\/www.forbes.be\/fr\/wp-content\/uploads\/2025\/10\/8be2af8fa51faa0a07cdd84b7866254f-pc-24-cockpit-01-1-1068x715.jpg 1068w, https:\/\/www.forbes.be\/fr\/wp-content\/uploads\/2025\/10\/8be2af8fa51faa0a07cdd84b7866254f-pc-24-cockpit-01-1-1920x1286.jpg 1920w, https:\/\/www.forbes.be\/fr\/wp-content\/uploads\/2025\/10\/8be2af8fa51faa0a07cdd84b7866254f-pc-24-cockpit-01-1-600x402.jpg 600w\" sizes=\"(max-width: 2560px) 100vw, 2560px\" alt=\"Jetfly\">\r\n                            <\/a>\r\n                            <figcaption class = \"td-slide-caption td-gallery-slide-content\"><div class = \"td-gallery-slide-copywrite\">\u00a9Jetfly<\/div><\/figcaption>\r\n                        <\/figure>\r\n                    <\/div>\r\n                    <div class = \"td-slide-item td-item2\">\r\n                        <figure class=\"td-slide-galery-figure td-slide-popup-gallery\">\r\n                            <a class=\"slide-gallery-image-link\" href=\"https:\/\/www.forbes.be\/fr\/wp-content\/uploads\/2025\/10\/352uia-180921-0259-v1-current-1-scaled.jpg\" title=\"352UIA_180921_0259_v1_current_1\"  data-caption=\"\u00a9Jetfly\"  data-description=\"\">\r\n                                <img decoding=\"async\" src=\"https:\/\/www.forbes.be\/fr\/wp-content\/uploads\/2025\/10\/352uia-180921-0259-v1-current-1-scaled.jpg\" srcset=\"https:\/\/www.forbes.be\/fr\/wp-content\/uploads\/2025\/10\/352uia-180921-0259-v1-current-1-scaled.jpg 2560w, https:\/\/www.forbes.be\/fr\/wp-content\/uploads\/2025\/10\/352uia-180921-0259-v1-current-1-300x200.jpg 300w, https:\/\/www.forbes.be\/fr\/wp-content\/uploads\/2025\/10\/352uia-180921-0259-v1-current-1-1024x683.jpg 1024w, https:\/\/www.forbes.be\/fr\/wp-content\/uploads\/2025\/10\/352uia-180921-0259-v1-current-1-768x512.jpg 768w, https:\/\/www.forbes.be\/fr\/wp-content\/uploads\/2025\/10\/352uia-180921-0259-v1-current-1-1536x1024.jpg 1536w, https:\/\/www.forbes.be\/fr\/wp-content\/uploads\/2025\/10\/352uia-180921-0259-v1-current-1-2048x1365.jpg 2048w, https:\/\/www.forbes.be\/fr\/wp-content\/uploads\/2025\/10\/352uia-180921-0259-v1-current-1-696x464.jpg 696w, https:\/\/www.forbes.be\/fr\/wp-content\/uploads\/2025\/10\/352uia-180921-0259-v1-current-1-1068x712.jpg 1068w, https:\/\/www.forbes.be\/fr\/wp-content\/uploads\/2025\/10\/352uia-180921-0259-v1-current-1-1920x1280.jpg 1920w, https:\/\/www.forbes.be\/fr\/wp-content\/uploads\/2025\/10\/352uia-180921-0259-v1-current-1-600x400.jpg 600w\" sizes=\"(max-width: 2560px) 100vw, 2560px\" alt=\"\">\r\n                            <\/a>\r\n                            <figcaption class = \"td-slide-caption td-gallery-slide-content\"><div class = \"td-gallery-slide-copywrite\">\u00a9Jetfly<\/div><\/figcaption>\r\n                        <\/figure>\r\n                    <\/div>\r\n                            <\/div>\r\n                        <\/div>\r\n\r\n                        <div class = \"td-doubleSlider-2\">\r\n                            <div class = \"td-slider\">\r\n                                \r\n                    <div class = \"td-button td-item1\">\r\n                        <div class = \"td-border\"><\/div>\r\n                    <\/div>\r\n                    <div class = \"td-button td-item2\">\r\n                        <div class = \"td-border\"><\/div>\r\n                    <\/div>\r\n                            <\/div>\r\n                        <\/div>\r\n\r\n                    <\/div>\r\n\r\n                <\/div>\r\n                \n<p>Devenir copropri\u00e9taire chez Jetfly, c\u2019est opter pour un contrat flexible g\u00e9n\u00e9ralement d\u2019une dur\u00e9e de 10 ans, renouvelable ou r\u00e9siliable \u00e0 partir de la cinqui\u00e8me ann\u00e9e. La gestion simplifi\u00e9e et un service client disponible en permanence offrent une exp\u00e9rience de voyage fluide, s\u00fbre et respectueuse de l\u2019environnement.<\/p>\n<p>Jetfly continue \u00e0 repousser les standards de l\u2019aviation d\u2019affaires en Europe. Gr\u00e2ce \u00e0 ses solutions sur mesure, sa flotte moderne et son engagement \u00e9cologique, l\u2019entreprise reste le choix privil\u00e9gi\u00e9 pour une exp\u00e9rience flexible, s\u00e9curis\u00e9e et responsable. \u00c0 25 ans d\u2019excellence, Jetfly pr\u00e9pare d\u00e9j\u00e0 le futur de l\u2019aviation d\u2019affaires.<\/p>\n\r\n                <style type=\"text\/css\">\r\n                    \r\n                    #tdi_2  .td-doubleSlider-2 .td-item1 {\r\n                        background: url(https:\/\/www.forbes.be\/fr\/wp-content\/uploads\/2025\/10\/1-1-scaled.jpg) 0 0 no-repeat;\r\n                    }\r\n                    #tdi_2  .td-doubleSlider-2 .td-item2 {\r\n                        background: url(https:\/\/www.forbes.be\/fr\/wp-content\/uploads\/2025\/10\/cirrus-zoomporte-apla-beige-sc.jpg) 0 0 no-repeat;\r\n                    }\r\n                <\/style>\r\n\r\n                <div id=\"tdi_2\" class=\"td-gallery td-slide-on-2-columns\">\r\n                    <div class=\"post_td_gallery\">\r\n                        <div class=\"td-gallery-slide-top\">\r\n                           <div class=\"td-gallery-title\"><\/div>\r\n\r\n                            <div class=\"td-gallery-controls-wrapper\">\r\n                                <div class=\"td-gallery-slide-count\"><span class=\"td-gallery-slide-item-focus\">1<\/span> de 2<\/div>\r\n                                <div class=\"td-gallery-slide-prev-next-but\">\r\n                                    <i class = \"td-icon-left doubleSliderPrevButton\"><\/i>\r\n                                    <i class = \"td-icon-right doubleSliderNextButton\"><\/i>\r\n                                <\/div>\r\n                            <\/div>\r\n                        <\/div>\r\n\r\n                        <div class = \"td-doubleSlider-1 \">\r\n                            <div class = \"td-slider\">\r\n                                \r\n                    <div class = \"td-slide-item td-item1\">\r\n                        <figure class=\"td-slide-galery-figure td-slide-popup-gallery\">\r\n                            <a class=\"slide-gallery-image-link\" href=\"https:\/\/www.forbes.be\/fr\/wp-content\/uploads\/2025\/10\/1-1-scaled.jpg\" title=\"1 (1)\"  data-caption=\"\u00a9Jetfly\"  data-description=\"\">\r\n                                <img decoding=\"async\" src=\"https:\/\/www.forbes.be\/fr\/wp-content\/uploads\/2025\/10\/1-1-scaled.jpg\" srcset=\"https:\/\/www.forbes.be\/fr\/wp-content\/uploads\/2025\/10\/1-1-scaled.jpg 2048w, https:\/\/www.forbes.be\/fr\/wp-content\/uploads\/2025\/10\/1-1-240x300.jpg 240w, https:\/\/www.forbes.be\/fr\/wp-content\/uploads\/2025\/10\/1-1-819x1024.jpg 819w, https:\/\/www.forbes.be\/fr\/wp-content\/uploads\/2025\/10\/1-1-768x960.jpg 768w, https:\/\/www.forbes.be\/fr\/wp-content\/uploads\/2025\/10\/1-1-1229x1536.jpg 1229w, https:\/\/www.forbes.be\/fr\/wp-content\/uploads\/2025\/10\/1-1-1639x2048.jpg 1639w, https:\/\/www.forbes.be\/fr\/wp-content\/uploads\/2025\/10\/1-1-696x870.jpg 696w, https:\/\/www.forbes.be\/fr\/wp-content\/uploads\/2025\/10\/1-1-1068x1335.jpg 1068w, https:\/\/www.forbes.be\/fr\/wp-content\/uploads\/2025\/10\/1-1-1920x2400.jpg 1920w, https:\/\/www.forbes.be\/fr\/wp-content\/uploads\/2025\/10\/1-1-600x750.jpg 600w\" sizes=\"(max-width: 2048px) 100vw, 2048px\" alt=\"Jetfly\">\r\n                            <\/a>\r\n                            <figcaption class = \"td-slide-caption td-gallery-slide-content\"><div class = \"td-gallery-slide-copywrite\">\u00a9Jetfly<\/div><\/figcaption>\r\n                        <\/figure>\r\n                    <\/div>\r\n                    <div class = \"td-slide-item td-item2\">\r\n                        <figure class=\"td-slide-galery-figure td-slide-popup-gallery\">\r\n                            <a class=\"slide-gallery-image-link\" href=\"https:\/\/www.forbes.be\/fr\/wp-content\/uploads\/2025\/10\/cirrus-zoomporte-apla-beige-sc.jpg\" title=\"Cirrus- ZoomPorte-APLA BEIGE-sc\"  data-caption=\"\u00a9Jetfly\"  data-description=\"\">\r\n                                <img decoding=\"async\" src=\"https:\/\/www.forbes.be\/fr\/wp-content\/uploads\/2025\/10\/cirrus-zoomporte-apla-beige-sc.jpg\" srcset=\"https:\/\/www.forbes.be\/fr\/wp-content\/uploads\/2025\/10\/cirrus-zoomporte-apla-beige-sc.jpg 1536w, https:\/\/www.forbes.be\/fr\/wp-content\/uploads\/2025\/10\/cirrus-zoomporte-apla-beige-sc-225x300.jpg 225w, https:\/\/www.forbes.be\/fr\/wp-content\/uploads\/2025\/10\/cirrus-zoomporte-apla-beige-sc-768x1024.jpg 768w, https:\/\/www.forbes.be\/fr\/wp-content\/uploads\/2025\/10\/cirrus-zoomporte-apla-beige-sc-1152x1536.jpg 1152w, https:\/\/www.forbes.be\/fr\/wp-content\/uploads\/2025\/10\/cirrus-zoomporte-apla-beige-sc-696x928.jpg 696w, https:\/\/www.forbes.be\/fr\/wp-content\/uploads\/2025\/10\/cirrus-zoomporte-apla-beige-sc-1068x1424.jpg 1068w, https:\/\/www.forbes.be\/fr\/wp-content\/uploads\/2025\/10\/cirrus-zoomporte-apla-beige-sc-600x800.jpg 600w\" sizes=\"(max-width: 1536px) 100vw, 1536px\" alt=\"Jetfly\">\r\n                            <\/a>\r\n                            <figcaption class = \"td-slide-caption td-gallery-slide-content\"><div class = \"td-gallery-slide-copywrite\">\u00a9Jetfly<\/div><\/figcaption>\r\n                        <\/figure>\r\n                    <\/div>\r\n                            <\/div>\r\n                        <\/div>\r\n\r\n                        <div class = \"td-doubleSlider-2\">\r\n                            <div class = \"td-slider\">\r\n                                \r\n                    <div class = \"td-button td-item1\">\r\n                        <div class = \"td-border\"><\/div>\r\n                    <\/div>\r\n                    <div class = \"td-button td-item2\">\r\n                        <div class = \"td-border\"><\/div>\r\n                    <\/div>\r\n                            <\/div>\r\n                        <\/div>\r\n\r\n                    <\/div>\r\n\r\n                <\/div>\r\n                \n<p>Cet article a \u00e9t\u00e9 r\u00e9dig\u00e9 en \u00e9troite collaboration avec <a href=\"https:\/\/jetfly.com\/fr\/\" target=\"_blank\" rel=\"noopener\">Jetfly<\/a>.<\/p>\n","protected":false},"excerpt":{"rendered":"<p>Depuis sa cr\u00e9ation en 1999, Jetfly s\u2019est impos\u00e9e comme un leader incontournable dans le secteur de l\u2019aviation d\u2019affaires en Europe. Forte de 25 ans d\u2019exp\u00e9rience, de plus de 250 000 heures de vol et d\u2019une r\u00e9putation solide, l\u2019entreprise a innov\u00e9 avec un concept de propri\u00e9t\u00e9 partag\u00e9e qui allie flexibilit\u00e9, rentabilit\u00e9 et respect de l\u2019environnement. Le [&hellip;]<\/p>\n","protected":false},"author":7,"featured_media":12854,"comment_status":"closed","ping_status":"closed","sticky":false,"template":"","format":"standard","meta":{"_acf_changed":false,"inline_featured_image":false,"footnotes":""},"categories":[98],"tags":[],"class_list":{"0":"post-12706","1":"post","2":"type-post","3":"status-publish","4":"format-standard","5":"has-post-thumbnail","7":"category-brandvoice"},"acf":[],"_yoast_wpseo_title":null,"_yoast_wpseo_metadesc":"Jetfly c\u00e9l\u00e8bre 25 ans d\u2019excellence en aviation d\u2019affaires, alliant flexibilit\u00e9, innovation et durabilit\u00e9 gr\u00e2ce \u00e0 son mod\u00e8le unique de propri\u00e9t\u00e9 partag\u00e9e.","auteur_traducteur":"","yoast_head":"<!-- This site is optimized with the Yoast SEO plugin v27.4 - https:\/\/yoast.com\/product\/yoast-seo-wordpress\/ -->\n<title>Jetfly, leader de la propri\u00e9t\u00e9 partag\u00e9e en Europe, f\u00eate ses 25 ans d\u2019excellence dans l\u2019aviation d\u2019affaires | Forbes Belgique<\/title>\n<meta name=\"description\" content=\"Jetfly c\u00e9l\u00e8bre 25 ans d\u2019excellence en aviation d\u2019affaires, alliant flexibilit\u00e9, innovation et durabilit\u00e9 gr\u00e2ce \u00e0 son mod\u00e8le unique de propri\u00e9t\u00e9 partag\u00e9e.\" \/>\n<meta name=\"robots\" content=\"index, follow, max-snippet:-1, max-image-preview:large, max-video-preview:-1\" \/>\n<link rel=\"canonical\" href=\"https:\/\/www.forbes.be\/fr\/jetfly-25-ans-dexcellence-dans-laviation-daffaires-en-europe\/\" \/>\n<meta property=\"og:locale\" content=\"fr_FR\" \/>\n<meta property=\"og:type\" content=\"article\" \/>\n<meta property=\"og:title\" content=\"Jetfly, leader de la propri\u00e9t\u00e9 partag\u00e9e en Europe, f\u00eate ses 25 ans d\u2019excellence dans l\u2019aviation d\u2019affaires | Forbes Belgique\" \/>\n<meta property=\"og:description\" content=\"Jetfly c\u00e9l\u00e8bre 25 ans d\u2019excellence en aviation d\u2019affaires, alliant flexibilit\u00e9, innovation et durabilit\u00e9 gr\u00e2ce \u00e0 son mod\u00e8le unique de propri\u00e9t\u00e9 partag\u00e9e.\" \/>\n<meta property=\"og:url\" content=\"https:\/\/www.forbes.be\/fr\/jetfly-25-ans-dexcellence-dans-laviation-daffaires-en-europe\/\" \/>\n<meta property=\"og:site_name\" content=\"Forbes Belgique\" \/>\n<meta property=\"article:publisher\" content=\"https:\/\/www.facebook.com\/forbesbelgique\/\" \/>\n<meta property=\"article:published_time\" content=\"2025-10-20T05:00:07+00:00\" \/>\n<meta property=\"article:modified_time\" content=\"2026-02-24T17:57:38+00:00\" \/>\n<meta property=\"og:image\" content=\"https:\/\/www.forbes.be\/fr\/wp-content\/uploads\/2015\/10\/forbes-image-a-la-une-3.png\" \/>\n\t<meta property=\"og:image:width\" content=\"1200\" \/>\n\t<meta property=\"og:image:height\" content=\"628\" \/>\n\t<meta property=\"og:image:type\" content=\"image\/png\" \/>\n<meta name=\"author\" content=\"BRANDVOICE | Sponsored Content\" \/>\n<meta name=\"twitter:card\" content=\"summary_large_image\" \/>\n<meta name=\"twitter:label1\" content=\"\u00c9crit par\" \/>\n\t<meta name=\"twitter:data1\" content=\"BRANDVOICE | Sponsored Content\" \/>\n\t<meta name=\"twitter:label2\" content=\"Dur\u00e9e de lecture estim\u00e9e\" \/>\n\t<meta name=\"twitter:data2\" content=\"4 minutes\" \/>\n<script type=\"application\/ld+json\" class=\"yoast-schema-graph\">{\"@context\":\"https:\\\/\\\/schema.org\",\"@graph\":[{\"@type\":\"NewsArticle\",\"@id\":\"https:\\\/\\\/www.forbes.be\\\/fr\\\/jetfly-25-ans-dexcellence-dans-laviation-daffaires-en-europe\\\/#article\",\"isPartOf\":{\"@id\":\"https:\\\/\\\/www.forbes.be\\\/fr\\\/jetfly-25-ans-dexcellence-dans-laviation-daffaires-en-europe\\\/\"},\"author\":{\"name\":\"BRANDVOICE | Sponsored Content\",\"@id\":\"https:\\\/\\\/www.forbes.be\\\/fr\\\/#\\\/schema\\\/person\\\/f6bf8fa623babedc7051f16985d6a1d5\"},\"headline\":\"Jetfly, leader de la propri\u00e9t\u00e9 partag\u00e9e en Europe, f\u00eate ses 25 ans d\u2019excellence dans l\u2019aviation d\u2019affaires\",\"datePublished\":\"2025-10-20T05:00:07+00:00\",\"dateModified\":\"2026-02-24T17:57:38+00:00\",\"mainEntityOfPage\":{\"@id\":\"https:\\\/\\\/www.forbes.be\\\/fr\\\/jetfly-25-ans-dexcellence-dans-laviation-daffaires-en-europe\\\/\"},\"wordCount\":641,\"publisher\":{\"@id\":\"https:\\\/\\\/www.forbes.be\\\/fr\\\/#organization\"},\"image\":{\"@id\":\"https:\\\/\\\/www.forbes.be\\\/fr\\\/jetfly-25-ans-dexcellence-dans-laviation-daffaires-en-europe\\\/#primaryimage\"},\"thumbnailUrl\":\"https:\\\/\\\/www.forbes.be\\\/fr\\\/wp-content\\\/uploads\\\/2015\\\/10\\\/forbes-image-a-la-une-3.png\",\"articleSection\":[\"Brandvoice\"],\"inLanguage\":\"fr-FR\"},{\"@type\":\"WebPage\",\"@id\":\"https:\\\/\\\/www.forbes.be\\\/fr\\\/jetfly-25-ans-dexcellence-dans-laviation-daffaires-en-europe\\\/\",\"url\":\"https:\\\/\\\/www.forbes.be\\\/fr\\\/jetfly-25-ans-dexcellence-dans-laviation-daffaires-en-europe\\\/\",\"name\":\"Jetfly, leader de la propri\u00e9t\u00e9 partag\u00e9e en Europe, f\u00eate ses 25 ans d\u2019excellence dans l\u2019aviation d\u2019affaires | Forbes Belgique\",\"isPartOf\":{\"@id\":\"https:\\\/\\\/www.forbes.be\\\/fr\\\/#website\"},\"primaryImageOfPage\":{\"@id\":\"https:\\\/\\\/www.forbes.be\\\/fr\\\/jetfly-25-ans-dexcellence-dans-laviation-daffaires-en-europe\\\/#primaryimage\"},\"image\":{\"@id\":\"https:\\\/\\\/www.forbes.be\\\/fr\\\/jetfly-25-ans-dexcellence-dans-laviation-daffaires-en-europe\\\/#primaryimage\"},\"thumbnailUrl\":\"https:\\\/\\\/www.forbes.be\\\/fr\\\/wp-content\\\/uploads\\\/2015\\\/10\\\/forbes-image-a-la-une-3.png\",\"datePublished\":\"2025-10-20T05:00:07+00:00\",\"dateModified\":\"2026-02-24T17:57:38+00:00\",\"description\":\"Jetfly c\u00e9l\u00e8bre 25 ans d\u2019excellence en aviation d\u2019affaires, alliant flexibilit\u00e9, innovation et durabilit\u00e9 gr\u00e2ce \u00e0 son mod\u00e8le unique de propri\u00e9t\u00e9 partag\u00e9e.\",\"breadcrumb\":{\"@id\":\"https:\\\/\\\/www.forbes.be\\\/fr\\\/jetfly-25-ans-dexcellence-dans-laviation-daffaires-en-europe\\\/#breadcrumb\"},\"inLanguage\":\"fr-FR\",\"potentialAction\":[{\"@type\":\"ReadAction\",\"target\":[\"https:\\\/\\\/www.forbes.be\\\/fr\\\/jetfly-25-ans-dexcellence-dans-laviation-daffaires-en-europe\\\/\"]}]},{\"@type\":\"ImageObject\",\"inLanguage\":\"fr-FR\",\"@id\":\"https:\\\/\\\/www.forbes.be\\\/fr\\\/jetfly-25-ans-dexcellence-dans-laviation-daffaires-en-europe\\\/#primaryimage\",\"url\":\"https:\\\/\\\/www.forbes.be\\\/fr\\\/wp-content\\\/uploads\\\/2015\\\/10\\\/forbes-image-a-la-une-3.png\",\"contentUrl\":\"https:\\\/\\\/www.forbes.be\\\/fr\\\/wp-content\\\/uploads\\\/2015\\\/10\\\/forbes-image-a-la-une-3.png\",\"width\":1200,\"height\":628,\"caption\":\"\u00a9Jetfly\"},{\"@type\":\"BreadcrumbList\",\"@id\":\"https:\\\/\\\/www.forbes.be\\\/fr\\\/jetfly-25-ans-dexcellence-dans-laviation-daffaires-en-europe\\\/#breadcrumb\",\"itemListElement\":[{\"@type\":\"ListItem\",\"position\":1,\"name\":\"Accueil\",\"item\":\"https:\\\/\\\/www.forbes.be\\\/fr\\\/\"},{\"@type\":\"ListItem\",\"position\":2,\"name\":\"Jetfly, leader de la propri\u00e9t\u00e9 partag\u00e9e en Europe, f\u00eate ses 25 ans d\u2019excellence dans l\u2019aviation d\u2019affaires\"}]},{\"@type\":\"WebSite\",\"@id\":\"https:\\\/\\\/www.forbes.be\\\/fr\\\/#website\",\"url\":\"https:\\\/\\\/www.forbes.be\\\/fr\\\/\",\"name\":\"Forbes Belgique\",\"description\":\"\",\"publisher\":{\"@id\":\"https:\\\/\\\/www.forbes.be\\\/fr\\\/#organization\"},\"potentialAction\":[{\"@type\":\"SearchAction\",\"target\":{\"@type\":\"EntryPoint\",\"urlTemplate\":\"https:\\\/\\\/www.forbes.be\\\/fr\\\/?s={search_term_string}\"},\"query-input\":{\"@type\":\"PropertyValueSpecification\",\"valueRequired\":true,\"valueName\":\"search_term_string\"}}],\"inLanguage\":\"fr-FR\"},{\"@type\":\"Organization\",\"@id\":\"https:\\\/\\\/www.forbes.be\\\/fr\\\/#organization\",\"name\":\"Forbes Belgique\",\"url\":\"https:\\\/\\\/www.forbes.be\\\/fr\\\/\",\"logo\":{\"@type\":\"ImageObject\",\"inLanguage\":\"fr-FR\",\"@id\":\"https:\\\/\\\/www.forbes.be\\\/fr\\\/#\\\/schema\\\/logo\\\/image\\\/\",\"url\":\"https:\\\/\\\/www.forbes.be\\\/fr\\\/wp-content\\\/uploads\\\/2024\\\/02\\\/forbes.be_.png\",\"contentUrl\":\"https:\\\/\\\/www.forbes.be\\\/fr\\\/wp-content\\\/uploads\\\/2024\\\/02\\\/forbes.be_.png\",\"width\":1200,\"height\":675,\"caption\":\"Forbes Belgique\"},\"image\":{\"@id\":\"https:\\\/\\\/www.forbes.be\\\/fr\\\/#\\\/schema\\\/logo\\\/image\\\/\"},\"sameAs\":[\"https:\\\/\\\/www.facebook.com\\\/forbesbelgique\\\/\",\"https:\\\/\\\/www.instagram.com\\\/Forbes_Belgium\",\"https:\\\/\\\/www.linkedin.com\\\/company\\\/forbes-belgium\\\/\"]},{\"@type\":\"Person\",\"@id\":\"https:\\\/\\\/www.forbes.be\\\/fr\\\/#\\\/schema\\\/person\\\/f6bf8fa623babedc7051f16985d6a1d5\",\"name\":\"BRANDVOICE | Sponsored Content\",\"image\":{\"@type\":\"ImageObject\",\"inLanguage\":\"fr-FR\",\"@id\":\"https:\\\/\\\/www.forbes.be\\\/fr\\\/wp-content\\\/uploads\\\/2024\\\/01\\\/forbes-thumb-150x150.jpg\",\"url\":\"https:\\\/\\\/www.forbes.be\\\/fr\\\/wp-content\\\/uploads\\\/2024\\\/01\\\/forbes-thumb-150x150.jpg\",\"contentUrl\":\"https:\\\/\\\/www.forbes.be\\\/fr\\\/wp-content\\\/uploads\\\/2024\\\/01\\\/forbes-thumb-150x150.jpg\",\"caption\":\"BRANDVOICE | Sponsored Content\"},\"url\":\"https:\\\/\\\/www.forbes.be\\\/fr\\\/author\\\/partenairesforbes-be\\\/\"}]}<\/script>\n<!-- \/ Yoast SEO plugin. -->","yoast_head_json":{"title":"Jetfly, leader de la propri\u00e9t\u00e9 partag\u00e9e en Europe, f\u00eate ses 25 ans d\u2019excellence dans l\u2019aviation d\u2019affaires | Forbes Belgique","description":"Jetfly c\u00e9l\u00e8bre 25 ans d\u2019excellence en aviation d\u2019affaires, alliant flexibilit\u00e9, innovation et durabilit\u00e9 gr\u00e2ce \u00e0 son mod\u00e8le unique de propri\u00e9t\u00e9 partag\u00e9e.","robots":{"index":"index","follow":"follow","max-snippet":"max-snippet:-1","max-image-preview":"max-image-preview:large","max-video-preview":"max-video-preview:-1"},"canonical":"https:\/\/www.forbes.be\/fr\/jetfly-25-ans-dexcellence-dans-laviation-daffaires-en-europe\/","og_locale":"fr_FR","og_type":"article","og_title":"Jetfly, leader de la propri\u00e9t\u00e9 partag\u00e9e en Europe, f\u00eate ses 25 ans d\u2019excellence dans l\u2019aviation d\u2019affaires | Forbes Belgique","og_description":"Jetfly c\u00e9l\u00e8bre 25 ans d\u2019excellence en aviation d\u2019affaires, alliant flexibilit\u00e9, innovation et durabilit\u00e9 gr\u00e2ce \u00e0 son mod\u00e8le unique de propri\u00e9t\u00e9 partag\u00e9e.","og_url":"https:\/\/www.forbes.be\/fr\/jetfly-25-ans-dexcellence-dans-laviation-daffaires-en-europe\/","og_site_name":"Forbes Belgique","article_publisher":"https:\/\/www.facebook.com\/forbesbelgique\/","article_published_time":"2025-10-20T05:00:07+00:00","article_modified_time":"2026-02-24T17:57:38+00:00","og_image":[{"width":1200,"height":628,"url":"https:\/\/www.forbes.be\/fr\/wp-content\/uploads\/2015\/10\/forbes-image-a-la-une-3.png","type":"image\/png"}],"author":"BRANDVOICE | Sponsored Content","twitter_card":"summary_large_image","twitter_misc":{"\u00c9crit par":"BRANDVOICE | Sponsored Content","Dur\u00e9e de lecture estim\u00e9e":"4 minutes"},"schema":{"@context":"https:\/\/schema.org","@graph":[{"@type":"NewsArticle","@id":"https:\/\/www.forbes.be\/fr\/jetfly-25-ans-dexcellence-dans-laviation-daffaires-en-europe\/#article","isPartOf":{"@id":"https:\/\/www.forbes.be\/fr\/jetfly-25-ans-dexcellence-dans-laviation-daffaires-en-europe\/"},"author":{"name":"BRANDVOICE | Sponsored Content","@id":"https:\/\/www.forbes.be\/fr\/#\/schema\/person\/f6bf8fa623babedc7051f16985d6a1d5"},"headline":"Jetfly, leader de la propri\u00e9t\u00e9 partag\u00e9e en Europe, f\u00eate ses 25 ans d\u2019excellence dans l\u2019aviation d\u2019affaires","datePublished":"2025-10-20T05:00:07+00:00","dateModified":"2026-02-24T17:57:38+00:00","mainEntityOfPage":{"@id":"https:\/\/www.forbes.be\/fr\/jetfly-25-ans-dexcellence-dans-laviation-daffaires-en-europe\/"},"wordCount":641,"publisher":{"@id":"https:\/\/www.forbes.be\/fr\/#organization"},"image":{"@id":"https:\/\/www.forbes.be\/fr\/jetfly-25-ans-dexcellence-dans-laviation-daffaires-en-europe\/#primaryimage"},"thumbnailUrl":"https:\/\/www.forbes.be\/fr\/wp-content\/uploads\/2015\/10\/forbes-image-a-la-une-3.png","articleSection":["Brandvoice"],"inLanguage":"fr-FR"},{"@type":"WebPage","@id":"https:\/\/www.forbes.be\/fr\/jetfly-25-ans-dexcellence-dans-laviation-daffaires-en-europe\/","url":"https:\/\/www.forbes.be\/fr\/jetfly-25-ans-dexcellence-dans-laviation-daffaires-en-europe\/","name":"Jetfly, leader de la propri\u00e9t\u00e9 partag\u00e9e en Europe, f\u00eate ses 25 ans d\u2019excellence dans l\u2019aviation d\u2019affaires | Forbes Belgique","isPartOf":{"@id":"https:\/\/www.forbes.be\/fr\/#website"},"primaryImageOfPage":{"@id":"https:\/\/www.forbes.be\/fr\/jetfly-25-ans-dexcellence-dans-laviation-daffaires-en-europe\/#primaryimage"},"image":{"@id":"https:\/\/www.forbes.be\/fr\/jetfly-25-ans-dexcellence-dans-laviation-daffaires-en-europe\/#primaryimage"},"thumbnailUrl":"https:\/\/www.forbes.be\/fr\/wp-content\/uploads\/2015\/10\/forbes-image-a-la-une-3.png","datePublished":"2025-10-20T05:00:07+00:00","dateModified":"2026-02-24T17:57:38+00:00","description":"Jetfly c\u00e9l\u00e8bre 25 ans d\u2019excellence en aviation d\u2019affaires, alliant flexibilit\u00e9, innovation et durabilit\u00e9 gr\u00e2ce \u00e0 son mod\u00e8le unique de propri\u00e9t\u00e9 partag\u00e9e.","breadcrumb":{"@id":"https:\/\/www.forbes.be\/fr\/jetfly-25-ans-dexcellence-dans-laviation-daffaires-en-europe\/#breadcrumb"},"inLanguage":"fr-FR","potentialAction":[{"@type":"ReadAction","target":["https:\/\/www.forbes.be\/fr\/jetfly-25-ans-dexcellence-dans-laviation-daffaires-en-europe\/"]}]},{"@type":"ImageObject","inLanguage":"fr-FR","@id":"https:\/\/www.forbes.be\/fr\/jetfly-25-ans-dexcellence-dans-laviation-daffaires-en-europe\/#primaryimage","url":"https:\/\/www.forbes.be\/fr\/wp-content\/uploads\/2015\/10\/forbes-image-a-la-une-3.png","contentUrl":"https:\/\/www.forbes.be\/fr\/wp-content\/uploads\/2015\/10\/forbes-image-a-la-une-3.png","width":1200,"height":628,"caption":"\u00a9Jetfly"},{"@type":"BreadcrumbList","@id":"https:\/\/www.forbes.be\/fr\/jetfly-25-ans-dexcellence-dans-laviation-daffaires-en-europe\/#breadcrumb","itemListElement":[{"@type":"ListItem","position":1,"name":"Accueil","item":"https:\/\/www.forbes.be\/fr\/"},{"@type":"ListItem","position":2,"name":"Jetfly, leader de la propri\u00e9t\u00e9 partag\u00e9e en Europe, f\u00eate ses 25 ans d\u2019excellence dans l\u2019aviation d\u2019affaires"}]},{"@type":"WebSite","@id":"https:\/\/www.forbes.be\/fr\/#website","url":"https:\/\/www.forbes.be\/fr\/","name":"Forbes Belgique","description":"","publisher":{"@id":"https:\/\/www.forbes.be\/fr\/#organization"},"potentialAction":[{"@type":"SearchAction","target":{"@type":"EntryPoint","urlTemplate":"https:\/\/www.forbes.be\/fr\/?s={search_term_string}"},"query-input":{"@type":"PropertyValueSpecification","valueRequired":true,"valueName":"search_term_string"}}],"inLanguage":"fr-FR"},{"@type":"Organization","@id":"https:\/\/www.forbes.be\/fr\/#organization","name":"Forbes Belgique","url":"https:\/\/www.forbes.be\/fr\/","logo":{"@type":"ImageObject","inLanguage":"fr-FR","@id":"https:\/\/www.forbes.be\/fr\/#\/schema\/logo\/image\/","url":"https:\/\/www.forbes.be\/fr\/wp-content\/uploads\/2024\/02\/forbes.be_.png","contentUrl":"https:\/\/www.forbes.be\/fr\/wp-content\/uploads\/2024\/02\/forbes.be_.png","width":1200,"height":675,"caption":"Forbes Belgique"},"image":{"@id":"https:\/\/www.forbes.be\/fr\/#\/schema\/logo\/image\/"},"sameAs":["https:\/\/www.facebook.com\/forbesbelgique\/","https:\/\/www.instagram.com\/Forbes_Belgium","https:\/\/www.linkedin.com\/company\/forbes-belgium\/"]},{"@type":"Person","@id":"https:\/\/www.forbes.be\/fr\/#\/schema\/person\/f6bf8fa623babedc7051f16985d6a1d5","name":"BRANDVOICE | Sponsored Content","image":{"@type":"ImageObject","inLanguage":"fr-FR","@id":"https:\/\/www.forbes.be\/fr\/wp-content\/uploads\/2024\/01\/forbes-thumb-150x150.jpg","url":"https:\/\/www.forbes.be\/fr\/wp-content\/uploads\/2024\/01\/forbes-thumb-150x150.jpg","contentUrl":"https:\/\/www.forbes.be\/fr\/wp-content\/uploads\/2024\/01\/forbes-thumb-150x150.jpg","caption":"BRANDVOICE | Sponsored Content"},"url":"https:\/\/www.forbes.be\/fr\/author\/partenairesforbes-be\/"}]}},"_links":{"self":[{"href":"https:\/\/www.forbes.be\/fr\/wp-json\/wp\/v2\/posts\/12706","targetHints":{"allow":["GET"]}}],"collection":[{"href":"https:\/\/www.forbes.be\/fr\/wp-json\/wp\/v2\/posts"}],"about":[{"href":"https:\/\/www.forbes.be\/fr\/wp-json\/wp\/v2\/types\/post"}],"author":[{"embeddable":true,"href":"https:\/\/www.forbes.be\/fr\/wp-json\/wp\/v2\/users\/7"}],"replies":[{"embeddable":true,"href":"https:\/\/www.forbes.be\/fr\/wp-json\/wp\/v2\/comments?post=12706"}],"version-history":[{"count":8,"href":"https:\/\/www.forbes.be\/fr\/wp-json\/wp\/v2\/posts\/12706\/revisions"}],"predecessor-version":[{"id":13013,"href":"https:\/\/www.forbes.be\/fr\/wp-json\/wp\/v2\/posts\/12706\/revisions\/13013"}],"wp:featuredmedia":[{"embeddable":true,"href":"https:\/\/www.forbes.be\/fr\/wp-json\/wp\/v2\/media\/12854"}],"wp:attachment":[{"href":"https:\/\/www.forbes.be\/fr\/wp-json\/wp\/v2\/media?parent=12706"}],"wp:term":[{"taxonomy":"category","embeddable":true,"href":"https:\/\/www.forbes.be\/fr\/wp-json\/wp\/v2\/categories?post=12706"},{"taxonomy":"post_tag","embeddable":true,"href":"https:\/\/www.forbes.be\/fr\/wp-json\/wp\/v2\/tags?post=12706"}],"curies":[{"name":"wp","href":"https:\/\/api.w.org\/{rel}","templated":true}]}}