{"id":1276,"date":"2024-02-15T17:54:38","date_gmt":"2024-02-15T16:54:38","guid":{"rendered":"https:\/\/www.forbes.be\/fr\/?p=1276"},"modified":"2024-02-16T12:00:17","modified_gmt":"2024-02-16T11:00:17","slug":"le-permis-durbanisme-du-projet-realex-est-delivre","status":"publish","type":"post","link":"https:\/\/www.forbes.be\/fr\/le-permis-durbanisme-du-projet-realex-est-delivre\/","title":{"rendered":"Les permis du projet Realex sont d\u00e9livr\u00e9s"},"content":{"rendered":"<h2>Pour le promoteur Atenor, dont l&rsquo;action a d\u00e9viss\u00e9 en bourse l&rsquo;an dernier sans se redresser depuis, c&rsquo;est une premi\u00e8re bonne nouvelle de taille: les permis d&rsquo;urbanisme et d&rsquo;environnement du projet Realex, qui inclut le futur centre de conf\u00e9rences de la Commission europ\u00e9enne, sont enfin obtenus.<\/h2>\n<p><strong>Urban.brussels<\/strong>, l&rsquo;organisme bruxellois qui g\u00e8re la d\u00e9livrance des permis d&rsquo;urbanisme et d&rsquo;environnement des projets d&rsquo;importance au niveau r\u00e9gional, a d\u00e9livr\u00e9 le double s\u00e9same \u00e0 Atenor pour le <strong>projet Realex<\/strong>, qui peut enfin sortir de terre dans le bas de la rue de la Loi apr\u00e8s 15 ans de gestation particuli\u00e8rement compliqu\u00e9e.<\/p>\n<p>Pour <strong>St\u00e9phan Sonneville, le CEO d&rsquo;Atenor<\/strong>, il s&rsquo;agit de la premi\u00e8re bonne nouvelle de taille sur le sol belge depuis des mois. L&rsquo;an dernier, apr\u00e8s une campagne de communication pour le moins risqu\u00e9e m\u00eame si elle se voulait franche et r\u00e9aliste, <a href=\"https:\/\/live.euronext.com\/en\/product\/equities\/BE0003837540-XBRU\"><strong>l&rsquo;action Atenor\u00a0a d\u00e9viss\u00e9<\/strong><\/a>, passant en un an de plus de <strong>38 euros \u00e0 6 euros<\/strong>, sans encore montrer de signes de redressement depuis. Et <strong>les r\u00e9sultats annuels, qui tomberont d&rsquo;ici 15 jours, devraient encore en remettre une couche<\/strong>.<\/p>\n<p>L&rsquo;octroi du permis pour le projet Realex apporte donc un peu de douceur ce 15 f\u00e9vrier, \u00e0 l&rsquo;instar de la temp\u00e9rature printani\u00e8re du jour. \u00ab\u00a0Maintenant que le permis est scell\u00e9, <strong>nous allons pouvoir finaliser l&rsquo;acte de vente du futur centre de conf\u00e9rences avec l&rsquo;OIB<\/strong> (Office europ\u00e9en pour les infrastructures \u00e0 Bruxelles) et la Commission europ\u00e9enne. Et nous allons, dans la foul\u00e9e, lancer les travaux de construction de l&rsquo;ensemble\u00a0\u00bb, souffle le patron qui n&rsquo;est malgr\u00e9 tout pas \u00e0 l&rsquo;abri d&rsquo;un ultime recours aupr\u00e8s du Conseil d&rsquo;Etat.<\/p>\n<p>Concr\u00e8tement, un premier paiement \u00e0 Atenor <strong>d\u2019un montant estim\u00e9 \u00e0 85 millions d&rsquo;euros est pr\u00e9vu d\u00e8s le deuxi\u00e8me trimestre 2024<\/strong>. Les versements suivants se poursuivront, avec un effet positif sur les r\u00e9sultats, en fonction de l&rsquo;avancement des travaux et jusqu\u2019\u00e0 la <strong>livraison finale\u00a0pr\u00e9vue fin 2027<\/strong>.<\/p>\n<p>Et m\u00eame si rien n&rsquo;est encore act\u00e9 aujourd&rsquo;hui, il semble plausible que la Commission europ\u00e9enne, \u00e0 la recherche d&rsquo;espaces de travail correspondant aux normes environnementales actuelles bien localis\u00e9s et s\u00e9curis\u00e9s dans son quartier strat\u00e9gique, se porte \u00e9galement acqu\u00e9reur de la partie bureaux du complexe.<\/p>\n<h3>Demandez le dernier programme<\/h3>\n<p>Pour rappel, la derni\u00e8re mo\u00fbture retoqu\u00e9e par le<strong> bureau d&rsquo;architectes ASSAR<\/strong> de ce projet mixte sis <strong>rue de la Loi \u00e0 hauteur des n\u00b0 91 \u00e0 105<\/strong> avait \u00e9t\u00e9 mise \u00e0 l&rsquo;enqu\u00eate publique l&rsquo;\u00e9t\u00e9 dernier. Deux fonciers concern\u00e9s abritant encore des b\u00e2timents de bureaux obsol\u00e8tes avaient \u00e9t\u00e9 en partie squatt\u00e9s l&rsquo;an dernier. Avec ces deux parcelles suppl\u00e9mentaires ajout\u00e9es au foncier initial, le nouveau site remembr\u00e9 offre une <strong>superficie au sol totale de 6.753 m\u00b2<\/strong>. C\u2019est sur ce site agrandi qu\u2019Atenor (via la soci\u00e9t\u00e9 Leaselex) <strong>lancera les travaux d\u00e8s l&rsquo;\u00e9t\u00e9 prochain<\/strong>, au grand soulagement \u00e9galement de <strong>BPC<\/strong>, la soci\u00e9t\u00e9 de construction ayant \u00e9t\u00e9 retenue pour l&rsquo;ex\u00e9cution, qui ronge son frein depuis 2018 d\u00e9j\u00e0.<\/p>\n<p style=\"font-weight: 400;\"><img loading=\"lazy\" decoding=\"async\" class=\"alignnone size-full wp-image-1279\" src=\"https:\/\/www.forbes.be\/fr\/wp-content\/uploads\/2024\/02\/image-1.jpeg\" alt=\"\" width=\"1662\" height=\"1048\" srcset=\"https:\/\/www.forbes.be\/fr\/wp-content\/uploads\/2024\/02\/image-1.jpeg 1662w, https:\/\/www.forbes.be\/fr\/wp-content\/uploads\/2024\/02\/image-1-300x189.jpeg 300w, https:\/\/www.forbes.be\/fr\/wp-content\/uploads\/2024\/02\/image-1-1024x646.jpeg 1024w, https:\/\/www.forbes.be\/fr\/wp-content\/uploads\/2024\/02\/image-1-768x484.jpeg 768w, https:\/\/www.forbes.be\/fr\/wp-content\/uploads\/2024\/02\/image-1-1536x969.jpeg 1536w, https:\/\/www.forbes.be\/fr\/wp-content\/uploads\/2024\/02\/image-1-696x439.jpeg 696w, https:\/\/www.forbes.be\/fr\/wp-content\/uploads\/2024\/02\/image-1-1068x673.jpeg 1068w\" sizes=\"auto, (max-width: 1662px) 100vw, 1662px\" \/>Dans ce dernier avatar d&rsquo;une saga immobili\u00e8re interminable et fertile en rebondissements figurent <strong>la d\u00e9molition de l\u2019immeuble de bureaux sis 93-97 rue de la Loi, la transformation de l&rsquo;immeuble de bureaux sis au 91 et son changement d\u2019affectation vers de l&rsquo;\u00e9quipement d&rsquo;int\u00e9r\u00eat collectif ou de service public (936m\u00b2); mais aussi -et surtout- la construction d\u2019un centre de conf\u00e9rences (25.950m\u00b2) et d\u2019un immeuble de bureaux (18.771m\u00b2) comprenant du commerce (603m\u00b2) et 224 emplacements de parking. <\/strong>On y ajoutera encore la r\u00e9alisation d\u2019un espace vert entre la rue de la Loi et la rue J.de Lalaing et la modification du kiosque et des abords proches, \u00e0 l\u2019arri\u00e8re du complexe.<\/p>\n<figure id=\"attachment_1280\" aria-describedby=\"caption-attachment-1280\" style=\"width: 976px\" class=\"wp-caption alignnone\"><img loading=\"lazy\" decoding=\"async\" class=\"wp-image-1280 size-full\" src=\"https:\/\/www.forbes.be\/fr\/wp-content\/uploads\/2024\/02\/image-2.jpeg\" alt=\"\" width=\"976\" height=\"884\" srcset=\"https:\/\/www.forbes.be\/fr\/wp-content\/uploads\/2024\/02\/image-2.jpeg 976w, https:\/\/www.forbes.be\/fr\/wp-content\/uploads\/2024\/02\/image-2-300x272.jpeg 300w, https:\/\/www.forbes.be\/fr\/wp-content\/uploads\/2024\/02\/image-2-768x696.jpeg 768w, https:\/\/www.forbes.be\/fr\/wp-content\/uploads\/2024\/02\/image-2-696x630.jpeg 696w\" sizes=\"auto, (max-width: 976px) 100vw, 976px\" \/><figcaption id=\"caption-attachment-1280\" class=\"wp-caption-text\">Le futur complexe sur son versant rue J.de Lalaing, avec le petit espace translatif cr\u00e9\u00e9 entre le Realex et la tour The One, achev\u00e9e par Atenor fin 2018. \u00a9 ASSAR Architects<\/figcaption><\/figure>\n<h3>Cherche investisseurs d\u00e9sesp\u00e9r\u00e9ment<\/h3>\n<p>La revente enfin scell\u00e9e du centre de conf\u00e9rences en \u00e9tat futur d&rsquo;ach\u00e8vement mettra un peu de beurre dans les \u00e9pinards de la soci\u00e9t\u00e9 de promotion immobili\u00e8re cot\u00e9e en bourse, qui a bien besoin de faire rentrer cette ann\u00e9e les dizaines de millions de cash pour redresser la barre. St\u00e9phan Sonneville confirme d&rsquo;ailleurs que l&rsquo;essentiel de ses contacts lors du prochain <strong>Mipim, le salon international des professionnels de l&rsquo;immobilier qui se d\u00e9roule \u00e0 Cannes du 11 au 15 mars prochain<\/strong>, se fera avec des investisseurs potentiels int\u00e9ress\u00e9s par les projets de d\u00e9veloppement pour lesquels il a d\u00e9j\u00e0 obtenu non seulement des permis mais \u00e9galement des locataires. \u00ab\u00a0Le march\u00e9 de l&rsquo;investissement, qui s&rsquo;est fortement ralenti -voire stopp\u00e9 par endroits- depuis l&rsquo;an dernier et la hausse cumul\u00e9e des taux d&rsquo;int\u00e9r\u00eat et du prix de revient des projets, est toujours tr\u00e8s f\u00e9brile. Il faut donc multiplier les contacts avec les investisseurs internationaux qui se remettent \u00e0 table\u00a0\u00bb, explique-t-il.<\/p>\n<p>&nbsp;<\/p>\n","protected":false},"excerpt":{"rendered":"<p>Pour le promoteur Atenor, dont l&rsquo;action a d\u00e9viss\u00e9 en bourse l&rsquo;an dernier sans se redresser depuis, c&rsquo;est une premi\u00e8re bonne nouvelle de taille: les permis d&rsquo;urbanisme et d&rsquo;environnement du projet Realex, qui inclut le futur centre de conf\u00e9rences de la Commission europ\u00e9enne, sont enfin obtenus. Urban.brussels, l&rsquo;organisme bruxellois qui g\u00e8re la d\u00e9livrance des permis d&rsquo;urbanisme [&hellip;]<\/p>\n","protected":false},"author":15,"featured_media":1278,"comment_status":"closed","ping_status":"closed","sticky":false,"template":"","format":"standard","meta":{"_acf_changed":false,"inline_featured_image":false,"footnotes":""},"categories":[1],"tags":[],"class_list":{"0":"post-1276","1":"post","2":"type-post","3":"status-publish","4":"format-standard","5":"has-post-thumbnail","7":"category-actualite"},"acf":[],"_yoast_wpseo_title":null,"_yoast_wpseo_metadesc":"Les permis d'urbanisme et d'environnement du projet Realex, qui inclut le futur centre de conf\u00e9rences de la Commission europ\u00e9enne, sont enfin obtenus. Pour le promoteur Atenor, c'est une premi\u00e8re bonne nouvelle sur le sol belge.","auteur_traducteur":null,"yoast_head":"<!-- This site is optimized with the Yoast SEO plugin v27.4 - https:\/\/yoast.com\/product\/yoast-seo-wordpress\/ -->\n<title>Les permis du projet Realex sont d\u00e9livr\u00e9s | Forbes Belgique<\/title>\n<meta name=\"description\" content=\"Les permis d&#039;urbanisme et d&#039;environnement du projet Realex, qui inclut le futur centre de conf\u00e9rences de la Commission europ\u00e9enne, sont enfin obtenus. Pour le promoteur Atenor, c&#039;est une premi\u00e8re bonne nouvelle sur le sol belge.\" \/>\n<meta name=\"robots\" content=\"index, follow, max-snippet:-1, max-image-preview:large, max-video-preview:-1\" \/>\n<link rel=\"canonical\" href=\"https:\/\/www.forbes.be\/fr\/le-permis-durbanisme-du-projet-realex-est-delivre\/\" \/>\n<meta property=\"og:locale\" content=\"fr_FR\" \/>\n<meta property=\"og:type\" content=\"article\" \/>\n<meta property=\"og:title\" content=\"Les permis du projet Realex sont d\u00e9livr\u00e9s | Forbes Belgique\" \/>\n<meta property=\"og:description\" content=\"Les permis d&#039;urbanisme et d&#039;environnement du projet Realex, qui inclut le futur centre de conf\u00e9rences de la Commission europ\u00e9enne, sont enfin obtenus. Pour le promoteur Atenor, c&#039;est une premi\u00e8re bonne nouvelle sur le sol belge.\" \/>\n<meta property=\"og:url\" content=\"https:\/\/www.forbes.be\/fr\/le-permis-durbanisme-du-projet-realex-est-delivre\/\" \/>\n<meta property=\"og:site_name\" content=\"Forbes Belgique\" \/>\n<meta property=\"article:publisher\" content=\"https:\/\/www.facebook.com\/forbesbelgique\/\" \/>\n<meta property=\"article:published_time\" content=\"2024-02-15T16:54:38+00:00\" \/>\n<meta property=\"article:modified_time\" content=\"2024-02-16T11:00:17+00:00\" \/>\n<meta property=\"og:image\" content=\"https:\/\/www.forbes.be\/fr\/wp-content\/uploads\/2024\/02\/image.jpeg\" \/>\n\t<meta property=\"og:image:width\" content=\"1595\" \/>\n\t<meta property=\"og:image:height\" content=\"1448\" \/>\n\t<meta property=\"og:image:type\" content=\"image\/jpeg\" \/>\n<meta name=\"author\" content=\"Philippe Coul\u00e9e\" \/>\n<meta name=\"twitter:card\" content=\"summary_large_image\" \/>\n<meta name=\"twitter:label1\" content=\"\u00c9crit par\" \/>\n\t<meta name=\"twitter:data1\" content=\"Philippe Coul\u00e9e\" \/>\n\t<meta name=\"twitter:label2\" content=\"Dur\u00e9e de lecture estim\u00e9e\" \/>\n\t<meta name=\"twitter:data2\" content=\"5 minutes\" \/>\n<script type=\"application\/ld+json\" class=\"yoast-schema-graph\">{\"@context\":\"https:\\\/\\\/schema.org\",\"@graph\":[{\"@type\":\"NewsArticle\",\"@id\":\"https:\\\/\\\/www.forbes.be\\\/fr\\\/le-permis-durbanisme-du-projet-realex-est-delivre\\\/#article\",\"isPartOf\":{\"@id\":\"https:\\\/\\\/www.forbes.be\\\/fr\\\/le-permis-durbanisme-du-projet-realex-est-delivre\\\/\"},\"author\":{\"name\":\"Philippe Coul\u00e9e\",\"@id\":\"https:\\\/\\\/www.forbes.be\\\/fr\\\/#\\\/schema\\\/person\\\/22bfc3335e560f4084ef5af17ecdad87\"},\"headline\":\"Les permis du projet Realex sont d\u00e9livr\u00e9s\",\"datePublished\":\"2024-02-15T16:54:38+00:00\",\"dateModified\":\"2024-02-16T11:00:17+00:00\",\"mainEntityOfPage\":{\"@id\":\"https:\\\/\\\/www.forbes.be\\\/fr\\\/le-permis-durbanisme-du-projet-realex-est-delivre\\\/\"},\"wordCount\":847,\"publisher\":{\"@id\":\"https:\\\/\\\/www.forbes.be\\\/fr\\\/#organization\"},\"image\":{\"@id\":\"https:\\\/\\\/www.forbes.be\\\/fr\\\/le-permis-durbanisme-du-projet-realex-est-delivre\\\/#primaryimage\"},\"thumbnailUrl\":\"https:\\\/\\\/www.forbes.be\\\/fr\\\/wp-content\\\/uploads\\\/2024\\\/02\\\/image.jpeg\",\"articleSection\":[\"Actualit\u00e9s\"],\"inLanguage\":\"fr-FR\"},{\"@type\":\"WebPage\",\"@id\":\"https:\\\/\\\/www.forbes.be\\\/fr\\\/le-permis-durbanisme-du-projet-realex-est-delivre\\\/\",\"url\":\"https:\\\/\\\/www.forbes.be\\\/fr\\\/le-permis-durbanisme-du-projet-realex-est-delivre\\\/\",\"name\":\"Les permis du projet Realex sont d\u00e9livr\u00e9s | Forbes Belgique\",\"isPartOf\":{\"@id\":\"https:\\\/\\\/www.forbes.be\\\/fr\\\/#website\"},\"primaryImageOfPage\":{\"@id\":\"https:\\\/\\\/www.forbes.be\\\/fr\\\/le-permis-durbanisme-du-projet-realex-est-delivre\\\/#primaryimage\"},\"image\":{\"@id\":\"https:\\\/\\\/www.forbes.be\\\/fr\\\/le-permis-durbanisme-du-projet-realex-est-delivre\\\/#primaryimage\"},\"thumbnailUrl\":\"https:\\\/\\\/www.forbes.be\\\/fr\\\/wp-content\\\/uploads\\\/2024\\\/02\\\/image.jpeg\",\"datePublished\":\"2024-02-15T16:54:38+00:00\",\"dateModified\":\"2024-02-16T11:00:17+00:00\",\"description\":\"Les permis d'urbanisme et d'environnement du projet Realex, qui inclut le futur centre de conf\u00e9rences de la Commission europ\u00e9enne, sont enfin obtenus. Pour le promoteur Atenor, c'est une premi\u00e8re bonne nouvelle sur le sol belge.\",\"breadcrumb\":{\"@id\":\"https:\\\/\\\/www.forbes.be\\\/fr\\\/le-permis-durbanisme-du-projet-realex-est-delivre\\\/#breadcrumb\"},\"inLanguage\":\"fr-FR\",\"potentialAction\":[{\"@type\":\"ReadAction\",\"target\":[\"https:\\\/\\\/www.forbes.be\\\/fr\\\/le-permis-durbanisme-du-projet-realex-est-delivre\\\/\"]}]},{\"@type\":\"ImageObject\",\"inLanguage\":\"fr-FR\",\"@id\":\"https:\\\/\\\/www.forbes.be\\\/fr\\\/le-permis-durbanisme-du-projet-realex-est-delivre\\\/#primaryimage\",\"url\":\"https:\\\/\\\/www.forbes.be\\\/fr\\\/wp-content\\\/uploads\\\/2024\\\/02\\\/image.jpeg\",\"contentUrl\":\"https:\\\/\\\/www.forbes.be\\\/fr\\\/wp-content\\\/uploads\\\/2024\\\/02\\\/image.jpeg\",\"width\":1595,\"height\":1448,\"caption\":\"Visuel, c\u00f4t\u00e9 rue de la Loi, de la nouvelle version du projet Realex d\u00e9pos\u00e9 par Atenor. Celui-ci accueillera d'ici 2027 le futur Centre de Conf\u00e9rences de la Commission europ\u00e9enne. \u00a9 Assar Architects\"},{\"@type\":\"BreadcrumbList\",\"@id\":\"https:\\\/\\\/www.forbes.be\\\/fr\\\/le-permis-durbanisme-du-projet-realex-est-delivre\\\/#breadcrumb\",\"itemListElement\":[{\"@type\":\"ListItem\",\"position\":1,\"name\":\"Accueil\",\"item\":\"https:\\\/\\\/www.forbes.be\\\/fr\\\/\"},{\"@type\":\"ListItem\",\"position\":2,\"name\":\"Les permis du projet Realex sont d\u00e9livr\u00e9s\"}]},{\"@type\":\"WebSite\",\"@id\":\"https:\\\/\\\/www.forbes.be\\\/fr\\\/#website\",\"url\":\"https:\\\/\\\/www.forbes.be\\\/fr\\\/\",\"name\":\"Forbes Belgique\",\"description\":\"\",\"publisher\":{\"@id\":\"https:\\\/\\\/www.forbes.be\\\/fr\\\/#organization\"},\"potentialAction\":[{\"@type\":\"SearchAction\",\"target\":{\"@type\":\"EntryPoint\",\"urlTemplate\":\"https:\\\/\\\/www.forbes.be\\\/fr\\\/?s={search_term_string}\"},\"query-input\":{\"@type\":\"PropertyValueSpecification\",\"valueRequired\":true,\"valueName\":\"search_term_string\"}}],\"inLanguage\":\"fr-FR\"},{\"@type\":\"Organization\",\"@id\":\"https:\\\/\\\/www.forbes.be\\\/fr\\\/#organization\",\"name\":\"Forbes Belgique\",\"url\":\"https:\\\/\\\/www.forbes.be\\\/fr\\\/\",\"logo\":{\"@type\":\"ImageObject\",\"inLanguage\":\"fr-FR\",\"@id\":\"https:\\\/\\\/www.forbes.be\\\/fr\\\/#\\\/schema\\\/logo\\\/image\\\/\",\"url\":\"https:\\\/\\\/www.forbes.be\\\/fr\\\/wp-content\\\/uploads\\\/2024\\\/02\\\/forbes.be_.png\",\"contentUrl\":\"https:\\\/\\\/www.forbes.be\\\/fr\\\/wp-content\\\/uploads\\\/2024\\\/02\\\/forbes.be_.png\",\"width\":1200,\"height\":675,\"caption\":\"Forbes Belgique\"},\"image\":{\"@id\":\"https:\\\/\\\/www.forbes.be\\\/fr\\\/#\\\/schema\\\/logo\\\/image\\\/\"},\"sameAs\":[\"https:\\\/\\\/www.facebook.com\\\/forbesbelgique\\\/\",\"https:\\\/\\\/www.instagram.com\\\/Forbes_Belgium\",\"https:\\\/\\\/www.linkedin.com\\\/company\\\/forbes-belgium\\\/\"]},{\"@type\":\"Person\",\"@id\":\"https:\\\/\\\/www.forbes.be\\\/fr\\\/#\\\/schema\\\/person\\\/22bfc3335e560f4084ef5af17ecdad87\",\"name\":\"Philippe Coul\u00e9e\",\"image\":{\"@type\":\"ImageObject\",\"inLanguage\":\"fr-FR\",\"@id\":\"https:\\\/\\\/www.forbes.be\\\/fr\\\/wp-content\\\/uploads\\\/2024\\\/01\\\/unnamed-150x150.jpg\",\"url\":\"https:\\\/\\\/www.forbes.be\\\/fr\\\/wp-content\\\/uploads\\\/2024\\\/01\\\/unnamed-150x150.jpg\",\"contentUrl\":\"https:\\\/\\\/www.forbes.be\\\/fr\\\/wp-content\\\/uploads\\\/2024\\\/01\\\/unnamed-150x150.jpg\",\"caption\":\"Philippe Coul\u00e9e\"},\"url\":\"https:\\\/\\\/www.forbes.be\\\/fr\\\/author\\\/philippe-couleeicloud-com\\\/\"}]}<\/script>\n<!-- \/ Yoast SEO plugin. -->","yoast_head_json":{"title":"Les permis du projet Realex sont d\u00e9livr\u00e9s | Forbes Belgique","description":"Les permis d'urbanisme et d'environnement du projet Realex, qui inclut le futur centre de conf\u00e9rences de la Commission europ\u00e9enne, sont enfin obtenus. Pour le promoteur Atenor, c'est une premi\u00e8re bonne nouvelle sur le sol belge.","robots":{"index":"index","follow":"follow","max-snippet":"max-snippet:-1","max-image-preview":"max-image-preview:large","max-video-preview":"max-video-preview:-1"},"canonical":"https:\/\/www.forbes.be\/fr\/le-permis-durbanisme-du-projet-realex-est-delivre\/","og_locale":"fr_FR","og_type":"article","og_title":"Les permis du projet Realex sont d\u00e9livr\u00e9s | Forbes Belgique","og_description":"Les permis d'urbanisme et d'environnement du projet Realex, qui inclut le futur centre de conf\u00e9rences de la Commission europ\u00e9enne, sont enfin obtenus. Pour le promoteur Atenor, c'est une premi\u00e8re bonne nouvelle sur le sol belge.","og_url":"https:\/\/www.forbes.be\/fr\/le-permis-durbanisme-du-projet-realex-est-delivre\/","og_site_name":"Forbes Belgique","article_publisher":"https:\/\/www.facebook.com\/forbesbelgique\/","article_published_time":"2024-02-15T16:54:38+00:00","article_modified_time":"2024-02-16T11:00:17+00:00","og_image":[{"width":1595,"height":1448,"url":"https:\/\/www.forbes.be\/fr\/wp-content\/uploads\/2024\/02\/image.jpeg","type":"image\/jpeg"}],"author":"Philippe Coul\u00e9e","twitter_card":"summary_large_image","twitter_misc":{"\u00c9crit par":"Philippe Coul\u00e9e","Dur\u00e9e de lecture estim\u00e9e":"5 minutes"},"schema":{"@context":"https:\/\/schema.org","@graph":[{"@type":"NewsArticle","@id":"https:\/\/www.forbes.be\/fr\/le-permis-durbanisme-du-projet-realex-est-delivre\/#article","isPartOf":{"@id":"https:\/\/www.forbes.be\/fr\/le-permis-durbanisme-du-projet-realex-est-delivre\/"},"author":{"name":"Philippe Coul\u00e9e","@id":"https:\/\/www.forbes.be\/fr\/#\/schema\/person\/22bfc3335e560f4084ef5af17ecdad87"},"headline":"Les permis du projet Realex sont d\u00e9livr\u00e9s","datePublished":"2024-02-15T16:54:38+00:00","dateModified":"2024-02-16T11:00:17+00:00","mainEntityOfPage":{"@id":"https:\/\/www.forbes.be\/fr\/le-permis-durbanisme-du-projet-realex-est-delivre\/"},"wordCount":847,"publisher":{"@id":"https:\/\/www.forbes.be\/fr\/#organization"},"image":{"@id":"https:\/\/www.forbes.be\/fr\/le-permis-durbanisme-du-projet-realex-est-delivre\/#primaryimage"},"thumbnailUrl":"https:\/\/www.forbes.be\/fr\/wp-content\/uploads\/2024\/02\/image.jpeg","articleSection":["Actualit\u00e9s"],"inLanguage":"fr-FR"},{"@type":"WebPage","@id":"https:\/\/www.forbes.be\/fr\/le-permis-durbanisme-du-projet-realex-est-delivre\/","url":"https:\/\/www.forbes.be\/fr\/le-permis-durbanisme-du-projet-realex-est-delivre\/","name":"Les permis du projet Realex sont d\u00e9livr\u00e9s | Forbes Belgique","isPartOf":{"@id":"https:\/\/www.forbes.be\/fr\/#website"},"primaryImageOfPage":{"@id":"https:\/\/www.forbes.be\/fr\/le-permis-durbanisme-du-projet-realex-est-delivre\/#primaryimage"},"image":{"@id":"https:\/\/www.forbes.be\/fr\/le-permis-durbanisme-du-projet-realex-est-delivre\/#primaryimage"},"thumbnailUrl":"https:\/\/www.forbes.be\/fr\/wp-content\/uploads\/2024\/02\/image.jpeg","datePublished":"2024-02-15T16:54:38+00:00","dateModified":"2024-02-16T11:00:17+00:00","description":"Les permis d'urbanisme et d'environnement du projet Realex, qui inclut le futur centre de conf\u00e9rences de la Commission europ\u00e9enne, sont enfin obtenus. Pour le promoteur Atenor, c'est une premi\u00e8re bonne nouvelle sur le sol belge.","breadcrumb":{"@id":"https:\/\/www.forbes.be\/fr\/le-permis-durbanisme-du-projet-realex-est-delivre\/#breadcrumb"},"inLanguage":"fr-FR","potentialAction":[{"@type":"ReadAction","target":["https:\/\/www.forbes.be\/fr\/le-permis-durbanisme-du-projet-realex-est-delivre\/"]}]},{"@type":"ImageObject","inLanguage":"fr-FR","@id":"https:\/\/www.forbes.be\/fr\/le-permis-durbanisme-du-projet-realex-est-delivre\/#primaryimage","url":"https:\/\/www.forbes.be\/fr\/wp-content\/uploads\/2024\/02\/image.jpeg","contentUrl":"https:\/\/www.forbes.be\/fr\/wp-content\/uploads\/2024\/02\/image.jpeg","width":1595,"height":1448,"caption":"Visuel, c\u00f4t\u00e9 rue de la Loi, de la nouvelle version du projet Realex d\u00e9pos\u00e9 par Atenor. Celui-ci accueillera d'ici 2027 le futur Centre de Conf\u00e9rences de la Commission europ\u00e9enne. \u00a9 Assar Architects"},{"@type":"BreadcrumbList","@id":"https:\/\/www.forbes.be\/fr\/le-permis-durbanisme-du-projet-realex-est-delivre\/#breadcrumb","itemListElement":[{"@type":"ListItem","position":1,"name":"Accueil","item":"https:\/\/www.forbes.be\/fr\/"},{"@type":"ListItem","position":2,"name":"Les permis du projet Realex sont d\u00e9livr\u00e9s"}]},{"@type":"WebSite","@id":"https:\/\/www.forbes.be\/fr\/#website","url":"https:\/\/www.forbes.be\/fr\/","name":"Forbes Belgique","description":"","publisher":{"@id":"https:\/\/www.forbes.be\/fr\/#organization"},"potentialAction":[{"@type":"SearchAction","target":{"@type":"EntryPoint","urlTemplate":"https:\/\/www.forbes.be\/fr\/?s={search_term_string}"},"query-input":{"@type":"PropertyValueSpecification","valueRequired":true,"valueName":"search_term_string"}}],"inLanguage":"fr-FR"},{"@type":"Organization","@id":"https:\/\/www.forbes.be\/fr\/#organization","name":"Forbes Belgique","url":"https:\/\/www.forbes.be\/fr\/","logo":{"@type":"ImageObject","inLanguage":"fr-FR","@id":"https:\/\/www.forbes.be\/fr\/#\/schema\/logo\/image\/","url":"https:\/\/www.forbes.be\/fr\/wp-content\/uploads\/2024\/02\/forbes.be_.png","contentUrl":"https:\/\/www.forbes.be\/fr\/wp-content\/uploads\/2024\/02\/forbes.be_.png","width":1200,"height":675,"caption":"Forbes Belgique"},"image":{"@id":"https:\/\/www.forbes.be\/fr\/#\/schema\/logo\/image\/"},"sameAs":["https:\/\/www.facebook.com\/forbesbelgique\/","https:\/\/www.instagram.com\/Forbes_Belgium","https:\/\/www.linkedin.com\/company\/forbes-belgium\/"]},{"@type":"Person","@id":"https:\/\/www.forbes.be\/fr\/#\/schema\/person\/22bfc3335e560f4084ef5af17ecdad87","name":"Philippe Coul\u00e9e","image":{"@type":"ImageObject","inLanguage":"fr-FR","@id":"https:\/\/www.forbes.be\/fr\/wp-content\/uploads\/2024\/01\/unnamed-150x150.jpg","url":"https:\/\/www.forbes.be\/fr\/wp-content\/uploads\/2024\/01\/unnamed-150x150.jpg","contentUrl":"https:\/\/www.forbes.be\/fr\/wp-content\/uploads\/2024\/01\/unnamed-150x150.jpg","caption":"Philippe Coul\u00e9e"},"url":"https:\/\/www.forbes.be\/fr\/author\/philippe-couleeicloud-com\/"}]}},"_links":{"self":[{"href":"https:\/\/www.forbes.be\/fr\/wp-json\/wp\/v2\/posts\/1276","targetHints":{"allow":["GET"]}}],"collection":[{"href":"https:\/\/www.forbes.be\/fr\/wp-json\/wp\/v2\/posts"}],"about":[{"href":"https:\/\/www.forbes.be\/fr\/wp-json\/wp\/v2\/types\/post"}],"author":[{"embeddable":true,"href":"https:\/\/www.forbes.be\/fr\/wp-json\/wp\/v2\/users\/15"}],"replies":[{"embeddable":true,"href":"https:\/\/www.forbes.be\/fr\/wp-json\/wp\/v2\/comments?post=1276"}],"version-history":[{"count":9,"href":"https:\/\/www.forbes.be\/fr\/wp-json\/wp\/v2\/posts\/1276\/revisions"}],"predecessor-version":[{"id":1293,"href":"https:\/\/www.forbes.be\/fr\/wp-json\/wp\/v2\/posts\/1276\/revisions\/1293"}],"wp:featuredmedia":[{"embeddable":true,"href":"https:\/\/www.forbes.be\/fr\/wp-json\/wp\/v2\/media\/1278"}],"wp:attachment":[{"href":"https:\/\/www.forbes.be\/fr\/wp-json\/wp\/v2\/media?parent=1276"}],"wp:term":[{"taxonomy":"category","embeddable":true,"href":"https:\/\/www.forbes.be\/fr\/wp-json\/wp\/v2\/categories?post=1276"},{"taxonomy":"post_tag","embeddable":true,"href":"https:\/\/www.forbes.be\/fr\/wp-json\/wp\/v2\/tags?post=1276"}],"curies":[{"name":"wp","href":"https:\/\/api.w.org\/{rel}","templated":true}]}}