{"id":12779,"date":"2025-10-13T07:15:48","date_gmt":"2025-10-13T05:15:48","guid":{"rendered":"https:\/\/www.forbes.be\/fr\/?p=12779"},"modified":"2025-10-14T08:53:28","modified_gmt":"2025-10-14T06:53:28","slug":"elettrica-la-premiere-ferrari-100-electrique-est-annoncee","status":"publish","type":"post","link":"https:\/\/www.forbes.be\/fr\/elettrica-la-premiere-ferrari-100-electrique-est-annoncee\/","title":{"rendered":"Elettrica : la premi\u00e8re Ferrari 100% \u00e9lectrique est annonc\u00e9e !"},"content":{"rendered":"<p><strong>C&rsquo;est l&rsquo;info de la semaine sur le march\u00e9 de l&rsquo;automobile de luxe : la toute premi\u00e8re Ferrari 100% \u00e9lectrique est annonc\u00e9e pour 2026. Assez simplement baptis\u00e9e <a href=\"https:\/\/www.ferrari.com\/en-EN\/media-centre\/articles\/ferrari-elettrica\">Elettrica<\/a>, ce mod\u00e8le coup\u00e9 pourra emmener quatre personnes \u00e0 son bord et aura quelque 1.000 chevaux sous le capot. Pas question pour autant d&rsquo;amorcer la transition vers la motorisation \u00e9lectrique de l&rsquo;ensemble de la gamme, insiste la marque au cheval cabr\u00e9.<\/strong><\/p>\n<p>Ce mod\u00e8le marque cependant une \u00e9tape importante dans la strat\u00e9gie multi-\u00e9nergies, qui englobait d\u00e9j\u00e0 les moteurs \u00e0 combustion interne et les moteurs hybrides (HEV) ou plug-in hybrides (PHEV). Ces deux derni\u00e8res motorisations repr\u00e9sentaient d\u00e9j\u00e0 la moiti\u00e9 des ventes mais <strong>Ferrari<\/strong> n&rsquo;avait pas encore franchi le pas du tout \u00e9lectrique.<\/p>\n<p>Un retard par rapport \u00e0 la concurrence des <strong>Porsche<\/strong>, <strong>Lamborghini<\/strong> et autres <strong>Lotus<\/strong>, mais qui s&rsquo;explique, selon le constructeur: \u00ab\u00a0<em>un mod\u00e8le tel que celui-ci ne serait lanc\u00e9 qu&rsquo;une fois que la technologie disponible serait en mesure de garantir des performances exceptionnelles et une exp\u00e9rience de conduite authentique, \u00e0 la hauteur des valeurs de la marque.<\/em>\u00a0\u00bb<\/p>\n<p>Le projet est d\u00e9sormais pr\u00eat \u00e0 entrer en production, selon <strong>Ferrari<\/strong>, et b\u00e9n\u00e9ficie de plus de 60 solutions technologiques brevet\u00e9es exclusives. Pour la premi\u00e8re fois, le ch\u00e2ssis et la carrosserie sont fabriqu\u00e9s \u00e0 partir de 75% d&rsquo;aluminium recycl\u00e9, ce qui permet une \u00e9conomie totale de 6,7 tonnes de CO2 pour chaque v\u00e9hicule construit.<\/p>\n<p>Prix attendu pour l&rsquo;<strong>Elettrica <\/strong>? 500.000 euros. La vitesse sera \u00e9videmment au rendez-vous, puisqu&rsquo;elle passera de 0 \u00e0 100 km\/h en 2,5 secondes et affichera 310 km\/h de vitesse de pointe. Le tout pour une autonomie de 530 kilom\u00e8tres.<\/p>\n<div class=\"youtube-embed\" data-video_id=\"\"><iframe loading=\"lazy\" title=\"Discover the main components and production-ready chassis of the Ferrari Elettrica. #Ferrari\" width=\"563\" height=\"1000\" src=\"https:\/\/www.youtube.com\/embed\/Tdr7BlasCH8?feature=oembed&#038;enablejsapi=1\" frameborder=\"0\" allow=\"accelerometer; autoplay; clipboard-write; encrypted-media; gyroscope; picture-in-picture; web-share\" referrerpolicy=\"strict-origin-when-cross-origin\" allowfullscreen><\/iframe><\/div>\n<p>Pas encore de design pour cette voiture, dont on peut d\u00e8s lors difficilement se faire une id\u00e9e des contours. Seule l&rsquo;architecture a \u00e9t\u00e9 d\u00e9voil\u00e9e, avec une position de conduite tr\u00e8s basse dans un ch\u00e2ssis en aluminium avec un gros moteur sur chaque roue.<\/p>\n<p>\u00c0 l&rsquo;arri\u00e8re, <strong>Ferrari<\/strong> a introduit le premier sous-ch\u00e2ssis s\u00e9par\u00e9 de son histoire. Il a \u00e9t\u00e9 con\u00e7u pour r\u00e9duire le bruit et les vibrations per\u00e7us dans l&rsquo;habitacle tout en garantissant la rigidit\u00e9 et la dynamique de conduite attendues d&rsquo;une voiture de <strong>Maranello<\/strong>.<\/p>\n<p>La <strong>batterie<\/strong> affiche, elle, une densit\u00e9 \u00e9nerg\u00e9tique de pr\u00e8s de 195 Wh\/kg, la plus \u00e9lev\u00e9e de toutes les <strong>voitures \u00e9lectriques<\/strong>, et dispose d&rsquo;un syst\u00e8me de refroidissement con\u00e7u pour optimiser la r\u00e9partition de la chaleur et les performances.<\/p>\n<p>\u00ab\u00a0<em>Fid\u00e8le aux traditions techniques et artisanales de la marque, chacun des principaux composants de cette voiture a \u00e9t\u00e9 d\u00e9velopp\u00e9 et fabriqu\u00e9 en interne afin de garantir que la nouvelle <strong>Ferrari Elettrica<\/strong> offre \u00e9galement les niveaux de performance et d&rsquo;unicit\u00e9 in\u00e9gal\u00e9s que seule <strong>Ferrari<\/strong> peut offrir<\/em>\u00ab\u00a0, explique la marque italienne.<\/p>\n<p>Les trois modes de conduite disponibles (Range, Tour et Performance) d\u00e9termineront la mani\u00e8re dont l&rsquo;\u00e9nergie, la puissance disponible et la traction seront g\u00e9r\u00e9es. Les palettes situ\u00e9es derri\u00e8re le volant permettront au conducteur d&rsquo;acc\u00e9der \u00e0 cinq niveaux progressivement plus \u00e9lev\u00e9s de couple et de puissance afin d&rsquo;offrir une sensation d&rsquo;acc\u00e9l\u00e9ration progressive et d&rsquo;implication.<\/p>\n<p>Et le son dans tout \u00e7a, alors que les <strong>Ferrari<\/strong> sont connues pour le bruit caract\u00e9ristique que leur moteur d\u00e9gage ? Il a \u00e9t\u00e9 d\u00e9velopp\u00e9 pour accentuer les caract\u00e9ristiques uniques du groupe motopropulseur \u00e9lectrique. Un capteur de haute pr\u00e9cision capte les vibrations m\u00e9caniques des composants du groupe motopropulseur, qui sont amplifi\u00e9es pour offrir une exp\u00e9rience sonore authentique qui refl\u00e8te l&rsquo;exp\u00e9rience de conduite dynamique et fournit au conducteur un retour sonore direct.<\/p>\n<p>Le d\u00e9voilement de l&rsquo;<strong>Elettrica<\/strong> se poursuivra d\u00e9but 2026 avec un aper\u00e7u du design int\u00e9rieur. Quelques mois plus tard, au printemps, le voyage culminera avec la premi\u00e8re mondiale o\u00f9 cette alliance harmonieuse entre technologie et design sera r\u00e9v\u00e9l\u00e9e.<\/p>\n","protected":false},"excerpt":{"rendered":"<p>C&rsquo;est l&rsquo;info de la semaine sur le march\u00e9 de l&rsquo;automobile de luxe : la toute premi\u00e8re Ferrari 100% \u00e9lectrique est annonc\u00e9e pour 2026. Assez simplement baptis\u00e9e Elettrica, ce mod\u00e8le coup\u00e9 pourra emmener quatre personnes \u00e0 son bord et aura quelque 1.000 chevaux sous le capot. Pas question pour autant d&rsquo;amorcer la transition vers la motorisation [&hellip;]<\/p>\n","protected":false},"author":37,"featured_media":12789,"comment_status":"closed","ping_status":"closed","sticky":false,"template":"","format":"standard","meta":{"_acf_changed":false,"inline_featured_image":false,"footnotes":""},"categories":[1,74,14,18],"tags":[],"class_list":{"0":"post-12779","1":"post","2":"type-post","3":"status-publish","4":"format-standard","5":"has-post-thumbnail","7":"category-actualite","8":"category-automobile","9":"category-innovation","10":"category-luxe"},"acf":[],"_yoast_wpseo_title":null,"_yoast_wpseo_metadesc":"Ferrari a d\u00e9voil\u00e9 le nom de sa premi\u00e8re voiture 100% \u00e9lectrique. L'Elettrica aura 1.000 cheveaux sous le capot et sortira au printemps 2026.","auteur_traducteur":"","yoast_head":"<!-- This site is optimized with the Yoast SEO plugin v27.4 - https:\/\/yoast.com\/product\/yoast-seo-wordpress\/ -->\n<title>Elettrica : la premi\u00e8re Ferrari 100% \u00e9lectrique est annonc\u00e9e ! | Forbes Belgique<\/title>\n<meta name=\"description\" content=\"Ferrari a d\u00e9voil\u00e9 le nom de sa premi\u00e8re voiture 100% \u00e9lectrique. L&#039;Elettrica aura 1.000 cheveaux sous le capot et sortira au printemps 2026.\" \/>\n<meta name=\"robots\" content=\"index, follow, max-snippet:-1, max-image-preview:large, max-video-preview:-1\" \/>\n<link rel=\"canonical\" href=\"https:\/\/www.forbes.be\/fr\/elettrica-la-premiere-ferrari-100-electrique-est-annoncee\/\" \/>\n<meta property=\"og:locale\" content=\"fr_FR\" \/>\n<meta property=\"og:type\" content=\"article\" \/>\n<meta property=\"og:title\" content=\"Elettrica : la premi\u00e8re Ferrari 100% \u00e9lectrique est annonc\u00e9e ! | Forbes Belgique\" \/>\n<meta property=\"og:description\" content=\"Ferrari a d\u00e9voil\u00e9 le nom de sa premi\u00e8re voiture 100% \u00e9lectrique. L&#039;Elettrica aura 1.000 cheveaux sous le capot et sortira au printemps 2026.\" \/>\n<meta property=\"og:url\" content=\"https:\/\/www.forbes.be\/fr\/elettrica-la-premiere-ferrari-100-electrique-est-annoncee\/\" \/>\n<meta property=\"og:site_name\" content=\"Forbes Belgique\" \/>\n<meta property=\"article:publisher\" content=\"https:\/\/www.facebook.com\/forbesbelgique\/\" \/>\n<meta property=\"article:published_time\" content=\"2025-10-13T05:15:48+00:00\" \/>\n<meta property=\"article:modified_time\" content=\"2025-10-14T06:53:28+00:00\" \/>\n<meta property=\"og:image\" content=\"https:\/\/www.forbes.be\/fr\/wp-content\/uploads\/2025\/10\/h5a9253-e6c856a2-ccdb-4393-aa18-40893211702a-scaled.jpg\" \/>\n\t<meta property=\"og:image:width\" content=\"2560\" \/>\n\t<meta property=\"og:image:height\" content=\"1708\" \/>\n\t<meta property=\"og:image:type\" content=\"image\/jpeg\" \/>\n<meta name=\"author\" content=\"Juan Godbille\" \/>\n<meta name=\"twitter:card\" content=\"summary_large_image\" \/>\n<meta name=\"twitter:label1\" content=\"\u00c9crit par\" \/>\n\t<meta name=\"twitter:data1\" content=\"Juan Godbille\" \/>\n\t<meta name=\"twitter:label2\" content=\"Dur\u00e9e de lecture estim\u00e9e\" \/>\n\t<meta name=\"twitter:data2\" content=\"4 minutes\" \/>\n<script type=\"application\/ld+json\" class=\"yoast-schema-graph\">{\"@context\":\"https:\\\/\\\/schema.org\",\"@graph\":[{\"@type\":\"NewsArticle\",\"@id\":\"https:\\\/\\\/www.forbes.be\\\/fr\\\/elettrica-la-premiere-ferrari-100-electrique-est-annoncee\\\/#article\",\"isPartOf\":{\"@id\":\"https:\\\/\\\/www.forbes.be\\\/fr\\\/elettrica-la-premiere-ferrari-100-electrique-est-annoncee\\\/\"},\"author\":{\"name\":\"Juan Godbille\",\"@id\":\"https:\\\/\\\/www.forbes.be\\\/fr\\\/#\\\/schema\\\/person\\\/0d449791ef6199da3d469eca714eb773\"},\"headline\":\"Elettrica : la premi\u00e8re Ferrari 100% \u00e9lectrique est annonc\u00e9e !\",\"datePublished\":\"2025-10-13T05:15:48+00:00\",\"dateModified\":\"2025-10-14T06:53:28+00:00\",\"mainEntityOfPage\":{\"@id\":\"https:\\\/\\\/www.forbes.be\\\/fr\\\/elettrica-la-premiere-ferrari-100-electrique-est-annoncee\\\/\"},\"wordCount\":662,\"publisher\":{\"@id\":\"https:\\\/\\\/www.forbes.be\\\/fr\\\/#organization\"},\"image\":{\"@id\":\"https:\\\/\\\/www.forbes.be\\\/fr\\\/elettrica-la-premiere-ferrari-100-electrique-est-annoncee\\\/#primaryimage\"},\"thumbnailUrl\":\"https:\\\/\\\/www.forbes.be\\\/fr\\\/wp-content\\\/uploads\\\/2025\\\/10\\\/h5a9253-e6c856a2-ccdb-4393-aa18-40893211702a-scaled-e1760522896171.jpg\",\"articleSection\":[\"Actualit\u00e9s\",\"Automobile\",\"Innovation\",\"Luxe\"],\"inLanguage\":\"fr-FR\"},{\"@type\":\"WebPage\",\"@id\":\"https:\\\/\\\/www.forbes.be\\\/fr\\\/elettrica-la-premiere-ferrari-100-electrique-est-annoncee\\\/\",\"url\":\"https:\\\/\\\/www.forbes.be\\\/fr\\\/elettrica-la-premiere-ferrari-100-electrique-est-annoncee\\\/\",\"name\":\"Elettrica : la premi\u00e8re Ferrari 100% \u00e9lectrique est annonc\u00e9e ! | Forbes Belgique\",\"isPartOf\":{\"@id\":\"https:\\\/\\\/www.forbes.be\\\/fr\\\/#website\"},\"primaryImageOfPage\":{\"@id\":\"https:\\\/\\\/www.forbes.be\\\/fr\\\/elettrica-la-premiere-ferrari-100-electrique-est-annoncee\\\/#primaryimage\"},\"image\":{\"@id\":\"https:\\\/\\\/www.forbes.be\\\/fr\\\/elettrica-la-premiere-ferrari-100-electrique-est-annoncee\\\/#primaryimage\"},\"thumbnailUrl\":\"https:\\\/\\\/www.forbes.be\\\/fr\\\/wp-content\\\/uploads\\\/2025\\\/10\\\/h5a9253-e6c856a2-ccdb-4393-aa18-40893211702a-scaled-e1760522896171.jpg\",\"datePublished\":\"2025-10-13T05:15:48+00:00\",\"dateModified\":\"2025-10-14T06:53:28+00:00\",\"description\":\"Ferrari a d\u00e9voil\u00e9 le nom de sa premi\u00e8re voiture 100% \u00e9lectrique. L'Elettrica aura 1.000 cheveaux sous le capot et sortira au printemps 2026.\",\"breadcrumb\":{\"@id\":\"https:\\\/\\\/www.forbes.be\\\/fr\\\/elettrica-la-premiere-ferrari-100-electrique-est-annoncee\\\/#breadcrumb\"},\"inLanguage\":\"fr-FR\",\"potentialAction\":[{\"@type\":\"ReadAction\",\"target\":[\"https:\\\/\\\/www.forbes.be\\\/fr\\\/elettrica-la-premiere-ferrari-100-electrique-est-annoncee\\\/\"]}]},{\"@type\":\"ImageObject\",\"inLanguage\":\"fr-FR\",\"@id\":\"https:\\\/\\\/www.forbes.be\\\/fr\\\/elettrica-la-premiere-ferrari-100-electrique-est-annoncee\\\/#primaryimage\",\"url\":\"https:\\\/\\\/www.forbes.be\\\/fr\\\/wp-content\\\/uploads\\\/2025\\\/10\\\/h5a9253-e6c856a2-ccdb-4393-aa18-40893211702a-scaled-e1760522896171.jpg\",\"contentUrl\":\"https:\\\/\\\/www.forbes.be\\\/fr\\\/wp-content\\\/uploads\\\/2025\\\/10\\\/h5a9253-e6c856a2-ccdb-4393-aa18-40893211702a-scaled-e1760522896171.jpg\",\"width\":2560,\"height\":1340,\"caption\":\"\u00a9 Ferrari\"},{\"@type\":\"BreadcrumbList\",\"@id\":\"https:\\\/\\\/www.forbes.be\\\/fr\\\/elettrica-la-premiere-ferrari-100-electrique-est-annoncee\\\/#breadcrumb\",\"itemListElement\":[{\"@type\":\"ListItem\",\"position\":1,\"name\":\"Accueil\",\"item\":\"https:\\\/\\\/www.forbes.be\\\/fr\\\/\"},{\"@type\":\"ListItem\",\"position\":2,\"name\":\"Elettrica : la premi\u00e8re Ferrari 100% \u00e9lectrique est annonc\u00e9e !\"}]},{\"@type\":\"WebSite\",\"@id\":\"https:\\\/\\\/www.forbes.be\\\/fr\\\/#website\",\"url\":\"https:\\\/\\\/www.forbes.be\\\/fr\\\/\",\"name\":\"Forbes Belgique\",\"description\":\"\",\"publisher\":{\"@id\":\"https:\\\/\\\/www.forbes.be\\\/fr\\\/#organization\"},\"potentialAction\":[{\"@type\":\"SearchAction\",\"target\":{\"@type\":\"EntryPoint\",\"urlTemplate\":\"https:\\\/\\\/www.forbes.be\\\/fr\\\/?s={search_term_string}\"},\"query-input\":{\"@type\":\"PropertyValueSpecification\",\"valueRequired\":true,\"valueName\":\"search_term_string\"}}],\"inLanguage\":\"fr-FR\"},{\"@type\":\"Organization\",\"@id\":\"https:\\\/\\\/www.forbes.be\\\/fr\\\/#organization\",\"name\":\"Forbes Belgique\",\"url\":\"https:\\\/\\\/www.forbes.be\\\/fr\\\/\",\"logo\":{\"@type\":\"ImageObject\",\"inLanguage\":\"fr-FR\",\"@id\":\"https:\\\/\\\/www.forbes.be\\\/fr\\\/#\\\/schema\\\/logo\\\/image\\\/\",\"url\":\"https:\\\/\\\/www.forbes.be\\\/fr\\\/wp-content\\\/uploads\\\/2024\\\/02\\\/forbes.be_.png\",\"contentUrl\":\"https:\\\/\\\/www.forbes.be\\\/fr\\\/wp-content\\\/uploads\\\/2024\\\/02\\\/forbes.be_.png\",\"width\":1200,\"height\":675,\"caption\":\"Forbes Belgique\"},\"image\":{\"@id\":\"https:\\\/\\\/www.forbes.be\\\/fr\\\/#\\\/schema\\\/logo\\\/image\\\/\"},\"sameAs\":[\"https:\\\/\\\/www.facebook.com\\\/forbesbelgique\\\/\",\"https:\\\/\\\/www.instagram.com\\\/Forbes_Belgium\",\"https:\\\/\\\/www.linkedin.com\\\/company\\\/forbes-belgium\\\/\"]},{\"@type\":\"Person\",\"@id\":\"https:\\\/\\\/www.forbes.be\\\/fr\\\/#\\\/schema\\\/person\\\/0d449791ef6199da3d469eca714eb773\",\"name\":\"Juan Godbille\",\"image\":{\"@type\":\"ImageObject\",\"inLanguage\":\"fr-FR\",\"@id\":\"https:\\\/\\\/secure.gravatar.com\\\/avatar\\\/de6d740453251c69ae34e42cfef9688bc2a5c942d7cab09074e7064fbac13ac9?s=96&d=mm&r=g\",\"url\":\"https:\\\/\\\/secure.gravatar.com\\\/avatar\\\/de6d740453251c69ae34e42cfef9688bc2a5c942d7cab09074e7064fbac13ac9?s=96&d=mm&r=g\",\"contentUrl\":\"https:\\\/\\\/secure.gravatar.com\\\/avatar\\\/de6d740453251c69ae34e42cfef9688bc2a5c942d7cab09074e7064fbac13ac9?s=96&d=mm&r=g\",\"caption\":\"Juan Godbille\"},\"url\":\"https:\\\/\\\/www.forbes.be\\\/fr\\\/author\\\/juan-godbille\\\/\"}]}<\/script>\n<!-- \/ Yoast SEO plugin. -->","yoast_head_json":{"title":"Elettrica : la premi\u00e8re Ferrari 100% \u00e9lectrique est annonc\u00e9e ! | Forbes Belgique","description":"Ferrari a d\u00e9voil\u00e9 le nom de sa premi\u00e8re voiture 100% \u00e9lectrique. L'Elettrica aura 1.000 cheveaux sous le capot et sortira au printemps 2026.","robots":{"index":"index","follow":"follow","max-snippet":"max-snippet:-1","max-image-preview":"max-image-preview:large","max-video-preview":"max-video-preview:-1"},"canonical":"https:\/\/www.forbes.be\/fr\/elettrica-la-premiere-ferrari-100-electrique-est-annoncee\/","og_locale":"fr_FR","og_type":"article","og_title":"Elettrica : la premi\u00e8re Ferrari 100% \u00e9lectrique est annonc\u00e9e ! | Forbes Belgique","og_description":"Ferrari a d\u00e9voil\u00e9 le nom de sa premi\u00e8re voiture 100% \u00e9lectrique. L'Elettrica aura 1.000 cheveaux sous le capot et sortira au printemps 2026.","og_url":"https:\/\/www.forbes.be\/fr\/elettrica-la-premiere-ferrari-100-electrique-est-annoncee\/","og_site_name":"Forbes Belgique","article_publisher":"https:\/\/www.facebook.com\/forbesbelgique\/","article_published_time":"2025-10-13T05:15:48+00:00","article_modified_time":"2025-10-14T06:53:28+00:00","og_image":[{"width":2560,"height":1708,"url":"https:\/\/www.forbes.be\/fr\/wp-content\/uploads\/2025\/10\/h5a9253-e6c856a2-ccdb-4393-aa18-40893211702a-scaled.jpg","type":"image\/jpeg"}],"author":"Juan Godbille","twitter_card":"summary_large_image","twitter_misc":{"\u00c9crit par":"Juan Godbille","Dur\u00e9e de lecture estim\u00e9e":"4 minutes"},"schema":{"@context":"https:\/\/schema.org","@graph":[{"@type":"NewsArticle","@id":"https:\/\/www.forbes.be\/fr\/elettrica-la-premiere-ferrari-100-electrique-est-annoncee\/#article","isPartOf":{"@id":"https:\/\/www.forbes.be\/fr\/elettrica-la-premiere-ferrari-100-electrique-est-annoncee\/"},"author":{"name":"Juan Godbille","@id":"https:\/\/www.forbes.be\/fr\/#\/schema\/person\/0d449791ef6199da3d469eca714eb773"},"headline":"Elettrica : la premi\u00e8re Ferrari 100% \u00e9lectrique est annonc\u00e9e !","datePublished":"2025-10-13T05:15:48+00:00","dateModified":"2025-10-14T06:53:28+00:00","mainEntityOfPage":{"@id":"https:\/\/www.forbes.be\/fr\/elettrica-la-premiere-ferrari-100-electrique-est-annoncee\/"},"wordCount":662,"publisher":{"@id":"https:\/\/www.forbes.be\/fr\/#organization"},"image":{"@id":"https:\/\/www.forbes.be\/fr\/elettrica-la-premiere-ferrari-100-electrique-est-annoncee\/#primaryimage"},"thumbnailUrl":"https:\/\/www.forbes.be\/fr\/wp-content\/uploads\/2025\/10\/h5a9253-e6c856a2-ccdb-4393-aa18-40893211702a-scaled-e1760522896171.jpg","articleSection":["Actualit\u00e9s","Automobile","Innovation","Luxe"],"inLanguage":"fr-FR"},{"@type":"WebPage","@id":"https:\/\/www.forbes.be\/fr\/elettrica-la-premiere-ferrari-100-electrique-est-annoncee\/","url":"https:\/\/www.forbes.be\/fr\/elettrica-la-premiere-ferrari-100-electrique-est-annoncee\/","name":"Elettrica : la premi\u00e8re Ferrari 100% \u00e9lectrique est annonc\u00e9e ! | Forbes Belgique","isPartOf":{"@id":"https:\/\/www.forbes.be\/fr\/#website"},"primaryImageOfPage":{"@id":"https:\/\/www.forbes.be\/fr\/elettrica-la-premiere-ferrari-100-electrique-est-annoncee\/#primaryimage"},"image":{"@id":"https:\/\/www.forbes.be\/fr\/elettrica-la-premiere-ferrari-100-electrique-est-annoncee\/#primaryimage"},"thumbnailUrl":"https:\/\/www.forbes.be\/fr\/wp-content\/uploads\/2025\/10\/h5a9253-e6c856a2-ccdb-4393-aa18-40893211702a-scaled-e1760522896171.jpg","datePublished":"2025-10-13T05:15:48+00:00","dateModified":"2025-10-14T06:53:28+00:00","description":"Ferrari a d\u00e9voil\u00e9 le nom de sa premi\u00e8re voiture 100% \u00e9lectrique. L'Elettrica aura 1.000 cheveaux sous le capot et sortira au printemps 2026.","breadcrumb":{"@id":"https:\/\/www.forbes.be\/fr\/elettrica-la-premiere-ferrari-100-electrique-est-annoncee\/#breadcrumb"},"inLanguage":"fr-FR","potentialAction":[{"@type":"ReadAction","target":["https:\/\/www.forbes.be\/fr\/elettrica-la-premiere-ferrari-100-electrique-est-annoncee\/"]}]},{"@type":"ImageObject","inLanguage":"fr-FR","@id":"https:\/\/www.forbes.be\/fr\/elettrica-la-premiere-ferrari-100-electrique-est-annoncee\/#primaryimage","url":"https:\/\/www.forbes.be\/fr\/wp-content\/uploads\/2025\/10\/h5a9253-e6c856a2-ccdb-4393-aa18-40893211702a-scaled-e1760522896171.jpg","contentUrl":"https:\/\/www.forbes.be\/fr\/wp-content\/uploads\/2025\/10\/h5a9253-e6c856a2-ccdb-4393-aa18-40893211702a-scaled-e1760522896171.jpg","width":2560,"height":1340,"caption":"\u00a9 Ferrari"},{"@type":"BreadcrumbList","@id":"https:\/\/www.forbes.be\/fr\/elettrica-la-premiere-ferrari-100-electrique-est-annoncee\/#breadcrumb","itemListElement":[{"@type":"ListItem","position":1,"name":"Accueil","item":"https:\/\/www.forbes.be\/fr\/"},{"@type":"ListItem","position":2,"name":"Elettrica : la premi\u00e8re Ferrari 100% \u00e9lectrique est annonc\u00e9e !"}]},{"@type":"WebSite","@id":"https:\/\/www.forbes.be\/fr\/#website","url":"https:\/\/www.forbes.be\/fr\/","name":"Forbes Belgique","description":"","publisher":{"@id":"https:\/\/www.forbes.be\/fr\/#organization"},"potentialAction":[{"@type":"SearchAction","target":{"@type":"EntryPoint","urlTemplate":"https:\/\/www.forbes.be\/fr\/?s={search_term_string}"},"query-input":{"@type":"PropertyValueSpecification","valueRequired":true,"valueName":"search_term_string"}}],"inLanguage":"fr-FR"},{"@type":"Organization","@id":"https:\/\/www.forbes.be\/fr\/#organization","name":"Forbes Belgique","url":"https:\/\/www.forbes.be\/fr\/","logo":{"@type":"ImageObject","inLanguage":"fr-FR","@id":"https:\/\/www.forbes.be\/fr\/#\/schema\/logo\/image\/","url":"https:\/\/www.forbes.be\/fr\/wp-content\/uploads\/2024\/02\/forbes.be_.png","contentUrl":"https:\/\/www.forbes.be\/fr\/wp-content\/uploads\/2024\/02\/forbes.be_.png","width":1200,"height":675,"caption":"Forbes Belgique"},"image":{"@id":"https:\/\/www.forbes.be\/fr\/#\/schema\/logo\/image\/"},"sameAs":["https:\/\/www.facebook.com\/forbesbelgique\/","https:\/\/www.instagram.com\/Forbes_Belgium","https:\/\/www.linkedin.com\/company\/forbes-belgium\/"]},{"@type":"Person","@id":"https:\/\/www.forbes.be\/fr\/#\/schema\/person\/0d449791ef6199da3d469eca714eb773","name":"Juan Godbille","image":{"@type":"ImageObject","inLanguage":"fr-FR","@id":"https:\/\/secure.gravatar.com\/avatar\/de6d740453251c69ae34e42cfef9688bc2a5c942d7cab09074e7064fbac13ac9?s=96&d=mm&r=g","url":"https:\/\/secure.gravatar.com\/avatar\/de6d740453251c69ae34e42cfef9688bc2a5c942d7cab09074e7064fbac13ac9?s=96&d=mm&r=g","contentUrl":"https:\/\/secure.gravatar.com\/avatar\/de6d740453251c69ae34e42cfef9688bc2a5c942d7cab09074e7064fbac13ac9?s=96&d=mm&r=g","caption":"Juan Godbille"},"url":"https:\/\/www.forbes.be\/fr\/author\/juan-godbille\/"}]}},"_links":{"self":[{"href":"https:\/\/www.forbes.be\/fr\/wp-json\/wp\/v2\/posts\/12779","targetHints":{"allow":["GET"]}}],"collection":[{"href":"https:\/\/www.forbes.be\/fr\/wp-json\/wp\/v2\/posts"}],"about":[{"href":"https:\/\/www.forbes.be\/fr\/wp-json\/wp\/v2\/types\/post"}],"author":[{"embeddable":true,"href":"https:\/\/www.forbes.be\/fr\/wp-json\/wp\/v2\/users\/37"}],"replies":[{"embeddable":true,"href":"https:\/\/www.forbes.be\/fr\/wp-json\/wp\/v2\/comments?post=12779"}],"version-history":[{"count":7,"href":"https:\/\/www.forbes.be\/fr\/wp-json\/wp\/v2\/posts\/12779\/revisions"}],"predecessor-version":[{"id":12856,"href":"https:\/\/www.forbes.be\/fr\/wp-json\/wp\/v2\/posts\/12779\/revisions\/12856"}],"wp:featuredmedia":[{"embeddable":true,"href":"https:\/\/www.forbes.be\/fr\/wp-json\/wp\/v2\/media\/12789"}],"wp:attachment":[{"href":"https:\/\/www.forbes.be\/fr\/wp-json\/wp\/v2\/media?parent=12779"}],"wp:term":[{"taxonomy":"category","embeddable":true,"href":"https:\/\/www.forbes.be\/fr\/wp-json\/wp\/v2\/categories?post=12779"},{"taxonomy":"post_tag","embeddable":true,"href":"https:\/\/www.forbes.be\/fr\/wp-json\/wp\/v2\/tags?post=12779"}],"curies":[{"name":"wp","href":"https:\/\/api.w.org\/{rel}","templated":true}]}}