{"id":12857,"date":"2025-10-14T09:08:37","date_gmt":"2025-10-14T07:08:37","guid":{"rendered":"https:\/\/www.forbes.be\/fr\/?p=12857"},"modified":"2025-10-14T09:08:37","modified_gmt":"2025-10-14T07:08:37","slug":"les-engages-nomment-eric-poncin-pour-epauler-joelle-milquet-dans-le-dossier-a-haut-risque-de-la-rtbf","status":"publish","type":"post","link":"https:\/\/www.forbes.be\/fr\/les-engages-nomment-eric-poncin-pour-epauler-joelle-milquet-dans-le-dossier-a-haut-risque-de-la-rtbf\/","title":{"rendered":"Les Engag\u00e9s nomment \u00c9ric Poncin pour \u00e9pauler Jo\u00eblle Milquet dans le dossier  \u00e0 haut risque de la RTBF"},"content":{"rendered":"<p><strong>La RTBF traverse une zone de turbulences politiques et strat\u00e9giques. Apr\u00e8s la d\u00e9mission surprise de Laurent Hublet, soup\u00e7onn\u00e9 de se trouver dans une situation de conflit d\u2019int\u00e9r\u00eats potentiel dans le cadre d&rsquo;un march\u00e9 public strat\u00e9gique, Les Engag\u00e9s ont d\u00e9sign\u00e9 leur nouvel administrateur au sein du conseil d&rsquo;administration du service audiovisuel public. C\u2019est \u00c9ric Poncin, figure bien connue du parti centriste, qui succ\u00e8de \u00e0 l\u2019entrepreneur-philosophe.<\/strong><\/p>\n<h2>Un profil politique exp\u00e9riment\u00e9 et respect\u00e9<\/h2>\n<p><strong>\u00c9ric Poncin<\/strong> n\u2019est pas un inconnu dans les cercles du<strong> cdH<\/strong> et des <strong>Engag\u00e9s<\/strong>. Ancien proche collaborateur des pr\u00e9sidences de<strong> Beno\u00eet Lutgen<\/strong> et <strong>Jo\u00eblle Milquet<\/strong>, il est r\u00e9put\u00e9 pour sa ma\u00eetrise des dossiers \u00e9conomiques, sa rigueur et son sens des codes du monde politique. Apr\u00e8s avoir quitt\u00e9 le parti (o\u00f9 il a \u0153uvr\u00e9 successivement comme secr\u00e9taire g\u00e9n\u00e9ral puis chef de cabinet de son ami <strong>Beno\u00eet Lutgen<\/strong>), <strong>\u00c9ric Poncin<\/strong> s\u2019est r\u00e9orient\u00e9 dans d\u2019importantes structures r\u00e9gionales, comme la SOFICO, Soci\u00e9t\u00e9 qui g\u00e8re le r\u00e9seau structurant (autoroutes, routes principales\u2026) puis dans des outils \u00e9conomiques comme la SRIW, puis dans la nouvelle structure faiti\u00e8re <strong>Wallonie Entreprendre<\/strong>. \u00c0 Reyers, il \u00e9paulera directement <strong>Jo\u00eblle Milquet<\/strong>, pr\u00e9sidente du CA de la <strong>RTBF<\/strong>, dans une mission qui s\u2019annonce d\u00e9licate.<\/p>\n<p>En effet, la d\u00e9signation d\u2019<strong>\u00c9ric Poncin<\/strong> intervient alors que le financement et les missions de la <strong>RTBF<\/strong> divisent m\u00eame au sein de la majorit\u00e9 <strong>MR<\/strong>&#8211;<strong>Les Engag\u00e9s<\/strong>. Les centristes, tout en validant la non-indexation de la dotation, sont nettement plus r\u00e9serv\u00e9s sur les critiques formul\u00e9es par le <strong>MR<\/strong> et les d\u00e9clarations de <strong>Georges-Louis Bouchez<\/strong> en faveur d\u2019une r\u00e9duction du p\u00e9rim\u00e8tre du service public.<\/p>\n<h2>Un dossier strat\u00e9gique rejet\u00e9 dans un contexte de tensions<\/h2>\n<p>Au c\u0153ur de la pol\u00e9mique qui a pr\u00e9cipit\u00e9 le d\u00e9part de <strong>Laurent Hublet<\/strong> se trouve le march\u00e9 public pour la r\u00e9vision du plan strat\u00e9gique de la <strong>RTBF<\/strong> \u00e0 l\u2019horizon 2030. Issu de l\u2019avenant au contrat de gestion adopt\u00e9 le 11 juillet dernier, ce march\u00e9 devait fixer les priorit\u00e9s et la feuille de route de l\u2019entreprise dans un contexte budg\u00e9taire tendu. Une information qui avait \u00e9t\u00e9 r\u00e9v\u00e9l\u00e9e en exclusivit\u00e9 par Forbes Belgique.<\/p>\n<p>Trois cabinets de consultance avaient remis une offre en juillet : <strong>Roland Berger<\/strong> (465.000 \u20ac HTVA), <strong>Deloitte<\/strong> (700.644 \u20ac HTVA) et <strong>Arthur D. Little<\/strong> (883.400 \u20ac HTVA). Seule la proposition de <strong>Roland Berger<\/strong> respectait le plafond budg\u00e9taire de 575.000 \u20ac, mais elle a \u00e9t\u00e9 \u00e9cart\u00e9e par prudence juridique en raison du poste occup\u00e9 par <strong>Laurent Hublet<\/strong> dans ce cabinet. Les deux autres, jug\u00e9es trop co\u00fbteuses, ont \u00e9t\u00e9 rejet\u00e9es pour non-conformit\u00e9 budg\u00e9taire.<\/p>\n<p>Selon un document interne, le lien entre <strong>Laurent Hublet<\/strong> et <strong>Roland Berger<\/strong> ne permettait pas d\u2019exclure l\u2019acc\u00e8s \u00e0 des informations privil\u00e9gi\u00e9es, pouvant procurer un avantage concurrentiel sur les concurrents. <strong>Hublet<\/strong> affirme n\u2019avoir jamais particip\u00e9 aux discussions sur l\u2019appel d\u2019offres, mais a fini par quitter le CA, invoquant l\u2019incompatibilit\u00e9 de ses nouvelles fonctions chez <strong>Roland Berger<\/strong> avec son r\u00f4le \u00e0 la <strong>RTBF<\/strong>.<\/p>\n<h2>Une proc\u00e9dure \u00e0 relancer<\/h2>\n<p>La non-attribution de ce march\u00e9 strat\u00e9gique laisse la <strong>RTBF<\/strong> sans prestataire externe pour mener l\u2019\u00e9tude pr\u00e9vue par l\u2019avenant au contrat de gestion. L\u2019administrateur g\u00e9n\u00e9ral, <strong>Jean-Paul Philippot<\/strong>, a propos\u00e9 au comit\u00e9 permanent de relancer la proc\u00e9dure. Dans un communiqu\u00e9, la <strong>RTBF<\/strong> a rejet\u00e9 toute \u00ab\u00a0<em>all\u00e9gation de probl\u00e9matique juridique<\/em>\u00a0\u00bb sur une d\u00e9cision inexistante, confirmant que le travail d\u2019analyse continuait.<\/p>\n<p>Dans ce contexte, <strong>\u00c9ric Poncin<\/strong> h\u00e9rite d\u2019un dossier lourd, \u00e0 la crois\u00e9e des int\u00e9r\u00eats politiques, \u00e9conomiques et strat\u00e9giques. Sa mission consistera \u00e0 naviguer, aux c\u00f4t\u00e9s de <strong>Jo\u00eblle Milquet<\/strong> et des autres administrateurs, entre pressions budg\u00e9taires, attentes du gouvernement et pr\u00e9servation des missions fondamentales du <strong>service public audiovisuel<\/strong>.<\/p>\n","protected":false},"excerpt":{"rendered":"<p>La RTBF traverse une zone de turbulences politiques et strat\u00e9giques. Apr\u00e8s la d\u00e9mission surprise de Laurent Hublet, soup\u00e7onn\u00e9 de se trouver dans une situation de conflit d\u2019int\u00e9r\u00eats potentiel dans le cadre d&rsquo;un march\u00e9 public strat\u00e9gique, Les Engag\u00e9s ont d\u00e9sign\u00e9 leur nouvel administrateur au sein du conseil d&rsquo;administration du service audiovisuel public. C\u2019est \u00c9ric Poncin, figure [&hellip;]<\/p>\n","protected":false},"author":46,"featured_media":12859,"comment_status":"closed","ping_status":"closed","sticky":false,"template":"","format":"standard","meta":{"_acf_changed":false,"inline_featured_image":false,"footnotes":""},"categories":[1,67,31],"tags":[],"class_list":{"0":"post-12857","1":"post","2":"type-post","3":"status-publish","4":"format-standard","5":"has-post-thumbnail","7":"category-actualite","8":"category-medias-communication","9":"category-politique"},"acf":[],"_yoast_wpseo_title":null,"_yoast_wpseo_metadesc":"Les Engag\u00e9s d\u00e9signent \u00c9ric Poncin pour succ\u00e9der \u00e0 Laurent Hublet au CA de la RTBF. Un profil strat\u00e9gique pour \u00e9pauler Jo\u00eblle Milquet dans un dossier sensible.","auteur_traducteur":"","yoast_head":"<!-- This site is optimized with the Yoast SEO plugin v27.4 - https:\/\/yoast.com\/product\/yoast-seo-wordpress\/ -->\n<title>Les Engag\u00e9s nomment \u00c9ric Poncin pour \u00e9pauler Jo\u00eblle Milquet dans le dossier \u00e0 haut risque de la RTBF | Forbes Belgique<\/title>\n<meta name=\"description\" content=\"Les Engag\u00e9s d\u00e9signent \u00c9ric Poncin pour succ\u00e9der \u00e0 Laurent Hublet au CA de la RTBF. Un profil strat\u00e9gique pour \u00e9pauler Jo\u00eblle Milquet dans un dossier sensible.\" \/>\n<meta name=\"robots\" content=\"index, follow, max-snippet:-1, max-image-preview:large, max-video-preview:-1\" \/>\n<link rel=\"canonical\" href=\"https:\/\/www.forbes.be\/fr\/les-engages-nomment-eric-poncin-pour-epauler-joelle-milquet-dans-le-dossier-a-haut-risque-de-la-rtbf\/\" \/>\n<meta property=\"og:locale\" content=\"fr_FR\" \/>\n<meta property=\"og:type\" content=\"article\" \/>\n<meta property=\"og:title\" content=\"Les Engag\u00e9s nomment \u00c9ric Poncin pour \u00e9pauler Jo\u00eblle Milquet dans le dossier \u00e0 haut risque de la RTBF | Forbes Belgique\" \/>\n<meta property=\"og:description\" content=\"Les Engag\u00e9s d\u00e9signent \u00c9ric Poncin pour succ\u00e9der \u00e0 Laurent Hublet au CA de la RTBF. Un profil strat\u00e9gique pour \u00e9pauler Jo\u00eblle Milquet dans un dossier sensible.\" \/>\n<meta property=\"og:url\" content=\"https:\/\/www.forbes.be\/fr\/les-engages-nomment-eric-poncin-pour-epauler-joelle-milquet-dans-le-dossier-a-haut-risque-de-la-rtbf\/\" \/>\n<meta property=\"og:site_name\" content=\"Forbes Belgique\" \/>\n<meta property=\"article:publisher\" content=\"https:\/\/www.facebook.com\/forbesbelgique\/\" \/>\n<meta property=\"article:published_time\" content=\"2025-10-14T07:08:37+00:00\" \/>\n<meta property=\"og:image\" content=\"https:\/\/www.forbes.be\/fr\/wp-content\/uploads\/2025\/10\/rtbfponcin-e1760425708862.jpg\" \/>\n\t<meta property=\"og:image:width\" content=\"1445\" \/>\n\t<meta property=\"og:image:height\" content=\"756\" \/>\n\t<meta property=\"og:image:type\" content=\"image\/jpeg\" \/>\n<meta name=\"author\" content=\"Demetrio Scagliola\" \/>\n<meta name=\"twitter:card\" content=\"summary_large_image\" \/>\n<meta name=\"twitter:label1\" content=\"\u00c9crit par\" \/>\n\t<meta name=\"twitter:data1\" content=\"Demetrio Scagliola\" \/>\n\t<meta name=\"twitter:label2\" content=\"Dur\u00e9e de lecture estim\u00e9e\" \/>\n\t<meta name=\"twitter:data2\" content=\"4 minutes\" \/>\n<script type=\"application\/ld+json\" class=\"yoast-schema-graph\">{\"@context\":\"https:\\\/\\\/schema.org\",\"@graph\":[{\"@type\":\"NewsArticle\",\"@id\":\"https:\\\/\\\/www.forbes.be\\\/fr\\\/les-engages-nomment-eric-poncin-pour-epauler-joelle-milquet-dans-le-dossier-a-haut-risque-de-la-rtbf\\\/#article\",\"isPartOf\":{\"@id\":\"https:\\\/\\\/www.forbes.be\\\/fr\\\/les-engages-nomment-eric-poncin-pour-epauler-joelle-milquet-dans-le-dossier-a-haut-risque-de-la-rtbf\\\/\"},\"author\":{\"name\":\"Demetrio Scagliola\",\"@id\":\"https:\\\/\\\/www.forbes.be\\\/fr\\\/#\\\/schema\\\/person\\\/c3a4e3b397a1f526ce7b310355f9f037\"},\"headline\":\"Les Engag\u00e9s nomment \u00c9ric Poncin pour \u00e9pauler Jo\u00eblle Milquet dans le dossier \u00e0 haut risque de la RTBF\",\"datePublished\":\"2025-10-14T07:08:37+00:00\",\"mainEntityOfPage\":{\"@id\":\"https:\\\/\\\/www.forbes.be\\\/fr\\\/les-engages-nomment-eric-poncin-pour-epauler-joelle-milquet-dans-le-dossier-a-haut-risque-de-la-rtbf\\\/\"},\"wordCount\":678,\"publisher\":{\"@id\":\"https:\\\/\\\/www.forbes.be\\\/fr\\\/#organization\"},\"image\":{\"@id\":\"https:\\\/\\\/www.forbes.be\\\/fr\\\/les-engages-nomment-eric-poncin-pour-epauler-joelle-milquet-dans-le-dossier-a-haut-risque-de-la-rtbf\\\/#primaryimage\"},\"thumbnailUrl\":\"https:\\\/\\\/www.forbes.be\\\/fr\\\/wp-content\\\/uploads\\\/2025\\\/10\\\/rtbfponcin-e1760425708862.jpg\",\"articleSection\":[\"Actualit\u00e9s\",\"M\u00e9dias &amp; Communication\",\"Politique\"],\"inLanguage\":\"fr-FR\"},{\"@type\":\"WebPage\",\"@id\":\"https:\\\/\\\/www.forbes.be\\\/fr\\\/les-engages-nomment-eric-poncin-pour-epauler-joelle-milquet-dans-le-dossier-a-haut-risque-de-la-rtbf\\\/\",\"url\":\"https:\\\/\\\/www.forbes.be\\\/fr\\\/les-engages-nomment-eric-poncin-pour-epauler-joelle-milquet-dans-le-dossier-a-haut-risque-de-la-rtbf\\\/\",\"name\":\"Les Engag\u00e9s nomment \u00c9ric Poncin pour \u00e9pauler Jo\u00eblle Milquet dans le dossier \u00e0 haut risque de la RTBF | Forbes Belgique\",\"isPartOf\":{\"@id\":\"https:\\\/\\\/www.forbes.be\\\/fr\\\/#website\"},\"primaryImageOfPage\":{\"@id\":\"https:\\\/\\\/www.forbes.be\\\/fr\\\/les-engages-nomment-eric-poncin-pour-epauler-joelle-milquet-dans-le-dossier-a-haut-risque-de-la-rtbf\\\/#primaryimage\"},\"image\":{\"@id\":\"https:\\\/\\\/www.forbes.be\\\/fr\\\/les-engages-nomment-eric-poncin-pour-epauler-joelle-milquet-dans-le-dossier-a-haut-risque-de-la-rtbf\\\/#primaryimage\"},\"thumbnailUrl\":\"https:\\\/\\\/www.forbes.be\\\/fr\\\/wp-content\\\/uploads\\\/2025\\\/10\\\/rtbfponcin-e1760425708862.jpg\",\"datePublished\":\"2025-10-14T07:08:37+00:00\",\"description\":\"Les Engag\u00e9s d\u00e9signent \u00c9ric Poncin pour succ\u00e9der \u00e0 Laurent Hublet au CA de la RTBF. Un profil strat\u00e9gique pour \u00e9pauler Jo\u00eblle Milquet dans un dossier sensible.\",\"breadcrumb\":{\"@id\":\"https:\\\/\\\/www.forbes.be\\\/fr\\\/les-engages-nomment-eric-poncin-pour-epauler-joelle-milquet-dans-le-dossier-a-haut-risque-de-la-rtbf\\\/#breadcrumb\"},\"inLanguage\":\"fr-FR\",\"potentialAction\":[{\"@type\":\"ReadAction\",\"target\":[\"https:\\\/\\\/www.forbes.be\\\/fr\\\/les-engages-nomment-eric-poncin-pour-epauler-joelle-milquet-dans-le-dossier-a-haut-risque-de-la-rtbf\\\/\"]}]},{\"@type\":\"ImageObject\",\"inLanguage\":\"fr-FR\",\"@id\":\"https:\\\/\\\/www.forbes.be\\\/fr\\\/les-engages-nomment-eric-poncin-pour-epauler-joelle-milquet-dans-le-dossier-a-haut-risque-de-la-rtbf\\\/#primaryimage\",\"url\":\"https:\\\/\\\/www.forbes.be\\\/fr\\\/wp-content\\\/uploads\\\/2025\\\/10\\\/rtbfponcin-e1760425708862.jpg\",\"contentUrl\":\"https:\\\/\\\/www.forbes.be\\\/fr\\\/wp-content\\\/uploads\\\/2025\\\/10\\\/rtbfponcin-e1760425708862.jpg\",\"width\":1445,\"height\":756},{\"@type\":\"BreadcrumbList\",\"@id\":\"https:\\\/\\\/www.forbes.be\\\/fr\\\/les-engages-nomment-eric-poncin-pour-epauler-joelle-milquet-dans-le-dossier-a-haut-risque-de-la-rtbf\\\/#breadcrumb\",\"itemListElement\":[{\"@type\":\"ListItem\",\"position\":1,\"name\":\"Accueil\",\"item\":\"https:\\\/\\\/www.forbes.be\\\/fr\\\/\"},{\"@type\":\"ListItem\",\"position\":2,\"name\":\"Les Engag\u00e9s nomment \u00c9ric Poncin pour \u00e9pauler Jo\u00eblle Milquet dans le dossier \u00e0 haut risque de la RTBF\"}]},{\"@type\":\"WebSite\",\"@id\":\"https:\\\/\\\/www.forbes.be\\\/fr\\\/#website\",\"url\":\"https:\\\/\\\/www.forbes.be\\\/fr\\\/\",\"name\":\"Forbes Belgique\",\"description\":\"\",\"publisher\":{\"@id\":\"https:\\\/\\\/www.forbes.be\\\/fr\\\/#organization\"},\"potentialAction\":[{\"@type\":\"SearchAction\",\"target\":{\"@type\":\"EntryPoint\",\"urlTemplate\":\"https:\\\/\\\/www.forbes.be\\\/fr\\\/?s={search_term_string}\"},\"query-input\":{\"@type\":\"PropertyValueSpecification\",\"valueRequired\":true,\"valueName\":\"search_term_string\"}}],\"inLanguage\":\"fr-FR\"},{\"@type\":\"Organization\",\"@id\":\"https:\\\/\\\/www.forbes.be\\\/fr\\\/#organization\",\"name\":\"Forbes Belgique\",\"url\":\"https:\\\/\\\/www.forbes.be\\\/fr\\\/\",\"logo\":{\"@type\":\"ImageObject\",\"inLanguage\":\"fr-FR\",\"@id\":\"https:\\\/\\\/www.forbes.be\\\/fr\\\/#\\\/schema\\\/logo\\\/image\\\/\",\"url\":\"https:\\\/\\\/www.forbes.be\\\/fr\\\/wp-content\\\/uploads\\\/2024\\\/02\\\/forbes.be_.png\",\"contentUrl\":\"https:\\\/\\\/www.forbes.be\\\/fr\\\/wp-content\\\/uploads\\\/2024\\\/02\\\/forbes.be_.png\",\"width\":1200,\"height\":675,\"caption\":\"Forbes Belgique\"},\"image\":{\"@id\":\"https:\\\/\\\/www.forbes.be\\\/fr\\\/#\\\/schema\\\/logo\\\/image\\\/\"},\"sameAs\":[\"https:\\\/\\\/www.facebook.com\\\/forbesbelgique\\\/\",\"https:\\\/\\\/www.instagram.com\\\/Forbes_Belgium\",\"https:\\\/\\\/www.linkedin.com\\\/company\\\/forbes-belgium\\\/\"]},{\"@type\":\"Person\",\"@id\":\"https:\\\/\\\/www.forbes.be\\\/fr\\\/#\\\/schema\\\/person\\\/c3a4e3b397a1f526ce7b310355f9f037\",\"name\":\"Demetrio Scagliola\",\"image\":{\"@type\":\"ImageObject\",\"inLanguage\":\"fr-FR\",\"@id\":\"https:\\\/\\\/secure.gravatar.com\\\/avatar\\\/232582365ad68ea54815b307423ac8533cd4a8567f6856361d06fe18e55bd62d?s=96&d=mm&r=g\",\"url\":\"https:\\\/\\\/secure.gravatar.com\\\/avatar\\\/232582365ad68ea54815b307423ac8533cd4a8567f6856361d06fe18e55bd62d?s=96&d=mm&r=g\",\"contentUrl\":\"https:\\\/\\\/secure.gravatar.com\\\/avatar\\\/232582365ad68ea54815b307423ac8533cd4a8567f6856361d06fe18e55bd62d?s=96&d=mm&r=g\",\"caption\":\"Demetrio Scagliola\"},\"url\":\"https:\\\/\\\/www.forbes.be\\\/fr\\\/author\\\/demetrioscagliola\\\/\"}]}<\/script>\n<!-- \/ Yoast SEO plugin. -->","yoast_head_json":{"title":"Les Engag\u00e9s nomment \u00c9ric Poncin pour \u00e9pauler Jo\u00eblle Milquet dans le dossier \u00e0 haut risque de la RTBF | Forbes Belgique","description":"Les Engag\u00e9s d\u00e9signent \u00c9ric Poncin pour succ\u00e9der \u00e0 Laurent Hublet au CA de la RTBF. Un profil strat\u00e9gique pour \u00e9pauler Jo\u00eblle Milquet dans un dossier sensible.","robots":{"index":"index","follow":"follow","max-snippet":"max-snippet:-1","max-image-preview":"max-image-preview:large","max-video-preview":"max-video-preview:-1"},"canonical":"https:\/\/www.forbes.be\/fr\/les-engages-nomment-eric-poncin-pour-epauler-joelle-milquet-dans-le-dossier-a-haut-risque-de-la-rtbf\/","og_locale":"fr_FR","og_type":"article","og_title":"Les Engag\u00e9s nomment \u00c9ric Poncin pour \u00e9pauler Jo\u00eblle Milquet dans le dossier \u00e0 haut risque de la RTBF | Forbes Belgique","og_description":"Les Engag\u00e9s d\u00e9signent \u00c9ric Poncin pour succ\u00e9der \u00e0 Laurent Hublet au CA de la RTBF. Un profil strat\u00e9gique pour \u00e9pauler Jo\u00eblle Milquet dans un dossier sensible.","og_url":"https:\/\/www.forbes.be\/fr\/les-engages-nomment-eric-poncin-pour-epauler-joelle-milquet-dans-le-dossier-a-haut-risque-de-la-rtbf\/","og_site_name":"Forbes Belgique","article_publisher":"https:\/\/www.facebook.com\/forbesbelgique\/","article_published_time":"2025-10-14T07:08:37+00:00","og_image":[{"width":1445,"height":756,"url":"https:\/\/www.forbes.be\/fr\/wp-content\/uploads\/2025\/10\/rtbfponcin-e1760425708862.jpg","type":"image\/jpeg"}],"author":"Demetrio Scagliola","twitter_card":"summary_large_image","twitter_misc":{"\u00c9crit par":"Demetrio Scagliola","Dur\u00e9e de lecture estim\u00e9e":"4 minutes"},"schema":{"@context":"https:\/\/schema.org","@graph":[{"@type":"NewsArticle","@id":"https:\/\/www.forbes.be\/fr\/les-engages-nomment-eric-poncin-pour-epauler-joelle-milquet-dans-le-dossier-a-haut-risque-de-la-rtbf\/#article","isPartOf":{"@id":"https:\/\/www.forbes.be\/fr\/les-engages-nomment-eric-poncin-pour-epauler-joelle-milquet-dans-le-dossier-a-haut-risque-de-la-rtbf\/"},"author":{"name":"Demetrio Scagliola","@id":"https:\/\/www.forbes.be\/fr\/#\/schema\/person\/c3a4e3b397a1f526ce7b310355f9f037"},"headline":"Les Engag\u00e9s nomment \u00c9ric Poncin pour \u00e9pauler Jo\u00eblle Milquet dans le dossier \u00e0 haut risque de la RTBF","datePublished":"2025-10-14T07:08:37+00:00","mainEntityOfPage":{"@id":"https:\/\/www.forbes.be\/fr\/les-engages-nomment-eric-poncin-pour-epauler-joelle-milquet-dans-le-dossier-a-haut-risque-de-la-rtbf\/"},"wordCount":678,"publisher":{"@id":"https:\/\/www.forbes.be\/fr\/#organization"},"image":{"@id":"https:\/\/www.forbes.be\/fr\/les-engages-nomment-eric-poncin-pour-epauler-joelle-milquet-dans-le-dossier-a-haut-risque-de-la-rtbf\/#primaryimage"},"thumbnailUrl":"https:\/\/www.forbes.be\/fr\/wp-content\/uploads\/2025\/10\/rtbfponcin-e1760425708862.jpg","articleSection":["Actualit\u00e9s","M\u00e9dias &amp; Communication","Politique"],"inLanguage":"fr-FR"},{"@type":"WebPage","@id":"https:\/\/www.forbes.be\/fr\/les-engages-nomment-eric-poncin-pour-epauler-joelle-milquet-dans-le-dossier-a-haut-risque-de-la-rtbf\/","url":"https:\/\/www.forbes.be\/fr\/les-engages-nomment-eric-poncin-pour-epauler-joelle-milquet-dans-le-dossier-a-haut-risque-de-la-rtbf\/","name":"Les Engag\u00e9s nomment \u00c9ric Poncin pour \u00e9pauler Jo\u00eblle Milquet dans le dossier \u00e0 haut risque de la RTBF | Forbes Belgique","isPartOf":{"@id":"https:\/\/www.forbes.be\/fr\/#website"},"primaryImageOfPage":{"@id":"https:\/\/www.forbes.be\/fr\/les-engages-nomment-eric-poncin-pour-epauler-joelle-milquet-dans-le-dossier-a-haut-risque-de-la-rtbf\/#primaryimage"},"image":{"@id":"https:\/\/www.forbes.be\/fr\/les-engages-nomment-eric-poncin-pour-epauler-joelle-milquet-dans-le-dossier-a-haut-risque-de-la-rtbf\/#primaryimage"},"thumbnailUrl":"https:\/\/www.forbes.be\/fr\/wp-content\/uploads\/2025\/10\/rtbfponcin-e1760425708862.jpg","datePublished":"2025-10-14T07:08:37+00:00","description":"Les Engag\u00e9s d\u00e9signent \u00c9ric Poncin pour succ\u00e9der \u00e0 Laurent Hublet au CA de la RTBF. Un profil strat\u00e9gique pour \u00e9pauler Jo\u00eblle Milquet dans un dossier sensible.","breadcrumb":{"@id":"https:\/\/www.forbes.be\/fr\/les-engages-nomment-eric-poncin-pour-epauler-joelle-milquet-dans-le-dossier-a-haut-risque-de-la-rtbf\/#breadcrumb"},"inLanguage":"fr-FR","potentialAction":[{"@type":"ReadAction","target":["https:\/\/www.forbes.be\/fr\/les-engages-nomment-eric-poncin-pour-epauler-joelle-milquet-dans-le-dossier-a-haut-risque-de-la-rtbf\/"]}]},{"@type":"ImageObject","inLanguage":"fr-FR","@id":"https:\/\/www.forbes.be\/fr\/les-engages-nomment-eric-poncin-pour-epauler-joelle-milquet-dans-le-dossier-a-haut-risque-de-la-rtbf\/#primaryimage","url":"https:\/\/www.forbes.be\/fr\/wp-content\/uploads\/2025\/10\/rtbfponcin-e1760425708862.jpg","contentUrl":"https:\/\/www.forbes.be\/fr\/wp-content\/uploads\/2025\/10\/rtbfponcin-e1760425708862.jpg","width":1445,"height":756},{"@type":"BreadcrumbList","@id":"https:\/\/www.forbes.be\/fr\/les-engages-nomment-eric-poncin-pour-epauler-joelle-milquet-dans-le-dossier-a-haut-risque-de-la-rtbf\/#breadcrumb","itemListElement":[{"@type":"ListItem","position":1,"name":"Accueil","item":"https:\/\/www.forbes.be\/fr\/"},{"@type":"ListItem","position":2,"name":"Les Engag\u00e9s nomment \u00c9ric Poncin pour \u00e9pauler Jo\u00eblle Milquet dans le dossier \u00e0 haut risque de la RTBF"}]},{"@type":"WebSite","@id":"https:\/\/www.forbes.be\/fr\/#website","url":"https:\/\/www.forbes.be\/fr\/","name":"Forbes Belgique","description":"","publisher":{"@id":"https:\/\/www.forbes.be\/fr\/#organization"},"potentialAction":[{"@type":"SearchAction","target":{"@type":"EntryPoint","urlTemplate":"https:\/\/www.forbes.be\/fr\/?s={search_term_string}"},"query-input":{"@type":"PropertyValueSpecification","valueRequired":true,"valueName":"search_term_string"}}],"inLanguage":"fr-FR"},{"@type":"Organization","@id":"https:\/\/www.forbes.be\/fr\/#organization","name":"Forbes Belgique","url":"https:\/\/www.forbes.be\/fr\/","logo":{"@type":"ImageObject","inLanguage":"fr-FR","@id":"https:\/\/www.forbes.be\/fr\/#\/schema\/logo\/image\/","url":"https:\/\/www.forbes.be\/fr\/wp-content\/uploads\/2024\/02\/forbes.be_.png","contentUrl":"https:\/\/www.forbes.be\/fr\/wp-content\/uploads\/2024\/02\/forbes.be_.png","width":1200,"height":675,"caption":"Forbes Belgique"},"image":{"@id":"https:\/\/www.forbes.be\/fr\/#\/schema\/logo\/image\/"},"sameAs":["https:\/\/www.facebook.com\/forbesbelgique\/","https:\/\/www.instagram.com\/Forbes_Belgium","https:\/\/www.linkedin.com\/company\/forbes-belgium\/"]},{"@type":"Person","@id":"https:\/\/www.forbes.be\/fr\/#\/schema\/person\/c3a4e3b397a1f526ce7b310355f9f037","name":"Demetrio Scagliola","image":{"@type":"ImageObject","inLanguage":"fr-FR","@id":"https:\/\/secure.gravatar.com\/avatar\/232582365ad68ea54815b307423ac8533cd4a8567f6856361d06fe18e55bd62d?s=96&d=mm&r=g","url":"https:\/\/secure.gravatar.com\/avatar\/232582365ad68ea54815b307423ac8533cd4a8567f6856361d06fe18e55bd62d?s=96&d=mm&r=g","contentUrl":"https:\/\/secure.gravatar.com\/avatar\/232582365ad68ea54815b307423ac8533cd4a8567f6856361d06fe18e55bd62d?s=96&d=mm&r=g","caption":"Demetrio Scagliola"},"url":"https:\/\/www.forbes.be\/fr\/author\/demetrioscagliola\/"}]}},"_links":{"self":[{"href":"https:\/\/www.forbes.be\/fr\/wp-json\/wp\/v2\/posts\/12857","targetHints":{"allow":["GET"]}}],"collection":[{"href":"https:\/\/www.forbes.be\/fr\/wp-json\/wp\/v2\/posts"}],"about":[{"href":"https:\/\/www.forbes.be\/fr\/wp-json\/wp\/v2\/types\/post"}],"author":[{"embeddable":true,"href":"https:\/\/www.forbes.be\/fr\/wp-json\/wp\/v2\/users\/46"}],"replies":[{"embeddable":true,"href":"https:\/\/www.forbes.be\/fr\/wp-json\/wp\/v2\/comments?post=12857"}],"version-history":[{"count":1,"href":"https:\/\/www.forbes.be\/fr\/wp-json\/wp\/v2\/posts\/12857\/revisions"}],"predecessor-version":[{"id":12858,"href":"https:\/\/www.forbes.be\/fr\/wp-json\/wp\/v2\/posts\/12857\/revisions\/12858"}],"wp:featuredmedia":[{"embeddable":true,"href":"https:\/\/www.forbes.be\/fr\/wp-json\/wp\/v2\/media\/12859"}],"wp:attachment":[{"href":"https:\/\/www.forbes.be\/fr\/wp-json\/wp\/v2\/media?parent=12857"}],"wp:term":[{"taxonomy":"category","embeddable":true,"href":"https:\/\/www.forbes.be\/fr\/wp-json\/wp\/v2\/categories?post=12857"},{"taxonomy":"post_tag","embeddable":true,"href":"https:\/\/www.forbes.be\/fr\/wp-json\/wp\/v2\/tags?post=12857"}],"curies":[{"name":"wp","href":"https:\/\/api.w.org\/{rel}","templated":true}]}}