{"id":12984,"date":"2025-10-21T13:48:20","date_gmt":"2025-10-21T11:48:20","guid":{"rendered":"https:\/\/www.forbes.be\/fr\/?p=12984"},"modified":"2025-10-21T13:50:22","modified_gmt":"2025-10-21T11:50:22","slug":"noosa-une-fibre-textile-biosourcee-face-au-tournant-reglementaire-europeen","status":"publish","type":"post","link":"https:\/\/www.forbes.be\/fr\/noosa-une-fibre-textile-biosourcee-face-au-tournant-reglementaire-europeen\/","title":{"rendered":"Noosa : une fibre textile biosourc\u00e9e face au tournant r\u00e9glementaire europ\u00e9en"},"content":{"rendered":"<p><strong>Fond\u00e9e fin 2019 \u00e0 Bruxelles par Luna Aslan (Forbes 30 Under 30), Noosa d\u00e9veloppe une fibre textile 100% biosourc\u00e9e et recyclable \u00e0 l&rsquo;infini via sa technologie brevet\u00e9e Noocycle. Alors que l&rsquo;Europe impose depuis septembre 2025 une responsabilit\u00e9 \u00e9largie aux producteurs textiles, la start-up belge positionne son innovation au c\u0153ur d&rsquo;un march\u00e9 en pleine mutation r\u00e9glementaire.<\/strong><\/p>\n<p><strong><a href=\"https:\/\/noosafiber.com\/\" target=\"_blank\" rel=\"noopener\">Noosa<\/a><\/strong> a d\u00e9velopp\u00e9 et brevet\u00e9 une <strong>fibre textile<\/strong> produite \u00e0 partir de PLA (acide polylactique), un bioplastique d\u00e9riv\u00e9 de sucres naturels comme l&rsquo;amidon de ma\u00efs ou de bl\u00e9. La fibre pr\u00e9sente quatre caract\u00e9ristiques principales : elle est bact\u00e9riostatique (emp\u00eache naturellement le d\u00e9veloppement bact\u00e9rien), offre une respirabilit\u00e9 \u00e9quivalente au polyester, ne g\u00e9n\u00e8re pas de microplastiques permanents car se d\u00e9grade au fil du temps, et affiche un pH hypoallerg\u00e9nique proche de celui de la peau, ce qui la rend confortable a porter.<\/p>\n<p><strong>Jim Hees<\/strong>, <em>business manager<\/em> de la soci\u00e9t\u00e9, qui a rejoint l&rsquo;entreprise il y a un an, illustre concr\u00e8tement l&rsquo;avantage : \u00ab <em>Un t-shirt de sport classique en polyester, apr\u00e8s quatre s\u00e9ances, il commence \u00e0 sentir mauvais. Parce que les bact\u00e9ries s&rsquo;y multiplient, et tu ne peux plus les \u00e9liminer. Avec<strong> Noosa<\/strong>, le tissu reste neutre beaucoup plus longtemps.<\/em> \u00bb<\/p>\n<figure id=\"attachment_12987\" aria-describedby=\"caption-attachment-12987\" style=\"width: 2560px\" class=\"wp-caption alignnone\"><img loading=\"lazy\" decoding=\"async\" class=\"size-full wp-image-12987\" src=\"https:\/\/www.forbes.be\/fr\/wp-content\/uploads\/2025\/10\/noosa0275-scaled.jpg\" alt=\"\" width=\"2560\" height=\"1708\" srcset=\"https:\/\/www.forbes.be\/fr\/wp-content\/uploads\/2025\/10\/noosa0275-scaled.jpg 2560w, https:\/\/www.forbes.be\/fr\/wp-content\/uploads\/2025\/10\/noosa0275-300x200.jpg 300w, https:\/\/www.forbes.be\/fr\/wp-content\/uploads\/2025\/10\/noosa0275-1024x683.jpg 1024w, https:\/\/www.forbes.be\/fr\/wp-content\/uploads\/2025\/10\/noosa0275-768x512.jpg 768w, https:\/\/www.forbes.be\/fr\/wp-content\/uploads\/2025\/10\/noosa0275-1536x1025.jpg 1536w, https:\/\/www.forbes.be\/fr\/wp-content\/uploads\/2025\/10\/noosa0275-2048x1366.jpg 2048w, https:\/\/www.forbes.be\/fr\/wp-content\/uploads\/2025\/10\/noosa0275-696x464.jpg 696w, https:\/\/www.forbes.be\/fr\/wp-content\/uploads\/2025\/10\/noosa0275-1068x712.jpg 1068w, https:\/\/www.forbes.be\/fr\/wp-content\/uploads\/2025\/10\/noosa0275-1920x1281.jpg 1920w, https:\/\/www.forbes.be\/fr\/wp-content\/uploads\/2025\/10\/noosa0275-600x400.jpg 600w\" sizes=\"auto, (max-width: 2560px) 100vw, 2560px\" \/><figcaption id=\"caption-attachment-12987\" class=\"wp-caption-text\">\u00a9 Noosa<\/figcaption><\/figure>\n<p>La fibre se d\u00e9cline sous plusieurs formes: bobines de fil (type coton) et filament (type synth\u00e9tique), tissu et l\u2019entreprise va m\u00eame jusqu\u2019\u00e0 proposer des produits finis. La fibre peut \u00eatre utilis\u00e9e seule ou en m\u00e9lange en fonction des applications et du touch\u00e9 souhait\u00e9s:<\/p>\n<p>\u00ab <em>On peut faire du 100% Noosa, mais tout d\u00e9pend de l&rsquo;usage final<\/em> \u00bb, nuance <strong>Jim Hees<\/strong>. La philosophie produit privil\u00e9gie la durabilit\u00e9 : \u00ab <em>L&rsquo;id\u00e9e, c&rsquo;est que ton <strong>v\u00eatement<\/strong> dure. La meilleure fa\u00e7on de recycler, c&rsquo;est encore de ne pas avoir \u00e0 le recycler. Si ton produit vit deux fois plus longtemps, c&rsquo;est d\u00e9j\u00e0 gagn\u00e9.<\/em> \u00bb<\/p>\n<p>La pi\u00e8ce ma\u00eetresse du dispositif reste le proc\u00e9d\u00e9 brevet\u00e9 <em>Noocyle<\/em>. Contrairement aux textiles recycl\u00e9s classiques (coton, polyester) qui ne le sont qu&rsquo;\u00e0 hauteur d&rsquo;environ 30%, le proc\u00e9d\u00e9 <strong>Noosa<\/strong> garantit une <strong>recyclabilit\u00e9<\/strong> quasi illimit\u00e9e du produit jusqu&rsquo;\u00e0 une qualit\u00e9 de fibre vierge, m\u00eame en pr\u00e9sence d&rsquo;additifs ou colorants, via la s\u00e9paration chimique ultra-performante des contaminants.<\/p>\n<p>\u00ab <em>Si ton t-shirt est \u00e0 moiti\u00e9 enNoosa et \u00e0 moiti\u00e9 en coton, ou s&rsquo;il y a du polyester dedans, peu importe : on saura isoler le Noosa pour en refaire une fibre vierge<\/em> \u00bb, explique <strong>Jim Hees<\/strong>. La technologie r\u00e9sout ainsi l&rsquo;un des casse-t\u00eates majeurs du secteur : \u00ab <em>Le probl\u00e8me de n\u2019importe quel<strong> textile<\/strong> de nos jours c&rsquo;est qu&rsquo;une fois m\u00e9lang\u00e9s, ils deviennent quasi impossibles \u00e0 recycler. Les traitements, les teintures compliquent encore les choses : on finit souvent par faire du <\/em>downcycling<em>, c&rsquo;est-\u00e0-dire qu&rsquo;on broie les tissus pour en faire de l&rsquo;isolant ou d&rsquo;autres produits moins qualitatifs.<\/em> \u00bb<\/p>\n<h2>R\u00e9glementation : l&rsquo;EPR rebat les cartes<\/h2>\n<p>Le 9 septembre 2025, le <a href=\"https:\/\/eur-lex.europa.eu\/legal-content\/FR\/TXT\/PDF\/?uri=OJ%3AL_202501892\" target=\"_blank\" rel=\"noopener\">Parlement europ\u00e9en a d\u00e9finitivement adopt\u00e9 une directive \u00e9tablissant un syst\u00e8me de Responsabilit\u00e9 \u00c9largie des Producteurs (REP)<\/a> obligatoire pour les textiles, obligeant les marques et producteurs \u00e0 assumer financi\u00e8rement les co\u00fbts de collecte, tri et <strong>recyclage<\/strong> de leurs produits. Chaque Europ\u00e9en g\u00e9n\u00e8re en moyenne 12 kg de d\u00e9chets vestimentaires et chaussures par an, soit 12,6 millions de tonnes de d\u00e9chets textiles annuels dans l&rsquo;UE, alors que moins de 1% des textiles mondiaux sont recycl\u00e9s en nouveaux produits.<\/p>\n<p>Concr\u00e8tement, tous les producteurs qui commercialisent des <strong>textiles<\/strong> dans l&rsquo;UE devront contribuer aux co\u00fbts de collecte, tri et recyclage via des organisations de responsabilit\u00e9 des producteurs (PRO). Le syst\u00e8me fonctionne via une cotisation de quelques centimes d&rsquo;euros par pi\u00e8ce vendue : les premi\u00e8res estimations \u00e9voquent environ 30 centimes par t-shirt, avec des exemples pr\u00e9liminaires sugg\u00e9rant 0,24\u20ac par kilogramme de textiles dans certains syst\u00e8mes pilotes fran\u00e7ais.<\/p>\n<div style=\"display: block; border: 1px solid #c71f1f; padding: 30px; border-radius: 20px; border-top-left-radius: inherit; border-bottom-right-radius: inherit; margin-top: 30px;\">\n<h4 style=\"padding-top: 0;\">Ce que change l&rsquo;EPR textile (2025)<\/h4>\n<ul>\n<li>Adoption : 9 septembre 2025 (Parlement europ\u00e9en)<\/li>\n<li>Application : courant 2028 (30 mois apr\u00e8s entr\u00e9e en vigueur)<\/li>\n<li>Cotisation estim\u00e9e : ~30 centimes\/t-shirt, 0,24 \u20ac\/kg (exemples pilotes fran\u00e7ais)<\/li>\n<li>P\u00e9rim\u00e8tre : v\u00eatements, chaussures, linge, rideaux, couvertures<\/li>\n<li>\u00c9co-modulation : surco\u00fbt pour produits difficiles \u00e0 recycler ou fast fashion<\/li>\n<li>Compl\u00e9ments r\u00e9glementaires : collecte s\u00e9par\u00e9e obligatoire (1er janvier 2025), Digital Product Passport (2027)<\/li>\n<\/ul>\n<\/div>\n<p>&nbsp;<\/p>\n<p>Le syst\u00e8me int\u00e8gre des frais d&rsquo;\u00e9co-modulation : les producteurs dont les produits sont plus difficiles \u00e0 recycler ou issus de mod\u00e8les de surproduction (<em>fast fashion<\/em>, <em>ultra-fast fashion<\/em>) paieront des contributions plus \u00e9lev\u00e9es, align\u00e9es sur les crit\u00e8res du futur R\u00e8glement Europ\u00e9en sur l&rsquo;\u00c9coconception des Produits Durables (ESPR).<\/p>\n<p>La directive entre en vigueur 20 jours apr\u00e8s sa publication au Journal officiel de l&rsquo;UE. Les \u00c9tats membres disposent de 20 mois pour transposer ces r\u00e8gles, et les obligations EPR s&rsquo;appliqueront aux producteurs dans les 30 mois suivant l&rsquo;entr\u00e9e en vigueur, soit courant 2028. Les micro-entreprises b\u00e9n\u00e9ficient d&rsquo;un d\u00e9lai suppl\u00e9mentaire de 12 mois.<\/p>\n<p>Cette r\u00e9glementation s&rsquo;inscrit dans un arsenal plus large : collecte s\u00e9par\u00e9e obligatoire des <strong>textiles<\/strong> depuis le 1er janvier 2025 dans tous les \u00c9tats membres, <em>Digital Product Passport<\/em> pr\u00e9vu pour 2027 via le r\u00e8glement ESPR, et projet de taxe de 2 euros sur les petits colis bon march\u00e9 \u00e0 l&rsquo;\u00e9tude par la Commission europ\u00e9enne.<\/p>\n<h2>Strat\u00e9gie commerciale : le <em>workwear<\/em> comme t\u00eate de pont<\/h2>\n<p>Pour <strong>Jim Hees<\/strong>, le choix du segment prioritaire s&rsquo;est vite impos\u00e9 : \u00ab <em>Quand je suis arriv\u00e9, j&rsquo;ai d\u00e9couvert le march\u00e9 et j&rsquo;ai vite \u00e9t\u00e9 convaincu que le secteur du v\u00eatement de travail allait \u00eatre celui qui montrerait l&rsquo;exemple \u00e0 toute l&rsquo;industrie.<\/em> \u00bb Le grand avantage du<em> workwear<\/em> r\u00e9side dans une logistique de reprise d\u00e9j\u00e0 existante : \u00ab <em>Quand une entreprise renouvelle chaque ann\u00e9e les polos ou t-shirts de ses \u00e9quipes, tout est centralis\u00e9 : il suffit de r\u00e9cup\u00e9rer les anciens v\u00eatements et de les recycler. C&rsquo;est parfait pour nous.<\/em> \u00bb<\/p>\n<p>Le <em>business manager<\/em> souligne \u00e9galement l&rsquo;ad\u00e9quation technique : \u00ab <em>Comme ces v\u00eatements sont souvent faits de m\u00e9langes (comme le polyco, polyester-coton), impossible \u00e0 recycler habituellement, Noosa devient une vraie solution.<\/em> \u00bb<\/p>\n<figure id=\"attachment_12988\" aria-describedby=\"caption-attachment-12988\" style=\"width: 2560px\" class=\"wp-caption alignnone\"><img loading=\"lazy\" decoding=\"async\" class=\"size-full wp-image-12988\" src=\"https:\/\/www.forbes.be\/fr\/wp-content\/uploads\/2025\/10\/noosa1589b-scaled.jpg\" alt=\"\" width=\"2560\" height=\"1708\" srcset=\"https:\/\/www.forbes.be\/fr\/wp-content\/uploads\/2025\/10\/noosa1589b-scaled.jpg 2560w, https:\/\/www.forbes.be\/fr\/wp-content\/uploads\/2025\/10\/noosa1589b-300x200.jpg 300w, https:\/\/www.forbes.be\/fr\/wp-content\/uploads\/2025\/10\/noosa1589b-1024x683.jpg 1024w, https:\/\/www.forbes.be\/fr\/wp-content\/uploads\/2025\/10\/noosa1589b-768x512.jpg 768w, https:\/\/www.forbes.be\/fr\/wp-content\/uploads\/2025\/10\/noosa1589b-1536x1025.jpg 1536w, https:\/\/www.forbes.be\/fr\/wp-content\/uploads\/2025\/10\/noosa1589b-2048x1366.jpg 2048w, https:\/\/www.forbes.be\/fr\/wp-content\/uploads\/2025\/10\/noosa1589b-696x464.jpg 696w, https:\/\/www.forbes.be\/fr\/wp-content\/uploads\/2025\/10\/noosa1589b-1068x712.jpg 1068w, https:\/\/www.forbes.be\/fr\/wp-content\/uploads\/2025\/10\/noosa1589b-1920x1281.jpg 1920w, https:\/\/www.forbes.be\/fr\/wp-content\/uploads\/2025\/10\/noosa1589b-600x400.jpg 600w\" sizes=\"auto, (max-width: 2560px) 100vw, 2560px\" \/><figcaption id=\"caption-attachment-12988\" class=\"wp-caption-text\">\u00a9 Noosa<\/figcaption><\/figure>\n<p><strong>Noosa<\/strong> se concentre sur trois march\u00e9s : le pr\u00eat-\u00e0-porter (apparel), le<em> sportswear<\/em> et le <em>workwear<\/em>, avec une dimension forc\u00e9ment internationale car les marques clientes vendent partout. La soci\u00e9t\u00e9 travaille avec des entreprises renomm\u00e9es mondialement, avec qui les d\u00e9veloppements produit peuvent prendre beaucoup de temps vu la complexit\u00e9 de la cha\u00eene textile. Ces marques mettront bient\u00f4t sur le march\u00e9 diff\u00e9rents produits \u201c<em>made in <strong>Noosa<\/strong><\/em>\u201d tels que des chaussettes, de la fausse fourrure, des uniformes de travail ou encore des polos de sport.<\/p>\n<p><strong>Jim Hees<\/strong> assume une strat\u00e9gie s\u00e9lective : \u00ab <em>Honn\u00eatement, on ne cherche pas \u00e0 travailler avec des Primark ou des enseignes <\/em>ultra-cheap<em> : leurs prix sont incompatibles avec notre produit. Quand ils ach\u00e8tent un t-shirt \u00e0 3 \u20ac, nous, on ne peut pas suivre.<\/em> \u00bb En revanche, l&rsquo;int\u00e9gration industrielle reste accessible : \u00ab <em>Les proc\u00e9d\u00e9s ne changent presque pas : les m\u00eames machines peuvent \u00eatre utilis\u00e9es. Il faut juste adapter certaines temp\u00e9ratures, car le polyester est hyper r\u00e9sistant et supporte tout, alors que nous, on pr\u00e9f\u00e8re rester dans des conditions plus raisonnables.<\/em> \u00bb<\/p>\n<p>Les premi\u00e8res applications commerciales ont vu le jour avec la marque Nolt qui commercialise des chaussettes produites et totalement recycl\u00e9es via ce mat\u00e9riau. WWF a command\u00e9 500 t-shirts pour les 20 km de Bruxelles, avec des retours tr\u00e8s positifs, et les t-shirts vendus \u00e0 l&rsquo;Expo universelle d&rsquo;Osaka sont en <strong>Noosa<\/strong>.<\/p>\n<h2>Trajectoire financi\u00e8re et industrialisation<\/h2>\n<p>Fond\u00e9e \u00e0 Bruxelles fin 2019 par <strong>Luna Aslan<\/strong>, dipl\u00f4m\u00e9e en management (Rotterdam School of Management) et forte d&rsquo;exp\u00e9riences chez Dior, Zalando et McKinsey, <strong>Noosa<\/strong> combine engagement environnemental et innovation scientifique. La soci\u00e9t\u00e9 a r\u00e9ussi un premier tour de financement en 2020 pour 500 000 \u20ac, associ\u00e9 \u00e0 l&rsquo;entr\u00e9e de <a href=\"https:\/\/be.brussels\/fr\/propos-de-la-region\/structure-et-organisation\/administrations-et-institutions-de-la-region\/financeinvestbrussels\" target=\"_blank\" rel=\"noopener\">finance&amp;invest.brussels<\/a> et d&rsquo;investisseurs priv\u00e9s, puis en 2023, la Compagnie du Bois Sauvage est entr\u00e9e au capital lors d&rsquo;une augmentation d&rsquo;1 million d&rsquo;euros. <strong>Noosa<\/strong> a obtenu la certification <strong>B Corp<\/strong> et \u00e9t\u00e9 laur\u00e9ate de l&rsquo;<strong>Innoviris Starter Award<\/strong>, ainsi que d&rsquo;autres aides r\u00e9gionales \u00e0 l&rsquo;innovation et \u00e0 l&rsquo;export.<\/p>\n<figure id=\"attachment_12990\" aria-describedby=\"caption-attachment-12990\" style=\"width: 2031px\" class=\"wp-caption alignnone\"><img loading=\"lazy\" decoding=\"async\" class=\"size-full wp-image-12990\" src=\"https:\/\/www.forbes.be\/fr\/wp-content\/uploads\/2025\/10\/noosa2130-scaled.jpg\" alt=\"\" width=\"2031\" height=\"2560\" srcset=\"https:\/\/www.forbes.be\/fr\/wp-content\/uploads\/2025\/10\/noosa2130-scaled.jpg 2031w, https:\/\/www.forbes.be\/fr\/wp-content\/uploads\/2025\/10\/noosa2130-238x300.jpg 238w, https:\/\/www.forbes.be\/fr\/wp-content\/uploads\/2025\/10\/noosa2130-812x1024.jpg 812w, https:\/\/www.forbes.be\/fr\/wp-content\/uploads\/2025\/10\/noosa2130-768x968.jpg 768w, https:\/\/www.forbes.be\/fr\/wp-content\/uploads\/2025\/10\/noosa2130-1218x1536.jpg 1218w, https:\/\/www.forbes.be\/fr\/wp-content\/uploads\/2025\/10\/noosa2130-1624x2048.jpg 1624w, https:\/\/www.forbes.be\/fr\/wp-content\/uploads\/2025\/10\/noosa2130-696x877.jpg 696w, https:\/\/www.forbes.be\/fr\/wp-content\/uploads\/2025\/10\/noosa2130-1068x1346.jpg 1068w, https:\/\/www.forbes.be\/fr\/wp-content\/uploads\/2025\/10\/noosa2130-1920x2421.jpg 1920w, https:\/\/www.forbes.be\/fr\/wp-content\/uploads\/2025\/10\/noosa2130-600x756.jpg 600w\" sizes=\"auto, (max-width: 2031px) 100vw, 2031px\" \/><figcaption id=\"caption-attachment-12990\" class=\"wp-caption-text\">\u00a9 Noosa<\/figcaption><\/figure>\n<p>En plus d\u2019une capacit\u00e9 de production annuelle de 6000 tonnes \u00e0 travers son r\u00e9seau de partenaires international, la soci\u00e9t\u00e9 a install\u00e9 une ligne d&rsquo;extrusion pilote \u00e0 Anderlecht depuis 2024 pour continuer sa recherche. Le partenaire principal de <strong>Noosa<\/strong>, une soci\u00e9t\u00e9 belge fournissant la mati\u00e8re premi\u00e8re, construit actuellement une usine \u00e0 Port-J\u00e9r\u00f4me en France, produisant du PLA \u00e0 base de bl\u00e9 : <strong>Noosa<\/strong> envisage de scaler son unit\u00e9 de recyclage dans les environs pour un recyclage encore plus optimis\u00e9. Luna Aslan pr\u00e9pare actuellement une nouvelle lev\u00e9e de fonds et \u00e9tait \u00e0 Londres pour pitcher aupr\u00e8s d&rsquo;investisseurs.<\/p>\n<p><strong>Noosa<\/strong> dispose d&rsquo;un portefeuille de cinq brevets prot\u00e9geant ses innovations.<\/p>\n<h2>Le d\u00e9fi du \u00ab\u00a0chicken and egg\u00a0\u00bb<\/h2>\n<p>Comme toute <em>start-up<\/em>, <strong>Noosa<\/strong> se trouve dans la situation du \u201cchicken and egg\u201d, reconna\u00eet <strong>Jim Hees<\/strong> : \u00ab <em>Moins on produit, plus c&rsquo;est cher ; mais tant que c&rsquo;est cher, les gens h\u00e9sitent \u00e0 acheter.<\/em> \u00bb Le cadre r\u00e9glementaire pourrait constituer le catalyseur attendu : \u00ab <em>Cette l\u00e9gislation va nous aider, parce qu&rsquo;elle va forcer les marques \u00e0 bouger.<\/em> \u00bb<\/p>\n<figure id=\"attachment_12991\" aria-describedby=\"caption-attachment-12991\" style=\"width: 1707px\" class=\"wp-caption alignnone\"><img loading=\"lazy\" decoding=\"async\" class=\"size-full wp-image-12991\" src=\"https:\/\/www.forbes.be\/fr\/wp-content\/uploads\/2025\/10\/noosa2135-scaled.jpg\" alt=\"\" width=\"1707\" height=\"2560\" srcset=\"https:\/\/www.forbes.be\/fr\/wp-content\/uploads\/2025\/10\/noosa2135-scaled.jpg 1707w, https:\/\/www.forbes.be\/fr\/wp-content\/uploads\/2025\/10\/noosa2135-200x300.jpg 200w, https:\/\/www.forbes.be\/fr\/wp-content\/uploads\/2025\/10\/noosa2135-683x1024.jpg 683w, https:\/\/www.forbes.be\/fr\/wp-content\/uploads\/2025\/10\/noosa2135-768x1152.jpg 768w, https:\/\/www.forbes.be\/fr\/wp-content\/uploads\/2025\/10\/noosa2135-1024x1536.jpg 1024w, https:\/\/www.forbes.be\/fr\/wp-content\/uploads\/2025\/10\/noosa2135-1366x2048.jpg 1366w, https:\/\/www.forbes.be\/fr\/wp-content\/uploads\/2025\/10\/noosa2135-696x1044.jpg 696w, https:\/\/www.forbes.be\/fr\/wp-content\/uploads\/2025\/10\/noosa2135-1068x1601.jpg 1068w, https:\/\/www.forbes.be\/fr\/wp-content\/uploads\/2025\/10\/noosa2135-1920x2879.jpg 1920w, https:\/\/www.forbes.be\/fr\/wp-content\/uploads\/2025\/10\/noosa2135-600x900.jpg 600w\" sizes=\"auto, (max-width: 1707px) 100vw, 1707px\" \/><figcaption id=\"caption-attachment-12991\" class=\"wp-caption-text\">\u00a9 Noosa<\/figcaption><\/figure>\n<p>Le <em>business manager<\/em> reste toutefois lucide sur les diff\u00e9rentes vitesses du march\u00e9 : \u00ab <em>Je ne pense pas que le fashion pur changera vite : ils ont trouv\u00e9 un argument facile avec le polyester recycl\u00e9, un peu comme l&rsquo;hybride pour les voitures, une solution transitoire. Mais l\u00e0 o\u00f9 \u00e7a va vraiment bouger, c&rsquo;est dans le v\u00eatement de travail.<\/em> \u00bb Il cite l&rsquo;exemple fran\u00e7ais : \u00ab <em>La France impose d\u00e9j\u00e0 une part de mati\u00e8res recycl\u00e9es ou biosourc\u00e9es dans les appels d&rsquo;offres publics. Et \u00e7a, c&rsquo;est parfait pour nous.<\/em> \u00bb<\/p>\n<p>La conviction de <strong>Jim Hees<\/strong> repose sur un effet d&rsquo;entra\u00eenement : \u00ab <em>Je suis convaincu que ce sont ces secteurs qui vont montrer l&rsquo;exemple et nous donner le volume n\u00e9cessaire pour faire baisser nos prix et nous ouvrir plus largement au <strong>sportswear<\/strong> et au pr\u00eat-\u00e0-porter.<\/em> \u00bb Un pari sur la logique industrielle classique (plus de volume \u00e9gale baisse des co\u00fbts) amplifi\u00e9 par une contrainte r\u00e9glementaire in\u00e9dite.<\/p>\n","protected":false},"excerpt":{"rendered":"<p>Fond\u00e9e fin 2019 \u00e0 Bruxelles par Luna Aslan (Forbes 30 Under 30), Noosa d\u00e9veloppe une fibre textile 100% biosourc\u00e9e et recyclable \u00e0 l&rsquo;infini via sa technologie brevet\u00e9e Noocycle. Alors que l&rsquo;Europe impose depuis septembre 2025 une responsabilit\u00e9 \u00e9largie aux producteurs textiles, la start-up belge positionne son innovation au c\u0153ur d&rsquo;un march\u00e9 en pleine mutation r\u00e9glementaire. [&hellip;]<\/p>\n","protected":false},"author":47,"featured_media":12989,"comment_status":"closed","ping_status":"closed","sticky":false,"template":"","format":"standard","meta":{"_acf_changed":false,"inline_featured_image":false,"footnotes":""},"categories":[19,49,14],"tags":[],"class_list":{"0":"post-12984","1":"post","2":"type-post","3":"status-publish","4":"format-standard","5":"has-post-thumbnail","7":"category-entrepreneurs","8":"category-environnement","9":"category-innovation"},"acf":[],"_yoast_wpseo_title":null,"_yoast_wpseo_metadesc":"La start-up belge Noosa, fond\u00e9e par Luna Aslan (Forbes 30 Under 30), mise sur sa fibre biosourc\u00e9e et recyclable Noocycle pour r\u00e9pondre \u00e0 la nouvelle directive textile europ\u00e9enne.","auteur_traducteur":"","yoast_head":"<!-- This site is optimized with the Yoast SEO plugin v27.4 - https:\/\/yoast.com\/product\/yoast-seo-wordpress\/ -->\n<title>Noosa : une fibre textile biosourc\u00e9e face au tournant r\u00e9glementaire europ\u00e9en | Forbes Belgique<\/title>\n<meta name=\"description\" content=\"La start-up belge Noosa, fond\u00e9e par Luna Aslan (Forbes 30 Under 30), mise sur sa fibre biosourc\u00e9e et recyclable Noocycle pour r\u00e9pondre \u00e0 la nouvelle directive textile europ\u00e9enne.\" \/>\n<meta name=\"robots\" content=\"index, follow, max-snippet:-1, max-image-preview:large, max-video-preview:-1\" \/>\n<link rel=\"canonical\" href=\"https:\/\/www.forbes.be\/fr\/noosa-une-fibre-textile-biosourcee-face-au-tournant-reglementaire-europeen\/\" \/>\n<meta property=\"og:locale\" content=\"fr_FR\" \/>\n<meta property=\"og:type\" content=\"article\" \/>\n<meta property=\"og:title\" content=\"Noosa : une fibre textile biosourc\u00e9e face au tournant r\u00e9glementaire europ\u00e9en | Forbes Belgique\" \/>\n<meta property=\"og:description\" content=\"La start-up belge Noosa, fond\u00e9e par Luna Aslan (Forbes 30 Under 30), mise sur sa fibre biosourc\u00e9e et recyclable Noocycle pour r\u00e9pondre \u00e0 la nouvelle directive textile europ\u00e9enne.\" \/>\n<meta property=\"og:url\" content=\"https:\/\/www.forbes.be\/fr\/noosa-une-fibre-textile-biosourcee-face-au-tournant-reglementaire-europeen\/\" \/>\n<meta property=\"og:site_name\" content=\"Forbes Belgique\" \/>\n<meta property=\"article:publisher\" content=\"https:\/\/www.facebook.com\/forbesbelgique\/\" \/>\n<meta property=\"article:published_time\" content=\"2025-10-21T11:48:20+00:00\" \/>\n<meta property=\"article:modified_time\" content=\"2025-10-21T11:50:22+00:00\" \/>\n<meta property=\"og:image\" content=\"https:\/\/www.forbes.be\/fr\/wp-content\/uploads\/2025\/10\/noosa2110-scaled-e1761047047989.jpg\" \/>\n\t<meta property=\"og:image:width\" content=\"2560\" \/>\n\t<meta property=\"og:image:height\" content=\"1340\" \/>\n\t<meta property=\"og:image:type\" content=\"image\/jpeg\" \/>\n<meta name=\"author\" content=\"Martin Boonen\" \/>\n<meta name=\"twitter:card\" content=\"summary_large_image\" \/>\n<meta name=\"twitter:label1\" content=\"\u00c9crit par\" \/>\n\t<meta name=\"twitter:data1\" content=\"Martin Boonen\" \/>\n\t<meta name=\"twitter:label2\" content=\"Dur\u00e9e de lecture estim\u00e9e\" \/>\n\t<meta name=\"twitter:data2\" content=\"9 minutes\" \/>\n<script type=\"application\/ld+json\" class=\"yoast-schema-graph\">{\"@context\":\"https:\\\/\\\/schema.org\",\"@graph\":[{\"@type\":\"NewsArticle\",\"@id\":\"https:\\\/\\\/www.forbes.be\\\/fr\\\/noosa-une-fibre-textile-biosourcee-face-au-tournant-reglementaire-europeen\\\/#article\",\"isPartOf\":{\"@id\":\"https:\\\/\\\/www.forbes.be\\\/fr\\\/noosa-une-fibre-textile-biosourcee-face-au-tournant-reglementaire-europeen\\\/\"},\"author\":{\"name\":\"Martin Boonen\",\"@id\":\"https:\\\/\\\/www.forbes.be\\\/fr\\\/#\\\/schema\\\/person\\\/5e9af5383f8e0ffec564788f40ac92c8\"},\"headline\":\"Noosa : une fibre textile biosourc\u00e9e face au tournant r\u00e9glementaire europ\u00e9en\",\"datePublished\":\"2025-10-21T11:48:20+00:00\",\"dateModified\":\"2025-10-21T11:50:22+00:00\",\"mainEntityOfPage\":{\"@id\":\"https:\\\/\\\/www.forbes.be\\\/fr\\\/noosa-une-fibre-textile-biosourcee-face-au-tournant-reglementaire-europeen\\\/\"},\"wordCount\":1705,\"publisher\":{\"@id\":\"https:\\\/\\\/www.forbes.be\\\/fr\\\/#organization\"},\"image\":{\"@id\":\"https:\\\/\\\/www.forbes.be\\\/fr\\\/noosa-une-fibre-textile-biosourcee-face-au-tournant-reglementaire-europeen\\\/#primaryimage\"},\"thumbnailUrl\":\"https:\\\/\\\/www.forbes.be\\\/fr\\\/wp-content\\\/uploads\\\/2025\\\/10\\\/noosa2110-scaled-e1761047047989.jpg\",\"articleSection\":[\"Entrepreneurs\",\"Environnement\",\"Innovation\"],\"inLanguage\":\"fr-FR\"},{\"@type\":\"WebPage\",\"@id\":\"https:\\\/\\\/www.forbes.be\\\/fr\\\/noosa-une-fibre-textile-biosourcee-face-au-tournant-reglementaire-europeen\\\/\",\"url\":\"https:\\\/\\\/www.forbes.be\\\/fr\\\/noosa-une-fibre-textile-biosourcee-face-au-tournant-reglementaire-europeen\\\/\",\"name\":\"Noosa : une fibre textile biosourc\u00e9e face au tournant r\u00e9glementaire europ\u00e9en | Forbes Belgique\",\"isPartOf\":{\"@id\":\"https:\\\/\\\/www.forbes.be\\\/fr\\\/#website\"},\"primaryImageOfPage\":{\"@id\":\"https:\\\/\\\/www.forbes.be\\\/fr\\\/noosa-une-fibre-textile-biosourcee-face-au-tournant-reglementaire-europeen\\\/#primaryimage\"},\"image\":{\"@id\":\"https:\\\/\\\/www.forbes.be\\\/fr\\\/noosa-une-fibre-textile-biosourcee-face-au-tournant-reglementaire-europeen\\\/#primaryimage\"},\"thumbnailUrl\":\"https:\\\/\\\/www.forbes.be\\\/fr\\\/wp-content\\\/uploads\\\/2025\\\/10\\\/noosa2110-scaled-e1761047047989.jpg\",\"datePublished\":\"2025-10-21T11:48:20+00:00\",\"dateModified\":\"2025-10-21T11:50:22+00:00\",\"description\":\"La start-up belge Noosa, fond\u00e9e par Luna Aslan (Forbes 30 Under 30), mise sur sa fibre biosourc\u00e9e et recyclable Noocycle pour r\u00e9pondre \u00e0 la nouvelle directive textile europ\u00e9enne.\",\"breadcrumb\":{\"@id\":\"https:\\\/\\\/www.forbes.be\\\/fr\\\/noosa-une-fibre-textile-biosourcee-face-au-tournant-reglementaire-europeen\\\/#breadcrumb\"},\"inLanguage\":\"fr-FR\",\"potentialAction\":[{\"@type\":\"ReadAction\",\"target\":[\"https:\\\/\\\/www.forbes.be\\\/fr\\\/noosa-une-fibre-textile-biosourcee-face-au-tournant-reglementaire-europeen\\\/\"]}]},{\"@type\":\"ImageObject\",\"inLanguage\":\"fr-FR\",\"@id\":\"https:\\\/\\\/www.forbes.be\\\/fr\\\/noosa-une-fibre-textile-biosourcee-face-au-tournant-reglementaire-europeen\\\/#primaryimage\",\"url\":\"https:\\\/\\\/www.forbes.be\\\/fr\\\/wp-content\\\/uploads\\\/2025\\\/10\\\/noosa2110-scaled-e1761047047989.jpg\",\"contentUrl\":\"https:\\\/\\\/www.forbes.be\\\/fr\\\/wp-content\\\/uploads\\\/2025\\\/10\\\/noosa2110-scaled-e1761047047989.jpg\",\"width\":2560,\"height\":1340,\"caption\":\"\u00a9 Noosa\"},{\"@type\":\"BreadcrumbList\",\"@id\":\"https:\\\/\\\/www.forbes.be\\\/fr\\\/noosa-une-fibre-textile-biosourcee-face-au-tournant-reglementaire-europeen\\\/#breadcrumb\",\"itemListElement\":[{\"@type\":\"ListItem\",\"position\":1,\"name\":\"Accueil\",\"item\":\"https:\\\/\\\/www.forbes.be\\\/fr\\\/\"},{\"@type\":\"ListItem\",\"position\":2,\"name\":\"Noosa : une fibre textile biosourc\u00e9e face au tournant r\u00e9glementaire europ\u00e9en\"}]},{\"@type\":\"WebSite\",\"@id\":\"https:\\\/\\\/www.forbes.be\\\/fr\\\/#website\",\"url\":\"https:\\\/\\\/www.forbes.be\\\/fr\\\/\",\"name\":\"Forbes Belgique\",\"description\":\"\",\"publisher\":{\"@id\":\"https:\\\/\\\/www.forbes.be\\\/fr\\\/#organization\"},\"potentialAction\":[{\"@type\":\"SearchAction\",\"target\":{\"@type\":\"EntryPoint\",\"urlTemplate\":\"https:\\\/\\\/www.forbes.be\\\/fr\\\/?s={search_term_string}\"},\"query-input\":{\"@type\":\"PropertyValueSpecification\",\"valueRequired\":true,\"valueName\":\"search_term_string\"}}],\"inLanguage\":\"fr-FR\"},{\"@type\":\"Organization\",\"@id\":\"https:\\\/\\\/www.forbes.be\\\/fr\\\/#organization\",\"name\":\"Forbes Belgique\",\"url\":\"https:\\\/\\\/www.forbes.be\\\/fr\\\/\",\"logo\":{\"@type\":\"ImageObject\",\"inLanguage\":\"fr-FR\",\"@id\":\"https:\\\/\\\/www.forbes.be\\\/fr\\\/#\\\/schema\\\/logo\\\/image\\\/\",\"url\":\"https:\\\/\\\/www.forbes.be\\\/fr\\\/wp-content\\\/uploads\\\/2024\\\/02\\\/forbes.be_.png\",\"contentUrl\":\"https:\\\/\\\/www.forbes.be\\\/fr\\\/wp-content\\\/uploads\\\/2024\\\/02\\\/forbes.be_.png\",\"width\":1200,\"height\":675,\"caption\":\"Forbes Belgique\"},\"image\":{\"@id\":\"https:\\\/\\\/www.forbes.be\\\/fr\\\/#\\\/schema\\\/logo\\\/image\\\/\"},\"sameAs\":[\"https:\\\/\\\/www.facebook.com\\\/forbesbelgique\\\/\",\"https:\\\/\\\/www.instagram.com\\\/Forbes_Belgium\",\"https:\\\/\\\/www.linkedin.com\\\/company\\\/forbes-belgium\\\/\"]},{\"@type\":\"Person\",\"@id\":\"https:\\\/\\\/www.forbes.be\\\/fr\\\/#\\\/schema\\\/person\\\/5e9af5383f8e0ffec564788f40ac92c8\",\"name\":\"Martin Boonen\",\"image\":{\"@type\":\"ImageObject\",\"inLanguage\":\"fr-FR\",\"@id\":\"https:\\\/\\\/www.forbes.be\\\/fr\\\/wp-content\\\/uploads\\\/2025\\\/10\\\/capture-decran-2024-11-15-a-093849-300x300-1-100x100.png\",\"url\":\"https:\\\/\\\/www.forbes.be\\\/fr\\\/wp-content\\\/uploads\\\/2025\\\/10\\\/capture-decran-2024-11-15-a-093849-300x300-1-100x100.png\",\"contentUrl\":\"https:\\\/\\\/www.forbes.be\\\/fr\\\/wp-content\\\/uploads\\\/2025\\\/10\\\/capture-decran-2024-11-15-a-093849-300x300-1-100x100.png\",\"caption\":\"Martin Boonen\"},\"description\":\"Martin Boonen est journaliste dipl\u00f4m\u00e9 de l'Institut de Journalisme de Bruxelles (2012). Il collabor\u00e9 avec de nombreuses r\u00e9dactions \u00e0 diff\u00e9rent niveau de responsabilit\u00e9 : journaliste, chef de rubrique, secr\u00e9taire de r\u00e9daction et r\u00e9dacteur en chef, tant sur le web que pour la presse imprim\u00e9e. Sp\u00e9cialis\u00e9 dans les startups et l'entrepreneuriat \u00e0 impact, il est devenu en 2025 r\u00e9dacteur en chef du site web de Forbes Belgique. Il est affili\u00e9 \u00e0 l'Organisation Mondiale de la Presse P\u00e9riodique depuis 2011.\",\"sameAs\":[\"https:\\\/\\\/www.linkedin.com\\\/in\\\/martin-boonen-61499951\\\/\"],\"url\":\"https:\\\/\\\/www.forbes.be\\\/fr\\\/author\\\/martin-boonen\\\/\"}]}<\/script>\n<!-- \/ Yoast SEO plugin. -->","yoast_head_json":{"title":"Noosa : une fibre textile biosourc\u00e9e face au tournant r\u00e9glementaire europ\u00e9en | Forbes Belgique","description":"La start-up belge Noosa, fond\u00e9e par Luna Aslan (Forbes 30 Under 30), mise sur sa fibre biosourc\u00e9e et recyclable Noocycle pour r\u00e9pondre \u00e0 la nouvelle directive textile europ\u00e9enne.","robots":{"index":"index","follow":"follow","max-snippet":"max-snippet:-1","max-image-preview":"max-image-preview:large","max-video-preview":"max-video-preview:-1"},"canonical":"https:\/\/www.forbes.be\/fr\/noosa-une-fibre-textile-biosourcee-face-au-tournant-reglementaire-europeen\/","og_locale":"fr_FR","og_type":"article","og_title":"Noosa : une fibre textile biosourc\u00e9e face au tournant r\u00e9glementaire europ\u00e9en | Forbes Belgique","og_description":"La start-up belge Noosa, fond\u00e9e par Luna Aslan (Forbes 30 Under 30), mise sur sa fibre biosourc\u00e9e et recyclable Noocycle pour r\u00e9pondre \u00e0 la nouvelle directive textile europ\u00e9enne.","og_url":"https:\/\/www.forbes.be\/fr\/noosa-une-fibre-textile-biosourcee-face-au-tournant-reglementaire-europeen\/","og_site_name":"Forbes Belgique","article_publisher":"https:\/\/www.facebook.com\/forbesbelgique\/","article_published_time":"2025-10-21T11:48:20+00:00","article_modified_time":"2025-10-21T11:50:22+00:00","og_image":[{"width":2560,"height":1340,"url":"https:\/\/www.forbes.be\/fr\/wp-content\/uploads\/2025\/10\/noosa2110-scaled-e1761047047989.jpg","type":"image\/jpeg"}],"author":"Martin Boonen","twitter_card":"summary_large_image","twitter_misc":{"\u00c9crit par":"Martin Boonen","Dur\u00e9e de lecture estim\u00e9e":"9 minutes"},"schema":{"@context":"https:\/\/schema.org","@graph":[{"@type":"NewsArticle","@id":"https:\/\/www.forbes.be\/fr\/noosa-une-fibre-textile-biosourcee-face-au-tournant-reglementaire-europeen\/#article","isPartOf":{"@id":"https:\/\/www.forbes.be\/fr\/noosa-une-fibre-textile-biosourcee-face-au-tournant-reglementaire-europeen\/"},"author":{"name":"Martin Boonen","@id":"https:\/\/www.forbes.be\/fr\/#\/schema\/person\/5e9af5383f8e0ffec564788f40ac92c8"},"headline":"Noosa : une fibre textile biosourc\u00e9e face au tournant r\u00e9glementaire europ\u00e9en","datePublished":"2025-10-21T11:48:20+00:00","dateModified":"2025-10-21T11:50:22+00:00","mainEntityOfPage":{"@id":"https:\/\/www.forbes.be\/fr\/noosa-une-fibre-textile-biosourcee-face-au-tournant-reglementaire-europeen\/"},"wordCount":1705,"publisher":{"@id":"https:\/\/www.forbes.be\/fr\/#organization"},"image":{"@id":"https:\/\/www.forbes.be\/fr\/noosa-une-fibre-textile-biosourcee-face-au-tournant-reglementaire-europeen\/#primaryimage"},"thumbnailUrl":"https:\/\/www.forbes.be\/fr\/wp-content\/uploads\/2025\/10\/noosa2110-scaled-e1761047047989.jpg","articleSection":["Entrepreneurs","Environnement","Innovation"],"inLanguage":"fr-FR"},{"@type":"WebPage","@id":"https:\/\/www.forbes.be\/fr\/noosa-une-fibre-textile-biosourcee-face-au-tournant-reglementaire-europeen\/","url":"https:\/\/www.forbes.be\/fr\/noosa-une-fibre-textile-biosourcee-face-au-tournant-reglementaire-europeen\/","name":"Noosa : une fibre textile biosourc\u00e9e face au tournant r\u00e9glementaire europ\u00e9en | Forbes Belgique","isPartOf":{"@id":"https:\/\/www.forbes.be\/fr\/#website"},"primaryImageOfPage":{"@id":"https:\/\/www.forbes.be\/fr\/noosa-une-fibre-textile-biosourcee-face-au-tournant-reglementaire-europeen\/#primaryimage"},"image":{"@id":"https:\/\/www.forbes.be\/fr\/noosa-une-fibre-textile-biosourcee-face-au-tournant-reglementaire-europeen\/#primaryimage"},"thumbnailUrl":"https:\/\/www.forbes.be\/fr\/wp-content\/uploads\/2025\/10\/noosa2110-scaled-e1761047047989.jpg","datePublished":"2025-10-21T11:48:20+00:00","dateModified":"2025-10-21T11:50:22+00:00","description":"La start-up belge Noosa, fond\u00e9e par Luna Aslan (Forbes 30 Under 30), mise sur sa fibre biosourc\u00e9e et recyclable Noocycle pour r\u00e9pondre \u00e0 la nouvelle directive textile europ\u00e9enne.","breadcrumb":{"@id":"https:\/\/www.forbes.be\/fr\/noosa-une-fibre-textile-biosourcee-face-au-tournant-reglementaire-europeen\/#breadcrumb"},"inLanguage":"fr-FR","potentialAction":[{"@type":"ReadAction","target":["https:\/\/www.forbes.be\/fr\/noosa-une-fibre-textile-biosourcee-face-au-tournant-reglementaire-europeen\/"]}]},{"@type":"ImageObject","inLanguage":"fr-FR","@id":"https:\/\/www.forbes.be\/fr\/noosa-une-fibre-textile-biosourcee-face-au-tournant-reglementaire-europeen\/#primaryimage","url":"https:\/\/www.forbes.be\/fr\/wp-content\/uploads\/2025\/10\/noosa2110-scaled-e1761047047989.jpg","contentUrl":"https:\/\/www.forbes.be\/fr\/wp-content\/uploads\/2025\/10\/noosa2110-scaled-e1761047047989.jpg","width":2560,"height":1340,"caption":"\u00a9 Noosa"},{"@type":"BreadcrumbList","@id":"https:\/\/www.forbes.be\/fr\/noosa-une-fibre-textile-biosourcee-face-au-tournant-reglementaire-europeen\/#breadcrumb","itemListElement":[{"@type":"ListItem","position":1,"name":"Accueil","item":"https:\/\/www.forbes.be\/fr\/"},{"@type":"ListItem","position":2,"name":"Noosa : une fibre textile biosourc\u00e9e face au tournant r\u00e9glementaire europ\u00e9en"}]},{"@type":"WebSite","@id":"https:\/\/www.forbes.be\/fr\/#website","url":"https:\/\/www.forbes.be\/fr\/","name":"Forbes Belgique","description":"","publisher":{"@id":"https:\/\/www.forbes.be\/fr\/#organization"},"potentialAction":[{"@type":"SearchAction","target":{"@type":"EntryPoint","urlTemplate":"https:\/\/www.forbes.be\/fr\/?s={search_term_string}"},"query-input":{"@type":"PropertyValueSpecification","valueRequired":true,"valueName":"search_term_string"}}],"inLanguage":"fr-FR"},{"@type":"Organization","@id":"https:\/\/www.forbes.be\/fr\/#organization","name":"Forbes Belgique","url":"https:\/\/www.forbes.be\/fr\/","logo":{"@type":"ImageObject","inLanguage":"fr-FR","@id":"https:\/\/www.forbes.be\/fr\/#\/schema\/logo\/image\/","url":"https:\/\/www.forbes.be\/fr\/wp-content\/uploads\/2024\/02\/forbes.be_.png","contentUrl":"https:\/\/www.forbes.be\/fr\/wp-content\/uploads\/2024\/02\/forbes.be_.png","width":1200,"height":675,"caption":"Forbes Belgique"},"image":{"@id":"https:\/\/www.forbes.be\/fr\/#\/schema\/logo\/image\/"},"sameAs":["https:\/\/www.facebook.com\/forbesbelgique\/","https:\/\/www.instagram.com\/Forbes_Belgium","https:\/\/www.linkedin.com\/company\/forbes-belgium\/"]},{"@type":"Person","@id":"https:\/\/www.forbes.be\/fr\/#\/schema\/person\/5e9af5383f8e0ffec564788f40ac92c8","name":"Martin Boonen","image":{"@type":"ImageObject","inLanguage":"fr-FR","@id":"https:\/\/www.forbes.be\/fr\/wp-content\/uploads\/2025\/10\/capture-decran-2024-11-15-a-093849-300x300-1-100x100.png","url":"https:\/\/www.forbes.be\/fr\/wp-content\/uploads\/2025\/10\/capture-decran-2024-11-15-a-093849-300x300-1-100x100.png","contentUrl":"https:\/\/www.forbes.be\/fr\/wp-content\/uploads\/2025\/10\/capture-decran-2024-11-15-a-093849-300x300-1-100x100.png","caption":"Martin Boonen"},"description":"Martin Boonen est journaliste dipl\u00f4m\u00e9 de l'Institut de Journalisme de Bruxelles (2012). Il collabor\u00e9 avec de nombreuses r\u00e9dactions \u00e0 diff\u00e9rent niveau de responsabilit\u00e9 : journaliste, chef de rubrique, secr\u00e9taire de r\u00e9daction et r\u00e9dacteur en chef, tant sur le web que pour la presse imprim\u00e9e. Sp\u00e9cialis\u00e9 dans les startups et l'entrepreneuriat \u00e0 impact, il est devenu en 2025 r\u00e9dacteur en chef du site web de Forbes Belgique. Il est affili\u00e9 \u00e0 l'Organisation Mondiale de la Presse P\u00e9riodique depuis 2011.","sameAs":["https:\/\/www.linkedin.com\/in\/martin-boonen-61499951\/"],"url":"https:\/\/www.forbes.be\/fr\/author\/martin-boonen\/"}]}},"_links":{"self":[{"href":"https:\/\/www.forbes.be\/fr\/wp-json\/wp\/v2\/posts\/12984","targetHints":{"allow":["GET"]}}],"collection":[{"href":"https:\/\/www.forbes.be\/fr\/wp-json\/wp\/v2\/posts"}],"about":[{"href":"https:\/\/www.forbes.be\/fr\/wp-json\/wp\/v2\/types\/post"}],"author":[{"embeddable":true,"href":"https:\/\/www.forbes.be\/fr\/wp-json\/wp\/v2\/users\/47"}],"replies":[{"embeddable":true,"href":"https:\/\/www.forbes.be\/fr\/wp-json\/wp\/v2\/comments?post=12984"}],"version-history":[{"count":4,"href":"https:\/\/www.forbes.be\/fr\/wp-json\/wp\/v2\/posts\/12984\/revisions"}],"predecessor-version":[{"id":12993,"href":"https:\/\/www.forbes.be\/fr\/wp-json\/wp\/v2\/posts\/12984\/revisions\/12993"}],"wp:featuredmedia":[{"embeddable":true,"href":"https:\/\/www.forbes.be\/fr\/wp-json\/wp\/v2\/media\/12989"}],"wp:attachment":[{"href":"https:\/\/www.forbes.be\/fr\/wp-json\/wp\/v2\/media?parent=12984"}],"wp:term":[{"taxonomy":"category","embeddable":true,"href":"https:\/\/www.forbes.be\/fr\/wp-json\/wp\/v2\/categories?post=12984"},{"taxonomy":"post_tag","embeddable":true,"href":"https:\/\/www.forbes.be\/fr\/wp-json\/wp\/v2\/tags?post=12984"}],"curies":[{"name":"wp","href":"https:\/\/api.w.org\/{rel}","templated":true}]}}