{"id":13097,"date":"2025-10-28T07:57:37","date_gmt":"2025-10-28T06:57:37","guid":{"rendered":"https:\/\/www.forbes.be\/fr\/?p=13097"},"modified":"2025-10-29T11:33:36","modified_gmt":"2025-10-29T10:33:36","slug":"la-holding-belge-datasharp-acquiert-techsalerator-naissance-dun-leader-mondial-de-la-business-data","status":"publish","type":"post","link":"https:\/\/www.forbes.be\/fr\/la-holding-belge-datasharp-acquiert-techsalerator-naissance-dun-leader-mondial-de-la-business-data\/","title":{"rendered":"La holding belge Datasharp acquiert Techsalerator : naissance d\u2019un leader mondial de la business data ?"},"content":{"rendered":"<p><strong>La holding belge Datasharp annonce l\u2019acquisition de Techsalerator, une plateforme am\u00e9ricaine de donn\u00e9es B2B en forte croissance. Cette op\u00e9ration strat\u00e9gique renforce son ambition de devenir la colonne vert\u00e9brale mondiale de la business data \u00e0 l\u2019\u00e8re de l\u2019intelligence artificielle.<\/strong><\/p>\n<p>Cr\u00e9\u00e9e en 2024 par <strong>Antoine Bruyns<\/strong> et <strong>Didier Baclin<\/strong>, <strong><a href=\"https:\/\/www.datasharp.com\/\" target=\"_blank\" rel=\"noopener\">Datasharp<\/a><\/strong> s\u2019inscrit dans une logique \u00ab\u00a0d\u2019entrepreneuriat par acquisition\u00a0\u00bb, visant \u00e0 f\u00e9d\u00e9rer sous une m\u00eame infrastructure technologique des entreprises rentables du secteur des donn\u00e9es professionnelles. Soutenue par le <strong>fonds belge Strada Partners<\/strong>, la holding a d\u00e9j\u00e0 rachet\u00e9 Infobel en mai 2025, r\u00e9f\u00e9rence belge dans les bases de donn\u00e9es B2B. L\u2019acquisition de <strong><a href=\"https:\/\/www.techsalerator.com\/\" target=\"_blank\" rel=\"noopener\">Techsalerator<\/a><\/strong>, officialis\u00e9e en octobre 2025, constitue une nouvelle \u00e9tape majeure dans cette strat\u00e9gie de consolidation.<\/p>\n<h2>Techsalerator : un acteur cl\u00e9 des marketplaces de donn\u00e9es<\/h2>\n<p>Fond\u00e9e en 2020 \u00e0 Fort Lauderdale par <strong>Max Wahba<\/strong>, <strong>Techsalerator<\/strong> s\u2019est impos\u00e9e comme une des <em>marketplaces<\/em> de donn\u00e9es les plus dynamiques au niveau mondial. Elle propose un acc\u00e8s \u00e0 plus de 320 millions d\u2019entreprises dans plus de 200 pays, avec des <em>datasets<\/em> enrichis couvrant donn\u00e9es firmographiques, technographiques, de financement, ESG, ainsi que des donn\u00e9es alternatives comme les points d\u2019int\u00e9r\u00eat ou la m\u00e9t\u00e9o. L\u2019entreprise emploie entre 60 et 75 personnes r\u00e9parties entre les \u00c9tats-Unis, le Br\u00e9sil, les Philippines et Isra\u00ebl, et affiche une croissance annuelle de plus de 50%.<\/p>\n<p>Parmi ses clients figurent J.P. Morgan, FedEx, Nas Daily, AllState et plusieurs plateformes majeures en intelligence artificielle, gestion des risques et sales intelligence. Techsalerator est \u00e9galement int\u00e9gr\u00e9e \u00e0 des environnements technologiques tels que AWS Marketplace et Databricks, facilitant l\u2019acc\u00e8s \u00e0 ses donn\u00e9es pour les plateformes SaaS et les applications d\u2019IA.<\/p>\n<h2>Une op\u00e9ration au c\u0153ur des ambitions internationales de Datasharp<\/h2>\n<p>Cette acquisition permet \u00e0 <strong>Datasharp<\/strong> d&rsquo;\u00e9tendre son empreinte mondiale avec d\u00e9sormais quatre hubs \u00e0 Miami, Bruxelles, Londres et Paris. \u00ab<em> Cette op\u00e9ration renforce notre pr\u00e9sence mondiale et positionne Techsalerator comme la colonne vert\u00e9brale de distribution dans notre \u00e9cosyst\u00e8me. Max et son \u00e9quipe ont construit une entreprise exceptionnelle au c\u0153ur de l\u2019\u00e9conomie de la data<\/em> \u00bb, d\u00e9clare <strong>Antoine Bruyns<\/strong>, <strong>CEO<\/strong> et cofondateur de <strong>Datasharp<\/strong>.<\/p>\n<figure id=\"attachment_13102\" aria-describedby=\"caption-attachment-13102\" style=\"width: 1920px\" class=\"wp-caption alignnone\"><img loading=\"lazy\" decoding=\"async\" class=\"size-full wp-image-13102\" src=\"https:\/\/www.forbes.be\/fr\/wp-content\/uploads\/2025\/10\/max-antoine-datasharp3-scaled.jpg\" alt=\"\" width=\"1920\" height=\"2560\" srcset=\"https:\/\/www.forbes.be\/fr\/wp-content\/uploads\/2025\/10\/max-antoine-datasharp3-scaled.jpg 1920w, https:\/\/www.forbes.be\/fr\/wp-content\/uploads\/2025\/10\/max-antoine-datasharp3-225x300.jpg 225w, https:\/\/www.forbes.be\/fr\/wp-content\/uploads\/2025\/10\/max-antoine-datasharp3-768x1024.jpg 768w, https:\/\/www.forbes.be\/fr\/wp-content\/uploads\/2025\/10\/max-antoine-datasharp3-1152x1536.jpg 1152w, https:\/\/www.forbes.be\/fr\/wp-content\/uploads\/2025\/10\/max-antoine-datasharp3-1536x2048.jpg 1536w, https:\/\/www.forbes.be\/fr\/wp-content\/uploads\/2025\/10\/max-antoine-datasharp3-696x928.jpg 696w, https:\/\/www.forbes.be\/fr\/wp-content\/uploads\/2025\/10\/max-antoine-datasharp3-1068x1424.jpg 1068w, https:\/\/www.forbes.be\/fr\/wp-content\/uploads\/2025\/10\/max-antoine-datasharp3-600x800.jpg 600w\" sizes=\"auto, (max-width: 1920px) 100vw, 1920px\" \/><figcaption id=\"caption-attachment-13102\" class=\"wp-caption-text\">Max Wahba (Techsalerator) et Antoine Bruyns (Datasharp) \u00a9 DR<\/figcaption><\/figure>\n<p>Le fondateur de <strong>Techsalerator<\/strong>, <strong>Max Wahba<\/strong>, jouera un r\u00f4le central dans le d\u00e9veloppement de la pr\u00e9sence am\u00e9ricaine de <strong>Datasharp<\/strong> et pilotera \u00e9galement l\u2019ouverture d\u2019un nouveau hub en Isra\u00ebl. \u00ab <em>En combinant la port\u00e9e mondiale de <strong>Techsalerator<\/strong> \u00e0 la puissance de <strong>Datasharp<\/strong>, nous b\u00e2tissons un \u00e9cosyst\u00e8me de data complet qui permettra aux innovateurs de construire plus vite, plus intelligemment et en toute confiance<\/em> \u00bb, affirme-t-il.<\/p>\n<h2>Une vision commune : b\u00e2tir l\u2019infrastructure de donn\u00e9es de l\u2019IA<\/h2>\n<p><strong>Didier Baclin<\/strong>, CTO de <strong>Datasharp<\/strong>, souligne l\u2019importance strat\u00e9gique de cette op\u00e9ration dans un contexte o\u00f9 les donn\u00e9es de qualit\u00e9 deviennent un levier incontournable pour l\u2019adoption de l\u2019IA : \u00ab <em>Cette acquisition renforce notre capacit\u00e9 \u00e0 fournir des flux de data propres, connect\u00e9s et \u00e9volutifs, en levant les obstacles qui freinent l\u2019adoption de l\u2019IA. Datasharp s\u2019impose d\u00e9sormais comme la colonne vert\u00e9brale de l\u2019\u00e9conomie intelligente<\/em> \u00bb.<\/p>\n<p>Le soutien de <strong>Strada Partners<\/strong>, actionnaire principal de <strong>Datasharp<\/strong>, conforte cette ambition. <strong>Bart Wouters<\/strong>, Managing Partner, y voit \u00ab <em>une opportunit\u00e9 unique de consolider un march\u00e9 encore fragment\u00e9 et de cr\u00e9er un leader transatlantique de l\u2019infrastructure de data mondiale<\/em> \u00bb.<\/p>\n<h2>Un socle technologique pour l\u2019\u00e9conomie de demain<\/h2>\n<p>Avec <strong>Techsalerator<\/strong>, <strong>Datasharp<\/strong> consolide son positionnement comme acteur structurant de l\u2019<strong>\u00e9conomie num\u00e9rique<\/strong>, visant \u00e0 rendre l\u2019infrastructure de donn\u00e9es aussi essentielle que le cloud pour les syst\u00e8mes intelligents. Sa mission : d\u00e9mocratiser l\u2019acc\u00e8s \u00e0 une donn\u00e9e d\u2019entreprise fiable, connect\u00e9e, conforme et actualis\u00e9e, au service des plateformes SaaS et des constructeurs d\u2019IA.<\/p>\n<p>La combinaison des expertises de <strong>Datasharp<\/strong> en structuration et enrichissement des donn\u00e9es, et de celles de <strong>Techsalerator<\/strong> en distribution et agr\u00e9gation de <em>datasets<\/em> \u00e0 grande \u00e9chelle, donne naissance \u00e0 une infrastructure de donn\u00e9es de nouvelle g\u00e9n\u00e9ration, con\u00e7ue pour r\u00e9pondre aux exigences croissantes de l\u2019\u00e9conomie <em>data-driven<\/em>.<\/p>\n","protected":false},"excerpt":{"rendered":"<p>La holding belge Datasharp annonce l\u2019acquisition de Techsalerator, une plateforme am\u00e9ricaine de donn\u00e9es B2B en forte croissance. Cette op\u00e9ration strat\u00e9gique renforce son ambition de devenir la colonne vert\u00e9brale mondiale de la business data \u00e0 l\u2019\u00e8re de l\u2019intelligence artificielle. Cr\u00e9\u00e9e en 2024 par Antoine Bruyns et Didier Baclin, Datasharp s\u2019inscrit dans une logique \u00ab\u00a0d\u2019entrepreneuriat par acquisition\u00a0\u00bb, [&hellip;]<\/p>\n","protected":false},"author":47,"featured_media":13101,"comment_status":"closed","ping_status":"closed","sticky":false,"template":"","format":"standard","meta":{"_acf_changed":false,"inline_featured_image":false,"footnotes":""},"categories":[1,75,77],"tags":[],"class_list":{"0":"post-13097","1":"post","2":"type-post","3":"status-publish","4":"format-standard","5":"has-post-thumbnail","7":"category-actualite","8":"category-entreprise","9":"category-international"},"acf":[],"_yoast_wpseo_title":null,"_yoast_wpseo_metadesc":"Datasharp rach\u00e8te l\u2019am\u00e9ricain Techsalerator et pose un jalon cl\u00e9 vers son ambition : devenir le leader mondial de la business data \u00e0 l\u2019\u00e8re de l\u2019intelligence artificielle.","auteur_traducteur":"","yoast_head":"<!-- This site is optimized with the Yoast SEO plugin v27.4 - https:\/\/yoast.com\/product\/yoast-seo-wordpress\/ -->\n<title>La holding belge Datasharp acquiert Techsalerator : naissance d\u2019un leader mondial de la business data ? | Forbes Belgique<\/title>\n<meta name=\"description\" content=\"Datasharp rach\u00e8te l\u2019am\u00e9ricain Techsalerator et pose un jalon cl\u00e9 vers son ambition : devenir le leader mondial de la business data \u00e0 l\u2019\u00e8re de l\u2019intelligence artificielle.\" \/>\n<meta name=\"robots\" content=\"index, follow, max-snippet:-1, max-image-preview:large, max-video-preview:-1\" \/>\n<link rel=\"canonical\" href=\"https:\/\/www.forbes.be\/fr\/la-holding-belge-datasharp-acquiert-techsalerator-naissance-dun-leader-mondial-de-la-business-data\/\" \/>\n<meta property=\"og:locale\" content=\"fr_FR\" \/>\n<meta property=\"og:type\" content=\"article\" \/>\n<meta property=\"og:title\" content=\"La holding belge Datasharp acquiert Techsalerator : naissance d\u2019un leader mondial de la business data ? | Forbes Belgique\" \/>\n<meta property=\"og:description\" content=\"Datasharp rach\u00e8te l\u2019am\u00e9ricain Techsalerator et pose un jalon cl\u00e9 vers son ambition : devenir le leader mondial de la business data \u00e0 l\u2019\u00e8re de l\u2019intelligence artificielle.\" \/>\n<meta property=\"og:url\" content=\"https:\/\/www.forbes.be\/fr\/la-holding-belge-datasharp-acquiert-techsalerator-naissance-dun-leader-mondial-de-la-business-data\/\" \/>\n<meta property=\"og:site_name\" content=\"Forbes Belgique\" \/>\n<meta property=\"article:publisher\" content=\"https:\/\/www.facebook.com\/forbesbelgique\/\" \/>\n<meta property=\"article:published_time\" content=\"2025-10-28T06:57:37+00:00\" \/>\n<meta property=\"article:modified_time\" content=\"2025-10-29T10:33:36+00:00\" \/>\n<meta property=\"og:image\" content=\"https:\/\/www.forbes.be\/fr\/wp-content\/uploads\/2025\/10\/max-antoine-datasharp2-scaled-e1761734006753.jpg\" \/>\n\t<meta property=\"og:image:width\" content=\"2560\" \/>\n\t<meta property=\"og:image:height\" content=\"1340\" \/>\n\t<meta property=\"og:image:type\" content=\"image\/jpeg\" \/>\n<meta name=\"author\" content=\"Martin Boonen\" \/>\n<meta name=\"twitter:card\" content=\"summary_large_image\" \/>\n<meta name=\"twitter:label1\" content=\"\u00c9crit par\" \/>\n\t<meta name=\"twitter:data1\" content=\"Martin Boonen\" \/>\n\t<meta name=\"twitter:label2\" content=\"Dur\u00e9e de lecture estim\u00e9e\" \/>\n\t<meta name=\"twitter:data2\" content=\"4 minutes\" \/>\n<script type=\"application\/ld+json\" class=\"yoast-schema-graph\">{\"@context\":\"https:\\\/\\\/schema.org\",\"@graph\":[{\"@type\":\"NewsArticle\",\"@id\":\"https:\\\/\\\/www.forbes.be\\\/fr\\\/la-holding-belge-datasharp-acquiert-techsalerator-naissance-dun-leader-mondial-de-la-business-data\\\/#article\",\"isPartOf\":{\"@id\":\"https:\\\/\\\/www.forbes.be\\\/fr\\\/la-holding-belge-datasharp-acquiert-techsalerator-naissance-dun-leader-mondial-de-la-business-data\\\/\"},\"author\":{\"name\":\"Martin Boonen\",\"@id\":\"https:\\\/\\\/www.forbes.be\\\/fr\\\/#\\\/schema\\\/person\\\/5e9af5383f8e0ffec564788f40ac92c8\"},\"headline\":\"La holding belge Datasharp acquiert Techsalerator : naissance d\u2019un leader mondial de la business data ?\",\"datePublished\":\"2025-10-28T06:57:37+00:00\",\"dateModified\":\"2025-10-29T10:33:36+00:00\",\"mainEntityOfPage\":{\"@id\":\"https:\\\/\\\/www.forbes.be\\\/fr\\\/la-holding-belge-datasharp-acquiert-techsalerator-naissance-dun-leader-mondial-de-la-business-data\\\/\"},\"wordCount\":717,\"publisher\":{\"@id\":\"https:\\\/\\\/www.forbes.be\\\/fr\\\/#organization\"},\"image\":{\"@id\":\"https:\\\/\\\/www.forbes.be\\\/fr\\\/la-holding-belge-datasharp-acquiert-techsalerator-naissance-dun-leader-mondial-de-la-business-data\\\/#primaryimage\"},\"thumbnailUrl\":\"https:\\\/\\\/www.forbes.be\\\/fr\\\/wp-content\\\/uploads\\\/2025\\\/10\\\/max-antoine-datasharp2-scaled-e1761734006753.jpg\",\"articleSection\":[\"Actualit\u00e9s\",\"Entreprise\",\"International\"],\"inLanguage\":\"fr-FR\"},{\"@type\":\"WebPage\",\"@id\":\"https:\\\/\\\/www.forbes.be\\\/fr\\\/la-holding-belge-datasharp-acquiert-techsalerator-naissance-dun-leader-mondial-de-la-business-data\\\/\",\"url\":\"https:\\\/\\\/www.forbes.be\\\/fr\\\/la-holding-belge-datasharp-acquiert-techsalerator-naissance-dun-leader-mondial-de-la-business-data\\\/\",\"name\":\"La holding belge Datasharp acquiert Techsalerator : naissance d\u2019un leader mondial de la business data ? | Forbes Belgique\",\"isPartOf\":{\"@id\":\"https:\\\/\\\/www.forbes.be\\\/fr\\\/#website\"},\"primaryImageOfPage\":{\"@id\":\"https:\\\/\\\/www.forbes.be\\\/fr\\\/la-holding-belge-datasharp-acquiert-techsalerator-naissance-dun-leader-mondial-de-la-business-data\\\/#primaryimage\"},\"image\":{\"@id\":\"https:\\\/\\\/www.forbes.be\\\/fr\\\/la-holding-belge-datasharp-acquiert-techsalerator-naissance-dun-leader-mondial-de-la-business-data\\\/#primaryimage\"},\"thumbnailUrl\":\"https:\\\/\\\/www.forbes.be\\\/fr\\\/wp-content\\\/uploads\\\/2025\\\/10\\\/max-antoine-datasharp2-scaled-e1761734006753.jpg\",\"datePublished\":\"2025-10-28T06:57:37+00:00\",\"dateModified\":\"2025-10-29T10:33:36+00:00\",\"description\":\"Datasharp rach\u00e8te l\u2019am\u00e9ricain Techsalerator et pose un jalon cl\u00e9 vers son ambition : devenir le leader mondial de la business data \u00e0 l\u2019\u00e8re de l\u2019intelligence artificielle.\",\"breadcrumb\":{\"@id\":\"https:\\\/\\\/www.forbes.be\\\/fr\\\/la-holding-belge-datasharp-acquiert-techsalerator-naissance-dun-leader-mondial-de-la-business-data\\\/#breadcrumb\"},\"inLanguage\":\"fr-FR\",\"potentialAction\":[{\"@type\":\"ReadAction\",\"target\":[\"https:\\\/\\\/www.forbes.be\\\/fr\\\/la-holding-belge-datasharp-acquiert-techsalerator-naissance-dun-leader-mondial-de-la-business-data\\\/\"]}]},{\"@type\":\"ImageObject\",\"inLanguage\":\"fr-FR\",\"@id\":\"https:\\\/\\\/www.forbes.be\\\/fr\\\/la-holding-belge-datasharp-acquiert-techsalerator-naissance-dun-leader-mondial-de-la-business-data\\\/#primaryimage\",\"url\":\"https:\\\/\\\/www.forbes.be\\\/fr\\\/wp-content\\\/uploads\\\/2025\\\/10\\\/max-antoine-datasharp2-scaled-e1761734006753.jpg\",\"contentUrl\":\"https:\\\/\\\/www.forbes.be\\\/fr\\\/wp-content\\\/uploads\\\/2025\\\/10\\\/max-antoine-datasharp2-scaled-e1761734006753.jpg\",\"width\":2560,\"height\":1340,\"caption\":\"Max Wahba (Techsalerator) et Antoine Bruyns (Datasharp) \u00a9 DR\"},{\"@type\":\"BreadcrumbList\",\"@id\":\"https:\\\/\\\/www.forbes.be\\\/fr\\\/la-holding-belge-datasharp-acquiert-techsalerator-naissance-dun-leader-mondial-de-la-business-data\\\/#breadcrumb\",\"itemListElement\":[{\"@type\":\"ListItem\",\"position\":1,\"name\":\"Accueil\",\"item\":\"https:\\\/\\\/www.forbes.be\\\/fr\\\/\"},{\"@type\":\"ListItem\",\"position\":2,\"name\":\"La holding belge Datasharp acquiert Techsalerator : naissance d\u2019un leader mondial de la business data ?\"}]},{\"@type\":\"WebSite\",\"@id\":\"https:\\\/\\\/www.forbes.be\\\/fr\\\/#website\",\"url\":\"https:\\\/\\\/www.forbes.be\\\/fr\\\/\",\"name\":\"Forbes Belgique\",\"description\":\"\",\"publisher\":{\"@id\":\"https:\\\/\\\/www.forbes.be\\\/fr\\\/#organization\"},\"potentialAction\":[{\"@type\":\"SearchAction\",\"target\":{\"@type\":\"EntryPoint\",\"urlTemplate\":\"https:\\\/\\\/www.forbes.be\\\/fr\\\/?s={search_term_string}\"},\"query-input\":{\"@type\":\"PropertyValueSpecification\",\"valueRequired\":true,\"valueName\":\"search_term_string\"}}],\"inLanguage\":\"fr-FR\"},{\"@type\":\"Organization\",\"@id\":\"https:\\\/\\\/www.forbes.be\\\/fr\\\/#organization\",\"name\":\"Forbes Belgique\",\"url\":\"https:\\\/\\\/www.forbes.be\\\/fr\\\/\",\"logo\":{\"@type\":\"ImageObject\",\"inLanguage\":\"fr-FR\",\"@id\":\"https:\\\/\\\/www.forbes.be\\\/fr\\\/#\\\/schema\\\/logo\\\/image\\\/\",\"url\":\"https:\\\/\\\/www.forbes.be\\\/fr\\\/wp-content\\\/uploads\\\/2024\\\/02\\\/forbes.be_.png\",\"contentUrl\":\"https:\\\/\\\/www.forbes.be\\\/fr\\\/wp-content\\\/uploads\\\/2024\\\/02\\\/forbes.be_.png\",\"width\":1200,\"height\":675,\"caption\":\"Forbes Belgique\"},\"image\":{\"@id\":\"https:\\\/\\\/www.forbes.be\\\/fr\\\/#\\\/schema\\\/logo\\\/image\\\/\"},\"sameAs\":[\"https:\\\/\\\/www.facebook.com\\\/forbesbelgique\\\/\",\"https:\\\/\\\/www.instagram.com\\\/Forbes_Belgium\",\"https:\\\/\\\/www.linkedin.com\\\/company\\\/forbes-belgium\\\/\"]},{\"@type\":\"Person\",\"@id\":\"https:\\\/\\\/www.forbes.be\\\/fr\\\/#\\\/schema\\\/person\\\/5e9af5383f8e0ffec564788f40ac92c8\",\"name\":\"Martin Boonen\",\"image\":{\"@type\":\"ImageObject\",\"inLanguage\":\"fr-FR\",\"@id\":\"https:\\\/\\\/www.forbes.be\\\/fr\\\/wp-content\\\/uploads\\\/2025\\\/10\\\/capture-decran-2024-11-15-a-093849-300x300-1-100x100.png\",\"url\":\"https:\\\/\\\/www.forbes.be\\\/fr\\\/wp-content\\\/uploads\\\/2025\\\/10\\\/capture-decran-2024-11-15-a-093849-300x300-1-100x100.png\",\"contentUrl\":\"https:\\\/\\\/www.forbes.be\\\/fr\\\/wp-content\\\/uploads\\\/2025\\\/10\\\/capture-decran-2024-11-15-a-093849-300x300-1-100x100.png\",\"caption\":\"Martin Boonen\"},\"description\":\"Martin Boonen est journaliste dipl\u00f4m\u00e9 de l'Institut de Journalisme de Bruxelles (2012). Il collabor\u00e9 avec de nombreuses r\u00e9dactions \u00e0 diff\u00e9rent niveau de responsabilit\u00e9 : journaliste, chef de rubrique, secr\u00e9taire de r\u00e9daction et r\u00e9dacteur en chef, tant sur le web que pour la presse imprim\u00e9e. Sp\u00e9cialis\u00e9 dans les startups et l'entrepreneuriat \u00e0 impact, il est devenu en 2025 r\u00e9dacteur en chef du site web de Forbes Belgique. Il est affili\u00e9 \u00e0 l'Organisation Mondiale de la Presse P\u00e9riodique depuis 2011.\",\"sameAs\":[\"https:\\\/\\\/www.linkedin.com\\\/in\\\/martin-boonen-61499951\\\/\"],\"url\":\"https:\\\/\\\/www.forbes.be\\\/fr\\\/author\\\/martin-boonen\\\/\"}]}<\/script>\n<!-- \/ Yoast SEO plugin. -->","yoast_head_json":{"title":"La holding belge Datasharp acquiert Techsalerator : naissance d\u2019un leader mondial de la business data ? | Forbes Belgique","description":"Datasharp rach\u00e8te l\u2019am\u00e9ricain Techsalerator et pose un jalon cl\u00e9 vers son ambition : devenir le leader mondial de la business data \u00e0 l\u2019\u00e8re de l\u2019intelligence artificielle.","robots":{"index":"index","follow":"follow","max-snippet":"max-snippet:-1","max-image-preview":"max-image-preview:large","max-video-preview":"max-video-preview:-1"},"canonical":"https:\/\/www.forbes.be\/fr\/la-holding-belge-datasharp-acquiert-techsalerator-naissance-dun-leader-mondial-de-la-business-data\/","og_locale":"fr_FR","og_type":"article","og_title":"La holding belge Datasharp acquiert Techsalerator : naissance d\u2019un leader mondial de la business data ? | Forbes Belgique","og_description":"Datasharp rach\u00e8te l\u2019am\u00e9ricain Techsalerator et pose un jalon cl\u00e9 vers son ambition : devenir le leader mondial de la business data \u00e0 l\u2019\u00e8re de l\u2019intelligence artificielle.","og_url":"https:\/\/www.forbes.be\/fr\/la-holding-belge-datasharp-acquiert-techsalerator-naissance-dun-leader-mondial-de-la-business-data\/","og_site_name":"Forbes Belgique","article_publisher":"https:\/\/www.facebook.com\/forbesbelgique\/","article_published_time":"2025-10-28T06:57:37+00:00","article_modified_time":"2025-10-29T10:33:36+00:00","og_image":[{"width":2560,"height":1340,"url":"https:\/\/www.forbes.be\/fr\/wp-content\/uploads\/2025\/10\/max-antoine-datasharp2-scaled-e1761734006753.jpg","type":"image\/jpeg"}],"author":"Martin Boonen","twitter_card":"summary_large_image","twitter_misc":{"\u00c9crit par":"Martin Boonen","Dur\u00e9e de lecture estim\u00e9e":"4 minutes"},"schema":{"@context":"https:\/\/schema.org","@graph":[{"@type":"NewsArticle","@id":"https:\/\/www.forbes.be\/fr\/la-holding-belge-datasharp-acquiert-techsalerator-naissance-dun-leader-mondial-de-la-business-data\/#article","isPartOf":{"@id":"https:\/\/www.forbes.be\/fr\/la-holding-belge-datasharp-acquiert-techsalerator-naissance-dun-leader-mondial-de-la-business-data\/"},"author":{"name":"Martin Boonen","@id":"https:\/\/www.forbes.be\/fr\/#\/schema\/person\/5e9af5383f8e0ffec564788f40ac92c8"},"headline":"La holding belge Datasharp acquiert Techsalerator : naissance d\u2019un leader mondial de la business data ?","datePublished":"2025-10-28T06:57:37+00:00","dateModified":"2025-10-29T10:33:36+00:00","mainEntityOfPage":{"@id":"https:\/\/www.forbes.be\/fr\/la-holding-belge-datasharp-acquiert-techsalerator-naissance-dun-leader-mondial-de-la-business-data\/"},"wordCount":717,"publisher":{"@id":"https:\/\/www.forbes.be\/fr\/#organization"},"image":{"@id":"https:\/\/www.forbes.be\/fr\/la-holding-belge-datasharp-acquiert-techsalerator-naissance-dun-leader-mondial-de-la-business-data\/#primaryimage"},"thumbnailUrl":"https:\/\/www.forbes.be\/fr\/wp-content\/uploads\/2025\/10\/max-antoine-datasharp2-scaled-e1761734006753.jpg","articleSection":["Actualit\u00e9s","Entreprise","International"],"inLanguage":"fr-FR"},{"@type":"WebPage","@id":"https:\/\/www.forbes.be\/fr\/la-holding-belge-datasharp-acquiert-techsalerator-naissance-dun-leader-mondial-de-la-business-data\/","url":"https:\/\/www.forbes.be\/fr\/la-holding-belge-datasharp-acquiert-techsalerator-naissance-dun-leader-mondial-de-la-business-data\/","name":"La holding belge Datasharp acquiert Techsalerator : naissance d\u2019un leader mondial de la business data ? | Forbes Belgique","isPartOf":{"@id":"https:\/\/www.forbes.be\/fr\/#website"},"primaryImageOfPage":{"@id":"https:\/\/www.forbes.be\/fr\/la-holding-belge-datasharp-acquiert-techsalerator-naissance-dun-leader-mondial-de-la-business-data\/#primaryimage"},"image":{"@id":"https:\/\/www.forbes.be\/fr\/la-holding-belge-datasharp-acquiert-techsalerator-naissance-dun-leader-mondial-de-la-business-data\/#primaryimage"},"thumbnailUrl":"https:\/\/www.forbes.be\/fr\/wp-content\/uploads\/2025\/10\/max-antoine-datasharp2-scaled-e1761734006753.jpg","datePublished":"2025-10-28T06:57:37+00:00","dateModified":"2025-10-29T10:33:36+00:00","description":"Datasharp rach\u00e8te l\u2019am\u00e9ricain Techsalerator et pose un jalon cl\u00e9 vers son ambition : devenir le leader mondial de la business data \u00e0 l\u2019\u00e8re de l\u2019intelligence artificielle.","breadcrumb":{"@id":"https:\/\/www.forbes.be\/fr\/la-holding-belge-datasharp-acquiert-techsalerator-naissance-dun-leader-mondial-de-la-business-data\/#breadcrumb"},"inLanguage":"fr-FR","potentialAction":[{"@type":"ReadAction","target":["https:\/\/www.forbes.be\/fr\/la-holding-belge-datasharp-acquiert-techsalerator-naissance-dun-leader-mondial-de-la-business-data\/"]}]},{"@type":"ImageObject","inLanguage":"fr-FR","@id":"https:\/\/www.forbes.be\/fr\/la-holding-belge-datasharp-acquiert-techsalerator-naissance-dun-leader-mondial-de-la-business-data\/#primaryimage","url":"https:\/\/www.forbes.be\/fr\/wp-content\/uploads\/2025\/10\/max-antoine-datasharp2-scaled-e1761734006753.jpg","contentUrl":"https:\/\/www.forbes.be\/fr\/wp-content\/uploads\/2025\/10\/max-antoine-datasharp2-scaled-e1761734006753.jpg","width":2560,"height":1340,"caption":"Max Wahba (Techsalerator) et Antoine Bruyns (Datasharp) \u00a9 DR"},{"@type":"BreadcrumbList","@id":"https:\/\/www.forbes.be\/fr\/la-holding-belge-datasharp-acquiert-techsalerator-naissance-dun-leader-mondial-de-la-business-data\/#breadcrumb","itemListElement":[{"@type":"ListItem","position":1,"name":"Accueil","item":"https:\/\/www.forbes.be\/fr\/"},{"@type":"ListItem","position":2,"name":"La holding belge Datasharp acquiert Techsalerator : naissance d\u2019un leader mondial de la business data ?"}]},{"@type":"WebSite","@id":"https:\/\/www.forbes.be\/fr\/#website","url":"https:\/\/www.forbes.be\/fr\/","name":"Forbes Belgique","description":"","publisher":{"@id":"https:\/\/www.forbes.be\/fr\/#organization"},"potentialAction":[{"@type":"SearchAction","target":{"@type":"EntryPoint","urlTemplate":"https:\/\/www.forbes.be\/fr\/?s={search_term_string}"},"query-input":{"@type":"PropertyValueSpecification","valueRequired":true,"valueName":"search_term_string"}}],"inLanguage":"fr-FR"},{"@type":"Organization","@id":"https:\/\/www.forbes.be\/fr\/#organization","name":"Forbes Belgique","url":"https:\/\/www.forbes.be\/fr\/","logo":{"@type":"ImageObject","inLanguage":"fr-FR","@id":"https:\/\/www.forbes.be\/fr\/#\/schema\/logo\/image\/","url":"https:\/\/www.forbes.be\/fr\/wp-content\/uploads\/2024\/02\/forbes.be_.png","contentUrl":"https:\/\/www.forbes.be\/fr\/wp-content\/uploads\/2024\/02\/forbes.be_.png","width":1200,"height":675,"caption":"Forbes Belgique"},"image":{"@id":"https:\/\/www.forbes.be\/fr\/#\/schema\/logo\/image\/"},"sameAs":["https:\/\/www.facebook.com\/forbesbelgique\/","https:\/\/www.instagram.com\/Forbes_Belgium","https:\/\/www.linkedin.com\/company\/forbes-belgium\/"]},{"@type":"Person","@id":"https:\/\/www.forbes.be\/fr\/#\/schema\/person\/5e9af5383f8e0ffec564788f40ac92c8","name":"Martin Boonen","image":{"@type":"ImageObject","inLanguage":"fr-FR","@id":"https:\/\/www.forbes.be\/fr\/wp-content\/uploads\/2025\/10\/capture-decran-2024-11-15-a-093849-300x300-1-100x100.png","url":"https:\/\/www.forbes.be\/fr\/wp-content\/uploads\/2025\/10\/capture-decran-2024-11-15-a-093849-300x300-1-100x100.png","contentUrl":"https:\/\/www.forbes.be\/fr\/wp-content\/uploads\/2025\/10\/capture-decran-2024-11-15-a-093849-300x300-1-100x100.png","caption":"Martin Boonen"},"description":"Martin Boonen est journaliste dipl\u00f4m\u00e9 de l'Institut de Journalisme de Bruxelles (2012). Il collabor\u00e9 avec de nombreuses r\u00e9dactions \u00e0 diff\u00e9rent niveau de responsabilit\u00e9 : journaliste, chef de rubrique, secr\u00e9taire de r\u00e9daction et r\u00e9dacteur en chef, tant sur le web que pour la presse imprim\u00e9e. Sp\u00e9cialis\u00e9 dans les startups et l'entrepreneuriat \u00e0 impact, il est devenu en 2025 r\u00e9dacteur en chef du site web de Forbes Belgique. Il est affili\u00e9 \u00e0 l'Organisation Mondiale de la Presse P\u00e9riodique depuis 2011.","sameAs":["https:\/\/www.linkedin.com\/in\/martin-boonen-61499951\/"],"url":"https:\/\/www.forbes.be\/fr\/author\/martin-boonen\/"}]}},"_links":{"self":[{"href":"https:\/\/www.forbes.be\/fr\/wp-json\/wp\/v2\/posts\/13097","targetHints":{"allow":["GET"]}}],"collection":[{"href":"https:\/\/www.forbes.be\/fr\/wp-json\/wp\/v2\/posts"}],"about":[{"href":"https:\/\/www.forbes.be\/fr\/wp-json\/wp\/v2\/types\/post"}],"author":[{"embeddable":true,"href":"https:\/\/www.forbes.be\/fr\/wp-json\/wp\/v2\/users\/47"}],"replies":[{"embeddable":true,"href":"https:\/\/www.forbes.be\/fr\/wp-json\/wp\/v2\/comments?post=13097"}],"version-history":[{"count":2,"href":"https:\/\/www.forbes.be\/fr\/wp-json\/wp\/v2\/posts\/13097\/revisions"}],"predecessor-version":[{"id":13103,"href":"https:\/\/www.forbes.be\/fr\/wp-json\/wp\/v2\/posts\/13097\/revisions\/13103"}],"wp:featuredmedia":[{"embeddable":true,"href":"https:\/\/www.forbes.be\/fr\/wp-json\/wp\/v2\/media\/13101"}],"wp:attachment":[{"href":"https:\/\/www.forbes.be\/fr\/wp-json\/wp\/v2\/media?parent=13097"}],"wp:term":[{"taxonomy":"category","embeddable":true,"href":"https:\/\/www.forbes.be\/fr\/wp-json\/wp\/v2\/categories?post=13097"},{"taxonomy":"post_tag","embeddable":true,"href":"https:\/\/www.forbes.be\/fr\/wp-json\/wp\/v2\/tags?post=13097"}],"curies":[{"name":"wp","href":"https:\/\/api.w.org\/{rel}","templated":true}]}}