{"id":13104,"date":"2025-10-29T06:56:15","date_gmt":"2025-10-29T05:56:15","guid":{"rendered":"https:\/\/www.forbes.be\/fr\/?p=13104"},"modified":"2025-10-29T11:30:30","modified_gmt":"2025-10-29T10:30:30","slug":"franck-victor-laurant-30-under-30-ne-pas-avoir-peur-de-lechec","status":"publish","type":"post","link":"https:\/\/www.forbes.be\/fr\/franck-victor-laurant-30-under-30-ne-pas-avoir-peur-de-lechec\/","title":{"rendered":"Franck-Victor Laurant, 30 under 30: \u00ab\u00a0ne pas avoir peur de l&rsquo;\u00e9chec\u00a0\u00bb"},"content":{"rendered":"<div class=\"custom-candidat-description\"><strong><a href=\"https:\/\/be.linkedin.com\/in\/gabriel-levie-623654117\/fr\">Gabriel Levie<\/a> et <a href=\"https:\/\/be.linkedin.com\/in\/franckvl\">Franck-Victor Laurant<\/a> sont les cofondateurs de <a href=\"https:\/\/www.wequity.app\/\">Wequity<\/a>, une start-up sp\u00e9cialis\u00e9e dans les donn\u00e9es ESG (environnement, social, gouvernance) qui utilise l&rsquo;intelligence artificielle pour analyser des informations provenant de diverses sources afin d&rsquo;aider les entreprises \u00e0 g\u00e9rer leurs obligations en la mati\u00e8re. Tous deux ont pass\u00e9 un moment de leur jeunesse \u00e0 l&rsquo;\u00e9tranger: \u00e0 Madagascar et au Cambodge dans le cadre d&rsquo;op\u00e9rations de volontariat pour Franck-Victor, et aux Etats-Unis et en Angleterre dans le cadre de ses \u00e9tudes pour Gabriel. Des exp\u00e9riences qui leur ont donn\u00e9 la volont\u00e9 de s&rsquo;impliquer dans des projets de soci\u00e9t\u00e9. En 2021, ils fondent Wequity et en quatre ans, ils ont r\u00e9ussi \u00e0 lever 2,6 millions d&rsquo;euros. Retour sur une success story, parfemois parsem\u00e9e d&#8217;emb\u00fbches, avec Franck-Victor Laurant.<\/strong><\/div>\n<p>&nbsp;<\/p>\n<div><strong>Forbes.be &#8211; Franck-Victor, comment vous est venue l&rsquo;id\u00e9e de Wequity?\u00a0<\/strong><\/div>\n<div><strong>Frack-Victor Laurant &#8211;<\/strong> J&rsquo;ai personnellement un parcours de juriste assez classique, avec des \u00e9tudes \u00e0 Saint-Louis puis \u00e0 l&rsquo;UCLouvain. Mais j&rsquo;ai toujours \u00e9t\u00e9 passionn\u00e9 par le digital. J&rsquo;ai m\u00eame commenc\u00e9 \u00e0 coder quand j&rsquo;\u00e9tais tr\u00e8s jeune. J&rsquo;\u00e9tais actif dans la cybers\u00e9curit\u00e9 aussi. Et je suis ensuite revenu, donc, vers un parcours juridique, m\u00eame si l&rsquo;entrepreneuriat est rest\u00e9 en moi. Quand j&rsquo;\u00e9tais en premi\u00e8re bachelier, j&rsquo;ai lanc\u00e9 une ASBL qui s&rsquo;appelle <a href=\"https:\/\/www.civix.digital\/\">Civix<\/a>. On a d\u00e9velopp\u00e9 une \u00a0application pour les \u00e9lections en 2019. On \u00e9tait premiers sur l&rsquo;AppStore et on avait une centaine d&rsquo;utilisateurs. Ce n&rsquo;\u00e9tait pas un projet \u00e0 but lucratif, mais \u00e7a m&rsquo;avait vraiment donn\u00e9 envie de continuer \u00e0 entreprendre. A la fin de mes \u00e9tudes, j&rsquo;ai reconnect\u00e9 avec Gabriel, avec qui j&rsquo;\u00e9tais \u00e0 l&rsquo;\u00e9cole primaire et que je n&rsquo;avais plus contact\u00e9 durant des ann\u00e9es. On s&rsquo;est retrouv\u00e9s ensemble en Master 1. Durant ses \u00e9tudes, il avait lanc\u00e9 une ONG qui poussait des grosses universit\u00e9s en Angleterre, comme Oxford ou Cambridge, \u00e0 d\u00e9sinvestir du p\u00e9trole et des \u00e9nergies fossiles. Il m&rsquo;a parl\u00e9 de la finance durable, et cela m&rsquo;a beaucoup int\u00e9ress\u00e9. On a donc d\u00e9cid\u00e9 de lancer quelque chose ensemble. Au tout d\u00e9but, on a discut\u00e9 avec plein de gens du secteur de la finance durable. On a rencontr\u00e9 plus d&rsquo;une centaine de personnes et d&rsquo;experts pendant six mois-un an. On a cr\u00e9\u00e9 une soci\u00e9t\u00e9 mais on n&rsquo;avait pas d&rsquo;argent. On a donc d\u00fb commencer par faire des sites internet, durant deux mois, ce qui nous a permis de g\u00e9n\u00e9rer 15.000 euros et de v\u00e9ritablement lancer Wequity. Un investisseur nous a pouss\u00e9s \u00e0 arr\u00eater le d\u00e9veloppement des sites internet pour nous concentrer sur notre nouveau business, en assurant l&rsquo;aspect financier. Et c&rsquo;est comme \u00e7a que la machine s&rsquo;est lanc\u00e9e.<\/div>\n<div><\/div>\n<div>\n<figure id=\"attachment_13125\" aria-describedby=\"caption-attachment-13125\" style=\"width: 508px\" class=\"wp-caption aligncenter\"><img loading=\"lazy\" decoding=\"async\" class=\" wp-image-13125\" src=\"https:\/\/www.forbes.be\/fr\/wp-content\/uploads\/2025\/10\/gabriel-levie-3-300x169.jpg\" alt=\"\" width=\"508\" height=\"286\" srcset=\"https:\/\/www.forbes.be\/fr\/wp-content\/uploads\/2025\/10\/gabriel-levie-3-300x169.jpg 300w, https:\/\/www.forbes.be\/fr\/wp-content\/uploads\/2025\/10\/gabriel-levie-3-1024x576.jpg 1024w, https:\/\/www.forbes.be\/fr\/wp-content\/uploads\/2025\/10\/gabriel-levie-3-768x432.jpg 768w, https:\/\/www.forbes.be\/fr\/wp-content\/uploads\/2025\/10\/gabriel-levie-3-1536x864.jpg 1536w, https:\/\/www.forbes.be\/fr\/wp-content\/uploads\/2025\/10\/gabriel-levie-3-2048x1152.jpg 2048w, https:\/\/www.forbes.be\/fr\/wp-content\/uploads\/2025\/10\/gabriel-levie-3-696x391.jpg 696w, https:\/\/www.forbes.be\/fr\/wp-content\/uploads\/2025\/10\/gabriel-levie-3-1068x600.jpg 1068w, https:\/\/www.forbes.be\/fr\/wp-content\/uploads\/2025\/10\/gabriel-levie-3-1920x1080.jpg 1920w, https:\/\/www.forbes.be\/fr\/wp-content\/uploads\/2025\/10\/gabriel-levie-3-600x337.jpg 600w\" sizes=\"auto, (max-width: 508px) 100vw, 508px\" \/><figcaption id=\"caption-attachment-13125\" class=\"wp-caption-text\">Franck-Victor Laurant \u00a9 AS Agency<\/figcaption><\/figure>\n<\/div>\n<div><\/div>\n<div><strong>&#8211; Quelle est l&rsquo;id\u00e9e derri\u00e8re Wequity ?\u00a0<\/strong><\/div>\n<div>&#8211; On a cr\u00e9\u00e9 un premier software dans l&rsquo;ESG, qui faisait du media screening. On surveillait les r\u00e9seaux sociaux et on y identifiait les controverses, et on revendait ensuite cela \u00e0 des banques, comme Belfius. C&rsquo;est un march\u00e9 tr\u00e8s compliqu\u00e9, donc on s&rsquo;est focalis\u00e9 sur la partie conformit\u00e9 car il y avait \u00e0 l&rsquo;\u00e9poque de plus en plus de besoins en la mati\u00e8re. On a vendu ce logiciel \u00e0 toute une s\u00e9rie d&rsquo;acteurs comme Syensqo, Cargill ou la Banque Mondiale. Des \u00ab\u00a0Big Four\u00a0\u00bb (les quatre principaux cabinets mondiaux d&rsquo;audit et de conseil que sont Deloitte, PwC, EY et KPMG, NDLR) utilisaient aussi notre solution. On a lev\u00e9 comme cela 2,6 millions d&rsquo;euros jusqu&rsquo;\u00e0 aujourd&rsquo;hui. Et on s&rsquo;est \u00e9tendu petit \u00e0 petit car on s&rsquo;est rendu compte que non seulement la conformit\u00e9 en tant que telle, c&rsquo;est int\u00e9ressant, mais qu&rsquo;on doit cr\u00e9er un rapport une seule fois. On s&rsquo;est sp\u00e9cialis\u00e9s dans les questionnaires ESG et on s&rsquo;est \u00e9tendu dans diff\u00e9rents d\u00e9partements.<\/div>\n<div><\/div>\n<div><strong>&#8211; Puis tout cela a un peu chang\u00e9 il y a neuf mois, avec l&rsquo;arriv\u00e9e de Donald Trump \u00e0 la Maison Blanche&#8230;<\/strong><\/div>\n<div>&#8211; Il y a \u00e0 peu pr\u00e8s neuf mois, la r\u00e9glementation a en effet commenc\u00e9 \u00e0 changer. Le vent a tourn\u00e9 un peu et la conformit\u00e9 s&rsquo;est fortement r\u00e9duite. On a eu un peu de mal de ce c\u00f4t\u00e9-l\u00e0, pour \u00eatre transparents. 2025 \u00e9tait LA meilleure ann\u00e9e pour nous car on avait des deals en cours des Big Four pour un tr\u00e8s gros montant parce que ces entreprises en avaient besoin et que c&rsquo;\u00e9tait le moment o\u00f9 elles \u00e9taient en train de faire tout le reporting. Or, nous, on aide \u00e0 rendre \u00e7a beaucoup plus rapide. Et on a pardu la moiti\u00e9 des deals. La vie d&rsquo;entrepreneur n&rsquo;est donc jamais toute rose. Mais on a gard\u00e9 notre software et on s&rsquo;est \u00e9tendu dans diff\u00e9rentes verticales, et plus uniquement dans la durabilit\u00e9. On a d\u00fb s&rsquo;\u00e9tendre simplement parce qu&rsquo;on avait besoin de g\u00e9n\u00e9rer du cash. En parall\u00e8le, on a r\u00e9utilis\u00e9 la m\u00eame technologie pour proposer \u00e0 des \u00e9quipes juridiques, typiquement des notaires ou des petits cabinets d&rsquo;avocats, d&rsquo;int\u00e9grer de l&rsquo;intelligence artificielle dans leurs \u00e9tudes. On a donc d\u00e9sormais deux softwares: Wequity et <a href=\"https:\/\/nora.legal\/fr\">Nora Legal<\/a>. En Belgique, on travaille par exemple avec l&rsquo;\u00e9tude de notaires Berquin \u00e0 Bruxelles ou avec le cabinet d&rsquo;avocats Chiomenti en Italie. On a des clients \u00e0 l&rsquo;international, aux Etats-Unis ou un peu partout en Europe. C&rsquo;est\u00a0l&rsquo;avantage du secteur, c&rsquo;est qu&rsquo;on peut vraiment viser l&rsquo;\u00e9tranger et que ce n&rsquo;est pas du tout limit\u00e9 \u00e0 la Belgique. On a d\u00e9sormais plus d&rsquo;une centaine de clients sur diff\u00e9rentes verticales et en utilisant la m\u00eame technologie.<\/div>\n<div><\/div>\n<div><strong>&#8211; Pouvez-vous nous en dire plus sur Nora Legal?\u00a0<\/strong><\/div>\n<div>&#8211; C&rsquo;est un march\u00e9 un peu plus niche que celui de Wequity. Pour les notaires par exemple, cela repr\u00e9sente un march\u00e9 de 30 millions par an, en Belgique en tous les cas. Les acteurs existants y ont actuellement un monopole, avec un logiciel tr\u00e8s vieux. Avec notre technologie, il n&rsquo;est toutefois pas tr\u00e8s compliqu\u00e9 de percer sur ce march\u00e9. L&rsquo;avantage, c&rsquo;est aussi que le cycle de ventes est beaucoup plus court. On est belges et nous avons beaucoup de contacts. Gr\u00e2ce \u00e0 \u00e7a, nous avons d\u00e9j\u00e0 50 \u00e9tudes notariales qui sont en test avec nous et toute une s\u00e9rie d&rsquo;\u00e9tues qu&rsquo;on a d\u00e9j\u00e0 converties. Or nous avons lanc\u00e9 la plateforme il y a un mois! On vient \u00e0 peine de la sortir et on en a d\u00e9j\u00e0 50 sur un march\u00e9 de 1.200 \u00e9tudes de notaires. Nous pouvons, en outre, appliquer cette verticale \u00e0 d&rsquo;autres march\u00e9s, que ce soit dans la notariat ou dans des petits cabinets d&rsquo;avocats assez niches comme le droit de l&rsquo;environnement ou de l&rsquo;immigration.<\/div>\n<div><\/div>\n<div><strong>&#8211; Wequity et Nora Legal, \u00e7a repr\u00e9sente combien de personnes?\u00a0<\/strong><\/div>\n<div>&#8211; On est une dizaine, pour les deux plateformes, r\u00e9partis entre Bruxelles, la France et la Pologne.<\/div>\n<div><\/div>\n<div><strong>&#8211; Et vos activit\u00e9s dans Civix, elles se poursuivent ?\u00a0<\/strong><\/div>\n<div>&#8211; Oui, je continue \u00e0 soutenir cette ASBL. On a pleins de projets financ\u00e9s par la Commission europ\u00e9enne, sur l&rsquo;\u00e9ducation politique ou sur la d\u00e9sinformation li\u00e9e \u00e0 l&rsquo;IA, qui est tr\u00e8s pr\u00e9sente aujourd&rsquo;hui avec le contexte g\u00e9opolitique qu&rsquo;on connait. Nous assurons plein d&rsquo;ateliers dans les \u00e9coles pour informer des jeunes entre 15 et 17 ans sur l&rsquo;IA. Civix a aussi lanc\u00e9 un camp d&rsquo;entra\u00eenement cyber pour former enti\u00e8rement gratuitement n&rsquo;importe quel jeune \u00e0 la cybers\u00e9curit\u00e9. Il n&rsquo;y a pas dd&rsquo;objectif financier \u00e0 cette association mais j&rsquo;ai quand m\u00eame r\u00e9ussi \u00e0 lever 400.000 euros. Nous sommes d\u00e9sormais une \u00e9quipe de sept.<\/div>\n<div><\/div>\n<div><strong>&#8211; La distinction de Forbes 30 under 30 vous a-t-elle apport\u00e9 quelque chose, \u00e0 Gabriel et toi ?<\/strong><\/div>\n<div>&#8211; Je suis \u00e9videmment ravi d&rsquo;avoir re\u00e7u un tel prix. Sur le plan priv\u00e9, je vis deux tiers du temps \u00e0 New York et le r\u00e9seau Forbes m&rsquo;a permis d&rsquo;y trouver un partenaire de tennis. Gr\u00e2ce \u00e0 \u00e7a, tu peux directement rencontrer des gens qui ont plus ou moins ton \u00e2ge, qui sont super int\u00e9ressants et qui peuvent t&rsquo;aider \u00e0 entrer plus facilement sur le march\u00e9 am\u00e9ricain, une culture o\u00f9 il est important de savoir se mettre en avant. Or mon associ\u00e9 et moi, nous sommes encore tr\u00e8s jeunes et ne sommes pas les meilleurs pour se vendre. Je pense donc que cette distinction aide. Et puis, cela permet de garder une certaine pression pour, dans le quotidien, continuer \u00e0 avancer et rester t\u00eate baiss\u00e9e. Car, ce qui nous importe, c&rsquo;est de se d\u00e9velopper, se construire et avancer. Voil\u00e0 pourquoi nous n&rsquo;en faisons pas un \u00ab\u00a0big deal\u00a0\u00bb non plus.<\/div>\n<div><\/div>\n<div><strong>&#8211; Un conseil \u00e0 donner \u00e0 de jeunes entrepreneurs?\u00a0<\/strong><\/div>\n<div>&#8211; La vie ouvre des portes. Parfois, il faut pouvoir la trouver soi-m\u00eame. Mais quand elle est ouverte, il faut foncer! M\u00eame si \u00e7a fait peur au d\u00e9but, \u00e7a en vaut vraiment la peine. Pour ne pas avoir de regrets, il faut tester son id\u00e9e car ce qui peut en sortir peut \u00eatre vraiment g\u00e9nial. Il ne faut pas avoir peur de tomber ou d&rsquo;\u00e9chouer \u00e0 un stade ult\u00e9rieur. On a tous le droit de rater son coup. On \u00e9tait jeunes et on l&rsquo;est toujours, et on va sans doute se planter, peut-\u00eatre une, deux, trois, quatre fois. Mais on est ravis de le faire ensemble. Et si on devait le refaire, on le referait. On est convaincus que c&rsquo;est pr\u00e9cis\u00e9ment en ratant qu&rsquo;on va apprendre et en ressortir quelque chose qui a de la valeur. C&rsquo;est une question de saisir ses opportunit\u00e9s. Dans notre cas, si on avait pas d\u00e9velopp\u00e9 des sites internet au d\u00e9but, on n&rsquo;aurait pas eu notre soci\u00e9t\u00e9 et on n&rsquo;aurait pas eu ces investisseurs qui nous ont donn\u00e9 de l&rsquo;argent. C&rsquo;est cette esp\u00e8ce d&rsquo;\u00e9tincelle qu&rsquo;il faut cr\u00e9er. Et une fois qu&rsquo;il y a des opportunit\u00e9s qui tombent, il faut les prendre.<\/div>\n<div><\/div>\n<div>\n<div class=\"youtube-embed\" data-video_id=\"Kc9K2dzKASw\"><iframe loading=\"lazy\" title=\"Forbes Be Under 30: Gabriel Levie  and Franck-Victor Laurant, WEQUITY\" width=\"696\" height=\"392\" src=\"https:\/\/www.youtube.com\/embed\/Kc9K2dzKASw?start=50&#038;feature=oembed\" frameborder=\"0\" allow=\"accelerometer; autoplay; clipboard-write; encrypted-media; gyroscope; picture-in-picture; web-share\" referrerpolicy=\"strict-origin-when-cross-origin\" allowfullscreen><\/iframe><\/div>\n<\/div>\n","protected":false},"excerpt":{"rendered":"<p>Gabriel Levie et Franck-Victor Laurant sont les cofondateurs de Wequity, une start-up sp\u00e9cialis\u00e9e dans les donn\u00e9es ESG (environnement, social, gouvernance) qui utilise l&rsquo;intelligence artificielle pour analyser des informations provenant de diverses sources afin d&rsquo;aider les entreprises \u00e0 g\u00e9rer leurs obligations en la mati\u00e8re. Tous deux ont pass\u00e9 un moment de leur jeunesse \u00e0 l&rsquo;\u00e9tranger: \u00e0 [&hellip;]<\/p>\n","protected":false},"author":37,"featured_media":13109,"comment_status":"closed","ping_status":"closed","sticky":false,"template":"","format":"standard","meta":{"_acf_changed":false,"inline_featured_image":false,"footnotes":""},"categories":[59],"tags":[],"class_list":{"0":"post-13104","1":"post","2":"type-post","3":"status-publish","4":"format-standard","5":"has-post-thumbnail","7":"category-forbes-30-30"},"acf":[],"_yoast_wpseo_title":null,"_yoast_wpseo_metadesc":"Rencontre avec Franck-Victor Laurant, qui revient sur le succ\u00e8s de la start-up Wequity, qu'il a cofond\u00e9e en 2021 avec Gabriel Levie.","auteur_traducteur":"","yoast_head":"<!-- This site is optimized with the Yoast SEO plugin v27.4 - https:\/\/yoast.com\/product\/yoast-seo-wordpress\/ -->\n<title>Franck-Victor Laurant, 30 under 30: &quot;ne pas avoir peur de l&#039;\u00e9chec&quot; | Forbes Belgique<\/title>\n<meta name=\"description\" content=\"Rencontre avec Franck-Victor Laurant, qui revient sur le succ\u00e8s de la start-up Wequity, qu&#039;il a cofond\u00e9e en 2021 avec Gabriel Levie.\" \/>\n<meta name=\"robots\" content=\"index, follow, max-snippet:-1, max-image-preview:large, max-video-preview:-1\" \/>\n<link rel=\"canonical\" href=\"https:\/\/www.forbes.be\/fr\/franck-victor-laurant-30-under-30-ne-pas-avoir-peur-de-lechec\/\" \/>\n<meta property=\"og:locale\" content=\"fr_FR\" \/>\n<meta property=\"og:type\" content=\"article\" \/>\n<meta property=\"og:title\" content=\"Franck-Victor Laurant, 30 under 30: &quot;ne pas avoir peur de l&#039;\u00e9chec&quot; | Forbes Belgique\" \/>\n<meta property=\"og:description\" content=\"Rencontre avec Franck-Victor Laurant, qui revient sur le succ\u00e8s de la start-up Wequity, qu&#039;il a cofond\u00e9e en 2021 avec Gabriel Levie.\" \/>\n<meta property=\"og:url\" content=\"https:\/\/www.forbes.be\/fr\/franck-victor-laurant-30-under-30-ne-pas-avoir-peur-de-lechec\/\" \/>\n<meta property=\"og:site_name\" content=\"Forbes Belgique\" \/>\n<meta property=\"article:publisher\" content=\"https:\/\/www.facebook.com\/forbesbelgique\/\" \/>\n<meta property=\"article:published_time\" content=\"2025-10-29T05:56:15+00:00\" \/>\n<meta property=\"article:modified_time\" content=\"2025-10-29T10:30:30+00:00\" \/>\n<meta property=\"og:image\" content=\"https:\/\/www.forbes.be\/fr\/wp-content\/uploads\/2025\/10\/gabriel-levie-13-scaled-e1761733818227.jpg\" \/>\n\t<meta property=\"og:image:width\" content=\"2560\" \/>\n\t<meta property=\"og:image:height\" content=\"1340\" \/>\n\t<meta property=\"og:image:type\" content=\"image\/jpeg\" \/>\n<meta name=\"author\" content=\"Juan Godbille\" \/>\n<meta name=\"twitter:card\" content=\"summary_large_image\" \/>\n<meta name=\"twitter:label1\" content=\"\u00c9crit par\" \/>\n\t<meta name=\"twitter:data1\" content=\"Juan Godbille\" \/>\n\t<meta name=\"twitter:label2\" content=\"Dur\u00e9e de lecture estim\u00e9e\" \/>\n\t<meta name=\"twitter:data2\" content=\"9 minutes\" \/>\n<script type=\"application\/ld+json\" class=\"yoast-schema-graph\">{\"@context\":\"https:\\\/\\\/schema.org\",\"@graph\":[{\"@type\":\"NewsArticle\",\"@id\":\"https:\\\/\\\/www.forbes.be\\\/fr\\\/franck-victor-laurant-30-under-30-ne-pas-avoir-peur-de-lechec\\\/#article\",\"isPartOf\":{\"@id\":\"https:\\\/\\\/www.forbes.be\\\/fr\\\/franck-victor-laurant-30-under-30-ne-pas-avoir-peur-de-lechec\\\/\"},\"author\":{\"name\":\"Juan Godbille\",\"@id\":\"https:\\\/\\\/www.forbes.be\\\/fr\\\/#\\\/schema\\\/person\\\/0d449791ef6199da3d469eca714eb773\"},\"headline\":\"Franck-Victor Laurant, 30 under 30: \u00ab\u00a0ne pas avoir peur de l&rsquo;\u00e9chec\u00a0\u00bb\",\"datePublished\":\"2025-10-29T05:56:15+00:00\",\"dateModified\":\"2025-10-29T10:30:30+00:00\",\"mainEntityOfPage\":{\"@id\":\"https:\\\/\\\/www.forbes.be\\\/fr\\\/franck-victor-laurant-30-under-30-ne-pas-avoir-peur-de-lechec\\\/\"},\"wordCount\":1663,\"publisher\":{\"@id\":\"https:\\\/\\\/www.forbes.be\\\/fr\\\/#organization\"},\"image\":{\"@id\":\"https:\\\/\\\/www.forbes.be\\\/fr\\\/franck-victor-laurant-30-under-30-ne-pas-avoir-peur-de-lechec\\\/#primaryimage\"},\"thumbnailUrl\":\"https:\\\/\\\/www.forbes.be\\\/fr\\\/wp-content\\\/uploads\\\/2025\\\/10\\\/gabriel-levie-13-scaled-e1761733818227.jpg\",\"articleSection\":[\"Forbes 30-30\"],\"inLanguage\":\"fr-FR\"},{\"@type\":\"WebPage\",\"@id\":\"https:\\\/\\\/www.forbes.be\\\/fr\\\/franck-victor-laurant-30-under-30-ne-pas-avoir-peur-de-lechec\\\/\",\"url\":\"https:\\\/\\\/www.forbes.be\\\/fr\\\/franck-victor-laurant-30-under-30-ne-pas-avoir-peur-de-lechec\\\/\",\"name\":\"Franck-Victor Laurant, 30 under 30: \\\"ne pas avoir peur de l'\u00e9chec\\\" | Forbes Belgique\",\"isPartOf\":{\"@id\":\"https:\\\/\\\/www.forbes.be\\\/fr\\\/#website\"},\"primaryImageOfPage\":{\"@id\":\"https:\\\/\\\/www.forbes.be\\\/fr\\\/franck-victor-laurant-30-under-30-ne-pas-avoir-peur-de-lechec\\\/#primaryimage\"},\"image\":{\"@id\":\"https:\\\/\\\/www.forbes.be\\\/fr\\\/franck-victor-laurant-30-under-30-ne-pas-avoir-peur-de-lechec\\\/#primaryimage\"},\"thumbnailUrl\":\"https:\\\/\\\/www.forbes.be\\\/fr\\\/wp-content\\\/uploads\\\/2025\\\/10\\\/gabriel-levie-13-scaled-e1761733818227.jpg\",\"datePublished\":\"2025-10-29T05:56:15+00:00\",\"dateModified\":\"2025-10-29T10:30:30+00:00\",\"description\":\"Rencontre avec Franck-Victor Laurant, qui revient sur le succ\u00e8s de la start-up Wequity, qu'il a cofond\u00e9e en 2021 avec Gabriel Levie.\",\"breadcrumb\":{\"@id\":\"https:\\\/\\\/www.forbes.be\\\/fr\\\/franck-victor-laurant-30-under-30-ne-pas-avoir-peur-de-lechec\\\/#breadcrumb\"},\"inLanguage\":\"fr-FR\",\"potentialAction\":[{\"@type\":\"ReadAction\",\"target\":[\"https:\\\/\\\/www.forbes.be\\\/fr\\\/franck-victor-laurant-30-under-30-ne-pas-avoir-peur-de-lechec\\\/\"]}]},{\"@type\":\"ImageObject\",\"inLanguage\":\"fr-FR\",\"@id\":\"https:\\\/\\\/www.forbes.be\\\/fr\\\/franck-victor-laurant-30-under-30-ne-pas-avoir-peur-de-lechec\\\/#primaryimage\",\"url\":\"https:\\\/\\\/www.forbes.be\\\/fr\\\/wp-content\\\/uploads\\\/2025\\\/10\\\/gabriel-levie-13-scaled-e1761733818227.jpg\",\"contentUrl\":\"https:\\\/\\\/www.forbes.be\\\/fr\\\/wp-content\\\/uploads\\\/2025\\\/10\\\/gabriel-levie-13-scaled-e1761733818227.jpg\",\"width\":2560,\"height\":1340,\"caption\":\"Gabriel Levie et Franck-Victor Laurant \u00a9 AS Agency\"},{\"@type\":\"BreadcrumbList\",\"@id\":\"https:\\\/\\\/www.forbes.be\\\/fr\\\/franck-victor-laurant-30-under-30-ne-pas-avoir-peur-de-lechec\\\/#breadcrumb\",\"itemListElement\":[{\"@type\":\"ListItem\",\"position\":1,\"name\":\"Accueil\",\"item\":\"https:\\\/\\\/www.forbes.be\\\/fr\\\/\"},{\"@type\":\"ListItem\",\"position\":2,\"name\":\"Franck-Victor Laurant, 30 under 30: \u00ab\u00a0ne pas avoir peur de l&rsquo;\u00e9chec\u00a0\u00bb\"}]},{\"@type\":\"WebSite\",\"@id\":\"https:\\\/\\\/www.forbes.be\\\/fr\\\/#website\",\"url\":\"https:\\\/\\\/www.forbes.be\\\/fr\\\/\",\"name\":\"Forbes Belgique\",\"description\":\"\",\"publisher\":{\"@id\":\"https:\\\/\\\/www.forbes.be\\\/fr\\\/#organization\"},\"potentialAction\":[{\"@type\":\"SearchAction\",\"target\":{\"@type\":\"EntryPoint\",\"urlTemplate\":\"https:\\\/\\\/www.forbes.be\\\/fr\\\/?s={search_term_string}\"},\"query-input\":{\"@type\":\"PropertyValueSpecification\",\"valueRequired\":true,\"valueName\":\"search_term_string\"}}],\"inLanguage\":\"fr-FR\"},{\"@type\":\"Organization\",\"@id\":\"https:\\\/\\\/www.forbes.be\\\/fr\\\/#organization\",\"name\":\"Forbes Belgique\",\"url\":\"https:\\\/\\\/www.forbes.be\\\/fr\\\/\",\"logo\":{\"@type\":\"ImageObject\",\"inLanguage\":\"fr-FR\",\"@id\":\"https:\\\/\\\/www.forbes.be\\\/fr\\\/#\\\/schema\\\/logo\\\/image\\\/\",\"url\":\"https:\\\/\\\/www.forbes.be\\\/fr\\\/wp-content\\\/uploads\\\/2024\\\/02\\\/forbes.be_.png\",\"contentUrl\":\"https:\\\/\\\/www.forbes.be\\\/fr\\\/wp-content\\\/uploads\\\/2024\\\/02\\\/forbes.be_.png\",\"width\":1200,\"height\":675,\"caption\":\"Forbes Belgique\"},\"image\":{\"@id\":\"https:\\\/\\\/www.forbes.be\\\/fr\\\/#\\\/schema\\\/logo\\\/image\\\/\"},\"sameAs\":[\"https:\\\/\\\/www.facebook.com\\\/forbesbelgique\\\/\",\"https:\\\/\\\/www.instagram.com\\\/Forbes_Belgium\",\"https:\\\/\\\/www.linkedin.com\\\/company\\\/forbes-belgium\\\/\"]},{\"@type\":\"Person\",\"@id\":\"https:\\\/\\\/www.forbes.be\\\/fr\\\/#\\\/schema\\\/person\\\/0d449791ef6199da3d469eca714eb773\",\"name\":\"Juan Godbille\",\"image\":{\"@type\":\"ImageObject\",\"inLanguage\":\"fr-FR\",\"@id\":\"https:\\\/\\\/secure.gravatar.com\\\/avatar\\\/de6d740453251c69ae34e42cfef9688bc2a5c942d7cab09074e7064fbac13ac9?s=96&d=mm&r=g\",\"url\":\"https:\\\/\\\/secure.gravatar.com\\\/avatar\\\/de6d740453251c69ae34e42cfef9688bc2a5c942d7cab09074e7064fbac13ac9?s=96&d=mm&r=g\",\"contentUrl\":\"https:\\\/\\\/secure.gravatar.com\\\/avatar\\\/de6d740453251c69ae34e42cfef9688bc2a5c942d7cab09074e7064fbac13ac9?s=96&d=mm&r=g\",\"caption\":\"Juan Godbille\"},\"url\":\"https:\\\/\\\/www.forbes.be\\\/fr\\\/author\\\/juan-godbille\\\/\"}]}<\/script>\n<!-- \/ Yoast SEO plugin. -->","yoast_head_json":{"title":"Franck-Victor Laurant, 30 under 30: \"ne pas avoir peur de l'\u00e9chec\" | Forbes Belgique","description":"Rencontre avec Franck-Victor Laurant, qui revient sur le succ\u00e8s de la start-up Wequity, qu'il a cofond\u00e9e en 2021 avec Gabriel Levie.","robots":{"index":"index","follow":"follow","max-snippet":"max-snippet:-1","max-image-preview":"max-image-preview:large","max-video-preview":"max-video-preview:-1"},"canonical":"https:\/\/www.forbes.be\/fr\/franck-victor-laurant-30-under-30-ne-pas-avoir-peur-de-lechec\/","og_locale":"fr_FR","og_type":"article","og_title":"Franck-Victor Laurant, 30 under 30: \"ne pas avoir peur de l'\u00e9chec\" | Forbes Belgique","og_description":"Rencontre avec Franck-Victor Laurant, qui revient sur le succ\u00e8s de la start-up Wequity, qu'il a cofond\u00e9e en 2021 avec Gabriel Levie.","og_url":"https:\/\/www.forbes.be\/fr\/franck-victor-laurant-30-under-30-ne-pas-avoir-peur-de-lechec\/","og_site_name":"Forbes Belgique","article_publisher":"https:\/\/www.facebook.com\/forbesbelgique\/","article_published_time":"2025-10-29T05:56:15+00:00","article_modified_time":"2025-10-29T10:30:30+00:00","og_image":[{"width":2560,"height":1340,"url":"https:\/\/www.forbes.be\/fr\/wp-content\/uploads\/2025\/10\/gabriel-levie-13-scaled-e1761733818227.jpg","type":"image\/jpeg"}],"author":"Juan Godbille","twitter_card":"summary_large_image","twitter_misc":{"\u00c9crit par":"Juan Godbille","Dur\u00e9e de lecture estim\u00e9e":"9 minutes"},"schema":{"@context":"https:\/\/schema.org","@graph":[{"@type":"NewsArticle","@id":"https:\/\/www.forbes.be\/fr\/franck-victor-laurant-30-under-30-ne-pas-avoir-peur-de-lechec\/#article","isPartOf":{"@id":"https:\/\/www.forbes.be\/fr\/franck-victor-laurant-30-under-30-ne-pas-avoir-peur-de-lechec\/"},"author":{"name":"Juan Godbille","@id":"https:\/\/www.forbes.be\/fr\/#\/schema\/person\/0d449791ef6199da3d469eca714eb773"},"headline":"Franck-Victor Laurant, 30 under 30: \u00ab\u00a0ne pas avoir peur de l&rsquo;\u00e9chec\u00a0\u00bb","datePublished":"2025-10-29T05:56:15+00:00","dateModified":"2025-10-29T10:30:30+00:00","mainEntityOfPage":{"@id":"https:\/\/www.forbes.be\/fr\/franck-victor-laurant-30-under-30-ne-pas-avoir-peur-de-lechec\/"},"wordCount":1663,"publisher":{"@id":"https:\/\/www.forbes.be\/fr\/#organization"},"image":{"@id":"https:\/\/www.forbes.be\/fr\/franck-victor-laurant-30-under-30-ne-pas-avoir-peur-de-lechec\/#primaryimage"},"thumbnailUrl":"https:\/\/www.forbes.be\/fr\/wp-content\/uploads\/2025\/10\/gabriel-levie-13-scaled-e1761733818227.jpg","articleSection":["Forbes 30-30"],"inLanguage":"fr-FR"},{"@type":"WebPage","@id":"https:\/\/www.forbes.be\/fr\/franck-victor-laurant-30-under-30-ne-pas-avoir-peur-de-lechec\/","url":"https:\/\/www.forbes.be\/fr\/franck-victor-laurant-30-under-30-ne-pas-avoir-peur-de-lechec\/","name":"Franck-Victor Laurant, 30 under 30: \"ne pas avoir peur de l'\u00e9chec\" | Forbes Belgique","isPartOf":{"@id":"https:\/\/www.forbes.be\/fr\/#website"},"primaryImageOfPage":{"@id":"https:\/\/www.forbes.be\/fr\/franck-victor-laurant-30-under-30-ne-pas-avoir-peur-de-lechec\/#primaryimage"},"image":{"@id":"https:\/\/www.forbes.be\/fr\/franck-victor-laurant-30-under-30-ne-pas-avoir-peur-de-lechec\/#primaryimage"},"thumbnailUrl":"https:\/\/www.forbes.be\/fr\/wp-content\/uploads\/2025\/10\/gabriel-levie-13-scaled-e1761733818227.jpg","datePublished":"2025-10-29T05:56:15+00:00","dateModified":"2025-10-29T10:30:30+00:00","description":"Rencontre avec Franck-Victor Laurant, qui revient sur le succ\u00e8s de la start-up Wequity, qu'il a cofond\u00e9e en 2021 avec Gabriel Levie.","breadcrumb":{"@id":"https:\/\/www.forbes.be\/fr\/franck-victor-laurant-30-under-30-ne-pas-avoir-peur-de-lechec\/#breadcrumb"},"inLanguage":"fr-FR","potentialAction":[{"@type":"ReadAction","target":["https:\/\/www.forbes.be\/fr\/franck-victor-laurant-30-under-30-ne-pas-avoir-peur-de-lechec\/"]}]},{"@type":"ImageObject","inLanguage":"fr-FR","@id":"https:\/\/www.forbes.be\/fr\/franck-victor-laurant-30-under-30-ne-pas-avoir-peur-de-lechec\/#primaryimage","url":"https:\/\/www.forbes.be\/fr\/wp-content\/uploads\/2025\/10\/gabriel-levie-13-scaled-e1761733818227.jpg","contentUrl":"https:\/\/www.forbes.be\/fr\/wp-content\/uploads\/2025\/10\/gabriel-levie-13-scaled-e1761733818227.jpg","width":2560,"height":1340,"caption":"Gabriel Levie et Franck-Victor Laurant \u00a9 AS Agency"},{"@type":"BreadcrumbList","@id":"https:\/\/www.forbes.be\/fr\/franck-victor-laurant-30-under-30-ne-pas-avoir-peur-de-lechec\/#breadcrumb","itemListElement":[{"@type":"ListItem","position":1,"name":"Accueil","item":"https:\/\/www.forbes.be\/fr\/"},{"@type":"ListItem","position":2,"name":"Franck-Victor Laurant, 30 under 30: \u00ab\u00a0ne pas avoir peur de l&rsquo;\u00e9chec\u00a0\u00bb"}]},{"@type":"WebSite","@id":"https:\/\/www.forbes.be\/fr\/#website","url":"https:\/\/www.forbes.be\/fr\/","name":"Forbes Belgique","description":"","publisher":{"@id":"https:\/\/www.forbes.be\/fr\/#organization"},"potentialAction":[{"@type":"SearchAction","target":{"@type":"EntryPoint","urlTemplate":"https:\/\/www.forbes.be\/fr\/?s={search_term_string}"},"query-input":{"@type":"PropertyValueSpecification","valueRequired":true,"valueName":"search_term_string"}}],"inLanguage":"fr-FR"},{"@type":"Organization","@id":"https:\/\/www.forbes.be\/fr\/#organization","name":"Forbes Belgique","url":"https:\/\/www.forbes.be\/fr\/","logo":{"@type":"ImageObject","inLanguage":"fr-FR","@id":"https:\/\/www.forbes.be\/fr\/#\/schema\/logo\/image\/","url":"https:\/\/www.forbes.be\/fr\/wp-content\/uploads\/2024\/02\/forbes.be_.png","contentUrl":"https:\/\/www.forbes.be\/fr\/wp-content\/uploads\/2024\/02\/forbes.be_.png","width":1200,"height":675,"caption":"Forbes Belgique"},"image":{"@id":"https:\/\/www.forbes.be\/fr\/#\/schema\/logo\/image\/"},"sameAs":["https:\/\/www.facebook.com\/forbesbelgique\/","https:\/\/www.instagram.com\/Forbes_Belgium","https:\/\/www.linkedin.com\/company\/forbes-belgium\/"]},{"@type":"Person","@id":"https:\/\/www.forbes.be\/fr\/#\/schema\/person\/0d449791ef6199da3d469eca714eb773","name":"Juan Godbille","image":{"@type":"ImageObject","inLanguage":"fr-FR","@id":"https:\/\/secure.gravatar.com\/avatar\/de6d740453251c69ae34e42cfef9688bc2a5c942d7cab09074e7064fbac13ac9?s=96&d=mm&r=g","url":"https:\/\/secure.gravatar.com\/avatar\/de6d740453251c69ae34e42cfef9688bc2a5c942d7cab09074e7064fbac13ac9?s=96&d=mm&r=g","contentUrl":"https:\/\/secure.gravatar.com\/avatar\/de6d740453251c69ae34e42cfef9688bc2a5c942d7cab09074e7064fbac13ac9?s=96&d=mm&r=g","caption":"Juan Godbille"},"url":"https:\/\/www.forbes.be\/fr\/author\/juan-godbille\/"}]}},"_links":{"self":[{"href":"https:\/\/www.forbes.be\/fr\/wp-json\/wp\/v2\/posts\/13104","targetHints":{"allow":["GET"]}}],"collection":[{"href":"https:\/\/www.forbes.be\/fr\/wp-json\/wp\/v2\/posts"}],"about":[{"href":"https:\/\/www.forbes.be\/fr\/wp-json\/wp\/v2\/types\/post"}],"author":[{"embeddable":true,"href":"https:\/\/www.forbes.be\/fr\/wp-json\/wp\/v2\/users\/37"}],"replies":[{"embeddable":true,"href":"https:\/\/www.forbes.be\/fr\/wp-json\/wp\/v2\/comments?post=13104"}],"version-history":[{"count":5,"href":"https:\/\/www.forbes.be\/fr\/wp-json\/wp\/v2\/posts\/13104\/revisions"}],"predecessor-version":[{"id":13166,"href":"https:\/\/www.forbes.be\/fr\/wp-json\/wp\/v2\/posts\/13104\/revisions\/13166"}],"wp:featuredmedia":[{"embeddable":true,"href":"https:\/\/www.forbes.be\/fr\/wp-json\/wp\/v2\/media\/13109"}],"wp:attachment":[{"href":"https:\/\/www.forbes.be\/fr\/wp-json\/wp\/v2\/media?parent=13104"}],"wp:term":[{"taxonomy":"category","embeddable":true,"href":"https:\/\/www.forbes.be\/fr\/wp-json\/wp\/v2\/categories?post=13104"},{"taxonomy":"post_tag","embeddable":true,"href":"https:\/\/www.forbes.be\/fr\/wp-json\/wp\/v2\/tags?post=13104"}],"curies":[{"name":"wp","href":"https:\/\/api.w.org\/{rel}","templated":true}]}}