{"id":13225,"date":"2025-11-07T07:30:25","date_gmt":"2025-11-07T06:30:25","guid":{"rendered":"https:\/\/www.forbes.be\/fr\/?p=13225"},"modified":"2025-11-12T12:32:47","modified_gmt":"2025-11-12T11:32:47","slug":"jean-jullien-de-retour-a-bruxelles","status":"publish","type":"post","link":"https:\/\/www.forbes.be\/fr\/jean-jullien-de-retour-a-bruxelles\/","title":{"rendered":"Jean Jullien de retour \u00e0 Bruxelles"},"content":{"rendered":"<p><strong>Deux ans apr\u00e8s son exposition Studiolo au mus\u00e9e MIMA \u00e0 Molenbeek, l\u2019artiste fran\u00e7ais Jean Jullien revient \u00e0 Bruxelles partager son exp\u00e9rience nipponne. Intitul\u00e9e <a href=\"https:\/\/alicebxl.com\/exhibitions\">Retour \u00e0 Tokugawa village<\/a>, l\u2019exposition retrace son ann\u00e9e \u00e0 Tokyo.<\/strong><\/p>\n<p>L\u2019\u0153uvre expos\u00e9e \u00e9voque le retour, symbole de confort et de lien familial, tout en suscitant des souvenirs vari\u00e9s, de Yokokawa \u00e0 Shibuya et Naoshima en passant par la c\u00f4te bretonne o\u00f9 le peintre a pass\u00e9 l\u2019\u00e9t\u00e9. Color\u00e9es et dynamiques, les peintures \u00e9voquent les souvenirs de l\u2019artistes, mais invitent aussi le spectateur \u00e0 plonger dans les siens.<\/p>\n<p>N\u00e9 en 1983, <strong>Jean Jullien<\/strong> est originaire de Nantes. Apr\u00e8s des \u00e9tudes en design graphique \u00e0 Quimper, il s&rsquo;est form\u00e9 \u00e0 Londres, \u00e0 Central Saint Martins (2008) puis au Royal College of Art (2010). Il incarne un cr\u00e9ateur moderne, \u00e0 la fois rapide et d\u00e9contract\u00e9. Multifacette, il pratique la peinture, la photographie, la vid\u00e9o, la r\u00e9alisation de costumes, l\u2019installation artistique, ainsi que la publication de livres, affiches et v\u00eatements. Sur son site, il affiche une liste impressionnante de clients prestigieux et de projets d\u2019envergure. Entretien.<\/p>\n<p><strong>Forbes.be &#8211; Jean Jullien, vous avez pass\u00e9 pr\u00e8s d\u2019une ann\u00e9e au Japon. Quelle est l\u2019influence de ce pays sur votre \u0153uvre\u00a0? <\/strong><br \/>\n<strong>Jean Jullien &#8211;<\/strong> J&rsquo;ai toujours \u00e9t\u00e9 immerg\u00e9 dans la culture pop japonaise. Comme beaucoup d\u2019enfants des ann\u00e9es 80 en France, j\u2019ai grandi avec les mangas et les dessins anim\u00e9s. Ils ont nourri mon imaginaire. Depuis quelques ann\u00e9es, je travaille avec la galerie Nanzuka \u00e0 Tokyo. J\u2019avais deux gros projets avec eux : une installation pour le pavillon fran\u00e7ais lors de l\u2019Expo universelle d\u2019Osaka, et une exposition solo dans un nouveau mus\u00e9e \u00e0 Shanghai. Plut\u00f4t que de multiplier les allers-retours, j\u2019ai propos\u00e9 \u00e0 mon \u00e9pouse d\u2019y aller en famille. Elle a accept\u00e9, et l\u2019exp\u00e9rience nous a tellement plu que nous restons jusqu\u2019\u00e0 la fin de l\u2019ann\u00e9e.<\/p>\n<p><strong>&#8211; Quel est ce lieu, Tokugawa Village, o\u00f9 vous \u00eates install\u00e9\u00a0? <\/strong><br \/>\n<strong>&#8211;<\/strong> C\u2019est un petit village au c\u0153ur de Tokyo. Dans mes peintures, j\u2019ai essay\u00e9 de capturer cette ann\u00e9e en voyage, avec ces images d\u2019un lieu vou\u00e9 \u00e0 dispara\u00eetre. Tokugawa Village a \u00e9t\u00e9 construit par Madame Tokugawa, descendante du shogun (NDLR\u00a0: chef militaire supr\u00eame au Japon f\u00e9odal). Sur un petit lopin de terre du quartier de Mejiro, elle a cr\u00e9\u00e9 un ensemble de maisons dans un style des ann\u00e9es 50-60, un peu moderniste, avec une palette de couleurs bois, blanc et rouge bordeaux. Une vingtaine de familles francophones habitent le quartier o\u00f9 l\u2019absence de voitures offre aux enfants un espace de jeu en toute libert\u00e9. J\u2019ai souhait\u00e9 capturer l\u2019\u00e9ph\u00e9m\u00e8re de cette communaut\u00e9, symbolis\u00e9e par des familles qui \u00a0s\u2019en vont et des maisons qui disparaissent, annon\u00e7ant la fin d\u2019une mani\u00e8re de vivre.<\/p>\n<p><strong>&#8211; Comment se d\u00e9roule votre processus cr\u00e9atif ?<\/strong><br \/>\n<strong>&#8211;<\/strong> Depuis une vingtaine d\u2019ann\u00e9es, j\u2019ai un carnet de croquis o\u00f9 je capture des moments spontan\u00e9s, et je prends aussi \u00e9norm\u00e9ment de photos. J\u2019aime aussi peindre en plein air, notamment en Bretagne, o\u00f9 j\u2019int\u00e8gre parfois du sable dans mes toiles pour leur apporter une texture particuli\u00e8re.<\/p>\n<p><strong>&#8211; Comment avez-vous int\u00e9gr\u00e9 la culture nipponne? Avez-vous appris le japonais\u00a0?<\/strong>&#8211; Je le parle un peu, mais ce qui est vraiment rafra\u00eechissant, c\u2019est de ne pas avoir \u00e0 ma\u00eetriser parfaitement la langue. C\u2019\u00e9tait aussi l\u2019objectif: dans nos relations humaines, il n\u2019est pas toujours n\u00e9cessaire d\u2019\u00eatre pr\u00e9cis ou d\u2019aller dans le d\u00e9tail pour partager de bons moments. C\u2019est une approche diff\u00e9rente du relationnel et c\u2019est aussi une belle fa\u00e7on de se remettre en question. \u00c0 42 ans, il est sain d\u2019oser prendre des risques, de challenger ses acquis, et d\u2019accepter de ne pas tout savoir, ce qui permet aussi d\u2019\u00e9prouver de l\u2019humilit\u00e9.<\/p>\n<figure id=\"attachment_13227\" aria-describedby=\"caption-attachment-13227\" style=\"width: 696px\" class=\"wp-caption aligncenter\"><img loading=\"lazy\" decoding=\"async\" class=\"size-large wp-image-13227\" src=\"https:\/\/www.forbes.be\/fr\/wp-content\/uploads\/2025\/10\/jj-naminorinakama-1024x768.jpeg\" alt=\"\u00a9 Alice Gallery\" width=\"696\" height=\"522\" srcset=\"https:\/\/www.forbes.be\/fr\/wp-content\/uploads\/2025\/10\/jj-naminorinakama-1024x768.jpeg 1024w, https:\/\/www.forbes.be\/fr\/wp-content\/uploads\/2025\/10\/jj-naminorinakama-300x225.jpeg 300w, https:\/\/www.forbes.be\/fr\/wp-content\/uploads\/2025\/10\/jj-naminorinakama-768x576.jpeg 768w, https:\/\/www.forbes.be\/fr\/wp-content\/uploads\/2025\/10\/jj-naminorinakama-1536x1152.jpeg 1536w, https:\/\/www.forbes.be\/fr\/wp-content\/uploads\/2025\/10\/jj-naminorinakama-2048x1536.jpeg 2048w, https:\/\/www.forbes.be\/fr\/wp-content\/uploads\/2025\/10\/jj-naminorinakama-696x522.jpeg 696w, https:\/\/www.forbes.be\/fr\/wp-content\/uploads\/2025\/10\/jj-naminorinakama-1068x801.jpeg 1068w, https:\/\/www.forbes.be\/fr\/wp-content\/uploads\/2025\/10\/jj-naminorinakama-1920x1440.jpeg 1920w, https:\/\/www.forbes.be\/fr\/wp-content\/uploads\/2025\/10\/jj-naminorinakama-600x450.jpeg 600w\" sizes=\"auto, (max-width: 696px) 100vw, 696px\" \/><figcaption id=\"caption-attachment-13227\" class=\"wp-caption-text\">\u00a9 Alice Gallery<\/figcaption><\/figure>\n<p><strong>&#8211; En quoi cette exp\u00e9rience a-t-elle chang\u00e9 votre regard?<\/strong><br \/>\n<strong>&#8211;<\/strong> Elle nous a permis de nous recentrer sur notre famille. Elle nous a rapproch\u00e9s, et enseigne aux enfants \u00e0 \u00eatre eux-m\u00eames, \u00e0 accepter leurs diff\u00e9rences. Par exemple, il est important pour eux d\u2019apprendre que la diff\u00e9rence ne concerne pas seulement l\u2019autre, mais parfois soi-m\u00eame, ce qui leur inculque aussi le respect de l\u2019autre.<\/p>\n<figure id=\"attachment_13228\" aria-describedby=\"caption-attachment-13228\" style=\"width: 696px\" class=\"wp-caption aligncenter\"><img loading=\"lazy\" decoding=\"async\" class=\"size-large wp-image-13228\" src=\"https:\/\/www.forbes.be\/fr\/wp-content\/uploads\/2025\/10\/jj-naoshima-1024x768.jpeg\" alt=\"\u00a9 Alice Gallery\" width=\"696\" height=\"522\" srcset=\"https:\/\/www.forbes.be\/fr\/wp-content\/uploads\/2025\/10\/jj-naoshima-1024x768.jpeg 1024w, https:\/\/www.forbes.be\/fr\/wp-content\/uploads\/2025\/10\/jj-naoshima-300x225.jpeg 300w, https:\/\/www.forbes.be\/fr\/wp-content\/uploads\/2025\/10\/jj-naoshima-768x576.jpeg 768w, https:\/\/www.forbes.be\/fr\/wp-content\/uploads\/2025\/10\/jj-naoshima-1536x1152.jpeg 1536w, https:\/\/www.forbes.be\/fr\/wp-content\/uploads\/2025\/10\/jj-naoshima-2048x1536.jpeg 2048w, https:\/\/www.forbes.be\/fr\/wp-content\/uploads\/2025\/10\/jj-naoshima-696x522.jpeg 696w, https:\/\/www.forbes.be\/fr\/wp-content\/uploads\/2025\/10\/jj-naoshima-1068x801.jpeg 1068w, https:\/\/www.forbes.be\/fr\/wp-content\/uploads\/2025\/10\/jj-naoshima-1920x1440.jpeg 1920w, https:\/\/www.forbes.be\/fr\/wp-content\/uploads\/2025\/10\/jj-naoshima-600x450.jpeg 600w\" sizes=\"auto, (max-width: 696px) 100vw, 696px\" \/><figcaption id=\"caption-attachment-13228\" class=\"wp-caption-text\">\u00a9 Alice Gallery<\/figcaption><\/figure>\n<p><strong>&#8211; Comment choisissez-vous vos projets\u00a0?<\/strong><br \/>\n<strong>&#8211; <\/strong>Je privil\u00e9gie les projets qui n\u00e9cessitent ma pr\u00e9sence physique et o\u00f9 je peux v\u00e9ritablement apporter quelque chose. Sur place, je peux cr\u00e9er quelque chose d\u2019unique, que seul moi peux r\u00e9aliser \u00e0 ce moment-l\u00e0. Chez Alice, par exemple, je peux dessiner directement sur le mur, raconter des histoires, ajouter du contexte, des mots ou des anecdotes autour des \u0153uvres, ce qui cr\u00e9e une exp\u00e9rience plus intime, un partage authentique avec le public. Je puise aussi dans mes carnets de croquis pour annoter et enrichir mes \u0153uvres. Le but est de raconter une histoire claire, que les gens comprennent bien. Ils peuvent appr\u00e9cier une toile ind\u00e9pendamment du contexte, mais je pense qu\u2019il est plus enrichissant de faire le lien entre le texte et l\u2019image, surtout dans une s\u00e9rie coh\u00e9rente.<\/p>\n<p><em>Retour \u00e0 Tokugawa village<\/em><br \/>\n<em>Alice Gallery, 2 rue Isidore Verheyden, 1050 Bruxelles<\/em><br \/>\n<em>Du 7 novembre au 13 d\u00e9cembre 2025<\/em><\/p>\n<p>&nbsp;<\/p>\n","protected":false},"excerpt":{"rendered":"<p>Deux ans apr\u00e8s son exposition Studiolo au mus\u00e9e MIMA \u00e0 Molenbeek, l\u2019artiste fran\u00e7ais Jean Jullien revient \u00e0 Bruxelles partager son exp\u00e9rience nipponne. Intitul\u00e9e Retour \u00e0 Tokugawa village, l\u2019exposition retrace son ann\u00e9e \u00e0 Tokyo. L\u2019\u0153uvre expos\u00e9e \u00e9voque le retour, symbole de confort et de lien familial, tout en suscitant des souvenirs vari\u00e9s, de Yokokawa \u00e0 Shibuya [&hellip;]<\/p>\n","protected":false},"author":14,"featured_media":13226,"comment_status":"closed","ping_status":"closed","sticky":false,"template":"","format":"standard","meta":{"_acf_changed":false,"inline_featured_image":false,"footnotes":""},"categories":[63],"tags":[],"class_list":{"0":"post-13225","1":"post","2":"type-post","3":"status-publish","4":"format-standard","5":"has-post-thumbnail","7":"category-culture"},"acf":[],"_yoast_wpseo_title":null,"_yoast_wpseo_metadesc":"Deux ans apr\u00e8s son exposition Studiolo \u00e0 Molenbeek, l\u2019artiste fran\u00e7ais Jean Jullien revient \u00e0 Bruxelles partager son exp\u00e9rience nipponne.","auteur_traducteur":"","yoast_head":"<!-- This site is optimized with the Yoast SEO plugin v27.4 - https:\/\/yoast.com\/product\/yoast-seo-wordpress\/ -->\n<title>Jean Jullien de retour \u00e0 Bruxelles | Forbes Belgique<\/title>\n<meta name=\"description\" content=\"Deux ans apr\u00e8s son exposition Studiolo \u00e0 Molenbeek, l\u2019artiste fran\u00e7ais Jean Jullien revient \u00e0 Bruxelles partager son exp\u00e9rience nipponne.\" \/>\n<meta name=\"robots\" content=\"index, follow, max-snippet:-1, max-image-preview:large, max-video-preview:-1\" \/>\n<link rel=\"canonical\" href=\"https:\/\/www.forbes.be\/fr\/jean-jullien-de-retour-a-bruxelles\/\" \/>\n<meta property=\"og:locale\" content=\"fr_FR\" \/>\n<meta property=\"og:type\" content=\"article\" \/>\n<meta property=\"og:title\" content=\"Jean Jullien de retour \u00e0 Bruxelles | Forbes Belgique\" \/>\n<meta property=\"og:description\" content=\"Deux ans apr\u00e8s son exposition Studiolo \u00e0 Molenbeek, l\u2019artiste fran\u00e7ais Jean Jullien revient \u00e0 Bruxelles partager son exp\u00e9rience nipponne.\" \/>\n<meta property=\"og:url\" content=\"https:\/\/www.forbes.be\/fr\/jean-jullien-de-retour-a-bruxelles\/\" \/>\n<meta property=\"og:site_name\" content=\"Forbes Belgique\" \/>\n<meta property=\"article:publisher\" content=\"https:\/\/www.facebook.com\/forbesbelgique\/\" \/>\n<meta property=\"article:published_time\" content=\"2025-11-07T06:30:25+00:00\" \/>\n<meta property=\"article:modified_time\" content=\"2025-11-12T11:32:47+00:00\" \/>\n<meta property=\"og:image\" content=\"https:\/\/www.forbes.be\/fr\/wp-content\/uploads\/2025\/10\/jj-corneille-scaled-e1762947157432.jpeg\" \/>\n\t<meta property=\"og:image:width\" content=\"2560\" \/>\n\t<meta property=\"og:image:height\" content=\"1340\" \/>\n\t<meta property=\"og:image:type\" content=\"image\/jpeg\" \/>\n<meta name=\"author\" content=\"C\u00e9line Bouckaert\" \/>\n<meta name=\"twitter:card\" content=\"summary_large_image\" \/>\n<meta name=\"twitter:label1\" content=\"\u00c9crit par\" \/>\n\t<meta name=\"twitter:data1\" content=\"C\u00e9line Bouckaert\" \/>\n\t<meta name=\"twitter:label2\" content=\"Dur\u00e9e de lecture estim\u00e9e\" \/>\n\t<meta name=\"twitter:data2\" content=\"5 minutes\" \/>\n<script type=\"application\/ld+json\" class=\"yoast-schema-graph\">{\"@context\":\"https:\\\/\\\/schema.org\",\"@graph\":[{\"@type\":\"NewsArticle\",\"@id\":\"https:\\\/\\\/www.forbes.be\\\/fr\\\/jean-jullien-de-retour-a-bruxelles\\\/#article\",\"isPartOf\":{\"@id\":\"https:\\\/\\\/www.forbes.be\\\/fr\\\/jean-jullien-de-retour-a-bruxelles\\\/\"},\"author\":{\"name\":\"C\u00e9line Bouckaert\",\"@id\":\"https:\\\/\\\/www.forbes.be\\\/fr\\\/#\\\/schema\\\/person\\\/8ec2eaf66f85ad162d094b61be753342\"},\"headline\":\"Jean Jullien de retour \u00e0 Bruxelles\",\"datePublished\":\"2025-11-07T06:30:25+00:00\",\"dateModified\":\"2025-11-12T11:32:47+00:00\",\"mainEntityOfPage\":{\"@id\":\"https:\\\/\\\/www.forbes.be\\\/fr\\\/jean-jullien-de-retour-a-bruxelles\\\/\"},\"wordCount\":924,\"publisher\":{\"@id\":\"https:\\\/\\\/www.forbes.be\\\/fr\\\/#organization\"},\"image\":{\"@id\":\"https:\\\/\\\/www.forbes.be\\\/fr\\\/jean-jullien-de-retour-a-bruxelles\\\/#primaryimage\"},\"thumbnailUrl\":\"https:\\\/\\\/www.forbes.be\\\/fr\\\/wp-content\\\/uploads\\\/2025\\\/10\\\/jj-corneille-scaled-e1762947157432.jpeg\",\"articleSection\":[\"Culture\"],\"inLanguage\":\"fr-FR\"},{\"@type\":\"WebPage\",\"@id\":\"https:\\\/\\\/www.forbes.be\\\/fr\\\/jean-jullien-de-retour-a-bruxelles\\\/\",\"url\":\"https:\\\/\\\/www.forbes.be\\\/fr\\\/jean-jullien-de-retour-a-bruxelles\\\/\",\"name\":\"Jean Jullien de retour \u00e0 Bruxelles | Forbes Belgique\",\"isPartOf\":{\"@id\":\"https:\\\/\\\/www.forbes.be\\\/fr\\\/#website\"},\"primaryImageOfPage\":{\"@id\":\"https:\\\/\\\/www.forbes.be\\\/fr\\\/jean-jullien-de-retour-a-bruxelles\\\/#primaryimage\"},\"image\":{\"@id\":\"https:\\\/\\\/www.forbes.be\\\/fr\\\/jean-jullien-de-retour-a-bruxelles\\\/#primaryimage\"},\"thumbnailUrl\":\"https:\\\/\\\/www.forbes.be\\\/fr\\\/wp-content\\\/uploads\\\/2025\\\/10\\\/jj-corneille-scaled-e1762947157432.jpeg\",\"datePublished\":\"2025-11-07T06:30:25+00:00\",\"dateModified\":\"2025-11-12T11:32:47+00:00\",\"description\":\"Deux ans apr\u00e8s son exposition Studiolo \u00e0 Molenbeek, l\u2019artiste fran\u00e7ais Jean Jullien revient \u00e0 Bruxelles partager son exp\u00e9rience nipponne.\",\"breadcrumb\":{\"@id\":\"https:\\\/\\\/www.forbes.be\\\/fr\\\/jean-jullien-de-retour-a-bruxelles\\\/#breadcrumb\"},\"inLanguage\":\"fr-FR\",\"potentialAction\":[{\"@type\":\"ReadAction\",\"target\":[\"https:\\\/\\\/www.forbes.be\\\/fr\\\/jean-jullien-de-retour-a-bruxelles\\\/\"]}]},{\"@type\":\"ImageObject\",\"inLanguage\":\"fr-FR\",\"@id\":\"https:\\\/\\\/www.forbes.be\\\/fr\\\/jean-jullien-de-retour-a-bruxelles\\\/#primaryimage\",\"url\":\"https:\\\/\\\/www.forbes.be\\\/fr\\\/wp-content\\\/uploads\\\/2025\\\/10\\\/jj-corneille-scaled-e1762947157432.jpeg\",\"contentUrl\":\"https:\\\/\\\/www.forbes.be\\\/fr\\\/wp-content\\\/uploads\\\/2025\\\/10\\\/jj-corneille-scaled-e1762947157432.jpeg\",\"width\":2560,\"height\":1340,\"caption\":\"\u00a9 Alice Gallery\"},{\"@type\":\"BreadcrumbList\",\"@id\":\"https:\\\/\\\/www.forbes.be\\\/fr\\\/jean-jullien-de-retour-a-bruxelles\\\/#breadcrumb\",\"itemListElement\":[{\"@type\":\"ListItem\",\"position\":1,\"name\":\"Accueil\",\"item\":\"https:\\\/\\\/www.forbes.be\\\/fr\\\/\"},{\"@type\":\"ListItem\",\"position\":2,\"name\":\"Jean Jullien de retour \u00e0 Bruxelles\"}]},{\"@type\":\"WebSite\",\"@id\":\"https:\\\/\\\/www.forbes.be\\\/fr\\\/#website\",\"url\":\"https:\\\/\\\/www.forbes.be\\\/fr\\\/\",\"name\":\"Forbes Belgique\",\"description\":\"\",\"publisher\":{\"@id\":\"https:\\\/\\\/www.forbes.be\\\/fr\\\/#organization\"},\"potentialAction\":[{\"@type\":\"SearchAction\",\"target\":{\"@type\":\"EntryPoint\",\"urlTemplate\":\"https:\\\/\\\/www.forbes.be\\\/fr\\\/?s={search_term_string}\"},\"query-input\":{\"@type\":\"PropertyValueSpecification\",\"valueRequired\":true,\"valueName\":\"search_term_string\"}}],\"inLanguage\":\"fr-FR\"},{\"@type\":\"Organization\",\"@id\":\"https:\\\/\\\/www.forbes.be\\\/fr\\\/#organization\",\"name\":\"Forbes Belgique\",\"url\":\"https:\\\/\\\/www.forbes.be\\\/fr\\\/\",\"logo\":{\"@type\":\"ImageObject\",\"inLanguage\":\"fr-FR\",\"@id\":\"https:\\\/\\\/www.forbes.be\\\/fr\\\/#\\\/schema\\\/logo\\\/image\\\/\",\"url\":\"https:\\\/\\\/www.forbes.be\\\/fr\\\/wp-content\\\/uploads\\\/2024\\\/02\\\/forbes.be_.png\",\"contentUrl\":\"https:\\\/\\\/www.forbes.be\\\/fr\\\/wp-content\\\/uploads\\\/2024\\\/02\\\/forbes.be_.png\",\"width\":1200,\"height\":675,\"caption\":\"Forbes Belgique\"},\"image\":{\"@id\":\"https:\\\/\\\/www.forbes.be\\\/fr\\\/#\\\/schema\\\/logo\\\/image\\\/\"},\"sameAs\":[\"https:\\\/\\\/www.facebook.com\\\/forbesbelgique\\\/\",\"https:\\\/\\\/www.instagram.com\\\/Forbes_Belgium\",\"https:\\\/\\\/www.linkedin.com\\\/company\\\/forbes-belgium\\\/\"]},{\"@type\":\"Person\",\"@id\":\"https:\\\/\\\/www.forbes.be\\\/fr\\\/#\\\/schema\\\/person\\\/8ec2eaf66f85ad162d094b61be753342\",\"name\":\"C\u00e9line Bouckaert\",\"image\":{\"@type\":\"ImageObject\",\"inLanguage\":\"fr-FR\",\"@id\":\"https:\\\/\\\/www.forbes.be\\\/fr\\\/wp-content\\\/uploads\\\/2024\\\/01\\\/0283_ec_fb-1-150x150.jpg\",\"url\":\"https:\\\/\\\/www.forbes.be\\\/fr\\\/wp-content\\\/uploads\\\/2024\\\/01\\\/0283_ec_fb-1-150x150.jpg\",\"contentUrl\":\"https:\\\/\\\/www.forbes.be\\\/fr\\\/wp-content\\\/uploads\\\/2024\\\/01\\\/0283_ec_fb-1-150x150.jpg\",\"caption\":\"C\u00e9line Bouckaert\"},\"url\":\"https:\\\/\\\/www.forbes.be\\\/fr\\\/author\\\/cboeditionventures-be\\\/\"}]}<\/script>\n<!-- \/ Yoast SEO plugin. -->","yoast_head_json":{"title":"Jean Jullien de retour \u00e0 Bruxelles | Forbes Belgique","description":"Deux ans apr\u00e8s son exposition Studiolo \u00e0 Molenbeek, l\u2019artiste fran\u00e7ais Jean Jullien revient \u00e0 Bruxelles partager son exp\u00e9rience nipponne.","robots":{"index":"index","follow":"follow","max-snippet":"max-snippet:-1","max-image-preview":"max-image-preview:large","max-video-preview":"max-video-preview:-1"},"canonical":"https:\/\/www.forbes.be\/fr\/jean-jullien-de-retour-a-bruxelles\/","og_locale":"fr_FR","og_type":"article","og_title":"Jean Jullien de retour \u00e0 Bruxelles | Forbes Belgique","og_description":"Deux ans apr\u00e8s son exposition Studiolo \u00e0 Molenbeek, l\u2019artiste fran\u00e7ais Jean Jullien revient \u00e0 Bruxelles partager son exp\u00e9rience nipponne.","og_url":"https:\/\/www.forbes.be\/fr\/jean-jullien-de-retour-a-bruxelles\/","og_site_name":"Forbes Belgique","article_publisher":"https:\/\/www.facebook.com\/forbesbelgique\/","article_published_time":"2025-11-07T06:30:25+00:00","article_modified_time":"2025-11-12T11:32:47+00:00","og_image":[{"width":2560,"height":1340,"url":"https:\/\/www.forbes.be\/fr\/wp-content\/uploads\/2025\/10\/jj-corneille-scaled-e1762947157432.jpeg","type":"image\/jpeg"}],"author":"C\u00e9line Bouckaert","twitter_card":"summary_large_image","twitter_misc":{"\u00c9crit par":"C\u00e9line Bouckaert","Dur\u00e9e de lecture estim\u00e9e":"5 minutes"},"schema":{"@context":"https:\/\/schema.org","@graph":[{"@type":"NewsArticle","@id":"https:\/\/www.forbes.be\/fr\/jean-jullien-de-retour-a-bruxelles\/#article","isPartOf":{"@id":"https:\/\/www.forbes.be\/fr\/jean-jullien-de-retour-a-bruxelles\/"},"author":{"name":"C\u00e9line Bouckaert","@id":"https:\/\/www.forbes.be\/fr\/#\/schema\/person\/8ec2eaf66f85ad162d094b61be753342"},"headline":"Jean Jullien de retour \u00e0 Bruxelles","datePublished":"2025-11-07T06:30:25+00:00","dateModified":"2025-11-12T11:32:47+00:00","mainEntityOfPage":{"@id":"https:\/\/www.forbes.be\/fr\/jean-jullien-de-retour-a-bruxelles\/"},"wordCount":924,"publisher":{"@id":"https:\/\/www.forbes.be\/fr\/#organization"},"image":{"@id":"https:\/\/www.forbes.be\/fr\/jean-jullien-de-retour-a-bruxelles\/#primaryimage"},"thumbnailUrl":"https:\/\/www.forbes.be\/fr\/wp-content\/uploads\/2025\/10\/jj-corneille-scaled-e1762947157432.jpeg","articleSection":["Culture"],"inLanguage":"fr-FR"},{"@type":"WebPage","@id":"https:\/\/www.forbes.be\/fr\/jean-jullien-de-retour-a-bruxelles\/","url":"https:\/\/www.forbes.be\/fr\/jean-jullien-de-retour-a-bruxelles\/","name":"Jean Jullien de retour \u00e0 Bruxelles | Forbes Belgique","isPartOf":{"@id":"https:\/\/www.forbes.be\/fr\/#website"},"primaryImageOfPage":{"@id":"https:\/\/www.forbes.be\/fr\/jean-jullien-de-retour-a-bruxelles\/#primaryimage"},"image":{"@id":"https:\/\/www.forbes.be\/fr\/jean-jullien-de-retour-a-bruxelles\/#primaryimage"},"thumbnailUrl":"https:\/\/www.forbes.be\/fr\/wp-content\/uploads\/2025\/10\/jj-corneille-scaled-e1762947157432.jpeg","datePublished":"2025-11-07T06:30:25+00:00","dateModified":"2025-11-12T11:32:47+00:00","description":"Deux ans apr\u00e8s son exposition Studiolo \u00e0 Molenbeek, l\u2019artiste fran\u00e7ais Jean Jullien revient \u00e0 Bruxelles partager son exp\u00e9rience nipponne.","breadcrumb":{"@id":"https:\/\/www.forbes.be\/fr\/jean-jullien-de-retour-a-bruxelles\/#breadcrumb"},"inLanguage":"fr-FR","potentialAction":[{"@type":"ReadAction","target":["https:\/\/www.forbes.be\/fr\/jean-jullien-de-retour-a-bruxelles\/"]}]},{"@type":"ImageObject","inLanguage":"fr-FR","@id":"https:\/\/www.forbes.be\/fr\/jean-jullien-de-retour-a-bruxelles\/#primaryimage","url":"https:\/\/www.forbes.be\/fr\/wp-content\/uploads\/2025\/10\/jj-corneille-scaled-e1762947157432.jpeg","contentUrl":"https:\/\/www.forbes.be\/fr\/wp-content\/uploads\/2025\/10\/jj-corneille-scaled-e1762947157432.jpeg","width":2560,"height":1340,"caption":"\u00a9 Alice Gallery"},{"@type":"BreadcrumbList","@id":"https:\/\/www.forbes.be\/fr\/jean-jullien-de-retour-a-bruxelles\/#breadcrumb","itemListElement":[{"@type":"ListItem","position":1,"name":"Accueil","item":"https:\/\/www.forbes.be\/fr\/"},{"@type":"ListItem","position":2,"name":"Jean Jullien de retour \u00e0 Bruxelles"}]},{"@type":"WebSite","@id":"https:\/\/www.forbes.be\/fr\/#website","url":"https:\/\/www.forbes.be\/fr\/","name":"Forbes Belgique","description":"","publisher":{"@id":"https:\/\/www.forbes.be\/fr\/#organization"},"potentialAction":[{"@type":"SearchAction","target":{"@type":"EntryPoint","urlTemplate":"https:\/\/www.forbes.be\/fr\/?s={search_term_string}"},"query-input":{"@type":"PropertyValueSpecification","valueRequired":true,"valueName":"search_term_string"}}],"inLanguage":"fr-FR"},{"@type":"Organization","@id":"https:\/\/www.forbes.be\/fr\/#organization","name":"Forbes Belgique","url":"https:\/\/www.forbes.be\/fr\/","logo":{"@type":"ImageObject","inLanguage":"fr-FR","@id":"https:\/\/www.forbes.be\/fr\/#\/schema\/logo\/image\/","url":"https:\/\/www.forbes.be\/fr\/wp-content\/uploads\/2024\/02\/forbes.be_.png","contentUrl":"https:\/\/www.forbes.be\/fr\/wp-content\/uploads\/2024\/02\/forbes.be_.png","width":1200,"height":675,"caption":"Forbes Belgique"},"image":{"@id":"https:\/\/www.forbes.be\/fr\/#\/schema\/logo\/image\/"},"sameAs":["https:\/\/www.facebook.com\/forbesbelgique\/","https:\/\/www.instagram.com\/Forbes_Belgium","https:\/\/www.linkedin.com\/company\/forbes-belgium\/"]},{"@type":"Person","@id":"https:\/\/www.forbes.be\/fr\/#\/schema\/person\/8ec2eaf66f85ad162d094b61be753342","name":"C\u00e9line Bouckaert","image":{"@type":"ImageObject","inLanguage":"fr-FR","@id":"https:\/\/www.forbes.be\/fr\/wp-content\/uploads\/2024\/01\/0283_ec_fb-1-150x150.jpg","url":"https:\/\/www.forbes.be\/fr\/wp-content\/uploads\/2024\/01\/0283_ec_fb-1-150x150.jpg","contentUrl":"https:\/\/www.forbes.be\/fr\/wp-content\/uploads\/2024\/01\/0283_ec_fb-1-150x150.jpg","caption":"C\u00e9line Bouckaert"},"url":"https:\/\/www.forbes.be\/fr\/author\/cboeditionventures-be\/"}]}},"_links":{"self":[{"href":"https:\/\/www.forbes.be\/fr\/wp-json\/wp\/v2\/posts\/13225","targetHints":{"allow":["GET"]}}],"collection":[{"href":"https:\/\/www.forbes.be\/fr\/wp-json\/wp\/v2\/posts"}],"about":[{"href":"https:\/\/www.forbes.be\/fr\/wp-json\/wp\/v2\/types\/post"}],"author":[{"embeddable":true,"href":"https:\/\/www.forbes.be\/fr\/wp-json\/wp\/v2\/users\/14"}],"replies":[{"embeddable":true,"href":"https:\/\/www.forbes.be\/fr\/wp-json\/wp\/v2\/comments?post=13225"}],"version-history":[{"count":5,"href":"https:\/\/www.forbes.be\/fr\/wp-json\/wp\/v2\/posts\/13225\/revisions"}],"predecessor-version":[{"id":13380,"href":"https:\/\/www.forbes.be\/fr\/wp-json\/wp\/v2\/posts\/13225\/revisions\/13380"}],"wp:featuredmedia":[{"embeddable":true,"href":"https:\/\/www.forbes.be\/fr\/wp-json\/wp\/v2\/media\/13226"}],"wp:attachment":[{"href":"https:\/\/www.forbes.be\/fr\/wp-json\/wp\/v2\/media?parent=13225"}],"wp:term":[{"taxonomy":"category","embeddable":true,"href":"https:\/\/www.forbes.be\/fr\/wp-json\/wp\/v2\/categories?post=13225"},{"taxonomy":"post_tag","embeddable":true,"href":"https:\/\/www.forbes.be\/fr\/wp-json\/wp\/v2\/tags?post=13225"}],"curies":[{"name":"wp","href":"https:\/\/api.w.org\/{rel}","templated":true}]}}