{"id":13300,"date":"2025-11-07T16:00:00","date_gmt":"2025-11-07T15:00:00","guid":{"rendered":"https:\/\/www.forbes.be\/fr\/?p=13300"},"modified":"2025-11-07T15:59:13","modified_gmt":"2025-11-07T14:59:13","slug":"batteries-skysun-parie-sur-le-stockage-pour-debloquer-le-reseau-belge","status":"publish","type":"post","link":"https:\/\/www.forbes.be\/fr\/batteries-skysun-parie-sur-le-stockage-pour-debloquer-le-reseau-belge\/","title":{"rendered":"Batteries : SkySun parie sur le stockage pour d\u00e9bloquer le r\u00e9seau belge"},"content":{"rendered":"<p><strong>Le r\u00e9seau \u00e9lectrique belge est satur\u00e9. Entre surproduction d&rsquo;\u00e9nergie renouvelable et refus de raccordement, la transition \u00e9nerg\u00e9tique marque le pas. SkySun, sp\u00e9cialiste belge du solaire B2B, mise d\u00e9sormais sur les batteries de stockage (BESS) comme cl\u00e9 de vo\u00fbte d&rsquo;un r\u00e9seau \u00e9quilibr\u00e9. Mais les obstacles r\u00e9glementaires freinent encore le d\u00e9ploiement. Le 7 novembre, l&rsquo;entreprise inaugurait d&rsquo;ailleurs aux Calcaires de la Sambre, pr\u00e8s de Charleroi, l&rsquo;une des toutes premi\u00e8res batteries wallonnes raccord\u00e9e \u00ab\u00a0derri\u00e8re le compteur\u00a0\u00bb. Une premi\u00e8re concr\u00e8te qui illustre le potentiel du mod\u00e8le, mais aussi les obstacles r\u00e9glementaires qui freinent encore son d\u00e9ploiement \u00e0 grande \u00e9chelle.<\/strong><\/p>\n<p>\u00ab <em>L&rsquo;impl\u00e9mentation de <strong>batteries<\/strong> est devenue la condition sine qua non pour que la <strong>transition \u00e9nerg\u00e9tique<\/strong> s&rsquo;op\u00e8re et se poursuive<\/em> \u00bb, affirme <strong>Arthur Dawans<\/strong>, co-fondateur et CEO de SkySun EU. Le constat est sans appel : en Belgique, la <strong>surproduction d&rsquo;\u00e9nergie<\/strong> renouvelable provoque des saturations sur les boucles moyenne tension, notamment en Wallonie, o\u00f9 l&rsquo;exc\u00e8s de panneaux solaires fait litt\u00e9ralement \u00ab\u00a0sauter\u00a0\u00bb les r\u00e9seaux dans certains villages. Le probl\u00e8me gagne progressivement la haute tension.<\/p>\n<p>Face \u00e0 cette situation, deux options s&rsquo;offrent aux gestionnaires de r\u00e9seau : investir massivement dans de nouveaux c\u00e2bles (comme le projet de boucle du Hainaut, dont l&rsquo;aboutissement tarde \u00e0 arriver) ou d\u00e9ployer rapidement des batteries pour \u00ab <em>utiliser ces raccordements de mani\u00e8re plus intelligente, afin de soulager le r\u00e9seau tant lors des surplus que lors des p\u00e9nuries<\/em> \u00bb. L&rsquo;enjeu d\u00e9passe la simple fluidification : il s&rsquo;agit d&rsquo;un service d&rsquo;utilit\u00e9 publique. Installer une <strong>batterie<\/strong> am\u00e9liore le r\u00e9seau sur l&rsquo;ensemble de la boucle concern\u00e9e, b\u00e9n\u00e9ficiant \u00e0 tous les utilisateurs voisins.<\/p>\n<h2>Deux mod\u00e8les pour mon\u00e9tiser la flexibilit\u00e9<\/h2>\n<p><strong>SkySun<\/strong> propose deux offres distinctes. La premi\u00e8re cible les industriels disposant d&rsquo;un raccordement surdimensionn\u00e9. <strong>SkySun<\/strong> loue alors le terrain, installe une <strong>batterie<\/strong> (minimum 1 MW sur 2 heures, soit 2 MWh, soit l&rsquo;\u00e9quivalent d&rsquo;un petit conteneur maritime) et se connecte directement au c\u00e2ble de raccordement, sans toucher au <strong>r\u00e9seau \u00e9lectrique<\/strong> interne du site.<\/p>\n<figure id=\"attachment_13374\" aria-describedby=\"caption-attachment-13374\" style=\"width: 1494px\" class=\"wp-caption alignnone\"><img loading=\"lazy\" decoding=\"async\" class=\"size-full wp-image-13374\" src=\"https:\/\/www.forbes.be\/fr\/wp-content\/uploads\/2025\/11\/capture-decran-2025-11-05-a-223653.png\" alt=\"\" width=\"1494\" height=\"832\" srcset=\"https:\/\/www.forbes.be\/fr\/wp-content\/uploads\/2025\/11\/capture-decran-2025-11-05-a-223653.png 1494w, https:\/\/www.forbes.be\/fr\/wp-content\/uploads\/2025\/11\/capture-decran-2025-11-05-a-223653-300x167.png 300w, https:\/\/www.forbes.be\/fr\/wp-content\/uploads\/2025\/11\/capture-decran-2025-11-05-a-223653-1024x570.png 1024w, https:\/\/www.forbes.be\/fr\/wp-content\/uploads\/2025\/11\/capture-decran-2025-11-05-a-223653-768x428.png 768w, https:\/\/www.forbes.be\/fr\/wp-content\/uploads\/2025\/11\/capture-decran-2025-11-05-a-223653-696x388.png 696w, https:\/\/www.forbes.be\/fr\/wp-content\/uploads\/2025\/11\/capture-decran-2025-11-05-a-223653-1068x595.png 1068w, https:\/\/www.forbes.be\/fr\/wp-content\/uploads\/2025\/11\/capture-decran-2025-11-05-a-223653-600x334.png 600w\" sizes=\"auto, (max-width: 1494px) 100vw, 1494px\" \/><figcaption id=\"caption-attachment-13374\" class=\"wp-caption-text\">\u00a9 SkySun<\/figcaption><\/figure>\n<p>La rentabilit\u00e9 repose sur deux piliers : les services au r\u00e9seau (notamment pour Elia, gestionnaire du r\u00e9seau de transport) et le<strong> trading d&rsquo;\u00e9lectricit\u00e9<\/strong>. \u00ab <em>Quand l&rsquo;\u00e9lectricit\u00e9 affiche un prix n\u00e9gatif, que signifie cela ? Qu&rsquo;il y en a trop et qu&rsquo;il faut l&rsquo;absorber<\/em> \u00bb, explique <strong>Arthur Dawans<\/strong>. La<strong> batterie<\/strong> ach\u00e8te et revend l&rsquo;\u00e9nergie \u00e0 des fournisseurs comme Engie ou Total, fluidifiant ainsi le r\u00e9seau tout en g\u00e9n\u00e9rant des revenus. Le loyer propos\u00e9 au propri\u00e9taire du terrain peut \u00eatre forfaitaire ou \u00ab <em>tr\u00e8s agressif au d\u00e9par<\/em>t \u00bb, <strong>SkySun<\/strong> tablant sur des rendements initialement \u00e9lev\u00e9s mais incertains \u00e0 moyen terme.<\/p>\n<p>Le second mod\u00e8le s&rsquo;adresse aux entreprises p\u00e9nalis\u00e9es par des pics de consommation ou des refus de raccordement. <strong>SkySun<\/strong> leur loue une batterie pour du <em>peak shaving<\/em> (lissage des pics) et l&rsquo;optimisation de l&rsquo;autoconsommation, en g\u00e9rant l&rsquo;int\u00e9gralit\u00e9 du projet selon le cahier des charges du client.<\/p>\n<h2>Calcaires de la Sambre : un projet pilote \u00ab\u00a0derri\u00e8re le compteur\u00a0\u00bb<\/h2>\n<p>Le 7 novembre 2025, <strong>SkySun<\/strong> inaugurait aux <strong>Calcaires de la Sambre<\/strong>, pr\u00e8s de Charleroi, un projet combinant 5 hectares de panneaux solaires et une batterie BESS raccord\u00e9e \u00ab\u00a0derri\u00e8re le compteur\u00a0\u00bb. Cette configuration, l&rsquo;une des toutes premi\u00e8res en Wallonie, permet d&rsquo;installer la <strong>batterie<\/strong> sur le r\u00e9seau interne du site industriel tout en l&rsquo;utilisant pour la stabilisation du r\u00e9seau public. Bertrand Dubois, directeur des Calcaires de la Sambre, se r\u00e9jouit : \u00ab <em>Ce projet est l&rsquo;aboutissement d&rsquo;une collaboration \u00e9troite avec <strong>SkySun<\/strong>. Nous sommes ravis de pouvoir avancer dans nos d\u00e9marches \u00e9cologiques sans devoir d\u00e9bourser de CAPEX, c&rsquo;est un r\u00e9el coup de pouce \u00e0 la transition \u00e9nerg\u00e9tique de l&rsquo;industrie dans la r\u00e9gion de Charleroi<\/em> \u00bb.<\/p>\n<figure id=\"attachment_13433\" aria-describedby=\"caption-attachment-13433\" style=\"width: 2048px\" class=\"wp-caption alignnone\"><img loading=\"lazy\" decoding=\"async\" class=\"wp-image-13433 size-full\" src=\"https:\/\/www.forbes.be\/fr\/wp-content\/uploads\/2025\/11\/6433b90b-2cbd-4f45-b105-e0c7a6cd14de.jpeg\" alt=\"\" width=\"2048\" height=\"1366\" srcset=\"https:\/\/www.forbes.be\/fr\/wp-content\/uploads\/2025\/11\/6433b90b-2cbd-4f45-b105-e0c7a6cd14de.jpeg 2048w, https:\/\/www.forbes.be\/fr\/wp-content\/uploads\/2025\/11\/6433b90b-2cbd-4f45-b105-e0c7a6cd14de-300x200.jpeg 300w, https:\/\/www.forbes.be\/fr\/wp-content\/uploads\/2025\/11\/6433b90b-2cbd-4f45-b105-e0c7a6cd14de-1024x683.jpeg 1024w, https:\/\/www.forbes.be\/fr\/wp-content\/uploads\/2025\/11\/6433b90b-2cbd-4f45-b105-e0c7a6cd14de-768x512.jpeg 768w, https:\/\/www.forbes.be\/fr\/wp-content\/uploads\/2025\/11\/6433b90b-2cbd-4f45-b105-e0c7a6cd14de-1536x1025.jpeg 1536w, https:\/\/www.forbes.be\/fr\/wp-content\/uploads\/2025\/11\/6433b90b-2cbd-4f45-b105-e0c7a6cd14de-696x464.jpeg 696w, https:\/\/www.forbes.be\/fr\/wp-content\/uploads\/2025\/11\/6433b90b-2cbd-4f45-b105-e0c7a6cd14de-1068x712.jpeg 1068w, https:\/\/www.forbes.be\/fr\/wp-content\/uploads\/2025\/11\/6433b90b-2cbd-4f45-b105-e0c7a6cd14de-1920x1281.jpeg 1920w, https:\/\/www.forbes.be\/fr\/wp-content\/uploads\/2025\/11\/6433b90b-2cbd-4f45-b105-e0c7a6cd14de-600x400.jpeg 600w\" sizes=\"auto, (max-width: 2048px) 100vw, 2048px\" \/><figcaption id=\"caption-attachment-13433\" class=\"wp-caption-text\">De gauche \u00e0 droite : Arthur Dawans (co-founder &amp; co-CEO SkySun), Thomas Dermine (Secr\u00e9taire d&rsquo;\u00c9tat f\u00e9d\u00e9ral pour la Relance et les Investissements strat\u00e9giques), L\u00e9opold Coppieters (co-founder &amp; co-CEO SkySun) et Pierre Now\u00e9 (Solar Developer Skysun)<\/figcaption><\/figure>\n<p>Le projet illustre \u00e9galement un m\u00e9canisme de <em>Virtual Power Purchase Agreement<\/em> (VPPA) entre <strong>SkySun<\/strong> et <strong>AG Real Estate<\/strong> : l&rsquo;\u00e9nergie non consomm\u00e9e sur site (35% de la production) est envoy\u00e9e vers les immeubles g\u00e9r\u00e9s par <strong>AG Real Estate<\/strong>, qui garantit ainsi un approvisionnement renouvelable, local et en temps r\u00e9el sur 15 ans (1 GWh par an). <strong>Marc van Begi<\/strong>n, CFO d&rsquo;<strong>AG Real Estate<\/strong>, affirme : \u00ab <em>Depuis cinq ans, notre collaboration avec <strong>SkySun<\/strong> illustre la volont\u00e9 d&rsquo;<strong>AG Real Estate<\/strong> d&rsquo;avancer pas \u00e0 pas dans la transition \u00e9nerg\u00e9tique. Ce projet, \u00e0 notre \u00e9chelle, repr\u00e9sente une \u00e9tape concr\u00e8te vers une consommation plus responsable et une production locale d&rsquo;\u00e9nergie verte.<\/em> \u00bb<\/p>\n<h2>Le cadre r\u00e9glementaire, principal goulot d&rsquo;\u00e9tranglement<\/h2>\n<p>Si <strong>SkySun<\/strong> affiche un pipeline ambitieux (plus de 80 MW de batteries en cours de <em>permitting<\/em>, dont 30 MW avec permis d\u00e9j\u00e0 obtenus et 2 MW avec raccordement confirm\u00e9), aucune installation n&rsquo;est encore op\u00e9rationnelle. Les premi\u00e8res sont annonc\u00e9es pour le premier trimestre 2026, avec 10 MW suppl\u00e9mentaires attendus d&rsquo;ici fin 2025. Mais <strong>Arthur Dawans<\/strong> pointe du doigt les \u00ab <em>ralentissements dus \u00e0 la l\u00e9gislation sur les contrats de pr\u00e9l\u00e8vement flexible.<\/em> \u00bb<\/p>\n<p>Le probl\u00e8me est structurel : r\u00e9server 1 MW de puissance fixe \u00e0 une <strong>batterie<\/strong> sur le <strong>r\u00e9seau<\/strong> bloquerait cette capacit\u00e9 pour d&rsquo;autres utilisateurs, comme une industrie souhaitant se raccorder. \u00ab <em>Vous venez r\u00e9soudre des probl\u00e8mes, mais vous cr\u00e9ez un goulot d&rsquo;\u00e9tranglement<\/em> \u00bb, souligne-t-il. Les gestionnaires de r\u00e9seau ont donc d\u00fb \u00e9laborer des contrats de raccordement flexibles sp\u00e9cifiques aux batteries, autorisant un curtailment (limitation) total du pr\u00e9l\u00e8vement, ce qui \u00e9tait interdit pour les usines. Le texte l\u00e9gislatif est actuellement en deuxi\u00e8me lecture, freinant <em>de facto<\/em> les autorisations.<\/p>\n<p><center><iframe loading=\"lazy\" title=\"YouTube video player\" src=\"https:\/\/www.youtube.com\/embed\/k90pmWLhh3g?si=YEk77vlY_S45L2_d\" width=\"560\" height=\"315\" frameborder=\"0\" allowfullscreen=\"allowfullscreen\"><\/iframe><\/center>&nbsp;<\/p>\n<p>Lors d&rsquo;une table ronde organis\u00e9e par <strong>SkySun<\/strong> le 16 octobre \u00e0 Bruxelles, r\u00e9unissant une soixantaine d&rsquo;acteurs des trois r\u00e9gions, deux priorit\u00e9s ont \u00e9merg\u00e9 : acc\u00e9l\u00e9rer la prise de d\u00e9cision (les autorisations se font encore au cas par cas) et agir vite, car la <strong>saturation du r\u00e9seau<\/strong> ralentit d\u00e9j\u00e0 les projets d&rsquo;<strong>\u00e9nergies renouvelables<\/strong>.<\/p>\n<h2>Durabilit\u00e9 : recyclage plut\u00f4t que remplacement syst\u00e9matique<\/h2>\n<p>Contrairement aux id\u00e9es re\u00e7ues, <strong>Arthur Dawans<\/strong> insiste sur le <strong>bilan environnemental<\/strong> relatif des <strong>batteries<\/strong>. \u00ab <em>Certes, vous allez ajouter une facture CO2, mais vous allez permettre d&rsquo;accueillir davantage d&rsquo;<strong>\u00e9nergie renouvelable<\/strong><\/em> \u00bb et \u00e9viter le curtailment (coupure) d&rsquo;<strong>installations photovolta\u00efques<\/strong> d\u00e9j\u00e0 amorties en carbone. Les <strong>batteries lithium-ion<\/strong> utilis\u00e9es ne contiennent pas de terres rares, mais des minerais critiques (n\u00e9cessitant des zones d&rsquo;extraction sp\u00e9cifiques, notamment en Chine et Am\u00e9rique du Sud).<\/p>\n<p>Leur dur\u00e9e de vie ne se mesure pas en ann\u00e9es, mais en cycles (une d\u00e9charge compl\u00e8te suivie d&rsquo;une recharge). \u00ab <em>Hier, un intervenant garantissait 12 000 cycles. Si vous effectuez un cycle par jour, 12 000 divis\u00e9 par 365 vous donne tout de m\u00eame 32 ans<\/em> \u00bb, pr\u00e9cise <strong>Arthur Dawans<\/strong>. En usage intensif (6 cycles par jour), une batterie tiendra 5 ans ; en usage raisonnable, 20 ans. Le consensus actuel table sur 15 ans. <strong>SkySun<\/strong> mise sur Umicore, champion belge du recyclage, pour structurer cette fili\u00e8re \u00e0 l&rsquo;\u00e9chelle europ\u00e9enne.<\/p>\n<h2>Pipeline : les batteries d\u00e9passent d\u00e9j\u00e0 le solaire<\/h2>\n<p><strong>SkySun<\/strong>, qui a lev\u00e9 16,85 millions d&rsquo;euros en 2024 pour atteindre 500 MW d&rsquo;ici 2030, vise un ratio 50-50 entre solaire et batteries. Actuellement, le portefeuille photovolta\u00efque s&rsquo;\u00e9tablit autour de 50-60 MW cr\u00eate, mais le pipeline <strong>batteries<\/strong> (plus de 80 MW) d\u00e9passe d\u00e9j\u00e0 cette capacit\u00e9. \u00ab <em>Les batteries sont tr\u00e8s rentables, mais elles le sont pr\u00e9cis\u00e9ment en raison des perturbations sur le r\u00e9seau<\/em> \u00bb, note <strong>Arthur Dawans<\/strong>. Paradoxalement, cette rentabilit\u00e9 favorisera \u00e0 terme le solaire, dont la profitabilit\u00e9 s&rsquo;am\u00e9liorera une fois le r\u00e9seau stabilis\u00e9.<\/p>\n<p>Mais la fen\u00eatre d&rsquo;opportunit\u00e9 est limit\u00e9e. \u00ab <em>La <strong>batterie<\/strong> n&rsquo;est pas subsidi\u00e9e. Elle d\u00e9pend r\u00e9ellement du march\u00e9, avec peut-\u00eatre de tr\u00e8s importantes rentabilit\u00e9s sur les deux prochaines ann\u00e9es, mais absolument aucune certitude au-del\u00e0<\/em> \u00bb, avertit <strong>Arthur Dawans<\/strong>. Les d\u00e9veloppeurs engagent donc \u00ab <em>des investissements risqu\u00e9s, tr\u00e8s risqu\u00e9s<\/em> \u00bb, qui profiteront pourtant \u00ab <em>\u00e0 la soci\u00e9t\u00e9 dans son ensemble<\/em> \u00bb en r\u00e9duisant les co\u00fbts de distribution.<\/p>\n<h2>Un pari sur l&rsquo;avenir, frein\u00e9 par l&rsquo;inertie politique<\/h2>\n<p><strong>SkySun<\/strong> veut donc d\u00e9passer la version du renouvelable \u00e9nerg\u00e9tique qui se limite \u00e0 poser des panneaux photovolta\u00efques et r\u00e9fl\u00e9chit d\u00e9j\u00e0 au coup d&rsquo;apr\u00e8s&#8230; enfin, au couo d&rsquo;aujourd&rsquo;hui puisque c&rsquo;est maintenant qu&rsquo;il faut repenser l&rsquo;architecture m\u00eame du r\u00e9seau. Les batteries ne sont plus un accessoire, mais la \u00ab\u00a0piste cyclable\u00a0\u00bb indispensable aux \u00ab\u00a0v\u00e9los\u00a0\u00bb de l&rsquo;\u00e9nergie renouvelable. Reste \u00e0 convaincre r\u00e9gulateurs et gestionnaires de r\u00e9seau d&rsquo;acc\u00e9l\u00e9rer. Car sans cadre clair et rapide, la Belgique risque de manquer le virage du stockage et de voir sa <strong>transition \u00e9nerg\u00e9tique<\/strong> bloqu\u00e9e par les infrastructures m\u00eames cens\u00e9es la porter.<\/p>\n","protected":false},"excerpt":{"rendered":"<p>Le r\u00e9seau \u00e9lectrique belge est satur\u00e9. Entre surproduction d&rsquo;\u00e9nergie renouvelable et refus de raccordement, la transition \u00e9nerg\u00e9tique marque le pas. SkySun, sp\u00e9cialiste belge du solaire B2B, mise d\u00e9sormais sur les batteries de stockage (BESS) comme cl\u00e9 de vo\u00fbte d&rsquo;un r\u00e9seau \u00e9quilibr\u00e9. Mais les obstacles r\u00e9glementaires freinent encore le d\u00e9ploiement. Le 7 novembre, l&rsquo;entreprise inaugurait d&rsquo;ailleurs [&hellip;]<\/p>\n","protected":false},"author":47,"featured_media":13304,"comment_status":"closed","ping_status":"closed","sticky":false,"template":"","format":"standard","meta":{"_acf_changed":false,"inline_featured_image":false,"footnotes":""},"categories":[1,25,75,14,27],"tags":[],"class_list":{"0":"post-13300","1":"post","2":"type-post","3":"status-publish","4":"format-standard","5":"has-post-thumbnail","7":"category-actualite","8":"category-climat","9":"category-entreprise","10":"category-innovation","11":"category-societe"},"acf":[],"_yoast_wpseo_title":null,"_yoast_wpseo_metadesc":"Face \u00e0 la saturation du r\u00e9seau belge, SkySun mise sur les batteries de stockage pour stabiliser la transition \u00e9nerg\u00e9tique et soutenir le solaire made in Belgium.","auteur_traducteur":"","yoast_head":"<!-- This site is optimized with the Yoast SEO plugin v27.4 - https:\/\/yoast.com\/product\/yoast-seo-wordpress\/ -->\n<title>Batteries : SkySun parie sur le stockage pour d\u00e9bloquer le r\u00e9seau belge | Forbes Belgique<\/title>\n<meta name=\"description\" content=\"Face \u00e0 la saturation du r\u00e9seau belge, SkySun mise sur les batteries de stockage pour stabiliser la transition \u00e9nerg\u00e9tique et soutenir le solaire made in Belgium.\" \/>\n<meta name=\"robots\" content=\"index, follow, max-snippet:-1, max-image-preview:large, max-video-preview:-1\" \/>\n<link rel=\"canonical\" href=\"https:\/\/www.forbes.be\/fr\/batteries-skysun-parie-sur-le-stockage-pour-debloquer-le-reseau-belge\/\" \/>\n<meta property=\"og:locale\" content=\"fr_FR\" \/>\n<meta property=\"og:type\" content=\"article\" \/>\n<meta property=\"og:title\" content=\"Batteries : SkySun parie sur le stockage pour d\u00e9bloquer le r\u00e9seau belge | Forbes Belgique\" \/>\n<meta property=\"og:description\" content=\"Face \u00e0 la saturation du r\u00e9seau belge, SkySun mise sur les batteries de stockage pour stabiliser la transition \u00e9nerg\u00e9tique et soutenir le solaire made in Belgium.\" \/>\n<meta property=\"og:url\" content=\"https:\/\/www.forbes.be\/fr\/batteries-skysun-parie-sur-le-stockage-pour-debloquer-le-reseau-belge\/\" \/>\n<meta property=\"og:site_name\" content=\"Forbes Belgique\" \/>\n<meta property=\"article:publisher\" content=\"https:\/\/www.facebook.com\/forbesbelgique\/\" \/>\n<meta property=\"article:published_time\" content=\"2025-11-07T15:00:00+00:00\" \/>\n<meta property=\"og:image\" content=\"https:\/\/www.forbes.be\/fr\/wp-content\/uploads\/2025\/11\/capture-decran-2025-11-04-a-121815-1024x534.png\" \/>\n\t<meta property=\"og:image:width\" content=\"1024\" \/>\n\t<meta property=\"og:image:height\" content=\"534\" \/>\n\t<meta property=\"og:image:type\" content=\"image\/png\" \/>\n<meta name=\"author\" content=\"Martin Boonen\" \/>\n<meta name=\"twitter:card\" content=\"summary_large_image\" \/>\n<meta name=\"twitter:label1\" content=\"\u00c9crit par\" \/>\n\t<meta name=\"twitter:data1\" content=\"Martin Boonen\" \/>\n\t<meta name=\"twitter:label2\" content=\"Dur\u00e9e de lecture estim\u00e9e\" \/>\n\t<meta name=\"twitter:data2\" content=\"8 minutes\" \/>\n<script type=\"application\/ld+json\" class=\"yoast-schema-graph\">{\"@context\":\"https:\\\/\\\/schema.org\",\"@graph\":[{\"@type\":\"NewsArticle\",\"@id\":\"https:\\\/\\\/www.forbes.be\\\/fr\\\/batteries-skysun-parie-sur-le-stockage-pour-debloquer-le-reseau-belge\\\/#article\",\"isPartOf\":{\"@id\":\"https:\\\/\\\/www.forbes.be\\\/fr\\\/batteries-skysun-parie-sur-le-stockage-pour-debloquer-le-reseau-belge\\\/\"},\"author\":{\"name\":\"Martin Boonen\",\"@id\":\"https:\\\/\\\/www.forbes.be\\\/fr\\\/#\\\/schema\\\/person\\\/5e9af5383f8e0ffec564788f40ac92c8\"},\"headline\":\"Batteries : SkySun parie sur le stockage pour d\u00e9bloquer le r\u00e9seau belge\",\"datePublished\":\"2025-11-07T15:00:00+00:00\",\"mainEntityOfPage\":{\"@id\":\"https:\\\/\\\/www.forbes.be\\\/fr\\\/batteries-skysun-parie-sur-le-stockage-pour-debloquer-le-reseau-belge\\\/\"},\"wordCount\":1491,\"publisher\":{\"@id\":\"https:\\\/\\\/www.forbes.be\\\/fr\\\/#organization\"},\"image\":{\"@id\":\"https:\\\/\\\/www.forbes.be\\\/fr\\\/batteries-skysun-parie-sur-le-stockage-pour-debloquer-le-reseau-belge\\\/#primaryimage\"},\"thumbnailUrl\":\"https:\\\/\\\/www.forbes.be\\\/fr\\\/wp-content\\\/uploads\\\/2025\\\/11\\\/capture-decran-2025-11-04-a-121815.png\",\"articleSection\":[\"Actualit\u00e9s\",\"Climat\",\"Entreprise\",\"Innovation\",\"Soci\u00e9t\u00e9\"],\"inLanguage\":\"fr-FR\"},{\"@type\":\"WebPage\",\"@id\":\"https:\\\/\\\/www.forbes.be\\\/fr\\\/batteries-skysun-parie-sur-le-stockage-pour-debloquer-le-reseau-belge\\\/\",\"url\":\"https:\\\/\\\/www.forbes.be\\\/fr\\\/batteries-skysun-parie-sur-le-stockage-pour-debloquer-le-reseau-belge\\\/\",\"name\":\"Batteries : SkySun parie sur le stockage pour d\u00e9bloquer le r\u00e9seau belge | Forbes Belgique\",\"isPartOf\":{\"@id\":\"https:\\\/\\\/www.forbes.be\\\/fr\\\/#website\"},\"primaryImageOfPage\":{\"@id\":\"https:\\\/\\\/www.forbes.be\\\/fr\\\/batteries-skysun-parie-sur-le-stockage-pour-debloquer-le-reseau-belge\\\/#primaryimage\"},\"image\":{\"@id\":\"https:\\\/\\\/www.forbes.be\\\/fr\\\/batteries-skysun-parie-sur-le-stockage-pour-debloquer-le-reseau-belge\\\/#primaryimage\"},\"thumbnailUrl\":\"https:\\\/\\\/www.forbes.be\\\/fr\\\/wp-content\\\/uploads\\\/2025\\\/11\\\/capture-decran-2025-11-04-a-121815.png\",\"datePublished\":\"2025-11-07T15:00:00+00:00\",\"description\":\"Face \u00e0 la saturation du r\u00e9seau belge, SkySun mise sur les batteries de stockage pour stabiliser la transition \u00e9nerg\u00e9tique et soutenir le solaire made in Belgium.\",\"breadcrumb\":{\"@id\":\"https:\\\/\\\/www.forbes.be\\\/fr\\\/batteries-skysun-parie-sur-le-stockage-pour-debloquer-le-reseau-belge\\\/#breadcrumb\"},\"inLanguage\":\"fr-FR\",\"potentialAction\":[{\"@type\":\"ReadAction\",\"target\":[\"https:\\\/\\\/www.forbes.be\\\/fr\\\/batteries-skysun-parie-sur-le-stockage-pour-debloquer-le-reseau-belge\\\/\"]}]},{\"@type\":\"ImageObject\",\"inLanguage\":\"fr-FR\",\"@id\":\"https:\\\/\\\/www.forbes.be\\\/fr\\\/batteries-skysun-parie-sur-le-stockage-pour-debloquer-le-reseau-belge\\\/#primaryimage\",\"url\":\"https:\\\/\\\/www.forbes.be\\\/fr\\\/wp-content\\\/uploads\\\/2025\\\/11\\\/capture-decran-2025-11-04-a-121815.png\",\"contentUrl\":\"https:\\\/\\\/www.forbes.be\\\/fr\\\/wp-content\\\/uploads\\\/2025\\\/11\\\/capture-decran-2025-11-04-a-121815.png\",\"width\":1746,\"height\":910},{\"@type\":\"BreadcrumbList\",\"@id\":\"https:\\\/\\\/www.forbes.be\\\/fr\\\/batteries-skysun-parie-sur-le-stockage-pour-debloquer-le-reseau-belge\\\/#breadcrumb\",\"itemListElement\":[{\"@type\":\"ListItem\",\"position\":1,\"name\":\"Accueil\",\"item\":\"https:\\\/\\\/www.forbes.be\\\/fr\\\/\"},{\"@type\":\"ListItem\",\"position\":2,\"name\":\"Batteries : SkySun parie sur le stockage pour d\u00e9bloquer le r\u00e9seau belge\"}]},{\"@type\":\"WebSite\",\"@id\":\"https:\\\/\\\/www.forbes.be\\\/fr\\\/#website\",\"url\":\"https:\\\/\\\/www.forbes.be\\\/fr\\\/\",\"name\":\"Forbes Belgique\",\"description\":\"\",\"publisher\":{\"@id\":\"https:\\\/\\\/www.forbes.be\\\/fr\\\/#organization\"},\"potentialAction\":[{\"@type\":\"SearchAction\",\"target\":{\"@type\":\"EntryPoint\",\"urlTemplate\":\"https:\\\/\\\/www.forbes.be\\\/fr\\\/?s={search_term_string}\"},\"query-input\":{\"@type\":\"PropertyValueSpecification\",\"valueRequired\":true,\"valueName\":\"search_term_string\"}}],\"inLanguage\":\"fr-FR\"},{\"@type\":\"Organization\",\"@id\":\"https:\\\/\\\/www.forbes.be\\\/fr\\\/#organization\",\"name\":\"Forbes Belgique\",\"url\":\"https:\\\/\\\/www.forbes.be\\\/fr\\\/\",\"logo\":{\"@type\":\"ImageObject\",\"inLanguage\":\"fr-FR\",\"@id\":\"https:\\\/\\\/www.forbes.be\\\/fr\\\/#\\\/schema\\\/logo\\\/image\\\/\",\"url\":\"https:\\\/\\\/www.forbes.be\\\/fr\\\/wp-content\\\/uploads\\\/2024\\\/02\\\/forbes.be_.png\",\"contentUrl\":\"https:\\\/\\\/www.forbes.be\\\/fr\\\/wp-content\\\/uploads\\\/2024\\\/02\\\/forbes.be_.png\",\"width\":1200,\"height\":675,\"caption\":\"Forbes Belgique\"},\"image\":{\"@id\":\"https:\\\/\\\/www.forbes.be\\\/fr\\\/#\\\/schema\\\/logo\\\/image\\\/\"},\"sameAs\":[\"https:\\\/\\\/www.facebook.com\\\/forbesbelgique\\\/\",\"https:\\\/\\\/www.instagram.com\\\/Forbes_Belgium\",\"https:\\\/\\\/www.linkedin.com\\\/company\\\/forbes-belgium\\\/\"]},{\"@type\":\"Person\",\"@id\":\"https:\\\/\\\/www.forbes.be\\\/fr\\\/#\\\/schema\\\/person\\\/5e9af5383f8e0ffec564788f40ac92c8\",\"name\":\"Martin Boonen\",\"image\":{\"@type\":\"ImageObject\",\"inLanguage\":\"fr-FR\",\"@id\":\"https:\\\/\\\/www.forbes.be\\\/fr\\\/wp-content\\\/uploads\\\/2025\\\/10\\\/capture-decran-2024-11-15-a-093849-300x300-1-100x100.png\",\"url\":\"https:\\\/\\\/www.forbes.be\\\/fr\\\/wp-content\\\/uploads\\\/2025\\\/10\\\/capture-decran-2024-11-15-a-093849-300x300-1-100x100.png\",\"contentUrl\":\"https:\\\/\\\/www.forbes.be\\\/fr\\\/wp-content\\\/uploads\\\/2025\\\/10\\\/capture-decran-2024-11-15-a-093849-300x300-1-100x100.png\",\"caption\":\"Martin Boonen\"},\"description\":\"Martin Boonen est journaliste dipl\u00f4m\u00e9 de l'Institut de Journalisme de Bruxelles (2012). Il collabor\u00e9 avec de nombreuses r\u00e9dactions \u00e0 diff\u00e9rent niveau de responsabilit\u00e9 : journaliste, chef de rubrique, secr\u00e9taire de r\u00e9daction et r\u00e9dacteur en chef, tant sur le web que pour la presse imprim\u00e9e. Sp\u00e9cialis\u00e9 dans les startups et l'entrepreneuriat \u00e0 impact, il est devenu en 2025 r\u00e9dacteur en chef du site web de Forbes Belgique. Il est affili\u00e9 \u00e0 l'Organisation Mondiale de la Presse P\u00e9riodique depuis 2011.\",\"sameAs\":[\"https:\\\/\\\/www.linkedin.com\\\/in\\\/martin-boonen-61499951\\\/\"],\"url\":\"https:\\\/\\\/www.forbes.be\\\/fr\\\/author\\\/martin-boonen\\\/\"}]}<\/script>\n<!-- \/ Yoast SEO plugin. -->","yoast_head_json":{"title":"Batteries : SkySun parie sur le stockage pour d\u00e9bloquer le r\u00e9seau belge | Forbes Belgique","description":"Face \u00e0 la saturation du r\u00e9seau belge, SkySun mise sur les batteries de stockage pour stabiliser la transition \u00e9nerg\u00e9tique et soutenir le solaire made in Belgium.","robots":{"index":"index","follow":"follow","max-snippet":"max-snippet:-1","max-image-preview":"max-image-preview:large","max-video-preview":"max-video-preview:-1"},"canonical":"https:\/\/www.forbes.be\/fr\/batteries-skysun-parie-sur-le-stockage-pour-debloquer-le-reseau-belge\/","og_locale":"fr_FR","og_type":"article","og_title":"Batteries : SkySun parie sur le stockage pour d\u00e9bloquer le r\u00e9seau belge | Forbes Belgique","og_description":"Face \u00e0 la saturation du r\u00e9seau belge, SkySun mise sur les batteries de stockage pour stabiliser la transition \u00e9nerg\u00e9tique et soutenir le solaire made in Belgium.","og_url":"https:\/\/www.forbes.be\/fr\/batteries-skysun-parie-sur-le-stockage-pour-debloquer-le-reseau-belge\/","og_site_name":"Forbes Belgique","article_publisher":"https:\/\/www.facebook.com\/forbesbelgique\/","article_published_time":"2025-11-07T15:00:00+00:00","og_image":[{"width":1024,"height":534,"url":"https:\/\/www.forbes.be\/fr\/wp-content\/uploads\/2025\/11\/capture-decran-2025-11-04-a-121815-1024x534.png","type":"image\/png"}],"author":"Martin Boonen","twitter_card":"summary_large_image","twitter_misc":{"\u00c9crit par":"Martin Boonen","Dur\u00e9e de lecture estim\u00e9e":"8 minutes"},"schema":{"@context":"https:\/\/schema.org","@graph":[{"@type":"NewsArticle","@id":"https:\/\/www.forbes.be\/fr\/batteries-skysun-parie-sur-le-stockage-pour-debloquer-le-reseau-belge\/#article","isPartOf":{"@id":"https:\/\/www.forbes.be\/fr\/batteries-skysun-parie-sur-le-stockage-pour-debloquer-le-reseau-belge\/"},"author":{"name":"Martin Boonen","@id":"https:\/\/www.forbes.be\/fr\/#\/schema\/person\/5e9af5383f8e0ffec564788f40ac92c8"},"headline":"Batteries : SkySun parie sur le stockage pour d\u00e9bloquer le r\u00e9seau belge","datePublished":"2025-11-07T15:00:00+00:00","mainEntityOfPage":{"@id":"https:\/\/www.forbes.be\/fr\/batteries-skysun-parie-sur-le-stockage-pour-debloquer-le-reseau-belge\/"},"wordCount":1491,"publisher":{"@id":"https:\/\/www.forbes.be\/fr\/#organization"},"image":{"@id":"https:\/\/www.forbes.be\/fr\/batteries-skysun-parie-sur-le-stockage-pour-debloquer-le-reseau-belge\/#primaryimage"},"thumbnailUrl":"https:\/\/www.forbes.be\/fr\/wp-content\/uploads\/2025\/11\/capture-decran-2025-11-04-a-121815.png","articleSection":["Actualit\u00e9s","Climat","Entreprise","Innovation","Soci\u00e9t\u00e9"],"inLanguage":"fr-FR"},{"@type":"WebPage","@id":"https:\/\/www.forbes.be\/fr\/batteries-skysun-parie-sur-le-stockage-pour-debloquer-le-reseau-belge\/","url":"https:\/\/www.forbes.be\/fr\/batteries-skysun-parie-sur-le-stockage-pour-debloquer-le-reseau-belge\/","name":"Batteries : SkySun parie sur le stockage pour d\u00e9bloquer le r\u00e9seau belge | Forbes Belgique","isPartOf":{"@id":"https:\/\/www.forbes.be\/fr\/#website"},"primaryImageOfPage":{"@id":"https:\/\/www.forbes.be\/fr\/batteries-skysun-parie-sur-le-stockage-pour-debloquer-le-reseau-belge\/#primaryimage"},"image":{"@id":"https:\/\/www.forbes.be\/fr\/batteries-skysun-parie-sur-le-stockage-pour-debloquer-le-reseau-belge\/#primaryimage"},"thumbnailUrl":"https:\/\/www.forbes.be\/fr\/wp-content\/uploads\/2025\/11\/capture-decran-2025-11-04-a-121815.png","datePublished":"2025-11-07T15:00:00+00:00","description":"Face \u00e0 la saturation du r\u00e9seau belge, SkySun mise sur les batteries de stockage pour stabiliser la transition \u00e9nerg\u00e9tique et soutenir le solaire made in Belgium.","breadcrumb":{"@id":"https:\/\/www.forbes.be\/fr\/batteries-skysun-parie-sur-le-stockage-pour-debloquer-le-reseau-belge\/#breadcrumb"},"inLanguage":"fr-FR","potentialAction":[{"@type":"ReadAction","target":["https:\/\/www.forbes.be\/fr\/batteries-skysun-parie-sur-le-stockage-pour-debloquer-le-reseau-belge\/"]}]},{"@type":"ImageObject","inLanguage":"fr-FR","@id":"https:\/\/www.forbes.be\/fr\/batteries-skysun-parie-sur-le-stockage-pour-debloquer-le-reseau-belge\/#primaryimage","url":"https:\/\/www.forbes.be\/fr\/wp-content\/uploads\/2025\/11\/capture-decran-2025-11-04-a-121815.png","contentUrl":"https:\/\/www.forbes.be\/fr\/wp-content\/uploads\/2025\/11\/capture-decran-2025-11-04-a-121815.png","width":1746,"height":910},{"@type":"BreadcrumbList","@id":"https:\/\/www.forbes.be\/fr\/batteries-skysun-parie-sur-le-stockage-pour-debloquer-le-reseau-belge\/#breadcrumb","itemListElement":[{"@type":"ListItem","position":1,"name":"Accueil","item":"https:\/\/www.forbes.be\/fr\/"},{"@type":"ListItem","position":2,"name":"Batteries : SkySun parie sur le stockage pour d\u00e9bloquer le r\u00e9seau belge"}]},{"@type":"WebSite","@id":"https:\/\/www.forbes.be\/fr\/#website","url":"https:\/\/www.forbes.be\/fr\/","name":"Forbes Belgique","description":"","publisher":{"@id":"https:\/\/www.forbes.be\/fr\/#organization"},"potentialAction":[{"@type":"SearchAction","target":{"@type":"EntryPoint","urlTemplate":"https:\/\/www.forbes.be\/fr\/?s={search_term_string}"},"query-input":{"@type":"PropertyValueSpecification","valueRequired":true,"valueName":"search_term_string"}}],"inLanguage":"fr-FR"},{"@type":"Organization","@id":"https:\/\/www.forbes.be\/fr\/#organization","name":"Forbes Belgique","url":"https:\/\/www.forbes.be\/fr\/","logo":{"@type":"ImageObject","inLanguage":"fr-FR","@id":"https:\/\/www.forbes.be\/fr\/#\/schema\/logo\/image\/","url":"https:\/\/www.forbes.be\/fr\/wp-content\/uploads\/2024\/02\/forbes.be_.png","contentUrl":"https:\/\/www.forbes.be\/fr\/wp-content\/uploads\/2024\/02\/forbes.be_.png","width":1200,"height":675,"caption":"Forbes Belgique"},"image":{"@id":"https:\/\/www.forbes.be\/fr\/#\/schema\/logo\/image\/"},"sameAs":["https:\/\/www.facebook.com\/forbesbelgique\/","https:\/\/www.instagram.com\/Forbes_Belgium","https:\/\/www.linkedin.com\/company\/forbes-belgium\/"]},{"@type":"Person","@id":"https:\/\/www.forbes.be\/fr\/#\/schema\/person\/5e9af5383f8e0ffec564788f40ac92c8","name":"Martin Boonen","image":{"@type":"ImageObject","inLanguage":"fr-FR","@id":"https:\/\/www.forbes.be\/fr\/wp-content\/uploads\/2025\/10\/capture-decran-2024-11-15-a-093849-300x300-1-100x100.png","url":"https:\/\/www.forbes.be\/fr\/wp-content\/uploads\/2025\/10\/capture-decran-2024-11-15-a-093849-300x300-1-100x100.png","contentUrl":"https:\/\/www.forbes.be\/fr\/wp-content\/uploads\/2025\/10\/capture-decran-2024-11-15-a-093849-300x300-1-100x100.png","caption":"Martin Boonen"},"description":"Martin Boonen est journaliste dipl\u00f4m\u00e9 de l'Institut de Journalisme de Bruxelles (2012). Il collabor\u00e9 avec de nombreuses r\u00e9dactions \u00e0 diff\u00e9rent niveau de responsabilit\u00e9 : journaliste, chef de rubrique, secr\u00e9taire de r\u00e9daction et r\u00e9dacteur en chef, tant sur le web que pour la presse imprim\u00e9e. Sp\u00e9cialis\u00e9 dans les startups et l'entrepreneuriat \u00e0 impact, il est devenu en 2025 r\u00e9dacteur en chef du site web de Forbes Belgique. Il est affili\u00e9 \u00e0 l'Organisation Mondiale de la Presse P\u00e9riodique depuis 2011.","sameAs":["https:\/\/www.linkedin.com\/in\/martin-boonen-61499951\/"],"url":"https:\/\/www.forbes.be\/fr\/author\/martin-boonen\/"}]}},"_links":{"self":[{"href":"https:\/\/www.forbes.be\/fr\/wp-json\/wp\/v2\/posts\/13300","targetHints":{"allow":["GET"]}}],"collection":[{"href":"https:\/\/www.forbes.be\/fr\/wp-json\/wp\/v2\/posts"}],"about":[{"href":"https:\/\/www.forbes.be\/fr\/wp-json\/wp\/v2\/types\/post"}],"author":[{"embeddable":true,"href":"https:\/\/www.forbes.be\/fr\/wp-json\/wp\/v2\/users\/47"}],"replies":[{"embeddable":true,"href":"https:\/\/www.forbes.be\/fr\/wp-json\/wp\/v2\/comments?post=13300"}],"version-history":[{"count":5,"href":"https:\/\/www.forbes.be\/fr\/wp-json\/wp\/v2\/posts\/13300\/revisions"}],"predecessor-version":[{"id":13434,"href":"https:\/\/www.forbes.be\/fr\/wp-json\/wp\/v2\/posts\/13300\/revisions\/13434"}],"wp:featuredmedia":[{"embeddable":true,"href":"https:\/\/www.forbes.be\/fr\/wp-json\/wp\/v2\/media\/13304"}],"wp:attachment":[{"href":"https:\/\/www.forbes.be\/fr\/wp-json\/wp\/v2\/media?parent=13300"}],"wp:term":[{"taxonomy":"category","embeddable":true,"href":"https:\/\/www.forbes.be\/fr\/wp-json\/wp\/v2\/categories?post=13300"},{"taxonomy":"post_tag","embeddable":true,"href":"https:\/\/www.forbes.be\/fr\/wp-json\/wp\/v2\/tags?post=13300"}],"curies":[{"name":"wp","href":"https:\/\/api.w.org\/{rel}","templated":true}]}}