{"id":13306,"date":"2025-11-07T07:20:57","date_gmt":"2025-11-07T06:20:57","guid":{"rendered":"https:\/\/www.forbes.be\/fr\/?p=13306"},"modified":"2025-11-12T12:31:40","modified_gmt":"2025-11-12T11:31:40","slug":"leopold-coppieters-30-under-30-on-nest-rien-sans-son-equipe","status":"publish","type":"post","link":"https:\/\/www.forbes.be\/fr\/leopold-coppieters-30-under-30-on-nest-rien-sans-son-equipe\/","title":{"rendered":"L\u00e9opold Coppieters, 30 Under 30 : \u00ab\u00a0On n&rsquo;est rien sans son \u00e9quipe\u00a0\u00bb"},"content":{"rendered":"<div>\n<div><strong><strong><a href=\"https:\/\/be.linkedin.com\/in\/l%C3%A9opold-coppieters-698b21108\">L\u00e9opold Coppieters<\/a> a re\u00e7u son prix de Forbes 30 under 30 il y a pr\u00e8s d&rsquo;un an, alors qu&rsquo;il avait 29 ans. Trentenaire depuis le mois de mars dernier, il est la t\u00eate d&rsquo;une \u00e9quipe d&rsquo;une trentaine de personnes d\u00e9sormais. Son entreprise, <a href=\"https:\/\/www.skysun.eu\/\">Skysun<\/a>, mise sur l&rsquo;\u00e9conomie environnementale puisqu&rsquo;elle agit en tant que d\u00e9veloppeur, installateur (EPC) et gestionnaire (IPP) d&rsquo;actifs solaires photovolta\u00efques. L&rsquo;id\u00e9e est d&rsquo;<span style=\"font-family: Verdana, BlinkMacSystemFont, -apple-system, 'Segoe UI', Roboto, Oxygen, Ubuntu, Cantarell, 'Open Sans', 'Helvetica Neue', sans-serif;\">installer gratuitement des panneaux photovolta\u00efques sur la toiture, parking ou terrain d&rsquo;une entreprise, sans aucun investissement de sa part. Celle-ci peut alors profiter<\/span> d\u2019une \u00e9lectricit\u00e9 verte \u00e0 prix fixe ultra-comp\u00e9titif, r\u00e9duire imm\u00e9diatement ses factures d\u2019\u00e9nergie et augmenter la valeur de son bien immobilier. Retour avec le co-fondateur et<\/strong><\/strong><strong> \u00ab\u00a0Chief Solar Officer\u00a0\u00bb <\/strong><strong>de la start-up, <a href=\"https:\/\/www.forbes.be\/fr\/la-startup-belge-skysun-leve-168me-un-futur-champion-europeen\/\">qui avait lev\u00e9 16,8 millions d\u2019euros il y a quelques mois pour acc\u00e9l\u00e9rer son expansion, notamment en France<\/a>, sur la gen\u00e8se de ce projet.<\/strong><\/div>\n<\/div>\n<div><\/div>\n<div><strong>Forbes.be &#8211; L\u00e9opold, qu&rsquo;est-ce qui vous a amen\u00e9 \u00e0 vous lancer dans cette aventure entrepreneuriale?\u00a0<\/strong><\/div>\n<div>L\u00e9opold Coppieters &#8211; J&rsquo;ai lanc\u00e9 Skysun avec <a href=\"https:\/\/be.linkedin.com\/in\/arthur-dawans-730ab4a3\">Arthur Dawans<\/a>, co-fondateur, en 2018. A l&rsquo;\u00e9poque, j&rsquo;\u00e9tais dans mes \u00e9tudes de marketing \u00e0 l&rsquo;Ephec, que je suivais pour dire de faire des \u00e9tudes universitaires. Mais, \u00e0 c\u00f4t\u00e9 de \u00e7a, ma passion \u00e0 l&rsquo;\u00e9poque, et encore aujourd&rsquo;hui d&rsquo;ailleurs, c&rsquo;\u00e9tait la charpenterie. Durant mon bac, j&rsquo;avais donc lanc\u00e9 ma petite entreprise de charpenterie et je faisais des\u00a0cabanes de jardin. Dans le m\u00eame temps, je me retrouve \u00e0 faire deux blocus avec Arthur, qui\u00a0lui \u00e9tudiait la finance. On a discut\u00e9 de se lancer dans l&rsquo;entreprenariat, car \u00e7a nous int\u00e9ressait\u00a0tous les deux, nos papas \u00e9tant eux-m\u00eames entrepreneurs. A la fin de mon bac, j&rsquo;ai fait un stage dans une start-up gantoise active dans l&rsquo;hydro\u00e9lectricit\u00e9, ce qui nous a permis de d\u00e9couvrir le secteur des\u00a0\u00e9nergies renouvelables. Nous avons voulu reproduire le mod\u00e8le en Wallonie mais cela s&rsquo;est av\u00e9r\u00e9 compliqu\u00e9. Cela nous a cependant permis de d\u00e9couvrir ce qu&rsquo;\u00e9tait un certificat vert et le mod\u00e8le de financement des projets d&rsquo;\u00e9nergies renouvelables. Et on s&rsquo;est rendu compte qu&rsquo;\u00e0 Bruxelles, il y avait de gros taux de subsides et des prix des mati\u00e8res premi\u00e8res qui descendaient fort. On s&rsquo;y est donc lanc\u00e9 avec les panneaux solaires.<\/div>\n<div><\/div>\n<div><strong>&#8211; Vous vous lancez directement \u00e0 fond ?\u00a0<\/strong><\/div>\n<div>&#8211; Pas exactement, car nous n&rsquo;\u00e9tions pas super confiants. On a donc veill\u00e9 \u00e0 poursuivre nos \u00e9tudes parall\u00e8lement: en sciences et gestion de l&rsquo;environnement pour moi, et en finances pour Arthur, qui a aussi suivi un stage en immobilier. On avait donc un excellent m\u00e9lange avec l&rsquo;immobilier, l&rsquo;\u00e9nergie, l&rsquo;environnement et la finance. On finit par effectuer une lev\u00e9e de fonds de 200.000 euros en 2019 et, en m\u00eame temps, \u00e0 se payer un petit salaire, au bout, donc, d&rsquo;un an et demi-deux ans d&rsquo;aventure.<\/div>\n<div><\/div>\n<div><strong>&#8211; Arrive le premier grand projet&#8230;<\/strong><\/div>\n<div>&#8211; En 2020, on d\u00e9croche un contrat pour les <a href=\"https:\/\/www.skysun.eu\/abattoirs-danderlecht\/\">Abattoirs d&rsquo;Anderlecht<\/a>. Ca avait fait beaucoup de bruit car il s&rsquo;agit d&rsquo;un monument class\u00e9 de plus d&rsquo;un hectare, qui \u00e9tait un peu dans un \u00e9tat de laisser-aller depuis 40 ans. On a donc r\u00e9nov\u00e9 la toiture du b\u00e2timent des halles et install\u00e9 des panneaux photovolta\u00efques. Cela nous a fait bonne presse. <a href=\"https:\/\/www.aginsurance.be\/\">AG Insurance<\/a> nous a alors propos\u00e9 d&rsquo;investir,\u00a0avec de la dette subordonn\u00e9e. Cela signifie qu&rsquo;on finance un projet avec la banque, qui met la part du lion, et un emprunt avec AG, qui compl\u00e8te et se substitue aux fonds propres. Ensemble, \u00e7a nous a donn\u00e9 80 millions\u00a0d&rsquo;euros d&rsquo;investissement.\u00a0L&rsquo;activit\u00e9 commence \u00e0 bien d\u00e9marrer mais on reste toujours dans une optique tr\u00e8s organique car le m\u00e9tier reste\u00a0tr\u00e8s saisonnier. Apr\u00e8s avoir d\u00e9velopp\u00e9 et vendu des projets, il faut en effet essayer de les installer avant l&rsquo;\u00e9t\u00e9 pour qu&rsquo;ils produisent et qu&rsquo;on ait de l&rsquo;\u00e9nergie \u00e0 vendre pendant l&rsquo;\u00e9t\u00e9, afin qu&rsquo;on remplisse les caisses. L&rsquo;hiver, ce\u00a0sont plut\u00f4t des vaches maigres et on rembourse l&#8217;emprunt et on paie les salaires.<\/div>\n<div><\/div>\n<div><strong>&#8211; Et les affaires ont continu\u00e9 depuis lors?\u00a0<\/strong><\/div>\n<div>&#8211; Oui, on a fait \u00e7a quatre ann\u00e9es de suite, jusqu&rsquo;\u00e0 l&rsquo;\u00e9t\u00e9 2024, lors duquel on effectue une lev\u00e9e de fonds substantielle de 17 millions d&rsquo;euros pour aller d\u00e9velopper \u00e0 la fois le Benelux et la France. On y avait lanc\u00e9 un peu plus t\u00f4t Skysun France, qui \u00e9tait g\u00e9r\u00e9 par mon fr\u00e8re et son associ\u00e9 parisien et dont Skysun Belgique \u00e9tait en quelque sorte actionnaire. Avec la lev\u00e9e de fonds, on a rassembl\u00e9 tout le monde et on a rachet\u00e9 Skysun France d&rsquo;une certaine mani\u00e8re afin d&rsquo;avoir un seul groupe consolid\u00e9 et de tous partager la m\u00eame vue. Parall\u00e8lement \u00e0 \u00e7a, nous nous sommes lanc\u00e9s dans une soci\u00e9t\u00e9 de construction, Helio Tech.<\/div>\n<div><\/div>\n<div><strong>&#8211; Pourquoi avoir fait ce choix ?\u00a0<\/strong><\/div>\n<div>&#8211; Pour bien comprendre, il faut revenir sur notre mod\u00e8le chez Skysun. Notre objectif est de financer la transition \u00e9nerg\u00e9tique en Europe. Pour cela, nous nous adressons aux PME et aux industriels. On cherche des surfaces pour y construire des projets photovolta\u00efques. \u00c7a peut \u00eatre un parking, une toiture, un projet au sol, etc. Une fois qu&rsquo;on a cette surface, on va d\u00e9velopper le projet en d\u00e9crochant les autorisations et en ficelant le dossier financier&#8230; Quand c&rsquo;est fait, on y va et on investit. Pendant tout un temps, on faisait alors un appel d&rsquo;offres pour aller chercher deux-trois installateurs et on prenait le plus offrant et on le faisait installer les panneaux. On reste propri\u00e9taire des installations, dont on vend l&rsquo;\u00e9lectricit\u00e9 produite, un peu comme un d\u00e9veloppeur immobilier qui construirait un immeuble et puis ne le vendrait pas mais louerait l&rsquo;appartement. Or, en 2022 avec la crise \u00e9nerg\u00e9tique et la guerre en Ukraine, on s&rsquo;est retrouv\u00e9s avec des installateurs qui ne travaillaient plus avec nous parce qu&rsquo;il y avait une tr\u00e8s importante demande r\u00e9sidentielle, qui leur permettait en plus de se gaver m\u00e9chamment. Nous on leur proposait 15-20% de marge, l\u00e0 o\u00f9 ils pouvaient parfois en obtenir 300% en faisant signer des personnes \u00e2g\u00e9es. Bref, les emails restaient sans r\u00e9ponse et les projets trainaient. On a donc d\u00e9cid\u00e9 de cr\u00e9er Helio Tech, sorte de filiale. Il fallait tout de m\u00eame garder une certaine tension, saine, entre l&rsquo;entrepreneur g\u00e9n\u00e9ral et le ma\u00eetre d&rsquo;ouvrage, c&rsquo;est-\u00e0-dire nous, qui restons propri\u00e9taire des installations durant 20 ans. Mais c&rsquo;est chouette car, finalement, tout notre budget d&rsquo;investissement devient du chiffre d&rsquo;affaires pour Helio Tech. Apr\u00e8s, on ne fait pas non plus toutes nos installations avec eux car la bo\u00eete est encore en phase de croissance et n&rsquo;est pas capable de toutes les assumer.<\/div>\n<div><\/div>\n<div>\n<p><strong>&#8211; Vous \u00eates combien chez Skysun et Helio Tech?<\/strong><br \/>\n<strong>&#8211;<\/strong><span style=\"font-family: Verdana, BlinkMacSystemFont, -apple-system, 'Segoe UI', Roboto, Oxygen, Ubuntu, Cantarell, 'Open Sans', 'Helvetica Neue', sans-serif;\">\u00a0On est une petite trentaine chez Skysun, r\u00e9partis entre Bruxelles, Paris et Strasbourg, et ils sont trois chez Helio Tech, qui est bas\u00e9e \u00e0 Wavre et qui va plut\u00f4t aller d\u00e9marcher des sous-traitants mais qui fait \u00e9galement des installations pour des tiers. On va donc avoir une entreprise orient\u00e9e cash flow dans un m\u00e9tier (celui de Skysun, NDLR) o\u00f9 il y en a assez peu finalement. Et puis on va aussi tenter de d\u00e9velopper notre empreinte sur la r\u00e9gion Auvergne-Rh\u00f4ne-Alpes, qui en fait est la premi\u00e8re r\u00e9gion industrielle de France et la seconde r\u00e9gion \u00e9conomique derri\u00e8re Paris. A Lyon, il y a toute l&rsquo;industrie m\u00e9tallurgique et chimique, avec un bassin industriel sur les bords du Rh\u00f4ne. Et c&rsquo;est une zone logistique importante entre l&rsquo;Italie, la Suisse, la France, l&rsquo;Allemagne, non loin du tunnel du Mont Blanc.<\/span><\/p>\n<\/div>\n<div><\/div>\n<div><strong>&#8211; Quels sont vos principaux clients?\u00a0<\/strong><\/div>\n<div><strong>&#8211;<\/strong> On a pas mal de soci\u00e9t\u00e9s immobili\u00e8res telles que Befimmo, Cofinimmo, AG Real Estate, Axa. En fait, un peu toutes les assurances et les soci\u00e9t\u00e9s immobili\u00e8res. Et puis on a tout ce qui est retail, avec des Hubo, Basic-Fit, Action,&#8230; On retrouve \u00e9galement des PME, la boulangerie Brauns \u00e0 Anderlecht, sans oublier les Abattoirs \u00e9videmment. C&rsquo;est d&rsquo;ailleurs ce projet tr\u00e8s esth\u00e9tique qui a attir\u00e9 le regard du centre sportif <a href=\"https:\/\/www.skysun.eu\/david-lloyd\/\">David Lloyd<\/a> d&rsquo;Uccle, nich\u00e9 dans un beau ch\u00e2teau historique. Il y a en effet pas mal de propri\u00e9taires immobiliers ou d&rsquo;entreprises qui souhaitent avoir quelque chose comme \u00e7a, d&rsquo;assez discret. Enfin, on peut encore citer les <a href=\"https:\/\/www.skysun.eu\/calcaires-de-la-sambre\/\">Calcaires de la Sambre<\/a>, un gros industriel de Montigny-le-Tilleul (Charleroi), o\u00f9 nous avons un\u00a0projet sur cinq hectares au sol, ou le\u00a0<a href=\"https:\/\/www.skysun.eu\/marche-international-mouscronois\/\">March\u00e9 International Mouscronnois<\/a>, avec plus d&rsquo;un hectare de toiture. Bref, un ensemble d&rsquo;endroits o\u00f9 il y a plut\u00f4t de la consommation.<\/div>\n<div><\/div>\n<div><strong>&#8211; Venons-en \u00e0 ce prix Forbes 30 under 30&#8230;\u00a0<\/strong><\/div>\n<div>&#8211; Eh bien, d\u00e9j\u00e0, le prix tr\u00f4ne dans notre armoire aux troph\u00e9es, \u00e0 l&rsquo;entr\u00e9e de notre bureau bruxellois ! C&rsquo;est \u00e9videmment hyper chouette, surtout que Forbes est une marque forte, tout comme son prix 30 under 30. \u00c7a donne pas mal de cr\u00e9dibilit\u00e9 pour le d\u00e9veloppement de l&rsquo;entreprise et, pour celles qui nous ont d\u00e9j\u00e0 choisi, elles se disent qu&rsquo;elles n&rsquo;ont pas trop mal tap\u00e9 quand m\u00eame. \u00c7a aide un peu \u00e0 tout niveau, que ce soit commercialement pour les clients, pour cr\u00e9er de la cr\u00e9dibilit\u00e9 chez nos investisseurs ou pour le recrutement. J&rsquo;estime vraiment que ce prix est donn\u00e9 avant tout \u00e0 Skysun, plus qu&rsquo;\u00e0 moi-m\u00eame. On n&rsquo;est rien sans son \u00e9quipe, qui est faite, chez nous, de personnes venues apporter \u00e9norm\u00e9ment d&rsquo;exp\u00e9rience et de qualit\u00e9s qui se compl\u00e8tent mutuellement.<\/div>\n<div><\/div>\n<div>\n<div class=\"youtube-embed\" data-video_id=\"R-zpNtK-Hbw\"><iframe loading=\"lazy\" title=\"Forbes Be Under 30: L\u00e9opold Coppieters, Skysun\" width=\"696\" height=\"392\" src=\"https:\/\/www.youtube.com\/embed\/R-zpNtK-Hbw?feature=oembed&#038;enablejsapi=1\" frameborder=\"0\" allow=\"accelerometer; autoplay; clipboard-write; encrypted-media; gyroscope; picture-in-picture; web-share\" referrerpolicy=\"strict-origin-when-cross-origin\" allowfullscreen><\/iframe><\/div>\n<\/div>\n<div><\/div>\n","protected":false},"excerpt":{"rendered":"<p>L\u00e9opold Coppieters a re\u00e7u son prix de Forbes 30 under 30 il y a pr\u00e8s d&rsquo;un an, alors qu&rsquo;il avait 29 ans. Trentenaire depuis le mois de mars dernier, il est la t\u00eate d&rsquo;une \u00e9quipe d&rsquo;une trentaine de personnes d\u00e9sormais. Son entreprise, Skysun, mise sur l&rsquo;\u00e9conomie environnementale puisqu&rsquo;elle agit en tant que d\u00e9veloppeur, installateur (EPC) [&hellip;]<\/p>\n","protected":false},"author":37,"featured_media":13371,"comment_status":"closed","ping_status":"closed","sticky":false,"template":"","format":"standard","meta":{"_acf_changed":false,"inline_featured_image":false,"footnotes":""},"categories":[19,59],"tags":[],"class_list":{"0":"post-13306","1":"post","2":"type-post","3":"status-publish","4":"format-standard","5":"has-post-thumbnail","7":"category-entrepreneurs","8":"category-forbes-30-30"},"acf":[],"_yoast_wpseo_title":null,"_yoast_wpseo_metadesc":"L\u00e9opold Coppieters est le co-fondateur de Skysun, une start-up sp\u00e9cialis\u00e9e dans l'installation de panneaux photovolta\u00efques industriels.","auteur_traducteur":"","yoast_head":"<!-- This site is optimized with the Yoast SEO plugin v27.4 - https:\/\/yoast.com\/product\/yoast-seo-wordpress\/ -->\n<title>L\u00e9opold Coppieters, 30 Under 30 : &quot;On n&#039;est rien sans son \u00e9quipe&quot; | Forbes Belgique<\/title>\n<meta name=\"description\" content=\"L\u00e9opold Coppieters est le co-fondateur de Skysun, une start-up sp\u00e9cialis\u00e9e dans l&#039;installation de panneaux photovolta\u00efques industriels.\" \/>\n<meta name=\"robots\" content=\"index, follow, max-snippet:-1, max-image-preview:large, max-video-preview:-1\" \/>\n<link rel=\"canonical\" href=\"https:\/\/www.forbes.be\/fr\/leopold-coppieters-30-under-30-on-nest-rien-sans-son-equipe\/\" \/>\n<meta property=\"og:locale\" content=\"fr_FR\" \/>\n<meta property=\"og:type\" content=\"article\" \/>\n<meta property=\"og:title\" content=\"L\u00e9opold Coppieters, 30 Under 30 : &quot;On n&#039;est rien sans son \u00e9quipe&quot; | Forbes Belgique\" \/>\n<meta property=\"og:description\" content=\"L\u00e9opold Coppieters est le co-fondateur de Skysun, une start-up sp\u00e9cialis\u00e9e dans l&#039;installation de panneaux photovolta\u00efques industriels.\" \/>\n<meta property=\"og:url\" content=\"https:\/\/www.forbes.be\/fr\/leopold-coppieters-30-under-30-on-nest-rien-sans-son-equipe\/\" \/>\n<meta property=\"og:site_name\" content=\"Forbes Belgique\" \/>\n<meta property=\"article:publisher\" content=\"https:\/\/www.facebook.com\/forbesbelgique\/\" \/>\n<meta property=\"article:published_time\" content=\"2025-11-07T06:20:57+00:00\" \/>\n<meta property=\"article:modified_time\" content=\"2025-11-12T11:31:40+00:00\" \/>\n<meta property=\"og:image\" content=\"https:\/\/www.forbes.be\/fr\/wp-content\/uploads\/2025\/11\/forbes-under-30-683x1024-1-e1762947092984.jpg\" \/>\n\t<meta property=\"og:image:width\" content=\"683\" \/>\n\t<meta property=\"og:image:height\" content=\"357\" \/>\n\t<meta property=\"og:image:type\" content=\"image\/jpeg\" \/>\n<meta name=\"author\" content=\"Juan Godbille\" \/>\n<meta name=\"twitter:card\" content=\"summary_large_image\" \/>\n<meta name=\"twitter:label1\" content=\"\u00c9crit par\" \/>\n\t<meta name=\"twitter:data1\" content=\"Juan Godbille\" \/>\n\t<meta name=\"twitter:label2\" content=\"Dur\u00e9e de lecture estim\u00e9e\" \/>\n\t<meta name=\"twitter:data2\" content=\"8 minutes\" \/>\n<script type=\"application\/ld+json\" class=\"yoast-schema-graph\">{\"@context\":\"https:\\\/\\\/schema.org\",\"@graph\":[{\"@type\":\"NewsArticle\",\"@id\":\"https:\\\/\\\/www.forbes.be\\\/fr\\\/leopold-coppieters-30-under-30-on-nest-rien-sans-son-equipe\\\/#article\",\"isPartOf\":{\"@id\":\"https:\\\/\\\/www.forbes.be\\\/fr\\\/leopold-coppieters-30-under-30-on-nest-rien-sans-son-equipe\\\/\"},\"author\":{\"name\":\"Juan Godbille\",\"@id\":\"https:\\\/\\\/www.forbes.be\\\/fr\\\/#\\\/schema\\\/person\\\/0d449791ef6199da3d469eca714eb773\"},\"headline\":\"L\u00e9opold Coppieters, 30 Under 30 : \u00ab\u00a0On n&rsquo;est rien sans son \u00e9quipe\u00a0\u00bb\",\"datePublished\":\"2025-11-07T06:20:57+00:00\",\"dateModified\":\"2025-11-12T11:31:40+00:00\",\"mainEntityOfPage\":{\"@id\":\"https:\\\/\\\/www.forbes.be\\\/fr\\\/leopold-coppieters-30-under-30-on-nest-rien-sans-son-equipe\\\/\"},\"wordCount\":1618,\"publisher\":{\"@id\":\"https:\\\/\\\/www.forbes.be\\\/fr\\\/#organization\"},\"image\":{\"@id\":\"https:\\\/\\\/www.forbes.be\\\/fr\\\/leopold-coppieters-30-under-30-on-nest-rien-sans-son-equipe\\\/#primaryimage\"},\"thumbnailUrl\":\"https:\\\/\\\/www.forbes.be\\\/fr\\\/wp-content\\\/uploads\\\/2025\\\/11\\\/forbes-under-30-683x1024-1-e1762947092984.jpg\",\"articleSection\":[\"Entrepreneurs\",\"Forbes 30-30\"],\"inLanguage\":\"fr-FR\"},{\"@type\":\"WebPage\",\"@id\":\"https:\\\/\\\/www.forbes.be\\\/fr\\\/leopold-coppieters-30-under-30-on-nest-rien-sans-son-equipe\\\/\",\"url\":\"https:\\\/\\\/www.forbes.be\\\/fr\\\/leopold-coppieters-30-under-30-on-nest-rien-sans-son-equipe\\\/\",\"name\":\"L\u00e9opold Coppieters, 30 Under 30 : \\\"On n'est rien sans son \u00e9quipe\\\" | Forbes Belgique\",\"isPartOf\":{\"@id\":\"https:\\\/\\\/www.forbes.be\\\/fr\\\/#website\"},\"primaryImageOfPage\":{\"@id\":\"https:\\\/\\\/www.forbes.be\\\/fr\\\/leopold-coppieters-30-under-30-on-nest-rien-sans-son-equipe\\\/#primaryimage\"},\"image\":{\"@id\":\"https:\\\/\\\/www.forbes.be\\\/fr\\\/leopold-coppieters-30-under-30-on-nest-rien-sans-son-equipe\\\/#primaryimage\"},\"thumbnailUrl\":\"https:\\\/\\\/www.forbes.be\\\/fr\\\/wp-content\\\/uploads\\\/2025\\\/11\\\/forbes-under-30-683x1024-1-e1762947092984.jpg\",\"datePublished\":\"2025-11-07T06:20:57+00:00\",\"dateModified\":\"2025-11-12T11:31:40+00:00\",\"description\":\"L\u00e9opold Coppieters est le co-fondateur de Skysun, une start-up sp\u00e9cialis\u00e9e dans l'installation de panneaux photovolta\u00efques industriels.\",\"breadcrumb\":{\"@id\":\"https:\\\/\\\/www.forbes.be\\\/fr\\\/leopold-coppieters-30-under-30-on-nest-rien-sans-son-equipe\\\/#breadcrumb\"},\"inLanguage\":\"fr-FR\",\"potentialAction\":[{\"@type\":\"ReadAction\",\"target\":[\"https:\\\/\\\/www.forbes.be\\\/fr\\\/leopold-coppieters-30-under-30-on-nest-rien-sans-son-equipe\\\/\"]}]},{\"@type\":\"ImageObject\",\"inLanguage\":\"fr-FR\",\"@id\":\"https:\\\/\\\/www.forbes.be\\\/fr\\\/leopold-coppieters-30-under-30-on-nest-rien-sans-son-equipe\\\/#primaryimage\",\"url\":\"https:\\\/\\\/www.forbes.be\\\/fr\\\/wp-content\\\/uploads\\\/2025\\\/11\\\/forbes-under-30-683x1024-1-e1762947092984.jpg\",\"contentUrl\":\"https:\\\/\\\/www.forbes.be\\\/fr\\\/wp-content\\\/uploads\\\/2025\\\/11\\\/forbes-under-30-683x1024-1-e1762947092984.jpg\",\"width\":683,\"height\":357},{\"@type\":\"BreadcrumbList\",\"@id\":\"https:\\\/\\\/www.forbes.be\\\/fr\\\/leopold-coppieters-30-under-30-on-nest-rien-sans-son-equipe\\\/#breadcrumb\",\"itemListElement\":[{\"@type\":\"ListItem\",\"position\":1,\"name\":\"Accueil\",\"item\":\"https:\\\/\\\/www.forbes.be\\\/fr\\\/\"},{\"@type\":\"ListItem\",\"position\":2,\"name\":\"L\u00e9opold Coppieters, 30 Under 30 : \u00ab\u00a0On n&rsquo;est rien sans son \u00e9quipe\u00a0\u00bb\"}]},{\"@type\":\"WebSite\",\"@id\":\"https:\\\/\\\/www.forbes.be\\\/fr\\\/#website\",\"url\":\"https:\\\/\\\/www.forbes.be\\\/fr\\\/\",\"name\":\"Forbes Belgique\",\"description\":\"\",\"publisher\":{\"@id\":\"https:\\\/\\\/www.forbes.be\\\/fr\\\/#organization\"},\"potentialAction\":[{\"@type\":\"SearchAction\",\"target\":{\"@type\":\"EntryPoint\",\"urlTemplate\":\"https:\\\/\\\/www.forbes.be\\\/fr\\\/?s={search_term_string}\"},\"query-input\":{\"@type\":\"PropertyValueSpecification\",\"valueRequired\":true,\"valueName\":\"search_term_string\"}}],\"inLanguage\":\"fr-FR\"},{\"@type\":\"Organization\",\"@id\":\"https:\\\/\\\/www.forbes.be\\\/fr\\\/#organization\",\"name\":\"Forbes Belgique\",\"url\":\"https:\\\/\\\/www.forbes.be\\\/fr\\\/\",\"logo\":{\"@type\":\"ImageObject\",\"inLanguage\":\"fr-FR\",\"@id\":\"https:\\\/\\\/www.forbes.be\\\/fr\\\/#\\\/schema\\\/logo\\\/image\\\/\",\"url\":\"https:\\\/\\\/www.forbes.be\\\/fr\\\/wp-content\\\/uploads\\\/2024\\\/02\\\/forbes.be_.png\",\"contentUrl\":\"https:\\\/\\\/www.forbes.be\\\/fr\\\/wp-content\\\/uploads\\\/2024\\\/02\\\/forbes.be_.png\",\"width\":1200,\"height\":675,\"caption\":\"Forbes Belgique\"},\"image\":{\"@id\":\"https:\\\/\\\/www.forbes.be\\\/fr\\\/#\\\/schema\\\/logo\\\/image\\\/\"},\"sameAs\":[\"https:\\\/\\\/www.facebook.com\\\/forbesbelgique\\\/\",\"https:\\\/\\\/www.instagram.com\\\/Forbes_Belgium\",\"https:\\\/\\\/www.linkedin.com\\\/company\\\/forbes-belgium\\\/\"]},{\"@type\":\"Person\",\"@id\":\"https:\\\/\\\/www.forbes.be\\\/fr\\\/#\\\/schema\\\/person\\\/0d449791ef6199da3d469eca714eb773\",\"name\":\"Juan Godbille\",\"image\":{\"@type\":\"ImageObject\",\"inLanguage\":\"fr-FR\",\"@id\":\"https:\\\/\\\/secure.gravatar.com\\\/avatar\\\/de6d740453251c69ae34e42cfef9688bc2a5c942d7cab09074e7064fbac13ac9?s=96&d=mm&r=g\",\"url\":\"https:\\\/\\\/secure.gravatar.com\\\/avatar\\\/de6d740453251c69ae34e42cfef9688bc2a5c942d7cab09074e7064fbac13ac9?s=96&d=mm&r=g\",\"contentUrl\":\"https:\\\/\\\/secure.gravatar.com\\\/avatar\\\/de6d740453251c69ae34e42cfef9688bc2a5c942d7cab09074e7064fbac13ac9?s=96&d=mm&r=g\",\"caption\":\"Juan Godbille\"},\"url\":\"https:\\\/\\\/www.forbes.be\\\/fr\\\/author\\\/juan-godbille\\\/\"}]}<\/script>\n<!-- \/ Yoast SEO plugin. -->","yoast_head_json":{"title":"L\u00e9opold Coppieters, 30 Under 30 : \"On n'est rien sans son \u00e9quipe\" | Forbes Belgique","description":"L\u00e9opold Coppieters est le co-fondateur de Skysun, une start-up sp\u00e9cialis\u00e9e dans l'installation de panneaux photovolta\u00efques industriels.","robots":{"index":"index","follow":"follow","max-snippet":"max-snippet:-1","max-image-preview":"max-image-preview:large","max-video-preview":"max-video-preview:-1"},"canonical":"https:\/\/www.forbes.be\/fr\/leopold-coppieters-30-under-30-on-nest-rien-sans-son-equipe\/","og_locale":"fr_FR","og_type":"article","og_title":"L\u00e9opold Coppieters, 30 Under 30 : \"On n'est rien sans son \u00e9quipe\" | Forbes Belgique","og_description":"L\u00e9opold Coppieters est le co-fondateur de Skysun, une start-up sp\u00e9cialis\u00e9e dans l'installation de panneaux photovolta\u00efques industriels.","og_url":"https:\/\/www.forbes.be\/fr\/leopold-coppieters-30-under-30-on-nest-rien-sans-son-equipe\/","og_site_name":"Forbes Belgique","article_publisher":"https:\/\/www.facebook.com\/forbesbelgique\/","article_published_time":"2025-11-07T06:20:57+00:00","article_modified_time":"2025-11-12T11:31:40+00:00","og_image":[{"width":683,"height":357,"url":"https:\/\/www.forbes.be\/fr\/wp-content\/uploads\/2025\/11\/forbes-under-30-683x1024-1-e1762947092984.jpg","type":"image\/jpeg"}],"author":"Juan Godbille","twitter_card":"summary_large_image","twitter_misc":{"\u00c9crit par":"Juan Godbille","Dur\u00e9e de lecture estim\u00e9e":"8 minutes"},"schema":{"@context":"https:\/\/schema.org","@graph":[{"@type":"NewsArticle","@id":"https:\/\/www.forbes.be\/fr\/leopold-coppieters-30-under-30-on-nest-rien-sans-son-equipe\/#article","isPartOf":{"@id":"https:\/\/www.forbes.be\/fr\/leopold-coppieters-30-under-30-on-nest-rien-sans-son-equipe\/"},"author":{"name":"Juan Godbille","@id":"https:\/\/www.forbes.be\/fr\/#\/schema\/person\/0d449791ef6199da3d469eca714eb773"},"headline":"L\u00e9opold Coppieters, 30 Under 30 : \u00ab\u00a0On n&rsquo;est rien sans son \u00e9quipe\u00a0\u00bb","datePublished":"2025-11-07T06:20:57+00:00","dateModified":"2025-11-12T11:31:40+00:00","mainEntityOfPage":{"@id":"https:\/\/www.forbes.be\/fr\/leopold-coppieters-30-under-30-on-nest-rien-sans-son-equipe\/"},"wordCount":1618,"publisher":{"@id":"https:\/\/www.forbes.be\/fr\/#organization"},"image":{"@id":"https:\/\/www.forbes.be\/fr\/leopold-coppieters-30-under-30-on-nest-rien-sans-son-equipe\/#primaryimage"},"thumbnailUrl":"https:\/\/www.forbes.be\/fr\/wp-content\/uploads\/2025\/11\/forbes-under-30-683x1024-1-e1762947092984.jpg","articleSection":["Entrepreneurs","Forbes 30-30"],"inLanguage":"fr-FR"},{"@type":"WebPage","@id":"https:\/\/www.forbes.be\/fr\/leopold-coppieters-30-under-30-on-nest-rien-sans-son-equipe\/","url":"https:\/\/www.forbes.be\/fr\/leopold-coppieters-30-under-30-on-nest-rien-sans-son-equipe\/","name":"L\u00e9opold Coppieters, 30 Under 30 : \"On n'est rien sans son \u00e9quipe\" | Forbes Belgique","isPartOf":{"@id":"https:\/\/www.forbes.be\/fr\/#website"},"primaryImageOfPage":{"@id":"https:\/\/www.forbes.be\/fr\/leopold-coppieters-30-under-30-on-nest-rien-sans-son-equipe\/#primaryimage"},"image":{"@id":"https:\/\/www.forbes.be\/fr\/leopold-coppieters-30-under-30-on-nest-rien-sans-son-equipe\/#primaryimage"},"thumbnailUrl":"https:\/\/www.forbes.be\/fr\/wp-content\/uploads\/2025\/11\/forbes-under-30-683x1024-1-e1762947092984.jpg","datePublished":"2025-11-07T06:20:57+00:00","dateModified":"2025-11-12T11:31:40+00:00","description":"L\u00e9opold Coppieters est le co-fondateur de Skysun, une start-up sp\u00e9cialis\u00e9e dans l'installation de panneaux photovolta\u00efques industriels.","breadcrumb":{"@id":"https:\/\/www.forbes.be\/fr\/leopold-coppieters-30-under-30-on-nest-rien-sans-son-equipe\/#breadcrumb"},"inLanguage":"fr-FR","potentialAction":[{"@type":"ReadAction","target":["https:\/\/www.forbes.be\/fr\/leopold-coppieters-30-under-30-on-nest-rien-sans-son-equipe\/"]}]},{"@type":"ImageObject","inLanguage":"fr-FR","@id":"https:\/\/www.forbes.be\/fr\/leopold-coppieters-30-under-30-on-nest-rien-sans-son-equipe\/#primaryimage","url":"https:\/\/www.forbes.be\/fr\/wp-content\/uploads\/2025\/11\/forbes-under-30-683x1024-1-e1762947092984.jpg","contentUrl":"https:\/\/www.forbes.be\/fr\/wp-content\/uploads\/2025\/11\/forbes-under-30-683x1024-1-e1762947092984.jpg","width":683,"height":357},{"@type":"BreadcrumbList","@id":"https:\/\/www.forbes.be\/fr\/leopold-coppieters-30-under-30-on-nest-rien-sans-son-equipe\/#breadcrumb","itemListElement":[{"@type":"ListItem","position":1,"name":"Accueil","item":"https:\/\/www.forbes.be\/fr\/"},{"@type":"ListItem","position":2,"name":"L\u00e9opold Coppieters, 30 Under 30 : \u00ab\u00a0On n&rsquo;est rien sans son \u00e9quipe\u00a0\u00bb"}]},{"@type":"WebSite","@id":"https:\/\/www.forbes.be\/fr\/#website","url":"https:\/\/www.forbes.be\/fr\/","name":"Forbes Belgique","description":"","publisher":{"@id":"https:\/\/www.forbes.be\/fr\/#organization"},"potentialAction":[{"@type":"SearchAction","target":{"@type":"EntryPoint","urlTemplate":"https:\/\/www.forbes.be\/fr\/?s={search_term_string}"},"query-input":{"@type":"PropertyValueSpecification","valueRequired":true,"valueName":"search_term_string"}}],"inLanguage":"fr-FR"},{"@type":"Organization","@id":"https:\/\/www.forbes.be\/fr\/#organization","name":"Forbes Belgique","url":"https:\/\/www.forbes.be\/fr\/","logo":{"@type":"ImageObject","inLanguage":"fr-FR","@id":"https:\/\/www.forbes.be\/fr\/#\/schema\/logo\/image\/","url":"https:\/\/www.forbes.be\/fr\/wp-content\/uploads\/2024\/02\/forbes.be_.png","contentUrl":"https:\/\/www.forbes.be\/fr\/wp-content\/uploads\/2024\/02\/forbes.be_.png","width":1200,"height":675,"caption":"Forbes Belgique"},"image":{"@id":"https:\/\/www.forbes.be\/fr\/#\/schema\/logo\/image\/"},"sameAs":["https:\/\/www.facebook.com\/forbesbelgique\/","https:\/\/www.instagram.com\/Forbes_Belgium","https:\/\/www.linkedin.com\/company\/forbes-belgium\/"]},{"@type":"Person","@id":"https:\/\/www.forbes.be\/fr\/#\/schema\/person\/0d449791ef6199da3d469eca714eb773","name":"Juan Godbille","image":{"@type":"ImageObject","inLanguage":"fr-FR","@id":"https:\/\/secure.gravatar.com\/avatar\/de6d740453251c69ae34e42cfef9688bc2a5c942d7cab09074e7064fbac13ac9?s=96&d=mm&r=g","url":"https:\/\/secure.gravatar.com\/avatar\/de6d740453251c69ae34e42cfef9688bc2a5c942d7cab09074e7064fbac13ac9?s=96&d=mm&r=g","contentUrl":"https:\/\/secure.gravatar.com\/avatar\/de6d740453251c69ae34e42cfef9688bc2a5c942d7cab09074e7064fbac13ac9?s=96&d=mm&r=g","caption":"Juan Godbille"},"url":"https:\/\/www.forbes.be\/fr\/author\/juan-godbille\/"}]}},"_links":{"self":[{"href":"https:\/\/www.forbes.be\/fr\/wp-json\/wp\/v2\/posts\/13306","targetHints":{"allow":["GET"]}}],"collection":[{"href":"https:\/\/www.forbes.be\/fr\/wp-json\/wp\/v2\/posts"}],"about":[{"href":"https:\/\/www.forbes.be\/fr\/wp-json\/wp\/v2\/types\/post"}],"author":[{"embeddable":true,"href":"https:\/\/www.forbes.be\/fr\/wp-json\/wp\/v2\/users\/37"}],"replies":[{"embeddable":true,"href":"https:\/\/www.forbes.be\/fr\/wp-json\/wp\/v2\/comments?post=13306"}],"version-history":[{"count":5,"href":"https:\/\/www.forbes.be\/fr\/wp-json\/wp\/v2\/posts\/13306\/revisions"}],"predecessor-version":[{"id":13372,"href":"https:\/\/www.forbes.be\/fr\/wp-json\/wp\/v2\/posts\/13306\/revisions\/13372"}],"wp:featuredmedia":[{"embeddable":true,"href":"https:\/\/www.forbes.be\/fr\/wp-json\/wp\/v2\/media\/13371"}],"wp:attachment":[{"href":"https:\/\/www.forbes.be\/fr\/wp-json\/wp\/v2\/media?parent=13306"}],"wp:term":[{"taxonomy":"category","embeddable":true,"href":"https:\/\/www.forbes.be\/fr\/wp-json\/wp\/v2\/categories?post=13306"},{"taxonomy":"post_tag","embeddable":true,"href":"https:\/\/www.forbes.be\/fr\/wp-json\/wp\/v2\/tags?post=13306"}],"curies":[{"name":"wp","href":"https:\/\/api.w.org\/{rel}","templated":true}]}}