{"id":13307,"date":"2025-11-05T10:15:18","date_gmt":"2025-11-05T09:15:18","guid":{"rendered":"https:\/\/www.forbes.be\/fr\/?p=13307"},"modified":"2025-11-05T10:37:14","modified_gmt":"2025-11-05T09:37:14","slug":"jam-gand-le-nelson-group-mise-sur-lhotellerie-durable","status":"publish","type":"post","link":"https:\/\/www.forbes.be\/fr\/jam-gand-le-nelson-group-mise-sur-lhotellerie-durable\/","title":{"rendered":"JAM Gand : le Nelson Group mise sur l&rsquo;h\u00f4tellerie durable"},"content":{"rendered":"<p><strong>En septembre 2025, le Nelson Group a inaugur\u00e9 son troisi\u00e8me h\u00f4tel JAM \u00e0 Gand, dans l&rsquo;ancienne caserne L\u00e9opold. Cette ouverture intervient dans un contexte de reprise du march\u00e9 h\u00f4telier belge, marqu\u00e9 par des investissements en hausse mais des marges comprim\u00e9es par la flamb\u00e9e des co\u00fbts \u00e9nerg\u00e9tiques et salariaux. Positionnement tarifaire r\u00e9fl\u00e9chi, b\u00e2timents passifs et expansion mesur\u00e9e : le groupe dirig\u00e9 par Jean-Paul P\u00fctz affiche une strat\u00e9gie claire mais exigeante, o\u00f9 la rentabilit\u00e9 d\u00e9pend de taux d&rsquo;occupation \u00e9lev\u00e9s et d&rsquo;une ma\u00eetrise rigoureuse des co\u00fbts op\u00e9rationnels.<\/strong><\/p>\n<p>Le <strong><a href=\"https:\/\/nelson-group.eu\/fr\" target=\"_blank\" rel=\"noopener\">Nelson Group<\/a><\/strong>, <strong>promoteur immobilier belge<\/strong> sp\u00e9cialis\u00e9 dans la <strong>construction durable<\/strong> et les <strong>b\u00e2timents passifs<\/strong>, a pris le contr\u00f4le de la marque <a href=\"https:\/\/www.jamhotels.eu\/fr\" target=\"_blank\" rel=\"noopener\">JAM<\/a> en 2019. <strong>Jean-Paul P\u00fctz<\/strong> en assure la direction g\u00e9n\u00e9rale, aux c\u00f4t\u00e9s de deux autres actionnaires principaux : <strong>Christophe d&rsquo;Ansembourg<\/strong> et <strong>Nicolas de Bellefroid<\/strong>.<\/p>\n<p>Le concept<strong> JAM<\/strong> trouve ses racines en 2016, lorsque <strong>Jean-Michel Andr\u00e9<\/strong>, entrepreneur et fondateur du groupe <strong>Limited Edition Hotels<\/strong> (propri\u00e9taire du Berger, du Chelton, du Ch\u00e2teau de la Poste et du Mix Brussels), d\u00e9veloppe le premier \u00e9tablissement chauss\u00e9e de Charleroi \u00e0 Bruxelles. Le <strong>Nelson Group<\/strong> rach\u00e8te le concept en 2019 et l&rsquo;\u00e9largit \u00e0 l&rsquo;international avec une vision ax\u00e9e sur la durabilit\u00e9 environnementale et l&rsquo;architecture passive.<\/p>\n<figure id=\"attachment_13336\" aria-describedby=\"caption-attachment-13336\" style=\"width: 1707px\" class=\"wp-caption alignnone\"><img loading=\"lazy\" decoding=\"async\" class=\"size-full wp-image-13336\" src=\"https:\/\/www.forbes.be\/fr\/wp-content\/uploads\/2025\/11\/bracket-studio-jean-paul-putz-ceo-jam-jam-ghent-bracket-studio-1815-scaled.jpg\" alt=\"\" width=\"1707\" height=\"2560\" srcset=\"https:\/\/www.forbes.be\/fr\/wp-content\/uploads\/2025\/11\/bracket-studio-jean-paul-putz-ceo-jam-jam-ghent-bracket-studio-1815-scaled.jpg 1707w, https:\/\/www.forbes.be\/fr\/wp-content\/uploads\/2025\/11\/bracket-studio-jean-paul-putz-ceo-jam-jam-ghent-bracket-studio-1815-200x300.jpg 200w, https:\/\/www.forbes.be\/fr\/wp-content\/uploads\/2025\/11\/bracket-studio-jean-paul-putz-ceo-jam-jam-ghent-bracket-studio-1815-683x1024.jpg 683w, https:\/\/www.forbes.be\/fr\/wp-content\/uploads\/2025\/11\/bracket-studio-jean-paul-putz-ceo-jam-jam-ghent-bracket-studio-1815-768x1152.jpg 768w, https:\/\/www.forbes.be\/fr\/wp-content\/uploads\/2025\/11\/bracket-studio-jean-paul-putz-ceo-jam-jam-ghent-bracket-studio-1815-1024x1536.jpg 1024w, https:\/\/www.forbes.be\/fr\/wp-content\/uploads\/2025\/11\/bracket-studio-jean-paul-putz-ceo-jam-jam-ghent-bracket-studio-1815-1366x2048.jpg 1366w, https:\/\/www.forbes.be\/fr\/wp-content\/uploads\/2025\/11\/bracket-studio-jean-paul-putz-ceo-jam-jam-ghent-bracket-studio-1815-696x1044.jpg 696w, https:\/\/www.forbes.be\/fr\/wp-content\/uploads\/2025\/11\/bracket-studio-jean-paul-putz-ceo-jam-jam-ghent-bracket-studio-1815-1068x1602.jpg 1068w, https:\/\/www.forbes.be\/fr\/wp-content\/uploads\/2025\/11\/bracket-studio-jean-paul-putz-ceo-jam-jam-ghent-bracket-studio-1815-1920x2880.jpg 1920w, https:\/\/www.forbes.be\/fr\/wp-content\/uploads\/2025\/11\/bracket-studio-jean-paul-putz-ceo-jam-jam-ghent-bracket-studio-1815-600x900.jpg 600w\" sizes=\"auto, (max-width: 1707px) 100vw, 1707px\" \/><figcaption id=\"caption-attachment-13336\" class=\"wp-caption-text\">Jean-Paul Putz, CEO Jam Hotels \u00a9 Bracket Studio<\/figcaption><\/figure>\n<p>La strat\u00e9gie du groupe repose sur la <strong>r\u00e9novation<\/strong> de <strong>b\u00e2timents patrimoniaux<\/strong> (anciennes \u00e9coles, casernes militaires, immeubles de bureaux d\u00e9saffect\u00e9s\u2026) transform\u00e9s en h\u00f4tels passifs ou \u201c<em>nearly zero energy<\/em>\u201d, dans une optique de <strong>neutralit\u00e9 carbone<\/strong>. Cette approche distingue le <strong>Nelson Group<\/strong> des cha\u00eenes h\u00f4teli\u00e8res classiques privil\u00e9giant les nouvelles constructions standardis\u00e9es. Le groupe d\u00e9veloppe \u00e9galement des partenariats op\u00e9rationnels, notamment avec la cha\u00eene allemande Meininger pour un h\u00f4tel de 170 chambres \u00e0 Bruxelles-Midi.<\/p>\n<h2>March\u00e9 h\u00f4telier belge : reprise en volume, rentabilit\u00e9 sous pression<\/h2>\n<p>L\u2019ouverture de cette nouvelle adresse gantoise s\u2019inscrit dans un contexte \u00e9conomique particulier pour l\u2019HoReCa. En effet, l&rsquo;ann\u00e9e 2024 a marqu\u00e9 un tournant historique pour l&rsquo;<strong>h\u00f4tellerie belge<\/strong>, avec 45 millions de nuit\u00e9es enregistr\u00e9es (+0,4% par rapport \u00e0 2023), dont 21 millions pour les h\u00f4tels seuls (+1,4%), confirmant leur statut de cat\u00e9gorie dominante avec 47% des nuit\u00e9es totales. Malheureusement, cette reprise des volumes ne se traduit pas en rentabilit\u00e9 : les <strong>co\u00fbts \u00e9nerg\u00e9tiques<\/strong> ont explos\u00e9 de 88% depuis 2019 repr\u00e9sentant pr\u00e8s de 45% de la consommation d&rsquo;un h\u00f4tel, tandis que les salaires, eux, ont progress\u00e9 de 17% sur la m\u00eame p\u00e9riode, avec une indexation de 3,5% au 1er janvier 2025.<\/p>\n<figure id=\"attachment_13331\" aria-describedby=\"caption-attachment-13331\" style=\"width: 1707px\" class=\"wp-caption alignnone\"><img loading=\"lazy\" decoding=\"async\" class=\"size-full wp-image-13331\" src=\"https:\/\/www.forbes.be\/fr\/wp-content\/uploads\/2025\/11\/bracket-studio-jam-ghent-bracket-studio-1359-scaled.jpg\" alt=\"\" width=\"1707\" height=\"2560\" srcset=\"https:\/\/www.forbes.be\/fr\/wp-content\/uploads\/2025\/11\/bracket-studio-jam-ghent-bracket-studio-1359-scaled.jpg 1707w, https:\/\/www.forbes.be\/fr\/wp-content\/uploads\/2025\/11\/bracket-studio-jam-ghent-bracket-studio-1359-200x300.jpg 200w, https:\/\/www.forbes.be\/fr\/wp-content\/uploads\/2025\/11\/bracket-studio-jam-ghent-bracket-studio-1359-683x1024.jpg 683w, https:\/\/www.forbes.be\/fr\/wp-content\/uploads\/2025\/11\/bracket-studio-jam-ghent-bracket-studio-1359-768x1152.jpg 768w, https:\/\/www.forbes.be\/fr\/wp-content\/uploads\/2025\/11\/bracket-studio-jam-ghent-bracket-studio-1359-1024x1536.jpg 1024w, https:\/\/www.forbes.be\/fr\/wp-content\/uploads\/2025\/11\/bracket-studio-jam-ghent-bracket-studio-1359-1365x2048.jpg 1365w, https:\/\/www.forbes.be\/fr\/wp-content\/uploads\/2025\/11\/bracket-studio-jam-ghent-bracket-studio-1359-696x1044.jpg 696w, https:\/\/www.forbes.be\/fr\/wp-content\/uploads\/2025\/11\/bracket-studio-jam-ghent-bracket-studio-1359-1068x1602.jpg 1068w, https:\/\/www.forbes.be\/fr\/wp-content\/uploads\/2025\/11\/bracket-studio-jam-ghent-bracket-studio-1359-1920x2880.jpg 1920w, https:\/\/www.forbes.be\/fr\/wp-content\/uploads\/2025\/11\/bracket-studio-jam-ghent-bracket-studio-1359-600x900.jpg 600w\" sizes=\"auto, (max-width: 1707px) 100vw, 1707px\" \/><figcaption id=\"caption-attachment-13331\" class=\"wp-caption-text\">JAM Hotel Gent \u00a9 Bracket Studio<\/figcaption><\/figure>\n<p>Le march\u00e9 de l&rsquo;<strong>investissement h\u00f4telier<\/strong> affiche n\u00e9anmoins des signaux positifs : 190 millions d&rsquo;euros d&rsquo;h\u00f4tels ont \u00e9t\u00e9 vendus en 2024 (+50 % par rapport \u00e0 2023), avec un rendement moyen europ\u00e9en de 6,2%. L&rsquo;offre conna\u00eet une expansion significative, avec 1 588 chambres ouvertes \u00e0 Bruxelles en 2024 et 1 050 pr\u00e9vues en 2025, port\u00e9e par de nouvelles enseignes internationales, intensifiant la pression concurrentielle sur un secteur aux marges d\u00e9j\u00e0 comprim\u00e9es.<\/p>\n<h2>\u201c<em>Fair pricing<\/em>\u201d et durabilit\u00e9<\/h2>\n<p><strong>JAM<\/strong> adopte une strat\u00e9gie de \u201c<em>fair pricing<\/em>\u201d volontairement accessible, avec des tarifs significativement inf\u00e9rieurs \u00e0 la concurrence trois \u00e9toiles (79 \u00e0 139 \u20ac \u00e0 Gand, 87 \u00e0 117 \u20ac \u00e0 Bruxelles, contre une moyenne de 90 \u00e0 160 \u20ac pour les h\u00f4tels comparables). Ce positionnement dans le segment inf\u00e9rieur du trois \u00e9toiles impose des taux d&rsquo;occupation \u00e9lev\u00e9s pour assurer la <strong>rentabilit\u00e9<\/strong>. Face \u00e0 cette contrainte tarifaire, le <strong>Nelson Group<\/strong> mise sur des performances \u00e9nerg\u00e9tiques de premier plan : les b\u00e2timents passifs consommant moins de 15 kWh\/m\u00b2\/an. JAM Lisbonne, premier <strong>h\u00f4tel passif<\/strong> du Portugal, r\u00e9duit son impact environnemental de 80 \u00e0 90% par rapport \u00e0 un b\u00e2timent tertiaire moyen, compensant partiellement la flamb\u00e9e des co\u00fbts \u00e9nerg\u00e9tiques (+88 % depuis 2019 \u00e0 Bruxelles) et offrant un avantage concurrentiel face aux \u00e9tablissements conventionnels. <strong>JAM Gand<\/strong> a obtenu le label <em>BREEAM Very Good<\/em> et fonctionne sans raccordement au gaz, aliment\u00e9 par pompe \u00e0 chaleur et \u00e9lectricit\u00e9 100 % verte, tandis que le projet De Kazerne vise le niveau BREEAM Excellent.<\/p>\n<figure id=\"attachment_13334\" aria-describedby=\"caption-attachment-13334\" style=\"width: 1707px\" class=\"wp-caption alignnone\"><img loading=\"lazy\" decoding=\"async\" class=\"size-full wp-image-13334\" src=\"https:\/\/www.forbes.be\/fr\/wp-content\/uploads\/2025\/11\/bracket-studio-jam-ghent-bracket-studio-2173-scaled.jpg\" alt=\"\" width=\"1707\" height=\"2560\" srcset=\"https:\/\/www.forbes.be\/fr\/wp-content\/uploads\/2025\/11\/bracket-studio-jam-ghent-bracket-studio-2173-scaled.jpg 1707w, https:\/\/www.forbes.be\/fr\/wp-content\/uploads\/2025\/11\/bracket-studio-jam-ghent-bracket-studio-2173-200x300.jpg 200w, https:\/\/www.forbes.be\/fr\/wp-content\/uploads\/2025\/11\/bracket-studio-jam-ghent-bracket-studio-2173-683x1024.jpg 683w, https:\/\/www.forbes.be\/fr\/wp-content\/uploads\/2025\/11\/bracket-studio-jam-ghent-bracket-studio-2173-768x1152.jpg 768w, https:\/\/www.forbes.be\/fr\/wp-content\/uploads\/2025\/11\/bracket-studio-jam-ghent-bracket-studio-2173-1024x1536.jpg 1024w, https:\/\/www.forbes.be\/fr\/wp-content\/uploads\/2025\/11\/bracket-studio-jam-ghent-bracket-studio-2173-1365x2048.jpg 1365w, https:\/\/www.forbes.be\/fr\/wp-content\/uploads\/2025\/11\/bracket-studio-jam-ghent-bracket-studio-2173-696x1044.jpg 696w, https:\/\/www.forbes.be\/fr\/wp-content\/uploads\/2025\/11\/bracket-studio-jam-ghent-bracket-studio-2173-1068x1602.jpg 1068w, https:\/\/www.forbes.be\/fr\/wp-content\/uploads\/2025\/11\/bracket-studio-jam-ghent-bracket-studio-2173-1920x2880.jpg 1920w, https:\/\/www.forbes.be\/fr\/wp-content\/uploads\/2025\/11\/bracket-studio-jam-ghent-bracket-studio-2173-600x900.jpg 600w\" sizes=\"auto, (max-width: 1707px) 100vw, 1707px\" \/><figcaption id=\"caption-attachment-13334\" class=\"wp-caption-text\">JAM Hotel Gent \u00a9 Bracket Studio<\/figcaption><\/figure>\n<p>Les mat\u00e9riaux sont sourc\u00e9s localement dans un rayon de 50 \u00e0 100 km, avec une approche de design d\u00e9montable permettant une r\u00e9utilisation future des \u00e9l\u00e9ments. Ce pari du <strong>durable<\/strong> et de la <strong>sobri\u00e9t\u00e9 \u00e9nerg\u00e9tique<\/strong> est, pour le <strong>Nelson Group<\/strong>, autant un argument marketing qu\u2019un moyen de contenir les co\u00fbts d\u2019exploitation sur un march\u00e9 particuli\u00e8rement tendu sur ce point.<\/p>\n<h2>Une identit\u00e9 artistique forte sign\u00e9e Lionel Jadot<\/h2>\n<p>Au-del\u00e0 de sa performance \u00e9nerg\u00e9tique,<strong> JAM Gand<\/strong> se distingue par une identit\u00e9 artistique affirm\u00e9e, confi\u00e9e au <strong>designer belge Lionel Jadot<\/strong>. Nomm\u00e9 Designer de l&rsquo;Ann\u00e9e \u2013 Hospitalit\u00e9 par Maison&amp;Objet en 2024, Jadot a mobilis\u00e9 plus de 25 designers et artisans belges dans un rayon de 50 kilom\u00e8tres pour concevoir les 108 chambres.<\/p>\n<figure id=\"attachment_13337\" aria-describedby=\"caption-attachment-13337\" style=\"width: 1707px\" class=\"wp-caption alignnone\"><img loading=\"lazy\" decoding=\"async\" class=\"size-full wp-image-13337\" src=\"https:\/\/www.forbes.be\/fr\/wp-content\/uploads\/2025\/11\/bracket-studio-lionel-jadot-jam-ghent-bracket-studio-2147-scaled.jpg\" alt=\"\" width=\"1707\" height=\"2560\" srcset=\"https:\/\/www.forbes.be\/fr\/wp-content\/uploads\/2025\/11\/bracket-studio-lionel-jadot-jam-ghent-bracket-studio-2147-scaled.jpg 1707w, https:\/\/www.forbes.be\/fr\/wp-content\/uploads\/2025\/11\/bracket-studio-lionel-jadot-jam-ghent-bracket-studio-2147-200x300.jpg 200w, https:\/\/www.forbes.be\/fr\/wp-content\/uploads\/2025\/11\/bracket-studio-lionel-jadot-jam-ghent-bracket-studio-2147-683x1024.jpg 683w, https:\/\/www.forbes.be\/fr\/wp-content\/uploads\/2025\/11\/bracket-studio-lionel-jadot-jam-ghent-bracket-studio-2147-768x1152.jpg 768w, https:\/\/www.forbes.be\/fr\/wp-content\/uploads\/2025\/11\/bracket-studio-lionel-jadot-jam-ghent-bracket-studio-2147-1024x1536.jpg 1024w, https:\/\/www.forbes.be\/fr\/wp-content\/uploads\/2025\/11\/bracket-studio-lionel-jadot-jam-ghent-bracket-studio-2147-1365x2048.jpg 1365w, https:\/\/www.forbes.be\/fr\/wp-content\/uploads\/2025\/11\/bracket-studio-lionel-jadot-jam-ghent-bracket-studio-2147-696x1044.jpg 696w, https:\/\/www.forbes.be\/fr\/wp-content\/uploads\/2025\/11\/bracket-studio-lionel-jadot-jam-ghent-bracket-studio-2147-1068x1602.jpg 1068w, https:\/\/www.forbes.be\/fr\/wp-content\/uploads\/2025\/11\/bracket-studio-lionel-jadot-jam-ghent-bracket-studio-2147-1920x2880.jpg 1920w, https:\/\/www.forbes.be\/fr\/wp-content\/uploads\/2025\/11\/bracket-studio-lionel-jadot-jam-ghent-bracket-studio-2147-600x900.jpg 600w\" sizes=\"auto, (max-width: 1707px) 100vw, 1707px\" \/><figcaption id=\"caption-attachment-13337\" class=\"wp-caption-text\">Lionel Jadot \u00a9 Bracket Studio<\/figcaption><\/figure>\n<p>Son approche, fond\u00e9e sur la circularit\u00e9 et le r\u00e9emploi, transforme l&rsquo;ancienne caserne en \u201catelier d&rsquo;artiste\u201d o\u00f9 murs de pierre apparents, luminaires en myc\u00e9lium (Permafungi), tapis de b\u00e2ches recycl\u00e9es et rideaux imprim\u00e9s des plans du projet composent une esth\u00e9tique brutaliste tr\u00e8s <em>arty<\/em>, et m\u00eame\u2026 un brin exigeante ou pour le moins d\u00e9routante. Cette identit\u00e9 infuse \u00e9galement l&rsquo;offre HoReCa. Le <strong>restaurant Kaiju<\/strong> propose une exp\u00e9rience 100% <em>street-food<\/em> asiatique qui n\u2019oublie pas une offre v\u00e9g\u00e9tarienne substantielle, tandis que le <strong>bar Neko<\/strong> et sa piscine, au dernier \u00e9tage, offrent une vue panoramique sur la Boekentoren et le parc de la Citadelle. Ces espaces, ouverts au public gantois et pas seulement aux r\u00e9sidents de l\u2019h\u00f4tel, traduisent la philosophie \u201c<em>d&rsquo;open door hotel<\/em>\u201d : transformer l&rsquo;\u00e9tablissement en lieu de vie pour le quartier. Cette dimension exp\u00e9rientielle constitue un levier de diff\u00e9renciation face aux cha\u00eenes standardis\u00e9es, mais impose des investissements significatifs en design sur mesure et en exploitation de services annexes.<\/p>\n<h2>Expansion mesur\u00e9e et d\u00e9fis de rentabilit\u00e9<\/h2>\n<p>Apr\u00e8s Bruxelles (80 chambres, 2016) et Lisbonne (110 chambres, 2023), <strong>JAM Gand<\/strong> (108 chambres) constitue la troisi\u00e8me ouverture du groupe. Un projet JAM Anvers est \u00e9galement annonc\u00e9, port\u00e9 par la structure Nelson Antwerp, suivant la m\u00eame philosophie de r\u00e9novation de b\u00e2timents existants en <strong>h\u00f4tels passifs<\/strong>. Un projet \u00e0 Porto avait \u00e9t\u00e9 envisag\u00e9 mais a \u00e9t\u00e9 mis de c\u00f4t\u00e9.<\/p>\n<figure id=\"attachment_13335\" aria-describedby=\"caption-attachment-13335\" style=\"width: 2560px\" class=\"wp-caption alignnone\"><img loading=\"lazy\" decoding=\"async\" class=\"size-full wp-image-13335\" src=\"https:\/\/www.forbes.be\/fr\/wp-content\/uploads\/2025\/11\/bracket-studio-jam-ghent-bracket-studio-2270-scaled.jpg\" alt=\"\" width=\"2560\" height=\"1706\" srcset=\"https:\/\/www.forbes.be\/fr\/wp-content\/uploads\/2025\/11\/bracket-studio-jam-ghent-bracket-studio-2270-scaled.jpg 2560w, https:\/\/www.forbes.be\/fr\/wp-content\/uploads\/2025\/11\/bracket-studio-jam-ghent-bracket-studio-2270-300x200.jpg 300w, https:\/\/www.forbes.be\/fr\/wp-content\/uploads\/2025\/11\/bracket-studio-jam-ghent-bracket-studio-2270-1024x683.jpg 1024w, https:\/\/www.forbes.be\/fr\/wp-content\/uploads\/2025\/11\/bracket-studio-jam-ghent-bracket-studio-2270-768x512.jpg 768w, https:\/\/www.forbes.be\/fr\/wp-content\/uploads\/2025\/11\/bracket-studio-jam-ghent-bracket-studio-2270-1536x1024.jpg 1536w, https:\/\/www.forbes.be\/fr\/wp-content\/uploads\/2025\/11\/bracket-studio-jam-ghent-bracket-studio-2270-2048x1365.jpg 2048w, https:\/\/www.forbes.be\/fr\/wp-content\/uploads\/2025\/11\/bracket-studio-jam-ghent-bracket-studio-2270-696x464.jpg 696w, https:\/\/www.forbes.be\/fr\/wp-content\/uploads\/2025\/11\/bracket-studio-jam-ghent-bracket-studio-2270-1068x712.jpg 1068w, https:\/\/www.forbes.be\/fr\/wp-content\/uploads\/2025\/11\/bracket-studio-jam-ghent-bracket-studio-2270-1920x1280.jpg 1920w, https:\/\/www.forbes.be\/fr\/wp-content\/uploads\/2025\/11\/bracket-studio-jam-ghent-bracket-studio-2270-600x400.jpg 600w\" sizes=\"auto, (max-width: 2560px) 100vw, 2560px\" \/><figcaption id=\"caption-attachment-13335\" class=\"wp-caption-text\">JAM Hotel Gent \u00a9 Bracket Studio<\/figcaption><\/figure>\n<p>Cette expansion mesur\u00e9e contraste avec les strat\u00e9gies agressives des cha\u00eenes internationales. Cette approche refl\u00e8te la complexit\u00e9 op\u00e9rationnelle du mod\u00e8le : chaque ouverture n\u00e9cessite un <strong>investissement<\/strong> important dans la <strong>r\u00e9novation<\/strong> de b\u00e2timents class\u00e9s, une coordination avec de multiples artisans locaux et une mont\u00e9e en puissance progressive de l&rsquo;occupation.<\/p>\n<h2>Une strat\u00e9gie coh\u00e9rente mais exigeante<\/h2>\n<p>Le mod\u00e8le <strong>JAM<\/strong> du <strong>Nelson Group<\/strong> affiche une coh\u00e9rence strat\u00e9gique claire : diff\u00e9renciation par l&rsquo;<strong>architecture passive<\/strong>, positionnement tarifaire accessible, identit\u00e9 forte port\u00e9e par le design et la durabilit\u00e9, services additionnels g\u00e9n\u00e9rateurs de revenus (restauration, spa, rooftop). Cette approche r\u00e9pond aux attentes d&rsquo;une client\u00e8le \u00e9clectique (businessmen, backpackers, familles, cr\u00e9atifs) recherchant une exp\u00e9rience authentique sans sacrifier son confort.<\/p>\n<figure id=\"attachment_13333\" aria-describedby=\"caption-attachment-13333\" style=\"width: 1707px\" class=\"wp-caption alignnone\"><img loading=\"lazy\" decoding=\"async\" class=\"size-full wp-image-13333\" src=\"https:\/\/www.forbes.be\/fr\/wp-content\/uploads\/2025\/11\/bracket-studio-jam-ghent-bracket-studio-1878-scaled.jpg\" alt=\"\" width=\"1707\" height=\"2560\" srcset=\"https:\/\/www.forbes.be\/fr\/wp-content\/uploads\/2025\/11\/bracket-studio-jam-ghent-bracket-studio-1878-scaled.jpg 1707w, https:\/\/www.forbes.be\/fr\/wp-content\/uploads\/2025\/11\/bracket-studio-jam-ghent-bracket-studio-1878-200x300.jpg 200w, https:\/\/www.forbes.be\/fr\/wp-content\/uploads\/2025\/11\/bracket-studio-jam-ghent-bracket-studio-1878-683x1024.jpg 683w, https:\/\/www.forbes.be\/fr\/wp-content\/uploads\/2025\/11\/bracket-studio-jam-ghent-bracket-studio-1878-768x1152.jpg 768w, https:\/\/www.forbes.be\/fr\/wp-content\/uploads\/2025\/11\/bracket-studio-jam-ghent-bracket-studio-1878-1024x1536.jpg 1024w, https:\/\/www.forbes.be\/fr\/wp-content\/uploads\/2025\/11\/bracket-studio-jam-ghent-bracket-studio-1878-1365x2048.jpg 1365w, https:\/\/www.forbes.be\/fr\/wp-content\/uploads\/2025\/11\/bracket-studio-jam-ghent-bracket-studio-1878-696x1044.jpg 696w, https:\/\/www.forbes.be\/fr\/wp-content\/uploads\/2025\/11\/bracket-studio-jam-ghent-bracket-studio-1878-1068x1602.jpg 1068w, https:\/\/www.forbes.be\/fr\/wp-content\/uploads\/2025\/11\/bracket-studio-jam-ghent-bracket-studio-1878-1920x2880.jpg 1920w, https:\/\/www.forbes.be\/fr\/wp-content\/uploads\/2025\/11\/bracket-studio-jam-ghent-bracket-studio-1878-600x900.jpg 600w\" sizes=\"auto, (max-width: 1707px) 100vw, 1707px\" \/><figcaption id=\"caption-attachment-13333\" class=\"wp-caption-text\">JAM Hotel Gent \u00a9 Bracket Studio<\/figcaption><\/figure>\n<p>Dans ces conditions, l&rsquo;ouverture du<strong> JAM Gand<\/strong> constitue un test strat\u00e9gique pour le <strong>Nelson Group<\/strong>. Gand offre un \u00e9cosyst\u00e8me culturel dense (S.M.A.K., MSK, quartier des Arts), une croissance h\u00f4teli\u00e8re explosive (de 57 h\u00f4tels en 2015 \u00e0 76 en 2025, soit +33%, et de 4 446 \u00e0 6 575 chambres, soit +48%), mais \u00e9galement une pression concurrentielle accrue. L&rsquo;implantation dans <strong>De Kazerne<\/strong>, projet de reconversion pr\u00e9s\u00e9lectionn\u00e9 aux <strong>World Architecture Festival Awards<\/strong>, offre, elle, une visibilit\u00e9 patrimoniale et institutionnelle significative.<\/p>\n<p>Face aux g\u00e9ants standardis\u00e9s de l&rsquo;<strong>h\u00f4tellerie<\/strong>, le <strong>Nelson Group<\/strong> d\u00e9fend une autre vision : celle d&rsquo;un <strong>impact environnemental ma\u00eetris\u00e9<\/strong>, d&rsquo;un ancrage territorial revendiqu\u00e9 et d&rsquo;une authenticit\u00e9 artistique sans compromis. Cette strat\u00e9gie de niche trouve ses adeptes, mais ne tol\u00e8re aucune faiblesse. La pierre d&rsquo;achoppement demeure : l&rsquo;<strong>\u00e9thique environnementale<\/strong> suffira-t-elle \u00e0 construire un <strong>mod\u00e8le \u00e9conomique viable<\/strong> sur la dur\u00e9e ?<\/p>\n","protected":false},"excerpt":{"rendered":"<p>En septembre 2025, le Nelson Group a inaugur\u00e9 son troisi\u00e8me h\u00f4tel JAM \u00e0 Gand, dans l&rsquo;ancienne caserne L\u00e9opold. Cette ouverture intervient dans un contexte de reprise du march\u00e9 h\u00f4telier belge, marqu\u00e9 par des investissements en hausse mais des marges comprim\u00e9es par la flamb\u00e9e des co\u00fbts \u00e9nerg\u00e9tiques et salariaux. Positionnement tarifaire r\u00e9fl\u00e9chi, b\u00e2timents passifs et expansion [&hellip;]<\/p>\n","protected":false},"author":47,"featured_media":13338,"comment_status":"closed","ping_status":"closed","sticky":false,"template":"","format":"standard","meta":{"_acf_changed":false,"inline_featured_image":false,"footnotes":""},"categories":[24],"tags":[],"class_list":{"0":"post-13307","1":"post","2":"type-post","3":"status-publish","4":"format-standard","5":"has-post-thumbnail","7":"category-immobilier"},"acf":[],"_yoast_wpseo_title":null,"_yoast_wpseo_metadesc":"Avec JAM Gand, le Nelson Group ouvre un h\u00f4tel passif et artistique sign\u00e9 Lionel Jadot, misant sur durabilit\u00e9, design et \u201cfair pricing\u201d au c\u0153ur de la Flandre.","auteur_traducteur":"","yoast_head":"<!-- This site is optimized with the Yoast SEO plugin v27.4 - https:\/\/yoast.com\/product\/yoast-seo-wordpress\/ -->\n<title>JAM Gand : le Nelson Group mise sur l&#039;h\u00f4tellerie durable | Forbes Belgique<\/title>\n<meta name=\"description\" content=\"Avec JAM Gand, le Nelson Group ouvre un h\u00f4tel passif et artistique sign\u00e9 Lionel Jadot, misant sur durabilit\u00e9, design et \u201cfair pricing\u201d au c\u0153ur de la Flandre.\" \/>\n<meta name=\"robots\" content=\"index, follow, max-snippet:-1, max-image-preview:large, max-video-preview:-1\" \/>\n<link rel=\"canonical\" href=\"https:\/\/www.forbes.be\/fr\/jam-gand-le-nelson-group-mise-sur-lhotellerie-durable\/\" \/>\n<meta property=\"og:locale\" content=\"fr_FR\" \/>\n<meta property=\"og:type\" content=\"article\" \/>\n<meta property=\"og:title\" content=\"JAM Gand : le Nelson Group mise sur l&#039;h\u00f4tellerie durable | Forbes Belgique\" \/>\n<meta property=\"og:description\" content=\"Avec JAM Gand, le Nelson Group ouvre un h\u00f4tel passif et artistique sign\u00e9 Lionel Jadot, misant sur durabilit\u00e9, design et \u201cfair pricing\u201d au c\u0153ur de la Flandre.\" \/>\n<meta property=\"og:url\" content=\"https:\/\/www.forbes.be\/fr\/jam-gand-le-nelson-group-mise-sur-lhotellerie-durable\/\" \/>\n<meta property=\"og:site_name\" content=\"Forbes Belgique\" \/>\n<meta property=\"article:publisher\" content=\"https:\/\/www.facebook.com\/forbesbelgique\/\" \/>\n<meta property=\"article:published_time\" content=\"2025-11-05T09:15:18+00:00\" \/>\n<meta property=\"article:modified_time\" content=\"2025-11-05T09:37:14+00:00\" \/>\n<meta property=\"og:image\" content=\"https:\/\/www.forbes.be\/fr\/wp-content\/uploads\/2025\/11\/bracket-studio-jam-ghent-bracket-studio-1957-scaled-e1762332601699.jpg\" \/>\n\t<meta property=\"og:image:width\" content=\"2560\" \/>\n\t<meta property=\"og:image:height\" content=\"1340\" \/>\n\t<meta property=\"og:image:type\" content=\"image\/jpeg\" \/>\n<meta name=\"author\" content=\"Martin Boonen\" \/>\n<meta name=\"twitter:card\" content=\"summary_large_image\" \/>\n<meta name=\"twitter:label1\" content=\"\u00c9crit par\" \/>\n\t<meta name=\"twitter:data1\" content=\"Martin Boonen\" \/>\n\t<meta name=\"twitter:label2\" content=\"Dur\u00e9e de lecture estim\u00e9e\" \/>\n\t<meta name=\"twitter:data2\" content=\"8 minutes\" \/>\n<script type=\"application\/ld+json\" class=\"yoast-schema-graph\">{\"@context\":\"https:\\\/\\\/schema.org\",\"@graph\":[{\"@type\":\"NewsArticle\",\"@id\":\"https:\\\/\\\/www.forbes.be\\\/fr\\\/jam-gand-le-nelson-group-mise-sur-lhotellerie-durable\\\/#article\",\"isPartOf\":{\"@id\":\"https:\\\/\\\/www.forbes.be\\\/fr\\\/jam-gand-le-nelson-group-mise-sur-lhotellerie-durable\\\/\"},\"author\":{\"name\":\"Martin Boonen\",\"@id\":\"https:\\\/\\\/www.forbes.be\\\/fr\\\/#\\\/schema\\\/person\\\/5e9af5383f8e0ffec564788f40ac92c8\"},\"headline\":\"JAM Gand : le Nelson Group mise sur l&rsquo;h\u00f4tellerie durable\",\"datePublished\":\"2025-11-05T09:15:18+00:00\",\"dateModified\":\"2025-11-05T09:37:14+00:00\",\"mainEntityOfPage\":{\"@id\":\"https:\\\/\\\/www.forbes.be\\\/fr\\\/jam-gand-le-nelson-group-mise-sur-lhotellerie-durable\\\/\"},\"wordCount\":1364,\"publisher\":{\"@id\":\"https:\\\/\\\/www.forbes.be\\\/fr\\\/#organization\"},\"image\":{\"@id\":\"https:\\\/\\\/www.forbes.be\\\/fr\\\/jam-gand-le-nelson-group-mise-sur-lhotellerie-durable\\\/#primaryimage\"},\"thumbnailUrl\":\"https:\\\/\\\/www.forbes.be\\\/fr\\\/wp-content\\\/uploads\\\/2025\\\/11\\\/bracket-studio-jam-ghent-bracket-studio-1957-scaled-e1762332601699.jpg\",\"articleSection\":[\"Immobilier\"],\"inLanguage\":\"fr-FR\"},{\"@type\":\"WebPage\",\"@id\":\"https:\\\/\\\/www.forbes.be\\\/fr\\\/jam-gand-le-nelson-group-mise-sur-lhotellerie-durable\\\/\",\"url\":\"https:\\\/\\\/www.forbes.be\\\/fr\\\/jam-gand-le-nelson-group-mise-sur-lhotellerie-durable\\\/\",\"name\":\"JAM Gand : le Nelson Group mise sur l'h\u00f4tellerie durable | Forbes Belgique\",\"isPartOf\":{\"@id\":\"https:\\\/\\\/www.forbes.be\\\/fr\\\/#website\"},\"primaryImageOfPage\":{\"@id\":\"https:\\\/\\\/www.forbes.be\\\/fr\\\/jam-gand-le-nelson-group-mise-sur-lhotellerie-durable\\\/#primaryimage\"},\"image\":{\"@id\":\"https:\\\/\\\/www.forbes.be\\\/fr\\\/jam-gand-le-nelson-group-mise-sur-lhotellerie-durable\\\/#primaryimage\"},\"thumbnailUrl\":\"https:\\\/\\\/www.forbes.be\\\/fr\\\/wp-content\\\/uploads\\\/2025\\\/11\\\/bracket-studio-jam-ghent-bracket-studio-1957-scaled-e1762332601699.jpg\",\"datePublished\":\"2025-11-05T09:15:18+00:00\",\"dateModified\":\"2025-11-05T09:37:14+00:00\",\"description\":\"Avec JAM Gand, le Nelson Group ouvre un h\u00f4tel passif et artistique sign\u00e9 Lionel Jadot, misant sur durabilit\u00e9, design et \u201cfair pricing\u201d au c\u0153ur de la Flandre.\",\"breadcrumb\":{\"@id\":\"https:\\\/\\\/www.forbes.be\\\/fr\\\/jam-gand-le-nelson-group-mise-sur-lhotellerie-durable\\\/#breadcrumb\"},\"inLanguage\":\"fr-FR\",\"potentialAction\":[{\"@type\":\"ReadAction\",\"target\":[\"https:\\\/\\\/www.forbes.be\\\/fr\\\/jam-gand-le-nelson-group-mise-sur-lhotellerie-durable\\\/\"]}]},{\"@type\":\"ImageObject\",\"inLanguage\":\"fr-FR\",\"@id\":\"https:\\\/\\\/www.forbes.be\\\/fr\\\/jam-gand-le-nelson-group-mise-sur-lhotellerie-durable\\\/#primaryimage\",\"url\":\"https:\\\/\\\/www.forbes.be\\\/fr\\\/wp-content\\\/uploads\\\/2025\\\/11\\\/bracket-studio-jam-ghent-bracket-studio-1957-scaled-e1762332601699.jpg\",\"contentUrl\":\"https:\\\/\\\/www.forbes.be\\\/fr\\\/wp-content\\\/uploads\\\/2025\\\/11\\\/bracket-studio-jam-ghent-bracket-studio-1957-scaled-e1762332601699.jpg\",\"width\":2560,\"height\":1340,\"caption\":\"\u00a9 Bracket Studio\"},{\"@type\":\"BreadcrumbList\",\"@id\":\"https:\\\/\\\/www.forbes.be\\\/fr\\\/jam-gand-le-nelson-group-mise-sur-lhotellerie-durable\\\/#breadcrumb\",\"itemListElement\":[{\"@type\":\"ListItem\",\"position\":1,\"name\":\"Accueil\",\"item\":\"https:\\\/\\\/www.forbes.be\\\/fr\\\/\"},{\"@type\":\"ListItem\",\"position\":2,\"name\":\"JAM Gand : le Nelson Group mise sur l&rsquo;h\u00f4tellerie durable\"}]},{\"@type\":\"WebSite\",\"@id\":\"https:\\\/\\\/www.forbes.be\\\/fr\\\/#website\",\"url\":\"https:\\\/\\\/www.forbes.be\\\/fr\\\/\",\"name\":\"Forbes Belgique\",\"description\":\"\",\"publisher\":{\"@id\":\"https:\\\/\\\/www.forbes.be\\\/fr\\\/#organization\"},\"potentialAction\":[{\"@type\":\"SearchAction\",\"target\":{\"@type\":\"EntryPoint\",\"urlTemplate\":\"https:\\\/\\\/www.forbes.be\\\/fr\\\/?s={search_term_string}\"},\"query-input\":{\"@type\":\"PropertyValueSpecification\",\"valueRequired\":true,\"valueName\":\"search_term_string\"}}],\"inLanguage\":\"fr-FR\"},{\"@type\":\"Organization\",\"@id\":\"https:\\\/\\\/www.forbes.be\\\/fr\\\/#organization\",\"name\":\"Forbes Belgique\",\"url\":\"https:\\\/\\\/www.forbes.be\\\/fr\\\/\",\"logo\":{\"@type\":\"ImageObject\",\"inLanguage\":\"fr-FR\",\"@id\":\"https:\\\/\\\/www.forbes.be\\\/fr\\\/#\\\/schema\\\/logo\\\/image\\\/\",\"url\":\"https:\\\/\\\/www.forbes.be\\\/fr\\\/wp-content\\\/uploads\\\/2024\\\/02\\\/forbes.be_.png\",\"contentUrl\":\"https:\\\/\\\/www.forbes.be\\\/fr\\\/wp-content\\\/uploads\\\/2024\\\/02\\\/forbes.be_.png\",\"width\":1200,\"height\":675,\"caption\":\"Forbes Belgique\"},\"image\":{\"@id\":\"https:\\\/\\\/www.forbes.be\\\/fr\\\/#\\\/schema\\\/logo\\\/image\\\/\"},\"sameAs\":[\"https:\\\/\\\/www.facebook.com\\\/forbesbelgique\\\/\",\"https:\\\/\\\/www.instagram.com\\\/Forbes_Belgium\",\"https:\\\/\\\/www.linkedin.com\\\/company\\\/forbes-belgium\\\/\"]},{\"@type\":\"Person\",\"@id\":\"https:\\\/\\\/www.forbes.be\\\/fr\\\/#\\\/schema\\\/person\\\/5e9af5383f8e0ffec564788f40ac92c8\",\"name\":\"Martin Boonen\",\"image\":{\"@type\":\"ImageObject\",\"inLanguage\":\"fr-FR\",\"@id\":\"https:\\\/\\\/www.forbes.be\\\/fr\\\/wp-content\\\/uploads\\\/2025\\\/10\\\/capture-decran-2024-11-15-a-093849-300x300-1-100x100.png\",\"url\":\"https:\\\/\\\/www.forbes.be\\\/fr\\\/wp-content\\\/uploads\\\/2025\\\/10\\\/capture-decran-2024-11-15-a-093849-300x300-1-100x100.png\",\"contentUrl\":\"https:\\\/\\\/www.forbes.be\\\/fr\\\/wp-content\\\/uploads\\\/2025\\\/10\\\/capture-decran-2024-11-15-a-093849-300x300-1-100x100.png\",\"caption\":\"Martin Boonen\"},\"description\":\"Martin Boonen est journaliste dipl\u00f4m\u00e9 de l'Institut de Journalisme de Bruxelles (2012). Il collabor\u00e9 avec de nombreuses r\u00e9dactions \u00e0 diff\u00e9rent niveau de responsabilit\u00e9 : journaliste, chef de rubrique, secr\u00e9taire de r\u00e9daction et r\u00e9dacteur en chef, tant sur le web que pour la presse imprim\u00e9e. Sp\u00e9cialis\u00e9 dans les startups et l'entrepreneuriat \u00e0 impact, il est devenu en 2025 r\u00e9dacteur en chef du site web de Forbes Belgique. Il est affili\u00e9 \u00e0 l'Organisation Mondiale de la Presse P\u00e9riodique depuis 2011.\",\"sameAs\":[\"https:\\\/\\\/www.linkedin.com\\\/in\\\/martin-boonen-61499951\\\/\"],\"url\":\"https:\\\/\\\/www.forbes.be\\\/fr\\\/author\\\/martin-boonen\\\/\"}]}<\/script>\n<!-- \/ Yoast SEO plugin. -->","yoast_head_json":{"title":"JAM Gand : le Nelson Group mise sur l'h\u00f4tellerie durable | Forbes Belgique","description":"Avec JAM Gand, le Nelson Group ouvre un h\u00f4tel passif et artistique sign\u00e9 Lionel Jadot, misant sur durabilit\u00e9, design et \u201cfair pricing\u201d au c\u0153ur de la Flandre.","robots":{"index":"index","follow":"follow","max-snippet":"max-snippet:-1","max-image-preview":"max-image-preview:large","max-video-preview":"max-video-preview:-1"},"canonical":"https:\/\/www.forbes.be\/fr\/jam-gand-le-nelson-group-mise-sur-lhotellerie-durable\/","og_locale":"fr_FR","og_type":"article","og_title":"JAM Gand : le Nelson Group mise sur l'h\u00f4tellerie durable | Forbes Belgique","og_description":"Avec JAM Gand, le Nelson Group ouvre un h\u00f4tel passif et artistique sign\u00e9 Lionel Jadot, misant sur durabilit\u00e9, design et \u201cfair pricing\u201d au c\u0153ur de la Flandre.","og_url":"https:\/\/www.forbes.be\/fr\/jam-gand-le-nelson-group-mise-sur-lhotellerie-durable\/","og_site_name":"Forbes Belgique","article_publisher":"https:\/\/www.facebook.com\/forbesbelgique\/","article_published_time":"2025-11-05T09:15:18+00:00","article_modified_time":"2025-11-05T09:37:14+00:00","og_image":[{"width":2560,"height":1340,"url":"https:\/\/www.forbes.be\/fr\/wp-content\/uploads\/2025\/11\/bracket-studio-jam-ghent-bracket-studio-1957-scaled-e1762332601699.jpg","type":"image\/jpeg"}],"author":"Martin Boonen","twitter_card":"summary_large_image","twitter_misc":{"\u00c9crit par":"Martin Boonen","Dur\u00e9e de lecture estim\u00e9e":"8 minutes"},"schema":{"@context":"https:\/\/schema.org","@graph":[{"@type":"NewsArticle","@id":"https:\/\/www.forbes.be\/fr\/jam-gand-le-nelson-group-mise-sur-lhotellerie-durable\/#article","isPartOf":{"@id":"https:\/\/www.forbes.be\/fr\/jam-gand-le-nelson-group-mise-sur-lhotellerie-durable\/"},"author":{"name":"Martin Boonen","@id":"https:\/\/www.forbes.be\/fr\/#\/schema\/person\/5e9af5383f8e0ffec564788f40ac92c8"},"headline":"JAM Gand : le Nelson Group mise sur l&rsquo;h\u00f4tellerie durable","datePublished":"2025-11-05T09:15:18+00:00","dateModified":"2025-11-05T09:37:14+00:00","mainEntityOfPage":{"@id":"https:\/\/www.forbes.be\/fr\/jam-gand-le-nelson-group-mise-sur-lhotellerie-durable\/"},"wordCount":1364,"publisher":{"@id":"https:\/\/www.forbes.be\/fr\/#organization"},"image":{"@id":"https:\/\/www.forbes.be\/fr\/jam-gand-le-nelson-group-mise-sur-lhotellerie-durable\/#primaryimage"},"thumbnailUrl":"https:\/\/www.forbes.be\/fr\/wp-content\/uploads\/2025\/11\/bracket-studio-jam-ghent-bracket-studio-1957-scaled-e1762332601699.jpg","articleSection":["Immobilier"],"inLanguage":"fr-FR"},{"@type":"WebPage","@id":"https:\/\/www.forbes.be\/fr\/jam-gand-le-nelson-group-mise-sur-lhotellerie-durable\/","url":"https:\/\/www.forbes.be\/fr\/jam-gand-le-nelson-group-mise-sur-lhotellerie-durable\/","name":"JAM Gand : le Nelson Group mise sur l'h\u00f4tellerie durable | Forbes Belgique","isPartOf":{"@id":"https:\/\/www.forbes.be\/fr\/#website"},"primaryImageOfPage":{"@id":"https:\/\/www.forbes.be\/fr\/jam-gand-le-nelson-group-mise-sur-lhotellerie-durable\/#primaryimage"},"image":{"@id":"https:\/\/www.forbes.be\/fr\/jam-gand-le-nelson-group-mise-sur-lhotellerie-durable\/#primaryimage"},"thumbnailUrl":"https:\/\/www.forbes.be\/fr\/wp-content\/uploads\/2025\/11\/bracket-studio-jam-ghent-bracket-studio-1957-scaled-e1762332601699.jpg","datePublished":"2025-11-05T09:15:18+00:00","dateModified":"2025-11-05T09:37:14+00:00","description":"Avec JAM Gand, le Nelson Group ouvre un h\u00f4tel passif et artistique sign\u00e9 Lionel Jadot, misant sur durabilit\u00e9, design et \u201cfair pricing\u201d au c\u0153ur de la Flandre.","breadcrumb":{"@id":"https:\/\/www.forbes.be\/fr\/jam-gand-le-nelson-group-mise-sur-lhotellerie-durable\/#breadcrumb"},"inLanguage":"fr-FR","potentialAction":[{"@type":"ReadAction","target":["https:\/\/www.forbes.be\/fr\/jam-gand-le-nelson-group-mise-sur-lhotellerie-durable\/"]}]},{"@type":"ImageObject","inLanguage":"fr-FR","@id":"https:\/\/www.forbes.be\/fr\/jam-gand-le-nelson-group-mise-sur-lhotellerie-durable\/#primaryimage","url":"https:\/\/www.forbes.be\/fr\/wp-content\/uploads\/2025\/11\/bracket-studio-jam-ghent-bracket-studio-1957-scaled-e1762332601699.jpg","contentUrl":"https:\/\/www.forbes.be\/fr\/wp-content\/uploads\/2025\/11\/bracket-studio-jam-ghent-bracket-studio-1957-scaled-e1762332601699.jpg","width":2560,"height":1340,"caption":"\u00a9 Bracket Studio"},{"@type":"BreadcrumbList","@id":"https:\/\/www.forbes.be\/fr\/jam-gand-le-nelson-group-mise-sur-lhotellerie-durable\/#breadcrumb","itemListElement":[{"@type":"ListItem","position":1,"name":"Accueil","item":"https:\/\/www.forbes.be\/fr\/"},{"@type":"ListItem","position":2,"name":"JAM Gand : le Nelson Group mise sur l&rsquo;h\u00f4tellerie durable"}]},{"@type":"WebSite","@id":"https:\/\/www.forbes.be\/fr\/#website","url":"https:\/\/www.forbes.be\/fr\/","name":"Forbes Belgique","description":"","publisher":{"@id":"https:\/\/www.forbes.be\/fr\/#organization"},"potentialAction":[{"@type":"SearchAction","target":{"@type":"EntryPoint","urlTemplate":"https:\/\/www.forbes.be\/fr\/?s={search_term_string}"},"query-input":{"@type":"PropertyValueSpecification","valueRequired":true,"valueName":"search_term_string"}}],"inLanguage":"fr-FR"},{"@type":"Organization","@id":"https:\/\/www.forbes.be\/fr\/#organization","name":"Forbes Belgique","url":"https:\/\/www.forbes.be\/fr\/","logo":{"@type":"ImageObject","inLanguage":"fr-FR","@id":"https:\/\/www.forbes.be\/fr\/#\/schema\/logo\/image\/","url":"https:\/\/www.forbes.be\/fr\/wp-content\/uploads\/2024\/02\/forbes.be_.png","contentUrl":"https:\/\/www.forbes.be\/fr\/wp-content\/uploads\/2024\/02\/forbes.be_.png","width":1200,"height":675,"caption":"Forbes Belgique"},"image":{"@id":"https:\/\/www.forbes.be\/fr\/#\/schema\/logo\/image\/"},"sameAs":["https:\/\/www.facebook.com\/forbesbelgique\/","https:\/\/www.instagram.com\/Forbes_Belgium","https:\/\/www.linkedin.com\/company\/forbes-belgium\/"]},{"@type":"Person","@id":"https:\/\/www.forbes.be\/fr\/#\/schema\/person\/5e9af5383f8e0ffec564788f40ac92c8","name":"Martin Boonen","image":{"@type":"ImageObject","inLanguage":"fr-FR","@id":"https:\/\/www.forbes.be\/fr\/wp-content\/uploads\/2025\/10\/capture-decran-2024-11-15-a-093849-300x300-1-100x100.png","url":"https:\/\/www.forbes.be\/fr\/wp-content\/uploads\/2025\/10\/capture-decran-2024-11-15-a-093849-300x300-1-100x100.png","contentUrl":"https:\/\/www.forbes.be\/fr\/wp-content\/uploads\/2025\/10\/capture-decran-2024-11-15-a-093849-300x300-1-100x100.png","caption":"Martin Boonen"},"description":"Martin Boonen est journaliste dipl\u00f4m\u00e9 de l'Institut de Journalisme de Bruxelles (2012). Il collabor\u00e9 avec de nombreuses r\u00e9dactions \u00e0 diff\u00e9rent niveau de responsabilit\u00e9 : journaliste, chef de rubrique, secr\u00e9taire de r\u00e9daction et r\u00e9dacteur en chef, tant sur le web que pour la presse imprim\u00e9e. Sp\u00e9cialis\u00e9 dans les startups et l'entrepreneuriat \u00e0 impact, il est devenu en 2025 r\u00e9dacteur en chef du site web de Forbes Belgique. Il est affili\u00e9 \u00e0 l'Organisation Mondiale de la Presse P\u00e9riodique depuis 2011.","sameAs":["https:\/\/www.linkedin.com\/in\/martin-boonen-61499951\/"],"url":"https:\/\/www.forbes.be\/fr\/author\/martin-boonen\/"}]}},"_links":{"self":[{"href":"https:\/\/www.forbes.be\/fr\/wp-json\/wp\/v2\/posts\/13307","targetHints":{"allow":["GET"]}}],"collection":[{"href":"https:\/\/www.forbes.be\/fr\/wp-json\/wp\/v2\/posts"}],"about":[{"href":"https:\/\/www.forbes.be\/fr\/wp-json\/wp\/v2\/types\/post"}],"author":[{"embeddable":true,"href":"https:\/\/www.forbes.be\/fr\/wp-json\/wp\/v2\/users\/47"}],"replies":[{"embeddable":true,"href":"https:\/\/www.forbes.be\/fr\/wp-json\/wp\/v2\/comments?post=13307"}],"version-history":[{"count":2,"href":"https:\/\/www.forbes.be\/fr\/wp-json\/wp\/v2\/posts\/13307\/revisions"}],"predecessor-version":[{"id":13339,"href":"https:\/\/www.forbes.be\/fr\/wp-json\/wp\/v2\/posts\/13307\/revisions\/13339"}],"wp:featuredmedia":[{"embeddable":true,"href":"https:\/\/www.forbes.be\/fr\/wp-json\/wp\/v2\/media\/13338"}],"wp:attachment":[{"href":"https:\/\/www.forbes.be\/fr\/wp-json\/wp\/v2\/media?parent=13307"}],"wp:term":[{"taxonomy":"category","embeddable":true,"href":"https:\/\/www.forbes.be\/fr\/wp-json\/wp\/v2\/categories?post=13307"},{"taxonomy":"post_tag","embeddable":true,"href":"https:\/\/www.forbes.be\/fr\/wp-json\/wp\/v2\/tags?post=13307"}],"curies":[{"name":"wp","href":"https:\/\/api.w.org\/{rel}","templated":true}]}}