{"id":13340,"date":"2025-11-06T07:17:39","date_gmt":"2025-11-06T06:17:39","guid":{"rendered":"https:\/\/www.forbes.be\/fr\/?p=13340"},"modified":"2025-11-05T10:34:42","modified_gmt":"2025-11-05T09:34:42","slug":"thomas-de-dorlodot-renaitre-au-dessus-des-pyramides","status":"publish","type":"post","link":"https:\/\/www.forbes.be\/fr\/thomas-de-dorlodot-renaitre-au-dessus-des-pyramides\/","title":{"rendered":"Thomas de Dorlodot : rena\u00eetre au-dessus des pyramides"},"content":{"rendered":"<p><strong>Apr\u00e8s dix-huit mois jalonn\u00e9s de neuf op\u00e9rations et l&rsquo;\u00e9vocation d&rsquo;une amputation, le parapentiste belge Thomas de Dorlodot a repris les airs au-dessus des pyramides d&rsquo;\u00c9gypte. Une renaissance tant symbolique que professionnelle pour cet athl\u00e8te et entrepreneur qui r\u00e9invente d\u00e9sormais l&rsquo;\u00e9quilibre entre ses exp\u00e9ditions, sa famille et la diversification de ses revenus.<\/strong><\/p>\n<p>N\u00e9 le 20 juin 1985 \u00e0 Ottignies, <strong>Thomas de Dorlodot<\/strong> figure parmi les <strong>parapentistes<\/strong> les plus accomplis au monde. Sa passion d\u00e9bute au Coll\u00e8ge de Maredsous o\u00f9, lors d&rsquo;un vol audacieux (et remarqu\u00e9) entre les clochers jumeaux de l\u2019abbaye. Dipl\u00f4m\u00e9 de l&rsquo;IHECS en communication et titulaire d&rsquo;un master en photographie et r\u00e9alisation cin\u00e9matographique, il construit depuis pr\u00e8s de vingt ans une carri\u00e8re professionnelle autour de l&rsquo;exploration a\u00e9rienne.<\/p>\n<p>Ses r\u00e9alisations incluent le record asiatique et himalayen de vol en <strong>parapente<\/strong> avec 226 kilom\u00e8tres parcourus en dix heures en 2011, des vols de pr\u00e8s de 200 kilom\u00e8tres en Belgique et au Br\u00e9sil, ainsi que des premi\u00e8res mondiales au Machu Picchu en 2008, \u00e0 Tikal au Guatemala en 2010, \u00e0 Madagascar en 2016 et autour des montagnes du Karakoram en 2022. Il a r\u00e9alis\u00e9 la premi\u00e8re travers\u00e9e \u00e0 pied et en vol des Alpes du Sud n\u00e9o-z\u00e9landaises en 2013 avec Ferdinand Van Schelven, la premi\u00e8re travers\u00e9e en solo des Pyr\u00e9n\u00e9es la m\u00eame ann\u00e9e, et participe depuis 2007 \u00e0 chaque \u00e9dition de la <strong>Red Bull X-Alps<\/strong>.<\/p>\n<p>Navigateur chevronn\u00e9 ayant travers\u00e9 l&rsquo;Atlantique trois fois dont une en solitaire, il est \u00e9galement fondateur et directeur de <a href=\"https:\/\/www.searchprojects.net\/\" target=\"_blank\" rel=\"noopener\">SEARCH Projects<\/a>, soci\u00e9t\u00e9 de production sp\u00e9cialis\u00e9e dans les documentaires de sport et d&rsquo;aventure. Ses films <em>Karakoram Highway<\/em> et<em> Fly Spiti<\/em> ont remport\u00e9 plusieurs prix internationaux, et il a produit trois saisons de la s\u00e9rie Explore diffus\u00e9e sur RTL Belgique. En 2016, il publie L&rsquo;aventure de la cr\u00e9ation d&rsquo;entreprise. Il r\u00e9side actuellement aux A\u00e7ores avec son \u00e9pouse Sofia Pi\u00f1eiro et leurs deux enfants.<\/p>\n<p><strong>Forbes.be : Ce vol en \u00c9gypte marquait votre grand retour. Que s&rsquo;est-il pass\u00e9 exactement ?<\/strong><br \/>\n<strong>Thomas de Dorlodot :<\/strong> Il y a un an et demi, lors d&rsquo;un entra\u00eenement en Norv\u00e8ge pour une exp\u00e9dition au Groenland en <em>snow kite<\/em>, j&rsquo;ai subi un accident. L&rsquo;instructeur qui m&rsquo;accompagnait a gonfl\u00e9 mon kite dans du vent tr\u00e8s fort. J&rsquo;ai fait un bond de 15 m\u00e8tres et en me r\u00e9ceptionnant sur la glace, je me suis fractur\u00e9 la jambe. Ce n&rsquo;\u00e9tait qu&rsquo;une fracture tibia-p\u00e9ron\u00e9 assez nette, pas tr\u00e8s grave en soi. En Norv\u00e8ge, ils m&rsquo;ont pos\u00e9 un fixateur externe pour me rapatrier vers la Belgique o\u00f9 je devais \u00eatre op\u00e9r\u00e9. C&rsquo;est l\u00e0 que j&rsquo;ai contract\u00e9 une infection \u00e0 l&rsquo;h\u00f4pital : un <strong>staphylocoque dor\u00e9<\/strong> virulent. J&rsquo;ai encha\u00een\u00e9 pendant plus d&rsquo;un an les op\u00e9rations pour ma\u00eetriser cette infection. Neuf interventions en tout. J&rsquo;ai port\u00e9 un fixateur externe pendant sept mois. C&rsquo;\u00e9tait un enfer. \u00c0 un moment, on a commenc\u00e9 \u00e0 discuter d&rsquo;amputation. L&rsquo;h\u00f4pital m&rsquo;a pr\u00e9sent\u00e9 une psychologue pour en parler, on \u00e9voquait le type de proth\u00e8se qui pourrait me convenir, je regardais des vid\u00e9os sur YouTube&#8230; L&rsquo;id\u00e9e que j&rsquo;allais commencer une deuxi\u00e8me vie faisait son chemin dans mon esprit.<\/p>\n<figure id=\"attachment_13344\" aria-describedby=\"caption-attachment-13344\" style=\"width: 1616px\" class=\"wp-caption alignnone\"><img loading=\"lazy\" decoding=\"async\" class=\"wp-image-13344 size-full\" src=\"https:\/\/www.forbes.be\/fr\/wp-content\/uploads\/2025\/11\/photo-12-10-2025-06-14-09.jpg\" alt=\"\" width=\"1616\" height=\"1080\" srcset=\"https:\/\/www.forbes.be\/fr\/wp-content\/uploads\/2025\/11\/photo-12-10-2025-06-14-09.jpg 1616w, https:\/\/www.forbes.be\/fr\/wp-content\/uploads\/2025\/11\/photo-12-10-2025-06-14-09-300x200.jpg 300w, https:\/\/www.forbes.be\/fr\/wp-content\/uploads\/2025\/11\/photo-12-10-2025-06-14-09-1024x684.jpg 1024w, https:\/\/www.forbes.be\/fr\/wp-content\/uploads\/2025\/11\/photo-12-10-2025-06-14-09-768x513.jpg 768w, https:\/\/www.forbes.be\/fr\/wp-content\/uploads\/2025\/11\/photo-12-10-2025-06-14-09-1536x1027.jpg 1536w, https:\/\/www.forbes.be\/fr\/wp-content\/uploads\/2025\/11\/photo-12-10-2025-06-14-09-696x465.jpg 696w, https:\/\/www.forbes.be\/fr\/wp-content\/uploads\/2025\/11\/photo-12-10-2025-06-14-09-1068x714.jpg 1068w, https:\/\/www.forbes.be\/fr\/wp-content\/uploads\/2025\/11\/photo-12-10-2025-06-14-09-600x401.jpg 600w\" sizes=\"auto, (max-width: 1616px) 100vw, 1616px\" \/><figcaption id=\"caption-attachment-13344\" class=\"wp-caption-text\">Thomas de Dorlodot (\u00e0 gauche) et Horacio Llorens \u00a9 Tom de Dorlodot\/SEARCH Projects<\/figcaption><\/figure>\n<p><strong>&#8211; Quel \u00e9tait votre \u00e9tat d&rsquo;esprit face \u00e0 cette perspective ?<\/strong><br \/>\n<strong>&#8211;<\/strong> J&rsquo;ai commenc\u00e9 \u00e0 me pr\u00e9parer mentalement. Quand j&rsquo;ai vu que l&rsquo;option se pr\u00e9sentait, je l&rsquo;ai presque souhait\u00e9e finalement. J&rsquo;en avais marre de retourner \u00e0 l&rsquo;h\u00f4pital, de r\u00e9op\u00e9rer. Tu es loin de ta famille, loin de tes amis, dans un h\u00f4pital en Allemagne o\u00f9 tu ne parles pas la langue. En me documentant sur le sujet, je me suis rendu compte qu&rsquo;une <strong>ost\u00e9omy\u00e9lite<\/strong> r\u00e9cidivante qu&rsquo;on n&rsquo;arrive pas \u00e0 \u00e9liminer avec la vancomycine et tous les super antibiotiques ne pr\u00e9sage rien de bon. Tr\u00e8s vite, je me suis dit que ce serait peut-\u00eatre le premier jour de ma deuxi\u00e8me vie. Je mettrais une proth\u00e8se et j&rsquo;aurais une histoire inspirante \u00e0 raconter. J&rsquo;avais surtout envie d&rsquo;en faire quelque chose de positif et, potentiellement, de continuer \u00e0 voler, de continuer \u00e0 faire des exp\u00e9ditions&#8230; mais avec une jambe en moins. Tu peux faire beaucoup de choses avec une proth\u00e8se. J&rsquo;en \u00e9tais arriv\u00e9 au stade o\u00f9 j&rsquo;avais fait la paix avec cette id\u00e9e. Si demain ils me disaient qu&rsquo;il fallait y aller, j&rsquo;y allais.<\/p>\n<p><strong>&#8211; Finalement, l&rsquo;amputation a \u00e9t\u00e9 \u00e9vit\u00e9e&#8230;<\/strong><br \/>\n<strong>&#8211;<\/strong> On a r\u00e9ussi \u00e0 g\u00e9rer avec un antibiotique tr\u00e8s puissant. On a pu canaliser le probl\u00e8me et faire une greffe. On m&rsquo;a pr\u00e9lev\u00e9 une partie de la hanche pour remplacer une partie de mon tibia compl\u00e8tement d\u00e9truit par la bact\u00e9rie. Maintenant, j&rsquo;ai une botte de marche en carbone qui me permet de reconstruire mon os petit \u00e0 petit. L&rsquo;infection est sous contr\u00f4le. Je peux marcher avec cette botte, je peux marcher sans mais avec une b\u00e9quille. Petit \u00e0 petit, \u00e7a se consolide. On va refaire une op\u00e9ration suppl\u00e9mentaire avec une greffe en plus et une plaque pour fixer. Et l\u00e0, je pourrai marcher normalement. Les m\u00e9decins sont unanimes : ils pensent que je vais r\u00e9cup\u00e9rer \u00e0 100 pour cent. Mais \u00e7a va prendre du temps. C&rsquo;\u00e9tait une sale p\u00e9riode : du jour au lendemain, tous tes gros projets tombent \u00e0 l&rsquo;eau. Pour les <strong>sponsors<\/strong>, c&rsquo;est compliqu\u00e9. Mais d&rsquo;un autre c\u00f4t\u00e9, c&rsquo;\u00e9tait tr\u00e8s int\u00e9ressant \u00e0 vivre. Maintenant \u00e7a repart. J&rsquo;ai plein de projets sur le feu pour 2026, plein de belles exp\u00e9ditions remises \u00e0 plus tard qu&rsquo;on va pouvoir faire.<\/p>\n<figure id=\"attachment_13345\" aria-describedby=\"caption-attachment-13345\" style=\"width: 1920px\" class=\"wp-caption alignnone\"><img loading=\"lazy\" decoding=\"async\" class=\"size-full wp-image-13345\" src=\"https:\/\/www.forbes.be\/fr\/wp-content\/uploads\/2025\/11\/photo-12-10-2025-07-27-17-scaled.jpg\" alt=\"\" width=\"1920\" height=\"2560\" srcset=\"https:\/\/www.forbes.be\/fr\/wp-content\/uploads\/2025\/11\/photo-12-10-2025-07-27-17-scaled.jpg 1920w, https:\/\/www.forbes.be\/fr\/wp-content\/uploads\/2025\/11\/photo-12-10-2025-07-27-17-225x300.jpg 225w, https:\/\/www.forbes.be\/fr\/wp-content\/uploads\/2025\/11\/photo-12-10-2025-07-27-17-768x1024.jpg 768w, https:\/\/www.forbes.be\/fr\/wp-content\/uploads\/2025\/11\/photo-12-10-2025-07-27-17-1152x1536.jpg 1152w, https:\/\/www.forbes.be\/fr\/wp-content\/uploads\/2025\/11\/photo-12-10-2025-07-27-17-1536x2048.jpg 1536w, https:\/\/www.forbes.be\/fr\/wp-content\/uploads\/2025\/11\/photo-12-10-2025-07-27-17-696x928.jpg 696w, https:\/\/www.forbes.be\/fr\/wp-content\/uploads\/2025\/11\/photo-12-10-2025-07-27-17-1068x1424.jpg 1068w, https:\/\/www.forbes.be\/fr\/wp-content\/uploads\/2025\/11\/photo-12-10-2025-07-27-17-600x800.jpg 600w\" sizes=\"auto, (max-width: 1920px) 100vw, 1920px\" \/><figcaption id=\"caption-attachment-13345\" class=\"wp-caption-text\">\u00a9 Tom de Dorlodot\/SEARCH Projects<\/figcaption><\/figure>\n<p><strong>&#8211; Qu&rsquo;avez-vous fait pendant cette convalescence inhabituelle ?<\/strong><br \/>\n<strong>&#8211;<\/strong> \u00c7a m&rsquo;a permis de passer plus de temps \u00e0 travailler sur mes conf\u00e9rences, de d\u00e9velopper d&rsquo;autres projets. Du jour au lendemain, tu es clou\u00e9 au lit pendant des mois. Je me d\u00e9pla\u00e7ais en chaise roulante \u00e0 la maison. Tr\u00e8s vite, je me suis senti comme un lion en cage. Alors j&rsquo;ai commenc\u00e9 \u00e0 naviguer avec mes broches, ce qui n&rsquo;est a priori pas ultra conseill\u00e9. J&rsquo;ai tr\u00e8s vite revol\u00e9 sur un pied. Je n&rsquo;envoyais pas les images au docteur, mais pour moi, c&rsquo;\u00e9tait vital. Le combat d&rsquo;une infection ou d&rsquo;une blessure, c&rsquo;est un double combat : physique et mental. Physiquement, mon corps est mon outil de travail, j&rsquo;ai toujours \u00e9t\u00e9 tr\u00e8s pr\u00e9cautionneux en termes de nutrition, de sommeil, d&rsquo;entra\u00eenement. Mais il y a l&rsquo;aspect mental. C&rsquo;est une vraie travers\u00e9e du d\u00e9sert. Tu dois t&rsquo;armer pour d\u00e9ception sur d\u00e9ception. Le fait d&rsquo;avoir travers\u00e9 l&rsquo;Atlantique en solitaire, d&rsquo;avoir gravi des cha\u00eenes de montagnes avec un <strong>parapente<\/strong> sur le dos, c&rsquo;est aussi difficile physiquement et mentalement. Cela m&rsquo;a aid\u00e9 \u00e0 \u00eatre plus r\u00e9silient dans cette \u00e9preuve. La derni\u00e8re fois qu&rsquo;ils m&rsquo;ont annonc\u00e9 qu&rsquo;il fallait que je retourne \u00e0 l&rsquo;h\u00f4pital, je n&rsquo;ai m\u00eame pas sourcill\u00e9. Je l&rsquo;ai vu comme une aventure, comme un projet, comme une exp\u00e9dition. J&rsquo;ai \u00e9t\u00e9 tr\u00e8s soutenu par la communaut\u00e9 de <strong>parapentistes<\/strong> et des <strong>athl\u00e8tes professionnels<\/strong>. J&rsquo;ai notamment appel\u00e9 Karina Hollekim, une base-jumpeuse Red Bull qui s&rsquo;\u00e9tait fracass\u00e9 les jambes. Elle a vraiment trouv\u00e9 les mots justes. Franchement, c&rsquo;\u00e9tait une exp\u00e9rience que je ne souhaite \u00e0 personne, mais en puisant en soi, on y trouve un enrichissement malgr\u00e9 tout. Entre-temps, je me suis lanc\u00e9 dans l&rsquo;apiculture. Je fais du miel aux A\u00e7ores o\u00f9 je vis avec ma famille. J&rsquo;ai beaucoup progress\u00e9 en permaculture et en agroforesterie. J&rsquo;ai plant\u00e9 300 arbres fruitiers. On a pass\u00e9 beaucoup plus de temps ensemble. L\u00e0, je vois vraiment la lumi\u00e8re au bout du tunnel.<\/p>\n<figure id=\"attachment_13349\" aria-describedby=\"caption-attachment-13349\" style=\"width: 2560px\" class=\"wp-caption alignnone\"><img loading=\"lazy\" decoding=\"async\" class=\"size-full wp-image-13349\" src=\"https:\/\/www.forbes.be\/fr\/wp-content\/uploads\/2025\/11\/photo-14-10-2025-08-08-21-scaled.jpg\" alt=\"\" width=\"2560\" height=\"2240\" srcset=\"https:\/\/www.forbes.be\/fr\/wp-content\/uploads\/2025\/11\/photo-14-10-2025-08-08-21-scaled.jpg 2560w, https:\/\/www.forbes.be\/fr\/wp-content\/uploads\/2025\/11\/photo-14-10-2025-08-08-21-300x263.jpg 300w, https:\/\/www.forbes.be\/fr\/wp-content\/uploads\/2025\/11\/photo-14-10-2025-08-08-21-1024x896.jpg 1024w, https:\/\/www.forbes.be\/fr\/wp-content\/uploads\/2025\/11\/photo-14-10-2025-08-08-21-768x672.jpg 768w, https:\/\/www.forbes.be\/fr\/wp-content\/uploads\/2025\/11\/photo-14-10-2025-08-08-21-1536x1344.jpg 1536w, https:\/\/www.forbes.be\/fr\/wp-content\/uploads\/2025\/11\/photo-14-10-2025-08-08-21-2048x1792.jpg 2048w, https:\/\/www.forbes.be\/fr\/wp-content\/uploads\/2025\/11\/photo-14-10-2025-08-08-21-696x609.jpg 696w, https:\/\/www.forbes.be\/fr\/wp-content\/uploads\/2025\/11\/photo-14-10-2025-08-08-21-1068x935.jpg 1068w, https:\/\/www.forbes.be\/fr\/wp-content\/uploads\/2025\/11\/photo-14-10-2025-08-08-21-1920x1680.jpg 1920w, https:\/\/www.forbes.be\/fr\/wp-content\/uploads\/2025\/11\/photo-14-10-2025-08-08-21-600x525.jpg 600w\" sizes=\"auto, (max-width: 2560px) 100vw, 2560px\" \/><figcaption id=\"caption-attachment-13349\" class=\"wp-caption-text\">\u00a9 Tom de Dorlodot\/SEARCH Projects<\/figcaption><\/figure>\n<p><strong>&#8211; Comment vos partenaires ont-ils r\u00e9agi pendant ces longs mois d&rsquo;inactivit\u00e9 ?<\/strong><br \/>\n<strong>&#8211;<\/strong> Honn\u00eatement, j&rsquo;\u00e9tais vraiment inquiet au d\u00e9part parce que j&rsquo;ai plut\u00f4t l&rsquo;habitude de surdelivrer. Je suis toujours sur le terrain, toujours en exp\u00e9dition, je fais beaucoup de projets. Pour moi, du jour au lendemain, me retrouver dans l&rsquo;incapacit\u00e9 de d\u00e9livrer aupr\u00e8s de mes partenaires et sponsors, c&rsquo;\u00e9tait nouveau. Mais j&rsquo;ai ressenti \u00e9norm\u00e9ment de soutien de leur part, notamment <strong>Red Bull<\/strong> et <strong>Advance<\/strong>, les marques qui me sponsorisent depuis longtemps. Tr\u00e8s vite, <strong>Red Bull<\/strong> m&rsquo;a pass\u00e9 un coup de fil et m&rsquo;a dit qu&rsquo;il ne fallait pas s&rsquo;inqui\u00e9ter, que \u00e7a prendrait le temps que \u00e7a prendrait, qu&rsquo;ils \u00e9taient l\u00e0 pour moi. Ce n&rsquo;\u00e9tait pas des paroles en l&rsquo;air. Quand les choses ont commenc\u00e9 \u00e0 se g\u00e2ter, ils ont r\u00e9agi tout de suite en me permettant d&rsquo;\u00eatre suivi dans une de leurs cliniques partenaires, \u00e0 Hambourg, r\u00e9f\u00e9rence des traitements infectieux en Europe. Ce sont eux qui m&rsquo;ont sorti de cette situation. Ils m&rsquo;ont soutenu du d\u00e9but \u00e0 la fin. Il n&rsquo;y a pas eu le d\u00e9but d&rsquo;un d\u00e9bat sur leur intention de potentiellement diminuer voire cesser leur soutien l&rsquo;ann\u00e9e prochaine. On n&rsquo;en a m\u00eame pas parl\u00e9. \u00c7a a \u00e9t\u00e9 assez exceptionnel. Je n&rsquo;ai eu \u00e0 d\u00e9plorer la perte que d&rsquo;un seul sponsor <em>(Garmin, ndlr)<\/em>. Je l&rsquo;ai appris alors que j&rsquo;\u00e9tais \u00e0 l&rsquo;h\u00f4pital. Pas facile \u00e0 dig\u00e9rer. En prenant du recul, je ne suis pas certain que mon <strong>accident<\/strong> y soit vraiment pour quelque chose. Les partenariats d\u00e9pendent beaucoup de la relation humaine avec les sponsors et ceux qui les repr\u00e9sentent. Dans ce cas-ci, les contacts que j&rsquo;avais s&rsquo;\u00e9taient retir\u00e9s, la politique interne a chang\u00e9 avec le remplacement du directeur marketing. Tout cela peut aussi expliquer le non-renouvellement de ce partenariat.<\/p>\n<p><strong>&#8211; Cet accident a-t-il acc\u00e9lerer la pr\u00e9paration de votre apr\u00e8s-carri\u00e8re ?<\/strong><br \/>\n<strong>&#8211;<\/strong> Je l&rsquo;ai toujours fait. J&rsquo;ai toujours eu l&rsquo;\u0153il sur le moment o\u00f9 je ne pourrai plus voler comme je veux, ni traverser une cha\u00eene de montagne \u00e0 pied ou en <strong>parapente<\/strong>, ou un oc\u00e9an \u00e0 la voile. Effectivement, c&rsquo;est un rappel que les choses ne sont pas infinies. D&rsquo;ailleurs, j&#8217;embrasse pleinement l&rsquo;id\u00e9e d&rsquo;avoir mille vies dans une vie. Je suis vraiment en train de d\u00e9velopper tr\u00e8s fort l&rsquo;aspect conf\u00e9rence. \u00c7a marche tr\u00e8s bien. J&rsquo;ai \u00e9norm\u00e9ment de demandes pour le moment. \u00c7a me permet aussi d&rsquo;avoir des rentr\u00e9es financi\u00e8res diff\u00e9rentes et de me rendre moins d\u00e9pendant de mes partenaires et sponsors qui, potentiellement, ne seront pas \u00e9ternels. J&rsquo;ai envie d&rsquo;encore faire \u00e7a \u00e0 fond une bonne dizaine d&rsquo;ann\u00e9es, mais dans dix ans, je vais peut-\u00eatre lever le pied. Je serai peut-\u00eatre plus en <em>back office<\/em> sur des exp\u00e9ditions pour d&rsquo;autres <strong>athl\u00e8tes<\/strong>. Par exemple, j&rsquo;ai commenc\u00e9 \u00e0 faire du coaching en <em>one-to-one<\/em>. Un client m&rsquo;a demand\u00e9 de le coacher. J&#8217;emm\u00e8ne des gens faire des vols assez exceptionnels en les guidant \u00e0 la radio, en les emmenant avec moi. Je me suis vraiment pris au jeu. J&rsquo;adore \u00e7a. Je peux voler un peu en dessous de mon niveau parce que je dois m&rsquo;adapter \u00e0 leur niveau, donc je ne les emm\u00e8ne pas dans des choses risqu\u00e9es. C&rsquo;est plus serein pour moi. \u00c7a me permet de gagner correctement ma vie sans partir pendant des semaines, parce que j&rsquo;ai aussi envie d&rsquo;\u00eatre pr\u00e8s de mes enfants et de les voir grandir. Petit \u00e0 petit, je trouve mon nouvel \u00e9quilibre : un ou deux tr\u00e8s beaux projets par an, des choses vraiment ambitieuses avec de tr\u00e8s belles pr\u00e9parations et une gestion du risque impeccable pour \u00e9viter de se blesser. Et puis \u00e0 c\u00f4t\u00e9, faire de la conf\u00e9rence, faire du coaching, d\u00e9velopper d&rsquo;autres projets. Depuis toujours, j&rsquo;ai une \u00e2me d&rsquo;<strong>entrepreneur<\/strong>. \u00c7a fait longtemps que j&rsquo;essaie de mettre un peu d&rsquo;argent de c\u00f4t\u00e9, d&rsquo;investir dans l&rsquo;immobilier. Je pr\u00e9pare doucement ma retraite.<\/p>\n<figure id=\"attachment_13350\" aria-describedby=\"caption-attachment-13350\" style=\"width: 1440px\" class=\"wp-caption alignnone\"><img loading=\"lazy\" decoding=\"async\" class=\"size-full wp-image-13350\" src=\"https:\/\/www.forbes.be\/fr\/wp-content\/uploads\/2025\/11\/photo-14-10-2025-08-26-14-scaled.jpg\" alt=\"\" width=\"1440\" height=\"2560\" srcset=\"https:\/\/www.forbes.be\/fr\/wp-content\/uploads\/2025\/11\/photo-14-10-2025-08-26-14-scaled.jpg 1440w, https:\/\/www.forbes.be\/fr\/wp-content\/uploads\/2025\/11\/photo-14-10-2025-08-26-14-169x300.jpg 169w, https:\/\/www.forbes.be\/fr\/wp-content\/uploads\/2025\/11\/photo-14-10-2025-08-26-14-576x1024.jpg 576w, https:\/\/www.forbes.be\/fr\/wp-content\/uploads\/2025\/11\/photo-14-10-2025-08-26-14-768x1365.jpg 768w, https:\/\/www.forbes.be\/fr\/wp-content\/uploads\/2025\/11\/photo-14-10-2025-08-26-14-864x1536.jpg 864w, https:\/\/www.forbes.be\/fr\/wp-content\/uploads\/2025\/11\/photo-14-10-2025-08-26-14-1152x2048.jpg 1152w, https:\/\/www.forbes.be\/fr\/wp-content\/uploads\/2025\/11\/photo-14-10-2025-08-26-14-696x1237.jpg 696w, https:\/\/www.forbes.be\/fr\/wp-content\/uploads\/2025\/11\/photo-14-10-2025-08-26-14-1068x1899.jpg 1068w, https:\/\/www.forbes.be\/fr\/wp-content\/uploads\/2025\/11\/photo-14-10-2025-08-26-14-1920x3413.jpg 1920w, https:\/\/www.forbes.be\/fr\/wp-content\/uploads\/2025\/11\/photo-14-10-2025-08-26-14-600x1067.jpg 600w\" sizes=\"auto, (max-width: 1440px) 100vw, 1440px\" \/><figcaption id=\"caption-attachment-13350\" class=\"wp-caption-text\">\u00a9 Tom de Dorlodot\/SEARCH Projects<\/figcaption><\/figure>\n<p><strong>&#8211; Ce vol au-dessus des pyramides \u00e9tait celui de la renaissance ?<\/strong><br \/>\n<strong>&#8211;<\/strong> C&rsquo;\u00e9tait en effet vraiment particulier de <strong>voler<\/strong> au-dessus des <strong>pyramides<\/strong>. D&rsquo;abord parce que c&rsquo;\u00e9tait un vieux r\u00eave, n\u00e9 de notre travers\u00e9e du continent africain en 2012. \u00c0 l&rsquo;\u00e9poque, il \u00e9tait impossible d&rsquo;obtenir les autorisations n\u00e9cessaires. Ensuite, ce furent des moments charg\u00e9s en \u00e9motions parce qu&rsquo;il y avait un petit c\u00f4t\u00e9 retour aux affaires qu&rsquo;on ne pensait pas fait dans de telles circonstances et conditions. Je trouvais important de continuer \u00e0 r\u00e9aliser des r\u00eaves. Finalement, c&rsquo;est ton moteur quand tu es dans un creux de la vague, \u00e0 l&rsquo;h\u00f4pital : avoir un objectif, avoir un r\u00eave, avoir quelque chose pour lequel se r\u00e9veiller le matin. \u00c7a m&rsquo;a permis de traverser toute cette \u00e9preuve. J&rsquo;avais cette envie de faire quelque chose d&rsquo;assez visuel. Certains projets <strong>parapentes<\/strong> sont nettement plus techniques qu&rsquo;un survol des pyramides. On les fait parce que ce sont des montagnes, parce que c&rsquo;est le K2, parce que ce sont les Himalayas, parce que \u00e7a nous passionne, parce que ce sont des vols tr\u00e8s techniques. L\u00e0, je savais que j&rsquo;avais envie de partir sur quelque chose de plus visuel. Les <strong>pyramides<\/strong> ont quelque chose d&rsquo;universel. Quand les gens voient survoler les pyramides, c&rsquo;est quelque chose de vraiment exceptionnel. Techniquement, ce n&rsquo;est pas ultra compliqu\u00e9, mais c&rsquo;est exceptionnel parce qu&rsquo;on a ce sentiment d&rsquo;exclusivit\u00e9 ultime, de pouvoir les voir du ciel. Tu as l&rsquo;impression m\u00eame qu&rsquo;elles ont \u00e9t\u00e9 construites pour \u00eatre vues du ciel, tellement elles sont sym\u00e9triques, align\u00e9es et massives. C&rsquo;\u00e9tait vraiment exceptionnel de pouvoir y aller. En plus, on a eu l&rsquo;autorisation de les survoler la nuit avec un \u00e9clairage. On a fait des images de nuit avec les voiles \u00e9clair\u00e9es. On a fait des vols de nuit, des vols au lever du soleil \u00e0 <strong>Gizeh<\/strong> et dans la <strong>vall\u00e9e des rois<\/strong>, \u00e0 <strong>Louxor<\/strong>. C&rsquo;\u00e9tait juste exceptionnel.<\/p>\n<figure id=\"attachment_13343\" aria-describedby=\"caption-attachment-13343\" style=\"width: 1616px\" class=\"wp-caption alignnone\"><img loading=\"lazy\" decoding=\"async\" class=\"size-full wp-image-13343\" src=\"https:\/\/www.forbes.be\/fr\/wp-content\/uploads\/2025\/11\/dsc4083.jpg\" alt=\"\" width=\"1616\" height=\"1080\" srcset=\"https:\/\/www.forbes.be\/fr\/wp-content\/uploads\/2025\/11\/dsc4083.jpg 1616w, https:\/\/www.forbes.be\/fr\/wp-content\/uploads\/2025\/11\/dsc4083-300x200.jpg 300w, https:\/\/www.forbes.be\/fr\/wp-content\/uploads\/2025\/11\/dsc4083-1024x684.jpg 1024w, https:\/\/www.forbes.be\/fr\/wp-content\/uploads\/2025\/11\/dsc4083-768x513.jpg 768w, https:\/\/www.forbes.be\/fr\/wp-content\/uploads\/2025\/11\/dsc4083-1536x1027.jpg 1536w, https:\/\/www.forbes.be\/fr\/wp-content\/uploads\/2025\/11\/dsc4083-696x465.jpg 696w, https:\/\/www.forbes.be\/fr\/wp-content\/uploads\/2025\/11\/dsc4083-1068x714.jpg 1068w, https:\/\/www.forbes.be\/fr\/wp-content\/uploads\/2025\/11\/dsc4083-600x401.jpg 600w\" sizes=\"auto, (max-width: 1616px) 100vw, 1616px\" \/><figcaption id=\"caption-attachment-13343\" class=\"wp-caption-text\">\u00a9 Tom de Dorlodot\/SEARCH Projects<\/figcaption><\/figure>\n<p><strong>&#8211; Cet accident vous am\u00e8ne-t-il \u00e0 r\u00e9fl\u00e9chir aux risques que vous prenez ?<\/strong><br \/>\n<strong>&#8211;<\/strong> Malheureusement, dans les sports dits extr\u00eames ou les sports \u00e0 risque, il y a des fractures, des mains cass\u00e9es, des vert\u00e8bres bris\u00e9es. \u00c7a fait un peu partie de nos vies d&rsquo;aventuriers. Maintenant, ce qui m&rsquo;est arriv\u00e9 tient plus de l&rsquo;erreur m\u00e9dicale <em>(avoir install\u00e9 du mat\u00e9riel chirurgical en pr\u00e9sence d&rsquo;une infection, ndlr)<\/em> que d&rsquo;un accident de <strong>parapente<\/strong>. Je me suis toujours dit que si un jour je me blessais vraiment gravement, ce serait en <strong>parapente<\/strong>. L\u00e0, c&rsquo;\u00e9tait un accident de <em>snowkite<\/em> avec un instructeur dans le cadre d&rsquo;un apprentissage avec un professionnel. Je n&rsquo;ai rien fait d&rsquo;inutilement dangereux. Cela dit, cette m\u00e9saventure m&rsquo;a beaucoup fait r\u00e9fl\u00e9chir. On a trop tendance \u00e0 prendre pour acquis d&rsquo;avoir un corps qui fonctionne, d&rsquo;\u00eatre en bonne sant\u00e9. La r\u00e9alit\u00e9, c&rsquo;est qu&rsquo;on a un capital sant\u00e9 et qu&rsquo;on peut se blesser, on peut tomber malade, on peut avoir un coup dur. Avant que \u00e7a nous arrive, on pense avoir mille probl\u00e8mes. Quand \u00e7a nous arrive, on n&rsquo;a plus qu&rsquo;un seul probl\u00e8me. \u00c7a permet un bon <em>reset<\/em>. \u00c7a permet de revoir les choses plus clairement et de se dire : o\u00f9 sont mes priorit\u00e9s ? Qu&rsquo;est-ce qui me semble important ? Qu&rsquo;est-ce qui me semble maintenant futile ? \u00c7a permet de revoir tout \u00e7a et \u00e7a fait beaucoup de bien. J&rsquo;ai eu une discussion avec un coach sportif r\u00e9cemment. Il me disait que j&rsquo;ai des talents et qu&rsquo;il faut me concentrer sur ceux-ci. \u00ab\u00a0Pourquoi es-tu parti faire du snowkite ? Ce n&rsquo;est pas ton sport, toi tu es un parapentiste\u00a0\u00bb m&rsquo;a-t-il dit. \u00c7a a r\u00e9veill\u00e9 en moi l&rsquo;importance de me focaliser sur ce que j&rsquo;aime le plus et ce que je fais le mieux. Apr\u00e8s, c&rsquo;est s\u00fbr que le snowkite, c&rsquo;est un truc qui me passionne. Je pense que j&rsquo;y retournerai, je recommencerai, mais je ferai les choses tranquillement et sereinement. Mais il y a une envie certaine \u2014 je viens d&rsquo;avoir 40 ans aussi \u2014 de me focaliser sur ce qui me semble vraiment important, d&rsquo;optimiser mon temps, chaque journ\u00e9e, de profiter de chaque moment dans la nature, de chaque exp\u00e9dition, de chaque projet, et d&rsquo;apprendre petit \u00e0 petit \u00e0 dire non \u00e0 certains projets. J&rsquo;ai toujours embrass\u00e9 tout ce qui passait, en me disant que c&rsquo;\u00e9tait l&rsquo;occasion d&rsquo;apprendre un nouveau truc. La curiosit\u00e9, c&rsquo;est tr\u00e8s int\u00e9ressant, mais c&rsquo;est parfois un peu intense, et puis tu te perds un peu en chemin. L\u00e0, j&rsquo;ai vraiment envie de me focaliser sur ce que je fais de mieux : le <strong>parapente<\/strong>, la voile, l&rsquo;aventure. Mais peut-\u00eatre revenir un peu \u00e0 mon essentiel. \u00c7a, pour moi, \u00e7a devient vraiment important.<\/p>\n<p><center><iframe loading=\"lazy\" style=\"border: none; overflow: hidden;\" src=\"https:\/\/www.facebook.com\/plugins\/video.php?height=476&amp;href=https%3A%2F%2Fwww.facebook.com%2Freel%2F1977548209706839%2F&amp;show_text=true&amp;width=267&amp;t=0\" width=\"267\" height=\"591\" frameborder=\"0\" scrolling=\"no\" allowfullscreen=\"allowfullscreen\"><\/iframe><\/center>&nbsp;<\/p>\n<p><strong>&#8211; Comment votre famille a-t-elle v\u00e9cu cette p\u00e9riode ?<\/strong><br \/>\n<strong>&#8211;<\/strong> Le probl\u00e8me du <strong>parapente<\/strong> et de tous ces sports un peu plus dangereux, c&rsquo;est que tu n&rsquo;es jamais \u00e0 l&rsquo;abri d&rsquo;un coup dur, d&rsquo;un petit accident, d&rsquo;une petite erreur, d&rsquo;une d\u00e9faillance technique. Quand tu te lances dans un vol en <strong>parapente<\/strong>, tu sais que potentiellement la m\u00e9t\u00e9o peut changer tr\u00e8s vite. Tu sais qu&rsquo;il y a un risque. Il ne faut pas se voiler la face : ce sont des sports dangereux. Soit tu l&rsquo;acceptes et tu te dis qu&rsquo;on y va, qu&rsquo;on fait tout ce qu&rsquo;on peut pour \u00e9viter de se blesser, mais qu&rsquo;on sait qu&rsquo;il y a un risque de se faire peur. On esp\u00e8re que notre niveau va nous permettre de r\u00e9agir en cas de probl\u00e8me, mais on l&rsquo;accepte. L\u00e0, il faut le soutien de la famille. Sofia accepte ce risque depuis toujours. Elle sait que quand je suis en <strong>exp\u00e9dition<\/strong>, elle doit un peu croiser les doigts pour que \u00e7a se passe bien. En g\u00e9n\u00e9ral, il n&rsquo;y a pas de probl\u00e8me. Depuis que j&rsquo;ai des enfants, je ne m&rsquo;\u00e9tais plus bless\u00e9. Je n&rsquo;\u00e9tais m\u00eame pas pass\u00e9 proche d&rsquo;un <strong>accident<\/strong>. Pourtant, j&rsquo;ai fait des <strong>exp\u00e9ditions<\/strong> assez ambitieuses, mais on a toujours \u00e9t\u00e9 tr\u00e8s prudents. Sofia a \u00e9t\u00e9 exceptionnelle. C&rsquo;est clairement un combat qu&rsquo;on a men\u00e9 \u00e0 deux. L\u00e0, j&rsquo;arrive \u00e0 une phase o\u00f9 j&rsquo;aimerais pouvoir faire moins de projets, mais mieux, \u00eatre plus souvent \u00e0 la maison, prendre un peu plus le relais sur les enfants pour que Sofia aussi puisse d\u00e9velopper ses <strong>projets entrepreneuriaux<\/strong>. On a tous les deux envie de continuer \u00e0 avancer et de faire les choses plus intelligemment. Tous ces <strong>accidents<\/strong>, \u00e7a part toujours d&rsquo;une erreur humaine. Le jour o\u00f9 je me suis fractur\u00e9 la jambe, j&rsquo;avais un mauvais pressentiment, j&rsquo;avais une sorte d&rsquo;intuition, je le sentais venir. J&rsquo;aurais d\u00fb \u00e9couter cette petite voix. Je me suis dit que \u00e7a allait, que j&rsquo;\u00e9tais avec un instructeur, que c&rsquo;\u00e9tait un professionnel. J&rsquo;ai essay\u00e9 de faire taire la petite voix dans ma t\u00eate, mais en fait, je l&rsquo;ai vu venir. Donc il faut juste que je sois plus humble \u00e0 ce niveau-l\u00e0 et plus r\u00e9fl\u00e9chi, et que je sois pr\u00eat \u00e0 mettre les choses de c\u00f4t\u00e9. La famille a \u00e9t\u00e9 formidable. Par contre, ce fut long. Mes enfants ont 6 et 4 ans. Leur souvenir d&rsquo;un papa en pleine possession de ses moyens est un peu vague. Ils ne se souviennent pas de la fois o\u00f9 je savais bien marcher. C&rsquo;est un peu dur pour moi. J&rsquo;aimerais vraiment \u00eatre le papa super actif qui court dans tous les sens. J&rsquo;aimerais vraiment revenir \u00e0 mon potentiel \u00e0 100 pour cent pour pouvoir \u00eatre vraiment l\u00e0 pour eux.<\/p>\n<figure id=\"attachment_13347\" aria-describedby=\"caption-attachment-13347\" style=\"width: 1920px\" class=\"wp-caption alignnone\"><img loading=\"lazy\" decoding=\"async\" class=\"size-full wp-image-13347\" src=\"https:\/\/www.forbes.be\/fr\/wp-content\/uploads\/2025\/11\/photo-13-10-2025-08-48-10-scaled.jpg\" alt=\"\" width=\"1920\" height=\"2560\" srcset=\"https:\/\/www.forbes.be\/fr\/wp-content\/uploads\/2025\/11\/photo-13-10-2025-08-48-10-scaled.jpg 1920w, https:\/\/www.forbes.be\/fr\/wp-content\/uploads\/2025\/11\/photo-13-10-2025-08-48-10-225x300.jpg 225w, https:\/\/www.forbes.be\/fr\/wp-content\/uploads\/2025\/11\/photo-13-10-2025-08-48-10-768x1024.jpg 768w, https:\/\/www.forbes.be\/fr\/wp-content\/uploads\/2025\/11\/photo-13-10-2025-08-48-10-1152x1536.jpg 1152w, https:\/\/www.forbes.be\/fr\/wp-content\/uploads\/2025\/11\/photo-13-10-2025-08-48-10-1536x2048.jpg 1536w, https:\/\/www.forbes.be\/fr\/wp-content\/uploads\/2025\/11\/photo-13-10-2025-08-48-10-696x928.jpg 696w, https:\/\/www.forbes.be\/fr\/wp-content\/uploads\/2025\/11\/photo-13-10-2025-08-48-10-1068x1424.jpg 1068w, https:\/\/www.forbes.be\/fr\/wp-content\/uploads\/2025\/11\/photo-13-10-2025-08-48-10-600x800.jpg 600w\" sizes=\"auto, (max-width: 1920px) 100vw, 1920px\" \/><figcaption id=\"caption-attachment-13347\" class=\"wp-caption-text\">\u00a9 Tom de Dorlodot\/SEARCH Projects<\/figcaption><\/figure>\n<p><strong>&#8211; Concr\u00e8tement, quelles seront les prochaines aventures ?<\/strong><br \/>\n<strong>&#8211;<\/strong> On a plusieurs gros projets. Par exemple, on a achet\u00e9 un voilier avec trois amis. \u00c7a sera un tr\u00e8s bel outil pour partir en exp\u00e9dition, pour faire de beaux projets, pour potentiellement aller loin : aller faire le passage du Nord-Ouest ou aller en Patagonie, peut-\u00eatre m\u00eame pousser jusqu&rsquo;en Antarctique. On a un projet de travers\u00e9e de la G\u00e9orgie et l&rsquo;Azerba\u00efdjan \u00e0 pied et en <strong>parapente<\/strong>. On a aussi un projet de travers\u00e9e de la Nouvelle-Z\u00e9lande, de l&rsquo;\u00eele du Sud, aussi \u00e0 pied et en <strong>parapente<\/strong>. J&rsquo;aimerais retourner sur les Pyr\u00e9n\u00e9es et les Alpes dans une double travers\u00e9e : encha\u00eener toutes les Pyr\u00e9n\u00e9es et puis monter dans les Alpes. En partant de la maison en voilier depuis les A\u00e7ores, arriver au phare d&rsquo;Endarribia en Espagne c\u00f4t\u00e9 Atlantique, traverser tout jusqu&rsquo;\u00e0 la M\u00e9diterran\u00e9e, puis de la M\u00e9diterran\u00e9e monter dans un petit catamaran, aller jusqu&rsquo;\u00e0 Monaco, reprendre les Alpes et encha\u00eener toutes les Alpes. C&rsquo;est un projet un peu ambitieux, c&rsquo;est tr\u00e8s long, mais \u00e7a n&rsquo;a jamais \u00e9t\u00e9 fait. \u00c7a pourrait \u00eatre une sorte de projet de comeback pour moi. On a plein d&rsquo;id\u00e9es de vols dans des endroits exceptionnels. On a des rep\u00e9rages un peu partout dans le monde ces prochains mois. Il y a vraiment des choses sur le feu. L\u00e0, je pars en Namibie cet hiver. Il y a quelques chouettes choses qui se dessinent. \u00c7a va \u00eatre sympa. Jean Le Cam a fait le Vend\u00e9e Globe \u00e0 65 ans. C&rsquo;est un truc que je peux pousser assez loin, assez longtemps, peut-\u00eatre avec l&rsquo;id\u00e9e de devenir le <em>Captain Tom<\/em> et puis d&#8217;emmener d&rsquo;autres <strong>athl\u00e8tes<\/strong> \u00e0 bord pour r\u00e9aliser leurs r\u00eaves et les aider \u00e0 d\u00e9velopper leurs projets. Je pense que \u00e7a ne doit plus \u00eatre uniquement \u00e0 propos de moi. Maintenant, j&rsquo;ai des enfants. J&rsquo;ai envie de faire profiter de mon exp\u00e9rience la g\u00e9n\u00e9ration qui arrive. Je le ferai avec grand plaisir. Et puis \u00e0 c\u00f4t\u00e9, il y a vraiment le projet familial aux A\u00e7ores. On s&rsquo;est construit une petite maison. On a notre potager, notre verger, nos poules. Je vais p\u00eacher mon poisson au harpon. C&rsquo;est cette deuxi\u00e8me vie, qui est une vie un peu d\u00e9connect\u00e9e du monde, en pleine nature, que j&rsquo;adore et dans laquelle j&rsquo;aimerais vraiment passer plus de temps aussi.<\/p>\n","protected":false},"excerpt":{"rendered":"<p>Apr\u00e8s dix-huit mois jalonn\u00e9s de neuf op\u00e9rations et l&rsquo;\u00e9vocation d&rsquo;une amputation, le parapentiste belge Thomas de Dorlodot a repris les airs au-dessus des pyramides d&rsquo;\u00c9gypte. Une renaissance tant symbolique que professionnelle pour cet athl\u00e8te et entrepreneur qui r\u00e9invente d\u00e9sormais l&rsquo;\u00e9quilibre entre ses exp\u00e9ditions, sa famille et la diversification de ses revenus. N\u00e9 le 20 juin [&hellip;]<\/p>\n","protected":false},"author":47,"featured_media":13348,"comment_status":"closed","ping_status":"closed","sticky":false,"template":"","format":"standard","meta":{"_acf_changed":false,"inline_featured_image":false,"footnotes":""},"categories":[19,28],"tags":[],"class_list":{"0":"post-13340","1":"post","2":"type-post","3":"status-publish","4":"format-standard","5":"has-post-thumbnail","7":"category-entrepreneurs","8":"category-sports"},"acf":[],"_yoast_wpseo_title":null,"_yoast_wpseo_metadesc":"Apr\u00e8s neuf op\u00e9rations et l'\u00e9vocation d'une amputation, le parapentiste belge Thomas de Dorlodot reprend les airs au-dessus des pyramides. Interview sur Forbes.be.","auteur_traducteur":"","yoast_head":"<!-- This site is optimized with the Yoast SEO plugin v27.4 - https:\/\/yoast.com\/product\/yoast-seo-wordpress\/ -->\n<title>Thomas de Dorlodot : rena\u00eetre au-dessus des pyramides | Forbes Belgique<\/title>\n<meta name=\"description\" content=\"Apr\u00e8s neuf op\u00e9rations et l&#039;\u00e9vocation d&#039;une amputation, le parapentiste belge Thomas de Dorlodot reprend les airs au-dessus des pyramides. Interview sur Forbes.be.\" \/>\n<meta name=\"robots\" content=\"index, follow, max-snippet:-1, max-image-preview:large, max-video-preview:-1\" \/>\n<link rel=\"canonical\" href=\"https:\/\/www.forbes.be\/fr\/thomas-de-dorlodot-renaitre-au-dessus-des-pyramides\/\" \/>\n<meta property=\"og:locale\" content=\"fr_FR\" \/>\n<meta property=\"og:type\" content=\"article\" \/>\n<meta property=\"og:title\" content=\"Thomas de Dorlodot : rena\u00eetre au-dessus des pyramides | Forbes Belgique\" \/>\n<meta property=\"og:description\" content=\"Apr\u00e8s neuf op\u00e9rations et l&#039;\u00e9vocation d&#039;une amputation, le parapentiste belge Thomas de Dorlodot reprend les airs au-dessus des pyramides. Interview sur Forbes.be.\" \/>\n<meta property=\"og:url\" content=\"https:\/\/www.forbes.be\/fr\/thomas-de-dorlodot-renaitre-au-dessus-des-pyramides\/\" \/>\n<meta property=\"og:site_name\" content=\"Forbes Belgique\" \/>\n<meta property=\"article:publisher\" content=\"https:\/\/www.facebook.com\/forbesbelgique\/\" \/>\n<meta property=\"article:published_time\" content=\"2025-11-06T06:17:39+00:00\" \/>\n<meta property=\"og:image\" content=\"https:\/\/www.forbes.be\/fr\/wp-content\/uploads\/2025\/11\/photo-13-10-2025-09-58-18-1-scaled-e1762334702472.jpg\" \/>\n\t<meta property=\"og:image:width\" content=\"2560\" \/>\n\t<meta property=\"og:image:height\" content=\"1340\" \/>\n\t<meta property=\"og:image:type\" content=\"image\/jpeg\" \/>\n<meta name=\"author\" content=\"Martin Boonen\" \/>\n<meta name=\"twitter:card\" content=\"summary_large_image\" \/>\n<meta name=\"twitter:label1\" content=\"\u00c9crit par\" \/>\n\t<meta name=\"twitter:data1\" content=\"Martin Boonen\" \/>\n\t<meta name=\"twitter:label2\" content=\"Dur\u00e9e de lecture estim\u00e9e\" \/>\n\t<meta name=\"twitter:data2\" content=\"19 minutes\" \/>\n<script type=\"application\/ld+json\" class=\"yoast-schema-graph\">{\"@context\":\"https:\\\/\\\/schema.org\",\"@graph\":[{\"@type\":\"NewsArticle\",\"@id\":\"https:\\\/\\\/www.forbes.be\\\/fr\\\/thomas-de-dorlodot-renaitre-au-dessus-des-pyramides\\\/#article\",\"isPartOf\":{\"@id\":\"https:\\\/\\\/www.forbes.be\\\/fr\\\/thomas-de-dorlodot-renaitre-au-dessus-des-pyramides\\\/\"},\"author\":{\"name\":\"Martin Boonen\",\"@id\":\"https:\\\/\\\/www.forbes.be\\\/fr\\\/#\\\/schema\\\/person\\\/5e9af5383f8e0ffec564788f40ac92c8\"},\"headline\":\"Thomas de Dorlodot : rena\u00eetre au-dessus des pyramides\",\"datePublished\":\"2025-11-06T06:17:39+00:00\",\"mainEntityOfPage\":{\"@id\":\"https:\\\/\\\/www.forbes.be\\\/fr\\\/thomas-de-dorlodot-renaitre-au-dessus-des-pyramides\\\/\"},\"wordCount\":3687,\"publisher\":{\"@id\":\"https:\\\/\\\/www.forbes.be\\\/fr\\\/#organization\"},\"image\":{\"@id\":\"https:\\\/\\\/www.forbes.be\\\/fr\\\/thomas-de-dorlodot-renaitre-au-dessus-des-pyramides\\\/#primaryimage\"},\"thumbnailUrl\":\"https:\\\/\\\/www.forbes.be\\\/fr\\\/wp-content\\\/uploads\\\/2025\\\/11\\\/photo-13-10-2025-09-58-18-1-scaled-e1762334702472.jpg\",\"articleSection\":[\"Entrepreneurs\",\"Sports\"],\"inLanguage\":\"fr-FR\"},{\"@type\":\"WebPage\",\"@id\":\"https:\\\/\\\/www.forbes.be\\\/fr\\\/thomas-de-dorlodot-renaitre-au-dessus-des-pyramides\\\/\",\"url\":\"https:\\\/\\\/www.forbes.be\\\/fr\\\/thomas-de-dorlodot-renaitre-au-dessus-des-pyramides\\\/\",\"name\":\"Thomas de Dorlodot : rena\u00eetre au-dessus des pyramides | Forbes Belgique\",\"isPartOf\":{\"@id\":\"https:\\\/\\\/www.forbes.be\\\/fr\\\/#website\"},\"primaryImageOfPage\":{\"@id\":\"https:\\\/\\\/www.forbes.be\\\/fr\\\/thomas-de-dorlodot-renaitre-au-dessus-des-pyramides\\\/#primaryimage\"},\"image\":{\"@id\":\"https:\\\/\\\/www.forbes.be\\\/fr\\\/thomas-de-dorlodot-renaitre-au-dessus-des-pyramides\\\/#primaryimage\"},\"thumbnailUrl\":\"https:\\\/\\\/www.forbes.be\\\/fr\\\/wp-content\\\/uploads\\\/2025\\\/11\\\/photo-13-10-2025-09-58-18-1-scaled-e1762334702472.jpg\",\"datePublished\":\"2025-11-06T06:17:39+00:00\",\"description\":\"Apr\u00e8s neuf op\u00e9rations et l'\u00e9vocation d'une amputation, le parapentiste belge Thomas de Dorlodot reprend les airs au-dessus des pyramides. Interview sur Forbes.be.\",\"breadcrumb\":{\"@id\":\"https:\\\/\\\/www.forbes.be\\\/fr\\\/thomas-de-dorlodot-renaitre-au-dessus-des-pyramides\\\/#breadcrumb\"},\"inLanguage\":\"fr-FR\",\"potentialAction\":[{\"@type\":\"ReadAction\",\"target\":[\"https:\\\/\\\/www.forbes.be\\\/fr\\\/thomas-de-dorlodot-renaitre-au-dessus-des-pyramides\\\/\"]}]},{\"@type\":\"ImageObject\",\"inLanguage\":\"fr-FR\",\"@id\":\"https:\\\/\\\/www.forbes.be\\\/fr\\\/thomas-de-dorlodot-renaitre-au-dessus-des-pyramides\\\/#primaryimage\",\"url\":\"https:\\\/\\\/www.forbes.be\\\/fr\\\/wp-content\\\/uploads\\\/2025\\\/11\\\/photo-13-10-2025-09-58-18-1-scaled-e1762334702472.jpg\",\"contentUrl\":\"https:\\\/\\\/www.forbes.be\\\/fr\\\/wp-content\\\/uploads\\\/2025\\\/11\\\/photo-13-10-2025-09-58-18-1-scaled-e1762334702472.jpg\",\"width\":2560,\"height\":1340,\"caption\":\"\u00a9 Tom de Dorlodot\\\/SEARCH Projects\"},{\"@type\":\"BreadcrumbList\",\"@id\":\"https:\\\/\\\/www.forbes.be\\\/fr\\\/thomas-de-dorlodot-renaitre-au-dessus-des-pyramides\\\/#breadcrumb\",\"itemListElement\":[{\"@type\":\"ListItem\",\"position\":1,\"name\":\"Accueil\",\"item\":\"https:\\\/\\\/www.forbes.be\\\/fr\\\/\"},{\"@type\":\"ListItem\",\"position\":2,\"name\":\"Thomas de Dorlodot : rena\u00eetre au-dessus des pyramides\"}]},{\"@type\":\"WebSite\",\"@id\":\"https:\\\/\\\/www.forbes.be\\\/fr\\\/#website\",\"url\":\"https:\\\/\\\/www.forbes.be\\\/fr\\\/\",\"name\":\"Forbes Belgique\",\"description\":\"\",\"publisher\":{\"@id\":\"https:\\\/\\\/www.forbes.be\\\/fr\\\/#organization\"},\"potentialAction\":[{\"@type\":\"SearchAction\",\"target\":{\"@type\":\"EntryPoint\",\"urlTemplate\":\"https:\\\/\\\/www.forbes.be\\\/fr\\\/?s={search_term_string}\"},\"query-input\":{\"@type\":\"PropertyValueSpecification\",\"valueRequired\":true,\"valueName\":\"search_term_string\"}}],\"inLanguage\":\"fr-FR\"},{\"@type\":\"Organization\",\"@id\":\"https:\\\/\\\/www.forbes.be\\\/fr\\\/#organization\",\"name\":\"Forbes Belgique\",\"url\":\"https:\\\/\\\/www.forbes.be\\\/fr\\\/\",\"logo\":{\"@type\":\"ImageObject\",\"inLanguage\":\"fr-FR\",\"@id\":\"https:\\\/\\\/www.forbes.be\\\/fr\\\/#\\\/schema\\\/logo\\\/image\\\/\",\"url\":\"https:\\\/\\\/www.forbes.be\\\/fr\\\/wp-content\\\/uploads\\\/2024\\\/02\\\/forbes.be_.png\",\"contentUrl\":\"https:\\\/\\\/www.forbes.be\\\/fr\\\/wp-content\\\/uploads\\\/2024\\\/02\\\/forbes.be_.png\",\"width\":1200,\"height\":675,\"caption\":\"Forbes Belgique\"},\"image\":{\"@id\":\"https:\\\/\\\/www.forbes.be\\\/fr\\\/#\\\/schema\\\/logo\\\/image\\\/\"},\"sameAs\":[\"https:\\\/\\\/www.facebook.com\\\/forbesbelgique\\\/\",\"https:\\\/\\\/www.instagram.com\\\/Forbes_Belgium\",\"https:\\\/\\\/www.linkedin.com\\\/company\\\/forbes-belgium\\\/\"]},{\"@type\":\"Person\",\"@id\":\"https:\\\/\\\/www.forbes.be\\\/fr\\\/#\\\/schema\\\/person\\\/5e9af5383f8e0ffec564788f40ac92c8\",\"name\":\"Martin Boonen\",\"image\":{\"@type\":\"ImageObject\",\"inLanguage\":\"fr-FR\",\"@id\":\"https:\\\/\\\/www.forbes.be\\\/fr\\\/wp-content\\\/uploads\\\/2025\\\/10\\\/capture-decran-2024-11-15-a-093849-300x300-1-100x100.png\",\"url\":\"https:\\\/\\\/www.forbes.be\\\/fr\\\/wp-content\\\/uploads\\\/2025\\\/10\\\/capture-decran-2024-11-15-a-093849-300x300-1-100x100.png\",\"contentUrl\":\"https:\\\/\\\/www.forbes.be\\\/fr\\\/wp-content\\\/uploads\\\/2025\\\/10\\\/capture-decran-2024-11-15-a-093849-300x300-1-100x100.png\",\"caption\":\"Martin Boonen\"},\"description\":\"Martin Boonen est journaliste dipl\u00f4m\u00e9 de l'Institut de Journalisme de Bruxelles (2012). Il collabor\u00e9 avec de nombreuses r\u00e9dactions \u00e0 diff\u00e9rent niveau de responsabilit\u00e9 : journaliste, chef de rubrique, secr\u00e9taire de r\u00e9daction et r\u00e9dacteur en chef, tant sur le web que pour la presse imprim\u00e9e. Sp\u00e9cialis\u00e9 dans les startups et l'entrepreneuriat \u00e0 impact, il est devenu en 2025 r\u00e9dacteur en chef du site web de Forbes Belgique. Il est affili\u00e9 \u00e0 l'Organisation Mondiale de la Presse P\u00e9riodique depuis 2011.\",\"sameAs\":[\"https:\\\/\\\/www.linkedin.com\\\/in\\\/martin-boonen-61499951\\\/\"],\"url\":\"https:\\\/\\\/www.forbes.be\\\/fr\\\/author\\\/martin-boonen\\\/\"}]}<\/script>\n<!-- \/ Yoast SEO plugin. -->","yoast_head_json":{"title":"Thomas de Dorlodot : rena\u00eetre au-dessus des pyramides | Forbes Belgique","description":"Apr\u00e8s neuf op\u00e9rations et l'\u00e9vocation d'une amputation, le parapentiste belge Thomas de Dorlodot reprend les airs au-dessus des pyramides. Interview sur Forbes.be.","robots":{"index":"index","follow":"follow","max-snippet":"max-snippet:-1","max-image-preview":"max-image-preview:large","max-video-preview":"max-video-preview:-1"},"canonical":"https:\/\/www.forbes.be\/fr\/thomas-de-dorlodot-renaitre-au-dessus-des-pyramides\/","og_locale":"fr_FR","og_type":"article","og_title":"Thomas de Dorlodot : rena\u00eetre au-dessus des pyramides | Forbes Belgique","og_description":"Apr\u00e8s neuf op\u00e9rations et l'\u00e9vocation d'une amputation, le parapentiste belge Thomas de Dorlodot reprend les airs au-dessus des pyramides. Interview sur Forbes.be.","og_url":"https:\/\/www.forbes.be\/fr\/thomas-de-dorlodot-renaitre-au-dessus-des-pyramides\/","og_site_name":"Forbes Belgique","article_publisher":"https:\/\/www.facebook.com\/forbesbelgique\/","article_published_time":"2025-11-06T06:17:39+00:00","og_image":[{"width":2560,"height":1340,"url":"https:\/\/www.forbes.be\/fr\/wp-content\/uploads\/2025\/11\/photo-13-10-2025-09-58-18-1-scaled-e1762334702472.jpg","type":"image\/jpeg"}],"author":"Martin Boonen","twitter_card":"summary_large_image","twitter_misc":{"\u00c9crit par":"Martin Boonen","Dur\u00e9e de lecture estim\u00e9e":"19 minutes"},"schema":{"@context":"https:\/\/schema.org","@graph":[{"@type":"NewsArticle","@id":"https:\/\/www.forbes.be\/fr\/thomas-de-dorlodot-renaitre-au-dessus-des-pyramides\/#article","isPartOf":{"@id":"https:\/\/www.forbes.be\/fr\/thomas-de-dorlodot-renaitre-au-dessus-des-pyramides\/"},"author":{"name":"Martin Boonen","@id":"https:\/\/www.forbes.be\/fr\/#\/schema\/person\/5e9af5383f8e0ffec564788f40ac92c8"},"headline":"Thomas de Dorlodot : rena\u00eetre au-dessus des pyramides","datePublished":"2025-11-06T06:17:39+00:00","mainEntityOfPage":{"@id":"https:\/\/www.forbes.be\/fr\/thomas-de-dorlodot-renaitre-au-dessus-des-pyramides\/"},"wordCount":3687,"publisher":{"@id":"https:\/\/www.forbes.be\/fr\/#organization"},"image":{"@id":"https:\/\/www.forbes.be\/fr\/thomas-de-dorlodot-renaitre-au-dessus-des-pyramides\/#primaryimage"},"thumbnailUrl":"https:\/\/www.forbes.be\/fr\/wp-content\/uploads\/2025\/11\/photo-13-10-2025-09-58-18-1-scaled-e1762334702472.jpg","articleSection":["Entrepreneurs","Sports"],"inLanguage":"fr-FR"},{"@type":"WebPage","@id":"https:\/\/www.forbes.be\/fr\/thomas-de-dorlodot-renaitre-au-dessus-des-pyramides\/","url":"https:\/\/www.forbes.be\/fr\/thomas-de-dorlodot-renaitre-au-dessus-des-pyramides\/","name":"Thomas de Dorlodot : rena\u00eetre au-dessus des pyramides | Forbes Belgique","isPartOf":{"@id":"https:\/\/www.forbes.be\/fr\/#website"},"primaryImageOfPage":{"@id":"https:\/\/www.forbes.be\/fr\/thomas-de-dorlodot-renaitre-au-dessus-des-pyramides\/#primaryimage"},"image":{"@id":"https:\/\/www.forbes.be\/fr\/thomas-de-dorlodot-renaitre-au-dessus-des-pyramides\/#primaryimage"},"thumbnailUrl":"https:\/\/www.forbes.be\/fr\/wp-content\/uploads\/2025\/11\/photo-13-10-2025-09-58-18-1-scaled-e1762334702472.jpg","datePublished":"2025-11-06T06:17:39+00:00","description":"Apr\u00e8s neuf op\u00e9rations et l'\u00e9vocation d'une amputation, le parapentiste belge Thomas de Dorlodot reprend les airs au-dessus des pyramides. Interview sur Forbes.be.","breadcrumb":{"@id":"https:\/\/www.forbes.be\/fr\/thomas-de-dorlodot-renaitre-au-dessus-des-pyramides\/#breadcrumb"},"inLanguage":"fr-FR","potentialAction":[{"@type":"ReadAction","target":["https:\/\/www.forbes.be\/fr\/thomas-de-dorlodot-renaitre-au-dessus-des-pyramides\/"]}]},{"@type":"ImageObject","inLanguage":"fr-FR","@id":"https:\/\/www.forbes.be\/fr\/thomas-de-dorlodot-renaitre-au-dessus-des-pyramides\/#primaryimage","url":"https:\/\/www.forbes.be\/fr\/wp-content\/uploads\/2025\/11\/photo-13-10-2025-09-58-18-1-scaled-e1762334702472.jpg","contentUrl":"https:\/\/www.forbes.be\/fr\/wp-content\/uploads\/2025\/11\/photo-13-10-2025-09-58-18-1-scaled-e1762334702472.jpg","width":2560,"height":1340,"caption":"\u00a9 Tom de Dorlodot\/SEARCH Projects"},{"@type":"BreadcrumbList","@id":"https:\/\/www.forbes.be\/fr\/thomas-de-dorlodot-renaitre-au-dessus-des-pyramides\/#breadcrumb","itemListElement":[{"@type":"ListItem","position":1,"name":"Accueil","item":"https:\/\/www.forbes.be\/fr\/"},{"@type":"ListItem","position":2,"name":"Thomas de Dorlodot : rena\u00eetre au-dessus des pyramides"}]},{"@type":"WebSite","@id":"https:\/\/www.forbes.be\/fr\/#website","url":"https:\/\/www.forbes.be\/fr\/","name":"Forbes Belgique","description":"","publisher":{"@id":"https:\/\/www.forbes.be\/fr\/#organization"},"potentialAction":[{"@type":"SearchAction","target":{"@type":"EntryPoint","urlTemplate":"https:\/\/www.forbes.be\/fr\/?s={search_term_string}"},"query-input":{"@type":"PropertyValueSpecification","valueRequired":true,"valueName":"search_term_string"}}],"inLanguage":"fr-FR"},{"@type":"Organization","@id":"https:\/\/www.forbes.be\/fr\/#organization","name":"Forbes Belgique","url":"https:\/\/www.forbes.be\/fr\/","logo":{"@type":"ImageObject","inLanguage":"fr-FR","@id":"https:\/\/www.forbes.be\/fr\/#\/schema\/logo\/image\/","url":"https:\/\/www.forbes.be\/fr\/wp-content\/uploads\/2024\/02\/forbes.be_.png","contentUrl":"https:\/\/www.forbes.be\/fr\/wp-content\/uploads\/2024\/02\/forbes.be_.png","width":1200,"height":675,"caption":"Forbes Belgique"},"image":{"@id":"https:\/\/www.forbes.be\/fr\/#\/schema\/logo\/image\/"},"sameAs":["https:\/\/www.facebook.com\/forbesbelgique\/","https:\/\/www.instagram.com\/Forbes_Belgium","https:\/\/www.linkedin.com\/company\/forbes-belgium\/"]},{"@type":"Person","@id":"https:\/\/www.forbes.be\/fr\/#\/schema\/person\/5e9af5383f8e0ffec564788f40ac92c8","name":"Martin Boonen","image":{"@type":"ImageObject","inLanguage":"fr-FR","@id":"https:\/\/www.forbes.be\/fr\/wp-content\/uploads\/2025\/10\/capture-decran-2024-11-15-a-093849-300x300-1-100x100.png","url":"https:\/\/www.forbes.be\/fr\/wp-content\/uploads\/2025\/10\/capture-decran-2024-11-15-a-093849-300x300-1-100x100.png","contentUrl":"https:\/\/www.forbes.be\/fr\/wp-content\/uploads\/2025\/10\/capture-decran-2024-11-15-a-093849-300x300-1-100x100.png","caption":"Martin Boonen"},"description":"Martin Boonen est journaliste dipl\u00f4m\u00e9 de l'Institut de Journalisme de Bruxelles (2012). Il collabor\u00e9 avec de nombreuses r\u00e9dactions \u00e0 diff\u00e9rent niveau de responsabilit\u00e9 : journaliste, chef de rubrique, secr\u00e9taire de r\u00e9daction et r\u00e9dacteur en chef, tant sur le web que pour la presse imprim\u00e9e. Sp\u00e9cialis\u00e9 dans les startups et l'entrepreneuriat \u00e0 impact, il est devenu en 2025 r\u00e9dacteur en chef du site web de Forbes Belgique. Il est affili\u00e9 \u00e0 l'Organisation Mondiale de la Presse P\u00e9riodique depuis 2011.","sameAs":["https:\/\/www.linkedin.com\/in\/martin-boonen-61499951\/"],"url":"https:\/\/www.forbes.be\/fr\/author\/martin-boonen\/"}]}},"_links":{"self":[{"href":"https:\/\/www.forbes.be\/fr\/wp-json\/wp\/v2\/posts\/13340","targetHints":{"allow":["GET"]}}],"collection":[{"href":"https:\/\/www.forbes.be\/fr\/wp-json\/wp\/v2\/posts"}],"about":[{"href":"https:\/\/www.forbes.be\/fr\/wp-json\/wp\/v2\/types\/post"}],"author":[{"embeddable":true,"href":"https:\/\/www.forbes.be\/fr\/wp-json\/wp\/v2\/users\/47"}],"replies":[{"embeddable":true,"href":"https:\/\/www.forbes.be\/fr\/wp-json\/wp\/v2\/comments?post=13340"}],"version-history":[{"count":2,"href":"https:\/\/www.forbes.be\/fr\/wp-json\/wp\/v2\/posts\/13340\/revisions"}],"predecessor-version":[{"id":13351,"href":"https:\/\/www.forbes.be\/fr\/wp-json\/wp\/v2\/posts\/13340\/revisions\/13351"}],"wp:featuredmedia":[{"embeddable":true,"href":"https:\/\/www.forbes.be\/fr\/wp-json\/wp\/v2\/media\/13348"}],"wp:attachment":[{"href":"https:\/\/www.forbes.be\/fr\/wp-json\/wp\/v2\/media?parent=13340"}],"wp:term":[{"taxonomy":"category","embeddable":true,"href":"https:\/\/www.forbes.be\/fr\/wp-json\/wp\/v2\/categories?post=13340"},{"taxonomy":"post_tag","embeddable":true,"href":"https:\/\/www.forbes.be\/fr\/wp-json\/wp\/v2\/tags?post=13340"}],"curies":[{"name":"wp","href":"https:\/\/api.w.org\/{rel}","templated":true}]}}